{"id":314142,"date":"2022-01-19T04:00:10","date_gmt":"2022-01-19T03:00:10","guid":{"rendered":"https:\/\/www.radiopiu.net\/wordpress\/?p=314142"},"modified":"2023-01-19T08:50:24","modified_gmt":"2023-01-19T07:50:24","slug":"levento-11-maggio-al-teatro-comunale-alice-canta-battiato","status":"publish","type":"post","link":"https:\/\/www.radiopiu.net\/wordpress\/levento-11-maggio-al-teatro-comunale-alice-canta-battiato\/","title":{"rendered":"L&#8217;EVENTO: 11 MAGGIO AL TEATRO COMUNALE, ALICE CANTA BATTIATO\u00a0"},"content":{"rendered":"<blockquote>\n<h3>PAROLE E PENSIERI, 11 SPETTACOLI: EDIZIONE INTENSA ED ASSORTITA<\/h3>\n<\/blockquote>\n<p><strong><a class=\"dt-pswp-item\" href=\"https:\/\/www.radiopiu.net\/wordpress\/wp-content\/uploads\/2023\/01\/16-1.jpg\" data-dt-img-description=\"\" data-large_image_width=\"365\" data-large_image_height=\"388\"><img loading=\"lazy\" decoding=\"async\" class=\"wp-image-317323 alignleft\" src=\"https:\/\/www.radiopiu.net\/wordpress\/wp-content\/uploads\/2023\/01\/16-1-282x300.jpg\" alt=\"\" width=\"131\" height=\"139\" srcset=\"https:\/\/www.radiopiu.net\/wordpress\/wp-content\/uploads\/2023\/01\/16-1-282x300.jpg 282w, https:\/\/www.radiopiu.net\/wordpress\/wp-content\/uploads\/2023\/01\/16-1.jpg 365w\" sizes=\"auto, (max-width: 131px) 100vw, 131px\" \/><\/a>BELLUNO<\/strong> \u00a0Scoppio Spettacoli ha comunicato l&#8217;aggiunta di un nuovo evento per l&#8217;11 maggio alle 21: &#8220;Eri con me&#8221;, un concerto nel quale la cantante di Forl\u00ec ancora una volta si fa strumento della musica del &#8220;maestro&#8221; e di ci\u00f2 che ha trasmesso.\u00a0 Il 29 gennaio sar\u00e0 il turno di &#8220;Situazione Rock&#8221;, mentre \u00e8 gi\u00e0 sold out lo spettacolo di Teresa Mannino del 26 febbraio. Due appuntamenti musicali a marzo: il 5 il tributo a Lucio Battisti eseguito da La <a class=\"dt-pswp-item\" href=\"https:\/\/www.radiopiu.net\/wordpress\/wp-content\/uploads\/2022\/01\/129849-massimo-capraro-eletto-nuovo-presidente-del-consorzio-belluno-centro-strico.jpg\" data-dt-img-description=\"\" data-large_image_width=\"1280\" data-large_image_height=\"720\"><img loading=\"lazy\" decoding=\"async\" class=\"wp-image-317569 alignright\" src=\"https:\/\/www.radiopiu.net\/wordpress\/wp-content\/uploads\/2022\/01\/129849-massimo-capraro-eletto-nuovo-presidente-del-consorzio-belluno-centro-strico-300x169.jpg\" alt=\"\" width=\"204\" height=\"115\" srcset=\"https:\/\/www.radiopiu.net\/wordpress\/wp-content\/uploads\/2022\/01\/129849-massimo-capraro-eletto-nuovo-presidente-del-consorzio-belluno-centro-strico-300x169.jpg 300w, https:\/\/www.radiopiu.net\/wordpress\/wp-content\/uploads\/2022\/01\/129849-massimo-capraro-eletto-nuovo-presidente-del-consorzio-belluno-centro-strico-1024x576.jpg 1024w, https:\/\/www.radiopiu.net\/wordpress\/wp-content\/uploads\/2022\/01\/129849-massimo-capraro-eletto-nuovo-presidente-del-consorzio-belluno-centro-strico-768x432.jpg 768w, https:\/\/www.radiopiu.net\/wordpress\/wp-content\/uploads\/2022\/01\/129849-massimo-capraro-eletto-nuovo-presidente-del-consorzio-belluno-centro-strico.jpg 1280w\" sizes=\"auto, (max-width: 204px) 100vw, 204px\" \/><\/a>Compagnia, il 26 I Musici di Francesco Guccini. Infine, aprile sar\u00e0 un mese di teatro e comicit\u00e0: il 6 con Andrea Pennacchi, il 15 con Angelo Pisani, il 20 con Giuseppe Giacobazzi.<\/p>\n<p>&nbsp;<\/p>\n<p><span style=\"color: #ff0000;\"><strong>AI MICROFONI DI RADIO PIU, MASSIMO CAPRARO (foto) &#8211; scoppio spettacoli<\/strong><\/span><\/p>\n<audio class=\"wp-audio-shortcode\" id=\"audio-314142-1\" preload=\"none\" style=\"width: 100%;\" controls=\"controls\"><source type=\"audio\/mpeg\" src=\"https:\/\/www.radiopiu.net\/wordpress\/wp-content\/uploads\/2022\/01\/MAX-CAPRE.mp3?_=1\" \/><a href=\"https:\/\/www.radiopiu.net\/wordpress\/wp-content\/uploads\/2022\/01\/MAX-CAPRE.mp3\">https:\/\/www.radiopiu.net\/wordpress\/wp-content\/uploads\/2022\/01\/MAX-CAPRE.mp3<\/a><\/audio>\n<p>&nbsp;<\/p>\n<p>&nbsp;<\/p>\n<blockquote>\n<h3 style=\"text-align: left;\">IL 29 GENNAIO I 10 HERTZ AL TEATRO COMUNALE DI BELLUNO<\/h3>\n<\/blockquote>\n<p><strong>BELLUNO<\/strong> A 37 anni dall&#8217;ultimo concerto dei 10 Hertz e a 16 anni da una fugace reunion il feeling c&#8217;\u00e8 ancora&#8230; &#8220;per la ruggine faremo qualche trattamento&#8221;. Rieccoli i ragazzi degli anni Ottanta, che riempivano la sala della casa della Giovent\u00f9 di note e buon umore.\u00a0 Saliranno di nuovo sul palco di situazione Rock reload la sera del 29 gennaio. Tra pizza e brindisi il post sui social,\u00a0 \u00a0l&#8217;allenamento al concerto con\u00a0 Fiabane, De Bastiani, De Nardin e Cassisi.\u00a0 <em>&#8220;Non avrei mai pensato di fare un tuffo nel passato cos\u00ec! Forse l&#8217;amore per la musica, forse la nostalgia, forse perch\u00e9 la tua storia non la cancelli se porta un bel ricordo &#8211; dice Gianniantonio Cassisi &#8211;\u00a0 Certo l&#8217;incoscienza giovanile che ancora mi porto dentro, stavolta mi ha causato ansia quotidiana\u00a0Con le dita e le corde vocali un po&#8217; arrugginite, ma una sana voglia di rimettersi in gioco, perch\u00e9 l&#8217;emozione del palco, vi assicuro, \u00e8 unica per chi fa musica&#8221;\u00a0<\/em><\/p>\n<p><a class=\"dt-pswp-item\" href=\"https:\/\/www.radiopiu.net\/wordpress\/wp-content\/uploads\/2022\/12\/321956482_3347523318852943_6605847049812701151_n.jpg\" data-dt-img-description=\"\" data-large_image_width=\"1200\" data-large_image_height=\"540\"><img loading=\"lazy\" decoding=\"async\" class=\"alignnone wp-image-314138 size-full\" src=\"https:\/\/www.radiopiu.net\/wordpress\/wp-content\/uploads\/2022\/12\/321956482_3347523318852943_6605847049812701151_n.jpg\" alt=\"\" width=\"1200\" height=\"540\" srcset=\"https:\/\/www.radiopiu.net\/wordpress\/wp-content\/uploads\/2022\/12\/321956482_3347523318852943_6605847049812701151_n.jpg 1200w, https:\/\/www.radiopiu.net\/wordpress\/wp-content\/uploads\/2022\/12\/321956482_3347523318852943_6605847049812701151_n-300x135.jpg 300w, https:\/\/www.radiopiu.net\/wordpress\/wp-content\/uploads\/2022\/12\/321956482_3347523318852943_6605847049812701151_n-1024x461.jpg 1024w, https:\/\/www.radiopiu.net\/wordpress\/wp-content\/uploads\/2022\/12\/321956482_3347523318852943_6605847049812701151_n-768x346.jpg 768w\" sizes=\"auto, (max-width: 1200px) 100vw, 1200px\" \/><\/a><\/p>\n<p>&nbsp;<\/p>\n\n\t\t\t<style type='text\/css'>\n\t\t\t\t#gallery-1 {\n\t\t\t\t\tmargin: auto;\n\t\t\t\t}\n\t\t\t\t#gallery-1 .gallery-item {\n\t\t\t\t\tfloat: left;\n\t\t\t\t\tmargin-top: 10px;\n\t\t\t\t\ttext-align: center;\n\t\t\t\t\twidth: 33%;\n\t\t\t\t}\n\t\t\t\t#gallery-1 img {\n\t\t\t\t\tborder: 2px solid #cfcfcf;\n\t\t\t\t}\n\t\t\t\t#gallery-1 .gallery-caption {\n\t\t\t\t\tmargin-left: 0;\n\t\t\t\t}\n\t\t\t\t\/* see gallery_shortcode() in wp-includes\/media.php *\/\n\t\t\t<\/style>\n\t\t<div id='gallery-1' class='dt-gallery-container gallery galleryid-314142 gallery-columns-3 gallery-size-thumbnail'><dl class='gallery-item'>\n\t\t\t\t<dt class='gallery-icon landscape'>\n\t\t\t\t\t<a class=\"rollover rollover-zoom dt-pswp-item\" title=\"319546071_894039498305001_3568303703484066999_n\" data-dt-img-description=\"\" data-large_image_width=\"960\" data-large_image_height=\"540\"href='https:\/\/www.radiopiu.net\/wordpress\/wp-content\/uploads\/2022\/12\/319546071_894039498305001_3568303703484066999_n.jpg'><img loading=\"lazy\" decoding=\"async\" width=\"150\" height=\"150\" src=\"https:\/\/www.radiopiu.net\/wordpress\/wp-content\/uploads\/2022\/12\/319546071_894039498305001_3568303703484066999_n-150x150.jpg\" class=\"attachment-thumbnail size-thumbnail\" alt=\"\" \/><\/a>\n\t\t\t\t<\/dt><\/dl><dl class='gallery-item'>\n\t\t\t\t<dt class='gallery-icon landscape'>\n\t\t\t\t\t<a class=\"rollover rollover-zoom dt-pswp-item\" title=\"317903390_2389334531222054_6505307024322307370_n\" data-dt-img-description=\"\" data-large_image_width=\"1200\" data-large_image_height=\"540\"href='https:\/\/www.radiopiu.net\/wordpress\/wp-content\/uploads\/2022\/12\/317903390_2389334531222054_6505307024322307370_n.jpg'><img loading=\"lazy\" decoding=\"async\" width=\"150\" height=\"150\" src=\"https:\/\/www.radiopiu.net\/wordpress\/wp-content\/uploads\/2022\/12\/317903390_2389334531222054_6505307024322307370_n-150x150.jpg\" class=\"attachment-thumbnail size-thumbnail\" alt=\"\" \/><\/a>\n\t\t\t\t<\/dt><\/dl><dl class='gallery-item'>\n\t\t\t\t<dt class='gallery-icon landscape'>\n\t\t\t\t\t<a class=\"rollover rollover-zoom dt-pswp-item\" title=\"320535750_8610937168947882_936003585236348967_n\" data-dt-img-description=\"\" data-large_image_width=\"1200\" data-large_image_height=\"540\"href='https:\/\/www.radiopiu.net\/wordpress\/wp-content\/uploads\/2022\/12\/320535750_8610937168947882_936003585236348967_n.jpg'><img loading=\"lazy\" decoding=\"async\" width=\"150\" height=\"150\" src=\"https:\/\/www.radiopiu.net\/wordpress\/wp-content\/uploads\/2022\/12\/320535750_8610937168947882_936003585236348967_n-150x150.jpg\" class=\"attachment-thumbnail size-thumbnail\" alt=\"\" \/><\/a>\n\t\t\t\t<\/dt><\/dl><br style=\"clear: both\" \/>\n\t\t\t<\/div>\n\n<p>&nbsp;<\/p>\n","protected":false},"excerpt":{"rendered":"<p>PAROLE E PENSIERI, 11 SPETTACOLI: EDIZIONE INTENSA ED ASSORTITA BELLUNO \u00a0Scoppio Spettacoli ha comunicato l&#8217;aggiunta di un nuovo evento per l&#8217;11 maggio alle 21: &#8220;Eri con me&#8221;, un concerto nel quale la cantante di Forl\u00ec ancora una volta si fa strumento della musica del &#8220;maestro&#8221; e di ci\u00f2 che ha trasmesso.\u00a0 Il 29 gennaio sar\u00e0&hellip;<\/p>\n","protected":false},"author":4,"featured_media":317323,"comment_status":"closed","ping_status":"closed","sticky":false,"template":"","format":"standard","meta":{"_monsterinsights_skip_tracking":false,"_monsterinsights_sitenote_active":false,"_monsterinsights_sitenote_note":"","_monsterinsights_sitenote_category":0,"footnotes":""},"categories":[49],"tags":[],"class_list":["post-314142","post","type-post","status-publish","format-standard","has-post-thumbnail","hentry","category-news-18","category-49","description-off"],"img_url":"https:\/\/www.radiopiu.net\/wordpress\/wp-content\/uploads\/2023\/01\/16-1.jpg","_links":{"self":[{"href":"https:\/\/www.radiopiu.net\/wordpress\/wp-json\/wp\/v2\/posts\/314142","targetHints":{"allow":["GET"]}}],"collection":[{"href":"https:\/\/www.radiopiu.net\/wordpress\/wp-json\/wp\/v2\/posts"}],"about":[{"href":"https:\/\/www.radiopiu.net\/wordpress\/wp-json\/wp\/v2\/types\/post"}],"author":[{"embeddable":true,"href":"https:\/\/www.radiopiu.net\/wordpress\/wp-json\/wp\/v2\/users\/4"}],"replies":[{"embeddable":true,"href":"https:\/\/www.radiopiu.net\/wordpress\/wp-json\/wp\/v2\/comments?post=314142"}],"version-history":[{"count":0,"href":"https:\/\/www.radiopiu.net\/wordpress\/wp-json\/wp\/v2\/posts\/314142\/revisions"}],"wp:featuredmedia":[{"embeddable":true,"href":"https:\/\/www.radiopiu.net\/wordpress\/wp-json\/wp\/v2\/media\/317323"}],"wp:attachment":[{"href":"https:\/\/www.radiopiu.net\/wordpress\/wp-json\/wp\/v2\/media?parent=314142"}],"wp:term":[{"taxonomy":"category","embeddable":true,"href":"https:\/\/www.radiopiu.net\/wordpress\/wp-json\/wp\/v2\/categories?post=314142"},{"taxonomy":"post_tag","embeddable":true,"href":"https:\/\/www.radiopiu.net\/wordpress\/wp-json\/wp\/v2\/tags?post=314142"}],"curies":[{"name":"wp","href":"https:\/\/api.w.org\/{rel}","templated":true}]}}