{"id":314174,"date":"2022-12-30T10:00:05","date_gmt":"2022-12-30T09:00:05","guid":{"rendered":"https:\/\/www.radiopiu.net\/wordpress\/?p=314174"},"modified":"2022-12-30T10:15:36","modified_gmt":"2022-12-30T09:15:36","slug":"dillo-a-radio-piu-quando-la-pulizia-neve-viene-fatta-a-meta","status":"publish","type":"post","link":"https:\/\/www.radiopiu.net\/wordpress\/dillo-a-radio-piu-quando-la-pulizia-neve-viene-fatta-a-meta\/","title":{"rendered":"DILLO A RADIO PIU&#8217;&#8230;QUANDO LA PULIZIA NEVE VIENE FATTA A META&#8217;"},"content":{"rendered":"<p><strong><a class=\"dt-pswp-item\" href=\"https:\/\/www.radiopiu.net\/wordpress\/wp-content\/uploads\/2021\/12\/NEVE-STRADA.jpg\" data-dt-img-description=\"\" data-large_image_width=\"1920\" data-large_image_height=\"1280\"><img loading=\"lazy\" decoding=\"async\" class=\" wp-image-247467 alignleft\" src=\"https:\/\/www.radiopiu.net\/wordpress\/wp-content\/uploads\/2021\/12\/NEVE-STRADA-300x200.jpg\" alt=\"\" width=\"185\" height=\"123\" srcset=\"https:\/\/www.radiopiu.net\/wordpress\/wp-content\/uploads\/2021\/12\/NEVE-STRADA-300x200.jpg 300w, https:\/\/www.radiopiu.net\/wordpress\/wp-content\/uploads\/2021\/12\/NEVE-STRADA-1024x683.jpg 1024w, https:\/\/www.radiopiu.net\/wordpress\/wp-content\/uploads\/2021\/12\/NEVE-STRADA-768x512.jpg 768w, https:\/\/www.radiopiu.net\/wordpress\/wp-content\/uploads\/2021\/12\/NEVE-STRADA-1536x1024.jpg 1536w, https:\/\/www.radiopiu.net\/wordpress\/wp-content\/uploads\/2021\/12\/NEVE-STRADA.jpg 1920w\" sizes=\"auto, (max-width: 185px) 100vw, 185px\" \/><\/a>REDAZIONE<\/strong> Riceviamo e pubblichiamo una lettera di una nostra ascoltatrice di La Valle.<\/p>\n<blockquote><p><em>Abito a Cugnago, frazione del Comune di La Valle Agordina. Dall&#8217;ultima nevicata di circa 10\/15cm \u00e8 passata pi\u00f9 di una settimana; le strade sono state ripulite ma invano ho aspettato che il Municipio facesse pulire la scalinata, unica via di accesso per le abitazioni sottostanti alla strada cos\u00ec ho provveduto io. Dal momento che pago le tasse come tutti gli altri e la scalinata \u00e8 propriet\u00e0 comunale mi aspetterei che dopo l&#8217;emergenza di pulizia strade con i mezzi meccanici si provvedesse a mandare qualcuno per aprire un varco. Preciso che quella scalinata viene usata anche dal postino per la consegna della posta e nel caso di un&#8217;emergenza dovrebbe essere usata dai barellieri di un&#8217;ambulanza, inoltre mi serve per portare a bordo strada i bidoni dell&#8217;immondizia. <\/em><em>Due anni fa sono stati eseguiti dei lavori di ristrutturazione degli scalini ma non si \u00e8 provveduto alla messa in opera di un corrimano (per non parlare dell&#8217;abbattimento delle barriere architettoniche). Avevo chiesto che mi fossero consegnati un paio di secchi di ghiaia da buttare in caso di ghiaccio&#8230;mai consegnati. <\/em><em>Tengo a precisare che sono una portatrice di handicap con un&#8217;invalidit\u00e0 del 60% per spondiloartrite e fibromialgia, mi costa molta fatica e dolore dover provvedere alla pulizia che credo spetti al Comune. Capisco che siamo a corto di personale ma certe accortezze per il bene della gente credo siano pi\u00f9 importanti che avere le luminarie e un albero in centro. <\/em><em>Una volta la frazione era pi\u00f9 popolosa e tra tutti si provvedeva a fare dove il Comune non arrivava&#8230;ora con la modernit\u00e0 tutto \u00e8 cambiato ma non sempre in meglio.<\/em><\/p>\n<p><em>Claudia Da Roit<\/em><\/p><\/blockquote>\n<p>&nbsp;<\/p>\n<p>&nbsp;<\/p>\n<p>&nbsp;<\/p>\n<p>******<\/p>\n","protected":false},"excerpt":{"rendered":"<p>REDAZIONE Riceviamo e pubblichiamo una lettera di una nostra ascoltatrice di La Valle. Abito a Cugnago, frazione del Comune di La Valle Agordina. Dall&#8217;ultima nevicata di circa 10\/15cm \u00e8 passata pi\u00f9 di una settimana; le strade sono state ripulite ma invano ho aspettato che il Municipio facesse pulire la scalinata, unica via di accesso per&hellip;<\/p>\n","protected":false},"author":4,"featured_media":247467,"comment_status":"closed","ping_status":"closed","sticky":false,"template":"","format":"standard","meta":{"_monsterinsights_skip_tracking":false,"_monsterinsights_sitenote_active":false,"_monsterinsights_sitenote_note":"","_monsterinsights_sitenote_category":0,"footnotes":""},"categories":[51,49],"tags":[],"class_list":["post-314174","post","type-post","status-publish","format-standard","has-post-thumbnail","hentry","category-evidenza-top","category-news-18","category-51","category-49","description-off"],"img_url":"https:\/\/www.radiopiu.net\/wordpress\/wp-content\/uploads\/2021\/12\/NEVE-STRADA.jpg","_links":{"self":[{"href":"https:\/\/www.radiopiu.net\/wordpress\/wp-json\/wp\/v2\/posts\/314174","targetHints":{"allow":["GET"]}}],"collection":[{"href":"https:\/\/www.radiopiu.net\/wordpress\/wp-json\/wp\/v2\/posts"}],"about":[{"href":"https:\/\/www.radiopiu.net\/wordpress\/wp-json\/wp\/v2\/types\/post"}],"author":[{"embeddable":true,"href":"https:\/\/www.radiopiu.net\/wordpress\/wp-json\/wp\/v2\/users\/4"}],"replies":[{"embeddable":true,"href":"https:\/\/www.radiopiu.net\/wordpress\/wp-json\/wp\/v2\/comments?post=314174"}],"version-history":[{"count":0,"href":"https:\/\/www.radiopiu.net\/wordpress\/wp-json\/wp\/v2\/posts\/314174\/revisions"}],"wp:featuredmedia":[{"embeddable":true,"href":"https:\/\/www.radiopiu.net\/wordpress\/wp-json\/wp\/v2\/media\/247467"}],"wp:attachment":[{"href":"https:\/\/www.radiopiu.net\/wordpress\/wp-json\/wp\/v2\/media?parent=314174"}],"wp:term":[{"taxonomy":"category","embeddable":true,"href":"https:\/\/www.radiopiu.net\/wordpress\/wp-json\/wp\/v2\/categories?post=314174"},{"taxonomy":"post_tag","embeddable":true,"href":"https:\/\/www.radiopiu.net\/wordpress\/wp-json\/wp\/v2\/tags?post=314174"}],"curies":[{"name":"wp","href":"https:\/\/api.w.org\/{rel}","templated":true}]}}