{"id":314218,"date":"2022-12-30T14:03:25","date_gmt":"2022-12-30T13:03:25","guid":{"rendered":"https:\/\/www.radiopiu.net\/wordpress\/?p=314218"},"modified":"2022-12-30T14:03:25","modified_gmt":"2022-12-30T13:03:25","slug":"intervento-di-fine-anno-del-presidente-della-provincia-di-belluno-roberto-padrin","status":"publish","type":"post","link":"https:\/\/www.radiopiu.net\/wordpress\/intervento-di-fine-anno-del-presidente-della-provincia-di-belluno-roberto-padrin\/","title":{"rendered":"INTERVENTO DI FINE ANNO DEL PRESIDENTE DELLA PROVINCIA DI BELLUNO ROBERTO PADRIN"},"content":{"rendered":"<p><strong><a class=\"dt-pswp-item\" href=\"https:\/\/www.radiopiu.net\/wordpress\/wp-content\/uploads\/2020\/05\/PADRIN.jpg\" data-dt-img-description=\"\" data-large_image_width=\"945\" data-large_image_height=\"1417\"><img loading=\"lazy\" decoding=\"async\" class=\"size-medium wp-image-134835 alignleft\" src=\"https:\/\/www.radiopiu.net\/wordpress\/wp-content\/uploads\/2020\/05\/PADRIN-200x300.jpg\" alt=\"\" width=\"200\" height=\"300\" srcset=\"https:\/\/www.radiopiu.net\/wordpress\/wp-content\/uploads\/2020\/05\/PADRIN-200x300.jpg 200w, https:\/\/www.radiopiu.net\/wordpress\/wp-content\/uploads\/2020\/05\/PADRIN-683x1024.jpg 683w, https:\/\/www.radiopiu.net\/wordpress\/wp-content\/uploads\/2020\/05\/PADRIN-768x1152.jpg 768w, https:\/\/www.radiopiu.net\/wordpress\/wp-content\/uploads\/2020\/05\/PADRIN.jpg 945w\" sizes=\"auto, (max-width: 200px) 100vw, 200px\" \/><\/a>REDAZIONE<\/strong> Lettera di fine anno del Presidente della Provincia di Belluno Roberto Padrin con il bilancio del 2022 e un augurio per il nuovo anno alle porte.<\/p>\n<blockquote><p><em>Quando un anno va in archivio, \u00e8 normale fare un piccolo bilancio. Guardo indietro agli ultimi dodici mesi e vedo una serie di attivit\u00e0 e servizi portati avanti dalla Provincia a beneficio del territorio. Vedo un ente che sta ritrovando una dimensione d\u2019area vasta, dopo gli anni difficili dei tagli operati dalla riforma Delrio. Vedo nuovi entusiasmi e nuova autorevolezza. Poi guardo avanti e intravvedo tanto lavoro da fare, nel segno della continuit\u00e0, con l\u2019auspicio che come il bruco nel bozzolo, anche la Provincia possa finalmente uscire dal limbo in cui \u00e8 stata messa. E possa spiccare il volo come una splendida farfalla, per il bene del Bellunese e dei bellunesi. Nel 2022 la Provincia ha lanciato un bando da quasi 3 milioni di euro per le attivit\u00e0 produttive e un altro da 1 milione di euro per la promozione turistica affidata ai consorzi di valle. Ha portato avanti importanti lavori di difesa del suolo. Ha anticipato importanti risorse per la messa in sicurezza della strada della Val di Zoldo. Ha sostenuto l\u2019attivit\u00e0 del Fondo Welfare a favore di famiglie e lavoratori. Ha prodotto le schede progettuali per candidare diversi interventi di edilizia scolastica ai bandi Pnrr e ne ha vinti diversi, per un valore di oltre 20 milioni di euro. Ha raccolto i progetti che rientrano nella programmazione d\u2019area vasta dei Fondi di confine. Ha completato i lavori di riqualificazione della palestra dell\u2019istituto Calvi a Belluno e sta completando gli interventi al Brustolon. Ha realizzato gli spazi per il convitto femminile dell\u2019agrario di Vellai e ha lanciato al Ministero dell\u2019Istruzione la proposta dei nuovi convitti d\u2019area, slegati dalle singole scuole. Ha dato vita al nuovo brand di promozione territoriale \u201cDolomiti Bellunesi\u201d. Si \u00e8 concentrata anche sulla cultura, collaborando al centenario di Murer, al cinquantesimo di Buzzati, realizzando una nuova guida dei \u201cTesori d\u2019arte\u201d. Sta lavorando per le tappe bellunesi del Giro d\u2019Italia 2023 e per i nuovi attraversamenti faunistici. Un sacco di attivit\u00e0 che si basano sull\u2019impegno della struttura provinciale, sul lavoro quotidiano di dipendenti e funzionari, sulla disponibilit\u00e0 e l\u2019impegno dei consiglieri provinciali a cui va il mio ringraziamento. Attivit\u00e0 che sono continuate negli anni nonostante le difficolt\u00e0. Ne cito una soltanto, che ben rende la misura della situazione: la Provincia ha la competenza sulle strade, ma dal 2014 non ha trasferimenti statali per gestirle; gli uffici hanno stimato che rispetto al periodo precedente la Delrio, l\u2019ente ha dovuto fare a meno di circa 140 milioni di euro in dieci anni. Se nonostante tutto la Provincia ha continuato a dare un servizio ai Comuni e ai cittadini, sotto forma di viabilit\u00e0, scuole superiori, tutela dell\u2019ambiente e contributi, significa che non era vero (e non \u00e8 vero) che si pu\u00f2 fare a meno di questi enti di area vasta. E non potremo farne a meno neanche in futuro, al di l\u00e0 di come saranno strutturate le Province, che oggi &#8211; la politica sembra aver fatto dietrofront &#8211; sembrano sul punto di tornare elettive e di recuperare il ruolo che avevano fino al 2014. Per il 2023 ci auguriamo di poter continuare a servire al territorio. Magari con qualche difficolt\u00e0 e qualche ostacolo in meno. Soprattutto con una guerra in meno, per poter finalmente tornare alla normalit\u00e0 nei prezzi energetici e nella vita di tutti i giorni. Con l\u2019auspicio che l\u2019anno nuovo sia quello che finalmente d\u00e0 il via libera alla legge sulla montagna, auguro ai bellunesi dodici mesi di salute, lavoro e serenit\u00e0. Che sono le cose pi\u00f9 importanti.<\/em><\/p>\n<p><em>Roberto Padrin &#8211; Presidente Provincia di Belluno<\/em><\/p><\/blockquote>\n<p>&nbsp;<\/p>\n<p>&nbsp;<\/p>\n<p>******<\/p>\n","protected":false},"excerpt":{"rendered":"<p>REDAZIONE Lettera di fine anno del Presidente della Provincia di Belluno Roberto Padrin con il bilancio del 2022 e un augurio per il nuovo anno alle porte. Quando un anno va in archivio, \u00e8 normale fare un piccolo bilancio. Guardo indietro agli ultimi dodici mesi e vedo una serie di attivit\u00e0 e servizi portati avanti&hellip;<\/p>\n","protected":false},"author":4,"featured_media":138417,"comment_status":"closed","ping_status":"closed","sticky":false,"template":"","format":"standard","meta":{"_monsterinsights_skip_tracking":false,"_monsterinsights_sitenote_active":false,"_monsterinsights_sitenote_note":"","_monsterinsights_sitenote_category":0,"footnotes":""},"categories":[49],"tags":[],"class_list":["post-314218","post","type-post","status-publish","format-standard","has-post-thumbnail","hentry","category-news-18","category-49","description-off"],"img_url":"https:\/\/www.radiopiu.net\/wordpress\/wp-content\/uploads\/2020\/05\/PADRIN-1-scaled.jpg","_links":{"self":[{"href":"https:\/\/www.radiopiu.net\/wordpress\/wp-json\/wp\/v2\/posts\/314218","targetHints":{"allow":["GET"]}}],"collection":[{"href":"https:\/\/www.radiopiu.net\/wordpress\/wp-json\/wp\/v2\/posts"}],"about":[{"href":"https:\/\/www.radiopiu.net\/wordpress\/wp-json\/wp\/v2\/types\/post"}],"author":[{"embeddable":true,"href":"https:\/\/www.radiopiu.net\/wordpress\/wp-json\/wp\/v2\/users\/4"}],"replies":[{"embeddable":true,"href":"https:\/\/www.radiopiu.net\/wordpress\/wp-json\/wp\/v2\/comments?post=314218"}],"version-history":[{"count":0,"href":"https:\/\/www.radiopiu.net\/wordpress\/wp-json\/wp\/v2\/posts\/314218\/revisions"}],"wp:featuredmedia":[{"embeddable":true,"href":"https:\/\/www.radiopiu.net\/wordpress\/wp-json\/wp\/v2\/media\/138417"}],"wp:attachment":[{"href":"https:\/\/www.radiopiu.net\/wordpress\/wp-json\/wp\/v2\/media?parent=314218"}],"wp:term":[{"taxonomy":"category","embeddable":true,"href":"https:\/\/www.radiopiu.net\/wordpress\/wp-json\/wp\/v2\/categories?post=314218"},{"taxonomy":"post_tag","embeddable":true,"href":"https:\/\/www.radiopiu.net\/wordpress\/wp-json\/wp\/v2\/tags?post=314218"}],"curies":[{"name":"wp","href":"https:\/\/api.w.org\/{rel}","templated":true}]}}