{"id":314242,"date":"2022-12-30T15:38:30","date_gmt":"2022-12-30T14:38:30","guid":{"rendered":"https:\/\/www.radiopiu.net\/wordpress\/?p=314242"},"modified":"2022-12-30T15:38:30","modified_gmt":"2022-12-30T14:38:30","slug":"case-e-ospedali-di-comunita-il-punto-dei-progetti-finanziati-col-pnrr","status":"publish","type":"post","link":"https:\/\/www.radiopiu.net\/wordpress\/case-e-ospedali-di-comunita-il-punto-dei-progetti-finanziati-col-pnrr\/","title":{"rendered":"CASE E OSPEDALI DI COMUNITA\u2019: IL PUNTO DEI PROGETTI FINANZIATI COL PNRR"},"content":{"rendered":"<p><strong><a class=\"dt-pswp-item\" href=\"https:\/\/www.radiopiu.net\/wordpress\/wp-content\/uploads\/2022\/12\/IMG-20221228-WA0001.jpg\" data-dt-img-description=\"\" data-large_image_width=\"2048\" data-large_image_height=\"1536\"><img loading=\"lazy\" decoding=\"async\" class=\" wp-image-314245 alignleft\" src=\"https:\/\/www.radiopiu.net\/wordpress\/wp-content\/uploads\/2022\/12\/IMG-20221228-WA0001-300x225.jpg\" alt=\"\" width=\"196\" height=\"147\" srcset=\"https:\/\/www.radiopiu.net\/wordpress\/wp-content\/uploads\/2022\/12\/IMG-20221228-WA0001-300x225.jpg 300w, https:\/\/www.radiopiu.net\/wordpress\/wp-content\/uploads\/2022\/12\/IMG-20221228-WA0001-1024x768.jpg 1024w, https:\/\/www.radiopiu.net\/wordpress\/wp-content\/uploads\/2022\/12\/IMG-20221228-WA0001-768x576.jpg 768w, https:\/\/www.radiopiu.net\/wordpress\/wp-content\/uploads\/2022\/12\/IMG-20221228-WA0001-1536x1152.jpg 1536w, https:\/\/www.radiopiu.net\/wordpress\/wp-content\/uploads\/2022\/12\/IMG-20221228-WA0001.jpg 2048w\" sizes=\"auto, (max-width: 196px) 100vw, 196px\" \/><\/a>BELLUNO <\/strong>Gli iter per la realizzazione delle case della comunit\u00e0 e il potenziamento degli ospedali di comunit\u00e0, finanziati nell\u2019ambito del PNRR, proseguono a pieno ritmo. Un importante mole di lavoro per i Servizi Tecnici dell\u2019Ulss Dolomiti, che si aggiunge all\u2019impegno nel portare avanti i tanti progetti e cantieri nelle varie strutture ulss.\u00a0La procedura per l\u2019avvio dei cantieri, che dovranno essere conclusi entro il 2026, prevede: l\u2019affidamento dei servizi tecnici di progettazione e direzione lavori, la stipula del disciplinare, progettazione definitiva con invio in Regione, indizione ed espletamento della conferenza dei servizi, progettazione definitiva, bando per appalto lavori, affidamento lavori, stipula contratto, inizio lavori. Per quasi tutti gli interventi, i lavori sono gi\u00e0 stati appaltati, in anticipo rispetto alle scadenze previste, grazie al tenace impegno del Servizio Tecnico. Ecco il punto dei lavori: <strong>Casa della Comunit\u00e0 di Belluno Importo \u20ac 5.500.000,00 <\/strong>La nuova Casa di Comunit\u00e0 a Belluno, sar\u00e0 realizzata all\u2019interno dell\u2019esistente Presidio Ospedaliero, presso l\u2019 \u201cEx Convento Cistercense dei Santi Gervasio e Protasio\u201d, per mezzo della ristrutturazione di parte del complesso monastico esistente di propriet\u00e0 dell\u2019Azienda ULSS 1 Dolomiti e la costruzione di un nuovo moderno volume che sostituir\u00e0 l\u2019attuale edificio costruito negli anni \u201970. Stato: progetto definitivo consegnato in Regione, avviata conferenza dei Servizi. <strong>Casa della Comunit\u00e0 di Feltre Importo \u20ac 4.000.000,00 <\/strong>La Casa di Comunit\u00e0 di Feltre sar\u00e0 realizzata nella ex casa di cura Bellati in via Marconi, grazie a un finanziamento con fondi PNRR e con fondi FSR. Il progetto prevede il rinforzo strutturale e la ristrutturazione del piano terra e del primo piano e l\u2019adeguamento antincendio. Il vero centro del progetto sar\u00e0 la riorganizzazione degli spazi interni, in particolare al primo piano. Stato: lavori aggiudicati, contratto stipulato il 19 dicembre 2022. <strong>Casa della Comunit\u00e0 di Pieve di Cadore Importo \u20ac 1.750.000,00 <\/strong>Il progetto prevede la ristrutturazione dei locali dell\u2019 ex Policonsultorio a Tai di Cadore, con la realizzazione di un nuovo layout dei locali e di nuove opere di finiture interne. Si prevede una riorganizzazione distributiva degli spazi e delle funzioni. Stato: gara andata deserta, adesione ad Accordo quadro Azienda Zero; lavori aggiudicati il 23 dicembre 2022 <strong>Casa della Comunit\u00e0 di Agordo Importo \u20ac 2.500.000,00 <\/strong>La Casa della Comunit\u00e0 di Agordo sar\u00e0 realizzata al primo piano dell\u2019ala ovest del corpo C del complesso Ospedaliero di Agordo, attualmente in disuso. E\u2019 previsto anche un miglioramento sismico dell\u2019intero corpo. Stato: lavori aggiudicati, in fase stipula contratto <strong>Ospedale di Comunit\u00e0 di Feltre Importo \u20ac 1.550.000,0 <\/strong>Il progetto prevede la ristrutturazione di una porzione del secondo piano del padiglione Guarnieri dell\u2019Ospedale di Feltre. Si tratta di un\u2019area di circa 700 mq che sar\u00e0 organizzata a partire da un unico corridoio centrale che distribuisce longitudinalmente i vari locali. Stato: affidamento lavori in corso, scadenza presentazione domande 11 gennaio 2023 <strong>Ospedale di Comunit\u00e0 di Auronzo di Cadore Importo \u20ac 450.000,00 <\/strong>I lavori prevedono la ristrutturazione del primo piano del complesso di Auronzo dove \u00e8 situato, appunto, l\u2019ospedale di Comunit\u00e0, mettendo al centro del progetto la persona assistita. In particolare \u00e8 previsto l\u2019ammodernamento della parte alberghiera con la creazione di servizi igienici a disposizione di ciascuna stanza di degenza per maggiore confort delle persone assistite, spesso anziane. Stato: contratto stipulato il 9 novembre 2022, consegna cantiere a met\u00e0 gennaio 2023 <strong>Centrale Operativa Territoriale di Belluno Importo \u20ac 331.440 <\/strong>La della Centrale Operativa Territoriale che sar\u00e0 realizzata nel Blocco B (San Gervasio) dell\u2019Ospedale San Martino di Belluno al secondo piano. Stato: contratto stipulato il 12 dicembre 2022, consegna cantiere a met\u00e0 gennaio 2023. Per l\u2019ospedale di Comunit\u00e0 di Agordo \u00e8 gi\u00e0 stata affidata la fornitura degli infissi (50 mila euro). Anche\u00a0 per la Centrale Operativa territoriale di Feltre \u00e8 gi\u00e0 stata affidata la fornitura per 20 mila euro.<\/p>\n<p>&nbsp;<\/p>\n<p>&nbsp;<\/p>\n<p>******<\/p>\n","protected":false},"excerpt":{"rendered":"<p>BELLUNO Gli iter per la realizzazione delle case della comunit\u00e0 e il potenziamento degli ospedali di comunit\u00e0, finanziati nell\u2019ambito del PNRR, proseguono a pieno ritmo. Un importante mole di lavoro per i Servizi Tecnici dell\u2019Ulss Dolomiti, che si aggiunge all\u2019impegno nel portare avanti i tanti progetti e cantieri nelle varie strutture ulss.\u00a0La procedura per l\u2019avvio&hellip;<\/p>\n","protected":false},"author":4,"featured_media":314245,"comment_status":"closed","ping_status":"closed","sticky":false,"template":"","format":"standard","meta":{"_monsterinsights_skip_tracking":false,"_monsterinsights_sitenote_active":false,"_monsterinsights_sitenote_note":"","_monsterinsights_sitenote_category":0,"footnotes":""},"categories":[49],"tags":[],"class_list":["post-314242","post","type-post","status-publish","format-standard","has-post-thumbnail","hentry","category-news-18","category-49","description-off"],"img_url":"https:\/\/www.radiopiu.net\/wordpress\/wp-content\/uploads\/2022\/12\/IMG-20221228-WA0001.jpg","_links":{"self":[{"href":"https:\/\/www.radiopiu.net\/wordpress\/wp-json\/wp\/v2\/posts\/314242","targetHints":{"allow":["GET"]}}],"collection":[{"href":"https:\/\/www.radiopiu.net\/wordpress\/wp-json\/wp\/v2\/posts"}],"about":[{"href":"https:\/\/www.radiopiu.net\/wordpress\/wp-json\/wp\/v2\/types\/post"}],"author":[{"embeddable":true,"href":"https:\/\/www.radiopiu.net\/wordpress\/wp-json\/wp\/v2\/users\/4"}],"replies":[{"embeddable":true,"href":"https:\/\/www.radiopiu.net\/wordpress\/wp-json\/wp\/v2\/comments?post=314242"}],"version-history":[{"count":0,"href":"https:\/\/www.radiopiu.net\/wordpress\/wp-json\/wp\/v2\/posts\/314242\/revisions"}],"wp:featuredmedia":[{"embeddable":true,"href":"https:\/\/www.radiopiu.net\/wordpress\/wp-json\/wp\/v2\/media\/314245"}],"wp:attachment":[{"href":"https:\/\/www.radiopiu.net\/wordpress\/wp-json\/wp\/v2\/media?parent=314242"}],"wp:term":[{"taxonomy":"category","embeddable":true,"href":"https:\/\/www.radiopiu.net\/wordpress\/wp-json\/wp\/v2\/categories?post=314242"},{"taxonomy":"post_tag","embeddable":true,"href":"https:\/\/www.radiopiu.net\/wordpress\/wp-json\/wp\/v2\/tags?post=314242"}],"curies":[{"name":"wp","href":"https:\/\/api.w.org\/{rel}","templated":true}]}}