{"id":314317,"date":"2022-12-31T05:40:15","date_gmt":"2022-12-31T04:40:15","guid":{"rendered":"https:\/\/www.radiopiu.net\/wordpress\/?p=314317"},"modified":"2022-12-31T05:57:12","modified_gmt":"2022-12-31T04:57:12","slug":"paolo-santesso-alla-fodom-servizi-e-il-nuovo-direttore-generale","status":"publish","type":"post","link":"https:\/\/www.radiopiu.net\/wordpress\/paolo-santesso-alla-fodom-servizi-e-il-nuovo-direttore-generale\/","title":{"rendered":"PAOLO SANTESSO ALLA FODOM SERVIZI, E&#8217; IL NUOVO DIRETTORE GENERALE"},"content":{"rendered":"<div><strong>di\u00a0 mirko mezzacasa<\/strong><\/div>\n<div><\/div>\n<div class=\"articlePlainText\"><strong><a class=\"dt-pswp-item\" href=\"https:\/\/www.radiopiu.net\/wordpress\/wp-content\/uploads\/2022\/12\/Paolo-Santesso-1024x537-1.jpg\" data-dt-img-description=\"\" data-large_image_width=\"1024\" data-large_image_height=\"537\"><img loading=\"lazy\" decoding=\"async\" class=\"size-medium wp-image-314318 alignleft\" src=\"https:\/\/www.radiopiu.net\/wordpress\/wp-content\/uploads\/2022\/12\/Paolo-Santesso-1024x537-1-300x157.jpg\" alt=\"\" width=\"300\" height=\"157\" srcset=\"https:\/\/www.radiopiu.net\/wordpress\/wp-content\/uploads\/2022\/12\/Paolo-Santesso-1024x537-1-300x157.jpg 300w, https:\/\/www.radiopiu.net\/wordpress\/wp-content\/uploads\/2022\/12\/Paolo-Santesso-1024x537-1-768x403.jpg 768w, https:\/\/www.radiopiu.net\/wordpress\/wp-content\/uploads\/2022\/12\/Paolo-Santesso-1024x537-1.jpg 1024w\" sizes=\"auto, (max-width: 300px) 100vw, 300px\" \/><\/a>AGORDO <\/strong>Paolo Santesso per un anno da Asca a Fodom Servizi nel ruolo di direttore generale. Il distacco dal primo giorno del 2023 e fino al prossimo dicembre con possibile ulteriore proroga. Mancava una figura di questo genere alla Azienda speciale Fodom Servizi e Santesso ha dato la propria disponibilit\u00e0 a trasferirsi temporaneamente dall&#8217;Azienda speciale consortile Agordina, cio\u00e8 la struttura che gestisce la Rsa di Agordo. Sedici le ore settimanali da garantire, anche nell&#8217;interesse di Asca, che quando sar\u00e0 il momento riavr\u00e0 Santesso con un bagaglio di conoscenze maggiori del territorio dell&#8217;Alto Agordino e anche con un maggior peso contrattuale, nel momento in cui bisogner\u00e0 andare a dialogare con l&#8217;azienda sanitaria Ulss 1 Dolomiti.<\/div>\n<blockquote>\n<div class=\"articlePlainText\"><em>Santesso a Belluno \u00e8 stato per oltre cinque anni amministratore di Sersa, la societ\u00e0 che gestisce i servizi agli anziani residenziali e domiciliari del Comune di Belluno ed \u00e8 anche membro del consiglio d&#8217;amministrazione dell&#8217;Unione regionale istituti pubblici di assistenza che coordina e rappresenta le residenze sanitarie. Nel novembre dello scorso anno, era stato nominato direttore generale di Asca dall&#8217;amministratrice unica Maria Chiara Santin.\u00a0 \u00a0\u00a0<\/em><\/div>\n<div><\/div>\n<\/blockquote>\n<div><strong>ARCHIVIO RADIOPIU 6 NOVEMBRE 2022<\/strong><\/div>\n<div><\/div>\n<div>\n<p><span id=\"page3R_mcid10\" class=\"markedContent\"><strong><a class=\"dt-pswp-item\" href=\"https:\/\/www.radiopiu.net\/wordpress\/wp-content\/uploads\/2022\/11\/WhatsApp-Image-2022-11-14-at-16.32.55.jpeg\" data-dt-img-description=\"\" data-large_image_width=\"1999\" data-large_image_height=\"2000\"><img loading=\"lazy\" decoding=\"async\" class=\" wp-image-306422 alignleft\" src=\"https:\/\/www.radiopiu.net\/wordpress\/wp-content\/uploads\/2022\/11\/WhatsApp-Image-2022-11-14-at-16.32.55-300x300.jpeg\" alt=\"\" width=\"158\" height=\"158\" srcset=\"https:\/\/www.radiopiu.net\/wordpress\/wp-content\/uploads\/2022\/11\/WhatsApp-Image-2022-11-14-at-16.32.55-300x300.jpeg 300w, https:\/\/www.radiopiu.net\/wordpress\/wp-content\/uploads\/2022\/11\/WhatsApp-Image-2022-11-14-at-16.32.55-1024x1024.jpeg 1024w, https:\/\/www.radiopiu.net\/wordpress\/wp-content\/uploads\/2022\/11\/WhatsApp-Image-2022-11-14-at-16.32.55-150x150.jpeg 150w, https:\/\/www.radiopiu.net\/wordpress\/wp-content\/uploads\/2022\/11\/WhatsApp-Image-2022-11-14-at-16.32.55-768x768.jpeg 768w, https:\/\/www.radiopiu.net\/wordpress\/wp-content\/uploads\/2022\/11\/WhatsApp-Image-2022-11-14-at-16.32.55-1536x1536.jpeg 1536w, https:\/\/www.radiopiu.net\/wordpress\/wp-content\/uploads\/2022\/11\/WhatsApp-Image-2022-11-14-at-16.32.55.jpeg 1999w\" sizes=\"auto, (max-width: 158px) 100vw, 158px\" \/><\/a>AGORDO<\/strong> L&#8217;ingegner Paolo Santesso dal 1 gennaio assumer\u00e0 l&#8217;incarico di direttore dell&#8217;azienda speciale consortile agordina (Asca)<\/span><span id=\"page3R_mcid23\" class=\"markedContent\"><span dir=\"ltr\" role=\"presentation\">, ma anche di <\/span><\/span><span id=\"page3R_mcid25\" class=\"markedContent\"><span dir=\"ltr\" role=\"presentation\">Agordo Servizi in virt\u00f9 della convenzione stipulata fra le due Aziende nel 2021. <\/span><\/span><span id=\"page3R_mcid32\" class=\"markedContent\">\u00a0<span dir=\"ltr\" role=\"presentation\">Santesso,\u00a0 sta concludendo<\/span><\/span><span id=\"page3R_mcid33\" class=\"markedContent\"><\/span><span id=\"page3R_mcid34\" class=\"markedContent\"> <span dir=\"ltr\" role=\"presentation\">il suo mandato come Amministratore Unico di SerSa e cesser\u00e0 la <\/span><\/span><span id=\"page3R_mcid35\" class=\"markedContent\"><span dir=\"ltr\" role=\"presentation\">funzione di direttore\u00a0 dell&#8217;Opera Diocesana Assistenza Religio<\/span><\/span><span id=\"page3R_mcid36\" class=\"markedContent\"><span dir=\"ltr\" role=\"presentation\">sa a fine anno. <\/span><\/span><span id=\"page3R_mcid40\" class=\"markedContent\"><span dir=\"ltr\" role=\"presentation\">Da oltre cinque anni Amministratore della Societ\u00e1<\/span><\/span><span id=\"page3R_mcid41\" class=\"markedContent\"><\/span><span id=\"page3R_mcid42\" class=\"markedContent\"> <span dir=\"ltr\" role=\"presentation\">che gestisce i servizi agli anziani residenziali e <\/span><\/span><span id=\"page3R_mcid43\" class=\"markedContent\"><span dir=\"ltr\" role=\"presentation\">domiciliari del<\/span><\/span><span id=\"page3R_mcid44\" class=\"markedContent\"><\/span><span id=\"page3R_mcid45\" class=\"markedContent\"> <span dir=\"ltr\" role=\"presentation\">Comune di Belluno \u00e8 anche membro del CDA dell\u2019 <\/span><\/span><span id=\"page3R_mcid46\" class=\"markedContent\"><span dir=\"ltr\" role=\"presentation\">l\u2019Unione Regionale Istituti Pubblici di Assistenza che coordina e rappresenta<\/span><\/span><span id=\"page3R_mcid47\" class=\"markedContent\"><\/span><span id=\"page3R_mcid48\" class=\"markedContent\"> <span dir=\"ltr\" role=\"presentation\">le Residenza Sanitarie Anziani <\/span><\/span><span id=\"page3R_mcid49\" class=\"markedContent\"><span dir=\"ltr\" role=\"presentation\">pubbliche. <\/span><\/span><span id=\"page3R_mcid52\" class=\"markedContent\"><span dir=\"ltr\" role=\"presentation\">Oltre alle competenze<\/span><\/span><span id=\"page3R_mcid53\" class=\"markedContent\"><\/span><span id=\"page3R_mcid54\" class=\"markedContent\"> <span dir=\"ltr\" role=\"presentation\">maturate come Direttore Generale dell\u2019Opera Diocesana, van<\/span><\/span><span id=\"page3R_mcid55\" class=\"markedContent\"><span dir=\"ltr\" role=\"presentation\">ta anche esperienze nel <\/span><\/span><span id=\"page3R_mcid56\" class=\"markedContent\"><span dir=\"ltr\" role=\"presentation\">campo del turismo sociale e in un\u2019azienda privata bellunese.\u00a0 <em>&#8220;<\/em><\/span><\/span><em><span id=\"page3R_mcid59\" class=\"markedContent\"><span dir=\"ltr\" role=\"presentation\">Laureato in ingegneria all\u2019universit\u00e0 di Padova con 110 e lode &#8211; ricorda l&#8217;amministratore unico Maria Chiara Santin &#8211; <\/span><\/span><span id=\"page3R_mcid61\" class=\"markedContent\">\u00a0<span dir=\"ltr\" role=\"presentation\">dopo aver frequentato il liceo <\/span><\/span><span id=\"page3R_mcid62\" class=\"markedContent\"><span dir=\"ltr\" role=\"presentation\">scientifico Galilei di Belluno e conseguito la maturit\u00e0 con lo stesso risultato, ha conseguito un <\/span><\/span><span id=\"page3R_mcid63\" class=\"markedContent\"><span dir=\"ltr\" role=\"presentation\">dottorato di ricerca e effettuato<\/span><\/span><span id=\"page3R_mcid64\" class=\"markedContent\"><\/span><span id=\"page3R_mcid65\" class=\"markedContent\"> <span dir=\"ltr\" role=\"presentation\">una serie di pubblicazioni scientifiche&#8221;<\/span><\/span><\/em><\/p>\n<p>&nbsp;<\/p>\n<\/div>\n<div><\/div>\n<div><\/div>\n<div>\n<hr \/>\n<\/div>\n","protected":false},"excerpt":{"rendered":"<p>di\u00a0 mirko mezzacasa AGORDO Paolo Santesso per un anno da Asca a Fodom Servizi nel ruolo di direttore generale. Il distacco dal primo giorno del 2023 e fino al prossimo dicembre con possibile ulteriore proroga. Mancava una figura di questo genere alla Azienda speciale Fodom Servizi e Santesso ha dato la propria disponibilit\u00e0 a trasferirsi&hellip;<\/p>\n","protected":false},"author":4,"featured_media":314318,"comment_status":"closed","ping_status":"closed","sticky":false,"template":"","format":"standard","meta":{"_monsterinsights_skip_tracking":false,"_monsterinsights_sitenote_active":false,"_monsterinsights_sitenote_note":"","_monsterinsights_sitenote_category":0,"footnotes":""},"categories":[104,49],"tags":[],"class_list":["post-314317","post","type-post","status-publish","format-standard","has-post-thumbnail","hentry","category-evidenza_3","category-news-18","category-104","category-49","description-off"],"img_url":"https:\/\/www.radiopiu.net\/wordpress\/wp-content\/uploads\/2022\/12\/Paolo-Santesso-1024x537-1.jpg","_links":{"self":[{"href":"https:\/\/www.radiopiu.net\/wordpress\/wp-json\/wp\/v2\/posts\/314317","targetHints":{"allow":["GET"]}}],"collection":[{"href":"https:\/\/www.radiopiu.net\/wordpress\/wp-json\/wp\/v2\/posts"}],"about":[{"href":"https:\/\/www.radiopiu.net\/wordpress\/wp-json\/wp\/v2\/types\/post"}],"author":[{"embeddable":true,"href":"https:\/\/www.radiopiu.net\/wordpress\/wp-json\/wp\/v2\/users\/4"}],"replies":[{"embeddable":true,"href":"https:\/\/www.radiopiu.net\/wordpress\/wp-json\/wp\/v2\/comments?post=314317"}],"version-history":[{"count":0,"href":"https:\/\/www.radiopiu.net\/wordpress\/wp-json\/wp\/v2\/posts\/314317\/revisions"}],"wp:featuredmedia":[{"embeddable":true,"href":"https:\/\/www.radiopiu.net\/wordpress\/wp-json\/wp\/v2\/media\/314318"}],"wp:attachment":[{"href":"https:\/\/www.radiopiu.net\/wordpress\/wp-json\/wp\/v2\/media?parent=314317"}],"wp:term":[{"taxonomy":"category","embeddable":true,"href":"https:\/\/www.radiopiu.net\/wordpress\/wp-json\/wp\/v2\/categories?post=314317"},{"taxonomy":"post_tag","embeddable":true,"href":"https:\/\/www.radiopiu.net\/wordpress\/wp-json\/wp\/v2\/tags?post=314317"}],"curies":[{"name":"wp","href":"https:\/\/api.w.org\/{rel}","templated":true}]}}