{"id":314344,"date":"2023-01-02T05:27:10","date_gmt":"2023-01-02T04:27:10","guid":{"rendered":"https:\/\/www.radiopiu.net\/wordpress\/?p=314344"},"modified":"2023-01-02T08:43:01","modified_gmt":"2023-01-02T07:43:01","slug":"giornale-radiopiu-02-gennaio-2023-direttore-mirko-mezzacasa","status":"publish","type":"post","link":"https:\/\/www.radiopiu.net\/wordpress\/giornale-radiopiu-02-gennaio-2023-direttore-mirko-mezzacasa\/","title":{"rendered":"GIORNALE RADIOPIU 02 GENNAIO 2023 DIRETTORE MIRKO MEZZACASA&#8230;verso i 40 anni 25 giugno 1983-25 giugno 2023"},"content":{"rendered":"<h3 class=\"kvgmc6g5 cxmmr5t8 oygrvhab hcukyx3x c1et5uql\"><span style=\"color: #0000ff;\"><strong>RADIO PIU INFORMAZIONE il canale su TELEGRAM informazione di prima\u00a0 <\/strong><strong>mano e in tempo reale. iscriviti ed aiutaci a farlo conoscere\u00a0 \u00a0 \u00a0\u00a0<\/strong><\/span><\/h3>\n<h2><span style=\"color: #ff0000;\">ISCRIVITI AL NOSTRO CANALE YOUTUBE PER SEGUIRE IN DIRETTA I PRINCIPALI PROGRAMMI DI RADIO PIU&#8217; E LE FUTURE DIRETTE IN ESTERNA. PER ISCRIVERTI <a style=\"color: #ff0000;\" href=\"https:\/\/youtube.com\/@radiopiu1527\">CLICCA QUI<\/a> E PREMI IL TASTO &#8220;Iscriviti&#8221;\u00a0\u00a0<\/span><\/h2>\n<p>&nbsp;<\/p>\n<p><strong><a class=\"dt-pswp-item\" href=\"https:\/\/www.radiopiu.net\/wordpress\/wp-content\/uploads\/2022\/11\/MyRadioPiu_miaidea.png\" data-dt-img-description=\"\" data-large_image_width=\"483\" data-large_image_height=\"374\"><img loading=\"lazy\" decoding=\"async\" class=\"wp-image-304561 alignleft\" src=\"https:\/\/www.radiopiu.net\/wordpress\/wp-content\/uploads\/2022\/11\/MyRadioPiu_miaidea-300x232.png\" alt=\"\" width=\"129\" height=\"100\" srcset=\"https:\/\/www.radiopiu.net\/wordpress\/wp-content\/uploads\/2022\/11\/MyRadioPiu_miaidea-300x232.png 300w, https:\/\/www.radiopiu.net\/wordpress\/wp-content\/uploads\/2022\/11\/MyRadioPiu_miaidea.png 483w\" sizes=\"auto, (max-width: 129px) 100vw, 129px\" \/><\/a>BUON ANNO &#8230;. DA RADIOPIU&#8217;<\/strong><br \/>\n<strong>di\u00a0 Mirko Mezzacasa<\/strong><\/p>\n<audio class=\"wp-audio-shortcode\" id=\"audio-314344-1\" preload=\"none\" style=\"width: 100%;\" controls=\"controls\"><source type=\"audio\/mpeg\" src=\"https:\/\/www.radiopiu.net\/wordpress\/wp-content\/uploads\/2023\/01\/buon-anno-radiopiu.mp3?_=1\" \/><a href=\"https:\/\/www.radiopiu.net\/wordpress\/wp-content\/uploads\/2023\/01\/buon-anno-radiopiu.mp3\">https:\/\/www.radiopiu.net\/wordpress\/wp-content\/uploads\/2023\/01\/buon-anno-radiopiu.mp3<\/a><\/audio>\n<p>&nbsp;<\/p>\n<blockquote>\n<h3>IL CALENDARIO AGORDINO 2023, LA 46ESIMA EDIZIONE<\/h3>\n<\/blockquote>\n<p><strong><a class=\"dt-pswp-item\" href=\"https:\/\/www.radiopiu.net\/wordpress\/wp-content\/uploads\/2022\/12\/d39f8cfe-a681-43bc-adfd-2df7c4dfd20d.jpg\" data-dt-img-description=\"\" data-large_image_width=\"1067\" data-large_image_height=\"1600\"><img loading=\"lazy\" decoding=\"async\" class=\"size-medium wp-image-314262 aligncenter\" src=\"https:\/\/www.radiopiu.net\/wordpress\/wp-content\/uploads\/2022\/12\/d39f8cfe-a681-43bc-adfd-2df7c4dfd20d-200x300.jpg\" alt=\"\" width=\"200\" height=\"300\" srcset=\"https:\/\/www.radiopiu.net\/wordpress\/wp-content\/uploads\/2022\/12\/d39f8cfe-a681-43bc-adfd-2df7c4dfd20d-200x300.jpg 200w, https:\/\/www.radiopiu.net\/wordpress\/wp-content\/uploads\/2022\/12\/d39f8cfe-a681-43bc-adfd-2df7c4dfd20d-683x1024.jpg 683w, https:\/\/www.radiopiu.net\/wordpress\/wp-content\/uploads\/2022\/12\/d39f8cfe-a681-43bc-adfd-2df7c4dfd20d-768x1152.jpg 768w, https:\/\/www.radiopiu.net\/wordpress\/wp-content\/uploads\/2022\/12\/d39f8cfe-a681-43bc-adfd-2df7c4dfd20d-1024x1536.jpg 1024w, https:\/\/www.radiopiu.net\/wordpress\/wp-content\/uploads\/2022\/12\/d39f8cfe-a681-43bc-adfd-2df7c4dfd20d.jpg 1067w\" sizes=\"auto, (max-width: 200px) 100vw, 200px\" \/><\/a>AGORDO<\/strong><\/p>\n<p>di Gianni Santomaso<\/p>\n<audio class=\"wp-audio-shortcode\" id=\"audio-314344-2\" preload=\"none\" style=\"width: 100%;\" controls=\"controls\"><source type=\"audio\/mpeg\" src=\"https:\/\/www.radiopiu.net\/wordpress\/wp-content\/uploads\/2022\/12\/GIANNI-IL-CALENDARIO-AGORDINO.mp3?_=2\" \/><a href=\"https:\/\/www.radiopiu.net\/wordpress\/wp-content\/uploads\/2022\/12\/GIANNI-IL-CALENDARIO-AGORDINO.mp3\">https:\/\/www.radiopiu.net\/wordpress\/wp-content\/uploads\/2022\/12\/GIANNI-IL-CALENDARIO-AGORDINO.mp3<\/a><\/audio>\n<p>&nbsp;<\/p>\n<p>&nbsp;<\/p>\n<p>&nbsp;<\/p>\n<p>&nbsp;<\/p>\n<hr \/>\n<p>&nbsp;<\/p>\n<blockquote>\n<h3>IL 2023 INIZIA CON UNA SCOSSA A CLAUT<\/h3>\n<\/blockquote>\n<p><strong>REDAZIONE<\/strong> Il 2023 \u00e8 iniziato con una piccola scossa di terremoto. Ancora una volta \u00e8 il confine tra Veneto e Friuli Venezia Giulia a tremare. Nel pomeriggio una scossa di terremoto ha interessato una zona vicino a Claut in provincia di Pordenone. 1.6 della scala Richter ad una profondit\u00e0 di 9 km.<\/p>\n<p>&nbsp;<\/p>\n<hr \/>\n<p>&nbsp;<\/p>\n<blockquote>\n<h3>DAI VIGILI DEL FUOCO&#8230; AI VIGILI DEL FUOCO PERMANENTI E VOLONTARI: BUON ANNO<\/h3>\n<\/blockquote>\n<p><iframe loading=\"lazy\" title=\"WhatsApp Video 2022 12 31 at 17 26 43\" width=\"1200\" height=\"675\" src=\"https:\/\/www.youtube.com\/embed\/b75Zm_0xmTA?feature=oembed\" frameborder=\"0\" allow=\"accelerometer; autoplay; clipboard-write; encrypted-media; gyroscope; picture-in-picture\" allowfullscreen><\/iframe><\/p>\n<p>&nbsp;<\/p>\n<p>&nbsp;<\/p>\n<hr \/>\n<p>&nbsp;<\/p>\n<blockquote>\n<h3>ILLESO UN BIMBO SOMMERSO DALLA NEVE CADUTA DAL TETTO DI MALGA PREDAZZO<\/h3>\n<\/blockquote>\n<p><strong><a class=\"dt-pswp-item\" href=\"https:\/\/www.radiopiu.net\/wordpress\/wp-content\/uploads\/2023\/01\/Watermark_20230101_170236_766.jpg\" data-dt-img-description=\"\" data-large_image_width=\"2364\" data-large_image_height=\"1773\"><img loading=\"lazy\" decoding=\"async\" class=\" wp-image-314477 alignleft\" src=\"https:\/\/www.radiopiu.net\/wordpress\/wp-content\/uploads\/2023\/01\/Watermark_20230101_170236_766-300x225.jpg\" alt=\"\" width=\"234\" height=\"175\" srcset=\"https:\/\/www.radiopiu.net\/wordpress\/wp-content\/uploads\/2023\/01\/Watermark_20230101_170236_766-300x225.jpg 300w, https:\/\/www.radiopiu.net\/wordpress\/wp-content\/uploads\/2023\/01\/Watermark_20230101_170236_766-1024x768.jpg 1024w, https:\/\/www.radiopiu.net\/wordpress\/wp-content\/uploads\/2023\/01\/Watermark_20230101_170236_766-768x576.jpg 768w, https:\/\/www.radiopiu.net\/wordpress\/wp-content\/uploads\/2023\/01\/Watermark_20230101_170236_766-1536x1152.jpg 1536w, https:\/\/www.radiopiu.net\/wordpress\/wp-content\/uploads\/2023\/01\/Watermark_20230101_170236_766-2048x1536.jpg 2048w\" sizes=\"auto, (max-width: 234px) 100vw, 234px\" \/><\/a>FALCADE<\/strong> Mentre con la famiglia stava passeggiando in prossimit\u00e0 di Malga Pradazzo, non distante da Passo Valles, un bimbo di 8 anni di Mogliano Veneto (TV) si \u00e8 avvicinato per guardare se ci fossero animali all&#8217;interno e proprio in quel momento la neve presente sul tetto \u00e8 scivolata sommergendolo. Scattato l&#8217;allarme al 118 verso le 14.30, \u00e8 stato immediato l&#8217;intervento del padre e delle altre persone presenti che lo hanno subito estratto, cosciente e senza aver riportato conseguenze. La famiglia in pochi minuti \u00e8 stata raggiunta da tre motoslitte &#8211; del Soccorso alpino della Val Biois, degli Impianti Falcade Col Margherita e del Soccorso piste della Polizia &#8211; e dall&#8217;elicottero del Suem di Pieve di Cadore atterrato nelle vicinanze. Per fortuna, a parte lo spavento, il bambino sembrava illeso, pur lamentando male a una caviglia. Dopo un primo controllo dell&#8217;equipe medica, in via precauzionale \u00e8 stato caricato a bordo assieme alla madre e trasportato all&#8217;ospedale di Belluno per eventuali approfondimenti.<\/p>\n<p>&nbsp;<\/p>\n<p>&nbsp;<\/p>\n<p>&nbsp;<\/p>\n<hr \/>\n<p>&nbsp;<\/p>\n<blockquote>\n<h3>INCIDENTE A CADOLA NELLA NOTTE DI CAPODANNO, CICLISTA FERITO IN VIA DOGLIONI<\/h3>\n<\/blockquote>\n<p><strong><a class=\"dt-pswp-item\" href=\"https:\/\/www.radiopiu.net\/wordpress\/wp-content\/uploads\/2023\/01\/22367457-9c32-4b35-93c4-862bfdfd92f9.jpg\" data-dt-img-description=\"\" data-large_image_width=\"953\" data-large_image_height=\"633\"><img loading=\"lazy\" decoding=\"async\" class=\" wp-image-314453 alignleft\" src=\"https:\/\/www.radiopiu.net\/wordpress\/wp-content\/uploads\/2023\/01\/22367457-9c32-4b35-93c4-862bfdfd92f9-300x199.jpg\" alt=\"\" width=\"191\" height=\"127\" srcset=\"https:\/\/www.radiopiu.net\/wordpress\/wp-content\/uploads\/2023\/01\/22367457-9c32-4b35-93c4-862bfdfd92f9-300x199.jpg 300w, https:\/\/www.radiopiu.net\/wordpress\/wp-content\/uploads\/2023\/01\/22367457-9c32-4b35-93c4-862bfdfd92f9-768x510.jpg 768w, https:\/\/www.radiopiu.net\/wordpress\/wp-content\/uploads\/2023\/01\/22367457-9c32-4b35-93c4-862bfdfd92f9.jpg 953w\" sizes=\"auto, (max-width: 191px) 100vw, 191px\" \/><\/a>PONTE NELLE ALPI<\/strong> Intervento alle 2 nella notte di capodanno per i Vigili del Fuoco di Belluno. I pompieri sono stati chiamati a Cadola di Ponte Nelle Alpi per un incidente stradale con un&#8217;auto che, dopo aver perso il controllo, \u00e8 finita rovesciata sulla carreggiata. Una persona ferita. I pompieri, arrivati con la squadra di prima partenza, hanno messo in sicurezza l\u2019auto, mentre il l\u2019autista \u00e8 stato preso in cura dal personale sanitario del Suem e trasferito in ospedale. Sul posto le forze dell\u2019ordine per i rilievi del sinistro. Le operazioni di soccorso dei Vigili del Fuoco sono terminate dopo circa un\u2019ora.<\/p>\n<p><strong>BELLUNO<\/strong> \u00a0Verso le 11 un uomo \u00e8 finito a terra, tra via Medaglie d&#8217;Oro e via Doglioni, dopo aver battuto sul marciapiede. Aveva problemi a una gamba ed \u00e8 stato portato al San Martino.<\/p>\n<p>&nbsp;<\/p>\n<p>&nbsp;<\/p>\n<hr \/>\n<p>&nbsp;<\/p>\n<blockquote>\n<h3 class=\"kvgmc6g5 cxmmr5t8 oygrvhab hcukyx3x c1et5uql\"><span style=\"color: #0000ff;\"><strong><a class=\"dt-pswp-item\" href=\"https:\/\/www.radiopiu.net\/wordpress\/wp-content\/uploads\/2023\/01\/Senza-nome.jpg\" data-dt-img-description=\"\" data-large_image_width=\"568\" data-large_image_height=\"298\"><img loading=\"lazy\" decoding=\"async\" class=\"size-medium wp-image-314516 alignleft\" src=\"https:\/\/www.radiopiu.net\/wordpress\/wp-content\/uploads\/2023\/01\/Senza-nome-300x157.jpg\" alt=\"\" width=\"300\" height=\"157\" srcset=\"https:\/\/www.radiopiu.net\/wordpress\/wp-content\/uploads\/2023\/01\/Senza-nome-300x157.jpg 300w, https:\/\/www.radiopiu.net\/wordpress\/wp-content\/uploads\/2023\/01\/Senza-nome.jpg 568w\" sizes=\"auto, (max-width: 300px) 100vw, 300px\" \/><\/a><\/strong><\/span><\/h3>\n<h3>UNA NOTTE DI SAN SILVESTRO IMPEGNATIVA PER I VIGILI DEL FUOCO DEL VENETO<\/h3>\n<\/blockquote>\n<p><strong>BELLUNO<\/strong> Sono stati 51 gli interventi dei Vigili del Fuoco dei comandi del Veneto effettuati dalle 20:00 di San Silvestro alle 8:00, del 1\u00b0 gennaio, esclusivamente per incendi riconducibili ai festeggiamenti di Capodanno. Venezia 22, Padova 9, Verona 9, Vicenza 7, Belluno 2, Rovigo 2, Treviso 0. La gran parte degli interventi hanno riguardato incendi di cassonetti e cumuli di rifiuti.Tre i cassonetti incendiati dai botti, in via Medola, a Santo Stefano di Cadore, a Cesana di Lentiai e in piazza San Giovanni Bosco, a Belluno. Il cassonetto \u00e8 stato seriamente danneggiato dalle fiamme, malgrado l&#8217;intervento tempestivo dei vigili del fuoco<\/p>\n<p><strong>FELTRE<\/strong>\u00a0 Incendio alla canna fumaria in via Tezze (foto), ad accorgersi un passante che ha allertato i vigili del fuoco che hanno evitato il peggio. rimuovendo le braci. L&#8217;intervento \u00e8 durato un paio d&#8217;ore.<\/p>\n<p>FOTO CORRIEREALPI<\/p>\n<p>&nbsp;<\/p>\n<hr \/>\n<p>&nbsp;<\/p>\n<p>&nbsp;<\/p>\n<blockquote>\n<h3>IL NUOVO CAMMINO, VERSO LA DESERTIFICAZIONE DELLE COMUNITA&#8217;<\/h3>\n<\/blockquote>\n<blockquote><p><em>Noah, Mattia e Francesco, da Feltre a Belluno i nuovi nati del 2023&#8230; con tanti auguri. La Ulss1 lancia l&#8217;allarme in una comunit\u00e0 verso la desertificazione, i morti nel 2022 hanno doppiato i nuovi nati, ogni 1000 residenti solo 6 nascite, oltre 13 i decessi. Anche nell&#8217;Agordino le cose non vanno meglio come confermato dai dati di fine anno resi noti dal <a class=\"dt-pswp-item\" href=\"https:\/\/www.radiopiu.net\/wordpress\/wp-content\/uploads\/2021\/05\/DON-CESARE.jpeg\" data-dt-img-description=\"\" data-large_image_width=\"640\" data-large_image_height=\"640\"><img loading=\"lazy\" decoding=\"async\" class=\"wp-image-207098 alignleft\" src=\"https:\/\/www.radiopiu.net\/wordpress\/wp-content\/uploads\/2021\/05\/DON-CESARE-300x300.jpeg\" alt=\"\" width=\"167\" height=\"167\" srcset=\"https:\/\/www.radiopiu.net\/wordpress\/wp-content\/uploads\/2021\/05\/DON-CESARE-300x300.jpeg 300w, https:\/\/www.radiopiu.net\/wordpress\/wp-content\/uploads\/2021\/05\/DON-CESARE-150x150.jpeg 150w, https:\/\/www.radiopiu.net\/wordpress\/wp-content\/uploads\/2021\/05\/DON-CESARE.jpeg 640w\" sizes=\"auto, (max-width: 167px) 100vw, 167px\" \/><\/a>parroco Don Cesare con riferimento alle parrocchie di Agordo, Taibon e La Valle.<\/em><\/p><\/blockquote>\n<p><strong>\u00a0<\/strong><\/p>\n<p><strong>DON CESARE LASEN\u00a0<\/strong><\/p>\n<audio class=\"wp-audio-shortcode\" id=\"audio-314344-3\" preload=\"none\" style=\"width: 100%;\" controls=\"controls\"><source type=\"audio\/mpeg\" src=\"https:\/\/www.radiopiu.net\/wordpress\/wp-content\/uploads\/2023\/01\/DON-CESARE-NUMERI.mp3?_=3\" \/><a href=\"https:\/\/www.radiopiu.net\/wordpress\/wp-content\/uploads\/2023\/01\/DON-CESARE-NUMERI.mp3\">https:\/\/www.radiopiu.net\/wordpress\/wp-content\/uploads\/2023\/01\/DON-CESARE-NUMERI.mp3<\/a><\/audio>\n<p>&nbsp;<\/p>\n<p>&nbsp;<\/p>\n<hr \/>\n<p>&nbsp;<\/p>\n<blockquote>\n<h3>E&#8217; MATTIA IL PRIMO NATO DEL 2023 IN ULSS 1 DOLOMITI<\/h3>\n<\/blockquote>\n<p><strong>FELTRE <\/strong>Alle 15.23 di oggi pomeriggio, all\u2019ospedale di Feltre, accompagnato dalla cromoterapia, \u00e8 venuto alla luce Mattia, il primo bambino nato nel 2023 in Ulss Dolomiti. I genitori Nicola Cecchet e Luisa Pasotti sono di Feltre e hanno scelto la cromoterapia per il momento pi\u00f9 bello. L&#8217;ultimo nato del 2022 \u00e8 stato Noah, venuto alla luce il 31 dicembre alle 18.56 all&#8217;ostetricia dell&#8217;ospedale di Feltre. Complimenti a mamma Ilenia Vampiro e pap\u00e0 Dylan Zennaro di Sedico. All&#8217;ostetricia di Belluno l&#8217;ultimo nato del 2022 \u00e8 stato Pietro, nato alle 16.17 da mamma Ilenia Barattin e pap\u00e0 Giuliano Donadon dell&#8217;Alpago. Il 2022 si chiude con un numero di nuovi nati leggermente inferiore quello dello scorso anno (1.312 vs 1.350) in linea con il trend nazionale che vede continuare la riduzione delle nascite in Italia. Una curiosit\u00e0: nel 2022 ci sono stati 7 parti gemellari a Belluno e 6 a Feltre. Il 2022 \u00e8 stato un anno ricco di novit\u00e0 per le ostetricie di Belluno e Feltre grazie all\u2019impegno in numerosi progetti. (foto: pagina Facebook Ulss 1 Dolomiti)<\/p>\n\n\t\t\t<style type='text\/css'>\n\t\t\t\t#gallery-1 {\n\t\t\t\t\tmargin: auto;\n\t\t\t\t}\n\t\t\t\t#gallery-1 .gallery-item {\n\t\t\t\t\tfloat: left;\n\t\t\t\t\tmargin-top: 10px;\n\t\t\t\t\ttext-align: center;\n\t\t\t\t\twidth: 33%;\n\t\t\t\t}\n\t\t\t\t#gallery-1 img {\n\t\t\t\t\tborder: 2px solid #cfcfcf;\n\t\t\t\t}\n\t\t\t\t#gallery-1 .gallery-caption {\n\t\t\t\t\tmargin-left: 0;\n\t\t\t\t}\n\t\t\t\t\/* see gallery_shortcode() in wp-includes\/media.php *\/\n\t\t\t<\/style>\n\t\t<div id='gallery-1' class='dt-gallery-container gallery galleryid-314344 gallery-columns-3 gallery-size-medium'><dl class='gallery-item'>\n\t\t\t\t<dt class='gallery-icon portrait'>\n\t\t\t\t\t<a class=\"rollover rollover-zoom dt-pswp-item\" title=\"323344381_1178795146077258_3461970925564216577_n\" data-dt-img-description=\"\" data-large_image_width=\"768\" data-large_image_height=\"1024\"href='https:\/\/www.radiopiu.net\/wordpress\/wp-content\/uploads\/2023\/01\/323344381_1178795146077258_3461970925564216577_n.jpg'><img loading=\"lazy\" decoding=\"async\" width=\"225\" height=\"300\" src=\"https:\/\/www.radiopiu.net\/wordpress\/wp-content\/uploads\/2023\/01\/323344381_1178795146077258_3461970925564216577_n-225x300.jpg\" class=\"attachment-medium size-medium\" alt=\"\" aria-describedby=\"gallery-1-314446\" srcset=\"https:\/\/www.radiopiu.net\/wordpress\/wp-content\/uploads\/2023\/01\/323344381_1178795146077258_3461970925564216577_n-225x300.jpg 225w, https:\/\/www.radiopiu.net\/wordpress\/wp-content\/uploads\/2023\/01\/323344381_1178795146077258_3461970925564216577_n.jpg 768w\" sizes=\"auto, (max-width: 225px) 100vw, 225px\" \/><\/a>\n\t\t\t\t<\/dt>\n\t\t\t\t\t<dd class='wp-caption-text gallery-caption' id='gallery-1-314446'>\n\t\t\t\t\tNOAH\n\t\t\t\t\t<\/dd><\/dl><dl class='gallery-item'>\n\t\t\t\t<dt class='gallery-icon portrait'>\n\t\t\t\t\t<a class=\"rollover rollover-zoom dt-pswp-item\" title=\"321940465_1060450328139945_6157820456048194213_n\" data-dt-img-description=\"\" data-large_image_width=\"960\" data-large_image_height=\"1279\"href='https:\/\/www.radiopiu.net\/wordpress\/wp-content\/uploads\/2023\/01\/321940465_1060450328139945_6157820456048194213_n.jpg'><img loading=\"lazy\" decoding=\"async\" width=\"225\" height=\"300\" src=\"https:\/\/www.radiopiu.net\/wordpress\/wp-content\/uploads\/2023\/01\/321940465_1060450328139945_6157820456048194213_n-225x300.jpg\" class=\"attachment-medium size-medium\" alt=\"\" aria-describedby=\"gallery-1-314445\" srcset=\"https:\/\/www.radiopiu.net\/wordpress\/wp-content\/uploads\/2023\/01\/321940465_1060450328139945_6157820456048194213_n-225x300.jpg 225w, https:\/\/www.radiopiu.net\/wordpress\/wp-content\/uploads\/2023\/01\/321940465_1060450328139945_6157820456048194213_n-769x1024.jpg 769w, https:\/\/www.radiopiu.net\/wordpress\/wp-content\/uploads\/2023\/01\/321940465_1060450328139945_6157820456048194213_n-768x1023.jpg 768w, https:\/\/www.radiopiu.net\/wordpress\/wp-content\/uploads\/2023\/01\/321940465_1060450328139945_6157820456048194213_n.jpg 960w\" sizes=\"auto, (max-width: 225px) 100vw, 225px\" \/><\/a>\n\t\t\t\t<\/dt>\n\t\t\t\t\t<dd class='wp-caption-text gallery-caption' id='gallery-1-314445'>\n\t\t\t\t\tPIETRO\n\t\t\t\t\t<\/dd><\/dl><dl class='gallery-item'>\n\t\t\t\t<dt class='gallery-icon portrait'>\n\t\t\t\t\t<a class=\"rollover rollover-zoom dt-pswp-item\" title=\"Mattia Cecchet\" data-dt-img-description=\"\" data-large_image_width=\"768\" data-large_image_height=\"1024\"href='https:\/\/www.radiopiu.net\/wordpress\/wp-content\/uploads\/2023\/01\/Mattia-Cecchet.jpeg'><img loading=\"lazy\" decoding=\"async\" width=\"225\" height=\"300\" src=\"https:\/\/www.radiopiu.net\/wordpress\/wp-content\/uploads\/2023\/01\/Mattia-Cecchet-225x300.jpeg\" class=\"attachment-medium size-medium\" alt=\"\" aria-describedby=\"gallery-1-314473\" srcset=\"https:\/\/www.radiopiu.net\/wordpress\/wp-content\/uploads\/2023\/01\/Mattia-Cecchet-225x300.jpeg 225w, https:\/\/www.radiopiu.net\/wordpress\/wp-content\/uploads\/2023\/01\/Mattia-Cecchet.jpeg 768w\" sizes=\"auto, (max-width: 225px) 100vw, 225px\" \/><\/a>\n\t\t\t\t<\/dt>\n\t\t\t\t\t<dd class='wp-caption-text gallery-caption' id='gallery-1-314473'>\n\t\t\t\t\tMATTIA, PRIMO NATO IN ULSS 1 DOLOMITI DEL 2023\n\t\t\t\t\t<\/dd><\/dl><br style=\"clear: both\" \/>\n\t\t\t<\/div>\n\n<p>&nbsp;<\/p>\n<blockquote>\n<h3>SULLE NOTE DI \u201cCERTE NOTTI\u201d DI LIGABUE NASCE FRANCESCO<\/h3>\n<\/blockquote>\n<p><strong>FELTRE\u00a0<\/strong>Alle 16.35 di ieri, all&#8217;ostetricia di Feltre, \u00e8 nato Francesco, secondo bimbo del 2023 dell&#8217;Ulss Dolomiti. Pap\u00e0 Luca Dal Magro e mamma Anna Poletti hanno scelto di partorire con la musicoterapia. E sulle note di &#8220;Certe Notti &#8221; di Ligabue, Francesco ha fatto il suo primo vagito. Che sia una vita piena di salute e musica la tua, Francesco&#8230;<\/p>\n\n\t\t\t<style type='text\/css'>\n\t\t\t\t#gallery-2 {\n\t\t\t\t\tmargin: auto;\n\t\t\t\t}\n\t\t\t\t#gallery-2 .gallery-item {\n\t\t\t\t\tfloat: left;\n\t\t\t\t\tmargin-top: 10px;\n\t\t\t\t\ttext-align: center;\n\t\t\t\t\twidth: 100%;\n\t\t\t\t}\n\t\t\t\t#gallery-2 img {\n\t\t\t\t\tborder: 2px solid #cfcfcf;\n\t\t\t\t}\n\t\t\t\t#gallery-2 .gallery-caption {\n\t\t\t\t\tmargin-left: 0;\n\t\t\t\t}\n\t\t\t\t\/* see gallery_shortcode() in wp-includes\/media.php *\/\n\t\t\t<\/style>\n\t\t<div id='gallery-2' class='dt-gallery-container gallery galleryid-314344 gallery-columns-1 gallery-size-medium'><dl class='gallery-item'>\n\t\t\t\t<dt class='gallery-icon portrait'>\n\t\t\t\t\t<a class=\"rollover rollover-zoom dt-pswp-item\" title=\"47B29EB8-BAAA-4BA4-ADBB-AA3FCBD1A64F\" data-dt-img-description=\"\" data-large_image_width=\"768\" data-large_image_height=\"1024\"href='https:\/\/www.radiopiu.net\/wordpress\/wp-content\/uploads\/2023\/01\/47B29EB8-BAAA-4BA4-ADBB-AA3FCBD1A64F.jpeg'><img loading=\"lazy\" decoding=\"async\" width=\"225\" height=\"300\" src=\"https:\/\/www.radiopiu.net\/wordpress\/wp-content\/uploads\/2023\/01\/47B29EB8-BAAA-4BA4-ADBB-AA3FCBD1A64F-225x300.jpeg\" class=\"attachment-medium size-medium\" alt=\"\" srcset=\"https:\/\/www.radiopiu.net\/wordpress\/wp-content\/uploads\/2023\/01\/47B29EB8-BAAA-4BA4-ADBB-AA3FCBD1A64F-225x300.jpeg 225w, https:\/\/www.radiopiu.net\/wordpress\/wp-content\/uploads\/2023\/01\/47B29EB8-BAAA-4BA4-ADBB-AA3FCBD1A64F.jpeg 768w\" sizes=\"auto, (max-width: 225px) 100vw, 225px\" \/><\/a>\n\t\t\t\t<\/dt><\/dl><br style=\"clear: both\" \/>\n\t\t\t<\/div>\n\n<p>&nbsp;<\/p>\n<blockquote>\n<h3><a class=\"dt-pswp-item\" href=\"https:\/\/www.radiopiu.net\/wordpress\/wp-content\/uploads\/2023\/01\/959e8e37-35e8-4b79-943a-fa84162f8a8c.jpg\" data-dt-img-description=\"\" data-large_image_width=\"1600\" data-large_image_height=\"758\"><img loading=\"lazy\" decoding=\"async\" class=\" wp-image-314491 alignleft\" src=\"https:\/\/www.radiopiu.net\/wordpress\/wp-content\/uploads\/2023\/01\/959e8e37-35e8-4b79-943a-fa84162f8a8c-300x142.jpg\" alt=\"\" width=\"247\" height=\"117\" srcset=\"https:\/\/www.radiopiu.net\/wordpress\/wp-content\/uploads\/2023\/01\/959e8e37-35e8-4b79-943a-fa84162f8a8c-300x142.jpg 300w, https:\/\/www.radiopiu.net\/wordpress\/wp-content\/uploads\/2023\/01\/959e8e37-35e8-4b79-943a-fa84162f8a8c-1024x485.jpg 1024w, https:\/\/www.radiopiu.net\/wordpress\/wp-content\/uploads\/2023\/01\/959e8e37-35e8-4b79-943a-fa84162f8a8c-768x364.jpg 768w, https:\/\/www.radiopiu.net\/wordpress\/wp-content\/uploads\/2023\/01\/959e8e37-35e8-4b79-943a-fa84162f8a8c-1536x728.jpg 1536w, https:\/\/www.radiopiu.net\/wordpress\/wp-content\/uploads\/2023\/01\/959e8e37-35e8-4b79-943a-fa84162f8a8c.jpg 1600w\" sizes=\"auto, (max-width: 247px) 100vw, 247px\" \/><\/a>IL VICESINDACO DI FELTRE FA VISITA AI NUOVI NATI DELL&#8217;OSPEDALE SANTA MARIA DEL PRATO<\/h3>\n<\/blockquote>\n<p><strong>FELTRE\u00a0<\/strong>Il Vicesindaco di Feltre Claudio dalla Palma ha fatto visita ai nuovi nati all&#8217;ospedale di Feltre. Un saluto alle mamme e ai pap\u00e0 che hanno dato al mondo i loro figli proprio il primo giorno dell&#8217;anno. E naturalmente anche la foto di gruppo con lo staff dell&#8217;ospedale, genitori e nuovi nati.<\/p>\n<p>&nbsp;<\/p>\n<hr \/>\n<p>&nbsp;<\/p>\n<blockquote>\n<h3>I COSCRITTI DEL 2004 DI TAIBON. FESTEGGIATI I 18 ANNI E CONSEGNATA LA COSTITUZIONE DAL SINDACO<\/h3>\n<\/blockquote>\n<p><strong>TAIBON<\/strong> In questi giorni a Taibon sono ben visibili dei manifesti colorati con la scritta &#8220;il 2004 augura Buone Feste&#8221;. \u00c8 davvero una tappa molto sentita, nel rispetto della tradizione il raggiungimento della maggiore et\u00e0 a Taibon Agordino. \u00c8 consuetudine che dopo incontri, cene e divertimento ci sia un impegno religioso e istituzionale che i coscritti onorano con la partecipazione alla Santa Messa, il primo gennaio alla presenza di Sindaco e amministratori. Don Virgilio ha rivolto ai ragazzi presenti, con i cappelli adornati di fiori, auguri speciali e la Sindaco Silvia Tormen ha donato a ciascuno una copia della Costituzione Italiana con allegata una lettera da lei preparata e letta in chiesa. Il pomeriggio del 30 i ragazzi si sono recati a trovare la loro maestra Leila Zas Friz che li ha accolti con affetto offrendo panettone e brindisi nel ricordo di avventure e aneddoti dei 5 anni trascorsi assieme&#8230;.. Bravi ragazzi,.auguri sinceri!<\/p>\n\n\t\t\t<style type='text\/css'>\n\t\t\t\t#gallery-3 {\n\t\t\t\t\tmargin: auto;\n\t\t\t\t}\n\t\t\t\t#gallery-3 .gallery-item {\n\t\t\t\t\tfloat: left;\n\t\t\t\t\tmargin-top: 10px;\n\t\t\t\t\ttext-align: center;\n\t\t\t\t\twidth: 25%;\n\t\t\t\t}\n\t\t\t\t#gallery-3 img {\n\t\t\t\t\tborder: 2px solid #cfcfcf;\n\t\t\t\t}\n\t\t\t\t#gallery-3 .gallery-caption {\n\t\t\t\t\tmargin-left: 0;\n\t\t\t\t}\n\t\t\t\t\/* see gallery_shortcode() in wp-includes\/media.php *\/\n\t\t\t<\/style>\n\t\t<div id='gallery-3' class='dt-gallery-container gallery galleryid-314344 gallery-columns-4 gallery-size-medium'><dl class='gallery-item'>\n\t\t\t\t<dt class='gallery-icon landscape'>\n\t\t\t\t\t<a class=\"rollover rollover-zoom dt-pswp-item\" title=\"443cd2d7-6f47-45ae-b99c-1be45db9f6b6\" data-dt-img-description=\"\" data-large_image_width=\"1600\" data-large_image_height=\"720\"href='https:\/\/www.radiopiu.net\/wordpress\/wp-content\/uploads\/2023\/01\/443cd2d7-6f47-45ae-b99c-1be45db9f6b6.jpg'><img loading=\"lazy\" decoding=\"async\" width=\"300\" height=\"135\" src=\"https:\/\/www.radiopiu.net\/wordpress\/wp-content\/uploads\/2023\/01\/443cd2d7-6f47-45ae-b99c-1be45db9f6b6-300x135.jpg\" class=\"attachment-medium size-medium\" alt=\"\" srcset=\"https:\/\/www.radiopiu.net\/wordpress\/wp-content\/uploads\/2023\/01\/443cd2d7-6f47-45ae-b99c-1be45db9f6b6-300x135.jpg 300w, https:\/\/www.radiopiu.net\/wordpress\/wp-content\/uploads\/2023\/01\/443cd2d7-6f47-45ae-b99c-1be45db9f6b6-1024x461.jpg 1024w, https:\/\/www.radiopiu.net\/wordpress\/wp-content\/uploads\/2023\/01\/443cd2d7-6f47-45ae-b99c-1be45db9f6b6-768x346.jpg 768w, https:\/\/www.radiopiu.net\/wordpress\/wp-content\/uploads\/2023\/01\/443cd2d7-6f47-45ae-b99c-1be45db9f6b6-1536x691.jpg 1536w, https:\/\/www.radiopiu.net\/wordpress\/wp-content\/uploads\/2023\/01\/443cd2d7-6f47-45ae-b99c-1be45db9f6b6.jpg 1600w\" sizes=\"auto, (max-width: 300px) 100vw, 300px\" \/><\/a>\n\t\t\t\t<\/dt><\/dl><dl class='gallery-item'>\n\t\t\t\t<dt class='gallery-icon landscape'>\n\t\t\t\t\t<a class=\"rollover rollover-zoom dt-pswp-item\" title=\"5ed07a29-1a42-4edb-b4ea-e2900f4b4504\" data-dt-img-description=\"\" data-large_image_width=\"1600\" data-large_image_height=\"720\"href='https:\/\/www.radiopiu.net\/wordpress\/wp-content\/uploads\/2023\/01\/5ed07a29-1a42-4edb-b4ea-e2900f4b4504.jpg'><img loading=\"lazy\" decoding=\"async\" width=\"300\" height=\"135\" src=\"https:\/\/www.radiopiu.net\/wordpress\/wp-content\/uploads\/2023\/01\/5ed07a29-1a42-4edb-b4ea-e2900f4b4504-300x135.jpg\" class=\"attachment-medium size-medium\" alt=\"\" srcset=\"https:\/\/www.radiopiu.net\/wordpress\/wp-content\/uploads\/2023\/01\/5ed07a29-1a42-4edb-b4ea-e2900f4b4504-300x135.jpg 300w, https:\/\/www.radiopiu.net\/wordpress\/wp-content\/uploads\/2023\/01\/5ed07a29-1a42-4edb-b4ea-e2900f4b4504-1024x461.jpg 1024w, https:\/\/www.radiopiu.net\/wordpress\/wp-content\/uploads\/2023\/01\/5ed07a29-1a42-4edb-b4ea-e2900f4b4504-768x346.jpg 768w, https:\/\/www.radiopiu.net\/wordpress\/wp-content\/uploads\/2023\/01\/5ed07a29-1a42-4edb-b4ea-e2900f4b4504-1536x691.jpg 1536w, https:\/\/www.radiopiu.net\/wordpress\/wp-content\/uploads\/2023\/01\/5ed07a29-1a42-4edb-b4ea-e2900f4b4504.jpg 1600w\" sizes=\"auto, (max-width: 300px) 100vw, 300px\" \/><\/a>\n\t\t\t\t<\/dt><\/dl><dl class='gallery-item'>\n\t\t\t\t<dt class='gallery-icon landscape'>\n\t\t\t\t\t<a class=\"rollover rollover-zoom dt-pswp-item\" title=\"2b62f97f-24cd-4212-af7e-f70192c331a8\" data-dt-img-description=\"\" data-large_image_width=\"1600\" data-large_image_height=\"1200\"href='https:\/\/www.radiopiu.net\/wordpress\/wp-content\/uploads\/2023\/01\/2b62f97f-24cd-4212-af7e-f70192c331a8.jpg'><img loading=\"lazy\" decoding=\"async\" width=\"300\" height=\"225\" src=\"https:\/\/www.radiopiu.net\/wordpress\/wp-content\/uploads\/2023\/01\/2b62f97f-24cd-4212-af7e-f70192c331a8-300x225.jpg\" class=\"attachment-medium size-medium\" alt=\"\" srcset=\"https:\/\/www.radiopiu.net\/wordpress\/wp-content\/uploads\/2023\/01\/2b62f97f-24cd-4212-af7e-f70192c331a8-300x225.jpg 300w, https:\/\/www.radiopiu.net\/wordpress\/wp-content\/uploads\/2023\/01\/2b62f97f-24cd-4212-af7e-f70192c331a8-1024x768.jpg 1024w, https:\/\/www.radiopiu.net\/wordpress\/wp-content\/uploads\/2023\/01\/2b62f97f-24cd-4212-af7e-f70192c331a8-768x576.jpg 768w, https:\/\/www.radiopiu.net\/wordpress\/wp-content\/uploads\/2023\/01\/2b62f97f-24cd-4212-af7e-f70192c331a8-1536x1152.jpg 1536w, https:\/\/www.radiopiu.net\/wordpress\/wp-content\/uploads\/2023\/01\/2b62f97f-24cd-4212-af7e-f70192c331a8.jpg 1600w\" sizes=\"auto, (max-width: 300px) 100vw, 300px\" \/><\/a>\n\t\t\t\t<\/dt><\/dl><dl class='gallery-item'>\n\t\t\t\t<dt class='gallery-icon landscape'>\n\t\t\t\t\t<a class=\"rollover rollover-zoom dt-pswp-item\" title=\"Schermata 2023-01-01 alle 16.21.57\" data-dt-img-description=\"\" data-large_image_width=\"1294\" data-large_image_height=\"818\"href='https:\/\/www.radiopiu.net\/wordpress\/wp-content\/uploads\/2023\/01\/Schermata-2023-01-01-alle-16.21.57.png'><img loading=\"lazy\" decoding=\"async\" width=\"300\" height=\"190\" src=\"https:\/\/www.radiopiu.net\/wordpress\/wp-content\/uploads\/2023\/01\/Schermata-2023-01-01-alle-16.21.57-300x190.png\" class=\"attachment-medium size-medium\" alt=\"\" srcset=\"https:\/\/www.radiopiu.net\/wordpress\/wp-content\/uploads\/2023\/01\/Schermata-2023-01-01-alle-16.21.57-300x190.png 300w, https:\/\/www.radiopiu.net\/wordpress\/wp-content\/uploads\/2023\/01\/Schermata-2023-01-01-alle-16.21.57-1024x647.png 1024w, https:\/\/www.radiopiu.net\/wordpress\/wp-content\/uploads\/2023\/01\/Schermata-2023-01-01-alle-16.21.57-768x485.png 768w, https:\/\/www.radiopiu.net\/wordpress\/wp-content\/uploads\/2023\/01\/Schermata-2023-01-01-alle-16.21.57.png 1294w\" sizes=\"auto, (max-width: 300px) 100vw, 300px\" \/><\/a>\n\t\t\t\t<\/dt><\/dl><br style=\"clear: both\" \/>\n\t\t\t<\/div>\n\n<p>&nbsp;<\/p>\n<p>&nbsp;<\/p>\n<p>&nbsp;<\/p>\n<p>&nbsp;<\/p>\n<p>&nbsp;<\/p>\n<hr \/>\n<p>&nbsp;<\/p>\n<blockquote>\n<h3 class=\"entry-title\">TRAUMA AD UNA CAVIGLA PER UN\u2019ESCURSIONISTA SULLA STRADA DEL MONTE PIANA<\/h3>\n<\/blockquote>\n<p><strong>AURONZO<\/strong> Sabato mattina verso le 10.30 il Soccorso alpino di Auronzo \u00e8 intervenuto in aiuto di un\u2019escursionista di Mogliano Veneto (TV), che si era procurata un probabile trauma alla caviglia lungo la strada del Monte Piana, a chiamare il 118 un familiare. A provvedere al recupero della 68enna, una squadra avvicinatasi in motoslitta. Trasportata a Misurina, la donna \u00e8 stata affidata all\u2019ambulanza partita in direzione di Cortina.<\/p>\n<p>&nbsp;<\/p>\n<p>&nbsp;<\/p>\n<hr \/>\n<p>&nbsp;<\/p>\n<blockquote>\n<h3 class=\"entry-title\">RECUPERATO SCIALPINISTA INFORTUNATO<\/h3>\n<\/blockquote>\n<p><strong>FALCADE\u00a0<\/strong> \u00a0Attorno alle 16.20 di sabato la Centrale del Suem ha allertato il Soccorso alpino della Val Biois, per uno scialpinista infortunatosi in Val Focobon. Partito dalla Val Venegia, il 28enne di Agordo (BL) assieme a un amico era salito sulla Forcella delle Farangole, per poi scendere e risalire in cima al Mulaz. Durante la discesa verso Falcade, lo sciatore si \u00e8 per\u00f2 procurato una sospetta distorsione al ginocchio, che gli ha impedito di proseguire. Recuperato dall\u2019elicottero dell\u2019Aiut Alpin Dolomites di Bolzano, il ragazzo \u00e8 stato trasportato all\u2019ospedale di Belluno. Grazie alla motoslitta messa gentilmente a disposizione dagli impianti Falcade Col Margherita, una squadra di soccorritori \u00e8 andata incontro al compagno, per poi riaccompagnarlo a Falcade.<\/p>\n<p>&nbsp;<\/p>\n<p>&nbsp;<\/p>\n<hr \/>\n<p>&nbsp;<\/p>\n<blockquote>\n<h3>COPPIA IN DIFFICOLTA&#8217; AL RIENTRO DAL RIFUGIO AURONZO<\/h3>\n<\/blockquote>\n<p><strong>AURONZO<\/strong> Sabato verso le 17 il Soccorso alpino di Auronzo \u00e8 stato attivato per una coppia di escursionisti in difficolt\u00e0 al rientro dal Rifugio Auronzo. La donna, durante la discesa, aveva infatti manifestato problemi legati al freddo. Una squadra \u00e8 andata loro incontro raggiungendoli in prossimit\u00e0 del Lago di Antorno e riaccompagnandoli alla macchina.<\/p>\n<p>&nbsp;<\/p>\n<p>&nbsp;<\/p>\n<hr \/>\n<p>&nbsp;<\/p>\n<blockquote>\n<h3>RECUPERATO IL PIPER DELL&#8217;EROINA SILVIA DE BON<\/h3>\n<\/blockquote>\n<p>&nbsp;<\/p>\n<p><a class=\"dt-pswp-item\" href=\"https:\/\/www.radiopiu.net\/wordpress\/wp-content\/uploads\/2023\/01\/Senza-nome-1.jpg\" data-dt-img-description=\"\" data-large_image_width=\"464\" data-large_image_height=\"185\"><img loading=\"lazy\" decoding=\"async\" class=\"size-medium wp-image-314517 alignleft\" src=\"https:\/\/www.radiopiu.net\/wordpress\/wp-content\/uploads\/2023\/01\/Senza-nome-1-300x120.jpg\" alt=\"\" width=\"300\" height=\"120\" srcset=\"https:\/\/www.radiopiu.net\/wordpress\/wp-content\/uploads\/2023\/01\/Senza-nome-1-300x120.jpg 300w, https:\/\/www.radiopiu.net\/wordpress\/wp-content\/uploads\/2023\/01\/Senza-nome-1.jpg 464w\" sizes=\"auto, (max-width: 300px) 100vw, 300px\" \/><\/a><strong>PREDAZZO- BELLUNO<\/strong> Il Piper di Silvia De Bon \u00e8 stato smontato dopo il recupero sul Lagorai e caricato su un camion per il ritorno all&#8217;aeroporto Arturo Dell&#8217;Oro. In corso\u00a0 le indagini per capire cosa possa essere successo, prima dell&#8217;atterraggio di fortuna in Trentino.<\/p>\n<p>&nbsp;<\/p>\n<p>&nbsp;<\/p>\n<hr \/>\n<p>&nbsp;<\/p>\n<blockquote>\n<h3>CAPODANNO A FALCADE&#8230;MIGLIAIA IN PIAZZA &#8220;ABBIAMO FATTO IL PIENO&#8221; DI BUON AUSPICIO PER IL 2023<\/h3>\n<\/blockquote>\n<p>Un successo. Come negli anni precedenti, pi\u00f9 degli anni precedenti. La musica, i brindisi, lo spettacolo dei fuochi artiticiali. Alla grande con Promo Falcade, Albergatori, Rifugisti, Attivit\u00e0 Commerciali, Proloco di Caviola, Comune, l&#8217;esercito dei volontari!!! E ovviamente la RADIOPIU che ha aperto il 40esimo anno tra auguri e bagno di folla.<br \/>\nUn successo, ma lo testimoniano foto e video!!!!<\/p>\n<p><strong>LA DIRETTA ALLA RADIO&#8230;<span style=\"color: #0000ff;\"><a style=\"color: #0000ff;\" href=\"https:\/\/www.facebook.com\/mirko.mezzacasa\/videos\/1159444281426820\"> CLICCA QUI (VIDEO DI UN&#8217;ORA<\/a><\/span><\/strong><\/p>\n<p>&nbsp;<\/p>\n<p>&nbsp;<\/p>\n\n\t\t\t<style type='text\/css'>\n\t\t\t\t#gallery-4 {\n\t\t\t\t\tmargin: auto;\n\t\t\t\t}\n\t\t\t\t#gallery-4 .gallery-item {\n\t\t\t\t\tfloat: left;\n\t\t\t\t\tmargin-top: 10px;\n\t\t\t\t\ttext-align: center;\n\t\t\t\t\twidth: 25%;\n\t\t\t\t}\n\t\t\t\t#gallery-4 img {\n\t\t\t\t\tborder: 2px solid #cfcfcf;\n\t\t\t\t}\n\t\t\t\t#gallery-4 .gallery-caption {\n\t\t\t\t\tmargin-left: 0;\n\t\t\t\t}\n\t\t\t\t\/* see gallery_shortcode() in wp-includes\/media.php *\/\n\t\t\t<\/style>\n\t\t<div id='gallery-4' class='dt-gallery-container gallery galleryid-314344 gallery-columns-4 gallery-size-medium'><dl class='gallery-item'>\n\t\t\t\t<dt class='gallery-icon landscape'>\n\t\t\t\t\t<a class=\"rollover rollover-zoom dt-pswp-item\" title=\"b36a2434-7a8d-4056-a301-76569e261122\" data-dt-img-description=\"\" data-large_image_width=\"1600\" data-large_image_height=\"900\"href='https:\/\/www.radiopiu.net\/wordpress\/wp-content\/uploads\/2023\/01\/b36a2434-7a8d-4056-a301-76569e261122.jpg'><img loading=\"lazy\" decoding=\"async\" width=\"300\" height=\"169\" src=\"https:\/\/www.radiopiu.net\/wordpress\/wp-content\/uploads\/2023\/01\/b36a2434-7a8d-4056-a301-76569e261122-300x169.jpg\" class=\"attachment-medium size-medium\" alt=\"\" srcset=\"https:\/\/www.radiopiu.net\/wordpress\/wp-content\/uploads\/2023\/01\/b36a2434-7a8d-4056-a301-76569e261122-300x169.jpg 300w, https:\/\/www.radiopiu.net\/wordpress\/wp-content\/uploads\/2023\/01\/b36a2434-7a8d-4056-a301-76569e261122-1024x576.jpg 1024w, https:\/\/www.radiopiu.net\/wordpress\/wp-content\/uploads\/2023\/01\/b36a2434-7a8d-4056-a301-76569e261122-768x432.jpg 768w, https:\/\/www.radiopiu.net\/wordpress\/wp-content\/uploads\/2023\/01\/b36a2434-7a8d-4056-a301-76569e261122-1536x864.jpg 1536w, https:\/\/www.radiopiu.net\/wordpress\/wp-content\/uploads\/2023\/01\/b36a2434-7a8d-4056-a301-76569e261122.jpg 1600w\" sizes=\"auto, (max-width: 300px) 100vw, 300px\" \/><\/a>\n\t\t\t\t<\/dt><\/dl><dl class='gallery-item'>\n\t\t\t\t<dt class='gallery-icon landscape'>\n\t\t\t\t\t<a class=\"rollover rollover-zoom dt-pswp-item\" title=\"WhatsApp Image 2023-01-01 at 00.12.12\" data-dt-img-description=\"\" data-large_image_width=\"1600\" data-large_image_height=\"900\"href='https:\/\/www.radiopiu.net\/wordpress\/wp-content\/uploads\/2023\/01\/WhatsApp-Image-2023-01-01-at-00.12.12.jpeg'><img loading=\"lazy\" decoding=\"async\" width=\"300\" height=\"169\" src=\"https:\/\/www.radiopiu.net\/wordpress\/wp-content\/uploads\/2023\/01\/WhatsApp-Image-2023-01-01-at-00.12.12-300x169.jpeg\" class=\"attachment-medium size-medium\" alt=\"\" srcset=\"https:\/\/www.radiopiu.net\/wordpress\/wp-content\/uploads\/2023\/01\/WhatsApp-Image-2023-01-01-at-00.12.12-300x169.jpeg 300w, https:\/\/www.radiopiu.net\/wordpress\/wp-content\/uploads\/2023\/01\/WhatsApp-Image-2023-01-01-at-00.12.12-1024x576.jpeg 1024w, https:\/\/www.radiopiu.net\/wordpress\/wp-content\/uploads\/2023\/01\/WhatsApp-Image-2023-01-01-at-00.12.12-768x432.jpeg 768w, https:\/\/www.radiopiu.net\/wordpress\/wp-content\/uploads\/2023\/01\/WhatsApp-Image-2023-01-01-at-00.12.12-1536x864.jpeg 1536w, https:\/\/www.radiopiu.net\/wordpress\/wp-content\/uploads\/2023\/01\/WhatsApp-Image-2023-01-01-at-00.12.12.jpeg 1600w\" sizes=\"auto, (max-width: 300px) 100vw, 300px\" \/><\/a>\n\t\t\t\t<\/dt><\/dl><dl class='gallery-item'>\n\t\t\t\t<dt class='gallery-icon landscape'>\n\t\t\t\t\t<a class=\"rollover rollover-zoom dt-pswp-item\" title=\"d9de2e6c-3271-4d45-b9f7-90b8bf9307d5\" data-dt-img-description=\"\" data-large_image_width=\"1600\" data-large_image_height=\"900\"href='https:\/\/www.radiopiu.net\/wordpress\/wp-content\/uploads\/2023\/01\/d9de2e6c-3271-4d45-b9f7-90b8bf9307d5.jpg'><img loading=\"lazy\" decoding=\"async\" width=\"300\" height=\"169\" src=\"https:\/\/www.radiopiu.net\/wordpress\/wp-content\/uploads\/2023\/01\/d9de2e6c-3271-4d45-b9f7-90b8bf9307d5-300x169.jpg\" class=\"attachment-medium size-medium\" alt=\"\" srcset=\"https:\/\/www.radiopiu.net\/wordpress\/wp-content\/uploads\/2023\/01\/d9de2e6c-3271-4d45-b9f7-90b8bf9307d5-300x169.jpg 300w, https:\/\/www.radiopiu.net\/wordpress\/wp-content\/uploads\/2023\/01\/d9de2e6c-3271-4d45-b9f7-90b8bf9307d5-1024x576.jpg 1024w, https:\/\/www.radiopiu.net\/wordpress\/wp-content\/uploads\/2023\/01\/d9de2e6c-3271-4d45-b9f7-90b8bf9307d5-768x432.jpg 768w, https:\/\/www.radiopiu.net\/wordpress\/wp-content\/uploads\/2023\/01\/d9de2e6c-3271-4d45-b9f7-90b8bf9307d5-1536x864.jpg 1536w, https:\/\/www.radiopiu.net\/wordpress\/wp-content\/uploads\/2023\/01\/d9de2e6c-3271-4d45-b9f7-90b8bf9307d5.jpg 1600w\" sizes=\"auto, (max-width: 300px) 100vw, 300px\" \/><\/a>\n\t\t\t\t<\/dt><\/dl><dl class='gallery-item'>\n\t\t\t\t<dt class='gallery-icon landscape'>\n\t\t\t\t\t<a class=\"rollover rollover-zoom dt-pswp-item\" title=\"d039ec9d-e8e4-4215-8b57-cf4e47d3cd1a\" data-dt-img-description=\"\" data-large_image_width=\"1600\" data-large_image_height=\"900\"href='https:\/\/www.radiopiu.net\/wordpress\/wp-content\/uploads\/2023\/01\/d039ec9d-e8e4-4215-8b57-cf4e47d3cd1a.jpg'><img loading=\"lazy\" decoding=\"async\" width=\"300\" height=\"169\" src=\"https:\/\/www.radiopiu.net\/wordpress\/wp-content\/uploads\/2023\/01\/d039ec9d-e8e4-4215-8b57-cf4e47d3cd1a-300x169.jpg\" class=\"attachment-medium size-medium\" alt=\"\" srcset=\"https:\/\/www.radiopiu.net\/wordpress\/wp-content\/uploads\/2023\/01\/d039ec9d-e8e4-4215-8b57-cf4e47d3cd1a-300x169.jpg 300w, https:\/\/www.radiopiu.net\/wordpress\/wp-content\/uploads\/2023\/01\/d039ec9d-e8e4-4215-8b57-cf4e47d3cd1a-1024x576.jpg 1024w, https:\/\/www.radiopiu.net\/wordpress\/wp-content\/uploads\/2023\/01\/d039ec9d-e8e4-4215-8b57-cf4e47d3cd1a-768x432.jpg 768w, https:\/\/www.radiopiu.net\/wordpress\/wp-content\/uploads\/2023\/01\/d039ec9d-e8e4-4215-8b57-cf4e47d3cd1a-1536x864.jpg 1536w, https:\/\/www.radiopiu.net\/wordpress\/wp-content\/uploads\/2023\/01\/d039ec9d-e8e4-4215-8b57-cf4e47d3cd1a.jpg 1600w\" sizes=\"auto, (max-width: 300px) 100vw, 300px\" \/><\/a>\n\t\t\t\t<\/dt><\/dl><br style=\"clear: both\" \/><dl class='gallery-item'>\n\t\t\t\t<dt class='gallery-icon landscape'>\n\t\t\t\t\t<a class=\"rollover rollover-zoom dt-pswp-item\" title=\"e157f5cd-5377-4fd5-8b8f-4d464a52bda9\" data-dt-img-description=\"\" data-large_image_width=\"1600\" data-large_image_height=\"900\"href='https:\/\/www.radiopiu.net\/wordpress\/wp-content\/uploads\/2023\/01\/e157f5cd-5377-4fd5-8b8f-4d464a52bda9.jpg'><img loading=\"lazy\" decoding=\"async\" width=\"300\" height=\"169\" src=\"https:\/\/www.radiopiu.net\/wordpress\/wp-content\/uploads\/2023\/01\/e157f5cd-5377-4fd5-8b8f-4d464a52bda9-300x169.jpg\" class=\"attachment-medium size-medium\" alt=\"\" srcset=\"https:\/\/www.radiopiu.net\/wordpress\/wp-content\/uploads\/2023\/01\/e157f5cd-5377-4fd5-8b8f-4d464a52bda9-300x169.jpg 300w, https:\/\/www.radiopiu.net\/wordpress\/wp-content\/uploads\/2023\/01\/e157f5cd-5377-4fd5-8b8f-4d464a52bda9-1024x576.jpg 1024w, https:\/\/www.radiopiu.net\/wordpress\/wp-content\/uploads\/2023\/01\/e157f5cd-5377-4fd5-8b8f-4d464a52bda9-768x432.jpg 768w, https:\/\/www.radiopiu.net\/wordpress\/wp-content\/uploads\/2023\/01\/e157f5cd-5377-4fd5-8b8f-4d464a52bda9-1536x864.jpg 1536w, https:\/\/www.radiopiu.net\/wordpress\/wp-content\/uploads\/2023\/01\/e157f5cd-5377-4fd5-8b8f-4d464a52bda9.jpg 1600w\" sizes=\"auto, (max-width: 300px) 100vw, 300px\" \/><\/a>\n\t\t\t\t<\/dt><\/dl><dl class='gallery-item'>\n\t\t\t\t<dt class='gallery-icon landscape'>\n\t\t\t\t\t<a class=\"rollover rollover-zoom dt-pswp-item\" title=\"f9df2060-4d79-4f8d-9afc-bb72082a7823\" data-dt-img-description=\"\" data-large_image_width=\"1600\" data-large_image_height=\"900\"href='https:\/\/www.radiopiu.net\/wordpress\/wp-content\/uploads\/2023\/01\/f9df2060-4d79-4f8d-9afc-bb72082a7823.jpg'><img loading=\"lazy\" decoding=\"async\" width=\"300\" height=\"169\" src=\"https:\/\/www.radiopiu.net\/wordpress\/wp-content\/uploads\/2023\/01\/f9df2060-4d79-4f8d-9afc-bb72082a7823-300x169.jpg\" class=\"attachment-medium size-medium\" alt=\"\" srcset=\"https:\/\/www.radiopiu.net\/wordpress\/wp-content\/uploads\/2023\/01\/f9df2060-4d79-4f8d-9afc-bb72082a7823-300x169.jpg 300w, https:\/\/www.radiopiu.net\/wordpress\/wp-content\/uploads\/2023\/01\/f9df2060-4d79-4f8d-9afc-bb72082a7823-1024x576.jpg 1024w, https:\/\/www.radiopiu.net\/wordpress\/wp-content\/uploads\/2023\/01\/f9df2060-4d79-4f8d-9afc-bb72082a7823-768x432.jpg 768w, https:\/\/www.radiopiu.net\/wordpress\/wp-content\/uploads\/2023\/01\/f9df2060-4d79-4f8d-9afc-bb72082a7823-1536x864.jpg 1536w, https:\/\/www.radiopiu.net\/wordpress\/wp-content\/uploads\/2023\/01\/f9df2060-4d79-4f8d-9afc-bb72082a7823.jpg 1600w\" sizes=\"auto, (max-width: 300px) 100vw, 300px\" \/><\/a>\n\t\t\t\t<\/dt><\/dl><dl class='gallery-item'>\n\t\t\t\t<dt class='gallery-icon landscape'>\n\t\t\t\t\t<a class=\"rollover rollover-zoom dt-pswp-item\" title=\"fe10641e-c4db-4746-a49b-6d6005b65951\" data-dt-img-description=\"\" data-large_image_width=\"1600\" data-large_image_height=\"900\"href='https:\/\/www.radiopiu.net\/wordpress\/wp-content\/uploads\/2023\/01\/fe10641e-c4db-4746-a49b-6d6005b65951.jpg'><img loading=\"lazy\" decoding=\"async\" width=\"300\" height=\"169\" src=\"https:\/\/www.radiopiu.net\/wordpress\/wp-content\/uploads\/2023\/01\/fe10641e-c4db-4746-a49b-6d6005b65951-300x169.jpg\" class=\"attachment-medium size-medium\" alt=\"\" srcset=\"https:\/\/www.radiopiu.net\/wordpress\/wp-content\/uploads\/2023\/01\/fe10641e-c4db-4746-a49b-6d6005b65951-300x169.jpg 300w, https:\/\/www.radiopiu.net\/wordpress\/wp-content\/uploads\/2023\/01\/fe10641e-c4db-4746-a49b-6d6005b65951-1024x576.jpg 1024w, https:\/\/www.radiopiu.net\/wordpress\/wp-content\/uploads\/2023\/01\/fe10641e-c4db-4746-a49b-6d6005b65951-768x432.jpg 768w, https:\/\/www.radiopiu.net\/wordpress\/wp-content\/uploads\/2023\/01\/fe10641e-c4db-4746-a49b-6d6005b65951-1536x864.jpg 1536w, https:\/\/www.radiopiu.net\/wordpress\/wp-content\/uploads\/2023\/01\/fe10641e-c4db-4746-a49b-6d6005b65951.jpg 1600w\" sizes=\"auto, (max-width: 300px) 100vw, 300px\" \/><\/a>\n\t\t\t\t<\/dt><\/dl><dl class='gallery-item'>\n\t\t\t\t<dt class='gallery-icon landscape'>\n\t\t\t\t\t<a class=\"rollover rollover-zoom dt-pswp-item\" title=\"02d945d4-b822-4577-9e0d-b7b431da7dbe\" data-dt-img-description=\"\" data-large_image_width=\"1600\" data-large_image_height=\"900\"href='https:\/\/www.radiopiu.net\/wordpress\/wp-content\/uploads\/2023\/01\/02d945d4-b822-4577-9e0d-b7b431da7dbe.jpg'><img loading=\"lazy\" decoding=\"async\" width=\"300\" height=\"169\" src=\"https:\/\/www.radiopiu.net\/wordpress\/wp-content\/uploads\/2023\/01\/02d945d4-b822-4577-9e0d-b7b431da7dbe-300x169.jpg\" class=\"attachment-medium size-medium\" alt=\"\" srcset=\"https:\/\/www.radiopiu.net\/wordpress\/wp-content\/uploads\/2023\/01\/02d945d4-b822-4577-9e0d-b7b431da7dbe-300x169.jpg 300w, https:\/\/www.radiopiu.net\/wordpress\/wp-content\/uploads\/2023\/01\/02d945d4-b822-4577-9e0d-b7b431da7dbe-1024x576.jpg 1024w, https:\/\/www.radiopiu.net\/wordpress\/wp-content\/uploads\/2023\/01\/02d945d4-b822-4577-9e0d-b7b431da7dbe-768x432.jpg 768w, https:\/\/www.radiopiu.net\/wordpress\/wp-content\/uploads\/2023\/01\/02d945d4-b822-4577-9e0d-b7b431da7dbe-1536x864.jpg 1536w, https:\/\/www.radiopiu.net\/wordpress\/wp-content\/uploads\/2023\/01\/02d945d4-b822-4577-9e0d-b7b431da7dbe.jpg 1600w\" sizes=\"auto, (max-width: 300px) 100vw, 300px\" \/><\/a>\n\t\t\t\t<\/dt><\/dl><br style=\"clear: both\" \/><dl class='gallery-item'>\n\t\t\t\t<dt class='gallery-icon landscape'>\n\t\t\t\t\t<a class=\"rollover rollover-zoom dt-pswp-item\" title=\"7b4ef152-93cb-4c3e-8ca9-8d7494db0877\" data-dt-img-description=\"\" data-large_image_width=\"1600\" data-large_image_height=\"900\"href='https:\/\/www.radiopiu.net\/wordpress\/wp-content\/uploads\/2023\/01\/7b4ef152-93cb-4c3e-8ca9-8d7494db0877.jpg'><img loading=\"lazy\" decoding=\"async\" width=\"300\" height=\"169\" src=\"https:\/\/www.radiopiu.net\/wordpress\/wp-content\/uploads\/2023\/01\/7b4ef152-93cb-4c3e-8ca9-8d7494db0877-300x169.jpg\" class=\"attachment-medium size-medium\" alt=\"\" srcset=\"https:\/\/www.radiopiu.net\/wordpress\/wp-content\/uploads\/2023\/01\/7b4ef152-93cb-4c3e-8ca9-8d7494db0877-300x169.jpg 300w, https:\/\/www.radiopiu.net\/wordpress\/wp-content\/uploads\/2023\/01\/7b4ef152-93cb-4c3e-8ca9-8d7494db0877-1024x576.jpg 1024w, https:\/\/www.radiopiu.net\/wordpress\/wp-content\/uploads\/2023\/01\/7b4ef152-93cb-4c3e-8ca9-8d7494db0877-768x432.jpg 768w, https:\/\/www.radiopiu.net\/wordpress\/wp-content\/uploads\/2023\/01\/7b4ef152-93cb-4c3e-8ca9-8d7494db0877-1536x864.jpg 1536w, https:\/\/www.radiopiu.net\/wordpress\/wp-content\/uploads\/2023\/01\/7b4ef152-93cb-4c3e-8ca9-8d7494db0877.jpg 1600w\" sizes=\"auto, (max-width: 300px) 100vw, 300px\" \/><\/a>\n\t\t\t\t<\/dt><\/dl><dl class='gallery-item'>\n\t\t\t\t<dt class='gallery-icon landscape'>\n\t\t\t\t\t<a class=\"rollover rollover-zoom dt-pswp-item\" title=\"7e90d6bf-fad5-4c02-8115-cc13d897c4c1\" data-dt-img-description=\"\" data-large_image_width=\"1600\" data-large_image_height=\"900\"href='https:\/\/www.radiopiu.net\/wordpress\/wp-content\/uploads\/2023\/01\/7e90d6bf-fad5-4c02-8115-cc13d897c4c1.jpg'><img loading=\"lazy\" decoding=\"async\" width=\"300\" height=\"169\" src=\"https:\/\/www.radiopiu.net\/wordpress\/wp-content\/uploads\/2023\/01\/7e90d6bf-fad5-4c02-8115-cc13d897c4c1-300x169.jpg\" class=\"attachment-medium size-medium\" alt=\"\" srcset=\"https:\/\/www.radiopiu.net\/wordpress\/wp-content\/uploads\/2023\/01\/7e90d6bf-fad5-4c02-8115-cc13d897c4c1-300x169.jpg 300w, https:\/\/www.radiopiu.net\/wordpress\/wp-content\/uploads\/2023\/01\/7e90d6bf-fad5-4c02-8115-cc13d897c4c1-1024x576.jpg 1024w, https:\/\/www.radiopiu.net\/wordpress\/wp-content\/uploads\/2023\/01\/7e90d6bf-fad5-4c02-8115-cc13d897c4c1-768x432.jpg 768w, https:\/\/www.radiopiu.net\/wordpress\/wp-content\/uploads\/2023\/01\/7e90d6bf-fad5-4c02-8115-cc13d897c4c1-1536x864.jpg 1536w, https:\/\/www.radiopiu.net\/wordpress\/wp-content\/uploads\/2023\/01\/7e90d6bf-fad5-4c02-8115-cc13d897c4c1.jpg 1600w\" sizes=\"auto, (max-width: 300px) 100vw, 300px\" \/><\/a>\n\t\t\t\t<\/dt><\/dl><dl class='gallery-item'>\n\t\t\t\t<dt class='gallery-icon landscape'>\n\t\t\t\t\t<a class=\"rollover rollover-zoom dt-pswp-item\" title=\"08adc0cb-5d5d-4c14-a8d8-50f579b6bf7f\" data-dt-img-description=\"\" data-large_image_width=\"1600\" data-large_image_height=\"900\"href='https:\/\/www.radiopiu.net\/wordpress\/wp-content\/uploads\/2023\/01\/08adc0cb-5d5d-4c14-a8d8-50f579b6bf7f.jpg'><img loading=\"lazy\" decoding=\"async\" width=\"300\" height=\"169\" src=\"https:\/\/www.radiopiu.net\/wordpress\/wp-content\/uploads\/2023\/01\/08adc0cb-5d5d-4c14-a8d8-50f579b6bf7f-300x169.jpg\" class=\"attachment-medium size-medium\" alt=\"\" srcset=\"https:\/\/www.radiopiu.net\/wordpress\/wp-content\/uploads\/2023\/01\/08adc0cb-5d5d-4c14-a8d8-50f579b6bf7f-300x169.jpg 300w, https:\/\/www.radiopiu.net\/wordpress\/wp-content\/uploads\/2023\/01\/08adc0cb-5d5d-4c14-a8d8-50f579b6bf7f-1024x576.jpg 1024w, https:\/\/www.radiopiu.net\/wordpress\/wp-content\/uploads\/2023\/01\/08adc0cb-5d5d-4c14-a8d8-50f579b6bf7f-768x432.jpg 768w, https:\/\/www.radiopiu.net\/wordpress\/wp-content\/uploads\/2023\/01\/08adc0cb-5d5d-4c14-a8d8-50f579b6bf7f-1536x864.jpg 1536w, https:\/\/www.radiopiu.net\/wordpress\/wp-content\/uploads\/2023\/01\/08adc0cb-5d5d-4c14-a8d8-50f579b6bf7f.jpg 1600w\" sizes=\"auto, (max-width: 300px) 100vw, 300px\" \/><\/a>\n\t\t\t\t<\/dt><\/dl><dl class='gallery-item'>\n\t\t\t\t<dt class='gallery-icon landscape'>\n\t\t\t\t\t<a class=\"rollover rollover-zoom dt-pswp-item\" title=\"998e5bed-a040-4a4f-95bb-67ee9ed759d0\" data-dt-img-description=\"\" data-large_image_width=\"1600\" data-large_image_height=\"900\"href='https:\/\/www.radiopiu.net\/wordpress\/wp-content\/uploads\/2023\/01\/998e5bed-a040-4a4f-95bb-67ee9ed759d0.jpg'><img loading=\"lazy\" decoding=\"async\" width=\"300\" height=\"169\" src=\"https:\/\/www.radiopiu.net\/wordpress\/wp-content\/uploads\/2023\/01\/998e5bed-a040-4a4f-95bb-67ee9ed759d0-300x169.jpg\" class=\"attachment-medium size-medium\" alt=\"\" srcset=\"https:\/\/www.radiopiu.net\/wordpress\/wp-content\/uploads\/2023\/01\/998e5bed-a040-4a4f-95bb-67ee9ed759d0-300x169.jpg 300w, https:\/\/www.radiopiu.net\/wordpress\/wp-content\/uploads\/2023\/01\/998e5bed-a040-4a4f-95bb-67ee9ed759d0-1024x576.jpg 1024w, https:\/\/www.radiopiu.net\/wordpress\/wp-content\/uploads\/2023\/01\/998e5bed-a040-4a4f-95bb-67ee9ed759d0-768x432.jpg 768w, https:\/\/www.radiopiu.net\/wordpress\/wp-content\/uploads\/2023\/01\/998e5bed-a040-4a4f-95bb-67ee9ed759d0-1536x864.jpg 1536w, https:\/\/www.radiopiu.net\/wordpress\/wp-content\/uploads\/2023\/01\/998e5bed-a040-4a4f-95bb-67ee9ed759d0.jpg 1600w\" sizes=\"auto, (max-width: 300px) 100vw, 300px\" \/><\/a>\n\t\t\t\t<\/dt><\/dl><br style=\"clear: both\" \/>\n\t\t\t<\/div>\n\n<div style=\"width: 848px;\" class=\"wp-video\"><video class=\"wp-video-shortcode\" id=\"video-314344-1\" width=\"848\" height=\"480\" preload=\"metadata\" controls=\"controls\"><source type=\"video\/mp4\" src=\"https:\/\/www.radiopiu.net\/wordpress\/wp-content\/uploads\/2023\/01\/WhatsApp-Video-2023-01-01-at-00.38.35.mp4?_=1\" \/><a href=\"https:\/\/www.radiopiu.net\/wordpress\/wp-content\/uploads\/2023\/01\/WhatsApp-Video-2023-01-01-at-00.38.35.mp4\">https:\/\/www.radiopiu.net\/wordpress\/wp-content\/uploads\/2023\/01\/WhatsApp-Video-2023-01-01-at-00.38.35.mp4<\/a><\/video><\/div>\n<div style=\"width: 848px;\" class=\"wp-video\"><video class=\"wp-video-shortcode\" id=\"video-314344-2\" width=\"848\" height=\"480\" preload=\"metadata\" controls=\"controls\"><source type=\"video\/mp4\" src=\"https:\/\/www.radiopiu.net\/wordpress\/wp-content\/uploads\/2023\/01\/WhatsApp-Video-2022-12-31-at-21.52.13.mp4?_=2\" \/><a href=\"https:\/\/www.radiopiu.net\/wordpress\/wp-content\/uploads\/2023\/01\/WhatsApp-Video-2022-12-31-at-21.52.13.mp4\">https:\/\/www.radiopiu.net\/wordpress\/wp-content\/uploads\/2023\/01\/WhatsApp-Video-2022-12-31-at-21.52.13.mp4<\/a><\/video><\/div>\n<p>&nbsp;<\/p>\n<hr \/>\n<p>&nbsp;<\/p>\n<h2><span style=\"color: #ff0000;\"><strong>QUATTRO GIORNI FA\u00a0 ALLA RADIO<\/strong><\/span><\/h2>\n<p><strong>NOTIZIARIO DEL 30 DICEMBRE 2022<\/strong><\/p>\n<p>&nbsp;<\/p>\n<blockquote>\n<h3>LA FESTA SOTTO L&#8217;ALBERO A SAN CIPRIANO<\/h3>\n<\/blockquote>\n<p><strong>TAIBON<\/strong> Grande festa sotto l\u2019albero in Piazza San Cipriano a Taibon. I volontari della frazione hanno allestito come ogni anno l\u2019albero di Natale e, dopo due anni di assenza a causa del covid, hanno organizzato la festa per salutare l\u2019anno appena passato. Tanta la gente accorsa per scambiarsi gli auguri e bere qualcosa di caldo. Dopo la messa nella chiesa di San Cipriano, tutti si sono ritrovati sotto l\u2019albero per mangiare la porchetta, gli arrosticini di Livio o un piatto di minestra d\u2019orzo. Un momento conviviale che ha richiamato non solo i taiboner ma anche persone arrivate dai paesi limitrofi.<\/p>\n\n\t\t\t<style type='text\/css'>\n\t\t\t\t#gallery-5 {\n\t\t\t\t\tmargin: auto;\n\t\t\t\t}\n\t\t\t\t#gallery-5 .gallery-item {\n\t\t\t\t\tfloat: left;\n\t\t\t\t\tmargin-top: 10px;\n\t\t\t\t\ttext-align: center;\n\t\t\t\t\twidth: 20%;\n\t\t\t\t}\n\t\t\t\t#gallery-5 img {\n\t\t\t\t\tborder: 2px solid #cfcfcf;\n\t\t\t\t}\n\t\t\t\t#gallery-5 .gallery-caption {\n\t\t\t\t\tmargin-left: 0;\n\t\t\t\t}\n\t\t\t\t\/* see gallery_shortcode() in wp-includes\/media.php *\/\n\t\t\t<\/style>\n\t\t<div id='gallery-5' class='dt-gallery-container gallery galleryid-314344 gallery-columns-5 gallery-size-medium'><dl class='gallery-item'>\n\t\t\t\t<dt class='gallery-icon landscape'>\n\t\t\t\t\t<a class=\"rollover rollover-zoom dt-pswp-item\" title=\"c01f0b70-9e15-4aee-9758-e081344de89f\" data-dt-img-description=\"\" data-large_image_width=\"1024\" data-large_image_height=\"768\"href='https:\/\/www.radiopiu.net\/wordpress\/wp-content\/uploads\/2022\/12\/c01f0b70-9e15-4aee-9758-e081344de89f.jpg'><img loading=\"lazy\" decoding=\"async\" width=\"300\" height=\"225\" src=\"https:\/\/www.radiopiu.net\/wordpress\/wp-content\/uploads\/2022\/12\/c01f0b70-9e15-4aee-9758-e081344de89f-300x225.jpg\" class=\"attachment-medium size-medium\" alt=\"\" srcset=\"https:\/\/www.radiopiu.net\/wordpress\/wp-content\/uploads\/2022\/12\/c01f0b70-9e15-4aee-9758-e081344de89f-300x225.jpg 300w, https:\/\/www.radiopiu.net\/wordpress\/wp-content\/uploads\/2022\/12\/c01f0b70-9e15-4aee-9758-e081344de89f-768x576.jpg 768w, https:\/\/www.radiopiu.net\/wordpress\/wp-content\/uploads\/2022\/12\/c01f0b70-9e15-4aee-9758-e081344de89f.jpg 1024w\" sizes=\"auto, (max-width: 300px) 100vw, 300px\" \/><\/a>\n\t\t\t\t<\/dt><\/dl><dl class='gallery-item'>\n\t\t\t\t<dt class='gallery-icon landscape'>\n\t\t\t\t\t<a class=\"rollover rollover-zoom dt-pswp-item\" title=\"bac5473a-80fa-45b8-89ab-36b54b16ad20\" data-dt-img-description=\"\" data-large_image_width=\"1024\" data-large_image_height=\"768\"href='https:\/\/www.radiopiu.net\/wordpress\/wp-content\/uploads\/2022\/12\/bac5473a-80fa-45b8-89ab-36b54b16ad20.jpg'><img loading=\"lazy\" decoding=\"async\" width=\"300\" height=\"225\" src=\"https:\/\/www.radiopiu.net\/wordpress\/wp-content\/uploads\/2022\/12\/bac5473a-80fa-45b8-89ab-36b54b16ad20-300x225.jpg\" class=\"attachment-medium size-medium\" alt=\"\" srcset=\"https:\/\/www.radiopiu.net\/wordpress\/wp-content\/uploads\/2022\/12\/bac5473a-80fa-45b8-89ab-36b54b16ad20-300x225.jpg 300w, https:\/\/www.radiopiu.net\/wordpress\/wp-content\/uploads\/2022\/12\/bac5473a-80fa-45b8-89ab-36b54b16ad20-768x576.jpg 768w, https:\/\/www.radiopiu.net\/wordpress\/wp-content\/uploads\/2022\/12\/bac5473a-80fa-45b8-89ab-36b54b16ad20.jpg 1024w\" sizes=\"auto, (max-width: 300px) 100vw, 300px\" \/><\/a>\n\t\t\t\t<\/dt><\/dl><dl class='gallery-item'>\n\t\t\t\t<dt class='gallery-icon landscape'>\n\t\t\t\t\t<a class=\"rollover rollover-zoom dt-pswp-item\" title=\"27c5c0cc-d3dd-48ac-a526-95627bd41357\" data-dt-img-description=\"\" data-large_image_width=\"1024\" data-large_image_height=\"768\"href='https:\/\/www.radiopiu.net\/wordpress\/wp-content\/uploads\/2022\/12\/27c5c0cc-d3dd-48ac-a526-95627bd41357.jpg'><img loading=\"lazy\" decoding=\"async\" width=\"300\" height=\"225\" src=\"https:\/\/www.radiopiu.net\/wordpress\/wp-content\/uploads\/2022\/12\/27c5c0cc-d3dd-48ac-a526-95627bd41357-300x225.jpg\" class=\"attachment-medium size-medium\" alt=\"\" srcset=\"https:\/\/www.radiopiu.net\/wordpress\/wp-content\/uploads\/2022\/12\/27c5c0cc-d3dd-48ac-a526-95627bd41357-300x225.jpg 300w, https:\/\/www.radiopiu.net\/wordpress\/wp-content\/uploads\/2022\/12\/27c5c0cc-d3dd-48ac-a526-95627bd41357-768x576.jpg 768w, https:\/\/www.radiopiu.net\/wordpress\/wp-content\/uploads\/2022\/12\/27c5c0cc-d3dd-48ac-a526-95627bd41357.jpg 1024w\" sizes=\"auto, (max-width: 300px) 100vw, 300px\" \/><\/a>\n\t\t\t\t<\/dt><\/dl><dl class='gallery-item'>\n\t\t\t\t<dt class='gallery-icon landscape'>\n\t\t\t\t\t<a class=\"rollover rollover-zoom dt-pswp-item\" title=\"61c3e03e-2854-4977-b993-bea432c5cf5b\" data-dt-img-description=\"\" data-large_image_width=\"1024\" data-large_image_height=\"768\"href='https:\/\/www.radiopiu.net\/wordpress\/wp-content\/uploads\/2022\/12\/61c3e03e-2854-4977-b993-bea432c5cf5b.jpg'><img loading=\"lazy\" decoding=\"async\" width=\"300\" height=\"225\" src=\"https:\/\/www.radiopiu.net\/wordpress\/wp-content\/uploads\/2022\/12\/61c3e03e-2854-4977-b993-bea432c5cf5b-300x225.jpg\" class=\"attachment-medium size-medium\" alt=\"\" srcset=\"https:\/\/www.radiopiu.net\/wordpress\/wp-content\/uploads\/2022\/12\/61c3e03e-2854-4977-b993-bea432c5cf5b-300x225.jpg 300w, https:\/\/www.radiopiu.net\/wordpress\/wp-content\/uploads\/2022\/12\/61c3e03e-2854-4977-b993-bea432c5cf5b-768x576.jpg 768w, https:\/\/www.radiopiu.net\/wordpress\/wp-content\/uploads\/2022\/12\/61c3e03e-2854-4977-b993-bea432c5cf5b.jpg 1024w\" sizes=\"auto, (max-width: 300px) 100vw, 300px\" \/><\/a>\n\t\t\t\t<\/dt><\/dl><dl class='gallery-item'>\n\t\t\t\t<dt class='gallery-icon landscape'>\n\t\t\t\t\t<a class=\"rollover rollover-zoom dt-pswp-item\" title=\"567ebb69-c7f8-4540-b967-6e19e5c642fd\" data-dt-img-description=\"\" data-large_image_width=\"1024\" data-large_image_height=\"768\"href='https:\/\/www.radiopiu.net\/wordpress\/wp-content\/uploads\/2022\/12\/567ebb69-c7f8-4540-b967-6e19e5c642fd.jpg'><img loading=\"lazy\" decoding=\"async\" width=\"300\" height=\"225\" src=\"https:\/\/www.radiopiu.net\/wordpress\/wp-content\/uploads\/2022\/12\/567ebb69-c7f8-4540-b967-6e19e5c642fd-300x225.jpg\" class=\"attachment-medium size-medium\" alt=\"\" srcset=\"https:\/\/www.radiopiu.net\/wordpress\/wp-content\/uploads\/2022\/12\/567ebb69-c7f8-4540-b967-6e19e5c642fd-300x225.jpg 300w, https:\/\/www.radiopiu.net\/wordpress\/wp-content\/uploads\/2022\/12\/567ebb69-c7f8-4540-b967-6e19e5c642fd-768x576.jpg 768w, https:\/\/www.radiopiu.net\/wordpress\/wp-content\/uploads\/2022\/12\/567ebb69-c7f8-4540-b967-6e19e5c642fd.jpg 1024w\" sizes=\"auto, (max-width: 300px) 100vw, 300px\" \/><\/a>\n\t\t\t\t<\/dt><\/dl><br style=\"clear: both\" \/>\n\t\t\t<\/div>\n\n<p>&nbsp;<\/p>\n<p>LA DIRETTA RADIO PIU\u2019<\/p>\n<p>https:\/\/www.facebook.com\/radiopiu\/videos\/704486644502212<\/p>\n<p>&nbsp;<\/p>\n<p>&nbsp;<\/p>\n<p>&nbsp;<\/p>\n<p>&nbsp;<\/p>\n<hr \/>\n<p>&nbsp;<\/p>\n<p>&nbsp;<\/p>\n<blockquote>\n<h3>L&#8217;INTERVISTA DI FINE ANNO AL PRESIDENTE DELL&#8217;UNIONE MONTANA AGORDINA PAOLO FRENA<\/h3>\n<\/blockquote>\n<p><strong><a class=\"dt-pswp-item\" href=\"https:\/\/www.radiopiu.net\/wordpress\/wp-content\/uploads\/2018\/03\/paolo_frena.jpg\" data-dt-img-description=\"\" data-large_image_width=\"774\" data-large_image_height=\"884\"><img loading=\"lazy\" decoding=\"async\" class=\" wp-image-45409 alignleft\" src=\"https:\/\/www.radiopiu.net\/wordpress\/wp-content\/uploads\/2018\/03\/paolo_frena-263x300.jpg\" alt=\"\" width=\"141\" height=\"161\" srcset=\"https:\/\/www.radiopiu.net\/wordpress\/wp-content\/uploads\/2018\/03\/paolo_frena-263x300.jpg 263w, https:\/\/www.radiopiu.net\/wordpress\/wp-content\/uploads\/2018\/03\/paolo_frena-768x877.jpg 768w, https:\/\/www.radiopiu.net\/wordpress\/wp-content\/uploads\/2018\/03\/paolo_frena.jpg 774w\" sizes=\"auto, (max-width: 141px) 100vw, 141px\" \/><\/a>REDAZIONE <\/strong>Radio Pi\u00f9 non rompe la tradizione. L&#8217;ultimo giorno dell\u2019anno abbiamo trasmesso una lunga intervista al Presidente dell\u2019Unione Montana Agordina Paolo Frena. Tempo di bilanci ma anche di programmi in prospettiva futura. La vita nell\u2019Agordino, il futuro turistico con le Olimpiadi alle porte e le tematiche del mondo ladino.<strong>\u00a0<\/strong><\/p>\n<p><strong>\u00a0<\/strong><\/p>\n<p><strong>L&#8217;INTERVISTA DI FINE ANNO AL PRESIDENTE DELL&#8217;UNIONE MONTANA AGORDINA PAOLO FRENA<\/strong><\/p>\n<audio class=\"wp-audio-shortcode\" id=\"audio-314344-4\" preload=\"none\" style=\"width: 100%;\" controls=\"controls\"><source type=\"audio\/mpeg\" src=\"https:\/\/www.radiopiu.net\/wordpress\/wp-content\/uploads\/2023\/01\/PAOLO-FRENA-FINE-ANNO.mp3?_=4\" \/><a href=\"https:\/\/www.radiopiu.net\/wordpress\/wp-content\/uploads\/2023\/01\/PAOLO-FRENA-FINE-ANNO.mp3\">https:\/\/www.radiopiu.net\/wordpress\/wp-content\/uploads\/2023\/01\/PAOLO-FRENA-FINE-ANNO.mp3<\/a><\/audio>\n<p>&nbsp;<\/p>\n<hr \/>\n<p>&nbsp;<\/p>\n<p>&nbsp;<\/p>\n<p>&nbsp;<\/p>\n<p><a class=\"dt-pswp-item\" href=\"https:\/\/www.radiopiu.net\/wordpress\/wp-content\/uploads\/2022\/05\/ROBERTO-CHISSALE.png\" data-dt-img-description=\"ROBERTO CHISSALE' SINDACO\" data-large_image_width=\"1226\" data-large_image_height=\"906\"><img loading=\"lazy\" decoding=\"async\" class=\"alignleft wp-image-275111 \" src=\"https:\/\/www.radiopiu.net\/wordpress\/wp-content\/uploads\/2022\/05\/ROBERTO-CHISSALE-300x222.png\" alt=\"\" width=\"182\" height=\"135\" srcset=\"https:\/\/www.radiopiu.net\/wordpress\/wp-content\/uploads\/2022\/05\/ROBERTO-CHISSALE-300x222.png 300w, https:\/\/www.radiopiu.net\/wordpress\/wp-content\/uploads\/2022\/05\/ROBERTO-CHISSALE-1024x757.png 1024w, https:\/\/www.radiopiu.net\/wordpress\/wp-content\/uploads\/2022\/05\/ROBERTO-CHISSALE-768x568.png 768w, https:\/\/www.radiopiu.net\/wordpress\/wp-content\/uploads\/2022\/05\/ROBERTO-CHISSALE.png 1226w\" sizes=\"auto, (max-width: 182px) 100vw, 182px\" \/><\/a><\/p>\n<h2><span style=\"color: #ff6600;\">LA RASSEGNA STAMPA DA L&#8217;AMICO DEL POPOLO<\/span><\/h2>\n<p><strong>di Gianni Santomaso<\/strong><\/p>\n<p>OSPITE: Roberto Chissal\u00e8, sindaco di Agordo<\/p>\n<audio class=\"wp-audio-shortcode\" id=\"audio-314344-5\" preload=\"none\" style=\"width: 100%;\" controls=\"controls\"><source type=\"audio\/mpeg\" src=\"https:\/\/www.radiopiu.net\/wordpress\/wp-content\/uploads\/2022\/12\/RASSEGNA-GIANNI-3.mp3?_=5\" \/><a href=\"https:\/\/www.radiopiu.net\/wordpress\/wp-content\/uploads\/2022\/12\/RASSEGNA-GIANNI-3.mp3\">https:\/\/www.radiopiu.net\/wordpress\/wp-content\/uploads\/2022\/12\/RASSEGNA-GIANNI-3.mp3<\/a><\/audio>\n<p>&nbsp;<\/p>\n<p>&nbsp;<\/p>\n<hr \/>\n<p>&nbsp;<\/p>\n<blockquote>\n<h3>FIRMATE LE CONVENZIONI FCC SU CAMPI SPORTIVI, CENTRO ITTIOGENICO E SFIORATORI IDRICI. CINQUE PROGETTI PER UN INVESTIMENTO DI 6,6 MILIONI<\/h3>\n<\/blockquote>\n<p><strong><a class=\"dt-pswp-item\" href=\"https:\/\/www.radiopiu.net\/wordpress\/wp-content\/uploads\/2020\/06\/vista-frontale-dei-soldi-della-holding-della-persona_23-2148547912.jpg\" data-dt-img-description=\"\" data-large_image_width=\"626\" data-large_image_height=\"469\"><img loading=\"lazy\" decoding=\"async\" class=\" wp-image-146655 alignleft\" src=\"https:\/\/www.radiopiu.net\/wordpress\/wp-content\/uploads\/2020\/06\/vista-frontale-dei-soldi-della-holding-della-persona_23-2148547912-300x225.jpg\" alt=\"\" width=\"176\" height=\"132\" srcset=\"https:\/\/www.radiopiu.net\/wordpress\/wp-content\/uploads\/2020\/06\/vista-frontale-dei-soldi-della-holding-della-persona_23-2148547912-300x225.jpg 300w, https:\/\/www.radiopiu.net\/wordpress\/wp-content\/uploads\/2020\/06\/vista-frontale-dei-soldi-della-holding-della-persona_23-2148547912.jpg 626w\" sizes=\"auto, (max-width: 176px) 100vw, 176px\" \/><\/a>BELLUNO <\/strong>Vanno avanti spedite le schede progettuali dei Fondi Comuni confinanti. Nei giorni scorsi sono state firmate le convenzioni relative ai progetti a valere sulla quota del 10% del Fondo a disposizione diretta del presidente del Comitato paritetico, pi\u00f9 un corposo progetto a regia provinciale, inserito nella programmazione d\u2019area vasta. Complessivamente sono cinque schede, per un valore complessivo di 6,6 milioni di euro. \u00abCinque progetti che danno risposte concrete a esigenze emerse dal territorio bellunese\u00bb spiega il presidente del Comitato paritetico Fcc, Dario Bond. Progetti che erano stati inseriti nella programmazione strategica Fcc 2019-2024 gi\u00e0 durante l\u2019estate, mentre nei giorni scorsi \u00e8 stato approvato dall\u2019assemblea dei sindaci di prima e seconda fascia il terzo stralcio dei progetti strategici d\u2019area vasta, per un totale di quasi 43 milioni. La maggior parte delle schede progettuali finanziate direttamente dal presidente Bond \u00e8 relativa all\u2019area sportiva. Sono state firmate infatti le convenzioni per la realizzazione del fondo in erba sintetica al campo sportivo di Sedico e al campo di Mugnai (Feltre) per un investimento del Fondo di 1 milione di euro. In pi\u00f9, sono stati finanziati 400mila euro per il miglioramento della logistica sportiva, in particolare per l\u2019acquisto di materiale che consenta lo svolgimento in sicurezza degli eventi (transenne, gazebo, coperture, cucine attrezzate, palco, veicoli e altri beni). \u00abSi tratta di dare un supporto logistico alle societ\u00e0 sportive ma anche ai volontari che organizzano manifestazioni\u00bb spiega Dario Bond. \u00abL\u2019organizzazione di eventi \u00e8 importante per garantire vivibilit\u00e0 a un territorio e spesso le associazioni non hanno modo di far fronte alle esigenze e alle necessit\u00e0 connesse alle manifestazioni\u00bb. L\u2019ultima convenzione finanziata dalla quota del presidente Fcc Dario Bond riguarda il centro ittiogenico di Tomo (Feltre), dove la Provincia di Belluno ha installato da tempo le attivit\u00e0 di selezione e riproduzione della trota marmorata. In questo caso l\u2019investimento del Fondo \u00e8 di 200mila euro e serve al miglioramento funzionale delle infrastrutture esistenti dell\u2019incubatoio con interventi di ristrutturazione dell\u2019edificio principale e delle vasche esterne. Oltre alle quattro convenzioni a valere sulla quota del Fondo di gestione diretta del presidente Fcc, \u00e8 stata firmata anche la convenzione del vasto progetto del Consiglio di bacino \u201cDolomiti bellunesi\u201d, che ha l\u2019obiettivo di raggiungere elevati standard qualitativi nel servizio idrico integrato. Di fatto, l\u2019intervento prevede l\u2019adeguamento degli sfioratori di piena, ovvero le opere che interrompono le reti fognarie e costituiscono presidi di sicurezza che entrano in funzione in condizione estreme di piena (ad esempio a causa di eventi meteo particolarmente intensi), evitando fuoriuscite in punti incontrollati, danni alle reti e disagi alle utenze.<\/p>\n<p>&nbsp;<\/p>\n<p>&nbsp;<\/p>\n<hr \/>\n<p>&nbsp;<\/p>\n<blockquote>\n<h3>ILLUMINAZIONE PUBBLICA, SCUOLABUS E PARCO GIOCHI, I TRE INVESTIMENTI DI CESIOMAGGIORE<\/h3>\n<\/blockquote>\n<p><strong><a class=\"dt-pswp-item\" href=\"https:\/\/www.radiopiu.net\/wordpress\/wp-content\/uploads\/2022\/12\/f038ee64-eda3-44fe-b548-f32cb33889c0.jpg\" data-dt-img-description=\"\" data-large_image_width=\"1600\" data-large_image_height=\"900\"><img loading=\"lazy\" decoding=\"async\" class=\"alignleft wp-image-313888\" src=\"https:\/\/www.radiopiu.net\/wordpress\/wp-content\/uploads\/2022\/12\/f038ee64-eda3-44fe-b548-f32cb33889c0-300x169.jpg\" alt=\"\" width=\"199\" height=\"112\" srcset=\"https:\/\/www.radiopiu.net\/wordpress\/wp-content\/uploads\/2022\/12\/f038ee64-eda3-44fe-b548-f32cb33889c0-300x169.jpg 300w, https:\/\/www.radiopiu.net\/wordpress\/wp-content\/uploads\/2022\/12\/f038ee64-eda3-44fe-b548-f32cb33889c0-1024x576.jpg 1024w, https:\/\/www.radiopiu.net\/wordpress\/wp-content\/uploads\/2022\/12\/f038ee64-eda3-44fe-b548-f32cb33889c0-768x432.jpg 768w, https:\/\/www.radiopiu.net\/wordpress\/wp-content\/uploads\/2022\/12\/f038ee64-eda3-44fe-b548-f32cb33889c0-1536x864.jpg 1536w, https:\/\/www.radiopiu.net\/wordpress\/wp-content\/uploads\/2022\/12\/f038ee64-eda3-44fe-b548-f32cb33889c0.jpg 1600w\" sizes=\"auto, (max-width: 199px) 100vw, 199px\" \/><\/a>CESIOMAGGIORE<\/strong> Con l&#8217;anno nuovo, iniziano anche i nuovi progetti finanziati dai Fondi dei Comuni Confinanti. A Cesiomaggiore si investir\u00e0 sull&#8217;illuminazione pubblica e sui pi\u00f9 piccoli, dallo scuolabus al parco giochi.<\/p>\n<p><strong>di Daniele Dalvit<\/strong><\/p>\n<audio class=\"wp-audio-shortcode\" id=\"audio-314344-6\" preload=\"none\" style=\"width: 100%;\" controls=\"controls\"><source type=\"audio\/mpeg\" src=\"https:\/\/www.radiopiu.net\/wordpress\/wp-content\/uploads\/2022\/12\/Radio-Piu-Servizio-Fondi-Confine-Cesiomaggiore-2023.mp3?_=6\" \/><a href=\"https:\/\/www.radiopiu.net\/wordpress\/wp-content\/uploads\/2022\/12\/Radio-Piu-Servizio-Fondi-Confine-Cesiomaggiore-2023.mp3\">https:\/\/www.radiopiu.net\/wordpress\/wp-content\/uploads\/2022\/12\/Radio-Piu-Servizio-Fondi-Confine-Cesiomaggiore-2023.mp3<\/a><\/audio>\n<p>&nbsp;<\/p>\n<hr \/>\n<p>&nbsp;<\/p>\n<blockquote>\n<h3>DAL SOSTEGNO ALLE DONNE ALLO SPORTELLO LAVORO PER IL RIENTRO DEI BELLUNESI ALL\u2019ESTERO<\/h3>\n<\/blockquote>\n<p><strong><a class=\"dt-pswp-item\" href=\"https:\/\/www.radiopiu.net\/wordpress\/wp-content\/uploads\/2020\/06\/palazzo_piloni_belluno.jpg\" data-dt-img-description=\"\" data-large_image_width=\"1000\" data-large_image_height=\"667\"><img loading=\"lazy\" decoding=\"async\" class=\" wp-image-144771 alignleft\" src=\"https:\/\/www.radiopiu.net\/wordpress\/wp-content\/uploads\/2020\/06\/palazzo_piloni_belluno-300x200.jpg\" alt=\"\" width=\"194\" height=\"129\" srcset=\"https:\/\/www.radiopiu.net\/wordpress\/wp-content\/uploads\/2020\/06\/palazzo_piloni_belluno-300x200.jpg 300w, https:\/\/www.radiopiu.net\/wordpress\/wp-content\/uploads\/2020\/06\/palazzo_piloni_belluno-768x512.jpg 768w, https:\/\/www.radiopiu.net\/wordpress\/wp-content\/uploads\/2020\/06\/palazzo_piloni_belluno.jpg 1000w\" sizes=\"auto, (max-width: 194px) 100vw, 194px\" \/><\/a>BELLUNO <\/strong>\u00abAnche nel 2022 abbiamo portato avanti attivit\u00e0 a favore dei bellunesi, delle famiglie, delle donne e delle comunit\u00e0 locali. E abbiamo fatto rete tra le diverse realt\u00e0 che animano il territorio provinciale. Nel 2023 vogliamo continuare su questa strada, convinti che &#8211; come quando si va in montagna &#8211; la cordata pi\u00f9 affiatata \u00e8 quella che arriva pi\u00f9 facilmente in vetta\u00bb. Lo dice la presidente del Fondo Welfare e Identit\u00e0 Territoriale, Francesca De Biasi, nel tratteggiare l\u2019attivit\u00e0 portata avanti nel 2022. Un\u2019attivit\u00e0 che si \u00e8 concentrata su quattro macro-temi, con l\u2019obiettivo di coprire con servizi efficaci aree di necessit\u00e0 del territorio. A cominciare dal sostegno abitativo d\u2019emergenza per le donne vittime di violenza. Dal 1\u00b0 aprile 2021 infatti il fondo si occupa di pagare i primi tre giorni di accoglienza in una struttura alberghiera aderente all&#8217;iniziativa, di donne e bambini che subiscono maltrattamenti, su indicazione e accompagnamento delle forze dell&#8217;ordine. Il progetto ha visto la collaborazione di Federalberghi ed \u00e8 coordinato dalla Prefettura, con la quale \u00e8 stata stesa un procedura operativa. La seconda area di intervento \u00e8 stata lo sportello lavorativo per il rientro. A fine 2021 il Fondo ha finanziato in partnership con il Consorzio Bim Piave un iniziativa dell&#8217;associazione Bellunesi nel Mondo finalizzata a creare uno sportello online del lavoro. La terza ha visto la prosecuzione del progetto \u201cIl mio nido \u00e8 in montagna\u201d, per sostenere le rette dei nidi di montagna per le famiglie a minor reddito. Quest&#8217;anno il Fondo ha ricevuto un contributo dall&#8217;Ascom e da alcuni imprenditori in collaborazione con il Rotary Club di Belluno proprio per questa iniziativa. Prima di Natale, i nidi sopra i 600 metri di quota hanno ricevuto il volantino dell&#8217;iniziativa e i moduli per l&#8217;adesione delle famiglie con Isee sotto i 15.000 euro.\u00a0 Ma il Fondo si \u00e8 concentrato anche su una necessit\u00e0 nata dalla contingenza nel marzo 2022. Vale a dire il sostegno ai profughi ucraini.<\/p>\n<p>&nbsp;<\/p>\n<p>&nbsp;<\/p>\n<hr \/>\n<p>&nbsp;<\/p>\n<blockquote>\n<h3>APPROVATO SCHEMA DI CONVENZIONE FRA REGIONE, ANAS E PROVINCE DI BELLUNO, TREVISO E VERONA PER LA GESTIONE DELLA VIABILITA&#8217; DI RIENTRO<\/h3>\n<\/blockquote>\n<p><strong><a class=\"dt-pswp-item\" href=\"https:\/\/www.radiopiu.net\/wordpress\/wp-content\/uploads\/2020\/06\/ELISA-DE-BERTI.jpg\" data-dt-img-description=\"\" data-large_image_width=\"960\" data-large_image_height=\"959\"><img loading=\"lazy\" decoding=\"async\" class=\" wp-image-141960 alignleft\" src=\"https:\/\/www.radiopiu.net\/wordpress\/wp-content\/uploads\/2020\/06\/ELISA-DE-BERTI-300x300.jpg\" alt=\"\" width=\"148\" height=\"148\" srcset=\"https:\/\/www.radiopiu.net\/wordpress\/wp-content\/uploads\/2020\/06\/ELISA-DE-BERTI-300x300.jpg 300w, https:\/\/www.radiopiu.net\/wordpress\/wp-content\/uploads\/2020\/06\/ELISA-DE-BERTI-150x150.jpg 150w, https:\/\/www.radiopiu.net\/wordpress\/wp-content\/uploads\/2020\/06\/ELISA-DE-BERTI-768x767.jpg 768w, https:\/\/www.radiopiu.net\/wordpress\/wp-content\/uploads\/2020\/06\/ELISA-DE-BERTI.jpg 960w\" sizes=\"auto, (max-width: 148px) 100vw, 148px\" \/><\/a>VENEZIA <\/strong>La Giunta regionale del Veneto ha approvato, su proposta della Vicepresidente e Assessore alle Infrastrutture e Trasporti Elisa De Berti, uno schema di convenzione tra Regione, Anas e le Province di Belluno, Treviso e Verona per la gestione unitaria della rete principale veneta compresa quella oggetto di riclassificazione da parte dello Stato da regionale e provinciale a nazionale. \u201c<em>Stiamo andando verso la risoluzione concreta della questione della cosiddetta \u2018viabilit\u00e0 di rientro\u2019 che finora era rimasta ferma sui tavoli ministeriali \u2013 afferma la Vicepresidente De Berti &#8211; Ringrazio il Ministro delle Infrastrutture e Trasporti Matteo Salvini per l\u2019evidente cambio di passo che ha impresso all\u2019iter della procedura di riclassificazione. L\u2019accordo siglato ha carattere transitorio e prevede di portare a conclusione la visione strategica avviata nel 2018 di gestione unitaria della principale rete viaria veneta statale e regionale, compresa la rete della Provincia di Belluno. Un ringraziamento anche ad Anas per aver creduto da sempre in questo progetto<\/em>\u201d. In particolare si tratta di oltre 725 km di strade, tra le quali la S.P. 3 \u201cMediana\u201d nel Veronese e la S.P. 15 \u201cCadore Mare\u201d nel Trevigiano, oltre alla rete provinciale e regionale riclassificata a statale nel territorio della Provincia di Belluno. In base all\u2019accordo stipulato, che ha validit\u00e0 fino al 31\/12\/2024, le risorse necessarie all\u2019attivit\u00e0 di manutenzione ordinaria, straordinaria, di somma urgenza e di sorveglianza della rete stradale saranno corrisposte da ANAS alla Regione del Veneto ed alle tre province firmatarie. \u201c<em>Questo provvedimento, oltre ad avviare la costituzione di una governance che porter\u00e0 ad un\u2019unica societ\u00e0 di gestione del patrimonio stradale rendendola pi\u00f9 efficiente e moderna, consentir\u00e0 di non cedere allo Stato la gestione del nostro patrimonio viario, che continuer\u00e0 quindi ad essere curata tramite Veneto Strade, ma con la copertura finanziaria di Anas<\/em>\u201d chiude la Vicepresidente De Berti.<\/p>\n<p>&nbsp;<\/p>\n<p>&nbsp;<\/p>\n<hr \/>\n<p>&nbsp;<\/p>\n<hr \/>\n<p>&nbsp;<\/p>\n<p><strong>DI TIZIANO DE COL<\/strong><\/p>\n\n\t\t\t<style type='text\/css'>\n\t\t\t\t#gallery-6 {\n\t\t\t\t\tmargin: auto;\n\t\t\t\t}\n\t\t\t\t#gallery-6 .gallery-item {\n\t\t\t\t\tfloat: left;\n\t\t\t\t\tmargin-top: 10px;\n\t\t\t\t\ttext-align: center;\n\t\t\t\t\twidth: 20%;\n\t\t\t\t}\n\t\t\t\t#gallery-6 img {\n\t\t\t\t\tborder: 2px solid #cfcfcf;\n\t\t\t\t}\n\t\t\t\t#gallery-6 .gallery-caption {\n\t\t\t\t\tmargin-left: 0;\n\t\t\t\t}\n\t\t\t\t\/* see gallery_shortcode() in wp-includes\/media.php *\/\n\t\t\t<\/style>\n\t\t<div id='gallery-6' class='dt-gallery-container gallery galleryid-314344 gallery-columns-5 gallery-size-medium'><dl class='gallery-item'>\n\t\t\t\t<dt class='gallery-icon landscape'>\n\t\t\t\t\t<a class=\"rollover rollover-zoom dt-pswp-item\" title=\"0d664b77-2d83-4b1c-90b5-740b23802166\" data-dt-img-description=\"\" data-large_image_width=\"608\" data-large_image_height=\"363\"href='https:\/\/www.radiopiu.net\/wordpress\/wp-content\/uploads\/2023\/01\/0d664b77-2d83-4b1c-90b5-740b23802166.jpg'><img loading=\"lazy\" decoding=\"async\" width=\"300\" height=\"179\" src=\"https:\/\/www.radiopiu.net\/wordpress\/wp-content\/uploads\/2023\/01\/0d664b77-2d83-4b1c-90b5-740b23802166-300x179.jpg\" class=\"attachment-medium size-medium\" alt=\"\" srcset=\"https:\/\/www.radiopiu.net\/wordpress\/wp-content\/uploads\/2023\/01\/0d664b77-2d83-4b1c-90b5-740b23802166-300x179.jpg 300w, https:\/\/www.radiopiu.net\/wordpress\/wp-content\/uploads\/2023\/01\/0d664b77-2d83-4b1c-90b5-740b23802166.jpg 608w\" sizes=\"auto, (max-width: 300px) 100vw, 300px\" \/><\/a>\n\t\t\t\t<\/dt><\/dl><dl class='gallery-item'>\n\t\t\t\t<dt class='gallery-icon landscape'>\n\t\t\t\t\t<a class=\"rollover rollover-zoom dt-pswp-item\" title=\"4918d5c5-0c9a-43c3-93fc-d583c1546c3d\" data-dt-img-description=\"\" data-large_image_width=\"612\" data-large_image_height=\"358\"href='https:\/\/www.radiopiu.net\/wordpress\/wp-content\/uploads\/2023\/01\/4918d5c5-0c9a-43c3-93fc-d583c1546c3d.jpg'><img loading=\"lazy\" decoding=\"async\" width=\"300\" height=\"175\" src=\"https:\/\/www.radiopiu.net\/wordpress\/wp-content\/uploads\/2023\/01\/4918d5c5-0c9a-43c3-93fc-d583c1546c3d-300x175.jpg\" class=\"attachment-medium size-medium\" alt=\"\" srcset=\"https:\/\/www.radiopiu.net\/wordpress\/wp-content\/uploads\/2023\/01\/4918d5c5-0c9a-43c3-93fc-d583c1546c3d-300x175.jpg 300w, https:\/\/www.radiopiu.net\/wordpress\/wp-content\/uploads\/2023\/01\/4918d5c5-0c9a-43c3-93fc-d583c1546c3d.jpg 612w\" sizes=\"auto, (max-width: 300px) 100vw, 300px\" \/><\/a>\n\t\t\t\t<\/dt><\/dl><dl class='gallery-item'>\n\t\t\t\t<dt class='gallery-icon landscape'>\n\t\t\t\t\t<a class=\"rollover rollover-zoom dt-pswp-item\" title=\"c04007a2-09fd-4894-9051-c17832de97d9\" data-dt-img-description=\"\" data-large_image_width=\"606\" data-large_image_height=\"363\"href='https:\/\/www.radiopiu.net\/wordpress\/wp-content\/uploads\/2023\/01\/c04007a2-09fd-4894-9051-c17832de97d9.jpg'><img loading=\"lazy\" decoding=\"async\" width=\"300\" height=\"180\" src=\"https:\/\/www.radiopiu.net\/wordpress\/wp-content\/uploads\/2023\/01\/c04007a2-09fd-4894-9051-c17832de97d9-300x180.jpg\" class=\"attachment-medium size-medium\" alt=\"\" srcset=\"https:\/\/www.radiopiu.net\/wordpress\/wp-content\/uploads\/2023\/01\/c04007a2-09fd-4894-9051-c17832de97d9-300x180.jpg 300w, https:\/\/www.radiopiu.net\/wordpress\/wp-content\/uploads\/2023\/01\/c04007a2-09fd-4894-9051-c17832de97d9.jpg 606w\" sizes=\"auto, (max-width: 300px) 100vw, 300px\" \/><\/a>\n\t\t\t\t<\/dt><\/dl><dl class='gallery-item'>\n\t\t\t\t<dt class='gallery-icon landscape'>\n\t\t\t\t\t<a class=\"rollover rollover-zoom dt-pswp-item\" title=\"213b9aeb-fe46-4a99-bb09-9c01556bb7dc\" data-dt-img-description=\"\" data-large_image_width=\"624\" data-large_image_height=\"359\"href='https:\/\/www.radiopiu.net\/wordpress\/wp-content\/uploads\/2023\/01\/213b9aeb-fe46-4a99-bb09-9c01556bb7dc.jpg'><img loading=\"lazy\" decoding=\"async\" width=\"300\" height=\"173\" src=\"https:\/\/www.radiopiu.net\/wordpress\/wp-content\/uploads\/2023\/01\/213b9aeb-fe46-4a99-bb09-9c01556bb7dc-300x173.jpg\" class=\"attachment-medium size-medium\" alt=\"\" srcset=\"https:\/\/www.radiopiu.net\/wordpress\/wp-content\/uploads\/2023\/01\/213b9aeb-fe46-4a99-bb09-9c01556bb7dc-300x173.jpg 300w, https:\/\/www.radiopiu.net\/wordpress\/wp-content\/uploads\/2023\/01\/213b9aeb-fe46-4a99-bb09-9c01556bb7dc.jpg 624w\" sizes=\"auto, (max-width: 300px) 100vw, 300px\" \/><\/a>\n\t\t\t\t<\/dt><\/dl><dl class='gallery-item'>\n\t\t\t\t<dt class='gallery-icon landscape'>\n\t\t\t\t\t<a class=\"rollover rollover-zoom dt-pswp-item\" title=\"256aa1e9-5273-4dab-9f4a-51fb520321c4\" data-dt-img-description=\"\" data-large_image_width=\"604\" data-large_image_height=\"366\"href='https:\/\/www.radiopiu.net\/wordpress\/wp-content\/uploads\/2023\/01\/256aa1e9-5273-4dab-9f4a-51fb520321c4.jpg'><img loading=\"lazy\" decoding=\"async\" width=\"300\" height=\"182\" src=\"https:\/\/www.radiopiu.net\/wordpress\/wp-content\/uploads\/2023\/01\/256aa1e9-5273-4dab-9f4a-51fb520321c4-300x182.jpg\" class=\"attachment-medium size-medium\" alt=\"\" srcset=\"https:\/\/www.radiopiu.net\/wordpress\/wp-content\/uploads\/2023\/01\/256aa1e9-5273-4dab-9f4a-51fb520321c4-300x182.jpg 300w, https:\/\/www.radiopiu.net\/wordpress\/wp-content\/uploads\/2023\/01\/256aa1e9-5273-4dab-9f4a-51fb520321c4.jpg 604w\" sizes=\"auto, (max-width: 300px) 100vw, 300px\" \/><\/a>\n\t\t\t\t<\/dt><\/dl><br style=\"clear: both\" \/>\n\t\t\t<\/div>\n\n<p>&nbsp;<\/p>\n<hr \/>\n<p>&nbsp;<\/p>\n<blockquote>\n<h3>IL BISTROT, QUANDO LA FAMIGLIA C&#8217;E&#8217;, QUANDO I GIOVANI CREDONO NEL TERRITORIO<\/h3>\n<\/blockquote>\n<p><a class=\"dt-pswp-item\" href=\"https:\/\/www.radiopiu.net\/wordpress\/wp-content\/uploads\/2023\/01\/320767278_5964436037011069_3731352621931787565_n.jpg\" data-dt-img-description=\"\" data-large_image_width=\"526\" data-large_image_height=\"701\"><img loading=\"lazy\" decoding=\"async\" class=\"size-medium wp-image-314404 aligncenter\" src=\"https:\/\/www.radiopiu.net\/wordpress\/wp-content\/uploads\/2023\/01\/320767278_5964436037011069_3731352621931787565_n-225x300.jpg\" alt=\"\" width=\"225\" height=\"300\" srcset=\"https:\/\/www.radiopiu.net\/wordpress\/wp-content\/uploads\/2023\/01\/320767278_5964436037011069_3731352621931787565_n-225x300.jpg 225w, https:\/\/www.radiopiu.net\/wordpress\/wp-content\/uploads\/2023\/01\/320767278_5964436037011069_3731352621931787565_n.jpg 526w\" sizes=\"auto, (max-width: 225px) 100vw, 225px\" \/><\/a><\/p>\n<p><strong>CANALE D&#8217;AGORDO\u00a0<\/strong><\/p>\n<p><strong>di Mirko Mezzacasa<\/strong><\/p>\n<audio class=\"wp-audio-shortcode\" id=\"audio-314344-7\" preload=\"none\" style=\"width: 100%;\" controls=\"controls\"><source type=\"audio\/mpeg\" src=\"https:\/\/www.radiopiu.net\/wordpress\/wp-content\/uploads\/2023\/01\/MACELLERIA-COSTAS.mp3?_=7\" \/><a href=\"https:\/\/www.radiopiu.net\/wordpress\/wp-content\/uploads\/2023\/01\/MACELLERIA-COSTAS.mp3\">https:\/\/www.radiopiu.net\/wordpress\/wp-content\/uploads\/2023\/01\/MACELLERIA-COSTAS.mp3<\/a><\/audio>\n<p>&nbsp;<\/p>\n<hr \/>\n<p>&nbsp;<\/p>\n<blockquote>\n<h3>DOPO 45 ANNI IL SALUTO E IL GRAZIE DEI FRATELLI FADIGA&#8217;<\/h3>\n<\/blockquote>\n<p><strong><a class=\"dt-pswp-item\" href=\"https:\/\/www.radiopiu.net\/wordpress\/wp-content\/uploads\/2022\/12\/a57d3960-683e-43e9-81a7-6b9d7d643245.jpg\" data-dt-img-description=\"\" data-large_image_width=\"1599\" data-large_image_height=\"899\"><img loading=\"lazy\" decoding=\"async\" class=\" wp-image-314361 alignleft\" src=\"https:\/\/www.radiopiu.net\/wordpress\/wp-content\/uploads\/2022\/12\/a57d3960-683e-43e9-81a7-6b9d7d643245-300x169.jpg\" alt=\"\" width=\"183\" height=\"103\" srcset=\"https:\/\/www.radiopiu.net\/wordpress\/wp-content\/uploads\/2022\/12\/a57d3960-683e-43e9-81a7-6b9d7d643245-300x169.jpg 300w, https:\/\/www.radiopiu.net\/wordpress\/wp-content\/uploads\/2022\/12\/a57d3960-683e-43e9-81a7-6b9d7d643245-1024x576.jpg 1024w, https:\/\/www.radiopiu.net\/wordpress\/wp-content\/uploads\/2022\/12\/a57d3960-683e-43e9-81a7-6b9d7d643245-768x432.jpg 768w, https:\/\/www.radiopiu.net\/wordpress\/wp-content\/uploads\/2022\/12\/a57d3960-683e-43e9-81a7-6b9d7d643245-1536x864.jpg 1536w, https:\/\/www.radiopiu.net\/wordpress\/wp-content\/uploads\/2022\/12\/a57d3960-683e-43e9-81a7-6b9d7d643245.jpg 1599w\" sizes=\"auto, (max-width: 183px) 100vw, 183px\" \/><\/a>AGORDO <\/strong>\u00c8 arrivato il tempo della meritata pensione anche per fratelli Fadig\u00e0, John , Claudio e Luciano salutano e ringraziano l&#8217;affezionata clientela che per quasi mezzo secolo ha frequentato il bar e il punto distribuzione carburanti Agip (oggi Eni) a ponte Rova. Venerd\u00ec dalle 17 al Bar Molin di Rivamonte il brindisi di commiato, siete tutti invitati.<\/p>\n<p><strong>di Mirko Mezzacasa<\/strong><\/p>\n<audio class=\"wp-audio-shortcode\" id=\"audio-314344-8\" preload=\"none\" style=\"width: 100%;\" controls=\"controls\"><source type=\"audio\/mpeg\" src=\"https:\/\/www.radiopiu.net\/wordpress\/wp-content\/uploads\/2022\/12\/AGIP-FADIGA.mp3?_=8\" \/><a href=\"https:\/\/www.radiopiu.net\/wordpress\/wp-content\/uploads\/2022\/12\/AGIP-FADIGA.mp3\">https:\/\/www.radiopiu.net\/wordpress\/wp-content\/uploads\/2022\/12\/AGIP-FADIGA.mp3<\/a><\/audio>\n<p>&nbsp;<\/p>\n<hr \/>\n<p>&nbsp;<\/p>\n<blockquote>\n<h3>GUARDIA DI FINANZA: CONCORSO, PER TITOLI ED ESAMI, PER IL RECLUTAMENTO DI 15 TENENTI IN SERVIZIO PERMANENTE EFFETTIVO DEL RUOLO TECNICO-LOGISTICO- AMMINISTRATIVO DEL CORPO<\/h3>\n<\/blockquote>\n<p><strong><a class=\"dt-pswp-item\" href=\"https:\/\/www.radiopiu.net\/wordpress\/wp-content\/uploads\/2021\/07\/9dab3da2-5b99-4e4c-9808-d95d42ff43b5.jpg\" data-dt-img-description=\"\" data-large_image_width=\"1067\" data-large_image_height=\"1067\"><img loading=\"lazy\" decoding=\"async\" class=\" wp-image-222502 alignleft\" src=\"https:\/\/www.radiopiu.net\/wordpress\/wp-content\/uploads\/2021\/07\/9dab3da2-5b99-4e4c-9808-d95d42ff43b5-300x300.jpg\" alt=\"\" width=\"118\" height=\"118\" srcset=\"https:\/\/www.radiopiu.net\/wordpress\/wp-content\/uploads\/2021\/07\/9dab3da2-5b99-4e4c-9808-d95d42ff43b5-300x300.jpg 300w, https:\/\/www.radiopiu.net\/wordpress\/wp-content\/uploads\/2021\/07\/9dab3da2-5b99-4e4c-9808-d95d42ff43b5-1024x1024.jpg 1024w, https:\/\/www.radiopiu.net\/wordpress\/wp-content\/uploads\/2021\/07\/9dab3da2-5b99-4e4c-9808-d95d42ff43b5-150x150.jpg 150w, https:\/\/www.radiopiu.net\/wordpress\/wp-content\/uploads\/2021\/07\/9dab3da2-5b99-4e4c-9808-d95d42ff43b5-768x768.jpg 768w, https:\/\/www.radiopiu.net\/wordpress\/wp-content\/uploads\/2021\/07\/9dab3da2-5b99-4e4c-9808-d95d42ff43b5.jpg 1067w\" sizes=\"auto, (max-width: 118px) 100vw, 118px\" \/><\/a>BELLUNO<\/strong> \u00c8 stato pubblicato il bando di concorso, per titoli ed esami, per il reclutamento di 15 tenenti in servizio permanente effettivo del \u201cruolo tecnico- logistico-amministrativo\u201d del Corpo della Guardia di Finanza. Tali posti sono ripartiti tra le seguenti specialita\u0300: 4 per amministrazione; 3 per telematica; 3 per infrastrutture; uno per motorizzazione-settore navale; 2 per sanita\u0300; 2 per psicologia. Possono partecipare al concorso i cittadini italiani che, alla data del 1\u00b0 dicembre 2022, non abbiano superato il giorno di compimento del trentaduesimo anno di eta\u0300 (siano quindi nati in data non antecedente al 1\u00b0 dicembre 1990), e siano in possesso di una laurea specialistica o di una laurea magistrale o titolo equipollente, richiesto per la specialita\u0300 per la quale si concorre. La domanda di partecipazione al concorso, da presentare entro le ore 12.00 del 26 gennaio 2023, deve essere compilata esclusivamente in via telematica mediante la procedura guidata disponibile sul portale concorsi on line all\u2019indirizzo \u201chttps:\/\/concorsi.gdf.gov.it\u201d<\/p>\n<p>&nbsp;<\/p>\n<div class=\"page\" title=\"Page 1\">\n<div class=\"layoutArea\">\n<div class=\"column\">\n<blockquote>\n<h3>RECLUTAMENTO DI 3 ALLIEVI FINANZIERI RISERVATO AI CONGIUNTI DELLE CC.DD. \u201cVITTIME DEL DOVERE\u201d.<\/h3>\n<\/blockquote>\n<p><strong>BELLUNO<\/strong> Sulla Gazzetta Ufficiale della Repubblica Italiana e\u0300 stata pubblicata la procedura di selezione per il reclutamento di 3 allievi finanzieri del contingente ordinario della Guardia di Finanza, riservata al coniuge e ai figli superstiti, nonche\u0301 ai fratelli o alle sorelle del personale delle Forze di polizia, deceduto o reso permanentemente invalido al servizio, con invalidita\u0300 non inferiore all\u201980% della capacita\u0300 lavorativa. Possono partecipare i cittadini italiani che, alla scadenza del termine per la presentazione della domanda, abbiano compiuto il 18\u00b0 anno di eta\u0300 e non abbiano superato il giorno di compimento del 24\u00b0 anno di eta\u0300 e, altresi\u0300, siano in possesso del diploma di istruzione secondaria di secondo grado che consenta l\u2019iscrizione ai corsi per il conseguimento della laurea. La domanda di partecipazione alla procedura reclutativa dovra\u0300 essere compilata esclusivamente mediante la procedura telematica disponibile sul portale attivo all\u2019indirizzo \u201chttps:concorsi.gdf.gov.it\u201d, seguendo le istruzioni del sistema automatizzato.<\/p>\n<p>&nbsp;<\/p>\n<p>&nbsp;<\/p>\n<hr \/>\n<p>&nbsp;<\/p>\n<blockquote>\n<h3 class=\"entry-title\">SPECIALE VALPE \u2013 AMBIENTE\u2026.INFORMAZIONI, INDICAZIONI ORARI<\/h3>\n<\/blockquote>\n<p><span class=\"photoswipe-wrapper\"><a class=\"dt-pswp-item pspw-wrap-ready\" href=\"https:\/\/www.radiopiu.net\/wordpress\/wp-content\/uploads\/2022\/12\/ingresso-ecocentro.jpg\" data-dt-img-description=\"\" data-large_image_width=\"1600\" data-large_image_height=\"720\"><img loading=\"lazy\" decoding=\"async\" class=\"wp-image-312801 alignleft\" src=\"https:\/\/www.radiopiu.net\/wordpress\/wp-content\/uploads\/2022\/12\/ingresso-ecocentro-300x135.jpg\" sizes=\"auto, (max-width: 191px) 100vw, 191px\" srcset=\"https:\/\/www.radiopiu.net\/wordpress\/wp-content\/uploads\/2022\/12\/ingresso-ecocentro-300x135.jpg 300w, https:\/\/www.radiopiu.net\/wordpress\/wp-content\/uploads\/2022\/12\/ingresso-ecocentro-1024x461.jpg 1024w, https:\/\/www.radiopiu.net\/wordpress\/wp-content\/uploads\/2022\/12\/ingresso-ecocentro-768x346.jpg 768w, https:\/\/www.radiopiu.net\/wordpress\/wp-content\/uploads\/2022\/12\/ingresso-ecocentro-1536x691.jpg 1536w, https:\/\/www.radiopiu.net\/wordpress\/wp-content\/uploads\/2022\/12\/ingresso-ecocentro.jpg 1600w\" alt=\"\" width=\"191\" height=\"86\" \/><\/a>Dal 22 dicembre in localit\u00e0 Valcozzena \u00e8 aperto il nuovo\u00a0<strong>Ecocentro sovracomunale di Agordo \u2013 Taibon<\/strong>.\u00a0<\/span>La nuova struttura, finanziata dal Fondo Comuni Confinanti, \u00e8 accessibile a tutte le utenze dell\u2019Unione Montana Agordina e offre un servizio di qualit\u00e0 nel rispetto delle normative vigenti.\u00a0Per consultare gli orari di apertura e per maggiori informazioni vai al sito\u00a0<a href=\"mailto:valpeambiente.it\">valpeambiente.it<\/a>\u00a0o chiama il nuovo numero verde gratuito 800.94.76.73.<\/p>\n<p>&nbsp;<\/p>\n<p>&nbsp;<\/p>\n<p><img loading=\"lazy\" decoding=\"async\" class=\"alignleft\" src=\"https:\/\/www.radiopiu.net\/wordpress\/wp-content\/uploads\/2021\/09\/Ecosportello_Agordo_1-scaled.jpg\" width=\"206\" height=\"137\" \/>Dal 1\u00b0 gennaio puoi contattare Valpe Ambiente grazie al\u00a0<b>nuovo numero verde 800.94.76.73. E\u2019 disponibile per tutte le utenze servite e raggiungibile con chiamata gratuita\u00a0<\/b>sia da telefono fisso che da cellulare. Con l\u2019attivazione di questo nuovo numero, saranno dismessi tutti i vecchi riferimenti telefonici. Per maggiori informazioni vai alla sezione News del sito\u00a0<a href=\"http:\/\/www.valpeambiente.it\/\" target=\"_blank\" rel=\"noopener noreferrer\">www.valpeambiente.it<\/a>.<\/p>\n<p>&nbsp;<\/p>\n<p>&nbsp;<\/p>\n<p>&nbsp;<\/p>\n<p>&nbsp;<\/p>\n<hr \/>\n<p>&nbsp;<\/p>\n<blockquote>\n<h3 class=\"entry-title\">LO SPETTACOLO MOZZAFIATO DELL\u2019ALBA DALLA REGINA DELLE DOLOMITI<\/h3>\n<\/blockquote>\n<p><strong><a class=\"dt-pswp-item\" href=\"https:\/\/www.radiopiu.net\/wordpress\/wp-content\/uploads\/2022\/12\/Schermata-2022-12-31-alle-12.57.09.png\" data-dt-img-description=\"\" data-large_image_width=\"1084\" data-large_image_height=\"816\"><img loading=\"lazy\" decoding=\"async\" class=\" wp-image-314369 alignleft\" src=\"https:\/\/www.radiopiu.net\/wordpress\/wp-content\/uploads\/2022\/12\/Schermata-2022-12-31-alle-12.57.09-300x226.png\" alt=\"\" width=\"192\" height=\"145\" srcset=\"https:\/\/www.radiopiu.net\/wordpress\/wp-content\/uploads\/2022\/12\/Schermata-2022-12-31-alle-12.57.09-300x226.png 300w, https:\/\/www.radiopiu.net\/wordpress\/wp-content\/uploads\/2022\/12\/Schermata-2022-12-31-alle-12.57.09-1024x771.png 1024w, https:\/\/www.radiopiu.net\/wordpress\/wp-content\/uploads\/2022\/12\/Schermata-2022-12-31-alle-12.57.09-768x578.png 768w, https:\/\/www.radiopiu.net\/wordpress\/wp-content\/uploads\/2022\/12\/Schermata-2022-12-31-alle-12.57.09.png 1084w\" sizes=\"auto, (max-width: 192px) 100vw, 192px\" \/><\/a>ROCCA PIETORE <\/strong>Il tempo sembra quasi fermarsi sulla terrazza panoramica di Punta Rocca a 3.265 m, mentre il cielo inizia a schiarirsi e tingersi di rosa, rosso, arancio e viola, i colori che preannunciano il sorgere del sole. Per tutti \u00e8 prevista poi una rifocillante colazione presso il Ristorante Serauta. Le emozioni per\u00f2 non finiscono con l\u2019alba, infatti a tutti gli sciatori presenti \u00e8 offerta la possibilit\u00e0 di effettuare un\u2019adrenalinica discesa lungo la Bellunese, la pista pi\u00f9 lunga del Dolomiti Superski, subito dopo la colazione. Si potr\u00e0 prenotare per le giornate del 7, 14, 20 e 27 gennaio. Il programma: alle 6:30 partenza da Malga Ciap\u00e8la; alle 7 partenza a Punta Rocca per lo spettacolo; a seguire ricca colazione presso il Ristorante Serauta. Dopo la colazione, gli sciatori potranno effettuare un\u2019adrenalinica discesa lungo la Bellunese, la nostra pista di 12 km. Il costo del biglietto \u00e8 di 50 \u20ac ed \u00e8 comprensivo del biglietto per la prima salita alle 6:30, della ricca colazione al ristorante di Serauta, del biglietto per la discesa e dell\u2019ingresso al Museo Marmolada Grande Guerra 3000 m e alla mostra temporanea \u201cFormiche in Marmolada\u201d di Fabio Vettori. La prenotazione \u00e8 richiesta al 334 6794461 o a visitmarmolada@funiviemarmolada.com L\u2019evento \u00e8 sensibile a cancellazione in caso di previsioni meteo avverse. La cancellazione viene comunicata sul sito e sui social il giorno precedente l\u2019evento dalle 15.00 in poi.<\/p>\n\n\t\t\t<style type='text\/css'>\n\t\t\t\t#gallery-7 {\n\t\t\t\t\tmargin: auto;\n\t\t\t\t}\n\t\t\t\t#gallery-7 .gallery-item {\n\t\t\t\t\tfloat: left;\n\t\t\t\t\tmargin-top: 10px;\n\t\t\t\t\ttext-align: center;\n\t\t\t\t\twidth: 20%;\n\t\t\t\t}\n\t\t\t\t#gallery-7 img {\n\t\t\t\t\tborder: 2px solid #cfcfcf;\n\t\t\t\t}\n\t\t\t\t#gallery-7 .gallery-caption {\n\t\t\t\t\tmargin-left: 0;\n\t\t\t\t}\n\t\t\t\t\/* see gallery_shortcode() in wp-includes\/media.php *\/\n\t\t\t<\/style>\n\t\t<div id='gallery-7' class='dt-gallery-container gallery galleryid-314344 gallery-columns-5 gallery-size-thumbnail'><dl class='gallery-item'>\n\t\t\t\t<dt class='gallery-icon portrait'>\n\t\t\t\t\t<a class=\"rollover rollover-zoom dt-pswp-item\" title=\"71c0cfbf-5824-462a-86b6-8f164d22447e\" data-dt-img-description=\"\" data-large_image_width=\"899\" data-large_image_height=\"1599\"href='https:\/\/www.radiopiu.net\/wordpress\/wp-content\/uploads\/2022\/12\/71c0cfbf-5824-462a-86b6-8f164d22447e.jpg'><img loading=\"lazy\" decoding=\"async\" width=\"150\" height=\"150\" src=\"https:\/\/www.radiopiu.net\/wordpress\/wp-content\/uploads\/2022\/12\/71c0cfbf-5824-462a-86b6-8f164d22447e-150x150.jpg\" class=\"attachment-thumbnail size-thumbnail\" alt=\"\" \/><\/a>\n\t\t\t\t<\/dt><\/dl><dl class='gallery-item'>\n\t\t\t\t<dt class='gallery-icon landscape'>\n\t\t\t\t\t<a class=\"rollover rollover-zoom dt-pswp-item\" title=\"df12f0e9-1ed6-40a1-bc15-41420e5613c8\" data-dt-img-description=\"\" data-large_image_width=\"1599\" data-large_image_height=\"899\"href='https:\/\/www.radiopiu.net\/wordpress\/wp-content\/uploads\/2022\/12\/df12f0e9-1ed6-40a1-bc15-41420e5613c8.jpg'><img loading=\"lazy\" decoding=\"async\" width=\"150\" height=\"150\" src=\"https:\/\/www.radiopiu.net\/wordpress\/wp-content\/uploads\/2022\/12\/df12f0e9-1ed6-40a1-bc15-41420e5613c8-150x150.jpg\" class=\"attachment-thumbnail size-thumbnail\" alt=\"\" \/><\/a>\n\t\t\t\t<\/dt><\/dl><dl class='gallery-item'>\n\t\t\t\t<dt class='gallery-icon landscape'>\n\t\t\t\t\t<a class=\"rollover rollover-zoom dt-pswp-item\" title=\"506895dc-d311-49ee-9dbe-a928eaca628a\" data-dt-img-description=\"\" data-large_image_width=\"1599\" data-large_image_height=\"899\"href='https:\/\/www.radiopiu.net\/wordpress\/wp-content\/uploads\/2022\/12\/506895dc-d311-49ee-9dbe-a928eaca628a.jpg'><img loading=\"lazy\" decoding=\"async\" width=\"150\" height=\"150\" src=\"https:\/\/www.radiopiu.net\/wordpress\/wp-content\/uploads\/2022\/12\/506895dc-d311-49ee-9dbe-a928eaca628a-150x150.jpg\" class=\"attachment-thumbnail size-thumbnail\" alt=\"\" \/><\/a>\n\t\t\t\t<\/dt><\/dl><dl class='gallery-item'>\n\t\t\t\t<dt class='gallery-icon portrait'>\n\t\t\t\t\t<a class=\"rollover rollover-zoom dt-pswp-item\" title=\"9214b52e-5a52-41a7-84d4-d4c1324306dc\" data-dt-img-description=\"\" data-large_image_width=\"899\" data-large_image_height=\"1599\"href='https:\/\/www.radiopiu.net\/wordpress\/wp-content\/uploads\/2022\/12\/9214b52e-5a52-41a7-84d4-d4c1324306dc.jpg'><img loading=\"lazy\" decoding=\"async\" width=\"150\" height=\"150\" src=\"https:\/\/www.radiopiu.net\/wordpress\/wp-content\/uploads\/2022\/12\/9214b52e-5a52-41a7-84d4-d4c1324306dc-150x150.jpg\" class=\"attachment-thumbnail size-thumbnail\" alt=\"\" \/><\/a>\n\t\t\t\t<\/dt><\/dl><dl class='gallery-item'>\n\t\t\t\t<dt class='gallery-icon portrait'>\n\t\t\t\t\t<a class=\"rollover rollover-zoom dt-pswp-item\" title=\"258f088b-2ef2-4707-ab2e-eccbeb7fe83e\" data-dt-img-description=\"\" data-large_image_width=\"899\" data-large_image_height=\"1599\"href='https:\/\/www.radiopiu.net\/wordpress\/wp-content\/uploads\/2022\/12\/258f088b-2ef2-4707-ab2e-eccbeb7fe83e.jpg'><img loading=\"lazy\" decoding=\"async\" width=\"150\" height=\"150\" src=\"https:\/\/www.radiopiu.net\/wordpress\/wp-content\/uploads\/2022\/12\/258f088b-2ef2-4707-ab2e-eccbeb7fe83e-150x150.jpg\" class=\"attachment-thumbnail size-thumbnail\" alt=\"\" \/><\/a>\n\t\t\t\t<\/dt><\/dl><br style=\"clear: both\" \/>\n\t\t\t<\/div>\n\n<p>&nbsp;<\/p>\n<hr \/>\n<p>&nbsp;<\/p>\n<blockquote>\n<h3 class=\"entry-title\">L\u2019ARRIVO DELLA BEFANA SUL PIAZZALE DELLA FUNIVIA MARMOLADA<\/h3>\n<\/blockquote>\n<p><strong class=\"photoswipe-wrapper\"><a class=\"dt-pswp-item pspw-wrap-ready\" href=\"https:\/\/www.radiopiu.net\/wordpress\/wp-content\/uploads\/2022\/12\/2-3.jpg\" data-dt-img-description=\"\" data-large_image_width=\"1599\" data-large_image_height=\"1200\"><img loading=\"lazy\" decoding=\"async\" class=\" wp-image-314372 alignleft\" src=\"https:\/\/www.radiopiu.net\/wordpress\/wp-content\/uploads\/2022\/12\/2-3-300x225.jpg\" sizes=\"auto, (max-width: 141px) 100vw, 141px\" srcset=\"https:\/\/www.radiopiu.net\/wordpress\/wp-content\/uploads\/2022\/12\/2-3-300x225.jpg 300w, https:\/\/www.radiopiu.net\/wordpress\/wp-content\/uploads\/2022\/12\/2-3-1024x768.jpg 1024w, https:\/\/www.radiopiu.net\/wordpress\/wp-content\/uploads\/2022\/12\/2-3-768x576.jpg 768w, https:\/\/www.radiopiu.net\/wordpress\/wp-content\/uploads\/2022\/12\/2-3-1536x1153.jpg 1536w, https:\/\/www.radiopiu.net\/wordpress\/wp-content\/uploads\/2022\/12\/2-3.jpg 1599w\" alt=\"\" width=\"141\" height=\"106\" \/><\/a>ROCCA PIETORE<\/strong>\u00a0\u00c8 in programma per gioved\u00ec 5 gennaio sul piazzale della Funivia Marmolada \u201cLa Befana Vien Di Notte\u201d. Lo spettacolare arrivo della befana calata dalla funivia e che porter\u00e0 doni a tutti i bambini buoni. A partire dalle 17 l\u2019intrattenimento musicale con DJ Gigi &amp; Fra, alle 18 la calata della befana. Un evento organizzato dal Soccorso Alpino Val Pettorina e Marmolada srl. Si ringrazia da subito per la collaborazione CT Marmolada, Scuola Sci Maromolada, il Gruppo Alpini Rocca e la compagnia del Ciaudrin. Un evento patrocinato dal comuna dei Rocca Pietore.<\/p>\n<p>&nbsp;<\/p>\n<p>&nbsp;<\/p>\n<hr \/>\n<p>&nbsp;<\/p>\n<blockquote>\n<h3>IL PROGETTO BIO COL ALP CON ORAZIO ANDRICH<\/h3>\n<\/blockquote>\n<p><strong><a class=\"dt-pswp-item\" href=\"https:\/\/www.radiopiu.net\/wordpress\/wp-content\/uploads\/2022\/12\/c0bf0125-b9c3-4d59-bfd9-bc6c56749478-1.jpg\" data-dt-img-description=\"\" data-large_image_width=\"1024\" data-large_image_height=\"577\"><img loading=\"lazy\" decoding=\"async\" class=\" wp-image-313764 alignleft\" src=\"https:\/\/www.radiopiu.net\/wordpress\/wp-content\/uploads\/2022\/12\/c0bf0125-b9c3-4d59-bfd9-bc6c56749478-1-300x169.jpg\" alt=\"\" width=\"181\" height=\"102\" srcset=\"https:\/\/www.radiopiu.net\/wordpress\/wp-content\/uploads\/2022\/12\/c0bf0125-b9c3-4d59-bfd9-bc6c56749478-1-300x169.jpg 300w, https:\/\/www.radiopiu.net\/wordpress\/wp-content\/uploads\/2022\/12\/c0bf0125-b9c3-4d59-bfd9-bc6c56749478-1-768x433.jpg 768w, https:\/\/www.radiopiu.net\/wordpress\/wp-content\/uploads\/2022\/12\/c0bf0125-b9c3-4d59-bfd9-bc6c56749478-1.jpg 1024w\" sizes=\"auto, (max-width: 181px) 100vw, 181px\" \/><\/a>di Mirko Mezzacasa<\/strong><\/p>\n<p>OSPITE: Orazio Andrich<\/p>\n<audio class=\"wp-audio-shortcode\" id=\"audio-314344-9\" preload=\"none\" style=\"width: 100%;\" controls=\"controls\"><source type=\"audio\/mpeg\" src=\"https:\/\/www.radiopiu.net\/wordpress\/wp-content\/uploads\/2022\/12\/orazio-andrich-anticipazione-servizio.mp3?_=9\" \/><a href=\"https:\/\/www.radiopiu.net\/wordpress\/wp-content\/uploads\/2022\/12\/orazio-andrich-anticipazione-servizio.mp3\">https:\/\/www.radiopiu.net\/wordpress\/wp-content\/uploads\/2022\/12\/orazio-andrich-anticipazione-servizio.mp3<\/a><\/audio>\n<p>&nbsp;<\/p>\n<p><iframe loading=\"lazy\" title=\"PREGETTO BIOCOLALP SAN TOMASO 2022\" width=\"1200\" height=\"675\" src=\"https:\/\/www.youtube.com\/embed\/4dSoaEttc7U?feature=oembed\" frameborder=\"0\" allow=\"accelerometer; autoplay; clipboard-write; encrypted-media; gyroscope; picture-in-picture\" allowfullscreen><\/iframe><\/p>\n<p>&nbsp;<\/p>\n<p>&nbsp;<\/p>\n<p>&nbsp;<\/p>\n<hr \/>\n<p>&nbsp;<\/p>\n<blockquote>\n<h3>L\u2019ASSOCIAZIONE \u201cLE MUSE E LE DOLOMITI\u201d E IL SUCCESSO DI UN\u2019OFFERTA FORMATIVA ARTISTICA INEDITA<\/h3>\n<\/blockquote>\n<p><a class=\"dt-pswp-item\" href=\"https:\/\/www.radiopiu.net\/wordpress\/wp-content\/uploads\/2022\/12\/MuseDolomiti_ComStampa281222-2.jpg\" data-dt-img-description=\"\" data-large_image_width=\"1280\" data-large_image_height=\"855\"><img loading=\"lazy\" decoding=\"async\" class=\" wp-image-313842 alignleft\" src=\"https:\/\/www.radiopiu.net\/wordpress\/wp-content\/uploads\/2022\/12\/MuseDolomiti_ComStampa281222-2-300x200.jpg\" alt=\"\" width=\"176\" height=\"117\" srcset=\"https:\/\/www.radiopiu.net\/wordpress\/wp-content\/uploads\/2022\/12\/MuseDolomiti_ComStampa281222-2-300x200.jpg 300w, https:\/\/www.radiopiu.net\/wordpress\/wp-content\/uploads\/2022\/12\/MuseDolomiti_ComStampa281222-2-1024x684.jpg 1024w, https:\/\/www.radiopiu.net\/wordpress\/wp-content\/uploads\/2022\/12\/MuseDolomiti_ComStampa281222-2-768x513.jpg 768w, https:\/\/www.radiopiu.net\/wordpress\/wp-content\/uploads\/2022\/12\/MuseDolomiti_ComStampa281222-2.jpg 1280w\" sizes=\"auto, (max-width: 176px) 100vw, 176px\" \/><\/a>A conclusione del 2022, decimo anno di attivit\u00e0 per l\u2019Associazione, e per iniziare bene il 2023, \u201c<em>Le Muse e le Dolomiti<\/em>\u201d intendono raccontare il successo della \u201cScuola Interregionale di Canto e Teatro per Voci Bianche e Giovanili\u201d. Lo fanno organizzando per il 5 Gennaio presso il Teatro Navalge di Moena uno &#8220;Spettacolo Lirico Natalizio&#8221;: sar\u00e0 una serata per tutta la famiglia, adatta a un pubblico di ogni et\u00e0. Lo spettacolo, della durata di un&#8217;ora circa, \u00e8 impostato per un pubblico di tutte le et\u00e0 (et\u00e0 consigliata dai 4 anni in poi). Per il pubblico proveniente dall\u2019Agordino \u00e8 previsto un bus navetta a costo contenuto, grazie alla collaborazione con il Comune di Falcade, dove l\u2019Associazione\u00a0 \u201c<em>Le Muse e le Dolomiti<\/em>\u201d ha sede legale.<\/p>\n<p>&nbsp;<\/p>\n<p>&nbsp;<\/p>\n<p>&nbsp;<\/p>\n<hr \/>\n<p>&nbsp;<\/p>\n<blockquote>\n<h3>GIORGIO FORNASIER A GOSALDO PER L&#8217;ULTIMO CONCERTO IN AGORDINO<\/h3>\n<\/blockquote>\n<p><strong><a class=\"dt-pswp-item\" href=\"https:\/\/www.radiopiu.net\/wordpress\/wp-content\/uploads\/2022\/12\/GIORGIO-FORNASIER.png\" data-dt-img-description=\"\" data-large_image_width=\"1280\" data-large_image_height=\"992\"><img loading=\"lazy\" decoding=\"async\" class=\"wp-image-312788 alignleft\" src=\"https:\/\/www.radiopiu.net\/wordpress\/wp-content\/uploads\/2022\/12\/GIORGIO-FORNASIER-300x233.png\" alt=\"\" width=\"193\" height=\"150\" srcset=\"https:\/\/www.radiopiu.net\/wordpress\/wp-content\/uploads\/2022\/12\/GIORGIO-FORNASIER-300x233.png 300w, https:\/\/www.radiopiu.net\/wordpress\/wp-content\/uploads\/2022\/12\/GIORGIO-FORNASIER-1024x794.png 1024w, https:\/\/www.radiopiu.net\/wordpress\/wp-content\/uploads\/2022\/12\/GIORGIO-FORNASIER-768x595.png 768w, https:\/\/www.radiopiu.net\/wordpress\/wp-content\/uploads\/2022\/12\/GIORGIO-FORNASIER.png 1280w\" sizes=\"auto, (max-width: 193px) 100vw, 193px\" \/><\/a>GOSALDO<\/strong> Giorgio Fornasier sar\u00e0 protagonista di un concerto nella Chiesa di Gosaldo mercoled\u00ec 4 gennaio con inizio alle 16. Uno spettacolo a tema catechetico e natalizio. Sar\u00e0 l&#8217;ultimo concerto di Fornasier in Agordino, il cantante bellunese infatti ha annunciato di appendere al chiodo la chitarra. Un motivo in pi\u00f9 per salire a Gosaldo per gustarsi lo spettacolo.<\/p>\n<p><strong>\u00a0<\/strong><\/p>\n<p><strong>\u00a0<\/strong><\/p>\n<p><strong>L&#8217;INVITO DI DON FABIANO DEL FAVERO, PARROCO DI VOLTAGO, RIVAMONTE E GOSALDO<\/strong><\/p>\n<audio class=\"wp-audio-shortcode\" id=\"audio-314344-10\" preload=\"none\" style=\"width: 100%;\" controls=\"controls\"><source type=\"audio\/mpeg\" src=\"https:\/\/www.radiopiu.net\/wordpress\/wp-content\/uploads\/2022\/12\/DON-FABIANO-FORNASIER.mp3?_=10\" \/><a href=\"https:\/\/www.radiopiu.net\/wordpress\/wp-content\/uploads\/2022\/12\/DON-FABIANO-FORNASIER.mp3\">https:\/\/www.radiopiu.net\/wordpress\/wp-content\/uploads\/2022\/12\/DON-FABIANO-FORNASIER.mp3<\/a><\/audio>\n<p>&nbsp;<\/p>\n<hr \/>\n<p>&nbsp;<\/p>\n<blockquote>\n<h3>TI MANCA L&#8217;INVERNO? CI PENSANO LE ATTIVITA&#8217; ECONOMICHE DI FALCADE E CAVIOLA<\/h3>\n<\/blockquote>\n<blockquote>\n<h3><a class=\"dt-pswp-item\" href=\"https:\/\/www.radiopiu.net\/wordpress\/wp-content\/uploads\/2022\/12\/Senza-nome-100.jpg\" data-dt-img-description=\"\" data-large_image_width=\"742\" data-large_image_height=\"356\"><img loading=\"lazy\" decoding=\"async\" class=\"size-medium wp-image-312733 alignleft\" src=\"https:\/\/www.radiopiu.net\/wordpress\/wp-content\/uploads\/2022\/12\/Senza-nome-100-300x144.jpg\" alt=\"\" width=\"300\" height=\"144\" srcset=\"https:\/\/www.radiopiu.net\/wordpress\/wp-content\/uploads\/2022\/12\/Senza-nome-100-300x144.jpg 300w, https:\/\/www.radiopiu.net\/wordpress\/wp-content\/uploads\/2022\/12\/Senza-nome-100.jpg 742w\" sizes=\"auto, (max-width: 300px) 100vw, 300px\" \/><\/a>MERCATINI DI NATALE A FALCADE, IN PIAZZA DEL MUNICIPIO: DAL 24 DICEMBRE ALL&#8217;8 GENNAIO DALLE 16 ALLE 19.<\/h3>\n<\/blockquote>\n<p>GLI APPUNTAMENTI IN PIAZZA DEL MUNICIPIO ACCANTO AL MERCATINO: 3 GENNAIO ALLE 21 CONCERTO DEL CORO VAL BIOIS IN CHIESA A CAVIOLA CON INTERMEZZI ALL&#8217;ORGANO DI LORIS SERAFINI. IN PIAZZA DEL MUNICIPIO ACCANTO AL MERCATINO: IL 4 GENNAIO ALLE 16 APERITIVO DEI COSCRITTI DJ E AREA BAR, IL 5 GENNAIO ALLE 18 MUSICHE POPOLARI CON I TIRATAIE E PASSAGGIO DELLA BEFANA, 7 GENNAIO DALLE 18 IL GRUPPO FOLK BATI ORZ DI SAN TOMASO.<\/p>\n<blockquote>\n<h2>CHE INVERNO&#8230; A FALCADE E CAVIOLA<\/h2>\n<\/blockquote>\n<p>&nbsp;<\/p>\n<p>&nbsp;<\/p>\n<hr \/>\n<p>&nbsp;<\/p>\n<h2><strong><a class=\"dt-pswp-item\" href=\"https:\/\/www.radiopiu.net\/wordpress\/wp-content\/uploads\/2020\/12\/DON-GIORGIO-LISE.jpg\" data-dt-img-description=\"\" data-large_image_width=\"1600\" data-large_image_height=\"901\"><img loading=\"lazy\" decoding=\"async\" class=\" wp-image-177420 alignleft\" src=\"https:\/\/www.radiopiu.net\/wordpress\/wp-content\/uploads\/2020\/12\/DON-GIORGIO-LISE-300x169.jpg\" alt=\"\" width=\"211\" height=\"119\" srcset=\"https:\/\/www.radiopiu.net\/wordpress\/wp-content\/uploads\/2020\/12\/DON-GIORGIO-LISE-300x169.jpg 300w, https:\/\/www.radiopiu.net\/wordpress\/wp-content\/uploads\/2020\/12\/DON-GIORGIO-LISE-1024x577.jpg 1024w, https:\/\/www.radiopiu.net\/wordpress\/wp-content\/uploads\/2020\/12\/DON-GIORGIO-LISE-768x432.jpg 768w, https:\/\/www.radiopiu.net\/wordpress\/wp-content\/uploads\/2020\/12\/DON-GIORGIO-LISE-1536x865.jpg 1536w, https:\/\/www.radiopiu.net\/wordpress\/wp-content\/uploads\/2020\/12\/DON-GIORGIO-LISE.jpg 1600w\" sizes=\"auto, (max-width: 211px) 100vw, 211px\" \/><\/a><\/strong><span style=\"color: #ff0000;\">DUE MINUTI PER TE<\/span><\/h2>\n<p><strong>APPUNTAMENTO DELLA DOMENICA CON MONSIGNOR GIORGIO LISE<\/strong><\/p>\n<audio class=\"wp-audio-shortcode\" id=\"audio-314344-11\" preload=\"none\" style=\"width: 100%;\" controls=\"controls\"><source type=\"audio\/mpeg\" src=\"https:\/\/www.radiopiu.net\/wordpress\/wp-content\/uploads\/2022\/12\/DON-GIORGIO-4.mp3?_=11\" \/><a href=\"https:\/\/www.radiopiu.net\/wordpress\/wp-content\/uploads\/2022\/12\/DON-GIORGIO-4.mp3\">https:\/\/www.radiopiu.net\/wordpress\/wp-content\/uploads\/2022\/12\/DON-GIORGIO-4.mp3<\/a><\/audio>\n<p>&nbsp;<\/p>\n<p>&nbsp;<\/p>\n<hr \/>\n<p>&nbsp;<\/p>\n<div>\n<div class=\"b654a4as d2edcug0\">\n<div class=\"rq0escxv hkbzh7o3 jwdofwj8 n8tt0mok r8blr3vg hyh9befq\">\n<p><a class=\"dt-pswp-item\" href=\"https:\/\/www.radiopiu.net\/wordpress\/wp-content\/uploads\/2020\/10\/pp.jpg\" data-dt-img-description=\"\" data-large_image_width=\"640\" data-large_image_height=\"640\"><img loading=\"lazy\" decoding=\"async\" class=\"wp-image-163678 alignleft\" src=\"https:\/\/www.radiopiu.net\/wordpress\/wp-content\/uploads\/2020\/10\/pp-300x300.jpg\" alt=\"\" width=\"106\" height=\"106\" srcset=\"https:\/\/www.radiopiu.net\/wordpress\/wp-content\/uploads\/2020\/10\/pp-300x300.jpg 300w, https:\/\/www.radiopiu.net\/wordpress\/wp-content\/uploads\/2020\/10\/pp-150x150.jpg 150w, https:\/\/www.radiopiu.net\/wordpress\/wp-content\/uploads\/2020\/10\/pp-125x125.jpg 125w, https:\/\/www.radiopiu.net\/wordpress\/wp-content\/uploads\/2020\/10\/pp-200x200.jpg 200w, https:\/\/www.radiopiu.net\/wordpress\/wp-content\/uploads\/2020\/10\/pp-80x80.jpg 80w, https:\/\/www.radiopiu.net\/wordpress\/wp-content\/uploads\/2020\/10\/pp-480x480.jpg 480w, https:\/\/www.radiopiu.net\/wordpress\/wp-content\/uploads\/2020\/10\/pp.jpg 640w\" sizes=\"auto, (max-width: 106px) 100vw, 106px\" \/><\/a><\/p>\n<\/div>\n<\/div>\n<\/div>\n<div>\n<div class=\"page-title-head hgroup\">\n<div class=\"page-title-head hgroup\">\n<div class=\"b654a4as d2edcug0\">\n<div class=\"j83agx80 btwxx1t3 lhclo0ds hop8lmos nkwizq5d scwd0bx6 roh60bw9\">\n<div class=\"rq0escxv hkbzh7o3 jwdofwj8 n8tt0mok r8blr3vg hyh9befq\">\n<div class=\"do00u71z l9j0dhe7 k4urcfbm\" style=\"text-align: left;\">\n<h2><span style=\"color: #000080;\">DON CESARE, IL PENSIERO DEL GIORNO. ALLA RADIO ALLE 7 DEL MATTINO E ALLE 19.30 DELLA SERA\u00a0<\/span><\/h2>\n<audio class=\"wp-audio-shortcode\" id=\"audio-314344-12\" preload=\"none\" style=\"width: 100%;\" controls=\"controls\"><source type=\"audio\/mpeg\" src=\"https:\/\/www.radiopiu.net\/wordpress\/wp-content\/uploads\/2023\/01\/CESARE.mp3?_=12\" \/><a href=\"https:\/\/www.radiopiu.net\/wordpress\/wp-content\/uploads\/2023\/01\/CESARE.mp3\">https:\/\/www.radiopiu.net\/wordpress\/wp-content\/uploads\/2023\/01\/CESARE.mp3<\/a><\/audio>\n<\/div>\n<\/div>\n<\/div>\n<\/div>\n<\/div>\n<\/div>\n<\/div>\n<p>&nbsp;<\/p>\n<p>&nbsp;<\/p>\n<hr \/>\n<p>&nbsp;<\/p>\n<h2><span style=\"color: #ff00ff;\">IN VIVO VERSO\u00a0<\/span><\/h2>\n<p><strong>LA RACCOLTA COMPLETA<\/strong><\/p>\n<blockquote class=\"wp-embedded-content\" data-secret=\"1DJIIxDYPZ\"><p><a href=\"https:\/\/www.radiopiu.net\/wordpress\/in-vivo-verso\/\">In Vivo Verso<\/a><\/p><\/blockquote>\n<p><iframe loading=\"lazy\" class=\"wp-embedded-content\" sandbox=\"allow-scripts\" security=\"restricted\" style=\"position: absolute; clip: rect(1px, 1px, 1px, 1px);\" title=\"&#8220;In Vivo Verso&#8221; &#8212; Radio Pi\u00f9\" src=\"https:\/\/www.radiopiu.net\/wordpress\/in-vivo-verso\/embed\/#?secret=cx4RqlsWCY#?secret=1DJIIxDYPZ\" data-secret=\"1DJIIxDYPZ\" width=\"600\" height=\"338\" frameborder=\"0\" marginwidth=\"0\" marginheight=\"0\" scrolling=\"no\"><\/iframe><\/p>\n<p>&nbsp;<\/p>\n<hr \/>\n<p>&nbsp;<\/p>\n<p><img loading=\"lazy\" decoding=\"async\" class=\"aligncenter wp-image-61954 size-full\" src=\"https:\/\/www.radiopiu.net\/wordpress\/wp-content\/uploads\/2018\/09\/viabilita.jpeg\" sizes=\"auto, (max-width: 800px) 100vw, 800px\" srcset=\"https:\/\/www.radiopiu.net\/wordpress\/wp-content\/uploads\/2018\/09\/viabilita.jpeg 800w, https:\/\/www.radiopiu.net\/wordpress\/wp-content\/uploads\/2018\/09\/viabilita-300x38.jpeg 300w, https:\/\/www.radiopiu.net\/wordpress\/wp-content\/uploads\/2018\/09\/viabilita-768x96.jpeg 768w\" alt=\"\" width=\"800\" height=\"100\" \/><\/p>\n<p>&nbsp;<\/p>\n<p>&nbsp;<\/p>\n<p><strong>AGGIORNAMENTO VENETO STRADE, AGGIORNAMENTO CONTINUO H 24<\/strong><\/p>\n<p>&nbsp;<\/p>\n<blockquote class=\"wp-embedded-content\" data-secret=\"OaeV3CrtDm\"><p><a href=\"https:\/\/www.radiopiu.net\/wordpress\/viabilita\/\">viabilita<\/a><\/p><\/blockquote>\n<p><iframe loading=\"lazy\" class=\"wp-embedded-content\" sandbox=\"allow-scripts\" security=\"restricted\" style=\"position: absolute; clip: rect(1px, 1px, 1px, 1px);\" title=\"&#8220;viabilita&#8221; &#8212; Radio Pi\u00f9\" src=\"https:\/\/www.radiopiu.net\/wordpress\/viabilita\/embed\/#?secret=UglFY4wH5C#?secret=OaeV3CrtDm\" data-secret=\"OaeV3CrtDm\" width=\"600\" height=\"338\" frameborder=\"0\" marginwidth=\"0\" marginheight=\"0\" scrolling=\"no\"><\/iframe><\/p>\n<p>&nbsp;<\/p>\n<h2><\/h2>\n<hr \/>\n<p>&nbsp;<\/p>\n<p><a class=\"dt-pswp-item\" href=\"https:\/\/www.radiopiu.net\/wordpress\/wp-content\/uploads\/2018\/09\/WhatsApp-Image-2018-09-20-at-16.04.06.jpeg\" data-dt-img-description=\"\" data-large_image_width=\"800\" data-large_image_height=\"100\"><img loading=\"lazy\" decoding=\"async\" class=\"wp-image-61378 size-full aligncenter\" src=\"https:\/\/www.radiopiu.net\/wordpress\/wp-content\/uploads\/2018\/09\/WhatsApp-Image-2018-09-20-at-16.04.06.jpeg\" alt=\"\" width=\"800\" height=\"100\" srcset=\"https:\/\/www.radiopiu.net\/wordpress\/wp-content\/uploads\/2018\/09\/WhatsApp-Image-2018-09-20-at-16.04.06.jpeg 800w, https:\/\/www.radiopiu.net\/wordpress\/wp-content\/uploads\/2018\/09\/WhatsApp-Image-2018-09-20-at-16.04.06-300x38.jpeg 300w, https:\/\/www.radiopiu.net\/wordpress\/wp-content\/uploads\/2018\/09\/WhatsApp-Image-2018-09-20-at-16.04.06-768x96.jpeg 768w\" sizes=\"auto, (max-width: 800px) 100vw, 800px\" \/><\/a><\/p>\n<p>&nbsp;<\/p>\n<p><center><b>OGGI<\/b><\/center><b>Tempo atteso: <\/b>In quota, specie sulle Dolomiti, sereno o poco nuvoloso per qualche nube alta; nelle valli possibili banchi di nubi medio-basse, ma con schiarite anche ampie nel corso della giornata. Sulle Prealpi probabili nubi basse estese e a tratti anche persistenti, specie in Valbelluna dove il cielo si manterr\u00e0 perlopi\u00f9 nuvoloso o parzialmente nuvoloso; graduale aumento della nuvolosit\u00e0 per nubi alte dal tardo pomeriggio. Contesto termico sempre mite, ma un po&#8217;meno rispetto al giorno precedente in quota.<br \/>\n<b>Precipitazioni: <\/b>Assenti (0%).<br \/>\n<b>Temperature: <\/b>In quota in contenuto calo, con minime raggiunte a fine giornata; nelle valli senza variazioni di rilievo, salvo qualche diminuzione delle minime.<\/p>\n<hr \/>\n<p><center><b>DOMANI<\/b><\/center><b>Tempo atteso: <\/b>Cielo nuvoloso, a tratti anche molto nuvoloso con eventuali fenomeni che saranno tuttavia deboli, locali o sparsi.<br \/>\n<b>Precipitazioni: <\/b>Non escluse (5-25%) del tutto precipitazioni a carattere da locale a sparso e intermittente di modesta entit\u00e0, eventualmente nevose oltre i 1500-1700 m sulle Dolomiti e oltre i 1600-1800 m sulle Prealpi, in ogni caso senza accumuli apprezzabili.<br \/>\n<b>Temperature: <\/b>In generale contenuto calo, salvo le minime nelle valli che saranno in lieve o contenuto aumento; minime in alta montagna misurate ancora a fine fine giornata; attenuazione dell&#8217;inversione termica rispetto a luned\u00ec.<\/p>\n<hr \/>\n<p><center><b>MERCOLEDI<\/b><\/center>Tempo stabile e in prevalenza ben soleggiato specie sulle Dolomiti, con bassa probabilit\u00e0 di formazione di nubi basse sui settori prealpini, che saranno in ogni caso meno consistenti e meno persistenti rispetto ai giorni precedenti. Ingresso di nuvolosit\u00e0 medio-alta al pomeriggio\/sera. Temperature minime in calo, massime in lieve o contenuto aumento, in funzione del soleggiamento diurno, con valori ancora superiori alle medie del periodo.<\/p>\n<hr \/>\n<p><center><b>GIOVEDI<\/b><\/center>Tempo ancora stabile, ma soleggiato in parte per transito di nubi alte. Possibile formazione di nubi basse associate a qualche foschia o banco di nebbia in alcune valli prealpine nelle ore fredde. Temperature senza notevoli variazioni o in lieve aumento e ancora superiori alle medie del periodo, con modesta inversione termica nelle valli.<\/p>\n<p>&nbsp;<\/p>\n<hr \/>\n<p>&nbsp;<\/p>\n<p><a class=\"dt-pswp-item\" href=\"https:\/\/www.radiopiu.net\/wordpress\/wp-content\/uploads\/2018\/09\/sport.jpg\" data-dt-img-description=\"\" data-large_image_width=\"800\" data-large_image_height=\"100\"><img loading=\"lazy\" decoding=\"async\" class=\"aligncenter wp-image-60761 size-full\" src=\"https:\/\/www.radiopiu.net\/wordpress\/wp-content\/uploads\/2018\/09\/sport.jpg\" alt=\"\" width=\"800\" height=\"100\" srcset=\"https:\/\/www.radiopiu.net\/wordpress\/wp-content\/uploads\/2018\/09\/sport.jpg 800w, https:\/\/www.radiopiu.net\/wordpress\/wp-content\/uploads\/2018\/09\/sport-300x38.jpg 300w, https:\/\/www.radiopiu.net\/wordpress\/wp-content\/uploads\/2018\/09\/sport-768x96.jpg 768w\" sizes=\"auto, (max-width: 800px) 100vw, 800px\" \/><\/a><\/p>\n<p>&nbsp;<\/p>\n<p><span style=\"color: #0000ff;\"><strong>SCI DI FONDO<\/strong><\/span><\/p>\n<blockquote>\n<h3>UN&#8217;ALTRO BUON RISULTATO PER ELIA BARP NELLA SECONDA GIORNATA DEL TOUR DE SKI<\/h3>\n<\/blockquote>\n<p><strong><a class=\"dt-pswp-item\" href=\"https:\/\/www.radiopiu.net\/wordpress\/wp-content\/uploads\/2022\/12\/elia-barp-7.-mondiali-vuokatti-10-km-skating-12.02.2021.jpg\" data-dt-img-description=\"\" data-large_image_width=\"2048\" data-large_image_height=\"1362\"><img loading=\"lazy\" decoding=\"async\" class=\" wp-image-314014 alignleft\" src=\"https:\/\/www.radiopiu.net\/wordpress\/wp-content\/uploads\/2022\/12\/elia-barp-7.-mondiali-vuokatti-10-km-skating-12.02.2021-300x200.jpg\" alt=\"\" width=\"228\" height=\"152\" srcset=\"https:\/\/www.radiopiu.net\/wordpress\/wp-content\/uploads\/2022\/12\/elia-barp-7.-mondiali-vuokatti-10-km-skating-12.02.2021-300x200.jpg 300w, https:\/\/www.radiopiu.net\/wordpress\/wp-content\/uploads\/2022\/12\/elia-barp-7.-mondiali-vuokatti-10-km-skating-12.02.2021-1024x681.jpg 1024w, https:\/\/www.radiopiu.net\/wordpress\/wp-content\/uploads\/2022\/12\/elia-barp-7.-mondiali-vuokatti-10-km-skating-12.02.2021-768x511.jpg 768w, https:\/\/www.radiopiu.net\/wordpress\/wp-content\/uploads\/2022\/12\/elia-barp-7.-mondiali-vuokatti-10-km-skating-12.02.2021-1536x1022.jpg 1536w, https:\/\/www.radiopiu.net\/wordpress\/wp-content\/uploads\/2022\/12\/elia-barp-7.-mondiali-vuokatti-10-km-skating-12.02.2021.jpg 2048w\" sizes=\"auto, (max-width: 228px) 100vw, 228px\" \/><\/a>di Marco Gaz<\/strong><\/p>\n<p><strong>REDAZIONE<\/strong> Si \u00e8 svolta a Val M\u00fcstar in Svizzera la seconda tappa del Tour de Ski. Secondo giorno dedicato alla 10 km inseguimento e arriva ancora un ottimo risultato per il finanziere Elia Barp. Il ragazzo bellunese, dopo la bella prova nella sprint di sabato con un 46\u00b0 posto,\u00a0 ha chiuso la gara al 47\u00b0 posto assoluto con poco pi\u00f9 di 2&#8242; di ritardo dal vincitore della prova. Fin&#8217;ora un buon Tour de Ski per Elia che ritorner\u00e0 in gara il 3 gennaio in Germania, pi\u00f9 precisamente a Obersdorf, dove si disputeranno altre due prove prima: la 10 km tecnica classica e la 20 km inseguimento. La settimana impegnativa del circuito in Val di Fiemme nel fine settimana del 6, 7 e 8 gennaio quando ci saranno la sprint, la 15 km tecnica classica e la salita del Cermis nella 9 km in programma l&#8217;ultimo giorno.<\/p>\n<p>&nbsp;<\/p>\n<p>&nbsp;<\/p>\n<\/div>\n<\/div>\n<\/div>\n","protected":false},"excerpt":{"rendered":"<p>RADIO PIU INFORMAZIONE il canale su TELEGRAM informazione di prima\u00a0 mano e in tempo reale. iscriviti ed aiutaci a farlo conoscere\u00a0 \u00a0 \u00a0\u00a0 ISCRIVITI AL NOSTRO CANALE YOUTUBE PER SEGUIRE IN DIRETTA I PRINCIPALI PROGRAMMI DI RADIO PIU&#8217; E LE FUTURE DIRETTE IN ESTERNA. PER ISCRIVERTI CLICCA QUI E PREMI IL TASTO &#8220;Iscriviti&#8221;\u00a0\u00a0 &nbsp; BUON&hellip;<\/p>\n","protected":false},"author":4,"featured_media":314516,"comment_status":"closed","ping_status":"closed","sticky":false,"template":"","format":"standard","meta":{"_monsterinsights_skip_tracking":false,"_monsterinsights_sitenote_active":false,"_monsterinsights_sitenote_note":"","_monsterinsights_sitenote_category":0,"footnotes":""},"categories":[51,86,49],"tags":[],"class_list":["post-314344","post","type-post","status-publish","format-standard","has-post-thumbnail","hentry","category-evidenza-top","category-gr","category-news-18","category-51","category-86","category-49","description-off"],"img_url":"https:\/\/www.radiopiu.net\/wordpress\/wp-content\/uploads\/2023\/01\/Senza-nome.jpg","_links":{"self":[{"href":"https:\/\/www.radiopiu.net\/wordpress\/wp-json\/wp\/v2\/posts\/314344","targetHints":{"allow":["GET"]}}],"collection":[{"href":"https:\/\/www.radiopiu.net\/wordpress\/wp-json\/wp\/v2\/posts"}],"about":[{"href":"https:\/\/www.radiopiu.net\/wordpress\/wp-json\/wp\/v2\/types\/post"}],"author":[{"embeddable":true,"href":"https:\/\/www.radiopiu.net\/wordpress\/wp-json\/wp\/v2\/users\/4"}],"replies":[{"embeddable":true,"href":"https:\/\/www.radiopiu.net\/wordpress\/wp-json\/wp\/v2\/comments?post=314344"}],"version-history":[{"count":0,"href":"https:\/\/www.radiopiu.net\/wordpress\/wp-json\/wp\/v2\/posts\/314344\/revisions"}],"wp:featuredmedia":[{"embeddable":true,"href":"https:\/\/www.radiopiu.net\/wordpress\/wp-json\/wp\/v2\/media\/314516"}],"wp:attachment":[{"href":"https:\/\/www.radiopiu.net\/wordpress\/wp-json\/wp\/v2\/media?parent=314344"}],"wp:term":[{"taxonomy":"category","embeddable":true,"href":"https:\/\/www.radiopiu.net\/wordpress\/wp-json\/wp\/v2\/categories?post=314344"},{"taxonomy":"post_tag","embeddable":true,"href":"https:\/\/www.radiopiu.net\/wordpress\/wp-json\/wp\/v2\/tags?post=314344"}],"curies":[{"name":"wp","href":"https:\/\/api.w.org\/{rel}","templated":true}]}}