{"id":314444,"date":"2023-01-02T05:13:16","date_gmt":"2023-01-02T04:13:16","guid":{"rendered":"https:\/\/www.radiopiu.net\/wordpress\/?p=314444"},"modified":"2023-01-02T05:38:05","modified_gmt":"2023-01-02T04:38:05","slug":"due-fiocchi-azzurri-in-ulss-1-dolomiti-gli-ultimi-nati-del-2022-sono-due-maschietti","status":"publish","type":"post","link":"https:\/\/www.radiopiu.net\/wordpress\/due-fiocchi-azzurri-in-ulss-1-dolomiti-gli-ultimi-nati-del-2022-sono-due-maschietti\/","title":{"rendered":"DUE FIOCCHI AZZURRI IN ULSS 1 DOLOMITI. GLI ULTIMI NATI DEL 2022 SONO DUE MASCHIETTI"},"content":{"rendered":"<p><strong>BELLUNO<\/strong> In attesa dei primi nati del 2023, l&#8217;Ulss 1 Dolomiti da il benvenuto agli ultimi nati del 2022.\u00a0 L&#8217;ultimo nato \u00e8 Noah, venuto alla luce il 31 dicembre alle 18.56 all&#8217;ostetricia dell&#8217;ospedale di Feltre. Complimenti a mamma Ilenia e pap\u00e0 Dylan di Sedico. All&#8217;ostetricia di Belluno l&#8217;ultimo nato del 2022 \u00e8 stato Pietro, nato alle 16.17 da mamma Ilenia e pap\u00e0 Giuliano dell&#8217;Alpago. In totale i nati del 2022 in Ulss Dolomiti sono stati 1.312. (foto: pagina Facebook Ulss 1 Dolomiti)<\/p>\n\n\t\t\t<style type='text\/css'>\n\t\t\t\t#gallery-1 {\n\t\t\t\t\tmargin: auto;\n\t\t\t\t}\n\t\t\t\t#gallery-1 .gallery-item {\n\t\t\t\t\tfloat: left;\n\t\t\t\t\tmargin-top: 10px;\n\t\t\t\t\ttext-align: center;\n\t\t\t\t\twidth: 50%;\n\t\t\t\t}\n\t\t\t\t#gallery-1 img {\n\t\t\t\t\tborder: 2px solid #cfcfcf;\n\t\t\t\t}\n\t\t\t\t#gallery-1 .gallery-caption {\n\t\t\t\t\tmargin-left: 0;\n\t\t\t\t}\n\t\t\t\t\/* see gallery_shortcode() in wp-includes\/media.php *\/\n\t\t\t<\/style>\n\t\t<div id='gallery-1' class='dt-gallery-container gallery galleryid-314444 gallery-columns-2 gallery-size-medium'><dl class='gallery-item'>\n\t\t\t\t<dt class='gallery-icon portrait'>\n\t\t\t\t\t<a class=\"rollover rollover-zoom dt-pswp-item\" title=\"323344381_1178795146077258_3461970925564216577_n\" data-dt-img-description=\"\" data-large_image_width=\"768\" data-large_image_height=\"1024\"href='https:\/\/www.radiopiu.net\/wordpress\/wp-content\/uploads\/2023\/01\/323344381_1178795146077258_3461970925564216577_n.jpg'><img loading=\"lazy\" decoding=\"async\" width=\"225\" height=\"300\" src=\"https:\/\/www.radiopiu.net\/wordpress\/wp-content\/uploads\/2023\/01\/323344381_1178795146077258_3461970925564216577_n-225x300.jpg\" class=\"attachment-medium size-medium\" alt=\"\" aria-describedby=\"gallery-1-314446\" srcset=\"https:\/\/www.radiopiu.net\/wordpress\/wp-content\/uploads\/2023\/01\/323344381_1178795146077258_3461970925564216577_n-225x300.jpg 225w, https:\/\/www.radiopiu.net\/wordpress\/wp-content\/uploads\/2023\/01\/323344381_1178795146077258_3461970925564216577_n.jpg 768w\" sizes=\"auto, (max-width: 225px) 100vw, 225px\" \/><\/a>\n\t\t\t\t<\/dt>\n\t\t\t\t\t<dd class='wp-caption-text gallery-caption' id='gallery-1-314446'>\n\t\t\t\t\tNOAH\n\t\t\t\t\t<\/dd><\/dl><dl class='gallery-item'>\n\t\t\t\t<dt class='gallery-icon portrait'>\n\t\t\t\t\t<a class=\"rollover rollover-zoom dt-pswp-item\" title=\"321940465_1060450328139945_6157820456048194213_n\" data-dt-img-description=\"\" data-large_image_width=\"960\" data-large_image_height=\"1279\"href='https:\/\/www.radiopiu.net\/wordpress\/wp-content\/uploads\/2023\/01\/321940465_1060450328139945_6157820456048194213_n.jpg'><img loading=\"lazy\" decoding=\"async\" width=\"225\" height=\"300\" src=\"https:\/\/www.radiopiu.net\/wordpress\/wp-content\/uploads\/2023\/01\/321940465_1060450328139945_6157820456048194213_n-225x300.jpg\" class=\"attachment-medium size-medium\" alt=\"\" aria-describedby=\"gallery-1-314445\" srcset=\"https:\/\/www.radiopiu.net\/wordpress\/wp-content\/uploads\/2023\/01\/321940465_1060450328139945_6157820456048194213_n-225x300.jpg 225w, https:\/\/www.radiopiu.net\/wordpress\/wp-content\/uploads\/2023\/01\/321940465_1060450328139945_6157820456048194213_n-769x1024.jpg 769w, https:\/\/www.radiopiu.net\/wordpress\/wp-content\/uploads\/2023\/01\/321940465_1060450328139945_6157820456048194213_n-768x1023.jpg 768w, https:\/\/www.radiopiu.net\/wordpress\/wp-content\/uploads\/2023\/01\/321940465_1060450328139945_6157820456048194213_n.jpg 960w\" sizes=\"auto, (max-width: 225px) 100vw, 225px\" \/><\/a>\n\t\t\t\t<\/dt>\n\t\t\t\t\t<dd class='wp-caption-text gallery-caption' id='gallery-1-314445'>\n\t\t\t\t\tPIETRO\n\t\t\t\t\t<\/dd><\/dl><br style=\"clear: both\" \/>\n\t\t\t<\/div>\n\n<p>&nbsp;<\/p>\n<p>&nbsp;<\/p>\n<p>*******<\/p>\n","protected":false},"excerpt":{"rendered":"<p>BELLUNO In attesa dei primi nati del 2023, l&#8217;Ulss 1 Dolomiti da il benvenuto agli ultimi nati del 2022.\u00a0 L&#8217;ultimo nato \u00e8 Noah, venuto alla luce il 31 dicembre alle 18.56 all&#8217;ostetricia dell&#8217;ospedale di Feltre. Complimenti a mamma Ilenia e pap\u00e0 Dylan di Sedico. All&#8217;ostetricia di Belluno l&#8217;ultimo nato del 2022 \u00e8 stato Pietro, nato&hellip;<\/p>\n","protected":false},"author":4,"featured_media":198838,"comment_status":"closed","ping_status":"closed","sticky":false,"template":"","format":"standard","meta":{"_monsterinsights_skip_tracking":false,"_monsterinsights_sitenote_active":false,"_monsterinsights_sitenote_note":"","_monsterinsights_sitenote_category":0,"footnotes":""},"categories":[51,49],"tags":[],"class_list":["post-314444","post","type-post","status-publish","format-standard","has-post-thumbnail","hentry","category-evidenza-top","category-news-18","category-51","category-49","description-off"],"img_url":"https:\/\/www.radiopiu.net\/wordpress\/wp-content\/uploads\/2021\/03\/ULSS-1.jpg","_links":{"self":[{"href":"https:\/\/www.radiopiu.net\/wordpress\/wp-json\/wp\/v2\/posts\/314444","targetHints":{"allow":["GET"]}}],"collection":[{"href":"https:\/\/www.radiopiu.net\/wordpress\/wp-json\/wp\/v2\/posts"}],"about":[{"href":"https:\/\/www.radiopiu.net\/wordpress\/wp-json\/wp\/v2\/types\/post"}],"author":[{"embeddable":true,"href":"https:\/\/www.radiopiu.net\/wordpress\/wp-json\/wp\/v2\/users\/4"}],"replies":[{"embeddable":true,"href":"https:\/\/www.radiopiu.net\/wordpress\/wp-json\/wp\/v2\/comments?post=314444"}],"version-history":[{"count":0,"href":"https:\/\/www.radiopiu.net\/wordpress\/wp-json\/wp\/v2\/posts\/314444\/revisions"}],"wp:featuredmedia":[{"embeddable":true,"href":"https:\/\/www.radiopiu.net\/wordpress\/wp-json\/wp\/v2\/media\/198838"}],"wp:attachment":[{"href":"https:\/\/www.radiopiu.net\/wordpress\/wp-json\/wp\/v2\/media?parent=314444"}],"wp:term":[{"taxonomy":"category","embeddable":true,"href":"https:\/\/www.radiopiu.net\/wordpress\/wp-json\/wp\/v2\/categories?post=314444"},{"taxonomy":"post_tag","embeddable":true,"href":"https:\/\/www.radiopiu.net\/wordpress\/wp-json\/wp\/v2\/tags?post=314444"}],"curies":[{"name":"wp","href":"https:\/\/api.w.org\/{rel}","templated":true}]}}