{"id":314457,"date":"2023-01-01T14:00:56","date_gmt":"2023-01-01T13:00:56","guid":{"rendered":"https:\/\/www.radiopiu.net\/wordpress\/?p=314457"},"modified":"2023-01-01T14:00:56","modified_gmt":"2023-01-01T13:00:56","slug":"unaltro-buon-risultato-per-elia-barp-nella-seconda-giornata-del-tour-de-ski","status":"publish","type":"post","link":"https:\/\/www.radiopiu.net\/wordpress\/unaltro-buon-risultato-per-elia-barp-nella-seconda-giornata-del-tour-de-ski\/","title":{"rendered":"UN&#8217;ALTRO BUON RISULTATO PER ELIA BARP NELLA SECONDA GIORNATA DEL TOUR DE SKI"},"content":{"rendered":"<p><strong><a class=\"dt-pswp-item\" href=\"https:\/\/www.radiopiu.net\/wordpress\/wp-content\/uploads\/2022\/12\/elia-barp-7.-mondiali-vuokatti-10-km-skating-12.02.2021.jpg\" data-dt-img-description=\"\" data-large_image_width=\"2048\" data-large_image_height=\"1362\"><img loading=\"lazy\" decoding=\"async\" class=\" wp-image-314014 alignleft\" src=\"https:\/\/www.radiopiu.net\/wordpress\/wp-content\/uploads\/2022\/12\/elia-barp-7.-mondiali-vuokatti-10-km-skating-12.02.2021-300x200.jpg\" alt=\"\" width=\"228\" height=\"152\" srcset=\"https:\/\/www.radiopiu.net\/wordpress\/wp-content\/uploads\/2022\/12\/elia-barp-7.-mondiali-vuokatti-10-km-skating-12.02.2021-300x200.jpg 300w, https:\/\/www.radiopiu.net\/wordpress\/wp-content\/uploads\/2022\/12\/elia-barp-7.-mondiali-vuokatti-10-km-skating-12.02.2021-1024x681.jpg 1024w, https:\/\/www.radiopiu.net\/wordpress\/wp-content\/uploads\/2022\/12\/elia-barp-7.-mondiali-vuokatti-10-km-skating-12.02.2021-768x511.jpg 768w, https:\/\/www.radiopiu.net\/wordpress\/wp-content\/uploads\/2022\/12\/elia-barp-7.-mondiali-vuokatti-10-km-skating-12.02.2021-1536x1022.jpg 1536w, https:\/\/www.radiopiu.net\/wordpress\/wp-content\/uploads\/2022\/12\/elia-barp-7.-mondiali-vuokatti-10-km-skating-12.02.2021.jpg 2048w\" sizes=\"auto, (max-width: 228px) 100vw, 228px\" \/><\/a>di Marco Gaz<\/strong><\/p>\n<p><strong>REDAZIONE<\/strong> Si \u00e8 svolta a Val M\u00fcstar in Svizzera la seconda tappa del Tour de Ski. Secondo giorno dedicato alla 10 km inseguimento e arriva ancora un ottimo risultato per il finanziere Elia Barp. Il ragazzo bellunese, dopo la bella prova nella sprint di sabato con un 46\u00b0 posto,\u00a0 ha chiuso la gara al 47\u00b0 posto assoluto con poco pi\u00f9 di 2&#8242; di ritardo dal vincitore della prova. Fin&#8217;ora un buon Tour de Ski per Elia che ritorner\u00e0 in gara il 3 gennaio in Germania, pi\u00f9 precisamente a Obersdorf, dove si disputeranno altre due prove prima: la 10 km tecnica classica e la 20 km inseguimento. La settimana impegnativa del circuito in Val di Fiemme nel fine settimana del 6, 7 e 8 gennaio quando ci saranno la sprint, la 15 km tecnica classica e la salita del Cermis nella 9 km in programma l&#8217;ultimo giorno.<\/p>\n<p>&nbsp;<\/p>\n<p>&nbsp;<\/p>\n<p>******<\/p>\n","protected":false},"excerpt":{"rendered":"<p>di Marco Gaz REDAZIONE Si \u00e8 svolta a Val M\u00fcstar in Svizzera la seconda tappa del Tour de Ski. Secondo giorno dedicato alla 10 km inseguimento e arriva ancora un ottimo risultato per il finanziere Elia Barp. Il ragazzo bellunese, dopo la bella prova nella sprint di sabato con un 46\u00b0 posto,\u00a0 ha chiuso la&hellip;<\/p>\n","protected":false},"author":4,"featured_media":314014,"comment_status":"closed","ping_status":"closed","sticky":false,"template":"","format":"standard","meta":{"_monsterinsights_skip_tracking":false,"_monsterinsights_sitenote_active":false,"_monsterinsights_sitenote_note":"","_monsterinsights_sitenote_category":0,"footnotes":""},"categories":[49],"tags":[],"class_list":["post-314457","post","type-post","status-publish","format-standard","has-post-thumbnail","hentry","category-news-18","category-49","description-off"],"img_url":"https:\/\/www.radiopiu.net\/wordpress\/wp-content\/uploads\/2022\/12\/elia-barp-7.-mondiali-vuokatti-10-km-skating-12.02.2021.jpg","_links":{"self":[{"href":"https:\/\/www.radiopiu.net\/wordpress\/wp-json\/wp\/v2\/posts\/314457","targetHints":{"allow":["GET"]}}],"collection":[{"href":"https:\/\/www.radiopiu.net\/wordpress\/wp-json\/wp\/v2\/posts"}],"about":[{"href":"https:\/\/www.radiopiu.net\/wordpress\/wp-json\/wp\/v2\/types\/post"}],"author":[{"embeddable":true,"href":"https:\/\/www.radiopiu.net\/wordpress\/wp-json\/wp\/v2\/users\/4"}],"replies":[{"embeddable":true,"href":"https:\/\/www.radiopiu.net\/wordpress\/wp-json\/wp\/v2\/comments?post=314457"}],"version-history":[{"count":0,"href":"https:\/\/www.radiopiu.net\/wordpress\/wp-json\/wp\/v2\/posts\/314457\/revisions"}],"wp:featuredmedia":[{"embeddable":true,"href":"https:\/\/www.radiopiu.net\/wordpress\/wp-json\/wp\/v2\/media\/314014"}],"wp:attachment":[{"href":"https:\/\/www.radiopiu.net\/wordpress\/wp-json\/wp\/v2\/media?parent=314457"}],"wp:term":[{"taxonomy":"category","embeddable":true,"href":"https:\/\/www.radiopiu.net\/wordpress\/wp-json\/wp\/v2\/categories?post=314457"},{"taxonomy":"post_tag","embeddable":true,"href":"https:\/\/www.radiopiu.net\/wordpress\/wp-json\/wp\/v2\/tags?post=314457"}],"curies":[{"name":"wp","href":"https:\/\/api.w.org\/{rel}","templated":true}]}}