{"id":314460,"date":"2023-01-02T05:26:05","date_gmt":"2023-01-02T04:26:05","guid":{"rendered":"https:\/\/www.radiopiu.net\/wordpress\/?p=314460"},"modified":"2023-01-02T05:31:51","modified_gmt":"2023-01-02T04:31:51","slug":"illeso-un-bimbo-sommerso-dalla-neve-caduta-dal-tetto-di-malga-predazzo","status":"publish","type":"post","link":"https:\/\/www.radiopiu.net\/wordpress\/illeso-un-bimbo-sommerso-dalla-neve-caduta-dal-tetto-di-malga-predazzo\/","title":{"rendered":"ILLESO UN BIMBO SOMMERSO DALLA NEVE CADUTA DAL TETTO DI MALGA PREDAZZO"},"content":{"rendered":"<p><strong><a class=\"dt-pswp-item\" href=\"https:\/\/www.radiopiu.net\/wordpress\/wp-content\/uploads\/2023\/01\/Watermark_20230101_170236_766.jpg\" data-dt-img-description=\"\" data-large_image_width=\"2364\" data-large_image_height=\"1773\"><img loading=\"lazy\" decoding=\"async\" class=\" wp-image-314477 alignleft\" src=\"https:\/\/www.radiopiu.net\/wordpress\/wp-content\/uploads\/2023\/01\/Watermark_20230101_170236_766-300x225.jpg\" alt=\"\" width=\"234\" height=\"175\" srcset=\"https:\/\/www.radiopiu.net\/wordpress\/wp-content\/uploads\/2023\/01\/Watermark_20230101_170236_766-300x225.jpg 300w, https:\/\/www.radiopiu.net\/wordpress\/wp-content\/uploads\/2023\/01\/Watermark_20230101_170236_766-1024x768.jpg 1024w, https:\/\/www.radiopiu.net\/wordpress\/wp-content\/uploads\/2023\/01\/Watermark_20230101_170236_766-768x576.jpg 768w, https:\/\/www.radiopiu.net\/wordpress\/wp-content\/uploads\/2023\/01\/Watermark_20230101_170236_766-1536x1152.jpg 1536w, https:\/\/www.radiopiu.net\/wordpress\/wp-content\/uploads\/2023\/01\/Watermark_20230101_170236_766-2048x1536.jpg 2048w\" sizes=\"auto, (max-width: 234px) 100vw, 234px\" \/><\/a>FALCADE<\/strong> Mentre con la famiglia stava passeggiando in prossimit\u00e0 di Malga Pradazzo, non distante da Passo Valles, un bimbo di 8 anni di Mogliano Veneto (TV) si \u00e8 avvicinato per guardare se ci fossero animali all&#8217;interno e proprio in quel momento la neve presente sul tetto \u00e8 scivolata sommergendolo. Scattato l&#8217;allarme al 118 verso le 14.30, \u00e8 stato immediato l&#8217;intervento del padre e delle altre persone presenti che lo hanno subito estratto, cosciente e senza aver riportato conseguenze. La famiglia in pochi minuti \u00e8 stata raggiunta da tre motoslitte &#8211; del Soccorso alpino della Val Biois, degli Impianti Falcade Col Margherita e del Soccorso piste della Polizia &#8211; e dall&#8217;elicottero del Suem di Pieve di Cadore atterrato nelle vicinanze. Per fortuna, a parte lo spavento, il bambino sembrava illeso, pur lamentando male a una caviglia. Dopo un primo controllo dell&#8217;equipe medica, in via precauzionale \u00e8 stato caricato a bordo assieme alla madre e trasportato all&#8217;ospedale di Belluno per eventuali approfondimenti.<\/p>\n<p>&nbsp;<\/p>\n<p>&nbsp;<\/p>\n<p>*******<\/p>\n","protected":false},"excerpt":{"rendered":"<p>FALCADE Mentre con la famiglia stava passeggiando in prossimit\u00e0 di Malga Pradazzo, non distante da Passo Valles, un bimbo di 8 anni di Mogliano Veneto (TV) si \u00e8 avvicinato per guardare se ci fossero animali all&#8217;interno e proprio in quel momento la neve presente sul tetto \u00e8 scivolata sommergendolo. Scattato l&#8217;allarme al 118 verso le&hellip;<\/p>\n","protected":false},"author":4,"featured_media":298850,"comment_status":"closed","ping_status":"closed","sticky":false,"template":"","format":"standard","meta":{"_monsterinsights_skip_tracking":false,"_monsterinsights_sitenote_active":false,"_monsterinsights_sitenote_note":"","_monsterinsights_sitenote_category":0,"footnotes":""},"categories":[51,49],"tags":[],"class_list":["post-314460","post","type-post","status-publish","format-standard","has-post-thumbnail","hentry","category-evidenza-top","category-news-18","category-51","category-49","description-off"],"img_url":"https:\/\/www.radiopiu.net\/wordpress\/wp-content\/uploads\/2022\/09\/309142707_771246390814523_5693451179006834112_n.jpg","_links":{"self":[{"href":"https:\/\/www.radiopiu.net\/wordpress\/wp-json\/wp\/v2\/posts\/314460","targetHints":{"allow":["GET"]}}],"collection":[{"href":"https:\/\/www.radiopiu.net\/wordpress\/wp-json\/wp\/v2\/posts"}],"about":[{"href":"https:\/\/www.radiopiu.net\/wordpress\/wp-json\/wp\/v2\/types\/post"}],"author":[{"embeddable":true,"href":"https:\/\/www.radiopiu.net\/wordpress\/wp-json\/wp\/v2\/users\/4"}],"replies":[{"embeddable":true,"href":"https:\/\/www.radiopiu.net\/wordpress\/wp-json\/wp\/v2\/comments?post=314460"}],"version-history":[{"count":0,"href":"https:\/\/www.radiopiu.net\/wordpress\/wp-json\/wp\/v2\/posts\/314460\/revisions"}],"wp:featuredmedia":[{"embeddable":true,"href":"https:\/\/www.radiopiu.net\/wordpress\/wp-json\/wp\/v2\/media\/298850"}],"wp:attachment":[{"href":"https:\/\/www.radiopiu.net\/wordpress\/wp-json\/wp\/v2\/media?parent=314460"}],"wp:term":[{"taxonomy":"category","embeddable":true,"href":"https:\/\/www.radiopiu.net\/wordpress\/wp-json\/wp\/v2\/categories?post=314460"},{"taxonomy":"post_tag","embeddable":true,"href":"https:\/\/www.radiopiu.net\/wordpress\/wp-json\/wp\/v2\/tags?post=314460"}],"curies":[{"name":"wp","href":"https:\/\/api.w.org\/{rel}","templated":true}]}}