{"id":314472,"date":"2023-01-02T05:15:35","date_gmt":"2023-01-02T04:15:35","guid":{"rendered":"https:\/\/www.radiopiu.net\/wordpress\/?p=314472"},"modified":"2023-01-02T05:37:17","modified_gmt":"2023-01-02T04:37:17","slug":"e-mattia-il-primo-nato-del-2023-in-ulss-1-dolomiti","status":"publish","type":"post","link":"https:\/\/www.radiopiu.net\/wordpress\/e-mattia-il-primo-nato-del-2023-in-ulss-1-dolomiti\/","title":{"rendered":"E&#8217; MATTIA IL PRIMO NATO DEL 2023 IN ULSS 1 DOLOMITI"},"content":{"rendered":"<p><strong><a class=\"dt-pswp-item\" href=\"https:\/\/www.radiopiu.net\/wordpress\/wp-content\/uploads\/2023\/01\/Mattia-Cecchet.jpeg\" data-dt-img-description=\"\" data-large_image_width=\"768\" data-large_image_height=\"1024\"><img loading=\"lazy\" decoding=\"async\" class=\" wp-image-314473 alignleft\" src=\"https:\/\/www.radiopiu.net\/wordpress\/wp-content\/uploads\/2023\/01\/Mattia-Cecchet-225x300.jpeg\" alt=\"\" width=\"132\" height=\"176\" srcset=\"https:\/\/www.radiopiu.net\/wordpress\/wp-content\/uploads\/2023\/01\/Mattia-Cecchet-225x300.jpeg 225w, https:\/\/www.radiopiu.net\/wordpress\/wp-content\/uploads\/2023\/01\/Mattia-Cecchet.jpeg 768w\" sizes=\"auto, (max-width: 132px) 100vw, 132px\" \/><\/a>FELTRE <\/strong>Alle 15.23 di oggi pomeriggio, all\u2019ospedale di Feltre, accompagnato dalla cromoterapia, \u00e8 venuto alla luce Mattia, il primo bambino nato nel 2023 in Ulss Dolomiti. I genitori Nicola Cecchet e Luisa Pasotti sono di Feltre e hanno scelto la cromoterapia per il momento pi\u00f9 bello. L&#8217;ultimo nato del 2022 \u00e8 stato Noah, venuto alla luce il 31 dicembre alle 18.56 all&#8217;ostetricia dell&#8217;ospedale di Feltre. Complimenti a mamma Ilenia Vampiro e pap\u00e0 Dylan Zennaro di Sedico. All&#8217;ostetricia di Belluno l&#8217;ultimo nato del 2022 \u00e8 stato Pietro, nato alle 16.17 da mamma Ilenia Barattin e pap\u00e0 Giuliano Donadon dell&#8217;Alpago. Il 2022 si chiude con un numero di nuovi nati leggermente inferiore quello dello scorso anno (1.312 vs 1.350) in linea con il trend nazionale che vede continuare la riduzione delle nascite in Italia. Una curiosit\u00e0: nel 2022 ci sono stati 7 parti gemellari a Belluno e 6 a Feltre. Il 2022 \u00e8 stato un anno ricco di novit\u00e0 per le ostetricie di Belluno e Feltre grazie all\u2019impegno in numerosi progetti.<\/p>\n<p>&nbsp;<\/p>\n<p>&nbsp;<\/p>\n<p>*******<\/p>\n","protected":false},"excerpt":{"rendered":"<p>FELTRE Alle 15.23 di oggi pomeriggio, all\u2019ospedale di Feltre, accompagnato dalla cromoterapia, \u00e8 venuto alla luce Mattia, il primo bambino nato nel 2023 in Ulss Dolomiti. I genitori Nicola Cecchet e Luisa Pasotti sono di Feltre e hanno scelto la cromoterapia per il momento pi\u00f9 bello. L&#8217;ultimo nato del 2022 \u00e8 stato Noah, venuto alla&hellip;<\/p>\n","protected":false},"author":4,"featured_media":314473,"comment_status":"closed","ping_status":"closed","sticky":false,"template":"","format":"standard","meta":{"_monsterinsights_skip_tracking":false,"_monsterinsights_sitenote_active":false,"_monsterinsights_sitenote_note":"","_monsterinsights_sitenote_category":0,"footnotes":""},"categories":[51,49],"tags":[],"class_list":["post-314472","post","type-post","status-publish","format-standard","has-post-thumbnail","hentry","category-evidenza-top","category-news-18","category-51","category-49","description-off"],"img_url":"https:\/\/www.radiopiu.net\/wordpress\/wp-content\/uploads\/2023\/01\/Mattia-Cecchet.jpeg","_links":{"self":[{"href":"https:\/\/www.radiopiu.net\/wordpress\/wp-json\/wp\/v2\/posts\/314472","targetHints":{"allow":["GET"]}}],"collection":[{"href":"https:\/\/www.radiopiu.net\/wordpress\/wp-json\/wp\/v2\/posts"}],"about":[{"href":"https:\/\/www.radiopiu.net\/wordpress\/wp-json\/wp\/v2\/types\/post"}],"author":[{"embeddable":true,"href":"https:\/\/www.radiopiu.net\/wordpress\/wp-json\/wp\/v2\/users\/4"}],"replies":[{"embeddable":true,"href":"https:\/\/www.radiopiu.net\/wordpress\/wp-json\/wp\/v2\/comments?post=314472"}],"version-history":[{"count":0,"href":"https:\/\/www.radiopiu.net\/wordpress\/wp-json\/wp\/v2\/posts\/314472\/revisions"}],"wp:featuredmedia":[{"embeddable":true,"href":"https:\/\/www.radiopiu.net\/wordpress\/wp-json\/wp\/v2\/media\/314473"}],"wp:attachment":[{"href":"https:\/\/www.radiopiu.net\/wordpress\/wp-json\/wp\/v2\/media?parent=314472"}],"wp:term":[{"taxonomy":"category","embeddable":true,"href":"https:\/\/www.radiopiu.net\/wordpress\/wp-json\/wp\/v2\/categories?post=314472"},{"taxonomy":"post_tag","embeddable":true,"href":"https:\/\/www.radiopiu.net\/wordpress\/wp-json\/wp\/v2\/tags?post=314472"}],"curies":[{"name":"wp","href":"https:\/\/api.w.org\/{rel}","templated":true}]}}