{"id":314594,"date":"2021-01-02T12:55:44","date_gmt":"2021-01-02T11:55:44","guid":{"rendered":"https:\/\/www.radiopiu.net\/wordpress\/?p=314594"},"modified":"2023-01-02T14:05:55","modified_gmt":"2023-01-02T13:05:55","slug":"dal-3-al-5-gennaio-salta-la-navetta-per-i-dipendenti-luxottica","status":"publish","type":"post","link":"https:\/\/www.radiopiu.net\/wordpress\/dal-3-al-5-gennaio-salta-la-navetta-per-i-dipendenti-luxottica\/","title":{"rendered":"LUXOTTICA AL LAVORO, DOLOMITIBUS CON PIU&#8217; CALMA, RIECCO IL PROBLEMA PARCHEGGI"},"content":{"rendered":"<blockquote><p><em><img loading=\"lazy\" decoding=\"async\" class=\"alignleft\" src=\"https:\/\/www.radiopiu.net\/wordpress\/wp-content\/uploads\/2020\/06\/4b299438-d3cd-4953-bb41-b739ff3291f9.jpg\" width=\"231\" height=\"173\" \/>Preambolo&#8230;che i lavoratori Luxottica tornassero al lavoro prima del 6 gennaio \u00e8 noto a molti, se non a tutti da tempo anche perch\u00e9 le polemiche sul calendario ferie natalizie non sono mancate ed anche in tempi non sospetti. Evidentemente non \u00e8 stato sufficiente per evitare intasamenti previsti da domani e per tutta la settimana.<\/em><\/p><\/blockquote>\n<p>&nbsp;<\/p>\n<p><strong>BELLUNO<\/strong> \u00a0Dolomitibus ha informato che per ragioni organizzative non avr\u00e0 possibilit\u00e0 di effettuare il servizio\u00a0 navetta Luxottica &#8211; Agordo nei giorni dal 3 al 5 gennaio, il servizio riprender\u00e0 regolarmente la settimana prossima. Ci risulta invece che gli altri servizi di linea diretti in Luxottica per giornalieri e turnisti saranno regolarmente effettuati. <em>&#8220;Nonostante nei prossimi 3 giorni ci si attenda una presenza in fabbrica inferiore all&#8217;usuale &#8211; precisano i delgati Uiltec-Uil &#8211;\u00a0 resta comunque consigliabile organizzarsi per tempo, arrivare con il dovuto anticipo per trovare parcheggio ed eventualmente accordarsi con colleghi per condividere l&#8217;auto&#8221;.<\/em><\/p>\n<p>&nbsp;<\/p>\n<p>&nbsp;<\/p>\n<p>&nbsp;<\/p>\n<p>******<\/p>\n","protected":false},"excerpt":{"rendered":"<p>Preambolo&#8230;che i lavoratori Luxottica tornassero al lavoro prima del 6 gennaio \u00e8 noto a molti, se non a tutti da tempo anche perch\u00e9 le polemiche sul calendario ferie natalizie non sono mancate ed anche in tempi non sospetti. Evidentemente non \u00e8 stato sufficiente per evitare intasamenti previsti da domani e per tutta la settimana. &nbsp;&hellip;<\/p>\n","protected":false},"author":4,"featured_media":246066,"comment_status":"closed","ping_status":"closed","sticky":false,"template":"","format":"standard","meta":{"_monsterinsights_skip_tracking":false,"_monsterinsights_sitenote_active":false,"_monsterinsights_sitenote_note":"","_monsterinsights_sitenote_category":0,"footnotes":""},"categories":[51,49],"tags":[],"class_list":["post-314594","post","type-post","status-publish","format-standard","has-post-thumbnail","hentry","category-evidenza-top","category-news-18","category-51","category-49","description-off"],"img_url":"https:\/\/www.radiopiu.net\/wordpress\/wp-content\/uploads\/2021\/12\/LUXOTTICA-FRAMONT.jpg","_links":{"self":[{"href":"https:\/\/www.radiopiu.net\/wordpress\/wp-json\/wp\/v2\/posts\/314594","targetHints":{"allow":["GET"]}}],"collection":[{"href":"https:\/\/www.radiopiu.net\/wordpress\/wp-json\/wp\/v2\/posts"}],"about":[{"href":"https:\/\/www.radiopiu.net\/wordpress\/wp-json\/wp\/v2\/types\/post"}],"author":[{"embeddable":true,"href":"https:\/\/www.radiopiu.net\/wordpress\/wp-json\/wp\/v2\/users\/4"}],"replies":[{"embeddable":true,"href":"https:\/\/www.radiopiu.net\/wordpress\/wp-json\/wp\/v2\/comments?post=314594"}],"version-history":[{"count":0,"href":"https:\/\/www.radiopiu.net\/wordpress\/wp-json\/wp\/v2\/posts\/314594\/revisions"}],"wp:featuredmedia":[{"embeddable":true,"href":"https:\/\/www.radiopiu.net\/wordpress\/wp-json\/wp\/v2\/media\/246066"}],"wp:attachment":[{"href":"https:\/\/www.radiopiu.net\/wordpress\/wp-json\/wp\/v2\/media?parent=314594"}],"wp:term":[{"taxonomy":"category","embeddable":true,"href":"https:\/\/www.radiopiu.net\/wordpress\/wp-json\/wp\/v2\/categories?post=314594"},{"taxonomy":"post_tag","embeddable":true,"href":"https:\/\/www.radiopiu.net\/wordpress\/wp-json\/wp\/v2\/tags?post=314594"}],"curies":[{"name":"wp","href":"https:\/\/api.w.org\/{rel}","templated":true}]}}