{"id":314597,"date":"2023-01-02T13:06:42","date_gmt":"2023-01-02T12:06:42","guid":{"rendered":"https:\/\/www.radiopiu.net\/wordpress\/?p=314597"},"modified":"2023-01-02T13:06:42","modified_gmt":"2023-01-02T12:06:42","slug":"alpini-e-protezione-civile-di-lamon-in-aiuto-al-popolo-ucraino","status":"publish","type":"post","link":"https:\/\/www.radiopiu.net\/wordpress\/alpini-e-protezione-civile-di-lamon-in-aiuto-al-popolo-ucraino\/","title":{"rendered":"ALPINI E PROTEZIONE CIVILE DI LAMON IN AIUTO AL POPOLO UCRAINO"},"content":{"rendered":"<p><strong><a class=\"dt-pswp-item\" href=\"https:\/\/www.radiopiu.net\/wordpress\/wp-content\/uploads\/2022\/05\/alpini-647542_960_720.jpg\" data-dt-img-description=\"\" data-large_image_width=\"960\" data-large_image_height=\"640\"><img loading=\"lazy\" decoding=\"async\" class=\" wp-image-275532 alignleft\" src=\"https:\/\/www.radiopiu.net\/wordpress\/wp-content\/uploads\/2022\/05\/alpini-647542_960_720-300x200.jpg\" alt=\"\" width=\"176\" height=\"117\" srcset=\"https:\/\/www.radiopiu.net\/wordpress\/wp-content\/uploads\/2022\/05\/alpini-647542_960_720-300x200.jpg 300w, https:\/\/www.radiopiu.net\/wordpress\/wp-content\/uploads\/2022\/05\/alpini-647542_960_720-768x512.jpg 768w, https:\/\/www.radiopiu.net\/wordpress\/wp-content\/uploads\/2022\/05\/alpini-647542_960_720.jpg 960w\" sizes=\"auto, (max-width: 176px) 100vw, 176px\" \/><\/a>LAMON <\/strong>Gli Alpini e la Protezione Civile di Lamon condividono l\u2019iniziativa di aiuti alla popolazione ucraina martoriata dalla guerra insieme agli amici di Santa Giustina e Milano. Scopo dell\u2019iniziativa \u00e8 la raccolta, il trasporto e la consegna di generi di prima necessit\u00e0, abbigliamento e medicinali tanto pi\u00f9 necessari ora con l\u2019inizio del duro inverno tipico di quelle zone. I volontari autogestiti hanno effettuato in precedenza altre due trasferte (aprile e maggio scorsi), consegnando direttamente al rettore del seminario greco cattolico di Leopoli oltre 8 furgoni carichi di vestiario, beni alimentari e altro materiale di sostentamento. Donazioni da cittadini sostenitori dell\u2019iniziativa. Nei primi di dicembre si parte con l\u2019organizzazione della terza trasferta (13 \u2013 15 gennaio 2013) con la componente bellunese di Lamon, San Gregorio, Santa Giustina e Milano. La bont\u00e0 dell\u2019iniziativa ha fatto s\u00ec che anche la ULSS 1 Dolomiti partecipasse con la fornitura di materiali di primo soccorso e ben 22 apparecchiature elettromedicali dismesse ma perfettamente funzionanti. La Protezione Civile di Lamon dal canto suo mette a disposizione il proprio automezzo in forma gratuita e gli autisti autorizzati alla guida. Gli Alpini di Lamon si sono resi disponibili (e cos\u00ec pure quelli di Paderno) a gestire la logistica per la raccolta del materiale nella propria sede (Lamon nei prossimi giorni di giovedi 5 e sabato 7 cm dalle ore 16,00 alle ore 19,00).<\/p>\n<p>&nbsp;<\/p>\n<p>&nbsp;<\/p>\n<p>******<\/p>\n","protected":false},"excerpt":{"rendered":"<p>LAMON Gli Alpini e la Protezione Civile di Lamon condividono l\u2019iniziativa di aiuti alla popolazione ucraina martoriata dalla guerra insieme agli amici di Santa Giustina e Milano. Scopo dell\u2019iniziativa \u00e8 la raccolta, il trasporto e la consegna di generi di prima necessit\u00e0, abbigliamento e medicinali tanto pi\u00f9 necessari ora con l\u2019inizio del duro inverno tipico&hellip;<\/p>\n","protected":false},"author":4,"featured_media":275532,"comment_status":"closed","ping_status":"closed","sticky":false,"template":"","format":"standard","meta":{"_monsterinsights_skip_tracking":false,"_monsterinsights_sitenote_active":false,"_monsterinsights_sitenote_note":"","_monsterinsights_sitenote_category":0,"footnotes":""},"categories":[49],"tags":[],"class_list":["post-314597","post","type-post","status-publish","format-standard","has-post-thumbnail","hentry","category-news-18","category-49","description-off"],"img_url":"https:\/\/www.radiopiu.net\/wordpress\/wp-content\/uploads\/2022\/05\/alpini-647542_960_720.jpg","_links":{"self":[{"href":"https:\/\/www.radiopiu.net\/wordpress\/wp-json\/wp\/v2\/posts\/314597","targetHints":{"allow":["GET"]}}],"collection":[{"href":"https:\/\/www.radiopiu.net\/wordpress\/wp-json\/wp\/v2\/posts"}],"about":[{"href":"https:\/\/www.radiopiu.net\/wordpress\/wp-json\/wp\/v2\/types\/post"}],"author":[{"embeddable":true,"href":"https:\/\/www.radiopiu.net\/wordpress\/wp-json\/wp\/v2\/users\/4"}],"replies":[{"embeddable":true,"href":"https:\/\/www.radiopiu.net\/wordpress\/wp-json\/wp\/v2\/comments?post=314597"}],"version-history":[{"count":0,"href":"https:\/\/www.radiopiu.net\/wordpress\/wp-json\/wp\/v2\/posts\/314597\/revisions"}],"wp:featuredmedia":[{"embeddable":true,"href":"https:\/\/www.radiopiu.net\/wordpress\/wp-json\/wp\/v2\/media\/275532"}],"wp:attachment":[{"href":"https:\/\/www.radiopiu.net\/wordpress\/wp-json\/wp\/v2\/media?parent=314597"}],"wp:term":[{"taxonomy":"category","embeddable":true,"href":"https:\/\/www.radiopiu.net\/wordpress\/wp-json\/wp\/v2\/categories?post=314597"},{"taxonomy":"post_tag","embeddable":true,"href":"https:\/\/www.radiopiu.net\/wordpress\/wp-json\/wp\/v2\/tags?post=314597"}],"curies":[{"name":"wp","href":"https:\/\/api.w.org\/{rel}","templated":true}]}}