{"id":314632,"date":"2023-01-02T15:30:40","date_gmt":"2023-01-02T14:30:40","guid":{"rendered":"https:\/\/www.radiopiu.net\/wordpress\/?p=314632"},"modified":"2023-01-02T15:30:40","modified_gmt":"2023-01-02T14:30:40","slug":"covid-in-provincia-quattro-decessi-negli-ultimi-7-giorni-56-persone-ricoverate-negli-ospedali-bellunesi","status":"publish","type":"post","link":"https:\/\/www.radiopiu.net\/wordpress\/covid-in-provincia-quattro-decessi-negli-ultimi-7-giorni-56-persone-ricoverate-negli-ospedali-bellunesi\/","title":{"rendered":"COVID IN PROVINCIA: QUATTRO DECESSI NEGLI ULTIMI 7 GIORNI, 56 PERSONE RICOVERATE NEGLI OSPEDALI BELLUNESI"},"content":{"rendered":"<p><strong>BELLUNO<\/strong> Aggiornamento settimanale a cura dell&#8217;Ulss 1 dolomiti sull&#8217;andamento epidemiologico Covid-19 in provincia di Belluno. Le persone attualmente positive sono 1025. L\u2019incidenza settimanale rimane su valori di poco superiori a 250 casi su 100 mila abitanti. Nella settimana qui analizzata i nuovi casi si collocano, come di consueto, prevalentemente nella fascia d\u2019et\u00e0 centrale 45-64 anni. Sono stati somministrati 3 trattamenti con anticorpi monoclonali dall\u2019Unit\u00e0 Operativa di Malattie Infettive di Belluno, per un totale di 539 dosi complessive; sono stati prescritti 7 trattamenti con farmaco antivirale orale per un totale di 562 trattamenti complessivi. Rimangono disponibili le terapie con i farmaci monoclonali, gestite dall\u2019Unit\u00e0 Operativa di Malattie Infettive, e con i farmaci antivirali per via orale che possono essere prescritti dai Medici di Medicina Generale, secondo le indicazioni cliniche. Negli ospedali bellunesi sono ricoverate 47 persone in area non critica (di cui 16 non covid), una in terapia intensiva e 8 negli ospedali di comunit\u00e0. Sono stati registrati quattro decessi di persone covid positive: un uomo di 76 anni, un uomo di 90 anni, una donna di 91 anni e una donna di 93 anni. Nella settimana scorsa sono stati eseguiti dai team dell\u2019Ulss Dolomiti 3.678 tamponi (di cui 1.540 molecolari e 2.138 antigenici). A questi si aggiungono 873 tamponi antigenici eseguiti dalle Farmacie del territorio, 47 tamponi eseguiti dai Pediatri di Libera scelta e 130 tamponi eseguiti dai Medici di Medicina Generale. In media, ogni giorno vengono eseguiti circa 340 tamponi ogni 100 mila abitanti. La Circolare Ministeriale 51961 del 31 dicembre 2022, a cui si rimanda, ha aggiornato le modalit\u00e0 di gestione dei casi covid e dei contatti stretti di caso. Il principale elemento di novit\u00e0, pur con alcune eccezioni, \u00e8 rappresentato dalla possibilit\u00e0 per i soggetti covid positivi asintomatici di terminare l\u2019isolamento dopo 5 giorni dal primo test positivo, a prescindere dall\u2019effettuazione del \u201ctest di uscita\u201d.<\/p>\n\n\t\t\t<style type='text\/css'>\n\t\t\t\t#gallery-1 {\n\t\t\t\t\tmargin: auto;\n\t\t\t\t}\n\t\t\t\t#gallery-1 .gallery-item {\n\t\t\t\t\tfloat: left;\n\t\t\t\t\tmargin-top: 10px;\n\t\t\t\t\ttext-align: center;\n\t\t\t\t\twidth: 33%;\n\t\t\t\t}\n\t\t\t\t#gallery-1 img {\n\t\t\t\t\tborder: 2px solid #cfcfcf;\n\t\t\t\t}\n\t\t\t\t#gallery-1 .gallery-caption {\n\t\t\t\t\tmargin-left: 0;\n\t\t\t\t}\n\t\t\t\t\/* see gallery_shortcode() in wp-includes\/media.php *\/\n\t\t\t<\/style>\n\t\t<div id='gallery-1' class='dt-gallery-container gallery galleryid-314632 gallery-columns-3 gallery-size-thumbnail'><dl class='gallery-item'>\n\t\t\t\t<dt class='gallery-icon landscape'>\n\t\t\t\t\t<a class=\"rollover rollover-zoom dt-pswp-item\" title=\"d516ed06-0b7b-43f7-a7bc-a91d76f7f8cd\" data-dt-img-description=\"\" data-large_image_width=\"1554\" data-large_image_height=\"932\"href='https:\/\/www.radiopiu.net\/wordpress\/wp-content\/uploads\/2023\/01\/d516ed06-0b7b-43f7-a7bc-a91d76f7f8cd.jpg'><img loading=\"lazy\" decoding=\"async\" width=\"150\" height=\"150\" src=\"https:\/\/www.radiopiu.net\/wordpress\/wp-content\/uploads\/2023\/01\/d516ed06-0b7b-43f7-a7bc-a91d76f7f8cd-150x150.jpg\" class=\"attachment-thumbnail size-thumbnail\" alt=\"\" \/><\/a>\n\t\t\t\t<\/dt><\/dl><dl class='gallery-item'>\n\t\t\t\t<dt class='gallery-icon portrait'>\n\t\t\t\t\t<a class=\"rollover rollover-zoom dt-pswp-item\" title=\"8bf9328a-65ce-4772-b217-933e115cf1fd\" data-dt-img-description=\"\" data-large_image_width=\"911\" data-large_image_height=\"964\"href='https:\/\/www.radiopiu.net\/wordpress\/wp-content\/uploads\/2023\/01\/8bf9328a-65ce-4772-b217-933e115cf1fd.jpg'><img loading=\"lazy\" decoding=\"async\" width=\"150\" height=\"150\" src=\"https:\/\/www.radiopiu.net\/wordpress\/wp-content\/uploads\/2023\/01\/8bf9328a-65ce-4772-b217-933e115cf1fd-150x150.jpg\" class=\"attachment-thumbnail size-thumbnail\" alt=\"\" \/><\/a>\n\t\t\t\t<\/dt><\/dl><dl class='gallery-item'>\n\t\t\t\t<dt class='gallery-icon landscape'>\n\t\t\t\t\t<a class=\"rollover rollover-zoom dt-pswp-item\" title=\"6099ca36-017a-49cf-aa0f-bd4339258514\" data-dt-img-description=\"\" data-large_image_width=\"806\" data-large_image_height=\"490\"href='https:\/\/www.radiopiu.net\/wordpress\/wp-content\/uploads\/2023\/01\/6099ca36-017a-49cf-aa0f-bd4339258514.jpg'><img loading=\"lazy\" decoding=\"async\" width=\"150\" height=\"150\" src=\"https:\/\/www.radiopiu.net\/wordpress\/wp-content\/uploads\/2023\/01\/6099ca36-017a-49cf-aa0f-bd4339258514-150x150.jpg\" class=\"attachment-thumbnail size-thumbnail\" alt=\"\" \/><\/a>\n\t\t\t\t<\/dt><\/dl><br style=\"clear: both\" \/>\n\t\t\t<\/div>\n\n<p>&nbsp;<\/p>\n<p>&nbsp;<\/p>\n<p>******<\/p>\n","protected":false},"excerpt":{"rendered":"<p>BELLUNO Aggiornamento settimanale a cura dell&#8217;Ulss 1 dolomiti sull&#8217;andamento epidemiologico Covid-19 in provincia di Belluno. Le persone attualmente positive sono 1025. L\u2019incidenza settimanale rimane su valori di poco superiori a 250 casi su 100 mila abitanti. Nella settimana qui analizzata i nuovi casi si collocano, come di consueto, prevalentemente nella fascia d\u2019et\u00e0 centrale 45-64 anni.&hellip;<\/p>\n","protected":false},"author":4,"featured_media":314635,"comment_status":"closed","ping_status":"closed","sticky":false,"template":"","format":"standard","meta":{"_monsterinsights_skip_tracking":false,"_monsterinsights_sitenote_active":false,"_monsterinsights_sitenote_note":"","_monsterinsights_sitenote_category":0,"footnotes":""},"categories":[51,49],"tags":[],"class_list":["post-314632","post","type-post","status-publish","format-standard","has-post-thumbnail","hentry","category-evidenza-top","category-news-18","category-51","category-49","description-off"],"img_url":"https:\/\/www.radiopiu.net\/wordpress\/wp-content\/uploads\/2023\/01\/8bf9328a-65ce-4772-b217-933e115cf1fd.jpg","_links":{"self":[{"href":"https:\/\/www.radiopiu.net\/wordpress\/wp-json\/wp\/v2\/posts\/314632","targetHints":{"allow":["GET"]}}],"collection":[{"href":"https:\/\/www.radiopiu.net\/wordpress\/wp-json\/wp\/v2\/posts"}],"about":[{"href":"https:\/\/www.radiopiu.net\/wordpress\/wp-json\/wp\/v2\/types\/post"}],"author":[{"embeddable":true,"href":"https:\/\/www.radiopiu.net\/wordpress\/wp-json\/wp\/v2\/users\/4"}],"replies":[{"embeddable":true,"href":"https:\/\/www.radiopiu.net\/wordpress\/wp-json\/wp\/v2\/comments?post=314632"}],"version-history":[{"count":0,"href":"https:\/\/www.radiopiu.net\/wordpress\/wp-json\/wp\/v2\/posts\/314632\/revisions"}],"wp:featuredmedia":[{"embeddable":true,"href":"https:\/\/www.radiopiu.net\/wordpress\/wp-json\/wp\/v2\/media\/314635"}],"wp:attachment":[{"href":"https:\/\/www.radiopiu.net\/wordpress\/wp-json\/wp\/v2\/media?parent=314632"}],"wp:term":[{"taxonomy":"category","embeddable":true,"href":"https:\/\/www.radiopiu.net\/wordpress\/wp-json\/wp\/v2\/categories?post=314632"},{"taxonomy":"post_tag","embeddable":true,"href":"https:\/\/www.radiopiu.net\/wordpress\/wp-json\/wp\/v2\/tags?post=314632"}],"curies":[{"name":"wp","href":"https:\/\/api.w.org\/{rel}","templated":true}]}}