{"id":314695,"date":"2023-01-04T05:26:37","date_gmt":"2023-01-04T04:26:37","guid":{"rendered":"https:\/\/www.radiopiu.net\/wordpress\/?p=314695"},"modified":"2023-01-04T14:29:41","modified_gmt":"2023-01-04T13:29:41","slug":"giornale-radiopiu-04-gennaio-2023-direttore-mirko-mezzacasa-verso-i-40-anni-25-giugno-1983-25-giugno-2023","status":"publish","type":"post","link":"https:\/\/www.radiopiu.net\/wordpress\/giornale-radiopiu-04-gennaio-2023-direttore-mirko-mezzacasa-verso-i-40-anni-25-giugno-1983-25-giugno-2023\/","title":{"rendered":"GIORNALE RADIOPIU 04 GENNAIO 2023 DIRETTORE MIRKO MEZZACASA&#8230;verso i 40 anni 25 giugno 1983-25 giugno 2023"},"content":{"rendered":"<h3 class=\"kvgmc6g5 cxmmr5t8 oygrvhab hcukyx3x c1et5uql\"><span style=\"color: #0000ff;\"><strong>RADIO PIU INFORMAZIONE il canale su TELEGRAM informazione di prima\u00a0 <\/strong><strong>mano e in tempo reale. iscriviti ed aiutaci a farlo conoscere\u00a0 \u00a0 \u00a0\u00a0<\/strong><\/span><\/h3>\n<h2><span style=\"color: #ff0000;\">ISCRIVITI AL NOSTRO CANALE YOUTUBE PER SEGUIRE IN DIRETTA I PRINCIPALI PROGRAMMI DI RADIO PIU&#8217; E LE FUTURE DIRETTE IN ESTERNA. PER ISCRIVERTI <a style=\"color: #ff0000;\" href=\"https:\/\/youtube.com\/@radiopiu1527\">CLICCA QUI<\/a> E PREMI IL TASTO &#8220;Iscriviti&#8221;\u00a0\u00a0<\/span><\/h2>\n<blockquote>\n<h3><span style=\"color: #0000ff;\">LE UTILI INFORMAZIONI DA TELEGRAM, VIABILITA&#8217; PROVINCIA DI BELLUNO &#8220;VPB\u00a0<\/span><\/h3>\n<\/blockquote>\n<p><em><strong>via del Favero a Castion Belluno a senso unico solamente in salita,\u00a0 eccetto per i bus<\/strong><\/em><\/p>\n<p><strong>CASTION<\/strong> Cambia la viabilit\u00e0, ieri non \u00e8 stata data nessuna informazione se non dalla chat Viabilit\u00e0 Provincia di Belluno e Radio Pi\u00f9. Via del Favero a sorpresa improvvisamente a senso unico in discesa, il cartello apparso all&#8217;improvviso. Questo fino a ieri sera, ecco lo foto che lo documenta<\/p>\n<p><a class=\"dt-pswp-item\" href=\"https:\/\/www.radiopiu.net\/wordpress\/wp-content\/uploads\/2023\/01\/4974ed81-f189-4331-a31f-b06ff784da99.jpg\" data-dt-img-description=\"\" data-large_image_width=\"1280\" data-large_image_height=\"745\"><img loading=\"lazy\" decoding=\"async\" class=\"size-medium wp-image-314807 aligncenter\" src=\"https:\/\/www.radiopiu.net\/wordpress\/wp-content\/uploads\/2023\/01\/4974ed81-f189-4331-a31f-b06ff784da99-300x175.jpg\" alt=\"\" width=\"300\" height=\"175\" srcset=\"https:\/\/www.radiopiu.net\/wordpress\/wp-content\/uploads\/2023\/01\/4974ed81-f189-4331-a31f-b06ff784da99-300x175.jpg 300w, https:\/\/www.radiopiu.net\/wordpress\/wp-content\/uploads\/2023\/01\/4974ed81-f189-4331-a31f-b06ff784da99-1024x596.jpg 1024w, https:\/\/www.radiopiu.net\/wordpress\/wp-content\/uploads\/2023\/01\/4974ed81-f189-4331-a31f-b06ff784da99-768x447.jpg 768w, https:\/\/www.radiopiu.net\/wordpress\/wp-content\/uploads\/2023\/01\/4974ed81-f189-4331-a31f-b06ff784da99.jpg 1280w\" sizes=\"auto, (max-width: 300px) 100vw, 300px\" \/><\/a><\/p>\n<p>Seconda puntata&#8230; Prima ha preso posizione un vigile urbano per evitare caos e confusione che puntualmente si \u00e8 presentata quando \u00e8 risalito in auto tornandosene casa. \u00c8 rimasto il divieto di transito a scendere, ma senza togliere il segnale di senso unico alternato. Automobilisti imbizzarriti cos&#8217; verso sera\u00a0 uno dei due cartelli \u2013 quello del divieto di transito \u2013 \u00e8 stato coperto. Idee decisamente chiare per chi ha assunto determinate decisioni<\/p>\n<p><a class=\"dt-pswp-item\" href=\"https:\/\/www.radiopiu.net\/wordpress\/wp-content\/uploads\/2023\/01\/Senza-nome-8.jpg\" data-dt-img-description=\"\" data-large_image_width=\"519\" data-large_image_height=\"457\"><img loading=\"lazy\" decoding=\"async\" class=\"size-medium wp-image-314903 aligncenter\" src=\"https:\/\/www.radiopiu.net\/wordpress\/wp-content\/uploads\/2023\/01\/Senza-nome-8-300x264.jpg\" alt=\"\" width=\"300\" height=\"264\" srcset=\"https:\/\/www.radiopiu.net\/wordpress\/wp-content\/uploads\/2023\/01\/Senza-nome-8-300x264.jpg 300w, https:\/\/www.radiopiu.net\/wordpress\/wp-content\/uploads\/2023\/01\/Senza-nome-8.jpg 519w\" sizes=\"auto, (max-width: 300px) 100vw, 300px\" \/><\/a><\/p>\n<p>&nbsp;<\/p>\n<p>&nbsp;<\/p>\n<p>&nbsp;<\/p>\n<hr \/>\n<p>&nbsp;<\/p>\n<blockquote>\n<h3>VIABILITA&#8217;: LA 203 AGORDINA, TANGENZIALE COMPRESA TORNA ALL&#8217;ANAS MA SOTTO LA GESTIONE DI VENETO STRADE<\/h3>\n<\/blockquote>\n<blockquote><p><em>Padrin. \u00abNegli ultimi dieci anni abbiamo dovuto rinunciare a circa 140 milioni, pur continuando a occuparci della rete stradale, molta parte della quale \u00e8 costituita da viabilit\u00e0 di montagna. Questo ovviamente ha costretto l\u2019ente a dover reperire risorse, anche togliendole ad altre esigenze provinciali. Risolviamo il tema della manutenzione&#8221;.<\/em><\/p><\/blockquote>\n<p><strong><img loading=\"lazy\" decoding=\"async\" class=\"alignleft\" src=\"https:\/\/www.radiopiu.net\/wordpress\/wp-content\/uploads\/2022\/09\/ROTONDA-TANGENZIALE.png\" width=\"301\" height=\"169\" \/>BELLUNO\u00a0<\/strong> <em>\u00abFinalmente vediamo la soluzione di un problema che ha tenuto ingessato il bilancio provinciale negli ultimi tre anni\u00bb.<\/em> Cos\u00ec il presidente della Provincia di Belluno Roberto Padrin in merito all\u2019accordo con Regione e Anas per la gestione della viabilit\u00e0 cosiddetta \u201cdi rientro\u201d. Di fatto Anas trasferisce alla Regione e alla Provincia di Belluno le risorse individuate come necessarie alla manutenzione e al finanziamento delle opere, come da programmazione. Una volta assicurata la copertura finanziaria, gli interventi saranno realizzati da Regione e Provincia attraverso Veneto Strade. <em>\u00abIn questo modo non solo non verr\u00e0 meno la continuit\u00e0 di gestione assicurata in questi anni da Veneto Strade, ma rimane in capo alla Provincia l\u2019aspetto strategico di pianificazione degli interventi e delle opere di manutenzione\u00bb<\/em> commenta il presidente della Provincia, Roberto Padrin. Oltre 700 chilometri affidati alle cure di Veneto Strade a fronte di una convenzione piuttosto onerosa, che era coperta fino al 2014 da trasferimenti statali.\u00a0 Nelle prossime settimane la Provincia avr\u00e0 contezza della quantificazione economica dell\u2019accordo con Anas. La riclassificazione delle strade che tornano all\u2019Anas riguarda circa 300 chilometri di viabilit\u00e0 oggi provinciale e regionale del territorio bellunese. Tratti della 48 delle Dolomiti e della 48 bis; la 203 Agordina, compresa la variante di Agordo; una cinquantina di chilometri della <a class=\"dt-pswp-item\" href=\"https:\/\/www.radiopiu.net\/wordpress\/wp-content\/uploads\/2022\/03\/116879682_10218174783262531_6874144011382447312_n.jpg\" data-dt-img-description=\"\" data-large_image_width=\"952\" data-large_image_height=\"960\"><img loading=\"lazy\" decoding=\"async\" class=\" wp-image-267357 alignleft\" src=\"https:\/\/www.radiopiu.net\/wordpress\/wp-content\/uploads\/2022\/03\/116879682_10218174783262531_6874144011382447312_n-298x300.jpg\" alt=\"\" width=\"150\" height=\"151\" srcset=\"https:\/\/www.radiopiu.net\/wordpress\/wp-content\/uploads\/2022\/03\/116879682_10218174783262531_6874144011382447312_n-298x300.jpg 298w, https:\/\/www.radiopiu.net\/wordpress\/wp-content\/uploads\/2022\/03\/116879682_10218174783262531_6874144011382447312_n-150x150.jpg 150w, https:\/\/www.radiopiu.net\/wordpress\/wp-content\/uploads\/2022\/03\/116879682_10218174783262531_6874144011382447312_n-768x774.jpg 768w, https:\/\/www.radiopiu.net\/wordpress\/wp-content\/uploads\/2022\/03\/116879682_10218174783262531_6874144011382447312_n.jpg 952w\" sizes=\"auto, (max-width: 150px) 100vw, 150px\" \/><\/a>Sp251 della Val di Zoldo (nel tratto da Longarone all\u2019innesto con la 203); il Passo San Pellegrino; un tratto della 347 e alcuni tratti della Feltrina (compresa la variante di Anz\u00f9); pezzi extraurbani della Sp1 della Sinistra Piave, la variante Lentiai-Bardies e la variante del Col Cavalier.<\/p>\n<p>&nbsp;<\/p>\n<p><strong>A<\/strong><strong>LLA RADIO, IL PRESIDENTE ROBERTO PADRIN<\/strong><\/p>\n<audio class=\"wp-audio-shortcode\" id=\"audio-314695-1\" preload=\"none\" style=\"width: 100%;\" controls=\"controls\"><source type=\"audio\/mpeg\" src=\"https:\/\/www.radiopiu.net\/wordpress\/wp-content\/uploads\/2023\/01\/ROBERTO-PADRIN.mp3?_=1\" \/><a href=\"https:\/\/www.radiopiu.net\/wordpress\/wp-content\/uploads\/2023\/01\/ROBERTO-PADRIN.mp3\">https:\/\/www.radiopiu.net\/wordpress\/wp-content\/uploads\/2023\/01\/ROBERTO-PADRIN.mp3<\/a><\/audio>\n<p>&nbsp;<\/p>\n<p>&nbsp;<\/p>\n<p>&nbsp;<\/p>\n<hr \/>\n<p>&nbsp;<\/p>\n<blockquote>\n<h3>APPROVATO IL PROGETTO DEFINITIVO\/ESECUTIVO PER LA RIQUALIFICAZIONE DELL&#8217;ASILO DEL PASQUER<\/h3>\n<\/blockquote>\n<p><strong><a class=\"dt-pswp-item\" href=\"https:\/\/www.radiopiu.net\/wordpress\/wp-content\/uploads\/2023\/01\/Asilo-del-Pasquer-scaled.jpg\" data-dt-img-description=\"\" data-large_image_width=\"2560\" data-large_image_height=\"1227\"><img loading=\"lazy\" decoding=\"async\" class=\" wp-image-314718 alignleft\" src=\"https:\/\/www.radiopiu.net\/wordpress\/wp-content\/uploads\/2023\/01\/Asilo-del-Pasquer-300x144.jpg\" alt=\"\" width=\"204\" height=\"98\" srcset=\"https:\/\/www.radiopiu.net\/wordpress\/wp-content\/uploads\/2023\/01\/Asilo-del-Pasquer-300x144.jpg 300w, https:\/\/www.radiopiu.net\/wordpress\/wp-content\/uploads\/2023\/01\/Asilo-del-Pasquer-1024x491.jpg 1024w, https:\/\/www.radiopiu.net\/wordpress\/wp-content\/uploads\/2023\/01\/Asilo-del-Pasquer-768x368.jpg 768w, https:\/\/www.radiopiu.net\/wordpress\/wp-content\/uploads\/2023\/01\/Asilo-del-Pasquer-1536x736.jpg 1536w, https:\/\/www.radiopiu.net\/wordpress\/wp-content\/uploads\/2023\/01\/Asilo-del-Pasquer-2048x981.jpg 2048w\" sizes=\"auto, (max-width: 204px) 100vw, 204px\" \/><\/a>FELTRE <\/strong>E&#8217; stato approvato dalla Giunta comunale, nella sua ultima seduta, il progetto definitivo-esecutivo che riguarda la riqualificazione del complesso scolastico del Pasquer. Il Comune di Feltre ha avviato con la precedente Amministrazione, come noto, un&#8217;iniziativa per l&#8217;ammodernamento delle strutture e dei servizi educativi all&#8217;infanzia per i bambini da 0 a 6 anni, che vede protagonista primario proprio il plesso del Pasquer. Il progetto di fattibilit\u00e0 approvato nel maggio del 2021 dalla giunta comunale era stato candidato a valere su uno specifico avviso del Piano Nazionale di Ripresa e Resilienza. Dopo che il Ministero per l&#8217;Istruzione ha comunicato l&#8217;ammissione al finanziamento,\u00a0 il Comune ha quindi affidato nei mesi scorsi il servizio di progettazione e nell&#8217;ultima seduta la Giunta ha approvato il progetto definitivo per l&#8217;intervento.\u00a0 I lavori comprenderanno, in particolare,\u00a0 il completamento della riqualificazione energetica della copertura con la stessa tipologia di quella realizzata nel primo stralcio relativo all&#8217; ala storica dell&#8217;asilo nido, nonch\u00e9 la coibentazione, la sistemazione dei bagni e degli impianti di riscaldamento. Oltre a questi interventi, il progetto prevede di completare la pavimentazione dei percorsi pedonali in copertura e di intervenire con alcuni importanti lavori di adeguamento sull\u2019ex appartamento del custode, con \u2013 in primis \u2013 la sostituzione dei serramenti, la coibentazione e l&#8217;adeguamento degli impiantitecnologici. L&#8217;intervento, del costo complessivo di 500 mila euro,\u00a0 sar\u00e0 finanziato per 443 mila euro, come detto, con fondi del Piano Nazionale di Ripresa e Resilienza e per i restanti 57 mila con risorse del bilancio comunale.<\/p>\n<h3 class=\"kvgmc6g5 cxmmr5t8 oygrvhab hcukyx3x c1et5uql\"><span style=\"color: #0000ff;\"><strong><a href=\"https:\/\/www.radiopiu.net\/wordpress\/wp-content\/uploads\/2023\/01\/144455078-23bc6027-8518-42e8-83a6-fe95500f2b87.webp\"><img loading=\"lazy\" decoding=\"async\" class=\"size-medium wp-image-314814 alignleft\" src=\"https:\/\/www.radiopiu.net\/wordpress\/wp-content\/uploads\/2023\/01\/144455078-23bc6027-8518-42e8-83a6-fe95500f2b87-300x169.webp\" alt=\"\" width=\"300\" height=\"169\" srcset=\"https:\/\/www.radiopiu.net\/wordpress\/wp-content\/uploads\/2023\/01\/144455078-23bc6027-8518-42e8-83a6-fe95500f2b87-300x169.webp 300w, https:\/\/www.radiopiu.net\/wordpress\/wp-content\/uploads\/2023\/01\/144455078-23bc6027-8518-42e8-83a6-fe95500f2b87-1024x576.webp 1024w, https:\/\/www.radiopiu.net\/wordpress\/wp-content\/uploads\/2023\/01\/144455078-23bc6027-8518-42e8-83a6-fe95500f2b87-768x432.webp 768w, https:\/\/www.radiopiu.net\/wordpress\/wp-content\/uploads\/2023\/01\/144455078-23bc6027-8518-42e8-83a6-fe95500f2b87.webp 1280w\" sizes=\"auto, (max-width: 300px) 100vw, 300px\" \/><\/a><\/strong><\/span><\/h3>\n<p>&nbsp;<\/p>\n<p>&nbsp;<\/p>\n<p><strong>L&#8217;ASSESSORE E VICESINDACO CLAUDIO\u00a0 DALLA PALMA\u00a0<\/strong><\/p>\n<audio class=\"wp-audio-shortcode\" id=\"audio-314695-2\" preload=\"none\" style=\"width: 100%;\" controls=\"controls\"><source type=\"audio\/mpeg\" src=\"https:\/\/www.radiopiu.net\/wordpress\/wp-content\/uploads\/2023\/01\/pasquer-dalla-palma.mp3?_=2\" \/><a href=\"https:\/\/www.radiopiu.net\/wordpress\/wp-content\/uploads\/2023\/01\/pasquer-dalla-palma.mp3\">https:\/\/www.radiopiu.net\/wordpress\/wp-content\/uploads\/2023\/01\/pasquer-dalla-palma.mp3<\/a><\/audio>\n<p>&nbsp;<\/p>\n<p>&nbsp;<\/p>\n<p>&nbsp;<\/p>\n<hr \/>\n<p>&nbsp;<\/p>\n<blockquote>\n<h3>ELEZIONI A CANALE D&#8217;AGORDO MURER O COLCERGNAN? SOPPELSA A CENCENIGHE?<\/h3>\n<\/blockquote>\n<p><strong>DI GIANNI SANTOMASO<\/strong><\/p>\n<audio class=\"wp-audio-shortcode\" id=\"audio-314695-3\" preload=\"none\" style=\"width: 100%;\" controls=\"controls\"><source type=\"audio\/mpeg\" src=\"https:\/\/www.radiopiu.net\/wordpress\/wp-content\/uploads\/2023\/01\/GIANNI-ELEZIONI.mp3?_=3\" \/><a href=\"https:\/\/www.radiopiu.net\/wordpress\/wp-content\/uploads\/2023\/01\/GIANNI-ELEZIONI.mp3\">https:\/\/www.radiopiu.net\/wordpress\/wp-content\/uploads\/2023\/01\/GIANNI-ELEZIONI.mp3<\/a><\/audio>\n<p>&nbsp;<\/p>\n\n\t\t\t<style type='text\/css'>\n\t\t\t\t#gallery-1 {\n\t\t\t\t\tmargin: auto;\n\t\t\t\t}\n\t\t\t\t#gallery-1 .gallery-item {\n\t\t\t\t\tfloat: left;\n\t\t\t\t\tmargin-top: 10px;\n\t\t\t\t\ttext-align: center;\n\t\t\t\t\twidth: 33%;\n\t\t\t\t}\n\t\t\t\t#gallery-1 img {\n\t\t\t\t\tborder: 2px solid #cfcfcf;\n\t\t\t\t}\n\t\t\t\t#gallery-1 .gallery-caption {\n\t\t\t\t\tmargin-left: 0;\n\t\t\t\t}\n\t\t\t\t\/* see gallery_shortcode() in wp-includes\/media.php *\/\n\t\t\t<\/style>\n\t\t<div id='gallery-1' class='dt-gallery-container gallery galleryid-314695 gallery-columns-3 gallery-size-thumbnail'><dl class='gallery-item'>\n\t\t\t\t<dt class='gallery-icon landscape'>\n\t\t\t\t\t<a class=\"rollover rollover-zoom dt-pswp-item\" title=\"MASSIMO MURER\" data-dt-img-description=\"\" data-large_image_width=\"256\" data-large_image_height=\"238\"href='https:\/\/www.radiopiu.net\/wordpress\/wp-content\/uploads\/2023\/01\/Senza-nome-4.jpg'><img loading=\"lazy\" decoding=\"async\" width=\"150\" height=\"150\" src=\"https:\/\/www.radiopiu.net\/wordpress\/wp-content\/uploads\/2023\/01\/Senza-nome-4-150x150.jpg\" class=\"attachment-thumbnail size-thumbnail\" alt=\"\" aria-describedby=\"gallery-1-314798\" \/><\/a>\n\t\t\t\t<\/dt>\n\t\t\t\t\t<dd class='wp-caption-text gallery-caption' id='gallery-1-314798'>\n\t\t\t\t\tMASSIMO MURER\n\t\t\t\t\t<\/dd><\/dl><dl class='gallery-item'>\n\t\t\t\t<dt class='gallery-icon landscape'>\n\t\t\t\t\t<a class=\"rollover rollover-zoom dt-pswp-item\" title=\"falvio_colcergnan\" data-dt-img-description=\"\" data-large_image_width=\"1400\" data-large_image_height=\"788\"href='https:\/\/www.radiopiu.net\/wordpress\/wp-content\/uploads\/2019\/07\/falvio_colcergnan.jpg'><img loading=\"lazy\" decoding=\"async\" width=\"150\" height=\"150\" src=\"https:\/\/www.radiopiu.net\/wordpress\/wp-content\/uploads\/2019\/07\/falvio_colcergnan-150x150.jpg\" class=\"attachment-thumbnail size-thumbnail\" alt=\"\" aria-describedby=\"gallery-1-92770\" \/><\/a>\n\t\t\t\t<\/dt>\n\t\t\t\t\t<dd class='wp-caption-text gallery-caption' id='gallery-1-92770'>\n\t\t\t\t\tFLAVIO COLCERGNAN\n\t\t\t\t\t<\/dd><\/dl><dl class='gallery-item'>\n\t\t\t\t<dt class='gallery-icon portrait'>\n\t\t\t\t\t<a class=\"rollover rollover-zoom dt-pswp-item\" title=\"Mauro Soppelsa - libero professionista - perito edile - 56 anni\" data-dt-img-description=\"\" data-large_image_width=\"1852\" data-large_image_height=\"2218\"href='https:\/\/www.radiopiu.net\/wordpress\/wp-content\/uploads\/2018\/05\/Mauro-Soppelsa-libero-professionista-perito-edile-56-anni.jpg'><img loading=\"lazy\" decoding=\"async\" width=\"150\" height=\"150\" src=\"https:\/\/www.radiopiu.net\/wordpress\/wp-content\/uploads\/2018\/05\/Mauro-Soppelsa-libero-professionista-perito-edile-56-anni-150x150.jpg\" class=\"attachment-thumbnail size-thumbnail\" alt=\"\" \/><\/a>\n\t\t\t\t<\/dt><\/dl><br style=\"clear: both\" \/>\n\t\t\t<\/div>\n\n<p>&nbsp;<\/p>\n<hr \/>\n<p>&nbsp;<\/p>\n<blockquote>\n<h2>TANTI SOLDI, TANTO CLAMORE&#8230; TANTE BOTTI PER IL RIFORNIMENTO IDRICO<\/h2>\n<\/blockquote>\n<p><img decoding=\"async\" class=\"alignleft\" src=\"https:\/\/www.radiopiu.net\/wordpress\/wp-content\/uploads\/2022\/05\/download.jpg\" \/>Riceviamo e pubblichiamo&#8230;Se Gsp lo desidera, la RADIOPIU \u00e8 a disposizioni per eventuali repliche.<\/p>\n<p>&nbsp;<\/p>\n<p><strong>CENCENIGHE<\/strong> Tanto clamore\u00a0 per l&#8217;acquedotto che serve le frazioni di Cioit, Bogo, Martin, Malos, Cavarzan. La spesa immagino notevole e gli organi di informazioni lo hanno ricordato spesso. Oggi non ne parla pi\u00f9 nessuno, nemmeno di quello che succede ogni\u00a0 giorno, ovvero:\u00a0 salgono\u00a0 le cisterne del gsp cariche d&#8217;acqua perch\u00e9 siamo senza acqua, con il supporto dei vigili del fuoco. Ci chiediamo dopo tanti soldi spesi per un opera bellissima dalla\u00a0 cosa sia stato sbagliato.<\/p>\n<p>&nbsp;<\/p>\n<hr \/>\n<p>&nbsp;<\/p>\n<blockquote>\n<h3>LA BOTTIGLIA SOSPETTA DIETRO LA CHIESA, INTERVENGONO GLI ARTIFICIERI<\/h3>\n<p>SUL CORRIERE DELLE ALPI, GIGI SOSSO<\/p><\/blockquote>\n<p><strong><a class=\"dt-pswp-item\" href=\"https:\/\/www.radiopiu.net\/wordpress\/wp-content\/uploads\/2023\/01\/Senza-nome-5.jpg\" data-dt-img-description=\"\" data-large_image_width=\"347\" data-large_image_height=\"218\"><img loading=\"lazy\" decoding=\"async\" class=\" wp-image-314826 alignleft\" src=\"https:\/\/www.radiopiu.net\/wordpress\/wp-content\/uploads\/2023\/01\/Senza-nome-5-300x188.jpg\" alt=\"\" width=\"262\" height=\"164\" srcset=\"https:\/\/www.radiopiu.net\/wordpress\/wp-content\/uploads\/2023\/01\/Senza-nome-5-300x188.jpg 300w, https:\/\/www.radiopiu.net\/wordpress\/wp-content\/uploads\/2023\/01\/Senza-nome-5.jpg 347w\" sizes=\"auto, (max-width: 262px) 100vw, 262px\" \/><\/a>LOZZO DI CADORE<\/strong> Borraccia sospetta alla chiesa Madonna di Loreto. C&#8217;erano dei fili tanto simili a delle micce o dei cavi elettrici, che spuntavano dal collo e, per non correre inutili rischi, ieri mattina gli artificieri dei carabinieri di Padova l&#8217;hanno fatta esplodere. Uno scherzo di cattivo gusto, a Lozzo di Cadore? Un gesto dimostrativo, peraltro difficile da comprendere, in mancanza di una rivendicazione? Comunque sia, la magistratura ha aperto un fascicolo e sta lavorando sull&#8217;ipotesi di reato di procurato allarme&#8230; Ad accorgersi che dietro la chiesetta dedicata al culto mariano, c&#8217;era questo contenitore per integratori, dal quale spuntavano dei preoccupanti filamenti due turisti in giro con il cane che hanno chiamato il 112 dei carabinieri. Dopo l&#8217;esplosione l&#8217;ipotesi che non fosse niente di tanto pericoloso<\/p>\n<p>&nbsp;<\/p>\n<hr \/>\n<p>&nbsp;<\/p>\n<blockquote>\n<h3>DOPO LO SCHIANTO SUL MURO DELL&#8217;HOTEL PRENDE LA STRADA PIU&#8217; CORTA VERSO CASA, LO RITROVA E LO RICHIAMA ALLE SUE RESPONSABILITA&#8217; LA POLIZIA DI CORTINA<\/h3>\n<\/blockquote>\n<p><strong><a class=\"dt-pswp-item\" href=\"https:\/\/www.radiopiu.net\/wordpress\/wp-content\/uploads\/2023\/01\/Senza-nome-6.jpg\" data-dt-img-description=\"\" data-large_image_width=\"721\" data-large_image_height=\"487\"><img loading=\"lazy\" decoding=\"async\" class=\" wp-image-314830 alignleft\" src=\"https:\/\/www.radiopiu.net\/wordpress\/wp-content\/uploads\/2023\/01\/Senza-nome-6-300x203.jpg\" alt=\"\" width=\"204\" height=\"138\" srcset=\"https:\/\/www.radiopiu.net\/wordpress\/wp-content\/uploads\/2023\/01\/Senza-nome-6-300x203.jpg 300w, https:\/\/www.radiopiu.net\/wordpress\/wp-content\/uploads\/2023\/01\/Senza-nome-6.jpg 721w\" sizes=\"auto, (max-width: 204px) 100vw, 204px\" \/><\/a>CORTINA<\/strong> Un uomo di Cortina ha perso il controllo di un furgone a Cima Belpr\u00e0, inevitabile lo schianto contro il muro di un albergo. Dopo l&#8217;incidente si \u00e8 allontanato prendendo la via di casa. La polizia del Commissariato di Cortina ha rintracciato il proprietario del mezzo gi\u00e0 luned\u00ec sera, poco dopo lo schianto. Il furgone ha abbattuto una delle colonne che tiene il tetto del porticato esterno della struttura. Il conducente dopo aver inutilmente cercato di rimettere in moto il furgone si \u00e8 allontanato a piedi. I sanitari di una ambulanza casualmente di passaggio avevano anche offerto assistenza, puntualmente rifiutata.\u00a0 Sul posto anche i vigili del fuoco di Cortina. La polizia del Commissariato sta effettuando le verifiche del caso.<br \/>\n<strong>foto CORRIERE DELLE ALPI<\/strong><\/p>\n<p>&nbsp;<\/p>\n<p>&nbsp;<\/p>\n<hr \/>\n<p>&nbsp;<\/p>\n<blockquote>\n<h3>INVESTIMENTO AD ALANO, DUE FERITI<\/h3>\n<\/blockquote>\n<p><strong>ALANO DI PIAVE\u00a0<\/strong> Due persone, madre e figlio,\u00a0 in ospedale per accertamenti, ieri in tarda mattinata, dopo un investimento avvenuto a Fener, sulla Feltrina. Chi guidava un&#8217;auto in uscita dal distributore non si sarebbe accorto della donna di 75 anni e del figlio cinquantenne che passavano a piedi in quel momento. L&#8217;urto \u00e8 avvenuto a velocit\u00e0 ridotta<\/p>\n<p>&nbsp;<\/p>\n<hr \/>\n<p>&nbsp;<\/p>\n<blockquote>\n<h2>TARI 2022: LE ESENZIONI<\/h2>\n<\/blockquote>\n<p><strong><a class=\"dt-pswp-item\" href=\"https:\/\/www.radiopiu.net\/wordpress\/wp-content\/uploads\/2023\/01\/th.jpg\" data-dt-img-description=\"\" data-large_image_width=\"474\" data-large_image_height=\"284\"><img loading=\"lazy\" decoding=\"async\" class=\" wp-image-314778 alignleft\" src=\"https:\/\/www.radiopiu.net\/wordpress\/wp-content\/uploads\/2023\/01\/th-300x180.jpg\" alt=\"\" width=\"255\" height=\"153\" srcset=\"https:\/\/www.radiopiu.net\/wordpress\/wp-content\/uploads\/2023\/01\/th-300x180.jpg 300w, https:\/\/www.radiopiu.net\/wordpress\/wp-content\/uploads\/2023\/01\/th.jpg 474w\" sizes=\"auto, (max-width: 255px) 100vw, 255px\" \/><\/a>BELLUNO<\/strong>\u00a0 Novemila euro per aiutare le famiglie, le imprese e le associazioni del territorio. Esenzioni da Palazzo Rosso in vista del saldo della tariffa rifiuti del 2022.<\/p>\n<audio class=\"wp-audio-shortcode\" id=\"audio-314695-4\" preload=\"none\" style=\"width: 100%;\" controls=\"controls\"><source type=\"audio\/mpeg\" src=\"https:\/\/www.radiopiu.net\/wordpress\/wp-content\/uploads\/2023\/01\/DANIELE-DALVIT-TARI.mp3?_=4\" \/><a href=\"https:\/\/www.radiopiu.net\/wordpress\/wp-content\/uploads\/2023\/01\/DANIELE-DALVIT-TARI.mp3\">https:\/\/www.radiopiu.net\/wordpress\/wp-content\/uploads\/2023\/01\/DANIELE-DALVIT-TARI.mp3<\/a><\/audio>\n<p>&nbsp;<\/p>\n<p>&nbsp;<\/p>\n<p>&nbsp;<\/p>\n<hr \/>\n<p>&nbsp;<\/p>\n<blockquote>\n<h3>DAL MUNICIPIO DI VOLTAGO IL GRAZIE A LUIGI, SIRO ED ORETTA.<\/h3>\n<\/blockquote>\n<p><strong>VOLTAGO<\/strong><\/p>\n<p><strong>DI GIANNI SANTOMASO<\/strong><\/p>\n<audio class=\"wp-audio-shortcode\" id=\"audio-314695-5\" preload=\"none\" style=\"width: 100%;\" controls=\"controls\"><source type=\"audio\/mpeg\" src=\"https:\/\/www.radiopiu.net\/wordpress\/wp-content\/uploads\/2022\/12\/GIANNI-VOLTAGO.mp3?_=5\" \/><a href=\"https:\/\/www.radiopiu.net\/wordpress\/wp-content\/uploads\/2022\/12\/GIANNI-VOLTAGO.mp3\">https:\/\/www.radiopiu.net\/wordpress\/wp-content\/uploads\/2022\/12\/GIANNI-VOLTAGO.mp3<\/a><\/audio>\n<p>&nbsp;<\/p>\n\n\t\t\t<style type='text\/css'>\n\t\t\t\t#gallery-2 {\n\t\t\t\t\tmargin: auto;\n\t\t\t\t}\n\t\t\t\t#gallery-2 .gallery-item {\n\t\t\t\t\tfloat: left;\n\t\t\t\t\tmargin-top: 10px;\n\t\t\t\t\ttext-align: center;\n\t\t\t\t\twidth: 50%;\n\t\t\t\t}\n\t\t\t\t#gallery-2 img {\n\t\t\t\t\tborder: 2px solid #cfcfcf;\n\t\t\t\t}\n\t\t\t\t#gallery-2 .gallery-caption {\n\t\t\t\t\tmargin-left: 0;\n\t\t\t\t}\n\t\t\t\t\/* see gallery_shortcode() in wp-includes\/media.php *\/\n\t\t\t<\/style>\n\t\t<div id='gallery-2' class='dt-gallery-container gallery galleryid-314695 gallery-columns-2 gallery-size-thumbnail'><dl class='gallery-item'>\n\t\t\t\t<dt class='gallery-icon portrait'>\n\t\t\t\t\t<a class=\"rollover rollover-zoom dt-pswp-item\" title=\"1672388895331\" data-dt-img-description=\"\" data-large_image_width=\"747\" data-large_image_height=\"1235\"href='https:\/\/www.radiopiu.net\/wordpress\/wp-content\/uploads\/2022\/12\/1672388895331.jpg'><img loading=\"lazy\" decoding=\"async\" width=\"150\" height=\"150\" src=\"https:\/\/www.radiopiu.net\/wordpress\/wp-content\/uploads\/2022\/12\/1672388895331-150x150.jpg\" class=\"attachment-thumbnail size-thumbnail\" alt=\"\" \/><\/a>\n\t\t\t\t<\/dt><\/dl><dl class='gallery-item'>\n\t\t\t\t<dt class='gallery-icon landscape'>\n\t\t\t\t\t<a class=\"rollover rollover-zoom dt-pswp-item\" title=\"1672388895337\" data-dt-img-description=\"\" data-large_image_width=\"1080\" data-large_image_height=\"810\"href='https:\/\/www.radiopiu.net\/wordpress\/wp-content\/uploads\/2022\/12\/1672388895337.jpg'><img loading=\"lazy\" decoding=\"async\" width=\"150\" height=\"150\" src=\"https:\/\/www.radiopiu.net\/wordpress\/wp-content\/uploads\/2022\/12\/1672388895337-150x150.jpg\" class=\"attachment-thumbnail size-thumbnail\" alt=\"\" \/><\/a>\n\t\t\t\t<\/dt><\/dl><br style=\"clear: both\" \/>\n\t\t\t<\/div>\n\n<p>&nbsp;<\/p>\n<p>&nbsp;<\/p>\n<hr \/>\n<p>&nbsp;<\/p>\n<blockquote>\n<h3>5,8 MILIONI PER BONIFICA SITI ORFANI A BELLUNO, ROVIGO E VENEZIA<\/h3>\n<\/blockquote>\n<p><strong><a class=\"dt-pswp-item\" href=\"https:\/\/www.radiopiu.net\/wordpress\/wp-content\/uploads\/2021\/08\/soldi-banche.jpg\" data-dt-img-description=\"\" data-large_image_width=\"800\" data-large_image_height=\"566\"><img loading=\"lazy\" decoding=\"async\" class=\" wp-image-228818 alignleft\" src=\"https:\/\/www.radiopiu.net\/wordpress\/wp-content\/uploads\/2021\/08\/soldi-banche-300x212.jpg\" alt=\"\" width=\"161\" height=\"114\" srcset=\"https:\/\/www.radiopiu.net\/wordpress\/wp-content\/uploads\/2021\/08\/soldi-banche-300x212.jpg 300w, https:\/\/www.radiopiu.net\/wordpress\/wp-content\/uploads\/2021\/08\/soldi-banche-768x543.jpg 768w, https:\/\/www.radiopiu.net\/wordpress\/wp-content\/uploads\/2021\/08\/soldi-banche.jpg 800w\" sizes=\"auto, (max-width: 161px) 100vw, 161px\" \/><\/a>VENEZIA <\/strong>\u201cA partire dalle risorse legate alla Legge Speciale per Venezia, abbiano messo in campo un numero crescente di finanziamenti per garantire la restituzione alle rispettive comunit\u00e0 di aree che sono state inquinate da gente senza scrupoli. In questo caso grazie ad un accordo con il Ministero dell&#8217;Ambiente e della Sicurezza Energetica, mettiamo a disposizione 5,8 milioni di euro per bonificare importanti aree delle province di Belluno, Rovigo e Venezia, queste ultime ricadenti nel territorio del Bacino Scolante nella Laguna di Venezia\u201d. Cos\u00ec\u2019 l\u2019Assessore regionale allo sviluppo economico ed energia Roberto Marcato annuncia l\u2019approvazione da parte della Giunta regionale, su sua proposta di concerto con l\u2019Assessore all\u2019ambiente Gianpaolo Bottacin, di una delibera contenente l\u2019elenco degli interventi di bonifica di siti contaminati ricadenti nel territorio regionale. I siti bellunesi dove saranno realizzati gli interventi sono i seguenti: localit\u00e0 Sampoi, Comune di Limana; sito ex faesite in localit\u00e0 Fa\u00e8 di Longarone.<\/p>\n<p>&nbsp;<\/p>\n<p>&nbsp;<\/p>\n<hr \/>\n<p>&nbsp;<\/p>\n<blockquote>\n<h3>L&#8217;INVERNO NON FA PIU&#8217; PAURA: IL COMUNE HA SCRITTO IL VADEMECUM<\/h3>\n<\/blockquote>\n<p><strong><img loading=\"lazy\" decoding=\"async\" class=\"alignleft\" src=\"https:\/\/www.radiopiu.net\/wordpress\/wp-content\/uploads\/2023\/01\/Vademecum-neve-mod-2-1-1.jpg\" width=\"177\" height=\"134\" \/><\/strong><\/p>\n<p>&nbsp;<\/p>\n<p><strong>BELLUNO<\/strong><\/p>\n<p><strong>DI MORENO GIOLI<\/strong><\/p>\n<audio class=\"wp-audio-shortcode\" id=\"audio-314695-6\" preload=\"none\" style=\"width: 100%;\" controls=\"controls\"><source type=\"audio\/mpeg\" src=\"https:\/\/www.radiopiu.net\/wordpress\/wp-content\/uploads\/2023\/01\/vademecum-neve.mp3?_=6\" \/><a href=\"https:\/\/www.radiopiu.net\/wordpress\/wp-content\/uploads\/2023\/01\/vademecum-neve.mp3\">https:\/\/www.radiopiu.net\/wordpress\/wp-content\/uploads\/2023\/01\/vademecum-neve.mp3<\/a><\/audio>\n<p>&nbsp;<\/p>\n<p>&nbsp;<\/p>\n<hr \/>\n<p>&nbsp;<\/p>\n<blockquote>\n<h3>DILLO A RADIO PIU&#8230;. C&#8217;ERA UNA VOLTA FRASSENE&#8217;, CERCASI BACCHETTA MAGICA<\/h3>\n<\/blockquote>\n<p>Riportiamo la riflessione di un nostro fedele ascoltatore, originario di Frassen\u00e8 ma da tempo trasferitosi altrove. Tema quello che evidentemente sente ancora come il suo paese e al quale dedica un pensiero di nostalgico affetto<\/p>\n<p>&nbsp;<\/p>\n<p><a class=\"dt-pswp-item\" href=\"https:\/\/www.radiopiu.net\/wordpress\/wp-content\/uploads\/2020\/07\/e064d2b6-8625-40ed-9346-bc5fa19746bf.jpg\" data-dt-img-description=\"\" data-large_image_width=\"1600\" data-large_image_height=\"1200\"><img loading=\"lazy\" decoding=\"async\" class=\"wp-image-150740 alignleft\" src=\"https:\/\/www.radiopiu.net\/wordpress\/wp-content\/uploads\/2020\/07\/e064d2b6-8625-40ed-9346-bc5fa19746bf-300x225.jpg\" alt=\"\" width=\"203\" height=\"152\" srcset=\"https:\/\/www.radiopiu.net\/wordpress\/wp-content\/uploads\/2020\/07\/e064d2b6-8625-40ed-9346-bc5fa19746bf-300x225.jpg 300w, https:\/\/www.radiopiu.net\/wordpress\/wp-content\/uploads\/2020\/07\/e064d2b6-8625-40ed-9346-bc5fa19746bf-1024x768.jpg 1024w, https:\/\/www.radiopiu.net\/wordpress\/wp-content\/uploads\/2020\/07\/e064d2b6-8625-40ed-9346-bc5fa19746bf-768x576.jpg 768w, https:\/\/www.radiopiu.net\/wordpress\/wp-content\/uploads\/2020\/07\/e064d2b6-8625-40ed-9346-bc5fa19746bf-1536x1152.jpg 1536w, https:\/\/www.radiopiu.net\/wordpress\/wp-content\/uploads\/2020\/07\/e064d2b6-8625-40ed-9346-bc5fa19746bf.jpg 1600w\" sizes=\"auto, (max-width: 203px) 100vw, 203px\" \/><\/a>Le mezze stagioni mettono a nudo\u00a0 la grande solitudine della montagna,\u00a0 tra poco sar\u00e0 l&#8217;Epifania e i turisti andranno\u00a0 via. Lo spopolamento nel corso degli ultimi anni ha portato villaggi a desertificarsi. Pochi i &#8220;sopravvissuti&#8221;, anziani dei paesi pi\u00f9 fortunati, rimangono cos\u00ec padroni di un mondo dimenticato bello ma drammaticamente solo.. Frassen\u00e8 dove ho vissuto fino a qualche anno fa, ha visto chiudere un&#8217;attivit\u00e0 dietro l&#8217;altra; l&#8217;ultimo negozio di frutta e verdura,\u00a0 la <a class=\"dt-pswp-item\" href=\"https:\/\/www.radiopiu.net\/wordpress\/wp-content\/uploads\/2023\/01\/10981-segg2.jpg\" data-dt-img-description=\"\" data-large_image_width=\"800\" data-large_image_height=\"600\"><img loading=\"lazy\" decoding=\"async\" class=\" wp-image-314783 alignright\" src=\"https:\/\/www.radiopiu.net\/wordpress\/wp-content\/uploads\/2023\/01\/10981-segg2-300x225.jpg\" alt=\"\" width=\"221\" height=\"166\" srcset=\"https:\/\/www.radiopiu.net\/wordpress\/wp-content\/uploads\/2023\/01\/10981-segg2-300x225.jpg 300w, https:\/\/www.radiopiu.net\/wordpress\/wp-content\/uploads\/2023\/01\/10981-segg2-768x576.jpg 768w, https:\/\/www.radiopiu.net\/wordpress\/wp-content\/uploads\/2023\/01\/10981-segg2.jpg 800w\" sizes=\"auto, (max-width: 221px) 100vw, 221px\" \/><\/a>macelleria e il negozio di alimentari.\u00a0 La gente fugge dalla propria terra che non offre pi\u00f9 quello standard di vita atteso. I modi per salvaguardare questo tipo di montagna ci sarebbero, ma ci si accorge che\u00a0 anche l&#8217;ultima risorsa, cio\u00e8 il turismo, arriva in soccorso solo laddove il contesto forse un po&#8217; troppo di parte garantisce servizi quantitativamente e qualitativamente selezionati. Il che equivale a dire: non ovunque, non a Frassen\u00e9. Sport, cultura ed enogastronomia hanno fatto\u00a0 un piccolo miracolo, salvando molte realt\u00e0 dal totale isolamento. Ma tante, forse troppe, rimangono ancora le valli ed i villaggi da salvare. I posti di lavoro che vengono a crearsi con strutture ricettive ed aziende operanti nel settore turistico non sempre sono sufficienti per soddisfare le richieste. Si aspetta qualcuno che con la bacchetta magica venga a risolvere un problema di tutti noi. E ce ne siamo accorti, speriamo non sia davvero troppo tardi.<\/p>\n<p>Roberto Mosca<\/p>\n<p>&nbsp;<\/p>\n<p>&nbsp;<\/p>\n<hr \/>\n<p>&nbsp;<\/p>\n<p><strong>DI TIZIANO DE COL<\/strong><\/p>\n\n\t\t\t<style type='text\/css'>\n\t\t\t\t#gallery-3 {\n\t\t\t\t\tmargin: auto;\n\t\t\t\t}\n\t\t\t\t#gallery-3 .gallery-item {\n\t\t\t\t\tfloat: left;\n\t\t\t\t\tmargin-top: 10px;\n\t\t\t\t\ttext-align: center;\n\t\t\t\t\twidth: 20%;\n\t\t\t\t}\n\t\t\t\t#gallery-3 img {\n\t\t\t\t\tborder: 2px solid #cfcfcf;\n\t\t\t\t}\n\t\t\t\t#gallery-3 .gallery-caption {\n\t\t\t\t\tmargin-left: 0;\n\t\t\t\t}\n\t\t\t\t\/* see gallery_shortcode() in wp-includes\/media.php *\/\n\t\t\t<\/style>\n\t\t<div id='gallery-3' class='dt-gallery-container gallery galleryid-314695 gallery-columns-5 gallery-size-thumbnail'><dl class='gallery-item'>\n\t\t\t\t<dt class='gallery-icon landscape'>\n\t\t\t\t\t<a class=\"rollover rollover-zoom dt-pswp-item\" title=\"57040b9e-a39a-4873-a72c-28f8029f8f05\" data-dt-img-description=\"\" data-large_image_width=\"598\" data-large_image_height=\"357\"href='https:\/\/www.radiopiu.net\/wordpress\/wp-content\/uploads\/2023\/01\/57040b9e-a39a-4873-a72c-28f8029f8f05.jpg'><img loading=\"lazy\" decoding=\"async\" width=\"150\" height=\"150\" src=\"https:\/\/www.radiopiu.net\/wordpress\/wp-content\/uploads\/2023\/01\/57040b9e-a39a-4873-a72c-28f8029f8f05-150x150.jpg\" class=\"attachment-thumbnail size-thumbnail\" alt=\"\" \/><\/a>\n\t\t\t\t<\/dt><\/dl><dl class='gallery-item'>\n\t\t\t\t<dt class='gallery-icon landscape'>\n\t\t\t\t\t<a class=\"rollover rollover-zoom dt-pswp-item\" title=\"251feb24-720d-4e99-8ba7-80a098f7a8df\" data-dt-img-description=\"\" data-large_image_width=\"613\" data-large_image_height=\"361\"href='https:\/\/www.radiopiu.net\/wordpress\/wp-content\/uploads\/2023\/01\/251feb24-720d-4e99-8ba7-80a098f7a8df.jpg'><img loading=\"lazy\" decoding=\"async\" width=\"150\" height=\"150\" src=\"https:\/\/www.radiopiu.net\/wordpress\/wp-content\/uploads\/2023\/01\/251feb24-720d-4e99-8ba7-80a098f7a8df-150x150.jpg\" class=\"attachment-thumbnail size-thumbnail\" alt=\"\" \/><\/a>\n\t\t\t\t<\/dt><\/dl><dl class='gallery-item'>\n\t\t\t\t<dt class='gallery-icon landscape'>\n\t\t\t\t\t<a class=\"rollover rollover-zoom dt-pswp-item\" title=\"873e2490-b746-4d7a-86da-74affaa9a22d\" data-dt-img-description=\"\" data-large_image_width=\"592\" data-large_image_height=\"361\"href='https:\/\/www.radiopiu.net\/wordpress\/wp-content\/uploads\/2023\/01\/873e2490-b746-4d7a-86da-74affaa9a22d.jpg'><img loading=\"lazy\" decoding=\"async\" width=\"150\" height=\"150\" src=\"https:\/\/www.radiopiu.net\/wordpress\/wp-content\/uploads\/2023\/01\/873e2490-b746-4d7a-86da-74affaa9a22d-150x150.jpg\" class=\"attachment-thumbnail size-thumbnail\" alt=\"\" \/><\/a>\n\t\t\t\t<\/dt><\/dl><dl class='gallery-item'>\n\t\t\t\t<dt class='gallery-icon landscape'>\n\t\t\t\t\t<a class=\"rollover rollover-zoom dt-pswp-item\" title=\"8432c01e-2ea1-4947-820f-b38d80a1c038\" data-dt-img-description=\"\" data-large_image_width=\"594\" data-large_image_height=\"348\"href='https:\/\/www.radiopiu.net\/wordpress\/wp-content\/uploads\/2023\/01\/8432c01e-2ea1-4947-820f-b38d80a1c038.jpg'><img loading=\"lazy\" decoding=\"async\" width=\"150\" height=\"150\" src=\"https:\/\/www.radiopiu.net\/wordpress\/wp-content\/uploads\/2023\/01\/8432c01e-2ea1-4947-820f-b38d80a1c038-150x150.jpg\" class=\"attachment-thumbnail size-thumbnail\" alt=\"\" \/><\/a>\n\t\t\t\t<\/dt><\/dl><dl class='gallery-item'>\n\t\t\t\t<dt class='gallery-icon landscape'>\n\t\t\t\t\t<a class=\"rollover rollover-zoom dt-pswp-item\" title=\"28adbfbc-9a67-46a3-8983-087f70bef581\" data-dt-img-description=\"\" data-large_image_width=\"616\" data-large_image_height=\"363\"href='https:\/\/www.radiopiu.net\/wordpress\/wp-content\/uploads\/2023\/01\/28adbfbc-9a67-46a3-8983-087f70bef581.jpg'><img loading=\"lazy\" decoding=\"async\" width=\"150\" height=\"150\" src=\"https:\/\/www.radiopiu.net\/wordpress\/wp-content\/uploads\/2023\/01\/28adbfbc-9a67-46a3-8983-087f70bef581-150x150.jpg\" class=\"attachment-thumbnail size-thumbnail\" alt=\"\" \/><\/a>\n\t\t\t\t<\/dt><\/dl><br style=\"clear: both\" \/>\n\t\t\t<\/div>\n\n<p>&nbsp;<\/p>\n<hr \/>\n<p>&nbsp;<\/p>\n<p>&nbsp;<\/p>\n<blockquote>\n<h3>IL CONGRESSO DELLA CGIL<\/h3>\n<\/blockquote>\n<p><strong>LONGARONE<\/strong> Il XII\u00b0 congresso della Camera del Lavoro CGIL di Belluno si terr\u00e0 il 10 e 11 gennaio\u00a0 a Longarone Fiere.\u00a0 In programma la tavola rotonda\u00a0 sul tema \u201cGiovani, Donne, Precariet\u00e0\u201d,\u00a0 parteciperanno: Giacomo Vendrame (CGIL Regionale), Mauro De Carli (CGIL Belluno), Lorraine BERTON (Confindustria), Diego CASON (Sociologo) e Flavia MONEGO (Consigliera di parita\u2019): Coordina i lavori Denise CASANOVA (CGIL Bl). L&#8217;11 gennaio\u00a0 elezione\u00a0 dei nuovi organismi dirigenti\u00a0 e le conclusioni della Segr. Gen. CGIL Veneto Tiziana Basso.<\/p>\n<p>&nbsp;<\/p>\n<p>&nbsp;<\/p>\n<hr \/>\n<blockquote>\n<h3><\/h3>\n<h3>GUARDIA DI FINANZA: CONCORSO, PER TITOLI ED ESAMI, PER IL RECLUTAMENTO DI 15 TENENTI IN SERVIZIO PERMANENTE EFFETTIVO DEL RUOLO TECNICO-LOGISTICO- AMMINISTRATIVO DEL CORPO<\/h3>\n<\/blockquote>\n<p><strong><a class=\"dt-pswp-item\" href=\"https:\/\/www.radiopiu.net\/wordpress\/wp-content\/uploads\/2021\/07\/9dab3da2-5b99-4e4c-9808-d95d42ff43b5.jpg\" data-dt-img-description=\"\" data-large_image_width=\"1067\" data-large_image_height=\"1067\"><img loading=\"lazy\" decoding=\"async\" class=\" wp-image-222502 alignleft\" src=\"https:\/\/www.radiopiu.net\/wordpress\/wp-content\/uploads\/2021\/07\/9dab3da2-5b99-4e4c-9808-d95d42ff43b5-300x300.jpg\" alt=\"\" width=\"118\" height=\"118\" srcset=\"https:\/\/www.radiopiu.net\/wordpress\/wp-content\/uploads\/2021\/07\/9dab3da2-5b99-4e4c-9808-d95d42ff43b5-300x300.jpg 300w, https:\/\/www.radiopiu.net\/wordpress\/wp-content\/uploads\/2021\/07\/9dab3da2-5b99-4e4c-9808-d95d42ff43b5-1024x1024.jpg 1024w, https:\/\/www.radiopiu.net\/wordpress\/wp-content\/uploads\/2021\/07\/9dab3da2-5b99-4e4c-9808-d95d42ff43b5-150x150.jpg 150w, https:\/\/www.radiopiu.net\/wordpress\/wp-content\/uploads\/2021\/07\/9dab3da2-5b99-4e4c-9808-d95d42ff43b5-768x768.jpg 768w, https:\/\/www.radiopiu.net\/wordpress\/wp-content\/uploads\/2021\/07\/9dab3da2-5b99-4e4c-9808-d95d42ff43b5.jpg 1067w\" sizes=\"auto, (max-width: 118px) 100vw, 118px\" \/><\/a>BELLUNO<\/strong> \u00c8 stato pubblicato il bando di concorso, per titoli ed esami, per il reclutamento di 15 tenenti in servizio permanente effettivo del \u201cruolo tecnico- logistico-amministrativo\u201d del Corpo della Guardia di Finanza. Tali posti sono ripartiti tra le seguenti specialita\u0300: 4 per amministrazione; 3 per telematica; 3 per infrastrutture; uno per motorizzazione-settore navale; 2 per sanita\u0300; 2 per psicologia. Possono partecipare al concorso i cittadini italiani che, alla data del 1\u00b0 dicembre 2022, non abbiano superato il giorno di compimento del trentaduesimo anno di eta\u0300 (siano quindi nati in data non antecedente al 1\u00b0 dicembre 1990), e siano in possesso di una laurea specialistica o di una laurea magistrale o titolo equipollente, richiesto per la specialita\u0300 per la quale si concorre. La domanda di partecipazione al concorso, da presentare entro le ore 12.00 del 26 gennaio 2023, deve essere compilata esclusivamente in via telematica mediante la procedura guidata disponibile sul portale concorsi on line all\u2019indirizzo \u201chttps:\/\/concorsi.gdf.gov.it\u201d<\/p>\n<p>&nbsp;<\/p>\n<div class=\"page\" title=\"Page 1\">\n<div class=\"layoutArea\">\n<div class=\"column\">\n<blockquote>\n<h3>RECLUTAMENTO DI 3 ALLIEVI FINANZIERI RISERVATO AI CONGIUNTI DELLE CC.DD. \u201cVITTIME DEL DOVERE\u201d.<\/h3>\n<\/blockquote>\n<p><strong>BELLUNO<\/strong> Sulla Gazzetta Ufficiale della Repubblica Italiana e\u0300 stata pubblicata la procedura di selezione per il reclutamento di 3 allievi finanzieri del contingente ordinario della Guardia di Finanza, riservata al coniuge e ai figli superstiti, nonche\u0301 ai fratelli o alle sorelle del personale delle Forze di polizia, deceduto o reso permanentemente invalido al servizio, con invalidita\u0300 non inferiore all\u201980% della capacita\u0300 lavorativa. Possono partecipare i cittadini italiani che, alla scadenza del termine per la presentazione della domanda, abbiano compiuto il 18\u00b0 anno di eta\u0300 e non abbiano superato il giorno di compimento del 24\u00b0 anno di eta\u0300 e, altresi\u0300, siano in possesso del diploma di istruzione secondaria di secondo grado che consenta l\u2019iscrizione ai corsi per il conseguimento della laurea. La domanda di partecipazione alla procedura reclutativa dovra\u0300 essere compilata esclusivamente mediante la procedura telematica disponibile sul portale attivo all\u2019indirizzo \u201chttps:concorsi.gdf.gov.it\u201d, seguendo le istruzioni del sistema automatizzato.<\/p>\n<p>&nbsp;<\/p>\n<p>&nbsp;<\/p>\n<hr \/>\n<p>&nbsp;<\/p>\n<blockquote>\n<h3 class=\"entry-title\">SPECIALE VALPE \u2013 AMBIENTE\u2026.INFORMAZIONI, INDICAZIONI ORARI<\/h3>\n<\/blockquote>\n<p><span class=\"photoswipe-wrapper\"><a class=\"dt-pswp-item pspw-wrap-ready\" href=\"https:\/\/www.radiopiu.net\/wordpress\/wp-content\/uploads\/2022\/12\/ingresso-ecocentro.jpg\" data-dt-img-description=\"\" data-large_image_width=\"1600\" data-large_image_height=\"720\"><img loading=\"lazy\" decoding=\"async\" class=\"wp-image-312801 alignleft\" src=\"https:\/\/www.radiopiu.net\/wordpress\/wp-content\/uploads\/2022\/12\/ingresso-ecocentro-300x135.jpg\" sizes=\"auto, (max-width: 191px) 100vw, 191px\" srcset=\"https:\/\/www.radiopiu.net\/wordpress\/wp-content\/uploads\/2022\/12\/ingresso-ecocentro-300x135.jpg 300w, https:\/\/www.radiopiu.net\/wordpress\/wp-content\/uploads\/2022\/12\/ingresso-ecocentro-1024x461.jpg 1024w, https:\/\/www.radiopiu.net\/wordpress\/wp-content\/uploads\/2022\/12\/ingresso-ecocentro-768x346.jpg 768w, https:\/\/www.radiopiu.net\/wordpress\/wp-content\/uploads\/2022\/12\/ingresso-ecocentro-1536x691.jpg 1536w, https:\/\/www.radiopiu.net\/wordpress\/wp-content\/uploads\/2022\/12\/ingresso-ecocentro.jpg 1600w\" alt=\"\" width=\"191\" height=\"86\" \/><\/a>Dal 22 dicembre in localit\u00e0 Valcozzena \u00e8 aperto il nuovo\u00a0<strong>Ecocentro sovracomunale di Agordo \u2013 Taibon<\/strong>.\u00a0<\/span>La nuova struttura, finanziata dal Fondo Comuni Confinanti, \u00e8 accessibile a tutte le utenze dell\u2019Unione Montana Agordina e offre un servizio di qualit\u00e0 nel rispetto delle normative vigenti.\u00a0Per consultare gli orari di apertura e per maggiori informazioni vai al sito\u00a0<a href=\"mailto:valpeambiente.it\">valpeambiente.it<\/a>\u00a0o chiama il nuovo numero verde gratuito 800.94.76.73.<\/p>\n<p>&nbsp;<\/p>\n<p>&nbsp;<\/p>\n<p><img loading=\"lazy\" decoding=\"async\" class=\"alignleft\" src=\"https:\/\/www.radiopiu.net\/wordpress\/wp-content\/uploads\/2021\/09\/Ecosportello_Agordo_1-scaled.jpg\" width=\"206\" height=\"137\" \/>Dal 1\u00b0 gennaio puoi contattare Valpe Ambiente grazie al\u00a0<b>nuovo numero verde 800.94.76.73. E\u2019 disponibile per tutte le utenze servite e raggiungibile con chiamata gratuita\u00a0<\/b>sia da telefono fisso che da cellulare. Con l\u2019attivazione di questo nuovo numero, saranno dismessi tutti i vecchi riferimenti telefonici. Per maggiori informazioni vai alla sezione News del sito\u00a0<a href=\"http:\/\/www.valpeambiente.it\/\" target=\"_blank\" rel=\"noopener noreferrer\">www.valpeambiente.it<\/a>.<\/p>\n<p>&nbsp;<\/p>\n<p>&nbsp;<\/p>\n<hr \/>\n<p>&nbsp;<\/p>\n<p>&nbsp;<\/p>\n<blockquote>\n<h3><a class=\"dt-pswp-item\" href=\"https:\/\/www.radiopiu.net\/wordpress\/wp-content\/uploads\/2023\/01\/323431611_1038647947526354_7257626997104448089_n.jpg\" data-dt-img-description=\"\" data-large_image_width=\"1366\" data-large_image_height=\"2048\"><img loading=\"lazy\" decoding=\"async\" class=\"wp-image-314831 alignleft\" src=\"https:\/\/www.radiopiu.net\/wordpress\/wp-content\/uploads\/2023\/01\/323431611_1038647947526354_7257626997104448089_n-200x300.jpg\" alt=\"\" width=\"126\" height=\"189\" srcset=\"https:\/\/www.radiopiu.net\/wordpress\/wp-content\/uploads\/2023\/01\/323431611_1038647947526354_7257626997104448089_n-200x300.jpg 200w, https:\/\/www.radiopiu.net\/wordpress\/wp-content\/uploads\/2023\/01\/323431611_1038647947526354_7257626997104448089_n-683x1024.jpg 683w, https:\/\/www.radiopiu.net\/wordpress\/wp-content\/uploads\/2023\/01\/323431611_1038647947526354_7257626997104448089_n-768x1151.jpg 768w, https:\/\/www.radiopiu.net\/wordpress\/wp-content\/uploads\/2023\/01\/323431611_1038647947526354_7257626997104448089_n-1025x1536.jpg 1025w, https:\/\/www.radiopiu.net\/wordpress\/wp-content\/uploads\/2023\/01\/323431611_1038647947526354_7257626997104448089_n.jpg 1366w\" sizes=\"auto, (max-width: 126px) 100vw, 126px\" \/><\/a>IL RITORNO DI &#8220;BILLO&#8221;\u00a0 A CORTINA &#8220;Non sono bello&#8230;piaccio&#8221;.<\/h3>\n<\/blockquote>\n<p><strong>CORTINA<\/strong>\u00a0 Jerry Cal\u00e0\u00a0 di nuovo sulla tastiera del pianoforte a Cortina. Lo ha annunciato lui stesso sui social a quarant&#8217;anni\u00a0 dall&#8217;uscita del film &#8220;Vacanze di Natale 1983&#8221;, il primo cinepanettone della storia.\u00a0 Jerry Cal\u00e0 sar\u00e0 ospite del Vip Club con un&#8217;esibizione rigorosamente live nella serata dell&#8217;Epifania.\u00a0 Celebre l&#8217;esordio nel film con l&#8217;arrivo a Cortina a bordo di una Mini De Tomaso Turbo di colore rosso, sulle note di &#8220;I like Chopin&#8221; dei Gazebo.<\/p>\n<p><iframe loading=\"lazy\" title=\"Vacanze di Natale 83 - Jerry Cala - Non sono bello...piaccio\" width=\"1200\" height=\"900\" src=\"https:\/\/www.youtube.com\/embed\/bS5A3-1AO0Q?feature=oembed\" frameborder=\"0\" allow=\"accelerometer; autoplay; clipboard-write; encrypted-media; gyroscope; picture-in-picture; web-share\" allowfullscreen><\/iframe><\/p>\n<p>&nbsp;<\/p>\n<p>&nbsp;<\/p>\n<hr \/>\n<p>&nbsp;<\/p>\n<blockquote>\n<h3 class=\"entry-title\">LO SPETTACOLO MOZZAFIATO DELL\u2019ALBA DALLA REGINA DELLE DOLOMITI<\/h3>\n<\/blockquote>\n<p><strong><a class=\"dt-pswp-item\" href=\"https:\/\/www.radiopiu.net\/wordpress\/wp-content\/uploads\/2022\/12\/Schermata-2022-12-31-alle-12.57.09.png\" data-dt-img-description=\"\" data-large_image_width=\"1084\" data-large_image_height=\"816\"><img loading=\"lazy\" decoding=\"async\" class=\" wp-image-314369 alignleft\" src=\"https:\/\/www.radiopiu.net\/wordpress\/wp-content\/uploads\/2022\/12\/Schermata-2022-12-31-alle-12.57.09-300x226.png\" alt=\"\" width=\"192\" height=\"145\" srcset=\"https:\/\/www.radiopiu.net\/wordpress\/wp-content\/uploads\/2022\/12\/Schermata-2022-12-31-alle-12.57.09-300x226.png 300w, https:\/\/www.radiopiu.net\/wordpress\/wp-content\/uploads\/2022\/12\/Schermata-2022-12-31-alle-12.57.09-1024x771.png 1024w, https:\/\/www.radiopiu.net\/wordpress\/wp-content\/uploads\/2022\/12\/Schermata-2022-12-31-alle-12.57.09-768x578.png 768w, https:\/\/www.radiopiu.net\/wordpress\/wp-content\/uploads\/2022\/12\/Schermata-2022-12-31-alle-12.57.09.png 1084w\" sizes=\"auto, (max-width: 192px) 100vw, 192px\" \/><\/a>ROCCA PIETORE <\/strong>Il tempo sembra quasi fermarsi sulla terrazza panoramica di Punta Rocca a 3.265 m, mentre il cielo inizia a schiarirsi e tingersi di rosa, rosso, arancio e viola, i colori che preannunciano il sorgere del sole. Per tutti \u00e8 prevista poi una rifocillante colazione presso il Ristorante Serauta. Le emozioni per\u00f2 non finiscono con l\u2019alba, infatti a tutti gli sciatori presenti \u00e8 offerta la possibilit\u00e0 di effettuare un\u2019adrenalinica discesa lungo la Bellunese, la pista pi\u00f9 lunga del Dolomiti Superski, subito dopo la colazione. Si potr\u00e0 prenotare per le giornate del 7, 14, 20 e 27 gennaio. Il programma: alle 6:30 partenza da Malga Ciap\u00e8la; alle 7 partenza a Punta Rocca per lo spettacolo; a seguire ricca colazione presso il Ristorante Serauta. Dopo la colazione, gli sciatori potranno effettuare un\u2019adrenalinica discesa lungo la Bellunese, la nostra pista di 12 km. Il costo del biglietto \u00e8 di 50 \u20ac ed \u00e8 comprensivo del biglietto per la prima salita alle 6:30, della ricca colazione al ristorante di Serauta, del biglietto per la discesa e dell\u2019ingresso al Museo Marmolada Grande Guerra 3000 m e alla mostra temporanea \u201cFormiche in Marmolada\u201d di Fabio Vettori. La prenotazione \u00e8 richiesta al 334 6794461 o a visitmarmolada@funiviemarmolada.com L\u2019evento \u00e8 sensibile a cancellazione in caso di previsioni meteo avverse. La cancellazione viene comunicata sul sito e sui social il giorno precedente l\u2019evento dalle 15.00 in poi.<\/p>\n\n\t\t\t<style type='text\/css'>\n\t\t\t\t#gallery-4 {\n\t\t\t\t\tmargin: auto;\n\t\t\t\t}\n\t\t\t\t#gallery-4 .gallery-item {\n\t\t\t\t\tfloat: left;\n\t\t\t\t\tmargin-top: 10px;\n\t\t\t\t\ttext-align: center;\n\t\t\t\t\twidth: 20%;\n\t\t\t\t}\n\t\t\t\t#gallery-4 img {\n\t\t\t\t\tborder: 2px solid #cfcfcf;\n\t\t\t\t}\n\t\t\t\t#gallery-4 .gallery-caption {\n\t\t\t\t\tmargin-left: 0;\n\t\t\t\t}\n\t\t\t\t\/* see gallery_shortcode() in wp-includes\/media.php *\/\n\t\t\t<\/style>\n\t\t<div id='gallery-4' class='dt-gallery-container gallery galleryid-314695 gallery-columns-5 gallery-size-thumbnail'><dl class='gallery-item'>\n\t\t\t\t<dt class='gallery-icon portrait'>\n\t\t\t\t\t<a class=\"rollover rollover-zoom dt-pswp-item\" title=\"71c0cfbf-5824-462a-86b6-8f164d22447e\" data-dt-img-description=\"\" data-large_image_width=\"899\" data-large_image_height=\"1599\"href='https:\/\/www.radiopiu.net\/wordpress\/wp-content\/uploads\/2022\/12\/71c0cfbf-5824-462a-86b6-8f164d22447e.jpg'><img loading=\"lazy\" decoding=\"async\" width=\"150\" height=\"150\" src=\"https:\/\/www.radiopiu.net\/wordpress\/wp-content\/uploads\/2022\/12\/71c0cfbf-5824-462a-86b6-8f164d22447e-150x150.jpg\" class=\"attachment-thumbnail size-thumbnail\" alt=\"\" \/><\/a>\n\t\t\t\t<\/dt><\/dl><dl class='gallery-item'>\n\t\t\t\t<dt class='gallery-icon landscape'>\n\t\t\t\t\t<a class=\"rollover rollover-zoom dt-pswp-item\" title=\"df12f0e9-1ed6-40a1-bc15-41420e5613c8\" data-dt-img-description=\"\" data-large_image_width=\"1599\" data-large_image_height=\"899\"href='https:\/\/www.radiopiu.net\/wordpress\/wp-content\/uploads\/2022\/12\/df12f0e9-1ed6-40a1-bc15-41420e5613c8.jpg'><img loading=\"lazy\" decoding=\"async\" width=\"150\" height=\"150\" src=\"https:\/\/www.radiopiu.net\/wordpress\/wp-content\/uploads\/2022\/12\/df12f0e9-1ed6-40a1-bc15-41420e5613c8-150x150.jpg\" class=\"attachment-thumbnail size-thumbnail\" alt=\"\" \/><\/a>\n\t\t\t\t<\/dt><\/dl><dl class='gallery-item'>\n\t\t\t\t<dt class='gallery-icon landscape'>\n\t\t\t\t\t<a class=\"rollover rollover-zoom dt-pswp-item\" title=\"506895dc-d311-49ee-9dbe-a928eaca628a\" data-dt-img-description=\"\" data-large_image_width=\"1599\" data-large_image_height=\"899\"href='https:\/\/www.radiopiu.net\/wordpress\/wp-content\/uploads\/2022\/12\/506895dc-d311-49ee-9dbe-a928eaca628a.jpg'><img loading=\"lazy\" decoding=\"async\" width=\"150\" height=\"150\" src=\"https:\/\/www.radiopiu.net\/wordpress\/wp-content\/uploads\/2022\/12\/506895dc-d311-49ee-9dbe-a928eaca628a-150x150.jpg\" class=\"attachment-thumbnail size-thumbnail\" alt=\"\" \/><\/a>\n\t\t\t\t<\/dt><\/dl><dl class='gallery-item'>\n\t\t\t\t<dt class='gallery-icon portrait'>\n\t\t\t\t\t<a class=\"rollover rollover-zoom dt-pswp-item\" title=\"9214b52e-5a52-41a7-84d4-d4c1324306dc\" data-dt-img-description=\"\" data-large_image_width=\"899\" data-large_image_height=\"1599\"href='https:\/\/www.radiopiu.net\/wordpress\/wp-content\/uploads\/2022\/12\/9214b52e-5a52-41a7-84d4-d4c1324306dc.jpg'><img loading=\"lazy\" decoding=\"async\" width=\"150\" height=\"150\" src=\"https:\/\/www.radiopiu.net\/wordpress\/wp-content\/uploads\/2022\/12\/9214b52e-5a52-41a7-84d4-d4c1324306dc-150x150.jpg\" class=\"attachment-thumbnail size-thumbnail\" alt=\"\" \/><\/a>\n\t\t\t\t<\/dt><\/dl><dl class='gallery-item'>\n\t\t\t\t<dt class='gallery-icon portrait'>\n\t\t\t\t\t<a class=\"rollover rollover-zoom dt-pswp-item\" title=\"258f088b-2ef2-4707-ab2e-eccbeb7fe83e\" data-dt-img-description=\"\" data-large_image_width=\"899\" data-large_image_height=\"1599\"href='https:\/\/www.radiopiu.net\/wordpress\/wp-content\/uploads\/2022\/12\/258f088b-2ef2-4707-ab2e-eccbeb7fe83e.jpg'><img loading=\"lazy\" decoding=\"async\" width=\"150\" height=\"150\" src=\"https:\/\/www.radiopiu.net\/wordpress\/wp-content\/uploads\/2022\/12\/258f088b-2ef2-4707-ab2e-eccbeb7fe83e-150x150.jpg\" class=\"attachment-thumbnail size-thumbnail\" alt=\"\" \/><\/a>\n\t\t\t\t<\/dt><\/dl><br style=\"clear: both\" \/>\n\t\t\t<\/div>\n\n<p>&nbsp;<\/p>\n<hr \/>\n<p>&nbsp;<\/p>\n<blockquote>\n<h2>5 GENNAIO VIGILIA DELL&#8217;EPIFANIA AD AGORDO SI CHIAMANO &#8220;PAVAROI&#8221;: I FUOCHI DELL&#8217;EPIFANIA. A TOCCOL EPIFANIA CULTURALE CON DUNIO<\/h2>\n<\/blockquote>\n<p><strong><img loading=\"lazy\" decoding=\"async\" class=\"alignleft\" src=\"https:\/\/www.radiopiu.net\/wordpress\/wp-content\/uploads\/2018\/01\/AGORDO-PAVAROI-1.jpg\" width=\"184\" height=\"245\" \/>REDAZIONE<\/strong> A <span style=\"color: #ff0000;\">Cencenighe<\/span> la Proloco s&#8217;appresta a fare le cose in grande, preparando i gnoc co la puina e aprendo il Nof Filo&#8217; al ballo con\u00a0 l&#8217;orchestra \u00a0Die Original Fleimstaler, ingresso\u00a0 a offerta libera. Momenti di divertimento in attesa di vedere le cime illuminate dai pavarui, i\u00a0 fuochi che illuminano il passaggio ai Re Magi. Ad<span style=\"color: #ff0000;\"> Agordo<\/span> come ogni anno, da tempo, l&#8217;appuntamento \u00e8 sul Broi alle 17.30 con il punto di ristoro allestito dal Club Alpino Italiano, I pavaroi saranno ben visibili dal centro verso l&#8217;Agner, Monte Celo, San Sebastiano, Framont, Pale di San Lucano etc.\u00a0 Immancabile la presenza della befana con le caramelle per i pi\u00f9 piccoli\u00a0 A<span style=\"color: #ff0000;\"> Laste di Rocca Pietore<\/span> la festa dei pagaruoi\u00bb inizier\u00e0 alle 18 in piazza a Dagai, prevista la salita con le \u201cpelli\u201d al Col da le Cajiere (Malga Laste).\u00a0 Gruppi spontanei si ritroveranno nei vari paesi attorno ad un fuoco, oppure nelle piazze per seguire lo spettacolo delle vette illuminate. A <span style=\"color: #ff0000;\">Malga Ciapela<\/span>\u00a0 gioved\u00ec\u00a0 sul piazzale della Funivia Marmolada \u201cLa Befana Vien Di Notte\u201d. Lo <a class=\"dt-pswp-item\" href=\"https:\/\/www.radiopiu.net\/wordpress\/wp-content\/uploads\/2022\/09\/Dunio-al-lavoro-a-Bogo.jpeg\" data-dt-img-description=\"\" data-large_image_width=\"675\" data-large_image_height=\"676\"><img loading=\"lazy\" decoding=\"async\" class=\" wp-image-295832 alignright\" src=\"https:\/\/www.radiopiu.net\/wordpress\/wp-content\/uploads\/2022\/09\/Dunio-al-lavoro-a-Bogo-300x300.jpeg\" alt=\"\" width=\"212\" height=\"212\" srcset=\"https:\/\/www.radiopiu.net\/wordpress\/wp-content\/uploads\/2022\/09\/Dunio-al-lavoro-a-Bogo-300x300.jpeg 300w, https:\/\/www.radiopiu.net\/wordpress\/wp-content\/uploads\/2022\/09\/Dunio-al-lavoro-a-Bogo-150x150.jpeg 150w, https:\/\/www.radiopiu.net\/wordpress\/wp-content\/uploads\/2022\/09\/Dunio-al-lavoro-a-Bogo.jpeg 675w\" sizes=\"auto, (max-width: 212px) 100vw, 212px\" \/><\/a>spettacolare arrivo della befana calata dalla funivia e che porter\u00e0 doni a tutti i bambini buoni. A partire dalle 17 l\u2019intrattenimento musicale con DJ Gigi &amp; Fra, alle 18 la calata della befana. A<span style=\"color: #ff0000;\"> La Valle Agordina<\/span> giovedi alle 20 in piazza della Chiesa il \u00a0passaggio delle Donaze, \u00a0arrivo della Befana\u00a0 con un \u00a0pensierino per tutti i bambini. Prevista la\u00a0 conclusione della ottava edizione di Inte per Anter 2022 con presentazione di tutti i partecipanti e premiazione dei tre presepi preferiti dalla giuria popolare. Anche a <span style=\"color: #ff0000;\">Taibon<\/span>, come da tradizione, il ritrovo \u00e8 in Piazza del Municipio con Gruppo Sportivo e Scandole Storte per ammirare l&#8217;accensione dei fuochi sulle cime della conca agordina davanti ad un bicchiere di vin brul\u00e8 o the caldo. ad<span style=\"color: #ff0000;\"> Agordo<\/span>, infine, una vigilia dell&#8217;epifania culturale con Dunio Piccolin\u00a0 (foto), l&#8217;artista di Falcade, dalle 10.30 accompagner\u00e0\u00a0 grandi e piccini (quota di partecipazione 5 euro dai 12 anni in su) per le vie di Toccol, Prompicai e Parech, ovvero nei luoghi dei graffiti. Al termine assaggio di formaggi locali. Iscrizioni presso Ad Agordo Proloco.<\/p>\n<p>&nbsp;<\/p>\n<\/div>\n<p>&nbsp;<\/p>\n<div class=\"column\">\n<hr \/>\n<p>&nbsp;<\/p>\n<blockquote>\n<h3 class=\"entry-title\">L\u2019ARRIVO DELLA BEFANA SUL PIAZZALE DELLA FUNIVIA MARMOLADA<\/h3>\n<\/blockquote>\n<p><img loading=\"lazy\" decoding=\"async\" class=\"alignleft\" src=\"https:\/\/www.radiopiu.net\/wordpress\/wp-content\/uploads\/2023\/01\/foto_befana_Marmolada.jpeg\" width=\"231\" height=\"173\" \/><strong>ROCCA PIETORE<\/strong> Uno spettacolo per tutti &#8211; grandi e piccini &#8211; in uno scenario unico: la Befana arriva anche in Marmolada e lo far\u00e0 calandosi dalla funivia grazie al supporto degli uomini del Soccorso Alpino della Val Pettorina.L\u2019evento si terr\u00e0 gioved\u00ec 5 gennaio nel piazzale di Malga Ciapela; si inizia alle 17 con l\u2019intrattenimento musicale di DJ Gigi &amp; Fra, mentre alle 18 gli occhi saranno tutti per lei, la Befana, che porter\u00e0 doni e dolciumi ovviamente ai bambini pi\u00f9 buoni. La \u201ccalata\u201d della vecchina avverr\u00e0 lungo il primo troncone della funivia tra luci e suggestioni.Tutto il territorio dell\u2019Alto Agordino \u00e8 mobilitato in vista del pomeriggio di festa: la Scuola sci Marmolada, per esempio, organizzer\u00e0 una mini fiaccolata con i propri alunni, mentre gli alpini offriranno del buon vin brul\u00e8. Rester\u00e0 aperto anche il bar della funivia di Malga Ciapela.\u201c\u00c9 un appuntamento ormai tradizionale \u2013 sospeso a causa del Covid \u2013 che ritorna con grande partecipazione della comunit\u00e0\u201d, spiegano da Marmolada srl. \u201c\u00c9 un modo per ritrovarsi tutti insieme, abitanti, turisti ed estimatori della nostra montagna\u201d.L\u2019evento \u2013 patrocinato dal comune di Rocca Pietore &#8211; \u00e8 organizzato dal Soccorso Alpino della Val Pettorina e da Marmolada Srl con la collaborazione di CT Marmolada, Scuola Sci Marmolada, Gruppo Alpini Rocca e La Compagnia del Ciaudrin.<\/p>\n<p>&nbsp;<\/p>\n<p>&nbsp;<\/p>\n<p>&nbsp;<\/p>\n<hr \/>\n<p>&nbsp;<\/p>\n<blockquote>\n<h3>L\u2019ASSOCIAZIONE \u201cLE MUSE E LE DOLOMITI\u201d E IL SUCCESSO DI UN\u2019OFFERTA FORMATIVA ARTISTICA INEDITA<\/h3>\n<\/blockquote>\n<p><a class=\"dt-pswp-item\" href=\"https:\/\/www.radiopiu.net\/wordpress\/wp-content\/uploads\/2022\/12\/MuseDolomiti_ComStampa281222-2.jpg\" data-dt-img-description=\"\" data-large_image_width=\"1280\" data-large_image_height=\"855\"><img loading=\"lazy\" decoding=\"async\" class=\" wp-image-313842 alignleft\" src=\"https:\/\/www.radiopiu.net\/wordpress\/wp-content\/uploads\/2022\/12\/MuseDolomiti_ComStampa281222-2-300x200.jpg\" alt=\"\" width=\"176\" height=\"117\" srcset=\"https:\/\/www.radiopiu.net\/wordpress\/wp-content\/uploads\/2022\/12\/MuseDolomiti_ComStampa281222-2-300x200.jpg 300w, https:\/\/www.radiopiu.net\/wordpress\/wp-content\/uploads\/2022\/12\/MuseDolomiti_ComStampa281222-2-1024x684.jpg 1024w, https:\/\/www.radiopiu.net\/wordpress\/wp-content\/uploads\/2022\/12\/MuseDolomiti_ComStampa281222-2-768x513.jpg 768w, https:\/\/www.radiopiu.net\/wordpress\/wp-content\/uploads\/2022\/12\/MuseDolomiti_ComStampa281222-2.jpg 1280w\" sizes=\"auto, (max-width: 176px) 100vw, 176px\" \/><\/a>A conclusione del 2022, decimo anno di attivit\u00e0 per l\u2019Associazione, e per iniziare bene il 2023, \u201c<em>Le Muse e le Dolomiti<\/em>\u201d intendono raccontare il successo della \u201cScuola Interregionale di Canto e Teatro per Voci Bianche e Giovanili\u201d. Lo fanno organizzando per domani presso il Teatro Navalge di Moena uno &#8220;Spettacolo Lirico Natalizio&#8221;: sar\u00e0 una serata per tutta la famiglia, adatta a un pubblico di ogni et\u00e0. Lo spettacolo, della durata di un&#8217;ora circa, \u00e8 impostato per un pubblico di tutte le et\u00e0 (et\u00e0 consigliata dai 4 anni in poi). Per il pubblico proveniente dall\u2019Agordino \u00e8 previsto un bus navetta a costo contenuto, grazie alla collaborazione con il Comune di Falcade, dove l\u2019Associazione\u00a0 \u201c<em>Le Muse e le Dolomiti<\/em>\u201d ha sede legale.<\/p>\n<p>&nbsp;<\/p>\n<p>&nbsp;<\/p>\n<p>&nbsp;<\/p>\n<hr \/>\n<p>&nbsp;<\/p>\n<blockquote>\n<h3>GIORGIO FORNASIER A GOSALDO PER L&#8217;ULTIMO CONCERTO IN AGORDINO<\/h3>\n<p><span style=\"color: #ff0000;\">DI GIANNI SANTOMASO<\/span><\/p>\n<audio class=\"wp-audio-shortcode\" id=\"audio-314695-7\" preload=\"none\" style=\"width: 100%;\" controls=\"controls\"><source type=\"audio\/mpeg\" src=\"https:\/\/www.radiopiu.net\/wordpress\/wp-content\/uploads\/2023\/01\/REGINA-PACIS-CON-GIORGIO.mp3?_=7\" \/><a href=\"https:\/\/www.radiopiu.net\/wordpress\/wp-content\/uploads\/2023\/01\/REGINA-PACIS-CON-GIORGIO.mp3\">https:\/\/www.radiopiu.net\/wordpress\/wp-content\/uploads\/2023\/01\/REGINA-PACIS-CON-GIORGIO.mp3<\/a><\/audio>\n<p>&nbsp;<\/p><\/blockquote>\n<p><strong><a class=\"dt-pswp-item\" href=\"https:\/\/www.radiopiu.net\/wordpress\/wp-content\/uploads\/2022\/12\/GIORGIO-FORNASIER.png\" data-dt-img-description=\"\" data-large_image_width=\"1280\" data-large_image_height=\"992\"><img loading=\"lazy\" decoding=\"async\" class=\"wp-image-312788 alignleft\" src=\"https:\/\/www.radiopiu.net\/wordpress\/wp-content\/uploads\/2022\/12\/GIORGIO-FORNASIER-300x233.png\" alt=\"\" width=\"193\" height=\"150\" srcset=\"https:\/\/www.radiopiu.net\/wordpress\/wp-content\/uploads\/2022\/12\/GIORGIO-FORNASIER-300x233.png 300w, https:\/\/www.radiopiu.net\/wordpress\/wp-content\/uploads\/2022\/12\/GIORGIO-FORNASIER-1024x794.png 1024w, https:\/\/www.radiopiu.net\/wordpress\/wp-content\/uploads\/2022\/12\/GIORGIO-FORNASIER-768x595.png 768w, https:\/\/www.radiopiu.net\/wordpress\/wp-content\/uploads\/2022\/12\/GIORGIO-FORNASIER.png 1280w\" sizes=\"auto, (max-width: 193px) 100vw, 193px\" \/><\/a>GOSALDO<\/strong> Giorgio Fornasier sar\u00e0 protagonista di un concerto nella Chiesa di Gosaldo oggi con inizio alle 16. Uno spettacolo a tema catechetico e natalizio. Sar\u00e0 l&#8217;ultimo concerto di Fornasier in Agordino, il cantante bellunese infatti ha annunciato di appendere al chiodo la chitarra. Un motivo in pi\u00f9 per salire a Gosaldo per gustarsi lo spettacolo.<\/p>\n<p>&nbsp;<\/p>\n<p>&nbsp;<\/p>\n<p>&nbsp;<\/p>\n<hr \/>\n<p>&nbsp;<\/p>\n<p>&nbsp;<\/p>\n<blockquote>\n<h3><strong><a class=\"dt-pswp-item\" href=\"https:\/\/www.radiopiu.net\/wordpress\/wp-content\/uploads\/2023\/01\/NOI-ragazzi-di-Pontello-cop.png\" data-dt-img-description=\"\" data-large_image_width=\"919\" data-large_image_height=\"1280\"><img loading=\"lazy\" decoding=\"async\" class=\"wp-image-314788 alignleft\" src=\"https:\/\/www.radiopiu.net\/wordpress\/wp-content\/uploads\/2023\/01\/NOI-ragazzi-di-Pontello-cop-215x300.png\" alt=\"\" width=\"146\" height=\"204\" srcset=\"https:\/\/www.radiopiu.net\/wordpress\/wp-content\/uploads\/2023\/01\/NOI-ragazzi-di-Pontello-cop-215x300.png 215w, https:\/\/www.radiopiu.net\/wordpress\/wp-content\/uploads\/2023\/01\/NOI-ragazzi-di-Pontello-cop-735x1024.png 735w, https:\/\/www.radiopiu.net\/wordpress\/wp-content\/uploads\/2023\/01\/NOI-ragazzi-di-Pontello-cop-768x1070.png 768w, https:\/\/www.radiopiu.net\/wordpress\/wp-content\/uploads\/2023\/01\/NOI-ragazzi-di-Pontello-cop.png 919w\" sizes=\"auto, (max-width: 146px) 100vw, 146px\" \/><\/a>La vera storia di Banca Antonveneta<\/strong><\/h3>\n<\/blockquote>\n<p><strong>come un romanzo, la presentazione ad Auronzo<\/strong><\/p>\n<p><em>Al Cine-teatro Kursaal di Auronzo viene presentato oggi alle\u00a0 18, il libro \u201c<strong>Noi, ragazzi di Silvano Pontello<\/strong>\u201d di Bucovaz, Greggio, Marcon, Papette e Vietina. <\/em><em>Uomini, soldi, banche, territorio: dalla storia recente all&#8217;attualit\u00e0.<\/em><\/p>\n<p>una grande storia, ma anche della pi\u00f9 stretta attualit\u00e0: dal rapporto delle persone con i soldi e con le banche alla crisi economica che stiamo attraversando, dal risparmio agli investimenti, dall&#8217;etica della finanza al futuro delle banche in Italia.<\/p>\n<p>&nbsp;<\/p>\n<p>&nbsp;<\/p>\n<hr \/>\n<p>&nbsp;<\/p>\n<blockquote>\n<h3>TI MANCA L&#8217;INVERNO? CI PENSANO LE ATTIVITA&#8217; ECONOMICHE DI FALCADE E CAVIOLA<\/h3>\n<\/blockquote>\n<blockquote>\n<h3><a class=\"dt-pswp-item\" href=\"https:\/\/www.radiopiu.net\/wordpress\/wp-content\/uploads\/2022\/12\/Senza-nome-100.jpg\" data-dt-img-description=\"\" data-large_image_width=\"742\" data-large_image_height=\"356\"><img loading=\"lazy\" decoding=\"async\" class=\"size-medium wp-image-312733 alignleft\" src=\"https:\/\/www.radiopiu.net\/wordpress\/wp-content\/uploads\/2022\/12\/Senza-nome-100-300x144.jpg\" alt=\"\" width=\"300\" height=\"144\" srcset=\"https:\/\/www.radiopiu.net\/wordpress\/wp-content\/uploads\/2022\/12\/Senza-nome-100-300x144.jpg 300w, https:\/\/www.radiopiu.net\/wordpress\/wp-content\/uploads\/2022\/12\/Senza-nome-100.jpg 742w\" sizes=\"auto, (max-width: 300px) 100vw, 300px\" \/><\/a>MERCATINI DI NATALE A FALCADE, IN PIAZZA DEL MUNICIPIO: DAL 24 DICEMBRE ALL&#8217;8 GENNAIO DALLE 16 ALLE 19.<\/h3>\n<\/blockquote>\n<p>GLI APPUNTAMENTI:\u00a0 IL 4 GENNAIO ALLE 16 APERITIVO DEI COSCRITTI DJ E AREA BAR, IL 5 GENNAIO ALLE 18 MUSICHE POPOLARI CON I TIRATAIE E PASSAGGIO DELLA BEFANA, 7 GENNAIO DALLE 18 IL GRUPPO FOLK BATI ORZ DI SAN TOMASO.<\/p>\n<blockquote>\n<h2>CHE INVERNO&#8230; A FALCADE E CAVIOLA<\/h2>\n<\/blockquote>\n<p>&nbsp;<\/p>\n<p>&nbsp;<\/p>\n<hr \/>\n<p>&nbsp;<\/p>\n<blockquote>\n<h3>IL CONCERTO DELL&#8217;EPIFANIA DELLA FILARMONICA DI BELLUNO<\/h3>\n<\/blockquote>\n<p><strong>BELLUNO<\/strong> Come da tradizione la Filarmonica di Belluno, in occasione dell&#8217;Epifania, torna protagonista al Teatro Comunale di Belluno. Quest&#8217;anno, sar\u00e0 impegnata in un concerto spettacolo che vedr\u00e0 la partecipazione anche di un&#8217;attrice che aiuter\u00e0 ad accompagnare il pubblico attraverso i pi\u00f9 grandi capolavori di ogni genere musicale. L&#8217;appuntamento \u00e8 per domani alle 20:45 con ingresso libero.<\/p>\n<p>&nbsp;<\/p>\n<hr \/>\n<p>&nbsp;<\/p>\n<blockquote>\n<h3>QUATTRO SAX PER IL CONCERTO DI MEL<\/h3>\n<\/blockquote>\n<p><strong>BORGO VALBELLUNA<\/strong> Domani<span style=\"font-family: Verdana, sans-serif;\"> alle 20,45 nell&#8217;auditorium San Pietro a Mel Sat\u00e8n Saxophone Quartet, vincitori del primo premio assoluto del Concorso Musicale Nazionale citt\u00e0 di Belluno edizione 2022. Q<\/span><span style=\"font-family: Verdana, sans-serif;\">uartetto di sax, composto da <\/span><span style=\"font-family: Verdana, sans-serif; font-size: small;\">Enrico Leonarduzzi<\/span><span style=\"font-family: Verdana, sans-serif; font-size: small;\">, <\/span><span style=\"font-family: Verdana, sans-serif; font-size: small;\">Alessandro Salaroli<\/span><span style=\"font-family: Verdana, sans-serif; font-size: small;\">, <\/span><span style=\"font-family: Verdana, sans-serif; font-size: small;\">Andrea Ba\u00f9<\/span><span style=\"font-family: Verdana, sans-serif; font-size: small;\">e <\/span><span style=\"font-family: Verdana, sans-serif; font-size: small;\">Andrea Biasotto <\/span><span style=\"font-family: Verdana, sans-serif;\">con un repertorio dal Cuarteto Latinoamenricano, alla danza ungherese al tango virtuoso fino a Gioacchino Rossini.<\/span><\/p>\n<div class=\"gmail_default\"><\/div>\n<p>&nbsp;<\/p>\n<hr \/>\n<blockquote>\n<h2 style=\"text-align: left;\"><\/h2>\n<h2 style=\"text-align: left;\">IL PRESOR, LA SOLUZIONE ALLA FOTO PUBBLICATA SUL SITO DI RADIO PIU&#8217;<\/h2>\n<\/blockquote>\n<p><strong><br \/>\n<img loading=\"lazy\" decoding=\"async\" class=\" wp-image-314723 alignleft\" src=\"https:\/\/www.radiopiu.net\/wordpress\/wp-content\/uploads\/2023\/01\/attrezzo-savio-300x225.jpg\" alt=\"\" width=\"220\" height=\"165\" srcset=\"https:\/\/www.radiopiu.net\/wordpress\/wp-content\/uploads\/2023\/01\/attrezzo-savio-300x225.jpg 300w, https:\/\/www.radiopiu.net\/wordpress\/wp-content\/uploads\/2023\/01\/attrezzo-savio-1024x768.jpg 1024w, https:\/\/www.radiopiu.net\/wordpress\/wp-content\/uploads\/2023\/01\/attrezzo-savio-768x576.jpg 768w, https:\/\/www.radiopiu.net\/wordpress\/wp-content\/uploads\/2023\/01\/attrezzo-savio-1536x1152.jpg 1536w, https:\/\/www.radiopiu.net\/wordpress\/wp-content\/uploads\/2023\/01\/attrezzo-savio-2048x1536.jpg 2048w\" sizes=\"auto, (max-width: 220px) 100vw, 220px\" \/>di Alessandro Savio<\/strong><\/p>\n<p>Questo attrezzo in legno avente la lunghezza di circa 60 centimetri, composto da un mozzo dotato di due cavicchi per fissare una corda (copol di canapa) nella estremit\u00e0 posteriore e da una scanalatura in quella anteriore , serviva per tenere il fieno pressato alla slitta (Rinzola) , detta anche treggia da trasporto . Il\u00a0 PERSOR era fondamentale per facilitare il trasporto del fieno dalle localit\u00e0 di alta montagna fino ai fienili del paese a fondovalle. L\u2019attrezzo unitamente alle corde di canapa tenevano il carico compatto nei percorsi disagevoli e ripidi come le mulattiere di montagna. Il fieno veniva accumulato durante il periodo estivo in grandi \u201cMEDE\u201d , cumuli di foraggio fissato e pressato con i piedi attorno ad un palo di legno (MEDIL) , fino ad ottenere una forma ovale della altezza di 2 o 3 metri con base circolare appoggiata su un letto di ramaglie. Il fieno veniva poi trasportato a valle nel periodo invernale quando il terreno era innevato e le strade percorribili con la slitta tirata a mano. La neve\u00a0 anche un tempo era fondamentale per eseguire questi lavori nei luoghi di alta montagna\u00a0 che non erano raggiungibili dai carri trainati con i cavalli .La \u201c MEDA\u201d veniva tagliata con un apposito arnese metallico\u00a0 a mezzaluna e manico in legno (Fer da tai\u00e0 fen) ed i vari pezzi di fieno pressato dovevano avere delle precise dimensioni per poter essere ben fissati alla slitta e bilanciare il peso, specie quelli di forma rotondeggiante posti alla estremit\u00e0 della MEDA dovevano essere posizionati nella parte posteriore della slitta in maniera simmetrica e contrapposta, ben stretti dalle corde e dal sovrastante PERSOR per non perdere il prezioso carico nel trasporto a valle. Ovviamente questi antichi lavori agricoli erano molto faticosi in quanto i valligiani partivano nel pieno della notte in paese e camminando con la slitta sulle spalle lungo tutta la Valle di San Lucano , raggiungevano le localit\u00e0 di alta montagna ( Le Cime e La Strepeza) presso la casera di Campigat , dove\u00a0 in agosto erano state allestite numerose MEDE in attesa del trasporto a valle del foraggio necessario al mantenimento del bestiame fino alla primavera inoltrata. Ai giorni nostri non sarebbe immaginabile dover affrontare un tale sforzo fisico della durata di diverse ore , a piedi, nella neve per decine di chilometri con il fine di portare a casa due o tre fasci di fieno. A quei tempi , fino agli anni 50 del secolo scorso , queste pratiche erano di primaria importanza per la sopravvivenza delle famiglie. L\u2019attrezzo in questione (IL PERSOR) , donato gentilmente da un cittadino di Taibon sar\u00e0 conservato presso il Museo Etnografico di Taibon Agordino, assieme ai vari oggetti del passato esposti in quella sede museale, con lo scopo di far conoscere anche alle giovani generazioni\u00a0 quelle che erano le attivit\u00e0 rurali di un tempo nella nostra comunit\u00e0 contadina.<\/p>\n<p>&nbsp;<\/p>\n<p>&nbsp;<\/p>\n<p><span style=\"color: #ff0000;\">\u00a0ALCUNE RISPOSTE INVIATE IERI<\/span> \u00a0<a class=\"x1i10hfl xjbqb8w x6umtig x1b1mbwd xaqea5y xav7gou x9f619 x1ypdohk xt0psk2 xe8uvvx xdj266r x11i5rnm xat24cr x1mh8g0r xexx8yu x4uap5 x18d9i69 xkhd6sd x16tdsg8 x1hl2dhg xggy1nq x1a2a7pz x1heor9g xt0b8zv\" tabindex=\"0\" role=\"link\" href=\"https:\/\/www.facebook.com\/groups\/61488111720\/user\/100002996593537\/?__cft__[0]=AZVX8ziJET4-RcGHa9XjLOLaSbVkiMUsC4dZDFJtxVuLFhQiD9nM34KJsczga_ymCzvzGwA7W67rx0IxgihoOFvwhiW9bSyBXzFoGMDPqoHM5sZ6sDK-RnXSkGAldb52uvzInjy_BGToPABalC9gcCgAs_dDLNoDxPDN7lMcDiLc8AJULLaE-rqyytQfck_YfX4&amp;__tn__=R]-R\" aria-hidden=\"false\"><span class=\"x3nfvp2\"><span class=\"x193iq5w xeuugli x13faqbe x1vvkbs x1xmvt09 x1lliihq x1s928wv xhkezso x1gmr53x x1cpjm7i x1fgarty x1943h6x x4zkp8e x676frb x1nxh6w3 x1sibtaa x1s688f xzsf02u\" dir=\"auto\">Vilma\u00a0<\/span><\/span><\/a> Attrezzo per bucare il terreno e seminare le patate <a class=\"x1i10hfl xjbqb8w x6umtig x1b1mbwd xaqea5y xav7gou x9f619 x1ypdohk xt0psk2 xe8uvvx xdj266r x11i5rnm xat24cr x1mh8g0r xexx8yu x4uap5 x18d9i69 xkhd6sd x16tdsg8 x1hl2dhg xggy1nq x1a2a7pz x1heor9g xt0b8zv\" tabindex=\"0\" role=\"link\" href=\"https:\/\/www.facebook.com\/groups\/61488111720\/user\/100011332166707\/?__cft__[0]=AZVX8ziJET4-RcGHa9XjLOLaSbVkiMUsC4dZDFJtxVuLFhQiD9nM34KJsczga_ymCzvzGwA7W67rx0IxgihoOFvwhiW9bSyBXzFoGMDPqoHM5sZ6sDK-RnXSkGAldb52uvzInjy_BGToPABalC9gcCgAs_dDLNoDxPDN7lMcDiLc8AJULLaE-rqyytQfck_YfX4&amp;__tn__=R]-R\" aria-hidden=\"false\"><span class=\"x3nfvp2\"><span class=\"x193iq5w xeuugli x13faqbe x1vvkbs x1xmvt09 x1lliihq x1s928wv xhkezso x1gmr53x x1cpjm7i x1fgarty x1943h6x x4zkp8e x676frb x1nxh6w3 x1sibtaa x1s688f xzsf02u\" dir=\"auto\">Alfonsina<\/span><\/span><\/a> Serve a togliere la scorza ai tronchi d&#8217;albero <a class=\"x1i10hfl xjbqb8w x6umtig x1b1mbwd xaqea5y xav7gou x9f619 x1ypdohk xt0psk2 xe8uvvx xdj266r x11i5rnm xat24cr x1mh8g0r xexx8yu x4uap5 x18d9i69 xkhd6sd x16tdsg8 x1hl2dhg xggy1nq x1a2a7pz x1heor9g xt0b8zv\" tabindex=\"0\" role=\"link\" href=\"https:\/\/www.facebook.com\/groups\/61488111720\/user\/100010323341037\/?__cft__[0]=AZVX8ziJET4-RcGHa9XjLOLaSbVkiMUsC4dZDFJtxVuLFhQiD9nM34KJsczga_ymCzvzGwA7W67rx0IxgihoOFvwhiW9bSyBXzFoGMDPqoHM5sZ6sDK-RnXSkGAldb52uvzInjy_BGToPABalC9gcCgAs_dDLNoDxPDN7lMcDiLc8AJULLaE-rqyytQfck_YfX4&amp;__tn__=R]-R\" aria-hidden=\"false\"><span class=\"x3nfvp2\"><span class=\"x193iq5w xeuugli x13faqbe x1vvkbs x1xmvt09 x1lliihq x1s928wv xhkezso x1gmr53x x1cpjm7i x1fgarty x1943h6x x4zkp8e x676frb x1nxh6w3 x1sibtaa x1s688f xzsf02u\" dir=\"auto\">Riccardo\u00a0<\/span><\/span><\/a> Ligar al fien tel car<a class=\"x1i10hfl xjbqb8w x6umtig x1b1mbwd xaqea5y xav7gou x9f619 x1ypdohk xt0psk2 xe8uvvx xdj266r x11i5rnm xat24cr x1mh8g0r xexx8yu x4uap5 x18d9i69 xkhd6sd x16tdsg8 x1hl2dhg xggy1nq x1a2a7pz x1heor9g xt0b8zv\" tabindex=\"0\" role=\"link\" href=\"https:\/\/www.facebook.com\/groups\/61488111720\/user\/1825264303\/?__cft__[0]=AZVX8ziJET4-RcGHa9XjLOLaSbVkiMUsC4dZDFJtxVuLFhQiD9nM34KJsczga_ymCzvzGwA7W67rx0IxgihoOFvwhiW9bSyBXzFoGMDPqoHM5sZ6sDK-RnXSkGAldb52uvzInjy_BGToPABalC9gcCgAs_dDLNoDxPDN7lMcDiLc8AJULLaE-rqyytQfck_YfX4&amp;__tn__=R]-R\" aria-hidden=\"false\"><span class=\"x3nfvp2\"><span class=\"x193iq5w xeuugli x13faqbe x1vvkbs x1xmvt09 x1lliihq x1s928wv xhkezso x1gmr53x x1cpjm7i x1fgarty x1943h6x x4zkp8e x676frb x1nxh6w3 x1sibtaa x1s688f xzsf02u\" dir=\"auto\"> Marco<\/span><\/span><\/a> Serviva per legare il fieno sopra il carro &#8220;persor&#8221; <a class=\"x1i10hfl xjbqb8w x6umtig x1b1mbwd xaqea5y xav7gou x9f619 x1ypdohk xt0psk2 xe8uvvx xdj266r x11i5rnm xat24cr x1mh8g0r xexx8yu x4uap5 x18d9i69 xkhd6sd x16tdsg8 x1hl2dhg xggy1nq x1a2a7pz x1heor9g xt0b8zv\" tabindex=\"0\" role=\"link\" href=\"https:\/\/www.facebook.com\/groups\/61488111720\/user\/100015279373512\/?__cft__[0]=AZVX8ziJET4-RcGHa9XjLOLaSbVkiMUsC4dZDFJtxVuLFhQiD9nM34KJsczga_ymCzvzGwA7W67rx0IxgihoOFvwhiW9bSyBXzFoGMDPqoHM5sZ6sDK-RnXSkGAldb52uvzInjy_BGToPABalC9gcCgAs_dDLNoDxPDN7lMcDiLc8AJULLaE-rqyytQfck_YfX4&amp;__tn__=R]-R\" aria-hidden=\"false\"><span class=\"x3nfvp2\"><span class=\"x193iq5w xeuugli x13faqbe x1vvkbs x1xmvt09 x1lliihq x1s928wv xhkezso x1gmr53x x1cpjm7i x1fgarty x1943h6x x4zkp8e x676frb x1nxh6w3 x1sibtaa x1s688f xzsf02u\" dir=\"auto\">Maria Teresa\u00a0<\/span><\/span><\/a> da noi versor <a class=\"x1i10hfl xjbqb8w x6umtig x1b1mbwd xaqea5y xav7gou x9f619 x1ypdohk xt0psk2 xe8uvvx xdj266r x11i5rnm xat24cr x1mh8g0r xexx8yu x4uap5 x18d9i69 xkhd6sd x16tdsg8 x1hl2dhg xggy1nq x1a2a7pz x1heor9g xt0b8zv\" tabindex=\"0\" role=\"link\" href=\"https:\/\/www.facebook.com\/groups\/61488111720\/user\/1624885101\/?__cft__[0]=AZVX8ziJET4-RcGHa9XjLOLaSbVkiMUsC4dZDFJtxVuLFhQiD9nM34KJsczga_ymCzvzGwA7W67rx0IxgihoOFvwhiW9bSyBXzFoGMDPqoHM5sZ6sDK-RnXSkGAldb52uvzInjy_BGToPABalC9gcCgAs_dDLNoDxPDN7lMcDiLc8AJULLaE-rqyytQfck_YfX4&amp;__tn__=R]-R\" aria-hidden=\"false\"><span class=\"x3nfvp2\"><span class=\"x193iq5w xeuugli x13faqbe x1vvkbs x1xmvt09 x1lliihq x1s928wv xhkezso x1gmr53x x1cpjm7i x1fgarty x1943h6x x4zkp8e x676frb x1nxh6w3 x1sibtaa x1s688f xzsf02u\" dir=\"auto\">Fabio<\/span><\/span><\/a> Da noi parsor <a class=\"x1i10hfl xjbqb8w x6umtig x1b1mbwd xaqea5y xav7gou x9f619 x1ypdohk xt0psk2 xe8uvvx xdj266r x11i5rnm xat24cr x1mh8g0r xexx8yu x4uap5 x18d9i69 xkhd6sd x16tdsg8 x1hl2dhg xggy1nq x1a2a7pz x1heor9g xt0b8zv\" tabindex=\"0\" role=\"link\" href=\"https:\/\/www.facebook.com\/groups\/61488111720\/user\/100002107637777\/?__cft__[0]=AZVX8ziJET4-RcGHa9XjLOLaSbVkiMUsC4dZDFJtxVuLFhQiD9nM34KJsczga_ymCzvzGwA7W67rx0IxgihoOFvwhiW9bSyBXzFoGMDPqoHM5sZ6sDK-RnXSkGAldb52uvzInjy_BGToPABalC9gcCgAs_dDLNoDxPDN7lMcDiLc8AJULLaE-rqyytQfck_YfX4&amp;__tn__=R]-R\" aria-hidden=\"false\"><span class=\"x3nfvp2\"><span class=\"x193iq5w xeuugli x13faqbe x1vvkbs x1xmvt09 x1lliihq x1s928wv xhkezso x1gmr53x x1cpjm7i x1fgarty x1943h6x x4zkp8e x676frb x1nxh6w3 x1sibtaa x1s688f xzsf02u\" dir=\"auto\">Mirella\u00a0<\/span><\/span><\/a> per\u00a0 legare i fasci di fieno <a class=\"x1i10hfl xjbqb8w x6umtig x1b1mbwd xaqea5y xav7gou x9f619 x1ypdohk xt0psk2 xe8uvvx xdj266r x11i5rnm xat24cr x1mh8g0r xexx8yu x4uap5 x18d9i69 xkhd6sd x16tdsg8 x1hl2dhg xggy1nq x1a2a7pz x1heor9g xt0b8zv\" tabindex=\"0\" role=\"link\" href=\"https:\/\/www.facebook.com\/groups\/61488111720\/user\/100016299786393\/?__cft__[0]=AZVX8ziJET4-RcGHa9XjLOLaSbVkiMUsC4dZDFJtxVuLFhQiD9nM34KJsczga_ymCzvzGwA7W67rx0IxgihoOFvwhiW9bSyBXzFoGMDPqoHM5sZ6sDK-RnXSkGAldb52uvzInjy_BGToPABalC9gcCgAs_dDLNoDxPDN7lMcDiLc8AJULLaE-rqyytQfck_YfX4&amp;__tn__=R]-R\" aria-hidden=\"false\"><span class=\"x3nfvp2\"><span class=\"x193iq5w xeuugli x13faqbe x1vvkbs x1xmvt09 x1lliihq x1s928wv xhkezso x1gmr53x x1cpjm7i x1fgarty x1943h6x x4zkp8e x676frb x1nxh6w3 x1sibtaa x1s688f xzsf02u\" dir=\"auto\">Patrizia\u00a0<\/span><\/span><\/a>gancio x teleferica <a class=\"x1i10hfl xjbqb8w x6umtig x1b1mbwd xaqea5y xav7gou x9f619 x1ypdohk xt0psk2 xe8uvvx xdj266r x11i5rnm xat24cr x1mh8g0r xexx8yu x4uap5 x18d9i69 xkhd6sd x16tdsg8 x1hl2dhg xggy1nq x1a2a7pz x1heor9g xt0b8zv\" tabindex=\"0\" role=\"link\" href=\"https:\/\/www.facebook.com\/groups\/61488111720\/user\/100074310434757\/?__cft__[0]=AZVX8ziJET4-RcGHa9XjLOLaSbVkiMUsC4dZDFJtxVuLFhQiD9nM34KJsczga_ymCzvzGwA7W67rx0IxgihoOFvwhiW9bSyBXzFoGMDPqoHM5sZ6sDK-RnXSkGAldb52uvzInjy_BGToPABalC9gcCgAs_dDLNoDxPDN7lMcDiLc8AJULLaE-rqyytQfck_YfX4&amp;__tn__=R]-R\" aria-hidden=\"false\"><span class=\"x3nfvp2\"><span class=\"x193iq5w xeuugli x13faqbe x1vvkbs x1xmvt09 x1lliihq x1s928wv xhkezso x1gmr53x x1cpjm7i x1fgarty x1943h6x x4zkp8e x676frb x1nxh6w3 x1sibtaa x1s688f xzsf02u\" dir=\"auto\">Roberta\u00a0<\/span><\/span><\/a> Non \u00e8 l&#8217;asta del carro da fieno.di una volta. car da 4 rode. <a class=\"x1i10hfl xjbqb8w x6umtig x1b1mbwd xaqea5y xav7gou x9f619 x1ypdohk xt0psk2 xe8uvvx xdj266r x11i5rnm xat24cr x1mh8g0r xexx8yu x4uap5 x18d9i69 xkhd6sd x16tdsg8 x1hl2dhg xggy1nq x1a2a7pz x1heor9g xt0b8zv\" tabindex=\"0\" role=\"link\" href=\"https:\/\/www.facebook.com\/groups\/61488111720\/user\/100002523819701\/?__cft__[0]=AZVX8ziJET4-RcGHa9XjLOLaSbVkiMUsC4dZDFJtxVuLFhQiD9nM34KJsczga_ymCzvzGwA7W67rx0IxgihoOFvwhiW9bSyBXzFoGMDPqoHM5sZ6sDK-RnXSkGAldb52uvzInjy_BGToPABalC9gcCgAs_dDLNoDxPDN7lMcDiLc8AJULLaE-rqyytQfck_YfX4&amp;__tn__=R]-R\" aria-hidden=\"false\"><span class=\"x3nfvp2\"><span class=\"x193iq5w xeuugli x13faqbe x1vvkbs x1xmvt09 x1lliihq x1s928wv xhkezso x1gmr53x x1cpjm7i x1fgarty x1943h6x x4zkp8e x676frb x1nxh6w3 x1sibtaa x1s688f xzsf02u\" dir=\"auto\">Ugo<\/span><\/span><\/a> Serviva con le corde di canapa a legare il fieno, la legna sulla &#8220;linzola&#8221; <a class=\"x1i10hfl xjbqb8w x6umtig x1b1mbwd xaqea5y xav7gou x9f619 x1ypdohk xt0psk2 xe8uvvx xdj266r x11i5rnm xat24cr x1mh8g0r xexx8yu x4uap5 x18d9i69 xkhd6sd x16tdsg8 x1hl2dhg xggy1nq x1a2a7pz x1heor9g xt0b8zv\" tabindex=\"0\" role=\"link\" href=\"https:\/\/www.facebook.com\/groups\/61488111720\/user\/100014941482586\/?__cft__[0]=AZVX8ziJET4-RcGHa9XjLOLaSbVkiMUsC4dZDFJtxVuLFhQiD9nM34KJsczga_ymCzvzGwA7W67rx0IxgihoOFvwhiW9bSyBXzFoGMDPqoHM5sZ6sDK-RnXSkGAldb52uvzInjy_BGToPABalC9gcCgAs_dDLNoDxPDN7lMcDiLc8AJULLaE-rqyytQfck_YfX4&amp;__tn__=R]-R\" aria-hidden=\"false\"><span class=\"x3nfvp2\"><span class=\"x193iq5w xeuugli x13faqbe x1vvkbs x1xmvt09 x1lliihq x1s928wv xhkezso x1gmr53x x1cpjm7i x1fgarty x1943h6x x4zkp8e x676frb x1nxh6w3 x1sibtaa x1s688f xzsf02u\" dir=\"auto\">Gilberta Pezz\u00e8 <\/span><\/span><\/a> credo anch&#8217;io <a class=\"x1i10hfl xjbqb8w x6umtig x1b1mbwd xaqea5y xav7gou x9f619 x1ypdohk xt0psk2 xe8uvvx xdj266r x11i5rnm xat24cr x1mh8g0r xexx8yu x4uap5 x18d9i69 xkhd6sd x16tdsg8 x1hl2dhg xggy1nq x1a2a7pz x1heor9g xt0b8zv\" tabindex=\"0\" role=\"link\" href=\"https:\/\/www.facebook.com\/groups\/61488111720\/user\/100001144613779\/?__cft__[0]=AZVX8ziJET4-RcGHa9XjLOLaSbVkiMUsC4dZDFJtxVuLFhQiD9nM34KJsczga_ymCzvzGwA7W67rx0IxgihoOFvwhiW9bSyBXzFoGMDPqoHM5sZ6sDK-RnXSkGAldb52uvzInjy_BGToPABalC9gcCgAs_dDLNoDxPDN7lMcDiLc8AJULLaE-rqyytQfck_YfX4&amp;__tn__=R]-R\" aria-hidden=\"false\"><span class=\"x3nfvp2\"><span class=\"x193iq5w xeuugli x13faqbe x1vvkbs x1xmvt09 x1lliihq x1s928wv xhkezso x1gmr53x x1cpjm7i x1fgarty x1943h6x x4zkp8e x676frb x1nxh6w3 x1sibtaa x1s688f xzsf02u\" dir=\"auto\">Cinzia<\/span><\/span><\/a> El cl\u00e8r ( per Fodom) da legare il fieno o altre cose <a class=\"x1i10hfl xjbqb8w x6umtig x1b1mbwd xaqea5y xav7gou x9f619 x1ypdohk xt0psk2 xe8uvvx xdj266r x11i5rnm xat24cr x1mh8g0r xexx8yu x4uap5 x18d9i69 xkhd6sd x16tdsg8 x1hl2dhg xggy1nq x1a2a7pz x1heor9g xt0b8zv\" tabindex=\"0\" role=\"link\" href=\"https:\/\/www.facebook.com\/groups\/61488111720\/user\/100044536473532\/?__cft__[0]=AZVX8ziJET4-RcGHa9XjLOLaSbVkiMUsC4dZDFJtxVuLFhQiD9nM34KJsczga_ymCzvzGwA7W67rx0IxgihoOFvwhiW9bSyBXzFoGMDPqoHM5sZ6sDK-RnXSkGAldb52uvzInjy_BGToPABalC9gcCgAs_dDLNoDxPDN7lMcDiLc8AJULLaE-rqyytQfck_YfX4&amp;__tn__=R]-R\" aria-hidden=\"false\"><span class=\"x3nfvp2\"><span class=\"x193iq5w xeuugli x13faqbe x1vvkbs x1xmvt09 x1lliihq x1s928wv xhkezso x1gmr53x x1cpjm7i x1fgarty x1943h6x x4zkp8e x676frb x1nxh6w3 x1sibtaa x1s688f xzsf02u\" dir=\"auto\">Diego<\/span><\/span><\/a> Spola <a class=\"x1i10hfl xjbqb8w x6umtig x1b1mbwd xaqea5y xav7gou x9f619 x1ypdohk xt0psk2 xe8uvvx xdj266r x11i5rnm xat24cr x1mh8g0r xexx8yu x4uap5 x18d9i69 xkhd6sd x16tdsg8 x1hl2dhg xggy1nq x1a2a7pz x1heor9g xt0b8zv\" tabindex=\"0\" role=\"link\" href=\"https:\/\/www.facebook.com\/groups\/61488111720\/user\/100002375031873\/?__cft__[0]=AZVX8ziJET4-RcGHa9XjLOLaSbVkiMUsC4dZDFJtxVuLFhQiD9nM34KJsczga_ymCzvzGwA7W67rx0IxgihoOFvwhiW9bSyBXzFoGMDPqoHM5sZ6sDK-RnXSkGAldb52uvzInjy_BGToPABalC9gcCgAs_dDLNoDxPDN7lMcDiLc8AJULLaE-rqyytQfck_YfX4&amp;__tn__=R]-R\" aria-hidden=\"false\"><span class=\"x3nfvp2\"><span class=\"x193iq5w xeuugli x13faqbe x1vvkbs x1xmvt09 x1lliihq x1s928wv xhkezso x1gmr53x x1cpjm7i x1fgarty x1943h6x x4zkp8e x676frb x1nxh6w3 x1sibtaa x1s688f xzsf02u\" dir=\"auto\">Ercole<\/span><\/span><\/a> \u00a0la spola la \u00e8 per la corda de canapa e la ha i bus <a class=\"x1i10hfl xjbqb8w x6umtig x1b1mbwd xaqea5y xav7gou x9f619 x1ypdohk xt0psk2 xe8uvvx xdj266r x11i5rnm xat24cr x1mh8g0r xexx8yu x4uap5 x18d9i69 xkhd6sd x16tdsg8 x1hl2dhg xggy1nq x1a2a7pz x1heor9g xt0b8zv\" tabindex=\"0\" role=\"link\" href=\"https:\/\/www.facebook.com\/groups\/61488111720\/user\/100007812275961\/?__cft__[0]=AZVX8ziJET4-RcGHa9XjLOLaSbVkiMUsC4dZDFJtxVuLFhQiD9nM34KJsczga_ymCzvzGwA7W67rx0IxgihoOFvwhiW9bSyBXzFoGMDPqoHM5sZ6sDK-RnXSkGAldb52uvzInjy_BGToPABalC9gcCgAs_dDLNoDxPDN7lMcDiLc8AJULLaE-rqyytQfck_YfX4&amp;__tn__=R]-R\" aria-hidden=\"false\"><span class=\"x3nfvp2\"><span class=\"x193iq5w xeuugli x13faqbe x1vvkbs x1xmvt09 x1lliihq x1s928wv xhkezso x1gmr53x x1cpjm7i x1fgarty x1943h6x x4zkp8e x676frb x1nxh6w3 x1sibtaa x1s688f xzsf02u\" dir=\"auto\">Stefano <\/span><\/span><\/a> anca per la fun de curam <a class=\"x1i10hfl xjbqb8w x6umtig x1b1mbwd xaqea5y xav7gou x9f619 x1ypdohk xt0psk2 xe8uvvx xdj266r x11i5rnm xat24cr x1mh8g0r xexx8yu x4uap5 x18d9i69 xkhd6sd x16tdsg8 x1hl2dhg xggy1nq x1a2a7pz x1heor9g xt0b8zv\" tabindex=\"0\" role=\"link\" href=\"https:\/\/www.facebook.com\/groups\/61488111720\/user\/100003868106296\/?__cft__[0]=AZVX8ziJET4-RcGHa9XjLOLaSbVkiMUsC4dZDFJtxVuLFhQiD9nM34KJsczga_ymCzvzGwA7W67rx0IxgihoOFvwhiW9bSyBXzFoGMDPqoHM5sZ6sDK-RnXSkGAldb52uvzInjy_BGToPABalC9gcCgAs_dDLNoDxPDN7lMcDiLc8AJULLaE-rqyytQfck_YfX4&amp;__tn__=R]-R\" aria-hidden=\"false\"><span class=\"x3nfvp2\"><span class=\"x193iq5w xeuugli x13faqbe x1vvkbs x1xmvt09 x1lliihq x1s928wv xhkezso x1gmr53x x1cpjm7i x1fgarty x1943h6x x4zkp8e x676frb x1nxh6w3 x1sibtaa x1s688f xzsf02u\" dir=\"auto\">Bruno<\/span><\/span><\/a> Serve a seminare le patate. <a class=\"x1i10hfl xjbqb8w x6umtig x1b1mbwd xaqea5y xav7gou x9f619 x1ypdohk xt0psk2 xe8uvvx xdj266r x11i5rnm xat24cr x1mh8g0r xexx8yu x4uap5 x18d9i69 xkhd6sd x16tdsg8 x1hl2dhg xggy1nq x1a2a7pz x1heor9g xt0b8zv\" tabindex=\"0\" role=\"link\" href=\"https:\/\/www.facebook.com\/groups\/61488111720\/user\/1657877547\/?__cft__[0]=AZVX8ziJET4-RcGHa9XjLOLaSbVkiMUsC4dZDFJtxVuLFhQiD9nM34KJsczga_ymCzvzGwA7W67rx0IxgihoOFvwhiW9bSyBXzFoGMDPqoHM5sZ6sDK-RnXSkGAldb52uvzInjy_BGToPABalC9gcCgAs_dDLNoDxPDN7lMcDiLc8AJULLaE-rqyytQfck_YfX4&amp;__tn__=R]-R\" aria-hidden=\"false\"><span class=\"x3nfvp2\"><span class=\"x193iq5w xeuugli x13faqbe x1vvkbs x1xmvt09 x1lliihq x1s928wv xhkezso x1gmr53x x1cpjm7i x1fgarty x1943h6x x4zkp8e x676frb x1nxh6w3 x1sibtaa x1s688f xzsf02u\" dir=\"auto\">Teofilo<\/span><\/span><\/a> Dalla foto c&#8217;\u00e8 un&#8217; indizio: \u00e8 un attrezzo che usano in Luxottica per registrare gli occhiali. <a class=\"x1i10hfl xjbqb8w x6umtig x1b1mbwd xaqea5y xav7gou x9f619 x1ypdohk xt0psk2 xe8uvvx xdj266r x11i5rnm xat24cr x1mh8g0r xexx8yu x4uap5 x18d9i69 xkhd6sd x16tdsg8 x1hl2dhg xggy1nq x1a2a7pz x1heor9g xt0b8zv\" tabindex=\"0\" role=\"link\" href=\"https:\/\/www.facebook.com\/groups\/61488111720\/user\/100003637361018\/?__cft__[0]=AZVX8ziJET4-RcGHa9XjLOLaSbVkiMUsC4dZDFJtxVuLFhQiD9nM34KJsczga_ymCzvzGwA7W67rx0IxgihoOFvwhiW9bSyBXzFoGMDPqoHM5sZ6sDK-RnXSkGAldb52uvzInjy_BGToPABalC9gcCgAs_dDLNoDxPDN7lMcDiLc8AJULLaE-rqyytQfck_YfX4&amp;__tn__=R]-R\" aria-hidden=\"false\"><span class=\"x3nfvp2\"><span class=\"x193iq5w xeuugli x13faqbe x1vvkbs x1xmvt09 x1lliihq x1s928wv xhkezso x1gmr53x x1cpjm7i x1fgarty x1943h6x x4zkp8e x676frb x1nxh6w3 x1sibtaa x1s688f xzsf02u\" dir=\"auto\">Eli\u00a0<\/span><\/span><\/a> Serve per legare il fieno sul carro <a class=\"x1i10hfl xjbqb8w x6umtig x1b1mbwd xaqea5y xav7gou x9f619 x1ypdohk xt0psk2 xe8uvvx xdj266r x11i5rnm xat24cr x1mh8g0r xexx8yu x4uap5 x18d9i69 xkhd6sd x16tdsg8 x1hl2dhg xggy1nq x1a2a7pz x1heor9g xt0b8zv\" tabindex=\"0\" role=\"link\" href=\"https:\/\/www.facebook.com\/groups\/61488111720\/user\/100006879581145\/?__cft__[0]=AZVX8ziJET4-RcGHa9XjLOLaSbVkiMUsC4dZDFJtxVuLFhQiD9nM34KJsczga_ymCzvzGwA7W67rx0IxgihoOFvwhiW9bSyBXzFoGMDPqoHM5sZ6sDK-RnXSkGAldb52uvzInjy_BGToPABalC9gcCgAs_dDLNoDxPDN7lMcDiLc8AJULLaE-rqyytQfck_YfX4&amp;__tn__=R]-R\" aria-hidden=\"false\"><span class=\"x3nfvp2\"><span class=\"x193iq5w xeuugli x13faqbe x1vvkbs x1xmvt09 x1lliihq x1s928wv xhkezso x1gmr53x x1cpjm7i x1fgarty x1943h6x x4zkp8e x676frb x1nxh6w3 x1sibtaa x1s688f xzsf02u\" dir=\"auto\">Michela<\/span><\/span><\/a> per legare il fieno <a class=\"x1i10hfl xjbqb8w x6umtig x1b1mbwd xaqea5y xav7gou x9f619 x1ypdohk xt0psk2 xe8uvvx xdj266r x11i5rnm xat24cr x1mh8g0r xexx8yu x4uap5 x18d9i69 xkhd6sd x16tdsg8 x1hl2dhg xggy1nq x1a2a7pz x1heor9g xt0b8zv\" tabindex=\"0\" role=\"link\" href=\"https:\/\/www.facebook.com\/groups\/61488111720\/user\/100006758503076\/?__cft__[0]=AZVX8ziJET4-RcGHa9XjLOLaSbVkiMUsC4dZDFJtxVuLFhQiD9nM34KJsczga_ymCzvzGwA7W67rx0IxgihoOFvwhiW9bSyBXzFoGMDPqoHM5sZ6sDK-RnXSkGAldb52uvzInjy_BGToPABalC9gcCgAs_dDLNoDxPDN7lMcDiLc8AJULLaE-rqyytQfck_YfX4&amp;__tn__=R]-R\" aria-hidden=\"false\"><span class=\"x3nfvp2\"><span class=\"x193iq5w xeuugli x13faqbe x1vvkbs x1xmvt09 x1lliihq x1s928wv xhkezso x1gmr53x x1cpjm7i x1fgarty x1943h6x x4zkp8e x676frb x1nxh6w3 x1sibtaa x1s688f xzsf02u\" dir=\"auto\">Alessandro<\/span><\/span><\/a> Parsor e serve per legare il fieno <a class=\"x1i10hfl xjbqb8w x6umtig x1b1mbwd xaqea5y xav7gou x9f619 x1ypdohk xt0psk2 xe8uvvx xdj266r x11i5rnm xat24cr x1mh8g0r xexx8yu x4uap5 x18d9i69 xkhd6sd x16tdsg8 x1hl2dhg xggy1nq x1a2a7pz x1heor9g xt0b8zv\" tabindex=\"0\" role=\"link\" href=\"https:\/\/www.facebook.com\/groups\/61488111720\/user\/100054626173260\/?__cft__[0]=AZVX8ziJET4-RcGHa9XjLOLaSbVkiMUsC4dZDFJtxVuLFhQiD9nM34KJsczga_ymCzvzGwA7W67rx0IxgihoOFvwhiW9bSyBXzFoGMDPqoHM5sZ6sDK-RnXSkGAldb52uvzInjy_BGToPABalC9gcCgAs_dDLNoDxPDN7lMcDiLc8AJULLaE-rqyytQfck_YfX4&amp;__tn__=R]-R\" aria-hidden=\"false\"><span class=\"x3nfvp2\"><span class=\"x193iq5w xeuugli x13faqbe x1vvkbs x1xmvt09 x1lliihq x1s928wv xhkezso x1gmr53x x1cpjm7i x1fgarty x1943h6x x4zkp8e x676frb x1nxh6w3 x1sibtaa x1s688f xzsf02u\" dir=\"auto\">Tibe<\/span><\/span><\/a> Noi persor <a class=\"x1i10hfl xjbqb8w x6umtig x1b1mbwd xaqea5y xav7gou x9f619 x1ypdohk xt0psk2 xe8uvvx xdj266r x11i5rnm xat24cr x1mh8g0r xexx8yu x4uap5 x18d9i69 xkhd6sd x16tdsg8 x1hl2dhg xggy1nq x1a2a7pz x1heor9g xt0b8zv\" tabindex=\"0\" role=\"link\" href=\"https:\/\/www.facebook.com\/groups\/61488111720\/user\/100008226720273\/?__cft__[0]=AZVX8ziJET4-RcGHa9XjLOLaSbVkiMUsC4dZDFJtxVuLFhQiD9nM34KJsczga_ymCzvzGwA7W67rx0IxgihoOFvwhiW9bSyBXzFoGMDPqoHM5sZ6sDK-RnXSkGAldb52uvzInjy_BGToPABalC9gcCgAs_dDLNoDxPDN7lMcDiLc8AJULLaE-rqyytQfck_YfX4&amp;__tn__=R]-R\" aria-hidden=\"false\"><span class=\"x3nfvp2\"><span class=\"x193iq5w xeuugli x13faqbe x1vvkbs x1xmvt09 x1lliihq x1s928wv xhkezso x1gmr53x x1cpjm7i x1fgarty x1943h6x x4zkp8e x676frb x1nxh6w3 x1sibtaa x1s688f xzsf02u\" dir=\"auto\">Giovanni\u00a0<\/span><\/span><\/a> Serviva per estrarre il fieno pressato all&#8217;interno del fienile. <a class=\"x1i10hfl xjbqb8w x6umtig x1b1mbwd xaqea5y xav7gou x9f619 x1ypdohk xt0psk2 xe8uvvx xdj266r x11i5rnm xat24cr x1mh8g0r xexx8yu x4uap5 x18d9i69 xkhd6sd x16tdsg8 x1hl2dhg xggy1nq x1a2a7pz x1heor9g xt0b8zv\" tabindex=\"0\" role=\"link\" href=\"https:\/\/www.facebook.com\/groups\/61488111720\/user\/100015107808873\/?__cft__[0]=AZVX8ziJET4-RcGHa9XjLOLaSbVkiMUsC4dZDFJtxVuLFhQiD9nM34KJsczga_ymCzvzGwA7W67rx0IxgihoOFvwhiW9bSyBXzFoGMDPqoHM5sZ6sDK-RnXSkGAldb52uvzInjy_BGToPABalC9gcCgAs_dDLNoDxPDN7lMcDiLc8AJULLaE-rqyytQfck_YfX4&amp;__tn__=R]-R\" aria-hidden=\"false\"><span class=\"x3nfvp2\"><span class=\"x193iq5w xeuugli x13faqbe x1vvkbs x1xmvt09 x1lliihq x1s928wv xhkezso x1gmr53x x1cpjm7i x1fgarty x1943h6x x4zkp8e x676frb x1nxh6w3 x1sibtaa x1s688f xzsf02u\" dir=\"auto\">Ruggero<\/span><\/span><\/a> Pezzo di ruota per avvolgere il filo di lana <a class=\"x1i10hfl xjbqb8w x6umtig x1b1mbwd xaqea5y xav7gou x9f619 x1ypdohk xt0psk2 xe8uvvx xdj266r x11i5rnm xat24cr x1mh8g0r xexx8yu x4uap5 x18d9i69 xkhd6sd x16tdsg8 x1hl2dhg xggy1nq x1a2a7pz x1heor9g xt0b8zv\" tabindex=\"0\" role=\"link\" href=\"https:\/\/www.facebook.com\/groups\/61488111720\/user\/100007800376922\/?__cft__[0]=AZVX8ziJET4-RcGHa9XjLOLaSbVkiMUsC4dZDFJtxVuLFhQiD9nM34KJsczga_ymCzvzGwA7W67rx0IxgihoOFvwhiW9bSyBXzFoGMDPqoHM5sZ6sDK-RnXSkGAldb52uvzInjy_BGToPABalC9gcCgAs_dDLNoDxPDN7lMcDiLc8AJULLaE-rqyytQfck_YfX4&amp;__tn__=R]-R\" aria-hidden=\"false\"><span class=\"x3nfvp2\"><span class=\"x193iq5w xeuugli x13faqbe x1vvkbs x1xmvt09 x1lliihq x1s928wv xhkezso x1gmr53x x1cpjm7i x1fgarty x1943h6x x4zkp8e x676frb x1nxh6w3 x1sibtaa x1s688f xzsf02u\" dir=\"auto\">Loris<\/span><\/span><\/a> Secondo mi..la servia a semenar qualcosa! Sorgo&#8230;fasoi&#8230;boh <a class=\"x1i10hfl xjbqb8w x6umtig x1b1mbwd xaqea5y xav7gou x9f619 x1ypdohk xt0psk2 xe8uvvx xdj266r x11i5rnm xat24cr x1mh8g0r xexx8yu x4uap5 x18d9i69 xkhd6sd x16tdsg8 x1hl2dhg xggy1nq x1a2a7pz x1heor9g xt0b8zv\" tabindex=\"0\" role=\"link\" href=\"https:\/\/www.facebook.com\/groups\/61488111720\/user\/100007939866853\/?__cft__[0]=AZVX8ziJET4-RcGHa9XjLOLaSbVkiMUsC4dZDFJtxVuLFhQiD9nM34KJsczga_ymCzvzGwA7W67rx0IxgihoOFvwhiW9bSyBXzFoGMDPqoHM5sZ6sDK-RnXSkGAldb52uvzInjy_BGToPABalC9gcCgAs_dDLNoDxPDN7lMcDiLc8AJULLaE-rqyytQfck_YfX4&amp;__tn__=R]-R\" aria-hidden=\"false\"><span class=\"x3nfvp2\"><span class=\"x193iq5w xeuugli x13faqbe x1vvkbs x1xmvt09 x1lliihq x1s928wv xhkezso x1gmr53x x1cpjm7i x1fgarty x1943h6x x4zkp8e x676frb x1nxh6w3 x1sibtaa x1s688f xzsf02u\" dir=\"auto\">Alida\u00a0<\/span><\/span><\/a> Si chiama spora serve pertirare le corde che legano il fieno sul carro <span style=\"color: #0000ff;\">LAILA<\/span> Indovinello &#8220;agricolo&#8221; &#8230;el persor de l car del fen&#8230;.. con le corde, alle sue estremit\u00e0, serviva per tenere il carico di fieno fermo sul carro. <span style=\"color: #0000ff;\">BARBARA<\/span> El presor.. me lo ha detto il vecchio Cesare. <span style=\"color: #0000ff;\">CLAUDIA<\/span> L&#8217;oggetto misterioso serve per caso a legare qualche cosa <span style=\"color: #0000ff;\">MATTEO<\/span>\u00a0 L&#8217;oggetto misterioso \u00e8 un &#8220;persor&#8221; serviva , assicurato a corde, a premere il carico di fieno sul carro. <span style=\"color: #0000ff;\">SERE<\/span>\u00a0 \u00e8 il &#8220;sponcion&#8221; che serviva a fare un buco nella terra del campo per seminare le patate <span style=\"color: #0000ff;\">NICOLETTA<\/span> L&#8217;attrezzo potrebbe essere un cazapaia<span style=\"color: #0000ff;\"> VALTER<\/span> Ciao, credo si tratti del persor, utilizzato per legare il fieno sulla slitta (rinzola) <span style=\"color: #0000ff;\">SILVY<\/span>l attrezzo misterioso \u00e8 quell&#8217;attrezzo che serve x fare i buchi nel campo x la semina delle patate. <span style=\"color: #0000ff;\">ROMANA<\/span> Ciao, secondo me \u011b la parte mobile da inserire nel terreno di un cavalletto dove si appoggia &#8220;il darlin <span style=\"color: #0000ff;\">CELESTE<\/span> a cosa serve? : a stendere i panni <span class=\"\"><span class=\"xt0psk2\"><a class=\"x1i10hfl xjbqb8w x6umtig x1b1mbwd xaqea5y xav7gou x9f619 x1ypdohk xt0psk2 xe8uvvx xdj266r x11i5rnm xat24cr x1mh8g0r xexx8yu x4uap5 x18d9i69 xkhd6sd x16tdsg8 x1hl2dhg xggy1nq x1a2a7pz x1heor9g xt0b8zv\" tabindex=\"0\" role=\"link\" href=\"https:\/\/www.facebook.com\/groups\/61488111720\/user\/100032623702630\/?__cft__[0]=AZWbxgmlUgFoaPa-I664jQn8Xx46Dr6ljJvWNmywQzL_c75imOJdJjoGPKh9cE0vALPiJRjlFvbBLbzrZzqBthhDEadjAMfv_oFbDbXBQzIh4bBeUidOhDGO9Nl1QaypO0zFRgbVpsxeRvZIAsY74H-H&amp;__tn__=R]-R\" aria-hidden=\"false\"><span class=\"x3nfvp2\"><span class=\"x193iq5w xeuugli x13faqbe x1vvkbs x1xmvt09 x1lliihq x1s928wv xhkezso x1gmr53x x1cpjm7i x1fgarty x1943h6x x4zkp8e x676frb x1nxh6w3 x1sibtaa x1s688f xzsf02u\" dir=\"auto\">Giancarlo\u00a0<\/span><\/span><\/a><\/span><\/span>Ligar i fasci de fien sulla mussa<span style=\"color: #0000ff;\"> Elia<\/span> Serve per legare il fieno sulle &#8220;rinzole&#8221;<span class=\"\"><span class=\"xt0psk2\"><a class=\"x1i10hfl xjbqb8w x6umtig x1b1mbwd xaqea5y xav7gou x9f619 x1ypdohk xt0psk2 xe8uvvx xdj266r x11i5rnm xat24cr x1mh8g0r xexx8yu x4uap5 x18d9i69 xkhd6sd x16tdsg8 x1hl2dhg xggy1nq x1a2a7pz x1heor9g xt0b8zv\" tabindex=\"0\" role=\"link\" href=\"https:\/\/www.facebook.com\/groups\/61488111720\/user\/100000549485205\/?__cft__[0]=AZUgF8hKiWrAHuaJnFbFvYl-ki216E_rdvDoTlXRlAKUDruViqIO1XBLIcGV8iXwxgW2HOHOJCHFHe-46wVwsdQFMaIS4IOibSVSJ5szgq_pmViLmR_v9naHCJ6IKxntjwMD7ZvMDSTC5l-4NGhgZ84ya7E2MudJuRaz1Fe4GVQyUfpDmo0ktEwMWpcEdD_RlQs&amp;__tn__=R]-R\" aria-hidden=\"false\"><span class=\"x3nfvp2\"><span class=\"x193iq5w xeuugli x13faqbe x1vvkbs x1xmvt09 x1lliihq x1s928wv xhkezso x1gmr53x x1cpjm7i x1fgarty x1943h6x x4zkp8e x676frb x1nxh6w3 x1sibtaa x1s688f xzsf02u\" dir=\"auto\">Andrea\u00a0<\/span><\/span><\/a> <\/span><\/span>Il &#8220;persor&#8221; era pi\u00f9 grande. Almeno 2 m di lunghezza.. almeno cos\u00ec lo ricordo io <a class=\"x1i10hfl xjbqb8w x6umtig x1b1mbwd xaqea5y xav7gou x9f619 x1ypdohk xt0psk2 xe8uvvx xdj266r x11i5rnm xat24cr x1mh8g0r xexx8yu x4uap5 x18d9i69 xkhd6sd x16tdsg8 x1hl2dhg xggy1nq x1a2a7pz x1heor9g xt0b8zv\" tabindex=\"0\" role=\"link\" href=\"https:\/\/www.facebook.com\/groups\/61488111720\/user\/100002141155784\/?__cft__[0]=AZWd6g8XSbw5KTX3mFRwtdu1_vfvzzqf4NppcCATue_iv2F2phBwqjhCI-0xhuCCVEfTA4AhrePWIjMT4ysivIZAzEirSH3npO0chDTQgiklFbOGJDu2OP4R0lsHhHqnT8VcpKgpDFY4IYVQov9Rj4uvQwbTfndTzk6s1auIeTQMHJZoPqHVwL3t6yBvTbbpyFs&amp;__tn__=R]-R\" aria-hidden=\"false\"><span class=\"x3nfvp2\"><span class=\"x193iq5w xeuugli x13faqbe x1vvkbs x1xmvt09 x1lliihq x1s928wv xhkezso x1gmr53x x1cpjm7i x1fgarty x1943h6x x4zkp8e x676frb x1nxh6w3 x1sibtaa x1s688f xzsf02u\" dir=\"auto\">Simonetta\u00a0<\/span><\/span><\/a> Per intreccio reti da pesca<\/p>\n<p>&nbsp;<\/p>\n<p>&nbsp;<\/p>\n<hr \/>\n<p>&nbsp;<\/p>\n<blockquote>\n<h3>UNA STORIA DI EMIGRAZIONE CHE RENDE MERITO ALL&#8217;AGORDINO di LUISA MANFROI<\/h3>\n<\/blockquote>\n<p><strong>AUDIO<\/strong><\/p>\n<audio class=\"wp-audio-shortcode\" id=\"audio-314695-8\" preload=\"none\" style=\"width: 100%;\" controls=\"controls\"><source type=\"audio\/mpeg\" src=\"https:\/\/www.radiopiu.net\/wordpress\/wp-content\/uploads\/2023\/01\/Silvano-Cranchi-radio-1.mp3?_=8\" \/><a href=\"https:\/\/www.radiopiu.net\/wordpress\/wp-content\/uploads\/2023\/01\/Silvano-Cranchi-radio-1.mp3\">https:\/\/www.radiopiu.net\/wordpress\/wp-content\/uploads\/2023\/01\/Silvano-Cranchi-radio-1.mp3<\/a><\/audio>\n<p>&nbsp;<\/p>\n<p>&nbsp;<\/p>\n\n\t\t\t<style type='text\/css'>\n\t\t\t\t#gallery-5 {\n\t\t\t\t\tmargin: auto;\n\t\t\t\t}\n\t\t\t\t#gallery-5 .gallery-item {\n\t\t\t\t\tfloat: left;\n\t\t\t\t\tmargin-top: 10px;\n\t\t\t\t\ttext-align: center;\n\t\t\t\t\twidth: 50%;\n\t\t\t\t}\n\t\t\t\t#gallery-5 img {\n\t\t\t\t\tborder: 2px solid #cfcfcf;\n\t\t\t\t}\n\t\t\t\t#gallery-5 .gallery-caption {\n\t\t\t\t\tmargin-left: 0;\n\t\t\t\t}\n\t\t\t\t\/* see gallery_shortcode() in wp-includes\/media.php *\/\n\t\t\t<\/style>\n\t\t<div id='gallery-5' class='dt-gallery-container gallery galleryid-314695 gallery-columns-2 gallery-size-medium'><dl class='gallery-item'>\n\t\t\t\t<dt class='gallery-icon landscape'>\n\t\t\t\t\t<a class=\"rollover rollover-zoom dt-pswp-item\" title=\"\" data-dt-img-description=\"\" data-large_image_width=\"1600\" data-large_image_height=\"1092\"href='https:\/\/www.radiopiu.net\/wordpress\/wp-content\/uploads\/2023\/01\/Silvano-con-gli-occhiali-con-la-mamma-il-fratello-la-zia-e-la-cugina-dur...santa_.jpeg'><img loading=\"lazy\" decoding=\"async\" width=\"300\" height=\"205\" src=\"https:\/\/www.radiopiu.net\/wordpress\/wp-content\/uploads\/2023\/01\/Silvano-con-gli-occhiali-con-la-mamma-il-fratello-la-zia-e-la-cugina-dur...santa_-300x205.jpeg\" class=\"attachment-medium size-medium\" alt=\"\" aria-describedby=\"gallery-5-314565\" srcset=\"https:\/\/www.radiopiu.net\/wordpress\/wp-content\/uploads\/2023\/01\/Silvano-con-gli-occhiali-con-la-mamma-il-fratello-la-zia-e-la-cugina-dur...santa_-300x205.jpeg 300w, https:\/\/www.radiopiu.net\/wordpress\/wp-content\/uploads\/2023\/01\/Silvano-con-gli-occhiali-con-la-mamma-il-fratello-la-zia-e-la-cugina-dur...santa_-1024x699.jpeg 1024w, https:\/\/www.radiopiu.net\/wordpress\/wp-content\/uploads\/2023\/01\/Silvano-con-gli-occhiali-con-la-mamma-il-fratello-la-zia-e-la-cugina-dur...santa_-768x524.jpeg 768w, https:\/\/www.radiopiu.net\/wordpress\/wp-content\/uploads\/2023\/01\/Silvano-con-gli-occhiali-con-la-mamma-il-fratello-la-zia-e-la-cugina-dur...santa_-1536x1048.jpeg 1536w, https:\/\/www.radiopiu.net\/wordpress\/wp-content\/uploads\/2023\/01\/Silvano-con-gli-occhiali-con-la-mamma-il-fratello-la-zia-e-la-cugina-dur...santa_.jpeg 1600w\" sizes=\"auto, (max-width: 300px) 100vw, 300px\" \/><\/a>\n\t\t\t\t<\/dt>\n\t\t\t\t\t<dd class='wp-caption-text gallery-caption' id='gallery-5-314565'>\n\t\t\t\t\tSilvano-con-gli-occhiali-con-la-mamma-il-fratello-la-zia-e-la-cugina-\n\n\t\t\t\t\t<\/dd><\/dl><dl class='gallery-item'>\n\t\t\t\t<dt class='gallery-icon landscape'>\n\t\t\t\t\t<a class=\"rollover rollover-zoom dt-pswp-item\" title=\"Silvano_Cranchi\" data-dt-img-description=\"\" data-large_image_width=\"1920\" data-large_image_height=\"1293\"href='https:\/\/www.radiopiu.net\/wordpress\/wp-content\/uploads\/2023\/01\/Silvano_Cranchi.png'><img loading=\"lazy\" decoding=\"async\" width=\"300\" height=\"202\" src=\"https:\/\/www.radiopiu.net\/wordpress\/wp-content\/uploads\/2023\/01\/Silvano_Cranchi-300x202.png\" class=\"attachment-medium size-medium\" alt=\"\" aria-describedby=\"gallery-5-314566\" srcset=\"https:\/\/www.radiopiu.net\/wordpress\/wp-content\/uploads\/2023\/01\/Silvano_Cranchi-300x202.png 300w, https:\/\/www.radiopiu.net\/wordpress\/wp-content\/uploads\/2023\/01\/Silvano_Cranchi-1024x690.png 1024w, https:\/\/www.radiopiu.net\/wordpress\/wp-content\/uploads\/2023\/01\/Silvano_Cranchi-768x517.png 768w, https:\/\/www.radiopiu.net\/wordpress\/wp-content\/uploads\/2023\/01\/Silvano_Cranchi-1536x1034.png 1536w, https:\/\/www.radiopiu.net\/wordpress\/wp-content\/uploads\/2023\/01\/Silvano_Cranchi.png 1920w\" sizes=\"auto, (max-width: 300px) 100vw, 300px\" \/><\/a>\n\t\t\t\t<\/dt>\n\t\t\t\t\t<dd class='wp-caption-text gallery-caption' id='gallery-5-314566'>\n\t\t\t\t\tSilvano_Cranchi\n\t\t\t\t\t<\/dd><\/dl><br style=\"clear: both\" \/>\n\t\t\t<\/div>\n\n<p>&nbsp;<\/p>\n<hr \/>\n<p>&nbsp;<\/p>\n<blockquote>\n<h3>QUANDO IL CONSUMISMO ERA ANCORA LONTANO IGNE SI TRASFORMAVA MA MOLTI EMIGRAVANO\u2026<\/h3>\n<\/blockquote>\n<p><strong>di RENATO BONA<\/strong><\/p>\n<p>&nbsp;<\/p>\n<p>Ci siamo gi\u00e0 occupati in altre occasioni di \u201cIgne Paese del fuoco\u201d commentando il prezioso libro realizzato nel maggio 2002 ad iniziativa del Gruppo Volontari Igne e della Parrocchia di San Valentino, col patrocinio del Comune di Longarone, dalla coppia di amici e colleghi Ivano Pocchiesa e Mario Fornaro. Lo facciamo molto volentieri anche in questa circostanza soffermandoci in particolare sui capitoli (corredati da belle immagini datate) che evidenziano la trasformazione del paese, il lavoro locale in alcuni casi autentica arte, ed il fenomeno dell\u2019emigrazione con i suoi chiaroscuri. La prima immagine &#8211; quando \u201cil consumismo, con i suoi elettrodomestici era ancora lontano\u201d- risale agli anni \u201860 ed \u00e8 stata \u201cimmortalata\u201d nella localit\u00e0 Grefa, con le lavandaie Antonietta ed Anna De Bona impegnate sul Rui Pizzol. A seguire, ecco quella &#8211; stessa epoca &#8211; di Maria De Cesero \u2018Periti\u2019 pure alle prese col bucato. L\u2019originale della foto porta sul retro una dedica: \u201cAlle nipoti Lucia, Nora e Lina da parte della mamma\u201d. Ancora anni \u201860: paesani di Igne all\u2019alpeggio con le pecore \u201cper assicurare, al rientro in fondo valle, saporite pendole\u201d; dalla localit\u00e0 La Vara: ritorno dalla casera. Veniamo al \u201cPaese che si trasforma\u201d. La prima fotografia \u00e8 quella della cosiddetta \u201cNave\u201d: il fabbricato venne demolito nel 1955 per consentire il passaggio delle automobili attraverso il paese; scattata nell\u2019anno 1944, vede in primo piano il piccolo Pierluigi Bez Minella. Si prosegue con il campanile della chiesa di Igne che, negli anni \u201850, era in attesa di quel rifacimento che sarebbe avvenuto in seguito, negli anni \u201860, con l\u2019allargamento della strada verso Zoldo per consentire agli abitanti di usufruire del servizio di pullman direttamente dal centro del paese; altre modifiche rispetto al panorama proposto riguardano lo spostamento della cabina elettrica che sarebbe stata a breve trasferita in altro luogo. Tocca quindi ad uno scorcio della vecchia casa \u201cPerere\u201d, sullo sfondo, negli anni \u201850: ora vi si trova la sede dell\u2019ufficio postale e dell\u2019ambulatorio. Seguono le \u201ccase Biroli\u201d demolite nel 1989 e, di seguito, un altro aspetto di fabbricati della Igne dei tempi andati. La foto che proponiamo a questo punto, sotto il titolo \u201cL\u2019arte del casaro\u201d risale ai primi del 1900 e mostra agli inizi dell\u2019attivit\u00e0 la Latteria di Igne , importante istituzione del paese che rimase attiva per ben 111 anni, dal 1881 al 1992. Pocchiesa-Fornaro ricordano che la responsabilit\u00e0 della conduzione avveniva a rotazione secondo una caratteristica delle latterie cooperative, \u201cturnarie\u201d appunto, ideate in Italia da don Antonio Della Lucia nel 1872 a Forno di Canale, oggi Canale d\u2019Agordo; quella di Igne era la maggiore latteria della zona, seguita da quella di Provagna. Risale al 1936 la costruzione della malga comunale di La Megna per continuare a svolgere la tradizionale attivit\u00e0 della monticazione nel territorio comunale di Longarone dove nel 1900 erano in funzione 13 malghe comunali e 8 private per un totale di 1205 capi di bestiame bovino oltre a 3.000 pecore e 2.000 capre! Bella anche la foto, anni \u201870, di Aurelio De Bona \u2018Marchet\u2019 occupato nella delicata fase della stagionatura delle \u201cpezze\u201d di formaggio che sarebbero state poi distribuite tra i soci, oltre cento, della Latteria. E siamo, in conclusione, alle immagini dedicate a gelatieri e cameriere, oltre che agli emigranti. La prima ci mostra Arduino De Cesero \u2018Ost\u2019, negli anni \u201820, con il suo carrettino di gelato, in attivit\u00e0 stagionale a Torino; segue quella, pure risalente agli anni \u201820, di \u201cdue ragazze di Igne apprezzate cameriere a Vienna\u201d, poi quella, \u00e8 il 1934, di un altro gelatiere di Igne ripreso sulla spiaggia di Rimini gi\u00e0 a quel tempo affermata localit\u00e0 balneare; la scritta sul carrettino poneva in evidenza: \u201cGelateria cadorina\u201d come un marchio di qualit\u00e0\u201d. Chiudiamo con la foto che sotto il titolo \u201cParan\u00e0, Slavonia, Santa Catarina\u2026\u201d sintetizza il fenomeno dell\u2019emigrazione: anno 1936, Theodoro De Bona, nato nel 1904 a Morretes nello stato brasiliano di Paran\u00e0, figlio di Antonio De Bona, emigrato da Igne, e di Cesira Bertazzoni De Bona, \u00e8 in visita a Igne, ed ha al suo fianco i piccoli Luciano e Teodoro De Bona. Il nostro divenne un famoso pittore in Brasile e le sue opere fanno bella mostra in importanti collezioni. L\u2019altra immagine propone gli sposi Luca Bez \u201cBatti\u201d di Igne e Giulia De Cesero di Soffranco con i loro figli: Primo, Mario, Giovanni, Clelia, Marcella, Genoveffa; la famiglia \u00e8 partita da Igne per Plostine in Slavonia (Croazia) nel 1913; dopo 89 anni, nel 2002, il nipote Denis Bez con la moglie Anna sono venuti ad abitare a Igne, paese dei loro antenati; l\u2019ultima foto, dell\u2019anno 1989, \u00e8 riservata ad un folto gruppo di discendenti di emigrati in Brasile, ad Urussanga, che giunsero ad Igne per gettare le basi di un gemellaggio poi perfezionato il 26 maggio 1992 con il Comune di Longarone.<\/p>\n\n\t\t\t<style type='text\/css'>\n\t\t\t\t#gallery-6 {\n\t\t\t\t\tmargin: auto;\n\t\t\t\t}\n\t\t\t\t#gallery-6 .gallery-item {\n\t\t\t\t\tfloat: left;\n\t\t\t\t\tmargin-top: 10px;\n\t\t\t\t\ttext-align: center;\n\t\t\t\t\twidth: 16%;\n\t\t\t\t}\n\t\t\t\t#gallery-6 img {\n\t\t\t\t\tborder: 2px solid #cfcfcf;\n\t\t\t\t}\n\t\t\t\t#gallery-6 .gallery-caption {\n\t\t\t\t\tmargin-left: 0;\n\t\t\t\t}\n\t\t\t\t\/* see gallery_shortcode() in wp-includes\/media.php *\/\n\t\t\t<\/style>\n\t\t<div id='gallery-6' class='dt-gallery-container gallery galleryid-314695 gallery-columns-6 gallery-size-thumbnail'><dl class='gallery-item'>\n\t\t\t\t<dt class='gallery-icon portrait'>\n\t\t\t\t\t<a class=\"rollover rollover-zoom dt-pswp-item\" title=\"318675764_545925797449297_181871134423416426_n\" data-dt-img-description=\"\" data-large_image_width=\"150\" data-large_image_height=\"240\"href='https:\/\/www.radiopiu.net\/wordpress\/wp-content\/uploads\/2023\/01\/318675764_545925797449297_181871134423416426_n.jpg'><img loading=\"lazy\" decoding=\"async\" width=\"150\" height=\"150\" src=\"https:\/\/www.radiopiu.net\/wordpress\/wp-content\/uploads\/2023\/01\/318675764_545925797449297_181871134423416426_n-150x150.jpg\" class=\"attachment-thumbnail size-thumbnail\" alt=\"\" \/><\/a>\n\t\t\t\t<\/dt><\/dl><dl class='gallery-item'>\n\t\t\t\t<dt class='gallery-icon landscape'>\n\t\t\t\t\t<a class=\"rollover rollover-zoom dt-pswp-item\" title=\"319279783_1330191204429851_2044356175393527062_n\" data-dt-img-description=\"\" data-large_image_width=\"320\" data-large_image_height=\"201\"href='https:\/\/www.radiopiu.net\/wordpress\/wp-content\/uploads\/2023\/01\/319279783_1330191204429851_2044356175393527062_n.jpg'><img loading=\"lazy\" decoding=\"async\" width=\"150\" height=\"150\" src=\"https:\/\/www.radiopiu.net\/wordpress\/wp-content\/uploads\/2023\/01\/319279783_1330191204429851_2044356175393527062_n-150x150.jpg\" class=\"attachment-thumbnail size-thumbnail\" alt=\"\" \/><\/a>\n\t\t\t\t<\/dt><\/dl><dl class='gallery-item'>\n\t\t\t\t<dt class='gallery-icon landscape'>\n\t\t\t\t\t<a class=\"rollover rollover-zoom dt-pswp-item\" title=\"319434795_538567028311038_2801460566708232883_n\" data-dt-img-description=\"\" data-large_image_width=\"235\" data-large_image_height=\"204\"href='https:\/\/www.radiopiu.net\/wordpress\/wp-content\/uploads\/2023\/01\/319434795_538567028311038_2801460566708232883_n.jpg'><img loading=\"lazy\" decoding=\"async\" width=\"150\" height=\"150\" src=\"https:\/\/www.radiopiu.net\/wordpress\/wp-content\/uploads\/2023\/01\/319434795_538567028311038_2801460566708232883_n-150x150.jpg\" class=\"attachment-thumbnail size-thumbnail\" alt=\"\" \/><\/a>\n\t\t\t\t<\/dt><\/dl><dl class='gallery-item'>\n\t\t\t\t<dt class='gallery-icon landscape'>\n\t\t\t\t\t<a class=\"rollover rollover-zoom dt-pswp-item\" title=\"319525994_467227075613394_8426953032219624508_n\" data-dt-img-description=\"\" data-large_image_width=\"296\" data-large_image_height=\"201\"href='https:\/\/www.radiopiu.net\/wordpress\/wp-content\/uploads\/2023\/01\/319525994_467227075613394_8426953032219624508_n.jpg'><img loading=\"lazy\" decoding=\"async\" width=\"150\" height=\"150\" src=\"https:\/\/www.radiopiu.net\/wordpress\/wp-content\/uploads\/2023\/01\/319525994_467227075613394_8426953032219624508_n-150x150.jpg\" class=\"attachment-thumbnail size-thumbnail\" alt=\"\" \/><\/a>\n\t\t\t\t<\/dt><\/dl><dl class='gallery-item'>\n\t\t\t\t<dt class='gallery-icon landscape'>\n\t\t\t\t\t<a class=\"rollover rollover-zoom dt-pswp-item\" title=\"319572986_3477301995860869_306509082162018974_n\" data-dt-img-description=\"\" data-large_image_width=\"320\" data-large_image_height=\"206\"href='https:\/\/www.radiopiu.net\/wordpress\/wp-content\/uploads\/2023\/01\/319572986_3477301995860869_306509082162018974_n.jpg'><img loading=\"lazy\" decoding=\"async\" width=\"150\" height=\"150\" src=\"https:\/\/www.radiopiu.net\/wordpress\/wp-content\/uploads\/2023\/01\/319572986_3477301995860869_306509082162018974_n-150x150.jpg\" class=\"attachment-thumbnail size-thumbnail\" alt=\"\" \/><\/a>\n\t\t\t\t<\/dt><\/dl><dl class='gallery-item'>\n\t\t\t\t<dt class='gallery-icon landscape'>\n\t\t\t\t\t<a class=\"rollover rollover-zoom dt-pswp-item\" title=\"319598350_735615044254169_4338733942762790234_n\" data-dt-img-description=\"\" data-large_image_width=\"350\" data-large_image_height=\"200\"href='https:\/\/www.radiopiu.net\/wordpress\/wp-content\/uploads\/2023\/01\/319598350_735615044254169_4338733942762790234_n.jpg'><img loading=\"lazy\" decoding=\"async\" width=\"150\" height=\"150\" src=\"https:\/\/www.radiopiu.net\/wordpress\/wp-content\/uploads\/2023\/01\/319598350_735615044254169_4338733942762790234_n-150x150.jpg\" class=\"attachment-thumbnail size-thumbnail\" alt=\"\" \/><\/a>\n\t\t\t\t<\/dt><\/dl><br style=\"clear: both\" \/><dl class='gallery-item'>\n\t\t\t\t<dt class='gallery-icon portrait'>\n\t\t\t\t\t<a class=\"rollover rollover-zoom dt-pswp-item\" title=\"319963866_5690608700974633_32831955294891472_n\" data-dt-img-description=\"\" data-large_image_width=\"160\" data-large_image_height=\"199\"href='https:\/\/www.radiopiu.net\/wordpress\/wp-content\/uploads\/2023\/01\/319963866_5690608700974633_32831955294891472_n.jpg'><img loading=\"lazy\" decoding=\"async\" width=\"150\" height=\"150\" src=\"https:\/\/www.radiopiu.net\/wordpress\/wp-content\/uploads\/2023\/01\/319963866_5690608700974633_32831955294891472_n-150x150.jpg\" class=\"attachment-thumbnail size-thumbnail\" alt=\"\" \/><\/a>\n\t\t\t\t<\/dt><\/dl><dl class='gallery-item'>\n\t\t\t\t<dt class='gallery-icon portrait'>\n\t\t\t\t\t<a class=\"rollover rollover-zoom dt-pswp-item\" title=\"320021249_488333976796566_5563705377249668583_n\" data-dt-img-description=\"\" data-large_image_width=\"156\" data-large_image_height=\"225\"href='https:\/\/www.radiopiu.net\/wordpress\/wp-content\/uploads\/2023\/01\/320021249_488333976796566_5563705377249668583_n.jpg'><img loading=\"lazy\" decoding=\"async\" width=\"150\" height=\"150\" src=\"https:\/\/www.radiopiu.net\/wordpress\/wp-content\/uploads\/2023\/01\/320021249_488333976796566_5563705377249668583_n-150x150.jpg\" class=\"attachment-thumbnail size-thumbnail\" alt=\"\" \/><\/a>\n\t\t\t\t<\/dt><\/dl><dl class='gallery-item'>\n\t\t\t\t<dt class='gallery-icon portrait'>\n\t\t\t\t\t<a class=\"rollover rollover-zoom dt-pswp-item\" title=\"320069928_860599245177649_7255849019464073499_n\" data-dt-img-description=\"\" data-large_image_width=\"159\" data-large_image_height=\"225\"href='https:\/\/www.radiopiu.net\/wordpress\/wp-content\/uploads\/2023\/01\/320069928_860599245177649_7255849019464073499_n.jpg'><img loading=\"lazy\" decoding=\"async\" width=\"150\" height=\"150\" src=\"https:\/\/www.radiopiu.net\/wordpress\/wp-content\/uploads\/2023\/01\/320069928_860599245177649_7255849019464073499_n-150x150.jpg\" class=\"attachment-thumbnail size-thumbnail\" alt=\"\" \/><\/a>\n\t\t\t\t<\/dt><\/dl><dl class='gallery-item'>\n\t\t\t\t<dt class='gallery-icon landscape'>\n\t\t\t\t\t<a class=\"rollover rollover-zoom dt-pswp-item\" title=\"320520678_464161255922127_1859462100195919776_n\" data-dt-img-description=\"\" data-large_image_width=\"417\" data-large_image_height=\"200\"href='https:\/\/www.radiopiu.net\/wordpress\/wp-content\/uploads\/2023\/01\/320520678_464161255922127_1859462100195919776_n.jpg'><img loading=\"lazy\" decoding=\"async\" width=\"150\" height=\"150\" src=\"https:\/\/www.radiopiu.net\/wordpress\/wp-content\/uploads\/2023\/01\/320520678_464161255922127_1859462100195919776_n-150x150.jpg\" class=\"attachment-thumbnail size-thumbnail\" alt=\"\" \/><\/a>\n\t\t\t\t<\/dt><\/dl><dl class='gallery-item'>\n\t\t\t\t<dt class='gallery-icon landscape'>\n\t\t\t\t\t<a class=\"rollover rollover-zoom dt-pswp-item\" title=\"321063983_1877301305949319_4247413530377715404_n\" data-dt-img-description=\"\" data-large_image_width=\"296\" data-large_image_height=\"202\"href='https:\/\/www.radiopiu.net\/wordpress\/wp-content\/uploads\/2023\/01\/321063983_1877301305949319_4247413530377715404_n.jpg'><img loading=\"lazy\" decoding=\"async\" width=\"150\" height=\"150\" src=\"https:\/\/www.radiopiu.net\/wordpress\/wp-content\/uploads\/2023\/01\/321063983_1877301305949319_4247413530377715404_n-150x150.jpg\" class=\"attachment-thumbnail size-thumbnail\" alt=\"\" \/><\/a>\n\t\t\t\t<\/dt><\/dl><dl class='gallery-item'>\n\t\t\t\t<dt class='gallery-icon landscape'>\n\t\t\t\t\t<a class=\"rollover rollover-zoom dt-pswp-item\" title=\"321777382_3449600615308900_7536081365468598211_n\" data-dt-img-description=\"\" data-large_image_width=\"280\" data-large_image_height=\"200\"href='https:\/\/www.radiopiu.net\/wordpress\/wp-content\/uploads\/2023\/01\/321777382_3449600615308900_7536081365468598211_n.jpg'><img loading=\"lazy\" decoding=\"async\" width=\"150\" height=\"150\" src=\"https:\/\/www.radiopiu.net\/wordpress\/wp-content\/uploads\/2023\/01\/321777382_3449600615308900_7536081365468598211_n-150x150.jpg\" class=\"attachment-thumbnail size-thumbnail\" alt=\"\" \/><\/a>\n\t\t\t\t<\/dt><\/dl><br style=\"clear: both\" \/><dl class='gallery-item'>\n\t\t\t\t<dt class='gallery-icon portrait'>\n\t\t\t\t\t<a class=\"rollover rollover-zoom dt-pswp-item\" title=\"321988422_531223208982426_8055693194275052081_n\" data-dt-img-description=\"\" data-large_image_width=\"179\" data-large_image_height=\"206\"href='https:\/\/www.radiopiu.net\/wordpress\/wp-content\/uploads\/2023\/01\/321988422_531223208982426_8055693194275052081_n.jpg'><img loading=\"lazy\" decoding=\"async\" width=\"150\" height=\"150\" src=\"https:\/\/www.radiopiu.net\/wordpress\/wp-content\/uploads\/2023\/01\/321988422_531223208982426_8055693194275052081_n-150x150.jpg\" class=\"attachment-thumbnail size-thumbnail\" alt=\"\" \/><\/a>\n\t\t\t\t<\/dt><\/dl><dl class='gallery-item'>\n\t\t\t\t<dt class='gallery-icon portrait'>\n\t\t\t\t\t<a class=\"rollover rollover-zoom dt-pswp-item\" title=\"321992493_554702842946901_1673818754245747331_n\" data-dt-img-description=\"\" data-large_image_width=\"160\" data-large_image_height=\"221\"href='https:\/\/www.radiopiu.net\/wordpress\/wp-content\/uploads\/2023\/01\/321992493_554702842946901_1673818754245747331_n.jpg'><img loading=\"lazy\" decoding=\"async\" width=\"150\" height=\"150\" src=\"https:\/\/www.radiopiu.net\/wordpress\/wp-content\/uploads\/2023\/01\/321992493_554702842946901_1673818754245747331_n-150x150.jpg\" class=\"attachment-thumbnail size-thumbnail\" alt=\"\" \/><\/a>\n\t\t\t\t<\/dt><\/dl><dl class='gallery-item'>\n\t\t\t\t<dt class='gallery-icon portrait'>\n\t\t\t\t\t<a class=\"rollover rollover-zoom dt-pswp-item\" title=\"322146391_701624668150467_723555593535878705_n\" data-dt-img-description=\"\" data-large_image_width=\"157\" data-large_image_height=\"225\"href='https:\/\/www.radiopiu.net\/wordpress\/wp-content\/uploads\/2023\/01\/322146391_701624668150467_723555593535878705_n.jpg'><img loading=\"lazy\" decoding=\"async\" width=\"150\" height=\"150\" src=\"https:\/\/www.radiopiu.net\/wordpress\/wp-content\/uploads\/2023\/01\/322146391_701624668150467_723555593535878705_n-150x150.jpg\" class=\"attachment-thumbnail size-thumbnail\" alt=\"\" \/><\/a>\n\t\t\t\t<\/dt><\/dl><dl class='gallery-item'>\n\t\t\t\t<dt class='gallery-icon portrait'>\n\t\t\t\t\t<a class=\"rollover rollover-zoom dt-pswp-item\" title=\"322312750_535407148542633_6466973336988141695_n\" data-dt-img-description=\"\" data-large_image_width=\"192\" data-large_image_height=\"206\"href='https:\/\/www.radiopiu.net\/wordpress\/wp-content\/uploads\/2023\/01\/322312750_535407148542633_6466973336988141695_n.jpg'><img loading=\"lazy\" decoding=\"async\" width=\"150\" height=\"150\" src=\"https:\/\/www.radiopiu.net\/wordpress\/wp-content\/uploads\/2023\/01\/322312750_535407148542633_6466973336988141695_n-150x150.jpg\" class=\"attachment-thumbnail size-thumbnail\" alt=\"\" \/><\/a>\n\t\t\t\t<\/dt><\/dl><dl class='gallery-item'>\n\t\t\t\t<dt class='gallery-icon landscape'>\n\t\t\t\t\t<a class=\"rollover rollover-zoom dt-pswp-item\" title=\"323080936_1288275791718428_5861903974470314901_n\" data-dt-img-description=\"\" data-large_image_width=\"320\" data-large_image_height=\"200\"href='https:\/\/www.radiopiu.net\/wordpress\/wp-content\/uploads\/2023\/01\/323080936_1288275791718428_5861903974470314901_n.jpg'><img loading=\"lazy\" decoding=\"async\" width=\"150\" height=\"150\" src=\"https:\/\/www.radiopiu.net\/wordpress\/wp-content\/uploads\/2023\/01\/323080936_1288275791718428_5861903974470314901_n-150x150.jpg\" class=\"attachment-thumbnail size-thumbnail\" alt=\"\" \/><\/a>\n\t\t\t\t<\/dt><\/dl><dl class='gallery-item'>\n\t\t\t\t<dt class='gallery-icon landscape'>\n\t\t\t\t\t<a class=\"rollover rollover-zoom dt-pswp-item\" title=\"323998893_860612305171571_6321388215018200912_n\" data-dt-img-description=\"\" data-large_image_width=\"272\" data-large_image_height=\"206\"href='https:\/\/www.radiopiu.net\/wordpress\/wp-content\/uploads\/2023\/01\/323998893_860612305171571_6321388215018200912_n.jpg'><img loading=\"lazy\" decoding=\"async\" width=\"150\" height=\"150\" src=\"https:\/\/www.radiopiu.net\/wordpress\/wp-content\/uploads\/2023\/01\/323998893_860612305171571_6321388215018200912_n-150x150.jpg\" class=\"attachment-thumbnail size-thumbnail\" alt=\"\" \/><\/a>\n\t\t\t\t<\/dt><\/dl><br style=\"clear: both\" \/>\n\t\t\t<\/div>\n\n<p>&nbsp;<\/p>\n<p>&nbsp;<\/p>\n<p>&nbsp;<\/p>\n<hr \/>\n<p>&nbsp;<\/p>\n<div>\n<div class=\"b654a4as d2edcug0\">\n<div class=\"rq0escxv hkbzh7o3 jwdofwj8 n8tt0mok r8blr3vg hyh9befq\">\n<p><a class=\"dt-pswp-item\" href=\"https:\/\/www.radiopiu.net\/wordpress\/wp-content\/uploads\/2020\/10\/pp.jpg\" data-dt-img-description=\"\" data-large_image_width=\"640\" data-large_image_height=\"640\"><img loading=\"lazy\" decoding=\"async\" class=\"wp-image-163678 alignleft\" src=\"https:\/\/www.radiopiu.net\/wordpress\/wp-content\/uploads\/2020\/10\/pp-300x300.jpg\" alt=\"\" width=\"106\" height=\"106\" srcset=\"https:\/\/www.radiopiu.net\/wordpress\/wp-content\/uploads\/2020\/10\/pp-300x300.jpg 300w, https:\/\/www.radiopiu.net\/wordpress\/wp-content\/uploads\/2020\/10\/pp-150x150.jpg 150w, https:\/\/www.radiopiu.net\/wordpress\/wp-content\/uploads\/2020\/10\/pp-125x125.jpg 125w, https:\/\/www.radiopiu.net\/wordpress\/wp-content\/uploads\/2020\/10\/pp-200x200.jpg 200w, https:\/\/www.radiopiu.net\/wordpress\/wp-content\/uploads\/2020\/10\/pp-80x80.jpg 80w, https:\/\/www.radiopiu.net\/wordpress\/wp-content\/uploads\/2020\/10\/pp-480x480.jpg 480w, https:\/\/www.radiopiu.net\/wordpress\/wp-content\/uploads\/2020\/10\/pp.jpg 640w\" sizes=\"auto, (max-width: 106px) 100vw, 106px\" \/><\/a><\/p>\n<\/div>\n<\/div>\n<\/div>\n<div>\n<div class=\"page-title-head hgroup\">\n<div class=\"page-title-head hgroup\">\n<div class=\"b654a4as d2edcug0\">\n<div class=\"j83agx80 btwxx1t3 lhclo0ds hop8lmos nkwizq5d scwd0bx6 roh60bw9\">\n<div class=\"rq0escxv hkbzh7o3 jwdofwj8 n8tt0mok r8blr3vg hyh9befq\">\n<div class=\"do00u71z l9j0dhe7 k4urcfbm\" style=\"text-align: left;\">\n<h2><span style=\"color: #000080;\">DON CESARE, IL PENSIERO DEL GIORNO. ALLA RADIO ALLE 7 DEL MATTINO E ALLE 19.30 DELLA SERA\u00a0<\/span><\/h2>\n<\/div>\n<\/div>\n<\/div>\n<\/div>\n<\/div>\n<\/div>\n<\/div>\n<audio class=\"wp-audio-shortcode\" id=\"audio-314695-9\" preload=\"none\" style=\"width: 100%;\" controls=\"controls\"><source type=\"audio\/mpeg\" src=\"https:\/\/www.radiopiu.net\/wordpress\/wp-content\/uploads\/2023\/01\/cesare.mp3?_=9\" \/><a href=\"https:\/\/www.radiopiu.net\/wordpress\/wp-content\/uploads\/2023\/01\/cesare.mp3\">https:\/\/www.radiopiu.net\/wordpress\/wp-content\/uploads\/2023\/01\/cesare.mp3<\/a><\/audio>\n<p>&nbsp;<\/p>\n<p>&nbsp;<\/p>\n<hr \/>\n<p>&nbsp;<\/p>\n<h2><span style=\"color: #ff00ff;\">IN VIVO VERSO\u00a0<\/span><\/h2>\n<div dir=\"auto\">\n<div dir=\"auto\"><a class=\"dt-pswp-item\" href=\"https:\/\/www.radiopiu.net\/wordpress\/wp-content\/uploads\/2023\/01\/97501991_4037516052955640_6275118498456797184_n.jpg\" data-dt-img-description=\"\" data-large_image_width=\"1382\" data-large_image_height=\"1388\"><img loading=\"lazy\" decoding=\"async\" class=\"wp-image-314548 alignleft\" src=\"https:\/\/www.radiopiu.net\/wordpress\/wp-content\/uploads\/2023\/01\/97501991_4037516052955640_6275118498456797184_n-300x300.jpg\" alt=\"\" width=\"169\" height=\"169\" srcset=\"https:\/\/www.radiopiu.net\/wordpress\/wp-content\/uploads\/2023\/01\/97501991_4037516052955640_6275118498456797184_n-300x300.jpg 300w, https:\/\/www.radiopiu.net\/wordpress\/wp-content\/uploads\/2023\/01\/97501991_4037516052955640_6275118498456797184_n-1020x1024.jpg 1020w, https:\/\/www.radiopiu.net\/wordpress\/wp-content\/uploads\/2023\/01\/97501991_4037516052955640_6275118498456797184_n-150x150.jpg 150w, https:\/\/www.radiopiu.net\/wordpress\/wp-content\/uploads\/2023\/01\/97501991_4037516052955640_6275118498456797184_n-768x771.jpg 768w, https:\/\/www.radiopiu.net\/wordpress\/wp-content\/uploads\/2023\/01\/97501991_4037516052955640_6275118498456797184_n.jpg 1382w\" sizes=\"auto, (max-width: 169px) 100vw, 169px\" \/><\/a>Buon inizio , e che l\u2019Amore condisca tutti i vostri gesti dentro a questo nuovo anno!<span class=\"x3nfvp2 x1j61x8r x1fcty0u xdj266r xhhsvwb xat24cr xgzva0m xxymvpz xlup9mm x1kky2od\"><img loading=\"lazy\" decoding=\"async\" src=\"https:\/\/static.xx.fbcdn.net\/images\/emoji.php\/v9\/t6c\/1\/16\/2764.png\" alt=\"&#x2764;&#xfe0f;\" width=\"16\" height=\"16\" \/><\/span><\/div>\n<div dir=\"auto\">Ho fatto un po\u2019 di vacanza, e quindi da oggi vi ripropongo delle bellissime poesie di <a class=\"x1i10hfl xjbqb8w x6umtig x1b1mbwd xaqea5y xav7gou x9f619 x1ypdohk xt0psk2 xe8uvvx xdj266r x11i5rnm xat24cr x1mh8g0r xexx8yu x4uap5 x18d9i69 xkhd6sd x16tdsg8 x1hl2dhg xggy1nq x1a2a7pz xt0b8zv x1qq9wsj xo1l8bm\" tabindex=\"0\" role=\"link\" href=\"https:\/\/www.facebook.com\/groups\/1534369250161530\/user\/100003107648807\/?__cft__[0]=AZUUiqBY2gj3Kmj-93dViMOAuusV4VGcpxEDBCOuKBvXvPYRBaQJA1ozFrAeahL8ftdYSIWtspLpX-f2OG9zETwdtcyidjBMJbvx3Z-VUEW-iZxcPIGjT1Py_VSFYs6S_l_CPYL6JfOOeZcfbNcGMRq1rjaw3OEC7BWK9mcK_abCAobSGvdpFRwXriovCp6JccA&amp;__tn__=-]K-R\"><span class=\"xt0psk2\">Mirta De Riz<\/span><\/a>, Maurizio Zanon, Rosalina Pianezze, <a class=\"x1i10hfl xjbqb8w x6umtig x1b1mbwd xaqea5y xav7gou x9f619 x1ypdohk xt0psk2 xe8uvvx xdj266r x11i5rnm xat24cr x1mh8g0r xexx8yu x4uap5 x18d9i69 xkhd6sd x16tdsg8 x1hl2dhg xggy1nq x1a2a7pz xt0b8zv x1qq9wsj xo1l8bm\" tabindex=\"0\" role=\"link\" href=\"https:\/\/www.facebook.com\/groups\/1534369250161530\/user\/100007760341881\/?__cft__[0]=AZUUiqBY2gj3Kmj-93dViMOAuusV4VGcpxEDBCOuKBvXvPYRBaQJA1ozFrAeahL8ftdYSIWtspLpX-f2OG9zETwdtcyidjBMJbvx3Z-VUEW-iZxcPIGjT1Py_VSFYs6S_l_CPYL6JfOOeZcfbNcGMRq1rjaw3OEC7BWK9mcK_abCAobSGvdpFRwXriovCp6JccA&amp;__tn__=-]K-R\"><span class=\"xt0psk2\">Emma Franceschini<\/span><\/a> e il grande Italo Rualta che legger\u00e0 l\u2019Infinito di Leopardi in dialetto !<\/div>\n<div dir=\"auto\">Buon riascolto e .. un bacio a tutti!<\/div>\n<div dir=\"auto\"><\/div>\n<div dir=\"auto\"><em><strong>Brunella\u00a0\u00a0<\/strong><\/em><\/div>\n<div dir=\"auto\"><\/div>\n<div dir=\"auto\"><\/div>\n<div dir=\"auto\"><\/div>\n<div dir=\"auto\"><\/div>\n<div dir=\"auto\">\n\n\t\t\t<style type='text\/css'>\n\t\t\t\t#gallery-7 {\n\t\t\t\t\tmargin: auto;\n\t\t\t\t}\n\t\t\t\t#gallery-7 .gallery-item {\n\t\t\t\t\tfloat: left;\n\t\t\t\t\tmargin-top: 10px;\n\t\t\t\t\ttext-align: center;\n\t\t\t\t\twidth: 20%;\n\t\t\t\t}\n\t\t\t\t#gallery-7 img {\n\t\t\t\t\tborder: 2px solid #cfcfcf;\n\t\t\t\t}\n\t\t\t\t#gallery-7 .gallery-caption {\n\t\t\t\t\tmargin-left: 0;\n\t\t\t\t}\n\t\t\t\t\/* see gallery_shortcode() in wp-includes\/media.php *\/\n\t\t\t<\/style>\n\t\t<div id='gallery-7' class='dt-gallery-container gallery galleryid-314695 gallery-columns-5 gallery-size-thumbnail'><dl class='gallery-item'>\n\t\t\t\t<dt class='gallery-icon portrait'>\n\t\t\t\t\t<a class=\"rollover rollover-zoom dt-pswp-item\" title=\"foto myrta de riz\" data-dt-img-description=\"\" data-large_image_width=\"508\" data-large_image_height=\"509\"href='https:\/\/www.radiopiu.net\/wordpress\/wp-content\/uploads\/2020\/01\/foto-myrta-de-riz.jpg'><img loading=\"lazy\" decoding=\"async\" width=\"150\" height=\"150\" src=\"https:\/\/www.radiopiu.net\/wordpress\/wp-content\/uploads\/2020\/01\/foto-myrta-de-riz-150x150.jpg\" class=\"attachment-thumbnail size-thumbnail\" alt=\"\" srcset=\"https:\/\/www.radiopiu.net\/wordpress\/wp-content\/uploads\/2020\/01\/foto-myrta-de-riz-150x150.jpg 150w, https:\/\/www.radiopiu.net\/wordpress\/wp-content\/uploads\/2020\/01\/foto-myrta-de-riz-300x300.jpg 300w, https:\/\/www.radiopiu.net\/wordpress\/wp-content\/uploads\/2020\/01\/foto-myrta-de-riz.jpg 508w\" sizes=\"auto, (max-width: 150px) 100vw, 150px\" \/><\/a>\n\t\t\t\t<\/dt><\/dl><dl class='gallery-item'>\n\t\t\t\t<dt class='gallery-icon portrait'>\n\t\t\t\t\t<a class=\"rollover rollover-zoom dt-pswp-item\" title=\"3 MAURIZIO ZANON FOTO\" data-dt-img-description=\"\" data-large_image_width=\"468\" data-large_image_height=\"719\"href='https:\/\/www.radiopiu.net\/wordpress\/wp-content\/uploads\/2021\/11\/3-MAURIZIO-ZANON-FOTO.jpg'><img loading=\"lazy\" decoding=\"async\" width=\"150\" height=\"150\" src=\"https:\/\/www.radiopiu.net\/wordpress\/wp-content\/uploads\/2021\/11\/3-MAURIZIO-ZANON-FOTO-150x150.jpg\" class=\"attachment-thumbnail size-thumbnail\" alt=\"\" \/><\/a>\n\t\t\t\t<\/dt><\/dl><dl class='gallery-item'>\n\t\t\t\t<dt class='gallery-icon landscape'>\n\t\t\t\t\t<a class=\"rollover rollover-zoom dt-pswp-item\" title=\"-ROSALINA-PIANEZZE. foto\" data-dt-img-description=\"\" data-large_image_width=\"917\" data-large_image_height=\"897\"href='https:\/\/www.radiopiu.net\/wordpress\/wp-content\/uploads\/2020\/12\/ROSALINA-PIANEZZE.-foto-e1608204689746.jpg'><img loading=\"lazy\" decoding=\"async\" width=\"150\" height=\"150\" src=\"https:\/\/www.radiopiu.net\/wordpress\/wp-content\/uploads\/2020\/12\/ROSALINA-PIANEZZE.-foto-e1608204689746-150x150.jpg\" class=\"attachment-thumbnail size-thumbnail\" alt=\"\" \/><\/a>\n\t\t\t\t<\/dt><\/dl><dl class='gallery-item'>\n\t\t\t\t<dt class='gallery-icon portrait'>\n\t\t\t\t\t<a class=\"rollover rollover-zoom dt-pswp-item\" title=\"EMY\" data-dt-img-description=\"\" data-large_image_width=\"315\" data-large_image_height=\"326\"href='https:\/\/www.radiopiu.net\/wordpress\/wp-content\/uploads\/2022\/03\/EMY.jpg'><img loading=\"lazy\" decoding=\"async\" width=\"150\" height=\"150\" src=\"https:\/\/www.radiopiu.net\/wordpress\/wp-content\/uploads\/2022\/03\/EMY-150x150.jpg\" class=\"attachment-thumbnail size-thumbnail\" alt=\"\" \/><\/a>\n\t\t\t\t<\/dt><\/dl><dl class='gallery-item'>\n\t\t\t\t<dt class='gallery-icon landscape'>\n\t\t\t\t\t<a class=\"rollover rollover-zoom dt-pswp-item\" title=\"ITALO RUALTA FOTO\" data-dt-img-description=\"\" data-large_image_width=\"1280\" data-large_image_height=\"853\"href='https:\/\/www.radiopiu.net\/wordpress\/wp-content\/uploads\/2021\/02\/ITALO-RUALTA-FOTO.jpg'><img loading=\"lazy\" decoding=\"async\" width=\"150\" height=\"150\" src=\"https:\/\/www.radiopiu.net\/wordpress\/wp-content\/uploads\/2021\/02\/ITALO-RUALTA-FOTO-150x150.jpg\" class=\"attachment-thumbnail size-thumbnail\" alt=\"\" \/><\/a>\n\t\t\t\t<\/dt><\/dl><br style=\"clear: both\" \/>\n\t\t\t<\/div>\n\n<\/div>\n<div dir=\"auto\"><\/div>\n<div dir=\"auto\">\n<p><span style=\"color: #ff0000;\">LUNEDI 02 GENNAIO &#8220;Ho dimenticato&#8221; di Myrta De Riz<\/span><\/p>\n<audio class=\"wp-audio-shortcode\" id=\"audio-314695-10\" preload=\"none\" style=\"width: 100%;\" controls=\"controls\"><source type=\"audio\/mpeg\" src=\"https:\/\/www.radiopiu.net\/wordpress\/wp-content\/uploads\/2023\/01\/VIVO-VERSO-LUN.mp3?_=10\" \/><a href=\"https:\/\/www.radiopiu.net\/wordpress\/wp-content\/uploads\/2023\/01\/VIVO-VERSO-LUN.mp3\">https:\/\/www.radiopiu.net\/wordpress\/wp-content\/uploads\/2023\/01\/VIVO-VERSO-LUN.mp3<\/a><\/audio>\n<p><span style=\"color: #ff0000;\">MARTEDI 03 GENNAIO &#8220;Tutto fu bello qui&#8221; di Maurizio Zanon<\/span><\/p>\n<audio class=\"wp-audio-shortcode\" id=\"audio-314695-11\" preload=\"none\" style=\"width: 100%;\" controls=\"controls\"><source type=\"audio\/mpeg\" src=\"https:\/\/www.radiopiu.net\/wordpress\/wp-content\/uploads\/2023\/01\/VIVO-VERSO-MAR.mp3?_=11\" \/><a href=\"https:\/\/www.radiopiu.net\/wordpress\/wp-content\/uploads\/2023\/01\/VIVO-VERSO-MAR.mp3\">https:\/\/www.radiopiu.net\/wordpress\/wp-content\/uploads\/2023\/01\/VIVO-VERSO-MAR.mp3<\/a><\/audio>\n<p>&nbsp;<\/p>\n<p>&nbsp;<\/p>\n<\/div>\n<\/div>\n<div dir=\"auto\">\n<p>&nbsp;<\/p>\n<\/div>\n<p><strong>LA RACCOLTA COMPLETA<\/strong><\/p>\n<blockquote class=\"wp-embedded-content\" data-secret=\"zVXZh6Q9fG\"><p><a href=\"https:\/\/www.radiopiu.net\/wordpress\/in-vivo-verso\/\">In Vivo Verso<\/a><\/p><\/blockquote>\n<p><iframe loading=\"lazy\" class=\"wp-embedded-content\" sandbox=\"allow-scripts\" security=\"restricted\" style=\"position: absolute; clip: rect(1px, 1px, 1px, 1px);\" title=\"&#8220;In Vivo Verso&#8221; &#8212; Radio Pi\u00f9\" src=\"https:\/\/www.radiopiu.net\/wordpress\/in-vivo-verso\/embed\/#?secret=chm6riwxvY#?secret=zVXZh6Q9fG\" data-secret=\"zVXZh6Q9fG\" width=\"600\" height=\"338\" frameborder=\"0\" marginwidth=\"0\" marginheight=\"0\" scrolling=\"no\"><\/iframe><\/p>\n<p>&nbsp;<\/p>\n<p>&nbsp;<\/p>\n<hr \/>\n<p>&nbsp;<\/p>\n<p><img loading=\"lazy\" decoding=\"async\" class=\"aligncenter wp-image-61954 size-full\" src=\"https:\/\/www.radiopiu.net\/wordpress\/wp-content\/uploads\/2018\/09\/viabilita.jpeg\" sizes=\"auto, (max-width: 800px) 100vw, 800px\" srcset=\"https:\/\/www.radiopiu.net\/wordpress\/wp-content\/uploads\/2018\/09\/viabilita.jpeg 800w, https:\/\/www.radiopiu.net\/wordpress\/wp-content\/uploads\/2018\/09\/viabilita-300x38.jpeg 300w, https:\/\/www.radiopiu.net\/wordpress\/wp-content\/uploads\/2018\/09\/viabilita-768x96.jpeg 768w\" alt=\"\" width=\"800\" height=\"100\" \/><\/p>\n<p>&nbsp;<\/p>\n<p>&nbsp;<\/p>\n<p><strong>AGGIORNAMENTO VENETO STRADE, AGGIORNAMENTO CONTINUO H 24<\/strong><\/p>\n<p>&nbsp;<\/p>\n<blockquote class=\"wp-embedded-content\" data-secret=\"9SXUTMs1S4\"><p><a href=\"https:\/\/www.radiopiu.net\/wordpress\/viabilita\/\">viabilita<\/a><\/p><\/blockquote>\n<p><iframe loading=\"lazy\" class=\"wp-embedded-content\" sandbox=\"allow-scripts\" security=\"restricted\" style=\"position: absolute; clip: rect(1px, 1px, 1px, 1px);\" title=\"&#8220;viabilita&#8221; &#8212; Radio Pi\u00f9\" src=\"https:\/\/www.radiopiu.net\/wordpress\/viabilita\/embed\/#?secret=p1eBpWED01#?secret=9SXUTMs1S4\" data-secret=\"9SXUTMs1S4\" width=\"600\" height=\"338\" frameborder=\"0\" marginwidth=\"0\" marginheight=\"0\" scrolling=\"no\"><\/iframe><\/p>\n<h2><\/h2>\n<hr \/>\n<p>&nbsp;<\/p>\n<p><a class=\"dt-pswp-item\" href=\"https:\/\/www.radiopiu.net\/wordpress\/wp-content\/uploads\/2018\/09\/WhatsApp-Image-2018-09-20-at-16.04.06.jpeg\" data-dt-img-description=\"\" data-large_image_width=\"800\" data-large_image_height=\"100\"><img loading=\"lazy\" decoding=\"async\" class=\"wp-image-61378 size-full aligncenter\" src=\"https:\/\/www.radiopiu.net\/wordpress\/wp-content\/uploads\/2018\/09\/WhatsApp-Image-2018-09-20-at-16.04.06.jpeg\" alt=\"\" width=\"800\" height=\"100\" srcset=\"https:\/\/www.radiopiu.net\/wordpress\/wp-content\/uploads\/2018\/09\/WhatsApp-Image-2018-09-20-at-16.04.06.jpeg 800w, https:\/\/www.radiopiu.net\/wordpress\/wp-content\/uploads\/2018\/09\/WhatsApp-Image-2018-09-20-at-16.04.06-300x38.jpeg 300w, https:\/\/www.radiopiu.net\/wordpress\/wp-content\/uploads\/2018\/09\/WhatsApp-Image-2018-09-20-at-16.04.06-768x96.jpeg 768w\" sizes=\"auto, (max-width: 800px) 100vw, 800px\" \/><\/a><\/p>\n<p><center><b>Mercoledi 4<\/b><\/center><b>Tempo atteso: <\/b>Al mattino, dopo il dissolvimento di nubi basse in alcuni fondovalle, ben soleggiato con cielo sereno o poco nuvoloso. Dal mezzogiorno da poco a tratti parzialmente nuvoloso per l&#8217; arrivo di velature da nordovest in estensione da Dolomiti a Prealpi. <b>Precipitazioni: <\/b>Assenti. <b>Temperature: <\/b>Temperature minime in calo nelle valli, massime in lieve aumento, con valori superiori alle medie del periodo. Massime in aumento.<\/p>\n<p>&nbsp;<\/p>\n<hr \/>\n<p><center><b>Giovedi 5<\/b><\/center><b>Tempo atteso: <\/b>Tempo stabile ma con nuvolosit\u00e0 irregolare al mattino con cielo parzialmente nuvoloso a tratti nuvoloso sia per nubi medio-alte che per qualche addensamento su Dolomiti settentrionali. Dal mezzogiorno schiarite via via pi\u00f9 ampie fino a poco nuvoloso. verso sera formazione di nubi basse sui versanti prealpini esposti alla pianura. <b>Precipitazioni: <\/b>Assenti (0%) <b>Temperature: <\/b>Temperature in generale aumento.<\/p>\n<p>&nbsp;<\/p>\n<hr \/>\n<p><center><b>Venerdi 6<\/b><\/center>Su Dolomiti poco nuvoloso per qualche velatura e nubi basse in qualche fondovalle fino al mattino. Su Prealpi poco nuvoloso in quota e aumento della probabilit\u00e0 di formazione di nubi basse anche persistenti specie a ridosso della pedemontana e nel pomeriggio\/sera con qualche pioviggine a tratti. Temperature in ulteriore lieve aumento con valori superiori alla media. Venti in quota moderati da nordovest al mattino, da ovest dal pomeriggio, deboli variabili nelle valli.<\/p>\n<hr \/>\n<p><center><b>Sabato 7<\/b><\/center>Su Dolomiti velato con nubi basse in aumento in qualche fondovalle dalla sera. Su Prealpi velature in quota e nubi basse gi\u00e0 dal mattino sui versanti esposti alla Pianura in estensione nel pomeriggio\/sera fino a nuvoloso e non esclusa un p\u00f2 di pioviggine sparsa su veronese e vicentino. Temperature in generale calo, specie verso sera in quota (minime raggiunte in serata) Venti in quota moderati da sudovest in rinforzo dal pomeriggio.<\/p>\n<p>&nbsp;<\/p>\n<p>&nbsp;<\/p>\n<p>&nbsp;<\/p>\n<hr \/>\n<p>&nbsp;<\/p>\n<p><a class=\"dt-pswp-item\" href=\"https:\/\/www.radiopiu.net\/wordpress\/wp-content\/uploads\/2018\/09\/sport.jpg\" data-dt-img-description=\"\" data-large_image_width=\"800\" data-large_image_height=\"100\"><img loading=\"lazy\" decoding=\"async\" class=\"aligncenter wp-image-60761 size-full\" src=\"https:\/\/www.radiopiu.net\/wordpress\/wp-content\/uploads\/2018\/09\/sport.jpg\" alt=\"\" width=\"800\" height=\"100\" srcset=\"https:\/\/www.radiopiu.net\/wordpress\/wp-content\/uploads\/2018\/09\/sport.jpg 800w, https:\/\/www.radiopiu.net\/wordpress\/wp-content\/uploads\/2018\/09\/sport-300x38.jpg 300w, https:\/\/www.radiopiu.net\/wordpress\/wp-content\/uploads\/2018\/09\/sport-768x96.jpg 768w\" sizes=\"auto, (max-width: 800px) 100vw, 800px\" \/><\/a><\/p>\n<p>&nbsp;<\/p>\n<p><span style=\"color: #0000ff;\"><strong>SCI DI FONDO<\/strong><\/span><\/p>\n<blockquote>\n<h3>ELIA BARP CHIUDE LA TERZA TAPPA DEL TOUR DE SKI A META&#8217; CLASSIFICA<\/h3>\n<\/blockquote>\n<p><strong><a class=\"dt-pswp-item\" href=\"https:\/\/www.radiopiu.net\/wordpress\/wp-content\/uploads\/2022\/03\/elia-barp-viittoria-10-km-tc-sappada-12.03.2022-COVER.jpg\" data-dt-img-description=\"\" data-large_image_width=\"1167\" data-large_image_height=\"778\"><img loading=\"lazy\" decoding=\"async\" class=\" wp-image-264528 alignleft\" src=\"https:\/\/www.radiopiu.net\/wordpress\/wp-content\/uploads\/2022\/03\/elia-barp-viittoria-10-km-tc-sappada-12.03.2022-COVER-300x200.jpg\" alt=\"\" width=\"194\" height=\"129\" srcset=\"https:\/\/www.radiopiu.net\/wordpress\/wp-content\/uploads\/2022\/03\/elia-barp-viittoria-10-km-tc-sappada-12.03.2022-COVER-300x200.jpg 300w, https:\/\/www.radiopiu.net\/wordpress\/wp-content\/uploads\/2022\/03\/elia-barp-viittoria-10-km-tc-sappada-12.03.2022-COVER-1024x683.jpg 1024w, https:\/\/www.radiopiu.net\/wordpress\/wp-content\/uploads\/2022\/03\/elia-barp-viittoria-10-km-tc-sappada-12.03.2022-COVER-768x512.jpg 768w, https:\/\/www.radiopiu.net\/wordpress\/wp-content\/uploads\/2022\/03\/elia-barp-viittoria-10-km-tc-sappada-12.03.2022-COVER.jpg 1167w\" sizes=\"auto, (max-width: 194px) 100vw, 194px\" \/><\/a>di Marco Gaz<\/strong><\/p>\n<p><strong>REDAZIONE<\/strong> Si \u00e8 svolta la terza tappa del Tour De Ski, la serie di gare valide per la Coppa del Mondo che si disputano tra Svizzera, Germania e Italia. In programma la 10 km tecnica classica sulle nevi di Obersdorf con protagonista anche il finanziere Elia Barp. L&#8217;atleta bellunese si \u00e8 saputo difendere bene chiudendo la gara a met\u00e0 classifica, al 34\u00b0 posto, con 1&#8217;17&#8221; di ritardo dal primo. Domani la 15 km in tecnica libera sempre ad Obersdorf in Germania. Il Tour De Ski terminer\u00e0 in Val di Fiemme quando il 6, 7 e 8 gennaio sono in programma le ultime tre tappe.<\/p>\n<p>&nbsp;<\/p>\n<p>&nbsp;<\/p>\n<p>&nbsp;<\/p>\n<hr \/>\n<p>&nbsp;<\/p>\n<p><span style=\"color: #0000ff;\"><strong>HOCKEY SU GHIACCIO<\/strong><\/span><\/p>\n<blockquote>\n<h3 class=\"entry-title\">L\u2019ALLEGHE SALUTA LA COPPA ITALIA. IL FIEMME RIFILA 12 GOL ALLE CIVETTE<\/h3>\n<\/blockquote>\n<p><strong class=\"photoswipe-wrapper\"><a class=\"dt-pswp-item pspw-wrap-ready\" href=\"https:\/\/www.radiopiu.net\/wordpress\/wp-content\/uploads\/2019\/02\/704B3B5E-C6E2-4913-81FA-D6D96DABDD98.jpeg\" data-dt-img-description=\"\" data-large_image_width=\"1200\" data-large_image_height=\"800\"><img loading=\"lazy\" decoding=\"async\" class=\" wp-image-75954 alignleft\" src=\"https:\/\/www.radiopiu.net\/wordpress\/wp-content\/uploads\/2019\/02\/704B3B5E-C6E2-4913-81FA-D6D96DABDD98-300x200.jpeg\" sizes=\"auto, (max-width: 201px) 100vw, 201px\" srcset=\"https:\/\/www.radiopiu.net\/wordpress\/wp-content\/uploads\/2019\/02\/704B3B5E-C6E2-4913-81FA-D6D96DABDD98-300x200.jpeg 300w, https:\/\/www.radiopiu.net\/wordpress\/wp-content\/uploads\/2019\/02\/704B3B5E-C6E2-4913-81FA-D6D96DABDD98-768x512.jpeg 768w, https:\/\/www.radiopiu.net\/wordpress\/wp-content\/uploads\/2019\/02\/704B3B5E-C6E2-4913-81FA-D6D96DABDD98-1024x683.jpeg 1024w, https:\/\/www.radiopiu.net\/wordpress\/wp-content\/uploads\/2019\/02\/704B3B5E-C6E2-4913-81FA-D6D96DABDD98.jpeg 1200w\" alt=\"\" width=\"201\" height=\"134\" \/><\/a>di Marco Gaz<\/strong><\/p>\n<p><strong>FIEMME \u2013 ALLEGHE 12-2<\/strong><\/p>\n<p>PARZIALI: 4-0, 4-2, 4-0<\/p>\n<p>GOL: pt. 3\u201936\u201d Nicolao, 7\u201904\u201d Covi, 11\u201915\u201d Pisetta, 18\u201902\u201d Mlynar. st. 3\u201917\u201d Mlynar, 6\u201936\u201d Colton, 13\u201957\u201d Lintner, 14\u201908\u201d Verde, 19\u201949\u201d Mlynar. tt. 3\u201945\u201d e 8\u201912\u201d Nicolao, 9\u201953\u201d Odorizzi, 12\u201920\u201d Gorgone<\/p>\n<p>Un Alleghe acciaccato per le tante assenze crolla a Cavalese e saluta definitivamente la Coppa Italia. I trentini chiudono la sfida dopo 30\u2019 e strappano il pass per i quarti di finale del torneo. Poco Alleghe e tanto Fiemme nel match di ritorno della coppa con i fiemmesi che vincono meritatamente. Ora alle civette rimane solo il qualification round della IHL e non sar\u00e0 una passeggiata per gli uomini di Fontana che sono costretti a fare punti su punti per evitare l\u2019eliminazione anche in campionato. Partono bene i padroni di casa che dopo soli 3\u2019 si portano in vantaggio. A sbloccare la gara ci pensa Nicolao che solo davanti a De Nardin lo beffa. L\u2019Alleghe non demorde e cerca di farsi pericoloso. Le conclusioni alleghesi non sono delle migliori. I trentini colpiscono sempre nel momento giusto e alla prima disattenzione degli uomini di Fontana Covi mette la firma alla seconda marcatura. Piove sul bagnato per il Fiemme che con Pisetta mette a segno anche la terza rete della serata. Civette che sembrano arrendersi lasciando troppi spazi ai fiemmesi. Nel finale di tempo i padroni di casa calano il poker con Mlynar. Nel secondo drittel la storia non cambia e il Fiemme incrementa subito il punteggio. Agordini che accorciano le distanze in powerplay con Colton. Continua a premere la squadra di casa che con Lintner e Verde porta a sette le reti dei trentini. Gioco che viene spezzettato pi\u00f9 volte con gli arbitri costretti a calmare gli animi. De Val riesce ad accorciare le distanze prime della seconda sirena ma il Fiemme allunga con Mlynar. E\u2019 un assedio dei trentini anche nel terzo tempo. Nicolao mette la firma sulla doppietta personale. \u00a0Lo stesso Nicolao porta a dieci i gol per i trentini. L\u2019Alleghe non gioca pi\u00f9 e il Fiemme ha un\u2019autostrada davanti. Intento Odorizzi e Gorgone chiudono definitivamente la partita.<\/p>\n<p>&nbsp;<\/p>\n<p>&nbsp;<\/p>\n<hr \/>\n<p>&nbsp;<\/p>\n<p><span style=\"color: #0000ff;\"><strong>PALLAVOLO<\/strong><\/span><\/p>\n<blockquote>\n<h3>IL FUTURO DEL SETTORE GIOVANILE DELLA PALLAVOLO BELLUNO MASCHILE<\/h3>\n<\/blockquote>\n<p><strong><a class=\"dt-pswp-item\" href=\"https:\/\/www.radiopiu.net\/wordpress\/wp-content\/uploads\/2023\/01\/Salvadego_durante_un_timeout.jpg\" data-dt-img-description=\"\" data-large_image_width=\"2048\" data-large_image_height=\"1365\"><img loading=\"lazy\" decoding=\"async\" class=\" wp-image-314716 alignleft\" src=\"https:\/\/www.radiopiu.net\/wordpress\/wp-content\/uploads\/2023\/01\/Salvadego_durante_un_timeout-300x200.jpg\" alt=\"\" width=\"164\" height=\"109\" srcset=\"https:\/\/www.radiopiu.net\/wordpress\/wp-content\/uploads\/2023\/01\/Salvadego_durante_un_timeout-300x200.jpg 300w, https:\/\/www.radiopiu.net\/wordpress\/wp-content\/uploads\/2023\/01\/Salvadego_durante_un_timeout-1024x683.jpg 1024w, https:\/\/www.radiopiu.net\/wordpress\/wp-content\/uploads\/2023\/01\/Salvadego_durante_un_timeout-768x512.jpg 768w, https:\/\/www.radiopiu.net\/wordpress\/wp-content\/uploads\/2023\/01\/Salvadego_durante_un_timeout-1536x1024.jpg 1536w, https:\/\/www.radiopiu.net\/wordpress\/wp-content\/uploads\/2023\/01\/Salvadego_durante_un_timeout.jpg 2048w\" sizes=\"auto, (max-width: 164px) 100vw, 164px\" \/><\/a>BELLUNO<\/strong> Dopo aver archiviato Natale e capodanno, \u00e8 tempo di riaccendere il motore pallavolistico. Vale per la prima squadra di A3, in scena domenica 8 gennaio a Brugherio. Ma vale pure per i giovani di serie D, legati al marchio Poke a Pu\u00e0. E impegnati, sabato 7 (ore 19.30), a Massanzago contro il Delta. I ragazzi allenati da Andrea Salvadego sono desiderosi di migliorare una classifica che li vede in quartultima posizione, a braccetto col San Biagio, con tre vittorie all\u2019attivo a fronte di sei sconfitte. Numeri e statistiche, per\u00f2, vanno presi con le pinze, soprattutto se inseriti all\u2019interno di un processo di sviluppo come quello intrapreso dalla DRL Volley Team nell\u2019ambito del vivaio: \u00abLavoriamo senza sosta per far crescere e maturare i giovani &#8211; afferma coach Salvadego -. E, da questo punto di vista, abbiamo gi\u00e0 ottenuto buone risposte. Nello specifico, si stanno ritagliando ampi spezzoni di partita ragazzi come Polo (classe 2007), Nicolini, Parizzi e il secondo palleggiatore Fistarol (2006)\u00bb.<span class=\"gmail-Apple-converted-space\">\u00a0<\/span>\u00a0I margini di sviluppo sono considerevoli: \u00abLascia ben sperare il fatto che giochiamo a viso aperto contro chiunque. Anche con avversari che hanno vent\u2019anni pi\u00f9 dei nostri ragazzi. I quali, a volte, si trovano a fronteggiare dei giocatori che potrebbero essere i loro genitori. In pi\u00f9, abbiamo battuto la prima e la terza del girone\u00bb. \u00c8 al cospetto delle compagini di medio-bassa graduatoria che faticano i baby rinoceronti: \u00abDa un lato siamo un collettivo tecnicamente valido &#8211; riprende il coach &#8211; dall\u2019altro, per\u00f2, dobbiamo migliorare dal punto di vista dell\u2019atteggiamento e dell\u2019approccio alla gara\u00bb.<span class=\"gmail-Apple-converted-space\">\u00a0<\/span><\/p>\n<p>&nbsp;<\/p>\n<blockquote>\n<h3><a class=\"dt-pswp-item\" href=\"https:\/\/www.radiopiu.net\/wordpress\/wp-content\/uploads\/2023\/01\/Nesello_abbozza_un_sorriso.jpg\" data-dt-img-description=\"\" data-large_image_width=\"1280\" data-large_image_height=\"855\"><img loading=\"lazy\" decoding=\"async\" class=\" wp-image-314736 alignleft\" src=\"https:\/\/www.radiopiu.net\/wordpress\/wp-content\/uploads\/2023\/01\/Nesello_abbozza_un_sorriso-300x200.jpg\" alt=\"\" width=\"203\" height=\"135\" srcset=\"https:\/\/www.radiopiu.net\/wordpress\/wp-content\/uploads\/2023\/01\/Nesello_abbozza_un_sorriso-300x200.jpg 300w, https:\/\/www.radiopiu.net\/wordpress\/wp-content\/uploads\/2023\/01\/Nesello_abbozza_un_sorriso-1024x684.jpg 1024w, https:\/\/www.radiopiu.net\/wordpress\/wp-content\/uploads\/2023\/01\/Nesello_abbozza_un_sorriso-768x513.jpg 768w, https:\/\/www.radiopiu.net\/wordpress\/wp-content\/uploads\/2023\/01\/Nesello_abbozza_un_sorriso.jpg 1280w\" sizes=\"auto, (max-width: 203px) 100vw, 203px\" \/><\/a>TORNEO DELLA BEFANA PER LA PALLAVOLO BELLUNO FEMMINILE<\/h3>\n<\/blockquote>\n<p><strong>BELLUNO<\/strong> Le ragazze della Pallavolo Femminile Belluno anticipano l\u2019arrivo della Befana con un torneo a Ponte della Priula (provincia di Treviso): domani, infatti, andr\u00e0 in scena un triangolare intitolato \u201cBe Funny\u201d insieme alla Polisportiva Annia (la gara andr\u00e0 in scena alle ore 17) e alle padrone di casa del Solus. Poi sar\u00e0 tempo di immergersi in clima campionato? Non proprio, perch\u00e9 le bellunesi, sabato 7, rimarranno a riposo. E, in serie C, torneranno sotto rete solo il 14 gennaio (ore 18.30), al De Mas, per affrontare il Vigonza Volley.<span class=\"gmail-Apple-converted-space\"> \u00a0<\/span><\/p>\n<p>&nbsp;<\/p>\n<p>&nbsp;<\/p>\n<p>&nbsp;<\/p>\n<hr \/>\n<p>&nbsp;<\/p>\n<\/div>\n<\/div>\n<\/div>\n","protected":false},"excerpt":{"rendered":"<p>RADIO PIU INFORMAZIONE il canale su TELEGRAM informazione di prima\u00a0 mano e in tempo reale. iscriviti ed aiutaci a farlo conoscere\u00a0 \u00a0 \u00a0\u00a0 ISCRIVITI AL NOSTRO CANALE YOUTUBE PER SEGUIRE IN DIRETTA I PRINCIPALI PROGRAMMI DI RADIO PIU&#8217; E LE FUTURE DIRETTE IN ESTERNA. PER ISCRIVERTI CLICCA QUI E PREMI IL TASTO &#8220;Iscriviti&#8221;\u00a0\u00a0 LE UTILI&hellip;<\/p>\n","protected":false},"author":4,"featured_media":314830,"comment_status":"closed","ping_status":"closed","sticky":false,"template":"","format":"standard","meta":{"_monsterinsights_skip_tracking":false,"_monsterinsights_sitenote_active":false,"_monsterinsights_sitenote_note":"","_monsterinsights_sitenote_category":0,"footnotes":""},"categories":[51,86,49],"tags":[],"class_list":["post-314695","post","type-post","status-publish","format-standard","has-post-thumbnail","hentry","category-evidenza-top","category-gr","category-news-18","category-51","category-86","category-49","description-off"],"img_url":"https:\/\/www.radiopiu.net\/wordpress\/wp-content\/uploads\/2023\/01\/Senza-nome-6.jpg","_links":{"self":[{"href":"https:\/\/www.radiopiu.net\/wordpress\/wp-json\/wp\/v2\/posts\/314695","targetHints":{"allow":["GET"]}}],"collection":[{"href":"https:\/\/www.radiopiu.net\/wordpress\/wp-json\/wp\/v2\/posts"}],"about":[{"href":"https:\/\/www.radiopiu.net\/wordpress\/wp-json\/wp\/v2\/types\/post"}],"author":[{"embeddable":true,"href":"https:\/\/www.radiopiu.net\/wordpress\/wp-json\/wp\/v2\/users\/4"}],"replies":[{"embeddable":true,"href":"https:\/\/www.radiopiu.net\/wordpress\/wp-json\/wp\/v2\/comments?post=314695"}],"version-history":[{"count":0,"href":"https:\/\/www.radiopiu.net\/wordpress\/wp-json\/wp\/v2\/posts\/314695\/revisions"}],"wp:featuredmedia":[{"embeddable":true,"href":"https:\/\/www.radiopiu.net\/wordpress\/wp-json\/wp\/v2\/media\/314830"}],"wp:attachment":[{"href":"https:\/\/www.radiopiu.net\/wordpress\/wp-json\/wp\/v2\/media?parent=314695"}],"wp:term":[{"taxonomy":"category","embeddable":true,"href":"https:\/\/www.radiopiu.net\/wordpress\/wp-json\/wp\/v2\/categories?post=314695"},{"taxonomy":"post_tag","embeddable":true,"href":"https:\/\/www.radiopiu.net\/wordpress\/wp-json\/wp\/v2\/tags?post=314695"}],"curies":[{"name":"wp","href":"https:\/\/api.w.org\/{rel}","templated":true}]}}