{"id":314726,"date":"2023-01-01T11:10:53","date_gmt":"2023-01-01T10:10:53","guid":{"rendered":"https:\/\/www.radiopiu.net\/wordpress\/?p=314726"},"modified":"2023-01-04T06:01:57","modified_gmt":"2023-01-04T05:01:57","slug":"lattrezzo-misterioso-che-cose-e-a-cosa-serve","status":"publish","type":"post","link":"https:\/\/www.radiopiu.net\/wordpress\/lattrezzo-misterioso-che-cose-e-a-cosa-serve\/","title":{"rendered":"L&#8217;ATTREZZO MISTERIOSO. CHE COS&#8217;E&#8217; E A COSA SERVE?"},"content":{"rendered":"<p><strong>REDAZIONE<\/strong> Pubblichiamo una foto di un attrezzo &#8220;retr\u00f2&#8221;. Che cos&#8217;\u00e8 e a cosa serve? Aspettiamo le vostre risposte sulla pagina Facebook di Radio Pi\u00f9, sul gruppo Facebook Radio Pi\u00f9 Emittente Agordina o tramite whatsapp al numero 348 4757041. La soluzione QUESTA SERA alla radio nel programma di Marco Gaz e sul sito di RADIOPIU<\/p>\n<p><a class=\"dt-pswp-item\" href=\"https:\/\/www.radiopiu.net\/wordpress\/wp-content\/uploads\/2023\/01\/attrezzo-savio-scaled.jpg\" data-dt-img-description=\"\" data-large_image_width=\"2560\" data-large_image_height=\"1920\"><img loading=\"lazy\" decoding=\"async\" class=\"aligncenter wp-image-314723 size-large\" src=\"https:\/\/www.radiopiu.net\/wordpress\/wp-content\/uploads\/2023\/01\/attrezzo-savio-1024x768.jpg\" alt=\"\" width=\"1024\" height=\"768\" srcset=\"https:\/\/www.radiopiu.net\/wordpress\/wp-content\/uploads\/2023\/01\/attrezzo-savio-1024x768.jpg 1024w, https:\/\/www.radiopiu.net\/wordpress\/wp-content\/uploads\/2023\/01\/attrezzo-savio-300x225.jpg 300w, https:\/\/www.radiopiu.net\/wordpress\/wp-content\/uploads\/2023\/01\/attrezzo-savio-768x576.jpg 768w, https:\/\/www.radiopiu.net\/wordpress\/wp-content\/uploads\/2023\/01\/attrezzo-savio-1536x1152.jpg 1536w, https:\/\/www.radiopiu.net\/wordpress\/wp-content\/uploads\/2023\/01\/attrezzo-savio-2048x1536.jpg 2048w\" sizes=\"auto, (max-width: 1024px) 100vw, 1024px\" \/><\/a><\/p>\n<p>&nbsp;<\/p>\n<p>&nbsp;<\/p>\n<p>********<\/p>\n","protected":false},"excerpt":{"rendered":"<p>REDAZIONE Pubblichiamo una foto di un attrezzo &#8220;retr\u00f2&#8221;. Che cos&#8217;\u00e8 e a cosa serve? Aspettiamo le vostre risposte sulla pagina Facebook di Radio Pi\u00f9, sul gruppo Facebook Radio Pi\u00f9 Emittente Agordina o tramite whatsapp al numero 348 4757041. La soluzione QUESTA SERA alla radio nel programma di Marco Gaz e sul sito di RADIOPIU &nbsp;&hellip;<\/p>\n","protected":false},"author":4,"featured_media":314723,"comment_status":"closed","ping_status":"closed","sticky":false,"template":"","format":"standard","meta":{"_monsterinsights_skip_tracking":false,"_monsterinsights_sitenote_active":false,"_monsterinsights_sitenote_note":"","_monsterinsights_sitenote_category":0,"footnotes":""},"categories":[104,49],"tags":[],"class_list":["post-314726","post","type-post","status-publish","format-standard","has-post-thumbnail","hentry","category-evidenza_3","category-news-18","category-104","category-49","description-off"],"img_url":"https:\/\/www.radiopiu.net\/wordpress\/wp-content\/uploads\/2023\/01\/attrezzo-savio-scaled.jpg","_links":{"self":[{"href":"https:\/\/www.radiopiu.net\/wordpress\/wp-json\/wp\/v2\/posts\/314726","targetHints":{"allow":["GET"]}}],"collection":[{"href":"https:\/\/www.radiopiu.net\/wordpress\/wp-json\/wp\/v2\/posts"}],"about":[{"href":"https:\/\/www.radiopiu.net\/wordpress\/wp-json\/wp\/v2\/types\/post"}],"author":[{"embeddable":true,"href":"https:\/\/www.radiopiu.net\/wordpress\/wp-json\/wp\/v2\/users\/4"}],"replies":[{"embeddable":true,"href":"https:\/\/www.radiopiu.net\/wordpress\/wp-json\/wp\/v2\/comments?post=314726"}],"version-history":[{"count":0,"href":"https:\/\/www.radiopiu.net\/wordpress\/wp-json\/wp\/v2\/posts\/314726\/revisions"}],"wp:featuredmedia":[{"embeddable":true,"href":"https:\/\/www.radiopiu.net\/wordpress\/wp-json\/wp\/v2\/media\/314723"}],"wp:attachment":[{"href":"https:\/\/www.radiopiu.net\/wordpress\/wp-json\/wp\/v2\/media?parent=314726"}],"wp:term":[{"taxonomy":"category","embeddable":true,"href":"https:\/\/www.radiopiu.net\/wordpress\/wp-json\/wp\/v2\/categories?post=314726"},{"taxonomy":"post_tag","embeddable":true,"href":"https:\/\/www.radiopiu.net\/wordpress\/wp-json\/wp\/v2\/tags?post=314726"}],"curies":[{"name":"wp","href":"https:\/\/api.w.org\/{rel}","templated":true}]}}