{"id":314760,"date":"2023-01-04T05:16:56","date_gmt":"2023-01-04T04:16:56","guid":{"rendered":"https:\/\/www.radiopiu.net\/wordpress\/?p=314760"},"modified":"2023-01-04T05:58:58","modified_gmt":"2023-01-04T04:58:58","slug":"la-befana-in-funivia-giovedi-a-malga-ciapela","status":"publish","type":"post","link":"https:\/\/www.radiopiu.net\/wordpress\/la-befana-in-funivia-giovedi-a-malga-ciapela\/","title":{"rendered":"LA BEFANA IN FUNIVIA, GIOVEDI A MALGA CIAPELA"},"content":{"rendered":"<p><img loading=\"lazy\" decoding=\"async\" class=\"alignleft\" src=\"https:\/\/www.radiopiu.net\/wordpress\/wp-content\/uploads\/2023\/01\/foto_befana_Marmolada.jpeg\" width=\"231\" height=\"173\" \/><strong>ROCCA PIETORE<\/strong> Uno spettacolo per tutti &#8211; grandi e piccini &#8211; in uno scenario unico: la Befana arriva anche in Marmolada e lo far\u00e0 calandosi dalla funivia grazie al supporto degli uomini del Soccorso Alpino della Val Pettorina.L\u2019evento si terr\u00e0 gioved\u00ec 5 gennaio nel piazzale di Malga Ciapela; si inizia alle 17 con l\u2019intrattenimento musicale di DJ Gigi &amp; Fra, mentre alle 18 gli occhi saranno tutti per lei, la Befana, che porter\u00e0 doni e dolciumi ovviamente ai bambini pi\u00f9 buoni. La \u201ccalata\u201d della vecchina avverr\u00e0 lungo il primo troncone della funivia tra luci e suggestioni.Tutto il territorio dell\u2019Alto Agordino \u00e8 mobilitato in vista del pomeriggio di festa: la Scuola sci Marmolada, per esempio, organizzer\u00e0 una mini fiaccolata con i propri alunni, mentre gli alpini offriranno del buon vin brul\u00e8. Rester\u00e0 aperto anche il bar della funivia di Malga Ciapela.\u201c\u00c9 un appuntamento ormai tradizionale \u2013 sospeso a causa del Covid \u2013 che ritorna con grande partecipazione della comunit\u00e0\u201d, spiegano da Marmolada srl. \u201c\u00c9 un modo per ritrovarsi tutti insieme, abitanti, turisti ed estimatori della nostra montagna\u201d.L\u2019evento \u2013 patrocinato dal comune di Rocca Pietore &#8211; \u00e8 organizzato dal Soccorso Alpino della Val Pettorina e da Marmolada Srl con la collaborazione di CT Marmolada, Scuola Sci Marmolada, Gruppo Alpini Rocca e La Compagnia del Ciaudrin.<\/p>\n<p>&nbsp;<\/p>\n<p>&nbsp;<\/p>\n<hr \/>\n<p>&nbsp;<\/p>\n","protected":false},"excerpt":{"rendered":"<p>ROCCA PIETORE Uno spettacolo per tutti &#8211; grandi e piccini &#8211; in uno scenario unico: la Befana arriva anche in Marmolada e lo far\u00e0 calandosi dalla funivia grazie al supporto degli uomini del Soccorso Alpino della Val Pettorina.L\u2019evento si terr\u00e0 gioved\u00ec 5 gennaio nel piazzale di Malga Ciapela; si inizia alle 17 con l\u2019intrattenimento musicale&hellip;<\/p>\n","protected":false},"author":4,"featured_media":314761,"comment_status":"closed","ping_status":"closed","sticky":false,"template":"","format":"standard","meta":{"_monsterinsights_skip_tracking":false,"_monsterinsights_sitenote_active":false,"_monsterinsights_sitenote_note":"","_monsterinsights_sitenote_category":0,"footnotes":""},"categories":[51,49],"tags":[],"class_list":["post-314760","post","type-post","status-publish","format-standard","has-post-thumbnail","hentry","category-evidenza-top","category-news-18","category-51","category-49","description-off"],"img_url":"https:\/\/www.radiopiu.net\/wordpress\/wp-content\/uploads\/2023\/01\/foto_befana_Marmolada.jpeg","_links":{"self":[{"href":"https:\/\/www.radiopiu.net\/wordpress\/wp-json\/wp\/v2\/posts\/314760","targetHints":{"allow":["GET"]}}],"collection":[{"href":"https:\/\/www.radiopiu.net\/wordpress\/wp-json\/wp\/v2\/posts"}],"about":[{"href":"https:\/\/www.radiopiu.net\/wordpress\/wp-json\/wp\/v2\/types\/post"}],"author":[{"embeddable":true,"href":"https:\/\/www.radiopiu.net\/wordpress\/wp-json\/wp\/v2\/users\/4"}],"replies":[{"embeddable":true,"href":"https:\/\/www.radiopiu.net\/wordpress\/wp-json\/wp\/v2\/comments?post=314760"}],"version-history":[{"count":0,"href":"https:\/\/www.radiopiu.net\/wordpress\/wp-json\/wp\/v2\/posts\/314760\/revisions"}],"wp:featuredmedia":[{"embeddable":true,"href":"https:\/\/www.radiopiu.net\/wordpress\/wp-json\/wp\/v2\/media\/314761"}],"wp:attachment":[{"href":"https:\/\/www.radiopiu.net\/wordpress\/wp-json\/wp\/v2\/media?parent=314760"}],"wp:term":[{"taxonomy":"category","embeddable":true,"href":"https:\/\/www.radiopiu.net\/wordpress\/wp-json\/wp\/v2\/categories?post=314760"},{"taxonomy":"post_tag","embeddable":true,"href":"https:\/\/www.radiopiu.net\/wordpress\/wp-json\/wp\/v2\/tags?post=314760"}],"curies":[{"name":"wp","href":"https:\/\/api.w.org\/{rel}","templated":true}]}}