{"id":314782,"date":"2023-01-04T05:18:45","date_gmt":"2023-01-04T04:18:45","guid":{"rendered":"https:\/\/www.radiopiu.net\/wordpress\/?p=314782"},"modified":"2023-01-04T05:58:05","modified_gmt":"2023-01-04T04:58:05","slug":"dillo-a-radio-piu-cera-una-volta-frassene-cercasi-bacchetta-magica","status":"publish","type":"post","link":"https:\/\/www.radiopiu.net\/wordpress\/dillo-a-radio-piu-cera-una-volta-frassene-cercasi-bacchetta-magica\/","title":{"rendered":"DILLO A RADIO PIU&#8230;. C&#8217;ERA UNA VOLTA FRASSENE&#8217;, CERCASI BACCHETTA MAGICA"},"content":{"rendered":"<p>Riportiamo la riflessione di un nostro fedele ascoltatore, originario di Frassen\u00e8 ma da tempo trasferitosi altrove. Tema quello che evidentemente sente ancora come il suo paese e al quale dedica un pensiero di nostalgico affetto<\/p>\n<p>&nbsp;<\/p>\n<p><a class=\"dt-pswp-item\" href=\"https:\/\/www.radiopiu.net\/wordpress\/wp-content\/uploads\/2020\/07\/e064d2b6-8625-40ed-9346-bc5fa19746bf.jpg\" data-dt-img-description=\"\" data-large_image_width=\"1600\" data-large_image_height=\"1200\"><img loading=\"lazy\" decoding=\"async\" class=\"wp-image-150740 alignleft\" src=\"https:\/\/www.radiopiu.net\/wordpress\/wp-content\/uploads\/2020\/07\/e064d2b6-8625-40ed-9346-bc5fa19746bf-300x225.jpg\" alt=\"\" width=\"203\" height=\"152\" srcset=\"https:\/\/www.radiopiu.net\/wordpress\/wp-content\/uploads\/2020\/07\/e064d2b6-8625-40ed-9346-bc5fa19746bf-300x225.jpg 300w, https:\/\/www.radiopiu.net\/wordpress\/wp-content\/uploads\/2020\/07\/e064d2b6-8625-40ed-9346-bc5fa19746bf-1024x768.jpg 1024w, https:\/\/www.radiopiu.net\/wordpress\/wp-content\/uploads\/2020\/07\/e064d2b6-8625-40ed-9346-bc5fa19746bf-768x576.jpg 768w, https:\/\/www.radiopiu.net\/wordpress\/wp-content\/uploads\/2020\/07\/e064d2b6-8625-40ed-9346-bc5fa19746bf-1536x1152.jpg 1536w, https:\/\/www.radiopiu.net\/wordpress\/wp-content\/uploads\/2020\/07\/e064d2b6-8625-40ed-9346-bc5fa19746bf.jpg 1600w\" sizes=\"auto, (max-width: 203px) 100vw, 203px\" \/><\/a>Le mezze stagioni mettono a nudo\u00a0 la grande solitudine della montagna,\u00a0 tra poco sar\u00e0 l&#8217;Epifania e i turisti andranno\u00a0 via. Lo spopolamento nel corso degli ultimi anni ha portato villaggi a desertificarsi. Pochi i &#8220;sopravvissuti&#8221;, anziani dei paesi pi\u00f9 fortunati, rimangono cos\u00ec padroni di un mondo dimenticato bello ma drammaticamente solo.. Frassen\u00e8 dove ho vissuto fino a qualche anno fa, ha visto chiudere un&#8217;attivit\u00e0 dietro l&#8217;altra; l&#8217;ultimo negozio di frutta e verdura,\u00a0 la <a class=\"dt-pswp-item\" href=\"https:\/\/www.radiopiu.net\/wordpress\/wp-content\/uploads\/2023\/01\/10981-segg2.jpg\" data-dt-img-description=\"\" data-large_image_width=\"800\" data-large_image_height=\"600\"><img loading=\"lazy\" decoding=\"async\" class=\" wp-image-314783 alignright\" src=\"https:\/\/www.radiopiu.net\/wordpress\/wp-content\/uploads\/2023\/01\/10981-segg2-300x225.jpg\" alt=\"\" width=\"221\" height=\"166\" srcset=\"https:\/\/www.radiopiu.net\/wordpress\/wp-content\/uploads\/2023\/01\/10981-segg2-300x225.jpg 300w, https:\/\/www.radiopiu.net\/wordpress\/wp-content\/uploads\/2023\/01\/10981-segg2-768x576.jpg 768w, https:\/\/www.radiopiu.net\/wordpress\/wp-content\/uploads\/2023\/01\/10981-segg2.jpg 800w\" sizes=\"auto, (max-width: 221px) 100vw, 221px\" \/><\/a>macelleria e il negozio di alimentari.\u00a0 La gente fugge dalla propria terra che non offre pi\u00f9 quello standard di vita atteso. I modi per salvaguardare questo tipo di montagna ci sarebbero, ma ci si accorge che\u00a0 anche l&#8217;ultima risorsa, cio\u00e8 il turismo, arriva in soccorso solo laddove il contesto forse un po&#8217; troppo di parte garantisce servizi quantitativamente e qualitativamente selezionati. Il che equivale a dire: non ovunque, non a Frassen\u00e9. Sport, cultura ed enogastronomia hanno fatto\u00a0 un piccolo miracolo, salvando molte realt\u00e0 dal totale isolamento. Ma tante, forse troppe, rimangono ancora le valli ed i villaggi da salvare. I posti di lavoro che vengono a crearsi con strutture ricettive ed aziende operanti nel settore turistico non sempre sono sufficienti per soddisfare le richieste. Si aspetta qualcuno che con la bacchetta magica venga a risolvere un problema di tutti noi. E ce ne siamo accorti, speriamo non sia davvero troppo tardi.<\/p>\n<p>Roberto Mosca<\/p>\n<p>&nbsp;<\/p>\n<p>&nbsp;<\/p>\n<p>&nbsp;<\/p>\n<p>__<\/p>\n","protected":false},"excerpt":{"rendered":"<p>Riportiamo la riflessione di un nostro fedele ascoltatore, originario di Frassen\u00e8 ma da tempo trasferitosi altrove. Tema quello che evidentemente sente ancora come il suo paese e al quale dedica un pensiero di nostalgico affetto &nbsp; Le mezze stagioni mettono a nudo\u00a0 la grande solitudine della montagna,\u00a0 tra poco sar\u00e0 l&#8217;Epifania e i turisti andranno\u00a0&hellip;<\/p>\n","protected":false},"author":4,"featured_media":252637,"comment_status":"closed","ping_status":"closed","sticky":false,"template":"","format":"standard","meta":{"_monsterinsights_skip_tracking":false,"_monsterinsights_sitenote_active":false,"_monsterinsights_sitenote_note":"","_monsterinsights_sitenote_category":0,"footnotes":""},"categories":[51,49],"tags":[],"class_list":["post-314782","post","type-post","status-publish","format-standard","has-post-thumbnail","hentry","category-evidenza-top","category-news-18","category-51","category-49","description-off"],"img_url":"https:\/\/www.radiopiu.net\/wordpress\/wp-content\/uploads\/2022\/01\/ALIMENTARI-FRASSENE.jpeg","_links":{"self":[{"href":"https:\/\/www.radiopiu.net\/wordpress\/wp-json\/wp\/v2\/posts\/314782","targetHints":{"allow":["GET"]}}],"collection":[{"href":"https:\/\/www.radiopiu.net\/wordpress\/wp-json\/wp\/v2\/posts"}],"about":[{"href":"https:\/\/www.radiopiu.net\/wordpress\/wp-json\/wp\/v2\/types\/post"}],"author":[{"embeddable":true,"href":"https:\/\/www.radiopiu.net\/wordpress\/wp-json\/wp\/v2\/users\/4"}],"replies":[{"embeddable":true,"href":"https:\/\/www.radiopiu.net\/wordpress\/wp-json\/wp\/v2\/comments?post=314782"}],"version-history":[{"count":0,"href":"https:\/\/www.radiopiu.net\/wordpress\/wp-json\/wp\/v2\/posts\/314782\/revisions"}],"wp:featuredmedia":[{"embeddable":true,"href":"https:\/\/www.radiopiu.net\/wordpress\/wp-json\/wp\/v2\/media\/252637"}],"wp:attachment":[{"href":"https:\/\/www.radiopiu.net\/wordpress\/wp-json\/wp\/v2\/media?parent=314782"}],"wp:term":[{"taxonomy":"category","embeddable":true,"href":"https:\/\/www.radiopiu.net\/wordpress\/wp-json\/wp\/v2\/categories?post=314782"},{"taxonomy":"post_tag","embeddable":true,"href":"https:\/\/www.radiopiu.net\/wordpress\/wp-json\/wp\/v2\/tags?post=314782"}],"curies":[{"name":"wp","href":"https:\/\/api.w.org\/{rel}","templated":true}]}}