{"id":314839,"date":"2023-01-04T07:45:25","date_gmt":"2023-01-04T06:45:25","guid":{"rendered":"https:\/\/www.radiopiu.net\/wordpress\/?p=314839"},"modified":"2023-01-04T08:52:11","modified_gmt":"2023-01-04T07:52:11","slug":"314839-2","status":"publish","type":"post","link":"https:\/\/www.radiopiu.net\/wordpress\/314839-2\/","title":{"rendered":"VERSO I 40 ANNI DI RADIO&#8230;LA RASSEGNA STAMPA, DAL 1983 DI MIRKO MEZZACASA"},"content":{"rendered":"<p><strong>LA REGIONALE 203 AGORDINA<\/strong> Torna All&#8217;Anas, pur con gestione Veneto Strade. Sono 300 i chilometri di strade &#8220;cedute&#8221; con la Provincia che torna a respirare. <strong>L&#8217;ADDIO<\/strong> Ieri l&#8217;ultimo saluto a Don Gemo in cattedrale con il vescovo Renato e il vescovo emerito Giuseppe Andrich, il feretro portato a spalla dai sacerdoti, una folla in chiesa, tributo d&#8217;affetto ed amicizia. <strong>CASTION<\/strong> Cambia la viabilit\u00e0 ma non \u00e8 stata data nessuna informazione se non dalla chat Viabilit\u00e0 Provincia di Belluno e Radio Pi\u00f9. Via del Favero a sorpresa improvvisamente a senso unico in discesa, il cartello apparso all&#8217;improvviso. <strong>NEVICA<\/strong> Il Comune di Belluno si organizza distribuisce il libretto con le istruzioni al cittadino. <strong>BELLUNO<\/strong> Dopo un anno il Corriere delle Alpi torna a parlare del tentato omicidio. Una donna fu sorpresa alle spalle e presa a bastonate, era il 23 dicembre 2021. Dopo un anno la donna ha iniziato di nuovo a lavorare &#8220;ma \u00e8 stata dura &#8211; ammette &#8211; ho sospetti sul colpevole ma confido nella giustizia&#8221;. Per l&#8217;avvocato Mazzoccoli \u00e8 stato uno del luogo. <strong>ATTENTATO?<\/strong> o gesto di cattivo gusto, bottiglia sospetta fatta brillare nei pressi della chiesa di Lozzo di Cadore. <strong>SCHIANTO<\/strong> con fuga. Finisce contro il muro dell&#8217;albergo, abbandona il mezzo e torna a casa. Indaga la Polizia di Cortina. <strong>ALANO DI PIAVE\u00a0<\/strong> Due persone, madre e figlio,\u00a0 in ospedale per accertamenti, ieri in tarda mattinata, dopo un investimento avvenuto a Fener, sulla Feltrina. <strong>ELEZIONI<\/strong> A primavera si vota a Canale d&#8217;Agordo e Cencenighe. Iniziano le prove tecniche, Colcergnan &#8220;ni&#8221;, Soppelsa &#8220;forse&#8221;, Murer non \u00e8 escluso. <strong>EVENTI<\/strong> A Falcade alle 16 aperitivo dei coscritti in piazza con Dj Battaglia e area bar. Giorgio Fornasier sar\u00e0 protagonista di un concerto nella Chiesa di Gosaldo oggi con inizio alle 16. Domani sera i fuochi dell&#8217;epifania, a Malga Ciapela la befana in funivia.A conclusione del 2022, decimo anno di attivit\u00e0 per l\u2019Associazione, e per iniziare bene il 2023, \u201cLe Muse e le Dolomiti\u201d intendono raccontare il successo della \u201cScuola Interregionale di Canto e Teatro per Voci Bianche e Giovanili\u201d. Lo fanno organizzando per domani presso il Teatro Navalge di Moena uno &#8220;Spettacolo Lirico Natalizio&#8221;.Al Cine-teatro Kursaal di Auronzo viene presentato oggi alle\u00a0 18, il libro \u201cNoi, ragazzi di Silvano Pontello\u201d <strong>FELTRE<\/strong> E&#8217; stato approvato dalla Giunta comunale, nella sua ultima seduta, il progetto definitivo-esecutivo che riguarda la riqualificazione del complesso scolastico del Pasquer. <strong>LONGARONE<\/strong> Il XII\u00b0 congresso della Camera del Lavoro CGIL di Belluno si terr\u00e0 il 10 e 11 gennaio\u00a0 a Longarone Fiere.\u00a0 <span style=\"color: #ff0000;\">I PODCAST DI RADIOPIU<\/span>&#8216;, OGGI SUL SITO INTERNET NEL GIORNALE RADIOPIU, il quotidiano che alle sei del mattino inviamo al canale TELEGRAM Una storia di emigrazione che rende merito all&#8217;Agordino, di Luisa Manfroi. <span style=\"color: #0000ff;\">ALLA RADIO<\/span> La storia della campana della chiesetta a La Stanga, in ricordo di Mario. Alle 10.30 e 1900 con Bruna Proclemer da Trecesimo-Udine. <span style=\"color: #800080;\">SUL SITO<\/span> Quando il consumismo era ancora lontano, Igne si trasformava ma molti emigravano, di Renato Bona. <span style=\"color: #ff00ff;\">SPORT<\/span> Elia Barp dopo la terza tappa del Tour de Ski \u00e8 a met\u00e0 classifica; L&#8217;Alleghe saluta la Coppa Italia, vince il Fiemme in doppia cifra. Il futuro della pallavolo Belluno nel settore giovanile. Pallavolo femminile nel torneo della befana.<\/p>\n<p>&nbsp;<\/p>\n<p><iframe loading=\"lazy\" title=\"RASSEGNA STAMPA LOCALE\" width=\"1200\" height=\"675\" src=\"https:\/\/www.youtube.com\/embed\/SjmQxiCBuuk?feature=oembed\" frameborder=\"0\" allow=\"accelerometer; autoplay; clipboard-write; encrypted-media; gyroscope; picture-in-picture; web-share\" allowfullscreen><\/iframe><\/p>\n<p>&nbsp;<\/p>\n<hr \/>\n<p>&nbsp;<\/p>\n","protected":false},"excerpt":{"rendered":"<p>LA REGIONALE 203 AGORDINA Torna All&#8217;Anas, pur con gestione Veneto Strade. Sono 300 i chilometri di strade &#8220;cedute&#8221; con la Provincia che torna a respirare. L&#8217;ADDIO Ieri l&#8217;ultimo saluto a Don Gemo in cattedrale con il vescovo Renato e il vescovo emerito Giuseppe Andrich, il feretro portato a spalla dai sacerdoti, una folla in chiesa,&hellip;<\/p>\n","protected":false},"author":4,"featured_media":314829,"comment_status":"closed","ping_status":"closed","sticky":false,"template":"","format":"standard","meta":{"_monsterinsights_skip_tracking":false,"_monsterinsights_sitenote_active":false,"_monsterinsights_sitenote_note":"","_monsterinsights_sitenote_category":0,"footnotes":""},"categories":[104,49,142],"tags":[],"class_list":["post-314839","post","type-post","status-publish","format-standard","has-post-thumbnail","hentry","category-evidenza_3","category-news-18","category-rassegna-stampa","category-104","category-49","category-142","description-off"],"img_url":"https:\/\/www.radiopiu.net\/wordpress\/wp-content\/uploads\/2023\/01\/COPERTINA.png","_links":{"self":[{"href":"https:\/\/www.radiopiu.net\/wordpress\/wp-json\/wp\/v2\/posts\/314839","targetHints":{"allow":["GET"]}}],"collection":[{"href":"https:\/\/www.radiopiu.net\/wordpress\/wp-json\/wp\/v2\/posts"}],"about":[{"href":"https:\/\/www.radiopiu.net\/wordpress\/wp-json\/wp\/v2\/types\/post"}],"author":[{"embeddable":true,"href":"https:\/\/www.radiopiu.net\/wordpress\/wp-json\/wp\/v2\/users\/4"}],"replies":[{"embeddable":true,"href":"https:\/\/www.radiopiu.net\/wordpress\/wp-json\/wp\/v2\/comments?post=314839"}],"version-history":[{"count":0,"href":"https:\/\/www.radiopiu.net\/wordpress\/wp-json\/wp\/v2\/posts\/314839\/revisions"}],"wp:featuredmedia":[{"embeddable":true,"href":"https:\/\/www.radiopiu.net\/wordpress\/wp-json\/wp\/v2\/media\/314829"}],"wp:attachment":[{"href":"https:\/\/www.radiopiu.net\/wordpress\/wp-json\/wp\/v2\/media?parent=314839"}],"wp:term":[{"taxonomy":"category","embeddable":true,"href":"https:\/\/www.radiopiu.net\/wordpress\/wp-json\/wp\/v2\/categories?post=314839"},{"taxonomy":"post_tag","embeddable":true,"href":"https:\/\/www.radiopiu.net\/wordpress\/wp-json\/wp\/v2\/tags?post=314839"}],"curies":[{"name":"wp","href":"https:\/\/api.w.org\/{rel}","templated":true}]}}