{"id":314847,"date":"2023-01-05T05:06:46","date_gmt":"2023-01-05T04:06:46","guid":{"rendered":"https:\/\/www.radiopiu.net\/wordpress\/?p=314847"},"modified":"2023-01-05T09:32:06","modified_gmt":"2023-01-05T08:32:06","slug":"giornale-radiopiu-05-gennaio-2023-direttore-mirko-mezzacasa-verso-i-40-anni-25-giugno-1983-25-giugno-2023","status":"publish","type":"post","link":"https:\/\/www.radiopiu.net\/wordpress\/giornale-radiopiu-05-gennaio-2023-direttore-mirko-mezzacasa-verso-i-40-anni-25-giugno-1983-25-giugno-2023\/","title":{"rendered":"GIORNALE RADIOPIU 05 GENNAIO 2023 DIRETTORE MIRKO MEZZACASA&#8230;verso i 40 anni 25 giugno 1983-25 giugno 2023"},"content":{"rendered":"<h3 class=\"kvgmc6g5 cxmmr5t8 oygrvhab hcukyx3x c1et5uql\"><span style=\"color: #0000ff;\"><strong>RADIO PIU INFORMAZIONE il canale su TELEGRAM informazione di prima\u00a0 <\/strong><strong>mano e in tempo reale. iscriviti ed aiutaci a farlo conoscere\u00a0 \u00a0 \u00a0 \u00a0<\/strong><\/span><\/h3>\n<p>&nbsp;<\/p>\n<p>&nbsp;<\/p>\n<p>&nbsp;<\/p>\n<p><strong><a class=\"dt-pswp-item\" href=\"https:\/\/www.radiopiu.net\/wordpress\/wp-content\/uploads\/2023\/01\/Senza-nome-12.jpg\" data-dt-img-description=\"\" data-large_image_width=\"176\" data-large_image_height=\"129\"><img loading=\"lazy\" decoding=\"async\" class=\"size-full wp-image-315066 alignleft\" src=\"https:\/\/www.radiopiu.net\/wordpress\/wp-content\/uploads\/2023\/01\/Senza-nome-12.jpg\" alt=\"\" width=\"176\" height=\"129\" \/><\/a>CASTION Dopo le polemiche l&#8217;amministrazione ha provveduto ad oscurare la segnaletica che imponeva il senso unico in salita istituendo il divieto di transito in discesa. Un provvedimento mai discusso n\u00e9 comunicato agli abitanti. <\/strong><\/p>\n<p>&nbsp;<\/p>\n<p>&nbsp;<\/p>\n<blockquote>\n<h3><span style=\"color: #0000ff;\"><a class=\"dt-pswp-item\" href=\"https:\/\/www.radiopiu.net\/wordpress\/wp-content\/uploads\/2023\/01\/4974ed81-f189-4331-a31f-b06ff784da99.jpg\" data-dt-img-description=\"\" data-large_image_width=\"1280\" data-large_image_height=\"745\"><img loading=\"lazy\" decoding=\"async\" class=\"size-medium wp-image-314807 alignleft\" src=\"https:\/\/www.radiopiu.net\/wordpress\/wp-content\/uploads\/2023\/01\/4974ed81-f189-4331-a31f-b06ff784da99-300x175.jpg\" alt=\"\" width=\"300\" height=\"175\" srcset=\"https:\/\/www.radiopiu.net\/wordpress\/wp-content\/uploads\/2023\/01\/4974ed81-f189-4331-a31f-b06ff784da99-300x175.jpg 300w, https:\/\/www.radiopiu.net\/wordpress\/wp-content\/uploads\/2023\/01\/4974ed81-f189-4331-a31f-b06ff784da99-1024x596.jpg 1024w, https:\/\/www.radiopiu.net\/wordpress\/wp-content\/uploads\/2023\/01\/4974ed81-f189-4331-a31f-b06ff784da99-768x447.jpg 768w, https:\/\/www.radiopiu.net\/wordpress\/wp-content\/uploads\/2023\/01\/4974ed81-f189-4331-a31f-b06ff784da99.jpg 1280w\" sizes=\"auto, (max-width: 300px) 100vw, 300px\" \/><\/a>LE UTILI INFORMAZIONI DA TELEGRAM, VIABILITA&#8217; PROVINCIA DI BELLUNO &#8220;VPB\u00a0<\/span><\/h3>\n<\/blockquote>\n<p><em><strong>via del Favero a Castion Belluno a senso unico solamente in salita,\u00a0 eccetto per i bus<\/strong><\/em><\/p>\n<p><strong>CASTION<\/strong> Cambia la viabilit\u00e0,\u00a0 lunedi non \u00e8 stata data nessuna informazione se non dalla chat Viabilit\u00e0 Provincia di Belluno e Radio Pi\u00f9. Via del Favero a <a class=\"dt-pswp-item\" href=\"https:\/\/www.radiopiu.net\/wordpress\/wp-content\/uploads\/2023\/01\/Senza-nome-8.jpg\" data-dt-img-description=\"\" data-large_image_width=\"519\" data-large_image_height=\"457\"><img loading=\"lazy\" decoding=\"async\" class=\"size-medium wp-image-314903 alignright\" src=\"https:\/\/www.radiopiu.net\/wordpress\/wp-content\/uploads\/2023\/01\/Senza-nome-8-300x264.jpg\" alt=\"\" width=\"300\" height=\"264\" srcset=\"https:\/\/www.radiopiu.net\/wordpress\/wp-content\/uploads\/2023\/01\/Senza-nome-8-300x264.jpg 300w, https:\/\/www.radiopiu.net\/wordpress\/wp-content\/uploads\/2023\/01\/Senza-nome-8.jpg 519w\" sizes=\"auto, (max-width: 300px) 100vw, 300px\" \/><\/a>sorpresa improvvisamente a senso unico in discesa, il cartello apparso all&#8217;improvviso. Questo fino a ieri sera, ecco lo foto che lo documenta<\/p>\n<p>Seconda puntata&#8230; Martedi ha preso posizione un vigile urbano per evitare caos e confusione che puntualmente si \u00e8 presentata quando \u00e8 risalito in auto tornandosene casa. \u00c8 rimasto il divieto di transito a scendere, ma senza togliere il segnale di senso unico alternato. Automobilisti imbizzarriti cos\u00ec verso sera\u00a0 uno dei due cartelli \u2013 quello del divieto di transito \u2013 \u00e8 stato coperto. Idee decisamente chiare per chi ha assunto determinate decisioni<\/p>\n<p>&nbsp;<\/p>\n<p>&nbsp;<\/p>\n<p>&nbsp;<\/p>\n<h2><span style=\"color: #ff0000;\">ISCRIVITI AL NOSTRO CANALE YOUTUBE PER SEGUIRE IN DIRETTA I PRINCIPALI PROGRAMMI DI RADIO PIU&#8217; E LE FUTURE DIRETTE IN ESTERNA. PER ISCRIVERTI <a style=\"color: #ff0000;\" href=\"https:\/\/youtube.com\/@radiopiu1527\">CLICCA QUI<\/a> E PREMI IL TASTO &#8220;Iscriviti&#8221;\u00a0\u00a0<\/span><\/h2>\n<hr \/>\n<p>&nbsp;<\/p>\n<blockquote>\n<h3>BENVENUTI! ECCO I PRIMI NATI DEL 2023 IN PROVINCIA DI BELLUNO<\/h3>\n<\/blockquote>\n<p><strong>REDAZIONE\u00a0<\/strong> L&#8217;altra notte alle 3.27 \u00e8 nato LUIS GJINAJ figlio di Vilson e Juana Gjinaj, residenti a Sedico, e ieri\u00a0 mattina alle 9:05 \u00e8 nata AREEJ KHIYAR di Abdelghani e Hanane Basry di Valle di Cadore. Sono i primi nati all&#8217;ostetricia di Belluno, accolti dalle decorazioni preparati dai giovani in cura in pediatria per disturbi del comportamento alimentare.<\/p>\n\n\t\t\t<style type='text\/css'>\n\t\t\t\t#gallery-1 {\n\t\t\t\t\tmargin: auto;\n\t\t\t\t}\n\t\t\t\t#gallery-1 .gallery-item {\n\t\t\t\t\tfloat: left;\n\t\t\t\t\tmargin-top: 10px;\n\t\t\t\t\ttext-align: center;\n\t\t\t\t\twidth: 33%;\n\t\t\t\t}\n\t\t\t\t#gallery-1 img {\n\t\t\t\t\tborder: 2px solid #cfcfcf;\n\t\t\t\t}\n\t\t\t\t#gallery-1 .gallery-caption {\n\t\t\t\t\tmargin-left: 0;\n\t\t\t\t}\n\t\t\t\t\/* see gallery_shortcode() in wp-includes\/media.php *\/\n\t\t\t<\/style>\n\t\t<div id='gallery-1' class='dt-gallery-container gallery galleryid-314847 gallery-columns-3 gallery-size-medium'><dl class='gallery-item'>\n\t\t\t\t<dt class='gallery-icon portrait'>\n\t\t\t\t\t<a class=\"rollover rollover-zoom dt-pswp-item\" title=\"323430524_541725677995954_5158788642199519242_n\" data-dt-img-description=\"\" data-large_image_width=\"450\" data-large_image_height=\"600\"href='https:\/\/www.radiopiu.net\/wordpress\/wp-content\/uploads\/2023\/01\/323430524_541725677995954_5158788642199519242_n.jpg'><img loading=\"lazy\" decoding=\"async\" width=\"225\" height=\"300\" src=\"https:\/\/www.radiopiu.net\/wordpress\/wp-content\/uploads\/2023\/01\/323430524_541725677995954_5158788642199519242_n-225x300.jpg\" class=\"attachment-medium size-medium\" alt=\"\" srcset=\"https:\/\/www.radiopiu.net\/wordpress\/wp-content\/uploads\/2023\/01\/323430524_541725677995954_5158788642199519242_n-225x300.jpg 225w, https:\/\/www.radiopiu.net\/wordpress\/wp-content\/uploads\/2023\/01\/323430524_541725677995954_5158788642199519242_n.jpg 450w\" sizes=\"auto, (max-width: 225px) 100vw, 225px\" \/><\/a>\n\t\t\t\t<\/dt><\/dl><dl class='gallery-item'>\n\t\t\t\t<dt class='gallery-icon portrait'>\n\t\t\t\t\t<a class=\"rollover rollover-zoom dt-pswp-item\" title=\"324021751_572333851381948_2984339160839795132_n\" data-dt-img-description=\"\" data-large_image_width=\"450\" data-large_image_height=\"600\"href='https:\/\/www.radiopiu.net\/wordpress\/wp-content\/uploads\/2023\/01\/324021751_572333851381948_2984339160839795132_n.jpg'><img loading=\"lazy\" decoding=\"async\" width=\"225\" height=\"300\" src=\"https:\/\/www.radiopiu.net\/wordpress\/wp-content\/uploads\/2023\/01\/324021751_572333851381948_2984339160839795132_n-225x300.jpg\" class=\"attachment-medium size-medium\" alt=\"\" srcset=\"https:\/\/www.radiopiu.net\/wordpress\/wp-content\/uploads\/2023\/01\/324021751_572333851381948_2984339160839795132_n-225x300.jpg 225w, https:\/\/www.radiopiu.net\/wordpress\/wp-content\/uploads\/2023\/01\/324021751_572333851381948_2984339160839795132_n.jpg 450w\" sizes=\"auto, (max-width: 225px) 100vw, 225px\" \/><\/a>\n\t\t\t\t<\/dt><\/dl><dl class='gallery-item'>\n\t\t\t\t<dt class='gallery-icon portrait'>\n\t\t\t\t\t<a class=\"rollover rollover-zoom dt-pswp-item\" title=\"324024860_579316610702871_8422875376715449519_n\" data-dt-img-description=\"\" data-large_image_width=\"338\" data-large_image_height=\"600\"href='https:\/\/www.radiopiu.net\/wordpress\/wp-content\/uploads\/2023\/01\/324024860_579316610702871_8422875376715449519_n.jpg'><img loading=\"lazy\" decoding=\"async\" width=\"169\" height=\"300\" src=\"https:\/\/www.radiopiu.net\/wordpress\/wp-content\/uploads\/2023\/01\/324024860_579316610702871_8422875376715449519_n-169x300.jpg\" class=\"attachment-medium size-medium\" alt=\"\" srcset=\"https:\/\/www.radiopiu.net\/wordpress\/wp-content\/uploads\/2023\/01\/324024860_579316610702871_8422875376715449519_n-169x300.jpg 169w, https:\/\/www.radiopiu.net\/wordpress\/wp-content\/uploads\/2023\/01\/324024860_579316610702871_8422875376715449519_n.jpg 338w\" sizes=\"auto, (max-width: 169px) 100vw, 169px\" \/><\/a>\n\t\t\t\t<\/dt><\/dl><br style=\"clear: both\" \/>\n\t\t\t<\/div>\n\n<p>&nbsp;<\/p>\n<hr \/>\n<p>&nbsp;<\/p>\n<blockquote>\n<h3>LA FAMIGLIA PERDE IL BAMBINO, LO ACCUDISCONO I CARABINIERI DI CANAZEI<\/h3>\n<\/blockquote>\n<p><strong><img loading=\"lazy\" decoding=\"async\" class=\"alignleft\" src=\"https:\/\/www.radiopiu.net\/wordpress\/wp-content\/uploads\/2022\/12\/15.12.2022_i-carabinieri-durante-un-servizio-di-vigilanza-sulle-piste.jpg\" width=\"244\" height=\"326\" \/>ROCCA PIETORE<\/strong> La famiglia in vacanza a Rocca Pietore perde il bimbo di 13 anni. La coppia elvetica lo ha ritrovato in caserma dei Carabinieri, sorridente davanti ad una cioccolata calda. A ritrovarlo gli addetti agli impianti in zona rifugio Sas Bec\u00e8. Piangnucolava spaesato mentre cercava i genitori. I Carabinieri sciatori lo hanno recuperato e portato in caserma, il bimbo non \u00e8 stato in grado di dare il numero di cellulare dei genitori. Gli uomini dell&#8217;Arma hanno chiamato in Germania (dove lavora il pap\u00e0) e quindi sono stati informati i genitori che sono poi andati a riabbracciarlo<\/p>\n<p>&nbsp;<\/p>\n<p>&nbsp;<\/p>\n<p>&nbsp;<\/p>\n<p>&nbsp;<\/p>\n<p>&nbsp;<\/p>\n<p>&nbsp;<\/p>\n<p>&nbsp;<\/p>\n<p>&nbsp;<\/p>\n<p>&nbsp;<\/p>\n<blockquote>\n<h3>SCIALPINISTA SI PROCURA UN TAGLIO SULLA TESTA<\/h3>\n<\/blockquote>\n<p>&nbsp;<\/p>\n<p><strong>CORTINA\u00a0<\/strong> Attorno alle 14.30 l&#8217;elicottero del Suem di Pieve di Cadore \u00e8 decollato in direzione della Croda Rossa, dove uno scialpinista si era fatto male 200 metri sotto Forcella Colfiedo. Il 34enne di Padova, assistito da altre due persone, era caduto e una lamina dello sci gli aveva procurato un taglio sulla testa. Individuato dell&#8217;equipaggio, lo sciatore \u00e8 stato recuperato dal tecnico di elisoccorso con un verricello di 50 metri, per essere poi trasportato all&#8217;ospedale di Pieve di Cadore.<\/p>\n<p>&nbsp;<\/p>\n<p>&nbsp;<\/p>\n<hr \/>\n<blockquote>\n<h3><\/h3>\n<h3>A FALCADE MINACCIA CROLLO GHIACCIO SULLA STRADA REGIONALE, INTERVENGONO I VIGILI DEL FUOCO DI AGORDO.<\/h3>\n<blockquote>\n<h3><a class=\"dt-pswp-item\" href=\"https:\/\/www.radiopiu.net\/wordpress\/wp-content\/uploads\/2023\/01\/falci-del-ghiaccio-che-appendono-fuori-dal-lato-di-un-tetto-inverno-della-neve-146094984.jpg\" data-dt-img-description=\"\" data-large_image_width=\"800\" data-large_image_height=\"725\"><img loading=\"lazy\" decoding=\"async\" class=\"wp-image-314971 alignleft\" src=\"https:\/\/www.radiopiu.net\/wordpress\/wp-content\/uploads\/2023\/01\/falci-del-ghiaccio-che-appendono-fuori-dal-lato-di-un-tetto-inverno-della-neve-146094984-300x272.jpg\" alt=\"\" width=\"127\" height=\"115\" srcset=\"https:\/\/www.radiopiu.net\/wordpress\/wp-content\/uploads\/2023\/01\/falci-del-ghiaccio-che-appendono-fuori-dal-lato-di-un-tetto-inverno-della-neve-146094984-300x272.jpg 300w, https:\/\/www.radiopiu.net\/wordpress\/wp-content\/uploads\/2023\/01\/falci-del-ghiaccio-che-appendono-fuori-dal-lato-di-un-tetto-inverno-della-neve-146094984-768x696.jpg 768w, https:\/\/www.radiopiu.net\/wordpress\/wp-content\/uploads\/2023\/01\/falci-del-ghiaccio-che-appendono-fuori-dal-lato-di-un-tetto-inverno-della-neve-146094984.jpg 800w\" sizes=\"auto, (max-width: 127px) 100vw, 127px\" \/><\/a><\/h3>\n<\/blockquote>\n<p><strong>REDAZIONE<\/strong> L&#8217;abbassamento delle temperature notturne e l&#8217;innalzamento termico diurno,\u00a0 sono causa in questi giorni di crolli di neve ghiacciata dai tetti. Provvidenziale \u00e8 l&#8217;intervento dei Vigili del Fuoco,\u00a0 per rimuovere il ghiaccio in equilibrio instabile,\u00a0 prima della caduta, diritta sulla provinciale 346 di Passo San Pellegrino. Rimosso il ghiaccio e ripulita la strada i vigili del fuoco sono stati chiamati a rimuovere gli addobbi natalizi caduti sull&#8217;orologio del campanile della chiesa parrocchiale di Taibon Agordino.<\/p><\/blockquote>\n<p>&nbsp;<\/p>\n<hr \/>\n<p>&nbsp;<\/p>\n<blockquote>\n<h3>A PROCESSO PER LE FOTO PROIBITE DELLA MINORENNE<\/h3>\n<\/blockquote>\n<p><strong>DI GIGI SOSSO<\/strong><\/p>\n<blockquote><p><em>\u00a0Scatti che sono stati senz&#8217;altro condivisi da altre persone. La mamma se n&#8217;\u00e8 accorta, controllandole il telefono prima di sequestrarglielo definitivamente. Si \u00e8 rivolta a uno psicologo e poi anche ai Servizi sociali<\/em><\/p><\/blockquote>\n<p><strong><img loading=\"lazy\" decoding=\"async\" class=\"alignleft\" src=\"https:\/\/www.radiopiu.net\/wordpress\/wp-content\/uploads\/2022\/01\/POLIZIA-POSTALE.jpg\" width=\"199\" height=\"141\" \/>BELLUNO<\/strong> Foto erotiche di una minorenne nel computer. Una ragazza di 16 anni, senz&#8217;altro conosciuta, perch\u00e9 \u00e8 la figlia adottiva della compagna di allora. Un uomo, che sostiene di aver agito per nobili scopi, si ritrova in tribunale a rispondere del reato di detenzione di materiale pornografico con una minore. Rischia una condanna fino a tre anni di reclusione e una multa non inferiore a 1.549 euro, ma il difensore di fiducia Tullio Tandura sostiene che meriti una sentenza di assoluzione, perch\u00e9 quelle fotografie le aveva scaricate nel suo dispositivo per distruggerle&#8230; Dopo una querela, la Polizia postale guarda nel suo disco rigido e scopre l&#8217;esistenza di un certo numero di queste fotografie proibite, portandolo a processo per l&#8217;ipotesi di reato di detenzione di materiale pornografico con una minore. Il processo sta per cominciare e l&#8217;esito \u00e8 quanto mai incerto.\u00a0\u00a0La giovane, intanto, potrebbe costituirsi parte civile e chiedergli un risarcimento danni, anche importante. I contorni precisi della vicenda saranno precisati in tribunale<\/p>\n<p>&nbsp;<\/p>\n<hr \/>\n<p>&nbsp;<\/p>\n<blockquote>\n<h3>MEL PIANGE IL FARMACISTA<\/h3>\n<p><a class=\"dt-pswp-item\" href=\"https:\/\/www.radiopiu.net\/wordpress\/wp-content\/uploads\/2023\/01\/Senza-nome-11.jpg\" data-dt-img-description=\"\" data-large_image_width=\"183\" data-large_image_height=\"222\"><img loading=\"lazy\" decoding=\"async\" class=\"size-full wp-image-315064 alignright\" src=\"https:\/\/www.radiopiu.net\/wordpress\/wp-content\/uploads\/2023\/01\/Senza-nome-11.jpg\" alt=\"\" width=\"183\" height=\"222\" \/><\/a><\/p><\/blockquote>\n<p><strong>BORGO VALBELLUNA\u00a0<\/strong> Se n&#8217;\u00e8 andato Alfonso Sartori, &#8220;il&#8221; farmacista di Mel, ingegnere chimico, lavorava alla Montedison di Porto Marghera, ha conseguito la laurea in farmacia ed \u00e8 rientrato al suo paese. Per 40 anni ha condotto la farmacia che sua moglie Lucia Chiarelli, morta nei primi anni Settanta, aveva avviato. Alfonso lascia i figli Francesca, don Alberto e Paola. E sar\u00e0 appunto don Alberto a presiedere le esequie sabato, alle 10. 30 nella chiesa arcipretale di Mel. Le spoglie proseguiranno per il cimitero Marcador.<\/p>\n<p>&nbsp;<\/p>\n<p>&nbsp;<\/p>\n<p>&nbsp;<\/p>\n<hr \/>\n<p>&nbsp;<\/p>\n<blockquote>\n<h3>IL BILANCIO DELLA PROVINCIA, DA PALAZZO PILONI GIORNI DI GRANDE OTTIMISMO<\/h3>\n<\/blockquote>\n<p><strong><a class=\"dt-pswp-item\" href=\"https:\/\/www.radiopiu.net\/wordpress\/wp-content\/uploads\/2022\/03\/116879682_10218174783262531_6874144011382447312_n.jpg\" data-dt-img-description=\"\" data-large_image_width=\"952\" data-large_image_height=\"960\"><img loading=\"lazy\" decoding=\"async\" class=\"wp-image-267357 alignleft\" src=\"https:\/\/www.radiopiu.net\/wordpress\/wp-content\/uploads\/2022\/03\/116879682_10218174783262531_6874144011382447312_n-298x300.jpg\" alt=\"\" width=\"164\" height=\"165\" srcset=\"https:\/\/www.radiopiu.net\/wordpress\/wp-content\/uploads\/2022\/03\/116879682_10218174783262531_6874144011382447312_n-298x300.jpg 298w, https:\/\/www.radiopiu.net\/wordpress\/wp-content\/uploads\/2022\/03\/116879682_10218174783262531_6874144011382447312_n-150x150.jpg 150w, https:\/\/www.radiopiu.net\/wordpress\/wp-content\/uploads\/2022\/03\/116879682_10218174783262531_6874144011382447312_n-768x774.jpg 768w, https:\/\/www.radiopiu.net\/wordpress\/wp-content\/uploads\/2022\/03\/116879682_10218174783262531_6874144011382447312_n.jpg 952w\" sizes=\"auto, (max-width: 164px) 100vw, 164px\" \/><\/a>BELLUNO<\/strong><\/p>\n<p><strong>MORENO GIOLI<\/strong><\/p>\n<audio class=\"wp-audio-shortcode\" id=\"audio-314847-1\" preload=\"none\" style=\"width: 100%;\" controls=\"controls\"><source type=\"audio\/mpeg\" src=\"https:\/\/www.radiopiu.net\/wordpress\/wp-content\/uploads\/2023\/01\/MORENO-GIOLI-PADRIN.mp3?_=1\" \/><a href=\"https:\/\/www.radiopiu.net\/wordpress\/wp-content\/uploads\/2023\/01\/MORENO-GIOLI-PADRIN.mp3\">https:\/\/www.radiopiu.net\/wordpress\/wp-content\/uploads\/2023\/01\/MORENO-GIOLI-PADRIN.mp3<\/a><\/audio>\n<p>&nbsp;<\/p>\n<hr \/>\n<p>&nbsp;<\/p>\n<p>&nbsp;<\/p>\n<blockquote>\n<h3>RICLASSIFICAZIONE DELLE STRADE&#8230;NON CI RESTA CHE PIANGERE<\/h3>\n<\/blockquote>\n<p><strong>REDAZIONE<\/strong> Entusiasmo in Provincia, non altrettanto nella sede del sindacato della Filt Cgil. Tutt&#8217;altro,\u00a0 Per\u00a0 La segretaria Alessandra Fontana cedere i gioielli di famiglia equivale ad una sconfitta &#8220;Poveri ma felici&#8221; conclude Alessandra Fontana in un momento triste ed amaro &#8220;Perch\u00e9 quei gioielli di famiglia la Provincia dimostra di non essere in grado di mantenere&#8221;.<\/p>\n<blockquote>\n<h3>COMUNICATO SINDACALE<\/h3>\n<\/blockquote>\n<p><img loading=\"lazy\" decoding=\"async\" class=\"alignleft\" src=\"https:\/\/www.radiopiu.net\/wordpress\/wp-content\/uploads\/2021\/06\/FILT-CGIL.png\" width=\"268\" height=\"145\" \/>Ci lascia quanto mai perplessi l\u2019entusiasmo con cui il Presidente della Provincia esulta per aver restituito le strade allo Stato, perdendone di fatto la titolarit\u00e0. Dopo anni di battaglie per rivendicare l\u2019autonomia della Provincia (e della Regione Veneto visto che operazione analoga \u00e8 stata fatta dall\u2019assessore De Berti con la riclassificazione delle proprie regionali) si \u00e8 infine deciso che, anzich\u00e9 promouovere battaglie per le risorse per la viabilit\u00e0 provinciale, questa dovesse essere regalata allo Stato, rinunciando di fatto a qualsiasi controllo strategico a riguardo. D\u2019altronde lo dice chiaro il Presidente: negli ultimi anni si sono spesi soldi per le strade. Quasi che si trattasse di una vergogna e di uno spreco di risorse. Ma davvero? Davvero garantire l\u2019efficienza della propria rete viaria, dei propri cittadini, dei propri lavoratori, degli studenti, dei turisti era una spesa? Davvero assicurare una forza lavoro qualificata, quella di Veneto Strade, con operai specializzati che delle proprie strade si prendono cura, che sanno rispondere ai bisogni di amministratori locali, di cittadini, era una spesa? Qualche giorno fa, come ricetta contro lo spopolamento, il Presidente aveva tuonato \u201cservono risorse\u201d. Forse avevamo capito male ma pensavamo che le risorse potessero servire per garantire le infrastrutture, la viabilit\u00e0.<\/p>\n<p>Davvero dovevamo privarci delle strade pi\u00f9 strategiche per il territorio, ivi compresa la sinistra piave SP1 (che, come dice il nome, non era una regionale o statale ma era, appunto, la provinciale storica) per risparmiare? Tranne per\u00f2 mantenere la gestione di strade assolutamente secondarie, non strategiche che coster\u00e0 paradossalmente di pi\u00f9. Sar\u00e0.. fortuna che arriver\u00e0 Anas, risparmieremo soldi (per fare cosa visto che abbiamo perso una delle poche e strategiche competenze provinciali?) e la viabilit\u00e0 bellunese sar\u00e0 comunque assicurata da un\u2019efficiente societ\u00e0 come Veneto Strade.<\/p>\n<p>Anche su questo ci spiace dover contraddire Provincia e Regione.. forse non hanno chiaro di come la Veneto Strade di oggi non sia certo quella del 2004, di quel progetto. Manca il personale di allora: per troppi anni le assunzioni sono state bloccate e i piani di assunzione proposti negli ultimi anni sono assolutamente insufficienti. Si limitano infatti a rimpiazzare i pensionandi (peraltro con previsioni sempre a ribasso) e non consentono nemmeno di ricostruire le squadre degli \u201canni d\u2019oro\u201d. Quasi tutte le attivit\u00e0 sono date all\u2019esterno (confidando che troveranno ancora ditte interessate agli appalti.. il caso degli appalti scolastici del pnrr \u00e8 emblematico), mancano mezzi e manca un piano industriale. Ci sfugge infine quale sia il modello di gestore che Provincia e Regione immaginano dopo questa lenta agonia nel prossimo biennio di Veneto Strade. Si parla di una nuova societ\u00e0.. ma su quale modello? Quello Anas, degli appalti, della 51 d\u2019Alemagna, della manodopera assunta con concorsi nazionali e distaccata al bisogno? Quello di Veneto Strade che in questi anni non hanno mai curato? Per cosa? Per gestire la viabilit\u00e0 ordinaria (davvero ad Anas interessa gestire una viabilit\u00e0 ordinaria cos\u00ec \u201conerosa\u201d e svantaggiosa?)? E per il personale? Ci permettiamo sommessamente di ricordare come in fosse stato sottoscritto un accordo sindacale che prevedeva, nel caso di cessazione dell\u2019esperienza di Veneto Strade, il rientro in Provincia del personale oggetto di esternalizzazione.. se tutto torna come prima possiamo pensare che i dipendenti di allora rientrino in servizio in Provincia?<\/p>\n<p>&nbsp;<\/p>\n<hr \/>\n<p>&nbsp;<\/p>\n<blockquote>\n<h3>CANER IN MARMOLADA, TEMA DEL GIORNO IL NUOVO IMPIANTO DELLA PADON<\/h3>\n<\/blockquote>\n<p><strong>DI GIANNI SANTOMASO\u00a0<\/strong><\/p>\n<audio class=\"wp-audio-shortcode\" id=\"audio-314847-2\" preload=\"none\" style=\"width: 100%;\" controls=\"controls\"><source type=\"audio\/mpeg\" src=\"https:\/\/www.radiopiu.net\/wordpress\/wp-content\/uploads\/2023\/01\/GIANNI-SANTOMASO-ROCCA.mp3?_=2\" \/><a href=\"https:\/\/www.radiopiu.net\/wordpress\/wp-content\/uploads\/2023\/01\/GIANNI-SANTOMASO-ROCCA.mp3\">https:\/\/www.radiopiu.net\/wordpress\/wp-content\/uploads\/2023\/01\/GIANNI-SANTOMASO-ROCCA.mp3<\/a><\/audio>\n<p>&nbsp;<\/p>\n<p><a class=\"dt-pswp-item\" href=\"https:\/\/www.radiopiu.net\/wordpress\/wp-content\/uploads\/2023\/01\/94382801-e784-4cf7-b957-71a5080f63eb.jpg\" data-dt-img-description=\"\" data-large_image_width=\"1600\" data-large_image_height=\"1200\"><img loading=\"lazy\" decoding=\"async\" class=\"wp-image-314893 alignleft\" src=\"https:\/\/www.radiopiu.net\/wordpress\/wp-content\/uploads\/2023\/01\/94382801-e784-4cf7-b957-71a5080f63eb-300x225.jpg\" alt=\"\" width=\"197\" height=\"148\" srcset=\"https:\/\/www.radiopiu.net\/wordpress\/wp-content\/uploads\/2023\/01\/94382801-e784-4cf7-b957-71a5080f63eb-300x225.jpg 300w, https:\/\/www.radiopiu.net\/wordpress\/wp-content\/uploads\/2023\/01\/94382801-e784-4cf7-b957-71a5080f63eb-1024x768.jpg 1024w, https:\/\/www.radiopiu.net\/wordpress\/wp-content\/uploads\/2023\/01\/94382801-e784-4cf7-b957-71a5080f63eb-768x576.jpg 768w, https:\/\/www.radiopiu.net\/wordpress\/wp-content\/uploads\/2023\/01\/94382801-e784-4cf7-b957-71a5080f63eb-1536x1152.jpg 1536w, https:\/\/www.radiopiu.net\/wordpress\/wp-content\/uploads\/2023\/01\/94382801-e784-4cf7-b957-71a5080f63eb.jpg 1600w\" sizes=\"auto, (max-width: 197px) 100vw, 197px\" \/><\/a><strong>ROCCA PIETORE<\/strong> Progetti ambiziosi per il comprensorio, quasi 5 milioni di euro compreso il\u00a0 parco giochi invernale ed estivo, i nuovi impianti di innevamento, per fare nuova linfa a Malga Ciapela. La stazione turistica alla ricerca di notoriet\u00e0 e non solo sciistica. L&#8217;assessore Federico Caner si dimostra collaboratorivo come conferma il sindaco, Andrea De Bernardin<\/p>\n<p><strong>AUDIO<\/strong><\/p>\n<p>&nbsp;<\/p>\n<audio class=\"wp-audio-shortcode\" id=\"audio-314847-3\" preload=\"none\" style=\"width: 100%;\" controls=\"controls\"><source type=\"audio\/mpeg\" src=\"https:\/\/www.radiopiu.net\/wordpress\/wp-content\/uploads\/2023\/01\/CANER.mp3?_=3\" \/><a href=\"https:\/\/www.radiopiu.net\/wordpress\/wp-content\/uploads\/2023\/01\/CANER.mp3\">https:\/\/www.radiopiu.net\/wordpress\/wp-content\/uploads\/2023\/01\/CANER.mp3<\/a><\/audio>\n<p>&nbsp;<\/p>\n<p>&nbsp;<\/p>\n<hr \/>\n<p>&nbsp;<\/p>\n<blockquote>\n<h3>I 70 ANNI DELLA SCUOLA EDILE DI SEDICO CON PROTAGONISTA CREPET<\/h3>\n<p><img loading=\"lazy\" decoding=\"async\" class=\"alignleft\" src=\"https:\/\/www.radiopiu.net\/wordpress\/wp-content\/uploads\/2023\/01\/c7dee6e9-dfaf-4bf6-9669-8424ac0d9954.jpg\" width=\"238\" height=\"134\" \/><strong>SEDICO<\/strong> Per celebrare i 70 anni di attivit\u00e0, si sta lavorando ad un calendario di iniziative che occuperanno l&#8217;intero arco del 2023: si andr\u00e0 da quelle istituzionali come la fine dell&#8217;anno scolastico, con l&#8217;ipotesi di consegnare attestati agli studenti meritevoli, a quelle fieristiche, come la partecipazione alla fiera Costruire a Longarone Fiere a fine febbraio, gi\u00e0 in calendario a Belluno per fine mese l&#8217;incontro con\u00a0 Paolo Crepet.<\/p>\n<p><strong>DI DANIELE DALVIT<\/strong><\/p>\n<audio class=\"wp-audio-shortcode\" id=\"audio-314847-4\" preload=\"none\" style=\"width: 100%;\" controls=\"controls\"><source type=\"audio\/mpeg\" src=\"https:\/\/www.radiopiu.net\/wordpress\/wp-content\/uploads\/2023\/01\/DANIELE-DAL-VIT-SCUOLA-EDILE.mp3?_=4\" \/><a href=\"https:\/\/www.radiopiu.net\/wordpress\/wp-content\/uploads\/2023\/01\/DANIELE-DAL-VIT-SCUOLA-EDILE.mp3\">https:\/\/www.radiopiu.net\/wordpress\/wp-content\/uploads\/2023\/01\/DANIELE-DAL-VIT-SCUOLA-EDILE.mp3<\/a><\/audio>\n<p>&nbsp;<\/p><\/blockquote>\n<p>&nbsp;<\/p>\n<p>&nbsp;<\/p>\n<hr \/>\n<blockquote>\n<h3><\/h3>\n<h3>OTTIMI RISULTATI PER IL NATALE 2022 A BELLUNO<\/h3>\n<\/blockquote>\n<p><strong>BELLUNO <\/strong>Una dozzina di casette al mercatino, quattro postazioni per la somministrazione di bevande e cibo, 16 ore e mezzo di proiezioni artistiche sulle facciate di alcuni palazzi della citt\u00e0, oltre 4 mila ingressi alla pista di pattinaggio su ghiaccio e uno spettacolo da tutto esaurito, quello del 27 dicembre al Teatro Comunale, che ha portato circa 5 mila euro nelle casse del Comune a favore del fondo dedicato alle famiglie in difficolt\u00e0. Sono alcuni dei numeri del Natale 2022. \u201cUn Natale sobrio, festeggiamenti eleganti e proposte per tutte le et\u00e0, siamo soddisfatti della risposta dei bellunesi \u2013 commenta il sindaco, Oscar De Pellegrin -, la collaborazione con il Consorzio Belluno Centro Storico \u00e8 stata molto positiva, abbiamo fatto squadra e lo sforzo \u00e8 stato unanime\u201d.<\/p>\n<p><strong>L\u2019ASSESSORE AL TURISMO, PAOLO LUCIANI <\/strong><\/p>\n<p><iframe loading=\"lazy\" title=\"NATALE BELLUNO\" width=\"1200\" height=\"675\" src=\"https:\/\/www.youtube.com\/embed\/INYVNsOyWAw?feature=oembed\" frameborder=\"0\" allow=\"accelerometer; autoplay; clipboard-write; encrypted-media; gyroscope; picture-in-picture; web-share\" allowfullscreen><\/iframe><\/p>\n<p>&nbsp;<\/p>\n<hr \/>\n<p>&nbsp;<\/p>\n<blockquote>\n<h3>IL CENTRO OPERATIVO PER LA SICUREZZA CIBERNETICA DELLA POLIZIA POSTALE E DELLE COMUNICAZIONI DEL VENETO RIASSUME LE ATTIVITA&#8217; DEL 2022<\/h3>\n<\/blockquote>\n<p><a class=\"dt-pswp-item\" href=\"https:\/\/www.radiopiu.net\/wordpress\/wp-content\/uploads\/2019\/01\/cyber-b.jpg\" data-dt-img-description=\"Computer hacker and cyber crime\" data-large_image_width=\"626\" data-large_image_height=\"359\"><img loading=\"lazy\" decoding=\"async\" class=\"alignleft wp-image-73281 size-medium\" src=\"https:\/\/www.radiopiu.net\/wordpress\/wp-content\/uploads\/2019\/01\/cyber-b-300x172.jpg\" alt=\"\" width=\"300\" height=\"172\" srcset=\"https:\/\/www.radiopiu.net\/wordpress\/wp-content\/uploads\/2019\/01\/cyber-b-300x172.jpg 300w, https:\/\/www.radiopiu.net\/wordpress\/wp-content\/uploads\/2019\/01\/cyber-b.jpg 626w\" sizes=\"auto, (max-width: 300px) 100vw, 300px\" \/><\/a><\/p>\n<p><strong>VENEZIA <\/strong>Il Centro Operativo per la Sicurezza Cibernetica \u2013 Polizia Postale Veneto, unitamente alle sei dislocazioni periferiche delle Sezioni Operative per la Sicurezza Cibernetica ubicate in ciascun capoluogo provinciale del Veneto, nel corso del 2022 hanno dato il loro significativo contributo al dato nazionale nelle attivit\u00e0 d\u2019istituto. In particolare, nel delicato settore dei reati in danno della persona, sono stati trattati 89 casi in materia di Pedopornografia (con 14 arresti e 77 soggetti denunciati): di particolare valore anche il <em>report<\/em> di 88 segnalazioni pervenute da associazioni attive nella tutela delle persone, mentre sono state anche 3 le operazioni effettuate sotto copertura dagli agenti di via Cappelletto a Mestre. Nell\u2019ambito dell\u2019adescamento di minori, sono state identificate 14 vittime di reati attinenti alla sfera sessuale, con una trentina di casi trattati, in prevalenza sulla fascia 10-13 anni. Viceversa, nel variegato campo delle minacce veicolate sul web, sono sti trattati ben 102 casi, con 22 soggetti denunciati all\u2019Autorit\u00e0 Giudiziaria e 13 perquisizioni svolte dagli operatori della Polizia Postale. L\u2019altro settore di competenza della Polizia Postale, ovvero quello dei reati in materia di <em>Financial CyberCrime<\/em>, ha visto ben 297 episodi di varia natura sensibili di ulteriori sviluppi investigativi (10 dei quali con vittime minorenni), 27 persone denunciate a fronte di 9 perquisizioni domiciliari svolte dai poliziotti veneziani. Nel computo dell\u2019attivit\u00e0 annuale, anche il sequestro di due spazi virtuali ed oltre 600 soggetti controllati al terminale interforze in uso alle forze dell\u2019ordine. Inoltre, sono stati 949 gli episodi riconducibili a truffe di varia natura (tra esse spiccano quelle del Trading on Line e delle truffe sentimentali), con 102 soggetti indagati. All\u2019appello non mancano nemmeno le frodi, quali le rapine (un episodio), il furto di corrispondenza (5 episodi) e gli attacchi agli sportelli ATM degli uffici postali. Nel corso dell\u2019attivit\u00e0 di controllo degli uffici postali, effettuati soprattutto in corrispondenza del pagamento delle pensioni, sono stati vigilate ben 1842 strutture con l\u2019impiego di 182 pattuglie. Per quanto riguarda il settore pi\u00f9 \u201cspecialistico\u201d del \u201c<em>Computer Crime<\/em>\u201d, nel corso del 2022 gli agenti hanno trattato 1221 episodi di attacchi informatici a privati ed aziende, 15 i soggetti denunciati all\u2019A.G. e 3 perquisizioni svolte. Dato significativo invece \u00e8 quello degli spazi virtuali monitorati, ben 307 per reati che vanno dall\u2019<em>hacking<\/em>, agli <em>exchange wallet<\/em>, ai <em>ransomware<\/em>. Censiti anche 1422 <em>alert<\/em> informatici subiti da aziende del territorio, parte dei quali segnalati proprio da Aziende con le quali era attivo il \u201cProtocollo d\u2019Intesa per le infrastrutture sensibili del territorio\u201d, iniziativa illustrata di seguito. Nelle maglie delle indagini sono finiti anche soggetti responsabili di possesso di apparecchiature o dispositivi diretti a danneggiare o interrompere un sistema informatico o telematico (3 casi), rilevazione di segreti professionali, scientifici o commerciali (5 casi) e diffamazione a personalit\u00e0 dello Stato. Particolare attenzione \u00e8 stata posta anche nei riguardi dei fenomeni eversivi e terroristici postati in rete, con risultati evidenti e qualitativamente importanti comunicati agli organi investigativi di livello superiore per le successive attivit\u00e0. Un capitolo a parte sono state le collaborazioni istituzionali con enti, istituzioni o particolari realt\u00e0 produttive che, in virt\u00f9 della riconosciuta importanza strategica in abito nazionale o per la loro costituzione e detenzione di dati sensibili sono state individuate quali naturali destinatarie del \u201cProtocollo d\u2019intesa per le infrastrutture sensibili del territorio\u201d: uno scambio di informazioni, <em>know how<\/em>, esperienze e formazione per rendere quanto pi\u00f9 sicure e protette possibile le strutture informatiche che rappresentano pubbliche utilit\u00e0 o archivio di dati sensibili dei cittadini o relativamente alla sicurezza. In questo ambito, nel corso del 2022 sono state ben 8 le strutture radicate nella Regione che hanno sottoscritto l\u2019accordo con la Polizia Postale, che si sommano alle altre 23 che in passato hanno gi\u00e0 aderito al progetto. Infine, l\u2019attivit\u00e0 degli agenti della Polizia Postale nelle scuole (al fine di partecipare ad attivit\u00e0 di informazione e formazione verso gli studenti, i docenti e i genitori dei ragazzi) ha consentito di incontrare, durante l\u2019intero anno 2022, ben 48803 studenti di 65 istituti scolastici, 2023 docenti e 3338 genitori; tra essi, si collocano anche le iniziative \u201cUna Vita da Social\u201d, \u201cCuori Connessi\u201d, gli eventi predisposti nell\u2019ambito del \u201cSafer Internet Day\u201d e quelli di orientamento verso il mondo del lavoro.<\/p>\n<p>&nbsp;<\/p>\n<p>&nbsp;<\/p>\n<hr \/>\n<p>&nbsp;<\/p>\n<blockquote>\n<h3>GIUNTA REGIONALE CONFERMA MISURE STRAORDINARIE PER LA CARENZA DI MEDICI DI MEDICINA GENERALE<\/h3>\n<\/blockquote>\n<p><strong><a class=\"dt-pswp-item\" href=\"https:\/\/www.radiopiu.net\/wordpress\/wp-content\/uploads\/2020\/10\/Medicodimedicinagenerale.jpg\" data-dt-img-description=\"\" data-large_image_width=\"1200\" data-large_image_height=\"790\"><img loading=\"lazy\" decoding=\"async\" class=\" wp-image-167000 alignleft\" src=\"https:\/\/www.radiopiu.net\/wordpress\/wp-content\/uploads\/2020\/10\/Medicodimedicinagenerale-300x198.jpg\" alt=\"\" width=\"177\" height=\"117\" srcset=\"https:\/\/www.radiopiu.net\/wordpress\/wp-content\/uploads\/2020\/10\/Medicodimedicinagenerale-300x198.jpg 300w, https:\/\/www.radiopiu.net\/wordpress\/wp-content\/uploads\/2020\/10\/Medicodimedicinagenerale-1024x674.jpg 1024w, https:\/\/www.radiopiu.net\/wordpress\/wp-content\/uploads\/2020\/10\/Medicodimedicinagenerale-768x506.jpg 768w, https:\/\/www.radiopiu.net\/wordpress\/wp-content\/uploads\/2020\/10\/Medicodimedicinagenerale.jpg 1200w\" sizes=\"auto, (max-width: 177px) 100vw, 177px\" \/><\/a>VENEZIA <\/strong>La Giunta regionale del Veneto ha approvato \u2013 su proposta dell\u2019assessore alla Sanit\u00e0 e alle Politiche sociali, Manuela Lanzarin \u2013 due provvedimenti mirati a rinforzare la copertura assistenziale territoriale e contenere gli effetti della carenza di medici di medicina generale. Nello specifico, in uno dei provvedimenti, sono state prorogate le \u201cdisposizioni temporanee ed eccezionali in materia di assistenza primaria e di continuit\u00e0 assistenziale\u201d prevedendo la possibilit\u00e0, su base volontaria, di portare per ogni MMG in attivit\u00e0 il massimo degli assistiti dal 1.500 a 1.800 (prevedendo un\u2019integrazione regionale all\u2019indennit\u00e0 annua per il collaboratore di studio pari a 2 euro in pi\u00f9 a quelli gi\u00e0 previsti per assistito). Nell\u2019altro \u00e8 stato definito l\u2019assetto organizzativo del corso triennale di formazione specifica per la nuova annualit\u00e0 accademica, fornendo nuove disposizioni per coloro che espletano incarichi provvisori o temporanei durante la frequenza. La delibera che definisce l\u2019assetto formativo fissa, per le tre annualit\u00e0 in corso nell\u2019anno accademico 2021-22, un finanziamento di 8 milioni 500 mila euro da destinare alla Fondazione Scuola di Sanit\u00e0 Pubblica per la Formazione Specifica in Medicina Generale, dei quali 830.000 euro serviranno, grazie al PNRR, a pagare 66 borse di studio aggiuntive alle 240 gi\u00e0 finanziate con lo scopo sempre di far fronte alla carenza di MMG. Quella che garantisce l\u2019aumento del massimale degli assistititi, assegna alle Ulss del Veneto, in via temporanea ed eccezionale, un investimento complessivo fino ad un massimo di 29 milioni di euro per l\u2019anno appena iniziato.<\/p>\n<p>&nbsp;<\/p>\n<p>&nbsp;<\/p>\n<hr \/>\n<p>&nbsp;<\/p>\n<blockquote>\n<h3>AUTISMO: 8 MILIONI E 230 MILA EURO PER UN PROGETTO INNOVATIVO CHE PREVEDE LA PRESA IN CARICO GLOBALE DELLA PERSONA<\/h3>\n<\/blockquote>\n<p><strong>VENEZIA <\/strong>\u201cSi stima che un bambino su 77, tra i 7 e i 9 anni di et\u00e0, presenti un disturbo dello spettro autistico con una prevalenza maggiore nei maschi. \u00c8 una patologia che richiede un percorso di presa in carico che consideri non solo la persona che ne soffre, ma che allarghi gli interventi all\u2019ambito familiare. Come Regione Veneto iniziamo l\u2019anno nuovo portando a compimento un percorso innovativo, che va ad integrare quello gi\u00e0 esistente, per la presa in carico delle persone che soffrono del disturbo dello spettro autistico, prevedendo non solo modalit\u00e0 dirette di intervento, ma valutando un percorso di inserimento nel mondo del lavoro, nella societ\u00e0, all\u2019interno della famiglia e nella carriera scolastica\u201d. Con queste parole l\u2019assessore alla Sanit\u00e0 e alle Politiche Sociali, Manuela Lanzarin, annuncia che la Giunta regionale ha approvato il programma del decreto, del 29 luglio scorso, del Ministro per le disabilit\u00e0 di concerto con il Ministro dell&#8217;economia e delle finanze e il Ministro del lavoro, che riguarda il &#8220;Riparto e modalit\u00e0 per l&#8217;utilizzazione delle risorse del Fondo per l&#8217;inclusione delle persone con disabilit\u00e0\u201d, con lo scopo di realizzare gli interventi dedicati alle persone con disturbo dello spettro autistico. Il decreto assegna alla Regione del Veneto 8.230.000 euro, destinati a finanziare la realizzazione di interventi e progetti aggiuntivi e non strutturati, dedicati alla \u201cpromozione del benessere e della qualit\u00e0 della vita delle persone con disturbo dello spettro autistico, assistite in un contesto pi\u00f9 ampio di inclusione sociale. Si inserisce, quindi, e completa la normativa regionale gi\u00e0 varata in materia.<\/p>\n<p>&nbsp;<\/p>\n<hr \/>\n<p>&nbsp;<\/p>\n<blockquote>\n<h3>LA BEFANA DELLA BIODIVERSITA&#8217; IN PEDIATRIA A BELLUNO<\/h3>\n<\/blockquote>\n<p><a class=\"dt-pswp-item\" href=\"https:\/\/www.radiopiu.net\/wordpress\/wp-content\/uploads\/2023\/01\/befana-della-biodiversita_belluno.jpeg\" data-dt-img-description=\"\" data-large_image_width=\"1500\" data-large_image_height=\"1173\"><img loading=\"lazy\" decoding=\"async\" class=\"wp-image-314943 alignleft\" src=\"https:\/\/www.radiopiu.net\/wordpress\/wp-content\/uploads\/2023\/01\/befana-della-biodiversita_belluno-1024x801.jpeg\" alt=\"\" width=\"348\" height=\"272\" srcset=\"https:\/\/www.radiopiu.net\/wordpress\/wp-content\/uploads\/2023\/01\/befana-della-biodiversita_belluno-1024x801.jpeg 1024w, https:\/\/www.radiopiu.net\/wordpress\/wp-content\/uploads\/2023\/01\/befana-della-biodiversita_belluno-300x235.jpeg 300w, https:\/\/www.radiopiu.net\/wordpress\/wp-content\/uploads\/2023\/01\/befana-della-biodiversita_belluno-768x601.jpeg 768w, https:\/\/www.radiopiu.net\/wordpress\/wp-content\/uploads\/2023\/01\/befana-della-biodiversita_belluno.jpeg 1500w\" sizes=\"auto, (max-width: 348px) 100vw, 348px\" \/><\/a><strong>BELLUNO<\/strong>\u00a0 Come da tradizione, i Carabinieri Forestali del reparto Biodiversit\u00e0 di Belluno, con il Brigadiere Walter Mariz e la dott.ssa Monica Sommacal, addetta all\u2019attivit\u00e0 didattica, hanno portato dei doni dedicati al tema dell\u2019ambiente e della biodiversit\u00e0 ai piccoli degenti della Pediatria di Belluno. L\u2019iniziativa, diffusa a livello nazionale e sostenuta dal comandante del Reparto Carabinieri Biodiversit\u00e0 di Belluno, il colonnello Gianfranco Munari, ha visto la consegna per ciascun bambino di un pacco regalo: oltre a un quadernone e una matita, ai bambini \u00e8 stato donato un libro con immagini riprese all\u2019interno delle riserve naturali gestite dal Reparto dei Carabinieri Biodiversit\u00e0 e una guida sugli animali selvatici. Dalla Ulss1 il grazie per questo pensiero di solidariet\u00e0 che vuole avvicinare sempre di pi\u00f9 tutti i bambini ai valori della tutela della natura promuovendo la conoscenza della biodiversit\u00e0.<\/p>\n<p>&nbsp;<\/p>\n<hr \/>\n<p>&nbsp;<\/p>\n<blockquote>\n<h3>NUOVE ASSUNZIONI ALLA CROCE VERDE VAL BIOIS<\/h3>\n<\/blockquote>\n<p><img loading=\"lazy\" decoding=\"async\" class=\"alignleft\" src=\"https:\/\/www.radiopiu.net\/wordpress\/wp-content\/uploads\/2023\/01\/Senza-nome-9.jpg\" width=\"108\" height=\"104\" \/>L<span id=\"page3R_mcid4\" class=\"markedContent\"><span dir=\"ltr\" role=\"presentation\">a Croce Verde Val Biois\u00a0 assume <\/span><span dir=\"ltr\" role=\"presentation\">personale qualificato per l\u2019attivit\u00e0 di soccorso in ambulanza. <\/span><\/span><span id=\"page3R_mcid6\" class=\"markedContent\"><span dir=\"ltr\" role=\"presentation\">Il servizio <\/span><span dir=\"ltr\" role=\"presentation\">riguarda il soccorso in <\/span><span dir=\"ltr\" role=\"presentation\">emergenza con regolare contratto ANPAS. <\/span><\/span><span id=\"page3R_mcid7\" class=\"markedContent\"><span dir=\"ltr\" role=\"presentation\">Il posto<\/span> <span dir=\"ltr\" role=\"presentation\">di lavoro disponibil<\/span><span dir=\"ltr\" role=\"presentation\">e \u00e8<\/span> <span dir=\"ltr\" role=\"presentation\">full time, a<\/span> <span dir=\"ltr\" role=\"presentation\">settimane alterne da 37 a<\/span> <span dir=\"ltr\" role=\"presentation\">4<\/span><span dir=\"ltr\" role=\"presentation\">3<\/span> <span dir=\"ltr\" role=\"presentation\">h\/sett, <\/span><span dir=\"ltr\" role=\"presentation\">con ruolo di autista<\/span><span dir=\"ltr\" role=\"presentation\">&#8211;<\/span><span dir=\"ltr\" role=\"presentation\">soccorritore.\u00a0 <\/span><\/span><span id=\"page3R_mcid9\" class=\"markedContent\"><span dir=\"ltr\" role=\"presentation\">Gli<\/span> <span dir=\"ltr\" role=\"presentation\">interessati<\/span> <span dir=\"ltr\" role=\"presentation\">sono<\/span> <span dir=\"ltr\" role=\"presentation\">invitati<\/span> <span dir=\"ltr\" role=\"presentation\">ad<\/span> <span dir=\"ltr\" role=\"presentation\">inviare<\/span> <span dir=\"ltr\" role=\"presentation\">l\u2019apposita <\/span><span dir=\"ltr\" role=\"presentation\">comunicazione<\/span> <span dir=\"ltr\" role=\"presentation\">di <\/span><span dir=\"ltr\" role=\"presentation\">manifestazione<\/span> <span dir=\"ltr\" role=\"presentation\">d\u2019interesse<\/span> <span dir=\"ltr\" role=\"presentation\">e<\/span> <span dir=\"ltr\" role=\"presentation\">il<\/span> <span dir=\"ltr\" role=\"presentation\">proprio<\/span> <span dir=\"ltr\" role=\"presentation\">curriculum<\/span> <span dir=\"ltr\" role=\"presentation\">vitae<\/span> <span dir=\"ltr\" role=\"presentation\">all\u2019indirizzo<\/span><\/span><span id=\"page3R_mcid10\" class=\"markedContent\"><br role=\"presentation\" \/><span dir=\"ltr\" role=\"presentation\">croceverde.valbiois@gmail.com<\/span><\/span><span id=\"page3R_mcid11\" class=\"markedContent\"> <span dir=\"ltr\" role=\"presentation\">entro<\/span> <span dir=\"ltr\" role=\"presentation\">sabato<\/span> <span dir=\"ltr\" role=\"presentation\">31<\/span> <span dir=\"ltr\" role=\"presentation\">gennaio<\/span> <span dir=\"ltr\" role=\"presentation\">2023<\/span><span dir=\"ltr\" role=\"presentation\">.\u00a0<\/span><\/span><\/p>\n<p>&nbsp;<\/p>\n<hr \/>\n<p>&nbsp;<\/p>\n<p><strong>di Tiziano De Col<\/strong><\/p>\n\n\t\t\t<style type='text\/css'>\n\t\t\t\t#gallery-2 {\n\t\t\t\t\tmargin: auto;\n\t\t\t\t}\n\t\t\t\t#gallery-2 .gallery-item {\n\t\t\t\t\tfloat: left;\n\t\t\t\t\tmargin-top: 10px;\n\t\t\t\t\ttext-align: center;\n\t\t\t\t\twidth: 20%;\n\t\t\t\t}\n\t\t\t\t#gallery-2 img {\n\t\t\t\t\tborder: 2px solid #cfcfcf;\n\t\t\t\t}\n\t\t\t\t#gallery-2 .gallery-caption {\n\t\t\t\t\tmargin-left: 0;\n\t\t\t\t}\n\t\t\t\t\/* see gallery_shortcode() in wp-includes\/media.php *\/\n\t\t\t<\/style>\n\t\t<div id='gallery-2' class='dt-gallery-container gallery galleryid-314847 gallery-columns-5 gallery-size-thumbnail'><dl class='gallery-item'>\n\t\t\t\t<dt class='gallery-icon landscape'>\n\t\t\t\t\t<a class=\"rollover rollover-zoom dt-pswp-item\" title=\"fcc02f60-ac1e-4893-9998-565e7229ef36\" data-dt-img-description=\"\" data-large_image_width=\"602\" data-large_image_height=\"353\"href='https:\/\/www.radiopiu.net\/wordpress\/wp-content\/uploads\/2023\/01\/fcc02f60-ac1e-4893-9998-565e7229ef36.jpg'><img loading=\"lazy\" decoding=\"async\" width=\"150\" height=\"150\" src=\"https:\/\/www.radiopiu.net\/wordpress\/wp-content\/uploads\/2023\/01\/fcc02f60-ac1e-4893-9998-565e7229ef36-150x150.jpg\" class=\"attachment-thumbnail size-thumbnail\" alt=\"\" \/><\/a>\n\t\t\t\t<\/dt><\/dl><dl class='gallery-item'>\n\t\t\t\t<dt class='gallery-icon landscape'>\n\t\t\t\t\t<a class=\"rollover rollover-zoom dt-pswp-item\" title=\"b1a1c0ae-8bec-4ed6-8c0e-c84a7b4b6c3e\" data-dt-img-description=\"\" data-large_image_width=\"601\" data-large_image_height=\"367\"href='https:\/\/www.radiopiu.net\/wordpress\/wp-content\/uploads\/2023\/01\/b1a1c0ae-8bec-4ed6-8c0e-c84a7b4b6c3e.jpg'><img loading=\"lazy\" decoding=\"async\" width=\"150\" height=\"150\" src=\"https:\/\/www.radiopiu.net\/wordpress\/wp-content\/uploads\/2023\/01\/b1a1c0ae-8bec-4ed6-8c0e-c84a7b4b6c3e-150x150.jpg\" class=\"attachment-thumbnail size-thumbnail\" alt=\"\" \/><\/a>\n\t\t\t\t<\/dt><\/dl><dl class='gallery-item'>\n\t\t\t\t<dt class='gallery-icon landscape'>\n\t\t\t\t\t<a class=\"rollover rollover-zoom dt-pswp-item\" title=\"1dbdf7ce-65d9-4918-bd4a-757f6da4535a\" data-dt-img-description=\"\" data-large_image_width=\"604\" data-large_image_height=\"363\"href='https:\/\/www.radiopiu.net\/wordpress\/wp-content\/uploads\/2023\/01\/1dbdf7ce-65d9-4918-bd4a-757f6da4535a.jpg'><img loading=\"lazy\" decoding=\"async\" width=\"150\" height=\"150\" src=\"https:\/\/www.radiopiu.net\/wordpress\/wp-content\/uploads\/2023\/01\/1dbdf7ce-65d9-4918-bd4a-757f6da4535a-150x150.jpg\" class=\"attachment-thumbnail size-thumbnail\" alt=\"\" \/><\/a>\n\t\t\t\t<\/dt><\/dl><dl class='gallery-item'>\n\t\t\t\t<dt class='gallery-icon landscape'>\n\t\t\t\t\t<a class=\"rollover rollover-zoom dt-pswp-item\" title=\"be3ac487-7d86-4bda-828a-a2cb73457b0d\" data-dt-img-description=\"\" data-large_image_width=\"604\" data-large_image_height=\"358\"href='https:\/\/www.radiopiu.net\/wordpress\/wp-content\/uploads\/2023\/01\/be3ac487-7d86-4bda-828a-a2cb73457b0d.jpg'><img loading=\"lazy\" decoding=\"async\" width=\"150\" height=\"150\" src=\"https:\/\/www.radiopiu.net\/wordpress\/wp-content\/uploads\/2023\/01\/be3ac487-7d86-4bda-828a-a2cb73457b0d-150x150.jpg\" class=\"attachment-thumbnail size-thumbnail\" alt=\"\" \/><\/a>\n\t\t\t\t<\/dt><\/dl><dl class='gallery-item'>\n\t\t\t\t<dt class='gallery-icon landscape'>\n\t\t\t\t\t<a class=\"rollover rollover-zoom dt-pswp-item\" title=\"1aaccacc-d313-4976-8a7f-da096b25193b\" data-dt-img-description=\"\" data-large_image_width=\"624\" data-large_image_height=\"363\"href='https:\/\/www.radiopiu.net\/wordpress\/wp-content\/uploads\/2023\/01\/1aaccacc-d313-4976-8a7f-da096b25193b.jpg'><img loading=\"lazy\" decoding=\"async\" width=\"150\" height=\"150\" src=\"https:\/\/www.radiopiu.net\/wordpress\/wp-content\/uploads\/2023\/01\/1aaccacc-d313-4976-8a7f-da096b25193b-150x150.jpg\" class=\"attachment-thumbnail size-thumbnail\" alt=\"\" \/><\/a>\n\t\t\t\t<\/dt><\/dl><br style=\"clear: both\" \/>\n\t\t\t<\/div>\n\n<p>&nbsp;<\/p>\n<hr \/>\n<p>&nbsp;<\/p>\n<blockquote>\n<h3>L&#8217;ULSS 1 DOLOMITI HA INVESTITO NEL 2022 OLTRE 4 MILIONI IN TECNOLOGIE<\/h3>\n<\/blockquote>\n<p><strong><a class=\"dt-pswp-item\" href=\"https:\/\/www.radiopiu.net\/wordpress\/wp-content\/uploads\/2020\/03\/ULSS-1-DOLOMITI-LOGO.jpg\" data-dt-img-description=\"\" data-large_image_width=\"298\" data-large_image_height=\"219\"><img loading=\"lazy\" decoding=\"async\" class=\" wp-image-121256 alignleft\" src=\"https:\/\/www.radiopiu.net\/wordpress\/wp-content\/uploads\/2020\/03\/ULSS-1-DOLOMITI-LOGO.jpg\" alt=\"\" width=\"146\" height=\"107\" \/><\/a>BELLUNO <\/strong>Nel corso del 2022 \u00e8 stato fatto un importante investimento nelle tecnologie in Ulss Dolomiti con l\u2019acquisto di attrezzature per oltre 4 milioni di euro. A questi si aggiungono gli investimenti per l\u2019intelligenza artificiale, per circa 236 mila euro complessivi, che riguardano sistemi acquisiti a noleggio per le Gastroenterologie di Belluno e Feltre e per il sistema \u201cRapid\u201d per le diagnosi di ictus, installato in tutte le Radiologie dell\u2019azienda. Tra le attrezzature acquistate nel 2022, spicca il nuovo acceleratore lineare per la Radioterapia del valore di quasi 2 milioni di euro.\u00a0 Sono stati acquistati 7 ecotomografi per varie unit\u00e0 operative (internisitiche, chirurgiche specialistici, ginecologiche, vascolari e per i distretti) per oltre 500 mila euro complessivi, consentendo un rinnovo e un potenziamento della diagnostica. Sono state inoltre acquistate due colonne per videoendoscopia respiratoria flessibile per le Pneumologie di Belluno e Feltre per circa 360 mila euro. Per il blocco operatorio di Feltre \u00e8 stato acquistato un laser urologico del valore di 176 mila euro. Sono stati acquistati anche nuovi lettori holter multidisciplinari completi di registratori per adulti e pediatrici per le unit\u00e0 di Cardiologia e per la Medicina di Agordo per circa 160 mila euro. Infine, sono stati acquistati tutta una serie di attrezzature varie (da defibrillatori a isole neonatali, da tromboelastografi alle monitor multiparametrici) per rinnovare costantemente ed innovare le tecnologie a supporto dei clinici per offrire sempre il meglio alle persone assistite.<\/p>\n<p>&nbsp;<\/p>\n<hr \/>\n<p>&nbsp;<\/p>\n<blockquote>\n<h3>AIUTI ALLE FAMIGLIE CON IL BONUS BEBE&#8217;<\/h3>\n<\/blockquote>\n<div><b>CALALZO <\/b>Il 2022 del Comune di Calalzo di Cadore si \u00e8 chiuso con l&#8217;approvazione da parte della giunta comunale dell&#8217;erogazione del bonus beb\u00e8 e del bonus bollette destinati alle famiglie del paese. Dieci i nuovi nati nel territorio comunale, che riceveranno ciascuno un \u201cpremio\u201d da 500 euro; sono stata invece 33 le famiglie con ISEE inferiore a 15mila euro che hanno potuto contare sul bonus bollette, per il quale il Comune aveva stanziato 30mila euro di fondi propri. Il bonus bollette prevedeva un contributo da 400 a 700 euro, a seconda del numero dei componenti della famiglia richiedente; sono state ben 12 le famiglie, con due o pi\u00f9 figli, ad ottenere il massimo contributo possibile.<\/div>\n<p>&nbsp;<\/p>\n<hr \/>\n<p>&nbsp;<\/p>\n<blockquote>\n<h3>LO SPETTACOLO DELLA NATURA<\/h3>\n<\/blockquote>\n<p><strong>SEDICO<\/strong> Cavalli di razza, maremmani compresi,\u00a0 ungulati del bosco. Assieme corrono, saltano, mangiano. Siamo in Comune di Sedico in localit\u00e0 Salet. Un luogo incantevole che Vaia aveva massacrato ma che la Forestale a Cavallo sa mantenere in maniera eccellente, luogo stupendo allo sguardo, dal primo sorgere del sole al tramonto. Un ranch da sogno per gli amanti della natura e degli animali, lontano dalla regionale 203 agordina che corre dall&#8217;altra parte del Cordevole in localit\u00e0 Candaten.<\/p>\n<p>&nbsp;<\/p>\n\n\t\t\t<style type='text\/css'>\n\t\t\t\t#gallery-3 {\n\t\t\t\t\tmargin: auto;\n\t\t\t\t}\n\t\t\t\t#gallery-3 .gallery-item {\n\t\t\t\t\tfloat: left;\n\t\t\t\t\tmargin-top: 10px;\n\t\t\t\t\ttext-align: center;\n\t\t\t\t\twidth: 25%;\n\t\t\t\t}\n\t\t\t\t#gallery-3 img {\n\t\t\t\t\tborder: 2px solid #cfcfcf;\n\t\t\t\t}\n\t\t\t\t#gallery-3 .gallery-caption {\n\t\t\t\t\tmargin-left: 0;\n\t\t\t\t}\n\t\t\t\t\/* see gallery_shortcode() in wp-includes\/media.php *\/\n\t\t\t<\/style>\n\t\t<div id='gallery-3' class='dt-gallery-container gallery galleryid-314847 gallery-columns-4 gallery-size-full'><dl class='gallery-item'>\n\t\t\t\t<dt class='gallery-icon landscape'>\n\t\t\t\t\t<a class=\"rollover rollover-zoom dt-pswp-item\" title=\"01ee4ccc-8dfa-4379-a969-8822c437aea7\" data-dt-img-description=\"\" data-large_image_width=\"1600\" data-large_image_height=\"719\"href='https:\/\/www.radiopiu.net\/wordpress\/wp-content\/uploads\/2023\/01\/01ee4ccc-8dfa-4379-a969-8822c437aea7.jpg'><img loading=\"lazy\" decoding=\"async\" width=\"1600\" height=\"719\" src=\"https:\/\/www.radiopiu.net\/wordpress\/wp-content\/uploads\/2023\/01\/01ee4ccc-8dfa-4379-a969-8822c437aea7.jpg\" class=\"attachment-full size-full\" alt=\"\" srcset=\"https:\/\/www.radiopiu.net\/wordpress\/wp-content\/uploads\/2023\/01\/01ee4ccc-8dfa-4379-a969-8822c437aea7.jpg 1600w, https:\/\/www.radiopiu.net\/wordpress\/wp-content\/uploads\/2023\/01\/01ee4ccc-8dfa-4379-a969-8822c437aea7-300x135.jpg 300w, https:\/\/www.radiopiu.net\/wordpress\/wp-content\/uploads\/2023\/01\/01ee4ccc-8dfa-4379-a969-8822c437aea7-1024x460.jpg 1024w, https:\/\/www.radiopiu.net\/wordpress\/wp-content\/uploads\/2023\/01\/01ee4ccc-8dfa-4379-a969-8822c437aea7-768x345.jpg 768w, https:\/\/www.radiopiu.net\/wordpress\/wp-content\/uploads\/2023\/01\/01ee4ccc-8dfa-4379-a969-8822c437aea7-1536x690.jpg 1536w\" sizes=\"auto, (max-width: 1600px) 100vw, 1600px\" \/><\/a>\n\t\t\t\t<\/dt><\/dl><dl class='gallery-item'>\n\t\t\t\t<dt class='gallery-icon landscape'>\n\t\t\t\t\t<a class=\"rollover rollover-zoom dt-pswp-item\" title=\"2777d080-e51f-416e-8785-554edcef68f8\" data-dt-img-description=\"\" data-large_image_width=\"1600\" data-large_image_height=\"719\"href='https:\/\/www.radiopiu.net\/wordpress\/wp-content\/uploads\/2023\/01\/2777d080-e51f-416e-8785-554edcef68f8.jpg'><img loading=\"lazy\" decoding=\"async\" width=\"1600\" height=\"719\" src=\"https:\/\/www.radiopiu.net\/wordpress\/wp-content\/uploads\/2023\/01\/2777d080-e51f-416e-8785-554edcef68f8.jpg\" class=\"attachment-full size-full\" alt=\"\" srcset=\"https:\/\/www.radiopiu.net\/wordpress\/wp-content\/uploads\/2023\/01\/2777d080-e51f-416e-8785-554edcef68f8.jpg 1600w, https:\/\/www.radiopiu.net\/wordpress\/wp-content\/uploads\/2023\/01\/2777d080-e51f-416e-8785-554edcef68f8-300x135.jpg 300w, https:\/\/www.radiopiu.net\/wordpress\/wp-content\/uploads\/2023\/01\/2777d080-e51f-416e-8785-554edcef68f8-1024x460.jpg 1024w, https:\/\/www.radiopiu.net\/wordpress\/wp-content\/uploads\/2023\/01\/2777d080-e51f-416e-8785-554edcef68f8-768x345.jpg 768w, https:\/\/www.radiopiu.net\/wordpress\/wp-content\/uploads\/2023\/01\/2777d080-e51f-416e-8785-554edcef68f8-1536x690.jpg 1536w\" sizes=\"auto, (max-width: 1600px) 100vw, 1600px\" \/><\/a>\n\t\t\t\t<\/dt><\/dl><dl class='gallery-item'>\n\t\t\t\t<dt class='gallery-icon landscape'>\n\t\t\t\t\t<a class=\"rollover rollover-zoom dt-pswp-item\" title=\"843bfd8e-d091-4a34-80d1-ea21597e637e\" data-dt-img-description=\"\" data-large_image_width=\"1600\" data-large_image_height=\"719\"href='https:\/\/www.radiopiu.net\/wordpress\/wp-content\/uploads\/2023\/01\/843bfd8e-d091-4a34-80d1-ea21597e637e.jpg'><img loading=\"lazy\" decoding=\"async\" width=\"1600\" height=\"719\" src=\"https:\/\/www.radiopiu.net\/wordpress\/wp-content\/uploads\/2023\/01\/843bfd8e-d091-4a34-80d1-ea21597e637e.jpg\" class=\"attachment-full size-full\" alt=\"\" srcset=\"https:\/\/www.radiopiu.net\/wordpress\/wp-content\/uploads\/2023\/01\/843bfd8e-d091-4a34-80d1-ea21597e637e.jpg 1600w, https:\/\/www.radiopiu.net\/wordpress\/wp-content\/uploads\/2023\/01\/843bfd8e-d091-4a34-80d1-ea21597e637e-300x135.jpg 300w, https:\/\/www.radiopiu.net\/wordpress\/wp-content\/uploads\/2023\/01\/843bfd8e-d091-4a34-80d1-ea21597e637e-1024x460.jpg 1024w, https:\/\/www.radiopiu.net\/wordpress\/wp-content\/uploads\/2023\/01\/843bfd8e-d091-4a34-80d1-ea21597e637e-768x345.jpg 768w, https:\/\/www.radiopiu.net\/wordpress\/wp-content\/uploads\/2023\/01\/843bfd8e-d091-4a34-80d1-ea21597e637e-1536x690.jpg 1536w\" sizes=\"auto, (max-width: 1600px) 100vw, 1600px\" \/><\/a>\n\t\t\t\t<\/dt><\/dl><dl class='gallery-item'>\n\t\t\t\t<dt class='gallery-icon landscape'>\n\t\t\t\t\t<a class=\"rollover rollover-zoom dt-pswp-item\" title=\"0cf72487-bf48-479d-89ae-1a3b9b06c404\" data-dt-img-description=\"\" data-large_image_width=\"1600\" data-large_image_height=\"720\"href='https:\/\/www.radiopiu.net\/wordpress\/wp-content\/uploads\/2023\/01\/0cf72487-bf48-479d-89ae-1a3b9b06c404.jpg'><img loading=\"lazy\" decoding=\"async\" width=\"1600\" height=\"720\" src=\"https:\/\/www.radiopiu.net\/wordpress\/wp-content\/uploads\/2023\/01\/0cf72487-bf48-479d-89ae-1a3b9b06c404.jpg\" class=\"attachment-full size-full\" alt=\"\" srcset=\"https:\/\/www.radiopiu.net\/wordpress\/wp-content\/uploads\/2023\/01\/0cf72487-bf48-479d-89ae-1a3b9b06c404.jpg 1600w, https:\/\/www.radiopiu.net\/wordpress\/wp-content\/uploads\/2023\/01\/0cf72487-bf48-479d-89ae-1a3b9b06c404-300x135.jpg 300w, https:\/\/www.radiopiu.net\/wordpress\/wp-content\/uploads\/2023\/01\/0cf72487-bf48-479d-89ae-1a3b9b06c404-1024x461.jpg 1024w, https:\/\/www.radiopiu.net\/wordpress\/wp-content\/uploads\/2023\/01\/0cf72487-bf48-479d-89ae-1a3b9b06c404-768x346.jpg 768w, https:\/\/www.radiopiu.net\/wordpress\/wp-content\/uploads\/2023\/01\/0cf72487-bf48-479d-89ae-1a3b9b06c404-1536x691.jpg 1536w\" sizes=\"auto, (max-width: 1600px) 100vw, 1600px\" \/><\/a>\n\t\t\t\t<\/dt><\/dl><br style=\"clear: both\" \/><dl class='gallery-item'>\n\t\t\t\t<dt class='gallery-icon landscape'>\n\t\t\t\t\t<a class=\"rollover rollover-zoom dt-pswp-item\" title=\"1d932376-3c22-4ea8-a1fb-577a9f77955e\" data-dt-img-description=\"\" data-large_image_width=\"1600\" data-large_image_height=\"720\"href='https:\/\/www.radiopiu.net\/wordpress\/wp-content\/uploads\/2023\/01\/1d932376-3c22-4ea8-a1fb-577a9f77955e.jpg'><img loading=\"lazy\" decoding=\"async\" width=\"1600\" height=\"720\" src=\"https:\/\/www.radiopiu.net\/wordpress\/wp-content\/uploads\/2023\/01\/1d932376-3c22-4ea8-a1fb-577a9f77955e.jpg\" class=\"attachment-full size-full\" alt=\"\" srcset=\"https:\/\/www.radiopiu.net\/wordpress\/wp-content\/uploads\/2023\/01\/1d932376-3c22-4ea8-a1fb-577a9f77955e.jpg 1600w, https:\/\/www.radiopiu.net\/wordpress\/wp-content\/uploads\/2023\/01\/1d932376-3c22-4ea8-a1fb-577a9f77955e-300x135.jpg 300w, https:\/\/www.radiopiu.net\/wordpress\/wp-content\/uploads\/2023\/01\/1d932376-3c22-4ea8-a1fb-577a9f77955e-1024x461.jpg 1024w, https:\/\/www.radiopiu.net\/wordpress\/wp-content\/uploads\/2023\/01\/1d932376-3c22-4ea8-a1fb-577a9f77955e-768x346.jpg 768w, https:\/\/www.radiopiu.net\/wordpress\/wp-content\/uploads\/2023\/01\/1d932376-3c22-4ea8-a1fb-577a9f77955e-1536x691.jpg 1536w\" sizes=\"auto, (max-width: 1600px) 100vw, 1600px\" \/><\/a>\n\t\t\t\t<\/dt><\/dl><dl class='gallery-item'>\n\t\t\t\t<dt class='gallery-icon landscape'>\n\t\t\t\t\t<a class=\"rollover rollover-zoom dt-pswp-item\" title=\"2b7ecccc-9076-4913-bda0-92a213d5c5ac\" data-dt-img-description=\"\" data-large_image_width=\"1600\" data-large_image_height=\"1200\"href='https:\/\/www.radiopiu.net\/wordpress\/wp-content\/uploads\/2023\/01\/2b7ecccc-9076-4913-bda0-92a213d5c5ac.jpg'><img loading=\"lazy\" decoding=\"async\" width=\"1600\" height=\"1200\" src=\"https:\/\/www.radiopiu.net\/wordpress\/wp-content\/uploads\/2023\/01\/2b7ecccc-9076-4913-bda0-92a213d5c5ac.jpg\" class=\"attachment-full size-full\" alt=\"\" srcset=\"https:\/\/www.radiopiu.net\/wordpress\/wp-content\/uploads\/2023\/01\/2b7ecccc-9076-4913-bda0-92a213d5c5ac.jpg 1600w, https:\/\/www.radiopiu.net\/wordpress\/wp-content\/uploads\/2023\/01\/2b7ecccc-9076-4913-bda0-92a213d5c5ac-300x225.jpg 300w, https:\/\/www.radiopiu.net\/wordpress\/wp-content\/uploads\/2023\/01\/2b7ecccc-9076-4913-bda0-92a213d5c5ac-1024x768.jpg 1024w, https:\/\/www.radiopiu.net\/wordpress\/wp-content\/uploads\/2023\/01\/2b7ecccc-9076-4913-bda0-92a213d5c5ac-768x576.jpg 768w, https:\/\/www.radiopiu.net\/wordpress\/wp-content\/uploads\/2023\/01\/2b7ecccc-9076-4913-bda0-92a213d5c5ac-1536x1152.jpg 1536w\" sizes=\"auto, (max-width: 1600px) 100vw, 1600px\" \/><\/a>\n\t\t\t\t<\/dt><\/dl><dl class='gallery-item'>\n\t\t\t\t<dt class='gallery-icon landscape'>\n\t\t\t\t\t<a class=\"rollover rollover-zoom dt-pswp-item\" title=\"5b44c7f7-df4f-4845-a83e-97e52a1ae9b0\" data-dt-img-description=\"\" data-large_image_width=\"1600\" data-large_image_height=\"719\"href='https:\/\/www.radiopiu.net\/wordpress\/wp-content\/uploads\/2023\/01\/5b44c7f7-df4f-4845-a83e-97e52a1ae9b0.jpg'><img loading=\"lazy\" decoding=\"async\" width=\"1600\" height=\"719\" src=\"https:\/\/www.radiopiu.net\/wordpress\/wp-content\/uploads\/2023\/01\/5b44c7f7-df4f-4845-a83e-97e52a1ae9b0.jpg\" class=\"attachment-full size-full\" alt=\"\" srcset=\"https:\/\/www.radiopiu.net\/wordpress\/wp-content\/uploads\/2023\/01\/5b44c7f7-df4f-4845-a83e-97e52a1ae9b0.jpg 1600w, https:\/\/www.radiopiu.net\/wordpress\/wp-content\/uploads\/2023\/01\/5b44c7f7-df4f-4845-a83e-97e52a1ae9b0-300x135.jpg 300w, https:\/\/www.radiopiu.net\/wordpress\/wp-content\/uploads\/2023\/01\/5b44c7f7-df4f-4845-a83e-97e52a1ae9b0-1024x460.jpg 1024w, https:\/\/www.radiopiu.net\/wordpress\/wp-content\/uploads\/2023\/01\/5b44c7f7-df4f-4845-a83e-97e52a1ae9b0-768x345.jpg 768w, https:\/\/www.radiopiu.net\/wordpress\/wp-content\/uploads\/2023\/01\/5b44c7f7-df4f-4845-a83e-97e52a1ae9b0-1536x690.jpg 1536w\" sizes=\"auto, (max-width: 1600px) 100vw, 1600px\" \/><\/a>\n\t\t\t\t<\/dt><\/dl><dl class='gallery-item'>\n\t\t\t\t<dt class='gallery-icon landscape'>\n\t\t\t\t\t<a class=\"rollover rollover-zoom dt-pswp-item\" title=\"8c8eccc3-aa2b-417b-b2f7-a843933bb169\" data-dt-img-description=\"\" data-large_image_width=\"1600\" data-large_image_height=\"720\"href='https:\/\/www.radiopiu.net\/wordpress\/wp-content\/uploads\/2023\/01\/8c8eccc3-aa2b-417b-b2f7-a843933bb169.jpg'><img loading=\"lazy\" decoding=\"async\" width=\"1600\" height=\"720\" src=\"https:\/\/www.radiopiu.net\/wordpress\/wp-content\/uploads\/2023\/01\/8c8eccc3-aa2b-417b-b2f7-a843933bb169.jpg\" class=\"attachment-full size-full\" alt=\"\" srcset=\"https:\/\/www.radiopiu.net\/wordpress\/wp-content\/uploads\/2023\/01\/8c8eccc3-aa2b-417b-b2f7-a843933bb169.jpg 1600w, https:\/\/www.radiopiu.net\/wordpress\/wp-content\/uploads\/2023\/01\/8c8eccc3-aa2b-417b-b2f7-a843933bb169-300x135.jpg 300w, https:\/\/www.radiopiu.net\/wordpress\/wp-content\/uploads\/2023\/01\/8c8eccc3-aa2b-417b-b2f7-a843933bb169-1024x461.jpg 1024w, https:\/\/www.radiopiu.net\/wordpress\/wp-content\/uploads\/2023\/01\/8c8eccc3-aa2b-417b-b2f7-a843933bb169-768x346.jpg 768w, https:\/\/www.radiopiu.net\/wordpress\/wp-content\/uploads\/2023\/01\/8c8eccc3-aa2b-417b-b2f7-a843933bb169-1536x691.jpg 1536w\" sizes=\"auto, (max-width: 1600px) 100vw, 1600px\" \/><\/a>\n\t\t\t\t<\/dt><\/dl><br style=\"clear: both\" \/><dl class='gallery-item'>\n\t\t\t\t<dt class='gallery-icon landscape'>\n\t\t\t\t\t<a class=\"rollover rollover-zoom dt-pswp-item\" title=\"b3db8b09-ab49-497c-bcb5-ca82db2dc824\" data-dt-img-description=\"\" data-large_image_width=\"1600\" data-large_image_height=\"720\"href='https:\/\/www.radiopiu.net\/wordpress\/wp-content\/uploads\/2023\/01\/b3db8b09-ab49-497c-bcb5-ca82db2dc824.jpg'><img loading=\"lazy\" decoding=\"async\" width=\"1600\" height=\"720\" src=\"https:\/\/www.radiopiu.net\/wordpress\/wp-content\/uploads\/2023\/01\/b3db8b09-ab49-497c-bcb5-ca82db2dc824.jpg\" class=\"attachment-full size-full\" alt=\"\" srcset=\"https:\/\/www.radiopiu.net\/wordpress\/wp-content\/uploads\/2023\/01\/b3db8b09-ab49-497c-bcb5-ca82db2dc824.jpg 1600w, https:\/\/www.radiopiu.net\/wordpress\/wp-content\/uploads\/2023\/01\/b3db8b09-ab49-497c-bcb5-ca82db2dc824-300x135.jpg 300w, https:\/\/www.radiopiu.net\/wordpress\/wp-content\/uploads\/2023\/01\/b3db8b09-ab49-497c-bcb5-ca82db2dc824-1024x461.jpg 1024w, https:\/\/www.radiopiu.net\/wordpress\/wp-content\/uploads\/2023\/01\/b3db8b09-ab49-497c-bcb5-ca82db2dc824-768x346.jpg 768w, https:\/\/www.radiopiu.net\/wordpress\/wp-content\/uploads\/2023\/01\/b3db8b09-ab49-497c-bcb5-ca82db2dc824-1536x691.jpg 1536w\" sizes=\"auto, (max-width: 1600px) 100vw, 1600px\" \/><\/a>\n\t\t\t\t<\/dt><\/dl><dl class='gallery-item'>\n\t\t\t\t<dt class='gallery-icon landscape'>\n\t\t\t\t\t<a class=\"rollover rollover-zoom dt-pswp-item\" title=\"d590ccb2-b9e0-4276-875f-82c284ef6a6f\" data-dt-img-description=\"\" data-large_image_width=\"1600\" data-large_image_height=\"720\"href='https:\/\/www.radiopiu.net\/wordpress\/wp-content\/uploads\/2023\/01\/d590ccb2-b9e0-4276-875f-82c284ef6a6f.jpg'><img loading=\"lazy\" decoding=\"async\" width=\"1600\" height=\"720\" src=\"https:\/\/www.radiopiu.net\/wordpress\/wp-content\/uploads\/2023\/01\/d590ccb2-b9e0-4276-875f-82c284ef6a6f.jpg\" class=\"attachment-full size-full\" alt=\"\" srcset=\"https:\/\/www.radiopiu.net\/wordpress\/wp-content\/uploads\/2023\/01\/d590ccb2-b9e0-4276-875f-82c284ef6a6f.jpg 1600w, https:\/\/www.radiopiu.net\/wordpress\/wp-content\/uploads\/2023\/01\/d590ccb2-b9e0-4276-875f-82c284ef6a6f-300x135.jpg 300w, https:\/\/www.radiopiu.net\/wordpress\/wp-content\/uploads\/2023\/01\/d590ccb2-b9e0-4276-875f-82c284ef6a6f-1024x461.jpg 1024w, https:\/\/www.radiopiu.net\/wordpress\/wp-content\/uploads\/2023\/01\/d590ccb2-b9e0-4276-875f-82c284ef6a6f-768x346.jpg 768w, https:\/\/www.radiopiu.net\/wordpress\/wp-content\/uploads\/2023\/01\/d590ccb2-b9e0-4276-875f-82c284ef6a6f-1536x691.jpg 1536w\" sizes=\"auto, (max-width: 1600px) 100vw, 1600px\" \/><\/a>\n\t\t\t\t<\/dt><\/dl>\n\t\t\t\t<br style='clear: both' \/>\n\t\t\t<\/div>\n\n<p>&nbsp;<\/p>\n<p><iframe loading=\"lazy\" title=\"SPETTACOLO DELLA NATURA\" width=\"1200\" height=\"675\" src=\"https:\/\/www.youtube.com\/embed\/xhB7wK02xJA?feature=oembed\" frameborder=\"0\" allow=\"accelerometer; autoplay; clipboard-write; encrypted-media; gyroscope; picture-in-picture; web-share\" allowfullscreen><\/iframe><\/p>\n<p>&nbsp;<\/p>\n<p>&nbsp;<\/p>\n<div class=\"page\" title=\"Page 1\">\n<div class=\"layoutArea\">\n<div class=\"column\">\n<p>&nbsp;<\/p>\n<hr \/>\n<p>&nbsp;<\/p>\n<blockquote>\n<h3 class=\"entry-title\">SPECIALE VALPE \u2013 AMBIENTE\u2026.INFORMAZIONI, INDICAZIONI ORARI<\/h3>\n<\/blockquote>\n<p><span class=\"photoswipe-wrapper\"><a class=\"dt-pswp-item pspw-wrap-ready\" href=\"https:\/\/www.radiopiu.net\/wordpress\/wp-content\/uploads\/2022\/12\/ingresso-ecocentro.jpg\" data-dt-img-description=\"\" data-large_image_width=\"1600\" data-large_image_height=\"720\"><img loading=\"lazy\" decoding=\"async\" class=\"wp-image-312801 alignleft\" src=\"https:\/\/www.radiopiu.net\/wordpress\/wp-content\/uploads\/2022\/12\/ingresso-ecocentro-300x135.jpg\" sizes=\"auto, (max-width: 191px) 100vw, 191px\" srcset=\"https:\/\/www.radiopiu.net\/wordpress\/wp-content\/uploads\/2022\/12\/ingresso-ecocentro-300x135.jpg 300w, https:\/\/www.radiopiu.net\/wordpress\/wp-content\/uploads\/2022\/12\/ingresso-ecocentro-1024x461.jpg 1024w, https:\/\/www.radiopiu.net\/wordpress\/wp-content\/uploads\/2022\/12\/ingresso-ecocentro-768x346.jpg 768w, https:\/\/www.radiopiu.net\/wordpress\/wp-content\/uploads\/2022\/12\/ingresso-ecocentro-1536x691.jpg 1536w, https:\/\/www.radiopiu.net\/wordpress\/wp-content\/uploads\/2022\/12\/ingresso-ecocentro.jpg 1600w\" alt=\"\" width=\"151\" height=\"68\" \/><\/a>Dal 22 dicembre in localit\u00e0 Valcozzena \u00e8 aperto il nuovo\u00a0<strong>Ecocentro sovracomunale di Agordo \u2013 Taibon<\/strong>.\u00a0<\/span>La nuova struttura, finanziata dal Fondo Comuni Confinanti, \u00e8 accessibile a tutte le utenze dell\u2019Unione Montana Agordina e offre un servizio di qualit\u00e0 nel rispetto delle normative vigenti.\u00a0Per consultare gli orari di apertura e per maggiori informazioni vai al sito\u00a0<a href=\"mailto:valpeambiente.it\">valpeambiente.it<\/a>\u00a0o chiama il nuovo numero verde gratuito 800.94.76.73.<\/p>\n<p>&nbsp;<\/p>\n<p>&nbsp;<\/p>\n<p><img loading=\"lazy\" decoding=\"async\" class=\"alignleft\" src=\"https:\/\/www.radiopiu.net\/wordpress\/wp-content\/uploads\/2021\/09\/Ecosportello_Agordo_1-scaled.jpg\" width=\"146\" height=\"97\" \/>Dal 1\u00b0 gennaio puoi contattare Valpe Ambiente grazie al\u00a0<b>nuovo numero verde 800.94.76.73. E\u2019 disponibile per tutte le utenze servite e raggiungibile con chiamata gratuita\u00a0<\/b>sia da telefono fisso che da cellulare. Con l\u2019attivazione di questo nuovo numero, saranno dismessi tutti i vecchi riferimenti telefonici. Per maggiori informazioni vai alla sezione News del sito\u00a0<a href=\"http:\/\/www.valpeambiente.it\/\" target=\"_blank\" rel=\"noopener noreferrer\">www.valpeambiente.it<\/a>.<\/p>\n<p>&nbsp;<\/p>\n<p>&nbsp;<\/p>\n<hr \/>\n<p>&nbsp;<\/p>\n<div class=\"column\">\n<blockquote>\n<blockquote>\n<h3>TI MANCA L&#8217;INVERNO? CI PENSANO LE ATTIVITA&#8217; ECONOMICHE DI FALCADE E CAVIOLA<\/h3>\n<\/blockquote>\n<blockquote>\n<h3><a class=\"dt-pswp-item\" href=\"https:\/\/www.radiopiu.net\/wordpress\/wp-content\/uploads\/2022\/12\/Senza-nome-100.jpg\" data-dt-img-description=\"\" data-large_image_width=\"742\" data-large_image_height=\"356\"><img loading=\"lazy\" decoding=\"async\" class=\"size-medium wp-image-312733 alignleft\" src=\"https:\/\/www.radiopiu.net\/wordpress\/wp-content\/uploads\/2022\/12\/Senza-nome-100-300x144.jpg\" alt=\"\" width=\"300\" height=\"144\" srcset=\"https:\/\/www.radiopiu.net\/wordpress\/wp-content\/uploads\/2022\/12\/Senza-nome-100-300x144.jpg 300w, https:\/\/www.radiopiu.net\/wordpress\/wp-content\/uploads\/2022\/12\/Senza-nome-100.jpg 742w\" sizes=\"auto, (max-width: 300px) 100vw, 300px\" \/><\/a>MERCATINI DI NATALE A FALCADE, IN PIAZZA DEL MUNICIPIO: DAL 24 DICEMBRE ALL&#8217;8 GENNAIO DALLE 16 ALLE 19.<\/h3>\n<\/blockquote>\n<p>GLI APPUNTAMENTI:\u00a0 5 GENNAIO ALLE 18 MUSICHE POPOLARI CON I TIRATAIE E PASSAGGIO DELLA BEFANA, 7 GENNAIO DALLE 18 IL GRUPPO FOLK BATI ORZ DI SAN TOMASO.<\/p>\n<blockquote>\n<h2>CHE INVERNO&#8230; A FALCADE E CAVIOLA<\/h2>\n<\/blockquote>\n<h3><span style=\"color: #ff0000;\">\u00a0<\/span><\/h3>\n<h3><span style=\"color: #ff0000;\">FIACCOLATA CON I MAESTRI DI SCI<\/span><\/h3>\n<h3><span style=\"color: #ff0000;\">QUESTA SERA ALLE 21 CON LA SCUOLA SCI E SNOWBOARD FALCADE, DAL COLLE DELLA CHIESETTA AL PIAZZALE DEL MERCATO. UNO SPETTACOLO CHE MANCA DA QUALCHE ANNO, DA SEMPRE MOLTO APPREZZATO\u00a0<\/span><\/h3>\n<p>&nbsp;<\/p><\/blockquote>\n<hr \/>\n<p>&nbsp;<\/p>\n<blockquote>\n<h2>5 GENNAIO VIGILIA DELL&#8217;EPIFANIA AD AGORDO SI CHIAMANO &#8220;PAVAROI&#8221;: I FUOCHI DELL&#8217;EPIFANIA. A TOCCOL EPIFANIA CULTURALE CON DUNIO<\/h2>\n<\/blockquote>\n<p><strong><img loading=\"lazy\" decoding=\"async\" class=\"alignleft\" src=\"https:\/\/www.radiopiu.net\/wordpress\/wp-content\/uploads\/2018\/01\/AGORDO-PAVAROI-1.jpg\" width=\"184\" height=\"245\" \/>REDAZIONE<\/strong> A <span style=\"color: #ff0000;\">Cencenighe<\/span> la Proloco s&#8217;appresta a fare le cose in grande, preparando i gnoc co la puina e aprendo il Nof Filo&#8217; al ballo con\u00a0 l&#8217;orchestra \u00a0Die Original Fleimstaler, ingresso\u00a0 a offerta libera. Momenti di divertimento in attesa di vedere le cime illuminate dai pavarui, i\u00a0 fuochi che illuminano il passaggio ai Re Magi. Ad<span style=\"color: #ff0000;\"> Agordo<\/span> come ogni anno, da tempo, l&#8217;appuntamento \u00e8 sul Broi alle 17.30 con il punto di ristoro allestito dal Club Alpino Italiano, I pavaroi saranno ben visibili dal centro verso l&#8217;Agner, Monte Celo, San Sebastiano, Framont, Pale di San Lucano etc.\u00a0 Immancabile la presenza della befana con le caramelle per i pi\u00f9 piccoli\u00a0 A<span style=\"color: #ff0000;\"> Laste di Rocca Pietore<\/span> la festa dei pagaruoi\u00bb inizier\u00e0 alle 18 in piazza a Dagai, prevista la salita con le \u201cpelli\u201d al Col da le Cajiere (Malga Laste).\u00a0 Gruppi spontanei si ritroveranno nei vari paesi attorno ad un fuoco, oppure nelle piazze per <a class=\"dt-pswp-item\" href=\"https:\/\/www.radiopiu.net\/wordpress\/wp-content\/uploads\/2023\/01\/95ac2c0f-98b1-4510-baaa-01fb649826c0.jpg\" data-dt-img-description=\"\" data-large_image_width=\"720\" data-large_image_height=\"1040\"><img loading=\"lazy\" decoding=\"async\" class=\"size-medium wp-image-315079 alignleft\" src=\"https:\/\/www.radiopiu.net\/wordpress\/wp-content\/uploads\/2023\/01\/95ac2c0f-98b1-4510-baaa-01fb649826c0-208x300.jpg\" alt=\"\" width=\"208\" height=\"300\" srcset=\"https:\/\/www.radiopiu.net\/wordpress\/wp-content\/uploads\/2023\/01\/95ac2c0f-98b1-4510-baaa-01fb649826c0-208x300.jpg 208w, https:\/\/www.radiopiu.net\/wordpress\/wp-content\/uploads\/2023\/01\/95ac2c0f-98b1-4510-baaa-01fb649826c0-709x1024.jpg 709w, https:\/\/www.radiopiu.net\/wordpress\/wp-content\/uploads\/2023\/01\/95ac2c0f-98b1-4510-baaa-01fb649826c0.jpg 720w\" sizes=\"auto, (max-width: 208px) 100vw, 208px\" \/><\/a>seguire lo spettacolo delle vette illuminate. A <span style=\"color: #ff0000;\">Malga Ciapela<\/span>\u00a0 gioved\u00ec\u00a0 sul piazzale della Funivia Marmolada \u201cLa Befana Vien Di Notte\u201d. Lo <a class=\"dt-pswp-item\" href=\"https:\/\/www.radiopiu.net\/wordpress\/wp-content\/uploads\/2022\/09\/Dunio-al-lavoro-a-Bogo.jpeg\" data-dt-img-description=\"\" data-large_image_width=\"675\" data-large_image_height=\"676\"><img loading=\"lazy\" decoding=\"async\" class=\" wp-image-295832 alignright\" src=\"https:\/\/www.radiopiu.net\/wordpress\/wp-content\/uploads\/2022\/09\/Dunio-al-lavoro-a-Bogo-300x300.jpeg\" alt=\"\" width=\"212\" height=\"212\" srcset=\"https:\/\/www.radiopiu.net\/wordpress\/wp-content\/uploads\/2022\/09\/Dunio-al-lavoro-a-Bogo-300x300.jpeg 300w, https:\/\/www.radiopiu.net\/wordpress\/wp-content\/uploads\/2022\/09\/Dunio-al-lavoro-a-Bogo-150x150.jpeg 150w, https:\/\/www.radiopiu.net\/wordpress\/wp-content\/uploads\/2022\/09\/Dunio-al-lavoro-a-Bogo.jpeg 675w\" sizes=\"auto, (max-width: 212px) 100vw, 212px\" \/><\/a>spettacolare arrivo della befana calata dalla funivia e che porter\u00e0 doni a tutti i bambini buoni. A partire dalle 17 l\u2019intrattenimento musicale con DJ Gigi &amp; Fra, alle 18 la calata della befana. A<span style=\"color: #ff0000;\"> La Valle Agordina<\/span> giovedi alle 20 in piazza della Chiesa il \u00a0passaggio delle Donaze, \u00a0arrivo della Befana\u00a0 con un \u00a0pensierino per tutti i bambini. Prevista la\u00a0 conclusione della ottava edizione di Inte per Anter 2022 con presentazione di tutti i partecipanti e premiazione dei tre presepi preferiti dalla giuria popolare. Anche a <span style=\"color: #ff0000;\">Taibon<\/span>, alle 17.30 come da tradizione, il ritrovo \u00e8 in Piazza del Municipio con Gruppo Sportivo e Scandole Storte per ammirare l&#8217;accensione dei fuochi sulle cime della conca agordina davanti ad un bicchiere di vin brul\u00e8 o the caldo. ad<span style=\"color: #ff0000;\"> Agordo<\/span>, infine, una vigilia dell&#8217;epifania culturale con Dunio Piccolin\u00a0 (foto), l&#8217;artista di Falcade, dalle 10.30 accompagner\u00e0\u00a0 grandi e piccini (quota di partecipazione 5 euro dai 12 anni in su) per le vie di Toccol, Prompicai e Parech, ovvero nei luoghi dei graffiti. Al termine assaggio di formaggi locali. Iscrizioni presso Ad Agordo Proloco.<\/p>\n<p>&nbsp;<\/p>\n<hr \/>\n<p>&nbsp;<\/p>\n<p>&nbsp;<\/p>\n<blockquote>\n<h3>PAVAROI AD AGORDO, PAVARUI A CENCENIGHE, LA BEFANA A MALGA CIAPELA<\/h3>\n<\/blockquote>\n<blockquote><p><img loading=\"lazy\" decoding=\"async\" class=\"alignleft\" src=\"https:\/\/www.radiopiu.net\/wordpress\/wp-content\/uploads\/2018\/01\/AGORDO-PAVAROI-2.jpg\" width=\"176\" height=\"195\" \/><\/p><\/blockquote>\n<p><strong>DI GIANNI SANTOMASO<\/strong><\/p>\n<audio class=\"wp-audio-shortcode\" id=\"audio-314847-5\" preload=\"none\" style=\"width: 100%;\" controls=\"controls\"><source type=\"audio\/mpeg\" src=\"https:\/\/www.radiopiu.net\/wordpress\/wp-content\/uploads\/2023\/01\/GIANNI-PAVAROI.mp3?_=5\" \/><a href=\"https:\/\/www.radiopiu.net\/wordpress\/wp-content\/uploads\/2023\/01\/GIANNI-PAVAROI.mp3\">https:\/\/www.radiopiu.net\/wordpress\/wp-content\/uploads\/2023\/01\/GIANNI-PAVAROI.mp3<\/a><\/audio>\n<p>&nbsp;<\/p>\n<\/div>\n<p>&nbsp;<\/p>\n<div class=\"column\">\n<hr \/>\n<p>&nbsp;<\/p>\n<blockquote>\n<h3 class=\"entry-title\">L\u2019ARRIVO DELLA BEFANA SUL PIAZZALE DELLA FUNIVIA MARMOLADA<\/h3>\n<\/blockquote>\n<p><img loading=\"lazy\" decoding=\"async\" class=\"alignleft\" src=\"https:\/\/www.radiopiu.net\/wordpress\/wp-content\/uploads\/2023\/01\/foto_befana_Marmolada.jpeg\" width=\"231\" height=\"173\" \/><strong>ROCCA PIETORE<\/strong> Uno spettacolo per tutti &#8211; grandi e piccini &#8211; in uno scenario unico: la Befana arriva anche in Marmolada e lo far\u00e0 calandosi dalla funivia grazie al supporto degli uomini del Soccorso Alpino della Val Pettorina.L\u2019evento si terr\u00e0 oggi nel piazzale di Malga Ciapela; si inizia alle 17 con l\u2019intrattenimento musicale di DJ Gigi &amp; Fra, mentre alle 18 gli occhi saranno tutti per lei, la Befana, che porter\u00e0 doni e dolciumi ovviamente ai bambini pi\u00f9 buoni. La \u201ccalata\u201d della vecchina avverr\u00e0 lungo il primo troncone della funivia tra luci e suggestioni.Tutto il territorio dell\u2019Alto Agordino \u00e8 mobilitato in vista del pomeriggio di festa: la Scuola sci Marmolada, per esempio, organizzer\u00e0 una mini fiaccolata con i propri alunni, mentre gli alpini offriranno del buon vin brul\u00e8. Rester\u00e0 aperto anche il bar della funivia di Malga Ciapela.\u201c\u00c9 un appuntamento ormai tradizionale \u2013 sospeso a causa del Covid \u2013 che ritorna con grande partecipazione della comunit\u00e0\u201d, spiegano da Marmolada srl. \u201c\u00c9 un modo per ritrovarsi tutti insieme, abitanti, turisti ed estimatori della nostra montagna\u201d.L\u2019evento \u2013 patrocinato dal comune di Rocca Pietore &#8211; \u00e8 organizzato dal Soccorso Alpino della Val Pettorina e da Marmolada Srl con la collaborazione di CT Marmolada, Scuola Sci Marmolada, Gruppo Alpini Rocca e La Compagnia del Ciaudrin.<\/p>\n<p>&nbsp;<\/p>\n<p>&nbsp;<\/p>\n<p>&nbsp;<\/p>\n<hr \/>\n<p>&nbsp;<\/p>\n<blockquote>\n<h3>L&#8217;ANNO CANORO DI VOCI IN VALLE INIZIA IN NEVEGAL<\/h3>\n<\/blockquote>\n<p><strong><a class=\"dt-pswp-item\" href=\"https:\/\/www.radiopiu.net\/wordpress\/wp-content\/uploads\/2023\/01\/Schermata-2023-01-04-alle-11.37.29.png\" data-dt-img-description=\"\" data-large_image_width=\"344\" data-large_image_height=\"222\"><img loading=\"lazy\" decoding=\"async\" class=\" wp-image-314871 alignleft\" src=\"https:\/\/www.radiopiu.net\/wordpress\/wp-content\/uploads\/2023\/01\/Schermata-2023-01-04-alle-11.37.29-300x194.png\" alt=\"\" width=\"164\" height=\"106\" srcset=\"https:\/\/www.radiopiu.net\/wordpress\/wp-content\/uploads\/2023\/01\/Schermata-2023-01-04-alle-11.37.29-300x194.png 300w, https:\/\/www.radiopiu.net\/wordpress\/wp-content\/uploads\/2023\/01\/Schermata-2023-01-04-alle-11.37.29.png 344w\" sizes=\"auto, (max-width: 164px) 100vw, 164px\" \/><\/a>BELLUNO <\/strong>Il Gruppo corale \u201cVOCI IN VALLE\u201d di Sedico apre un nuovo anno di attivit\u00e0 concertistica con una serata che si terr\u00e0 oggi, con inizio alle 20.30, al Santuario di Maria Immacolata Nostra Signora di Lourdes sul Col Neveg\u00e0l a ingresso libero. L\u2019iniziativa \u00e8 dell\u2019Associazione \u201cAmici del Neveg\u00e0l\u201d, presieduta da Tiziana Caldart, che ha ritenuto cos\u00ec di aggiungere alle varie manifestazioni programmate per il periodo natalizio anche un concerto di canti di ispirazione popolare con il complesso corale di Sedico presieduto da Claudia Da Gioz e presentato da Dino Bridda.<\/p>\n<p>&nbsp;<\/p>\n<p>&nbsp;<\/p>\n<hr \/>\n<p>&nbsp;<\/p>\n<blockquote>\n<h3>DOMANI LA SCIATA ALL&#8217;ALBA A RA VALES<\/h3>\n<\/blockquote>\n<p><strong><a class=\"dt-pswp-item\" href=\"https:\/\/www.radiopiu.net\/wordpress\/wp-content\/uploads\/2023\/01\/fdebb671-8044-7de6-e176-cf0f1c59adf7.jpg\" data-dt-img-description=\"\" data-large_image_width=\"446\" data-large_image_height=\"310\"><img loading=\"lazy\" decoding=\"async\" class=\" wp-image-314884 alignleft\" src=\"https:\/\/www.radiopiu.net\/wordpress\/wp-content\/uploads\/2023\/01\/fdebb671-8044-7de6-e176-cf0f1c59adf7-300x209.jpg\" alt=\"\" width=\"169\" height=\"118\" srcset=\"https:\/\/www.radiopiu.net\/wordpress\/wp-content\/uploads\/2023\/01\/fdebb671-8044-7de6-e176-cf0f1c59adf7-300x209.jpg 300w, https:\/\/www.radiopiu.net\/wordpress\/wp-content\/uploads\/2023\/01\/fdebb671-8044-7de6-e176-cf0f1c59adf7.jpg 446w\" sizes=\"auto, (max-width: 169px) 100vw, 169px\" \/><\/a>CORTINA <\/strong>Il 5 e il 27 gennaio, l\u201911 e il 18 febbraio 2023, il sogno di raggiungere le vette Ampezzane per primi e disegnare la propria traccia sulle piste battute, diventa realt\u00e0. In collaborazione con Tofana Freccia nel Cielo \u00e8 possibile vivere uno dei momenti pi\u00f9 magici delle Dolomiti: l\u2019alba. Madre Natura \u00e8 in grado di regalare attimi di autentica emozione e grazie alla collaborazione tra la Freccia nel Cielo e Capanna Ra Valles \u00e8 possibile entrare in profondo contatto con l\u2019ambiente circostante, con la magia del paesaggio invernale. Accarezzati dai primi timidi raggi di sole, si ha il privilegio di godere dell\u2019apertura degli impianti anticipata alle\u00a07:30, vivere la prima sciata in solitaria a Bus Tofana e concludere l\u2019esperienza al meglio con una ricca colazione dolce e salata, a cura di Capanna Ra Valles. La prenotazione \u00e8 obbligatoria ed \u00e8 possibile riservare il proprio posto chiamando il numero presente sul sito Tofana Freccia nel Cielo o scrivendo a <a href=\"mailto:tofanacortina@freccianelcielo.com\">tofanacortina@freccianelcielo.com<\/a>. Il programma prevede la partenza da Cortina indicativamente verso le 7\u00a0dalla cabinovia Freccia nel Cielo in Via Stadio 12 a Cortina d\u2019Ampezzo; il costo dell\u2019evento \u00e8 di \u20ac 50 a persona e comprende la salita, la sciata e la colazione. E per chi desidera deliziare i sensi tutte le mattine, prima di vivere a tutto tondo le montagne ampezzane con gli amici o in famiglia, la novit\u00e0 della stagione invernale firmata Tofana Freccia nel Cielo \u00e8 la possibilit\u00e0 di degustare una colazione dolce e salata tutti i giorni a Ra Valles a partire dalle 8:30<\/p>\n<p>&nbsp;<\/p>\n<p>&nbsp;<\/p>\n<hr \/>\n<p>&nbsp;<\/p>\n<blockquote>\n<h3>L\u2019ASSOCIAZIONE \u201cLE MUSE E LE DOLOMITI\u201d E IL SUCCESSO DI UN\u2019OFFERTA FORMATIVA ARTISTICA INEDITA<\/h3>\n<\/blockquote>\n<p><a class=\"dt-pswp-item\" href=\"https:\/\/www.radiopiu.net\/wordpress\/wp-content\/uploads\/2022\/12\/MuseDolomiti_ComStampa281222-2.jpg\" data-dt-img-description=\"\" data-large_image_width=\"1280\" data-large_image_height=\"855\"><img loading=\"lazy\" decoding=\"async\" class=\" wp-image-313842 alignleft\" src=\"https:\/\/www.radiopiu.net\/wordpress\/wp-content\/uploads\/2022\/12\/MuseDolomiti_ComStampa281222-2-300x200.jpg\" alt=\"\" width=\"176\" height=\"117\" srcset=\"https:\/\/www.radiopiu.net\/wordpress\/wp-content\/uploads\/2022\/12\/MuseDolomiti_ComStampa281222-2-300x200.jpg 300w, https:\/\/www.radiopiu.net\/wordpress\/wp-content\/uploads\/2022\/12\/MuseDolomiti_ComStampa281222-2-1024x684.jpg 1024w, https:\/\/www.radiopiu.net\/wordpress\/wp-content\/uploads\/2022\/12\/MuseDolomiti_ComStampa281222-2-768x513.jpg 768w, https:\/\/www.radiopiu.net\/wordpress\/wp-content\/uploads\/2022\/12\/MuseDolomiti_ComStampa281222-2.jpg 1280w\" sizes=\"auto, (max-width: 176px) 100vw, 176px\" \/><\/a>A conclusione del 2022, decimo anno di attivit\u00e0 per l\u2019Associazione, e per iniziare bene il 2023, \u201c<em>Le Muse e le Dolomiti<\/em>\u201d intendono raccontare il successo della \u201cScuola Interregionale di Canto e Teatro per Voci Bianche e Giovanili\u201d. Lo fanno organizzando per oggi al Teatro Navalge di Moena uno &#8220;Spettacolo Lirico Natalizio&#8221;: sar\u00e0 una serata per tutta la famiglia, adatta a un pubblico di ogni et\u00e0. Lo spettacolo, della durata di un&#8217;ora circa, \u00e8 impostato per un pubblico di tutte le et\u00e0 (et\u00e0 consigliata dai 4 anni in poi). Per il pubblico proveniente dall\u2019Agordino \u00e8 previsto un bus navetta a costo contenuto, grazie alla collaborazione con il Comune di Falcade, dove l\u2019Associazione\u00a0 \u201c<em>Le Muse e le Dolomiti<\/em>\u201d ha sede legale.<\/p>\n<p>&nbsp;<\/p>\n<p>&nbsp;<\/p>\n<hr \/>\n<\/div>\n<p>&nbsp;<\/p>\n<h1><span style=\"color: #ff00ff;\">AGORDINO IN FERMENTO&#8230;AGORDINO IN MOVIMENTO 1<\/span><\/h1>\n<div class=\"column\">\n<p style=\"text-align: left;\"><span style=\"color: #ff0000;\"><em><strong>CASPARETHA 2023&#8230; MANCA POCO: 4 FEBBRAIO CON PARTENZA ED ARRIVO IN PIAZZA A CANALE D&#8217;AGORDO. PROSSIMAMENTE GLI ORGANIZZATORI ALLA RADIO PER RACCONTARCI TUTTE LE NOVITA&#8217; DELL&#8217;EDIZIONE DELLA RIPARTENZA<\/strong><\/em><\/span><\/p>\n<p><a class=\"dt-pswp-item\" href=\"https:\/\/www.radiopiu.net\/wordpress\/wp-content\/uploads\/2023\/01\/317791157_547689460704537_5429466932836782240_n.jpg\" data-dt-img-description=\"\" data-large_image_width=\"720\" data-large_image_height=\"522\"><img loading=\"lazy\" decoding=\"async\" class=\"aligncenter wp-image-314948 size-full\" src=\"https:\/\/www.radiopiu.net\/wordpress\/wp-content\/uploads\/2023\/01\/317791157_547689460704537_5429466932836782240_n.jpg\" alt=\"\" width=\"720\" height=\"522\" srcset=\"https:\/\/www.radiopiu.net\/wordpress\/wp-content\/uploads\/2023\/01\/317791157_547689460704537_5429466932836782240_n.jpg 720w, https:\/\/www.radiopiu.net\/wordpress\/wp-content\/uploads\/2023\/01\/317791157_547689460704537_5429466932836782240_n-300x218.jpg 300w\" sizes=\"auto, (max-width: 720px) 100vw, 720px\" \/><\/a><\/p>\n<p>&nbsp;<\/p>\n<p>&nbsp;<\/p>\n<p>&nbsp;<\/p>\n<hr \/>\n<p>&nbsp;<\/p>\n<h1><span style=\"color: #ff00ff;\">AGORDINO IN FERMENTO&#8230;AGORDINO IN MOVIMENTO 2<\/span><\/h1>\n<blockquote><p><span style=\"color: #ff0000;\"><strong>A CARNEVALE&#8230; EL CARNEVAL DE LE VAI&#8230;DA SELVA DI CADORE A CANALE D&#8217;AGORDO, DA RIVAMONTE A LASTE E SOTTOGUDA. TRADIZIONE, CULTURLA E SPETTACOLO A BREVE L&#8217;INCONTRO ALLA RADIO CON GLI ORGANIZZATORI<\/strong><\/span><\/p><\/blockquote>\n<p><a class=\"dt-pswp-item\" href=\"https:\/\/www.radiopiu.net\/wordpress\/wp-content\/uploads\/2023\/01\/f357cc9c-828e-4d9b-9ff4-ec3efed24d74.jpg\" data-dt-img-description=\"\" data-large_image_width=\"724\" data-large_image_height=\"1024\"><img loading=\"lazy\" decoding=\"async\" class=\"alignnone wp-image-315069 size-full\" src=\"https:\/\/www.radiopiu.net\/wordpress\/wp-content\/uploads\/2023\/01\/f357cc9c-828e-4d9b-9ff4-ec3efed24d74.jpg\" alt=\"\" width=\"724\" height=\"1024\" srcset=\"https:\/\/www.radiopiu.net\/wordpress\/wp-content\/uploads\/2023\/01\/f357cc9c-828e-4d9b-9ff4-ec3efed24d74.jpg 724w, https:\/\/www.radiopiu.net\/wordpress\/wp-content\/uploads\/2023\/01\/f357cc9c-828e-4d9b-9ff4-ec3efed24d74-212x300.jpg 212w\" sizes=\"auto, (max-width: 724px) 100vw, 724px\" \/><\/a><\/p>\n<p>&nbsp;<\/p>\n<p>&nbsp;<\/p>\n<p>&nbsp;<\/p>\n<hr \/>\n<p>&nbsp;<\/p>\n<\/div>\n<\/div>\n<div class=\"column\">\n<div class=\"column\">\n<h1><span style=\"color: #ff00ff;\">AGORDINO IN FERMENTO&#8230;AGORDINO IN MOVIMENTO 3<\/span><\/h1>\n<blockquote class=\"wp-embedded-content\" data-secret=\"nIHG5x0R29\"><p><a href=\"https:\/\/www.radiopiu.net\/wordpress\/album-dei-ricordi-della-sagra\/\">ALBUM DEI RICORDI DELLA SAGRA DE PASCA, PRIMAVERA A TAIBON<\/a><\/p><\/blockquote>\n<p><iframe loading=\"lazy\" class=\"wp-embedded-content\" sandbox=\"allow-scripts\" security=\"restricted\" style=\"position: absolute; clip: rect(1px, 1px, 1px, 1px);\" title=\"&#8220;ALBUM DEI RICORDI DELLA SAGRA DE PASCA, PRIMAVERA A TAIBON&#8221; &#8212; Radio Pi\u00f9\" src=\"https:\/\/www.radiopiu.net\/wordpress\/album-dei-ricordi-della-sagra\/embed\/#?secret=cdKfxdFd7V#?secret=nIHG5x0R29\" data-secret=\"nIHG5x0R29\" width=\"600\" height=\"338\" frameborder=\"0\" marginwidth=\"0\" marginheight=\"0\" scrolling=\"no\"><\/iframe><\/p>\n<p>&nbsp;<\/p>\n<p>&nbsp;<\/p>\n<p>&nbsp;<\/p>\n<hr \/>\n<p>&nbsp;<\/p>\n<blockquote>\n<h3>IL CONCERTO DELL&#8217;EPIFANIA DELLA FILARMONICA DI BELLUNO<\/h3>\n<\/blockquote>\n<p><strong>BELLUNO<\/strong> Come da tradizione la Filarmonica di Belluno, in occasione dell&#8217;Epifania, torna protagonista al Teatro Comunale di Belluno. Quest&#8217;anno, sar\u00e0 impegnata in un concerto spettacolo che vedr\u00e0 la partecipazione anche di un&#8217;attrice che aiuter\u00e0 ad accompagnare il pubblico attraverso i pi\u00f9 grandi capolavori di ogni genere musicale. L&#8217;appuntamento \u00e8 per oggi alle 20:45 con ingresso libero.<\/p>\n<p>&nbsp;<\/p>\n<hr \/>\n<p>&nbsp;<\/p>\n<blockquote>\n<h3>QUATTRO SAX PER IL CONCERTO DI MEL<\/h3>\n<\/blockquote>\n<p><strong>BORGO VALBELLUNA<\/strong> Oggi<span style=\"font-family: Verdana, sans-serif;\"> alle 20,45 nell&#8217;auditorium San Pietro a Mel Sat\u00e8n Saxophone Quartet, vincitori del primo premio assoluto del Concorso Musicale Nazionale citt\u00e0 di Belluno edizione 2022. Q<\/span><span style=\"font-family: Verdana, sans-serif;\">uartetto di sax, composto da <\/span><span style=\"font-family: Verdana, sans-serif; font-size: small;\">Enrico Leonarduzzi<\/span><span style=\"font-family: Verdana, sans-serif; font-size: small;\">, <\/span><span style=\"font-family: Verdana, sans-serif; font-size: small;\">Alessandro Salaroli<\/span><span style=\"font-family: Verdana, sans-serif; font-size: small;\">, <\/span><span style=\"font-family: Verdana, sans-serif; font-size: small;\">Andrea Ba\u00f9<\/span><span style=\"font-family: Verdana, sans-serif; font-size: small;\">e <\/span><span style=\"font-family: Verdana, sans-serif; font-size: small;\">Andrea Biasotto <\/span><span style=\"font-family: Verdana, sans-serif;\">con un repertorio dal Cuarteto Latinoamenricano, alla danza ungherese al tango virtuoso fino a Gioacchino Rossini.<\/span><\/p>\n<\/div>\n<p>&nbsp;<\/p>\n<p>&nbsp;<\/p>\n<hr \/>\n<p>&nbsp;<\/p>\n<blockquote>\n<h3>DALLA CAMPANA RINTOCCHI NEL RICORDO DI MARIO PROCLEMER<\/h3>\n<\/blockquote>\n<p><strong>REDAZIONE<\/strong> Quella che raccontiamo oggi \u00e8 la storia di Mario, scomparso a 25 anni nelle acque del mare al largo di Tripoli. Era il 1941 nel corso della seconda Guerra Mondiale, Mario era una guardiamarina. Figlio di Angelo Proclemer, ingegnere minerario ed Alice, originari di Mezzo Lombardo, vissuti a Trento. Il pap\u00e0 Angelo nel ricordo dell&#8217;indimenticato figlio non solo si fece promotore di importanti borse di studio per gli studenti del Liceo, ma don\u00f2 alla chiesetta dell&#8217;allora villaggio Sade della Stanga (Sedico) una campana in bronzo per la chiesetta progettata dall&#8217;ingegner Gurekian. Sulla campana \u00e8 inciso il nome di Mario e la data. La nipote Bruna ci ha raccontato alla radio\u00a0 una storia di vita, tanto vera quanto commovente.<\/p>\n<p><strong>di Mirko Mezzacasa<\/strong><\/p>\n<p><span style=\"color: #ff0000;\">OSPITE: Bruna Proclemer, nipote dello zio Mario e di nonno Angelo<\/span><\/p>\n<audio class=\"wp-audio-shortcode\" id=\"audio-314847-6\" preload=\"none\" style=\"width: 100%;\" controls=\"controls\"><source type=\"audio\/mpeg\" src=\"https:\/\/www.radiopiu.net\/wordpress\/wp-content\/uploads\/2023\/01\/BRUNA-PROCLEMER.mp3?_=6\" \/><a href=\"https:\/\/www.radiopiu.net\/wordpress\/wp-content\/uploads\/2023\/01\/BRUNA-PROCLEMER.mp3\">https:\/\/www.radiopiu.net\/wordpress\/wp-content\/uploads\/2023\/01\/BRUNA-PROCLEMER.mp3<\/a><\/audio>\n<p><strong>LA BORSA DI STUDIO<\/strong><\/p>\n\n\t\t\t<style type='text\/css'>\n\t\t\t\t#gallery-4 {\n\t\t\t\t\tmargin: auto;\n\t\t\t\t}\n\t\t\t\t#gallery-4 .gallery-item {\n\t\t\t\t\tfloat: left;\n\t\t\t\t\tmargin-top: 10px;\n\t\t\t\t\ttext-align: center;\n\t\t\t\t\twidth: 20%;\n\t\t\t\t}\n\t\t\t\t#gallery-4 img {\n\t\t\t\t\tborder: 2px solid #cfcfcf;\n\t\t\t\t}\n\t\t\t\t#gallery-4 .gallery-caption {\n\t\t\t\t\tmargin-left: 0;\n\t\t\t\t}\n\t\t\t\t\/* see gallery_shortcode() in wp-includes\/media.php *\/\n\t\t\t<\/style>\n\t\t<div id='gallery-4' class='dt-gallery-container gallery galleryid-314847 gallery-columns-5 gallery-size-thumbnail'><dl class='gallery-item'>\n\t\t\t\t<dt class='gallery-icon portrait'>\n\t\t\t\t\t<a class=\"rollover rollover-zoom dt-pswp-item\" title=\"borsa di studio _1\" data-dt-img-description=\"\" data-large_image_width=\"1875\" data-large_image_height=\"2560\"href='https:\/\/www.radiopiu.net\/wordpress\/wp-content\/uploads\/2023\/01\/borsa-di-studio-_1-scaled.jpg'><img loading=\"lazy\" decoding=\"async\" width=\"150\" height=\"150\" src=\"https:\/\/www.radiopiu.net\/wordpress\/wp-content\/uploads\/2023\/01\/borsa-di-studio-_1-150x150.jpg\" class=\"attachment-thumbnail size-thumbnail\" alt=\"\" \/><\/a>\n\t\t\t\t<\/dt><\/dl><dl class='gallery-item'>\n\t\t\t\t<dt class='gallery-icon portrait'>\n\t\t\t\t\t<a class=\"rollover rollover-zoom dt-pswp-item\" title=\"borsa di studio _2\" data-dt-img-description=\"\" data-large_image_width=\"1871\" data-large_image_height=\"2560\"href='https:\/\/www.radiopiu.net\/wordpress\/wp-content\/uploads\/2023\/01\/borsa-di-studio-_2-scaled.jpg'><img loading=\"lazy\" decoding=\"async\" width=\"150\" height=\"150\" src=\"https:\/\/www.radiopiu.net\/wordpress\/wp-content\/uploads\/2023\/01\/borsa-di-studio-_2-150x150.jpg\" class=\"attachment-thumbnail size-thumbnail\" alt=\"\" \/><\/a>\n\t\t\t\t<\/dt><\/dl><dl class='gallery-item'>\n\t\t\t\t<dt class='gallery-icon portrait'>\n\t\t\t\t\t<a class=\"rollover rollover-zoom dt-pswp-item\" title=\"borsa di studio _3\" data-dt-img-description=\"\" data-large_image_width=\"1712\" data-large_image_height=\"2348\"href='https:\/\/www.radiopiu.net\/wordpress\/wp-content\/uploads\/2023\/01\/borsa-di-studio-_3.jpg'><img loading=\"lazy\" decoding=\"async\" width=\"150\" height=\"150\" src=\"https:\/\/www.radiopiu.net\/wordpress\/wp-content\/uploads\/2023\/01\/borsa-di-studio-_3-150x150.jpg\" class=\"attachment-thumbnail size-thumbnail\" alt=\"\" \/><\/a>\n\t\t\t\t<\/dt><\/dl><dl class='gallery-item'>\n\t\t\t\t<dt class='gallery-icon portrait'>\n\t\t\t\t\t<a class=\"rollover rollover-zoom dt-pswp-item\" title=\"Borsa di studio 2_1\" data-dt-img-description=\"\" data-large_image_width=\"1708\" data-large_image_height=\"2176\"href='https:\/\/www.radiopiu.net\/wordpress\/wp-content\/uploads\/2023\/01\/Borsa-di-studio-2_1.jpg'><img loading=\"lazy\" decoding=\"async\" width=\"150\" height=\"150\" src=\"https:\/\/www.radiopiu.net\/wordpress\/wp-content\/uploads\/2023\/01\/Borsa-di-studio-2_1-150x150.jpg\" class=\"attachment-thumbnail size-thumbnail\" alt=\"\" \/><\/a>\n\t\t\t\t<\/dt><\/dl><dl class='gallery-item'>\n\t\t\t\t<dt class='gallery-icon portrait'>\n\t\t\t\t\t<a class=\"rollover rollover-zoom dt-pswp-item\" title=\"Borsa di studio 2_2\" data-dt-img-description=\"\" data-large_image_width=\"1857\" data-large_image_height=\"2560\"href='https:\/\/www.radiopiu.net\/wordpress\/wp-content\/uploads\/2023\/01\/Borsa-di-studio-2_2-scaled.jpg'><img loading=\"lazy\" decoding=\"async\" width=\"150\" height=\"150\" src=\"https:\/\/www.radiopiu.net\/wordpress\/wp-content\/uploads\/2023\/01\/Borsa-di-studio-2_2-150x150.jpg\" class=\"attachment-thumbnail size-thumbnail\" alt=\"\" \/><\/a>\n\t\t\t\t<\/dt><\/dl><br style=\"clear: both\" \/>\n\t\t\t<\/div>\n\n<p>&nbsp;<\/p>\n<p><strong>IL PROGETTO DELLA CHIESETTA<\/strong><\/p>\n\n\t\t\t<style type='text\/css'>\n\t\t\t\t#gallery-5 {\n\t\t\t\t\tmargin: auto;\n\t\t\t\t}\n\t\t\t\t#gallery-5 .gallery-item {\n\t\t\t\t\tfloat: left;\n\t\t\t\t\tmargin-top: 10px;\n\t\t\t\t\ttext-align: center;\n\t\t\t\t\twidth: 50%;\n\t\t\t\t}\n\t\t\t\t#gallery-5 img {\n\t\t\t\t\tborder: 2px solid #cfcfcf;\n\t\t\t\t}\n\t\t\t\t#gallery-5 .gallery-caption {\n\t\t\t\t\tmargin-left: 0;\n\t\t\t\t}\n\t\t\t\t\/* see gallery_shortcode() in wp-includes\/media.php *\/\n\t\t\t<\/style>\n\t\t<div id='gallery-5' class='dt-gallery-container gallery galleryid-314847 gallery-columns-2 gallery-size-thumbnail'><dl class='gallery-item'>\n\t\t\t\t<dt class='gallery-icon landscape'>\n\t\t\t\t\t<a class=\"rollover rollover-zoom dt-pswp-item\" title=\"chiesetta _1\" data-dt-img-description=\"\" data-large_image_width=\"2560\" data-large_image_height=\"2485\"href='https:\/\/www.radiopiu.net\/wordpress\/wp-content\/uploads\/2023\/01\/chiesetta-_1-scaled.jpg'><img loading=\"lazy\" decoding=\"async\" width=\"150\" height=\"150\" src=\"https:\/\/www.radiopiu.net\/wordpress\/wp-content\/uploads\/2023\/01\/chiesetta-_1-150x150.jpg\" class=\"attachment-thumbnail size-thumbnail\" alt=\"\" \/><\/a>\n\t\t\t\t<\/dt><\/dl><dl class='gallery-item'>\n\t\t\t\t<dt class='gallery-icon portrait'>\n\t\t\t\t\t<a class=\"rollover rollover-zoom dt-pswp-item\" title=\"chiesetta _2\" data-dt-img-description=\"\" data-large_image_width=\"1690\" data-large_image_height=\"2560\"href='https:\/\/www.radiopiu.net\/wordpress\/wp-content\/uploads\/2023\/01\/chiesetta-_2-scaled.jpg'><img loading=\"lazy\" decoding=\"async\" width=\"150\" height=\"150\" src=\"https:\/\/www.radiopiu.net\/wordpress\/wp-content\/uploads\/2023\/01\/chiesetta-_2-150x150.jpg\" class=\"attachment-thumbnail size-thumbnail\" alt=\"\" \/><\/a>\n\t\t\t\t<\/dt><\/dl><br style=\"clear: both\" \/>\n\t\t\t<\/div>\n\n<p>&nbsp;<\/p>\n<p><strong>IL VILLAGGIO SADE A LA STANGA E LA CAMPANA DONATA DA ANGELO PROCLEMER<\/strong><\/p>\n\n\t\t\t<style type='text\/css'>\n\t\t\t\t#gallery-6 {\n\t\t\t\t\tmargin: auto;\n\t\t\t\t}\n\t\t\t\t#gallery-6 .gallery-item {\n\t\t\t\t\tfloat: left;\n\t\t\t\t\tmargin-top: 10px;\n\t\t\t\t\ttext-align: center;\n\t\t\t\t\twidth: 20%;\n\t\t\t\t}\n\t\t\t\t#gallery-6 img {\n\t\t\t\t\tborder: 2px solid #cfcfcf;\n\t\t\t\t}\n\t\t\t\t#gallery-6 .gallery-caption {\n\t\t\t\t\tmargin-left: 0;\n\t\t\t\t}\n\t\t\t\t\/* see gallery_shortcode() in wp-includes\/media.php *\/\n\t\t\t<\/style>\n\t\t<div id='gallery-6' class='dt-gallery-container gallery galleryid-314847 gallery-columns-5 gallery-size-thumbnail'><dl class='gallery-item'>\n\t\t\t\t<dt class='gallery-icon portrait'>\n\t\t\t\t\t<a class=\"rollover rollover-zoom dt-pswp-item\" title=\"Villaggio e campana_1\" data-dt-img-description=\"\" data-large_image_width=\"1722\" data-large_image_height=\"2560\"href='https:\/\/www.radiopiu.net\/wordpress\/wp-content\/uploads\/2023\/01\/Villaggio-e-campana_1-scaled.jpg'><img loading=\"lazy\" decoding=\"async\" width=\"150\" height=\"150\" src=\"https:\/\/www.radiopiu.net\/wordpress\/wp-content\/uploads\/2023\/01\/Villaggio-e-campana_1-150x150.jpg\" class=\"attachment-thumbnail size-thumbnail\" alt=\"\" \/><\/a>\n\t\t\t\t<\/dt><\/dl><dl class='gallery-item'>\n\t\t\t\t<dt class='gallery-icon landscape'>\n\t\t\t\t\t<a class=\"rollover rollover-zoom dt-pswp-item\" title=\"Villaggio e campana_2\" data-dt-img-description=\"\" data-large_image_width=\"2560\" data-large_image_height=\"1809\"href='https:\/\/www.radiopiu.net\/wordpress\/wp-content\/uploads\/2023\/01\/Villaggio-e-campana_2-scaled.jpg'><img loading=\"lazy\" decoding=\"async\" width=\"150\" height=\"150\" src=\"https:\/\/www.radiopiu.net\/wordpress\/wp-content\/uploads\/2023\/01\/Villaggio-e-campana_2-150x150.jpg\" class=\"attachment-thumbnail size-thumbnail\" alt=\"\" \/><\/a>\n\t\t\t\t<\/dt><\/dl><dl class='gallery-item'>\n\t\t\t\t<dt class='gallery-icon landscape'>\n\t\t\t\t\t<a class=\"rollover rollover-zoom dt-pswp-item\" title=\"Villaggio e campana_3\" data-dt-img-description=\"\" data-large_image_width=\"2560\" data-large_image_height=\"1879\"href='https:\/\/www.radiopiu.net\/wordpress\/wp-content\/uploads\/2023\/01\/Villaggio-e-campana_3-scaled.jpg'><img loading=\"lazy\" decoding=\"async\" width=\"150\" height=\"150\" src=\"https:\/\/www.radiopiu.net\/wordpress\/wp-content\/uploads\/2023\/01\/Villaggio-e-campana_3-150x150.jpg\" class=\"attachment-thumbnail size-thumbnail\" alt=\"\" \/><\/a>\n\t\t\t\t<\/dt><\/dl><dl class='gallery-item'>\n\t\t\t\t<dt class='gallery-icon landscape'>\n\t\t\t\t\t<a class=\"rollover rollover-zoom dt-pswp-item\" title=\"Villaggio e campana_4\" data-dt-img-description=\"\" data-large_image_width=\"2452\" data-large_image_height=\"1736\"href='https:\/\/www.radiopiu.net\/wordpress\/wp-content\/uploads\/2023\/01\/Villaggio-e-campana_4.jpg'><img loading=\"lazy\" decoding=\"async\" width=\"150\" height=\"150\" src=\"https:\/\/www.radiopiu.net\/wordpress\/wp-content\/uploads\/2023\/01\/Villaggio-e-campana_4-150x150.jpg\" class=\"attachment-thumbnail size-thumbnail\" alt=\"\" \/><\/a>\n\t\t\t\t<\/dt><\/dl><dl class='gallery-item'>\n\t\t\t\t<dt class='gallery-icon landscape'>\n\t\t\t\t\t<a class=\"rollover rollover-zoom dt-pswp-item\" title=\"Villaggio e campana_5\" data-dt-img-description=\"\" data-large_image_width=\"2560\" data-large_image_height=\"1825\"href='https:\/\/www.radiopiu.net\/wordpress\/wp-content\/uploads\/2023\/01\/Villaggio-e-campana_5-scaled.jpg'><img loading=\"lazy\" decoding=\"async\" width=\"150\" height=\"150\" src=\"https:\/\/www.radiopiu.net\/wordpress\/wp-content\/uploads\/2023\/01\/Villaggio-e-campana_5-150x150.jpg\" class=\"attachment-thumbnail size-thumbnail\" alt=\"\" \/><\/a>\n\t\t\t\t<\/dt><\/dl><br style=\"clear: both\" \/>\n\t\t\t<\/div>\n\n<p>&nbsp;<\/p>\n<hr \/>\n<p>&nbsp;<\/p>\n<blockquote>\n<h3>L\u2019\u201cEUROPA IN ZATTERA\u201d DEL 1989 DI GIANLUIGI SECCO GARANTIVA AMPIO SPAZIO PURE A \u201cMASCHERE E RITI\u201d<\/h3>\n<\/blockquote>\n<p><strong>di RENATO BONA<\/strong><\/p>\n<p>Correva l\u2019anno 1989 e, in occasione della manifestazione \u201cEuropa in zattera\u201d, Gianluigi Secco ide\u00f2 e realizz\u00f2, con il patrocinio dei Comuni di Belluno (sindaco Giovanni Crema), Ponte nelle Alpi (Giovanni Bortot), Castellavazzo (Valerio Zanne), Longarone (Gioacchino Bratti), nonch\u00e9 del presidente della Comunit\u00e0 montana Bellunese (Luigi Reolon) e di quello della Comunit\u00e0 montana Basso Cadore-Longaronese-Zoldano (Giovanni Boni) e dell\u2019Azienda di promozione turistica delle Prealpi e Dolomiti Bellunesi, una rivista in cui si illustrava l\u2019iniziativa dell\u2019incontro di zattieri e di genti di vari Paesi che \u201cfa sperare che le innumerevoli vicende dei popoli della terra suscitino crescente interesse e conoscenza per un sempre pi\u00f9 rispettoso e pacifico vivere comune\u201d. Oltre a quello riservato ad una sintetica storia di Belluno capoluogo, ad \u201cEuropa in Zattera\u201d, alla illustrazione di \u201cLa Piave fiume antico\u201d, alla \u201cMenada\u201d ovvero la fluitazione dei tronchi lungo la Piave, alle due tappe con le zattere: da Perarolo a Belluno e da Belluno alla pianura, alla sorprendente presenza di ex voto sul fiume, a pillole di storia del Museo etnografico degli Zattieri del Piave, e all\u2019illustrazione &#8211; a cura del sindaco del capoluogo, Giovanni Crema &#8211; di una prestigiosa figura artistica quale era Paolo Cavinato, che esponeva alla Crepadona, Gianni Secco dava ampio spazio a \u201cMaschere e Riti\u201d. Di cosa si trattava? Della mostra, dallo stesso titolo, allestita a Palazzo Crepadona dal 14 gennaio al 5 marzo di quello stesso anno prima che fosse trasferita a Cencenighe Agordino (dall\u20198 luglio al 27 agosto) a cura della Comunit\u00e0 montana Agordina) e poi a Venezia per il Carnevale del 1990. La pubblicazione &#8211; con disegni di Franco Fiabane &#8211; rammentava che \u201cla mostra ha occupato il porticato sul cortile interno e i due loggiati di palazzo Crepadona\u201d e che \u201ci personaggi, rappresentati in grandezza naturale, sono stati 27, con costumi realizzati nei paesi di origine\u201d. Ancora: \u201cLa coreografia ricordava felicemente l\u2019ambiente dolomitico, ogni personaggio era commentato in lingua tedesca, inglese e italiana su apposite gigantografie, in bacheca risultavano esposti una trentina di volti lignei di diversa provenienza\u201d. Ma non solo: \u201cLa radicata tradizione carnevalesca tra i monti bellunesi era illustrata in numerosi dipinti di artisti celebri: da Simonetti a Tomea, ai contemporanei Nevyiel, Fiabane, Calabr\u00f2 e molti altri. Due documentari video realizzati dal Centro studi e documentazione riti e carnevali, a cura dell\u2019associazione culturale \u201cAmici del Borgo\u201d, accompagnavano il visitatore verso una completa comprensione del significato dei riti\u201d. Alla fine risult\u00f2 che in quaranta giorni la mostra era stata visitata da circa quindicimila persone e la Rai aveva dedicato oltre tre ore ai carnevali bellunesi tra dirette e servizi speciali. Dunque un autentico successo come confermava il fatto che la rassegna era stata richiesta in uso da importanti citt\u00e0 italiane e straniere a conferma che \u201cIl Carnevale alpino \u00e8 festa di importanza fondamentale nella tradizione arcaica\u2026 le maschere sono la voce dell\u2019umanit\u00e0 impetrante. La numerosit\u00e0 dei personaggi del corteo carnevalesco propone identit\u00e0 di tensione di tutte le forze universali. Con maschere del bene, belle, di fattura preziosa in ogni particolare, e maschere brutte, espressione simbolica della miseria e della congenita malvagit\u00e0 umana, procedendo assieme per testimoniare il richiamo\u201d. I Belli recano simboli di vita, corrtono e saltellano continuamente facendo risuonare file di campanelli, vestono nastri e fazzoletti sgargianti, indossano oro e oggetti preziosi, portano in mano doni e rami ingemmati o fiori. I Brutti recano invece i segni dell\u2019addio, del distacco, del passato, dell\u2019inutilit\u00e0&#8230; Concludiamo questa rivisitazione carnevalesca citando: \u201cSerafic\u201d di Falcade; \u201cZinghenesta\u201d di Canale d\u2019Agordo;: \u201cGnaga\u201d di Zoldo; Om Salvarech di Rivamonte Agordino, \u201cMatazin\u201d del Comelico; \u201cMatacink di Laste e Sottoguda dell\u2019Alto Agordino; \u201cRoncel\u201d, \u201cRollate\u201d di Sappada; \u201cBer\u201d, \u201cGanga\u201d e chiss\u00e0 quanti ne abbiamo scordati (e ce ne scusiamo)&#8230;<\/p>\n\n\t\t\t<style type='text\/css'>\n\t\t\t\t#gallery-7 {\n\t\t\t\t\tmargin: auto;\n\t\t\t\t}\n\t\t\t\t#gallery-7 .gallery-item {\n\t\t\t\t\tfloat: left;\n\t\t\t\t\tmargin-top: 10px;\n\t\t\t\t\ttext-align: center;\n\t\t\t\t\twidth: 25%;\n\t\t\t\t}\n\t\t\t\t#gallery-7 img {\n\t\t\t\t\tborder: 2px solid #cfcfcf;\n\t\t\t\t}\n\t\t\t\t#gallery-7 .gallery-caption {\n\t\t\t\t\tmargin-left: 0;\n\t\t\t\t}\n\t\t\t\t\/* see gallery_shortcode() in wp-includes\/media.php *\/\n\t\t\t<\/style>\n\t\t<div id='gallery-7' class='dt-gallery-container gallery galleryid-314847 gallery-columns-4 gallery-size-thumbnail'><dl class='gallery-item'>\n\t\t\t\t<dt class='gallery-icon portrait'>\n\t\t\t\t\t<a class=\"rollover rollover-zoom dt-pswp-item\" title=\"321172178_613186454142390_4446164942330849936_n\" data-dt-img-description=\"\" data-large_image_width=\"173\" data-large_image_height=\"201\"href='https:\/\/www.radiopiu.net\/wordpress\/wp-content\/uploads\/2023\/01\/321172178_613186454142390_4446164942330849936_n.jpg'><img loading=\"lazy\" decoding=\"async\" width=\"150\" height=\"150\" src=\"https:\/\/www.radiopiu.net\/wordpress\/wp-content\/uploads\/2023\/01\/321172178_613186454142390_4446164942330849936_n-150x150.jpg\" class=\"attachment-thumbnail size-thumbnail\" alt=\"\" \/><\/a>\n\t\t\t\t<\/dt><\/dl><dl class='gallery-item'>\n\t\t\t\t<dt class='gallery-icon landscape'>\n\t\t\t\t\t<a class=\"rollover rollover-zoom dt-pswp-item\" title=\"321047917_1540251416496023_698146695604071600_n\" data-dt-img-description=\"\" data-large_image_width=\"294\" data-large_image_height=\"206\"href='https:\/\/www.radiopiu.net\/wordpress\/wp-content\/uploads\/2023\/01\/321047917_1540251416496023_698146695604071600_n.jpg'><img loading=\"lazy\" decoding=\"async\" width=\"150\" height=\"150\" src=\"https:\/\/www.radiopiu.net\/wordpress\/wp-content\/uploads\/2023\/01\/321047917_1540251416496023_698146695604071600_n-150x150.jpg\" class=\"attachment-thumbnail size-thumbnail\" alt=\"\" \/><\/a>\n\t\t\t\t<\/dt><\/dl><dl class='gallery-item'>\n\t\t\t\t<dt class='gallery-icon landscape'>\n\t\t\t\t\t<a class=\"rollover rollover-zoom dt-pswp-item\" title=\"320995201_690782086031139_4840361665735902347_n\" data-dt-img-description=\"\" data-large_image_width=\"223\" data-large_image_height=\"206\"href='https:\/\/www.radiopiu.net\/wordpress\/wp-content\/uploads\/2023\/01\/320995201_690782086031139_4840361665735902347_n.jpg'><img loading=\"lazy\" decoding=\"async\" width=\"150\" height=\"150\" src=\"https:\/\/www.radiopiu.net\/wordpress\/wp-content\/uploads\/2023\/01\/320995201_690782086031139_4840361665735902347_n-150x150.jpg\" class=\"attachment-thumbnail size-thumbnail\" alt=\"\" \/><\/a>\n\t\t\t\t<\/dt><\/dl><dl class='gallery-item'>\n\t\t\t\t<dt class='gallery-icon portrait'>\n\t\t\t\t\t<a class=\"rollover rollover-zoom dt-pswp-item\" title=\"320722255_1227410291183549_3625940351963913367_n\" data-dt-img-description=\"\" data-large_image_width=\"168\" data-large_image_height=\"200\"href='https:\/\/www.radiopiu.net\/wordpress\/wp-content\/uploads\/2023\/01\/320722255_1227410291183549_3625940351963913367_n.jpg'><img loading=\"lazy\" decoding=\"async\" width=\"150\" height=\"150\" src=\"https:\/\/www.radiopiu.net\/wordpress\/wp-content\/uploads\/2023\/01\/320722255_1227410291183549_3625940351963913367_n-150x150.jpg\" class=\"attachment-thumbnail size-thumbnail\" alt=\"\" \/><\/a>\n\t\t\t\t<\/dt><\/dl><br style=\"clear: both\" \/><dl class='gallery-item'>\n\t\t\t\t<dt class='gallery-icon portrait'>\n\t\t\t\t\t<a class=\"rollover rollover-zoom dt-pswp-item\" title=\"320590946_1827646880952717_1533323336001750324_n\" data-dt-img-description=\"\" data-large_image_width=\"153\" data-large_image_height=\"260\"href='https:\/\/www.radiopiu.net\/wordpress\/wp-content\/uploads\/2023\/01\/320590946_1827646880952717_1533323336001750324_n.jpg'><img loading=\"lazy\" decoding=\"async\" width=\"150\" height=\"150\" src=\"https:\/\/www.radiopiu.net\/wordpress\/wp-content\/uploads\/2023\/01\/320590946_1827646880952717_1533323336001750324_n-150x150.jpg\" class=\"attachment-thumbnail size-thumbnail\" alt=\"\" \/><\/a>\n\t\t\t\t<\/dt><\/dl><dl class='gallery-item'>\n\t\t\t\t<dt class='gallery-icon portrait'>\n\t\t\t\t\t<a class=\"rollover rollover-zoom dt-pswp-item\" title=\"320039502_1379467546206199_2487726880779403454_n\" data-dt-img-description=\"\" data-large_image_width=\"151\" data-large_image_height=\"320\"href='https:\/\/www.radiopiu.net\/wordpress\/wp-content\/uploads\/2023\/01\/320039502_1379467546206199_2487726880779403454_n.jpg'><img loading=\"lazy\" decoding=\"async\" width=\"150\" height=\"150\" src=\"https:\/\/www.radiopiu.net\/wordpress\/wp-content\/uploads\/2023\/01\/320039502_1379467546206199_2487726880779403454_n-150x150.jpg\" class=\"attachment-thumbnail size-thumbnail\" alt=\"\" \/><\/a>\n\t\t\t\t<\/dt><\/dl><dl class='gallery-item'>\n\t\t\t\t<dt class='gallery-icon landscape'>\n\t\t\t\t\t<a class=\"rollover rollover-zoom dt-pswp-item\" title=\"322417287_1441811059680782_5452489179462704669_n\" data-dt-img-description=\"\" data-large_image_width=\"403\" data-large_image_height=\"202\"href='https:\/\/www.radiopiu.net\/wordpress\/wp-content\/uploads\/2023\/01\/322417287_1441811059680782_5452489179462704669_n.jpg'><img loading=\"lazy\" decoding=\"async\" width=\"150\" height=\"150\" src=\"https:\/\/www.radiopiu.net\/wordpress\/wp-content\/uploads\/2023\/01\/322417287_1441811059680782_5452489179462704669_n-150x150.jpg\" class=\"attachment-thumbnail size-thumbnail\" alt=\"\" \/><\/a>\n\t\t\t\t<\/dt><\/dl><dl class='gallery-item'>\n\t\t\t\t<dt class='gallery-icon landscape'>\n\t\t\t\t\t<a class=\"rollover rollover-zoom dt-pswp-item\" title=\"322155624_695194735342102_4331007845525184695_n\" data-dt-img-description=\"\" data-large_image_width=\"280\" data-large_image_height=\"205\"href='https:\/\/www.radiopiu.net\/wordpress\/wp-content\/uploads\/2023\/01\/322155624_695194735342102_4331007845525184695_n.jpg'><img loading=\"lazy\" decoding=\"async\" width=\"150\" height=\"150\" src=\"https:\/\/www.radiopiu.net\/wordpress\/wp-content\/uploads\/2023\/01\/322155624_695194735342102_4331007845525184695_n-150x150.jpg\" class=\"attachment-thumbnail size-thumbnail\" alt=\"\" \/><\/a>\n\t\t\t\t<\/dt><\/dl><br style=\"clear: both\" \/><dl class='gallery-item'>\n\t\t\t\t<dt class='gallery-icon portrait'>\n\t\t\t\t\t<a class=\"rollover rollover-zoom dt-pswp-item\" title=\"322021580_1563801934045481_529360452967937563_n\" data-dt-img-description=\"\" data-large_image_width=\"155\" data-large_image_height=\"280\"href='https:\/\/www.radiopiu.net\/wordpress\/wp-content\/uploads\/2023\/01\/322021580_1563801934045481_529360452967937563_n.jpg'><img loading=\"lazy\" decoding=\"async\" width=\"150\" height=\"150\" src=\"https:\/\/www.radiopiu.net\/wordpress\/wp-content\/uploads\/2023\/01\/322021580_1563801934045481_529360452967937563_n-150x150.jpg\" class=\"attachment-thumbnail size-thumbnail\" alt=\"\" \/><\/a>\n\t\t\t\t<\/dt><\/dl><dl class='gallery-item'>\n\t\t\t\t<dt class='gallery-icon portrait'>\n\t\t\t\t\t<a class=\"rollover rollover-zoom dt-pswp-item\" title=\"321791601_568110784776281_2529904476191282799_n\" data-dt-img-description=\"\" data-large_image_width=\"154\" data-large_image_height=\"225\"href='https:\/\/www.radiopiu.net\/wordpress\/wp-content\/uploads\/2023\/01\/321791601_568110784776281_2529904476191282799_n.jpg'><img loading=\"lazy\" decoding=\"async\" width=\"150\" height=\"150\" src=\"https:\/\/www.radiopiu.net\/wordpress\/wp-content\/uploads\/2023\/01\/321791601_568110784776281_2529904476191282799_n-150x150.jpg\" class=\"attachment-thumbnail size-thumbnail\" alt=\"\" \/><\/a>\n\t\t\t\t<\/dt><\/dl><dl class='gallery-item'>\n\t\t\t\t<dt class='gallery-icon portrait'>\n\t\t\t\t\t<a class=\"rollover rollover-zoom dt-pswp-item\" title=\"321660629_716453666560606_283883684336632801_n\" data-dt-img-description=\"\" data-large_image_width=\"155\" data-large_image_height=\"240\"href='https:\/\/www.radiopiu.net\/wordpress\/wp-content\/uploads\/2023\/01\/321660629_716453666560606_283883684336632801_n.jpg'><img loading=\"lazy\" decoding=\"async\" width=\"150\" height=\"150\" src=\"https:\/\/www.radiopiu.net\/wordpress\/wp-content\/uploads\/2023\/01\/321660629_716453666560606_283883684336632801_n-150x150.jpg\" class=\"attachment-thumbnail size-thumbnail\" alt=\"\" \/><\/a>\n\t\t\t\t<\/dt><\/dl><dl class='gallery-item'>\n\t\t\t\t<dt class='gallery-icon portrait'>\n\t\t\t\t\t<a class=\"rollover rollover-zoom dt-pswp-item\" title=\"321418555_1173948983225634_8811689987393018721_n\" data-dt-img-description=\"\" data-large_image_width=\"155\" data-large_image_height=\"280\"href='https:\/\/www.radiopiu.net\/wordpress\/wp-content\/uploads\/2023\/01\/321418555_1173948983225634_8811689987393018721_n.jpg'><img loading=\"lazy\" decoding=\"async\" width=\"150\" height=\"150\" src=\"https:\/\/www.radiopiu.net\/wordpress\/wp-content\/uploads\/2023\/01\/321418555_1173948983225634_8811689987393018721_n-150x150.jpg\" class=\"attachment-thumbnail size-thumbnail\" alt=\"\" \/><\/a>\n\t\t\t\t<\/dt><\/dl><br style=\"clear: both\" \/>\n\t\t\t<\/div>\n\n<p>&nbsp;<\/p>\n<p>&nbsp;<\/p>\n<p>&nbsp;<\/p>\n<p>&nbsp;<\/p>\n<hr \/>\n<p>&nbsp;<\/p>\n<div>\n<div class=\"b654a4as d2edcug0\">\n<div class=\"rq0escxv hkbzh7o3 jwdofwj8 n8tt0mok r8blr3vg hyh9befq\">\n<p><a class=\"dt-pswp-item\" href=\"https:\/\/www.radiopiu.net\/wordpress\/wp-content\/uploads\/2020\/10\/pp.jpg\" data-dt-img-description=\"\" data-large_image_width=\"640\" data-large_image_height=\"640\"><img loading=\"lazy\" decoding=\"async\" class=\"wp-image-163678 alignleft\" src=\"https:\/\/www.radiopiu.net\/wordpress\/wp-content\/uploads\/2020\/10\/pp-300x300.jpg\" alt=\"\" width=\"106\" height=\"106\" srcset=\"https:\/\/www.radiopiu.net\/wordpress\/wp-content\/uploads\/2020\/10\/pp-300x300.jpg 300w, https:\/\/www.radiopiu.net\/wordpress\/wp-content\/uploads\/2020\/10\/pp-150x150.jpg 150w, https:\/\/www.radiopiu.net\/wordpress\/wp-content\/uploads\/2020\/10\/pp-125x125.jpg 125w, https:\/\/www.radiopiu.net\/wordpress\/wp-content\/uploads\/2020\/10\/pp-200x200.jpg 200w, https:\/\/www.radiopiu.net\/wordpress\/wp-content\/uploads\/2020\/10\/pp-80x80.jpg 80w, https:\/\/www.radiopiu.net\/wordpress\/wp-content\/uploads\/2020\/10\/pp-480x480.jpg 480w, https:\/\/www.radiopiu.net\/wordpress\/wp-content\/uploads\/2020\/10\/pp.jpg 640w\" sizes=\"auto, (max-width: 106px) 100vw, 106px\" \/><\/a><\/p>\n<\/div>\n<\/div>\n<\/div>\n<div>\n<div class=\"page-title-head hgroup\">\n<div class=\"page-title-head hgroup\">\n<div class=\"b654a4as d2edcug0\">\n<div class=\"j83agx80 btwxx1t3 lhclo0ds hop8lmos nkwizq5d scwd0bx6 roh60bw9\">\n<div class=\"rq0escxv hkbzh7o3 jwdofwj8 n8tt0mok r8blr3vg hyh9befq\">\n<div class=\"do00u71z l9j0dhe7 k4urcfbm\" style=\"text-align: left;\">\n<h2><span style=\"color: #000080;\">DON CESARE, IL PENSIERO DEL GIORNO. ALLA RADIO ALLE 7 DEL MATTINO E ALLE 19.30 DELLA SERA<\/span><\/h2>\n<audio class=\"wp-audio-shortcode\" id=\"audio-314847-7\" preload=\"none\" style=\"width: 100%;\" controls=\"controls\"><source type=\"audio\/mpeg\" src=\"https:\/\/www.radiopiu.net\/wordpress\/wp-content\/uploads\/2023\/01\/CESARE-2.mp3?_=7\" \/><a href=\"https:\/\/www.radiopiu.net\/wordpress\/wp-content\/uploads\/2023\/01\/CESARE-2.mp3\">https:\/\/www.radiopiu.net\/wordpress\/wp-content\/uploads\/2023\/01\/CESARE-2.mp3<\/a><\/audio>\n<\/div>\n<\/div>\n<\/div>\n<\/div>\n<\/div>\n<\/div>\n<\/div>\n<p>&nbsp;<\/p>\n<hr \/>\n<p>&nbsp;<\/p>\n<h2><span style=\"color: #ff00ff;\">IN VIVO VERSO\u00a0<\/span><\/h2>\n<div dir=\"auto\">\n<div dir=\"auto\"><a class=\"dt-pswp-item\" href=\"https:\/\/www.radiopiu.net\/wordpress\/wp-content\/uploads\/2023\/01\/97501991_4037516052955640_6275118498456797184_n.jpg\" data-dt-img-description=\"\" data-large_image_width=\"1382\" data-large_image_height=\"1388\"><img loading=\"lazy\" decoding=\"async\" class=\"wp-image-314548 alignleft\" src=\"https:\/\/www.radiopiu.net\/wordpress\/wp-content\/uploads\/2023\/01\/97501991_4037516052955640_6275118498456797184_n-300x300.jpg\" alt=\"\" width=\"169\" height=\"169\" srcset=\"https:\/\/www.radiopiu.net\/wordpress\/wp-content\/uploads\/2023\/01\/97501991_4037516052955640_6275118498456797184_n-300x300.jpg 300w, https:\/\/www.radiopiu.net\/wordpress\/wp-content\/uploads\/2023\/01\/97501991_4037516052955640_6275118498456797184_n-1020x1024.jpg 1020w, https:\/\/www.radiopiu.net\/wordpress\/wp-content\/uploads\/2023\/01\/97501991_4037516052955640_6275118498456797184_n-150x150.jpg 150w, https:\/\/www.radiopiu.net\/wordpress\/wp-content\/uploads\/2023\/01\/97501991_4037516052955640_6275118498456797184_n-768x771.jpg 768w, https:\/\/www.radiopiu.net\/wordpress\/wp-content\/uploads\/2023\/01\/97501991_4037516052955640_6275118498456797184_n.jpg 1382w\" sizes=\"auto, (max-width: 169px) 100vw, 169px\" \/><\/a>Buon inizio , e che l\u2019Amore condisca tutti i vostri gesti dentro a questo nuovo anno!<span class=\"x3nfvp2 x1j61x8r x1fcty0u xdj266r xhhsvwb xat24cr xgzva0m xxymvpz xlup9mm x1kky2od\"><img loading=\"lazy\" decoding=\"async\" src=\"https:\/\/static.xx.fbcdn.net\/images\/emoji.php\/v9\/t6c\/1\/16\/2764.png\" alt=\"&#x2764;&#xfe0f;\" width=\"16\" height=\"16\" \/><\/span><\/div>\n<div dir=\"auto\">Ho fatto un po\u2019 di vacanza, e quindi da oggi vi ripropongo delle bellissime poesie di <a class=\"x1i10hfl xjbqb8w x6umtig x1b1mbwd xaqea5y xav7gou x9f619 x1ypdohk xt0psk2 xe8uvvx xdj266r x11i5rnm xat24cr x1mh8g0r xexx8yu x4uap5 x18d9i69 xkhd6sd x16tdsg8 x1hl2dhg xggy1nq x1a2a7pz xt0b8zv x1qq9wsj xo1l8bm\" tabindex=\"0\" role=\"link\" href=\"https:\/\/www.facebook.com\/groups\/1534369250161530\/user\/100003107648807\/?__cft__[0]=AZUUiqBY2gj3Kmj-93dViMOAuusV4VGcpxEDBCOuKBvXvPYRBaQJA1ozFrAeahL8ftdYSIWtspLpX-f2OG9zETwdtcyidjBMJbvx3Z-VUEW-iZxcPIGjT1Py_VSFYs6S_l_CPYL6JfOOeZcfbNcGMRq1rjaw3OEC7BWK9mcK_abCAobSGvdpFRwXriovCp6JccA&amp;__tn__=-]K-R\"><span class=\"xt0psk2\">Mirta De Riz<\/span><\/a>, Maurizio Zanon, Rosalina Pianezze, <a class=\"x1i10hfl xjbqb8w x6umtig x1b1mbwd xaqea5y xav7gou x9f619 x1ypdohk xt0psk2 xe8uvvx xdj266r x11i5rnm xat24cr x1mh8g0r xexx8yu x4uap5 x18d9i69 xkhd6sd x16tdsg8 x1hl2dhg xggy1nq x1a2a7pz xt0b8zv x1qq9wsj xo1l8bm\" tabindex=\"0\" role=\"link\" href=\"https:\/\/www.facebook.com\/groups\/1534369250161530\/user\/100007760341881\/?__cft__[0]=AZUUiqBY2gj3Kmj-93dViMOAuusV4VGcpxEDBCOuKBvXvPYRBaQJA1ozFrAeahL8ftdYSIWtspLpX-f2OG9zETwdtcyidjBMJbvx3Z-VUEW-iZxcPIGjT1Py_VSFYs6S_l_CPYL6JfOOeZcfbNcGMRq1rjaw3OEC7BWK9mcK_abCAobSGvdpFRwXriovCp6JccA&amp;__tn__=-]K-R\"><span class=\"xt0psk2\">Emma Franceschini<\/span><\/a> e il grande Italo Rualta che legger\u00e0 l\u2019Infinito di Leopardi in dialetto !<\/div>\n<div dir=\"auto\">Buon riascolto e .. un bacio a tutti!<\/div>\n<div dir=\"auto\"><\/div>\n<div dir=\"auto\"><em><strong>Brunella\u00a0\u00a0<\/strong><\/em><\/div>\n<div dir=\"auto\"><\/div>\n<div dir=\"auto\"><\/div>\n<div dir=\"auto\"><\/div>\n<div dir=\"auto\"><\/div>\n<div dir=\"auto\">\n\n\t\t\t<style type='text\/css'>\n\t\t\t\t#gallery-8 {\n\t\t\t\t\tmargin: auto;\n\t\t\t\t}\n\t\t\t\t#gallery-8 .gallery-item {\n\t\t\t\t\tfloat: left;\n\t\t\t\t\tmargin-top: 10px;\n\t\t\t\t\ttext-align: center;\n\t\t\t\t\twidth: 20%;\n\t\t\t\t}\n\t\t\t\t#gallery-8 img {\n\t\t\t\t\tborder: 2px solid #cfcfcf;\n\t\t\t\t}\n\t\t\t\t#gallery-8 .gallery-caption {\n\t\t\t\t\tmargin-left: 0;\n\t\t\t\t}\n\t\t\t\t\/* see gallery_shortcode() in wp-includes\/media.php *\/\n\t\t\t<\/style>\n\t\t<div id='gallery-8' class='dt-gallery-container gallery galleryid-314847 gallery-columns-5 gallery-size-thumbnail'><dl class='gallery-item'>\n\t\t\t\t<dt class='gallery-icon portrait'>\n\t\t\t\t\t<a class=\"rollover rollover-zoom dt-pswp-item\" title=\"foto myrta de riz\" data-dt-img-description=\"\" data-large_image_width=\"508\" data-large_image_height=\"509\"href='https:\/\/www.radiopiu.net\/wordpress\/wp-content\/uploads\/2020\/01\/foto-myrta-de-riz.jpg'><img loading=\"lazy\" decoding=\"async\" width=\"150\" height=\"150\" src=\"https:\/\/www.radiopiu.net\/wordpress\/wp-content\/uploads\/2020\/01\/foto-myrta-de-riz-150x150.jpg\" class=\"attachment-thumbnail size-thumbnail\" alt=\"\" srcset=\"https:\/\/www.radiopiu.net\/wordpress\/wp-content\/uploads\/2020\/01\/foto-myrta-de-riz-150x150.jpg 150w, https:\/\/www.radiopiu.net\/wordpress\/wp-content\/uploads\/2020\/01\/foto-myrta-de-riz-300x300.jpg 300w, https:\/\/www.radiopiu.net\/wordpress\/wp-content\/uploads\/2020\/01\/foto-myrta-de-riz.jpg 508w\" sizes=\"auto, (max-width: 150px) 100vw, 150px\" \/><\/a>\n\t\t\t\t<\/dt><\/dl><dl class='gallery-item'>\n\t\t\t\t<dt class='gallery-icon portrait'>\n\t\t\t\t\t<a class=\"rollover rollover-zoom dt-pswp-item\" title=\"3 MAURIZIO ZANON FOTO\" data-dt-img-description=\"\" data-large_image_width=\"468\" data-large_image_height=\"719\"href='https:\/\/www.radiopiu.net\/wordpress\/wp-content\/uploads\/2021\/11\/3-MAURIZIO-ZANON-FOTO.jpg'><img loading=\"lazy\" decoding=\"async\" width=\"150\" height=\"150\" src=\"https:\/\/www.radiopiu.net\/wordpress\/wp-content\/uploads\/2021\/11\/3-MAURIZIO-ZANON-FOTO-150x150.jpg\" class=\"attachment-thumbnail size-thumbnail\" alt=\"\" \/><\/a>\n\t\t\t\t<\/dt><\/dl><dl class='gallery-item'>\n\t\t\t\t<dt class='gallery-icon landscape'>\n\t\t\t\t\t<a class=\"rollover rollover-zoom dt-pswp-item\" title=\"-ROSALINA-PIANEZZE. foto\" data-dt-img-description=\"\" data-large_image_width=\"917\" data-large_image_height=\"897\"href='https:\/\/www.radiopiu.net\/wordpress\/wp-content\/uploads\/2020\/12\/ROSALINA-PIANEZZE.-foto-e1608204689746.jpg'><img loading=\"lazy\" decoding=\"async\" width=\"150\" height=\"150\" src=\"https:\/\/www.radiopiu.net\/wordpress\/wp-content\/uploads\/2020\/12\/ROSALINA-PIANEZZE.-foto-e1608204689746-150x150.jpg\" class=\"attachment-thumbnail size-thumbnail\" alt=\"\" \/><\/a>\n\t\t\t\t<\/dt><\/dl><dl class='gallery-item'>\n\t\t\t\t<dt class='gallery-icon portrait'>\n\t\t\t\t\t<a class=\"rollover rollover-zoom dt-pswp-item\" title=\"EMY\" data-dt-img-description=\"\" data-large_image_width=\"315\" data-large_image_height=\"326\"href='https:\/\/www.radiopiu.net\/wordpress\/wp-content\/uploads\/2022\/03\/EMY.jpg'><img loading=\"lazy\" decoding=\"async\" width=\"150\" height=\"150\" src=\"https:\/\/www.radiopiu.net\/wordpress\/wp-content\/uploads\/2022\/03\/EMY-150x150.jpg\" class=\"attachment-thumbnail size-thumbnail\" alt=\"\" \/><\/a>\n\t\t\t\t<\/dt><\/dl><dl class='gallery-item'>\n\t\t\t\t<dt class='gallery-icon landscape'>\n\t\t\t\t\t<a class=\"rollover rollover-zoom dt-pswp-item\" title=\"ITALO RUALTA FOTO\" data-dt-img-description=\"\" data-large_image_width=\"1280\" data-large_image_height=\"853\"href='https:\/\/www.radiopiu.net\/wordpress\/wp-content\/uploads\/2021\/02\/ITALO-RUALTA-FOTO.jpg'><img loading=\"lazy\" decoding=\"async\" width=\"150\" height=\"150\" src=\"https:\/\/www.radiopiu.net\/wordpress\/wp-content\/uploads\/2021\/02\/ITALO-RUALTA-FOTO-150x150.jpg\" class=\"attachment-thumbnail size-thumbnail\" alt=\"\" \/><\/a>\n\t\t\t\t<\/dt><\/dl><br style=\"clear: both\" \/>\n\t\t\t<\/div>\n\n<\/div>\n<div dir=\"auto\"><\/div>\n<div dir=\"auto\">\n<p><span style=\"color: #ff0000;\">LUNEDI 02 GENNAIO &#8220;Ho dimenticato&#8221; di Myrta De Riz<\/span><\/p>\n<audio class=\"wp-audio-shortcode\" id=\"audio-314847-8\" preload=\"none\" style=\"width: 100%;\" controls=\"controls\"><source type=\"audio\/mpeg\" src=\"https:\/\/www.radiopiu.net\/wordpress\/wp-content\/uploads\/2023\/01\/VIVO-VERSO-LUN.mp3?_=8\" \/><a href=\"https:\/\/www.radiopiu.net\/wordpress\/wp-content\/uploads\/2023\/01\/VIVO-VERSO-LUN.mp3\">https:\/\/www.radiopiu.net\/wordpress\/wp-content\/uploads\/2023\/01\/VIVO-VERSO-LUN.mp3<\/a><\/audio>\n<p><span style=\"color: #ff0000;\">MARTEDI 03 GENNAIO &#8220;Tutto fu bello qui&#8221; di Maurizio Zanon<\/span><\/p>\n<audio class=\"wp-audio-shortcode\" id=\"audio-314847-9\" preload=\"none\" style=\"width: 100%;\" controls=\"controls\"><source type=\"audio\/mpeg\" src=\"https:\/\/www.radiopiu.net\/wordpress\/wp-content\/uploads\/2023\/01\/VIVO-VERSO-MAR.mp3?_=9\" \/><a href=\"https:\/\/www.radiopiu.net\/wordpress\/wp-content\/uploads\/2023\/01\/VIVO-VERSO-MAR.mp3\">https:\/\/www.radiopiu.net\/wordpress\/wp-content\/uploads\/2023\/01\/VIVO-VERSO-MAR.mp3<\/a><\/audio>\n<p><span style=\"color: #ff0000;\">MERCOLEDI 04 GENNAIO &#8220;NEL SOGNO&#8221;\u00a0 di Rosalina Pianezze<\/span><\/p>\n<audio class=\"wp-audio-shortcode\" id=\"audio-314847-10\" preload=\"none\" style=\"width: 100%;\" controls=\"controls\"><source type=\"audio\/mpeg\" src=\"https:\/\/www.radiopiu.net\/wordpress\/wp-content\/uploads\/2023\/01\/VIVO-VERSO-MER.mp3?_=10\" \/><a href=\"https:\/\/www.radiopiu.net\/wordpress\/wp-content\/uploads\/2023\/01\/VIVO-VERSO-MER.mp3\">https:\/\/www.radiopiu.net\/wordpress\/wp-content\/uploads\/2023\/01\/VIVO-VERSO-MER.mp3<\/a><\/audio>\n<\/div>\n<\/div>\n<p><strong>LA RACCOLTA COMPLETA<\/strong><\/p>\n<blockquote class=\"wp-embedded-content\" data-secret=\"7QhG7IJgTx\"><p><a href=\"https:\/\/www.radiopiu.net\/wordpress\/in-vivo-verso\/\">In Vivo Verso<\/a><\/p><\/blockquote>\n<p><iframe loading=\"lazy\" class=\"wp-embedded-content\" sandbox=\"allow-scripts\" security=\"restricted\" style=\"position: absolute; clip: rect(1px, 1px, 1px, 1px);\" title=\"&#8220;In Vivo Verso&#8221; &#8212; Radio Pi\u00f9\" src=\"https:\/\/www.radiopiu.net\/wordpress\/in-vivo-verso\/embed\/#?secret=f8tcUFmXfk#?secret=7QhG7IJgTx\" data-secret=\"7QhG7IJgTx\" width=\"600\" height=\"338\" frameborder=\"0\" marginwidth=\"0\" marginheight=\"0\" scrolling=\"no\"><\/iframe><\/p>\n<p>&nbsp;<\/p>\n<hr \/>\n<p>&nbsp;<\/p>\n<p><img loading=\"lazy\" decoding=\"async\" class=\"aligncenter wp-image-61954 size-full\" src=\"https:\/\/www.radiopiu.net\/wordpress\/wp-content\/uploads\/2018\/09\/viabilita.jpeg\" sizes=\"auto, (max-width: 800px) 100vw, 800px\" srcset=\"https:\/\/www.radiopiu.net\/wordpress\/wp-content\/uploads\/2018\/09\/viabilita.jpeg 800w, https:\/\/www.radiopiu.net\/wordpress\/wp-content\/uploads\/2018\/09\/viabilita-300x38.jpeg 300w, https:\/\/www.radiopiu.net\/wordpress\/wp-content\/uploads\/2018\/09\/viabilita-768x96.jpeg 768w\" alt=\"\" width=\"800\" height=\"100\" \/><\/p>\n<p>&nbsp;<\/p>\n<p>&nbsp;<\/p>\n<p><strong>AGGIORNAMENTO VENETO STRADE, AGGIORNAMENTO CONTINUO H 24<\/strong><\/p>\n<blockquote class=\"wp-embedded-content\" data-secret=\"7jaRcSusK0\"><p><a href=\"https:\/\/www.radiopiu.net\/wordpress\/viabilita\/\">viabilita<\/a><\/p><\/blockquote>\n<p><iframe loading=\"lazy\" class=\"wp-embedded-content\" sandbox=\"allow-scripts\" security=\"restricted\" style=\"position: absolute; clip: rect(1px, 1px, 1px, 1px);\" title=\"&#8220;viabilita&#8221; &#8212; Radio Pi\u00f9\" src=\"https:\/\/www.radiopiu.net\/wordpress\/viabilita\/embed\/#?secret=qjclhccJAM#?secret=7jaRcSusK0\" data-secret=\"7jaRcSusK0\" width=\"600\" height=\"338\" frameborder=\"0\" marginwidth=\"0\" marginheight=\"0\" scrolling=\"no\"><\/iframe><\/p>\n<h2><\/h2>\n<hr \/>\n<p>&nbsp;<\/p>\n<p><a class=\"dt-pswp-item\" href=\"https:\/\/www.radiopiu.net\/wordpress\/wp-content\/uploads\/2018\/09\/WhatsApp-Image-2018-09-20-at-16.04.06.jpeg\" data-dt-img-description=\"\" data-large_image_width=\"800\" data-large_image_height=\"100\"><img loading=\"lazy\" decoding=\"async\" class=\"wp-image-61378 size-full aligncenter\" src=\"https:\/\/www.radiopiu.net\/wordpress\/wp-content\/uploads\/2018\/09\/WhatsApp-Image-2018-09-20-at-16.04.06.jpeg\" alt=\"\" width=\"800\" height=\"100\" srcset=\"https:\/\/www.radiopiu.net\/wordpress\/wp-content\/uploads\/2018\/09\/WhatsApp-Image-2018-09-20-at-16.04.06.jpeg 800w, https:\/\/www.radiopiu.net\/wordpress\/wp-content\/uploads\/2018\/09\/WhatsApp-Image-2018-09-20-at-16.04.06-300x38.jpeg 300w, https:\/\/www.radiopiu.net\/wordpress\/wp-content\/uploads\/2018\/09\/WhatsApp-Image-2018-09-20-at-16.04.06-768x96.jpeg 768w\" sizes=\"auto, (max-width: 800px) 100vw, 800px\" \/><\/a><\/p>\n<p>&nbsp;<\/p>\n<p><center><b>OGGI<\/b><\/center><b>Tempo atteso: <\/b>Tempo stabile ma con nuvolosit\u00e0 irregolare al mattino con cielo parzialmente nuvoloso, a tratti nuvoloso, sia per nubi medio-alte da sottovento (lee clouds) che per qualche addensamento su Dolomiti settentrionali. Nel pomeriggio schiarite via via pi\u00f9 ampie fino a poco nuvoloso. Verso sera formazione di nubi basse sui versanti prealpini esposti alla pianura.<br \/>\n<b>Precipitazioni: <\/b>Assenti (0%)<br \/>\n<b>Temperature: <\/b>In generale aumento su valori ben superiori alla media del periodo.<\/p>\n<hr \/>\n<p><center><b>DOMANI<\/b><\/center><b>Tempo atteso: <\/b>Sereno con aria tersa ed ottima visibilit\u00e0, al pi\u00f9 poco nuvoloso per qualche velatura specie verso sera. Bassa la probabilit\u00e0 di qualche nebbia\/nube bassa nei fondovalle. Contesto termico sempre decisamente mite per il periodo.<br \/>\n<b>Precipitazioni: <\/b>Assenti (0%)<br \/>\n<b>Temperature: <\/b>Temperature in ulteriore lieve aumento con valori superiori alla media.<\/p>\n<hr \/>\n<p><center><b>SABATO<\/b><\/center>Sereno o poco nuvoloso per qualche nube alta e sottile. Sui versanti prealpini esposti alla Pianura nubi basse in estensione nel pomeriggio\/sera fino a nuvoloso e non esclusa un p\u00f2 di pioviggine sparsa su veronese e vicentino. Temperature sempre ben superiori alla media del periodo, in generale calo dalla sera in quota (minime raggiunte in serata). Forte inversione termica nelle valli.<\/p>\n<hr \/>\n<p><center><b>DOMENICA<\/b><\/center>Al mattino a partire da Prealpi occidentali aumento della nuvolosit\u00e0 alta e sottile via via pi\u00f9 estesa e spessa fino a cielo molto nuvoloso o coperto ovunque dalle ore centrali. Possibili deboli\/debolissimi fenomeni sparsi gi\u00e0 al mattino su Prealpi, con aumento della probabilit\u00e0 di precipitazioni nel pomeriggio\/sera generalmente deboli o al pi\u00f9 moderate su Prealpi. Limite neve attorno a 1000 m su Dolomiti, 1200-1400 m su Prealpi. Temperature in generale calo.<\/p>\n<p>&nbsp;<\/p>\n<hr \/>\n<p>&nbsp;<\/p>\n<p><a class=\"dt-pswp-item\" href=\"https:\/\/www.radiopiu.net\/wordpress\/wp-content\/uploads\/2018\/09\/sport.jpg\" data-dt-img-description=\"\" data-large_image_width=\"800\" data-large_image_height=\"100\"><img loading=\"lazy\" decoding=\"async\" class=\"aligncenter wp-image-60761 size-full\" src=\"https:\/\/www.radiopiu.net\/wordpress\/wp-content\/uploads\/2018\/09\/sport.jpg\" alt=\"\" width=\"800\" height=\"100\" srcset=\"https:\/\/www.radiopiu.net\/wordpress\/wp-content\/uploads\/2018\/09\/sport.jpg 800w, https:\/\/www.radiopiu.net\/wordpress\/wp-content\/uploads\/2018\/09\/sport-300x38.jpg 300w, https:\/\/www.radiopiu.net\/wordpress\/wp-content\/uploads\/2018\/09\/sport-768x96.jpg 768w\" sizes=\"auto, (max-width: 800px) 100vw, 800px\" \/><\/a><\/p>\n<p>&nbsp;<\/p>\n<p><span style=\"color: #0000ff;\"><strong>SCI DI FONDO<\/strong><\/span><\/p>\n<blockquote>\n<h3>ELIA BARP 49ESIMO NELLA 20 KM DEL TOUR DE SKI IN GERMANIA<\/h3>\n<\/blockquote>\n<p><strong><a class=\"dt-pswp-item\" href=\"https:\/\/www.radiopiu.net\/wordpress\/wp-content\/uploads\/2023\/01\/ELIA-BARP.jpg\" data-dt-img-description=\"\" data-large_image_width=\"1536\" data-large_image_height=\"1024\"><img loading=\"lazy\" decoding=\"async\" class=\" wp-image-314851 alignleft\" src=\"https:\/\/www.radiopiu.net\/wordpress\/wp-content\/uploads\/2023\/01\/ELIA-BARP-300x200.jpg\" alt=\"\" width=\"216\" height=\"144\" srcset=\"https:\/\/www.radiopiu.net\/wordpress\/wp-content\/uploads\/2023\/01\/ELIA-BARP-300x200.jpg 300w, https:\/\/www.radiopiu.net\/wordpress\/wp-content\/uploads\/2023\/01\/ELIA-BARP-1024x683.jpg 1024w, https:\/\/www.radiopiu.net\/wordpress\/wp-content\/uploads\/2023\/01\/ELIA-BARP-768x512.jpg 768w, https:\/\/www.radiopiu.net\/wordpress\/wp-content\/uploads\/2023\/01\/ELIA-BARP.jpg 1536w\" sizes=\"auto, (max-width: 216px) 100vw, 216px\" \/><\/a>di Marco Gaz<\/strong><\/p>\n<p><strong>REDAZIONE <\/strong>Si \u00e8 svolta in Germania la quarta tappa del Tour De Ski, il circuito di gare itineranti valide per la Coppa del Mondo di Fondo. In gara anche Elia Barp che nella 20 km inseguimento si \u00e8 fatto valere nei primi chilometri stando al passo dei grandi campioni. Il finanziere ha pagato gli sforzi precedenti nella parte finale, concludendo al 49\u00b0 posto con quasi 2&#8242; di ritardo dal primo. Ora il gruppone di fondisti si trasferir\u00e0 in Val di Fiemme dove nel fine settimana del 6, 7 e 8 gennaio si concluder\u00e0 questa edizione del Tour de Ski. Il giorno dell&#8217;epifania spazio alla sprint, il 7 gennaio tutti al lago di tesero per la gara a distanza e finale sull&#8217;Alpe del Cermis con la scalata che chiude il circuito.<\/p>\n<p>&nbsp;<\/p>\n<p>&nbsp;<\/p>\n<hr \/>\n<p>&nbsp;<\/p>\n<p><span style=\"color: #0000ff;\"><strong>SCI ALPINO<\/strong><\/span><\/p>\n<blockquote>\n<h3>UNA REUNION SULLE TOFANE PER I 30 ANNI DI COPPA DEL MONDO A CORTINA<\/h3>\n<\/blockquote>\n<p><a class=\"dt-pswp-item\" href=\"https:\/\/www.radiopiu.net\/wordpress\/wp-content\/uploads\/2023\/01\/2012_AnjaPaerson_Pentaphoto_53333-scaled.jpg\" data-dt-img-description=\"Sweden's Anja Paerson skiing on her way on the Olymopia delle Tofane's course an Womens World Cup downhill training ski competition in Cortina Italy on Friday, Jan.13 , 2012. (Photo\/Alessandro Trovati)\" data-large_image_width=\"2560\" data-large_image_height=\"1655\"><img loading=\"lazy\" decoding=\"async\" class=\"wp-image-314854 alignleft\" src=\"https:\/\/www.radiopiu.net\/wordpress\/wp-content\/uploads\/2023\/01\/2012_AnjaPaerson_Pentaphoto_53333-300x194.jpg\" alt=\"\" width=\"153\" height=\"99\" srcset=\"https:\/\/www.radiopiu.net\/wordpress\/wp-content\/uploads\/2023\/01\/2012_AnjaPaerson_Pentaphoto_53333-300x194.jpg 300w, https:\/\/www.radiopiu.net\/wordpress\/wp-content\/uploads\/2023\/01\/2012_AnjaPaerson_Pentaphoto_53333-1024x662.jpg 1024w, https:\/\/www.radiopiu.net\/wordpress\/wp-content\/uploads\/2023\/01\/2012_AnjaPaerson_Pentaphoto_53333-768x496.jpg 768w, https:\/\/www.radiopiu.net\/wordpress\/wp-content\/uploads\/2023\/01\/2012_AnjaPaerson_Pentaphoto_53333-1536x993.jpg 1536w, https:\/\/www.radiopiu.net\/wordpress\/wp-content\/uploads\/2023\/01\/2012_AnjaPaerson_Pentaphoto_53333-2048x1324.jpg 2048w\" sizes=\"auto, (max-width: 153px) 100vw, 153px\" \/><\/a><strong>CORTINA <\/strong><span style=\"font-weight: 400;\">Il 2023 che sta iniziando in queste ore costituir\u00e0 per Cortina Ski World Cup, la Coppa del mondo femminile di sci alpino, un anno di suggestione unica. L\u2019evento ampezzano, che ha saputo diventare uno degli appuntamenti pi\u00f9 attesi del circo rosa della velocit\u00e0, spegne infatti 30 candeline. Dal 1993, quella di Cortina \u00e8 divenuta tappa fissa della Coppa del mondo, un appuntamento nel quale la velocit\u00e0 \u00e8 protagonista assoluta. La Coppa era gi\u00e0 approdata nella Conca negli anni Settanta, senza per\u00f2 avere la continuit\u00e0 che ci sarebbe stata a partire dal 9 gennaio 1993, la data che ha segnato l\u2019inizio di Cortina \u2026 <\/span>Queen of Speed<span style=\"font-weight: 400;\">, Cortina capitale mondiale della velocit\u00e0. <\/span><span style=\"font-weight: 400;\">Per festeggiare i 30 anni di una storia che \u00e8 divenuta sempre pi\u00f9 appassionante, Fondazione Cortina, realt\u00e0 organizzatrice dell\u2019evento, proporr\u00e0, in occasione della Ski World Cup dei prossimi 20, 21 e 22 gennaio, un rendez-vous con le protagoniste di questa storia.<\/span><\/p>\n<p>&nbsp;<\/p>\n<p>&nbsp;<\/p>\n<hr \/>\n<p>&nbsp;<\/p>\n<p><span style=\"color: #0000ff;\"><strong>PALLAVOLO<\/strong><\/span><\/p>\n<blockquote>\n<h3>PER LA PALLAVOLO MASCHILE BELLUNO L&#8217;OBBIETTIVO &#8216; MIGLIORARSI<\/h3>\n<\/blockquote>\n<p><strong><a class=\"dt-pswp-item\" href=\"https:\/\/www.radiopiu.net\/wordpress\/wp-content\/uploads\/2023\/01\/Novello_pronto_alla_battuta.jpg\" data-dt-img-description=\"\" data-large_image_width=\"1440\" data-large_image_height=\"960\"><img loading=\"lazy\" decoding=\"async\" class=\" wp-image-314878 alignleft\" src=\"https:\/\/www.radiopiu.net\/wordpress\/wp-content\/uploads\/2023\/01\/Novello_pronto_alla_battuta-300x200.jpg\" alt=\"\" width=\"185\" height=\"123\" srcset=\"https:\/\/www.radiopiu.net\/wordpress\/wp-content\/uploads\/2023\/01\/Novello_pronto_alla_battuta-300x200.jpg 300w, https:\/\/www.radiopiu.net\/wordpress\/wp-content\/uploads\/2023\/01\/Novello_pronto_alla_battuta-1024x683.jpg 1024w, https:\/\/www.radiopiu.net\/wordpress\/wp-content\/uploads\/2023\/01\/Novello_pronto_alla_battuta-768x512.jpg 768w, https:\/\/www.radiopiu.net\/wordpress\/wp-content\/uploads\/2023\/01\/Novello_pronto_alla_battuta.jpg 1440w\" sizes=\"auto, (max-width: 185px) 100vw, 185px\" \/><\/a>BELLUNO <\/strong>Per tornare in paradiso, \u00e8 necessario passare per i diavoli. O meglio, i Diavoli Rosa. L\u2019immagine \u00e8 metaforica fino a un certo punto, perch\u00e9 la Pallavolo maschile Belluno si affaccer\u00e0 al 2023 proprio contro i giovani e \u201cterribili\u201d ragazzi della Gamma Chimica Brugherio: i \u201cDiavoli Rosa\u201d, per l\u2019appunto. L\u2019impegno \u00e8 in calendario domenica 8 gennaio alle 18, in Lombardia.Marco Novello e compagni intendono recitare al meglio la prima sceneggiatura del 2023. Anche per cancellare la rimonta subita nel giorno di Santo Stefano, in occasione del derby veneto contro il Volley Team San Don\u00e0. \u00abA mente lucida &#8211; afferma proprio Novello &#8211; non riesco ancora a spiegami cosa sia successo. Avremmo dovuto avere un po&#8217; pi\u00f9 di personalit\u00e0\u00bb.<\/p>\n<p>&nbsp;<\/p>\n<p>&nbsp;<\/p>\n<hr \/>\n<p>&nbsp;<\/p>\n<p><span style=\"color: #0000ff;\"><strong>HOCKEY SU GHIACCIO<\/strong><\/span><\/p>\n<blockquote>\n<h3 class=\"entry-title\">LE CIVETTE UNDER 17 SI ARRENDONO CON L\u2019APPIANO<\/h3>\n<\/blockquote>\n<p><strong><del class=\"photoswipe-wrapper\"><a class=\"dt-pswp-item pspw-wrap-ready\" href=\"https:\/\/www.radiopiu.net\/wordpress\/wp-content\/uploads\/2023\/01\/F46602C0-DE26-493D-ADFF-7E60A400FB5E.jpeg\" data-dt-img-description=\"\" data-large_image_width=\"1024\" data-large_image_height=\"521\"><img loading=\"lazy\" decoding=\"async\" class=\"size-medium wp-image-314958 alignleft\" src=\"https:\/\/www.radiopiu.net\/wordpress\/wp-content\/uploads\/2023\/01\/F46602C0-DE26-493D-ADFF-7E60A400FB5E-300x153.jpeg\" sizes=\"auto, (max-width: 300px) 100vw, 300px\" srcset=\"https:\/\/www.radiopiu.net\/wordpress\/wp-content\/uploads\/2023\/01\/F46602C0-DE26-493D-ADFF-7E60A400FB5E-300x153.jpeg 300w, https:\/\/www.radiopiu.net\/wordpress\/wp-content\/uploads\/2023\/01\/F46602C0-DE26-493D-ADFF-7E60A400FB5E-768x391.jpeg 768w, https:\/\/www.radiopiu.net\/wordpress\/wp-content\/uploads\/2023\/01\/F46602C0-DE26-493D-ADFF-7E60A400FB5E.jpeg 1024w\" alt=\"\" width=\"300\" height=\"153\" \/><\/a><\/del>Di Roberta Pol, portavoce dell\u2019Alleghe Under 17<\/strong><\/p>\n<p><strong>Alleghe\/Cortina U17 \u2013 HC Appiano U17\u00a0 0-2<\/strong><\/p>\n<p>Prima partita dell\u2019anno nuovo per la compagine U17 biancorossa contro i pari et\u00e0 dell\u2019Appiano. Nella partita di andata in terra altoatesina, i ragazzi di Coach De Biasio avevano sfoderato grinta e orgoglio, giocando una delle migliori partire della stagione. Non si pu\u00f2 dire altrettanto della prestazione di ieri, dove sono mancate determinazione e voglia di vincere. Per la cronaca si sono imposti gli ospiti con un calcistico 2 a 0. Ora testa al derby di sabato in trasferta contro lo Zoldo, ultimo incontro della Regular Season e partita tutt\u2019altro che da sottovalutare.<\/p>\n<p>&nbsp;<\/p>\n<p>&nbsp;<\/p>\n<hr \/>\n<p>&nbsp;<\/p>\n<\/div>\n<\/div>\n<\/div>\n","protected":false},"excerpt":{"rendered":"<p>RADIO PIU INFORMAZIONE il canale su TELEGRAM informazione di prima\u00a0 mano e in tempo reale. iscriviti ed aiutaci a farlo conoscere\u00a0 \u00a0 \u00a0 \u00a0 &nbsp; &nbsp; &nbsp; CASTION Dopo le polemiche l&#8217;amministrazione ha provveduto ad oscurare la segnaletica che imponeva il senso unico in salita istituendo il divieto di transito in discesa. Un provvedimento mai&hellip;<\/p>\n","protected":false},"author":4,"featured_media":314909,"comment_status":"closed","ping_status":"closed","sticky":false,"template":"","format":"standard","meta":{"_monsterinsights_skip_tracking":false,"_monsterinsights_sitenote_active":false,"_monsterinsights_sitenote_note":"","_monsterinsights_sitenote_category":0,"footnotes":""},"categories":[51,86,49],"tags":[],"class_list":["post-314847","post","type-post","status-publish","format-standard","has-post-thumbnail","hentry","category-evidenza-top","category-gr","category-news-18","category-51","category-86","category-49","description-off"],"img_url":"https:\/\/www.radiopiu.net\/wordpress\/wp-content\/uploads\/2023\/01\/324024860_579316610702871_8422875376715449519_n.jpg","_links":{"self":[{"href":"https:\/\/www.radiopiu.net\/wordpress\/wp-json\/wp\/v2\/posts\/314847","targetHints":{"allow":["GET"]}}],"collection":[{"href":"https:\/\/www.radiopiu.net\/wordpress\/wp-json\/wp\/v2\/posts"}],"about":[{"href":"https:\/\/www.radiopiu.net\/wordpress\/wp-json\/wp\/v2\/types\/post"}],"author":[{"embeddable":true,"href":"https:\/\/www.radiopiu.net\/wordpress\/wp-json\/wp\/v2\/users\/4"}],"replies":[{"embeddable":true,"href":"https:\/\/www.radiopiu.net\/wordpress\/wp-json\/wp\/v2\/comments?post=314847"}],"version-history":[{"count":0,"href":"https:\/\/www.radiopiu.net\/wordpress\/wp-json\/wp\/v2\/posts\/314847\/revisions"}],"wp:featuredmedia":[{"embeddable":true,"href":"https:\/\/www.radiopiu.net\/wordpress\/wp-json\/wp\/v2\/media\/314909"}],"wp:attachment":[{"href":"https:\/\/www.radiopiu.net\/wordpress\/wp-json\/wp\/v2\/media?parent=314847"}],"wp:term":[{"taxonomy":"category","embeddable":true,"href":"https:\/\/www.radiopiu.net\/wordpress\/wp-json\/wp\/v2\/categories?post=314847"},{"taxonomy":"post_tag","embeddable":true,"href":"https:\/\/www.radiopiu.net\/wordpress\/wp-json\/wp\/v2\/tags?post=314847"}],"curies":[{"name":"wp","href":"https:\/\/api.w.org\/{rel}","templated":true}]}}