{"id":314916,"date":"2023-01-04T23:28:57","date_gmt":"2023-01-04T22:28:57","guid":{"rendered":"https:\/\/www.radiopiu.net\/wordpress\/?p=314916"},"modified":"2023-01-04T15:36:28","modified_gmt":"2023-01-04T14:36:28","slug":"leuropa-in-zattera-del-1989-di-gianluigi-secco-garantiva-ampio-spazio-pure-a-maschere-e-riti","status":"publish","type":"post","link":"https:\/\/www.radiopiu.net\/wordpress\/leuropa-in-zattera-del-1989-di-gianluigi-secco-garantiva-ampio-spazio-pure-a-maschere-e-riti\/","title":{"rendered":"L\u2019\u201cEUROPA IN ZATTERA\u201d DEL 1989 DI GIANLUIGI SECCO GARANTIVA AMPIO SPAZIO PURE A \u201cMASCHERE E RITI\u201d"},"content":{"rendered":"<p><strong>di RENATO BONA<\/strong><\/p>\n<p>Correva l\u2019anno 1989 e, in occasione della manifestazione \u201cEuropa in zattera\u201d, Gianluigi Secco ide\u00f2 e realizz\u00f2, con il patrocinio dei Comuni di Belluno (sindaco Giovanni Crema), Ponte nelle Alpi (Giovanni Bortot), Castellavazzo (Valerio Zanne), Longarone (Gioacchino Bratti), nonch\u00e9 del presidente della Comunit\u00e0 montana Bellunese (Luigi Reolon) e di quello della Comunit\u00e0 montana Basso Cadore-Longaronese-Zoldano (Giovanni Boni) e dell\u2019Azienda di promozione turistica delle Prealpi e Dolomiti Bellunesi, una rivista in cui si illustrava l\u2019iniziativa dell\u2019incontro di zattieri e di genti di vari Paesi che \u201cfa sperare che le innumerevoli vicende dei popoli della terra suscitino crescente interesse e conoscenza per un sempre pi\u00f9 rispettoso e pacifico vivere comune\u201d. Oltre a quello riservato ad una sintetica storia di Belluno capoluogo, ad \u201cEuropa in Zattera\u201d, alla illustrazione di \u201cLa Piave fiume antico\u201d, alla \u201cMenada\u201d ovvero la fluitazione dei tronchi lungo la Piave, alle due tappe con le zattere: da Perarolo a Belluno e da Belluno alla pianura, alla sorprendente presenza di ex voto sul fiume, a pillole di storia del Museo etnografico degli Zattieri del Piave, e all\u2019illustrazione &#8211; a cura del sindaco del capoluogo, Giovanni Crema &#8211; di una prestigiosa figura artistica quale era Paolo Cavinato, che esponeva alla Crepadona, Gianni Secco dava ampio spazio a \u201cMaschere e Riti\u201d. Di cosa si trattava? Della mostra, dallo stesso titolo, allestita a Palazzo Crepadona dal 14 gennaio al 5 marzo di quello stesso anno prima che fosse trasferita a Cencenighe Agordino (dall\u20198 luglio al 27 agosto) a cura della Comunit\u00e0 montana Agordina) e poi a Venezia per il Carnevale del 1990. La pubblicazione &#8211; con disegni di Franco Fiabane &#8211; rammentava che \u201cla mostra ha occupato il porticato sul cortile interno e i due loggiati di palazzo Crepadona\u201d e che \u201ci personaggi, rappresentati in grandezza naturale, sono stati 27, con costumi realizzati nei paesi di origine\u201d. Ancora: \u201cLa coreografia ricordava felicemente l\u2019ambiente dolomitico, ogni personaggio era commentato in lingua tedesca, inglese e italiana su apposite gigantografie, in bacheca risultavano esposti una trentina di volti lignei di diversa provenienza\u201d. Ma non solo: \u201cLa radicata tradizione carnevalesca tra i monti bellunesi era illustrata in numerosi dipinti di artisti celebri: da Simonetti a Tomea, ai contemporanei Nevyiel, Fiabane, Calabr\u00f2 e molti altri. Due documentari video realizzati dal Centro studi e documentazione riti e carnevali, a cura dell\u2019associazione culturale \u201cAmici del Borgo\u201d, accompagnavano il visitatore verso una completa comprensione del significato dei riti\u201d. Alla fine risult\u00f2 che in quaranta giorni la mostra era stata visitata da circa quindicimila persone e la Rai aveva dedicato oltre tre ore ai carnevali bellunesi tra dirette e servizi speciali. Dunque un autentico successo come confermava il fatto che la rassegna era stata richiesta in uso da importanti citt\u00e0 italiane e straniere a conferma che \u201cIl Carnevale alpino \u00e8 festa di importanza fondamentale nella tradizione arcaica\u2026 le maschere sono la voce dell\u2019umanit\u00e0 impetrante. La numerosit\u00e0 dei personaggi del corteo carnevalesco propone identit\u00e0 di tensione di tutte le forze universali. Con maschere del bene, belle, di fattura preziosa in ogni particolare, e maschere brutte, espressione simbolica della miseria e della congenita malvagit\u00e0 umana, procedendo assieme per testimoniare il richiamo\u201d. I Belli recano simboli di vita, corrtono e saltellano continuamente facendo risuonare file di campanelli, vestono nastri e fazzoletti sgargianti, indossano oro e oggetti preziosi, portano in mano doni e rami ingemmati o fiori. I Brutti recano invece i segni dell\u2019addio, del distacco, del passato, dell\u2019inutilit\u00e0&#8230; Concludiamo questa rivisitazione carnevalesca citando: \u201cSerafic\u201d di Falcade; \u201cZinghenesta\u201d di Canale d\u2019Agordo;: \u201cGnaga\u201d di Zoldo; Om Salvarech di Rivamonte Agordino, \u201cMatazin\u201d del Comelico; \u201cMatacink di Laste e Sottoguda dell\u2019Alto Agordino; \u201cRoncel\u201d, \u201cRollate\u201d di Sappada; \u201cBer\u201d, \u201cGanga\u201d e chiss\u00e0 quanti ne abbiamo scordati (e ce ne scusiamo)&#8230;<\/p>\n\n\t\t\t<style type='text\/css'>\n\t\t\t\t#gallery-1 {\n\t\t\t\t\tmargin: auto;\n\t\t\t\t}\n\t\t\t\t#gallery-1 .gallery-item {\n\t\t\t\t\tfloat: left;\n\t\t\t\t\tmargin-top: 10px;\n\t\t\t\t\ttext-align: center;\n\t\t\t\t\twidth: 25%;\n\t\t\t\t}\n\t\t\t\t#gallery-1 img {\n\t\t\t\t\tborder: 2px solid #cfcfcf;\n\t\t\t\t}\n\t\t\t\t#gallery-1 .gallery-caption {\n\t\t\t\t\tmargin-left: 0;\n\t\t\t\t}\n\t\t\t\t\/* see gallery_shortcode() in wp-includes\/media.php *\/\n\t\t\t<\/style>\n\t\t<div id='gallery-1' class='dt-gallery-container gallery galleryid-314916 gallery-columns-4 gallery-size-thumbnail'><dl class='gallery-item'>\n\t\t\t\t<dt class='gallery-icon portrait'>\n\t\t\t\t\t<a class=\"rollover rollover-zoom dt-pswp-item\" title=\"321172178_613186454142390_4446164942330849936_n\" data-dt-img-description=\"\" data-large_image_width=\"173\" data-large_image_height=\"201\"href='https:\/\/www.radiopiu.net\/wordpress\/wp-content\/uploads\/2023\/01\/321172178_613186454142390_4446164942330849936_n.jpg'><img loading=\"lazy\" decoding=\"async\" width=\"150\" height=\"150\" src=\"https:\/\/www.radiopiu.net\/wordpress\/wp-content\/uploads\/2023\/01\/321172178_613186454142390_4446164942330849936_n-150x150.jpg\" class=\"attachment-thumbnail size-thumbnail\" alt=\"\" \/><\/a>\n\t\t\t\t<\/dt><\/dl><dl class='gallery-item'>\n\t\t\t\t<dt class='gallery-icon landscape'>\n\t\t\t\t\t<a class=\"rollover rollover-zoom dt-pswp-item\" title=\"321047917_1540251416496023_698146695604071600_n\" data-dt-img-description=\"\" data-large_image_width=\"294\" data-large_image_height=\"206\"href='https:\/\/www.radiopiu.net\/wordpress\/wp-content\/uploads\/2023\/01\/321047917_1540251416496023_698146695604071600_n.jpg'><img loading=\"lazy\" decoding=\"async\" width=\"150\" height=\"150\" src=\"https:\/\/www.radiopiu.net\/wordpress\/wp-content\/uploads\/2023\/01\/321047917_1540251416496023_698146695604071600_n-150x150.jpg\" class=\"attachment-thumbnail size-thumbnail\" alt=\"\" \/><\/a>\n\t\t\t\t<\/dt><\/dl><dl class='gallery-item'>\n\t\t\t\t<dt class='gallery-icon landscape'>\n\t\t\t\t\t<a class=\"rollover rollover-zoom dt-pswp-item\" title=\"320995201_690782086031139_4840361665735902347_n\" data-dt-img-description=\"\" data-large_image_width=\"223\" data-large_image_height=\"206\"href='https:\/\/www.radiopiu.net\/wordpress\/wp-content\/uploads\/2023\/01\/320995201_690782086031139_4840361665735902347_n.jpg'><img loading=\"lazy\" decoding=\"async\" width=\"150\" height=\"150\" src=\"https:\/\/www.radiopiu.net\/wordpress\/wp-content\/uploads\/2023\/01\/320995201_690782086031139_4840361665735902347_n-150x150.jpg\" class=\"attachment-thumbnail size-thumbnail\" alt=\"\" \/><\/a>\n\t\t\t\t<\/dt><\/dl><dl class='gallery-item'>\n\t\t\t\t<dt class='gallery-icon portrait'>\n\t\t\t\t\t<a class=\"rollover rollover-zoom dt-pswp-item\" title=\"320722255_1227410291183549_3625940351963913367_n\" data-dt-img-description=\"\" data-large_image_width=\"168\" data-large_image_height=\"200\"href='https:\/\/www.radiopiu.net\/wordpress\/wp-content\/uploads\/2023\/01\/320722255_1227410291183549_3625940351963913367_n.jpg'><img loading=\"lazy\" decoding=\"async\" width=\"150\" height=\"150\" src=\"https:\/\/www.radiopiu.net\/wordpress\/wp-content\/uploads\/2023\/01\/320722255_1227410291183549_3625940351963913367_n-150x150.jpg\" class=\"attachment-thumbnail size-thumbnail\" alt=\"\" \/><\/a>\n\t\t\t\t<\/dt><\/dl><br style=\"clear: both\" \/><dl class='gallery-item'>\n\t\t\t\t<dt class='gallery-icon portrait'>\n\t\t\t\t\t<a class=\"rollover rollover-zoom dt-pswp-item\" title=\"320590946_1827646880952717_1533323336001750324_n\" data-dt-img-description=\"\" data-large_image_width=\"153\" data-large_image_height=\"260\"href='https:\/\/www.radiopiu.net\/wordpress\/wp-content\/uploads\/2023\/01\/320590946_1827646880952717_1533323336001750324_n.jpg'><img loading=\"lazy\" decoding=\"async\" width=\"150\" height=\"150\" src=\"https:\/\/www.radiopiu.net\/wordpress\/wp-content\/uploads\/2023\/01\/320590946_1827646880952717_1533323336001750324_n-150x150.jpg\" class=\"attachment-thumbnail size-thumbnail\" alt=\"\" \/><\/a>\n\t\t\t\t<\/dt><\/dl><dl class='gallery-item'>\n\t\t\t\t<dt class='gallery-icon portrait'>\n\t\t\t\t\t<a class=\"rollover rollover-zoom dt-pswp-item\" title=\"320039502_1379467546206199_2487726880779403454_n\" data-dt-img-description=\"\" data-large_image_width=\"151\" data-large_image_height=\"320\"href='https:\/\/www.radiopiu.net\/wordpress\/wp-content\/uploads\/2023\/01\/320039502_1379467546206199_2487726880779403454_n.jpg'><img loading=\"lazy\" decoding=\"async\" width=\"150\" height=\"150\" src=\"https:\/\/www.radiopiu.net\/wordpress\/wp-content\/uploads\/2023\/01\/320039502_1379467546206199_2487726880779403454_n-150x150.jpg\" class=\"attachment-thumbnail size-thumbnail\" alt=\"\" \/><\/a>\n\t\t\t\t<\/dt><\/dl><dl class='gallery-item'>\n\t\t\t\t<dt class='gallery-icon landscape'>\n\t\t\t\t\t<a class=\"rollover rollover-zoom dt-pswp-item\" title=\"322417287_1441811059680782_5452489179462704669_n\" data-dt-img-description=\"\" data-large_image_width=\"403\" data-large_image_height=\"202\"href='https:\/\/www.radiopiu.net\/wordpress\/wp-content\/uploads\/2023\/01\/322417287_1441811059680782_5452489179462704669_n.jpg'><img loading=\"lazy\" decoding=\"async\" width=\"150\" height=\"150\" src=\"https:\/\/www.radiopiu.net\/wordpress\/wp-content\/uploads\/2023\/01\/322417287_1441811059680782_5452489179462704669_n-150x150.jpg\" class=\"attachment-thumbnail size-thumbnail\" alt=\"\" \/><\/a>\n\t\t\t\t<\/dt><\/dl><dl class='gallery-item'>\n\t\t\t\t<dt class='gallery-icon landscape'>\n\t\t\t\t\t<a class=\"rollover rollover-zoom dt-pswp-item\" title=\"322155624_695194735342102_4331007845525184695_n\" data-dt-img-description=\"\" data-large_image_width=\"280\" data-large_image_height=\"205\"href='https:\/\/www.radiopiu.net\/wordpress\/wp-content\/uploads\/2023\/01\/322155624_695194735342102_4331007845525184695_n.jpg'><img loading=\"lazy\" decoding=\"async\" width=\"150\" height=\"150\" src=\"https:\/\/www.radiopiu.net\/wordpress\/wp-content\/uploads\/2023\/01\/322155624_695194735342102_4331007845525184695_n-150x150.jpg\" class=\"attachment-thumbnail size-thumbnail\" alt=\"\" \/><\/a>\n\t\t\t\t<\/dt><\/dl><br style=\"clear: both\" \/><dl class='gallery-item'>\n\t\t\t\t<dt class='gallery-icon portrait'>\n\t\t\t\t\t<a class=\"rollover rollover-zoom dt-pswp-item\" title=\"322021580_1563801934045481_529360452967937563_n\" data-dt-img-description=\"\" data-large_image_width=\"155\" data-large_image_height=\"280\"href='https:\/\/www.radiopiu.net\/wordpress\/wp-content\/uploads\/2023\/01\/322021580_1563801934045481_529360452967937563_n.jpg'><img loading=\"lazy\" decoding=\"async\" width=\"150\" height=\"150\" src=\"https:\/\/www.radiopiu.net\/wordpress\/wp-content\/uploads\/2023\/01\/322021580_1563801934045481_529360452967937563_n-150x150.jpg\" class=\"attachment-thumbnail size-thumbnail\" alt=\"\" \/><\/a>\n\t\t\t\t<\/dt><\/dl><dl class='gallery-item'>\n\t\t\t\t<dt class='gallery-icon portrait'>\n\t\t\t\t\t<a class=\"rollover rollover-zoom dt-pswp-item\" title=\"321791601_568110784776281_2529904476191282799_n\" data-dt-img-description=\"\" data-large_image_width=\"154\" data-large_image_height=\"225\"href='https:\/\/www.radiopiu.net\/wordpress\/wp-content\/uploads\/2023\/01\/321791601_568110784776281_2529904476191282799_n.jpg'><img loading=\"lazy\" decoding=\"async\" width=\"150\" height=\"150\" src=\"https:\/\/www.radiopiu.net\/wordpress\/wp-content\/uploads\/2023\/01\/321791601_568110784776281_2529904476191282799_n-150x150.jpg\" class=\"attachment-thumbnail size-thumbnail\" alt=\"\" \/><\/a>\n\t\t\t\t<\/dt><\/dl><dl class='gallery-item'>\n\t\t\t\t<dt class='gallery-icon portrait'>\n\t\t\t\t\t<a class=\"rollover rollover-zoom dt-pswp-item\" title=\"321660629_716453666560606_283883684336632801_n\" data-dt-img-description=\"\" data-large_image_width=\"155\" data-large_image_height=\"240\"href='https:\/\/www.radiopiu.net\/wordpress\/wp-content\/uploads\/2023\/01\/321660629_716453666560606_283883684336632801_n.jpg'><img loading=\"lazy\" decoding=\"async\" width=\"150\" height=\"150\" src=\"https:\/\/www.radiopiu.net\/wordpress\/wp-content\/uploads\/2023\/01\/321660629_716453666560606_283883684336632801_n-150x150.jpg\" class=\"attachment-thumbnail size-thumbnail\" alt=\"\" \/><\/a>\n\t\t\t\t<\/dt><\/dl><dl class='gallery-item'>\n\t\t\t\t<dt class='gallery-icon portrait'>\n\t\t\t\t\t<a class=\"rollover rollover-zoom dt-pswp-item\" title=\"321418555_1173948983225634_8811689987393018721_n\" data-dt-img-description=\"\" data-large_image_width=\"155\" data-large_image_height=\"280\"href='https:\/\/www.radiopiu.net\/wordpress\/wp-content\/uploads\/2023\/01\/321418555_1173948983225634_8811689987393018721_n.jpg'><img loading=\"lazy\" decoding=\"async\" width=\"150\" height=\"150\" src=\"https:\/\/www.radiopiu.net\/wordpress\/wp-content\/uploads\/2023\/01\/321418555_1173948983225634_8811689987393018721_n-150x150.jpg\" class=\"attachment-thumbnail size-thumbnail\" alt=\"\" \/><\/a>\n\t\t\t\t<\/dt><\/dl><br style=\"clear: both\" \/>\n\t\t\t<\/div>\n\n","protected":false},"excerpt":{"rendered":"<p>di RENATO BONA Correva l\u2019anno 1989 e, in occasione della manifestazione \u201cEuropa in zattera\u201d, Gianluigi Secco ide\u00f2 e realizz\u00f2, con il patrocinio dei Comuni di Belluno (sindaco Giovanni Crema), Ponte nelle Alpi (Giovanni Bortot), Castellavazzo (Valerio Zanne), Longarone (Gioacchino Bratti), nonch\u00e9 del presidente della Comunit\u00e0 montana Bellunese (Luigi Reolon) e di quello della Comunit\u00e0 montana&hellip;<\/p>\n","protected":false},"author":4,"featured_media":314922,"comment_status":"closed","ping_status":"closed","sticky":false,"template":"","format":"standard","meta":{"_monsterinsights_skip_tracking":false,"_monsterinsights_sitenote_active":false,"_monsterinsights_sitenote_note":"","_monsterinsights_sitenote_category":0,"footnotes":""},"categories":[104,49],"tags":[],"class_list":["post-314916","post","type-post","status-publish","format-standard","has-post-thumbnail","hentry","category-evidenza_3","category-news-18","category-104","category-49","description-off"],"img_url":"https:\/\/www.radiopiu.net\/wordpress\/wp-content\/uploads\/2023\/01\/322417287_1441811059680782_5452489179462704669_n.jpg","_links":{"self":[{"href":"https:\/\/www.radiopiu.net\/wordpress\/wp-json\/wp\/v2\/posts\/314916","targetHints":{"allow":["GET"]}}],"collection":[{"href":"https:\/\/www.radiopiu.net\/wordpress\/wp-json\/wp\/v2\/posts"}],"about":[{"href":"https:\/\/www.radiopiu.net\/wordpress\/wp-json\/wp\/v2\/types\/post"}],"author":[{"embeddable":true,"href":"https:\/\/www.radiopiu.net\/wordpress\/wp-json\/wp\/v2\/users\/4"}],"replies":[{"embeddable":true,"href":"https:\/\/www.radiopiu.net\/wordpress\/wp-json\/wp\/v2\/comments?post=314916"}],"version-history":[{"count":0,"href":"https:\/\/www.radiopiu.net\/wordpress\/wp-json\/wp\/v2\/posts\/314916\/revisions"}],"wp:featuredmedia":[{"embeddable":true,"href":"https:\/\/www.radiopiu.net\/wordpress\/wp-json\/wp\/v2\/media\/314922"}],"wp:attachment":[{"href":"https:\/\/www.radiopiu.net\/wordpress\/wp-json\/wp\/v2\/media?parent=314916"}],"wp:term":[{"taxonomy":"category","embeddable":true,"href":"https:\/\/www.radiopiu.net\/wordpress\/wp-json\/wp\/v2\/categories?post=314916"},{"taxonomy":"post_tag","embeddable":true,"href":"https:\/\/www.radiopiu.net\/wordpress\/wp-json\/wp\/v2\/tags?post=314916"}],"curies":[{"name":"wp","href":"https:\/\/api.w.org\/{rel}","templated":true}]}}