{"id":314942,"date":"2023-01-04T15:56:11","date_gmt":"2023-01-04T14:56:11","guid":{"rendered":"https:\/\/www.radiopiu.net\/wordpress\/?p=314942"},"modified":"2023-01-04T15:56:11","modified_gmt":"2023-01-04T14:56:11","slug":"la-befana-della-biodiversita-in-pediatria-a-belluno","status":"publish","type":"post","link":"https:\/\/www.radiopiu.net\/wordpress\/la-befana-della-biodiversita-in-pediatria-a-belluno\/","title":{"rendered":"LA BEFANA DELLA BIODIVERSITA&#8217; IN PEDIATRIA A BELLUNO"},"content":{"rendered":"<p>BELLUNO\u00a0 Come da tradizione, i Carabinieri Forestali del reparto Biodiversit\u00e0 di Belluno, con il Brigadiere Walter Mariz e la dott.ssa Monica Sommacal, addetta all\u2019attivit\u00e0 didattica, hanno portato dei doni dedicati al tema dell\u2019ambiente e della biodiversit\u00e0 ai piccoli degenti della Pediatria di Belluno. L\u2019iniziativa, diffusa a livello nazionale e sostenuta dal comandante del Reparto Carabinieri Biodiversit\u00e0 di Belluno, il colonnello Gianfranco Munari, ha visto la consegna per ciascun bambino di un pacco regalo: oltre a un quadernone e una matita, ai bambini \u00e8 stato donato un libro con immagini riprese all\u2019interno delle riserve naturali gestite dal Reparto dei Carabinieri Biodiversit\u00e0 e una guida sugli animali selvatici. Dalla Ulss1 il grazie per questo pensiero di solidariet\u00e0 che vuole avvicinare sempre di pi\u00f9 tutti i bambini ai valori della tutela della natura promuovendo la conoscenza della biodiversit\u00e0.<\/p>\n<p>&nbsp;<\/p>\n<p>___<a class=\"dt-pswp-item\" href=\"https:\/\/www.radiopiu.net\/wordpress\/wp-content\/uploads\/2023\/01\/befana-della-biodiversita_belluno.jpeg\" data-dt-img-description=\"\" data-large_image_width=\"1500\" data-large_image_height=\"1173\"><img loading=\"lazy\" decoding=\"async\" class=\"alignnone wp-image-314943 size-large\" src=\"https:\/\/www.radiopiu.net\/wordpress\/wp-content\/uploads\/2023\/01\/befana-della-biodiversita_belluno-1024x801.jpeg\" alt=\"\" width=\"1024\" height=\"801\" srcset=\"https:\/\/www.radiopiu.net\/wordpress\/wp-content\/uploads\/2023\/01\/befana-della-biodiversita_belluno-1024x801.jpeg 1024w, https:\/\/www.radiopiu.net\/wordpress\/wp-content\/uploads\/2023\/01\/befana-della-biodiversita_belluno-300x235.jpeg 300w, https:\/\/www.radiopiu.net\/wordpress\/wp-content\/uploads\/2023\/01\/befana-della-biodiversita_belluno-768x601.jpeg 768w, https:\/\/www.radiopiu.net\/wordpress\/wp-content\/uploads\/2023\/01\/befana-della-biodiversita_belluno.jpeg 1500w\" sizes=\"auto, (max-width: 1024px) 100vw, 1024px\" \/><\/a><\/p>\n<p>&nbsp;<\/p>\n<p>&nbsp;<\/p>\n<hr \/>\n<p>&nbsp;<\/p>\n","protected":false},"excerpt":{"rendered":"<p>BELLUNO\u00a0 Come da tradizione, i Carabinieri Forestali del reparto Biodiversit\u00e0 di Belluno, con il Brigadiere Walter Mariz e la dott.ssa Monica Sommacal, addetta all\u2019attivit\u00e0 didattica, hanno portato dei doni dedicati al tema dell\u2019ambiente e della biodiversit\u00e0 ai piccoli degenti della Pediatria di Belluno. L\u2019iniziativa, diffusa a livello nazionale e sostenuta dal comandante del Reparto Carabinieri&hellip;<\/p>\n","protected":false},"author":4,"featured_media":314943,"comment_status":"closed","ping_status":"closed","sticky":false,"template":"","format":"standard","meta":{"_monsterinsights_skip_tracking":false,"_monsterinsights_sitenote_active":false,"_monsterinsights_sitenote_note":"","_monsterinsights_sitenote_category":0,"footnotes":""},"categories":[104,49],"tags":[],"class_list":["post-314942","post","type-post","status-publish","format-standard","has-post-thumbnail","hentry","category-evidenza_3","category-news-18","category-104","category-49","description-off"],"img_url":"https:\/\/www.radiopiu.net\/wordpress\/wp-content\/uploads\/2023\/01\/befana-della-biodiversita_belluno.jpeg","_links":{"self":[{"href":"https:\/\/www.radiopiu.net\/wordpress\/wp-json\/wp\/v2\/posts\/314942","targetHints":{"allow":["GET"]}}],"collection":[{"href":"https:\/\/www.radiopiu.net\/wordpress\/wp-json\/wp\/v2\/posts"}],"about":[{"href":"https:\/\/www.radiopiu.net\/wordpress\/wp-json\/wp\/v2\/types\/post"}],"author":[{"embeddable":true,"href":"https:\/\/www.radiopiu.net\/wordpress\/wp-json\/wp\/v2\/users\/4"}],"replies":[{"embeddable":true,"href":"https:\/\/www.radiopiu.net\/wordpress\/wp-json\/wp\/v2\/comments?post=314942"}],"version-history":[{"count":0,"href":"https:\/\/www.radiopiu.net\/wordpress\/wp-json\/wp\/v2\/posts\/314942\/revisions"}],"wp:featuredmedia":[{"embeddable":true,"href":"https:\/\/www.radiopiu.net\/wordpress\/wp-json\/wp\/v2\/media\/314943"}],"wp:attachment":[{"href":"https:\/\/www.radiopiu.net\/wordpress\/wp-json\/wp\/v2\/media?parent=314942"}],"wp:term":[{"taxonomy":"category","embeddable":true,"href":"https:\/\/www.radiopiu.net\/wordpress\/wp-json\/wp\/v2\/categories?post=314942"},{"taxonomy":"post_tag","embeddable":true,"href":"https:\/\/www.radiopiu.net\/wordpress\/wp-json\/wp\/v2\/tags?post=314942"}],"curies":[{"name":"wp","href":"https:\/\/api.w.org\/{rel}","templated":true}]}}