{"id":315097,"date":"2023-01-07T05:19:58","date_gmt":"2023-01-07T04:19:58","guid":{"rendered":"https:\/\/www.radiopiu.net\/wordpress\/?p=315097"},"modified":"2023-01-07T08:41:54","modified_gmt":"2023-01-07T07:41:54","slug":"giornale-radiopiu-07-gennaio-2023-direttore-mirko-mezzacasa-verso-i-40-anni-25-giugno-1983-25-giugno-2023","status":"publish","type":"post","link":"https:\/\/www.radiopiu.net\/wordpress\/giornale-radiopiu-07-gennaio-2023-direttore-mirko-mezzacasa-verso-i-40-anni-25-giugno-1983-25-giugno-2023\/","title":{"rendered":"GIORNALE RADIOPIU 07 GENNAIO 2023 DIRETTORE MIRKO MEZZACASA&#8230;verso i 40 anni 25 giugno 1983-25 giugno 2023"},"content":{"rendered":"<h3 class=\"kvgmc6g5 cxmmr5t8 oygrvhab hcukyx3x c1et5uql\"><span style=\"color: #0000ff;\"><strong>RADIO PIU INFORMAZIONE il canale su TELEGRAM informazione di prima\u00a0 <\/strong><strong>mano e in tempo reale. iscriviti ed aiutaci a farlo conoscere\u00a0 \u00a0 \u00a0 \u00a0<\/strong><\/span><\/h3>\n<h2><span style=\"color: #ff0000;\">ISCRIVITI AL NOSTRO CANALE YOUTUBE PER SEGUIRE IN DIRETTA I PRINCIPALI PROGRAMMI DI RADIO PIU&#8217; E LE FUTURE DIRETTE IN ESTERNA. PER ISCRIVERTI <a style=\"color: #ff0000;\" href=\"https:\/\/youtube.com\/@radiopiu1527\">CLICCA QUI<\/a> E PREMI IL TASTO &#8220;Iscriviti&#8221;\u00a0\u00a0<\/span><\/h2>\n<p>&nbsp;<\/p>\n<hr \/>\n<p>&nbsp;<\/p>\n<blockquote>\n<h3>DOMANI PUNTO TAMPONI AD ACCESSO LIBERO A PALUDI<\/h3>\n<\/blockquote>\n<p><strong><a class=\"dt-pswp-item\" href=\"https:\/\/www.radiopiu.net\/wordpress\/wp-content\/uploads\/2021\/01\/Tamponi-Paludi-1.jpg\" data-dt-img-description=\"\" data-large_image_width=\"1600\" data-large_image_height=\"900\"><img loading=\"lazy\" decoding=\"async\" class=\" wp-image-186210 alignleft\" src=\"https:\/\/www.radiopiu.net\/wordpress\/wp-content\/uploads\/2021\/01\/Tamponi-Paludi-1-300x169.jpg\" alt=\"\" width=\"208\" height=\"117\" srcset=\"https:\/\/www.radiopiu.net\/wordpress\/wp-content\/uploads\/2021\/01\/Tamponi-Paludi-1-300x169.jpg 300w, https:\/\/www.radiopiu.net\/wordpress\/wp-content\/uploads\/2021\/01\/Tamponi-Paludi-1-1024x576.jpg 1024w, https:\/\/www.radiopiu.net\/wordpress\/wp-content\/uploads\/2021\/01\/Tamponi-Paludi-1-768x432.jpg 768w, https:\/\/www.radiopiu.net\/wordpress\/wp-content\/uploads\/2021\/01\/Tamponi-Paludi-1-1536x864.jpg 1536w, https:\/\/www.radiopiu.net\/wordpress\/wp-content\/uploads\/2021\/01\/Tamponi-Paludi-1.jpg 1600w\" sizes=\"auto, (max-width: 208px) 100vw, 208px\" \/><\/a>BELLUNO<\/strong> Domani l\u2019Ulss Dolomiti attiva dalle 8.30 alle 12.30 un punto tamponi a Paludi per persone con sintomatologia covid, ad ACCESSO LIBERO. Sar\u00e0 presente un operatore sanitario per il triage all\u2019ingresso. NON \u00e8 quindi necessario chiamare il 118 o la Guardia medica per l\u2019impegnativa. Si invitano, quindi, le persone a NON rivolgersi al 118 per richieste di prescrizione di tampone. Si ricorda che nelle altre giornate, ad esclusione di domenica, l\u2019accesso ai drive in rimane su prenotazione con prescrizione del medico, prenotando dal sito <a href=\"http:\/\/www.aulss1.veneto.it\/\">www.aulss1.veneto.it<\/a><\/p>\n<p>&nbsp;<\/p>\n<p>&nbsp;<\/p>\n<hr \/>\n<p>&nbsp;<\/p>\n<blockquote>\n<h3>RENZO GAVAZ, UN SINDACO E UN IMPRENDITORE CHE PENSAVA. LUNEDI&#8217; I FUNERALI AD AGORDO<\/h3>\n<\/blockquote>\n<p><strong><a class=\"dt-pswp-item\" href=\"https:\/\/www.radiopiu.net\/wordpress\/wp-content\/uploads\/2023\/01\/GwAVAZ.jpg\" data-dt-img-description=\"\" data-large_image_width=\"518\" data-large_image_height=\"576\"><img loading=\"lazy\" decoding=\"async\" class=\" wp-image-315214 alignleft\" src=\"https:\/\/www.radiopiu.net\/wordpress\/wp-content\/uploads\/2023\/01\/GwAVAZ-270x300.jpg\" alt=\"\" width=\"142\" height=\"158\" srcset=\"https:\/\/www.radiopiu.net\/wordpress\/wp-content\/uploads\/2023\/01\/GwAVAZ-270x300.jpg 270w, https:\/\/www.radiopiu.net\/wordpress\/wp-content\/uploads\/2023\/01\/GwAVAZ.jpg 518w\" sizes=\"auto, (max-width: 142px) 100vw, 142px\" \/><\/a>AGORDO<\/strong><\/p>\n<p>di Gianni Santomaso<\/p>\n<p><strong>I FUNERALI DI RENZO GAVAZ VERRANNO CELEBRATI LUNEDI&#8217; ALLE 14:30 NELLA CHIESA ARCIDIACONALE DI AGORDO ne danno il triste annuncio il figlio Stefano con Anna, la figlia Miriam con Umberto, i nipoti Vanessa, Elisa, Simone, Francesco e Luca. Il fratello Beniamino con Ancilla, Paola e Bruna. La famiglia ringrazia il dottor Paolo Fadig\u00e0 e tutto il reparto di medicina dell&#8217;ospedale di Agordo.<\/strong><\/p>\n<audio class=\"wp-audio-shortcode\" id=\"audio-315097-1\" preload=\"none\" style=\"width: 100%;\" controls=\"controls\"><source type=\"audio\/mpeg\" src=\"https:\/\/www.radiopiu.net\/wordpress\/wp-content\/uploads\/2023\/01\/GIANNI-RENZO-GAVAZ-SITO.mp3?_=1\" \/><a href=\"https:\/\/www.radiopiu.net\/wordpress\/wp-content\/uploads\/2023\/01\/GIANNI-RENZO-GAVAZ-SITO.mp3\">https:\/\/www.radiopiu.net\/wordpress\/wp-content\/uploads\/2023\/01\/GIANNI-RENZO-GAVAZ-SITO.mp3<\/a><\/audio>\n<p>&nbsp;<\/p>\n<p>&nbsp;<\/p>\n<p><strong>IL RICORDO DI MONSIGNOR GIORGIO LISE<\/strong><\/p>\n<audio class=\"wp-audio-shortcode\" id=\"audio-315097-2\" preload=\"none\" style=\"width: 100%;\" controls=\"controls\"><source type=\"audio\/mpeg\" src=\"https:\/\/www.radiopiu.net\/wordpress\/wp-content\/uploads\/2023\/01\/don-giorgio-lise.mp3?_=2\" \/><a href=\"https:\/\/www.radiopiu.net\/wordpress\/wp-content\/uploads\/2023\/01\/don-giorgio-lise.mp3\">https:\/\/www.radiopiu.net\/wordpress\/wp-content\/uploads\/2023\/01\/don-giorgio-lise.mp3<\/a><\/audio>\n<p>&nbsp;<\/p>\n<p>&nbsp;<\/p>\n<p>&nbsp;<\/p>\n<blockquote>\n<h3>LA SCOMPARSA DI RENZO GAVAZ, UN GRANDE DOLORE PER LA FAMIGLIA, PER RADIO PIU<\/h3>\n<\/blockquote>\n<p><strong><a class=\"dt-pswp-item\" href=\"https:\/\/www.radiopiu.net\/wordpress\/wp-content\/uploads\/2023\/01\/17f6da37-7c06-4828-bd77-13908130b6f0.jpg\" data-dt-img-description=\"\" data-large_image_width=\"1200\" data-large_image_height=\"1600\"><img loading=\"lazy\" decoding=\"async\" class=\"size-medium wp-image-315190 alignleft\" src=\"https:\/\/www.radiopiu.net\/wordpress\/wp-content\/uploads\/2023\/01\/17f6da37-7c06-4828-bd77-13908130b6f0-225x300.jpg\" alt=\"\" width=\"225\" height=\"300\" srcset=\"https:\/\/www.radiopiu.net\/wordpress\/wp-content\/uploads\/2023\/01\/17f6da37-7c06-4828-bd77-13908130b6f0-225x300.jpg 225w, https:\/\/www.radiopiu.net\/wordpress\/wp-content\/uploads\/2023\/01\/17f6da37-7c06-4828-bd77-13908130b6f0-768x1024.jpg 768w, https:\/\/www.radiopiu.net\/wordpress\/wp-content\/uploads\/2023\/01\/17f6da37-7c06-4828-bd77-13908130b6f0-1152x1536.jpg 1152w, https:\/\/www.radiopiu.net\/wordpress\/wp-content\/uploads\/2023\/01\/17f6da37-7c06-4828-bd77-13908130b6f0.jpg 1200w\" sizes=\"auto, (max-width: 225px) 100vw, 225px\" \/><\/a>REDAZIONE<\/strong> Te lo ricordi Renzo? Avevo meno di vent&#8217;anni quando guardandomi da quegli occhi profondi mi hai detto<em> &#8220;Dai che andiamo a Bolzano per la finale dell&#8217;Alleghe con il Bolzano, facciamogli vedere come si commenta una partita di hockey, facciamogli vedere che abbiamo una radio in crescita&#8221;. <\/em>Era il 1985 e il primo vero &#8220;contatto&#8221; con il presidente della RADIOPIU,\u00a0 con quel Renzo Gavaz imprenditore,\u00a0 che da Rif guardava dall&#8217;alto lo sviluppo di una Agordo in decisa crescita <a class=\"dt-pswp-item\" href=\"https:\/\/www.radiopiu.net\/wordpress\/wp-content\/uploads\/2023\/01\/r.jpg\" data-dt-img-description=\"\" data-large_image_width=\"544\" data-large_image_height=\"1121\"><img loading=\"lazy\" decoding=\"async\" class=\"size-medium wp-image-315200 alignright\" src=\"https:\/\/www.radiopiu.net\/wordpress\/wp-content\/uploads\/2023\/01\/r-146x300.jpg\" alt=\"\" width=\"146\" height=\"300\" srcset=\"https:\/\/www.radiopiu.net\/wordpress\/wp-content\/uploads\/2023\/01\/r-146x300.jpg 146w, https:\/\/www.radiopiu.net\/wordpress\/wp-content\/uploads\/2023\/01\/r-497x1024.jpg 497w, https:\/\/www.radiopiu.net\/wordpress\/wp-content\/uploads\/2023\/01\/r.jpg 544w\" sizes=\"auto, (max-width: 146px) 100vw, 146px\" \/><\/a>economica, RADIOPIU compresa,\u00a0 e non sai quanta soggezione mi incutevi. Mi ricordo anche quella mattina del 1986, appena finita la Naja, quando mi hai chiamato nel tuo ufficio della GR Attachments sotto al quadro della Cornaviera,\u00a0 per comunicarmi che volevi cedere il pacchetto di azioni della Radio, quello pi\u00f9 corposo,\u00a0 e avevi pensato a me vedendomi come il futuro professionista in grado di portare avanti quella creatura nata tre anni prima in Piazza San Rocco a Taibon,\u00a0 e non ti sbagliavi come succedeva spesso. Ed il nostro legame ha iniziato a saldarsi. Sono stati anni importanti, dove non mi hai risparmiato le critiche, soprattutto quando, ventenne, uscivo dai binari e puntuale arrivata la telefonata &#8220;<em>Vien fora, subito, che ho da dite en per de robe&#8221;<\/em> . Ma hai continuato a crederci, sostenermi, spingere perch\u00e9 la RADIOPIU diventasse sempre pi\u00f9 la radio che avevi pensato con Pippo, il tuo amico Udilio Cadorin, primo direttore. Poi \u00e8 venuto tutto il resto <strong><a class=\"dt-pswp-item\" href=\"https:\/\/www.radiopiu.net\/wordpress\/wp-content\/uploads\/2023\/01\/87a3dc50-f510-445c-b6ac-f63279b5eefe.jpg\" data-dt-img-description=\"\" data-large_image_width=\"828\" data-large_image_height=\"649\"><img loading=\"lazy\" decoding=\"async\" class=\"size-medium wp-image-315205 alignleft\" src=\"https:\/\/www.radiopiu.net\/wordpress\/wp-content\/uploads\/2023\/01\/87a3dc50-f510-445c-b6ac-f63279b5eefe-300x235.jpg\" alt=\"\" width=\"300\" height=\"235\" srcset=\"https:\/\/www.radiopiu.net\/wordpress\/wp-content\/uploads\/2023\/01\/87a3dc50-f510-445c-b6ac-f63279b5eefe-300x235.jpg 300w, https:\/\/www.radiopiu.net\/wordpress\/wp-content\/uploads\/2023\/01\/87a3dc50-f510-445c-b6ac-f63279b5eefe-768x602.jpg 768w, https:\/\/www.radiopiu.net\/wordpress\/wp-content\/uploads\/2023\/01\/87a3dc50-f510-445c-b6ac-f63279b5eefe.jpg 828w\" sizes=\"auto, (max-width: 300px) 100vw, 300px\" \/><\/a><\/strong>che ha continuato a cementare la nostra amicizia. Il tuo impegno nell&#8217;hockey Agordo,\u00a0 per quella Cooperativa nella quale nessuno ha voluto crederci, nella vita amministrativa della citt\u00e0, passando dagli scranni della minoranza a quelli della maggioranza fino a diventare sindaco per due legislature, periodi importanti per Agordo e per un sindaco che rimane nella storia.\u00a0 Renzo, Renzo Gavaz, &#8220;el Renso&#8221; per me della RADIOPIU,\u00a0 una sorta di secondo padre, primo sostenitore della RADIOPIU da lui creata. E&#8217; un dolore profondo Renzo, che mi riporta indietro nel tempo, immagine dopo immagine, tra i tuoi successi imprenditoriali, in Provincia, in Comune e i miei con la tua pacca sulle spalle, il panettone a Natale, le quattro frequenti chiacchiere ad ogni occasione, quell&#8217;interminabile abbraccio quando ho perso il mio di pap\u00e0,\u00a0 accanto a parole di consolazione che in quel momento servivano per lenire il dolore e sei stato il primo a pararti davanti alla mia porta. Mi mancheranno quelle chiacchierate, quei consigli che hai saputo darmi per meglio gestire la RADIO,\u00a0 i collaboratori, gli ascoltatori, i clienti. Mi mancano da un po&#8217;, la malattia ti ha tolto tante voglie, giorno dopo giorno. Ma quell&#8217;ultimo abbraccio, quella lacrima mentre tentavi di dirmi non so cosa senza riuscirci,\u00a0 mi \u00e8 rimasta dentro, difficilmente uscir\u00e0 dalla mia mente, dal mio cuore. Un abbraccio a Stefano, a Miriam, ai tuoi nipoti, a tutti i parenti.<br \/>\nmirko<\/p>\n<p>&nbsp;<\/p>\n<blockquote>\n<h3><em>DI GIANNI SANTOMASO &#8211; IERI ALLA RADIO\u00a0<\/em><\/h3>\n<\/blockquote>\n<audio class=\"wp-audio-shortcode\" id=\"audio-315097-3\" preload=\"none\" style=\"width: 100%;\" controls=\"controls\"><source type=\"audio\/mpeg\" src=\"https:\/\/www.radiopiu.net\/wordpress\/wp-content\/uploads\/2023\/01\/renzo-gianni.mp3?_=3\" \/><a href=\"https:\/\/www.radiopiu.net\/wordpress\/wp-content\/uploads\/2023\/01\/renzo-gianni.mp3\">https:\/\/www.radiopiu.net\/wordpress\/wp-content\/uploads\/2023\/01\/renzo-gianni.mp3<\/a><\/audio>\n<p>&nbsp;<\/p>\n<div>\n<blockquote>\n<h2>Scomparsa Renzo Gavaz, Padrin: \u00abPerdiamo un\u2019altra figura importante della montagna bellunese\u00bb<\/h2>\n<\/blockquote>\n<blockquote><p><em>\u00abUna persona semplice, schietta. Un amministratore che ha saputo mettersi a disposizione della sua comunit\u00e0, in spirito di servizio. Un imprenditore serio e un uomo che ha saputo dare tanto al territorio\u00bb. Cos\u00ec il presidente della Provincia Roberto Padrin in una nota di cordoglio per la scomparsa di Renzo Gavaz, gi\u00e0 sindaco di Agordo e consigliere provinciale negli anni Novanta. <\/em><em>\u00abSe ne va un\u2019altra figura importante, un uomo che ha saputo voler bene al territorio e farsi voler bene. Ai suoi familiari va un pensiero d\u2019affetto mio e dell\u2019amministrazione provinciale\u00bb.<span class=\"gmail-Apple-converted-space\">\u00a0<\/span><\/em><\/p><\/blockquote>\n<\/div>\n<p>&nbsp;<\/p>\n<p>&nbsp;<\/p>\n\n\t\t\t<style type='text\/css'>\n\t\t\t\t#gallery-1 {\n\t\t\t\t\tmargin: auto;\n\t\t\t\t}\n\t\t\t\t#gallery-1 .gallery-item {\n\t\t\t\t\tfloat: left;\n\t\t\t\t\tmargin-top: 10px;\n\t\t\t\t\ttext-align: center;\n\t\t\t\t\twidth: 25%;\n\t\t\t\t}\n\t\t\t\t#gallery-1 img {\n\t\t\t\t\tborder: 2px solid #cfcfcf;\n\t\t\t\t}\n\t\t\t\t#gallery-1 .gallery-caption {\n\t\t\t\t\tmargin-left: 0;\n\t\t\t\t}\n\t\t\t\t\/* see gallery_shortcode() in wp-includes\/media.php *\/\n\t\t\t<\/style>\n\t\t<div id='gallery-1' class='dt-gallery-container gallery galleryid-315097 gallery-columns-4 gallery-size-thumbnail'><dl class='gallery-item'>\n\t\t\t\t<dt class='gallery-icon landscape'>\n\t\t\t\t\t<a class=\"rollover rollover-zoom dt-pswp-item\" title=\"gavaz\" data-dt-img-description=\"\" data-large_image_width=\"1280\" data-large_image_height=\"960\"href='https:\/\/www.radiopiu.net\/wordpress\/wp-content\/uploads\/2023\/01\/gavaz.jpg'><img loading=\"lazy\" decoding=\"async\" width=\"150\" height=\"150\" src=\"https:\/\/www.radiopiu.net\/wordpress\/wp-content\/uploads\/2023\/01\/gavaz-150x150.jpg\" class=\"attachment-thumbnail size-thumbnail\" alt=\"\" \/><\/a>\n\t\t\t\t<\/dt><\/dl><dl class='gallery-item'>\n\t\t\t\t<dt class='gallery-icon landscape'>\n\t\t\t\t\t<a class=\"rollover rollover-zoom dt-pswp-item\" title=\"OLYMPUS DIGITAL CAMERA\" data-dt-img-description=\"\" data-large_image_width=\"1280\" data-large_image_height=\"960\"href='https:\/\/www.radiopiu.net\/wordpress\/wp-content\/uploads\/2023\/01\/REOLON_GAVAZ_VISSALLI.jpg'><img loading=\"lazy\" decoding=\"async\" width=\"150\" height=\"150\" src=\"https:\/\/www.radiopiu.net\/wordpress\/wp-content\/uploads\/2023\/01\/REOLON_GAVAZ_VISSALLI-150x150.jpg\" class=\"attachment-thumbnail size-thumbnail\" alt=\"\" \/><\/a>\n\t\t\t\t<\/dt><\/dl><dl class='gallery-item'>\n\t\t\t\t<dt class='gallery-icon landscape'>\n\t\t\t\t\t<a class=\"rollover rollover-zoom dt-pswp-item\" title=\"KONICA MINOLTA DIGITAL CAMERA\" data-dt-img-description=\"\" data-large_image_width=\"1600\" data-large_image_height=\"1200\"href='https:\/\/www.radiopiu.net\/wordpress\/wp-content\/uploads\/2023\/01\/Don_LINO_MOTTES_e_RENZO-GAVAZ.jpg'><img loading=\"lazy\" decoding=\"async\" width=\"150\" height=\"150\" src=\"https:\/\/www.radiopiu.net\/wordpress\/wp-content\/uploads\/2023\/01\/Don_LINO_MOTTES_e_RENZO-GAVAZ-150x150.jpg\" class=\"attachment-thumbnail size-thumbnail\" alt=\"\" \/><\/a>\n\t\t\t\t<\/dt><\/dl><dl class='gallery-item'>\n\t\t\t\t<dt class='gallery-icon landscape'>\n\t\t\t\t\t<a class=\"rollover rollover-zoom dt-pswp-item\" title=\"KONICA MINOLTA DIGITAL CAMERA\" data-dt-img-description=\"\" data-large_image_width=\"640\" data-large_image_height=\"480\"href='https:\/\/www.radiopiu.net\/wordpress\/wp-content\/uploads\/2023\/01\/dindaci-di-agordo-e-taibon-ben-e-gavaz.jpg'><img loading=\"lazy\" decoding=\"async\" width=\"150\" height=\"150\" src=\"https:\/\/www.radiopiu.net\/wordpress\/wp-content\/uploads\/2023\/01\/dindaci-di-agordo-e-taibon-ben-e-gavaz-150x150.jpg\" class=\"attachment-thumbnail size-thumbnail\" alt=\"\" \/><\/a>\n\t\t\t\t<\/dt><\/dl><br style=\"clear: both\" \/><dl class='gallery-item'>\n\t\t\t\t<dt class='gallery-icon landscape'>\n\t\t\t\t\t<a class=\"rollover rollover-zoom dt-pswp-item\" title=\"KONICA MINOLTA DIGITAL CAMERA\" data-dt-img-description=\"\" data-large_image_width=\"2560\" data-large_image_height=\"1920\"href='https:\/\/www.radiopiu.net\/wordpress\/wp-content\/uploads\/2023\/01\/mirko_gavaz_ramazzina_trento_Harder_stalliviere_farenzena_chissale_De-Nardin_Benvegnu_savaris_-40.jpg'><img loading=\"lazy\" decoding=\"async\" width=\"150\" height=\"150\" src=\"https:\/\/www.radiopiu.net\/wordpress\/wp-content\/uploads\/2023\/01\/mirko_gavaz_ramazzina_trento_Harder_stalliviere_farenzena_chissale_De-Nardin_Benvegnu_savaris_-40-150x150.jpg\" class=\"attachment-thumbnail size-thumbnail\" alt=\"\" \/><\/a>\n\t\t\t\t<\/dt><\/dl><dl class='gallery-item'>\n\t\t\t\t<dt class='gallery-icon landscape'>\n\t\t\t\t\t<a class=\"rollover rollover-zoom dt-pswp-item\" title=\"KONICA MINOLTA DIGITAL CAMERA\" data-dt-img-description=\"\" data-large_image_width=\"2560\" data-large_image_height=\"1920\"href='https:\/\/www.radiopiu.net\/wordpress\/wp-content\/uploads\/2023\/01\/mirko_gavaz_ramazzina_trento_Harder_stalliviere_farenzena_chissale_De-Nardin_Benvegnu_savaris_-42.jpg'><img loading=\"lazy\" decoding=\"async\" width=\"150\" height=\"150\" src=\"https:\/\/www.radiopiu.net\/wordpress\/wp-content\/uploads\/2023\/01\/mirko_gavaz_ramazzina_trento_Harder_stalliviere_farenzena_chissale_De-Nardin_Benvegnu_savaris_-42-150x150.jpg\" class=\"attachment-thumbnail size-thumbnail\" alt=\"\" \/><\/a>\n\t\t\t\t<\/dt><\/dl><dl class='gallery-item'>\n\t\t\t\t<dt class='gallery-icon portrait'>\n\t\t\t\t\t<a class=\"rollover rollover-zoom dt-pswp-item\" title=\"GwAVAZ\" data-dt-img-description=\"\" data-large_image_width=\"518\" data-large_image_height=\"576\"href='https:\/\/www.radiopiu.net\/wordpress\/wp-content\/uploads\/2023\/01\/GwAVAZ.jpg'><img loading=\"lazy\" decoding=\"async\" width=\"150\" height=\"150\" src=\"https:\/\/www.radiopiu.net\/wordpress\/wp-content\/uploads\/2023\/01\/GwAVAZ-150x150.jpg\" class=\"attachment-thumbnail size-thumbnail\" alt=\"\" \/><\/a>\n\t\t\t\t<\/dt><\/dl>\n\t\t\t\t<br style='clear: both' \/>\n\t\t\t<\/div>\n\n<p>&nbsp;<\/p>\n<p>Renzo Gavaz \u00e8 mancato nel pomeriggio di gioved\u00ec all&#8217;ospedale dove da qualche giorno era ricoverato. Sofferente da tempo per una malattia degenerativa che non lasciascampo.\u00a0 ha continuato a incontrare gli amici nella bella casa di Rif, sorridere, parlando con gli occhi quando le parole non sono pi\u00f9 uscite una accanto all&#8217;altra. Non \u00e8 ancora stata decisa la data dei funerali.<\/p>\n<p>&nbsp;<\/p>\n\n\t\t\t<style type='text\/css'>\n\t\t\t\t#gallery-2 {\n\t\t\t\t\tmargin: auto;\n\t\t\t\t}\n\t\t\t\t#gallery-2 .gallery-item {\n\t\t\t\t\tfloat: left;\n\t\t\t\t\tmargin-top: 10px;\n\t\t\t\t\ttext-align: center;\n\t\t\t\t\twidth: 50%;\n\t\t\t\t}\n\t\t\t\t#gallery-2 img {\n\t\t\t\t\tborder: 2px solid #cfcfcf;\n\t\t\t\t}\n\t\t\t\t#gallery-2 .gallery-caption {\n\t\t\t\t\tmargin-left: 0;\n\t\t\t\t}\n\t\t\t\t\/* see gallery_shortcode() in wp-includes\/media.php *\/\n\t\t\t<\/style>\n\t\t<div id='gallery-2' class='dt-gallery-container gallery galleryid-315097 gallery-columns-2 gallery-size-medium'><dl class='gallery-item'>\n\t\t\t\t<dt class='gallery-icon landscape'>\n\t\t\t\t\t<a class=\"rollover rollover-zoom dt-pswp-item\" title=\"KONICA MINOLTA DIGITAL CAMERA\" data-dt-img-description=\"\" data-large_image_width=\"640\" data-large_image_height=\"480\"href='https:\/\/www.radiopiu.net\/wordpress\/wp-content\/uploads\/2023\/01\/PICT9621.jpg'><img loading=\"lazy\" decoding=\"async\" width=\"300\" height=\"225\" src=\"https:\/\/www.radiopiu.net\/wordpress\/wp-content\/uploads\/2023\/01\/PICT9621-300x225.jpg\" class=\"attachment-medium size-medium\" alt=\"\" srcset=\"https:\/\/www.radiopiu.net\/wordpress\/wp-content\/uploads\/2023\/01\/PICT9621-300x225.jpg 300w, https:\/\/www.radiopiu.net\/wordpress\/wp-content\/uploads\/2023\/01\/PICT9621.jpg 640w\" sizes=\"auto, (max-width: 300px) 100vw, 300px\" \/><\/a>\n\t\t\t\t<\/dt><\/dl><dl class='gallery-item'>\n\t\t\t\t<dt class='gallery-icon landscape'>\n\t\t\t\t\t<a class=\"rollover rollover-zoom dt-pswp-item\" title=\"KONICA MINOLTA DIGITAL CAMERA\" data-dt-img-description=\"\" data-large_image_width=\"640\" data-large_image_height=\"480\"href='https:\/\/www.radiopiu.net\/wordpress\/wp-content\/uploads\/2023\/01\/PICT9657.jpg'><img loading=\"lazy\" decoding=\"async\" width=\"300\" height=\"225\" src=\"https:\/\/www.radiopiu.net\/wordpress\/wp-content\/uploads\/2023\/01\/PICT9657-300x225.jpg\" class=\"attachment-medium size-medium\" alt=\"\" srcset=\"https:\/\/www.radiopiu.net\/wordpress\/wp-content\/uploads\/2023\/01\/PICT9657-300x225.jpg 300w, https:\/\/www.radiopiu.net\/wordpress\/wp-content\/uploads\/2023\/01\/PICT9657.jpg 640w\" sizes=\"auto, (max-width: 300px) 100vw, 300px\" \/><\/a>\n\t\t\t\t<\/dt><\/dl><br style=\"clear: both\" \/>\n\t\t\t<\/div>\n\n<p>&nbsp;<\/p>\n<p><strong>DAL LIBRO ODIO LA RADIO, di Mirko Mezzacasa<\/strong><\/p>\n<p><b>Renzo Gavaz<\/b>\u00a0&#8211; Sindaco. Nato a Agordo (BL) il 10\/04\/49, Grado di<b>\u00a0istruzione:<\/b>\u00a0Media, Professione: Imprenditore\/Dirigente d&#8217;azienda. Carriera in istituzioni, partiti, aziende pubbliche e private&#8230;&#8230;<\/p>\n\n\t\t\t<style type='text\/css'>\n\t\t\t\t#gallery-3 {\n\t\t\t\t\tmargin: auto;\n\t\t\t\t}\n\t\t\t\t#gallery-3 .gallery-item {\n\t\t\t\t\tfloat: left;\n\t\t\t\t\tmargin-top: 10px;\n\t\t\t\t\ttext-align: center;\n\t\t\t\t\twidth: 50%;\n\t\t\t\t}\n\t\t\t\t#gallery-3 img {\n\t\t\t\t\tborder: 2px solid #cfcfcf;\n\t\t\t\t}\n\t\t\t\t#gallery-3 .gallery-caption {\n\t\t\t\t\tmargin-left: 0;\n\t\t\t\t}\n\t\t\t\t\/* see gallery_shortcode() in wp-includes\/media.php *\/\n\t\t\t<\/style>\n\t\t<div id='gallery-3' class='dt-gallery-container gallery galleryid-315097 gallery-columns-2 gallery-size-medium'><dl class='gallery-item'>\n\t\t\t\t<dt class='gallery-icon landscape'>\n\t\t\t\t\t<a class=\"rollover rollover-zoom dt-pswp-item\" title=\"KONICA MINOLTA DIGITAL CAMERA\" data-dt-img-description=\"\" data-large_image_width=\"1600\" data-large_image_height=\"1200\"href='https:\/\/www.radiopiu.net\/wordpress\/wp-content\/uploads\/2023\/01\/PICT6069.jpg'><img loading=\"lazy\" decoding=\"async\" width=\"300\" height=\"225\" src=\"https:\/\/www.radiopiu.net\/wordpress\/wp-content\/uploads\/2023\/01\/PICT6069-300x225.jpg\" class=\"attachment-medium size-medium\" alt=\"\" aria-describedby=\"gallery-3-315198\" srcset=\"https:\/\/www.radiopiu.net\/wordpress\/wp-content\/uploads\/2023\/01\/PICT6069-300x225.jpg 300w, https:\/\/www.radiopiu.net\/wordpress\/wp-content\/uploads\/2023\/01\/PICT6069-1024x768.jpg 1024w, https:\/\/www.radiopiu.net\/wordpress\/wp-content\/uploads\/2023\/01\/PICT6069-768x576.jpg 768w, https:\/\/www.radiopiu.net\/wordpress\/wp-content\/uploads\/2023\/01\/PICT6069-1536x1152.jpg 1536w, https:\/\/www.radiopiu.net\/wordpress\/wp-content\/uploads\/2023\/01\/PICT6069.jpg 1600w\" sizes=\"auto, (max-width: 300px) 100vw, 300px\" \/><\/a>\n\t\t\t\t<\/dt>\n\t\t\t\t\t<dd class='wp-caption-text gallery-caption' id='gallery-3-315198'>\n\t\t\t\t\tKONICA MINOLTA DIGITAL CAMERA\n\t\t\t\t\t<\/dd><\/dl><dl class='gallery-item'>\n\t\t\t\t<dt class='gallery-icon landscape'>\n\t\t\t\t\t<a class=\"rollover rollover-zoom dt-pswp-item\" title=\"OLYMPUS DIGITAL CAMERA\" data-dt-img-description=\"\" data-large_image_width=\"1280\" data-large_image_height=\"960\"href='https:\/\/www.radiopiu.net\/wordpress\/wp-content\/uploads\/2023\/01\/renzo-gavaz.jpg'><img loading=\"lazy\" decoding=\"async\" width=\"300\" height=\"225\" src=\"https:\/\/www.radiopiu.net\/wordpress\/wp-content\/uploads\/2023\/01\/renzo-gavaz-300x225.jpg\" class=\"attachment-medium size-medium\" alt=\"\" aria-describedby=\"gallery-3-315199\" srcset=\"https:\/\/www.radiopiu.net\/wordpress\/wp-content\/uploads\/2023\/01\/renzo-gavaz-300x225.jpg 300w, https:\/\/www.radiopiu.net\/wordpress\/wp-content\/uploads\/2023\/01\/renzo-gavaz-1024x768.jpg 1024w, https:\/\/www.radiopiu.net\/wordpress\/wp-content\/uploads\/2023\/01\/renzo-gavaz-768x576.jpg 768w, https:\/\/www.radiopiu.net\/wordpress\/wp-content\/uploads\/2023\/01\/renzo-gavaz.jpg 1280w\" sizes=\"auto, (max-width: 300px) 100vw, 300px\" \/><\/a>\n\t\t\t\t<\/dt>\n\t\t\t\t\t<dd class='wp-caption-text gallery-caption' id='gallery-3-315199'>\n\t\t\t\t\tOLYMPUS DIGITAL CAMERA\n\t\t\t\t\t<\/dd><\/dl><br style=\"clear: both\" \/>\n\t\t\t<\/div>\n\n<p>Erano gli anni migliori dell\u2019Agordo Hockey GR ATTACHMENTS, di quel presidente Renzo Gavaz che poi divent\u00f2 il primo socio di maggioranza nella fondazione di RADIO PIU\u2019. Quell\u2019Agordo che fece tremare i polsi ad Alleghe e forse con un po\u2019 pi\u00f9 di impegno e collaborazione avrebbe potuto anche spostare il baricentro dell\u2019hockey in vallata. Ma Renzo fu lasciato solo, o quasi, anche quand\u00f2 fond\u00f2 la Cooperativa Ghiaccio Agordino. Dopo di lui venne il diluvio, scompar\u00ec l\u2019Agordo maschile.<\/p>\n\n\t\t\t<style type='text\/css'>\n\t\t\t\t#gallery-4 {\n\t\t\t\t\tmargin: auto;\n\t\t\t\t}\n\t\t\t\t#gallery-4 .gallery-item {\n\t\t\t\t\tfloat: left;\n\t\t\t\t\tmargin-top: 10px;\n\t\t\t\t\ttext-align: center;\n\t\t\t\t\twidth: 50%;\n\t\t\t\t}\n\t\t\t\t#gallery-4 img {\n\t\t\t\t\tborder: 2px solid #cfcfcf;\n\t\t\t\t}\n\t\t\t\t#gallery-4 .gallery-caption {\n\t\t\t\t\tmargin-left: 0;\n\t\t\t\t}\n\t\t\t\t\/* see gallery_shortcode() in wp-includes\/media.php *\/\n\t\t\t<\/style>\n\t\t<div id='gallery-4' class='dt-gallery-container gallery galleryid-315097 gallery-columns-2 gallery-size-medium'><dl class='gallery-item'>\n\t\t\t\t<dt class='gallery-icon landscape'>\n\t\t\t\t\t<a class=\"rollover rollover-zoom dt-pswp-item\" title=\"ZURLE (1)\" data-dt-img-description=\"\" data-large_image_width=\"2560\" data-large_image_height=\"1920\"href='https:\/\/www.radiopiu.net\/wordpress\/wp-content\/uploads\/2023\/01\/ZURLE-1-scaled.jpg'><img loading=\"lazy\" decoding=\"async\" width=\"300\" height=\"225\" src=\"https:\/\/www.radiopiu.net\/wordpress\/wp-content\/uploads\/2023\/01\/ZURLE-1-300x225.jpg\" class=\"attachment-medium size-medium\" alt=\"\" srcset=\"https:\/\/www.radiopiu.net\/wordpress\/wp-content\/uploads\/2023\/01\/ZURLE-1-300x225.jpg 300w, https:\/\/www.radiopiu.net\/wordpress\/wp-content\/uploads\/2023\/01\/ZURLE-1-1024x768.jpg 1024w, https:\/\/www.radiopiu.net\/wordpress\/wp-content\/uploads\/2023\/01\/ZURLE-1-768x576.jpg 768w, https:\/\/www.radiopiu.net\/wordpress\/wp-content\/uploads\/2023\/01\/ZURLE-1-1536x1152.jpg 1536w, https:\/\/www.radiopiu.net\/wordpress\/wp-content\/uploads\/2023\/01\/ZURLE-1-2048x1536.jpg 2048w\" sizes=\"auto, (max-width: 300px) 100vw, 300px\" \/><\/a>\n\t\t\t\t<\/dt><\/dl><dl class='gallery-item'>\n\t\t\t\t<dt class='gallery-icon landscape'>\n\t\t\t\t\t<a class=\"rollover rollover-zoom dt-pswp-item\" title=\"Fabio_Guadagnini\" data-dt-img-description=\"\" data-large_image_width=\"640\" data-large_image_height=\"480\"href='https:\/\/www.radiopiu.net\/wordpress\/wp-content\/uploads\/2023\/01\/Fabio_Guadagnini.jpg'><img loading=\"lazy\" decoding=\"async\" width=\"300\" height=\"225\" src=\"https:\/\/www.radiopiu.net\/wordpress\/wp-content\/uploads\/2023\/01\/Fabio_Guadagnini-300x225.jpg\" class=\"attachment-medium size-medium\" alt=\"\" srcset=\"https:\/\/www.radiopiu.net\/wordpress\/wp-content\/uploads\/2023\/01\/Fabio_Guadagnini-300x225.jpg 300w, https:\/\/www.radiopiu.net\/wordpress\/wp-content\/uploads\/2023\/01\/Fabio_Guadagnini.jpg 640w\" sizes=\"auto, (max-width: 300px) 100vw, 300px\" \/><\/a>\n\t\t\t\t<\/dt><\/dl><br style=\"clear: both\" \/>\n\t\t\t<\/div>\n\n<p>Per la prima partita, quella del ritiro della squadra arrivai a Bolzano a met\u00e0 pomeriggio con l&#8217;auto presidenziale. Renzo Gavaz aveva lanciato l&#8217;idea \u201cDai che ndon a Bolzan\u201d. Un viaggio pieno di adrenalina. Una volta dentro il vecchio PalaRoma, perch\u00e9 in via Roma in pieno centro a Bolzano e non all&#8217;attuale Palaonda, non ho pi\u00f9 visto Renzo, solo a fine partita mentre stava cercando di uscire da una bolgia infernale<\/p>\n\n\t\t\t<style type='text\/css'>\n\t\t\t\t#gallery-5 {\n\t\t\t\t\tmargin: auto;\n\t\t\t\t}\n\t\t\t\t#gallery-5 .gallery-item {\n\t\t\t\t\tfloat: left;\n\t\t\t\t\tmargin-top: 10px;\n\t\t\t\t\ttext-align: center;\n\t\t\t\t\twidth: 25%;\n\t\t\t\t}\n\t\t\t\t#gallery-5 img {\n\t\t\t\t\tborder: 2px solid #cfcfcf;\n\t\t\t\t}\n\t\t\t\t#gallery-5 .gallery-caption {\n\t\t\t\t\tmargin-left: 0;\n\t\t\t\t}\n\t\t\t\t\/* see gallery_shortcode() in wp-includes\/media.php *\/\n\t\t\t<\/style>\n\t\t<div id='gallery-5' class='dt-gallery-container gallery galleryid-315097 gallery-columns-4 gallery-size-thumbnail'><dl class='gallery-item'>\n\t\t\t\t<dt class='gallery-icon landscape'>\n\t\t\t\t\t<a class=\"rollover rollover-zoom dt-pswp-item\" title=\"DSC09803\" data-dt-img-description=\"\" data-large_image_width=\"2048\" data-large_image_height=\"1536\"href='https:\/\/www.radiopiu.net\/wordpress\/wp-content\/uploads\/2023\/01\/DSC09803.jpg'><img loading=\"lazy\" decoding=\"async\" width=\"150\" height=\"150\" src=\"https:\/\/www.radiopiu.net\/wordpress\/wp-content\/uploads\/2023\/01\/DSC09803-150x150.jpg\" class=\"attachment-thumbnail size-thumbnail\" alt=\"\" \/><\/a>\n\t\t\t\t<\/dt><\/dl><dl class='gallery-item'>\n\t\t\t\t<dt class='gallery-icon landscape'>\n\t\t\t\t\t<a class=\"rollover rollover-zoom dt-pswp-item\" title=\"DSC09802\" data-dt-img-description=\"\" data-large_image_width=\"2048\" data-large_image_height=\"1536\"href='https:\/\/www.radiopiu.net\/wordpress\/wp-content\/uploads\/2023\/01\/DSC09802.jpg'><img loading=\"lazy\" decoding=\"async\" width=\"150\" height=\"150\" src=\"https:\/\/www.radiopiu.net\/wordpress\/wp-content\/uploads\/2023\/01\/DSC09802-150x150.jpg\" class=\"attachment-thumbnail size-thumbnail\" alt=\"\" \/><\/a>\n\t\t\t\t<\/dt><\/dl><dl class='gallery-item'>\n\t\t\t\t<dt class='gallery-icon landscape'>\n\t\t\t\t\t<a class=\"rollover rollover-zoom dt-pswp-item\" title=\"DSC09804\" data-dt-img-description=\"\" data-large_image_width=\"2048\" data-large_image_height=\"1536\"href='https:\/\/www.radiopiu.net\/wordpress\/wp-content\/uploads\/2023\/01\/DSC09804.jpg'><img loading=\"lazy\" decoding=\"async\" width=\"150\" height=\"150\" src=\"https:\/\/www.radiopiu.net\/wordpress\/wp-content\/uploads\/2023\/01\/DSC09804-150x150.jpg\" class=\"attachment-thumbnail size-thumbnail\" alt=\"\" \/><\/a>\n\t\t\t\t<\/dt><\/dl><dl class='gallery-item'>\n\t\t\t\t<dt class='gallery-icon landscape'>\n\t\t\t\t\t<a class=\"rollover rollover-zoom dt-pswp-item\" title=\"DSC09805\" data-dt-img-description=\"\" data-large_image_width=\"2048\" data-large_image_height=\"1536\"href='https:\/\/www.radiopiu.net\/wordpress\/wp-content\/uploads\/2023\/01\/DSC09805.jpg'><img loading=\"lazy\" decoding=\"async\" width=\"150\" height=\"150\" src=\"https:\/\/www.radiopiu.net\/wordpress\/wp-content\/uploads\/2023\/01\/DSC09805-150x150.jpg\" class=\"attachment-thumbnail size-thumbnail\" alt=\"\" \/><\/a>\n\t\t\t\t<\/dt><\/dl><br style=\"clear: both\" \/>\n\t\t\t<\/div>\n\n<p>&nbsp;<\/p>\n<hr \/>\n<p>&nbsp;<\/p>\n<blockquote>\n<h3>FIAMME A RASAI, DEPENDANCE DISTRUTTA, SALVA LA CASA<\/h3>\n<\/blockquote>\n<p><strong><img loading=\"lazy\" decoding=\"async\" class=\"alignleft\" src=\"https:\/\/www.radiopiu.net\/wordpress\/wp-content\/uploads\/2023\/01\/Senza-nome-13.jpg\" width=\"214\" height=\"143\" \/>SEREN DEL GRAPPA\u00a0<\/strong> Le fiamme hanno divorato una piccola abitazione di legno, utilizzata come dependance, attigua all&#8217; abitazione principale. L&#8217;incendio si \u00e8 sviluppato in via Case di Rocca e in quel momento in casa non c&#8217;era nessuno.\u00a0 Alle 16,30\u00a0 la chiamata ai vigili del fuoco di Feltre che si sono subito diretti sul posto chiedendo il supporto dei volontari di Feltre e anche del Basso Feltrino. Hanno evitato che le fiamme potessero estendersi all&#8217;edificio principale, che comunica con la dependance attraverso una porta.\u00a0 L&#8217;intervento si \u00e8 concluso attorno alle 20<\/p>\n<p>&nbsp;<\/p>\n<hr \/>\n<p>&nbsp;<\/p>\n<blockquote>\n<h3>AUTO E FURGONE ENTRANO IN COLLISIONE AL PERON DI SEDICO<\/h3>\n<\/blockquote>\n<p><strong>SEDICO\u00a0<\/strong>Incidente gioved\u00ec mattina al Peron di Sedico di fronte al Bar Aurora dove un&#8217;auto e un furgone sono entrati in collisione. Traffico rallentato in entrambe le direzioni. Sul posto i Vigili del Fuoco e le forze dell&#8217;ordine per i rilievi di legge. L&#8217;auto ha terminato la sua corsa contro il palo dell&#8217;insegna del bar. Ferite lievi per i protagonisti dell&#8217;incidente.<\/p>\n\n\t\t\t<style type='text\/css'>\n\t\t\t\t#gallery-6 {\n\t\t\t\t\tmargin: auto;\n\t\t\t\t}\n\t\t\t\t#gallery-6 .gallery-item {\n\t\t\t\t\tfloat: left;\n\t\t\t\t\tmargin-top: 10px;\n\t\t\t\t\ttext-align: center;\n\t\t\t\t\twidth: 25%;\n\t\t\t\t}\n\t\t\t\t#gallery-6 img {\n\t\t\t\t\tborder: 2px solid #cfcfcf;\n\t\t\t\t}\n\t\t\t\t#gallery-6 .gallery-caption {\n\t\t\t\t\tmargin-left: 0;\n\t\t\t\t}\n\t\t\t\t\/* see gallery_shortcode() in wp-includes\/media.php *\/\n\t\t\t<\/style>\n\t\t<div id='gallery-6' class='dt-gallery-container gallery galleryid-315097 gallery-columns-4 gallery-size-thumbnail'><dl class='gallery-item'>\n\t\t\t\t<dt class='gallery-icon portrait'>\n\t\t\t\t\t<a class=\"rollover rollover-zoom dt-pswp-item\" title=\"Schermata 2023-01-05 alle 11.30.49\" data-dt-img-description=\"\" data-large_image_width=\"882\" data-large_image_height=\"890\"href='https:\/\/www.radiopiu.net\/wordpress\/wp-content\/uploads\/2023\/01\/Schermata-2023-01-05-alle-11.30.49.png'><img loading=\"lazy\" decoding=\"async\" width=\"150\" height=\"150\" src=\"https:\/\/www.radiopiu.net\/wordpress\/wp-content\/uploads\/2023\/01\/Schermata-2023-01-05-alle-11.30.49-150x150.png\" class=\"attachment-thumbnail size-thumbnail\" alt=\"\" srcset=\"https:\/\/www.radiopiu.net\/wordpress\/wp-content\/uploads\/2023\/01\/Schermata-2023-01-05-alle-11.30.49-150x150.png 150w, https:\/\/www.radiopiu.net\/wordpress\/wp-content\/uploads\/2023\/01\/Schermata-2023-01-05-alle-11.30.49-768x775.png 768w, https:\/\/www.radiopiu.net\/wordpress\/wp-content\/uploads\/2023\/01\/Schermata-2023-01-05-alle-11.30.49.png 882w\" sizes=\"auto, (max-width: 150px) 100vw, 150px\" \/><\/a>\n\t\t\t\t<\/dt><\/dl><dl class='gallery-item'>\n\t\t\t\t<dt class='gallery-icon landscape'>\n\t\t\t\t\t<a class=\"rollover rollover-zoom dt-pswp-item\" title=\"50e29586-df17-41d7-a622-4f8f392563ca\" data-dt-img-description=\"\" data-large_image_width=\"2000\" data-large_image_height=\"1500\"href='https:\/\/www.radiopiu.net\/wordpress\/wp-content\/uploads\/2023\/01\/50e29586-df17-41d7-a622-4f8f392563ca.jpg'><img loading=\"lazy\" decoding=\"async\" width=\"150\" height=\"150\" src=\"https:\/\/www.radiopiu.net\/wordpress\/wp-content\/uploads\/2023\/01\/50e29586-df17-41d7-a622-4f8f392563ca-150x150.jpg\" class=\"attachment-thumbnail size-thumbnail\" alt=\"\" \/><\/a>\n\t\t\t\t<\/dt><\/dl><dl class='gallery-item'>\n\t\t\t\t<dt class='gallery-icon landscape'>\n\t\t\t\t\t<a class=\"rollover rollover-zoom dt-pswp-item\" title=\"05c3638a-cf2e-45c6-89ac-9a0df4c9c344\" data-dt-img-description=\"\" data-large_image_width=\"2000\" data-large_image_height=\"1500\"href='https:\/\/www.radiopiu.net\/wordpress\/wp-content\/uploads\/2023\/01\/05c3638a-cf2e-45c6-89ac-9a0df4c9c344.jpg'><img loading=\"lazy\" decoding=\"async\" width=\"150\" height=\"150\" src=\"https:\/\/www.radiopiu.net\/wordpress\/wp-content\/uploads\/2023\/01\/05c3638a-cf2e-45c6-89ac-9a0df4c9c344-150x150.jpg\" class=\"attachment-thumbnail size-thumbnail\" alt=\"\" \/><\/a>\n\t\t\t\t<\/dt><\/dl><dl class='gallery-item'>\n\t\t\t\t<dt class='gallery-icon landscape'>\n\t\t\t\t\t<a class=\"rollover rollover-zoom dt-pswp-item\" title=\"7700c2f9-423a-454a-b640-11559384dfe5\" data-dt-img-description=\"\" data-large_image_width=\"2000\" data-large_image_height=\"1500\"href='https:\/\/www.radiopiu.net\/wordpress\/wp-content\/uploads\/2023\/01\/7700c2f9-423a-454a-b640-11559384dfe5.jpg'><img loading=\"lazy\" decoding=\"async\" width=\"150\" height=\"150\" src=\"https:\/\/www.radiopiu.net\/wordpress\/wp-content\/uploads\/2023\/01\/7700c2f9-423a-454a-b640-11559384dfe5-150x150.jpg\" class=\"attachment-thumbnail size-thumbnail\" alt=\"\" \/><\/a>\n\t\t\t\t<\/dt><\/dl><br style=\"clear: both\" \/>\n\t\t\t<\/div>\n\n<p>&nbsp;<\/p>\n<hr \/>\n<p>&nbsp;<\/p>\n<blockquote>\n<h3>QUATTRO FERITI NELL\u2019INCIDENTE TRA BELLUNO E PONTE NELLE ALPI<\/h3>\n<\/blockquote>\n<p style=\"font-weight: 400;\"><strong>BELLUNO <\/strong>Incidente nel tardo pomeriggio di gioved\u00ec in localit\u00e0 Andreane, tra Belluno e Ponte Nelle Alpi sulla SS50. Coinvolte tre auto nello scontro. Cosa sia successo \u00e8 al vaglio dei Carabinieri che sono intervenuti sul posto assieme ai Vigili del Fuoco di Belluno e il Suem. Nell\u2019impatto quattro persone sono rimaste coinvolte con ferite lievi.<\/p>\n\n\t\t\t<style type='text\/css'>\n\t\t\t\t#gallery-7 {\n\t\t\t\t\tmargin: auto;\n\t\t\t\t}\n\t\t\t\t#gallery-7 .gallery-item {\n\t\t\t\t\tfloat: left;\n\t\t\t\t\tmargin-top: 10px;\n\t\t\t\t\ttext-align: center;\n\t\t\t\t\twidth: 50%;\n\t\t\t\t}\n\t\t\t\t#gallery-7 img {\n\t\t\t\t\tborder: 2px solid #cfcfcf;\n\t\t\t\t}\n\t\t\t\t#gallery-7 .gallery-caption {\n\t\t\t\t\tmargin-left: 0;\n\t\t\t\t}\n\t\t\t\t\/* see gallery_shortcode() in wp-includes\/media.php *\/\n\t\t\t<\/style>\n\t\t<div id='gallery-7' class='dt-gallery-container gallery galleryid-315097 gallery-columns-2 gallery-size-thumbnail'><dl class='gallery-item'>\n\t\t\t\t<dt class='gallery-icon landscape'>\n\t\t\t\t\t<a class=\"rollover rollover-zoom dt-pswp-item\" title=\"6E1EF6EB-9D3D-43D0-B4C3-EB2FAE3DA9B7\" data-dt-img-description=\"\" data-large_image_width=\"1280\" data-large_image_height=\"960\"href='https:\/\/www.radiopiu.net\/wordpress\/wp-content\/uploads\/2023\/01\/6E1EF6EB-9D3D-43D0-B4C3-EB2FAE3DA9B7.jpeg'><img loading=\"lazy\" decoding=\"async\" width=\"150\" height=\"150\" src=\"https:\/\/www.radiopiu.net\/wordpress\/wp-content\/uploads\/2023\/01\/6E1EF6EB-9D3D-43D0-B4C3-EB2FAE3DA9B7-150x150.jpeg\" class=\"attachment-thumbnail size-thumbnail\" alt=\"\" \/><\/a>\n\t\t\t\t<\/dt><\/dl><dl class='gallery-item'>\n\t\t\t\t<dt class='gallery-icon landscape'>\n\t\t\t\t\t<a class=\"rollover rollover-zoom dt-pswp-item\" title=\"E582F9CE-0625-436B-B67F-DABD469260C4\" data-dt-img-description=\"\" data-large_image_width=\"1280\" data-large_image_height=\"960\"href='https:\/\/www.radiopiu.net\/wordpress\/wp-content\/uploads\/2023\/01\/E582F9CE-0625-436B-B67F-DABD469260C4.jpeg'><img loading=\"lazy\" decoding=\"async\" width=\"150\" height=\"150\" src=\"https:\/\/www.radiopiu.net\/wordpress\/wp-content\/uploads\/2023\/01\/E582F9CE-0625-436B-B67F-DABD469260C4-150x150.jpeg\" class=\"attachment-thumbnail size-thumbnail\" alt=\"\" \/><\/a>\n\t\t\t\t<\/dt><\/dl><br style=\"clear: both\" \/>\n\t\t\t<\/div>\n\n<hr \/>\n<p>&nbsp;<\/p>\n<blockquote>\n<h3>I SOCCORSI E I CONTROLLI DELLA POLIZIA&#8230; SUGLI SCI<\/h3>\n<\/blockquote>\n<p><strong>LIVINALLONGO\u00a0<\/strong> Un cittadino tedesco di 76 anni \u00e8 stato soccorso dagli uomini della Polizia del Distaccamento di Arabba. L&#8217;uomo al momento di scendere dalla seggiovia, infatti, si \u00e8 procurato una ferita da taglio sulla coscia destra con la lamina dello sci. Dapprima un medico ha tamponato la ferita riducendo la perdita di sangue, quindi il trasferimento in elicottero al San Martino di Belluno.<\/p>\n<p>Il giorno successivo altro incidente sulla pista Ornella-Portavescovo. Un uomo ha riportato la frattura di femore e bacino in seguito ad una brutta caduta. Gli agenti del distaccamento di Polizia lo hanno trasportato in una zona adatta per il soccorso in elicottero.<\/p>\n<p><strong>FALCADE<\/strong> Nell&#8217;ambito dell&#8217;attivit\u00e0 di sicurezza implementata anche l&#8217;attivit\u00e0 di controllo per prevenire comportamenti illeciti. I poliziotti di Falcade hanno sequestrato ad un giovane sciatore 1,3 grammi di hashish segnalandolo al Prefetto per la violazione amministrativa.<\/p>\n<p>&nbsp;<\/p>\n\n\t\t\t<style type='text\/css'>\n\t\t\t\t#gallery-8 {\n\t\t\t\t\tmargin: auto;\n\t\t\t\t}\n\t\t\t\t#gallery-8 .gallery-item {\n\t\t\t\t\tfloat: left;\n\t\t\t\t\tmargin-top: 10px;\n\t\t\t\t\ttext-align: center;\n\t\t\t\t\twidth: 50%;\n\t\t\t\t}\n\t\t\t\t#gallery-8 img {\n\t\t\t\t\tborder: 2px solid #cfcfcf;\n\t\t\t\t}\n\t\t\t\t#gallery-8 .gallery-caption {\n\t\t\t\t\tmargin-left: 0;\n\t\t\t\t}\n\t\t\t\t\/* see gallery_shortcode() in wp-includes\/media.php *\/\n\t\t\t<\/style>\n\t\t<div id='gallery-8' class='dt-gallery-container gallery galleryid-315097 gallery-columns-2 gallery-size-medium'><dl class='gallery-item'>\n\t\t\t\t<dt class='gallery-icon landscape'>\n\t\t\t\t\t<a class=\"rollover rollover-zoom dt-pswp-item\" title=\"ELICOTTERO\" data-dt-img-description=\"\" data-large_image_width=\"1600\" data-large_image_height=\"1200\"href='https:\/\/www.radiopiu.net\/wordpress\/wp-content\/uploads\/2023\/01\/ELICOTTERO.jpg'><img loading=\"lazy\" decoding=\"async\" width=\"300\" height=\"225\" src=\"https:\/\/www.radiopiu.net\/wordpress\/wp-content\/uploads\/2023\/01\/ELICOTTERO-300x225.jpg\" class=\"attachment-medium size-medium\" alt=\"\" srcset=\"https:\/\/www.radiopiu.net\/wordpress\/wp-content\/uploads\/2023\/01\/ELICOTTERO-300x225.jpg 300w, https:\/\/www.radiopiu.net\/wordpress\/wp-content\/uploads\/2023\/01\/ELICOTTERO-1024x768.jpg 1024w, https:\/\/www.radiopiu.net\/wordpress\/wp-content\/uploads\/2023\/01\/ELICOTTERO-768x576.jpg 768w, https:\/\/www.radiopiu.net\/wordpress\/wp-content\/uploads\/2023\/01\/ELICOTTERO-1536x1152.jpg 1536w, https:\/\/www.radiopiu.net\/wordpress\/wp-content\/uploads\/2023\/01\/ELICOTTERO.jpg 1600w\" sizes=\"auto, (max-width: 300px) 100vw, 300px\" \/><\/a>\n\t\t\t\t<\/dt><\/dl><dl class='gallery-item'>\n\t\t\t\t<dt class='gallery-icon landscape'>\n\t\t\t\t\t<a class=\"rollover rollover-zoom dt-pswp-item\" title=\"SOCCORSO\" data-dt-img-description=\"\" data-large_image_width=\"1600\" data-large_image_height=\"737\"href='https:\/\/www.radiopiu.net\/wordpress\/wp-content\/uploads\/2023\/01\/SOCCORSO.jpg'><img loading=\"lazy\" decoding=\"async\" width=\"300\" height=\"138\" src=\"https:\/\/www.radiopiu.net\/wordpress\/wp-content\/uploads\/2023\/01\/SOCCORSO-300x138.jpg\" class=\"attachment-medium size-medium\" alt=\"\" srcset=\"https:\/\/www.radiopiu.net\/wordpress\/wp-content\/uploads\/2023\/01\/SOCCORSO-300x138.jpg 300w, https:\/\/www.radiopiu.net\/wordpress\/wp-content\/uploads\/2023\/01\/SOCCORSO-1024x472.jpg 1024w, https:\/\/www.radiopiu.net\/wordpress\/wp-content\/uploads\/2023\/01\/SOCCORSO-768x354.jpg 768w, https:\/\/www.radiopiu.net\/wordpress\/wp-content\/uploads\/2023\/01\/SOCCORSO-1536x708.jpg 1536w, https:\/\/www.radiopiu.net\/wordpress\/wp-content\/uploads\/2023\/01\/SOCCORSO.jpg 1600w\" sizes=\"auto, (max-width: 300px) 100vw, 300px\" \/><\/a>\n\t\t\t\t<\/dt><\/dl><br style=\"clear: both\" \/>\n\t\t\t<\/div>\n\n<p>&nbsp;<\/p>\n<blockquote>\n<h3>INFORTUNIO AD UN TURISTA TEDESCO SULLE PISTE DI ARABBA. IL GRANDE LAVORO DELLA POLIZIA DI STATO<\/h3>\n<\/blockquote>\n<p><strong>LIVINALLONGO<\/strong> Giornata di super lavoro per il personale della Polizia di Stato in servizio di sicurezza e soccorso sul comprensorio sciistico Arabba\/Marmolada. Mercoled\u00ec verso le 12:18 un cittadino tedesco di 76 anni per un incidente autonomo ha riportato un evidente e profondo taglio alla coscia destra (talmente profondo da intravvedere il femore), cadendo sulle lamine dei propri sci, appena dopo lo sbarco dalla seggiovia a 4 posti Cherz 1 a quota 2.100 metri. Nell&#8217;immediatezza il personale della Polizia di Stato preposto al soccorso, rilevando l&#8217;importanza della ferita prestava le prime cure al settantaseienne e allo stesso tempo ha richiesto l&#8217;invio di personale medico del SUEM 118 elitrasportato. Vista la gravit\u00e0 della ferita, la pattuglia ha messo in sicurezza lo sciatore. Basilare \u00e8 stata la sinergia fra la pattuglia composta dagli assistenti Alessandro e Andrea, un medico straniero e il Sovrintendente De Salvador della Questura di Belluno, unitamente al Maresciallo Dal Maso dell\u2019Esercito Italiano in forza alla scuola alpina di Aosta che, seppur liberi dal servizio, si sono prodigati per soccorrere lo sciatore\u00a0dando ausilio alla pattuglia della Polizia di Stato in attesa del personale medico. Verso le ore 12,40, \u00e8 atterrato al Cherz l&#8217;elicottero del SUEM\u00a0 118 e il personale medico. Vagliata la situazione, stabilizzato l&#8217;infortunato per poi elitrasportarlo all\u2019Ospedale \u201cSan Martino&#8221; di Belluno per le cure del caso. &#8220;Da ex appartenente alla Polizia di Stato e attualmente Ispettore del Dolomiti Superski Comprensorio Arabba \/Marmolada &#8211; ricorda Massimo Sommariva &#8211; ritengo doveroso un plauso alla pattuglia di soccorso al Sovrintendente De Salvador al Maresciallo Dal Maso e al personale della societ\u00e0 Col di Lana gestore dell&#8217; impianto di risalita.L&#8217;amalgama fra queste persone ha fatto s\u00ec che il soccorso al cittadino tedesco fosse portato a termine il maniera esemplare con grande professionalit\u00e0&#8221;.<\/p>\n\n\t\t\t<style type='text\/css'>\n\t\t\t\t#gallery-9 {\n\t\t\t\t\tmargin: auto;\n\t\t\t\t}\n\t\t\t\t#gallery-9 .gallery-item {\n\t\t\t\t\tfloat: left;\n\t\t\t\t\tmargin-top: 10px;\n\t\t\t\t\ttext-align: center;\n\t\t\t\t\twidth: 25%;\n\t\t\t\t}\n\t\t\t\t#gallery-9 img {\n\t\t\t\t\tborder: 2px solid #cfcfcf;\n\t\t\t\t}\n\t\t\t\t#gallery-9 .gallery-caption {\n\t\t\t\t\tmargin-left: 0;\n\t\t\t\t}\n\t\t\t\t\/* see gallery_shortcode() in wp-includes\/media.php *\/\n\t\t\t<\/style>\n\t\t<div id='gallery-9' class='dt-gallery-container gallery galleryid-315097 gallery-columns-4 gallery-size-thumbnail'><dl class='gallery-item'>\n\t\t\t\t<dt class='gallery-icon portrait'>\n\t\t\t\t\t<a class=\"rollover rollover-zoom dt-pswp-item\" title=\"2bbfe3dc-12b6-45c1-968c-a215f50c8bdf\" data-dt-img-description=\"\" data-large_image_width=\"899\" data-large_image_height=\"1599\"href='https:\/\/www.radiopiu.net\/wordpress\/wp-content\/uploads\/2023\/01\/2bbfe3dc-12b6-45c1-968c-a215f50c8bdf.jpg'><img loading=\"lazy\" decoding=\"async\" width=\"150\" height=\"150\" src=\"https:\/\/www.radiopiu.net\/wordpress\/wp-content\/uploads\/2023\/01\/2bbfe3dc-12b6-45c1-968c-a215f50c8bdf-150x150.jpg\" class=\"attachment-thumbnail size-thumbnail\" alt=\"\" \/><\/a>\n\t\t\t\t<\/dt><\/dl><dl class='gallery-item'>\n\t\t\t\t<dt class='gallery-icon portrait'>\n\t\t\t\t\t<a class=\"rollover rollover-zoom dt-pswp-item\" title=\"585d31e2-b610-48d4-a0de-081228f87461\" data-dt-img-description=\"\" data-large_image_width=\"899\" data-large_image_height=\"1599\"href='https:\/\/www.radiopiu.net\/wordpress\/wp-content\/uploads\/2023\/01\/585d31e2-b610-48d4-a0de-081228f87461.jpg'><img loading=\"lazy\" decoding=\"async\" width=\"150\" height=\"150\" src=\"https:\/\/www.radiopiu.net\/wordpress\/wp-content\/uploads\/2023\/01\/585d31e2-b610-48d4-a0de-081228f87461-150x150.jpg\" class=\"attachment-thumbnail size-thumbnail\" alt=\"\" \/><\/a>\n\t\t\t\t<\/dt><\/dl><dl class='gallery-item'>\n\t\t\t\t<dt class='gallery-icon portrait'>\n\t\t\t\t\t<a class=\"rollover rollover-zoom dt-pswp-item\" title=\"ea0066a9-bdb2-4c07-b3bc-347c8c0cece7\" data-dt-img-description=\"\" data-large_image_width=\"1152\" data-large_image_height=\"2048\"href='https:\/\/www.radiopiu.net\/wordpress\/wp-content\/uploads\/2023\/01\/ea0066a9-bdb2-4c07-b3bc-347c8c0cece7.jpg'><img loading=\"lazy\" decoding=\"async\" width=\"150\" height=\"150\" src=\"https:\/\/www.radiopiu.net\/wordpress\/wp-content\/uploads\/2023\/01\/ea0066a9-bdb2-4c07-b3bc-347c8c0cece7-150x150.jpg\" class=\"attachment-thumbnail size-thumbnail\" alt=\"\" \/><\/a>\n\t\t\t\t<\/dt><\/dl><dl class='gallery-item'>\n\t\t\t\t<dt class='gallery-icon portrait'>\n\t\t\t\t\t<a class=\"rollover rollover-zoom dt-pswp-item\" title=\"b525ccba-fee7-4425-927d-8ff99f35ff5f\" data-dt-img-description=\"\" data-large_image_width=\"899\" data-large_image_height=\"1599\"href='https:\/\/www.radiopiu.net\/wordpress\/wp-content\/uploads\/2023\/01\/b525ccba-fee7-4425-927d-8ff99f35ff5f.jpg'><img loading=\"lazy\" decoding=\"async\" width=\"150\" height=\"150\" src=\"https:\/\/www.radiopiu.net\/wordpress\/wp-content\/uploads\/2023\/01\/b525ccba-fee7-4425-927d-8ff99f35ff5f-150x150.jpg\" class=\"attachment-thumbnail size-thumbnail\" alt=\"\" \/><\/a>\n\t\t\t\t<\/dt><\/dl><br style=\"clear: both\" \/><dl class='gallery-item'>\n\t\t\t\t<dt class='gallery-icon portrait'>\n\t\t\t\t\t<a class=\"rollover rollover-zoom dt-pswp-item\" title=\"295c61fd-2f51-492f-a78c-ba98faf613cf\" data-dt-img-description=\"\" data-large_image_width=\"899\" data-large_image_height=\"1599\"href='https:\/\/www.radiopiu.net\/wordpress\/wp-content\/uploads\/2023\/01\/295c61fd-2f51-492f-a78c-ba98faf613cf.jpg'><img loading=\"lazy\" decoding=\"async\" width=\"150\" height=\"150\" src=\"https:\/\/www.radiopiu.net\/wordpress\/wp-content\/uploads\/2023\/01\/295c61fd-2f51-492f-a78c-ba98faf613cf-150x150.jpg\" class=\"attachment-thumbnail size-thumbnail\" alt=\"\" \/><\/a>\n\t\t\t\t<\/dt><\/dl><dl class='gallery-item'>\n\t\t\t\t<dt class='gallery-icon portrait'>\n\t\t\t\t\t<a class=\"rollover rollover-zoom dt-pswp-item\" title=\"746c9b0e-a094-4c3d-afcf-efb730696038\" data-dt-img-description=\"\" data-large_image_width=\"899\" data-large_image_height=\"1599\"href='https:\/\/www.radiopiu.net\/wordpress\/wp-content\/uploads\/2023\/01\/746c9b0e-a094-4c3d-afcf-efb730696038.jpg'><img loading=\"lazy\" decoding=\"async\" width=\"150\" height=\"150\" src=\"https:\/\/www.radiopiu.net\/wordpress\/wp-content\/uploads\/2023\/01\/746c9b0e-a094-4c3d-afcf-efb730696038-150x150.jpg\" class=\"attachment-thumbnail size-thumbnail\" alt=\"\" \/><\/a>\n\t\t\t\t<\/dt><\/dl><dl class='gallery-item'>\n\t\t\t\t<dt class='gallery-icon portrait'>\n\t\t\t\t\t<a class=\"rollover rollover-zoom dt-pswp-item\" title=\"24b93504-6284-4c34-a87e-02335423a3c1\" data-dt-img-description=\"\" data-large_image_width=\"899\" data-large_image_height=\"1599\"href='https:\/\/www.radiopiu.net\/wordpress\/wp-content\/uploads\/2023\/01\/24b93504-6284-4c34-a87e-02335423a3c1.jpg'><img loading=\"lazy\" decoding=\"async\" width=\"150\" height=\"150\" src=\"https:\/\/www.radiopiu.net\/wordpress\/wp-content\/uploads\/2023\/01\/24b93504-6284-4c34-a87e-02335423a3c1-150x150.jpg\" class=\"attachment-thumbnail size-thumbnail\" alt=\"\" \/><\/a>\n\t\t\t\t<\/dt><\/dl><dl class='gallery-item'>\n\t\t\t\t<dt class='gallery-icon portrait'>\n\t\t\t\t\t<a class=\"rollover rollover-zoom dt-pswp-item\" title=\"0823b397-d2a9-4b47-8d9a-e66c0e9e15c7\" data-dt-img-description=\"\" data-large_image_width=\"899\" data-large_image_height=\"1599\"href='https:\/\/www.radiopiu.net\/wordpress\/wp-content\/uploads\/2023\/01\/0823b397-d2a9-4b47-8d9a-e66c0e9e15c7.jpg'><img loading=\"lazy\" decoding=\"async\" width=\"150\" height=\"150\" src=\"https:\/\/www.radiopiu.net\/wordpress\/wp-content\/uploads\/2023\/01\/0823b397-d2a9-4b47-8d9a-e66c0e9e15c7-150x150.jpg\" class=\"attachment-thumbnail size-thumbnail\" alt=\"\" \/><\/a>\n\t\t\t\t<\/dt><\/dl><br style=\"clear: both\" \/>\n\t\t\t<\/div>\n\n<p>&nbsp;<\/p>\n<p><iframe loading=\"lazy\" title=\"INTERVENTO PISTA ARABBA\" width=\"1200\" height=\"675\" src=\"https:\/\/www.youtube.com\/embed\/ku-2kuzUDHc?feature=oembed\" frameborder=\"0\" allow=\"accelerometer; autoplay; clipboard-write; encrypted-media; gyroscope; picture-in-picture; web-share\" allowfullscreen><\/iframe><\/p>\n<p>&nbsp;<\/p>\n<hr \/>\n<p>&nbsp;<\/p>\n<blockquote>\n<h3>LE CIME DELL&#8217;AGORDINO SI ILLUMINANO CON I FUOCHI PROPIZIATORI<\/h3>\n<\/blockquote>\n<p><strong><a class=\"dt-pswp-item\" href=\"https:\/\/www.radiopiu.net\/wordpress\/wp-content\/uploads\/2023\/01\/5a59ed4d-a40a-4e76-88fb-93ce318208b9.jpg\" data-dt-img-description=\"\" data-large_image_width=\"1024\" data-large_image_height=\"683\"><img loading=\"lazy\" decoding=\"async\" class=\"size-medium wp-image-315275 alignleft\" src=\"https:\/\/www.radiopiu.net\/wordpress\/wp-content\/uploads\/2023\/01\/5a59ed4d-a40a-4e76-88fb-93ce318208b9-300x200.jpg\" alt=\"\" width=\"300\" height=\"200\" srcset=\"https:\/\/www.radiopiu.net\/wordpress\/wp-content\/uploads\/2023\/01\/5a59ed4d-a40a-4e76-88fb-93ce318208b9-300x200.jpg 300w, https:\/\/www.radiopiu.net\/wordpress\/wp-content\/uploads\/2023\/01\/5a59ed4d-a40a-4e76-88fb-93ce318208b9-768x512.jpg 768w, https:\/\/www.radiopiu.net\/wordpress\/wp-content\/uploads\/2023\/01\/5a59ed4d-a40a-4e76-88fb-93ce318208b9.jpg 1024w\" sizes=\"auto, (max-width: 300px) 100vw, 300px\" \/><\/a>AGORDINO <\/strong>Sono state una dozzina le cime raggiunte per i fuochi propiziatori. Sul Broi di Agordo una buona partecipazione all&#8217;iniziativa del Cai di Agordo con tanti curiosi e turisti. (foto Valter Moretti)<\/p>\n<p><strong>di Gianni Santomaso<\/strong><\/p>\n<audio class=\"wp-audio-shortcode\" id=\"audio-315097-4\" preload=\"none\" style=\"width: 100%;\" controls=\"controls\"><source type=\"audio\/mpeg\" src=\"https:\/\/www.radiopiu.net\/wordpress\/wp-content\/uploads\/2023\/01\/GIANNI-PAVAROI-1.mp3?_=4\" \/><a href=\"https:\/\/www.radiopiu.net\/wordpress\/wp-content\/uploads\/2023\/01\/GIANNI-PAVAROI-1.mp3\">https:\/\/www.radiopiu.net\/wordpress\/wp-content\/uploads\/2023\/01\/GIANNI-PAVAROI-1.mp3<\/a><\/audio>\n<p>&nbsp;<\/p>\n<p><strong>LA FOTOGALLERY<\/strong><\/p>\n<blockquote class=\"wp-embedded-content\" data-secret=\"lZbF27F8nj\"><p><a href=\"https:\/\/www.radiopiu.net\/wordpress\/le-cime-dellagordino-si-illuminano-con-i-fuochi-propiziatori\/\">LE CIME DELL&#8217;AGORDINO SI ILLUMINANO CON I FUOCHI PROPIZIATORI<\/a><\/p><\/blockquote>\n<p><iframe loading=\"lazy\" class=\"wp-embedded-content\" sandbox=\"allow-scripts\" security=\"restricted\" style=\"position: absolute; clip: rect(1px, 1px, 1px, 1px);\" title=\"&#8220;LE CIME DELL&#8217;AGORDINO SI ILLUMINANO CON I FUOCHI PROPIZIATORI&#8221; &#8212; Radio Pi\u00f9\" src=\"https:\/\/www.radiopiu.net\/wordpress\/le-cime-dellagordino-si-illuminano-con-i-fuochi-propiziatori\/embed\/#?secret=xd7jQVClDC#?secret=lZbF27F8nj\" data-secret=\"lZbF27F8nj\" width=\"600\" height=\"338\" frameborder=\"0\" marginwidth=\"0\" marginheight=\"0\" scrolling=\"no\"><\/iframe><\/p>\n<p>&nbsp;<\/p>\n<blockquote class=\"wp-embedded-content\" data-secret=\"RIBLykT9Ju\"><p><a href=\"https:\/\/www.radiopiu.net\/wordpress\/sullagner-sventola-la-bandiera-ucraina-e-intanto-gli-uomini-del-cai-verso-lagner-per-laccensione-dei-fuochi\/\">SULL&#8217;AGNER SVENTOLA LA BANDIERA UCRAINA E INTANTO GLI UOMINI DEL CAI VERSO L&#8217;AGNER PER L&#8217;ACCENSIONE DEI FUOCHI<\/a><\/p><\/blockquote>\n<p><iframe loading=\"lazy\" class=\"wp-embedded-content\" sandbox=\"allow-scripts\" security=\"restricted\" style=\"position: absolute; clip: rect(1px, 1px, 1px, 1px);\" title=\"&#8220;SULL&#8217;AGNER SVENTOLA LA BANDIERA UCRAINA E INTANTO GLI UOMINI DEL CAI VERSO L&#8217;AGNER PER L&#8217;ACCENSIONE DEI FUOCHI&#8221; &#8212; Radio Pi\u00f9\" src=\"https:\/\/www.radiopiu.net\/wordpress\/sullagner-sventola-la-bandiera-ucraina-e-intanto-gli-uomini-del-cai-verso-lagner-per-laccensione-dei-fuochi\/embed\/#?secret=orIR4EDEdB#?secret=RIBLykT9Ju\" data-secret=\"RIBLykT9Ju\" width=\"600\" height=\"338\" frameborder=\"0\" marginwidth=\"0\" marginheight=\"0\" scrolling=\"no\"><\/iframe><\/p>\n<p>&nbsp;<\/p>\n<hr \/>\n<p>&nbsp;<\/p>\n<blockquote>\n<h3><\/h3>\n<\/blockquote>\n<blockquote class=\"wp-embedded-content\" data-secret=\"Y6h1o1XjqL\"><p><a href=\"https:\/\/www.radiopiu.net\/wordpress\/il-bistrot-quando-la-famiglia-ce-quando-i-giovani-credono-nel-territorio\/\">IL BISTROT, QUANDO LA FAMIGLIA C&#8217;E&#8217;, QUANDO I GIOVANI CREDONO NEL TERRITORIO<\/a><\/p><\/blockquote>\n<p><iframe loading=\"lazy\" class=\"wp-embedded-content\" sandbox=\"allow-scripts\" security=\"restricted\" style=\"position: absolute; clip: rect(1px, 1px, 1px, 1px);\" title=\"&#8220;IL BISTROT, QUANDO LA FAMIGLIA C&#8217;E&#8217;, QUANDO I GIOVANI CREDONO NEL TERRITORIO&#8221; &#8212; Radio Pi\u00f9\" src=\"https:\/\/www.radiopiu.net\/wordpress\/il-bistrot-quando-la-famiglia-ce-quando-i-giovani-credono-nel-territorio\/embed\/#?secret=JnWZbehq4G#?secret=Y6h1o1XjqL\" data-secret=\"Y6h1o1XjqL\" width=\"600\" height=\"338\" frameborder=\"0\" marginwidth=\"0\" marginheight=\"0\" scrolling=\"no\"><\/iframe><\/p>\n<p>&nbsp;<\/p>\n<p>&nbsp;<\/p>\n<hr \/>\n<p>&nbsp;<\/p>\n<blockquote>\n<h3>SONO TANTI GLI OBBIETTIVI DEL COMUNE DI BELLUNO PER IL 2023<\/h3>\n<\/blockquote>\n<p><strong><a class=\"dt-pswp-item\" href=\"https:\/\/www.radiopiu.net\/wordpress\/wp-content\/uploads\/2023\/01\/7449a9b7-18fe-4c16-ab3f-304c0d696531.jpg\" data-dt-img-description=\"\" data-large_image_width=\"2048\" data-large_image_height=\"1154\"><img loading=\"lazy\" decoding=\"async\" class=\" wp-image-315295 alignleft\" src=\"https:\/\/www.radiopiu.net\/wordpress\/wp-content\/uploads\/2023\/01\/7449a9b7-18fe-4c16-ab3f-304c0d696531-300x169.jpg\" alt=\"\" width=\"208\" height=\"117\" srcset=\"https:\/\/www.radiopiu.net\/wordpress\/wp-content\/uploads\/2023\/01\/7449a9b7-18fe-4c16-ab3f-304c0d696531-300x169.jpg 300w, https:\/\/www.radiopiu.net\/wordpress\/wp-content\/uploads\/2023\/01\/7449a9b7-18fe-4c16-ab3f-304c0d696531-1024x577.jpg 1024w, https:\/\/www.radiopiu.net\/wordpress\/wp-content\/uploads\/2023\/01\/7449a9b7-18fe-4c16-ab3f-304c0d696531-768x433.jpg 768w, https:\/\/www.radiopiu.net\/wordpress\/wp-content\/uploads\/2023\/01\/7449a9b7-18fe-4c16-ab3f-304c0d696531-1536x866.jpg 1536w, https:\/\/www.radiopiu.net\/wordpress\/wp-content\/uploads\/2023\/01\/7449a9b7-18fe-4c16-ab3f-304c0d696531.jpg 2048w\" sizes=\"auto, (max-width: 208px) 100vw, 208px\" \/><\/a>BELLUNO<\/strong><\/p>\n<p>di Moreno Gioli<\/p>\n<audio class=\"wp-audio-shortcode\" id=\"audio-315097-5\" preload=\"none\" style=\"width: 100%;\" controls=\"controls\"><source type=\"audio\/mpeg\" src=\"https:\/\/www.radiopiu.net\/wordpress\/wp-content\/uploads\/2023\/01\/GIOLI-obiettivi-2023-belluno.mp3?_=5\" \/><a href=\"https:\/\/www.radiopiu.net\/wordpress\/wp-content\/uploads\/2023\/01\/GIOLI-obiettivi-2023-belluno.mp3\">https:\/\/www.radiopiu.net\/wordpress\/wp-content\/uploads\/2023\/01\/GIOLI-obiettivi-2023-belluno.mp3<\/a><\/audio>\n<p>&nbsp;<\/p>\n<hr \/>\n<p>&nbsp;<\/p>\n<blockquote>\n<h3>PER DAVIDE NORO (PD) IL NATALE DI BELLUNO NON E&#8217; STATO SODDISFACENTE<\/h3>\n<\/blockquote>\n<p><strong><a class=\"dt-pswp-item\" href=\"https:\/\/www.radiopiu.net\/wordpress\/wp-content\/uploads\/2023\/01\/774f1a14-bb6a-4910-89e9-2e6c0f9606a8.jpg\" data-dt-img-description=\"\" data-large_image_width=\"1600\" data-large_image_height=\"900\"><img loading=\"lazy\" decoding=\"async\" class=\" wp-image-315284 alignleft\" src=\"https:\/\/www.radiopiu.net\/wordpress\/wp-content\/uploads\/2023\/01\/774f1a14-bb6a-4910-89e9-2e6c0f9606a8-300x169.jpg\" alt=\"\" width=\"204\" height=\"115\" srcset=\"https:\/\/www.radiopiu.net\/wordpress\/wp-content\/uploads\/2023\/01\/774f1a14-bb6a-4910-89e9-2e6c0f9606a8-300x169.jpg 300w, https:\/\/www.radiopiu.net\/wordpress\/wp-content\/uploads\/2023\/01\/774f1a14-bb6a-4910-89e9-2e6c0f9606a8-1024x576.jpg 1024w, https:\/\/www.radiopiu.net\/wordpress\/wp-content\/uploads\/2023\/01\/774f1a14-bb6a-4910-89e9-2e6c0f9606a8-768x432.jpg 768w, https:\/\/www.radiopiu.net\/wordpress\/wp-content\/uploads\/2023\/01\/774f1a14-bb6a-4910-89e9-2e6c0f9606a8-1536x864.jpg 1536w, https:\/\/www.radiopiu.net\/wordpress\/wp-content\/uploads\/2023\/01\/774f1a14-bb6a-4910-89e9-2e6c0f9606a8.jpg 1600w\" sizes=\"auto, (max-width: 204px) 100vw, 204px\" \/><\/a>BELLUNO<\/strong> \u201cUn Natale poco natalizio\u201d: cos\u00ec l&#8217;ex vicesegretario provinciale del Partito Democratico Davide Noro commenta le manifestazioni per il Natale organizzate nel capoluogo, all&#8217;indomani del bilancio presentato positivamente dall&#8217;amministrazione comunale<\/p>\n<p><strong>di Daniele Dalvit<\/strong><\/p>\n<audio class=\"wp-audio-shortcode\" id=\"audio-315097-6\" preload=\"none\" style=\"width: 100%;\" controls=\"controls\"><source type=\"audio\/mpeg\" src=\"https:\/\/www.radiopiu.net\/wordpress\/wp-content\/uploads\/2023\/01\/DALVIT-NATALE-NORO-PD.mp3?_=6\" \/><a href=\"https:\/\/www.radiopiu.net\/wordpress\/wp-content\/uploads\/2023\/01\/DALVIT-NATALE-NORO-PD.mp3\">https:\/\/www.radiopiu.net\/wordpress\/wp-content\/uploads\/2023\/01\/DALVIT-NATALE-NORO-PD.mp3<\/a><\/audio>\n<p>&nbsp;<\/p>\n<hr \/>\n<p>&nbsp;<\/p>\n<blockquote>\n<h3>IMPRENDITORI ALGERINI INTERESSATI AL NEVEGAL: INSIEME PER BELLUNO BENE COMUNE PRESENTA UN&#8217;INTERROGAZIONE ALL&#8217;AMMINISTRAZIONE COMUNALE<\/h3>\n<\/blockquote>\n<p><strong><a class=\"dt-pswp-item\" href=\"https:\/\/www.radiopiu.net\/wordpress\/wp-content\/uploads\/2018\/10\/NEVEGAL.jpg\" data-dt-img-description=\"\" data-large_image_width=\"275\" data-large_image_height=\"183\"><img loading=\"lazy\" decoding=\"async\" class=\" wp-image-62712 alignleft\" src=\"https:\/\/www.radiopiu.net\/wordpress\/wp-content\/uploads\/2018\/10\/NEVEGAL.jpg\" alt=\"\" width=\"185\" height=\"123\" \/><\/a>BELLUNO\u00a0<\/strong>Cosa c&#8217;\u00e8 di vero nelle notizie di un interessamento di imprenditori algerini ad un investimento in Nevegal? E questo pu\u00f2 influire sul bando di gara per la cessione degli impianti? A chiederselo, con un&#8217;interrogazione presentata all&#8217;amministrazione del Comune di Belluno, \u00e8 il gruppo Insieme per Belluno Bene Comune.<\/p>\n<p><strong>di Daniele Dalvit<\/strong><\/p>\n<audio class=\"wp-audio-shortcode\" id=\"audio-315097-7\" preload=\"none\" style=\"width: 100%;\" controls=\"controls\"><source type=\"audio\/mpeg\" src=\"https:\/\/www.radiopiu.net\/wordpress\/wp-content\/uploads\/2023\/01\/DALVIT-NEVEGAL.mp3?_=7\" \/><a href=\"https:\/\/www.radiopiu.net\/wordpress\/wp-content\/uploads\/2023\/01\/DALVIT-NEVEGAL.mp3\">https:\/\/www.radiopiu.net\/wordpress\/wp-content\/uploads\/2023\/01\/DALVIT-NEVEGAL.mp3<\/a><\/audio>\n<p>&nbsp;<\/p>\n<hr \/>\n<p>&nbsp;<\/p>\n<blockquote>\n<h3>DA LUNEDI SENSO UNICO IN VIA DEL FAVERO, VIA LA SPERIMENTAZIONE<\/h3>\n<\/blockquote>\n<p><strong><img loading=\"lazy\" decoding=\"async\" class=\"alignleft\" src=\"https:\/\/www.radiopiu.net\/wordpress\/wp-content\/uploads\/2023\/01\/Via-del-Favero.jpeg\" width=\"366\" height=\"209\" \/>BELLUNO <\/strong>Da\u00a0 luned\u00ec mattina in via Del Favero, a Castion: tra via De Amicis e il civico n.51 sar\u00e0 istituito il senso unico di circolazione, per salvaguardare la sicurezza di pedoni e residenti.\u00a0 Secondo l&#8217;amminsitrazione comunale l\u2019attuale circolazione non favorisce la fluidit\u00e0 del traffico con ricadute sull\u2019ambiente per lo smog, sui pedoni e su chi abita in zona.\u00a0 Dal 2019, in seguito all\u2019istituzione di un percorso pedonale protetto, in via Del Favero vige il senso unico alternato con scambio a vista e con priorit\u00e0 per i veicoli che salgono verso il centro di Castion. Soluzione che, pur favorendo la sicurezza dei pedoni, ha influito negativamente sulla fluidit\u00e0 della circolazione delle auto per l\u2019eccessiva lunghezza del tratto a senso unico alternato. Da qui l\u2019idea di togliere il senso alternato e lasciare un senso unico con direzione da via De Amicis verso Pian delle Feste, con sola eccezione per gli autobus del servizio urbano, per i quali sar\u00f2 mantenuto il senso unico alternato con scambio a vista.<\/p>\n<p><strong>IL SINDACO OSCAR DE PELLEGRIN\u00a0 <em>&#8220;Ci scusiamo se l\u2019apposizione di cartelli e la presenza degli agenti della polizia locale possono aver confuso qualcuno&#8221;<\/em><\/strong><\/p>\n<audio class=\"wp-audio-shortcode\" id=\"audio-315097-8\" preload=\"none\" style=\"width: 100%;\" controls=\"controls\"><source type=\"audio\/mpeg\" src=\"https:\/\/www.radiopiu.net\/wordpress\/wp-content\/uploads\/2023\/01\/OSCAR-DE-PELLEGRIN.mp3?_=8\" \/><a href=\"https:\/\/www.radiopiu.net\/wordpress\/wp-content\/uploads\/2023\/01\/OSCAR-DE-PELLEGRIN.mp3\">https:\/\/www.radiopiu.net\/wordpress\/wp-content\/uploads\/2023\/01\/OSCAR-DE-PELLEGRIN.mp3<\/a><\/audio>\n<p>&nbsp;<\/p>\n<hr \/>\n<p>&nbsp;<\/p>\n<blockquote>\n<h3>APPROVATO DALLA GIUNTA COMUNALE DI BELLUNO L&#8217;AMPLIAMENTO DEL PALASPORT DE MAS<\/h3>\n<\/blockquote>\n<p><strong><a class=\"dt-pswp-item\" href=\"https:\/\/www.radiopiu.net\/wordpress\/wp-content\/uploads\/2023\/01\/PALASPORT-DE-MAS.png\" data-dt-img-description=\"\" data-large_image_width=\"912\" data-large_image_height=\"486\"><img loading=\"lazy\" decoding=\"async\" class=\" wp-image-315290 alignleft\" src=\"https:\/\/www.radiopiu.net\/wordpress\/wp-content\/uploads\/2023\/01\/PALASPORT-DE-MAS-300x160.png\" alt=\"\" width=\"188\" height=\"100\" srcset=\"https:\/\/www.radiopiu.net\/wordpress\/wp-content\/uploads\/2023\/01\/PALASPORT-DE-MAS-300x160.png 300w, https:\/\/www.radiopiu.net\/wordpress\/wp-content\/uploads\/2023\/01\/PALASPORT-DE-MAS-768x409.png 768w, https:\/\/www.radiopiu.net\/wordpress\/wp-content\/uploads\/2023\/01\/PALASPORT-DE-MAS.png 912w\" sizes=\"auto, (max-width: 188px) 100vw, 188px\" \/><\/a>BELLUNO<\/strong><\/p>\n<p>di Moreno Gioli<\/p>\n<audio class=\"wp-audio-shortcode\" id=\"audio-315097-9\" preload=\"none\" style=\"width: 100%;\" controls=\"controls\"><source type=\"audio\/mpeg\" src=\"https:\/\/www.radiopiu.net\/wordpress\/wp-content\/uploads\/2023\/01\/GIOLI-raddoppio-palasport-de-mas.mp3?_=9\" \/><a href=\"https:\/\/www.radiopiu.net\/wordpress\/wp-content\/uploads\/2023\/01\/GIOLI-raddoppio-palasport-de-mas.mp3\">https:\/\/www.radiopiu.net\/wordpress\/wp-content\/uploads\/2023\/01\/GIOLI-raddoppio-palasport-de-mas.mp3<\/a><\/audio>\n<p>&nbsp;<\/p>\n<hr \/>\n<p>&nbsp;<\/p>\n<blockquote>\n<h3>IMPIANTI FOTOVOLTAICI, L&#8217;INCONTRO IN VAL DI ZOLDO<\/h3>\n<\/blockquote>\n<p><img loading=\"lazy\" decoding=\"async\" class=\"alignleft\" src=\"https:\/\/www.radiopiu.net\/wordpress\/wp-content\/uploads\/2023\/01\/photovoltaic-2799982__340.jpg\" width=\"182\" height=\"121\" \/><\/p>\n<p><strong>BELLUNO<\/strong> Imparare a conoscere e usare al meglio il proprio impianto fotovoltaico: questo lo scopo dell&#8217;incontro organizzato a Fusine di Val di Zoldo dal Centro per la Formazione e Sicurezza di Sedico.<\/p>\n<p><strong>di DANIELE DALVIT<\/strong><\/p>\n<audio class=\"wp-audio-shortcode\" id=\"audio-315097-10\" preload=\"none\" style=\"width: 100%;\" controls=\"controls\"><source type=\"audio\/mpeg\" src=\"https:\/\/www.radiopiu.net\/wordpress\/wp-content\/uploads\/2023\/01\/DANIELE-DALVIT.mp3?_=10\" \/><a href=\"https:\/\/www.radiopiu.net\/wordpress\/wp-content\/uploads\/2023\/01\/DANIELE-DALVIT.mp3\">https:\/\/www.radiopiu.net\/wordpress\/wp-content\/uploads\/2023\/01\/DANIELE-DALVIT.mp3<\/a><\/audio>\n<p>&nbsp;<\/p>\n<hr \/>\n<p>&nbsp;<\/p>\n<blockquote>\n<h3>IL BILANCIO DELLE INIZIATIVE NATALIZIE IN CITT\u00c0 E NELLE FRAZIONI DI FELTRE<\/h3>\n<\/blockquote>\n<p><strong><a class=\"dt-pswp-item\" href=\"https:\/\/www.radiopiu.net\/wordpress\/wp-content\/uploads\/2023\/01\/Natale-a-Feltre-2022.jpg\" data-dt-img-description=\"\" data-large_image_width=\"1600\" data-large_image_height=\"900\"><img loading=\"lazy\" decoding=\"async\" class=\" wp-image-315095 alignleft\" src=\"https:\/\/www.radiopiu.net\/wordpress\/wp-content\/uploads\/2023\/01\/Natale-a-Feltre-2022-300x169.jpg\" alt=\"\" width=\"238\" height=\"134\" srcset=\"https:\/\/www.radiopiu.net\/wordpress\/wp-content\/uploads\/2023\/01\/Natale-a-Feltre-2022-300x169.jpg 300w, https:\/\/www.radiopiu.net\/wordpress\/wp-content\/uploads\/2023\/01\/Natale-a-Feltre-2022-1024x576.jpg 1024w, https:\/\/www.radiopiu.net\/wordpress\/wp-content\/uploads\/2023\/01\/Natale-a-Feltre-2022-768x432.jpg 768w, https:\/\/www.radiopiu.net\/wordpress\/wp-content\/uploads\/2023\/01\/Natale-a-Feltre-2022-1536x864.jpg 1536w, https:\/\/www.radiopiu.net\/wordpress\/wp-content\/uploads\/2023\/01\/Natale-a-Feltre-2022.jpg 1600w\" sizes=\"auto, (max-width: 238px) 100vw, 238px\" \/><\/a>FELTRE <\/strong>Va in archivio il palinsesto di iniziative natalizie proposto dal Comune di Feltre dal ponte dell&#8217;Immacolata a Capodanno. A tracciare un primo bilancio \u00e8 l&#8217;assessore al Commercio Alberto Curto: \u201cAbbiamo puntato, come abbiamo detto sin dall&#8217;inizio, su un Natale a misura di famiglia, caratterizzato dalla presenza dei simboli cari alla nostra tradizione, con il duplice obiettivo di attrarre i cittadini nel centro citt\u00e0 \u00e8 di fornire un sostegno, per quanto possibile, agli operatori del commercio. I commenti e i giudizi che abbiamo raccolto in questi giorni ci confermano la bont\u00e0 della scelta, apprezzata da molti anche per lo stile con cui abbiamo deciso di allestire ad esempio le luminarie, presenti in vari punti della citt\u00e0 (a cominciare dal grande albero di Natale di Piazza Maggiore) in maniera comunque sobria e rispettosa, anche sul piano dei costi, del periodo non semplice che stiamo attraversando. Un plauso particolare, aggiunge l&#8217;assessore Curto, va a Fabio Giudice, direttore artistico del Natale feltrino, e al suo staff, che \u2013 oltre alla parte \u201cscenografica\u201d \u2013 hanno curato una serie di animazioni e spettacoli che hanno caratterizzato le giornate clou del periodo natalizio. Un ringraziamento va inoltre agli operatori commerciali che hanno collaborato in vari modi, tra i quali l&#8217;allestimento dei loro negozi e delle vetrine con i piccoli alberi natalizi coordinati\u201d, conclude Curto.<\/p>\n<p><strong>CLAUDIO DALLA PALMA, VICESINDACO DI FELTRE<\/strong><\/p>\n<audio class=\"wp-audio-shortcode\" id=\"audio-315097-11\" preload=\"none\" style=\"width: 100%;\" controls=\"controls\"><source type=\"audio\/mpeg\" src=\"https:\/\/www.radiopiu.net\/wordpress\/wp-content\/uploads\/2023\/01\/DALLA-PALMA-NATALE.mp3?_=11\" \/><a href=\"https:\/\/www.radiopiu.net\/wordpress\/wp-content\/uploads\/2023\/01\/DALLA-PALMA-NATALE.mp3\">https:\/\/www.radiopiu.net\/wordpress\/wp-content\/uploads\/2023\/01\/DALLA-PALMA-NATALE.mp3<\/a><\/audio>\n<p>&nbsp;<\/p>\n<hr \/>\n<p>&nbsp;<\/p>\n<blockquote>\n<h3>OBBIETTIVI CHIARI E CERTEZZE IMPORTANTI PER UNCEM<\/h3>\n<\/blockquote>\n<p><strong><a class=\"dt-pswp-item\" href=\"https:\/\/www.radiopiu.net\/wordpress\/wp-content\/uploads\/2020\/11\/logoUNCEM_no_scritta-wdtr.jpg\" data-dt-img-description=\"\" data-large_image_width=\"640\" data-large_image_height=\"640\"><img loading=\"lazy\" decoding=\"async\" class=\" wp-image-170846 alignleft\" src=\"https:\/\/www.radiopiu.net\/wordpress\/wp-content\/uploads\/2020\/11\/logoUNCEM_no_scritta-wdtr-300x300.jpg\" alt=\"\" width=\"113\" height=\"113\" srcset=\"https:\/\/www.radiopiu.net\/wordpress\/wp-content\/uploads\/2020\/11\/logoUNCEM_no_scritta-wdtr-300x300.jpg 300w, https:\/\/www.radiopiu.net\/wordpress\/wp-content\/uploads\/2020\/11\/logoUNCEM_no_scritta-wdtr-150x150.jpg 150w, https:\/\/www.radiopiu.net\/wordpress\/wp-content\/uploads\/2020\/11\/logoUNCEM_no_scritta-wdtr.jpg 640w\" sizes=\"auto, (max-width: 113px) 100vw, 113px\" \/><\/a>BELLUNO<\/strong> Una speranza e una certezza: il 2023 dell&#8217;UNCEM si apre con l&#8217;obbiettivo dell&#8217;approvazione della legge sulla montagna, e con la certezza del rifinanziamento del Fondo per la montagna che nei prossimi due anni vedr\u00e0 crescere, fino a triplicarsi, le risorse in Veneto.<\/p>\n<p><strong>di Daniele Dalvit<\/strong><\/p>\n<audio class=\"wp-audio-shortcode\" id=\"audio-315097-12\" preload=\"none\" style=\"width: 100%;\" controls=\"controls\"><source type=\"audio\/mpeg\" src=\"https:\/\/www.radiopiu.net\/wordpress\/wp-content\/uploads\/2023\/01\/DALVIT-UNCEM.mp3?_=12\" \/><a href=\"https:\/\/www.radiopiu.net\/wordpress\/wp-content\/uploads\/2023\/01\/DALVIT-UNCEM.mp3\">https:\/\/www.radiopiu.net\/wordpress\/wp-content\/uploads\/2023\/01\/DALVIT-UNCEM.mp3<\/a><\/audio>\n<p>&nbsp;<\/p>\n<hr \/>\n<p>&nbsp;<\/p>\n<blockquote>\n<h3 class=\"entry-title\">DILLO A RADIO PIU\u2019\u2026I BOTTI DI CAPODANNO E I CANI GUIDA<\/h3>\n<\/blockquote>\n<p><strong class=\"photoswipe-wrapper\"><a class=\"dt-pswp-item pspw-wrap-ready\" href=\"https:\/\/www.radiopiu.net\/wordpress\/wp-content\/uploads\/2023\/01\/PETARDI.png\" data-dt-img-description=\"\" data-large_image_width=\"1722\" data-large_image_height=\"1078\"><img loading=\"lazy\" decoding=\"async\" class=\"size-medium wp-image-314586 alignleft\" src=\"https:\/\/www.radiopiu.net\/wordpress\/wp-content\/uploads\/2023\/01\/PETARDI-300x188.png\" sizes=\"auto, (max-width: 300px) 100vw, 300px\" srcset=\"https:\/\/www.radiopiu.net\/wordpress\/wp-content\/uploads\/2023\/01\/PETARDI-300x188.png 300w, https:\/\/www.radiopiu.net\/wordpress\/wp-content\/uploads\/2023\/01\/PETARDI-1024x641.png 1024w, https:\/\/www.radiopiu.net\/wordpress\/wp-content\/uploads\/2023\/01\/PETARDI-768x481.png 768w, https:\/\/www.radiopiu.net\/wordpress\/wp-content\/uploads\/2023\/01\/PETARDI-1536x962.png 1536w, https:\/\/www.radiopiu.net\/wordpress\/wp-content\/uploads\/2023\/01\/PETARDI.png 1722w\" alt=\"\" width=\"300\" height=\"188\" \/><\/a>REDAZIONE<\/strong>\u00a0Riceviamo e pubblichiamo una lettera arrivata in radio da una nostra ascoltatrice che torna sul tema dei cani impauriti dai botti di capodanno, specialmente quando gli amici a quattro zampe sono di vitale importanza.<\/p>\n<p>Scrivo in merito a un tema che mi sta particolarmente a cuore e che mi riguarda da vicino: i botti e i nostri amici cani. Oggi stavo camminando per le strade di Agordo assieme al mio cane guida, Olga, che stava lavorando con molta attenzione. Si sa: quando un cane guida accompagna una persona non vedente \u00e8 molto attento e concentrato. Qualsiasi distrazione pu\u00f2 rivelarsi fatale per la mia e la sua incolumit\u00e0. Come dicevo stavo camminando e mi sono imbattuta in alcuni ragazzi che hanno fatto scoppiare dei botti. La mia guida, si \u00e8 spaventata molto ed \u00e8 stato difficile proseguire il cammino con serenit\u00e0. Mi rendo conto, e lo capisco, che i botti siano comuni in questi periodi di festa. Chiedo per\u00f2 un po\u2019 di sensibilit\u00e0 e attenzione anche per i nostri amici a quattro zampe che soffrono molto per questi rumori forti e improvvisi. Chiedo attenzione, appunto, visto anche\u00a0 il delicato lavoro che la mia cagnolina compie ogni giorno, un compito il suo che richiede concentrazione assoluta. Grazie.<\/p>\n<p>Luciana Dalle Molle<\/p>\n<p>&nbsp;<\/p>\n<p>&nbsp;<\/p>\n<hr \/>\n<p>&nbsp;<\/p>\n<blockquote>\n<h3>DILLO A RADIO PIU&#8217;&#8230; &#8220;COME E&#8217; POSSIBILE CHE AD ARABBA&#8230;&#8221;<\/h3>\n<\/blockquote>\n<p align=\"JUSTIFY\"><strong>LETTERA A RADIO PI\u00d9<\/strong><\/p>\n\n\t\t\t<style type='text\/css'>\n\t\t\t\t#gallery-10 {\n\t\t\t\t\tmargin: auto;\n\t\t\t\t}\n\t\t\t\t#gallery-10 .gallery-item {\n\t\t\t\t\tfloat: left;\n\t\t\t\t\tmargin-top: 10px;\n\t\t\t\t\ttext-align: center;\n\t\t\t\t\twidth: 25%;\n\t\t\t\t}\n\t\t\t\t#gallery-10 img {\n\t\t\t\t\tborder: 2px solid #cfcfcf;\n\t\t\t\t}\n\t\t\t\t#gallery-10 .gallery-caption {\n\t\t\t\t\tmargin-left: 0;\n\t\t\t\t}\n\t\t\t\t\/* see gallery_shortcode() in wp-includes\/media.php *\/\n\t\t\t<\/style>\n\t\t<div id='gallery-10' class='dt-gallery-container gallery galleryid-315097 gallery-columns-4 gallery-size-thumbnail'><dl class='gallery-item'>\n\t\t\t\t<dt class='gallery-icon portrait'>\n\t\t\t\t\t<a class=\"rollover rollover-zoom dt-pswp-item\" title=\"6cfd053c-829c-4e0a-9960-22e38a414d05\" data-dt-img-description=\"\" data-large_image_width=\"1488\" data-large_image_height=\"1984\"href='https:\/\/www.radiopiu.net\/wordpress\/wp-content\/uploads\/2023\/01\/6cfd053c-829c-4e0a-9960-22e38a414d05.jpg'><img loading=\"lazy\" decoding=\"async\" width=\"150\" height=\"150\" src=\"https:\/\/www.radiopiu.net\/wordpress\/wp-content\/uploads\/2023\/01\/6cfd053c-829c-4e0a-9960-22e38a414d05-150x150.jpg\" class=\"attachment-thumbnail size-thumbnail\" alt=\"\" \/><\/a>\n\t\t\t\t<\/dt><\/dl><dl class='gallery-item'>\n\t\t\t\t<dt class='gallery-icon portrait'>\n\t\t\t\t\t<a class=\"rollover rollover-zoom dt-pswp-item\" title=\"a44a19f6-5e20-4d6c-b0a6-fe8fa135761e\" data-dt-img-description=\"\" data-large_image_width=\"1488\" data-large_image_height=\"1984\"href='https:\/\/www.radiopiu.net\/wordpress\/wp-content\/uploads\/2023\/01\/a44a19f6-5e20-4d6c-b0a6-fe8fa135761e.jpg'><img loading=\"lazy\" decoding=\"async\" width=\"150\" height=\"150\" src=\"https:\/\/www.radiopiu.net\/wordpress\/wp-content\/uploads\/2023\/01\/a44a19f6-5e20-4d6c-b0a6-fe8fa135761e-150x150.jpg\" class=\"attachment-thumbnail size-thumbnail\" alt=\"\" \/><\/a>\n\t\t\t\t<\/dt><\/dl><dl class='gallery-item'>\n\t\t\t\t<dt class='gallery-icon landscape'>\n\t\t\t\t\t<a class=\"rollover rollover-zoom dt-pswp-item\" title=\"Senza nome\" data-dt-img-description=\"\" data-large_image_width=\"274\" data-large_image_height=\"216\"href='https:\/\/www.radiopiu.net\/wordpress\/wp-content\/uploads\/2023\/01\/Senza-nome.png'><img loading=\"lazy\" decoding=\"async\" width=\"150\" height=\"150\" src=\"https:\/\/www.radiopiu.net\/wordpress\/wp-content\/uploads\/2023\/01\/Senza-nome-150x150.png\" class=\"attachment-thumbnail size-thumbnail\" alt=\"\" \/><\/a>\n\t\t\t\t<\/dt><\/dl><dl class='gallery-item'>\n\t\t\t\t<dt class='gallery-icon portrait'>\n\t\t\t\t\t<a class=\"rollover rollover-zoom dt-pswp-item\" title=\"d5d8903b-e447-48ec-9d1f-9995136d891c\" data-dt-img-description=\"\" data-large_image_width=\"1488\" data-large_image_height=\"1984\"href='https:\/\/www.radiopiu.net\/wordpress\/wp-content\/uploads\/2023\/01\/d5d8903b-e447-48ec-9d1f-9995136d891c.jpg'><img loading=\"lazy\" decoding=\"async\" width=\"150\" height=\"150\" src=\"https:\/\/www.radiopiu.net\/wordpress\/wp-content\/uploads\/2023\/01\/d5d8903b-e447-48ec-9d1f-9995136d891c-150x150.jpg\" class=\"attachment-thumbnail size-thumbnail\" alt=\"\" \/><\/a>\n\t\t\t\t<\/dt><\/dl><br style=\"clear: both\" \/>\n\t\t\t<\/div>\n\n<p align=\"JUSTIFY\"><strong>LIVINALLONGO<\/strong>\u00a0 In questi giorni ad Arabba, come in altre zone sciistiche, ci sono tanti turisti, anche giornalieri, che parcheggiano le proprie auto per andare a sciare. Dall\u2019altra parte troviamo poi operatori turistici, tra i quali anche i maestri di sci delle Scuole di Arabba, provenienti dal Comune o da Comuni limitrofi che hanno la necessit\u00e0 di parcheggiare le proprie auto per lo svolgimento della propria attivit\u00e0 e la conseguente accoglienza turistica. Spesso sentiamo parlare di Arabba come una localit\u00e0 turistica strategica e di punta del Comune di Livinallongo, peccato per\u00f2 che tra il dire e il fare ci sia di mezzo il mare. Com\u2019\u00e8 possibile che in una localit\u00e0 turistica come Arabba un maestro di sci (come qualsiasi altro operatore), che viene chiamato per fare delle ore di lezione nelle ore centrali della giornata, non abbia la possibilit\u00e0 di avere una zona parcheggi dedicati e sia costretto a parcheggiare \u201cfuori regola\u201d per non arrivare in ritardo o addirittura dover rinunciare alla lezione, con il Sindaco in persona che chiama il vigile urbano per fargli fare la multa? Come \u00e8 possibile che un maestro debba cercare un parcheggio molto lontano dal campo scuola o che debba pagare abbonamenti molto onerosi con un solo nominativo, quando spesso e volentieri i maestri del posto che sono anche allenatori di altri sci club fuori comune, hanno i pulmini oltre che l\u2019auto privata? (escluso sci club Arabba che ha la gratuit\u00e0) Com\u2019\u00e8 possibile che in una localit\u00e0 turistica come Arabba i parcheggi abbiano il cartello \u201cparcheggio a pagamento\u201d e il turista sia costretto a cercare invano il parchimetro che in realt\u00e0 non esiste, perch\u00e9 al momento il Comune ne \u00e8 sprovvisto? Com\u2019\u00e8 possibile che in una localit\u00e0 turistica come Arabba, siano costretti ad utilizzare lo stadio del ghiaccio come parcheggio? Il Sindaco Grones parla di accoglienza turistica e spopolamento della montagna, ma la realt\u00e0 dei fatti \u00e8 un\u2019altra, i giovani sono stufi di vivere in un contesto dove anzich\u00e9 essere aiutati li fa scappare, come in questo caso. Ricordiamoci che a mantenere un territorio e a garantire un prosieguo sono i residenti e i giovani, ma che a forza di essere trattati peggio di chi il territorio lo vive una settimana all\u2019anno, un po\u2019alla volta, sceglieranno di andarsene.<\/p>\n<p align=\"JUSTIFY\"><strong>Federico e Ivan\u00a0<\/strong><\/p>\n<hr \/>\n<div class=\"page-title-head hgroup\">\n<blockquote>\n<h3 class=\"entry-title\">DILLO A RADIO PIU\u2019\u2026 QUELLA SCATOLA IN PIU\u2019<\/h3>\n<\/blockquote>\n<\/div>\n<div class=\"page-title-breadcrumbs\"><\/div>\n<p><strong>REDAZIONE\u00a0<\/strong>\u00a0Riceviamo da Cencenighe, e volentieri pubblichiamo.<\/p>\n<p class=\"photoswipe-wrapper\"><a class=\"dt-pswp-item pspw-wrap-ready\" href=\"https:\/\/www.radiopiu.net\/wordpress\/wp-content\/uploads\/2023\/01\/3C8BA963-80A3-4DC2-BA5A-41CFB017EF43.jpeg\" data-dt-img-description=\"\" data-large_image_width=\"1600\" data-large_image_height=\"1027\"><img loading=\"lazy\" decoding=\"async\" class=\"size-medium wp-image-315165 alignleft\" src=\"https:\/\/www.radiopiu.net\/wordpress\/wp-content\/uploads\/2023\/01\/3C8BA963-80A3-4DC2-BA5A-41CFB017EF43-300x193.jpeg\" sizes=\"auto, (max-width: 300px) 100vw, 300px\" srcset=\"https:\/\/www.radiopiu.net\/wordpress\/wp-content\/uploads\/2023\/01\/3C8BA963-80A3-4DC2-BA5A-41CFB017EF43-300x193.jpeg 300w, https:\/\/www.radiopiu.net\/wordpress\/wp-content\/uploads\/2023\/01\/3C8BA963-80A3-4DC2-BA5A-41CFB017EF43-1024x657.jpeg 1024w, https:\/\/www.radiopiu.net\/wordpress\/wp-content\/uploads\/2023\/01\/3C8BA963-80A3-4DC2-BA5A-41CFB017EF43-768x493.jpeg 768w, https:\/\/www.radiopiu.net\/wordpress\/wp-content\/uploads\/2023\/01\/3C8BA963-80A3-4DC2-BA5A-41CFB017EF43-1536x986.jpeg 1536w, https:\/\/www.radiopiu.net\/wordpress\/wp-content\/uploads\/2023\/01\/3C8BA963-80A3-4DC2-BA5A-41CFB017EF43.jpeg 1600w\" alt=\"\" width=\"300\" height=\"193\" \/><\/a><\/p>\n<p>&nbsp;<\/p>\n<p><em>Desidero chiedere alla spettabile ditta Valpe Ambiente se \u00e8 davvero cos\u00ec tanto oneroso raccogliere anche l\u2019eccesso di carta che spesso l\u2019utente si ritrova a bidoni pieni e costipati, soprattutto se posizionata con ordine vicino agli stessi raccoglitori. si trattava di 5 secondi, due lanci nel cassone. Questa situazione \u00e8 recidiva.\u00a0<\/em><em>Purtroppo la raccolta avviene ogni due settimane e non si riesce sempre a smaltire tutto negli appositi contenitori, soprattutto in periodi come questo. L\u2019aver lasciato due scatole non raccolte, che contenevano ordinatamente altre scatole, implica un bidone gi\u00e0 mezzo pieno e quindi fra due settimane la situazione sar\u00e0 la stessa. dobbiamo bruciare l\u2019eccesso in mezzo ad un prato provocando la tanto colpevolizzata Anidride carbonica (CO2) ? O cominciamo a raccogliere tutto?<\/em><em>Altrimenti potreste incrementare il giro della carta. E\u2019 un piacere e un dovere differenziare, ma serve attenzione non solo da parte degli utenti.<\/em><\/p>\n<p>&nbsp;<\/p>\n<p>&nbsp;<\/p>\n<p>&nbsp;<\/p>\n<hr \/>\n<blockquote>\n<h3>SOFIA GOGGIA E COMPAGNE IN RITIRO NELLA SKI AREA SAN PELLEGRINO<\/h3>\n<\/blockquote>\n<p><strong>PASSO SAN PELLEGRINO<\/strong> Le azzurre dello sci sono sulle piste della Ski Area San Pellegrino. Con l&#8217;Epifania la squadra femminile dello sci alpino si \u00e8 ritirata per preparare le prossime gare in calendario e lo stanno facendo sulla Pista Volata. Nelle foto di Mario De Marco anche la campionessa di discesa libera Sofia Goggia.<\/p>\n\n\t\t\t<style type='text\/css'>\n\t\t\t\t#gallery-11 {\n\t\t\t\t\tmargin: auto;\n\t\t\t\t}\n\t\t\t\t#gallery-11 .gallery-item {\n\t\t\t\t\tfloat: left;\n\t\t\t\t\tmargin-top: 10px;\n\t\t\t\t\ttext-align: center;\n\t\t\t\t\twidth: 50%;\n\t\t\t\t}\n\t\t\t\t#gallery-11 img {\n\t\t\t\t\tborder: 2px solid #cfcfcf;\n\t\t\t\t}\n\t\t\t\t#gallery-11 .gallery-caption {\n\t\t\t\t\tmargin-left: 0;\n\t\t\t\t}\n\t\t\t\t\/* see gallery_shortcode() in wp-includes\/media.php *\/\n\t\t\t<\/style>\n\t\t<div id='gallery-11' class='dt-gallery-container gallery galleryid-315097 gallery-columns-2 gallery-size-thumbnail'><dl class='gallery-item'>\n\t\t\t\t<dt class='gallery-icon portrait'>\n\t\t\t\t\t<a class=\"rollover rollover-zoom dt-pswp-item\" title=\"1acdf948-bf03-45df-975e-e3d5393e2283-1\" data-dt-img-description=\"\" data-large_image_width=\"1935\" data-large_image_height=\"2048\"href='https:\/\/www.radiopiu.net\/wordpress\/wp-content\/uploads\/2023\/01\/1acdf948-bf03-45df-975e-e3d5393e2283-1.jpg'><img loading=\"lazy\" decoding=\"async\" width=\"150\" height=\"150\" src=\"https:\/\/www.radiopiu.net\/wordpress\/wp-content\/uploads\/2023\/01\/1acdf948-bf03-45df-975e-e3d5393e2283-1-150x150.jpg\" class=\"attachment-thumbnail size-thumbnail\" alt=\"\" \/><\/a>\n\t\t\t\t<\/dt><\/dl><dl class='gallery-item'>\n\t\t\t\t<dt class='gallery-icon landscape'>\n\t\t\t\t\t<a class=\"rollover rollover-zoom dt-pswp-item\" title=\"d27ba757-fa39-42fd-8fd0-9686836560b4-1\" data-dt-img-description=\"\" data-large_image_width=\"1297\" data-large_image_height=\"854\"href='https:\/\/www.radiopiu.net\/wordpress\/wp-content\/uploads\/2023\/01\/d27ba757-fa39-42fd-8fd0-9686836560b4-1.jpg'><img loading=\"lazy\" decoding=\"async\" width=\"150\" height=\"150\" src=\"https:\/\/www.radiopiu.net\/wordpress\/wp-content\/uploads\/2023\/01\/d27ba757-fa39-42fd-8fd0-9686836560b4-1-150x150.jpg\" class=\"attachment-thumbnail size-thumbnail\" alt=\"\" \/><\/a>\n\t\t\t\t<\/dt><\/dl><br style=\"clear: both\" \/>\n\t\t\t<\/div>\n\n<p>&nbsp;<\/p>\n<hr \/>\n<p>&nbsp;<\/p>\n<blockquote>\n<h3>TORNA IN PIAZZA DEI MARTIRI LA BEFANA DEL VIGILE<\/h3>\n<\/blockquote>\n<p><strong>BELLUNO<\/strong> Prima le auto storiche, poi la befana su un mezzo storico dei Vigili del Fuoco: ritorno alla grande per la Befana del Vigile, tornata in Piazza dei Martiri a Belluno dopo due anni di assenza. Una festa per i bimbi e all&#8217;insegna della solidariet\u00e0, con le donazioni che saranno destinati alla mensa dei poveri della Parrocchia di Mussoi.<\/p>\n<p><strong>di Daniele Dalvit<\/strong><\/p>\n<audio class=\"wp-audio-shortcode\" id=\"audio-315097-13\" preload=\"none\" style=\"width: 100%;\" controls=\"controls\"><source type=\"audio\/mpeg\" src=\"https:\/\/www.radiopiu.net\/wordpress\/wp-content\/uploads\/2023\/01\/DALVIT-BEFANA-DEL-VIGILE.mp3?_=13\" \/><a href=\"https:\/\/www.radiopiu.net\/wordpress\/wp-content\/uploads\/2023\/01\/DALVIT-BEFANA-DEL-VIGILE.mp3\">https:\/\/www.radiopiu.net\/wordpress\/wp-content\/uploads\/2023\/01\/DALVIT-BEFANA-DEL-VIGILE.mp3<\/a><\/audio>\n<p>&nbsp;<\/p>\n\n\t\t\t<style type='text\/css'>\n\t\t\t\t#gallery-12 {\n\t\t\t\t\tmargin: auto;\n\t\t\t\t}\n\t\t\t\t#gallery-12 .gallery-item {\n\t\t\t\t\tfloat: left;\n\t\t\t\t\tmargin-top: 10px;\n\t\t\t\t\ttext-align: center;\n\t\t\t\t\twidth: 33%;\n\t\t\t\t}\n\t\t\t\t#gallery-12 img {\n\t\t\t\t\tborder: 2px solid #cfcfcf;\n\t\t\t\t}\n\t\t\t\t#gallery-12 .gallery-caption {\n\t\t\t\t\tmargin-left: 0;\n\t\t\t\t}\n\t\t\t\t\/* see gallery_shortcode() in wp-includes\/media.php *\/\n\t\t\t<\/style>\n\t\t<div id='gallery-12' class='dt-gallery-container gallery galleryid-315097 gallery-columns-3 gallery-size-medium'><dl class='gallery-item'>\n\t\t\t\t<dt class='gallery-icon landscape'>\n\t\t\t\t\t<a class=\"rollover rollover-zoom dt-pswp-item\" title=\"6019d4c1-edb0-4353-b097-62d66d82e6f2\" data-dt-img-description=\"\" data-large_image_width=\"2048\" data-large_image_height=\"1536\"href='https:\/\/www.radiopiu.net\/wordpress\/wp-content\/uploads\/2023\/01\/6019d4c1-edb0-4353-b097-62d66d82e6f2.jpg'><img loading=\"lazy\" decoding=\"async\" width=\"300\" height=\"225\" src=\"https:\/\/www.radiopiu.net\/wordpress\/wp-content\/uploads\/2023\/01\/6019d4c1-edb0-4353-b097-62d66d82e6f2-300x225.jpg\" class=\"attachment-medium size-medium\" alt=\"\" srcset=\"https:\/\/www.radiopiu.net\/wordpress\/wp-content\/uploads\/2023\/01\/6019d4c1-edb0-4353-b097-62d66d82e6f2-300x225.jpg 300w, https:\/\/www.radiopiu.net\/wordpress\/wp-content\/uploads\/2023\/01\/6019d4c1-edb0-4353-b097-62d66d82e6f2-1024x768.jpg 1024w, https:\/\/www.radiopiu.net\/wordpress\/wp-content\/uploads\/2023\/01\/6019d4c1-edb0-4353-b097-62d66d82e6f2-768x576.jpg 768w, https:\/\/www.radiopiu.net\/wordpress\/wp-content\/uploads\/2023\/01\/6019d4c1-edb0-4353-b097-62d66d82e6f2-1536x1152.jpg 1536w, https:\/\/www.radiopiu.net\/wordpress\/wp-content\/uploads\/2023\/01\/6019d4c1-edb0-4353-b097-62d66d82e6f2.jpg 2048w\" sizes=\"auto, (max-width: 300px) 100vw, 300px\" \/><\/a>\n\t\t\t\t<\/dt><\/dl><dl class='gallery-item'>\n\t\t\t\t<dt class='gallery-icon landscape'>\n\t\t\t\t\t<a class=\"rollover rollover-zoom dt-pswp-item\" title=\"ac97ad01-6b72-4f6e-9603-ef146494f658\" data-dt-img-description=\"\" data-large_image_width=\"2048\" data-large_image_height=\"1536\"href='https:\/\/www.radiopiu.net\/wordpress\/wp-content\/uploads\/2023\/01\/ac97ad01-6b72-4f6e-9603-ef146494f658.jpg'><img loading=\"lazy\" decoding=\"async\" width=\"300\" height=\"225\" src=\"https:\/\/www.radiopiu.net\/wordpress\/wp-content\/uploads\/2023\/01\/ac97ad01-6b72-4f6e-9603-ef146494f658-300x225.jpg\" class=\"attachment-medium size-medium\" alt=\"\" srcset=\"https:\/\/www.radiopiu.net\/wordpress\/wp-content\/uploads\/2023\/01\/ac97ad01-6b72-4f6e-9603-ef146494f658-300x225.jpg 300w, https:\/\/www.radiopiu.net\/wordpress\/wp-content\/uploads\/2023\/01\/ac97ad01-6b72-4f6e-9603-ef146494f658-1024x768.jpg 1024w, https:\/\/www.radiopiu.net\/wordpress\/wp-content\/uploads\/2023\/01\/ac97ad01-6b72-4f6e-9603-ef146494f658-768x576.jpg 768w, https:\/\/www.radiopiu.net\/wordpress\/wp-content\/uploads\/2023\/01\/ac97ad01-6b72-4f6e-9603-ef146494f658-1536x1152.jpg 1536w, https:\/\/www.radiopiu.net\/wordpress\/wp-content\/uploads\/2023\/01\/ac97ad01-6b72-4f6e-9603-ef146494f658.jpg 2048w\" sizes=\"auto, (max-width: 300px) 100vw, 300px\" \/><\/a>\n\t\t\t\t<\/dt><\/dl><dl class='gallery-item'>\n\t\t\t\t<dt class='gallery-icon landscape'>\n\t\t\t\t\t<a class=\"rollover rollover-zoom dt-pswp-item\" title=\"ed842302-2474-4c55-807b-7de810d0290a\" data-dt-img-description=\"\" data-large_image_width=\"2048\" data-large_image_height=\"1536\"href='https:\/\/www.radiopiu.net\/wordpress\/wp-content\/uploads\/2023\/01\/ed842302-2474-4c55-807b-7de810d0290a.jpg'><img loading=\"lazy\" decoding=\"async\" width=\"300\" height=\"225\" src=\"https:\/\/www.radiopiu.net\/wordpress\/wp-content\/uploads\/2023\/01\/ed842302-2474-4c55-807b-7de810d0290a-300x225.jpg\" class=\"attachment-medium size-medium\" alt=\"\" srcset=\"https:\/\/www.radiopiu.net\/wordpress\/wp-content\/uploads\/2023\/01\/ed842302-2474-4c55-807b-7de810d0290a-300x225.jpg 300w, https:\/\/www.radiopiu.net\/wordpress\/wp-content\/uploads\/2023\/01\/ed842302-2474-4c55-807b-7de810d0290a-1024x768.jpg 1024w, https:\/\/www.radiopiu.net\/wordpress\/wp-content\/uploads\/2023\/01\/ed842302-2474-4c55-807b-7de810d0290a-768x576.jpg 768w, https:\/\/www.radiopiu.net\/wordpress\/wp-content\/uploads\/2023\/01\/ed842302-2474-4c55-807b-7de810d0290a-1536x1152.jpg 1536w, https:\/\/www.radiopiu.net\/wordpress\/wp-content\/uploads\/2023\/01\/ed842302-2474-4c55-807b-7de810d0290a.jpg 2048w\" sizes=\"auto, (max-width: 300px) 100vw, 300px\" \/><\/a>\n\t\t\t\t<\/dt><\/dl><br style=\"clear: both\" \/>\n\t\t\t<\/div>\n\n<p>&nbsp;<\/p>\n<hr \/>\n<p>&nbsp;<\/p>\n<p><strong>DI TIZIANO DE COL<\/strong><\/p>\n\n\t\t\t<style type='text\/css'>\n\t\t\t\t#gallery-13 {\n\t\t\t\t\tmargin: auto;\n\t\t\t\t}\n\t\t\t\t#gallery-13 .gallery-item {\n\t\t\t\t\tfloat: left;\n\t\t\t\t\tmargin-top: 10px;\n\t\t\t\t\ttext-align: center;\n\t\t\t\t\twidth: 20%;\n\t\t\t\t}\n\t\t\t\t#gallery-13 img {\n\t\t\t\t\tborder: 2px solid #cfcfcf;\n\t\t\t\t}\n\t\t\t\t#gallery-13 .gallery-caption {\n\t\t\t\t\tmargin-left: 0;\n\t\t\t\t}\n\t\t\t\t\/* see gallery_shortcode() in wp-includes\/media.php *\/\n\t\t\t<\/style>\n\t\t<div id='gallery-13' class='dt-gallery-container gallery galleryid-315097 gallery-columns-5 gallery-size-medium'><dl class='gallery-item'>\n\t\t\t\t<dt class='gallery-icon landscape'>\n\t\t\t\t\t<a class=\"rollover rollover-zoom dt-pswp-item\" title=\"44dfa128-33b1-42be-8b27-4a347a56f88d\" data-dt-img-description=\"\" data-large_image_width=\"606\" data-large_image_height=\"374\"href='https:\/\/www.radiopiu.net\/wordpress\/wp-content\/uploads\/2023\/01\/44dfa128-33b1-42be-8b27-4a347a56f88d.jpg'><img loading=\"lazy\" decoding=\"async\" width=\"300\" height=\"185\" src=\"https:\/\/www.radiopiu.net\/wordpress\/wp-content\/uploads\/2023\/01\/44dfa128-33b1-42be-8b27-4a347a56f88d-300x185.jpg\" class=\"attachment-medium size-medium\" alt=\"\" srcset=\"https:\/\/www.radiopiu.net\/wordpress\/wp-content\/uploads\/2023\/01\/44dfa128-33b1-42be-8b27-4a347a56f88d-300x185.jpg 300w, https:\/\/www.radiopiu.net\/wordpress\/wp-content\/uploads\/2023\/01\/44dfa128-33b1-42be-8b27-4a347a56f88d.jpg 606w\" sizes=\"auto, (max-width: 300px) 100vw, 300px\" \/><\/a>\n\t\t\t\t<\/dt><\/dl><dl class='gallery-item'>\n\t\t\t\t<dt class='gallery-icon landscape'>\n\t\t\t\t\t<a class=\"rollover rollover-zoom dt-pswp-item\" title=\"af878613-a994-48d3-8e26-58a25623f2b9\" data-dt-img-description=\"\" data-large_image_width=\"596\" data-large_image_height=\"361\"href='https:\/\/www.radiopiu.net\/wordpress\/wp-content\/uploads\/2023\/01\/af878613-a994-48d3-8e26-58a25623f2b9.jpg'><img loading=\"lazy\" decoding=\"async\" width=\"300\" height=\"182\" src=\"https:\/\/www.radiopiu.net\/wordpress\/wp-content\/uploads\/2023\/01\/af878613-a994-48d3-8e26-58a25623f2b9-300x182.jpg\" class=\"attachment-medium size-medium\" alt=\"\" srcset=\"https:\/\/www.radiopiu.net\/wordpress\/wp-content\/uploads\/2023\/01\/af878613-a994-48d3-8e26-58a25623f2b9-300x182.jpg 300w, https:\/\/www.radiopiu.net\/wordpress\/wp-content\/uploads\/2023\/01\/af878613-a994-48d3-8e26-58a25623f2b9.jpg 596w\" sizes=\"auto, (max-width: 300px) 100vw, 300px\" \/><\/a>\n\t\t\t\t<\/dt><\/dl><dl class='gallery-item'>\n\t\t\t\t<dt class='gallery-icon landscape'>\n\t\t\t\t\t<a class=\"rollover rollover-zoom dt-pswp-item\" title=\"265a2d34-18cd-4f48-b455-0cf39e694422\" data-dt-img-description=\"\" data-large_image_width=\"612\" data-large_image_height=\"360\"href='https:\/\/www.radiopiu.net\/wordpress\/wp-content\/uploads\/2023\/01\/265a2d34-18cd-4f48-b455-0cf39e694422.jpg'><img loading=\"lazy\" decoding=\"async\" width=\"300\" height=\"176\" src=\"https:\/\/www.radiopiu.net\/wordpress\/wp-content\/uploads\/2023\/01\/265a2d34-18cd-4f48-b455-0cf39e694422-300x176.jpg\" class=\"attachment-medium size-medium\" alt=\"\" srcset=\"https:\/\/www.radiopiu.net\/wordpress\/wp-content\/uploads\/2023\/01\/265a2d34-18cd-4f48-b455-0cf39e694422-300x176.jpg 300w, https:\/\/www.radiopiu.net\/wordpress\/wp-content\/uploads\/2023\/01\/265a2d34-18cd-4f48-b455-0cf39e694422.jpg 612w\" sizes=\"auto, (max-width: 300px) 100vw, 300px\" \/><\/a>\n\t\t\t\t<\/dt><\/dl><dl class='gallery-item'>\n\t\t\t\t<dt class='gallery-icon landscape'>\n\t\t\t\t\t<a class=\"rollover rollover-zoom dt-pswp-item\" title=\"0f913ab7-e319-4ab1-a103-d8384f18807e\" data-dt-img-description=\"\" data-large_image_width=\"588\" data-large_image_height=\"362\"href='https:\/\/www.radiopiu.net\/wordpress\/wp-content\/uploads\/2023\/01\/0f913ab7-e319-4ab1-a103-d8384f18807e.jpg'><img loading=\"lazy\" decoding=\"async\" width=\"300\" height=\"185\" src=\"https:\/\/www.radiopiu.net\/wordpress\/wp-content\/uploads\/2023\/01\/0f913ab7-e319-4ab1-a103-d8384f18807e-300x185.jpg\" class=\"attachment-medium size-medium\" alt=\"\" srcset=\"https:\/\/www.radiopiu.net\/wordpress\/wp-content\/uploads\/2023\/01\/0f913ab7-e319-4ab1-a103-d8384f18807e-300x185.jpg 300w, https:\/\/www.radiopiu.net\/wordpress\/wp-content\/uploads\/2023\/01\/0f913ab7-e319-4ab1-a103-d8384f18807e.jpg 588w\" sizes=\"auto, (max-width: 300px) 100vw, 300px\" \/><\/a>\n\t\t\t\t<\/dt><\/dl><dl class='gallery-item'>\n\t\t\t\t<dt class='gallery-icon landscape'>\n\t\t\t\t\t<a class=\"rollover rollover-zoom dt-pswp-item\" title=\"5a2e1dbf-b954-4b28-9393-8d8674ae6a8e\" data-dt-img-description=\"\" data-large_image_width=\"612\" data-large_image_height=\"361\"href='https:\/\/www.radiopiu.net\/wordpress\/wp-content\/uploads\/2023\/01\/5a2e1dbf-b954-4b28-9393-8d8674ae6a8e.jpg'><img loading=\"lazy\" decoding=\"async\" width=\"300\" height=\"177\" src=\"https:\/\/www.radiopiu.net\/wordpress\/wp-content\/uploads\/2023\/01\/5a2e1dbf-b954-4b28-9393-8d8674ae6a8e-300x177.jpg\" class=\"attachment-medium size-medium\" alt=\"\" srcset=\"https:\/\/www.radiopiu.net\/wordpress\/wp-content\/uploads\/2023\/01\/5a2e1dbf-b954-4b28-9393-8d8674ae6a8e-300x177.jpg 300w, https:\/\/www.radiopiu.net\/wordpress\/wp-content\/uploads\/2023\/01\/5a2e1dbf-b954-4b28-9393-8d8674ae6a8e.jpg 612w\" sizes=\"auto, (max-width: 300px) 100vw, 300px\" \/><\/a>\n\t\t\t\t<\/dt><\/dl><br style=\"clear: both\" \/>\n\t\t\t<\/div>\n\n<p>&nbsp;<\/p>\n<hr \/>\n<p>&nbsp;<\/p>\n<blockquote>\n<h3>CHIRURGIA DI BELLUNO: ATTIVATO UN NUOVO AMBULATORIO<\/h3>\n<\/blockquote>\n<p><strong><a class=\"dt-pswp-item\" href=\"https:\/\/www.radiopiu.net\/wordpress\/wp-content\/uploads\/2021\/03\/ULSS-1.jpg\" data-dt-img-description=\"\" data-large_image_width=\"776\" data-large_image_height=\"408\"><img loading=\"lazy\" decoding=\"async\" class=\" wp-image-198838 alignleft\" src=\"https:\/\/www.radiopiu.net\/wordpress\/wp-content\/uploads\/2021\/03\/ULSS-1-300x158.jpg\" alt=\"\" width=\"148\" height=\"78\" srcset=\"https:\/\/www.radiopiu.net\/wordpress\/wp-content\/uploads\/2021\/03\/ULSS-1-300x158.jpg 300w, https:\/\/www.radiopiu.net\/wordpress\/wp-content\/uploads\/2021\/03\/ULSS-1-768x404.jpg 768w, https:\/\/www.radiopiu.net\/wordpress\/wp-content\/uploads\/2021\/03\/ULSS-1.jpg 776w\" sizes=\"auto, (max-width: 148px) 100vw, 148px\" \/><\/a>BELLUNO <\/strong><span style=\"font-family: 'Arial',sans-serif; color: black;\">La Chirurgia dell&#8217;Ospedale San Martino ha attivato un nuovo ambulatorio dedicato alla <b>chirurgia di parete addominale <\/b>. <\/span><span style=\"font-family: 'Arial',sans-serif; color: black;\">L&#8217;ambulatorio \u00e8 dedicato alle prime visite dei pazienti affetti da ernia\/laparocele, al fine di diminuire la tempistica di attesa per la visita chirurgica e programmazione di intervento per questo tipo di patologia benigna, che pu\u00f2 tuttavia risultare invalidante e a rischio di complicanze qualora affrontata chirurgicamente in modo tardivo o in regime di urgenza. <\/span><span style=\"font-family: 'Arial',sans-serif; color: black;\">L&#8217;offerta chirurgica per il trattamento della patologia di parete, oltre ad impiegare le collaudate tecniche di ricostruzione protesica gi\u00e0 in uso, sar\u00e0 volta ad implementare le moderne tecniche protesiche mininvasive laparoscopiche. Quando indicato, il percorso preoperatorio verr\u00e0 integrato con approcci declinati in maniera specifica sul singolo paziente (nutrizionale, pneumologico, radiologico). <\/span><span style=\"font-family: 'Arial',sans-serif; color: black;\">La prenotazione delle visite presso l&#8217;ambulatorio di chirurgia di parete sar\u00e0 gestita dal CUP.<\/span><\/p>\n<p>&nbsp;<\/p>\n<p>&nbsp;<\/p>\n<hr \/>\n<p>&nbsp;<\/p>\n<blockquote>\n<h3>LA BEFANA DELLA BIODIVERSITA&#8217; IN PEDIATRIA A FELTRE<\/h3>\n<\/blockquote>\n<div class=\"gmail-\">\n<p class=\"gmail-_1mf gmail-_1mj\"><strong>FELTRE\u00a0 <\/strong>I Carabinieri Forestali del reparto Biodiversit\u00e0 di Belluno, con l\u2019Appuntato Scelto Luisa Gazzola e la dott.ssa Marialuisa Dal Cortivo, entomologa, hanno portato anche ai piccoli degenti della Pediatria di Feltre dei doni dedicati al tema dell\u2019ambiente e della biodiversit\u00e0. Per l\u2019iniziativa, diffusa a livello nazionale e sostenuta dal comandante del Reparto Carabinieri Biodiversit\u00e0 di Belluno, il colonnello Gianfranco Munari, anche a ciascun bambino della Pediatria di Feltre \u00e8 stato donato un pacco regalo con un quadernone, una matita, un libro con immagini riprese all\u2019interno delle riserve naturali gestite dal Reparto dei Carabinieri Biodiversit\u00e0 e una guida sugli animali selvatici. E grazie alla collaborazione con la parte didattica del reparto dei Carabinieri Forestali, e con gli insegnati delle Pediatrie, saranno organizzate delle attivit\u00e0 formative dedicate alla didattica ambientale che coinvolgeranno nei prossimi mesi i bambini delle Pediatrie di Belluno e Feltre.<\/p>\n<\/div>\n<div><a class=\"dt-pswp-item\" href=\"https:\/\/www.radiopiu.net\/wordpress\/wp-content\/uploads\/2023\/01\/befana-della-biodiversita_feltre.jpeg\" data-dt-img-description=\"\" data-large_image_width=\"1600\" data-large_image_height=\"1200\"><img loading=\"lazy\" decoding=\"async\" class=\"alignnone wp-image-315140 size-full\" src=\"https:\/\/www.radiopiu.net\/wordpress\/wp-content\/uploads\/2023\/01\/befana-della-biodiversita_feltre.jpeg\" alt=\"\" width=\"1600\" height=\"1200\" srcset=\"https:\/\/www.radiopiu.net\/wordpress\/wp-content\/uploads\/2023\/01\/befana-della-biodiversita_feltre.jpeg 1600w, https:\/\/www.radiopiu.net\/wordpress\/wp-content\/uploads\/2023\/01\/befana-della-biodiversita_feltre-300x225.jpeg 300w, https:\/\/www.radiopiu.net\/wordpress\/wp-content\/uploads\/2023\/01\/befana-della-biodiversita_feltre-1024x768.jpeg 1024w, https:\/\/www.radiopiu.net\/wordpress\/wp-content\/uploads\/2023\/01\/befana-della-biodiversita_feltre-768x576.jpeg 768w, https:\/\/www.radiopiu.net\/wordpress\/wp-content\/uploads\/2023\/01\/befana-della-biodiversita_feltre-1536x1152.jpeg 1536w\" sizes=\"auto, (max-width: 1600px) 100vw, 1600px\" \/><\/a><\/div>\n<p>&nbsp;<\/p>\n<hr \/>\n<p>&nbsp;<\/p>\n<blockquote>\n<h3><a class=\"dt-pswp-item\" href=\"https:\/\/www.radiopiu.net\/wordpress\/wp-content\/uploads\/2023\/01\/Il_valore_della_memoria.jpg\" data-dt-img-description=\"\" data-large_image_width=\"768\" data-large_image_height=\"1024\"><img loading=\"lazy\" decoding=\"async\" class=\" wp-image-315147 alignleft\" src=\"https:\/\/www.radiopiu.net\/wordpress\/wp-content\/uploads\/2023\/01\/Il_valore_della_memoria-225x300.jpg\" alt=\"\" width=\"147\" height=\"196\" srcset=\"https:\/\/www.radiopiu.net\/wordpress\/wp-content\/uploads\/2023\/01\/Il_valore_della_memoria-225x300.jpg 225w, https:\/\/www.radiopiu.net\/wordpress\/wp-content\/uploads\/2023\/01\/Il_valore_della_memoria.jpg 768w\" sizes=\"auto, (max-width: 147px) 100vw, 147px\" \/><\/a>ANCHE PONTE NELLE ALPI TRA I COMUNI DELLA MEMORIA DEL VAJONT<\/h3>\n<\/blockquote>\n<p><strong>PONTE NELLE ALPI\u00a0<\/strong> Il consiglio comunale ha approvato all\u2019unanimit\u00e0 il protocollo d\u2019intesa con i Comuni di Longarone, Erto e Casso e Vajont per la realizzazione delle iniziative e manifestazioni commemorative in vista del 60. anniversario legato alla catastrofe. Grazie a questo atto, Ponte \u00e8 ufficialmente fra i \u201cComuni della Memoria\u201d.<span class=\"gmail-Apple-converted-space\"> \u00a0<\/span><em>\u00abEntrare nel comitato dei sindaci per le celebrazioni del 60. anniversario e collaborare con la Fondazione \u00e8 un grande onore e il nostro impegno sar\u00e0 massimo &#8211; ha affermato il sindaco di Ponte nelle Alpi, Paolo Vendramini -. Ringrazio i colleghi Padrin, Carrara e Barzan per aver dato seguito a un lavoro condiviso sulla memoria che unisce i nostri Comuni\u00bb.<span class=\"gmail-Apple-converted-space\">\u00a0<\/span><\/em><\/p>\n<p>&nbsp;<\/p>\n<p>&nbsp;<\/p>\n<hr \/>\n<p>&nbsp;<\/p>\n<blockquote>\n<h3>LA RACCOLTA FONDI PER LA CITTA&#8217; DELLA SPERANZA DI PADOVA. OLTRE 3 MILA PANETTONI VENDUTI<\/h3>\n<\/blockquote>\n<p><strong><a class=\"dt-pswp-item\" href=\"https:\/\/www.radiopiu.net\/wordpress\/wp-content\/uploads\/2023\/01\/61cf5b9d-0bde-48e2-b906-70568e2d0f9c.jpg\" data-dt-img-description=\"\" data-large_image_width=\"938\" data-large_image_height=\"553\"><img loading=\"lazy\" decoding=\"async\" class=\" wp-image-315389 alignleft\" src=\"https:\/\/www.radiopiu.net\/wordpress\/wp-content\/uploads\/2023\/01\/61cf5b9d-0bde-48e2-b906-70568e2d0f9c-300x177.jpg\" alt=\"\" width=\"207\" height=\"122\" srcset=\"https:\/\/www.radiopiu.net\/wordpress\/wp-content\/uploads\/2023\/01\/61cf5b9d-0bde-48e2-b906-70568e2d0f9c-300x177.jpg 300w, https:\/\/www.radiopiu.net\/wordpress\/wp-content\/uploads\/2023\/01\/61cf5b9d-0bde-48e2-b906-70568e2d0f9c-768x453.jpg 768w, https:\/\/www.radiopiu.net\/wordpress\/wp-content\/uploads\/2023\/01\/61cf5b9d-0bde-48e2-b906-70568e2d0f9c.jpg 938w\" sizes=\"auto, (max-width: 207px) 100vw, 207px\" \/><\/a>ALPAGO<\/strong> Sono stati raccolti oltre 35.500 euro dalla vendita di panettoni per Citta&#8217; della Speranza di Padova, Fondazione che si occupa e lavora per la ricerca contro il cancro pediatrico. E&#8217; il secondo anno che il Gruppo Alpago organizza questa iniziativa benefica per la Fondazione. Quest&#8217;anno i panettoni prenotati e consegnati in tutta la Provincia di Belluno e non solo, perch\u00e9 sono stati consegnati anche in provincia di Treviso e Venezia, sono stati oltre 3100, quasi 800 in piu&#8217; rispetto all&#8217;anno scorso. Oltre all&#8217;assegno di 35.568 euro, vanno sommati 1800 euro per l&#8217;acquisto di 150 panettoni da parte di un&#8217;impresa locale che li ha ordinati per poi donarli ai suoi dipendenti. Quindi il totale finale raggiunto e donato da questa nostra iniziativa a Citta&#8217; della Speranza e&#8217; di 37.368 euro. &#8220;<em>Ringrazio l&#8217;impresa locale che ci ha scelto per il regalo di Natale si suoi dipendenti &#8211; dice la capogruppo dell&#8217;iniziativa &#8211; Un particolare ringraziamento lo vorrei fare alla Caposala della Pediatria dell&#8217;Ospedale di Belluno, Marilisa Celato che ha portato la nostra iniziativa in tutti i reparti del San Martino raccogliendo prenotazioni per circa 600 panettoni, facendo veramente un ottimo lavoro. Rinnovo a tutti gli auguri di Buon Anno e vi aspetto altrettanto numerosi alla prossima iniziativa per dare una speranza in pi\u00f9 a tutti quei piccoli guerrieri che lottano con una forza incredibile per vincere la partita pi\u00f9 importante della loro vita<\/em>\u201d<\/p>\n<p>&nbsp;<\/p>\n<p>&nbsp;<\/p>\n<hr \/>\n<p>&nbsp;<\/p>\n<blockquote>\n<h3>INNEVAMENTO ARTIFICIALE, BUSSONE (UNCEM): SOLUZIONE DA VALUTARE CON PIU&#8217; ATTENZIONE DI FRONTE A TRAGEDIA CLIMATICA<\/h3>\n<\/blockquote>\n<p><strong><a class=\"dt-pswp-item\" href=\"https:\/\/www.radiopiu.net\/wordpress\/wp-content\/uploads\/2022\/12\/Marmolada_sci-scaled.jpg\" data-dt-img-description=\"\" data-large_image_width=\"2560\" data-large_image_height=\"1440\"><img loading=\"lazy\" decoding=\"async\" class=\" wp-image-312435 alignleft\" src=\"https:\/\/www.radiopiu.net\/wordpress\/wp-content\/uploads\/2022\/12\/Marmolada_sci-300x169.jpg\" alt=\"\" width=\"160\" height=\"90\" srcset=\"https:\/\/www.radiopiu.net\/wordpress\/wp-content\/uploads\/2022\/12\/Marmolada_sci-300x169.jpg 300w, https:\/\/www.radiopiu.net\/wordpress\/wp-content\/uploads\/2022\/12\/Marmolada_sci-1024x576.jpg 1024w, https:\/\/www.radiopiu.net\/wordpress\/wp-content\/uploads\/2022\/12\/Marmolada_sci-768x432.jpg 768w, https:\/\/www.radiopiu.net\/wordpress\/wp-content\/uploads\/2022\/12\/Marmolada_sci-1536x864.jpg 1536w, https:\/\/www.radiopiu.net\/wordpress\/wp-content\/uploads\/2022\/12\/Marmolada_sci-2048x1152.jpg 2048w\" sizes=\"auto, (max-width: 160px) 100vw, 160px\" \/><\/a>ROMA<\/strong> &#8220;Mi sembra sia necessario aprire una riflessione sul futuro dello sci e in particolare dell&#8217;innevamento artificiale alla luce dei cambiamenti climatici. Seria e laica. Dobbiamo avere una sede chiara per farlo, il Ministero del Turismo, insieme con il Ministero dell&#8217;Ambiente. Capire con scienziati ed esperti di climatologia quanto ha senso investire risorse economiche, statali e regionali, in innevamento artificiale o in nuovi impianti di risalita sotto certe quote altimetriche, in certe valli. Occorre valutare dove e come, oltre demagogia e facili luoghi comuni. Il dramma climatico che stiamo vivendo non lascia scampo. E con il Governo, con le Commissioni parlamentari che hanno specifica competenza, \u00e8 necessario un ragionamento oltre schemi e &#8216;si \u00e8 sempre fatto cos\u00ec&#8217;. Fare come abbiamo sempre fatto, bene o male che fosse, su sport invernali, sci e innevamento programmato potrebbe non avere senso di futuro, imbrigliando montagna e turismo in una strategia del passato. Noi vogliamo stare nel futuro. Senza rischiare di sprecare milioni e milioni di euro per un investimento a perdere nel bel mezzo della tragedia climatica che ancora qualcuno nega&#8221;. Lo afferma Marco Bussone, Presidente nazionale Uncem<\/p>\n<p>&nbsp;<\/p>\n<p>&nbsp;<\/p>\n<hr \/>\n<p>&nbsp;<\/p>\n<blockquote>\n<h3>LA BEFANA VIEN DI NOTTE. UN SUCCESSO A MALGA CIAPELA<\/h3>\n<\/blockquote>\n<p><strong>il sindaco ANDREA DE BERNARDIN<\/strong><\/p>\n<audio class=\"wp-audio-shortcode\" id=\"audio-315097-14\" preload=\"none\" style=\"width: 100%;\" controls=\"controls\"><source type=\"audio\/mpeg\" src=\"https:\/\/www.radiopiu.net\/wordpress\/wp-content\/uploads\/2023\/01\/andrea.mp3?_=14\" \/><a href=\"https:\/\/www.radiopiu.net\/wordpress\/wp-content\/uploads\/2023\/01\/andrea.mp3\">https:\/\/www.radiopiu.net\/wordpress\/wp-content\/uploads\/2023\/01\/andrea.mp3<\/a><\/audio>\n<p>&nbsp;<\/p>\n<p><strong><img loading=\"lazy\" decoding=\"async\" class=\"alignleft\" src=\"https:\/\/www.radiopiu.net\/wordpress\/wp-content\/uploads\/2023\/01\/foto_befana_Marmolada.jpeg\" width=\"231\" height=\"173\" \/>ROCCA PIETORE<\/strong> Uno spettacolo per tutti \u2013 grandi e piccini \u2013 in uno scenario unico: la Befana arriva anche in Marmolada e lo far\u00e0 calandosi dalla funivia grazie al supporto degli uomini del Soccorso Alpino della Val Pettorina. L\u2019evento nel piazzale di Malga Ciapela. Tutto il territorio dell\u2019Alto Agordino \u00e8 mobilitato in vista del pomeriggio di festa: la Scuola sci Marmolada, per esempio, ha organizzato una mini fiaccolata con i propri alunni, mentre gli alpini hanno offerto del buon vin brul\u00e8.<\/p>\n<p>&nbsp;<\/p>\n<p>&nbsp;<\/p>\n<p>&nbsp;<\/p>\n\n\t\t\t<style type='text\/css'>\n\t\t\t\t#gallery-14 {\n\t\t\t\t\tmargin: auto;\n\t\t\t\t}\n\t\t\t\t#gallery-14 .gallery-item {\n\t\t\t\t\tfloat: left;\n\t\t\t\t\tmargin-top: 10px;\n\t\t\t\t\ttext-align: center;\n\t\t\t\t\twidth: 33%;\n\t\t\t\t}\n\t\t\t\t#gallery-14 img {\n\t\t\t\t\tborder: 2px solid #cfcfcf;\n\t\t\t\t}\n\t\t\t\t#gallery-14 .gallery-caption {\n\t\t\t\t\tmargin-left: 0;\n\t\t\t\t}\n\t\t\t\t\/* see gallery_shortcode() in wp-includes\/media.php *\/\n\t\t\t<\/style>\n\t\t<div id='gallery-14' class='dt-gallery-container gallery galleryid-315097 gallery-columns-3 gallery-size-thumbnail'><dl class='gallery-item'>\n\t\t\t\t<dt class='gallery-icon landscape'>\n\t\t\t\t\t<a class=\"rollover rollover-zoom dt-pswp-item\" title=\"D660F617-CCA1-4FED-BCE6-57D4F82CEAEE\" data-dt-img-description=\"\" data-large_image_width=\"2048\" data-large_image_height=\"1152\"href='https:\/\/www.radiopiu.net\/wordpress\/wp-content\/uploads\/2023\/01\/D660F617-CCA1-4FED-BCE6-57D4F82CEAEE.jpeg'><img loading=\"lazy\" decoding=\"async\" width=\"150\" height=\"150\" src=\"https:\/\/www.radiopiu.net\/wordpress\/wp-content\/uploads\/2023\/01\/D660F617-CCA1-4FED-BCE6-57D4F82CEAEE-150x150.jpeg\" class=\"attachment-thumbnail size-thumbnail\" alt=\"\" \/><\/a>\n\t\t\t\t<\/dt><\/dl><dl class='gallery-item'>\n\t\t\t\t<dt class='gallery-icon landscape'>\n\t\t\t\t\t<a class=\"rollover rollover-zoom dt-pswp-item\" title=\"8054F2F8-1FFA-4AAF-A0FA-3CDF02CFC53D\" data-dt-img-description=\"\" data-large_image_width=\"2048\" data-large_image_height=\"1152\"href='https:\/\/www.radiopiu.net\/wordpress\/wp-content\/uploads\/2023\/01\/8054F2F8-1FFA-4AAF-A0FA-3CDF02CFC53D.jpeg'><img loading=\"lazy\" decoding=\"async\" width=\"150\" height=\"150\" src=\"https:\/\/www.radiopiu.net\/wordpress\/wp-content\/uploads\/2023\/01\/8054F2F8-1FFA-4AAF-A0FA-3CDF02CFC53D-150x150.jpeg\" class=\"attachment-thumbnail size-thumbnail\" alt=\"\" \/><\/a>\n\t\t\t\t<\/dt><\/dl><dl class='gallery-item'>\n\t\t\t\t<dt class='gallery-icon landscape'>\n\t\t\t\t\t<a class=\"rollover rollover-zoom dt-pswp-item\" title=\"038A4AB3-1EB1-4C38-A823-827876284345\" data-dt-img-description=\"\" data-large_image_width=\"2048\" data-large_image_height=\"1152\"href='https:\/\/www.radiopiu.net\/wordpress\/wp-content\/uploads\/2023\/01\/038A4AB3-1EB1-4C38-A823-827876284345.jpeg'><img loading=\"lazy\" decoding=\"async\" width=\"150\" height=\"150\" src=\"https:\/\/www.radiopiu.net\/wordpress\/wp-content\/uploads\/2023\/01\/038A4AB3-1EB1-4C38-A823-827876284345-150x150.jpeg\" class=\"attachment-thumbnail size-thumbnail\" alt=\"\" \/><\/a>\n\t\t\t\t<\/dt><\/dl><br style=\"clear: both\" \/><dl class='gallery-item'>\n\t\t\t\t<dt class='gallery-icon portrait'>\n\t\t\t\t\t<a class=\"rollover rollover-zoom dt-pswp-item\" title=\"67D2B455-E748-44D3-8B4D-D4375F6C9E0B\" data-dt-img-description=\"\" data-large_image_width=\"1536\" data-large_image_height=\"2048\"href='https:\/\/www.radiopiu.net\/wordpress\/wp-content\/uploads\/2023\/01\/67D2B455-E748-44D3-8B4D-D4375F6C9E0B.jpeg'><img loading=\"lazy\" decoding=\"async\" width=\"150\" height=\"150\" src=\"https:\/\/www.radiopiu.net\/wordpress\/wp-content\/uploads\/2023\/01\/67D2B455-E748-44D3-8B4D-D4375F6C9E0B-150x150.jpeg\" class=\"attachment-thumbnail size-thumbnail\" alt=\"\" \/><\/a>\n\t\t\t\t<\/dt><\/dl><dl class='gallery-item'>\n\t\t\t\t<dt class='gallery-icon landscape'>\n\t\t\t\t\t<a class=\"rollover rollover-zoom dt-pswp-item\" title=\"2ECA7B29-43B3-4C53-99BC-46FF9B378571\" data-dt-img-description=\"\" data-large_image_width=\"1600\" data-large_image_height=\"1200\"href='https:\/\/www.radiopiu.net\/wordpress\/wp-content\/uploads\/2023\/01\/2ECA7B29-43B3-4C53-99BC-46FF9B378571.jpeg'><img loading=\"lazy\" decoding=\"async\" width=\"150\" height=\"150\" src=\"https:\/\/www.radiopiu.net\/wordpress\/wp-content\/uploads\/2023\/01\/2ECA7B29-43B3-4C53-99BC-46FF9B378571-150x150.jpeg\" class=\"attachment-thumbnail size-thumbnail\" alt=\"\" \/><\/a>\n\t\t\t\t<\/dt><\/dl><dl class='gallery-item'>\n\t\t\t\t<dt class='gallery-icon landscape'>\n\t\t\t\t\t<a class=\"rollover rollover-zoom dt-pswp-item\" title=\"FE5BE59F-CF84-494F-98C3-64ED865F7C56\" data-dt-img-description=\"\" data-large_image_width=\"1600\" data-large_image_height=\"1200\"href='https:\/\/www.radiopiu.net\/wordpress\/wp-content\/uploads\/2023\/01\/FE5BE59F-CF84-494F-98C3-64ED865F7C56.jpeg'><img loading=\"lazy\" decoding=\"async\" width=\"150\" height=\"150\" src=\"https:\/\/www.radiopiu.net\/wordpress\/wp-content\/uploads\/2023\/01\/FE5BE59F-CF84-494F-98C3-64ED865F7C56-150x150.jpeg\" class=\"attachment-thumbnail size-thumbnail\" alt=\"\" \/><\/a>\n\t\t\t\t<\/dt><\/dl><br style=\"clear: both\" \/><dl class='gallery-item'>\n\t\t\t\t<dt class='gallery-icon landscape'>\n\t\t\t\t\t<a class=\"rollover rollover-zoom dt-pswp-item\" title=\"C3938140-2F63-4C64-B1B9-407832A12C7A\" data-dt-img-description=\"\" data-large_image_width=\"1600\" data-large_image_height=\"1200\"href='https:\/\/www.radiopiu.net\/wordpress\/wp-content\/uploads\/2023\/01\/C3938140-2F63-4C64-B1B9-407832A12C7A.jpeg'><img loading=\"lazy\" decoding=\"async\" width=\"150\" height=\"150\" src=\"https:\/\/www.radiopiu.net\/wordpress\/wp-content\/uploads\/2023\/01\/C3938140-2F63-4C64-B1B9-407832A12C7A-150x150.jpeg\" class=\"attachment-thumbnail size-thumbnail\" alt=\"\" \/><\/a>\n\t\t\t\t<\/dt><\/dl><dl class='gallery-item'>\n\t\t\t\t<dt class='gallery-icon landscape'>\n\t\t\t\t\t<a class=\"rollover rollover-zoom dt-pswp-item\" title=\"942DD0AB-8935-4A2C-A0B4-8E5055EA37C2\" data-dt-img-description=\"\" data-large_image_width=\"1600\" data-large_image_height=\"1200\"href='https:\/\/www.radiopiu.net\/wordpress\/wp-content\/uploads\/2023\/01\/942DD0AB-8935-4A2C-A0B4-8E5055EA37C2.jpeg'><img loading=\"lazy\" decoding=\"async\" width=\"150\" height=\"150\" src=\"https:\/\/www.radiopiu.net\/wordpress\/wp-content\/uploads\/2023\/01\/942DD0AB-8935-4A2C-A0B4-8E5055EA37C2-150x150.jpeg\" class=\"attachment-thumbnail size-thumbnail\" alt=\"\" \/><\/a>\n\t\t\t\t<\/dt><\/dl><dl class='gallery-item'>\n\t\t\t\t<dt class='gallery-icon landscape'>\n\t\t\t\t\t<a class=\"rollover rollover-zoom dt-pswp-item\" title=\"D452961C-25BE-4F0B-B27E-7113FC965052\" data-dt-img-description=\"\" data-large_image_width=\"1600\" data-large_image_height=\"1200\"href='https:\/\/www.radiopiu.net\/wordpress\/wp-content\/uploads\/2023\/01\/D452961C-25BE-4F0B-B27E-7113FC965052.jpeg'><img loading=\"lazy\" decoding=\"async\" width=\"150\" height=\"150\" src=\"https:\/\/www.radiopiu.net\/wordpress\/wp-content\/uploads\/2023\/01\/D452961C-25BE-4F0B-B27E-7113FC965052-150x150.jpeg\" class=\"attachment-thumbnail size-thumbnail\" alt=\"\" \/><\/a>\n\t\t\t\t<\/dt><\/dl><br style=\"clear: both\" \/>\n\t\t\t<\/div>\n\n<p>&nbsp;<\/p>\n<p><strong>LA DIRETTA RADIO PIU&#8217;<\/strong><\/p>\n<p><iframe loading=\"lazy\" title=\"La Befana Vien Di Notte - Rocca Pietore Malga Ciapela 2023\" width=\"1200\" height=\"675\" src=\"https:\/\/www.youtube.com\/embed\/2tgeAmeJOgg?feature=oembed\" frameborder=\"0\" allow=\"accelerometer; autoplay; clipboard-write; encrypted-media; gyroscope; picture-in-picture; web-share\" allowfullscreen><\/iframe><\/p>\n<p>&nbsp;<\/p>\n<hr \/>\n<p>&nbsp;<\/p>\n<blockquote>\n<h3>CON L&#8217;ARRIVO DELLA BEFANA SI CHIUDONO LA SERIE DI EVENTI INVERNALI DELLA PRO LOCO DI LA VALLE. PREMIATI I PRESEPI PIU&#8217; BELLI<\/h3>\n<\/blockquote>\n<p><strong>LA VALLE<\/strong> Un inverno molto attivo quello della Pro Loco La Valle capitanata da Andrea Da Roit. Una serie di eventi che si \u00e8 chiusa con la premiazioni dei presepi pi\u00f9 belli del paese. Un impegno non da poco quello dei volontari di La Valle che con &#8220;Inte Per Anter&#8221; hanno fatto vivere il paese con tanta gente che ha animato le vie per osservare i 38 presepi del paese. Ma non solo, buona risposta anche negli altri eventi organizzati come &#8220;Doi Note Per Le Vie&#8221; con la Schola Cantorum e l&#8217;arrivo della befana nelle ultime ore. Ora il gruppo Pro Loco La Valle si ritrova per organizzare &#8220;El Carneval Dei Boce&#8221; e naturalmente &#8220;L&#8217;Om Selvarech&#8221;.<\/p>\n<p><strong>ANDREA DA ROIT, PRESIDENTE DELLA PRO LOCO LA VALLE<\/strong><\/p>\n<audio class=\"wp-audio-shortcode\" id=\"audio-315097-15\" preload=\"none\" style=\"width: 100%;\" controls=\"controls\"><source type=\"audio\/mpeg\" src=\"https:\/\/www.radiopiu.net\/wordpress\/wp-content\/uploads\/2023\/01\/ANDREA-DA-ROIT-PRO-LOCO-LA-VALLE.mp3?_=15\" \/><a href=\"https:\/\/www.radiopiu.net\/wordpress\/wp-content\/uploads\/2023\/01\/ANDREA-DA-ROIT-PRO-LOCO-LA-VALLE.mp3\">https:\/\/www.radiopiu.net\/wordpress\/wp-content\/uploads\/2023\/01\/ANDREA-DA-ROIT-PRO-LOCO-LA-VALLE.mp3<\/a><\/audio>\n<p>&nbsp;<\/p>\n<p><strong>LA PREMIAZIONE DEI PRESEPI PIU&#8217; BELLI DI LA VALLE<\/strong><\/p>\n\n\t\t\t<style type='text\/css'>\n\t\t\t\t#gallery-15 {\n\t\t\t\t\tmargin: auto;\n\t\t\t\t}\n\t\t\t\t#gallery-15 .gallery-item {\n\t\t\t\t\tfloat: left;\n\t\t\t\t\tmargin-top: 10px;\n\t\t\t\t\ttext-align: center;\n\t\t\t\t\twidth: 25%;\n\t\t\t\t}\n\t\t\t\t#gallery-15 img {\n\t\t\t\t\tborder: 2px solid #cfcfcf;\n\t\t\t\t}\n\t\t\t\t#gallery-15 .gallery-caption {\n\t\t\t\t\tmargin-left: 0;\n\t\t\t\t}\n\t\t\t\t\/* see gallery_shortcode() in wp-includes\/media.php *\/\n\t\t\t<\/style>\n\t\t<div id='gallery-15' class='dt-gallery-container gallery galleryid-315097 gallery-columns-4 gallery-size-thumbnail'><dl class='gallery-item'>\n\t\t\t\t<dt class='gallery-icon portrait'>\n\t\t\t\t\t<a class=\"rollover rollover-zoom dt-pswp-item\" title=\"3f5d1591-2286-4d9c-b02a-9111fb571052\" data-dt-img-description=\"\" data-large_image_width=\"1241\" data-large_image_height=\"1754\"href='https:\/\/www.radiopiu.net\/wordpress\/wp-content\/uploads\/2023\/01\/3f5d1591-2286-4d9c-b02a-9111fb571052.jpg'><img loading=\"lazy\" decoding=\"async\" width=\"150\" height=\"150\" src=\"https:\/\/www.radiopiu.net\/wordpress\/wp-content\/uploads\/2023\/01\/3f5d1591-2286-4d9c-b02a-9111fb571052-150x150.jpg\" class=\"attachment-thumbnail size-thumbnail\" alt=\"\" \/><\/a>\n\t\t\t\t<\/dt><\/dl><dl class='gallery-item'>\n\t\t\t\t<dt class='gallery-icon portrait'>\n\t\t\t\t\t<a class=\"rollover rollover-zoom dt-pswp-item\" title=\"406a663e-390c-49e1-ae5f-b20fe5d04613\" data-dt-img-description=\"\" data-large_image_width=\"1536\" data-large_image_height=\"2048\"href='https:\/\/www.radiopiu.net\/wordpress\/wp-content\/uploads\/2023\/01\/406a663e-390c-49e1-ae5f-b20fe5d04613.jpg'><img loading=\"lazy\" decoding=\"async\" width=\"150\" height=\"150\" src=\"https:\/\/www.radiopiu.net\/wordpress\/wp-content\/uploads\/2023\/01\/406a663e-390c-49e1-ae5f-b20fe5d04613-150x150.jpg\" class=\"attachment-thumbnail size-thumbnail\" alt=\"\" aria-describedby=\"gallery-15-315314\" \/><\/a>\n\t\t\t\t<\/dt>\n\t\t\t\t\t<dd class='wp-caption-text gallery-caption' id='gallery-15-315314'>\n\t\t\t\t\t1\u00b0 PREMIO\n\t\t\t\t\t<\/dd><\/dl><dl class='gallery-item'>\n\t\t\t\t<dt class='gallery-icon portrait'>\n\t\t\t\t\t<a class=\"rollover rollover-zoom dt-pswp-item\" title=\"b9766724-3f8e-4274-b69b-482afc937cc5\" data-dt-img-description=\"\" data-large_image_width=\"1536\" data-large_image_height=\"2048\"href='https:\/\/www.radiopiu.net\/wordpress\/wp-content\/uploads\/2023\/01\/b9766724-3f8e-4274-b69b-482afc937cc5.jpg'><img loading=\"lazy\" decoding=\"async\" width=\"150\" height=\"150\" src=\"https:\/\/www.radiopiu.net\/wordpress\/wp-content\/uploads\/2023\/01\/b9766724-3f8e-4274-b69b-482afc937cc5-150x150.jpg\" class=\"attachment-thumbnail size-thumbnail\" alt=\"\" aria-describedby=\"gallery-15-315315\" \/><\/a>\n\t\t\t\t<\/dt>\n\t\t\t\t\t<dd class='wp-caption-text gallery-caption' id='gallery-15-315315'>\n\t\t\t\t\t2\u00b0 PREMIO\n\t\t\t\t\t<\/dd><\/dl><dl class='gallery-item'>\n\t\t\t\t<dt class='gallery-icon portrait'>\n\t\t\t\t\t<a class=\"rollover rollover-zoom dt-pswp-item\" title=\"dfc2dc23-6d26-425c-b63b-c92584029a87\" data-dt-img-description=\"\" data-large_image_width=\"1152\" data-large_image_height=\"2048\"href='https:\/\/www.radiopiu.net\/wordpress\/wp-content\/uploads\/2023\/01\/dfc2dc23-6d26-425c-b63b-c92584029a87.jpg'><img loading=\"lazy\" decoding=\"async\" width=\"150\" height=\"150\" src=\"https:\/\/www.radiopiu.net\/wordpress\/wp-content\/uploads\/2023\/01\/dfc2dc23-6d26-425c-b63b-c92584029a87-150x150.jpg\" class=\"attachment-thumbnail size-thumbnail\" alt=\"\" aria-describedby=\"gallery-15-315317\" \/><\/a>\n\t\t\t\t<\/dt>\n\t\t\t\t\t<dd class='wp-caption-text gallery-caption' id='gallery-15-315317'>\n\t\t\t\t\t3\u00b0 PREMIO\n\t\t\t\t\t<\/dd><\/dl><br style=\"clear: both\" \/>\n\t\t\t<\/div>\n\n<p><strong>IL PRESEPIO &#8220;RADIO MARIA&#8221;<\/strong><\/p>\n<div style=\"width: 848px;\" class=\"wp-video\"><video class=\"wp-video-shortcode\" id=\"video-315097-1\" width=\"848\" height=\"480\" preload=\"metadata\" controls=\"controls\"><source type=\"video\/mp4\" src=\"https:\/\/www.radiopiu.net\/wordpress\/wp-content\/uploads\/2023\/01\/WhatsApp-Video-2023-01-06-at-09.38.44.mp4?_=1\" \/><a href=\"https:\/\/www.radiopiu.net\/wordpress\/wp-content\/uploads\/2023\/01\/WhatsApp-Video-2023-01-06-at-09.38.44.mp4\">https:\/\/www.radiopiu.net\/wordpress\/wp-content\/uploads\/2023\/01\/WhatsApp-Video-2023-01-06-at-09.38.44.mp4<\/a><\/video><\/div>\n<p>&nbsp;<\/p>\n<hr \/>\n<p>&nbsp;<\/p>\n<blockquote>\n<h3>UN SUCCESSO LA FIACCOLATA DI INIZIO ANNO A CAVIOLA<\/h3>\n<\/blockquote>\n<p><strong>di Marco Gaz<\/strong><\/p>\n<p><strong>FALCADE<\/strong> Si \u00e8 svolta a Caviola la tradizionale fiaccolata di inizio anno organizzata dalla Scuola Sci e Snowboard Falcade, in collaborazione con la Pro Loco di Caviola, il Gruppo Alpini Caviola Cime D&#8217;Auta e Promo Falcade con Ski Area San Pellegrino. Una serata riuscita benissimo con tanta gente a godersi lo spettacolo delle fiaccole che dalla chiesa di Caviola arrivavano al centro della frazione. Erano 5 anni che l&#8217;appuntamento mancava a causa della pandemia e anche per la mancanza di neve. Soddisfatti i maestri di sci che ringraziano tutti i partecipanti alla manifestazione. Un ringraziamento va anche alla Scuola Sci Nordico Falcade presente con i suoi atleti che anche loro sono scesi lungo il pendio.<\/p>\n\n\t\t\t<style type='text\/css'>\n\t\t\t\t#gallery-16 {\n\t\t\t\t\tmargin: auto;\n\t\t\t\t}\n\t\t\t\t#gallery-16 .gallery-item {\n\t\t\t\t\tfloat: left;\n\t\t\t\t\tmargin-top: 10px;\n\t\t\t\t\ttext-align: center;\n\t\t\t\t\twidth: 25%;\n\t\t\t\t}\n\t\t\t\t#gallery-16 img {\n\t\t\t\t\tborder: 2px solid #cfcfcf;\n\t\t\t\t}\n\t\t\t\t#gallery-16 .gallery-caption {\n\t\t\t\t\tmargin-left: 0;\n\t\t\t\t}\n\t\t\t\t\/* see gallery_shortcode() in wp-includes\/media.php *\/\n\t\t\t<\/style>\n\t\t<div id='gallery-16' class='dt-gallery-container gallery galleryid-315097 gallery-columns-4 gallery-size-thumbnail'><dl class='gallery-item'>\n\t\t\t\t<dt class='gallery-icon landscape'>\n\t\t\t\t\t<a class=\"rollover rollover-zoom dt-pswp-item\" title=\"5aefdf27-2fbd-4d8f-97dd-4f7f0a7fa2cd\" data-dt-img-description=\"\" data-large_image_width=\"2048\" data-large_image_height=\"2048\"href='https:\/\/www.radiopiu.net\/wordpress\/wp-content\/uploads\/2023\/01\/5aefdf27-2fbd-4d8f-97dd-4f7f0a7fa2cd.jpg'><img loading=\"lazy\" decoding=\"async\" width=\"150\" height=\"150\" src=\"https:\/\/www.radiopiu.net\/wordpress\/wp-content\/uploads\/2023\/01\/5aefdf27-2fbd-4d8f-97dd-4f7f0a7fa2cd-150x150.jpg\" class=\"attachment-thumbnail size-thumbnail\" alt=\"\" srcset=\"https:\/\/www.radiopiu.net\/wordpress\/wp-content\/uploads\/2023\/01\/5aefdf27-2fbd-4d8f-97dd-4f7f0a7fa2cd-150x150.jpg 150w, https:\/\/www.radiopiu.net\/wordpress\/wp-content\/uploads\/2023\/01\/5aefdf27-2fbd-4d8f-97dd-4f7f0a7fa2cd-300x300.jpg 300w, https:\/\/www.radiopiu.net\/wordpress\/wp-content\/uploads\/2023\/01\/5aefdf27-2fbd-4d8f-97dd-4f7f0a7fa2cd-1024x1024.jpg 1024w, https:\/\/www.radiopiu.net\/wordpress\/wp-content\/uploads\/2023\/01\/5aefdf27-2fbd-4d8f-97dd-4f7f0a7fa2cd-768x768.jpg 768w, https:\/\/www.radiopiu.net\/wordpress\/wp-content\/uploads\/2023\/01\/5aefdf27-2fbd-4d8f-97dd-4f7f0a7fa2cd-1536x1536.jpg 1536w, https:\/\/www.radiopiu.net\/wordpress\/wp-content\/uploads\/2023\/01\/5aefdf27-2fbd-4d8f-97dd-4f7f0a7fa2cd.jpg 2048w\" sizes=\"auto, (max-width: 150px) 100vw, 150px\" \/><\/a>\n\t\t\t\t<\/dt><\/dl><dl class='gallery-item'>\n\t\t\t\t<dt class='gallery-icon landscape'>\n\t\t\t\t\t<a class=\"rollover rollover-zoom dt-pswp-item\" title=\"9b2053ed-69e6-4a48-8307-a02cec9d84bc\" data-dt-img-description=\"\" data-large_image_width=\"2048\" data-large_image_height=\"2048\"href='https:\/\/www.radiopiu.net\/wordpress\/wp-content\/uploads\/2023\/01\/9b2053ed-69e6-4a48-8307-a02cec9d84bc.jpg'><img loading=\"lazy\" decoding=\"async\" width=\"150\" height=\"150\" src=\"https:\/\/www.radiopiu.net\/wordpress\/wp-content\/uploads\/2023\/01\/9b2053ed-69e6-4a48-8307-a02cec9d84bc-150x150.jpg\" class=\"attachment-thumbnail size-thumbnail\" alt=\"\" srcset=\"https:\/\/www.radiopiu.net\/wordpress\/wp-content\/uploads\/2023\/01\/9b2053ed-69e6-4a48-8307-a02cec9d84bc-150x150.jpg 150w, https:\/\/www.radiopiu.net\/wordpress\/wp-content\/uploads\/2023\/01\/9b2053ed-69e6-4a48-8307-a02cec9d84bc-300x300.jpg 300w, https:\/\/www.radiopiu.net\/wordpress\/wp-content\/uploads\/2023\/01\/9b2053ed-69e6-4a48-8307-a02cec9d84bc-1024x1024.jpg 1024w, https:\/\/www.radiopiu.net\/wordpress\/wp-content\/uploads\/2023\/01\/9b2053ed-69e6-4a48-8307-a02cec9d84bc-768x768.jpg 768w, https:\/\/www.radiopiu.net\/wordpress\/wp-content\/uploads\/2023\/01\/9b2053ed-69e6-4a48-8307-a02cec9d84bc-1536x1536.jpg 1536w, https:\/\/www.radiopiu.net\/wordpress\/wp-content\/uploads\/2023\/01\/9b2053ed-69e6-4a48-8307-a02cec9d84bc.jpg 2048w\" sizes=\"auto, (max-width: 150px) 100vw, 150px\" \/><\/a>\n\t\t\t\t<\/dt><\/dl><dl class='gallery-item'>\n\t\t\t\t<dt class='gallery-icon landscape'>\n\t\t\t\t\t<a class=\"rollover rollover-zoom dt-pswp-item\" title=\"40c20852-cd84-4ab7-b077-526109a50d68\" data-dt-img-description=\"\" data-large_image_width=\"1600\" data-large_image_height=\"757\"href='https:\/\/www.radiopiu.net\/wordpress\/wp-content\/uploads\/2023\/01\/40c20852-cd84-4ab7-b077-526109a50d68.jpg'><img loading=\"lazy\" decoding=\"async\" width=\"150\" height=\"150\" src=\"https:\/\/www.radiopiu.net\/wordpress\/wp-content\/uploads\/2023\/01\/40c20852-cd84-4ab7-b077-526109a50d68-150x150.jpg\" class=\"attachment-thumbnail size-thumbnail\" alt=\"\" \/><\/a>\n\t\t\t\t<\/dt><\/dl><dl class='gallery-item'>\n\t\t\t\t<dt class='gallery-icon landscape'>\n\t\t\t\t\t<a class=\"rollover rollover-zoom dt-pswp-item\" title=\"2229cd50-f48e-46d1-b4e7-afbe36a24e6d\" data-dt-img-description=\"\" data-large_image_width=\"2048\" data-large_image_height=\"2048\"href='https:\/\/www.radiopiu.net\/wordpress\/wp-content\/uploads\/2023\/01\/2229cd50-f48e-46d1-b4e7-afbe36a24e6d.jpg'><img loading=\"lazy\" decoding=\"async\" width=\"150\" height=\"150\" src=\"https:\/\/www.radiopiu.net\/wordpress\/wp-content\/uploads\/2023\/01\/2229cd50-f48e-46d1-b4e7-afbe36a24e6d-150x150.jpg\" class=\"attachment-thumbnail size-thumbnail\" alt=\"\" srcset=\"https:\/\/www.radiopiu.net\/wordpress\/wp-content\/uploads\/2023\/01\/2229cd50-f48e-46d1-b4e7-afbe36a24e6d-150x150.jpg 150w, https:\/\/www.radiopiu.net\/wordpress\/wp-content\/uploads\/2023\/01\/2229cd50-f48e-46d1-b4e7-afbe36a24e6d-300x300.jpg 300w, https:\/\/www.radiopiu.net\/wordpress\/wp-content\/uploads\/2023\/01\/2229cd50-f48e-46d1-b4e7-afbe36a24e6d-1024x1024.jpg 1024w, https:\/\/www.radiopiu.net\/wordpress\/wp-content\/uploads\/2023\/01\/2229cd50-f48e-46d1-b4e7-afbe36a24e6d-768x768.jpg 768w, https:\/\/www.radiopiu.net\/wordpress\/wp-content\/uploads\/2023\/01\/2229cd50-f48e-46d1-b4e7-afbe36a24e6d-1536x1536.jpg 1536w, https:\/\/www.radiopiu.net\/wordpress\/wp-content\/uploads\/2023\/01\/2229cd50-f48e-46d1-b4e7-afbe36a24e6d.jpg 2048w\" sizes=\"auto, (max-width: 150px) 100vw, 150px\" \/><\/a>\n\t\t\t\t<\/dt><\/dl><br style=\"clear: both\" \/><dl class='gallery-item'>\n\t\t\t\t<dt class='gallery-icon landscape'>\n\t\t\t\t\t<a class=\"rollover rollover-zoom dt-pswp-item\" title=\"a3cb153d-48f5-46a3-b1c1-4c8c1236abea\" data-dt-img-description=\"\" data-large_image_width=\"2048\" data-large_image_height=\"2048\"href='https:\/\/www.radiopiu.net\/wordpress\/wp-content\/uploads\/2023\/01\/a3cb153d-48f5-46a3-b1c1-4c8c1236abea.jpg'><img loading=\"lazy\" decoding=\"async\" width=\"150\" height=\"150\" src=\"https:\/\/www.radiopiu.net\/wordpress\/wp-content\/uploads\/2023\/01\/a3cb153d-48f5-46a3-b1c1-4c8c1236abea-150x150.jpg\" class=\"attachment-thumbnail size-thumbnail\" alt=\"\" srcset=\"https:\/\/www.radiopiu.net\/wordpress\/wp-content\/uploads\/2023\/01\/a3cb153d-48f5-46a3-b1c1-4c8c1236abea-150x150.jpg 150w, https:\/\/www.radiopiu.net\/wordpress\/wp-content\/uploads\/2023\/01\/a3cb153d-48f5-46a3-b1c1-4c8c1236abea-300x300.jpg 300w, https:\/\/www.radiopiu.net\/wordpress\/wp-content\/uploads\/2023\/01\/a3cb153d-48f5-46a3-b1c1-4c8c1236abea-1024x1024.jpg 1024w, https:\/\/www.radiopiu.net\/wordpress\/wp-content\/uploads\/2023\/01\/a3cb153d-48f5-46a3-b1c1-4c8c1236abea-768x768.jpg 768w, https:\/\/www.radiopiu.net\/wordpress\/wp-content\/uploads\/2023\/01\/a3cb153d-48f5-46a3-b1c1-4c8c1236abea-1536x1536.jpg 1536w, https:\/\/www.radiopiu.net\/wordpress\/wp-content\/uploads\/2023\/01\/a3cb153d-48f5-46a3-b1c1-4c8c1236abea.jpg 2048w\" sizes=\"auto, (max-width: 150px) 100vw, 150px\" \/><\/a>\n\t\t\t\t<\/dt><\/dl><dl class='gallery-item'>\n\t\t\t\t<dt class='gallery-icon portrait'>\n\t\t\t\t\t<a class=\"rollover rollover-zoom dt-pswp-item\" title=\"b18f613c-72c1-4a1f-ac57-567373578f92\" data-dt-img-description=\"\" data-large_image_width=\"757\" data-large_image_height=\"1600\"href='https:\/\/www.radiopiu.net\/wordpress\/wp-content\/uploads\/2023\/01\/b18f613c-72c1-4a1f-ac57-567373578f92.jpg'><img loading=\"lazy\" decoding=\"async\" width=\"150\" height=\"150\" src=\"https:\/\/www.radiopiu.net\/wordpress\/wp-content\/uploads\/2023\/01\/b18f613c-72c1-4a1f-ac57-567373578f92-150x150.jpg\" class=\"attachment-thumbnail size-thumbnail\" alt=\"\" \/><\/a>\n\t\t\t\t<\/dt><\/dl><dl class='gallery-item'>\n\t\t\t\t<dt class='gallery-icon landscape'>\n\t\t\t\t\t<a class=\"rollover rollover-zoom dt-pswp-item\" title=\"ca0b62d9-2794-40f7-b0fb-632854219e6f\" data-dt-img-description=\"\" data-large_image_width=\"1280\" data-large_image_height=\"1197\"href='https:\/\/www.radiopiu.net\/wordpress\/wp-content\/uploads\/2023\/01\/ca0b62d9-2794-40f7-b0fb-632854219e6f.jpg'><img loading=\"lazy\" decoding=\"async\" width=\"150\" height=\"150\" src=\"https:\/\/www.radiopiu.net\/wordpress\/wp-content\/uploads\/2023\/01\/ca0b62d9-2794-40f7-b0fb-632854219e6f-150x150.jpg\" class=\"attachment-thumbnail size-thumbnail\" alt=\"\" \/><\/a>\n\t\t\t\t<\/dt><\/dl><dl class='gallery-item'>\n\t\t\t\t<dt class='gallery-icon landscape'>\n\t\t\t\t\t<a class=\"rollover rollover-zoom dt-pswp-item\" title=\"cd0e506e-1973-4c74-baf6-6f1d56712b1c\" data-dt-img-description=\"\" data-large_image_width=\"2048\" data-large_image_height=\"2048\"href='https:\/\/www.radiopiu.net\/wordpress\/wp-content\/uploads\/2023\/01\/cd0e506e-1973-4c74-baf6-6f1d56712b1c.jpg'><img loading=\"lazy\" decoding=\"async\" width=\"150\" height=\"150\" src=\"https:\/\/www.radiopiu.net\/wordpress\/wp-content\/uploads\/2023\/01\/cd0e506e-1973-4c74-baf6-6f1d56712b1c-150x150.jpg\" class=\"attachment-thumbnail size-thumbnail\" alt=\"\" srcset=\"https:\/\/www.radiopiu.net\/wordpress\/wp-content\/uploads\/2023\/01\/cd0e506e-1973-4c74-baf6-6f1d56712b1c-150x150.jpg 150w, https:\/\/www.radiopiu.net\/wordpress\/wp-content\/uploads\/2023\/01\/cd0e506e-1973-4c74-baf6-6f1d56712b1c-300x300.jpg 300w, https:\/\/www.radiopiu.net\/wordpress\/wp-content\/uploads\/2023\/01\/cd0e506e-1973-4c74-baf6-6f1d56712b1c-1024x1024.jpg 1024w, https:\/\/www.radiopiu.net\/wordpress\/wp-content\/uploads\/2023\/01\/cd0e506e-1973-4c74-baf6-6f1d56712b1c-768x768.jpg 768w, https:\/\/www.radiopiu.net\/wordpress\/wp-content\/uploads\/2023\/01\/cd0e506e-1973-4c74-baf6-6f1d56712b1c-1536x1536.jpg 1536w, https:\/\/www.radiopiu.net\/wordpress\/wp-content\/uploads\/2023\/01\/cd0e506e-1973-4c74-baf6-6f1d56712b1c.jpg 2048w\" sizes=\"auto, (max-width: 150px) 100vw, 150px\" \/><\/a>\n\t\t\t\t<\/dt><\/dl><br style=\"clear: both\" \/>\n\t\t\t<\/div>\n\n<p>&nbsp;<\/p>\n<p><iframe loading=\"lazy\" title=\"FIACCOLATA CAVIOLA\" width=\"1200\" height=\"675\" src=\"https:\/\/www.youtube.com\/embed\/tvvTuqCyzgE?feature=oembed\" frameborder=\"0\" allow=\"accelerometer; autoplay; clipboard-write; encrypted-media; gyroscope; picture-in-picture; web-share\" allowfullscreen><\/iframe><\/p>\n<p>&nbsp;<\/p>\n<hr \/>\n<p>&nbsp;<\/p>\n<blockquote>\n<h3>I PAGARUOI DI LASTE SOTTO LA LUNA PIENA<\/h3>\n<\/blockquote>\n<p><strong>ROCCA PIETORE<\/strong> Pagaruoi a Laste e fiaccolata con partenza da Col de le Casiere fino gi\u00f9 in paese in uno spettacolo naturale illuminati da una luna splendente. Le tante persone accorse ad assistere a questa spettacolare tradizione sono rimaste davvero colpite dalla bellezza di un territorio cos\u00ec bello e incontaminato.<\/p>\n\n\t\t\t<style type='text\/css'>\n\t\t\t\t#gallery-17 {\n\t\t\t\t\tmargin: auto;\n\t\t\t\t}\n\t\t\t\t#gallery-17 .gallery-item {\n\t\t\t\t\tfloat: left;\n\t\t\t\t\tmargin-top: 10px;\n\t\t\t\t\ttext-align: center;\n\t\t\t\t\twidth: 33%;\n\t\t\t\t}\n\t\t\t\t#gallery-17 img {\n\t\t\t\t\tborder: 2px solid #cfcfcf;\n\t\t\t\t}\n\t\t\t\t#gallery-17 .gallery-caption {\n\t\t\t\t\tmargin-left: 0;\n\t\t\t\t}\n\t\t\t\t\/* see gallery_shortcode() in wp-includes\/media.php *\/\n\t\t\t<\/style>\n\t\t<div id='gallery-17' class='dt-gallery-container gallery galleryid-315097 gallery-columns-3 gallery-size-thumbnail'><dl class='gallery-item'>\n\t\t\t\t<dt class='gallery-icon landscape'>\n\t\t\t\t\t<a class=\"rollover rollover-zoom dt-pswp-item\" title=\"7befa647-c0b4-44c4-a779-0e8b89b71168\" data-dt-img-description=\"\" data-large_image_width=\"2048\" data-large_image_height=\"1536\"href='https:\/\/www.radiopiu.net\/wordpress\/wp-content\/uploads\/2023\/01\/7befa647-c0b4-44c4-a779-0e8b89b71168.jpg'><img loading=\"lazy\" decoding=\"async\" width=\"150\" height=\"150\" src=\"https:\/\/www.radiopiu.net\/wordpress\/wp-content\/uploads\/2023\/01\/7befa647-c0b4-44c4-a779-0e8b89b71168-150x150.jpg\" class=\"attachment-thumbnail size-thumbnail\" alt=\"\" \/><\/a>\n\t\t\t\t<\/dt><\/dl><dl class='gallery-item'>\n\t\t\t\t<dt class='gallery-icon portrait'>\n\t\t\t\t\t<a class=\"rollover rollover-zoom dt-pswp-item\" title=\"187a2c7a-a892-408c-aaea-a5e9181dd590\" data-dt-img-description=\"\" data-large_image_width=\"1536\" data-large_image_height=\"2048\"href='https:\/\/www.radiopiu.net\/wordpress\/wp-content\/uploads\/2023\/01\/187a2c7a-a892-408c-aaea-a5e9181dd590.jpg'><img loading=\"lazy\" decoding=\"async\" width=\"150\" height=\"150\" src=\"https:\/\/www.radiopiu.net\/wordpress\/wp-content\/uploads\/2023\/01\/187a2c7a-a892-408c-aaea-a5e9181dd590-150x150.jpg\" class=\"attachment-thumbnail size-thumbnail\" alt=\"\" \/><\/a>\n\t\t\t\t<\/dt><\/dl><dl class='gallery-item'>\n\t\t\t\t<dt class='gallery-icon landscape'>\n\t\t\t\t\t<a class=\"rollover rollover-zoom dt-pswp-item\" title=\"25070cf7-6769-4f60-81a8-5085ad7763e8\" data-dt-img-description=\"\" data-large_image_width=\"2048\" data-large_image_height=\"1536\"href='https:\/\/www.radiopiu.net\/wordpress\/wp-content\/uploads\/2023\/01\/25070cf7-6769-4f60-81a8-5085ad7763e8.jpg'><img loading=\"lazy\" decoding=\"async\" width=\"150\" height=\"150\" src=\"https:\/\/www.radiopiu.net\/wordpress\/wp-content\/uploads\/2023\/01\/25070cf7-6769-4f60-81a8-5085ad7763e8-150x150.jpg\" class=\"attachment-thumbnail size-thumbnail\" alt=\"\" \/><\/a>\n\t\t\t\t<\/dt><\/dl><br style=\"clear: both\" \/><dl class='gallery-item'>\n\t\t\t\t<dt class='gallery-icon portrait'>\n\t\t\t\t\t<a class=\"rollover rollover-zoom dt-pswp-item\" title=\"52832a8c-9c3c-4a2d-8d5e-0580e9132ef9\" data-dt-img-description=\"\" data-large_image_width=\"1536\" data-large_image_height=\"2048\"href='https:\/\/www.radiopiu.net\/wordpress\/wp-content\/uploads\/2023\/01\/52832a8c-9c3c-4a2d-8d5e-0580e9132ef9.jpg'><img loading=\"lazy\" decoding=\"async\" width=\"150\" height=\"150\" src=\"https:\/\/www.radiopiu.net\/wordpress\/wp-content\/uploads\/2023\/01\/52832a8c-9c3c-4a2d-8d5e-0580e9132ef9-150x150.jpg\" class=\"attachment-thumbnail size-thumbnail\" alt=\"\" \/><\/a>\n\t\t\t\t<\/dt><\/dl><dl class='gallery-item'>\n\t\t\t\t<dt class='gallery-icon portrait'>\n\t\t\t\t\t<a class=\"rollover rollover-zoom dt-pswp-item\" title=\"67368a4f-5f3b-4b64-a3e3-3b9ef5f2438b\" data-dt-img-description=\"\" data-large_image_width=\"1536\" data-large_image_height=\"2048\"href='https:\/\/www.radiopiu.net\/wordpress\/wp-content\/uploads\/2023\/01\/67368a4f-5f3b-4b64-a3e3-3b9ef5f2438b.jpg'><img loading=\"lazy\" decoding=\"async\" width=\"150\" height=\"150\" src=\"https:\/\/www.radiopiu.net\/wordpress\/wp-content\/uploads\/2023\/01\/67368a4f-5f3b-4b64-a3e3-3b9ef5f2438b-150x150.jpg\" class=\"attachment-thumbnail size-thumbnail\" alt=\"\" \/><\/a>\n\t\t\t\t<\/dt><\/dl><dl class='gallery-item'>\n\t\t\t\t<dt class='gallery-icon landscape'>\n\t\t\t\t\t<a class=\"rollover rollover-zoom dt-pswp-item\" title=\"96020736-42da-4952-b124-b074ed01b2ef\" data-dt-img-description=\"\" data-large_image_width=\"1600\" data-large_image_height=\"1200\"href='https:\/\/www.radiopiu.net\/wordpress\/wp-content\/uploads\/2023\/01\/96020736-42da-4952-b124-b074ed01b2ef.jpg'><img loading=\"lazy\" decoding=\"async\" width=\"150\" height=\"150\" src=\"https:\/\/www.radiopiu.net\/wordpress\/wp-content\/uploads\/2023\/01\/96020736-42da-4952-b124-b074ed01b2ef-150x150.jpg\" class=\"attachment-thumbnail size-thumbnail\" alt=\"\" \/><\/a>\n\t\t\t\t<\/dt><\/dl><br style=\"clear: both\" \/><dl class='gallery-item'>\n\t\t\t\t<dt class='gallery-icon landscape'>\n\t\t\t\t\t<a class=\"rollover rollover-zoom dt-pswp-item\" title=\"eb458207-8438-4277-8527-9d3bcd76e384\" data-dt-img-description=\"\" data-large_image_width=\"1600\" data-large_image_height=\"1200\"href='https:\/\/www.radiopiu.net\/wordpress\/wp-content\/uploads\/2023\/01\/eb458207-8438-4277-8527-9d3bcd76e384.jpg'><img loading=\"lazy\" decoding=\"async\" width=\"150\" height=\"150\" src=\"https:\/\/www.radiopiu.net\/wordpress\/wp-content\/uploads\/2023\/01\/eb458207-8438-4277-8527-9d3bcd76e384-150x150.jpg\" class=\"attachment-thumbnail size-thumbnail\" alt=\"\" \/><\/a>\n\t\t\t\t<\/dt><\/dl><dl class='gallery-item'>\n\t\t\t\t<dt class='gallery-icon portrait'>\n\t\t\t\t\t<a class=\"rollover rollover-zoom dt-pswp-item\" title=\"f4d2b66c-a359-4fd8-97ce-f8d9c044f122\" data-dt-img-description=\"\" data-large_image_width=\"1536\" data-large_image_height=\"2048\"href='https:\/\/www.radiopiu.net\/wordpress\/wp-content\/uploads\/2023\/01\/f4d2b66c-a359-4fd8-97ce-f8d9c044f122.jpg'><img loading=\"lazy\" decoding=\"async\" width=\"150\" height=\"150\" src=\"https:\/\/www.radiopiu.net\/wordpress\/wp-content\/uploads\/2023\/01\/f4d2b66c-a359-4fd8-97ce-f8d9c044f122-150x150.jpg\" class=\"attachment-thumbnail size-thumbnail\" alt=\"\" \/><\/a>\n\t\t\t\t<\/dt><\/dl><dl class='gallery-item'>\n\t\t\t\t<dt class='gallery-icon portrait'>\n\t\t\t\t\t<a class=\"rollover rollover-zoom dt-pswp-item\" title=\"fca2d2c5-f4b1-4170-98f4-ee2434a08bd4\" data-dt-img-description=\"\" data-large_image_width=\"1536\" data-large_image_height=\"2048\"href='https:\/\/www.radiopiu.net\/wordpress\/wp-content\/uploads\/2023\/01\/fca2d2c5-f4b1-4170-98f4-ee2434a08bd4.jpg'><img loading=\"lazy\" decoding=\"async\" width=\"150\" height=\"150\" src=\"https:\/\/www.radiopiu.net\/wordpress\/wp-content\/uploads\/2023\/01\/fca2d2c5-f4b1-4170-98f4-ee2434a08bd4-150x150.jpg\" class=\"attachment-thumbnail size-thumbnail\" alt=\"\" \/><\/a>\n\t\t\t\t<\/dt><\/dl><br style=\"clear: both\" \/>\n\t\t\t<\/div>\n\n<p>&nbsp;<\/p>\n<p><iframe loading=\"lazy\" title=\"PAGARUOI LASTE\" width=\"1200\" height=\"675\" src=\"https:\/\/www.youtube.com\/embed\/jUp-_mXyx6o?feature=oembed\" frameborder=\"0\" allow=\"accelerometer; autoplay; clipboard-write; encrypted-media; gyroscope; picture-in-picture; web-share\" allowfullscreen><\/iframe><\/p>\n<p>&nbsp;<\/p>\n<hr \/>\n<p>&nbsp;<\/p>\n<blockquote>\n<h3>LA BEFANA E&#8217; ARRIVATA ANCHE A VOLTAGO<\/h3>\n<\/blockquote>\n<p><strong>VOLTAGO<\/strong> Anche a Voltago \u00e8 arrivata la Befana che ha consegnato i doni ai bambini ma non solo&#8230;<\/p>\n\n\t\t\t<style type='text\/css'>\n\t\t\t\t#gallery-18 {\n\t\t\t\t\tmargin: auto;\n\t\t\t\t}\n\t\t\t\t#gallery-18 .gallery-item {\n\t\t\t\t\tfloat: left;\n\t\t\t\t\tmargin-top: 10px;\n\t\t\t\t\ttext-align: center;\n\t\t\t\t\twidth: 33%;\n\t\t\t\t}\n\t\t\t\t#gallery-18 img {\n\t\t\t\t\tborder: 2px solid #cfcfcf;\n\t\t\t\t}\n\t\t\t\t#gallery-18 .gallery-caption {\n\t\t\t\t\tmargin-left: 0;\n\t\t\t\t}\n\t\t\t\t\/* see gallery_shortcode() in wp-includes\/media.php *\/\n\t\t\t<\/style>\n\t\t<div id='gallery-18' class='dt-gallery-container gallery galleryid-315097 gallery-columns-3 gallery-size-thumbnail'><dl class='gallery-item'>\n\t\t\t\t<dt class='gallery-icon landscape'>\n\t\t\t\t\t<a class=\"rollover rollover-zoom dt-pswp-item\" title=\"9c838f3f-99c0-48d3-8f18-bc4d3b5a76b8\" data-dt-img-description=\"\" data-large_image_width=\"2000\" data-large_image_height=\"1500\"href='https:\/\/www.radiopiu.net\/wordpress\/wp-content\/uploads\/2023\/01\/9c838f3f-99c0-48d3-8f18-bc4d3b5a76b8.jpg'><img loading=\"lazy\" decoding=\"async\" width=\"150\" height=\"150\" src=\"https:\/\/www.radiopiu.net\/wordpress\/wp-content\/uploads\/2023\/01\/9c838f3f-99c0-48d3-8f18-bc4d3b5a76b8-150x150.jpg\" class=\"attachment-thumbnail size-thumbnail\" alt=\"\" \/><\/a>\n\t\t\t\t<\/dt><\/dl><dl class='gallery-item'>\n\t\t\t\t<dt class='gallery-icon landscape'>\n\t\t\t\t\t<a class=\"rollover rollover-zoom dt-pswp-item\" title=\"20ed2fde-db81-4fe1-825b-96b5f42171b2\" data-dt-img-description=\"\" data-large_image_width=\"2000\" data-large_image_height=\"1500\"href='https:\/\/www.radiopiu.net\/wordpress\/wp-content\/uploads\/2023\/01\/20ed2fde-db81-4fe1-825b-96b5f42171b2.jpg'><img loading=\"lazy\" decoding=\"async\" width=\"150\" height=\"150\" src=\"https:\/\/www.radiopiu.net\/wordpress\/wp-content\/uploads\/2023\/01\/20ed2fde-db81-4fe1-825b-96b5f42171b2-150x150.jpg\" class=\"attachment-thumbnail size-thumbnail\" alt=\"\" \/><\/a>\n\t\t\t\t<\/dt><\/dl><dl class='gallery-item'>\n\t\t\t\t<dt class='gallery-icon portrait'>\n\t\t\t\t\t<a class=\"rollover rollover-zoom dt-pswp-item\" title=\"63b583a6-4944-45c9-8ab9-8635c582f3db\" data-dt-img-description=\"\" data-large_image_width=\"1500\" data-large_image_height=\"2000\"href='https:\/\/www.radiopiu.net\/wordpress\/wp-content\/uploads\/2023\/01\/63b583a6-4944-45c9-8ab9-8635c582f3db.jpg'><img loading=\"lazy\" decoding=\"async\" width=\"150\" height=\"150\" src=\"https:\/\/www.radiopiu.net\/wordpress\/wp-content\/uploads\/2023\/01\/63b583a6-4944-45c9-8ab9-8635c582f3db-150x150.jpg\" class=\"attachment-thumbnail size-thumbnail\" alt=\"\" \/><\/a>\n\t\t\t\t<\/dt><\/dl><br style=\"clear: both\" \/><dl class='gallery-item'>\n\t\t\t\t<dt class='gallery-icon landscape'>\n\t\t\t\t\t<a class=\"rollover rollover-zoom dt-pswp-item\" title=\"ba64e338-e361-4214-9102-42210a3947eb\" data-dt-img-description=\"\" data-large_image_width=\"2000\" data-large_image_height=\"1500\"href='https:\/\/www.radiopiu.net\/wordpress\/wp-content\/uploads\/2023\/01\/ba64e338-e361-4214-9102-42210a3947eb.jpg'><img loading=\"lazy\" decoding=\"async\" width=\"150\" height=\"150\" src=\"https:\/\/www.radiopiu.net\/wordpress\/wp-content\/uploads\/2023\/01\/ba64e338-e361-4214-9102-42210a3947eb-150x150.jpg\" class=\"attachment-thumbnail size-thumbnail\" alt=\"\" \/><\/a>\n\t\t\t\t<\/dt><\/dl><dl class='gallery-item'>\n\t\t\t\t<dt class='gallery-icon landscape'>\n\t\t\t\t\t<a class=\"rollover rollover-zoom dt-pswp-item\" title=\"ba97d923-4c0d-4338-9425-4648211b6a0d\" data-dt-img-description=\"\" data-large_image_width=\"2000\" data-large_image_height=\"1500\"href='https:\/\/www.radiopiu.net\/wordpress\/wp-content\/uploads\/2023\/01\/ba97d923-4c0d-4338-9425-4648211b6a0d.jpg'><img loading=\"lazy\" decoding=\"async\" width=\"150\" height=\"150\" src=\"https:\/\/www.radiopiu.net\/wordpress\/wp-content\/uploads\/2023\/01\/ba97d923-4c0d-4338-9425-4648211b6a0d-150x150.jpg\" class=\"attachment-thumbnail size-thumbnail\" alt=\"\" \/><\/a>\n\t\t\t\t<\/dt><\/dl><dl class='gallery-item'>\n\t\t\t\t<dt class='gallery-icon portrait'>\n\t\t\t\t\t<a class=\"rollover rollover-zoom dt-pswp-item\" title=\"dfa88087-a1e1-4eef-a2e1-3cdeca48652b\" data-dt-img-description=\"\" data-large_image_width=\"1500\" data-large_image_height=\"2000\"href='https:\/\/www.radiopiu.net\/wordpress\/wp-content\/uploads\/2023\/01\/dfa88087-a1e1-4eef-a2e1-3cdeca48652b.jpg'><img loading=\"lazy\" decoding=\"async\" width=\"150\" height=\"150\" src=\"https:\/\/www.radiopiu.net\/wordpress\/wp-content\/uploads\/2023\/01\/dfa88087-a1e1-4eef-a2e1-3cdeca48652b-150x150.jpg\" class=\"attachment-thumbnail size-thumbnail\" alt=\"\" \/><\/a>\n\t\t\t\t<\/dt><\/dl><br style=\"clear: both\" \/>\n\t\t\t<\/div>\n\n<p>&nbsp;<\/p>\n<p><iframe loading=\"lazy\" title=\"LA BEFANA DI VOLTAGO\" width=\"1200\" height=\"675\" src=\"https:\/\/www.youtube.com\/embed\/IDT3mIFaNvA?feature=oembed\" frameborder=\"0\" allow=\"accelerometer; autoplay; clipboard-write; encrypted-media; gyroscope; picture-in-picture; web-share\" allowfullscreen><\/iframe><\/p>\n<p>&nbsp;<\/p>\n<p>&nbsp;<\/p>\n<hr \/>\n<p>&nbsp;<\/p>\n<div class=\"column\">\n<blockquote>\n<blockquote>\n<h3>TI MANCA L&#8217;INVERNO? CI PENSANO LE ATTIVITA&#8217; ECONOMICHE DI FALCADE E CAVIOLA<\/h3>\n<\/blockquote>\n<blockquote>\n<h3><a class=\"dt-pswp-item\" href=\"https:\/\/www.radiopiu.net\/wordpress\/wp-content\/uploads\/2022\/12\/Senza-nome-100.jpg\" data-dt-img-description=\"\" data-large_image_width=\"742\" data-large_image_height=\"356\"><img loading=\"lazy\" decoding=\"async\" class=\"size-medium wp-image-312733 alignleft\" src=\"https:\/\/www.radiopiu.net\/wordpress\/wp-content\/uploads\/2022\/12\/Senza-nome-100-300x144.jpg\" alt=\"\" width=\"300\" height=\"144\" srcset=\"https:\/\/www.radiopiu.net\/wordpress\/wp-content\/uploads\/2022\/12\/Senza-nome-100-300x144.jpg 300w, https:\/\/www.radiopiu.net\/wordpress\/wp-content\/uploads\/2022\/12\/Senza-nome-100.jpg 742w\" sizes=\"auto, (max-width: 300px) 100vw, 300px\" \/><\/a>MERCATINI DI NATALE A FALCADE, IN PIAZZA DEL MUNICIPIO: DAL 24 DICEMBRE ALL&#8217;8 GENNAIO DALLE 16 ALLE 19.<\/h3>\n<\/blockquote>\n<p>7 GENNAIO DALLE 18 IL GRUPPO FOLK BATI ORZ DI SAN TOMASO.<\/p>\n<blockquote>\n<h2>CHE INVERNO&#8230; A FALCADE E CAVIOLA<\/h2>\n<\/blockquote>\n<\/blockquote>\n<p>&nbsp;<\/p>\n<p>&nbsp;<\/p>\n<hr \/>\n<p>&nbsp;<\/p>\n<div class=\"column\">\n<h1><span style=\"color: #ff00ff;\">AGORDINO IN FERMENTO&#8230;AGORDINO IN MOVIMENTO 1<\/span><\/h1>\n<div class=\"column\">\n<p style=\"text-align: left;\"><strong><a class=\"dt-pswp-item\" href=\"https:\/\/www.radiopiu.net\/wordpress\/wp-content\/uploads\/2023\/01\/CASPARETHA_page-0001.jpg\" data-dt-img-description=\"\" data-large_image_width=\"886\" data-large_image_height=\"632\"><img loading=\"lazy\" decoding=\"async\" class=\" wp-image-315112 alignleft\" src=\"https:\/\/www.radiopiu.net\/wordpress\/wp-content\/uploads\/2023\/01\/CASPARETHA_page-0001-300x214.jpg\" alt=\"\" width=\"243\" height=\"173\" srcset=\"https:\/\/www.radiopiu.net\/wordpress\/wp-content\/uploads\/2023\/01\/CASPARETHA_page-0001-300x214.jpg 300w, https:\/\/www.radiopiu.net\/wordpress\/wp-content\/uploads\/2023\/01\/CASPARETHA_page-0001-768x548.jpg 768w, https:\/\/www.radiopiu.net\/wordpress\/wp-content\/uploads\/2023\/01\/CASPARETHA_page-0001.jpg 886w\" sizes=\"auto, (max-width: 243px) 100vw, 243px\" \/><\/a>CANALE D&#8217;AGORDO<\/strong> Sabato 4 febbraio \u00e8 in programma la Casparetha 2023, camminata competitiva e non in notturna con racchette da neve su tracciato di circa 5 km. La partenza avverr\u00e0 alle ore 19.00 da Piazza Papa Luciani a Canale d&#8217;Agordo, si proseguir\u00e0 poi nel bosco in direzione della Valle di Gares per far ritorno poi di nuovo in Piazza. Dalle ore 17.30 \u00e8 previsto il &#8220;Casperitivo&#8221;, con la partecipazione dei locali della piazza e del comitato organizzatore. Alle ore 21.30 spettacolo pirotecnico. Da quest&#8217;anno la partecipazione \u00e8 riservata ai soli ciaspolatori. Possibilit\u00e0 di noleggio ciaspe all&#8217;atto dell&#8217;iscrizione. Le <u>iscrizioni online<\/u> sul sito <a tabindex=\"-1\" href=\"http:\/\/www.casparetha.it\/\" target=\"_blank\" rel=\"external noopener\">http:\/\/www.casparetha.it\/<\/a>\u00a0apriranno <u>gioved\u00ec 15 gennaio<\/u>, mentre chi vorr\u00e0 iscriversi in loco potr\u00e0 recarsi presso l&#8217;ufficio pro loco al Museo Albino Luciani, aperto appositamente marted\u00ec 31 gennaio, mercoled\u00ec 01 e gioved\u00ec 02 febbraio dalle ore 17.00 alle ore 19.00.<\/p>\n<p>&nbsp;<\/p>\n<p><strong>di Gianni Santomaso<\/strong><\/p>\n<audio class=\"wp-audio-shortcode\" id=\"audio-315097-16\" preload=\"none\" style=\"width: 100%;\" controls=\"controls\"><source type=\"audio\/mpeg\" src=\"https:\/\/www.radiopiu.net\/wordpress\/wp-content\/uploads\/2023\/01\/GIANNI-CASPARETHA.mp3?_=16\" \/><a href=\"https:\/\/www.radiopiu.net\/wordpress\/wp-content\/uploads\/2023\/01\/GIANNI-CASPARETHA.mp3\">https:\/\/www.radiopiu.net\/wordpress\/wp-content\/uploads\/2023\/01\/GIANNI-CASPARETHA.mp3<\/a><\/audio>\n<p>&nbsp;<\/p>\n<p><a class=\"dt-pswp-item\" href=\"https:\/\/www.radiopiu.net\/wordpress\/wp-content\/uploads\/2023\/01\/317791157_547689460704537_5429466932836782240_n.jpg\" data-dt-img-description=\"\" data-large_image_width=\"720\" data-large_image_height=\"522\"><img loading=\"lazy\" decoding=\"async\" class=\"aligncenter wp-image-314948 size-full\" src=\"https:\/\/www.radiopiu.net\/wordpress\/wp-content\/uploads\/2023\/01\/317791157_547689460704537_5429466932836782240_n.jpg\" alt=\"\" width=\"720\" height=\"522\" srcset=\"https:\/\/www.radiopiu.net\/wordpress\/wp-content\/uploads\/2023\/01\/317791157_547689460704537_5429466932836782240_n.jpg 720w, https:\/\/www.radiopiu.net\/wordpress\/wp-content\/uploads\/2023\/01\/317791157_547689460704537_5429466932836782240_n-300x218.jpg 300w\" sizes=\"auto, (max-width: 720px) 100vw, 720px\" \/><\/a><\/p>\n<p>&nbsp;<\/p>\n<p>&nbsp;<\/p>\n<p>&nbsp;<\/p>\n<hr \/>\n<p>&nbsp;<\/p>\n<h1><span style=\"color: #ff00ff;\">AGORDINO IN FERMENTO&#8230;AGORDINO IN MOVIMENTO 2<\/span><\/h1>\n<blockquote><p><span style=\"color: #ff0000;\"><strong>A CARNEVALE&#8230; EL CARNEVAL DE LE VAI&#8230;DA SELVA DI CADORE A CANALE D&#8217;AGORDO, DA RIVAMONTE A LASTE E SOTTOGUDA. TRADIZIONE, CULTURLA E SPETTACOLO A BREVE L&#8217;INCONTRO ALLA RADIO CON GLI ORGANIZZATORI<\/strong><\/span><\/p><\/blockquote>\n<p><a class=\"dt-pswp-item\" href=\"https:\/\/www.radiopiu.net\/wordpress\/wp-content\/uploads\/2023\/01\/f357cc9c-828e-4d9b-9ff4-ec3efed24d74.jpg\" data-dt-img-description=\"\" data-large_image_width=\"724\" data-large_image_height=\"1024\"><img loading=\"lazy\" decoding=\"async\" class=\"alignnone wp-image-315069 size-full\" src=\"https:\/\/www.radiopiu.net\/wordpress\/wp-content\/uploads\/2023\/01\/f357cc9c-828e-4d9b-9ff4-ec3efed24d74.jpg\" alt=\"\" width=\"724\" height=\"1024\" srcset=\"https:\/\/www.radiopiu.net\/wordpress\/wp-content\/uploads\/2023\/01\/f357cc9c-828e-4d9b-9ff4-ec3efed24d74.jpg 724w, https:\/\/www.radiopiu.net\/wordpress\/wp-content\/uploads\/2023\/01\/f357cc9c-828e-4d9b-9ff4-ec3efed24d74-212x300.jpg 212w\" sizes=\"auto, (max-width: 724px) 100vw, 724px\" \/><\/a><\/p>\n<p>&nbsp;<\/p>\n<p>&nbsp;<\/p>\n<p>&nbsp;<\/p>\n<hr \/>\n<p>&nbsp;<\/p>\n<\/div>\n<\/div>\n<div class=\"column\">\n<div class=\"column\">\n<h1><span style=\"color: #ff00ff;\">AGORDINO IN FERMENTO&#8230;AGORDINO IN MOVIMENTO 3<\/span><\/h1>\n<blockquote class=\"wp-embedded-content\" data-secret=\"QlHsIyaKEg\"><p><a href=\"https:\/\/www.radiopiu.net\/wordpress\/album-dei-ricordi-della-sagra\/\">ALBUM DEI RICORDI DELLA SAGRA DE PASCA, PRIMAVERA A TAIBON<\/a><\/p><\/blockquote>\n<p><iframe loading=\"lazy\" class=\"wp-embedded-content\" sandbox=\"allow-scripts\" security=\"restricted\" style=\"position: absolute; clip: rect(1px, 1px, 1px, 1px);\" title=\"&#8220;ALBUM DEI RICORDI DELLA SAGRA DE PASCA, PRIMAVERA A TAIBON&#8221; &#8212; Radio Pi\u00f9\" src=\"https:\/\/www.radiopiu.net\/wordpress\/album-dei-ricordi-della-sagra\/embed\/#?secret=KeBOnxNfQo#?secret=QlHsIyaKEg\" data-secret=\"QlHsIyaKEg\" width=\"600\" height=\"338\" frameborder=\"0\" marginwidth=\"0\" marginheight=\"0\" scrolling=\"no\"><\/iframe><\/p>\n<p>&nbsp;<\/p>\n<p>&nbsp;<\/p>\n<hr \/>\n<p>&nbsp;<\/p>\n<blockquote>\n<h3>INCONTRO PER BAMBINI CON LA PRO LOCO MONTI DEL SOLE<\/h3>\n<\/blockquote>\n<p><strong>SOSPIROLO<\/strong> Domani al Centro civico di Sospirolo alle 17.00 \u201cStorie di gatti, rane e di persone strane\u201d. Incontro con l\u2019autore Giovanni Trimeri con la partecipazione di GianAntonio Cecchin a chiusura della mostra delle tavole del libro \u201cLa favolosa storia della rana del lago di Vedana\u201d<\/p>\n<p>&nbsp;<\/p>\n<p>&nbsp;<\/p>\n<hr \/>\n<p>&nbsp;<\/p>\n<blockquote>\n<h3>I FRATELLI FADIGA&#8217; HANNO SALUTATO LA CLIENTELA DEL DISTRIBUTORE AGIP PONTE ROVA, ORA LA MERITATA PENSIONE<\/h3>\n<\/blockquote>\n<p>https:\/\/www.facebook.com\/radiopiu\/videos\/5678555992240490<\/p>\n<p>&nbsp;<\/p>\n<hr \/>\n<p>&nbsp;<\/p>\n<div>\n<div class=\"b654a4as d2edcug0\">\n<div class=\"rq0escxv hkbzh7o3 jwdofwj8 n8tt0mok r8blr3vg hyh9befq\">\n<p><a class=\"dt-pswp-item\" href=\"https:\/\/www.radiopiu.net\/wordpress\/wp-content\/uploads\/2020\/10\/pp.jpg\" data-dt-img-description=\"\" data-large_image_width=\"640\" data-large_image_height=\"640\"><img loading=\"lazy\" decoding=\"async\" class=\"wp-image-163678 alignleft\" src=\"https:\/\/www.radiopiu.net\/wordpress\/wp-content\/uploads\/2020\/10\/pp-300x300.jpg\" alt=\"\" width=\"106\" height=\"106\" srcset=\"https:\/\/www.radiopiu.net\/wordpress\/wp-content\/uploads\/2020\/10\/pp-300x300.jpg 300w, https:\/\/www.radiopiu.net\/wordpress\/wp-content\/uploads\/2020\/10\/pp-150x150.jpg 150w, https:\/\/www.radiopiu.net\/wordpress\/wp-content\/uploads\/2020\/10\/pp-125x125.jpg 125w, https:\/\/www.radiopiu.net\/wordpress\/wp-content\/uploads\/2020\/10\/pp-200x200.jpg 200w, https:\/\/www.radiopiu.net\/wordpress\/wp-content\/uploads\/2020\/10\/pp-80x80.jpg 80w, https:\/\/www.radiopiu.net\/wordpress\/wp-content\/uploads\/2020\/10\/pp-480x480.jpg 480w, https:\/\/www.radiopiu.net\/wordpress\/wp-content\/uploads\/2020\/10\/pp.jpg 640w\" sizes=\"auto, (max-width: 106px) 100vw, 106px\" \/><\/a><\/p>\n<\/div>\n<\/div>\n<\/div>\n<div>\n<div class=\"page-title-head hgroup\">\n<div class=\"page-title-head hgroup\">\n<div class=\"b654a4as d2edcug0\">\n<div class=\"j83agx80 btwxx1t3 lhclo0ds hop8lmos nkwizq5d scwd0bx6 roh60bw9\">\n<div class=\"rq0escxv hkbzh7o3 jwdofwj8 n8tt0mok r8blr3vg hyh9befq\">\n<div class=\"do00u71z l9j0dhe7 k4urcfbm\" style=\"text-align: left;\">\n<h2><span style=\"color: #000080;\">DON CESARE, IL PENSIERO DEL GIORNO. ALLA RADIO ALLE 7 DEL MATTINO E ALLE 19.30 DELLA SERA<\/span><\/h2>\n<audio class=\"wp-audio-shortcode\" id=\"audio-315097-17\" preload=\"none\" style=\"width: 100%;\" controls=\"controls\"><source type=\"audio\/mpeg\" src=\"https:\/\/www.radiopiu.net\/wordpress\/wp-content\/uploads\/2023\/01\/CESARE-3.mp3?_=17\" \/><a href=\"https:\/\/www.radiopiu.net\/wordpress\/wp-content\/uploads\/2023\/01\/CESARE-3.mp3\">https:\/\/www.radiopiu.net\/wordpress\/wp-content\/uploads\/2023\/01\/CESARE-3.mp3<\/a><\/audio>\n<\/div>\n<\/div>\n<\/div>\n<\/div>\n<\/div>\n<\/div>\n<\/div>\n<p>&nbsp;<\/p>\n<hr \/>\n<p>&nbsp;<\/p>\n<h2><span style=\"color: #ff00ff;\">IN VIVO VERSO\u00a0<\/span><\/h2>\n<div dir=\"auto\">\n<div dir=\"auto\">\n<div dir=\"auto\"><a class=\"dt-pswp-item\" href=\"https:\/\/www.radiopiu.net\/wordpress\/wp-content\/uploads\/2023\/01\/97501991_4037516052955640_6275118498456797184_n.jpg\" data-dt-img-description=\"\" data-large_image_width=\"1382\" data-large_image_height=\"1388\"><img loading=\"lazy\" decoding=\"async\" class=\"wp-image-314548 alignleft\" src=\"https:\/\/www.radiopiu.net\/wordpress\/wp-content\/uploads\/2023\/01\/97501991_4037516052955640_6275118498456797184_n-300x300.jpg\" alt=\"\" width=\"169\" height=\"169\" srcset=\"https:\/\/www.radiopiu.net\/wordpress\/wp-content\/uploads\/2023\/01\/97501991_4037516052955640_6275118498456797184_n-300x300.jpg 300w, https:\/\/www.radiopiu.net\/wordpress\/wp-content\/uploads\/2023\/01\/97501991_4037516052955640_6275118498456797184_n-1020x1024.jpg 1020w, https:\/\/www.radiopiu.net\/wordpress\/wp-content\/uploads\/2023\/01\/97501991_4037516052955640_6275118498456797184_n-150x150.jpg 150w, https:\/\/www.radiopiu.net\/wordpress\/wp-content\/uploads\/2023\/01\/97501991_4037516052955640_6275118498456797184_n-768x771.jpg 768w, https:\/\/www.radiopiu.net\/wordpress\/wp-content\/uploads\/2023\/01\/97501991_4037516052955640_6275118498456797184_n.jpg 1382w\" sizes=\"auto, (max-width: 169px) 100vw, 169px\" \/><\/a>Buon inizio , e che l\u2019Amore condisca tutti i vostri gesti dentro a questo nuovo anno!<span class=\"x3nfvp2 x1j61x8r x1fcty0u xdj266r xhhsvwb xat24cr xgzva0m xxymvpz xlup9mm x1kky2od\"><img loading=\"lazy\" decoding=\"async\" src=\"https:\/\/static.xx.fbcdn.net\/images\/emoji.php\/v9\/t6c\/1\/16\/2764.png\" alt=\"&#x2764;&#xfe0f;\" width=\"16\" height=\"16\" \/><\/span><\/div>\n<div dir=\"auto\">Ho fatto un po\u2019 di vacanza, e quindi da oggi vi ripropongo delle bellissime poesie di <a class=\"x1i10hfl xjbqb8w x6umtig x1b1mbwd xaqea5y xav7gou x9f619 x1ypdohk xt0psk2 xe8uvvx xdj266r x11i5rnm xat24cr x1mh8g0r xexx8yu x4uap5 x18d9i69 xkhd6sd x16tdsg8 x1hl2dhg xggy1nq x1a2a7pz xt0b8zv x1qq9wsj xo1l8bm\" tabindex=\"0\" role=\"link\" href=\"https:\/\/www.facebook.com\/groups\/1534369250161530\/user\/100003107648807\/?__cft__[0]=AZUUiqBY2gj3Kmj-93dViMOAuusV4VGcpxEDBCOuKBvXvPYRBaQJA1ozFrAeahL8ftdYSIWtspLpX-f2OG9zETwdtcyidjBMJbvx3Z-VUEW-iZxcPIGjT1Py_VSFYs6S_l_CPYL6JfOOeZcfbNcGMRq1rjaw3OEC7BWK9mcK_abCAobSGvdpFRwXriovCp6JccA&amp;__tn__=-]K-R\"><span class=\"xt0psk2\">Mirta De Riz<\/span><\/a>, Maurizio Zanon, Rosalina Pianezze, <a class=\"x1i10hfl xjbqb8w x6umtig x1b1mbwd xaqea5y xav7gou x9f619 x1ypdohk xt0psk2 xe8uvvx xdj266r x11i5rnm xat24cr x1mh8g0r xexx8yu x4uap5 x18d9i69 xkhd6sd x16tdsg8 x1hl2dhg xggy1nq x1a2a7pz xt0b8zv x1qq9wsj xo1l8bm\" tabindex=\"0\" role=\"link\" href=\"https:\/\/www.facebook.com\/groups\/1534369250161530\/user\/100007760341881\/?__cft__[0]=AZUUiqBY2gj3Kmj-93dViMOAuusV4VGcpxEDBCOuKBvXvPYRBaQJA1ozFrAeahL8ftdYSIWtspLpX-f2OG9zETwdtcyidjBMJbvx3Z-VUEW-iZxcPIGjT1Py_VSFYs6S_l_CPYL6JfOOeZcfbNcGMRq1rjaw3OEC7BWK9mcK_abCAobSGvdpFRwXriovCp6JccA&amp;__tn__=-]K-R\"><span class=\"xt0psk2\">Emma Franceschini<\/span><\/a> e il grande Italo Rualta che legger\u00e0 l\u2019Infinito di Leopardi in dialetto !<\/div>\n<div dir=\"auto\">Buon riascolto e .. un bacio a tutti!<\/div>\n<div dir=\"auto\"><\/div>\n<div dir=\"auto\"><em><strong>Brunella\u00a0\u00a0<\/strong><\/em><\/div>\n<div dir=\"auto\"><\/div>\n<div dir=\"auto\"><\/div>\n<div dir=\"auto\">\n\n\t\t\t<style type='text\/css'>\n\t\t\t\t#gallery-19 {\n\t\t\t\t\tmargin: auto;\n\t\t\t\t}\n\t\t\t\t#gallery-19 .gallery-item {\n\t\t\t\t\tfloat: left;\n\t\t\t\t\tmargin-top: 10px;\n\t\t\t\t\ttext-align: center;\n\t\t\t\t\twidth: 20%;\n\t\t\t\t}\n\t\t\t\t#gallery-19 img {\n\t\t\t\t\tborder: 2px solid #cfcfcf;\n\t\t\t\t}\n\t\t\t\t#gallery-19 .gallery-caption {\n\t\t\t\t\tmargin-left: 0;\n\t\t\t\t}\n\t\t\t\t\/* see gallery_shortcode() in wp-includes\/media.php *\/\n\t\t\t<\/style>\n\t\t<div id='gallery-19' class='dt-gallery-container gallery galleryid-315097 gallery-columns-5 gallery-size-thumbnail'><dl class='gallery-item'>\n\t\t\t\t<dt class='gallery-icon portrait'>\n\t\t\t\t\t<a class=\"rollover rollover-zoom dt-pswp-item\" title=\"foto myrta de riz\" data-dt-img-description=\"\" data-large_image_width=\"508\" data-large_image_height=\"509\"href='https:\/\/www.radiopiu.net\/wordpress\/wp-content\/uploads\/2020\/01\/foto-myrta-de-riz.jpg'><img loading=\"lazy\" decoding=\"async\" width=\"150\" height=\"150\" src=\"https:\/\/www.radiopiu.net\/wordpress\/wp-content\/uploads\/2020\/01\/foto-myrta-de-riz-150x150.jpg\" class=\"attachment-thumbnail size-thumbnail\" alt=\"\" srcset=\"https:\/\/www.radiopiu.net\/wordpress\/wp-content\/uploads\/2020\/01\/foto-myrta-de-riz-150x150.jpg 150w, https:\/\/www.radiopiu.net\/wordpress\/wp-content\/uploads\/2020\/01\/foto-myrta-de-riz-300x300.jpg 300w, https:\/\/www.radiopiu.net\/wordpress\/wp-content\/uploads\/2020\/01\/foto-myrta-de-riz.jpg 508w\" sizes=\"auto, (max-width: 150px) 100vw, 150px\" \/><\/a>\n\t\t\t\t<\/dt><\/dl><dl class='gallery-item'>\n\t\t\t\t<dt class='gallery-icon portrait'>\n\t\t\t\t\t<a class=\"rollover rollover-zoom dt-pswp-item\" title=\"3 MAURIZIO ZANON FOTO\" data-dt-img-description=\"\" data-large_image_width=\"468\" data-large_image_height=\"719\"href='https:\/\/www.radiopiu.net\/wordpress\/wp-content\/uploads\/2021\/11\/3-MAURIZIO-ZANON-FOTO.jpg'><img loading=\"lazy\" decoding=\"async\" width=\"150\" height=\"150\" src=\"https:\/\/www.radiopiu.net\/wordpress\/wp-content\/uploads\/2021\/11\/3-MAURIZIO-ZANON-FOTO-150x150.jpg\" class=\"attachment-thumbnail size-thumbnail\" alt=\"\" \/><\/a>\n\t\t\t\t<\/dt><\/dl><dl class='gallery-item'>\n\t\t\t\t<dt class='gallery-icon landscape'>\n\t\t\t\t\t<a class=\"rollover rollover-zoom dt-pswp-item\" title=\"-ROSALINA-PIANEZZE. foto\" data-dt-img-description=\"\" data-large_image_width=\"917\" data-large_image_height=\"897\"href='https:\/\/www.radiopiu.net\/wordpress\/wp-content\/uploads\/2020\/12\/ROSALINA-PIANEZZE.-foto-e1608204689746.jpg'><img loading=\"lazy\" decoding=\"async\" width=\"150\" height=\"150\" src=\"https:\/\/www.radiopiu.net\/wordpress\/wp-content\/uploads\/2020\/12\/ROSALINA-PIANEZZE.-foto-e1608204689746-150x150.jpg\" class=\"attachment-thumbnail size-thumbnail\" alt=\"\" \/><\/a>\n\t\t\t\t<\/dt><\/dl><dl class='gallery-item'>\n\t\t\t\t<dt class='gallery-icon portrait'>\n\t\t\t\t\t<a class=\"rollover rollover-zoom dt-pswp-item\" title=\"EMY\" data-dt-img-description=\"\" data-large_image_width=\"315\" data-large_image_height=\"326\"href='https:\/\/www.radiopiu.net\/wordpress\/wp-content\/uploads\/2022\/03\/EMY.jpg'><img loading=\"lazy\" decoding=\"async\" width=\"150\" height=\"150\" src=\"https:\/\/www.radiopiu.net\/wordpress\/wp-content\/uploads\/2022\/03\/EMY-150x150.jpg\" class=\"attachment-thumbnail size-thumbnail\" alt=\"\" \/><\/a>\n\t\t\t\t<\/dt><\/dl><dl class='gallery-item'>\n\t\t\t\t<dt class='gallery-icon landscape'>\n\t\t\t\t\t<a class=\"rollover rollover-zoom dt-pswp-item\" title=\"ITALO RUALTA FOTO\" data-dt-img-description=\"\" data-large_image_width=\"1280\" data-large_image_height=\"853\"href='https:\/\/www.radiopiu.net\/wordpress\/wp-content\/uploads\/2021\/02\/ITALO-RUALTA-FOTO.jpg'><img loading=\"lazy\" decoding=\"async\" width=\"150\" height=\"150\" src=\"https:\/\/www.radiopiu.net\/wordpress\/wp-content\/uploads\/2021\/02\/ITALO-RUALTA-FOTO-150x150.jpg\" class=\"attachment-thumbnail size-thumbnail\" alt=\"\" \/><\/a>\n\t\t\t\t<\/dt><\/dl><br style=\"clear: both\" \/>\n\t\t\t<\/div>\n\n<\/div>\n<div dir=\"auto\"><\/div>\n<div dir=\"auto\">\n<p><span style=\"color: #ff0000;\">LUNEDI 02 GENNAIO &#8220;Ho dimenticato&#8221; di Myrta De Riz<\/span><\/p>\n<audio class=\"wp-audio-shortcode\" id=\"audio-315097-18\" preload=\"none\" style=\"width: 100%;\" controls=\"controls\"><source type=\"audio\/mpeg\" src=\"https:\/\/www.radiopiu.net\/wordpress\/wp-content\/uploads\/2023\/01\/VIVO-VERSO-LUN.mp3?_=18\" \/><a href=\"https:\/\/www.radiopiu.net\/wordpress\/wp-content\/uploads\/2023\/01\/VIVO-VERSO-LUN.mp3\">https:\/\/www.radiopiu.net\/wordpress\/wp-content\/uploads\/2023\/01\/VIVO-VERSO-LUN.mp3<\/a><\/audio>\n<p><span style=\"color: #ff0000;\">MARTEDI 03 GENNAIO &#8220;Tutto fu bello qui&#8221; di Maurizio Zanon<\/span><\/p>\n<audio class=\"wp-audio-shortcode\" id=\"audio-315097-19\" preload=\"none\" style=\"width: 100%;\" controls=\"controls\"><source type=\"audio\/mpeg\" src=\"https:\/\/www.radiopiu.net\/wordpress\/wp-content\/uploads\/2023\/01\/VIVO-VERSO-MAR.mp3?_=19\" \/><a href=\"https:\/\/www.radiopiu.net\/wordpress\/wp-content\/uploads\/2023\/01\/VIVO-VERSO-MAR.mp3\">https:\/\/www.radiopiu.net\/wordpress\/wp-content\/uploads\/2023\/01\/VIVO-VERSO-MAR.mp3<\/a><\/audio>\n<p><span style=\"color: #ff0000;\">MERCOLEDI 04 GENNAIO &#8220;NEL SOGNO&#8221;\u00a0 di Rosalina Pianezze<\/span><\/p>\n<audio class=\"wp-audio-shortcode\" id=\"audio-315097-20\" preload=\"none\" style=\"width: 100%;\" controls=\"controls\"><source type=\"audio\/mpeg\" src=\"https:\/\/www.radiopiu.net\/wordpress\/wp-content\/uploads\/2023\/01\/VIVO-VERSO-MER.mp3?_=20\" \/><a href=\"https:\/\/www.radiopiu.net\/wordpress\/wp-content\/uploads\/2023\/01\/VIVO-VERSO-MER.mp3\">https:\/\/www.radiopiu.net\/wordpress\/wp-content\/uploads\/2023\/01\/VIVO-VERSO-MER.mp3<\/a><\/audio>\n<p><span style=\"color: #ff0000;\">GIOVEDI 05 GENNAIO &#8220;Nel deserto dell&#8217;addio&#8221;\u00a0 di Emy Franceschini<\/span><\/p>\n<audio class=\"wp-audio-shortcode\" id=\"audio-315097-21\" preload=\"none\" style=\"width: 100%;\" controls=\"controls\"><source type=\"audio\/mpeg\" src=\"https:\/\/www.radiopiu.net\/wordpress\/wp-content\/uploads\/2023\/01\/VIVO-VERSO-GIO.mp3?_=21\" \/><a href=\"https:\/\/www.radiopiu.net\/wordpress\/wp-content\/uploads\/2023\/01\/VIVO-VERSO-GIO.mp3\">https:\/\/www.radiopiu.net\/wordpress\/wp-content\/uploads\/2023\/01\/VIVO-VERSO-GIO.mp3<\/a><\/audio>\n<p><span style=\"color: #ff0000;\">VENERDI 06 GENNAIO &#8220;Infinito di Lepardi&#8221;\u00a0 \u00a0 \u00a0di Italo Rualta<\/span><\/p>\n<audio class=\"wp-audio-shortcode\" id=\"audio-315097-22\" preload=\"none\" style=\"width: 100%;\" controls=\"controls\"><source type=\"audio\/mpeg\" src=\"https:\/\/www.radiopiu.net\/wordpress\/wp-content\/uploads\/2023\/01\/VIVO-VERSO-VEN.mp3?_=22\" \/><a href=\"https:\/\/www.radiopiu.net\/wordpress\/wp-content\/uploads\/2023\/01\/VIVO-VERSO-VEN.mp3\">https:\/\/www.radiopiu.net\/wordpress\/wp-content\/uploads\/2023\/01\/VIVO-VERSO-VEN.mp3<\/a><\/audio>\n<p>&nbsp;<\/p>\n<p><strong>LA RACCOLTA COMPLETA<\/strong><\/p>\n<\/div>\n<\/div>\n<\/div>\n<blockquote class=\"wp-embedded-content\" data-secret=\"tcU3eC0xyG\"><p><a href=\"https:\/\/www.radiopiu.net\/wordpress\/in-vivo-verso\/\">In Vivo Verso<\/a><\/p><\/blockquote>\n<p><iframe loading=\"lazy\" class=\"wp-embedded-content\" sandbox=\"allow-scripts\" security=\"restricted\" style=\"position: absolute; clip: rect(1px, 1px, 1px, 1px);\" title=\"&#8220;In Vivo Verso&#8221; &#8212; Radio Pi\u00f9\" src=\"https:\/\/www.radiopiu.net\/wordpress\/in-vivo-verso\/embed\/#?secret=tsW9GGcLv7#?secret=tcU3eC0xyG\" data-secret=\"tcU3eC0xyG\" width=\"600\" height=\"338\" frameborder=\"0\" marginwidth=\"0\" marginheight=\"0\" scrolling=\"no\"><\/iframe><\/p>\n<p>&nbsp;<\/p>\n<hr \/>\n<p>&nbsp;<\/p>\n<p><img loading=\"lazy\" decoding=\"async\" class=\"aligncenter wp-image-61954 size-full\" src=\"https:\/\/www.radiopiu.net\/wordpress\/wp-content\/uploads\/2018\/09\/viabilita.jpeg\" sizes=\"auto, (max-width: 800px) 100vw, 800px\" srcset=\"https:\/\/www.radiopiu.net\/wordpress\/wp-content\/uploads\/2018\/09\/viabilita.jpeg 800w, https:\/\/www.radiopiu.net\/wordpress\/wp-content\/uploads\/2018\/09\/viabilita-300x38.jpeg 300w, https:\/\/www.radiopiu.net\/wordpress\/wp-content\/uploads\/2018\/09\/viabilita-768x96.jpeg 768w\" alt=\"\" width=\"800\" height=\"100\" \/><\/p>\n<p>&nbsp;<\/p>\n<p>&nbsp;<\/p>\n<p><strong>AGGIORNAMENTO VENETO STRADE, AGGIORNAMENTO CONTINUO H 24<\/strong><\/p>\n<blockquote class=\"wp-embedded-content\" data-secret=\"7Tj3pviWh4\"><p><a href=\"https:\/\/www.radiopiu.net\/wordpress\/viabilita\/\">viabilita<\/a><\/p><\/blockquote>\n<p><iframe loading=\"lazy\" class=\"wp-embedded-content\" sandbox=\"allow-scripts\" security=\"restricted\" style=\"position: absolute; clip: rect(1px, 1px, 1px, 1px);\" title=\"&#8220;viabilita&#8221; &#8212; Radio Pi\u00f9\" src=\"https:\/\/www.radiopiu.net\/wordpress\/viabilita\/embed\/#?secret=to8CSKW7LU#?secret=7Tj3pviWh4\" data-secret=\"7Tj3pviWh4\" width=\"600\" height=\"338\" frameborder=\"0\" marginwidth=\"0\" marginheight=\"0\" scrolling=\"no\"><\/iframe><\/p>\n<h2><\/h2>\n<hr \/>\n<p>&nbsp;<\/p>\n<p><a class=\"dt-pswp-item\" href=\"https:\/\/www.radiopiu.net\/wordpress\/wp-content\/uploads\/2018\/09\/WhatsApp-Image-2018-09-20-at-16.04.06.jpeg\" data-dt-img-description=\"\" data-large_image_width=\"800\" data-large_image_height=\"100\"><img loading=\"lazy\" decoding=\"async\" class=\"wp-image-61378 size-full aligncenter\" src=\"https:\/\/www.radiopiu.net\/wordpress\/wp-content\/uploads\/2018\/09\/WhatsApp-Image-2018-09-20-at-16.04.06.jpeg\" alt=\"\" width=\"800\" height=\"100\" srcset=\"https:\/\/www.radiopiu.net\/wordpress\/wp-content\/uploads\/2018\/09\/WhatsApp-Image-2018-09-20-at-16.04.06.jpeg 800w, https:\/\/www.radiopiu.net\/wordpress\/wp-content\/uploads\/2018\/09\/WhatsApp-Image-2018-09-20-at-16.04.06-300x38.jpeg 300w, https:\/\/www.radiopiu.net\/wordpress\/wp-content\/uploads\/2018\/09\/WhatsApp-Image-2018-09-20-at-16.04.06-768x96.jpeg 768w\" sizes=\"auto, (max-width: 800px) 100vw, 800px\" \/><\/a><\/p>\n<p>&nbsp;<\/p>\n<p><center><b>OGGI<\/b><\/center><b>Tempo atteso: <\/b>Da sereno a parzialmente nuvoloso per nubi alte e sottili specie al mattino. Su Prealpi al di sotto dei 900\/1200 m e sui versanti esposti alla Pianura nubi basse persistenti, in estensione nel pomeriggio\/sera fino a nuvoloso e non esclusa un p\u00f2 di pioviggine sparsa su veronese e vicentino.<br \/>\n<b>Precipitazioni: <\/b>Assenti in giornata. Verso sera non esclusa pioviggine sui settori Prealpini interessati da nubi basse (10-20%)<br \/>\n<b>Temperature: <\/b>Temperature sempre ben superiori alla media del periodo, in generale calo dalla sera in quota (minime raggiunte in serata). Forte inversione termica nelle valli.<\/p>\n<hr \/>\n<p><center><b>DOMANI<\/b><\/center><b>Tempo atteso: <\/b>Al primo mattino qualche irregolare schiarita in quota sulle Dolomiti, molto nuvoloso o coperto su Prealpi. Dalle ore centrali molto nuvoloso o coperto ovunque.<br \/>\n<b>Precipitazioni: <\/b>Al mattino possibili deboli\/debolissimi fenomeni sparsi (20-40%) su Prealpi, dal pomeriggio aumento della probabilit\u00e0 di precipitazioni fino ad alta dapprima su Prealpi, pi\u00f9 tardi anche su Dolomiti (100 %), generalmente deboli su Dolomiti, moderate su Prealpi. Limite neve attorno a 1000-1200 m su Dolomiti, 1200-1500 m su Prealpi. Entro la mezzanotte sono attesi mediamente 5-15 mm su Dolomiti, e 10-20 mm su Prealpi localmente fino a 30 mm sui settori occidentali. Altrettanti cm di neve oltre i 1500-1800 m.<br \/>\n<b>Temperature: <\/b>Temperature in generale calo.<\/p>\n<hr \/>\n<p><center><b>LUNEDI<\/b><\/center>Instabile con cielo molto nuvoloso o coperto nella notte e fino al mattino con deboli precipitazioni su Dolomiti, moderate su Prealpi. In giornata variabilit\u00e0 e nel pomeriggio nuovo episodio di instabilit\u00e0 con qualche rovescio in movimento da Dolomiti a Prealpi dove non \u00e8 del tutto escluso un temporale. A seguire miglioramento con schiarite a partire da Dolomiti. Limite neve a 1000-1200 m su Dolomiti, 1300-1600 su Prealpi, in calo in corrispondenza di eventuali rovesci. Sono attesi, seppur ancora con relativa incertezza, mediamente altri 10-20 mm di precipitazione. Temperature in calo in quota con minime raggiunte in serata.<\/p>\n<hr \/>\n<p><center><b>MARTEDI<\/b><\/center>Tempo stabile con cielo poco nuvoloso a tratti parzialmente nuvoloso per nubi medio-alte e qualche addensamento su Dolomiti settentrionali. Temperature stazionarie o in lieve calo, in aumento in alta quota dalla sera. Venti in quota forti da nordovest al mattino, in attenuazione nel pomeriggio\/sera.<\/p>\n<p>&nbsp;<\/p>\n<hr \/>\n<p>&nbsp;<\/p>\n<p><a class=\"dt-pswp-item\" href=\"https:\/\/www.radiopiu.net\/wordpress\/wp-content\/uploads\/2018\/09\/sport.jpg\" data-dt-img-description=\"\" data-large_image_width=\"800\" data-large_image_height=\"100\"><img loading=\"lazy\" decoding=\"async\" class=\"aligncenter wp-image-60761 size-full\" src=\"https:\/\/www.radiopiu.net\/wordpress\/wp-content\/uploads\/2018\/09\/sport.jpg\" alt=\"\" width=\"800\" height=\"100\" srcset=\"https:\/\/www.radiopiu.net\/wordpress\/wp-content\/uploads\/2018\/09\/sport.jpg 800w, https:\/\/www.radiopiu.net\/wordpress\/wp-content\/uploads\/2018\/09\/sport-300x38.jpg 300w, https:\/\/www.radiopiu.net\/wordpress\/wp-content\/uploads\/2018\/09\/sport-768x96.jpg 768w\" sizes=\"auto, (max-width: 800px) 100vw, 800px\" \/><\/a><\/p>\n<p>&nbsp;<\/p>\n<p><span style=\"color: #0000ff;\"><strong>SCI DI FONDO<\/strong><\/span><\/p>\n<blockquote>\n<h3>SI CHIUDE L&#8217;AVVENTURA DI ELIA BARP NEL TOUR DE SKI<\/h3>\n<\/blockquote>\n<p><strong><a class=\"dt-pswp-item\" href=\"https:\/\/www.radiopiu.net\/wordpress\/wp-content\/uploads\/2022\/12\/elia-barp-7.-mondiali-vuokatti-10-km-skating-12.02.2021.jpg\" data-dt-img-description=\"\" data-large_image_width=\"2048\" data-large_image_height=\"1362\"><img loading=\"lazy\" decoding=\"async\" class=\" wp-image-314014 alignleft\" src=\"https:\/\/www.radiopiu.net\/wordpress\/wp-content\/uploads\/2022\/12\/elia-barp-7.-mondiali-vuokatti-10-km-skating-12.02.2021-300x200.jpg\" alt=\"\" width=\"230\" height=\"154\" srcset=\"https:\/\/www.radiopiu.net\/wordpress\/wp-content\/uploads\/2022\/12\/elia-barp-7.-mondiali-vuokatti-10-km-skating-12.02.2021-300x200.jpg 300w, https:\/\/www.radiopiu.net\/wordpress\/wp-content\/uploads\/2022\/12\/elia-barp-7.-mondiali-vuokatti-10-km-skating-12.02.2021-1024x681.jpg 1024w, https:\/\/www.radiopiu.net\/wordpress\/wp-content\/uploads\/2022\/12\/elia-barp-7.-mondiali-vuokatti-10-km-skating-12.02.2021-768x511.jpg 768w, https:\/\/www.radiopiu.net\/wordpress\/wp-content\/uploads\/2022\/12\/elia-barp-7.-mondiali-vuokatti-10-km-skating-12.02.2021-1536x1022.jpg 1536w, https:\/\/www.radiopiu.net\/wordpress\/wp-content\/uploads\/2022\/12\/elia-barp-7.-mondiali-vuokatti-10-km-skating-12.02.2021.jpg 2048w\" sizes=\"auto, (max-width: 230px) 100vw, 230px\" \/><\/a>di Marco Gaz<\/strong><\/p>\n<p><strong>REDAZIONE<\/strong> Dopo le prime quattro tappe del Tour De Ski, il circuito di sci di fondo che si disputa tra Svizzera, Germania ed Italia e valido per la Coppa del Mondo, Elia Barp alza bandiera bianca. Il finanziere non sar\u00e0 al via nelle ultime tre tappe in programma in questi giorni in Val di Fiemme. Era gi\u00e0 stato concordato tutto con i tecnici della nazionale che Barp avrebbe disputato solo la parte iniziale del circuito, anche perch\u00e9 l&#8217;Under 23 italiano era alla sua prima vera avventura in Coppa del Mondo. Elia, dopo le belle prestazioni nelle prime quattro prove, saluta il Tour De Ski portandosi a presso una bella esperienza che \u00e8 un trampolino di lancio per i mesi a venire.<\/p>\n<p>&nbsp;<\/p>\n<hr \/>\n<p>&nbsp;<\/p>\n<p><span style=\"color: #0000ff;\"><strong>HOCKEY SU GHIACCIO<\/strong><\/span><\/p>\n<blockquote>\n<h3 class=\"entry-title\">INIZIA CON IL PIEDE SBAGLIATO IL QUALIFICATION ROUND DELL\u2019ALLEGHE HOCKEY. IL FIEMME RIFILA 8 GOL ALLE CIVETTE<\/h3>\n<\/blockquote>\n<p><strong class=\"photoswipe-wrapper\"><a class=\"dt-pswp-item pspw-wrap-ready\" href=\"https:\/\/www.radiopiu.net\/wordpress\/wp-content\/uploads\/2023\/01\/87fa668b-1410-44e9-82d8-0d3426c3c1a8.jpg\" data-dt-img-description=\"\" data-large_image_width=\"1024\" data-large_image_height=\"777\"><img loading=\"lazy\" decoding=\"async\" class=\" wp-image-315469 alignleft\" src=\"https:\/\/www.radiopiu.net\/wordpress\/wp-content\/uploads\/2023\/01\/87fa668b-1410-44e9-82d8-0d3426c3c1a8-300x228.jpg\" sizes=\"auto, (max-width: 195px) 100vw, 195px\" srcset=\"https:\/\/www.radiopiu.net\/wordpress\/wp-content\/uploads\/2023\/01\/87fa668b-1410-44e9-82d8-0d3426c3c1a8-300x228.jpg 300w, https:\/\/www.radiopiu.net\/wordpress\/wp-content\/uploads\/2023\/01\/87fa668b-1410-44e9-82d8-0d3426c3c1a8-768x583.jpg 768w, https:\/\/www.radiopiu.net\/wordpress\/wp-content\/uploads\/2023\/01\/87fa668b-1410-44e9-82d8-0d3426c3c1a8.jpg 1024w\" alt=\"\" width=\"195\" height=\"148\" \/><\/a>di Marco Gaz<\/strong><\/p>\n<p><strong>FIEMME \u2013 ALLEGHE 8-1<\/strong><\/p>\n<p>PARZIALI: 3-0, 1-1, 4-0<\/p>\n<p>GOL: pt. 1\u201957\u201d Mlynar, 5\u201953\u201d Pallabazzer, 12\u201958\u201d Moucka. st. 8\u201910\u201d Odorizzi, 19\u201935\u201d Przybyla. tt. 4\u201942\u201d Moucka, 7\u201932\u201d Chelodi, 8\u201948\u201d Pisetta, 12\u201946\u201d Moucka<\/p>\n<p>Non inizia nel migliore dei modi il Qualification Round dell\u2019Alleghe Hockey che a Cavalese perde contro un Fiemme cinico e in forma. La squadra di Fontana, dopo un primo tempo da dimenticare, gioca bene nella frazione centrale ma non riesce a recuperare i gol subiti. Una sconfitta che fa male con la strada verso la qualificazione ai playoff che si fa sempre pi\u00f9 in salita per gli agordini. Domenica sera di nuovo in campo con i biancorossi che giocheranno in casa contro il Bressanone. Alleghe che parte grintoso con De Val e Giolai che sfiorano il vantaggio ma al primo contropiede i padroni di casa trovano il gol che sblocca la partita con Mlynar. Le civette ci provano ancora ma ad avere la meglio sono ancora i trentini che trovano la seconda marcatura di serata. A battere De Nardin ci pensa Pallabazzer. I ragazzi di Fontana si comportano bene facendo circolare il disco ma senza trovare delle conclusioni pericolose. Il Fiemme vuole chiudere la sfida il prima possibile e lo si capisce quando trova la terza rete della serata. Nel secondo tempo i biancorossi si avvicinano subito al gol usufruendo di una superiorit\u00e0 numerica. Sembra un altro Alleghe quello rientrato in campo dopo la pausa, capace di creare ma non di segnare. Fiemmesi che si riaccendono mettendo in difficolt\u00e0 gli agordini. Trentini incrementano il vantaggio durante un powerplay a favore con Odorizzi che cala il poker. A fine secondo drittel le civette accorciano le distanze con Przybyla che scappa in contropiede per poi bucare il golie trentino. Terza frazione con le squadre che giocano a viso aperto ma il Fiemme allunga sugli avversari con un gol di Moucka che mette la firma sulla doppietta personale. A chiudere definitivamente la sfida ci pensa Chelodi in doppia superiorit\u00e0 numerica. L\u2019Alleghe spegne definitivamente la luce e i padroni di casa continuano ad infierire. Ultimi gol trentini di Pisetta e Moucka.<\/p>\n<p>&nbsp;<\/p>\n<p>&nbsp;<\/p>\n<hr \/>\n<p>&nbsp;<\/p>\n<p><span style=\"color: #0000ff;\"><strong>PALLAVOLO<\/strong><\/span><\/p>\n<blockquote>\n<h3><a class=\"dt-pswp-item\" href=\"https:\/\/www.radiopiu.net\/wordpress\/wp-content\/uploads\/2023\/01\/La_sfida_di_andata_con_Guastamacchia_in_azione.jpg\" data-dt-img-description=\"\" data-large_image_width=\"1500\" data-large_image_height=\"1000\"><img loading=\"lazy\" decoding=\"async\" class=\"wp-image-315377 alignleft\" src=\"https:\/\/www.radiopiu.net\/wordpress\/wp-content\/uploads\/2023\/01\/La_sfida_di_andata_con_Guastamacchia_in_azione-300x200.jpg\" alt=\"\" width=\"193\" height=\"128\" srcset=\"https:\/\/www.radiopiu.net\/wordpress\/wp-content\/uploads\/2023\/01\/La_sfida_di_andata_con_Guastamacchia_in_azione-300x200.jpg 300w, https:\/\/www.radiopiu.net\/wordpress\/wp-content\/uploads\/2023\/01\/La_sfida_di_andata_con_Guastamacchia_in_azione-1024x683.jpg 1024w, https:\/\/www.radiopiu.net\/wordpress\/wp-content\/uploads\/2023\/01\/La_sfida_di_andata_con_Guastamacchia_in_azione-768x512.jpg 768w, https:\/\/www.radiopiu.net\/wordpress\/wp-content\/uploads\/2023\/01\/La_sfida_di_andata_con_Guastamacchia_in_azione.jpg 1500w\" sizes=\"auto, (max-width: 193px) 100vw, 193px\" \/><\/a>DOMANI PALLAVOLO BELLUNO MASCHILE AFFRONTERA&#8217; I DIAVOLI ROSA<\/h3>\n<\/blockquote>\n<p><strong>BELLUNO <\/strong>Si avvicina la prima trasferta del 2023 per la Pallavolo maschile Belluno: in Brianza, a Brugherio, contro i padroni di casa della Gamma Chimica. Meglio conosciuti come i Diavoli Rosa. L\u2019appuntamento \u00e8 fissato per domani alle 18 e lo staff tecnico dolomitico \u00e8 al lavoro da giorni per preparare al meglio una sfida che mette in palio punti di un certo peso: \u00abAffronteremo una squadra piuttosto giovane &#8211; avverte il vice allenatore, Roberto Malaguti &#8211; e molto alta. Al di l\u00e0 del palleggiatore, sono tutti oltre i 200 centimetri\u00bb.<span class=\"gmail-Apple-converted-space\">\u00a0<\/span><\/p>\n<p>&nbsp;<\/p>\n<blockquote>\n<h3>PIAZZA D&#8217;ONORE PER LA PALLAVOLO FEMMINILE BELLUNO AL TORNEO DI PONTE DELLA PRIULA<\/h3>\n<\/blockquote>\n<p><strong><a class=\"dt-pswp-item\" href=\"https:\/\/www.radiopiu.net\/wordpress\/wp-content\/uploads\/2023\/01\/Fioretti_in_azione.jpg\" data-dt-img-description=\"\" data-large_image_width=\"1280\" data-large_image_height=\"855\"><img loading=\"lazy\" decoding=\"async\" class=\" wp-image-315351 alignleft\" src=\"https:\/\/www.radiopiu.net\/wordpress\/wp-content\/uploads\/2023\/01\/Fioretti_in_azione-300x200.jpg\" alt=\"\" width=\"171\" height=\"114\" srcset=\"https:\/\/www.radiopiu.net\/wordpress\/wp-content\/uploads\/2023\/01\/Fioretti_in_azione-300x200.jpg 300w, https:\/\/www.radiopiu.net\/wordpress\/wp-content\/uploads\/2023\/01\/Fioretti_in_azione-1024x684.jpg 1024w, https:\/\/www.radiopiu.net\/wordpress\/wp-content\/uploads\/2023\/01\/Fioretti_in_azione-768x513.jpg 768w, https:\/\/www.radiopiu.net\/wordpress\/wp-content\/uploads\/2023\/01\/Fioretti_in_azione.jpg 1280w\" sizes=\"auto, (max-width: 171px) 100vw, 171px\" \/><\/a>BELLUNO <\/strong>Nella calza della Befana, la Pallavolo Femminile Belluno trova un buonissimo secondo posto al\u00a0torneo \u201cBe Funny\u201d. Andato in scena a Ponte della Priula, il triangolare \u00e8 stato arricchito dalla presenza di altri due sestetti di serie C: la Polisportiva Annia e il Sosus di Susegana, vincitore della manifestazione.<span class=\"gmail-Apple-converted-space\"> \u00a0<\/span>Nella prima sfida, le bellunesi superano 2-1 (26-24, 25-16, 19-25) l\u2019Annia: una compagine che attualmente occupa il quinto posto nel girone A di C. Alla fine, ben tre ragazze chiudono in doppia cifra: la top scorer Miriana Casagrande, a quota 17 (e con tre muri), Elena Zago (10, in virt\u00f9 di uno scintillante 9 su 12 in attacco: 75 per cento per la centrale) e un\u2019incisiva Fioretti (10). Bene pure Dana D\u2019Isep in cabina di regia.<span class=\"gmail-Apple-converted-space\"> \u00a0<\/span>Contro le padrone di casa del Sosus, invece, le lupe riescono ad aggiudicarsi solo il secondo parziale (25-18) e cedono il primo e il terzo (doppio 25-16) alle trevigiane, che conquistano pure il torneo.<\/p>\n<p>&nbsp;<\/p>\n<hr \/>\n<p>&nbsp;<\/p>\n<p><span style=\"color: #0000ff;\"><strong>SCI ALPINO<\/strong><\/span><\/p>\n<blockquote>\n<h3>INIZIATO IL GRAND PRIX LATTEBUSCHE DI SCI ALPINO<\/h3>\n<\/blockquote>\n<p><strong>BELLUNO <\/strong>Ha preso il via il Grand Prix Lattebusche per le circoscrizioni Belluno Bassa e Rovigo-Treviso-Venezia. In programma, per entrambe le circoscrizioni, la gymkana, la gara con squadre miste, formate da ragazzi e ragazze appartenenti a diversi sci club. La Belluno Alta ha gareggiato ad Alleghe, per l\u2019organizzazione dello Sci club Alleghe, sulla pista Baldi. Oltre duecento i concorrenti. La vittoria \u00e8 andata alla squadra rosa che ha preceduto la squadra azzurra e la squadra bianca.<\/p>\n\n\t\t\t<style type='text\/css'>\n\t\t\t\t#gallery-20 {\n\t\t\t\t\tmargin: auto;\n\t\t\t\t}\n\t\t\t\t#gallery-20 .gallery-item {\n\t\t\t\t\tfloat: left;\n\t\t\t\t\tmargin-top: 10px;\n\t\t\t\t\ttext-align: center;\n\t\t\t\t\twidth: 33%;\n\t\t\t\t}\n\t\t\t\t#gallery-20 img {\n\t\t\t\t\tborder: 2px solid #cfcfcf;\n\t\t\t\t}\n\t\t\t\t#gallery-20 .gallery-caption {\n\t\t\t\t\tmargin-left: 0;\n\t\t\t\t}\n\t\t\t\t\/* see gallery_shortcode() in wp-includes\/media.php *\/\n\t\t\t<\/style>\n\t\t<div id='gallery-20' class='dt-gallery-container gallery galleryid-315097 gallery-columns-3 gallery-size-medium'><dl class='gallery-item'>\n\t\t\t\t<dt class='gallery-icon landscape'>\n\t\t\t\t\t<a class=\"rollover rollover-zoom dt-pswp-item\" title=\"Squadra Rosa 1 classficata\" data-dt-img-description=\"\" data-large_image_width=\"1683\" data-large_image_height=\"1336\"href='https:\/\/www.radiopiu.net\/wordpress\/wp-content\/uploads\/2023\/01\/Squadra-Rosa-1-classficata.jpg'><img loading=\"lazy\" decoding=\"async\" width=\"300\" height=\"238\" src=\"https:\/\/www.radiopiu.net\/wordpress\/wp-content\/uploads\/2023\/01\/Squadra-Rosa-1-classficata-300x238.jpg\" class=\"attachment-medium size-medium\" alt=\"\" aria-describedby=\"gallery-20-315454\" srcset=\"https:\/\/www.radiopiu.net\/wordpress\/wp-content\/uploads\/2023\/01\/Squadra-Rosa-1-classficata-300x238.jpg 300w, https:\/\/www.radiopiu.net\/wordpress\/wp-content\/uploads\/2023\/01\/Squadra-Rosa-1-classficata-1024x813.jpg 1024w, https:\/\/www.radiopiu.net\/wordpress\/wp-content\/uploads\/2023\/01\/Squadra-Rosa-1-classficata-768x610.jpg 768w, https:\/\/www.radiopiu.net\/wordpress\/wp-content\/uploads\/2023\/01\/Squadra-Rosa-1-classficata-1536x1219.jpg 1536w, https:\/\/www.radiopiu.net\/wordpress\/wp-content\/uploads\/2023\/01\/Squadra-Rosa-1-classficata.jpg 1683w\" sizes=\"auto, (max-width: 300px) 100vw, 300px\" \/><\/a>\n\t\t\t\t<\/dt>\n\t\t\t\t\t<dd class='wp-caption-text gallery-caption' id='gallery-20-315454'>\n\t\t\t\t\tSQUADRA ROSA &#8211; 1\u00b0 CLASSIFICATA\n\t\t\t\t\t<\/dd><\/dl><dl class='gallery-item'>\n\t\t\t\t<dt class='gallery-icon landscape'>\n\t\t\t\t\t<a class=\"rollover rollover-zoom dt-pswp-item\" title=\"Squadra Azzurra 2 classificata\" data-dt-img-description=\"\" data-large_image_width=\"2016\" data-large_image_height=\"1512\"href='https:\/\/www.radiopiu.net\/wordpress\/wp-content\/uploads\/2023\/01\/Squadra-Azzurra-2-classificata.jpg'><img loading=\"lazy\" decoding=\"async\" width=\"300\" height=\"225\" src=\"https:\/\/www.radiopiu.net\/wordpress\/wp-content\/uploads\/2023\/01\/Squadra-Azzurra-2-classificata-300x225.jpg\" class=\"attachment-medium size-medium\" alt=\"\" aria-describedby=\"gallery-20-315453\" srcset=\"https:\/\/www.radiopiu.net\/wordpress\/wp-content\/uploads\/2023\/01\/Squadra-Azzurra-2-classificata-300x225.jpg 300w, https:\/\/www.radiopiu.net\/wordpress\/wp-content\/uploads\/2023\/01\/Squadra-Azzurra-2-classificata-1024x768.jpg 1024w, https:\/\/www.radiopiu.net\/wordpress\/wp-content\/uploads\/2023\/01\/Squadra-Azzurra-2-classificata-768x576.jpg 768w, https:\/\/www.radiopiu.net\/wordpress\/wp-content\/uploads\/2023\/01\/Squadra-Azzurra-2-classificata-1536x1152.jpg 1536w, https:\/\/www.radiopiu.net\/wordpress\/wp-content\/uploads\/2023\/01\/Squadra-Azzurra-2-classificata.jpg 2016w\" sizes=\"auto, (max-width: 300px) 100vw, 300px\" \/><\/a>\n\t\t\t\t<\/dt>\n\t\t\t\t\t<dd class='wp-caption-text gallery-caption' id='gallery-20-315453'>\n\t\t\t\t\tSQUADRA AZZURRA &#8211; 2\u00b0 CLASSIFICATA\n\t\t\t\t\t<\/dd><\/dl><dl class='gallery-item'>\n\t\t\t\t<dt class='gallery-icon landscape'>\n\t\t\t\t\t<a class=\"rollover rollover-zoom dt-pswp-item\" title=\"Squadra Bianca 3 classificata\" data-dt-img-description=\"\" data-large_image_width=\"2016\" data-large_image_height=\"1512\"href='https:\/\/www.radiopiu.net\/wordpress\/wp-content\/uploads\/2023\/01\/Squadra-Bianca-3-classificata.jpg'><img loading=\"lazy\" decoding=\"async\" width=\"300\" height=\"225\" src=\"https:\/\/www.radiopiu.net\/wordpress\/wp-content\/uploads\/2023\/01\/Squadra-Bianca-3-classificata-300x225.jpg\" class=\"attachment-medium size-medium\" alt=\"\" aria-describedby=\"gallery-20-315455\" srcset=\"https:\/\/www.radiopiu.net\/wordpress\/wp-content\/uploads\/2023\/01\/Squadra-Bianca-3-classificata-300x225.jpg 300w, https:\/\/www.radiopiu.net\/wordpress\/wp-content\/uploads\/2023\/01\/Squadra-Bianca-3-classificata-1024x768.jpg 1024w, https:\/\/www.radiopiu.net\/wordpress\/wp-content\/uploads\/2023\/01\/Squadra-Bianca-3-classificata-768x576.jpg 768w, https:\/\/www.radiopiu.net\/wordpress\/wp-content\/uploads\/2023\/01\/Squadra-Bianca-3-classificata-1536x1152.jpg 1536w, https:\/\/www.radiopiu.net\/wordpress\/wp-content\/uploads\/2023\/01\/Squadra-Bianca-3-classificata.jpg 2016w\" sizes=\"auto, (max-width: 300px) 100vw, 300px\" \/><\/a>\n\t\t\t\t<\/dt>\n\t\t\t\t\t<dd class='wp-caption-text gallery-caption' id='gallery-20-315455'>\n\t\t\t\t\tSQUADRA BIANCA &#8211; 3\u00b0 CLASSIFICATA\n\t\t\t\t\t<\/dd><\/dl><br style=\"clear: both\" \/>\n\t\t\t<\/div>\n\n<p>&nbsp;<\/p>\n<blockquote>\n<h3>AD ALLEGHE IL PRIMO APPUNTAMENTO DEL GRAND PRIX NET INSURANCE<\/h3>\n<\/blockquote>\n<p><strong>ALLEGHE<\/strong> Ad Alleghe il Centro Agonistico Veneziano ha proposto, sulla pista Azzurra, il primo appuntamento del Grand Prix Net Insurance per la circoscrizione Belluno Bassa e per la circoscrizione Rovigo-Treviso-Venezia. (fonte: fisiveneto.com)<\/p>\n<p><strong>PER CONSULTARE LE CLASSIFICHE <a href=\"https:\/\/www.fisiveneto.com\/2023\/01\/06\/grand-prix-net-insurance-i-risultati-di-alleghe\/\">CLICCA QUI<\/a><\/strong><\/p>\n\n\t\t\t<style type='text\/css'>\n\t\t\t\t#gallery-21 {\n\t\t\t\t\tmargin: auto;\n\t\t\t\t}\n\t\t\t\t#gallery-21 .gallery-item {\n\t\t\t\t\tfloat: left;\n\t\t\t\t\tmargin-top: 10px;\n\t\t\t\t\ttext-align: center;\n\t\t\t\t\twidth: 20%;\n\t\t\t\t}\n\t\t\t\t#gallery-21 img {\n\t\t\t\t\tborder: 2px solid #cfcfcf;\n\t\t\t\t}\n\t\t\t\t#gallery-21 .gallery-caption {\n\t\t\t\t\tmargin-left: 0;\n\t\t\t\t}\n\t\t\t\t\/* see gallery_shortcode() in wp-includes\/media.php *\/\n\t\t\t<\/style>\n\t\t<div id='gallery-21' class='dt-gallery-container gallery galleryid-315097 gallery-columns-5 gallery-size-medium'><dl class='gallery-item'>\n\t\t\t\t<dt class='gallery-icon portrait'>\n\t\t\t\t\t<a class=\"rollover rollover-zoom dt-pswp-item\" title=\"podio-ragazzi-SL-ALLEGHE-net-Insurance-6-gen-2023-BIS-768x1024\" data-dt-img-description=\"\" data-large_image_width=\"768\" data-large_image_height=\"1024\"href='https:\/\/www.radiopiu.net\/wordpress\/wp-content\/uploads\/2023\/01\/podio-ragazzi-SL-ALLEGHE-net-Insurance-6-gen-2023-BIS-768x1024-1.jpg'><img loading=\"lazy\" decoding=\"async\" width=\"225\" height=\"300\" src=\"https:\/\/www.radiopiu.net\/wordpress\/wp-content\/uploads\/2023\/01\/podio-ragazzi-SL-ALLEGHE-net-Insurance-6-gen-2023-BIS-768x1024-1-225x300.jpg\" class=\"attachment-medium size-medium\" alt=\"\" srcset=\"https:\/\/www.radiopiu.net\/wordpress\/wp-content\/uploads\/2023\/01\/podio-ragazzi-SL-ALLEGHE-net-Insurance-6-gen-2023-BIS-768x1024-1-225x300.jpg 225w, https:\/\/www.radiopiu.net\/wordpress\/wp-content\/uploads\/2023\/01\/podio-ragazzi-SL-ALLEGHE-net-Insurance-6-gen-2023-BIS-768x1024-1.jpg 768w\" sizes=\"auto, (max-width: 225px) 100vw, 225px\" \/><\/a>\n\t\t\t\t<\/dt><\/dl><dl class='gallery-item'>\n\t\t\t\t<dt class='gallery-icon landscape'>\n\t\t\t\t\t<a class=\"rollover rollover-zoom dt-pswp-item\" title=\"podio-allieve-SL-ALLEGHE-net-Insurance-6-gen-2023-BIS-1024x768\" data-dt-img-description=\"\" data-large_image_width=\"1024\" data-large_image_height=\"768\"href='https:\/\/www.radiopiu.net\/wordpress\/wp-content\/uploads\/2023\/01\/podio-allieve-SL-ALLEGHE-net-Insurance-6-gen-2023-BIS-1024x768-1.jpg'><img loading=\"lazy\" decoding=\"async\" width=\"300\" height=\"225\" src=\"https:\/\/www.radiopiu.net\/wordpress\/wp-content\/uploads\/2023\/01\/podio-allieve-SL-ALLEGHE-net-Insurance-6-gen-2023-BIS-1024x768-1-300x225.jpg\" class=\"attachment-medium size-medium\" alt=\"\" srcset=\"https:\/\/www.radiopiu.net\/wordpress\/wp-content\/uploads\/2023\/01\/podio-allieve-SL-ALLEGHE-net-Insurance-6-gen-2023-BIS-1024x768-1-300x225.jpg 300w, https:\/\/www.radiopiu.net\/wordpress\/wp-content\/uploads\/2023\/01\/podio-allieve-SL-ALLEGHE-net-Insurance-6-gen-2023-BIS-1024x768-1-768x576.jpg 768w, https:\/\/www.radiopiu.net\/wordpress\/wp-content\/uploads\/2023\/01\/podio-allieve-SL-ALLEGHE-net-Insurance-6-gen-2023-BIS-1024x768-1.jpg 1024w\" sizes=\"auto, (max-width: 300px) 100vw, 300px\" \/><\/a>\n\t\t\t\t<\/dt><\/dl><dl class='gallery-item'>\n\t\t\t\t<dt class='gallery-icon landscape'>\n\t\t\t\t\t<a class=\"rollover rollover-zoom dt-pswp-item\" title=\"podio-allievi-SL-ALLEGHE-net-Insurance-6-gen-2022-1024x768\" data-dt-img-description=\"\" data-large_image_width=\"1024\" data-large_image_height=\"768\"href='https:\/\/www.radiopiu.net\/wordpress\/wp-content\/uploads\/2023\/01\/podio-allievi-SL-ALLEGHE-net-Insurance-6-gen-2022-1024x768-1.jpg'><img loading=\"lazy\" decoding=\"async\" width=\"300\" height=\"225\" src=\"https:\/\/www.radiopiu.net\/wordpress\/wp-content\/uploads\/2023\/01\/podio-allievi-SL-ALLEGHE-net-Insurance-6-gen-2022-1024x768-1-300x225.jpg\" class=\"attachment-medium size-medium\" alt=\"\" srcset=\"https:\/\/www.radiopiu.net\/wordpress\/wp-content\/uploads\/2023\/01\/podio-allievi-SL-ALLEGHE-net-Insurance-6-gen-2022-1024x768-1-300x225.jpg 300w, https:\/\/www.radiopiu.net\/wordpress\/wp-content\/uploads\/2023\/01\/podio-allievi-SL-ALLEGHE-net-Insurance-6-gen-2022-1024x768-1-768x576.jpg 768w, https:\/\/www.radiopiu.net\/wordpress\/wp-content\/uploads\/2023\/01\/podio-allievi-SL-ALLEGHE-net-Insurance-6-gen-2022-1024x768-1.jpg 1024w\" sizes=\"auto, (max-width: 300px) 100vw, 300px\" \/><\/a>\n\t\t\t\t<\/dt><\/dl><dl class='gallery-item'>\n\t\t\t\t<dt class='gallery-icon landscape'>\n\t\t\t\t\t<a class=\"rollover rollover-zoom dt-pswp-item\" title=\"podio-ragazze-SL-ALLEGHE-net-Insurance-6-gen-2022-4-1024x768\" data-dt-img-description=\"\" data-large_image_width=\"1024\" data-large_image_height=\"768\"href='https:\/\/www.radiopiu.net\/wordpress\/wp-content\/uploads\/2023\/01\/podio-ragazze-SL-ALLEGHE-net-Insurance-6-gen-2022-4-1024x768-1.jpg'><img loading=\"lazy\" decoding=\"async\" width=\"300\" height=\"225\" src=\"https:\/\/www.radiopiu.net\/wordpress\/wp-content\/uploads\/2023\/01\/podio-ragazze-SL-ALLEGHE-net-Insurance-6-gen-2022-4-1024x768-1-300x225.jpg\" class=\"attachment-medium size-medium\" alt=\"\" srcset=\"https:\/\/www.radiopiu.net\/wordpress\/wp-content\/uploads\/2023\/01\/podio-ragazze-SL-ALLEGHE-net-Insurance-6-gen-2022-4-1024x768-1-300x225.jpg 300w, https:\/\/www.radiopiu.net\/wordpress\/wp-content\/uploads\/2023\/01\/podio-ragazze-SL-ALLEGHE-net-Insurance-6-gen-2022-4-1024x768-1-768x576.jpg 768w, https:\/\/www.radiopiu.net\/wordpress\/wp-content\/uploads\/2023\/01\/podio-ragazze-SL-ALLEGHE-net-Insurance-6-gen-2022-4-1024x768-1.jpg 1024w\" sizes=\"auto, (max-width: 300px) 100vw, 300px\" \/><\/a>\n\t\t\t\t<\/dt><\/dl><dl class='gallery-item'>\n\t\t\t\t<dt class='gallery-icon landscape'>\n\t\t\t\t\t<a class=\"rollover rollover-zoom dt-pswp-item\" title=\"821ae18d-f52a-479f-b888-65cf7755a367\" data-dt-img-description=\"\" data-large_image_width=\"1600\" data-large_image_height=\"1067\"href='https:\/\/www.radiopiu.net\/wordpress\/wp-content\/uploads\/2023\/01\/821ae18d-f52a-479f-b888-65cf7755a367.jpg'><img loading=\"lazy\" decoding=\"async\" width=\"300\" height=\"200\" src=\"https:\/\/www.radiopiu.net\/wordpress\/wp-content\/uploads\/2023\/01\/821ae18d-f52a-479f-b888-65cf7755a367-300x200.jpg\" class=\"attachment-medium size-medium\" alt=\"\" srcset=\"https:\/\/www.radiopiu.net\/wordpress\/wp-content\/uploads\/2023\/01\/821ae18d-f52a-479f-b888-65cf7755a367-300x200.jpg 300w, https:\/\/www.radiopiu.net\/wordpress\/wp-content\/uploads\/2023\/01\/821ae18d-f52a-479f-b888-65cf7755a367-1024x683.jpg 1024w, https:\/\/www.radiopiu.net\/wordpress\/wp-content\/uploads\/2023\/01\/821ae18d-f52a-479f-b888-65cf7755a367-768x512.jpg 768w, https:\/\/www.radiopiu.net\/wordpress\/wp-content\/uploads\/2023\/01\/821ae18d-f52a-479f-b888-65cf7755a367-1536x1024.jpg 1536w, https:\/\/www.radiopiu.net\/wordpress\/wp-content\/uploads\/2023\/01\/821ae18d-f52a-479f-b888-65cf7755a367.jpg 1600w\" sizes=\"auto, (max-width: 300px) 100vw, 300px\" \/><\/a>\n\t\t\t\t<\/dt><\/dl><br style=\"clear: both\" \/>\n\t\t\t<\/div>\n\n<p>&nbsp;<\/p>\n<p>&nbsp;<\/p>\n<p>&nbsp;<\/p>\n<\/div>\n<\/div>\n<\/div>\n","protected":false},"excerpt":{"rendered":"<p>RADIO PIU INFORMAZIONE il canale su TELEGRAM informazione di prima\u00a0 mano e in tempo reale. iscriviti ed aiutaci a farlo conoscere\u00a0 \u00a0 \u00a0 \u00a0 ISCRIVITI AL NOSTRO CANALE YOUTUBE PER SEGUIRE IN DIRETTA I PRINCIPALI PROGRAMMI DI RADIO PIU&#8217; E LE FUTURE DIRETTE IN ESTERNA. PER ISCRIVERTI CLICCA QUI E PREMI IL TASTO &#8220;Iscriviti&#8221;\u00a0\u00a0 &nbsp;&hellip;<\/p>\n","protected":false},"author":4,"featured_media":315382,"comment_status":"closed","ping_status":"closed","sticky":false,"template":"","format":"standard","meta":{"_monsterinsights_skip_tracking":false,"_monsterinsights_sitenote_active":false,"_monsterinsights_sitenote_note":"","_monsterinsights_sitenote_category":0,"footnotes":""},"categories":[51,86,49],"tags":[],"class_list":["post-315097","post","type-post","status-publish","format-standard","has-post-thumbnail","hentry","category-evidenza-top","category-gr","category-news-18","category-51","category-86","category-49","description-off"],"img_url":"https:\/\/www.radiopiu.net\/wordpress\/wp-content\/uploads\/2023\/01\/585d31e2-b610-48d4-a0de-081228f87461.jpg","_links":{"self":[{"href":"https:\/\/www.radiopiu.net\/wordpress\/wp-json\/wp\/v2\/posts\/315097","targetHints":{"allow":["GET"]}}],"collection":[{"href":"https:\/\/www.radiopiu.net\/wordpress\/wp-json\/wp\/v2\/posts"}],"about":[{"href":"https:\/\/www.radiopiu.net\/wordpress\/wp-json\/wp\/v2\/types\/post"}],"author":[{"embeddable":true,"href":"https:\/\/www.radiopiu.net\/wordpress\/wp-json\/wp\/v2\/users\/4"}],"replies":[{"embeddable":true,"href":"https:\/\/www.radiopiu.net\/wordpress\/wp-json\/wp\/v2\/comments?post=315097"}],"version-history":[{"count":0,"href":"https:\/\/www.radiopiu.net\/wordpress\/wp-json\/wp\/v2\/posts\/315097\/revisions"}],"wp:featuredmedia":[{"embeddable":true,"href":"https:\/\/www.radiopiu.net\/wordpress\/wp-json\/wp\/v2\/media\/315382"}],"wp:attachment":[{"href":"https:\/\/www.radiopiu.net\/wordpress\/wp-json\/wp\/v2\/media?parent=315097"}],"wp:term":[{"taxonomy":"category","embeddable":true,"href":"https:\/\/www.radiopiu.net\/wordpress\/wp-json\/wp\/v2\/categories?post=315097"},{"taxonomy":"post_tag","embeddable":true,"href":"https:\/\/www.radiopiu.net\/wordpress\/wp-json\/wp\/v2\/tags?post=315097"}],"curies":[{"name":"wp","href":"https:\/\/api.w.org\/{rel}","templated":true}]}}