{"id":315107,"date":"2023-01-05T10:21:57","date_gmt":"2023-01-05T09:21:57","guid":{"rendered":"https:\/\/www.radiopiu.net\/wordpress\/?p=315107"},"modified":"2023-01-06T09:08:56","modified_gmt":"2023-01-06T08:08:56","slug":"il-4-febbraio-la-casparetha-a-canale-dagordo","status":"publish","type":"post","link":"https:\/\/www.radiopiu.net\/wordpress\/il-4-febbraio-la-casparetha-a-canale-dagordo\/","title":{"rendered":"IL 4 FEBBRAIO LA CASPARETHA A CANALE D&#8217;AGORDO"},"content":{"rendered":"<p style=\"text-align: left;\"><strong><a class=\"dt-pswp-item\" href=\"https:\/\/www.radiopiu.net\/wordpress\/wp-content\/uploads\/2023\/01\/CASPARETHA_page-0001.jpg\" data-dt-img-description=\"\" data-large_image_width=\"886\" data-large_image_height=\"632\"><img loading=\"lazy\" decoding=\"async\" class=\" wp-image-315112 alignleft\" src=\"https:\/\/www.radiopiu.net\/wordpress\/wp-content\/uploads\/2023\/01\/CASPARETHA_page-0001-300x214.jpg\" alt=\"\" width=\"243\" height=\"173\" srcset=\"https:\/\/www.radiopiu.net\/wordpress\/wp-content\/uploads\/2023\/01\/CASPARETHA_page-0001-300x214.jpg 300w, https:\/\/www.radiopiu.net\/wordpress\/wp-content\/uploads\/2023\/01\/CASPARETHA_page-0001-768x548.jpg 768w, https:\/\/www.radiopiu.net\/wordpress\/wp-content\/uploads\/2023\/01\/CASPARETHA_page-0001.jpg 886w\" sizes=\"auto, (max-width: 243px) 100vw, 243px\" \/><\/a>CANALE D&#8217;AGORDO<\/strong> Sabato 4 febbraio \u00e8 in programma la Casparetha 2023, camminata competitiva e non in notturna con racchette da neve su tracciato di circa 5 km. La partenza avverr\u00e0 alle ore 19.00 da Piazza Papa Luciani a Canale d&#8217;Agordo, si proseguir\u00e0 poi nel bosco in direzione della Valle di Gares per far ritorno poi di nuovo in Piazza. Dalle ore 17.30 \u00e8 previsto il &#8220;Casperitivo&#8221;, con la partecipazione dei locali della piazza e del comitato organizzatore. Alle ore 21.30 spettacolo pirotecnico. Da quest&#8217;anno la partecipazione \u00e8 riservata ai soli ciaspolatori. Possibilit\u00e0 di noleggio ciaspe all&#8217;atto dell&#8217;iscrizione. Le <u>iscrizioni online<\/u> sul sito <a tabindex=\"-1\" href=\"http:\/\/www.casparetha.it\/\" target=\"_blank\" rel=\"external noopener\">http:\/\/www.casparetha.it\/<\/a>\u00a0apriranno <u>gioved\u00ec 15 gennaio<\/u>, mentre chi vorr\u00e0 iscriversi in loco potr\u00e0 recarsi presso l&#8217;ufficio pro loco al Museo Albino Luciani, aperto appositamente marted\u00ec 31 gennaio, mercoled\u00ec 01 e gioved\u00ec 02 febbraio dalle ore 17.00 alle ore 19.00.<\/p>\n<p>&nbsp;<\/p>\n<p><a class=\"dt-pswp-item\" href=\"https:\/\/www.radiopiu.net\/wordpress\/wp-content\/uploads\/2023\/01\/317791157_547689460704537_5429466932836782240_n.jpg\" data-dt-img-description=\"\" data-large_image_width=\"720\" data-large_image_height=\"522\"><img loading=\"lazy\" decoding=\"async\" class=\"aligncenter wp-image-314948 size-full\" src=\"https:\/\/www.radiopiu.net\/wordpress\/wp-content\/uploads\/2023\/01\/317791157_547689460704537_5429466932836782240_n.jpg\" alt=\"\" width=\"720\" height=\"522\" srcset=\"https:\/\/www.radiopiu.net\/wordpress\/wp-content\/uploads\/2023\/01\/317791157_547689460704537_5429466932836782240_n.jpg 720w, https:\/\/www.radiopiu.net\/wordpress\/wp-content\/uploads\/2023\/01\/317791157_547689460704537_5429466932836782240_n-300x218.jpg 300w\" sizes=\"auto, (max-width: 720px) 100vw, 720px\" \/><\/a><\/p>\n<p>&nbsp;<\/p>\n<p>&nbsp;<\/p>\n<p>&nbsp;<\/p>\n<p>******<\/p>\n","protected":false},"excerpt":{"rendered":"<p>CANALE D&#8217;AGORDO Sabato 4 febbraio \u00e8 in programma la Casparetha 2023, camminata competitiva e non in notturna con racchette da neve su tracciato di circa 5 km. La partenza avverr\u00e0 alle ore 19.00 da Piazza Papa Luciani a Canale d&#8217;Agordo, si proseguir\u00e0 poi nel bosco in direzione della Valle di Gares per far ritorno poi&hellip;<\/p>\n","protected":false},"author":4,"featured_media":315112,"comment_status":"closed","ping_status":"closed","sticky":false,"template":"","format":"standard","meta":{"_monsterinsights_skip_tracking":false,"_monsterinsights_sitenote_active":false,"_monsterinsights_sitenote_note":"","_monsterinsights_sitenote_category":0,"footnotes":""},"categories":[104,49],"tags":[],"class_list":["post-315107","post","type-post","status-publish","format-standard","has-post-thumbnail","hentry","category-evidenza_3","category-news-18","category-104","category-49","description-off"],"img_url":"https:\/\/www.radiopiu.net\/wordpress\/wp-content\/uploads\/2023\/01\/CASPARETHA_page-0001.jpg","_links":{"self":[{"href":"https:\/\/www.radiopiu.net\/wordpress\/wp-json\/wp\/v2\/posts\/315107","targetHints":{"allow":["GET"]}}],"collection":[{"href":"https:\/\/www.radiopiu.net\/wordpress\/wp-json\/wp\/v2\/posts"}],"about":[{"href":"https:\/\/www.radiopiu.net\/wordpress\/wp-json\/wp\/v2\/types\/post"}],"author":[{"embeddable":true,"href":"https:\/\/www.radiopiu.net\/wordpress\/wp-json\/wp\/v2\/users\/4"}],"replies":[{"embeddable":true,"href":"https:\/\/www.radiopiu.net\/wordpress\/wp-json\/wp\/v2\/comments?post=315107"}],"version-history":[{"count":0,"href":"https:\/\/www.radiopiu.net\/wordpress\/wp-json\/wp\/v2\/posts\/315107\/revisions"}],"wp:featuredmedia":[{"embeddable":true,"href":"https:\/\/www.radiopiu.net\/wordpress\/wp-json\/wp\/v2\/media\/315112"}],"wp:attachment":[{"href":"https:\/\/www.radiopiu.net\/wordpress\/wp-json\/wp\/v2\/media?parent=315107"}],"wp:term":[{"taxonomy":"category","embeddable":true,"href":"https:\/\/www.radiopiu.net\/wordpress\/wp-json\/wp\/v2\/categories?post=315107"},{"taxonomy":"post_tag","embeddable":true,"href":"https:\/\/www.radiopiu.net\/wordpress\/wp-json\/wp\/v2\/tags?post=315107"}],"curies":[{"name":"wp","href":"https:\/\/api.w.org\/{rel}","templated":true}]}}