{"id":315121,"date":"2023-01-05T17:37:49","date_gmt":"2023-01-05T16:37:49","guid":{"rendered":"https:\/\/www.radiopiu.net\/wordpress\/?p=315121"},"modified":"2023-01-06T00:00:03","modified_gmt":"2023-01-05T23:00:03","slug":"la-befana-vien-di-notte","status":"publish","type":"post","link":"https:\/\/www.radiopiu.net\/wordpress\/la-befana-vien-di-notte\/","title":{"rendered":"LA BEFANA VIEN DI NOTTE &#8211; LA DIRETTA DA ROCCA PIETORE"},"content":{"rendered":"<p>&nbsp;<\/p>\n<p>il sindaco ANDREA DE BERNARDIN<\/p>\n<audio class=\"wp-audio-shortcode\" id=\"audio-315121-1\" preload=\"none\" style=\"width: 100%;\" controls=\"controls\"><source type=\"audio\/mpeg\" src=\"https:\/\/www.radiopiu.net\/wordpress\/wp-content\/uploads\/2023\/01\/andrea.mp3?_=1\" \/><a href=\"https:\/\/www.radiopiu.net\/wordpress\/wp-content\/uploads\/2023\/01\/andrea.mp3\">https:\/\/www.radiopiu.net\/wordpress\/wp-content\/uploads\/2023\/01\/andrea.mp3<\/a><\/audio>\n<p>&nbsp;<\/p>\n<p><strong><img loading=\"lazy\" decoding=\"async\" class=\"alignleft\" src=\"https:\/\/www.radiopiu.net\/wordpress\/wp-content\/uploads\/2023\/01\/foto_befana_Marmolada.jpeg\" width=\"231\" height=\"173\" \/>ROCCA PIETORE<\/strong> Uno spettacolo per tutti \u2013 grandi e piccini \u2013 in uno scenario unico: la Befana arriva anche in Marmolada e lo far\u00e0 calandosi dalla funivia grazie al supporto degli uomini del Soccorso Alpino della Val Pettorina. L\u2019evento nel piazzale di Malga Ciapela; si inizia alle 17 con l\u2019intrattenimento musicale di DJ Gigi &amp; Fra, mentre alle 18 gli occhi saranno tutti per lei, la Befana, che porter\u00e0 doni e dolciumi ovviamente ai bambini pi\u00f9 buoni. La \u201ccalata\u201d della vecchina avverr\u00e0 lungo il primo troncone della funivia tra luci e suggestioni.Tutto il territorio dell\u2019Alto Agordino \u00e8 mobilitato in vista del pomeriggio di festa: la Scuola sci Marmolada, per esempio, organizzer\u00e0 una mini fiaccolata con i propri alunni, mentre gli alpini offriranno del buon vin brul\u00e8. Rester\u00e0 aperto anche il bar della funivia di Malga Ciapela.\u201c\u00c9 un appuntamento ormai tradizionale \u2013 sospeso a causa del Covid \u2013 che ritorna con grande partecipazione della comunit\u00e0\u201d, spiegano da Marmolada srl. \u201c\u00c9 un modo per ritrovarsi tutti insieme, abitanti, turisti ed estimatori della nostra montagna\u201d.L\u2019evento \u2013 patrocinato dal comune di Rocca Pietore \u2013 \u00e8 organizzato dal Soccorso Alpino della Val Pettorina e da Marmolada Srl con la collaborazione di CT Marmolada, Scuola Sci Marmolada, Gruppo Alpini Rocca e La Compagnia del Ciaudrin.<\/p>\n\n\t\t\t<style type='text\/css'>\n\t\t\t\t#gallery-1 {\n\t\t\t\t\tmargin: auto;\n\t\t\t\t}\n\t\t\t\t#gallery-1 .gallery-item {\n\t\t\t\t\tfloat: left;\n\t\t\t\t\tmargin-top: 10px;\n\t\t\t\t\ttext-align: center;\n\t\t\t\t\twidth: 33%;\n\t\t\t\t}\n\t\t\t\t#gallery-1 img {\n\t\t\t\t\tborder: 2px solid #cfcfcf;\n\t\t\t\t}\n\t\t\t\t#gallery-1 .gallery-caption {\n\t\t\t\t\tmargin-left: 0;\n\t\t\t\t}\n\t\t\t\t\/* see gallery_shortcode() in wp-includes\/media.php *\/\n\t\t\t<\/style>\n\t\t<div id='gallery-1' class='dt-gallery-container gallery galleryid-315121 gallery-columns-3 gallery-size-thumbnail'><dl class='gallery-item'>\n\t\t\t\t<dt class='gallery-icon landscape'>\n\t\t\t\t\t<a class=\"rollover rollover-zoom dt-pswp-item\" title=\"D660F617-CCA1-4FED-BCE6-57D4F82CEAEE\" data-dt-img-description=\"\" data-large_image_width=\"2048\" data-large_image_height=\"1152\"href='https:\/\/www.radiopiu.net\/wordpress\/wp-content\/uploads\/2023\/01\/D660F617-CCA1-4FED-BCE6-57D4F82CEAEE.jpeg'><img loading=\"lazy\" decoding=\"async\" width=\"150\" height=\"150\" src=\"https:\/\/www.radiopiu.net\/wordpress\/wp-content\/uploads\/2023\/01\/D660F617-CCA1-4FED-BCE6-57D4F82CEAEE-150x150.jpeg\" class=\"attachment-thumbnail size-thumbnail\" alt=\"\" \/><\/a>\n\t\t\t\t<\/dt><\/dl><dl class='gallery-item'>\n\t\t\t\t<dt class='gallery-icon landscape'>\n\t\t\t\t\t<a class=\"rollover rollover-zoom dt-pswp-item\" title=\"8054F2F8-1FFA-4AAF-A0FA-3CDF02CFC53D\" data-dt-img-description=\"\" data-large_image_width=\"2048\" data-large_image_height=\"1152\"href='https:\/\/www.radiopiu.net\/wordpress\/wp-content\/uploads\/2023\/01\/8054F2F8-1FFA-4AAF-A0FA-3CDF02CFC53D.jpeg'><img loading=\"lazy\" decoding=\"async\" width=\"150\" height=\"150\" src=\"https:\/\/www.radiopiu.net\/wordpress\/wp-content\/uploads\/2023\/01\/8054F2F8-1FFA-4AAF-A0FA-3CDF02CFC53D-150x150.jpeg\" class=\"attachment-thumbnail size-thumbnail\" alt=\"\" \/><\/a>\n\t\t\t\t<\/dt><\/dl><dl class='gallery-item'>\n\t\t\t\t<dt class='gallery-icon landscape'>\n\t\t\t\t\t<a class=\"rollover rollover-zoom dt-pswp-item\" title=\"038A4AB3-1EB1-4C38-A823-827876284345\" data-dt-img-description=\"\" data-large_image_width=\"2048\" data-large_image_height=\"1152\"href='https:\/\/www.radiopiu.net\/wordpress\/wp-content\/uploads\/2023\/01\/038A4AB3-1EB1-4C38-A823-827876284345.jpeg'><img loading=\"lazy\" decoding=\"async\" width=\"150\" height=\"150\" src=\"https:\/\/www.radiopiu.net\/wordpress\/wp-content\/uploads\/2023\/01\/038A4AB3-1EB1-4C38-A823-827876284345-150x150.jpeg\" class=\"attachment-thumbnail size-thumbnail\" alt=\"\" \/><\/a>\n\t\t\t\t<\/dt><\/dl><br style=\"clear: both\" \/><dl class='gallery-item'>\n\t\t\t\t<dt class='gallery-icon portrait'>\n\t\t\t\t\t<a class=\"rollover rollover-zoom dt-pswp-item\" title=\"67D2B455-E748-44D3-8B4D-D4375F6C9E0B\" data-dt-img-description=\"\" data-large_image_width=\"1536\" data-large_image_height=\"2048\"href='https:\/\/www.radiopiu.net\/wordpress\/wp-content\/uploads\/2023\/01\/67D2B455-E748-44D3-8B4D-D4375F6C9E0B.jpeg'><img loading=\"lazy\" decoding=\"async\" width=\"150\" height=\"150\" src=\"https:\/\/www.radiopiu.net\/wordpress\/wp-content\/uploads\/2023\/01\/67D2B455-E748-44D3-8B4D-D4375F6C9E0B-150x150.jpeg\" class=\"attachment-thumbnail size-thumbnail\" alt=\"\" \/><\/a>\n\t\t\t\t<\/dt><\/dl><dl class='gallery-item'>\n\t\t\t\t<dt class='gallery-icon landscape'>\n\t\t\t\t\t<a class=\"rollover rollover-zoom dt-pswp-item\" title=\"2ECA7B29-43B3-4C53-99BC-46FF9B378571\" data-dt-img-description=\"\" data-large_image_width=\"1600\" data-large_image_height=\"1200\"href='https:\/\/www.radiopiu.net\/wordpress\/wp-content\/uploads\/2023\/01\/2ECA7B29-43B3-4C53-99BC-46FF9B378571.jpeg'><img loading=\"lazy\" decoding=\"async\" width=\"150\" height=\"150\" src=\"https:\/\/www.radiopiu.net\/wordpress\/wp-content\/uploads\/2023\/01\/2ECA7B29-43B3-4C53-99BC-46FF9B378571-150x150.jpeg\" class=\"attachment-thumbnail size-thumbnail\" alt=\"\" \/><\/a>\n\t\t\t\t<\/dt><\/dl><dl class='gallery-item'>\n\t\t\t\t<dt class='gallery-icon landscape'>\n\t\t\t\t\t<a class=\"rollover rollover-zoom dt-pswp-item\" title=\"FE5BE59F-CF84-494F-98C3-64ED865F7C56\" data-dt-img-description=\"\" data-large_image_width=\"1600\" data-large_image_height=\"1200\"href='https:\/\/www.radiopiu.net\/wordpress\/wp-content\/uploads\/2023\/01\/FE5BE59F-CF84-494F-98C3-64ED865F7C56.jpeg'><img loading=\"lazy\" decoding=\"async\" width=\"150\" height=\"150\" src=\"https:\/\/www.radiopiu.net\/wordpress\/wp-content\/uploads\/2023\/01\/FE5BE59F-CF84-494F-98C3-64ED865F7C56-150x150.jpeg\" class=\"attachment-thumbnail size-thumbnail\" alt=\"\" \/><\/a>\n\t\t\t\t<\/dt><\/dl><br style=\"clear: both\" \/><dl class='gallery-item'>\n\t\t\t\t<dt class='gallery-icon landscape'>\n\t\t\t\t\t<a class=\"rollover rollover-zoom dt-pswp-item\" title=\"C3938140-2F63-4C64-B1B9-407832A12C7A\" data-dt-img-description=\"\" data-large_image_width=\"1600\" data-large_image_height=\"1200\"href='https:\/\/www.radiopiu.net\/wordpress\/wp-content\/uploads\/2023\/01\/C3938140-2F63-4C64-B1B9-407832A12C7A.jpeg'><img loading=\"lazy\" decoding=\"async\" width=\"150\" height=\"150\" src=\"https:\/\/www.radiopiu.net\/wordpress\/wp-content\/uploads\/2023\/01\/C3938140-2F63-4C64-B1B9-407832A12C7A-150x150.jpeg\" class=\"attachment-thumbnail size-thumbnail\" alt=\"\" \/><\/a>\n\t\t\t\t<\/dt><\/dl><dl class='gallery-item'>\n\t\t\t\t<dt class='gallery-icon landscape'>\n\t\t\t\t\t<a class=\"rollover rollover-zoom dt-pswp-item\" title=\"942DD0AB-8935-4A2C-A0B4-8E5055EA37C2\" data-dt-img-description=\"\" data-large_image_width=\"1600\" data-large_image_height=\"1200\"href='https:\/\/www.radiopiu.net\/wordpress\/wp-content\/uploads\/2023\/01\/942DD0AB-8935-4A2C-A0B4-8E5055EA37C2.jpeg'><img loading=\"lazy\" decoding=\"async\" width=\"150\" height=\"150\" src=\"https:\/\/www.radiopiu.net\/wordpress\/wp-content\/uploads\/2023\/01\/942DD0AB-8935-4A2C-A0B4-8E5055EA37C2-150x150.jpeg\" class=\"attachment-thumbnail size-thumbnail\" alt=\"\" \/><\/a>\n\t\t\t\t<\/dt><\/dl><dl class='gallery-item'>\n\t\t\t\t<dt class='gallery-icon landscape'>\n\t\t\t\t\t<a class=\"rollover rollover-zoom dt-pswp-item\" title=\"D452961C-25BE-4F0B-B27E-7113FC965052\" data-dt-img-description=\"\" data-large_image_width=\"1600\" data-large_image_height=\"1200\"href='https:\/\/www.radiopiu.net\/wordpress\/wp-content\/uploads\/2023\/01\/D452961C-25BE-4F0B-B27E-7113FC965052.jpeg'><img loading=\"lazy\" decoding=\"async\" width=\"150\" height=\"150\" src=\"https:\/\/www.radiopiu.net\/wordpress\/wp-content\/uploads\/2023\/01\/D452961C-25BE-4F0B-B27E-7113FC965052-150x150.jpeg\" class=\"attachment-thumbnail size-thumbnail\" alt=\"\" \/><\/a>\n\t\t\t\t<\/dt><\/dl><br style=\"clear: both\" \/>\n\t\t\t<\/div>\n\n<p>&nbsp;<\/p>\n<p><strong>LA DIRETTA RADIO PIU&#8217;<\/strong><\/p>\n<p><iframe loading=\"lazy\" title=\"La Befana Vien Di Notte - Rocca Pietore Malga Ciapela 2023\" width=\"1200\" height=\"675\" src=\"https:\/\/www.youtube.com\/embed\/2tgeAmeJOgg?feature=oembed\" frameborder=\"0\" allow=\"accelerometer; autoplay; clipboard-write; encrypted-media; gyroscope; picture-in-picture; web-share\" allowfullscreen><\/iframe><\/p>\n<p>&nbsp;<\/p>\n<p>&nbsp;<\/p>\n<p>*******<\/p>\n","protected":false},"excerpt":{"rendered":"<p>&nbsp; il sindaco ANDREA DE BERNARDIN &nbsp; ROCCA PIETORE Uno spettacolo per tutti \u2013 grandi e piccini \u2013 in uno scenario unico: la Befana arriva anche in Marmolada e lo far\u00e0 calandosi dalla funivia grazie al supporto degli uomini del Soccorso Alpino della Val Pettorina. L\u2019evento nel piazzale di Malga Ciapela; si inizia alle 17&hellip;<\/p>\n","protected":false},"author":4,"featured_media":315169,"comment_status":"closed","ping_status":"closed","sticky":false,"template":"","format":"standard","meta":{"_monsterinsights_skip_tracking":false,"_monsterinsights_sitenote_active":false,"_monsterinsights_sitenote_note":"","_monsterinsights_sitenote_category":0,"footnotes":""},"categories":[104,49],"tags":[],"class_list":["post-315121","post","type-post","status-publish","format-standard","has-post-thumbnail","hentry","category-evidenza_3","category-news-18","category-104","category-49","description-off"],"img_url":"https:\/\/www.radiopiu.net\/wordpress\/wp-content\/uploads\/2023\/01\/8054F2F8-1FFA-4AAF-A0FA-3CDF02CFC53D.jpeg","_links":{"self":[{"href":"https:\/\/www.radiopiu.net\/wordpress\/wp-json\/wp\/v2\/posts\/315121","targetHints":{"allow":["GET"]}}],"collection":[{"href":"https:\/\/www.radiopiu.net\/wordpress\/wp-json\/wp\/v2\/posts"}],"about":[{"href":"https:\/\/www.radiopiu.net\/wordpress\/wp-json\/wp\/v2\/types\/post"}],"author":[{"embeddable":true,"href":"https:\/\/www.radiopiu.net\/wordpress\/wp-json\/wp\/v2\/users\/4"}],"replies":[{"embeddable":true,"href":"https:\/\/www.radiopiu.net\/wordpress\/wp-json\/wp\/v2\/comments?post=315121"}],"version-history":[{"count":0,"href":"https:\/\/www.radiopiu.net\/wordpress\/wp-json\/wp\/v2\/posts\/315121\/revisions"}],"wp:featuredmedia":[{"embeddable":true,"href":"https:\/\/www.radiopiu.net\/wordpress\/wp-json\/wp\/v2\/media\/315169"}],"wp:attachment":[{"href":"https:\/\/www.radiopiu.net\/wordpress\/wp-json\/wp\/v2\/media?parent=315121"}],"wp:term":[{"taxonomy":"category","embeddable":true,"href":"https:\/\/www.radiopiu.net\/wordpress\/wp-json\/wp\/v2\/categories?post=315121"},{"taxonomy":"post_tag","embeddable":true,"href":"https:\/\/www.radiopiu.net\/wordpress\/wp-json\/wp\/v2\/tags?post=315121"}],"curies":[{"name":"wp","href":"https:\/\/api.w.org\/{rel}","templated":true}]}}