{"id":315139,"date":"2023-01-05T15:08:34","date_gmt":"2023-01-05T14:08:34","guid":{"rendered":"https:\/\/www.radiopiu.net\/wordpress\/?p=315139"},"modified":"2023-01-06T09:05:21","modified_gmt":"2023-01-06T08:05:21","slug":"la-befana-della-biodiversita-in-pediatria-a-feltre","status":"publish","type":"post","link":"https:\/\/www.radiopiu.net\/wordpress\/la-befana-della-biodiversita-in-pediatria-a-feltre\/","title":{"rendered":"LA BEFANA DELLA BIODIVERSITA&#8217; IN PEDIATRIA A FELTRE"},"content":{"rendered":"<div class=\"gmail-\">\n<blockquote>\n<div><em> Un pensiero di solidariet\u00e0 che vuole avvicinare sempre di pi\u00f9 tutti i bambini ai valori della tutela della natura promuovendo la conoscenza della biodiversit\u00e0.<\/em><\/div>\n<\/blockquote>\n<div><\/div>\n<div class=\"gmail-_1mf gmail-_1mj\"><strong>FELTRE\u00a0 <\/strong>I Carabinieri Forestali del reparto Biodiversit\u00e0 di Belluno, con l\u2019Appuntato Scelto Luisa Gazzola e la dott.ssa Marialuisa Dal Cortivo, entomologa, hanno portato anche ai piccoli degenti della Pediatria di Feltre dei doni dedicati al tema dell\u2019ambiente e della biodiversit\u00e0. Per l\u2019iniziativa, diffusa a livello nazionale e sostenuta dal comandante del Reparto Carabinieri Biodiversit\u00e0 di Belluno, il colonnello Gianfranco Munari, anche a ciascun bambino della Pediatria di Feltre \u00e8 stato donato un pacco regalo con un quadernone, una matita, un libro con immagini riprese all\u2019interno delle riserve naturali gestite dal Reparto dei Carabinieri Biodiversit\u00e0 e una guida sugli animali selvatici. E grazie alla collaborazione con la parte didattica del reparto dei Carabinieri Forestali, e con gli insegnati delle Pediatrie, saranno organizzate delle attivit\u00e0 formative dedicate alla didattica ambientale che coinvolgeranno nei prossimi mesi i bambini delle Pediatrie di Belluno e Feltre.<\/div>\n<\/div>\n<div><a class=\"dt-pswp-item\" href=\"https:\/\/www.radiopiu.net\/wordpress\/wp-content\/uploads\/2023\/01\/befana-della-biodiversita_feltre.jpeg\" data-dt-img-description=\"\" data-large_image_width=\"1600\" data-large_image_height=\"1200\"><img loading=\"lazy\" decoding=\"async\" class=\"alignnone wp-image-315140 size-full\" src=\"https:\/\/www.radiopiu.net\/wordpress\/wp-content\/uploads\/2023\/01\/befana-della-biodiversita_feltre.jpeg\" alt=\"\" width=\"1600\" height=\"1200\" srcset=\"https:\/\/www.radiopiu.net\/wordpress\/wp-content\/uploads\/2023\/01\/befana-della-biodiversita_feltre.jpeg 1600w, https:\/\/www.radiopiu.net\/wordpress\/wp-content\/uploads\/2023\/01\/befana-della-biodiversita_feltre-300x225.jpeg 300w, https:\/\/www.radiopiu.net\/wordpress\/wp-content\/uploads\/2023\/01\/befana-della-biodiversita_feltre-1024x768.jpeg 1024w, https:\/\/www.radiopiu.net\/wordpress\/wp-content\/uploads\/2023\/01\/befana-della-biodiversita_feltre-768x576.jpeg 768w, https:\/\/www.radiopiu.net\/wordpress\/wp-content\/uploads\/2023\/01\/befana-della-biodiversita_feltre-1536x1152.jpeg 1536w\" sizes=\"auto, (max-width: 1600px) 100vw, 1600px\" \/><\/a><\/div>\n<div><\/div>\n<p>&#8212;<\/p>\n","protected":false},"excerpt":{"rendered":"<p>Un pensiero di solidariet\u00e0 che vuole avvicinare sempre di pi\u00f9 tutti i bambini ai valori della tutela della natura promuovendo la conoscenza della biodiversit\u00e0. FELTRE\u00a0 I Carabinieri Forestali del reparto Biodiversit\u00e0 di Belluno, con l\u2019Appuntato Scelto Luisa Gazzola e la dott.ssa Marialuisa Dal Cortivo, entomologa, hanno portato anche ai piccoli degenti della Pediatria di Feltre&hellip;<\/p>\n","protected":false},"author":4,"featured_media":315140,"comment_status":"closed","ping_status":"closed","sticky":false,"template":"","format":"standard","meta":{"_monsterinsights_skip_tracking":false,"_monsterinsights_sitenote_active":false,"_monsterinsights_sitenote_note":"","_monsterinsights_sitenote_category":0,"footnotes":""},"categories":[104,49],"tags":[],"class_list":["post-315139","post","type-post","status-publish","format-standard","has-post-thumbnail","hentry","category-evidenza_3","category-news-18","category-104","category-49","description-off"],"img_url":"https:\/\/www.radiopiu.net\/wordpress\/wp-content\/uploads\/2023\/01\/befana-della-biodiversita_feltre.jpeg","_links":{"self":[{"href":"https:\/\/www.radiopiu.net\/wordpress\/wp-json\/wp\/v2\/posts\/315139","targetHints":{"allow":["GET"]}}],"collection":[{"href":"https:\/\/www.radiopiu.net\/wordpress\/wp-json\/wp\/v2\/posts"}],"about":[{"href":"https:\/\/www.radiopiu.net\/wordpress\/wp-json\/wp\/v2\/types\/post"}],"author":[{"embeddable":true,"href":"https:\/\/www.radiopiu.net\/wordpress\/wp-json\/wp\/v2\/users\/4"}],"replies":[{"embeddable":true,"href":"https:\/\/www.radiopiu.net\/wordpress\/wp-json\/wp\/v2\/comments?post=315139"}],"version-history":[{"count":0,"href":"https:\/\/www.radiopiu.net\/wordpress\/wp-json\/wp\/v2\/posts\/315139\/revisions"}],"wp:featuredmedia":[{"embeddable":true,"href":"https:\/\/www.radiopiu.net\/wordpress\/wp-json\/wp\/v2\/media\/315140"}],"wp:attachment":[{"href":"https:\/\/www.radiopiu.net\/wordpress\/wp-json\/wp\/v2\/media?parent=315139"}],"wp:term":[{"taxonomy":"category","embeddable":true,"href":"https:\/\/www.radiopiu.net\/wordpress\/wp-json\/wp\/v2\/categories?post=315139"},{"taxonomy":"post_tag","embeddable":true,"href":"https:\/\/www.radiopiu.net\/wordpress\/wp-json\/wp\/v2\/tags?post=315139"}],"curies":[{"name":"wp","href":"https:\/\/api.w.org\/{rel}","templated":true}]}}