{"id":315494,"date":"2023-01-07T07:12:30","date_gmt":"2023-01-07T06:12:30","guid":{"rendered":"https:\/\/www.radiopiu.net\/wordpress\/?p=315494"},"modified":"2023-01-07T07:12:30","modified_gmt":"2023-01-07T06:12:30","slug":"riccardo-dove-sei-ti-stiamo-cercando-da-quattro-anni","status":"publish","type":"post","link":"https:\/\/www.radiopiu.net\/wordpress\/riccardo-dove-sei-ti-stiamo-cercando-da-quattro-anni\/","title":{"rendered":"RICCARDO DOVE SEI? TI STIAMO CERCANDO DA QUATTRO ANNI"},"content":{"rendered":"<p><strong>OGGI SUL CORRIERE DELLE ALPI<\/strong><\/p>\n<p><strong>DI GIGI SOSSO<\/strong><\/p>\n<div id=\"articleContent\" class=\"mercuryWrapper\">\n<div class=\"mercuryScroller\">\n<div class=\"mercuryElement\">\n<div class=\"mercuryBox\">\n<div id=\"articlePlain\">\n<div class=\"articlePlainText\"><strong>BELLUNO <\/strong>Era il 4 gennaio 2019, quando in un mattino di quelli che si possono vivere solo in montagna Riccardo Tacconi usc\u00ec dalla sua casa delle vacanze, all&#8217;Alpe in Fiore, per andare a correre sui percorsi del Nevegal e non fece pi\u00f9 ritorno. Quattro anni dopo, la moglie del commercialista con studio a Milano, Mariagrazia De Pr\u00e0 continua ad aspettare delle risposte ai suoi tanti interrogativi e a cercare dappertutto il marito. Che lo scorso 16 dicembre ha celebrato, purtroppo non si sa dove, il suo sessantaduesimo compleanno: il tempo non si \u00e8 mai fermato a 58. La signora Tacconi ha postato in serata sul suo profilo Facebook un post pieno di fede e speranza, molto lontano da un&#8217;eventuale resa mistica: \u00abRiccardo Tacconi, nato a Bologna il 16 dicembre 1960. Scomparso in Nevegal, Belluno il 4 gennaio 2019. Nel quarto anniversario della sua scomparsa, continuiamo ad affidarlo alla protezione di Maria, santa Madre di Dio, e al suo dilettissimo Figlio Ges\u00f9 Cristo. I salmi in inglese, qui riportati, sono stati rinvenuti nel suo portafoglio, sgualcitissimi, ma custoditi e mai tralasciati, quindi particolarmente cari e in linea con il sentire del nostro amatissimo Riccardo\u00bb.<\/div>\n<blockquote>\n<div class=\"articlePlainText\"><\/div>\n<div class=\"articlePlainText\"><em>\u00abNon dimentichiamo Riccardo Tacconi nel quarto anno dalla sua scomparsa\u00bb ha scritto il gruppo Amanti del Neveg\u00e0l-Il Colle, condividendo il post di Mariagrazia De Pr\u00e0. Le ricerche della famiglia continuano giorno dopo giorno e sempre con il sostegno della fede.\u00a0\u00a0<\/em><\/div>\n<\/blockquote>\n<\/div>\n<div>ARCHIVIO RADIOPIU 06 GENNAIO 2019<\/div>\n<div><\/div>\n<div>\n<p><a class=\"dt-pswp-item\" href=\"http:\/\/www.radiopiu.net\/wordpress\/wp-content\/uploads\/2019\/01\/IMG-20190104-WA0044.jpg\" data-dt-img-description=\"\" data-large_image_width=\"1268\" data-large_image_height=\"1600\"><img loading=\"lazy\" decoding=\"async\" class=\" wp-image-71417 alignleft\" src=\"http:\/\/www.radiopiu.net\/wordpress\/wp-content\/uploads\/2019\/01\/IMG-20190104-WA0044-238x300.jpg\" alt=\"\" width=\"182\" height=\"233\" \/><\/a>Circa 130 persone hanno preso parte oggi alla ricerca organizzata di Riccardo Tacconi, 58 anni, di Milano, di cui non si hanno pi\u00f9 notizie da venerd\u00ec mattina, quando si \u00e8 allontanato dalla sua abitazione di villeggiatura sul Nevegal per andare a correre e non \u00e8 pi\u00f9 ritornato. Senza contare i tantissimi gruppi che autonomamente si sono mossi per dare il proprio supporto. Purtroppo &#8211; a parte una nuova segnalazione nella zona del campo scuol<a class=\"dt-pswp-item\" href=\"http:\/\/www.radiopiu.net\/wordpress\/wp-content\/uploads\/2019\/01\/IMG-20190106-WA0005.jpg\" data-dt-img-description=\"\" data-large_image_width=\"1600\" data-large_image_height=\"898\"><img loading=\"lazy\" decoding=\"async\" class=\"size-medium wp-image-71529 alignleft\" src=\"http:\/\/www.radiopiu.net\/wordpress\/wp-content\/uploads\/2019\/01\/IMG-20190106-WA0005-300x168.jpg\" alt=\"\" width=\"300\" height=\"168\" srcset=\"https:\/\/www.radiopiu.net\/wordpress\/wp-content\/uploads\/2019\/01\/IMG-20190106-WA0005-300x168.jpg 300w, https:\/\/www.radiopiu.net\/wordpress\/wp-content\/uploads\/2019\/01\/IMG-20190106-WA0005-768x431.jpg 768w, https:\/\/www.radiopiu.net\/wordpress\/wp-content\/uploads\/2019\/01\/IMG-20190106-WA0005-1024x575.jpg 1024w, https:\/\/www.radiopiu.net\/wordpress\/wp-content\/uploads\/2019\/01\/IMG-20190106-WA0005.jpg 1600w\" sizes=\"auto, (max-width: 300px) 100vw, 300px\" \/><\/a>a, a lungo percorsa dalle unit\u00e0 cinofile molecolari dell&#8217;Associazione nazionale carabinieri &#8211; nulla di utile \u00e8 emerso per far luce sulla scomparsa del runner. L&#8217;elicottero dei Vigili del fuoco, con a bordo personale del Soccorso alpino, ha sorvolato una vasta area e le numerose squadre si sono distribuite tra Tassei, Chiesurette, Ronce, Val d&#8217;Art, Medil, Malvan, Col de Gou, Pian de Nogher, campo scuola e dintorni. Oggi erano presenti il Soccorso alpino di Belluno, Feltre, Longarone, Alpago, Prealpi Trevigiane, Asiago, Pieve di Cadore con il Centro mobile di coordinamento e unit\u00e0 cinofile, Sagf di Auronzo e Cortina con unit\u00e0 cinofile, Vigili del fuoco, Associazioni di Protezione civile di Belluno, Ana e dei carabinieri con proprie unit\u00e0 cinofile da superficie e molecolari. La ricerca riprender\u00e0 domattina.<\/p>\n<p><a class=\"dt-pswp-item\" href=\"http:\/\/www.radiopiu.net\/wordpress\/wp-content\/uploads\/2019\/01\/IMG-20190106-WA0006.jpg\" data-dt-img-description=\"\" data-large_image_width=\"732\" data-large_image_height=\"1003\"><img loading=\"lazy\" decoding=\"async\" class=\"alignnone size-medium wp-image-71530\" src=\"http:\/\/www.radiopiu.net\/wordpress\/wp-content\/uploads\/2019\/01\/IMG-20190106-WA0006-219x300.jpg\" alt=\"\" width=\"219\" height=\"300\" srcset=\"https:\/\/www.radiopiu.net\/wordpress\/wp-content\/uploads\/2019\/01\/IMG-20190106-WA0006-219x300.jpg 219w, https:\/\/www.radiopiu.net\/wordpress\/wp-content\/uploads\/2019\/01\/IMG-20190106-WA0006.jpg 732w\" sizes=\"auto, (max-width: 219px) 100vw, 219px\" \/><\/a><\/p>\n<p>&nbsp;<\/p>\n<\/div>\n<div>\n<hr \/>\n<\/div>\n<\/div>\n<\/div>\n<\/div>\n<\/div>\n<div id=\"articlePrev\"><\/div>\n","protected":false},"excerpt":{"rendered":"<p>OGGI SUL CORRIERE DELLE ALPI DI GIGI SOSSO BELLUNO Era il 4 gennaio 2019, quando in un mattino di quelli che si possono vivere solo in montagna Riccardo Tacconi usc\u00ec dalla sua casa delle vacanze, all&#8217;Alpe in Fiore, per andare a correre sui percorsi del Nevegal e non fece pi\u00f9 ritorno. Quattro anni dopo, la&hellip;<\/p>\n","protected":false},"author":4,"featured_media":315496,"comment_status":"closed","ping_status":"closed","sticky":false,"template":"","format":"standard","meta":{"_monsterinsights_skip_tracking":false,"_monsterinsights_sitenote_active":false,"_monsterinsights_sitenote_note":"","_monsterinsights_sitenote_category":0,"footnotes":""},"categories":[104,49],"tags":[],"class_list":["post-315494","post","type-post","status-publish","format-standard","has-post-thumbnail","hentry","category-evidenza_3","category-news-18","category-104","category-49","description-off"],"img_url":"https:\/\/www.radiopiu.net\/wordpress\/wp-content\/uploads\/2023\/01\/IMG-20190104-WA0044-238x300-1.jpg","_links":{"self":[{"href":"https:\/\/www.radiopiu.net\/wordpress\/wp-json\/wp\/v2\/posts\/315494","targetHints":{"allow":["GET"]}}],"collection":[{"href":"https:\/\/www.radiopiu.net\/wordpress\/wp-json\/wp\/v2\/posts"}],"about":[{"href":"https:\/\/www.radiopiu.net\/wordpress\/wp-json\/wp\/v2\/types\/post"}],"author":[{"embeddable":true,"href":"https:\/\/www.radiopiu.net\/wordpress\/wp-json\/wp\/v2\/users\/4"}],"replies":[{"embeddable":true,"href":"https:\/\/www.radiopiu.net\/wordpress\/wp-json\/wp\/v2\/comments?post=315494"}],"version-history":[{"count":0,"href":"https:\/\/www.radiopiu.net\/wordpress\/wp-json\/wp\/v2\/posts\/315494\/revisions"}],"wp:featuredmedia":[{"embeddable":true,"href":"https:\/\/www.radiopiu.net\/wordpress\/wp-json\/wp\/v2\/media\/315496"}],"wp:attachment":[{"href":"https:\/\/www.radiopiu.net\/wordpress\/wp-json\/wp\/v2\/media?parent=315494"}],"wp:term":[{"taxonomy":"category","embeddable":true,"href":"https:\/\/www.radiopiu.net\/wordpress\/wp-json\/wp\/v2\/categories?post=315494"},{"taxonomy":"post_tag","embeddable":true,"href":"https:\/\/www.radiopiu.net\/wordpress\/wp-json\/wp\/v2\/tags?post=315494"}],"curies":[{"name":"wp","href":"https:\/\/api.w.org\/{rel}","templated":true}]}}