{"id":315512,"date":"2023-01-07T09:22:01","date_gmt":"2023-01-07T08:22:01","guid":{"rendered":"https:\/\/www.radiopiu.net\/wordpress\/?p=315512"},"modified":"2023-01-07T10:23:02","modified_gmt":"2023-01-07T09:23:02","slug":"dillo-a-radio-piu-da-castion-caro-sindaco-cosi-proprio-non-va","status":"publish","type":"post","link":"https:\/\/www.radiopiu.net\/wordpress\/dillo-a-radio-piu-da-castion-caro-sindaco-cosi-proprio-non-va\/","title":{"rendered":"DILLO A RADIO PIU&#8217;&#8230; DA CASTION &#8220;Caro sindaco cos\u00ec proprio non va&#8221;"},"content":{"rendered":"<div>Riceviamo e volentieri pubblichiamo<\/div>\n<div><\/div>\n<div><\/div>\n<div><\/div>\n<div><\/div>\n<div>\n<div style=\"text-align: left;\"><img loading=\"lazy\" decoding=\"async\" class=\"alignleft\" src=\"https:\/\/www.radiopiu.net\/wordpress\/wp-content\/uploads\/2023\/01\/Via-de-Amicis.jpg\" width=\"261\" height=\"182\" \/>Buongiorno<\/div>\n<div>siamo un gruppo di cittadini residenti in via De Amicis a Castion e inviamo la presente per manifestare la nostra totale contrariet\u00e0, gi\u00e0 comunicata in passato alla precedente Amministrazione, in merito al senso unico che si intende istituire in via Del Favero.<\/div>\n<div>Attualmente il traffico in uscita da Castion verso Belluno, compreso quello proveniente da via Nongole (quindi da Madeago, Faverga, Cirvoi, ecc.), attraversa la piazza e scende velocemente per via Del Favero. Con la nuova proposta tutto questo traffico verr\u00e0 indirizzato in via 1\u00b0 Maggio e successivamente in via De Amicis con un notevole allungamento di percorso e conseguente aumento di smog, rumore e pericolo. Traffico che sar\u00e0 aggiuntivo rispetto a quello che attualmente percorre le due strade! Tutto questo traffico ora scende per via Del Favero che \u00e8 una strada lunga solamente 150 m con pochi residenti e gi\u00e0 ora sicura vista la presenza del marciapiede e dei passaggi &#8220;protetti&#8221; con parapetti realizzati negli ultimi anni. Con la nuova soluzione lo stesso traffico dovr\u00e0 invece percorrere oltre mezzo chilometro, lungo le strade del paese, per giungere esattamente allo stesso punto passando su vie densamente abitate, con molte attivit\u00e0 e prive di marciapiede.<\/div>\n<div>Per quanto detto sopra Via De Amicis, in particolare nel tratto tra gli incroci con via Del Favero e via 1\u00b0 Maggio, sar\u00e0 severamente penalizzata da questa nuova viabilit\u00e0. Sar\u00e0 poi ulteriormente penalizzata qualora si attuasse anche il pi\u00f9 volte paventato senso unico in via 1\u00b0 Maggio.<\/div>\n<div>Via De Amicis \u00e8 una strada che gi\u00e0 attualmente ha delle problematiche serie, pi\u00f9 volte segnalate, per il notevole traffico in quanto via di collegamento verso il Nevegal e numerose frazioni. In particolare nel tratto tra i punti dove incrocia via Del Favero e via 1\u00b0 Maggio, zona densamente abitata e con molte attivit\u00e0 commerciali (fruttivendolo, parrucchiera, palestra\/fisioterapia e inoltre una rivendita di materiale edile), \u00e8 una strada stretta, senza nessun marciapiede e senza nessuna \u201cvia di fuga\u201d in quanto vi sono muretti e recinzioni su entrambi i lati per buona parte del suo sviluppo. Inoltre \u00e8 un tratto rettilineo e dove, per le sue caratteristiche, i mezzi corrono. Gi\u00e0 ora spostarsi a piedi o in bicicletta (sono numerosi ciclisti che vi transitano anche a gruppi per raggiungere zone turistiche come Modolo e il Nevegal), \u00e8 pericoloso con le auto e i mezzi pesanti che sfrecciano a pochi centimetri. Assistiamo quotidianamente a scene di pericolo con pedoni, ciclisti, signore anziane o mamme con la carrozzina che rischiano la vita!<\/div>\n<div>Riteniamo che la soluzione che si intende adottare non risolva i problemi ma semplicemente provveder\u00e0 a spostarli e, a nostro parere, ad aumentarli in particolare peggiorando la gi\u00e0 grave situazione presente in via De Amicis che gi\u00e0 ora risulta molto trafficata.<\/div>\n<div>In conclusione chiediamo a questa Amministrazione di non attuare il piano di nuova viabilit\u00e0 in progetto in quanto contiene molti punti critici, non \u00e8 risolutivo dei problemi e, nel suo complesso, non porta benefici alla sicurezza stradale ma anzi per via De Amicis sarebbe, senza esagerare, un funerale!<\/div>\n<div>Non capiamo come tale grave situazione, gi\u00e0 segnalata alla precedente Amministrazione (che infatti aveva bloccato l&#8217;attuazione del senso unico), possa venire ignorata e chiediamo quindi che non si proceda con la modifica della viabilit\u00e0 annunciato.<\/div>\n<div>Riteniamo che gli unici interventi risolutivi siano quelli strutturali come ad esempio la realizzazione di marciapiedi e allargamenti stradali e presidi con autovelox da sempre richiesti e mai realizzati.<\/div>\n<div>Cordiali saluti.<\/div>\n<div>Residenti via De Amicis<\/div>\n<\/div>\n<div><\/div>\n<div><\/div>\n<div><\/div>\n<div>\n<hr \/>\n<\/div>\n","protected":false},"excerpt":{"rendered":"<p>Riceviamo e volentieri pubblichiamo Buongiorno siamo un gruppo di cittadini residenti in via De Amicis a Castion e inviamo la presente per manifestare la nostra totale contrariet\u00e0, gi\u00e0 comunicata in passato alla precedente Amministrazione, in merito al senso unico che si intende istituire in via Del Favero. Attualmente il traffico in uscita da Castion verso&hellip;<\/p>\n","protected":false},"author":4,"featured_media":315514,"comment_status":"closed","ping_status":"closed","sticky":false,"template":"","format":"standard","meta":{"_monsterinsights_skip_tracking":false,"_monsterinsights_sitenote_active":false,"_monsterinsights_sitenote_note":"","_monsterinsights_sitenote_category":0,"footnotes":""},"categories":[51,49],"tags":[],"class_list":["post-315512","post","type-post","status-publish","format-standard","has-post-thumbnail","hentry","category-evidenza-top","category-news-18","category-51","category-49","description-off"],"img_url":"https:\/\/www.radiopiu.net\/wordpress\/wp-content\/uploads\/2023\/01\/Via-de-Amicis.jpg","_links":{"self":[{"href":"https:\/\/www.radiopiu.net\/wordpress\/wp-json\/wp\/v2\/posts\/315512","targetHints":{"allow":["GET"]}}],"collection":[{"href":"https:\/\/www.radiopiu.net\/wordpress\/wp-json\/wp\/v2\/posts"}],"about":[{"href":"https:\/\/www.radiopiu.net\/wordpress\/wp-json\/wp\/v2\/types\/post"}],"author":[{"embeddable":true,"href":"https:\/\/www.radiopiu.net\/wordpress\/wp-json\/wp\/v2\/users\/4"}],"replies":[{"embeddable":true,"href":"https:\/\/www.radiopiu.net\/wordpress\/wp-json\/wp\/v2\/comments?post=315512"}],"version-history":[{"count":0,"href":"https:\/\/www.radiopiu.net\/wordpress\/wp-json\/wp\/v2\/posts\/315512\/revisions"}],"wp:featuredmedia":[{"embeddable":true,"href":"https:\/\/www.radiopiu.net\/wordpress\/wp-json\/wp\/v2\/media\/315514"}],"wp:attachment":[{"href":"https:\/\/www.radiopiu.net\/wordpress\/wp-json\/wp\/v2\/media?parent=315512"}],"wp:term":[{"taxonomy":"category","embeddable":true,"href":"https:\/\/www.radiopiu.net\/wordpress\/wp-json\/wp\/v2\/categories?post=315512"},{"taxonomy":"post_tag","embeddable":true,"href":"https:\/\/www.radiopiu.net\/wordpress\/wp-json\/wp\/v2\/tags?post=315512"}],"curies":[{"name":"wp","href":"https:\/\/api.w.org\/{rel}","templated":true}]}}