{"id":315518,"date":"2023-01-09T05:32:56","date_gmt":"2023-01-09T04:32:56","guid":{"rendered":"https:\/\/www.radiopiu.net\/wordpress\/?p=315518"},"modified":"2023-01-09T11:45:10","modified_gmt":"2023-01-09T10:45:10","slug":"giornale-radiopiu-09-gennaio-2023-direttore-mirko-mezzacasa-verso-i-40-anni-25-giugno-1983-25-giugno-2023ore-mirko-mezzacasa-verso-i-40-anni-25-giugno-1983-25-giugno-2023","status":"publish","type":"post","link":"https:\/\/www.radiopiu.net\/wordpress\/giornale-radiopiu-09-gennaio-2023-direttore-mirko-mezzacasa-verso-i-40-anni-25-giugno-1983-25-giugno-2023ore-mirko-mezzacasa-verso-i-40-anni-25-giugno-1983-25-giugno-2023\/","title":{"rendered":"GIORNALE RADIOPIU 09 GENNAIO 2023 DIRETTORE MIRKO MEZZACASA&#8230;verso i 40 anni 25 giugno 1983-25 giugno 2023ORE MIRKO MEZZACASA&#8230;verso i 40 anni 25 giugno 1983-25 giugno 2023"},"content":{"rendered":"<h3 class=\"kvgmc6g5 cxmmr5t8 oygrvhab hcukyx3x c1et5uql\"><span style=\"color: #0000ff;\"><strong>RADIO PIU INFORMAZIONE il canale su TELEGRAM informazione di prima\u00a0 <\/strong><strong>mano e in tempo reale. iscriviti ed aiutaci a farlo conoscere\u00a0 \u00a0 \u00a0 \u00a0<\/strong><\/span><\/h3>\n<h3 class=\"kvgmc6g5 cxmmr5t8 oygrvhab hcukyx3x c1et5uql\"><span style=\"color: #0000ff;\"><strong><span style=\"color: #000000;\">\u00a0ultim&#8217;ora&#8230;le nevicata a Malga Losch_Frassene&#8217;\u00a0<\/span><br \/>\n<a class=\"dt-pswp-item\" href=\"https:\/\/www.radiopiu.net\/wordpress\/wp-content\/uploads\/2023\/01\/ec035186-9d61-4a8b-8bf4-5c5a6b578319.jpg\" data-dt-img-description=\"\" data-large_image_width=\"1111\" data-large_image_height=\"939\"><img loading=\"lazy\" decoding=\"async\" class=\"size-medium wp-image-315766 aligncenter\" src=\"https:\/\/www.radiopiu.net\/wordpress\/wp-content\/uploads\/2023\/01\/ec035186-9d61-4a8b-8bf4-5c5a6b578319-300x254.jpg\" alt=\"\" width=\"300\" height=\"254\" srcset=\"https:\/\/www.radiopiu.net\/wordpress\/wp-content\/uploads\/2023\/01\/ec035186-9d61-4a8b-8bf4-5c5a6b578319-300x254.jpg 300w, https:\/\/www.radiopiu.net\/wordpress\/wp-content\/uploads\/2023\/01\/ec035186-9d61-4a8b-8bf4-5c5a6b578319-1024x865.jpg 1024w, https:\/\/www.radiopiu.net\/wordpress\/wp-content\/uploads\/2023\/01\/ec035186-9d61-4a8b-8bf4-5c5a6b578319-768x649.jpg 768w, https:\/\/www.radiopiu.net\/wordpress\/wp-content\/uploads\/2023\/01\/ec035186-9d61-4a8b-8bf4-5c5a6b578319.jpg 1111w\" sizes=\"auto, (max-width: 300px) 100vw, 300px\" \/><\/a><br \/>\n<\/strong><\/span><\/h3>\n<h3 class=\"kvgmc6g5 cxmmr5t8 oygrvhab hcukyx3x c1et5uql\"><span style=\"color: #0000ff;\"><strong>\u00a0\u00a0<\/strong><\/span><\/h3>\n<h2><span style=\"color: #ff0000;\">ISCRIVITI AL NOSTRO CANALE YOUTUBE PER SEGUIRE IN DIRETTA I PRINCIPALI PROGRAMMI DI RADIO PIU&#8217; E LE FUTURE DIRETTE IN ESTERNA. PER ISCRIVERTI <a style=\"color: #ff0000;\" href=\"https:\/\/youtube.com\/@radiopiu1527\">CLICCA QUI<\/a> E PREMI IL TASTO &#8220;Iscriviti&#8221;\u00a0\u00a0<\/span><\/h2>\n<p>&nbsp;<\/p>\n<hr \/>\n<p>&nbsp;<\/p>\n<h3><a class=\"dt-pswp-item\" href=\"https:\/\/www.radiopiu.net\/wordpress\/wp-content\/uploads\/2023\/01\/323887939_1653888601774176_8295237538850810197_n.jpg\" data-dt-img-description=\"\" data-large_image_width=\"526\" data-large_image_height=\"685\"><img loading=\"lazy\" decoding=\"async\" class=\"size-medium wp-image-315769 alignleft\" src=\"https:\/\/www.radiopiu.net\/wordpress\/wp-content\/uploads\/2023\/01\/323887939_1653888601774176_8295237538850810197_n-230x300.jpg\" alt=\"\" width=\"230\" height=\"300\" srcset=\"https:\/\/www.radiopiu.net\/wordpress\/wp-content\/uploads\/2023\/01\/323887939_1653888601774176_8295237538850810197_n-230x300.jpg 230w, https:\/\/www.radiopiu.net\/wordpress\/wp-content\/uploads\/2023\/01\/323887939_1653888601774176_8295237538850810197_n.jpg 526w\" sizes=\"auto, (max-width: 230px) 100vw, 230px\" \/><\/a>CARI FRATELLI&#8230; VI STO CERCANDO PER CONOSCERE LE NOSTRE STORIE<\/h3>\n<p><strong>REDAZIONE<\/strong> Sulla pagina facebook\u00a0 \u00e8 comparso l&#8217;appello. Una donna, di una famiglia di sette fratelli tutti adottati \u00e8 alla ricerca dei fratelli per conoscerli. Anna Gustetti, 59 anni, nata al Lido di Venezia ha lanciato il suo appello sulla pagina Facebook &#8220;Ti cerco, appelli di persone che cercano le loro origini e i propri cari&#8221;: una storia commovente, gi\u00e0 condivisa da centinaia di persone. Anna \u00e8 stata adottata quando aveva 11 anni e ricorda i nomi e le et\u00e0 di tutti i suoi fratelli: Ernesto, il maggiore, oggi ha 60 anni e nel 1973 trov\u00f2 una nuova famiglia a Sedico (Belluno); quello stesso anno Alessandro, che oggi ha 54 anni, si trasfer\u00ec a Roma, mentre Giovanni, 50 anni, trov\u00f2 dei nuovi genitori a Treviso. Nel 1976 cambi\u00f2 il destino dei tre gemelli nati nel 1975: sono Emanuele, Daniele e Oriana, i primi due furono accolti nel Padovano a Rubano, mentre la piccola ebbe il calore di una casa a Caorle, nel Veneziano.<\/p>\n<p>&nbsp;<\/p>\n<p>&nbsp;<\/p>\n<hr \/>\n<p>&nbsp;<\/p>\n<blockquote>\n<h3>AUTOSTRADA A27 CHIUSA PER DUE NOTTI TRA BELLUNO E FADALTO<\/h3>\n<\/blockquote>\n<p><strong><a class=\"dt-pswp-item\" href=\"https:\/\/www.radiopiu.net\/wordpress\/wp-content\/uploads\/2021\/07\/AUTOSTRADA-A-27.png\" data-dt-img-description=\"\" data-large_image_width=\"1024\" data-large_image_height=\"1024\"><img loading=\"lazy\" decoding=\"async\" class=\"wp-image-221382 alignleft\" src=\"https:\/\/www.radiopiu.net\/wordpress\/wp-content\/uploads\/2021\/07\/AUTOSTRADA-A-27-300x300.png\" alt=\"\" width=\"135\" height=\"135\" srcset=\"https:\/\/www.radiopiu.net\/wordpress\/wp-content\/uploads\/2021\/07\/AUTOSTRADA-A-27-300x300.png 300w, https:\/\/www.radiopiu.net\/wordpress\/wp-content\/uploads\/2021\/07\/AUTOSTRADA-A-27-150x150.png 150w, https:\/\/www.radiopiu.net\/wordpress\/wp-content\/uploads\/2021\/07\/AUTOSTRADA-A-27-768x768.png 768w, https:\/\/www.radiopiu.net\/wordpress\/wp-content\/uploads\/2021\/07\/AUTOSTRADA-A-27.png 1024w\" sizes=\"auto, (max-width: 135px) 100vw, 135px\" \/><\/a>REDAZIONE <\/strong>Sulla A27 Mestre-Belluno, per consentire attivit\u00e0 di ispezione e manutenzione delle gallerie, sar\u00e0 chiuso il tratto compreso tra Belluno e Fadalto Lago di Santa Croce, nei seguenti giorni e con le seguenti modalit\u00e0: dalle 22:00 di oggi alle 6:00 di mercoledi sar\u00e0 chiuso il tratto compreso tra Belluno e Fadalto Lago di Santa Croce, verso Mestre. In alternativa, si potr\u00e0 entrare alla stazione di Fadalto Lago di Santa Croce, dopo aver percorso la SS51 Alemagna; dalle 22:00 di doggii alle 6:00 di mercoled\u00ec, sar\u00e0 chiuso il tratto compreso tra Fadalto Lago di Santa Croce e Belluno, verso Belluno. In alternativa, dopo l&#8217;uscita obbligatoria alla stazione di Fadalto Lago di Santa Croce, proseguire sulla SS51 Alemagna verso Belluno e rientrare sulla A27 allo svincolo di Belluno-Cadola.<\/p>\n<p>&nbsp;<\/p>\n<p>&nbsp;<\/p>\n<hr \/>\n<p>&nbsp;<\/p>\n<blockquote>\n<h3>OGGI I FUNERALI DI RENZO GAVAZ. IL RICORDO DI OSCAR DE BONA, PRESIDENTE DELL&#8217;ASSOCIAZIONE BELLUNESI NEL MONDO<\/h3>\n<\/blockquote>\n<p><strong><a class=\"dt-pswp-item\" href=\"https:\/\/www.radiopiu.net\/wordpress\/wp-content\/uploads\/2023\/01\/06a0d0db-660b-4a23-8a3f-82c3df059fc5.jpg\" data-dt-img-description=\"\" data-large_image_width=\"1200\" data-large_image_height=\"1600\"><img loading=\"lazy\" decoding=\"async\" class=\" wp-image-315189 alignleft\" src=\"https:\/\/www.radiopiu.net\/wordpress\/wp-content\/uploads\/2023\/01\/06a0d0db-660b-4a23-8a3f-82c3df059fc5-225x300.jpg\" alt=\"\" width=\"127\" height=\"169\" srcset=\"https:\/\/www.radiopiu.net\/wordpress\/wp-content\/uploads\/2023\/01\/06a0d0db-660b-4a23-8a3f-82c3df059fc5-225x300.jpg 225w, https:\/\/www.radiopiu.net\/wordpress\/wp-content\/uploads\/2023\/01\/06a0d0db-660b-4a23-8a3f-82c3df059fc5-768x1024.jpg 768w, https:\/\/www.radiopiu.net\/wordpress\/wp-content\/uploads\/2023\/01\/06a0d0db-660b-4a23-8a3f-82c3df059fc5-1152x1536.jpg 1152w, https:\/\/www.radiopiu.net\/wordpress\/wp-content\/uploads\/2023\/01\/06a0d0db-660b-4a23-8a3f-82c3df059fc5.jpg 1200w\" sizes=\"auto, (max-width: 127px) 100vw, 127px\" \/><\/a>AGORDO<\/strong> Saranno celebrati oggi alle 14:30 nella Chiesa Arcidiaconale di Agordo i funerali di Renzo Gavaz. Una comunit\u00e0 intera si stringe attorno alla famiglia di Renzo in queste ore per rendere omaggio alla grande persona che \u00e8 stata. Anche Oscar De Bona, presidente dell&#8217;Associazione Bellunesi Nel Mondo e gi\u00e0 presidente della provincia di Belluno con Renzo Gavaz, ha voluto ricordare l&#8217;amico scomparso nelle ultime ore. <em><strong>I funerali di Renzo Gavaz saranno trasmessi in diretta da Radio Pi\u00f9 in FM, streaming e sui canali social con Facebook e Telegram.\u00a0<\/strong><\/em><\/p>\n<p><strong>OSCAR DE BONA, PRESIDENTE DELL&#8217;ASSOCIAZIONE BELLUNESI NEL MONDO<\/strong><\/p>\n<audio class=\"wp-audio-shortcode\" id=\"audio-315518-1\" preload=\"none\" style=\"width: 100%;\" controls=\"controls\"><source type=\"audio\/mpeg\" src=\"https:\/\/www.radiopiu.net\/wordpress\/wp-content\/uploads\/2023\/01\/OSCAR-DE-BONA-RENZO-GAVAZ.mp3?_=1\" \/><a href=\"https:\/\/www.radiopiu.net\/wordpress\/wp-content\/uploads\/2023\/01\/OSCAR-DE-BONA-RENZO-GAVAZ.mp3\">https:\/\/www.radiopiu.net\/wordpress\/wp-content\/uploads\/2023\/01\/OSCAR-DE-BONA-RENZO-GAVAZ.mp3<\/a><\/audio>\n<p>&nbsp;<\/p>\n\n\t\t\t<style type='text\/css'>\n\t\t\t\t#gallery-1 {\n\t\t\t\t\tmargin: auto;\n\t\t\t\t}\n\t\t\t\t#gallery-1 .gallery-item {\n\t\t\t\t\tfloat: left;\n\t\t\t\t\tmargin-top: 10px;\n\t\t\t\t\ttext-align: center;\n\t\t\t\t\twidth: 50%;\n\t\t\t\t}\n\t\t\t\t#gallery-1 img {\n\t\t\t\t\tborder: 2px solid #cfcfcf;\n\t\t\t\t}\n\t\t\t\t#gallery-1 .gallery-caption {\n\t\t\t\t\tmargin-left: 0;\n\t\t\t\t}\n\t\t\t\t\/* see gallery_shortcode() in wp-includes\/media.php *\/\n\t\t\t<\/style>\n\t\t<div id='gallery-1' class='dt-gallery-container gallery galleryid-315518 gallery-columns-2 gallery-size-medium'><dl class='gallery-item'>\n\t\t\t\t<dt class='gallery-icon portrait'>\n\t\t\t\t\t<a class=\"rollover rollover-zoom dt-pswp-item\" title=\"Schermata 2023-01-07 alle 11.43.37\" data-dt-img-description=\"\" data-large_image_width=\"1248\" data-large_image_height=\"1762\"href='https:\/\/www.radiopiu.net\/wordpress\/wp-content\/uploads\/2023\/01\/Schermata-2023-01-07-alle-11.43.37.png'><img loading=\"lazy\" decoding=\"async\" width=\"212\" height=\"300\" src=\"https:\/\/www.radiopiu.net\/wordpress\/wp-content\/uploads\/2023\/01\/Schermata-2023-01-07-alle-11.43.37-212x300.png\" class=\"attachment-medium size-medium\" alt=\"\" srcset=\"https:\/\/www.radiopiu.net\/wordpress\/wp-content\/uploads\/2023\/01\/Schermata-2023-01-07-alle-11.43.37-212x300.png 212w, https:\/\/www.radiopiu.net\/wordpress\/wp-content\/uploads\/2023\/01\/Schermata-2023-01-07-alle-11.43.37-725x1024.png 725w, https:\/\/www.radiopiu.net\/wordpress\/wp-content\/uploads\/2023\/01\/Schermata-2023-01-07-alle-11.43.37-768x1084.png 768w, https:\/\/www.radiopiu.net\/wordpress\/wp-content\/uploads\/2023\/01\/Schermata-2023-01-07-alle-11.43.37-1088x1536.png 1088w, https:\/\/www.radiopiu.net\/wordpress\/wp-content\/uploads\/2023\/01\/Schermata-2023-01-07-alle-11.43.37.png 1248w\" sizes=\"auto, (max-width: 212px) 100vw, 212px\" \/><\/a>\n\t\t\t\t<\/dt><\/dl><dl class='gallery-item'>\n\t\t\t\t<dt class='gallery-icon landscape'>\n\t\t\t\t\t<a class=\"rollover rollover-zoom dt-pswp-item\" title=\"RENZO-GAVAZ-RADIOP-PIU-1\" data-dt-img-description=\"\" data-large_image_width=\"1261\" data-large_image_height=\"894\"href='https:\/\/www.radiopiu.net\/wordpress\/wp-content\/uploads\/2023\/01\/RENZO-GAVAZ-RADIOP-PIU-1-1.jpg'><img loading=\"lazy\" decoding=\"async\" width=\"300\" height=\"213\" src=\"https:\/\/www.radiopiu.net\/wordpress\/wp-content\/uploads\/2023\/01\/RENZO-GAVAZ-RADIOP-PIU-1-1-300x213.jpg\" class=\"attachment-medium size-medium\" alt=\"\" srcset=\"https:\/\/www.radiopiu.net\/wordpress\/wp-content\/uploads\/2023\/01\/RENZO-GAVAZ-RADIOP-PIU-1-1-300x213.jpg 300w, https:\/\/www.radiopiu.net\/wordpress\/wp-content\/uploads\/2023\/01\/RENZO-GAVAZ-RADIOP-PIU-1-1-1024x726.jpg 1024w, https:\/\/www.radiopiu.net\/wordpress\/wp-content\/uploads\/2023\/01\/RENZO-GAVAZ-RADIOP-PIU-1-1-768x544.jpg 768w, https:\/\/www.radiopiu.net\/wordpress\/wp-content\/uploads\/2023\/01\/RENZO-GAVAZ-RADIOP-PIU-1-1.jpg 1261w\" sizes=\"auto, (max-width: 300px) 100vw, 300px\" \/><\/a>\n\t\t\t\t<\/dt><\/dl><br style=\"clear: both\" \/><dl class='gallery-item'>\n\t\t\t\t<dt class='gallery-icon landscape'>\n\t\t\t\t\t<a class=\"rollover rollover-zoom dt-pswp-item\" title=\"Schermata 2023-01-08 alle 14.44.44\" data-dt-img-description=\"\" data-large_image_width=\"2476\" data-large_image_height=\"1704\"href='https:\/\/www.radiopiu.net\/wordpress\/wp-content\/uploads\/2023\/01\/Schermata-2023-01-08-alle-14.44.44.png'><img loading=\"lazy\" decoding=\"async\" width=\"300\" height=\"206\" src=\"https:\/\/www.radiopiu.net\/wordpress\/wp-content\/uploads\/2023\/01\/Schermata-2023-01-08-alle-14.44.44-300x206.png\" class=\"attachment-medium size-medium\" alt=\"\" srcset=\"https:\/\/www.radiopiu.net\/wordpress\/wp-content\/uploads\/2023\/01\/Schermata-2023-01-08-alle-14.44.44-300x206.png 300w, https:\/\/www.radiopiu.net\/wordpress\/wp-content\/uploads\/2023\/01\/Schermata-2023-01-08-alle-14.44.44-1024x705.png 1024w, https:\/\/www.radiopiu.net\/wordpress\/wp-content\/uploads\/2023\/01\/Schermata-2023-01-08-alle-14.44.44-768x529.png 768w, https:\/\/www.radiopiu.net\/wordpress\/wp-content\/uploads\/2023\/01\/Schermata-2023-01-08-alle-14.44.44-1536x1057.png 1536w, https:\/\/www.radiopiu.net\/wordpress\/wp-content\/uploads\/2023\/01\/Schermata-2023-01-08-alle-14.44.44-2048x1409.png 2048w\" sizes=\"auto, (max-width: 300px) 100vw, 300px\" \/><\/a>\n\t\t\t\t<\/dt><\/dl><dl class='gallery-item'>\n\t\t\t\t<dt class='gallery-icon landscape'>\n\t\t\t\t\t<a class=\"rollover rollover-zoom dt-pswp-item\" title=\"Renzo-Gavaz-Partecipazione-circolo-el-broi-AUSER.\" data-dt-img-description=\"\" data-large_image_width=\"814\" data-large_image_height=\"570\"href='https:\/\/www.radiopiu.net\/wordpress\/wp-content\/uploads\/2023\/01\/Renzo-Gavaz-Partecipazione-circolo-el-broi-AUSER.-1.jpg'><img loading=\"lazy\" decoding=\"async\" width=\"300\" height=\"210\" src=\"https:\/\/www.radiopiu.net\/wordpress\/wp-content\/uploads\/2023\/01\/Renzo-Gavaz-Partecipazione-circolo-el-broi-AUSER.-1-300x210.jpg\" class=\"attachment-medium size-medium\" alt=\"\" srcset=\"https:\/\/www.radiopiu.net\/wordpress\/wp-content\/uploads\/2023\/01\/Renzo-Gavaz-Partecipazione-circolo-el-broi-AUSER.-1-300x210.jpg 300w, https:\/\/www.radiopiu.net\/wordpress\/wp-content\/uploads\/2023\/01\/Renzo-Gavaz-Partecipazione-circolo-el-broi-AUSER.-1-768x538.jpg 768w, https:\/\/www.radiopiu.net\/wordpress\/wp-content\/uploads\/2023\/01\/Renzo-Gavaz-Partecipazione-circolo-el-broi-AUSER.-1.jpg 814w\" sizes=\"auto, (max-width: 300px) 100vw, 300px\" \/><\/a>\n\t\t\t\t<\/dt><\/dl><br style=\"clear: both\" \/>\n\t\t\t<\/div>\n\n<p>&nbsp;<\/p>\n<hr \/>\n<p>&nbsp;<\/p>\n<blockquote>\n<h2>TRAGEDIA A TRIESTE, MUORE DURANTE UNA GARA<\/h2>\n<blockquote>\n<h3><a class=\"dt-pswp-item\" href=\"https:\/\/www.radiopiu.net\/wordpress\/wp-content\/uploads\/2023\/01\/Senza-nome-17.jpg\" data-dt-img-description=\"\" data-large_image_width=\"285\" data-large_image_height=\"238\"><img loading=\"lazy\" decoding=\"async\" class=\"wp-image-315755 alignleft\" src=\"https:\/\/www.radiopiu.net\/wordpress\/wp-content\/uploads\/2023\/01\/Senza-nome-17.jpg\" alt=\"\" width=\"150\" height=\"125\" \/><\/a><\/h3>\n<\/blockquote>\n<p><strong>TRIESTE<\/strong> Manlio Millo, 56 anni di Belluno \u00e8 stramazzato al suolo a pochi metri dal traguardo della &#8220;corsa della bora&#8221;, competizione triestina. Inutili gli immediati soccorsi, l&#8217;uomo \u00e8 morto colto da infarto sotto agli aocchi della moglie Francesca, stavano camminando assieme e aveva quasi ultimato la mezza maratona da 21 chilometri. Originario di Belluno da anni svolgeva la professione di consulente farmaceutico a Mestre.\u00a0 La tragedia a Sistiana, nei pressi di Portopiccolo. Il personale in servizio per la gara ha tentato di rianimare il cinquantaseienne in ogni modo, utilizzando pi\u00f9 volte il defibrillatore. Ma purtroppo Millo non si \u00e8 mai ripreso. L&#8217;uomo \u00e8 stato trasportato all&#8217;ospedale di Udine, ritenuto raggiungibile pi\u00f9 rapidamente. Manlio lascia la moglie e il figlio Davide,\u00a0 il padre \u00e8 morto da tempo, era il professor Omero Millo, che ha insegnato sia alle elementari che alle medie che al liceo\u00a0 classico ed \u00e8 stato anche direttore del Centro di Orientamento scolastico.<\/p><\/blockquote>\n<p>&nbsp;<\/p>\n<hr \/>\n<p>&nbsp;<\/p>\n<p>&nbsp;<\/p>\n<blockquote>\n<h3><a class=\"dt-pswp-item\" href=\"https:\/\/www.radiopiu.net\/wordpress\/wp-content\/uploads\/2023\/01\/Senza-nome-18.jpg\" data-dt-img-description=\"\" data-large_image_width=\"361\" data-large_image_height=\"344\"><img loading=\"lazy\" decoding=\"async\" class=\"wp-image-315759 alignleft\" src=\"https:\/\/www.radiopiu.net\/wordpress\/wp-content\/uploads\/2023\/01\/Senza-nome-18-300x286.jpg\" alt=\"\" width=\"120\" height=\"114\" srcset=\"https:\/\/www.radiopiu.net\/wordpress\/wp-content\/uploads\/2023\/01\/Senza-nome-18-300x286.jpg 300w, https:\/\/www.radiopiu.net\/wordpress\/wp-content\/uploads\/2023\/01\/Senza-nome-18.jpg 361w\" sizes=\"auto, (max-width: 120px) 100vw, 120px\" \/><\/a>E&#8217; MORTO L&#8217;AVVOCATO ZANGRANDO<\/h3>\n<\/blockquote>\n<p><strong>BELLUNO<\/strong> E&#8217; mancato Peppino Zangrando, politico e avvocato di 91 anni, gi\u00e0 dirigente del Partito Comunista e consigliere provinciale. Era nato a Perarolo di Cadore l&#8217;8 febbraio 1931 e aveva vissuto la Resistenza da adolescente gi\u00e0 molto impegnato, prima di fondare il Fronte della Giovent\u00f9, che all&#8217;epoca era un&#8217;organizzazione che raggruppava i giovani vicini agli ideali social-comunisti. Inoltre, \u00e8 stato il primo segretario della Federazione italiana giovani comunisti, prima di diventare dirigente del pi\u00f9 importante partito della Sinistra italiana. Si \u00e8 laureato in Giurisprudenza nel 1954, all&#8217;universit\u00e0 di Padova<\/p>\n<p>&nbsp;<\/p>\n<hr \/>\n<p>&nbsp;<\/p>\n<blockquote>\n<h3>PREVISTE NEVICATE SU DOLOMITI E PREALPI, EMESSO AVVISO DI CRITICITA\u2019 PER VALANGHE CON STATO DI ATTENZIONE DA OGGI<\/h3>\n<\/blockquote>\n<p><strong><a class=\"dt-pswp-item\" href=\"https:\/\/www.radiopiu.net\/wordpress\/wp-content\/uploads\/2021\/01\/neve-111.jpg\" data-dt-img-description=\"\" data-large_image_width=\"1920\" data-large_image_height=\"1079\"><img loading=\"lazy\" decoding=\"async\" class=\" wp-image-183393 alignleft\" src=\"https:\/\/www.radiopiu.net\/wordpress\/wp-content\/uploads\/2021\/01\/neve-111-300x169.jpg\" alt=\"\" width=\"204\" height=\"115\" srcset=\"https:\/\/www.radiopiu.net\/wordpress\/wp-content\/uploads\/2021\/01\/neve-111-300x169.jpg 300w, https:\/\/www.radiopiu.net\/wordpress\/wp-content\/uploads\/2021\/01\/neve-111-1024x575.jpg 1024w, https:\/\/www.radiopiu.net\/wordpress\/wp-content\/uploads\/2021\/01\/neve-111-768x432.jpg 768w, https:\/\/www.radiopiu.net\/wordpress\/wp-content\/uploads\/2021\/01\/neve-111-1536x863.jpg 1536w, https:\/\/www.radiopiu.net\/wordpress\/wp-content\/uploads\/2021\/01\/neve-111.jpg 1920w\" sizes=\"auto, (max-width: 204px) 100vw, 204px\" \/><\/a>VENEZIA <\/strong>Il Centro Funzionale decentrato della Protezione civile regionale ha emesso un avviso di criticit\u00e0 per valanghe in cui \u00e8 fissata la fase operativa di attenzione per il territorio della zona MONT-1 (Dolomiti) e MONT-2 (Prealpi), da riconfigurare a livello locale in fase operativa di preallarme o allarme in presenza di particolari e non prevedibili situazioni di emergenza a partire da oggi alle ore 6. Nel dettaglio, le valanghe attese possono interessare in modo localizzato siti abitualmente esposti al pericolo valanghe, vie di comunicazione in quota e passi dolomitici. Sono possibili valanghe da slittamento con fessurazioni e pochi fenomeni in movimento localizzati in particolar modo lungo i pendii ripidi con suolo erboso. Sono previste nevicate con apporti di 20-35 cm nelle Dolomiti a 2000 m e di 20-50 cm nelle Prealpi oltre i 1500 m di quota.<\/p>\n<p><strong>FALCADE<\/strong><\/p>\n<div style=\"width: 576px;\" class=\"wp-video\"><video class=\"wp-video-shortcode\" id=\"video-315518-1\" width=\"576\" height=\"320\" preload=\"metadata\" controls=\"controls\"><source type=\"video\/mp4\" src=\"https:\/\/www.radiopiu.net\/wordpress\/wp-content\/uploads\/2023\/01\/324097417_5790151717770676_8430209313624128072_n.mp4?_=1\" \/><a href=\"https:\/\/www.radiopiu.net\/wordpress\/wp-content\/uploads\/2023\/01\/324097417_5790151717770676_8430209313624128072_n.mp4\">https:\/\/www.radiopiu.net\/wordpress\/wp-content\/uploads\/2023\/01\/324097417_5790151717770676_8430209313624128072_n.mp4<\/a><\/video><\/div>\n<p>&nbsp;<\/p>\n<p>&nbsp;<\/p>\n<hr \/>\n<p>&nbsp;<\/p>\n<blockquote>\n<h3>AUTO CAPOVOLTA IN UNA ROGGIA A MUGNAI. FAMIGLIA RIMASTA FERITA<\/h3>\n<p>Gravemente ferita una 18enne, che viaggiava con i genitori e che \u00e8 stata trasportata all&#8217;ospedale di Verona in codice rosso. Illeso il pap\u00e0, ferita in modo meno grave la mamma ricoverata al Santa Maria del Prato di Feltre.<\/p><\/blockquote>\n<p><strong>FELTRE<\/strong> Ieri, poco prima delle 18:30 i Vigili del Fuoco sono intervenuti in localit\u00e0 Mugnai nel comune di Feltre per un\u2019auto finita rovesciata in una piccola roggia: ferita una famiglia di tre persone, figlia, madre e padre. I pompieri accorsi dal locale distaccamento, hanno messo in sicurezza l\u2019auto, mentre i tre occupanti sono stati assistiti dal personale sanitario del Suem. Sul posto i Carabinieri. Le operazioni di recupero della vettura con l\u2019autogr\u00f9 dei vigili del fuoco arrivata da Belluno sono terminate in serata<\/p>\n\n\t\t\t<style type='text\/css'>\n\t\t\t\t#gallery-2 {\n\t\t\t\t\tmargin: auto;\n\t\t\t\t}\n\t\t\t\t#gallery-2 .gallery-item {\n\t\t\t\t\tfloat: left;\n\t\t\t\t\tmargin-top: 10px;\n\t\t\t\t\ttext-align: center;\n\t\t\t\t\twidth: 20%;\n\t\t\t\t}\n\t\t\t\t#gallery-2 img {\n\t\t\t\t\tborder: 2px solid #cfcfcf;\n\t\t\t\t}\n\t\t\t\t#gallery-2 .gallery-caption {\n\t\t\t\t\tmargin-left: 0;\n\t\t\t\t}\n\t\t\t\t\/* see gallery_shortcode() in wp-includes\/media.php *\/\n\t\t\t<\/style>\n\t\t<div id='gallery-2' class='dt-gallery-container gallery galleryid-315518 gallery-columns-5 gallery-size-medium'><dl class='gallery-item'>\n\t\t\t\t<dt class='gallery-icon landscape'>\n\t\t\t\t\t<a class=\"rollover rollover-zoom dt-pswp-item\" title=\"ca420f0f-a40d-4b16-af23-eb03de2fd7f6\" data-dt-img-description=\"\" data-large_image_width=\"1280\" data-large_image_height=\"720\"href='https:\/\/www.radiopiu.net\/wordpress\/wp-content\/uploads\/2023\/01\/ca420f0f-a40d-4b16-af23-eb03de2fd7f6.jpg'><img loading=\"lazy\" decoding=\"async\" width=\"300\" height=\"169\" src=\"https:\/\/www.radiopiu.net\/wordpress\/wp-content\/uploads\/2023\/01\/ca420f0f-a40d-4b16-af23-eb03de2fd7f6-300x169.jpg\" class=\"attachment-medium size-medium\" alt=\"\" srcset=\"https:\/\/www.radiopiu.net\/wordpress\/wp-content\/uploads\/2023\/01\/ca420f0f-a40d-4b16-af23-eb03de2fd7f6-300x169.jpg 300w, https:\/\/www.radiopiu.net\/wordpress\/wp-content\/uploads\/2023\/01\/ca420f0f-a40d-4b16-af23-eb03de2fd7f6-1024x576.jpg 1024w, https:\/\/www.radiopiu.net\/wordpress\/wp-content\/uploads\/2023\/01\/ca420f0f-a40d-4b16-af23-eb03de2fd7f6-768x432.jpg 768w, https:\/\/www.radiopiu.net\/wordpress\/wp-content\/uploads\/2023\/01\/ca420f0f-a40d-4b16-af23-eb03de2fd7f6.jpg 1280w\" sizes=\"auto, (max-width: 300px) 100vw, 300px\" \/><\/a>\n\t\t\t\t<\/dt><\/dl><dl class='gallery-item'>\n\t\t\t\t<dt class='gallery-icon landscape'>\n\t\t\t\t\t<a class=\"rollover rollover-zoom dt-pswp-item\" title=\"9b716d2b-64aa-44e5-92b1-cb0f487db02d\" data-dt-img-description=\"\" data-large_image_width=\"1280\" data-large_image_height=\"720\"href='https:\/\/www.radiopiu.net\/wordpress\/wp-content\/uploads\/2023\/01\/9b716d2b-64aa-44e5-92b1-cb0f487db02d.jpg'><img loading=\"lazy\" decoding=\"async\" width=\"300\" height=\"169\" src=\"https:\/\/www.radiopiu.net\/wordpress\/wp-content\/uploads\/2023\/01\/9b716d2b-64aa-44e5-92b1-cb0f487db02d-300x169.jpg\" class=\"attachment-medium size-medium\" alt=\"\" srcset=\"https:\/\/www.radiopiu.net\/wordpress\/wp-content\/uploads\/2023\/01\/9b716d2b-64aa-44e5-92b1-cb0f487db02d-300x169.jpg 300w, https:\/\/www.radiopiu.net\/wordpress\/wp-content\/uploads\/2023\/01\/9b716d2b-64aa-44e5-92b1-cb0f487db02d-1024x576.jpg 1024w, https:\/\/www.radiopiu.net\/wordpress\/wp-content\/uploads\/2023\/01\/9b716d2b-64aa-44e5-92b1-cb0f487db02d-768x432.jpg 768w, https:\/\/www.radiopiu.net\/wordpress\/wp-content\/uploads\/2023\/01\/9b716d2b-64aa-44e5-92b1-cb0f487db02d.jpg 1280w\" sizes=\"auto, (max-width: 300px) 100vw, 300px\" \/><\/a>\n\t\t\t\t<\/dt><\/dl><dl class='gallery-item'>\n\t\t\t\t<dt class='gallery-icon landscape'>\n\t\t\t\t\t<a class=\"rollover rollover-zoom dt-pswp-item\" title=\"304c3498-cbca-4747-abe9-e3f1dc8ba5ff\" data-dt-img-description=\"\" data-large_image_width=\"1280\" data-large_image_height=\"720\"href='https:\/\/www.radiopiu.net\/wordpress\/wp-content\/uploads\/2023\/01\/304c3498-cbca-4747-abe9-e3f1dc8ba5ff.jpg'><img loading=\"lazy\" decoding=\"async\" width=\"300\" height=\"169\" src=\"https:\/\/www.radiopiu.net\/wordpress\/wp-content\/uploads\/2023\/01\/304c3498-cbca-4747-abe9-e3f1dc8ba5ff-300x169.jpg\" class=\"attachment-medium size-medium\" alt=\"\" srcset=\"https:\/\/www.radiopiu.net\/wordpress\/wp-content\/uploads\/2023\/01\/304c3498-cbca-4747-abe9-e3f1dc8ba5ff-300x169.jpg 300w, https:\/\/www.radiopiu.net\/wordpress\/wp-content\/uploads\/2023\/01\/304c3498-cbca-4747-abe9-e3f1dc8ba5ff-1024x576.jpg 1024w, https:\/\/www.radiopiu.net\/wordpress\/wp-content\/uploads\/2023\/01\/304c3498-cbca-4747-abe9-e3f1dc8ba5ff-768x432.jpg 768w, https:\/\/www.radiopiu.net\/wordpress\/wp-content\/uploads\/2023\/01\/304c3498-cbca-4747-abe9-e3f1dc8ba5ff.jpg 1280w\" sizes=\"auto, (max-width: 300px) 100vw, 300px\" \/><\/a>\n\t\t\t\t<\/dt><\/dl><dl class='gallery-item'>\n\t\t\t\t<dt class='gallery-icon landscape'>\n\t\t\t\t\t<a class=\"rollover rollover-zoom dt-pswp-item\" title=\"95084f62-741e-4437-a7ef-cf246b384d12\" data-dt-img-description=\"\" data-large_image_width=\"1280\" data-large_image_height=\"720\"href='https:\/\/www.radiopiu.net\/wordpress\/wp-content\/uploads\/2023\/01\/95084f62-741e-4437-a7ef-cf246b384d12.jpg'><img loading=\"lazy\" decoding=\"async\" width=\"300\" height=\"169\" src=\"https:\/\/www.radiopiu.net\/wordpress\/wp-content\/uploads\/2023\/01\/95084f62-741e-4437-a7ef-cf246b384d12-300x169.jpg\" class=\"attachment-medium size-medium\" alt=\"\" srcset=\"https:\/\/www.radiopiu.net\/wordpress\/wp-content\/uploads\/2023\/01\/95084f62-741e-4437-a7ef-cf246b384d12-300x169.jpg 300w, https:\/\/www.radiopiu.net\/wordpress\/wp-content\/uploads\/2023\/01\/95084f62-741e-4437-a7ef-cf246b384d12-1024x576.jpg 1024w, https:\/\/www.radiopiu.net\/wordpress\/wp-content\/uploads\/2023\/01\/95084f62-741e-4437-a7ef-cf246b384d12-768x432.jpg 768w, https:\/\/www.radiopiu.net\/wordpress\/wp-content\/uploads\/2023\/01\/95084f62-741e-4437-a7ef-cf246b384d12.jpg 1280w\" sizes=\"auto, (max-width: 300px) 100vw, 300px\" \/><\/a>\n\t\t\t\t<\/dt><\/dl><dl class='gallery-item'>\n\t\t\t\t<dt class='gallery-icon landscape'>\n\t\t\t\t\t<a class=\"rollover rollover-zoom dt-pswp-item\" title=\"3641db0f-429c-43ab-8a96-6a3297abb2d6\" data-dt-img-description=\"\" data-large_image_width=\"900\" data-large_image_height=\"562\"href='https:\/\/www.radiopiu.net\/wordpress\/wp-content\/uploads\/2023\/01\/3641db0f-429c-43ab-8a96-6a3297abb2d6.jpg'><img loading=\"lazy\" decoding=\"async\" width=\"300\" height=\"187\" src=\"https:\/\/www.radiopiu.net\/wordpress\/wp-content\/uploads\/2023\/01\/3641db0f-429c-43ab-8a96-6a3297abb2d6-300x187.jpg\" class=\"attachment-medium size-medium\" alt=\"\" srcset=\"https:\/\/www.radiopiu.net\/wordpress\/wp-content\/uploads\/2023\/01\/3641db0f-429c-43ab-8a96-6a3297abb2d6-300x187.jpg 300w, https:\/\/www.radiopiu.net\/wordpress\/wp-content\/uploads\/2023\/01\/3641db0f-429c-43ab-8a96-6a3297abb2d6-768x480.jpg 768w, https:\/\/www.radiopiu.net\/wordpress\/wp-content\/uploads\/2023\/01\/3641db0f-429c-43ab-8a96-6a3297abb2d6.jpg 900w\" sizes=\"auto, (max-width: 300px) 100vw, 300px\" \/><\/a>\n\t\t\t\t<\/dt><\/dl><br style=\"clear: both\" \/>\n\t\t\t<\/div>\n\n<p>&nbsp;<\/p>\n<p>&nbsp;<\/p>\n<hr \/>\n<p>&nbsp;<\/p>\n<blockquote>\n<h3>IL RIENTRO<\/h3>\n<\/blockquote>\n<p><span class=\"selectable-text copyable-text\"><strong>REDAZIONE<\/strong> Non \u00e8 stato un fine settimana facile per coloro che si sono messi in viaggio per rientrare dalle vacanze. Le principali arterie della provincia di Belluno sono state oggetto di incolonnamenti sia sabato che domenica. Sulla chat Telegram &#8220;Viabilit\u00e0 Provincia di Belluno&#8221; le segnalazioni non sono mancate e sono arrivate da tutta la provincia. La situazione pi\u00f9 critica fin dal mattino si \u00e8 registrata in Cadore con incolonnamenti da Ospitale verso Longarone e l&#8217;autostrada A27. Dal pomeriggio anche la 203 Agordina ha avuto i suoi ingorghi con le auto incolonnate fino alla caserma dei Vigili del Fuoco sulla tangenziale di Agordo. Nella parte alta dell&#8217;Agordino anche una debolissima nevicata che ha interessato il Passo San Pellegrino dove c&#8217;\u00e8 stato anche un incidente<\/span><span class=\"selectable-text copyable-text\">.<\/span><\/p>\n\n\t\t\t<style type='text\/css'>\n\t\t\t\t#gallery-3 {\n\t\t\t\t\tmargin: auto;\n\t\t\t\t}\n\t\t\t\t#gallery-3 .gallery-item {\n\t\t\t\t\tfloat: left;\n\t\t\t\t\tmargin-top: 10px;\n\t\t\t\t\ttext-align: center;\n\t\t\t\t\twidth: 33%;\n\t\t\t\t}\n\t\t\t\t#gallery-3 img {\n\t\t\t\t\tborder: 2px solid #cfcfcf;\n\t\t\t\t}\n\t\t\t\t#gallery-3 .gallery-caption {\n\t\t\t\t\tmargin-left: 0;\n\t\t\t\t}\n\t\t\t\t\/* see gallery_shortcode() in wp-includes\/media.php *\/\n\t\t\t<\/style>\n\t\t<div id='gallery-3' class='dt-gallery-container gallery galleryid-315518 gallery-columns-3 gallery-size-thumbnail'><dl class='gallery-item'>\n\t\t\t\t<dt class='gallery-icon landscape'>\n\t\t\t\t\t<a class=\"rollover rollover-zoom dt-pswp-item\" title=\"89ebc599-74d5-47bc-a21e-0857ed04510b\" data-dt-img-description=\"\" data-large_image_width=\"800\" data-large_image_height=\"600\"href='https:\/\/www.radiopiu.net\/wordpress\/wp-content\/uploads\/2023\/01\/89ebc599-74d5-47bc-a21e-0857ed04510b.jpg'><img loading=\"lazy\" decoding=\"async\" width=\"150\" height=\"150\" src=\"https:\/\/www.radiopiu.net\/wordpress\/wp-content\/uploads\/2023\/01\/89ebc599-74d5-47bc-a21e-0857ed04510b-150x150.jpg\" class=\"attachment-thumbnail size-thumbnail\" alt=\"\" aria-describedby=\"gallery-3-315683\" \/><\/a>\n\t\t\t\t<\/dt>\n\t\t\t\t\t<dd class='wp-caption-text gallery-caption' id='gallery-3-315683'>\n\t\t\t\t\tAGORDO\n\t\t\t\t\t<\/dd><\/dl><dl class='gallery-item'>\n\t\t\t\t<dt class='gallery-icon portrait'>\n\t\t\t\t\t<a class=\"rollover rollover-zoom dt-pswp-item\" title=\"37ba464a-0902-4c3e-ace6-00d2e7ef0278\" data-dt-img-description=\"\" data-large_image_width=\"450\" data-large_image_height=\"800\"href='https:\/\/www.radiopiu.net\/wordpress\/wp-content\/uploads\/2023\/01\/37ba464a-0902-4c3e-ace6-00d2e7ef0278.jpg'><img loading=\"lazy\" decoding=\"async\" width=\"150\" height=\"150\" src=\"https:\/\/www.radiopiu.net\/wordpress\/wp-content\/uploads\/2023\/01\/37ba464a-0902-4c3e-ace6-00d2e7ef0278-150x150.jpg\" class=\"attachment-thumbnail size-thumbnail\" alt=\"\" aria-describedby=\"gallery-3-315693\" \/><\/a>\n\t\t\t\t<\/dt>\n\t\t\t\t\t<dd class='wp-caption-text gallery-caption' id='gallery-3-315693'>\n\t\t\t\t\tPASSO SAN PELLEGRINO\n\t\t\t\t\t<\/dd><\/dl><dl class='gallery-item'>\n\t\t\t\t<dt class='gallery-icon landscape'>\n\t\t\t\t\t<a class=\"rollover rollover-zoom dt-pswp-item\" title=\"51fc47f4-2e68-469e-979e-fb5ccf4cdfe8\" data-dt-img-description=\"\" data-large_image_width=\"2048\" data-large_image_height=\"1537\"href='https:\/\/www.radiopiu.net\/wordpress\/wp-content\/uploads\/2023\/01\/51fc47f4-2e68-469e-979e-fb5ccf4cdfe8.jpg'><img loading=\"lazy\" decoding=\"async\" width=\"150\" height=\"150\" src=\"https:\/\/www.radiopiu.net\/wordpress\/wp-content\/uploads\/2023\/01\/51fc47f4-2e68-469e-979e-fb5ccf4cdfe8-150x150.jpg\" class=\"attachment-thumbnail size-thumbnail\" alt=\"\" aria-describedby=\"gallery-3-315690\" \/><\/a>\n\t\t\t\t<\/dt>\n\t\t\t\t\t<dd class='wp-caption-text gallery-caption' id='gallery-3-315690'>\n\t\t\t\t\tINCIDENTE SAN PELLEGRINO\n\t\t\t\t\t<\/dd><\/dl><br style=\"clear: both\" \/>\n\t\t\t<\/div>\n\n<p><span class=\"selectable-text copyable-text\">\u00a0 <\/span><span class=\"selectable-text copyable-text\">\u00a0<\/span><\/p>\n<hr \/>\n<p>&nbsp;<\/p>\n<blockquote>\n<h3>RESTA BLOCCATA NELLA NEVE CON LA PROPRIA AUTO SEGUENDO LE INDICAZIONI DEL GPS<\/h3>\n<\/blockquote>\n<p><strong>VODO DI CADORE<\/strong> Attorno a mezzanotte e un quarto di sabato il Soccorso alpino di San Vito di Cadore \u00e8 stato attivato, per una donna bloccata con la propria auto sulla strada di Ciandolada, che da Zopp\u00e8 di Cadore porta a Vodo di Cadore passando per il Rifugio Talamini, attualmente chiusa. Diretta con la propria auto a Cortina d&#8217;Ampezzo, la 44enne croata, che aveva seguito le indicazioni del Gps che le aveva mostrato quel percorso, si \u00e8 trovata sulla strada innevata a dover affrontare una salita e la macchina \u00e8 uscita di strada piantandosi nella neve. Una squadra \u00e8 risalita con il quad da Vodo di Cadore e ha raggiunto la donna. Dopo aver messo le catene all&#8217;auto, i soccorritori hanno riportato la vettura sulla sede stradale utilizzando un verricello, per poi scendere verso Zopp\u00e8, da dove la donna si \u00e8 poi allontanata autonomamente. La squadra \u00e8 quindi rientrata.<\/p>\n<p>&nbsp;<\/p>\n<p>&nbsp;<\/p>\n<hr \/>\n<p>&nbsp;<\/p>\n<blockquote>\n<h3>ESCURSIONISTI SFINITI DALLA STANCHEZZA RECUPERATI DAL SOCCORSO ALPINO. STAVANO SALENDO AL RIFUGIO VANDELLI<\/h3>\n<\/blockquote>\n<p><strong>CORTINA<\/strong> Sabato verso le 14.30 la Centrale del 118 \u00e8 stata allertata da quattro escursionisti veneziani e rodigini, impossibilitati a proseguire in salita verso il Rifugio Vandelli poich\u00e9 due di loro erano sfiniti dalla stanchezza. In particolare un 41enne di Cavarzere (VE) che amentava dolori a una gamba e una 32enne molto provata dalla fatica. Non appena l&#8217;elicottero del Suem di Pieve di Cadore si \u00e8 liberato da un&#8217;altra missione \u00e8 volato al Passo Tre Croci per imbarcare due soccorritori di Cortina, in quanto le due coppie avevano con s\u00e9 anche due cani, uno di piccole e uno di grandi dimensioni. Individuati gli escursionisti lungo il sentiero numero 217 che da Valbona sale al Vandelli, 300 metri circa sotto il Rifugio, l&#8217;eliambulanza ha sbarcato con un verricello di una trentina di metri il tecnico di elisoccorso e i due soccorritori. I due in difficolt\u00e0 sono quindi stati issati a bordo per poi essere lasciati al Passo Tre Croci. Gli altri due, sempre un uomo e una donna, che erano in grado di camminare, sono scesi assieme ai loro cani e ai due soccorritori di Cortina rimasti a terra per riaccompagnarli a valle.<\/p>\n<p>&nbsp;<\/p>\n<p>&nbsp;<\/p>\n<hr \/>\n<p>&nbsp;<\/p>\n<blockquote>\n<h3>IL SINDACO DI LIVINALLONGO LEANDRO GRONES RISPONDE ALLA LETTERA SUI PARCHEGGI FUORI REGOLA: &#8220;LE AUTO ERANO PARCHEGGIATE A BORDO PISTA IN ZONA VIETATA&#8221;<\/h3>\n<\/blockquote>\n<p><strong><a class=\"dt-pswp-item\" href=\"https:\/\/www.radiopiu.net\/wordpress\/wp-content\/uploads\/2023\/01\/leandro-grones.png\" data-dt-img-description=\"\" data-large_image_width=\"854\" data-large_image_height=\"496\"><img loading=\"lazy\" decoding=\"async\" class=\" wp-image-315560 alignleft\" src=\"https:\/\/www.radiopiu.net\/wordpress\/wp-content\/uploads\/2023\/01\/leandro-grones-300x174.png\" alt=\"\" width=\"193\" height=\"112\" \/><\/a>LIVINALLONGO<\/strong> Il sindaco di Livinallongo Leandro Grones risponde alla lettera che abbiamo pubblicato nelle ultime ore riguardante i parcheggi &#8220;selvaggi&#8221; ad Arabba. Per il primo cittadino le multe fatte sono sacrosante, le auto erano parcheggiate in zone vietate. Fretta o non fretta bisogna lasciare l&#8217;auto nei parcheggi segnalati e non a bordo pista.<\/p>\n<p><strong>IL SINDACO DI LIVINALLONGO LEANDRO GRONES<\/strong><\/p>\n<audio class=\"wp-audio-shortcode\" id=\"audio-315518-2\" preload=\"none\" style=\"width: 100%;\" controls=\"controls\"><source type=\"audio\/mpeg\" src=\"https:\/\/www.radiopiu.net\/wordpress\/wp-content\/uploads\/2023\/01\/GRONES-PARCHEGGI.mp3?_=2\" \/><a href=\"https:\/\/www.radiopiu.net\/wordpress\/wp-content\/uploads\/2023\/01\/GRONES-PARCHEGGI.mp3\">https:\/\/www.radiopiu.net\/wordpress\/wp-content\/uploads\/2023\/01\/GRONES-PARCHEGGI.mp3<\/a><\/audio>\n<p>&nbsp;<\/p>\n<h2><span style=\"color: #ff0000;\"><strong>ALLA RADIO<\/strong><\/span><\/h2>\n<blockquote class=\"wp-embedded-content\" data-secret=\"jGR2kQyQY2\"><p><a href=\"https:\/\/www.radiopiu.net\/wordpress\/dillo-a-radio-piu-come-e-possibile-che-ad-arabba\/\">DILLO A RADIO PIU&#8217;&#8230; &#8220;COME E&#8217; POSSIBILE CHE AD ARABBA&#8230;&#8221;<\/a><\/p><\/blockquote>\n<p><iframe loading=\"lazy\" class=\"wp-embedded-content\" sandbox=\"allow-scripts\" security=\"restricted\" style=\"position: absolute; clip: rect(1px, 1px, 1px, 1px);\" title=\"&#8220;DILLO A RADIO PIU&#8217;&#8230; &#8220;COME E&#8217; POSSIBILE CHE AD ARABBA&#8230;&#8221;&#8221; &#8212; Radio Pi\u00f9\" src=\"https:\/\/www.radiopiu.net\/wordpress\/dillo-a-radio-piu-come-e-possibile-che-ad-arabba\/embed\/#?secret=6SzxnunAvB#?secret=jGR2kQyQY2\" data-secret=\"jGR2kQyQY2\" width=\"600\" height=\"338\" frameborder=\"0\" marginwidth=\"0\" marginheight=\"0\" scrolling=\"no\"><\/iframe><\/p>\n<p>&nbsp;<\/p>\n<hr \/>\n<p>&nbsp;<\/p>\n<blockquote>\n<h3>ACQUA CLORATA: IL GRUPPO DI MINORANZA DI CANALE D&#8217;AGORDO CHIEDE LA PULIZIA DEI SERBATOI<\/h3>\n<\/blockquote>\n<p><strong><a class=\"dt-pswp-item\" href=\"https:\/\/www.radiopiu.net\/wordpress\/wp-content\/uploads\/2023\/01\/bicchiere-acqua.png\" data-dt-img-description=\"\" data-large_image_width=\"1800\" data-large_image_height=\"1166\"><img loading=\"lazy\" decoding=\"async\" class=\" wp-image-315608 alignleft\" src=\"https:\/\/www.radiopiu.net\/wordpress\/wp-content\/uploads\/2023\/01\/bicchiere-acqua-300x194.png\" alt=\"\" width=\"190\" height=\"123\" srcset=\"https:\/\/www.radiopiu.net\/wordpress\/wp-content\/uploads\/2023\/01\/bicchiere-acqua-300x194.png 300w, https:\/\/www.radiopiu.net\/wordpress\/wp-content\/uploads\/2023\/01\/bicchiere-acqua-1024x663.png 1024w, https:\/\/www.radiopiu.net\/wordpress\/wp-content\/uploads\/2023\/01\/bicchiere-acqua-768x497.png 768w, https:\/\/www.radiopiu.net\/wordpress\/wp-content\/uploads\/2023\/01\/bicchiere-acqua-1536x995.png 1536w, https:\/\/www.radiopiu.net\/wordpress\/wp-content\/uploads\/2023\/01\/bicchiere-acqua.png 1800w\" sizes=\"auto, (max-width: 190px) 100vw, 190px\" \/><\/a>CANALE D&#8217;AGORDO<\/strong><\/p>\n<p>di Gianni Santomaso<\/p>\n<audio class=\"wp-audio-shortcode\" id=\"audio-315518-3\" preload=\"none\" style=\"width: 100%;\" controls=\"controls\"><source type=\"audio\/mpeg\" src=\"https:\/\/www.radiopiu.net\/wordpress\/wp-content\/uploads\/2023\/01\/GIANNI-ACQUA-CLORATA-IL-GRUPPO-DI-MINORANZA-DI-CANALE-DAGORDO-CHIEDE-LA-PULIZIA-DEI-SERBATOI-.mp3?_=3\" \/><a href=\"https:\/\/www.radiopiu.net\/wordpress\/wp-content\/uploads\/2023\/01\/GIANNI-ACQUA-CLORATA-IL-GRUPPO-DI-MINORANZA-DI-CANALE-DAGORDO-CHIEDE-LA-PULIZIA-DEI-SERBATOI-.mp3\">https:\/\/www.radiopiu.net\/wordpress\/wp-content\/uploads\/2023\/01\/GIANNI-ACQUA-CLORATA-IL-GRUPPO-DI-MINORANZA-DI-CANALE-DAGORDO-CHIEDE-LA-PULIZIA-DEI-SERBATOI-.mp3<\/a><\/audio>\n<p>&nbsp;<\/p>\n<hr \/>\n<p>&nbsp;<\/p>\n<blockquote>\n<h3>CROCE VERDE VAL BIOIS ALLA RICERCA DI PERSONALE QUALIFICATO<\/h3>\n<\/blockquote>\n<p><strong><a class=\"dt-pswp-item\" href=\"https:\/\/www.radiopiu.net\/wordpress\/wp-content\/uploads\/2020\/08\/CROCE-VERDE-VAL-BIOIS.jpg\" data-dt-img-description=\"\" data-large_image_width=\"1599\" data-large_image_height=\"1200\"><img loading=\"lazy\" decoding=\"async\" class=\" wp-image-153811 alignleft\" src=\"https:\/\/www.radiopiu.net\/wordpress\/wp-content\/uploads\/2020\/08\/CROCE-VERDE-VAL-BIOIS-300x225.jpg\" alt=\"\" width=\"164\" height=\"123\" srcset=\"https:\/\/www.radiopiu.net\/wordpress\/wp-content\/uploads\/2020\/08\/CROCE-VERDE-VAL-BIOIS-300x225.jpg 300w, https:\/\/www.radiopiu.net\/wordpress\/wp-content\/uploads\/2020\/08\/CROCE-VERDE-VAL-BIOIS-1024x768.jpg 1024w, https:\/\/www.radiopiu.net\/wordpress\/wp-content\/uploads\/2020\/08\/CROCE-VERDE-VAL-BIOIS-768x576.jpg 768w, https:\/\/www.radiopiu.net\/wordpress\/wp-content\/uploads\/2020\/08\/CROCE-VERDE-VAL-BIOIS-1536x1153.jpg 1536w, https:\/\/www.radiopiu.net\/wordpress\/wp-content\/uploads\/2020\/08\/CROCE-VERDE-VAL-BIOIS.jpg 1599w\" sizes=\"auto, (max-width: 164px) 100vw, 164px\" \/><\/a>FALCADE<\/strong><\/p>\n<p>di Gianni Santomaso<\/p>\n<audio class=\"wp-audio-shortcode\" id=\"audio-315518-4\" preload=\"none\" style=\"width: 100%;\" controls=\"controls\"><source type=\"audio\/mpeg\" src=\"https:\/\/www.radiopiu.net\/wordpress\/wp-content\/uploads\/2023\/01\/GIANNI-CROCE-VERDE-VAL-BIOIS-ALLA-RICERCA-DI-PERSONALE-QUALIFICATO.mp3?_=4\" \/><a href=\"https:\/\/www.radiopiu.net\/wordpress\/wp-content\/uploads\/2023\/01\/GIANNI-CROCE-VERDE-VAL-BIOIS-ALLA-RICERCA-DI-PERSONALE-QUALIFICATO.mp3\">https:\/\/www.radiopiu.net\/wordpress\/wp-content\/uploads\/2023\/01\/GIANNI-CROCE-VERDE-VAL-BIOIS-ALLA-RICERCA-DI-PERSONALE-QUALIFICATO.mp3<\/a><\/audio>\n<p>&nbsp;<\/p>\n<hr \/>\n<p>&nbsp;<\/p>\n<blockquote>\n<h3>TEMPERATURE ALTE E PROBLEMI DI INNEVAMENTO DELLE PISTE. SCOPEL, SINDACO DI SEREN: \u201cPER FAR VIVERE LA MONTAGNA OCCORRE AMPLIARE L\u2019OFFERTA E PUNTARE SU MERCATI DIVERSI\u201d<\/h3>\n<\/blockquote>\n<p><strong>SEREN DEL GRAPPA<\/strong> Lo sci e il suo (difficile) futuro sono al centro di una riflessione ad ampio raggio, rilanciata in queste ore dal presidente nazionale dell\u2019UNCEM Bussone, ma anche dalle notizie che arrivano da alcuni Paesi esteri che stanno sostanzialmente bloccando l\u2019ipotesi di nuovi impianti di risalita al di sotto di determinate quote. La questione \u00e8 quella, ben nota, della fase climatica che da alcuni anni vede un costante innalzamento delle temperature, anche invernali, con enormi difficolt\u00e0 nel produrre la neve artificiale, oltre alla scarsit\u00e0 di precipitazioni. Dunque, che fare? Abbandonare la politica turistica legata allo sci?<\/p>\n<p><strong>DARIO SCOPEL, SINDACO DI SEREN DEL GRAPPA<\/strong><\/p>\n<p><iframe loading=\"lazy\" title=\"SCOPEL INNEVAMENTO\" width=\"1200\" height=\"675\" src=\"https:\/\/www.youtube.com\/embed\/slhYhy3vO94?feature=oembed\" frameborder=\"0\" allow=\"accelerometer; autoplay; clipboard-write; encrypted-media; gyroscope; picture-in-picture; web-share\" allowfullscreen><\/iframe><\/p>\n<p>&nbsp;<\/p>\n<hr \/>\n<p>&nbsp;<\/p>\n<p><strong>DI TIZIANO DE COL<\/strong><\/p>\n\n\t\t\t<style type='text\/css'>\n\t\t\t\t#gallery-4 {\n\t\t\t\t\tmargin: auto;\n\t\t\t\t}\n\t\t\t\t#gallery-4 .gallery-item {\n\t\t\t\t\tfloat: left;\n\t\t\t\t\tmargin-top: 10px;\n\t\t\t\t\ttext-align: center;\n\t\t\t\t\twidth: 20%;\n\t\t\t\t}\n\t\t\t\t#gallery-4 img {\n\t\t\t\t\tborder: 2px solid #cfcfcf;\n\t\t\t\t}\n\t\t\t\t#gallery-4 .gallery-caption {\n\t\t\t\t\tmargin-left: 0;\n\t\t\t\t}\n\t\t\t\t\/* see gallery_shortcode() in wp-includes\/media.php *\/\n\t\t\t<\/style>\n\t\t<div id='gallery-4' class='dt-gallery-container gallery galleryid-315518 gallery-columns-5 gallery-size-medium'><dl class='gallery-item'>\n\t\t\t\t<dt class='gallery-icon landscape'>\n\t\t\t\t\t<a class=\"rollover rollover-zoom dt-pswp-item\" title=\"ae1a0f4e-468e-4b19-a8cc-aba58c995a82\" data-dt-img-description=\"\" data-large_image_width=\"594\" data-large_image_height=\"362\"href='https:\/\/www.radiopiu.net\/wordpress\/wp-content\/uploads\/2023\/01\/ae1a0f4e-468e-4b19-a8cc-aba58c995a82.jpg'><img loading=\"lazy\" decoding=\"async\" width=\"300\" height=\"183\" src=\"https:\/\/www.radiopiu.net\/wordpress\/wp-content\/uploads\/2023\/01\/ae1a0f4e-468e-4b19-a8cc-aba58c995a82-300x183.jpg\" class=\"attachment-medium size-medium\" alt=\"\" srcset=\"https:\/\/www.radiopiu.net\/wordpress\/wp-content\/uploads\/2023\/01\/ae1a0f4e-468e-4b19-a8cc-aba58c995a82-300x183.jpg 300w, https:\/\/www.radiopiu.net\/wordpress\/wp-content\/uploads\/2023\/01\/ae1a0f4e-468e-4b19-a8cc-aba58c995a82.jpg 594w\" sizes=\"auto, (max-width: 300px) 100vw, 300px\" \/><\/a>\n\t\t\t\t<\/dt><\/dl><dl class='gallery-item'>\n\t\t\t\t<dt class='gallery-icon landscape'>\n\t\t\t\t\t<a class=\"rollover rollover-zoom dt-pswp-item\" title=\"dc198f6f-afc4-43b8-8dc5-3d9eda58d16d\" data-dt-img-description=\"\" data-large_image_width=\"600\" data-large_image_height=\"361\"href='https:\/\/www.radiopiu.net\/wordpress\/wp-content\/uploads\/2023\/01\/dc198f6f-afc4-43b8-8dc5-3d9eda58d16d.jpg'><img loading=\"lazy\" decoding=\"async\" width=\"300\" height=\"181\" src=\"https:\/\/www.radiopiu.net\/wordpress\/wp-content\/uploads\/2023\/01\/dc198f6f-afc4-43b8-8dc5-3d9eda58d16d-300x181.jpg\" class=\"attachment-medium size-medium\" alt=\"\" srcset=\"https:\/\/www.radiopiu.net\/wordpress\/wp-content\/uploads\/2023\/01\/dc198f6f-afc4-43b8-8dc5-3d9eda58d16d-300x181.jpg 300w, https:\/\/www.radiopiu.net\/wordpress\/wp-content\/uploads\/2023\/01\/dc198f6f-afc4-43b8-8dc5-3d9eda58d16d.jpg 600w\" sizes=\"auto, (max-width: 300px) 100vw, 300px\" \/><\/a>\n\t\t\t\t<\/dt><\/dl><dl class='gallery-item'>\n\t\t\t\t<dt class='gallery-icon landscape'>\n\t\t\t\t\t<a class=\"rollover rollover-zoom dt-pswp-item\" title=\"a9d32d08-e0ff-408a-9b62-c3ef06e0ea2e\" data-dt-img-description=\"\" data-large_image_width=\"600\" data-large_image_height=\"364\"href='https:\/\/www.radiopiu.net\/wordpress\/wp-content\/uploads\/2023\/01\/a9d32d08-e0ff-408a-9b62-c3ef06e0ea2e.jpg'><img loading=\"lazy\" decoding=\"async\" width=\"300\" height=\"182\" src=\"https:\/\/www.radiopiu.net\/wordpress\/wp-content\/uploads\/2023\/01\/a9d32d08-e0ff-408a-9b62-c3ef06e0ea2e-300x182.jpg\" class=\"attachment-medium size-medium\" alt=\"\" srcset=\"https:\/\/www.radiopiu.net\/wordpress\/wp-content\/uploads\/2023\/01\/a9d32d08-e0ff-408a-9b62-c3ef06e0ea2e-300x182.jpg 300w, https:\/\/www.radiopiu.net\/wordpress\/wp-content\/uploads\/2023\/01\/a9d32d08-e0ff-408a-9b62-c3ef06e0ea2e.jpg 600w\" sizes=\"auto, (max-width: 300px) 100vw, 300px\" \/><\/a>\n\t\t\t\t<\/dt><\/dl><dl class='gallery-item'>\n\t\t\t\t<dt class='gallery-icon landscape'>\n\t\t\t\t\t<a class=\"rollover rollover-zoom dt-pswp-item\" title=\"47c0f2a1-2f91-418e-8ac5-5973aa87b5fd\" data-dt-img-description=\"\" data-large_image_width=\"590\" data-large_image_height=\"361\"href='https:\/\/www.radiopiu.net\/wordpress\/wp-content\/uploads\/2023\/01\/47c0f2a1-2f91-418e-8ac5-5973aa87b5fd.jpg'><img loading=\"lazy\" decoding=\"async\" width=\"300\" height=\"184\" src=\"https:\/\/www.radiopiu.net\/wordpress\/wp-content\/uploads\/2023\/01\/47c0f2a1-2f91-418e-8ac5-5973aa87b5fd-300x184.jpg\" class=\"attachment-medium size-medium\" alt=\"\" srcset=\"https:\/\/www.radiopiu.net\/wordpress\/wp-content\/uploads\/2023\/01\/47c0f2a1-2f91-418e-8ac5-5973aa87b5fd-300x184.jpg 300w, https:\/\/www.radiopiu.net\/wordpress\/wp-content\/uploads\/2023\/01\/47c0f2a1-2f91-418e-8ac5-5973aa87b5fd.jpg 590w\" sizes=\"auto, (max-width: 300px) 100vw, 300px\" \/><\/a>\n\t\t\t\t<\/dt><\/dl><dl class='gallery-item'>\n\t\t\t\t<dt class='gallery-icon landscape'>\n\t\t\t\t\t<a class=\"rollover rollover-zoom dt-pswp-item\" title=\"825b6ba1-c274-46ee-b260-c6e92bdcc56f\" data-dt-img-description=\"\" data-large_image_width=\"594\" data-large_image_height=\"359\"href='https:\/\/www.radiopiu.net\/wordpress\/wp-content\/uploads\/2023\/01\/825b6ba1-c274-46ee-b260-c6e92bdcc56f.jpg'><img loading=\"lazy\" decoding=\"async\" width=\"300\" height=\"181\" src=\"https:\/\/www.radiopiu.net\/wordpress\/wp-content\/uploads\/2023\/01\/825b6ba1-c274-46ee-b260-c6e92bdcc56f-300x181.jpg\" class=\"attachment-medium size-medium\" alt=\"\" srcset=\"https:\/\/www.radiopiu.net\/wordpress\/wp-content\/uploads\/2023\/01\/825b6ba1-c274-46ee-b260-c6e92bdcc56f-300x181.jpg 300w, https:\/\/www.radiopiu.net\/wordpress\/wp-content\/uploads\/2023\/01\/825b6ba1-c274-46ee-b260-c6e92bdcc56f.jpg 594w\" sizes=\"auto, (max-width: 300px) 100vw, 300px\" \/><\/a>\n\t\t\t\t<\/dt><\/dl><br style=\"clear: both\" \/>\n\t\t\t<\/div>\n\n<p>&nbsp;<\/p>\n<hr \/>\n<p>&nbsp;<\/p>\n<blockquote>\n<h3>OLTRE 300 PERSONE AL RADUNO ALPINO DELLA SEZIONE DI PONTE-SOVERZENE<\/h3>\n<\/blockquote>\n<p><strong>PONTE NELLE ALPI <\/strong>Oltre 300 persone al PalaMares.<span class=\"gmail-Apple-converted-space\"> \u00a0<\/span>Dopo due anni forzati di stop, \u00e8 ritornato con una grande partecipazione di penne nere, familiari e amici, il tradizionale raduno alpino della sezione Ponte nelle Alpi-Soverzene: uno dei sodalizi provinciali con il maggior numero di iscritti. Nel giorno giorno dell\u2019Epifania, ha preso il via a Soverzene la cerimonia ufficiale con la Santa Messa, celebrata da don Francesco Santomaso e nobilitata dalla deposizione di una corona al monumento ai caduti, nella piazza del municipio. Ha preso poi la parola Mario Dall\u2019Anese: il capogruppo della sezione ha ricordato l\u2019impegno dei volontari alpini durante il periodo Covid e in altre iniziative e attivit\u00e0 anche a livello nazionale.<span class=\"gmail-Apple-converted-space\">\u00a0<\/span>Di seguito, gli interventi del sindaco di Soverzene, Gianni Burigo, e di Ponte nelle Alpi, Paolo Vendramini, oltre alle parole del presidente Ana di Belluno, Lino De Pr\u00e0. Nello specifico, si sono ricordati i 150 anni di fondazione degli Alpini e i 226 della bandiera italiana; si \u00e8 alzato il sipario sulla mostra dedicata alla Prima Guerra Mondiale. Ed \u00e8 stato presentato il libro curato da Cesare Poncato ed edito dal gruppo Alpini Ponte nelle Alpi-Soverzene dal titolo \u201cPer non dimenticare\u201d. Un volume molto interessante, nato con l\u2019intento di ricordare il 60. anniversario della rifondazione della sezione Ana di Ponte nelle Alpi e Soverzene (1960-2020) e che traccia le vicende della prima fondazione (1922-1945). Senza considerare la biografia dei capigruppo che si sono succeduti e le attivit\u00e0 di volontariato e solidariet\u00e0, portate avanti nel tempo. Il libro \u00e8 corredato da foto e da documenti d\u2019epoca.<span class=\"gmail-Apple-converted-space\">\u00a0<\/span>Infine, al termine della prima parte della cerimonia, i presenti si sono trasferiti al PalaMares di Ponte nelle Alpi, dove pi\u00f9 di 300 persone hanno partecipato al pranzo e alla festa.<\/p>\n\n\t\t\t<style type='text\/css'>\n\t\t\t\t#gallery-5 {\n\t\t\t\t\tmargin: auto;\n\t\t\t\t}\n\t\t\t\t#gallery-5 .gallery-item {\n\t\t\t\t\tfloat: left;\n\t\t\t\t\tmargin-top: 10px;\n\t\t\t\t\ttext-align: center;\n\t\t\t\t\twidth: 25%;\n\t\t\t\t}\n\t\t\t\t#gallery-5 img {\n\t\t\t\t\tborder: 2px solid #cfcfcf;\n\t\t\t\t}\n\t\t\t\t#gallery-5 .gallery-caption {\n\t\t\t\t\tmargin-left: 0;\n\t\t\t\t}\n\t\t\t\t\/* see gallery_shortcode() in wp-includes\/media.php *\/\n\t\t\t<\/style>\n\t\t<div id='gallery-5' class='dt-gallery-container gallery galleryid-315518 gallery-columns-4 gallery-size-medium'><dl class='gallery-item'>\n\t\t\t\t<dt class='gallery-icon landscape'>\n\t\t\t\t\t<a class=\"rollover rollover-zoom dt-pswp-item\" title=\"Raduno_1\" data-dt-img-description=\"\" data-large_image_width=\"1024\" data-large_image_height=\"768\"href='https:\/\/www.radiopiu.net\/wordpress\/wp-content\/uploads\/2023\/01\/Raduno_1.jpg'><img loading=\"lazy\" decoding=\"async\" width=\"300\" height=\"225\" src=\"https:\/\/www.radiopiu.net\/wordpress\/wp-content\/uploads\/2023\/01\/Raduno_1-300x225.jpg\" class=\"attachment-medium size-medium\" alt=\"\" srcset=\"https:\/\/www.radiopiu.net\/wordpress\/wp-content\/uploads\/2023\/01\/Raduno_1-300x225.jpg 300w, https:\/\/www.radiopiu.net\/wordpress\/wp-content\/uploads\/2023\/01\/Raduno_1-768x576.jpg 768w, https:\/\/www.radiopiu.net\/wordpress\/wp-content\/uploads\/2023\/01\/Raduno_1.jpg 1024w\" sizes=\"auto, (max-width: 300px) 100vw, 300px\" \/><\/a>\n\t\t\t\t<\/dt><\/dl><dl class='gallery-item'>\n\t\t\t\t<dt class='gallery-icon landscape'>\n\t\t\t\t\t<a class=\"rollover rollover-zoom dt-pswp-item\" title=\"Raduno_2\" data-dt-img-description=\"\" data-large_image_width=\"1024\" data-large_image_height=\"768\"href='https:\/\/www.radiopiu.net\/wordpress\/wp-content\/uploads\/2023\/01\/Raduno_2.jpg'><img loading=\"lazy\" decoding=\"async\" width=\"300\" height=\"225\" src=\"https:\/\/www.radiopiu.net\/wordpress\/wp-content\/uploads\/2023\/01\/Raduno_2-300x225.jpg\" class=\"attachment-medium size-medium\" alt=\"\" srcset=\"https:\/\/www.radiopiu.net\/wordpress\/wp-content\/uploads\/2023\/01\/Raduno_2-300x225.jpg 300w, https:\/\/www.radiopiu.net\/wordpress\/wp-content\/uploads\/2023\/01\/Raduno_2-768x576.jpg 768w, https:\/\/www.radiopiu.net\/wordpress\/wp-content\/uploads\/2023\/01\/Raduno_2.jpg 1024w\" sizes=\"auto, (max-width: 300px) 100vw, 300px\" \/><\/a>\n\t\t\t\t<\/dt><\/dl><dl class='gallery-item'>\n\t\t\t\t<dt class='gallery-icon landscape'>\n\t\t\t\t\t<a class=\"rollover rollover-zoom dt-pswp-item\" title=\"Raduno_3\" data-dt-img-description=\"\" data-large_image_width=\"1591\" data-large_image_height=\"1193\"href='https:\/\/www.radiopiu.net\/wordpress\/wp-content\/uploads\/2023\/01\/Raduno_3.jpg'><img loading=\"lazy\" decoding=\"async\" width=\"300\" height=\"225\" src=\"https:\/\/www.radiopiu.net\/wordpress\/wp-content\/uploads\/2023\/01\/Raduno_3-300x225.jpg\" class=\"attachment-medium size-medium\" alt=\"\" srcset=\"https:\/\/www.radiopiu.net\/wordpress\/wp-content\/uploads\/2023\/01\/Raduno_3-300x225.jpg 300w, https:\/\/www.radiopiu.net\/wordpress\/wp-content\/uploads\/2023\/01\/Raduno_3-1024x768.jpg 1024w, https:\/\/www.radiopiu.net\/wordpress\/wp-content\/uploads\/2023\/01\/Raduno_3-768x576.jpg 768w, https:\/\/www.radiopiu.net\/wordpress\/wp-content\/uploads\/2023\/01\/Raduno_3-1536x1152.jpg 1536w, https:\/\/www.radiopiu.net\/wordpress\/wp-content\/uploads\/2023\/01\/Raduno_3.jpg 1591w\" sizes=\"auto, (max-width: 300px) 100vw, 300px\" \/><\/a>\n\t\t\t\t<\/dt><\/dl><dl class='gallery-item'>\n\t\t\t\t<dt class='gallery-icon landscape'>\n\t\t\t\t\t<a class=\"rollover rollover-zoom dt-pswp-item\" title=\"Raduno_4\" data-dt-img-description=\"\" data-large_image_width=\"1591\" data-large_image_height=\"1193\"href='https:\/\/www.radiopiu.net\/wordpress\/wp-content\/uploads\/2023\/01\/Raduno_4.jpg'><img loading=\"lazy\" decoding=\"async\" width=\"300\" height=\"225\" src=\"https:\/\/www.radiopiu.net\/wordpress\/wp-content\/uploads\/2023\/01\/Raduno_4-300x225.jpg\" class=\"attachment-medium size-medium\" alt=\"\" srcset=\"https:\/\/www.radiopiu.net\/wordpress\/wp-content\/uploads\/2023\/01\/Raduno_4-300x225.jpg 300w, https:\/\/www.radiopiu.net\/wordpress\/wp-content\/uploads\/2023\/01\/Raduno_4-1024x768.jpg 1024w, https:\/\/www.radiopiu.net\/wordpress\/wp-content\/uploads\/2023\/01\/Raduno_4-768x576.jpg 768w, https:\/\/www.radiopiu.net\/wordpress\/wp-content\/uploads\/2023\/01\/Raduno_4-1536x1152.jpg 1536w, https:\/\/www.radiopiu.net\/wordpress\/wp-content\/uploads\/2023\/01\/Raduno_4.jpg 1591w\" sizes=\"auto, (max-width: 300px) 100vw, 300px\" \/><\/a>\n\t\t\t\t<\/dt><\/dl><br style=\"clear: both\" \/>\n\t\t\t<\/div>\n\n<p>&nbsp;<\/p>\n<hr \/>\n<p>&nbsp;<\/p>\n<blockquote>\n<h3 class=\"entry-title\">DILLO A RADIO PIU\u2019\u2026 DA CASTION \u201cCARO SINDACO COS\u00cc PROPRIO NON VA\u201d<\/h3>\n<\/blockquote>\n<p><img loading=\"lazy\" decoding=\"async\" class=\"alignleft\" src=\"https:\/\/www.radiopiu.net\/wordpress\/wp-content\/uploads\/2023\/01\/Via-de-Amicis.jpg\" width=\"261\" height=\"182\" \/><strong>REDAZIONE <\/strong>Riceviamo e pubblichiamo una lettera arrivata in redazione dai residenti di via De Amicis a Castion<\/p>\n<p><em>Buongiorno, siamo un gruppo di cittadini residenti in via De Amicis a Castion e inviamo la presente per manifestare la nostra totale contrariet\u00e0, gi\u00e0 comunicata in passato alla precedente Amministrazione, in merito al senso unico che si intende istituire in via Del Favero. Attualmente il traffico in uscita da Castion verso Belluno, compreso quello proveniente da via Nongole (quindi da Madeago, Faverga, Cirvoi, ecc.), attraversa la piazza e scende velocemente per via Del Favero. Con la nuova proposta tutto questo traffico verr\u00e0 indirizzato in via 1\u00b0 Maggio e successivamente in via De Amicis con un notevole allungamento di percorso e conseguente aumento di smog, rumore e pericolo. Traffico che sar\u00e0 aggiuntivo rispetto a quello che attualmente percorre le due strade! Tutto questo traffico ora scende per via Del Favero che \u00e8 una strada lunga solamente 150 m con pochi residenti e gi\u00e0 ora sicura vista la presenza del marciapiede e dei passaggi \u201cprotetti\u201d con parapetti realizzati negli ultimi anni. Con la nuova soluzione lo stesso traffico dovr\u00e0 invece percorrere oltre mezzo chilometro, lungo le strade del paese, per giungere esattamente allo stesso punto passando su vie densamente abitate, con molte attivit\u00e0 e prive di marciapiede. Per quanto detto sopra Via De Amicis, in particolare nel tratto tra gli incroci con via Del Favero e via 1\u00b0 Maggio, sar\u00e0 severamente penalizzata da questa nuova viabilit\u00e0. Sar\u00e0 poi ulteriormente penalizzata qualora si attuasse anche il pi\u00f9 volte paventato senso unico in via 1\u00b0 Maggio. Via De Amicis \u00e8 una strada che gi\u00e0 attualmente ha delle problematiche serie, pi\u00f9 volte segnalate, per il notevole traffico in quanto via di collegamento verso il Nevegal e numerose frazioni. In particolare nel tratto tra i punti dove incrocia via Del Favero e via 1\u00b0 Maggio, zona densamente abitata e con molte attivit\u00e0 commerciali (fruttivendolo, parrucchiera, palestra\/fisioterapia e inoltre una rivendita di materiale edile), \u00e8 una strada stretta, senza nessun marciapiede e senza nessuna \u201cvia di fuga\u201d in quanto vi sono muretti e recinzioni su entrambi i lati per buona parte del suo sviluppo. Inoltre \u00e8 un tratto rettilineo e dove, per le sue caratteristiche, i mezzi corrono. Gi\u00e0 ora spostarsi a piedi o in bicicletta (sono numerosi ciclisti che vi transitano anche a gruppi per raggiungere zone turistiche come Modolo e il Nevegal), \u00e8 pericoloso con le auto e i mezzi pesanti che sfrecciano a pochi centimetri. Assistiamo quotidianamente a scene di pericolo con pedoni, ciclisti, signore anziane o mamme con la carrozzina che rischiano la vita! Riteniamo che la soluzione che si intende adottare non risolva i problemi ma semplicemente provveder\u00e0 a spostarli e, a nostro parere, ad aumentarli in particolare peggiorando la gi\u00e0 grave situazione presente in via De Amicis che gi\u00e0 ora risulta molto trafficata. In conclusione chiediamo a questa Amministrazione di non attuare il piano di nuova viabilit\u00e0 in progetto in quanto contiene molti punti critici, non \u00e8 risolutivo dei problemi e, nel suo complesso, non porta benefici alla sicurezza stradale ma anzi per via De Amicis sarebbe, senza esagerare, un funerale! Non capiamo come tale grave situazione, gi\u00e0 segnalata alla precedente Amministrazione (che infatti aveva bloccato l\u2019attuazione del senso unico), possa venire ignorata e chiediamo quindi che non si proceda con la modifica della viabilit\u00e0 annunciato. Riteniamo che gli unici interventi risolutivi siano quelli strutturali come ad esempio la realizzazione di marciapiedi e allargamenti stradali e presidi con autovelox da sempre richiesti e mai realizzati.<\/em><\/p>\n<p><em>Cordiali saluti &#8211; Residenti via De Amicis<\/em><\/p>\n<p>&nbsp;<\/p>\n<hr \/>\n<p>&nbsp;<\/p>\n<blockquote>\n<h3>AI FRATELLI FADIGA&#8217;, CON I COMPLIMENTI PER LA MERITATA PENSIONE<\/h3>\n<p>La festa al Molin di Rivamonte<\/p>\n\n\t\t\t<style type='text\/css'>\n\t\t\t\t#gallery-6 {\n\t\t\t\t\tmargin: auto;\n\t\t\t\t}\n\t\t\t\t#gallery-6 .gallery-item {\n\t\t\t\t\tfloat: left;\n\t\t\t\t\tmargin-top: 10px;\n\t\t\t\t\ttext-align: center;\n\t\t\t\t\twidth: 25%;\n\t\t\t\t}\n\t\t\t\t#gallery-6 img {\n\t\t\t\t\tborder: 2px solid #cfcfcf;\n\t\t\t\t}\n\t\t\t\t#gallery-6 .gallery-caption {\n\t\t\t\t\tmargin-left: 0;\n\t\t\t\t}\n\t\t\t\t\/* see gallery_shortcode() in wp-includes\/media.php *\/\n\t\t\t<\/style>\n\t\t<div id='gallery-6' class='dt-gallery-container gallery galleryid-315518 gallery-columns-4 gallery-size-thumbnail'><dl class='gallery-item'>\n\t\t\t\t<dt class='gallery-icon portrait'>\n\t\t\t\t\t<a class=\"rollover\" href='https:\/\/www.radiopiu.net\/wordpress\/giornale-radiopiu-09-gennaio-2023-direttore-mirko-mezzacasa-verso-i-40-anni-25-giugno-1983-25-giugno-2023ore-mirko-mezzacasa-verso-i-40-anni-25-giugno-1983-25-giugno-2023\/323224844_865731134647170_6778586010369661559_n\/'><img loading=\"lazy\" decoding=\"async\" width=\"150\" height=\"150\" src=\"https:\/\/www.radiopiu.net\/wordpress\/wp-content\/uploads\/2023\/01\/323224844_865731134647170_6778586010369661559_n-150x150.jpg\" class=\"attachment-thumbnail size-thumbnail\" alt=\"\" \/><\/a>\n\t\t\t\t<\/dt><\/dl><dl class='gallery-item'>\n\t\t\t\t<dt class='gallery-icon portrait'>\n\t\t\t\t\t<a class=\"rollover\" href='https:\/\/www.radiopiu.net\/wordpress\/giornale-radiopiu-09-gennaio-2023-direttore-mirko-mezzacasa-verso-i-40-anni-25-giugno-1983-25-giugno-2023ore-mirko-mezzacasa-verso-i-40-anni-25-giugno-1983-25-giugno-2023\/322712303_1233448733876971_3611112641362199196_n\/'><img loading=\"lazy\" decoding=\"async\" width=\"150\" height=\"150\" src=\"https:\/\/www.radiopiu.net\/wordpress\/wp-content\/uploads\/2023\/01\/322712303_1233448733876971_3611112641362199196_n-150x150.jpg\" class=\"attachment-thumbnail size-thumbnail\" alt=\"\" \/><\/a>\n\t\t\t\t<\/dt><\/dl><dl class='gallery-item'>\n\t\t\t\t<dt class='gallery-icon portrait'>\n\t\t\t\t\t<a class=\"rollover\" href='https:\/\/www.radiopiu.net\/wordpress\/giornale-radiopiu-09-gennaio-2023-direttore-mirko-mezzacasa-verso-i-40-anni-25-giugno-1983-25-giugno-2023ore-mirko-mezzacasa-verso-i-40-anni-25-giugno-1983-25-giugno-2023\/322331265_1824131081295156_440924160115281689_n\/'><img loading=\"lazy\" decoding=\"async\" width=\"150\" height=\"150\" src=\"https:\/\/www.radiopiu.net\/wordpress\/wp-content\/uploads\/2023\/01\/322331265_1824131081295156_440924160115281689_n-150x150.jpg\" class=\"attachment-thumbnail size-thumbnail\" alt=\"\" \/><\/a>\n\t\t\t\t<\/dt><\/dl><dl class='gallery-item'>\n\t\t\t\t<dt class='gallery-icon portrait'>\n\t\t\t\t\t<a class=\"rollover\" href='https:\/\/www.radiopiu.net\/wordpress\/giornale-radiopiu-09-gennaio-2023-direttore-mirko-mezzacasa-verso-i-40-anni-25-giugno-1983-25-giugno-2023ore-mirko-mezzacasa-verso-i-40-anni-25-giugno-1983-25-giugno-2023\/321934632_1882740692063532_6107439906334304067_n\/'><img loading=\"lazy\" decoding=\"async\" width=\"150\" height=\"150\" src=\"https:\/\/www.radiopiu.net\/wordpress\/wp-content\/uploads\/2023\/01\/321934632_1882740692063532_6107439906334304067_n-150x150.jpg\" class=\"attachment-thumbnail size-thumbnail\" alt=\"\" \/><\/a>\n\t\t\t\t<\/dt><\/dl><br style=\"clear: both\" \/>\n\t\t\t<\/div>\n<\/blockquote>\n<p>&nbsp;<\/p>\n<p><strong>L&#8217;INTERVISTA ALLA RADIO\u00a0\u00a0<\/strong><\/p>\n<p><strong>AGORDO <\/strong>\u00c8 arriato il tempo della meritata pensione anche per fratelli Fadig\u00e0, John , Claudio e Luciano salutaano e ringraziano l&#8217;affezionata clientela che per quasi mezzo secolo ha frequentato il bar e il punto distribuzione carburanti Agip (oggi Eni) a ponte Rova.<\/p>\n<p>Venerd\u00ec 6 gennaio dalle 17 al Ristorante Bar\u00a0 Molin di Rivamonte il brindisi di commiato, siete tutti invitati.<\/p>\n<p><strong>di Mirko Mezzacasa<\/strong><\/p>\n<audio class=\"wp-audio-shortcode\" id=\"audio-315518-5\" preload=\"none\" style=\"width: 100%;\" controls=\"controls\"><source type=\"audio\/mpeg\" src=\"https:\/\/www.radiopiu.net\/wordpress\/wp-content\/uploads\/2022\/12\/AGIP-FADIGA.mp3?_=5\" \/><a href=\"https:\/\/www.radiopiu.net\/wordpress\/wp-content\/uploads\/2022\/12\/AGIP-FADIGA.mp3\">https:\/\/www.radiopiu.net\/wordpress\/wp-content\/uploads\/2022\/12\/AGIP-FADIGA.mp3<\/a><\/audio>\n<p><strong><a class=\"dt-pswp-item\" href=\"https:\/\/www.radiopiu.net\/wordpress\/wp-content\/uploads\/2022\/12\/a57d3960-683e-43e9-81a7-6b9d7d643245.jpg\" data-dt-img-description=\"\" data-large_image_width=\"1599\" data-large_image_height=\"899\"><img loading=\"lazy\" decoding=\"async\" class=\"alignleft wp-image-314361 size-large\" src=\"https:\/\/www.radiopiu.net\/wordpress\/wp-content\/uploads\/2022\/12\/a57d3960-683e-43e9-81a7-6b9d7d643245-1024x576.jpg\" alt=\"\" width=\"1024\" height=\"576\" srcset=\"https:\/\/www.radiopiu.net\/wordpress\/wp-content\/uploads\/2022\/12\/a57d3960-683e-43e9-81a7-6b9d7d643245-1024x576.jpg 1024w, https:\/\/www.radiopiu.net\/wordpress\/wp-content\/uploads\/2022\/12\/a57d3960-683e-43e9-81a7-6b9d7d643245-300x169.jpg 300w, https:\/\/www.radiopiu.net\/wordpress\/wp-content\/uploads\/2022\/12\/a57d3960-683e-43e9-81a7-6b9d7d643245-768x432.jpg 768w, https:\/\/www.radiopiu.net\/wordpress\/wp-content\/uploads\/2022\/12\/a57d3960-683e-43e9-81a7-6b9d7d643245-1536x864.jpg 1536w, https:\/\/www.radiopiu.net\/wordpress\/wp-content\/uploads\/2022\/12\/a57d3960-683e-43e9-81a7-6b9d7d643245.jpg 1599w\" sizes=\"auto, (max-width: 1024px) 100vw, 1024px\" \/><\/a><\/strong><\/p>\n<p>&nbsp;<\/p>\n<p>*******<\/p>\n<p>&nbsp;<\/p>\n<hr \/>\n<p>&nbsp;<\/p>\n<blockquote>\n<h3>FLAT TAX, GLI AUTONOMI CONTINUANO A PAGARE PIU\u2019 TASSE DEI DIPENDENTI<\/h3>\n<\/blockquote>\n<p><em><strong>Con l\u2019innalzamento della flat tax fino a 85 mila euro di fatturato, gli autonomi continuano a pagare pi\u00f9 tasse dei lavoratori dipendenti. Solo nella fascia di reddito tra i 60 e i 65 mila euro, le partite Iva che si avvalgono della tassa piatta pagano meno.<\/strong><\/em><\/p>\n<p>In tutti le altre comparazioni, vale a dire tra i 10 mila di reddito fino a 55 mila euro, gli autonomi pagano sempre molto pi\u00f9 di impiegati e operai, con punte tra i 3.760 e i 3.875 euro all\u2019anno nella fascia di reddito tra i 25 e i 30 mila euro, prelievo aggiuntivo che sale attorno ai 4.200 euro con redditi tra i 15 e i 20 mila euro. Se, poi, il confronto lo facciamo tra i dipendenti e i lavoratori autonomi che non applicano la flat tax, il maggior prelievo in capo a questi ultimi aumenta a dismisura, con punte, tra i 60 e i 65 mila euro di reddito, di oltre 6 mila euro all\u2019anno.<\/p>\n<p>Come dicevamo, la situazione cambia segno a partire dalla classe di reddito pari a 60 mila euro. In questo caso gli autonomi con flat tax subiranno nel 2023 un prelievo fiscale annuo inferiore ai dipendenti di 640 euro. Se la comparazione avviene con un reddito da 65 mila, il vantaggio sale a 1.285 euro.<\/p>\n<p>Il confronto tra queste due categorie professionali si ferma sulla soglia di reddito pari a 65 mila euro. Se alziamo ulteriormente l\u2019asticella, il volume d\u2019affari del lavoratore autonomo, implicitamente preso in esame in questa elaborazione, supererebbe il tetto degli 85 mila euro, livello oltre il quale non \u00e8 pi\u00f9 applicabile la tassa piatta. I calcoli sono stati realizzati dall\u2019Ufficio studi della CGIA.<\/p>\n<p><strong>Potenzialmente interessati 140 mila autonomi<\/strong><br \/>\nQuanti sono i potenziali lavoratori autonomi (ovvero artigiani, commercianti, liberi professionisti, consulenti, micro imprenditori, etc.) che con lo slittamento all\u2019ins\u00f9 della soglia di fatturato fino a 85 mila euro potranno beneficiare del vantaggio fiscale garantito dall\u2019applicazione della flat tax ? Dalla elaborazione dei dati statistici delle dichiarazioni dei redditi 2021 (anno di imposta 2020), potrebbero essere al massimo 140 mila. Ovviamente, gli effettivi beneficiari del regime di favore saranno di meno, in quanto queste partite Iva oltre a non superare il limite di ricavi\/compensi di 85 mila euro dovranno rispettare ulteriori requisiti stabiliti dalla legge; tra cui, ad esempio, il non aver sostenuto spese per lavoro dipendente, accessorio o di collaborazione superiori a 20 mila euro.<\/p>\n<p><strong>Costo di 404 milioni di euro all\u2019anno<\/strong><br \/>\nSecondo i dati delle dichiarazioni dei redditi 2021 (anno di imposta 2020), i contribuenti in regime forfetario ammontano a poco meno di 1.728.000. Secondo la Relazione tecnica allegata alla legge di Bilancio 2023, si stima che l\u2019ampliamento delle soglie di ricavi\/compensi per accedere alla flat tax previsto dal Governo Meloni comporter\u00e0 un costo aggiuntivo per le casse dello Stato di 404 milioni di euro all\u2019anno.<\/p>\n<p><strong>Tanto rumore per nulla<\/strong><br \/>\nChi in queste ultime settimane ha gridato allo scandalo, pertanto, dovrebbe ravvedersi. Non solo perch\u00e9 nonostante la flat tax gli autonomi pagano pi\u00f9 tasse dei dipendenti, ma anche perch\u00e9 la nuova versione per l\u2019anno 2023 potrebbe interessare al massimo solo 140 mila partite Iva (pari al 4,2 per cento del totale del numero degli autonomi che attualmente non applicano la tassa piatta), con un costo per l\u2019erario di \u201csoli\u201d 404 milioni di euro all\u2019anno. Certo, l\u2019obiezione di coloro che sostengono che con questo regime fiscale gli autonomi non rispetterebbero le disposizioni previste dall\u2019articolo 53 della Costituzione \u00e8 legittima. Ma solo in parte, in quanto chi esercita un\u2019attivit\u00e0 di impresa e di lavoro autonomo si trova in una situazione completamente diversa dai lavoratori subordinati. Tesi, quest\u2019ultima, che rafforza la posizione di chi chiede ad alta voce che a coloro che non viene applicata la flat tax (in Italia oltre un milione tra imprenditori e lavoratori autonomi) bisognerebbe avviare quanto prima una progressiva riduzione del carico fiscale, visto cha dal confronto con i dipendenti registrano un prelievo nettamente superiore.<\/p>\n<p><strong>Perch\u00e9 c\u2019\u00e8 un regime fiscale agevolato per le partite Iva<\/strong><br \/>\nLa fiscalit\u00e0 di vantaggio che interessa una parte delle partite Iva \u00e8 ascrivibile al fatto che questi lavoratori sono pi\u00f9 fragili degli altri. Hanno pochissime tutele: rispetto ai lavoratori dipendenti, ad esempio, non dispongono di malattia, ferie, permessi, Tfr e tredicesime\/quattordicesime. In caso di difficolt\u00e0 momentanea non dispongono n\u00e9 di cassa integrazione n\u00e9, in caso di perdita del posto di lavoro, di NASPI. E\u2019 stato certificato che il rischio povert\u00e0 nelle famiglie dove il reddito principale \u00e8 riconducibile a un autonomo \u00e8 superiore a quelle dei dipendenti. Ricordiamo, infine, che, secondo l\u2019Istat, dal febbraio 2020 (mese pre Covid) fino a ottobre 2022 (ultimo dato disponibile), i lavoratori indipendenti (inclusi anche soci di cooperative, collaboratori familiari, etc.) sono scesi di 205 mila unit\u00e0, mentre i dipendenti sono cresciuti di 412 mila (vedi Tab. 2). Insomma, chi fa impresa rischia e per tutelare coloro che intraprendono una sfida cos\u00ec impegnativa bisognerebbe mettere a punto un fisco pi\u00f9 giusto e meno oppressivo.<\/p>\n<p><strong>Metodologia di calcolo<\/strong><br \/>\nPer ogni livello di reddito, e per ogni diversa tipologia di contribuente \u00e8 stato calcolato il prelievo fiscale. Nella prima colonna della Tab. 1 \u00e8 indicato il reddito di riferimento che va inteso come retribuzione lorda per il dipendente o come reddito professionale per l\u2019autonomo. Si consideri che il livello massimo di reddito che pu\u00f2 essere realizzato in regime forfetario \u00e8 pari a 66.300 euro, corrispondente al prodotto tra il limite massimo di compensi da rispettare per rimanere nel regime forfetario pari a 85.000 euro e il coefficiente di redditivit\u00e0 pari (per le attivit\u00e0 professionali, scientifiche, tecniche, sanitarie, di istruzione, servizi e assicurativi), al 78 per cento. Il prelievo fiscale comprende anche quello previdenziale, a tal fine, per i dipendenti, si \u00e8 considerato la sola quota di contributi a carico del lavoratore, si \u00e8 calcolato l\u2019Irpef e le relative addizionali, mentre per il contribuente in regime forfetario si \u00e8 calcolata la flat tax. Le addizionali Irpef sono state conteggiate applicando le aliquote medie a livello nazionale come stima dei dati riconducibili alle dichiarazioni dei redditi (1,5 per cento per l\u2019addizionale regionale Irpef e 0,656 per cento per l\u2019addizionale comunale Irpef). Infine, per le prime due fasce di reddito non si \u00e8 considerato il trattamento integrativo pari a 1.200 euro annui spettanti ai lavoratori dipendenti con redditi sino a 15.000 euro che avrebbe comportato rilevanti effetti migliorativi per i lavoratori dipendenti di queste due classi di reddito.<\/p>\n<p><strong>Principali novit\u00e0 fiscali e contributive previste nel 2023<\/strong><\/p>\n<p>LAVORATORI AUTONOMI. Dal 2023 potranno accedere al regime forfetario anche le imprese individuali e i lavoratori autonomi i cui ricavi\/compensi sono nella fascia tra 65.000 e 85.000 euro. Con la Legge di Bilancio \u00e8 stato previsto l\u2019innalzamento del limite di ricavi\/compensi da non superare per accedere al regime agevolato (art.1 c. 54 Legge di Bilancio);<br \/>\nLAVORATORI AUTONOMI. Per il solo 2023 le imprese individuali e i lavoratori autonomi che non si trovano nel regime forfetario sulla parte degli incrementi di reddito del 2023 rispetto al pi\u00f9 elevato dei redditi dichiarati nel triennio precedente, in luogo del prelievo con gli scaglioni IRPEF, possono applicare una tassazione del 15% (art 1 c 55 \u2013 57 Legge di Bilancio);<br \/>\nLAVORATORI AUTONOMI. Si elevano le soglie di ricavi da non superare per accedere al regime di contabilit\u00e0 semplificata, da 400.000 a 500.000 euro per le imprese che esercitano attivit\u00e0 di prestazioni di servizi e da 700.000 a 800.000 euro per le imprese che esercitano altre attivit\u00e0 (art.1 c.276 Legge di Bilancio);<br \/>\nLAVORATORI DIPENDENTI. Si riduce dal 10% al 5% l\u2019aliquota dell\u2019imposta sostitutiva dovuta sui premi di risultato erogati dal datore di lavoro in quanto previsti da accordi collettivi (art 1 c 63 Legge di Bilancio);<br \/>\nLAVORATORI DIPENDENTI. Riduzione della quota di contributi a carico dei lavoratori dipendenti. Tale riduzione \u00e8 pari al 2 per cento se la retribuzione mensile non supera 2.692 euro, mentre \u00e8 pari al 3 per cento se la retribuzione mensile non supera 1.923 euro (art.1 c.281 Legge di Bilancio);<br \/>\nLAVORATORI DIPENDENTI. Si eleva l\u2019indennit\u00e0 per congedo parentale all\u2019 80 per cento (invece che al 30 per cento) della retribuzione limitatamente a un periodo non superiore a un mese e compreso entro il sesto anno di vita del bambino (art.1 c.359 Legge di Bilancio);<br \/>\nLAVORATORI DIPENDENTI. Ai fini della non tassazione dei premi erogati ai dipendenti, torna la vecchia soglia pari a 258 euro dopo che per il 2022 si era potuto usufruire del maggior limite di 3.000 euro;<br \/>\nLAVORATORI DIPENDENTI. Sono reddito da lavoro dipendente le mance percepite dai dipendenti del settore della ristorazione e si prevede la tassazione con una imposta sostitutiva del 5 per cento (art.1 c.58-62 Legge di Bilancio);<br \/>\nLAVORATORI DIPENDENTI. I fringe benefit calcolati tramite i costi chilometrici di esercizio di autovetture elaborati dall\u2019ACI saranno pi\u00f9 elevati. Infatti si verifica un aumento attorno al 4 per cento per gli automezzi alimentati a benzina e al 7 per cento per i diesel;<br \/>\nLAVORATORI DIPENDENTI ED AUTONOMI. Aumento dell\u2019Assegno Unico Universale per figli a carico nel caso di figli sino a 1 anno di et\u00e0 oppure di et\u00e0 inferiore a 3 anni nel caso di ISEE sino a 40.000 euro. Si eleva l\u2019importo dell\u2019assegno anche nel caso di famiglie numerose con quattro o pi\u00f9 figli (art.1 c. 357 e 358 Legge di Bilancio).<\/p>\n\n\t\t\t<style type='text\/css'>\n\t\t\t\t#gallery-7 {\n\t\t\t\t\tmargin: auto;\n\t\t\t\t}\n\t\t\t\t#gallery-7 .gallery-item {\n\t\t\t\t\tfloat: left;\n\t\t\t\t\tmargin-top: 10px;\n\t\t\t\t\ttext-align: center;\n\t\t\t\t\twidth: 33%;\n\t\t\t\t}\n\t\t\t\t#gallery-7 img {\n\t\t\t\t\tborder: 2px solid #cfcfcf;\n\t\t\t\t}\n\t\t\t\t#gallery-7 .gallery-caption {\n\t\t\t\t\tmargin-left: 0;\n\t\t\t\t}\n\t\t\t\t\/* see gallery_shortcode() in wp-includes\/media.php *\/\n\t\t\t<\/style>\n\t\t<div id='gallery-7' class='dt-gallery-container gallery galleryid-315518 gallery-columns-3 gallery-size-medium'><dl class='gallery-item'>\n\t\t\t\t<dt class='gallery-icon landscape'>\n\t\t\t\t\t<a class=\"rollover rollover-zoom dt-pswp-item\" title=\"Schermata 2023-01-07 alle 10.16.51\" data-dt-img-description=\"\" data-large_image_width=\"1194\" data-large_image_height=\"1046\"href='https:\/\/www.radiopiu.net\/wordpress\/wp-content\/uploads\/2023\/01\/Schermata-2023-01-07-alle-10.16.51.png'><img loading=\"lazy\" decoding=\"async\" width=\"300\" height=\"263\" src=\"https:\/\/www.radiopiu.net\/wordpress\/wp-content\/uploads\/2023\/01\/Schermata-2023-01-07-alle-10.16.51-300x263.png\" class=\"attachment-medium size-medium\" alt=\"\" srcset=\"https:\/\/www.radiopiu.net\/wordpress\/wp-content\/uploads\/2023\/01\/Schermata-2023-01-07-alle-10.16.51-300x263.png 300w, https:\/\/www.radiopiu.net\/wordpress\/wp-content\/uploads\/2023\/01\/Schermata-2023-01-07-alle-10.16.51-1024x897.png 1024w, https:\/\/www.radiopiu.net\/wordpress\/wp-content\/uploads\/2023\/01\/Schermata-2023-01-07-alle-10.16.51-768x673.png 768w, https:\/\/www.radiopiu.net\/wordpress\/wp-content\/uploads\/2023\/01\/Schermata-2023-01-07-alle-10.16.51.png 1194w\" sizes=\"auto, (max-width: 300px) 100vw, 300px\" \/><\/a>\n\t\t\t\t<\/dt><\/dl><dl class='gallery-item'>\n\t\t\t\t<dt class='gallery-icon landscape'>\n\t\t\t\t\t<a class=\"rollover rollover-zoom dt-pswp-item\" title=\"Schermata 2023-01-07 alle 10.18.28\" data-dt-img-description=\"\" data-large_image_width=\"1190\" data-large_image_height=\"976\"href='https:\/\/www.radiopiu.net\/wordpress\/wp-content\/uploads\/2023\/01\/Schermata-2023-01-07-alle-10.18.28.png'><img loading=\"lazy\" decoding=\"async\" width=\"300\" height=\"246\" src=\"https:\/\/www.radiopiu.net\/wordpress\/wp-content\/uploads\/2023\/01\/Schermata-2023-01-07-alle-10.18.28-300x246.png\" class=\"attachment-medium size-medium\" alt=\"\" srcset=\"https:\/\/www.radiopiu.net\/wordpress\/wp-content\/uploads\/2023\/01\/Schermata-2023-01-07-alle-10.18.28-300x246.png 300w, https:\/\/www.radiopiu.net\/wordpress\/wp-content\/uploads\/2023\/01\/Schermata-2023-01-07-alle-10.18.28-1024x840.png 1024w, https:\/\/www.radiopiu.net\/wordpress\/wp-content\/uploads\/2023\/01\/Schermata-2023-01-07-alle-10.18.28-768x630.png 768w, https:\/\/www.radiopiu.net\/wordpress\/wp-content\/uploads\/2023\/01\/Schermata-2023-01-07-alle-10.18.28.png 1190w\" sizes=\"auto, (max-width: 300px) 100vw, 300px\" \/><\/a>\n\t\t\t\t<\/dt><\/dl><dl class='gallery-item'>\n\t\t\t\t<dt class='gallery-icon portrait'>\n\t\t\t\t\t<a class=\"rollover rollover-zoom dt-pswp-item\" title=\"Schermata 2023-01-07 alle 10.18.03\" data-dt-img-description=\"\" data-large_image_width=\"918\" data-large_image_height=\"944\"href='https:\/\/www.radiopiu.net\/wordpress\/wp-content\/uploads\/2023\/01\/Schermata-2023-01-07-alle-10.18.03.png'><img loading=\"lazy\" decoding=\"async\" width=\"292\" height=\"300\" src=\"https:\/\/www.radiopiu.net\/wordpress\/wp-content\/uploads\/2023\/01\/Schermata-2023-01-07-alle-10.18.03-292x300.png\" class=\"attachment-medium size-medium\" alt=\"\" srcset=\"https:\/\/www.radiopiu.net\/wordpress\/wp-content\/uploads\/2023\/01\/Schermata-2023-01-07-alle-10.18.03-292x300.png 292w, https:\/\/www.radiopiu.net\/wordpress\/wp-content\/uploads\/2023\/01\/Schermata-2023-01-07-alle-10.18.03-768x790.png 768w, https:\/\/www.radiopiu.net\/wordpress\/wp-content\/uploads\/2023\/01\/Schermata-2023-01-07-alle-10.18.03.png 918w\" sizes=\"auto, (max-width: 292px) 100vw, 292px\" \/><\/a>\n\t\t\t\t<\/dt><\/dl><br style=\"clear: both\" \/><dl class='gallery-item'>\n\t\t\t\t<dt class='gallery-icon landscape'>\n\t\t\t\t\t<a class=\"rollover rollover-zoom dt-pswp-item\" title=\"Schermata 2023-01-07 alle 10.17.36\" data-dt-img-description=\"\" data-large_image_width=\"1198\" data-large_image_height=\"962\"href='https:\/\/www.radiopiu.net\/wordpress\/wp-content\/uploads\/2023\/01\/Schermata-2023-01-07-alle-10.17.36.png'><img loading=\"lazy\" decoding=\"async\" width=\"300\" height=\"241\" src=\"https:\/\/www.radiopiu.net\/wordpress\/wp-content\/uploads\/2023\/01\/Schermata-2023-01-07-alle-10.17.36-300x241.png\" class=\"attachment-medium size-medium\" alt=\"\" srcset=\"https:\/\/www.radiopiu.net\/wordpress\/wp-content\/uploads\/2023\/01\/Schermata-2023-01-07-alle-10.17.36-300x241.png 300w, https:\/\/www.radiopiu.net\/wordpress\/wp-content\/uploads\/2023\/01\/Schermata-2023-01-07-alle-10.17.36-1024x822.png 1024w, https:\/\/www.radiopiu.net\/wordpress\/wp-content\/uploads\/2023\/01\/Schermata-2023-01-07-alle-10.17.36-768x617.png 768w, https:\/\/www.radiopiu.net\/wordpress\/wp-content\/uploads\/2023\/01\/Schermata-2023-01-07-alle-10.17.36.png 1198w\" sizes=\"auto, (max-width: 300px) 100vw, 300px\" \/><\/a>\n\t\t\t\t<\/dt><\/dl><dl class='gallery-item'>\n\t\t\t\t<dt class='gallery-icon landscape'>\n\t\t\t\t\t<a class=\"rollover rollover-zoom dt-pswp-item\" title=\"Schermata 2023-01-07 alle 10.17.20\" data-dt-img-description=\"\" data-large_image_width=\"766\" data-large_image_height=\"604\"href='https:\/\/www.radiopiu.net\/wordpress\/wp-content\/uploads\/2023\/01\/Schermata-2023-01-07-alle-10.17.20.png'><img loading=\"lazy\" decoding=\"async\" width=\"300\" height=\"237\" src=\"https:\/\/www.radiopiu.net\/wordpress\/wp-content\/uploads\/2023\/01\/Schermata-2023-01-07-alle-10.17.20-300x237.png\" class=\"attachment-medium size-medium\" alt=\"\" srcset=\"https:\/\/www.radiopiu.net\/wordpress\/wp-content\/uploads\/2023\/01\/Schermata-2023-01-07-alle-10.17.20-300x237.png 300w, https:\/\/www.radiopiu.net\/wordpress\/wp-content\/uploads\/2023\/01\/Schermata-2023-01-07-alle-10.17.20.png 766w\" sizes=\"auto, (max-width: 300px) 100vw, 300px\" \/><\/a>\n\t\t\t\t<\/dt><\/dl><dl class='gallery-item'>\n\t\t\t\t<dt class='gallery-icon landscape'>\n\t\t\t\t\t<a class=\"rollover rollover-zoom dt-pswp-item\" title=\"Schermata 2023-01-07 alle 10.17.05\" data-dt-img-description=\"\" data-large_image_width=\"1156\" data-large_image_height=\"684\"href='https:\/\/www.radiopiu.net\/wordpress\/wp-content\/uploads\/2023\/01\/Schermata-2023-01-07-alle-10.17.05.png'><img loading=\"lazy\" decoding=\"async\" width=\"300\" height=\"178\" src=\"https:\/\/www.radiopiu.net\/wordpress\/wp-content\/uploads\/2023\/01\/Schermata-2023-01-07-alle-10.17.05-300x178.png\" class=\"attachment-medium size-medium\" alt=\"\" srcset=\"https:\/\/www.radiopiu.net\/wordpress\/wp-content\/uploads\/2023\/01\/Schermata-2023-01-07-alle-10.17.05-300x178.png 300w, https:\/\/www.radiopiu.net\/wordpress\/wp-content\/uploads\/2023\/01\/Schermata-2023-01-07-alle-10.17.05-1024x606.png 1024w, https:\/\/www.radiopiu.net\/wordpress\/wp-content\/uploads\/2023\/01\/Schermata-2023-01-07-alle-10.17.05-768x454.png 768w, https:\/\/www.radiopiu.net\/wordpress\/wp-content\/uploads\/2023\/01\/Schermata-2023-01-07-alle-10.17.05.png 1156w\" sizes=\"auto, (max-width: 300px) 100vw, 300px\" \/><\/a>\n\t\t\t\t<\/dt><\/dl><br style=\"clear: both\" \/>\n\t\t\t<\/div>\n\n<p>&nbsp;<\/p>\n<hr \/>\n<p>&nbsp;<\/p>\n<div class=\"column\">\n<h1><span style=\"color: #ff00ff;\">AGORDINO IN FERMENTO&#8230;AGORDINO IN MOVIMENTO 1<\/span><\/h1>\n<div class=\"column\">\n<p style=\"text-align: left;\"><strong><a class=\"dt-pswp-item\" href=\"https:\/\/www.radiopiu.net\/wordpress\/wp-content\/uploads\/2023\/01\/CASPARETHA_page-0001.jpg\" data-dt-img-description=\"\" data-large_image_width=\"886\" data-large_image_height=\"632\"><img loading=\"lazy\" decoding=\"async\" class=\" wp-image-315112 alignleft\" src=\"https:\/\/www.radiopiu.net\/wordpress\/wp-content\/uploads\/2023\/01\/CASPARETHA_page-0001-300x214.jpg\" alt=\"\" width=\"243\" height=\"173\" srcset=\"https:\/\/www.radiopiu.net\/wordpress\/wp-content\/uploads\/2023\/01\/CASPARETHA_page-0001-300x214.jpg 300w, https:\/\/www.radiopiu.net\/wordpress\/wp-content\/uploads\/2023\/01\/CASPARETHA_page-0001-768x548.jpg 768w, https:\/\/www.radiopiu.net\/wordpress\/wp-content\/uploads\/2023\/01\/CASPARETHA_page-0001.jpg 886w\" sizes=\"auto, (max-width: 243px) 100vw, 243px\" \/><\/a>CANALE D&#8217;AGORDO<\/strong> Sabato 4 febbraio \u00e8 in programma la Casparetha 2023, camminata competitiva e non in notturna con racchette da neve su tracciato di circa 5 km. La partenza avverr\u00e0 alle ore 19.00 da Piazza Papa Luciani a Canale d&#8217;Agordo, si proseguir\u00e0 poi nel bosco in direzione della Valle di Gares per far ritorno poi di nuovo in Piazza. Dalle ore 17.30 \u00e8 previsto il &#8220;Casperitivo&#8221;, con la partecipazione dei locali della piazza e del comitato organizzatore. Alle ore 21.30 spettacolo pirotecnico. Da quest&#8217;anno la partecipazione \u00e8 riservata ai soli ciaspolatori. Possibilit\u00e0 di noleggio ciaspe all&#8217;atto dell&#8217;iscrizione. Le <u>iscrizioni online<\/u> sul sito <a tabindex=\"-1\" href=\"http:\/\/www.casparetha.it\/\" target=\"_blank\" rel=\"external noopener\">http:\/\/www.casparetha.it\/<\/a>\u00a0apriranno <u>gioved\u00ec 15 gennaio<\/u>, mentre chi vorr\u00e0 iscriversi in loco potr\u00e0 recarsi presso l&#8217;ufficio pro loco al Museo Albino Luciani, aperto appositamente marted\u00ec 31 gennaio, mercoled\u00ec 01 e gioved\u00ec 02 febbraio dalle ore 17.00 alle ore 19.00.<\/p>\n<p>&nbsp;<\/p>\n<p><strong>di Gianni Santomaso<\/strong><\/p>\n<audio class=\"wp-audio-shortcode\" id=\"audio-315518-6\" preload=\"none\" style=\"width: 100%;\" controls=\"controls\"><source type=\"audio\/mpeg\" src=\"https:\/\/www.radiopiu.net\/wordpress\/wp-content\/uploads\/2023\/01\/GIANNI-CASPARETHA.mp3?_=6\" \/><a href=\"https:\/\/www.radiopiu.net\/wordpress\/wp-content\/uploads\/2023\/01\/GIANNI-CASPARETHA.mp3\">https:\/\/www.radiopiu.net\/wordpress\/wp-content\/uploads\/2023\/01\/GIANNI-CASPARETHA.mp3<\/a><\/audio>\n<p>&nbsp;<\/p>\n<p><a class=\"dt-pswp-item\" href=\"https:\/\/www.radiopiu.net\/wordpress\/wp-content\/uploads\/2023\/01\/317791157_547689460704537_5429466932836782240_n.jpg\" data-dt-img-description=\"\" data-large_image_width=\"720\" data-large_image_height=\"522\"><img loading=\"lazy\" decoding=\"async\" class=\"aligncenter wp-image-314948 size-full\" src=\"https:\/\/www.radiopiu.net\/wordpress\/wp-content\/uploads\/2023\/01\/317791157_547689460704537_5429466932836782240_n.jpg\" alt=\"\" width=\"720\" height=\"522\" srcset=\"https:\/\/www.radiopiu.net\/wordpress\/wp-content\/uploads\/2023\/01\/317791157_547689460704537_5429466932836782240_n.jpg 720w, https:\/\/www.radiopiu.net\/wordpress\/wp-content\/uploads\/2023\/01\/317791157_547689460704537_5429466932836782240_n-300x218.jpg 300w\" sizes=\"auto, (max-width: 720px) 100vw, 720px\" \/><\/a><\/p>\n<p>&nbsp;<\/p>\n<p>&nbsp;<\/p>\n<p>&nbsp;<\/p>\n<hr \/>\n<p>&nbsp;<\/p>\n<h1><span style=\"color: #ff00ff;\">AGORDINO IN FERMENTO&#8230;AGORDINO IN MOVIMENTO 2<\/span><\/h1>\n<blockquote><p><span style=\"color: #ff0000;\"><strong>A CARNEVALE&#8230; EL CARNEVAL DE LE VAI&#8230;DA SELVA DI CADORE A CANALE D&#8217;AGORDO, DA RIVAMONTE A LASTE E SOTTOGUDA. TRADIZIONE, CULTURLA E SPETTACOLO DOMANI ALLE 10.30 E 1900 L&#8217;INCONTRO ALLA RADIO CON GLI ORGANIZZATORI<\/strong><\/span><\/p><\/blockquote>\n<p><a class=\"dt-pswp-item\" href=\"https:\/\/www.radiopiu.net\/wordpress\/wp-content\/uploads\/2023\/01\/f357cc9c-828e-4d9b-9ff4-ec3efed24d74.jpg\" data-dt-img-description=\"\" data-large_image_width=\"724\" data-large_image_height=\"1024\"><img loading=\"lazy\" decoding=\"async\" class=\"alignnone wp-image-315069 size-full\" src=\"https:\/\/www.radiopiu.net\/wordpress\/wp-content\/uploads\/2023\/01\/f357cc9c-828e-4d9b-9ff4-ec3efed24d74.jpg\" alt=\"\" width=\"724\" height=\"1024\" srcset=\"https:\/\/www.radiopiu.net\/wordpress\/wp-content\/uploads\/2023\/01\/f357cc9c-828e-4d9b-9ff4-ec3efed24d74.jpg 724w, https:\/\/www.radiopiu.net\/wordpress\/wp-content\/uploads\/2023\/01\/f357cc9c-828e-4d9b-9ff4-ec3efed24d74-212x300.jpg 212w\" sizes=\"auto, (max-width: 724px) 100vw, 724px\" \/><\/a><\/p>\n<p>&nbsp;<\/p>\n<p>&nbsp;<\/p>\n<p>&nbsp;<\/p>\n<hr \/>\n<p>&nbsp;<\/p>\n<\/div>\n<\/div>\n<div class=\"column\">\n<div class=\"column\">\n<h1><span style=\"color: #ff00ff;\">AGORDINO IN FERMENTO&#8230;AGORDINO IN MOVIMENTO 3<\/span><\/h1>\n<blockquote class=\"wp-embedded-content\" data-secret=\"9GNRe9lxoq\"><p><a href=\"https:\/\/www.radiopiu.net\/wordpress\/album-dei-ricordi-della-sagra\/\">ALBUM DEI RICORDI DELLA SAGRA DE PASCA, PRIMAVERA A TAIBON<\/a><\/p><\/blockquote>\n<p><iframe loading=\"lazy\" class=\"wp-embedded-content\" sandbox=\"allow-scripts\" security=\"restricted\" style=\"position: absolute; clip: rect(1px, 1px, 1px, 1px);\" title=\"&#8220;ALBUM DEI RICORDI DELLA SAGRA DE PASCA, PRIMAVERA A TAIBON&#8221; &#8212; Radio Pi\u00f9\" src=\"https:\/\/www.radiopiu.net\/wordpress\/album-dei-ricordi-della-sagra\/embed\/#?secret=vjxabYfq94#?secret=9GNRe9lxoq\" data-secret=\"9GNRe9lxoq\" width=\"600\" height=\"338\" frameborder=\"0\" marginwidth=\"0\" marginheight=\"0\" scrolling=\"no\"><\/iframe><\/p>\n<p>&nbsp;<\/p>\n<hr \/>\n<p>&nbsp;<\/p>\n<blockquote>\n<h3>LA FIACCOLATA DEI MAESTRI DI SCI A FORCELLA AURINE<\/h3>\n<\/blockquote>\n<p><strong>GOSALDO<\/strong> Si \u00e8 svolta nei giorni scorsi la tradizionale fiaccolata di inizio anno dei maestri di sci a Forcella Aurine. Uno spettacolo di luci lungo la pista di fronte al ristobar Ghegi. Il video di Marinella Xaiz dal gruppo Facebook Rivamonte Agordino &#8211; Rivanei<\/p>\n<p><iframe loading=\"lazy\" title=\"Fiaccolata Forcella Aurine\" width=\"1200\" height=\"675\" src=\"https:\/\/www.youtube.com\/embed\/l_3qypOc1GQ?feature=oembed\" frameborder=\"0\" allow=\"accelerometer; autoplay; clipboard-write; encrypted-media; gyroscope; picture-in-picture; web-share\" allowfullscreen><\/iframe><\/p>\n<p>&nbsp;<\/p>\n<hr \/>\n<p>&nbsp;<\/p>\n<blockquote>\n<h3>IL PRESEPIO DI EMY E SOPHIE DALLA PORTA VINCE IL CONCORSO &#8220;PRESEPI SOTTO LE STELLE&#8221; A VOLTAGO<\/h3>\n<\/blockquote>\n<p><strong>VOLTAGO <\/strong>Si \u00e8 svolta in piazza di Voltago la premiazione della terza edizione di Presepi Sotto Le Stelle. Quattordici i presepi in gara in questa edizione e visitiabili all&#8217;esterno delle abitazioni di Voltago. A vincere il primo premio \u00e8 stato il presepio allestito da Emy e Sophie Dalla Porta. Un presepio particolare composto interamente da materiali che si trovano in natura: pigne, legno e sassi. Un&#8217;ambientazione semplice all&#8217;interno di uno scrigno in legno appoggiato sulla pietra. Premiata dunque la semplicit\u00e0 degli autori. Un premio speciale \u00e8 andato al presepio di Michele Venialetti e famiglia creato su un tronco diviso in due sezioni.<\/p>\n\n\t\t\t<style type='text\/css'>\n\t\t\t\t#gallery-8 {\n\t\t\t\t\tmargin: auto;\n\t\t\t\t}\n\t\t\t\t#gallery-8 .gallery-item {\n\t\t\t\t\tfloat: left;\n\t\t\t\t\tmargin-top: 10px;\n\t\t\t\t\ttext-align: center;\n\t\t\t\t\twidth: 50%;\n\t\t\t\t}\n\t\t\t\t#gallery-8 img {\n\t\t\t\t\tborder: 2px solid #cfcfcf;\n\t\t\t\t}\n\t\t\t\t#gallery-8 .gallery-caption {\n\t\t\t\t\tmargin-left: 0;\n\t\t\t\t}\n\t\t\t\t\/* see gallery_shortcode() in wp-includes\/media.php *\/\n\t\t\t<\/style>\n\t\t<div id='gallery-8' class='dt-gallery-container gallery galleryid-315518 gallery-columns-2 gallery-size-medium'><dl class='gallery-item'>\n\t\t\t\t<dt class='gallery-icon portrait'>\n\t\t\t\t\t<a class=\"rollover rollover-zoom dt-pswp-item\" title=\"3252d3fb-b3a3-49af-a984-c597419172c1\" data-dt-img-description=\"\" data-large_image_width=\"718\" data-large_image_height=\"1024\"href='https:\/\/www.radiopiu.net\/wordpress\/wp-content\/uploads\/2023\/01\/3252d3fb-b3a3-49af-a984-c597419172c1.jpg'><img loading=\"lazy\" decoding=\"async\" width=\"210\" height=\"300\" src=\"https:\/\/www.radiopiu.net\/wordpress\/wp-content\/uploads\/2023\/01\/3252d3fb-b3a3-49af-a984-c597419172c1-210x300.jpg\" class=\"attachment-medium size-medium\" alt=\"\" aria-describedby=\"gallery-8-315576\" srcset=\"https:\/\/www.radiopiu.net\/wordpress\/wp-content\/uploads\/2023\/01\/3252d3fb-b3a3-49af-a984-c597419172c1-210x300.jpg 210w, https:\/\/www.radiopiu.net\/wordpress\/wp-content\/uploads\/2023\/01\/3252d3fb-b3a3-49af-a984-c597419172c1.jpg 718w\" sizes=\"auto, (max-width: 210px) 100vw, 210px\" \/><\/a>\n\t\t\t\t<\/dt>\n\t\t\t\t\t<dd class='wp-caption-text gallery-caption' id='gallery-8-315576'>\n\t\t\t\t\tI PRESEPI VINCENTI\n\t\t\t\t\t<\/dd><\/dl><dl class='gallery-item'>\n\t\t\t\t<dt class='gallery-icon portrait'>\n\t\t\t\t\t<a class=\"rollover rollover-zoom dt-pswp-item\" title=\"973689e1-b6fe-4d49-97fb-1d49db296ce4\" data-dt-img-description=\"\" data-large_image_width=\"705\" data-large_image_height=\"1024\"href='https:\/\/www.radiopiu.net\/wordpress\/wp-content\/uploads\/2023\/01\/973689e1-b6fe-4d49-97fb-1d49db296ce4.jpg'><img loading=\"lazy\" decoding=\"async\" width=\"207\" height=\"300\" src=\"https:\/\/www.radiopiu.net\/wordpress\/wp-content\/uploads\/2023\/01\/973689e1-b6fe-4d49-97fb-1d49db296ce4-207x300.jpg\" class=\"attachment-medium size-medium\" alt=\"\" aria-describedby=\"gallery-8-315577\" srcset=\"https:\/\/www.radiopiu.net\/wordpress\/wp-content\/uploads\/2023\/01\/973689e1-b6fe-4d49-97fb-1d49db296ce4-207x300.jpg 207w, https:\/\/www.radiopiu.net\/wordpress\/wp-content\/uploads\/2023\/01\/973689e1-b6fe-4d49-97fb-1d49db296ce4.jpg 705w\" sizes=\"auto, (max-width: 207px) 100vw, 207px\" \/><\/a>\n\t\t\t\t<\/dt>\n\t\t\t\t\t<dd class='wp-caption-text gallery-caption' id='gallery-8-315577'>\n\t\t\t\t\tTUTTI I PRESEPI\n\t\t\t\t\t<\/dd><\/dl><br style=\"clear: both\" \/>\n\t\t\t<\/div>\n\n<p>&nbsp;<\/p>\n<hr \/>\n<p>&nbsp;<\/p>\n<blockquote>\n<h3>GRANDE FESTA A VOLTAGO PER I COSCRITTI DEL 1951 DELL&#8217;AGORDINO<\/h3>\n<\/blockquote>\n<p><strong>VOLTAGO<\/strong> Grande festa per i coscritti del 1951 dell&#8217;Agordino che si sono ritrovati all&#8217;Hotel Stella Alpina di Voltago. Una serata in allegria tra aneddoti e quattro chiacchiere per festeggiare assieme il prossimo traguardo dei 72 anni.<\/p>\n<div style=\"width: 640px;\" class=\"wp-video\"><video class=\"wp-video-shortcode\" id=\"video-315518-2\" width=\"640\" height=\"304\" preload=\"metadata\" controls=\"controls\"><source type=\"video\/mp4\" src=\"https:\/\/www.radiopiu.net\/wordpress\/wp-content\/uploads\/2023\/01\/WhatsApp-Video-2023-01-07-at-18.11.12.mp4?_=2\" \/><a href=\"https:\/\/www.radiopiu.net\/wordpress\/wp-content\/uploads\/2023\/01\/WhatsApp-Video-2023-01-07-at-18.11.12.mp4\">https:\/\/www.radiopiu.net\/wordpress\/wp-content\/uploads\/2023\/01\/WhatsApp-Video-2023-01-07-at-18.11.12.mp4<\/a><\/video><\/div>\n<p>&nbsp;<\/p>\n<hr \/>\n<p>&nbsp;<\/p>\n<blockquote>\n<h3>L&#8217;ISLANDA CHIAMA&#8230;WILLIAM RISPONDE<\/h3>\n<\/blockquote>\n<p><strong><a class=\"dt-pswp-item\" href=\"https:\/\/www.radiopiu.net\/wordpress\/wp-content\/uploads\/2023\/01\/2b34c5e9-f256-4747-8099-e0424d08a959.jpg\" data-dt-img-description=\"\" data-large_image_width=\"1920\" data-large_image_height=\"1280\"><img loading=\"lazy\" decoding=\"async\" class=\" wp-image-315596 alignleft\" src=\"https:\/\/www.radiopiu.net\/wordpress\/wp-content\/uploads\/2023\/01\/2b34c5e9-f256-4747-8099-e0424d08a959-300x200.jpg\" alt=\"\" width=\"209\" height=\"139\" srcset=\"https:\/\/www.radiopiu.net\/wordpress\/wp-content\/uploads\/2023\/01\/2b34c5e9-f256-4747-8099-e0424d08a959-300x200.jpg 300w, https:\/\/www.radiopiu.net\/wordpress\/wp-content\/uploads\/2023\/01\/2b34c5e9-f256-4747-8099-e0424d08a959-1024x683.jpg 1024w, https:\/\/www.radiopiu.net\/wordpress\/wp-content\/uploads\/2023\/01\/2b34c5e9-f256-4747-8099-e0424d08a959-768x512.jpg 768w, https:\/\/www.radiopiu.net\/wordpress\/wp-content\/uploads\/2023\/01\/2b34c5e9-f256-4747-8099-e0424d08a959-1536x1024.jpg 1536w, https:\/\/www.radiopiu.net\/wordpress\/wp-content\/uploads\/2023\/01\/2b34c5e9-f256-4747-8099-e0424d08a959.jpg 1920w\" sizes=\"auto, (max-width: 209px) 100vw, 209px\" \/><\/a>LA VALLE<\/strong> William Da Roit sar\u00e0 fra i protagonisti della Run Iceland 2023, gara a tappe di Trail running che si correr\u00e0 nell&#8217;isola al circolo polare artico dal 4 al 10 giugno. &#8220;<em>Ho detto subito di s\u00ec alla mail inviatami dall&#8217;organizzazione, lass\u00f9 nel 2018 sono arrivato secondo assoluto. \u00c8 una gara particolare, riservata solo a 50 concorrenti, si corre in scenari unici fra ghiaccio, vulcani, deserto e oceano &#8211; dice William &#8211; Questa volta ci sar\u00e0 anche una tappa a mezzanotte visto che in giugno li il sole non tramonta mai. Dopo un mese e mezzo di stop con la corsa, dicembre dedicato alla produzione di panettoni, ho ripreso con gli allenamenti seguito da Giulia Ben, fisioterapista di Agordo, con un programma anche di potenziamento muscolare per cercare di prevenire il problema alla gamba sinistra che mi ha rallentato in questo anno difficile &#8211; continua Da Roit &#8211; \u00c8 la conseguenza di un&#8217;incidente che ho avuto quando ero nei corpi speciali dell&#8217;esercito (Paracadutisti della Folgore) problema con cui, vista anche l&#8217;et\u00e0, dovr\u00f2 imparare a convivere<\/em>&#8220;. Il calendario di avvicinamento all&#8217;Islanda prevede in marzo l&#8217;Engadina Ski Matathon, in Svizzera, con gli sci da fondo, poi la maratona di Roma, la sessantacinquesima per William, in aprile una delle gare all&#8217;ultra matathon festival di Venezia. &#8220;<em>Anche quest&#8217;anno continua a seguirmi Francesca Lavezzari, biologa e nutrizionista di Belluno specializzata in gare di endurance. <\/em><em>Mai arrendersi<\/em>&#8220;.<\/p>\n<p>&nbsp;<\/p>\n<hr \/>\n<p>&nbsp;<\/p>\n<blockquote>\n<h2>IL PREMIO, CATERINA MOLIN SUL PODIO A MILANO<\/h2>\n<\/blockquote>\n<h2><a class=\"dt-pswp-item\" href=\"https:\/\/www.radiopiu.net\/wordpress\/wp-content\/uploads\/2023\/01\/th-3.jpg\" data-dt-img-description=\"\" data-large_image_width=\"474\" data-large_image_height=\"259\"><img loading=\"lazy\" decoding=\"async\" class=\" wp-image-315741 alignleft\" src=\"https:\/\/www.radiopiu.net\/wordpress\/wp-content\/uploads\/2023\/01\/th-3-300x164.jpg\" alt=\"\" width=\"234\" height=\"128\" srcset=\"https:\/\/www.radiopiu.net\/wordpress\/wp-content\/uploads\/2023\/01\/th-3-300x164.jpg 300w, https:\/\/www.radiopiu.net\/wordpress\/wp-content\/uploads\/2023\/01\/th-3.jpg 474w\" sizes=\"auto, (max-width: 234px) 100vw, 234px\" \/><\/a><\/h2>\n<h2><strong>UN ALTRO SUCCESSO PER LA TATUATRICE CATERINA MOLIN. LA RAGAZZA BELLUNESE SECONDA AL CONTEST PARTY 2023 TATTO YOUNG PRODIGIES. LA SKATE ESPOSTO A MILANO\u00a0 \u00a0DALLA TATUATRICE SPECIALIZZATA IN STILE GIAPPONESE<br \/>\n<\/strong> <a class=\"x1i10hfl xjbqb8w x6umtig x1b1mbwd xaqea5y xav7gou x9f619 x1ypdohk xt0psk2 xe8uvvx xdj266r x11i5rnm xat24cr x1mh8g0r xexx8yu x4uap5 x18d9i69 xkhd6sd x16tdsg8 x1hl2dhg xggy1nq x1a2a7pz xt0b8zv x1fey0fg\" tabindex=\"0\" role=\"link\" href=\"https:\/\/l.facebook.com\/l.php?u=https%3A%2F%2Fwww.instagram.com%2F_u%2Fsantostattooshop%3Ffbclid%3DIwAR2eqj_oAZXdf5jv9Du4K9ui_p77UCeVPBsFXduWMyqko8Cpa0UDPkQAwys&amp;h=AT05IrgsuXY6WrIaPfWtuNeHlOGg5f-A9rAJFGWYTKpcpTC7tjMAk5W7XWH26tqkS8wdt6cRtO6B8bGwfSEP5lMXkTSLRUu7-bjK-MOQUau5BzregQP3sF788J4hE-vgpQ&amp;__tn__=-UK-R&amp;c[0]=AT04Q8ovl22O25x4e9AxRbquwINE7OYk6VBgtE-tuASg5TJhz2bOzHG_QiMxgNOXr_9d5FVdDwmwV9DfqhdPFiJ25anSFi-aRVr-Q0mLflWaWINqLLDzU1mLk0013BQzLk1J20Z8htGGbEYtKYMMqvU8mXAaHOUx7nvPnvy8kHT9tctd78GiDYi7uq4q7E38eRphgplFnsOH3A\" target=\"_blank\" rel=\"nofollow noopener\">@santostattooshop<\/a> Gallarate_Varese<\/h2>\n<p>&nbsp;<\/p>\n<p><a class=\"dt-pswp-item\" href=\"https:\/\/www.radiopiu.net\/wordpress\/wp-content\/uploads\/2023\/01\/fddda823-8bc2-46d4-aa37-45d73e009551.jpg\" data-dt-img-description=\"\" data-large_image_width=\"1200\" data-large_image_height=\"1600\"><img loading=\"lazy\" decoding=\"async\" class=\"size-medium wp-image-315740 aligncenter\" src=\"https:\/\/www.radiopiu.net\/wordpress\/wp-content\/uploads\/2023\/01\/fddda823-8bc2-46d4-aa37-45d73e009551-225x300.jpg\" alt=\"\" width=\"225\" height=\"300\" srcset=\"https:\/\/www.radiopiu.net\/wordpress\/wp-content\/uploads\/2023\/01\/fddda823-8bc2-46d4-aa37-45d73e009551-225x300.jpg 225w, https:\/\/www.radiopiu.net\/wordpress\/wp-content\/uploads\/2023\/01\/fddda823-8bc2-46d4-aa37-45d73e009551-768x1024.jpg 768w, https:\/\/www.radiopiu.net\/wordpress\/wp-content\/uploads\/2023\/01\/fddda823-8bc2-46d4-aa37-45d73e009551-1152x1536.jpg 1152w, https:\/\/www.radiopiu.net\/wordpress\/wp-content\/uploads\/2023\/01\/fddda823-8bc2-46d4-aa37-45d73e009551.jpg 1200w\" sizes=\"auto, (max-width: 225px) 100vw, 225px\" \/><\/a><\/p>\n<p>&nbsp;<\/p>\n<p>&nbsp;<\/p>\n<hr \/>\n<p>&nbsp;<\/p>\n<h2><strong><a class=\"dt-pswp-item\" href=\"https:\/\/www.radiopiu.net\/wordpress\/wp-content\/uploads\/2020\/12\/DON-GIORGIO-LISE.jpg\" data-dt-img-description=\"\" data-large_image_width=\"1600\" data-large_image_height=\"901\"><img loading=\"lazy\" decoding=\"async\" class=\"size-medium wp-image-177420 alignleft\" src=\"https:\/\/www.radiopiu.net\/wordpress\/wp-content\/uploads\/2020\/12\/DON-GIORGIO-LISE-300x169.jpg\" alt=\"\" width=\"300\" height=\"169\" srcset=\"https:\/\/www.radiopiu.net\/wordpress\/wp-content\/uploads\/2020\/12\/DON-GIORGIO-LISE-300x169.jpg 300w, https:\/\/www.radiopiu.net\/wordpress\/wp-content\/uploads\/2020\/12\/DON-GIORGIO-LISE-1024x577.jpg 1024w, https:\/\/www.radiopiu.net\/wordpress\/wp-content\/uploads\/2020\/12\/DON-GIORGIO-LISE-768x432.jpg 768w, https:\/\/www.radiopiu.net\/wordpress\/wp-content\/uploads\/2020\/12\/DON-GIORGIO-LISE-1536x865.jpg 1536w, https:\/\/www.radiopiu.net\/wordpress\/wp-content\/uploads\/2020\/12\/DON-GIORGIO-LISE.jpg 1600w\" sizes=\"auto, (max-width: 300px) 100vw, 300px\" \/><\/a><\/strong><span style=\"color: #339966;\">DUE MINUTI PER TE<\/span><\/h2>\n<p><strong>APPUNTAMENTO DOMENICALE CON MONSIGNOR GIORGIO LISE<\/strong><\/p>\n<audio class=\"wp-audio-shortcode\" id=\"audio-315518-7\" preload=\"none\" style=\"width: 100%;\" controls=\"controls\"><source type=\"audio\/mpeg\" src=\"https:\/\/www.radiopiu.net\/wordpress\/wp-content\/uploads\/2023\/01\/DON-GIORGIO.mp3?_=7\" \/><a href=\"https:\/\/www.radiopiu.net\/wordpress\/wp-content\/uploads\/2023\/01\/DON-GIORGIO.mp3\">https:\/\/www.radiopiu.net\/wordpress\/wp-content\/uploads\/2023\/01\/DON-GIORGIO.mp3<\/a><\/audio>\n<p>&nbsp;<\/p>\n<hr \/>\n<p>&nbsp;<\/p>\n<div>\n<div class=\"b654a4as d2edcug0\">\n<div class=\"rq0escxv hkbzh7o3 jwdofwj8 n8tt0mok r8blr3vg hyh9befq\">\n<p><a class=\"dt-pswp-item\" href=\"https:\/\/www.radiopiu.net\/wordpress\/wp-content\/uploads\/2020\/10\/pp.jpg\" data-dt-img-description=\"\" data-large_image_width=\"640\" data-large_image_height=\"640\"><img loading=\"lazy\" decoding=\"async\" class=\"wp-image-163678 alignleft\" src=\"https:\/\/www.radiopiu.net\/wordpress\/wp-content\/uploads\/2020\/10\/pp-300x300.jpg\" alt=\"\" width=\"106\" height=\"106\" srcset=\"https:\/\/www.radiopiu.net\/wordpress\/wp-content\/uploads\/2020\/10\/pp-300x300.jpg 300w, https:\/\/www.radiopiu.net\/wordpress\/wp-content\/uploads\/2020\/10\/pp-150x150.jpg 150w, https:\/\/www.radiopiu.net\/wordpress\/wp-content\/uploads\/2020\/10\/pp-125x125.jpg 125w, https:\/\/www.radiopiu.net\/wordpress\/wp-content\/uploads\/2020\/10\/pp-200x200.jpg 200w, https:\/\/www.radiopiu.net\/wordpress\/wp-content\/uploads\/2020\/10\/pp-80x80.jpg 80w, https:\/\/www.radiopiu.net\/wordpress\/wp-content\/uploads\/2020\/10\/pp-480x480.jpg 480w, https:\/\/www.radiopiu.net\/wordpress\/wp-content\/uploads\/2020\/10\/pp.jpg 640w\" sizes=\"auto, (max-width: 106px) 100vw, 106px\" \/><\/a><\/p>\n<\/div>\n<\/div>\n<\/div>\n<div>\n<div class=\"page-title-head hgroup\">\n<div class=\"page-title-head hgroup\">\n<div class=\"b654a4as d2edcug0\">\n<div class=\"j83agx80 btwxx1t3 lhclo0ds hop8lmos nkwizq5d scwd0bx6 roh60bw9\">\n<div class=\"rq0escxv hkbzh7o3 jwdofwj8 n8tt0mok r8blr3vg hyh9befq\">\n<div class=\"do00u71z l9j0dhe7 k4urcfbm\" style=\"text-align: left;\">\n<h2><span style=\"color: #000080;\">DON CESARE, IL PENSIERO DEL GIORNO. ALLA RADIO ALLE 7 DEL MATTINO E ALLE 19.30 DELLA SERA<\/span><\/h2>\n<audio class=\"wp-audio-shortcode\" id=\"audio-315518-8\" preload=\"none\" style=\"width: 100%;\" controls=\"controls\"><source type=\"audio\/mpeg\" src=\"https:\/\/www.radiopiu.net\/wordpress\/wp-content\/uploads\/2023\/01\/CESARE-4.mp3?_=8\" \/><a href=\"https:\/\/www.radiopiu.net\/wordpress\/wp-content\/uploads\/2023\/01\/CESARE-4.mp3\">https:\/\/www.radiopiu.net\/wordpress\/wp-content\/uploads\/2023\/01\/CESARE-4.mp3<\/a><\/audio>\n<\/div>\n<\/div>\n<\/div>\n<\/div>\n<\/div>\n<\/div>\n<\/div>\n<p>&nbsp;<\/p>\n<hr \/>\n<p>&nbsp;<\/p>\n<h2><span style=\"color: #ff00ff;\">IN VIVO VERSO\u00a0<\/span><\/h2>\n<div dir=\"auto\">\n<div dir=\"auto\">\n<div dir=\"auto\">\n<p>&nbsp;<\/p>\n<p><strong>LA RACCOLTA COMPLETA<\/strong><\/p>\n<\/div>\n<\/div>\n<\/div>\n<blockquote class=\"wp-embedded-content\" data-secret=\"2iyn7PCSU0\"><p><a href=\"https:\/\/www.radiopiu.net\/wordpress\/in-vivo-verso\/\">In Vivo Verso<\/a><\/p><\/blockquote>\n<p><iframe loading=\"lazy\" class=\"wp-embedded-content\" sandbox=\"allow-scripts\" security=\"restricted\" style=\"position: absolute; clip: rect(1px, 1px, 1px, 1px);\" title=\"&#8220;In Vivo Verso&#8221; &#8212; Radio Pi\u00f9\" src=\"https:\/\/www.radiopiu.net\/wordpress\/in-vivo-verso\/embed\/#?secret=iANC6DxJRw#?secret=2iyn7PCSU0\" data-secret=\"2iyn7PCSU0\" width=\"600\" height=\"338\" frameborder=\"0\" marginwidth=\"0\" marginheight=\"0\" scrolling=\"no\"><\/iframe><\/p>\n<p>&nbsp;<\/p>\n<hr \/>\n<p>&nbsp;<\/p>\n<\/div>\n<h2><strong><a class=\"dt-pswp-item\" href=\"https:\/\/www.radiopiu.net\/wordpress\/wp-content\/uploads\/2020\/06\/NUOVI-TRAGUARDI.jpg\" data-dt-img-description=\"\" data-large_image_width=\"900\" data-large_image_height=\"878\"><img loading=\"lazy\" decoding=\"async\" class=\" wp-image-142285 alignleft\" src=\"https:\/\/www.radiopiu.net\/wordpress\/wp-content\/uploads\/2020\/06\/NUOVI-TRAGUARDI-300x293.jpg\" alt=\"\" width=\"146\" height=\"143\" srcset=\"https:\/\/www.radiopiu.net\/wordpress\/wp-content\/uploads\/2020\/06\/NUOVI-TRAGUARDI-300x293.jpg 300w, https:\/\/www.radiopiu.net\/wordpress\/wp-content\/uploads\/2020\/06\/NUOVI-TRAGUARDI-768x749.jpg 768w, https:\/\/www.radiopiu.net\/wordpress\/wp-content\/uploads\/2020\/06\/NUOVI-TRAGUARDI.jpg 900w\" sizes=\"auto, (max-width: 146px) 100vw, 146px\" \/><\/a><span style=\"color: #008080;\">LA RASSEGNA STAMPA DA L&#8217;AMICO DEL POPOLO<\/span><\/strong><\/h2>\n<p><strong>di Gianni Santomaso<\/strong><\/p>\n<p>OSPITE: Graziano Pianezze<\/p>\n<audio class=\"wp-audio-shortcode\" id=\"audio-315518-9\" preload=\"none\" style=\"width: 100%;\" controls=\"controls\"><source type=\"audio\/mpeg\" src=\"https:\/\/www.radiopiu.net\/wordpress\/wp-content\/uploads\/2023\/01\/RASSEGNA-GIANNI.mp3?_=9\" \/><a href=\"https:\/\/www.radiopiu.net\/wordpress\/wp-content\/uploads\/2023\/01\/RASSEGNA-GIANNI.mp3\">https:\/\/www.radiopiu.net\/wordpress\/wp-content\/uploads\/2023\/01\/RASSEGNA-GIANNI.mp3<\/a><\/audio>\n<p>&nbsp;<\/p>\n<hr \/>\n<p>&nbsp;<\/p>\n<p>&nbsp;<\/p>\n<div class=\"column\">\n<p><img loading=\"lazy\" decoding=\"async\" class=\"aligncenter wp-image-61954 size-full\" src=\"https:\/\/www.radiopiu.net\/wordpress\/wp-content\/uploads\/2018\/09\/viabilita.jpeg\" sizes=\"auto, (max-width: 800px) 100vw, 800px\" srcset=\"https:\/\/www.radiopiu.net\/wordpress\/wp-content\/uploads\/2018\/09\/viabilita.jpeg 800w, https:\/\/www.radiopiu.net\/wordpress\/wp-content\/uploads\/2018\/09\/viabilita-300x38.jpeg 300w, https:\/\/www.radiopiu.net\/wordpress\/wp-content\/uploads\/2018\/09\/viabilita-768x96.jpeg 768w\" alt=\"\" width=\"800\" height=\"100\" \/><\/p>\n<p>&nbsp;<\/p>\n<p>&nbsp;<\/p>\n<p><strong>AGGIORNAMENTO VENETO STRADE, AGGIORNAMENTO CONTINUO H 24<\/strong><\/p>\n<blockquote class=\"wp-embedded-content\" data-secret=\"6cRFK2gEep\"><p><a href=\"https:\/\/www.radiopiu.net\/wordpress\/viabilita\/\">viabilita<\/a><\/p><\/blockquote>\n<p><iframe loading=\"lazy\" class=\"wp-embedded-content\" sandbox=\"allow-scripts\" security=\"restricted\" style=\"position: absolute; clip: rect(1px, 1px, 1px, 1px);\" title=\"&#8220;viabilita&#8221; &#8212; Radio Pi\u00f9\" src=\"https:\/\/www.radiopiu.net\/wordpress\/viabilita\/embed\/#?secret=siphEQM4oK#?secret=6cRFK2gEep\" data-secret=\"6cRFK2gEep\" width=\"600\" height=\"338\" frameborder=\"0\" marginwidth=\"0\" marginheight=\"0\" scrolling=\"no\"><\/iframe><\/p>\n<p>&nbsp;<\/p>\n<p>&nbsp;<\/p>\n<hr \/>\n<p>&nbsp;<\/p>\n<p><a class=\"dt-pswp-item\" href=\"https:\/\/www.radiopiu.net\/wordpress\/wp-content\/uploads\/2018\/09\/WhatsApp-Image-2018-09-20-at-16.04.06.jpeg\" data-dt-img-description=\"\" data-large_image_width=\"800\" data-large_image_height=\"100\"><img loading=\"lazy\" decoding=\"async\" class=\"wp-image-61378 size-full aligncenter\" src=\"https:\/\/www.radiopiu.net\/wordpress\/wp-content\/uploads\/2018\/09\/WhatsApp-Image-2018-09-20-at-16.04.06.jpeg\" alt=\"\" width=\"800\" height=\"100\" srcset=\"https:\/\/www.radiopiu.net\/wordpress\/wp-content\/uploads\/2018\/09\/WhatsApp-Image-2018-09-20-at-16.04.06.jpeg 800w, https:\/\/www.radiopiu.net\/wordpress\/wp-content\/uploads\/2018\/09\/WhatsApp-Image-2018-09-20-at-16.04.06-300x38.jpeg 300w, https:\/\/www.radiopiu.net\/wordpress\/wp-content\/uploads\/2018\/09\/WhatsApp-Image-2018-09-20-at-16.04.06-768x96.jpeg 768w\" sizes=\"auto, (max-width: 800px) 100vw, 800px\" \/><\/a><\/p>\n<p>&nbsp;<\/p>\n<p><center><b>OGGI<\/b><\/center><b>Tempo atteso: <\/b>Molto nuvoloso o coperto nella notte e fino al primo mattino con deboli fenomeni. In giornata variabilit\u00e0 e nelle ore centrali nuovo episodio di instabilit\u00e0. Da met\u00e0 pomeriggio miglioramento con schiarite a partire da prealpi veronesi e vicentine.<br \/>\n<b>Precipitazioni: <\/b>Nella notte probabilit\u00e0 alta (80-100 %) ovunque, in mattina molto deboli sparse specie su Dolomiti (30-50%) poco probabili su Prealpi occidentali (10-20%). Durante le ore centrali e fino al primo pomeriggio probabile qualche rovescio in movimento da Dolomiti a Prealpi orientali (60-80%), poco probabili su Prealpi veronesi e vicentine (0-20%). in seguito assenti ovunque. Limite neve a 1000-1200 m su Dolomiti, 1300-1500 su Prealpi, in calo in corrispondenza di eventuali rovesci. Tra domenica e luned\u00ec sono attesi mediamente 15-30 mm su Dolomiti e 25-40 mm su Prealpi, localmente fino a 50-60 mm su Lessini e Alpago. Altrettanti cm di neve fresca oltre i 1400\/1600 m su Dolomiti, 1700-2000 m su Prealpi.<br \/>\n<b>Temperature: <\/b>Temperature in calo in quota con minime raggiunte in serata.<\/p>\n<hr \/>\n<p><center><b>DOMANI<\/b><\/center><b>Tempo atteso: <\/b>Tempo stabile con cielo poco nuvoloso a tratti parzialmente nuvoloso per nubi medio-alte e qualche addensamento su Dolomiti settentrionali.<br \/>\n<b>Precipitazioni: <\/b>Generalmente assenti, su Dolomiti settentrionali qualche fiocco portato dal vento da Nord.<br \/>\n<b>Temperature: <\/b>Temperature stazionarie o in lieve calo, in aumento in alta quota dalla sera.<\/p>\n<hr \/>\n<p><center><b>MERCOLEDI<\/b><\/center>Estese velature in mattinata, dal pomeriggio ma soprattutto verso sera aumento della nuvolosit\u00e0 fino a molto nuvoloso ovunque con debole neve dalla tarda serata e nella notte su Dolomiti e oltre i 1100-1300 su Prealpi. Temperature in temporaneo aumento in alta quota con forte inversione termica nelle valli.<\/p>\n<hr \/>\n<p><center><b>GIOVEDI<\/b><\/center>Nella notte e fino al primo mattino molte nubi con deboli o debolissime nevicate sulle Dolomiti e oltre i 1100-1300 m su Prealpi. In giornata schiarite via via pi\u00f9 ampie fino a sereno o poco nuvoloso con addensamenti su Dolomiti settentrionali portati dal vento da nord. Temperature in calo specie in quota.<\/p>\n<p>&nbsp;<\/p>\n<hr \/>\n<p>&nbsp;<\/p>\n<p><a class=\"dt-pswp-item\" href=\"https:\/\/www.radiopiu.net\/wordpress\/wp-content\/uploads\/2018\/09\/sport.jpg\" data-dt-img-description=\"\" data-large_image_width=\"800\" data-large_image_height=\"100\"><img loading=\"lazy\" decoding=\"async\" class=\"aligncenter wp-image-60761 size-full\" src=\"https:\/\/www.radiopiu.net\/wordpress\/wp-content\/uploads\/2018\/09\/sport.jpg\" alt=\"\" width=\"800\" height=\"100\" srcset=\"https:\/\/www.radiopiu.net\/wordpress\/wp-content\/uploads\/2018\/09\/sport.jpg 800w, https:\/\/www.radiopiu.net\/wordpress\/wp-content\/uploads\/2018\/09\/sport-300x38.jpg 300w, https:\/\/www.radiopiu.net\/wordpress\/wp-content\/uploads\/2018\/09\/sport-768x96.jpg 768w\" sizes=\"auto, (max-width: 800px) 100vw, 800px\" \/><\/a><\/p>\n<p>&nbsp;<\/p>\n<p><span style=\"color: #0000ff;\"><strong>CALCIO<\/strong><\/span><\/p>\n<blockquote>\n<h3>L&#8217;AGORDINA PERDE IL RECUPERO CON IL GEMELLE<\/h3>\n<\/blockquote>\n<p><strong><a class=\"dt-pswp-item\" href=\"https:\/\/www.radiopiu.net\/wordpress\/wp-content\/uploads\/2019\/07\/pallone-calcio-2019.jpg\" data-dt-img-description=\"\" data-large_image_width=\"4460\" data-large_image_height=\"2977\"><img loading=\"lazy\" decoding=\"async\" class=\" wp-image-91405 alignleft\" src=\"https:\/\/www.radiopiu.net\/wordpress\/wp-content\/uploads\/2019\/07\/pallone-calcio-2019-300x200.jpg\" alt=\"\" width=\"170\" height=\"113\" srcset=\"https:\/\/www.radiopiu.net\/wordpress\/wp-content\/uploads\/2019\/07\/pallone-calcio-2019-300x200.jpg 300w, https:\/\/www.radiopiu.net\/wordpress\/wp-content\/uploads\/2019\/07\/pallone-calcio-2019-768x513.jpg 768w, https:\/\/www.radiopiu.net\/wordpress\/wp-content\/uploads\/2019\/07\/pallone-calcio-2019-1024x684.jpg 1024w\" sizes=\"auto, (max-width: 170px) 100vw, 170px\" \/><\/a>di Marco Gaz<\/strong><\/p>\n<p><strong>AGORDINA &#8211; GEMELLE 1-2 (Gol Agordina: De Lazzer)<\/strong><\/p>\n<p>Non inizia bene il 2023 dell&#8217;Agordina Calcio che perde di misura con il Gemelle nel recupero della Seconda Categoria girone T del Veneto. Un inizio anno da dimenticare in fretta per gli uomini di Lorenzi che la prossima settimana cominceranno il girone di ritorno del campionato. Ospiti che meritano la vittoria per averci creduto di pi\u00f9, Agordina con tante assenze che ha saputo gestire bene la seconda frazione. Una squadra, quella allenata da Lorenzi, bisognosa di punti per raggiungere la salvezza matematica il pi\u00f9 presto possibile. Sul campo di Sedico la compagine di Agordo inizia bene la sfida andando vicina al gol in un paio di occasioni. Alla prima vera azione da gol il Gemelle si porta in vantaggio grazie ad una dormita della difesa agordina. Un minuto dopo Chissal\u00e8 para un rigore a Comiotto. Sembra avere una marcia in pi\u00f9 la squadra di Mel che raddoppia con Comiotto pochi minuti dopo. Agordina che risponde con De Lazzer e Cancel ma il pallone non vuole entrare. Al rientro dalla pausa gli agordini sembrano essere pi\u00f9 svegli e accorciano le distanze con un gran gol di Flavio De Lazzer. Del Chin e Case si divorano la rete del pareggio e il Gemelle incamera i tre punti in palio.<\/p>\n<p>&nbsp;<\/p>\n<p>&nbsp;<\/p>\n<hr \/>\n<p>&nbsp;<\/p>\n<p><span style=\"color: #0000ff;\"><strong>HOCKEY SU GHIACCIO<\/strong><\/span><\/p>\n<blockquote>\n<h3 class=\"entry-title\">L\u2019ALLEGHE PERDE A TESTA ALTA CON IL BRESSANONE<\/h3>\n<\/blockquote>\n<p><strong class=\"photoswipe-wrapper\"><a class=\"dt-pswp-item pspw-wrap-ready\" href=\"https:\/\/www.radiopiu.net\/wordpress\/wp-content\/uploads\/2019\/08\/logo-alleghe-hockey.png\" data-dt-img-description=\"\" data-large_image_width=\"547\" data-large_image_height=\"512\"><img loading=\"lazy\" decoding=\"async\" class=\" wp-image-95699 alignleft\" src=\"https:\/\/www.radiopiu.net\/wordpress\/wp-content\/uploads\/2019\/08\/logo-alleghe-hockey-300x281.png\" sizes=\"auto, (max-width: 199px) 100vw, 199px\" srcset=\"https:\/\/www.radiopiu.net\/wordpress\/wp-content\/uploads\/2019\/08\/logo-alleghe-hockey-300x281.png 300w, https:\/\/www.radiopiu.net\/wordpress\/wp-content\/uploads\/2019\/08\/logo-alleghe-hockey.png 547w\" alt=\"\" width=\"199\" height=\"186\" \/><\/a>di Marco Gaz<\/strong><\/p>\n<p><strong>ALLEGHE \u2013 BRESSANONE 1-3<\/strong><\/p>\n<p>PARZIALI: 0-1, 0-0, 1-2<\/p>\n<p>GOL: pt. 15\u201944\u201d Purdeller. tt. 2\u201922\u201d Colton, 3\u201959\u201d Tauber, 4\u201938\u201d Eruzione<\/p>\n<p>Ancora una sconfitta per l\u2019Alleghe Hockey. Al De Toni gli agordini giocano una delle migliori partite della stagione ma il Bressanone incamera tre punti anche grazie ad alcune decisioni arbitrali al quanto dubbie nel terzo tempo. Le civette schierano cuore e grinta ma non bastano per mettere in saccoccia i primi punti della seconda fase del campionato. La si pu\u00f2 definire una beffa la sconfitta contro gli altoatesini. Ore gli agordini avranno una settimana per mettere in ordine le idee e tornare sul ghiaccio sabato per la trasferta in terra piemontese contro il Valpellice. Primi minuti di gara con poche interruzioni. Gioco veloce con il Bressanone che sembra avere pi\u00f9 spunti per avvicinarsi alla porta. L\u2019Alleghe si difende con le unghie e provano a colpire in contropiede ma senza trovare il gol. La partita non si sblocca e le civette sembrano in difficolt\u00e0. Gli altoatesini ci provano in tutte le maniere la difesa agordina riesce a sventare le minacce. Il Bressanone sblocca la partita a 4\u2019 dal termine quando Purdeller sfodera un missile dalla linea blu che viene deviato in porta da un pattino alleghese. Anche nel secondo drittel gli ospiti schiacciano in difesa i biancorossi. Gli arbitri sono costretti a calmare gli animi rifilando penalit\u00e0 da entrambe le parti. L\u2019Alleghe si sveglia e mette in difficolt\u00e0 la difesa avversaria. Tanti i tiri verso la porta altoatesina ma il disco non vuole entrare. Damin colpisce la traversa mentre subito dopo Colton serve Frescura che da distanza ravvicinata non riesce a trovare la porta. A fine seconda frazione Soppelsa ha il disco del pareggio ma il suo tiro termina fuori di poco. Ma i brisinesi rispondono e Zanardi salva il risultato. Terzo tempo che inizia con gli alleghesi che pareggiano i conti. Dopo soli 2\u2019 Colton scarta un avversario prima di spedire il disco alle spalle del golie avversario. Si scaldano gli animi al De Toni e gli arbitri stentano a tenere calme le squadre. Tante le penalit\u00e0 inflitte da entrambi i lati. Intanto il Bressanone ne approfitta della superiorit\u00e0 numerica e nel giro di pochi istanti va a segno due volte con Tauber ed Eruzione. Nel finale di gara Fontana gioca la carta del sesto uomo di movimento ma le speranze svaniscono al suono della sirena.<\/p>\n<p>&nbsp;<\/p>\n<blockquote>\n<h3>LE CIVETTE UNDER 17 SI AGGIUDICANO IL DERBY CON LO ZOLDO<\/h3>\n<\/blockquote>\n<p><strong><a class=\"dt-pswp-item\" href=\"https:\/\/www.radiopiu.net\/wordpress\/wp-content\/uploads\/2023\/01\/hockey.jpg\" data-dt-img-description=\"\" data-large_image_width=\"1920\" data-large_image_height=\"1280\"><img loading=\"lazy\" decoding=\"async\" class=\" wp-image-315616 alignleft\" src=\"https:\/\/www.radiopiu.net\/wordpress\/wp-content\/uploads\/2023\/01\/hockey-300x200.jpg\" alt=\"\" width=\"182\" height=\"121\" srcset=\"https:\/\/www.radiopiu.net\/wordpress\/wp-content\/uploads\/2023\/01\/hockey-300x200.jpg 300w, https:\/\/www.radiopiu.net\/wordpress\/wp-content\/uploads\/2023\/01\/hockey-1024x683.jpg 1024w, https:\/\/www.radiopiu.net\/wordpress\/wp-content\/uploads\/2023\/01\/hockey-768x512.jpg 768w, https:\/\/www.radiopiu.net\/wordpress\/wp-content\/uploads\/2023\/01\/hockey-1536x1024.jpg 1536w, https:\/\/www.radiopiu.net\/wordpress\/wp-content\/uploads\/2023\/01\/hockey.jpg 1920w\" sizes=\"auto, (max-width: 182px) 100vw, 182px\" \/><\/a>di Marco Gaz<\/strong><\/p>\n<p><strong>ZOLDO &#8211; ALLEGHE\/CORTINA 2-5<\/strong><\/p>\n<p>GOL ALLEGHE\/CORTINA: Tolomelli, 3 Sudiro, Fontanive<\/p>\n<p>Il derby bellunese del campionato Under 17 di hockey su ghiaccio \u00e8 dell&#8217;Alleghe\/Cortina. I ragazzi di Paolo De Biasio vincono in rimonta contro lo Zoldo. Una vittoria importante per le civette che chiudono la stagione regolare con un terzo posto in classifica dopo i 3 punti conquistati a Forno di Zoldo. Padroni di casa che sbloccano la partita nel primo tempo. Ad inizio secondo tempo arriva la seconda marcatura dello Zoldo ma i biancorossi si svegliano pareggiando i conti nel giro di 30 secondi con le reti di Tolomelli e Sudiro. La svolta della partita arriva nel drittel finale con la squadra mista che mette in campo la grinta giusta. Sudiro mette a segno altre due marcature e a chiudere definitivamente la sfida ci pensa Fontanive a 7&#8242; dal termine. Ora si attende la fine ufficiale della stagione regolare per poi stilare il nuovo calendario per la seconda fase della stagione.<\/p>\n<p>&nbsp;<\/p>\n<blockquote>\n<h3>LA NAZIONALE FEMMINILE DI HOCKEY UNDER 18 PRONTA PER I MONDIALI A COLLALBO<\/h3>\n<\/blockquote>\n<p><a class=\"dt-pswp-item\" href=\"https:\/\/www.radiopiu.net\/wordpress\/wp-content\/uploads\/2023\/01\/0c9cb6b5-7cbd-c468-2fdf-2938c6df1942.jpg\" data-dt-img-description=\"\" data-large_image_width=\"2043\" data-large_image_height=\"1235\"><img loading=\"lazy\" decoding=\"async\" class=\" wp-image-315702 alignleft\" src=\"https:\/\/www.radiopiu.net\/wordpress\/wp-content\/uploads\/2023\/01\/0c9cb6b5-7cbd-c468-2fdf-2938c6df1942-300x181.jpg\" alt=\"\" width=\"157\" height=\"95\" srcset=\"https:\/\/www.radiopiu.net\/wordpress\/wp-content\/uploads\/2023\/01\/0c9cb6b5-7cbd-c468-2fdf-2938c6df1942-300x181.jpg 300w, https:\/\/www.radiopiu.net\/wordpress\/wp-content\/uploads\/2023\/01\/0c9cb6b5-7cbd-c468-2fdf-2938c6df1942-1024x619.jpg 1024w, https:\/\/www.radiopiu.net\/wordpress\/wp-content\/uploads\/2023\/01\/0c9cb6b5-7cbd-c468-2fdf-2938c6df1942-768x464.jpg 768w, https:\/\/www.radiopiu.net\/wordpress\/wp-content\/uploads\/2023\/01\/0c9cb6b5-7cbd-c468-2fdf-2938c6df1942-1536x929.jpg 1536w, https:\/\/www.radiopiu.net\/wordpress\/wp-content\/uploads\/2023\/01\/0c9cb6b5-7cbd-c468-2fdf-2938c6df1942.jpg 2043w\" sizes=\"auto, (max-width: 157px) 100vw, 157px\" \/><\/a>Grande appuntamento in vista per la Nazionale femminile U18 di hockey su ghiaccio, che a partire da oggi e fino a domenica 15 gennaio sar\u00e0 impegnata tra le mura di casa dell&#8217;Arena Ritten di Collalbo a Renon per i Mondiali di 1^ Divisione Gruppo A. Le Azzurrine incroceranno le stecche con Germania, Francia, Ungheria, Norvegia e Austria. Le ragazze allenate da coach Massimo Fedrizzi arrivano al grande evento con tanta fiducia. La preparazione, infatti, ha portato in dote risultati positivi: a novembre la vittoria del &#8220;4 Nazioni&#8221; di Fondo, poi qualche settimana fa due vittorie su tre amichevoli giocate contro la Francia, infine l&#8217;ultimo test match con la vittoria per 2 a 1 contro l&#8217;Ungheria.<\/p>\n<p>&nbsp;<\/p>\n<p>&nbsp;<\/p>\n<hr \/>\n<p>&nbsp;<\/p>\n<p><span style=\"color: #0000ff;\"><strong>SCI DI FONDO<\/strong><\/span><\/p>\n<blockquote>\n<h3>UN SUPER LORENZO BUSIN ALLA MARATHON DE BESSANS IN FRANCIA<\/h3>\n<\/blockquote>\n<p><strong><a class=\"dt-pswp-item\" href=\"https:\/\/www.radiopiu.net\/wordpress\/wp-content\/uploads\/2023\/01\/Schermata-2023-01-08-alle-14.10.47.png\" data-dt-img-description=\"\" data-large_image_width=\"962\" data-large_image_height=\"694\"><img loading=\"lazy\" decoding=\"async\" class=\" wp-image-315652 alignleft\" src=\"https:\/\/www.radiopiu.net\/wordpress\/wp-content\/uploads\/2023\/01\/Schermata-2023-01-08-alle-14.10.47-300x216.png\" alt=\"\" width=\"192\" height=\"138\" srcset=\"https:\/\/www.radiopiu.net\/wordpress\/wp-content\/uploads\/2023\/01\/Schermata-2023-01-08-alle-14.10.47-300x216.png 300w, https:\/\/www.radiopiu.net\/wordpress\/wp-content\/uploads\/2023\/01\/Schermata-2023-01-08-alle-14.10.47-768x554.png 768w, https:\/\/www.radiopiu.net\/wordpress\/wp-content\/uploads\/2023\/01\/Schermata-2023-01-08-alle-14.10.47.png 962w\" sizes=\"auto, (max-width: 192px) 100vw, 192px\" \/><\/a>di Marco Gaz<\/strong><\/p>\n<p><strong>REDAZIONE\u00a0<\/strong>Dopo lo splendido secondo posto nella gara di sabato nella gara a tecnica classica di 20 km, Lorenzo Busin si ripete alla Marathon de Bessans in Francia. E&#8217; andata in scena ieri la 42 km in tecnica libera e Busin ha conquistato un&#8217;altro podio. Il ragazzo della Valle del Biois ha terminato la sua prova al terzo posto. Busin \u00e8 rimasto con i primi fino a pochi km dalla fine quando ha tentato la fuga in solitaria. Una fuga che non ha dato i suoi frutti visto che negli ultimi metri a contendersi la vittoria sono rimasti in tre. Uno sprint finale che non ha premiato Lorenzo che ha dovuto accontentarsi del terzo gradino del podio. Un fine settimana da incorniciare per Busin che, con il secondo e terzo posto nelle due gare francesi, si aggiudica la prima posizione della Marathon de Bessans con la somma dei tempi delle gare di classico e pattinato.<\/p>\n<p>&nbsp;<\/p>\n<p>&nbsp;<\/p>\n<hr \/>\n<p>&nbsp;<\/p>\n<p><span style=\"color: #0000ff;\"><strong>CALCIO A 5<\/strong><\/span><\/p>\n<blockquote>\n<h3>OCCASIONE SPRECATA PER LA CANOTTIERI. TERMINA IN PAREGGIO LA SFIDA CONTRO L&#8217;ULTIMA DELLA CLASSE<\/h3>\n<\/blockquote>\n<p><strong><a class=\"dt-pswp-item\" href=\"https:\/\/www.radiopiu.net\/wordpress\/wp-content\/uploads\/2023\/01\/324675135_720565462710316_2117796344825817335_n.jpg\" data-dt-img-description=\"\" data-large_image_width=\"2048\" data-large_image_height=\"1152\"><img loading=\"lazy\" decoding=\"async\" class=\" wp-image-315637 alignleft\" src=\"https:\/\/www.radiopiu.net\/wordpress\/wp-content\/uploads\/2023\/01\/324675135_720565462710316_2117796344825817335_n-300x169.jpg\" alt=\"\" width=\"249\" height=\"140\" srcset=\"https:\/\/www.radiopiu.net\/wordpress\/wp-content\/uploads\/2023\/01\/324675135_720565462710316_2117796344825817335_n-300x169.jpg 300w, https:\/\/www.radiopiu.net\/wordpress\/wp-content\/uploads\/2023\/01\/324675135_720565462710316_2117796344825817335_n-1024x576.jpg 1024w, https:\/\/www.radiopiu.net\/wordpress\/wp-content\/uploads\/2023\/01\/324675135_720565462710316_2117796344825817335_n-768x432.jpg 768w, https:\/\/www.radiopiu.net\/wordpress\/wp-content\/uploads\/2023\/01\/324675135_720565462710316_2117796344825817335_n-1536x864.jpg 1536w, https:\/\/www.radiopiu.net\/wordpress\/wp-content\/uploads\/2023\/01\/324675135_720565462710316_2117796344825817335_n.jpg 2048w\" sizes=\"auto, (max-width: 249px) 100vw, 249px\" \/><\/a><\/strong><strong>SERIE B &#8211; GIRONE B<\/strong><\/p>\n<p><strong>CANOTTIERI BELLUNO &#8211; FUTSAL ATESINA 2-2<\/strong><\/p>\n<p>Non bastano Ghenogol e Bortolini: l&#8217;Atesina si porta via un punto sudato e meritato dalla Spes, ci pensano Basso e Manzoni, finisce due a due. Sabato prossimo \u00e8 ancora Spes per il biancobl\u00f9: arriva la Tiemme Grangiorgione. (foto: Dalla Libera)<\/p>\n<p><strong>IL SERVIZIO DI ANTONIO FIABANE, PORTAVOCE DELLA CANOTTIERI BELLUNO<\/strong><\/p>\n<audio class=\"wp-audio-shortcode\" id=\"audio-315518-10\" preload=\"none\" style=\"width: 100%;\" controls=\"controls\"><source type=\"audio\/mpeg\" src=\"https:\/\/www.radiopiu.net\/wordpress\/wp-content\/uploads\/2023\/01\/CANOTTIERI-SITO.mp3?_=10\" \/><a href=\"https:\/\/www.radiopiu.net\/wordpress\/wp-content\/uploads\/2023\/01\/CANOTTIERI-SITO.mp3\">https:\/\/www.radiopiu.net\/wordpress\/wp-content\/uploads\/2023\/01\/CANOTTIERI-SITO.mp3<\/a><\/audio>\n<p>&nbsp;<\/p>\n<hr \/>\n<p>&nbsp;<\/p>\n<p><span style=\"color: #0000ff;\"><strong>SKI ALP<\/strong><\/span><\/p>\n<blockquote>\n<h3>TERZO POSTO PER MARTINA SCOLA AI CAMPIONATI ITALIANI VERTICAL SKI ALP<\/h3>\n<\/blockquote>\n<p><strong>REDAZIONE<\/strong> Ottima prestazione di Martina Scola ad Andalo in provincia di Trento dove si sono disputati i Campionati Italiani di Vertical Ski Alp. L&#8217;atleta bellunese si \u00e8 piazzata al terzo posto assoluto nella categoria Cadette.<\/p>\n<p><a class=\"dt-pswp-item\" href=\"https:\/\/www.radiopiu.net\/wordpress\/wp-content\/uploads\/2023\/01\/c5bc9382-1f30-482f-9383-34b693ba6658.jpg\" data-dt-img-description=\"\" data-large_image_width=\"1600\" data-large_image_height=\"1200\"><img loading=\"lazy\" decoding=\"async\" class=\" wp-image-315717 aligncenter\" src=\"https:\/\/www.radiopiu.net\/wordpress\/wp-content\/uploads\/2023\/01\/c5bc9382-1f30-482f-9383-34b693ba6658-300x225.jpg\" alt=\"\" width=\"443\" height=\"332\" srcset=\"https:\/\/www.radiopiu.net\/wordpress\/wp-content\/uploads\/2023\/01\/c5bc9382-1f30-482f-9383-34b693ba6658-300x225.jpg 300w, https:\/\/www.radiopiu.net\/wordpress\/wp-content\/uploads\/2023\/01\/c5bc9382-1f30-482f-9383-34b693ba6658-1024x768.jpg 1024w, https:\/\/www.radiopiu.net\/wordpress\/wp-content\/uploads\/2023\/01\/c5bc9382-1f30-482f-9383-34b693ba6658-768x576.jpg 768w, https:\/\/www.radiopiu.net\/wordpress\/wp-content\/uploads\/2023\/01\/c5bc9382-1f30-482f-9383-34b693ba6658-1536x1152.jpg 1536w, https:\/\/www.radiopiu.net\/wordpress\/wp-content\/uploads\/2023\/01\/c5bc9382-1f30-482f-9383-34b693ba6658.jpg 1600w\" sizes=\"auto, (max-width: 443px) 100vw, 443px\" \/><\/a><\/p>\n<p>&nbsp;<\/p>\n<p>&nbsp;<\/p>\n<hr \/>\n<p>&nbsp;<\/p>\n<p><span style=\"color: #0000ff;\"><strong>SKI COLLEGE<\/strong><\/span><\/p>\n<blockquote>\n<h3>UNA DOMENICA DA INCORNICIARE PER LO SKI COLLEGE VENETO<\/h3>\n<\/blockquote>\n<p><strong>FALCADE <\/strong>Una grande domenica per i ragazzi dello Ski College Veneto, sia nello sci alpino sia nello sci di fondo. Per quanto riguarda lo sci alpino, i Children erano impegnati ad Alleghe, nella seconda tappa del Grand Prix Ragazzi Allievi Net Insurance. Tra gli Allievi la vittoria sia in campo maschile sia in campo femminile, grazie a Philip Ploner e a Giorgia Oprandi. Nella categoria Ragazzi, secondo Mark Tomasello. Al di l\u00e0 dei singoli, \u00e8 stata una grande prova corale, con il successo nella classifica per societ\u00e0 A Padola di Comelico Superiore lo sci fondo ha vissuto il secondo appuntamento del Campionato regionale Ragazzi-Allievi (Laser Style Italia) e Giovani-Senior (Sportful). Molto bene i giovani che come club hanno conquistato il sesto posto nel Laser Style e il terzo nello Sportful. A livello individuale sono arrivate le vittorie di Enrico Barp (Aspiranti) e Anna Morandini (Aspiranti), il secondo posto di Edoardo Trombetta (Allievi) e il terzo posto di Fabio Soravia (Aspiranti).<\/p>\n<p><strong>PER LE CLASSIFICHE <a href=\"https:\/\/www.skicollegeveneto.it\/fondo-e-alpino-una-grande-domenica-per-il-college\/\">CLICCA QUI<\/a><\/strong><\/p>\n\n\t\t\t<style type='text\/css'>\n\t\t\t\t#gallery-9 {\n\t\t\t\t\tmargin: auto;\n\t\t\t\t}\n\t\t\t\t#gallery-9 .gallery-item {\n\t\t\t\t\tfloat: left;\n\t\t\t\t\tmargin-top: 10px;\n\t\t\t\t\ttext-align: center;\n\t\t\t\t\twidth: 50%;\n\t\t\t\t}\n\t\t\t\t#gallery-9 img {\n\t\t\t\t\tborder: 2px solid #cfcfcf;\n\t\t\t\t}\n\t\t\t\t#gallery-9 .gallery-caption {\n\t\t\t\t\tmargin-left: 0;\n\t\t\t\t}\n\t\t\t\t\/* see gallery_shortcode() in wp-includes\/media.php *\/\n\t\t\t<\/style>\n\t\t<div id='gallery-9' class='dt-gallery-container gallery galleryid-315518 gallery-columns-2 gallery-size-medium'><dl class='gallery-item'>\n\t\t\t\t<dt class='gallery-icon landscape'>\n\t\t\t\t\t<a class=\"rollover rollover-zoom dt-pswp-item\" title=\"46176eb5-174e-4e21-b8e6-6620100f6148\" data-dt-img-description=\"\" data-large_image_width=\"1600\" data-large_image_height=\"1066\"href='https:\/\/www.radiopiu.net\/wordpress\/wp-content\/uploads\/2023\/01\/46176eb5-174e-4e21-b8e6-6620100f6148.jpg'><img loading=\"lazy\" decoding=\"async\" width=\"300\" height=\"200\" src=\"https:\/\/www.radiopiu.net\/wordpress\/wp-content\/uploads\/2023\/01\/46176eb5-174e-4e21-b8e6-6620100f6148-300x200.jpg\" class=\"attachment-medium size-medium\" alt=\"\" aria-describedby=\"gallery-9-315713\" srcset=\"https:\/\/www.radiopiu.net\/wordpress\/wp-content\/uploads\/2023\/01\/46176eb5-174e-4e21-b8e6-6620100f6148-300x200.jpg 300w, https:\/\/www.radiopiu.net\/wordpress\/wp-content\/uploads\/2023\/01\/46176eb5-174e-4e21-b8e6-6620100f6148-1024x682.jpg 1024w, https:\/\/www.radiopiu.net\/wordpress\/wp-content\/uploads\/2023\/01\/46176eb5-174e-4e21-b8e6-6620100f6148-768x512.jpg 768w, https:\/\/www.radiopiu.net\/wordpress\/wp-content\/uploads\/2023\/01\/46176eb5-174e-4e21-b8e6-6620100f6148-1536x1023.jpg 1536w, https:\/\/www.radiopiu.net\/wordpress\/wp-content\/uploads\/2023\/01\/46176eb5-174e-4e21-b8e6-6620100f6148.jpg 1600w\" sizes=\"auto, (max-width: 300px) 100vw, 300px\" \/><\/a>\n\t\t\t\t<\/dt>\n\t\t\t\t\t<dd class='wp-caption-text gallery-caption' id='gallery-9-315713'>\n\t\t\t\t\tSki College dell&#8217;Alpino primo ad Alleghe\n\t\t\t\t\t<\/dd><\/dl><dl class='gallery-item'>\n\t\t\t\t<dt class='gallery-icon landscape'>\n\t\t\t\t\t<a class=\"rollover rollover-zoom dt-pswp-item\" title=\"d3f34593-806a-4130-8e28-3e9dd0b3da7d\" data-dt-img-description=\"\" data-large_image_width=\"1024\" data-large_image_height=\"683\"href='https:\/\/www.radiopiu.net\/wordpress\/wp-content\/uploads\/2023\/01\/d3f34593-806a-4130-8e28-3e9dd0b3da7d.jpg'><img loading=\"lazy\" decoding=\"async\" width=\"300\" height=\"200\" src=\"https:\/\/www.radiopiu.net\/wordpress\/wp-content\/uploads\/2023\/01\/d3f34593-806a-4130-8e28-3e9dd0b3da7d-300x200.jpg\" class=\"attachment-medium size-medium\" alt=\"\" aria-describedby=\"gallery-9-315712\" srcset=\"https:\/\/www.radiopiu.net\/wordpress\/wp-content\/uploads\/2023\/01\/d3f34593-806a-4130-8e28-3e9dd0b3da7d-300x200.jpg 300w, https:\/\/www.radiopiu.net\/wordpress\/wp-content\/uploads\/2023\/01\/d3f34593-806a-4130-8e28-3e9dd0b3da7d-768x512.jpg 768w, https:\/\/www.radiopiu.net\/wordpress\/wp-content\/uploads\/2023\/01\/d3f34593-806a-4130-8e28-3e9dd0b3da7d.jpg 1024w\" sizes=\"auto, (max-width: 300px) 100vw, 300px\" \/><\/a>\n\t\t\t\t<\/dt>\n\t\t\t\t\t<dd class='wp-caption-text gallery-caption' id='gallery-9-315712'>\n\t\t\t\t\tSci Club Val Biois e Ski College a Padola\n\t\t\t\t\t<\/dd><\/dl><br style=\"clear: both\" \/>\n\t\t\t<\/div>\n\n<p>&nbsp;<\/p>\n<hr \/>\n<p>&nbsp;<\/p>\n<p><span style=\"color: #0000ff;\"><strong>PALLAVOLO<\/strong><\/span><\/p>\n<blockquote>\n<h3>LA PALLAVOLO MASCHILE BELLUNO VINCE IN TERRA LOMBARDA<\/h3>\n<\/blockquote>\n<p><b><a class=\"dt-pswp-item\" href=\"https:\/\/www.radiopiu.net\/wordpress\/wp-content\/uploads\/2023\/01\/Festa_finale_a_Brugherio.jpg\" data-dt-img-description=\"\" data-large_image_width=\"800\" data-large_image_height=\"400\"><img loading=\"lazy\" decoding=\"async\" class=\" wp-image-315736 alignleft\" src=\"https:\/\/www.radiopiu.net\/wordpress\/wp-content\/uploads\/2023\/01\/Festa_finale_a_Brugherio-300x150.jpg\" alt=\"\" width=\"214\" height=\"107\" srcset=\"https:\/\/www.radiopiu.net\/wordpress\/wp-content\/uploads\/2023\/01\/Festa_finale_a_Brugherio-300x150.jpg 300w, https:\/\/www.radiopiu.net\/wordpress\/wp-content\/uploads\/2023\/01\/Festa_finale_a_Brugherio-768x384.jpg 768w, https:\/\/www.radiopiu.net\/wordpress\/wp-content\/uploads\/2023\/01\/Festa_finale_a_Brugherio.jpg 800w\" sizes=\"auto, (max-width: 214px) 100vw, 214px\" \/><\/a>GAMMA CHIMICA BRUGHERIO-DA ROLD LOGISTICS BELLUNO 1-3 (<\/b><strong>25-21, 19-25, 20-25, 20-25)<\/strong><\/p>\n<p>La Pallavolo Maschile Belluno torna dalla Brianza con tre punti che cementano le sicurezze, aumentano la fiducia. E, soprattutto, fanno brillare la classifica. S\u00ec, perch\u00e9 grazie al blitz in Lombardia, e al settimo successo in campionato, i rinoceronti compiono un deciso balzo avanti. E agganciano il quinto posto, insieme a Parma e San Giustino. Non solo: vanno a punti per la quarta volta di fila in trasferta e si godono due giovani centrali con un roseo futuro davanti a loro: Guastamacchia, schierato al posto dell&#8217;influenzato Mozzato e autore di una prova d&#8217;alto profilo (9 i suoi punti). E Alessandro Stufano, miglior realizzatore dell\u2019incontro a quota 16: un bottino arricchito pure da 2 ace e 4 muri. Gi\u00e0, i muri: il vero fattore della serata. Alla fine saranno 16 i palloni inchiodati nella met\u00e0 campo lombarda.<span class=\"gmail-Apple-converted-space\">\u00a0<\/span><\/p>\n<p>&nbsp;<\/p>\n<p>&nbsp;<\/p>\n<hr \/>\n<p>&nbsp;<\/p>\n<p><span style=\"color: #0000ff;\"><strong>CORSA CAMPESTRE<\/strong><\/span><\/p>\n<blockquote>\n<h3>BUONA PROVA DEGLI AGORDINI ALLA PEDONATA DELLE BEFANE<\/h3>\n<\/blockquote>\n<p><strong><a class=\"dt-pswp-item\" href=\"https:\/\/www.radiopiu.net\/wordpress\/wp-content\/uploads\/2023\/01\/319861947_634714801759003_3381388284307237253_n.jpg\" data-dt-img-description=\"\" data-large_image_width=\"537\" data-large_image_height=\"403\"><img loading=\"lazy\" decoding=\"async\" class=\" wp-image-315571 alignleft\" src=\"https:\/\/www.radiopiu.net\/wordpress\/wp-content\/uploads\/2023\/01\/319861947_634714801759003_3381388284307237253_n-300x225.jpg\" alt=\"\" width=\"157\" height=\"118\" srcset=\"https:\/\/www.radiopiu.net\/wordpress\/wp-content\/uploads\/2023\/01\/319861947_634714801759003_3381388284307237253_n-300x225.jpg 300w, https:\/\/www.radiopiu.net\/wordpress\/wp-content\/uploads\/2023\/01\/319861947_634714801759003_3381388284307237253_n.jpg 537w\" sizes=\"auto, (max-width: 157px) 100vw, 157px\" \/><\/a>SEDICO<\/strong> Buona prestazione degli agordini nella Pedonata Delle Befane andata in scena il giorno dell&#8217;Epifania nella cornice di Roe Alte Di Sedico. Manuela Bulf si \u00e8 imposta nella gara femminile di 8 km con il tempo di 35&#8217;16&#8221;. Sul podio anche Alessandra Da Roch che si \u00e8 piazzata in terza posizione assoluta. Nella gara maschile si \u00e8 comportato bene anche Gabriele Toffoli che ha chiuso al 10\u00b0 posto assoluto. Nella gara di 4 km prima posizione per Azzurra Deola-Thorpe che ha staccato di due secondi la diretta avversaria. (foto: podio femminile 4 km)<\/p>\n<p><strong>PER LE CLASSIFICHE <a href=\"https:\/\/www.dtiming.it\/results\/pedonata-delle-befane-2023\">CLICCA QUI<\/a><\/strong><\/p>\n<\/div>\n<\/div>\n","protected":false},"excerpt":{"rendered":"<p>RADIO PIU INFORMAZIONE il canale su TELEGRAM informazione di prima\u00a0 mano e in tempo reale. iscriviti ed aiutaci a farlo conoscere\u00a0 \u00a0 \u00a0 \u00a0 \u00a0ultim&#8217;ora&#8230;le nevicata a Malga Losch_Frassene&#8217;\u00a0 \u00a0\u00a0 ISCRIVITI AL NOSTRO CANALE YOUTUBE PER SEGUIRE IN DIRETTA I PRINCIPALI PROGRAMMI DI RADIO PIU&#8217; E LE FUTURE DIRETTE IN ESTERNA. PER ISCRIVERTI CLICCA QUI&hellip;<\/p>\n","protected":false},"author":4,"featured_media":315729,"comment_status":"closed","ping_status":"closed","sticky":false,"template":"","format":"standard","meta":{"_monsterinsights_skip_tracking":false,"_monsterinsights_sitenote_active":false,"_monsterinsights_sitenote_note":"","_monsterinsights_sitenote_category":0,"footnotes":""},"categories":[51,86,49],"tags":[],"class_list":["post-315518","post","type-post","status-publish","format-standard","has-post-thumbnail","hentry","category-evidenza-top","category-gr","category-news-18","category-51","category-86","category-49","description-off"],"img_url":"https:\/\/www.radiopiu.net\/wordpress\/wp-content\/uploads\/2023\/01\/3641db0f-429c-43ab-8a96-6a3297abb2d6.jpg","_links":{"self":[{"href":"https:\/\/www.radiopiu.net\/wordpress\/wp-json\/wp\/v2\/posts\/315518","targetHints":{"allow":["GET"]}}],"collection":[{"href":"https:\/\/www.radiopiu.net\/wordpress\/wp-json\/wp\/v2\/posts"}],"about":[{"href":"https:\/\/www.radiopiu.net\/wordpress\/wp-json\/wp\/v2\/types\/post"}],"author":[{"embeddable":true,"href":"https:\/\/www.radiopiu.net\/wordpress\/wp-json\/wp\/v2\/users\/4"}],"replies":[{"embeddable":true,"href":"https:\/\/www.radiopiu.net\/wordpress\/wp-json\/wp\/v2\/comments?post=315518"}],"version-history":[{"count":0,"href":"https:\/\/www.radiopiu.net\/wordpress\/wp-json\/wp\/v2\/posts\/315518\/revisions"}],"wp:featuredmedia":[{"embeddable":true,"href":"https:\/\/www.radiopiu.net\/wordpress\/wp-json\/wp\/v2\/media\/315729"}],"wp:attachment":[{"href":"https:\/\/www.radiopiu.net\/wordpress\/wp-json\/wp\/v2\/media?parent=315518"}],"wp:term":[{"taxonomy":"category","embeddable":true,"href":"https:\/\/www.radiopiu.net\/wordpress\/wp-json\/wp\/v2\/categories?post=315518"},{"taxonomy":"post_tag","embeddable":true,"href":"https:\/\/www.radiopiu.net\/wordpress\/wp-json\/wp\/v2\/tags?post=315518"}],"curies":[{"name":"wp","href":"https:\/\/api.w.org\/{rel}","templated":true}]}}