{"id":315528,"date":"2023-01-07T10:21:44","date_gmt":"2023-01-07T09:21:44","guid":{"rendered":"https:\/\/www.radiopiu.net\/wordpress\/?p=315528"},"modified":"2023-01-07T10:21:44","modified_gmt":"2023-01-07T09:21:44","slug":"flat-tax-gli-autonomi-continuano-a-pagare-piu-tasse-dei-dipendenti","status":"publish","type":"post","link":"https:\/\/www.radiopiu.net\/wordpress\/flat-tax-gli-autonomi-continuano-a-pagare-piu-tasse-dei-dipendenti\/","title":{"rendered":"FLAT TAX, GLI AUTONOMI CONTINUANO A PAGARE PIU\u2019 TASSE DEI DIPENDENTI"},"content":{"rendered":"<p><em><strong>Con l\u2019innalzamento della flat tax fino a 85 mila euro di fatturato, gli autonomi continuano a pagare pi\u00f9 tasse dei lavoratori dipendenti. Solo nella fascia di reddito tra i 60 e i 65 mila euro, le partite Iva che si avvalgono della tassa piatta pagano meno.<\/strong><\/em><\/p>\n<p>In tutti le altre comparazioni, vale a dire tra i 10 mila di reddito fino a 55 mila euro, gli autonomi pagano sempre molto pi\u00f9 di impiegati e operai, con punte tra i 3.760 e i 3.875 euro all\u2019anno nella fascia di reddito tra i 25 e i 30 mila euro, prelievo aggiuntivo che sale attorno ai 4.200 euro con redditi tra i 15 e i 20 mila euro. Se, poi, il confronto lo facciamo tra i dipendenti e i lavoratori autonomi che non applicano la flat tax, il maggior prelievo in capo a questi ultimi aumenta a dismisura, con punte, tra i 60 e i 65 mila euro di reddito, di oltre 6 mila euro all\u2019anno.<\/p>\n<p>Come dicevamo, la situazione cambia segno a partire dalla classe di reddito pari a 60 mila euro. In questo caso gli autonomi con flat tax subiranno nel 2023 un prelievo fiscale annuo inferiore ai dipendenti di 640 euro. Se la comparazione avviene con un reddito da 65 mila, il vantaggio sale a 1.285 euro.<\/p>\n<p>Il confronto tra queste due categorie professionali si ferma sulla soglia di reddito pari a 65 mila euro. Se alziamo ulteriormente l\u2019asticella, il volume d\u2019affari del lavoratore autonomo, implicitamente preso in esame in questa elaborazione, supererebbe il tetto degli 85 mila euro, livello oltre il quale non \u00e8 pi\u00f9 applicabile la tassa piatta. I calcoli sono stati realizzati dall\u2019Ufficio studi della CGIA.<\/p>\n<p><strong>Potenzialmente interessati 140 mila autonomi<\/strong><br \/>\nQuanti sono i potenziali lavoratori autonomi (ovvero artigiani, commercianti, liberi professionisti, consulenti, micro imprenditori, etc.) che con lo slittamento all\u2019ins\u00f9 della soglia di fatturato fino a 85 mila euro potranno beneficiare del vantaggio fiscale garantito dall\u2019applicazione della flat tax ? Dalla elaborazione dei dati statistici delle dichiarazioni dei redditi 2021 (anno di imposta 2020), potrebbero essere al massimo 140 mila. Ovviamente, gli effettivi beneficiari del regime di favore saranno di meno, in quanto queste partite Iva oltre a non superare il limite di ricavi\/compensi di 85 mila euro dovranno rispettare ulteriori requisiti stabiliti dalla legge; tra cui, ad esempio, il non aver sostenuto spese per lavoro dipendente, accessorio o di collaborazione superiori a 20 mila euro.<\/p>\n<p><strong>Costo di 404 milioni di euro all\u2019anno<\/strong><br \/>\nSecondo i dati delle dichiarazioni dei redditi 2021 (anno di imposta 2020), i contribuenti in regime forfetario ammontano a poco meno di 1.728.000. Secondo la Relazione tecnica allegata alla legge di Bilancio 2023, si stima che l\u2019ampliamento delle soglie di ricavi\/compensi per accedere alla flat tax previsto dal Governo Meloni comporter\u00e0 un costo aggiuntivo per le casse dello Stato di 404 milioni di euro all\u2019anno.<\/p>\n<p><strong>Tanto rumore per nulla<\/strong><br \/>\nChi in queste ultime settimane ha gridato allo scandalo, pertanto, dovrebbe ravvedersi. Non solo perch\u00e9 nonostante la flat tax gli autonomi pagano pi\u00f9 tasse dei dipendenti, ma anche perch\u00e9 la nuova versione per l\u2019anno 2023 potrebbe interessare al massimo solo 140 mila partite Iva (pari al 4,2 per cento del totale del numero degli autonomi che attualmente non applicano la tassa piatta), con un costo per l\u2019erario di \u201csoli\u201d 404 milioni di euro all\u2019anno. Certo, l\u2019obiezione di coloro che sostengono che con questo regime fiscale gli autonomi non rispetterebbero le disposizioni previste dall\u2019articolo 53 della Costituzione \u00e8 legittima. Ma solo in parte, in quanto chi esercita un\u2019attivit\u00e0 di impresa e di lavoro autonomo si trova in una situazione completamente diversa dai lavoratori subordinati. Tesi, quest\u2019ultima, che rafforza la posizione di chi chiede ad alta voce che a coloro che non viene applicata la flat tax (in Italia oltre un milione tra imprenditori e lavoratori autonomi) bisognerebbe avviare quanto prima una progressiva riduzione del carico fiscale, visto cha dal confronto con i dipendenti registrano un prelievo nettamente superiore.<\/p>\n<p><strong>Perch\u00e9 c\u2019\u00e8 un regime fiscale agevolato per le partite Iva<\/strong><br \/>\nLa fiscalit\u00e0 di vantaggio che interessa una parte delle partite Iva \u00e8 ascrivibile al fatto che questi lavoratori sono pi\u00f9 fragili degli altri. Hanno pochissime tutele: rispetto ai lavoratori dipendenti, ad esempio, non dispongono di malattia, ferie, permessi, Tfr e tredicesime\/quattordicesime. In caso di difficolt\u00e0 momentanea non dispongono n\u00e9 di cassa integrazione n\u00e9, in caso di perdita del posto di lavoro, di NASPI. E\u2019 stato certificato che il rischio povert\u00e0 nelle famiglie dove il reddito principale \u00e8 riconducibile a un autonomo \u00e8 superiore a quelle dei dipendenti. Ricordiamo, infine, che, secondo l\u2019Istat, dal febbraio 2020 (mese pre Covid) fino a ottobre 2022 (ultimo dato disponibile), i lavoratori indipendenti (inclusi anche soci di cooperative, collaboratori familiari, etc.) sono scesi di 205 mila unit\u00e0, mentre i dipendenti sono cresciuti di 412 mila (vedi Tab. 2). Insomma, chi fa impresa rischia e per tutelare coloro che intraprendono una sfida cos\u00ec impegnativa bisognerebbe mettere a punto un fisco pi\u00f9 giusto e meno oppressivo.<\/p>\n<p><strong>Metodologia di calcolo<\/strong><br \/>\nPer ogni livello di reddito, e per ogni diversa tipologia di contribuente \u00e8 stato calcolato il prelievo fiscale. Nella prima colonna della Tab. 1 \u00e8 indicato il reddito di riferimento che va inteso come retribuzione lorda per il dipendente o come reddito professionale per l\u2019autonomo. Si consideri che il livello massimo di reddito che pu\u00f2 essere realizzato in regime forfetario \u00e8 pari a 66.300 euro, corrispondente al prodotto tra il limite massimo di compensi da rispettare per rimanere nel regime forfetario pari a 85.000 euro e il coefficiente di redditivit\u00e0 pari (per le attivit\u00e0 professionali, scientifiche, tecniche, sanitarie, di istruzione, servizi e assicurativi), al 78 per cento. Il prelievo fiscale comprende anche quello previdenziale, a tal fine, per i dipendenti, si \u00e8 considerato la sola quota di contributi a carico del lavoratore, si \u00e8 calcolato l\u2019Irpef e le relative addizionali, mentre per il contribuente in regime forfetario si \u00e8 calcolata la flat tax. Le addizionali Irpef sono state conteggiate applicando le aliquote medie a livello nazionale come stima dei dati riconducibili alle dichiarazioni dei redditi (1,5 per cento per l\u2019addizionale regionale Irpef e 0,656 per cento per l\u2019addizionale comunale Irpef). Infine, per le prime due fasce di reddito non si \u00e8 considerato il trattamento integrativo pari a 1.200 euro annui spettanti ai lavoratori dipendenti con redditi sino a 15.000 euro che avrebbe comportato rilevanti effetti migliorativi per i lavoratori dipendenti di queste due classi di reddito.<\/p>\n<p><strong>Principali novit\u00e0 fiscali e contributive previste nel 2023<\/strong><\/p>\n<p>LAVORATORI AUTONOMI. Dal 2023 potranno accedere al regime forfetario anche le imprese individuali e i lavoratori autonomi i cui ricavi\/compensi sono nella fascia tra 65.000 e 85.000 euro. Con la Legge di Bilancio \u00e8 stato previsto l\u2019innalzamento del limite di ricavi\/compensi da non superare per accedere al regime agevolato (art.1 c. 54 Legge di Bilancio);<br \/>\nLAVORATORI AUTONOMI. Per il solo 2023 le imprese individuali e i lavoratori autonomi che non si trovano nel regime forfetario sulla parte degli incrementi di reddito del 2023 rispetto al pi\u00f9 elevato dei redditi dichiarati nel triennio precedente, in luogo del prelievo con gli scaglioni IRPEF, possono applicare una tassazione del 15% (art 1 c 55 \u2013 57 Legge di Bilancio);<br \/>\nLAVORATORI AUTONOMI. Si elevano le soglie di ricavi da non superare per accedere al regime di contabilit\u00e0 semplificata, da 400.000 a 500.000 euro per le imprese che esercitano attivit\u00e0 di prestazioni di servizi e da 700.000 a 800.000 euro per le imprese che esercitano altre attivit\u00e0 (art.1 c.276 Legge di Bilancio);<br \/>\nLAVORATORI DIPENDENTI. Si riduce dal 10% al 5% l\u2019aliquota dell\u2019imposta sostitutiva dovuta sui premi di risultato erogati dal datore di lavoro in quanto previsti da accordi collettivi (art 1 c 63 Legge di Bilancio);<br \/>\nLAVORATORI DIPENDENTI. Riduzione della quota di contributi a carico dei lavoratori dipendenti. Tale riduzione \u00e8 pari al 2 per cento se la retribuzione mensile non supera 2.692 euro, mentre \u00e8 pari al 3 per cento se la retribuzione mensile non supera 1.923 euro (art.1 c.281 Legge di Bilancio);<br \/>\nLAVORATORI DIPENDENTI. Si eleva l\u2019indennit\u00e0 per congedo parentale all\u2019 80 per cento (invece che al 30 per cento) della retribuzione limitatamente a un periodo non superiore a un mese e compreso entro il sesto anno di vita del bambino (art.1 c.359 Legge di Bilancio);<br \/>\nLAVORATORI DIPENDENTI. Ai fini della non tassazione dei premi erogati ai dipendenti, torna la vecchia soglia pari a 258 euro dopo che per il 2022 si era potuto usufruire del maggior limite di 3.000 euro;<br \/>\nLAVORATORI DIPENDENTI. Sono reddito da lavoro dipendente le mance percepite dai dipendenti del settore della ristorazione e si prevede la tassazione con una imposta sostitutiva del 5 per cento (art.1 c.58-62 Legge di Bilancio);<br \/>\nLAVORATORI DIPENDENTI. I fringe benefit calcolati tramite i costi chilometrici di esercizio di autovetture elaborati dall\u2019ACI saranno pi\u00f9 elevati. Infatti si verifica un aumento attorno al 4 per cento per gli automezzi alimentati a benzina e al 7 per cento per i diesel;<br \/>\nLAVORATORI DIPENDENTI ED AUTONOMI. Aumento dell\u2019Assegno Unico Universale per figli a carico nel caso di figli sino a 1 anno di et\u00e0 oppure di et\u00e0 inferiore a 3 anni nel caso di ISEE sino a 40.000 euro. Si eleva l\u2019importo dell\u2019assegno anche nel caso di famiglie numerose con quattro o pi\u00f9 figli (art.1 c. 357 e 358 Legge di Bilancio).<\/p>\n\n\t\t\t<style type='text\/css'>\n\t\t\t\t#gallery-1 {\n\t\t\t\t\tmargin: auto;\n\t\t\t\t}\n\t\t\t\t#gallery-1 .gallery-item {\n\t\t\t\t\tfloat: left;\n\t\t\t\t\tmargin-top: 10px;\n\t\t\t\t\ttext-align: center;\n\t\t\t\t\twidth: 33%;\n\t\t\t\t}\n\t\t\t\t#gallery-1 img {\n\t\t\t\t\tborder: 2px solid #cfcfcf;\n\t\t\t\t}\n\t\t\t\t#gallery-1 .gallery-caption {\n\t\t\t\t\tmargin-left: 0;\n\t\t\t\t}\n\t\t\t\t\/* see gallery_shortcode() in wp-includes\/media.php *\/\n\t\t\t<\/style>\n\t\t<div id='gallery-1' class='dt-gallery-container gallery galleryid-315528 gallery-columns-3 gallery-size-medium'><dl class='gallery-item'>\n\t\t\t\t<dt class='gallery-icon landscape'>\n\t\t\t\t\t<a class=\"rollover rollover-zoom dt-pswp-item\" title=\"Schermata 2023-01-07 alle 10.16.51\" data-dt-img-description=\"\" data-large_image_width=\"1194\" data-large_image_height=\"1046\"href='https:\/\/www.radiopiu.net\/wordpress\/wp-content\/uploads\/2023\/01\/Schermata-2023-01-07-alle-10.16.51.png'><img loading=\"lazy\" decoding=\"async\" width=\"300\" height=\"263\" src=\"https:\/\/www.radiopiu.net\/wordpress\/wp-content\/uploads\/2023\/01\/Schermata-2023-01-07-alle-10.16.51-300x263.png\" class=\"attachment-medium size-medium\" alt=\"\" srcset=\"https:\/\/www.radiopiu.net\/wordpress\/wp-content\/uploads\/2023\/01\/Schermata-2023-01-07-alle-10.16.51-300x263.png 300w, https:\/\/www.radiopiu.net\/wordpress\/wp-content\/uploads\/2023\/01\/Schermata-2023-01-07-alle-10.16.51-1024x897.png 1024w, https:\/\/www.radiopiu.net\/wordpress\/wp-content\/uploads\/2023\/01\/Schermata-2023-01-07-alle-10.16.51-768x673.png 768w, https:\/\/www.radiopiu.net\/wordpress\/wp-content\/uploads\/2023\/01\/Schermata-2023-01-07-alle-10.16.51.png 1194w\" sizes=\"auto, (max-width: 300px) 100vw, 300px\" \/><\/a>\n\t\t\t\t<\/dt><\/dl><dl class='gallery-item'>\n\t\t\t\t<dt class='gallery-icon landscape'>\n\t\t\t\t\t<a class=\"rollover rollover-zoom dt-pswp-item\" title=\"Schermata 2023-01-07 alle 10.18.28\" data-dt-img-description=\"\" data-large_image_width=\"1190\" data-large_image_height=\"976\"href='https:\/\/www.radiopiu.net\/wordpress\/wp-content\/uploads\/2023\/01\/Schermata-2023-01-07-alle-10.18.28.png'><img loading=\"lazy\" decoding=\"async\" width=\"300\" height=\"246\" src=\"https:\/\/www.radiopiu.net\/wordpress\/wp-content\/uploads\/2023\/01\/Schermata-2023-01-07-alle-10.18.28-300x246.png\" class=\"attachment-medium size-medium\" alt=\"\" srcset=\"https:\/\/www.radiopiu.net\/wordpress\/wp-content\/uploads\/2023\/01\/Schermata-2023-01-07-alle-10.18.28-300x246.png 300w, https:\/\/www.radiopiu.net\/wordpress\/wp-content\/uploads\/2023\/01\/Schermata-2023-01-07-alle-10.18.28-1024x840.png 1024w, https:\/\/www.radiopiu.net\/wordpress\/wp-content\/uploads\/2023\/01\/Schermata-2023-01-07-alle-10.18.28-768x630.png 768w, https:\/\/www.radiopiu.net\/wordpress\/wp-content\/uploads\/2023\/01\/Schermata-2023-01-07-alle-10.18.28.png 1190w\" sizes=\"auto, (max-width: 300px) 100vw, 300px\" \/><\/a>\n\t\t\t\t<\/dt><\/dl><dl class='gallery-item'>\n\t\t\t\t<dt class='gallery-icon portrait'>\n\t\t\t\t\t<a class=\"rollover rollover-zoom dt-pswp-item\" title=\"Schermata 2023-01-07 alle 10.18.03\" data-dt-img-description=\"\" data-large_image_width=\"918\" data-large_image_height=\"944\"href='https:\/\/www.radiopiu.net\/wordpress\/wp-content\/uploads\/2023\/01\/Schermata-2023-01-07-alle-10.18.03.png'><img loading=\"lazy\" decoding=\"async\" width=\"292\" height=\"300\" src=\"https:\/\/www.radiopiu.net\/wordpress\/wp-content\/uploads\/2023\/01\/Schermata-2023-01-07-alle-10.18.03-292x300.png\" class=\"attachment-medium size-medium\" alt=\"\" srcset=\"https:\/\/www.radiopiu.net\/wordpress\/wp-content\/uploads\/2023\/01\/Schermata-2023-01-07-alle-10.18.03-292x300.png 292w, https:\/\/www.radiopiu.net\/wordpress\/wp-content\/uploads\/2023\/01\/Schermata-2023-01-07-alle-10.18.03-768x790.png 768w, https:\/\/www.radiopiu.net\/wordpress\/wp-content\/uploads\/2023\/01\/Schermata-2023-01-07-alle-10.18.03.png 918w\" sizes=\"auto, (max-width: 292px) 100vw, 292px\" \/><\/a>\n\t\t\t\t<\/dt><\/dl><br style=\"clear: both\" \/><dl class='gallery-item'>\n\t\t\t\t<dt class='gallery-icon landscape'>\n\t\t\t\t\t<a class=\"rollover rollover-zoom dt-pswp-item\" title=\"Schermata 2023-01-07 alle 10.17.36\" data-dt-img-description=\"\" data-large_image_width=\"1198\" data-large_image_height=\"962\"href='https:\/\/www.radiopiu.net\/wordpress\/wp-content\/uploads\/2023\/01\/Schermata-2023-01-07-alle-10.17.36.png'><img loading=\"lazy\" decoding=\"async\" width=\"300\" height=\"241\" src=\"https:\/\/www.radiopiu.net\/wordpress\/wp-content\/uploads\/2023\/01\/Schermata-2023-01-07-alle-10.17.36-300x241.png\" class=\"attachment-medium size-medium\" alt=\"\" srcset=\"https:\/\/www.radiopiu.net\/wordpress\/wp-content\/uploads\/2023\/01\/Schermata-2023-01-07-alle-10.17.36-300x241.png 300w, https:\/\/www.radiopiu.net\/wordpress\/wp-content\/uploads\/2023\/01\/Schermata-2023-01-07-alle-10.17.36-1024x822.png 1024w, https:\/\/www.radiopiu.net\/wordpress\/wp-content\/uploads\/2023\/01\/Schermata-2023-01-07-alle-10.17.36-768x617.png 768w, https:\/\/www.radiopiu.net\/wordpress\/wp-content\/uploads\/2023\/01\/Schermata-2023-01-07-alle-10.17.36.png 1198w\" sizes=\"auto, (max-width: 300px) 100vw, 300px\" \/><\/a>\n\t\t\t\t<\/dt><\/dl><dl class='gallery-item'>\n\t\t\t\t<dt class='gallery-icon landscape'>\n\t\t\t\t\t<a class=\"rollover rollover-zoom dt-pswp-item\" title=\"Schermata 2023-01-07 alle 10.17.20\" data-dt-img-description=\"\" data-large_image_width=\"766\" data-large_image_height=\"604\"href='https:\/\/www.radiopiu.net\/wordpress\/wp-content\/uploads\/2023\/01\/Schermata-2023-01-07-alle-10.17.20.png'><img loading=\"lazy\" decoding=\"async\" width=\"300\" height=\"237\" src=\"https:\/\/www.radiopiu.net\/wordpress\/wp-content\/uploads\/2023\/01\/Schermata-2023-01-07-alle-10.17.20-300x237.png\" class=\"attachment-medium size-medium\" alt=\"\" srcset=\"https:\/\/www.radiopiu.net\/wordpress\/wp-content\/uploads\/2023\/01\/Schermata-2023-01-07-alle-10.17.20-300x237.png 300w, https:\/\/www.radiopiu.net\/wordpress\/wp-content\/uploads\/2023\/01\/Schermata-2023-01-07-alle-10.17.20.png 766w\" sizes=\"auto, (max-width: 300px) 100vw, 300px\" \/><\/a>\n\t\t\t\t<\/dt><\/dl><dl class='gallery-item'>\n\t\t\t\t<dt class='gallery-icon landscape'>\n\t\t\t\t\t<a class=\"rollover rollover-zoom dt-pswp-item\" title=\"Schermata 2023-01-07 alle 10.17.05\" data-dt-img-description=\"\" data-large_image_width=\"1156\" data-large_image_height=\"684\"href='https:\/\/www.radiopiu.net\/wordpress\/wp-content\/uploads\/2023\/01\/Schermata-2023-01-07-alle-10.17.05.png'><img loading=\"lazy\" decoding=\"async\" width=\"300\" height=\"178\" src=\"https:\/\/www.radiopiu.net\/wordpress\/wp-content\/uploads\/2023\/01\/Schermata-2023-01-07-alle-10.17.05-300x178.png\" class=\"attachment-medium size-medium\" alt=\"\" srcset=\"https:\/\/www.radiopiu.net\/wordpress\/wp-content\/uploads\/2023\/01\/Schermata-2023-01-07-alle-10.17.05-300x178.png 300w, https:\/\/www.radiopiu.net\/wordpress\/wp-content\/uploads\/2023\/01\/Schermata-2023-01-07-alle-10.17.05-1024x606.png 1024w, https:\/\/www.radiopiu.net\/wordpress\/wp-content\/uploads\/2023\/01\/Schermata-2023-01-07-alle-10.17.05-768x454.png 768w, https:\/\/www.radiopiu.net\/wordpress\/wp-content\/uploads\/2023\/01\/Schermata-2023-01-07-alle-10.17.05.png 1156w\" sizes=\"auto, (max-width: 300px) 100vw, 300px\" \/><\/a>\n\t\t\t\t<\/dt><\/dl><br style=\"clear: both\" \/>\n\t\t\t<\/div>\n\n","protected":false},"excerpt":{"rendered":"<p>Con l\u2019innalzamento della flat tax fino a 85 mila euro di fatturato, gli autonomi continuano a pagare pi\u00f9 tasse dei lavoratori dipendenti. Solo nella fascia di reddito tra i 60 e i 65 mila euro, le partite Iva che si avvalgono della tassa piatta pagano meno. In tutti le altre comparazioni, vale a dire tra&hellip;<\/p>\n","protected":false},"author":2,"featured_media":315537,"comment_status":"closed","ping_status":"closed","sticky":false,"template":"","format":"standard","meta":{"_monsterinsights_skip_tracking":false,"_monsterinsights_sitenote_active":false,"_monsterinsights_sitenote_note":"","_monsterinsights_sitenote_category":0,"footnotes":""},"categories":[49],"tags":[],"class_list":["post-315528","post","type-post","status-publish","format-standard","has-post-thumbnail","hentry","category-news-18","category-49","description-off"],"img_url":"https:\/\/www.radiopiu.net\/wordpress\/wp-content\/uploads\/2023\/01\/portrait-of-caucasian-unset-and-despair-man-watching-financial-and-economical-graphs-during-coronavirus-quarantine-problems.jpg","_links":{"self":[{"href":"https:\/\/www.radiopiu.net\/wordpress\/wp-json\/wp\/v2\/posts\/315528","targetHints":{"allow":["GET"]}}],"collection":[{"href":"https:\/\/www.radiopiu.net\/wordpress\/wp-json\/wp\/v2\/posts"}],"about":[{"href":"https:\/\/www.radiopiu.net\/wordpress\/wp-json\/wp\/v2\/types\/post"}],"author":[{"embeddable":true,"href":"https:\/\/www.radiopiu.net\/wordpress\/wp-json\/wp\/v2\/users\/2"}],"replies":[{"embeddable":true,"href":"https:\/\/www.radiopiu.net\/wordpress\/wp-json\/wp\/v2\/comments?post=315528"}],"version-history":[{"count":0,"href":"https:\/\/www.radiopiu.net\/wordpress\/wp-json\/wp\/v2\/posts\/315528\/revisions"}],"wp:featuredmedia":[{"embeddable":true,"href":"https:\/\/www.radiopiu.net\/wordpress\/wp-json\/wp\/v2\/media\/315537"}],"wp:attachment":[{"href":"https:\/\/www.radiopiu.net\/wordpress\/wp-json\/wp\/v2\/media?parent=315528"}],"wp:term":[{"taxonomy":"category","embeddable":true,"href":"https:\/\/www.radiopiu.net\/wordpress\/wp-json\/wp\/v2\/categories?post=315528"},{"taxonomy":"post_tag","embeddable":true,"href":"https:\/\/www.radiopiu.net\/wordpress\/wp-json\/wp\/v2\/tags?post=315528"}],"curies":[{"name":"wp","href":"https:\/\/api.w.org\/{rel}","templated":true}]}}