{"id":315551,"date":"2023-01-07T11:10:21","date_gmt":"2023-01-07T10:10:21","guid":{"rendered":"https:\/\/www.radiopiu.net\/wordpress\/?p=315551"},"modified":"2023-01-07T11:10:21","modified_gmt":"2023-01-07T10:10:21","slug":"oltre-300-persone-al-raduno-alpino-della-sezione-di-ponte-soverzene","status":"publish","type":"post","link":"https:\/\/www.radiopiu.net\/wordpress\/oltre-300-persone-al-raduno-alpino-della-sezione-di-ponte-soverzene\/","title":{"rendered":"OLTRE 300 PERSONE AL RADUNO ALPINO DELLA SEZIONE DI PONTE-SOVERZENE"},"content":{"rendered":"<p><strong>PONTE NELLE ALPI <\/strong>Oltre 300 persone al PalaMares.<span class=\"gmail-Apple-converted-space\"> \u00a0<\/span>Dopo due anni forzati di stop, \u00e8 ritornato con una grande partecipazione di penne nere, familiari e amici, il tradizionale raduno alpino della sezione Ponte nelle Alpi-Soverzene: uno dei sodalizi provinciali con il maggior numero di iscritti. Nel giorno giorno dell\u2019Epifania, ha preso il via a Soverzene la cerimonia ufficiale con la Santa Messa, celebrata da don Francesco Santomaso e nobilitata dalla deposizione di una corona al monumento ai caduti, nella piazza del municipio. Ha preso poi la parola Mario Dall\u2019Anese: il capogruppo della sezione ha ricordato l\u2019impegno dei volontari alpini durante il periodo Covid e in altre iniziative e attivit\u00e0 anche a livello nazionale.<span class=\"gmail-Apple-converted-space\">\u00a0<\/span>Di seguito, gli interventi del sindaco di Soverzene, Gianni Burigo, e di Ponte nelle Alpi, Paolo Vendramini, oltre alle parole del presidente Ana di Belluno, Lino De Pr\u00e0. Nello specifico, si sono ricordati i 150 anni di fondazione degli Alpini e i 226 della bandiera italiana; si \u00e8 alzato il sipario sulla mostra dedicata alla Prima Guerra Mondiale. Ed \u00e8 stato presentato il libro curato da Cesare Poncato ed edito dal gruppo Alpini Ponte nelle Alpi-Soverzene dal titolo \u201cPer non dimenticare\u201d. Un volume molto interessante, nato con l\u2019intento di ricordare il 60. anniversario della rifondazione della sezione Ana di Ponte nelle Alpi e Soverzene (1960-2020) e che traccia le vicende della prima fondazione (1922-1945). Senza considerare la biografia dei capigruppo che si sono succeduti e le attivit\u00e0 di volontariato e solidariet\u00e0, portate avanti nel tempo. Il libro \u00e8 corredato da foto e da documenti d\u2019epoca.<span class=\"gmail-Apple-converted-space\">\u00a0<\/span>Infine, al termine della prima parte della cerimonia, i presenti si sono trasferiti al PalaMares di Ponte nelle Alpi, dove pi\u00f9 di 300 persone hanno partecipato al pranzo e alla festa.<\/p>\n\n\t\t\t<style type='text\/css'>\n\t\t\t\t#gallery-1 {\n\t\t\t\t\tmargin: auto;\n\t\t\t\t}\n\t\t\t\t#gallery-1 .gallery-item {\n\t\t\t\t\tfloat: left;\n\t\t\t\t\tmargin-top: 10px;\n\t\t\t\t\ttext-align: center;\n\t\t\t\t\twidth: 25%;\n\t\t\t\t}\n\t\t\t\t#gallery-1 img {\n\t\t\t\t\tborder: 2px solid #cfcfcf;\n\t\t\t\t}\n\t\t\t\t#gallery-1 .gallery-caption {\n\t\t\t\t\tmargin-left: 0;\n\t\t\t\t}\n\t\t\t\t\/* see gallery_shortcode() in wp-includes\/media.php *\/\n\t\t\t<\/style>\n\t\t<div id='gallery-1' class='dt-gallery-container gallery galleryid-315551 gallery-columns-4 gallery-size-medium'><dl class='gallery-item'>\n\t\t\t\t<dt class='gallery-icon landscape'>\n\t\t\t\t\t<a class=\"rollover rollover-zoom dt-pswp-item\" title=\"Raduno_1\" data-dt-img-description=\"\" data-large_image_width=\"1024\" data-large_image_height=\"768\"href='https:\/\/www.radiopiu.net\/wordpress\/wp-content\/uploads\/2023\/01\/Raduno_1.jpg'><img loading=\"lazy\" decoding=\"async\" width=\"300\" height=\"225\" src=\"https:\/\/www.radiopiu.net\/wordpress\/wp-content\/uploads\/2023\/01\/Raduno_1-300x225.jpg\" class=\"attachment-medium size-medium\" alt=\"\" srcset=\"https:\/\/www.radiopiu.net\/wordpress\/wp-content\/uploads\/2023\/01\/Raduno_1-300x225.jpg 300w, https:\/\/www.radiopiu.net\/wordpress\/wp-content\/uploads\/2023\/01\/Raduno_1-768x576.jpg 768w, https:\/\/www.radiopiu.net\/wordpress\/wp-content\/uploads\/2023\/01\/Raduno_1.jpg 1024w\" sizes=\"auto, (max-width: 300px) 100vw, 300px\" \/><\/a>\n\t\t\t\t<\/dt><\/dl><dl class='gallery-item'>\n\t\t\t\t<dt class='gallery-icon landscape'>\n\t\t\t\t\t<a class=\"rollover rollover-zoom dt-pswp-item\" title=\"Raduno_2\" data-dt-img-description=\"\" data-large_image_width=\"1024\" data-large_image_height=\"768\"href='https:\/\/www.radiopiu.net\/wordpress\/wp-content\/uploads\/2023\/01\/Raduno_2.jpg'><img loading=\"lazy\" decoding=\"async\" width=\"300\" height=\"225\" src=\"https:\/\/www.radiopiu.net\/wordpress\/wp-content\/uploads\/2023\/01\/Raduno_2-300x225.jpg\" class=\"attachment-medium size-medium\" alt=\"\" srcset=\"https:\/\/www.radiopiu.net\/wordpress\/wp-content\/uploads\/2023\/01\/Raduno_2-300x225.jpg 300w, https:\/\/www.radiopiu.net\/wordpress\/wp-content\/uploads\/2023\/01\/Raduno_2-768x576.jpg 768w, https:\/\/www.radiopiu.net\/wordpress\/wp-content\/uploads\/2023\/01\/Raduno_2.jpg 1024w\" sizes=\"auto, (max-width: 300px) 100vw, 300px\" \/><\/a>\n\t\t\t\t<\/dt><\/dl><dl class='gallery-item'>\n\t\t\t\t<dt class='gallery-icon landscape'>\n\t\t\t\t\t<a class=\"rollover rollover-zoom dt-pswp-item\" title=\"Raduno_3\" data-dt-img-description=\"\" data-large_image_width=\"1591\" data-large_image_height=\"1193\"href='https:\/\/www.radiopiu.net\/wordpress\/wp-content\/uploads\/2023\/01\/Raduno_3.jpg'><img loading=\"lazy\" decoding=\"async\" width=\"300\" height=\"225\" src=\"https:\/\/www.radiopiu.net\/wordpress\/wp-content\/uploads\/2023\/01\/Raduno_3-300x225.jpg\" class=\"attachment-medium size-medium\" alt=\"\" srcset=\"https:\/\/www.radiopiu.net\/wordpress\/wp-content\/uploads\/2023\/01\/Raduno_3-300x225.jpg 300w, https:\/\/www.radiopiu.net\/wordpress\/wp-content\/uploads\/2023\/01\/Raduno_3-1024x768.jpg 1024w, https:\/\/www.radiopiu.net\/wordpress\/wp-content\/uploads\/2023\/01\/Raduno_3-768x576.jpg 768w, https:\/\/www.radiopiu.net\/wordpress\/wp-content\/uploads\/2023\/01\/Raduno_3-1536x1152.jpg 1536w, https:\/\/www.radiopiu.net\/wordpress\/wp-content\/uploads\/2023\/01\/Raduno_3.jpg 1591w\" sizes=\"auto, (max-width: 300px) 100vw, 300px\" \/><\/a>\n\t\t\t\t<\/dt><\/dl><dl class='gallery-item'>\n\t\t\t\t<dt class='gallery-icon landscape'>\n\t\t\t\t\t<a class=\"rollover rollover-zoom dt-pswp-item\" title=\"Raduno_4\" data-dt-img-description=\"\" data-large_image_width=\"1591\" data-large_image_height=\"1193\"href='https:\/\/www.radiopiu.net\/wordpress\/wp-content\/uploads\/2023\/01\/Raduno_4.jpg'><img loading=\"lazy\" decoding=\"async\" width=\"300\" height=\"225\" src=\"https:\/\/www.radiopiu.net\/wordpress\/wp-content\/uploads\/2023\/01\/Raduno_4-300x225.jpg\" class=\"attachment-medium size-medium\" alt=\"\" srcset=\"https:\/\/www.radiopiu.net\/wordpress\/wp-content\/uploads\/2023\/01\/Raduno_4-300x225.jpg 300w, https:\/\/www.radiopiu.net\/wordpress\/wp-content\/uploads\/2023\/01\/Raduno_4-1024x768.jpg 1024w, https:\/\/www.radiopiu.net\/wordpress\/wp-content\/uploads\/2023\/01\/Raduno_4-768x576.jpg 768w, https:\/\/www.radiopiu.net\/wordpress\/wp-content\/uploads\/2023\/01\/Raduno_4-1536x1152.jpg 1536w, https:\/\/www.radiopiu.net\/wordpress\/wp-content\/uploads\/2023\/01\/Raduno_4.jpg 1591w\" sizes=\"auto, (max-width: 300px) 100vw, 300px\" \/><\/a>\n\t\t\t\t<\/dt><\/dl><br style=\"clear: both\" \/>\n\t\t\t<\/div>\n\n<p>&nbsp;<\/p>\n<p>&nbsp;<\/p>\n<p>*******<\/p>\n","protected":false},"excerpt":{"rendered":"<p>PONTE NELLE ALPI Oltre 300 persone al PalaMares. \u00a0Dopo due anni forzati di stop, \u00e8 ritornato con una grande partecipazione di penne nere, familiari e amici, il tradizionale raduno alpino della sezione Ponte nelle Alpi-Soverzene: uno dei sodalizi provinciali con il maggior numero di iscritti. Nel giorno giorno dell\u2019Epifania, ha preso il via a Soverzene&hellip;<\/p>\n","protected":false},"author":4,"featured_media":315552,"comment_status":"closed","ping_status":"closed","sticky":false,"template":"","format":"standard","meta":{"_monsterinsights_skip_tracking":false,"_monsterinsights_sitenote_active":false,"_monsterinsights_sitenote_note":"","_monsterinsights_sitenote_category":0,"footnotes":""},"categories":[49],"tags":[],"class_list":["post-315551","post","type-post","status-publish","format-standard","has-post-thumbnail","hentry","category-news-18","category-49","description-off"],"img_url":"https:\/\/www.radiopiu.net\/wordpress\/wp-content\/uploads\/2023\/01\/Raduno_1.jpg","_links":{"self":[{"href":"https:\/\/www.radiopiu.net\/wordpress\/wp-json\/wp\/v2\/posts\/315551","targetHints":{"allow":["GET"]}}],"collection":[{"href":"https:\/\/www.radiopiu.net\/wordpress\/wp-json\/wp\/v2\/posts"}],"about":[{"href":"https:\/\/www.radiopiu.net\/wordpress\/wp-json\/wp\/v2\/types\/post"}],"author":[{"embeddable":true,"href":"https:\/\/www.radiopiu.net\/wordpress\/wp-json\/wp\/v2\/users\/4"}],"replies":[{"embeddable":true,"href":"https:\/\/www.radiopiu.net\/wordpress\/wp-json\/wp\/v2\/comments?post=315551"}],"version-history":[{"count":0,"href":"https:\/\/www.radiopiu.net\/wordpress\/wp-json\/wp\/v2\/posts\/315551\/revisions"}],"wp:featuredmedia":[{"embeddable":true,"href":"https:\/\/www.radiopiu.net\/wordpress\/wp-json\/wp\/v2\/media\/315552"}],"wp:attachment":[{"href":"https:\/\/www.radiopiu.net\/wordpress\/wp-json\/wp\/v2\/media?parent=315551"}],"wp:term":[{"taxonomy":"category","embeddable":true,"href":"https:\/\/www.radiopiu.net\/wordpress\/wp-json\/wp\/v2\/categories?post=315551"},{"taxonomy":"post_tag","embeddable":true,"href":"https:\/\/www.radiopiu.net\/wordpress\/wp-json\/wp\/v2\/tags?post=315551"}],"curies":[{"name":"wp","href":"https:\/\/api.w.org\/{rel}","templated":true}]}}