{"id":315558,"date":"2023-01-09T04:00:59","date_gmt":"2023-01-09T03:00:59","guid":{"rendered":"https:\/\/www.radiopiu.net\/wordpress\/?p=315558"},"modified":"2023-01-09T06:03:17","modified_gmt":"2023-01-09T05:03:17","slug":"il-sindaco-di-livinallongo-leandro-grones-risponde-alla-lettera-sui-parcheggi-fuori-regola-le-auto-erano-parcheggiate-a-bordo-pista-in-zona-vietata","status":"publish","type":"post","link":"https:\/\/www.radiopiu.net\/wordpress\/il-sindaco-di-livinallongo-leandro-grones-risponde-alla-lettera-sui-parcheggi-fuori-regola-le-auto-erano-parcheggiate-a-bordo-pista-in-zona-vietata\/","title":{"rendered":"IL SINDACO DI LIVINALLONGO LEANDRO GRONES RISPONDE ALLA LETTERA SUI PARCHEGGI FUORI REGOLA: &#8220;LE AUTO ERANO PARCHEGGIATE A BORDO PISTA IN ZONA VIETATA&#8221;"},"content":{"rendered":"<p><strong> <a class=\"dt-pswp-item\" href=\"https:\/\/www.radiopiu.net\/wordpress\/wp-content\/uploads\/2023\/01\/leandro-grones.png\" data-dt-img-description=\"\" data-large_image_width=\"854\" data-large_image_height=\"496\"><img loading=\"lazy\" decoding=\"async\" class=\" wp-image-315560 alignleft\" src=\"https:\/\/www.radiopiu.net\/wordpress\/wp-content\/uploads\/2023\/01\/leandro-grones-300x174.png\" alt=\"\" width=\"193\" height=\"112\" \/><\/a>LIVINALLONGO<\/strong> Il sindaco di Livinallongo Leandro Grones risponde alla lettera che abbiamo pubblicato nelle ultime ore riguardante i parcheggi &#8220;selvaggi&#8221; ad Arabba. Per il primo cittadino le multe fatte sono sacrosante, le auto erano parcheggiate in zone vietate. Fretta o non fretta bisogna lasciare l&#8217;auto nei parcheggi segnalati e non a bordo pista.<\/p>\n<p><strong>IL SINDACO DI LIVINALLONGO LEANDRO GRONES<\/strong><\/p>\n<audio class=\"wp-audio-shortcode\" id=\"audio-315558-1\" preload=\"none\" style=\"width: 100%;\" controls=\"controls\"><source type=\"audio\/mpeg\" src=\"https:\/\/www.radiopiu.net\/wordpress\/wp-content\/uploads\/2023\/01\/GRONES-PARCHEGGI.mp3?_=1\" \/><a href=\"https:\/\/www.radiopiu.net\/wordpress\/wp-content\/uploads\/2023\/01\/GRONES-PARCHEGGI.mp3\">https:\/\/www.radiopiu.net\/wordpress\/wp-content\/uploads\/2023\/01\/GRONES-PARCHEGGI.mp3<\/a><\/audio>\n<p>&nbsp;<\/p>\n<h2><span style=\"color: #ff0000;\"><strong>IERI ALLA RADIO<\/strong><\/span><\/h2>\n<blockquote>\n<h3>DILLO A RADIO PIU\u2019\u2026 \u201cCOME E\u2019 POSSIBILE CHE AD ARABBA\u2026\u201d<\/h3>\n<\/blockquote>\n<p align=\"JUSTIFY\"><strong>LETTERA A RADIO PI\u00d9<\/strong><\/p>\n<div id=\"gallery-10\" class=\"dt-gallery-container gallery galleryid-315097 gallery-columns-4 gallery-size-thumbnail\">\n\n\t\t\t<style type='text\/css'>\n\t\t\t\t#gallery-1 {\n\t\t\t\t\tmargin: auto;\n\t\t\t\t}\n\t\t\t\t#gallery-1 .gallery-item {\n\t\t\t\t\tfloat: left;\n\t\t\t\t\tmargin-top: 10px;\n\t\t\t\t\ttext-align: center;\n\t\t\t\t\twidth: 25%;\n\t\t\t\t}\n\t\t\t\t#gallery-1 img {\n\t\t\t\t\tborder: 2px solid #cfcfcf;\n\t\t\t\t}\n\t\t\t\t#gallery-1 .gallery-caption {\n\t\t\t\t\tmargin-left: 0;\n\t\t\t\t}\n\t\t\t\t\/* see gallery_shortcode() in wp-includes\/media.php *\/\n\t\t\t<\/style>\n\t\t<div id='gallery-1' class='dt-gallery-container gallery galleryid-315558 gallery-columns-4 gallery-size-thumbnail'><dl class='gallery-item'>\n\t\t\t\t<dt class='gallery-icon portrait'>\n\t\t\t\t\t<a class=\"rollover\" href='https:\/\/www.radiopiu.net\/wordpress\/dillo-a-radio-piu-come-e-possibile-che-ad-arabba\/d5d8903b-e447-48ec-9d1f-9995136d891c\/'><img loading=\"lazy\" decoding=\"async\" width=\"150\" height=\"150\" src=\"https:\/\/www.radiopiu.net\/wordpress\/wp-content\/uploads\/2023\/01\/d5d8903b-e447-48ec-9d1f-9995136d891c-150x150.jpg\" class=\"attachment-thumbnail size-thumbnail\" alt=\"\" \/><\/a>\n\t\t\t\t<\/dt><\/dl><dl class='gallery-item'>\n\t\t\t\t<dt class='gallery-icon landscape'>\n\t\t\t\t\t<a class=\"rollover\" href='https:\/\/www.radiopiu.net\/wordpress\/dillo-a-radio-piu-come-e-possibile-che-ad-arabba\/senza-nome-489\/'><img loading=\"lazy\" decoding=\"async\" width=\"150\" height=\"150\" src=\"https:\/\/www.radiopiu.net\/wordpress\/wp-content\/uploads\/2023\/01\/Senza-nome-150x150.png\" class=\"attachment-thumbnail size-thumbnail\" alt=\"\" \/><\/a>\n\t\t\t\t<\/dt><\/dl><dl class='gallery-item'>\n\t\t\t\t<dt class='gallery-icon portrait'>\n\t\t\t\t\t<a class=\"rollover\" href='https:\/\/www.radiopiu.net\/wordpress\/dillo-a-radio-piu-come-e-possibile-che-ad-arabba\/a44a19f6-5e20-4d6c-b0a6-fe8fa135761e\/'><img loading=\"lazy\" decoding=\"async\" width=\"150\" height=\"150\" src=\"https:\/\/www.radiopiu.net\/wordpress\/wp-content\/uploads\/2023\/01\/a44a19f6-5e20-4d6c-b0a6-fe8fa135761e-150x150.jpg\" class=\"attachment-thumbnail size-thumbnail\" alt=\"\" \/><\/a>\n\t\t\t\t<\/dt><\/dl><dl class='gallery-item'>\n\t\t\t\t<dt class='gallery-icon portrait'>\n\t\t\t\t\t<a class=\"rollover\" href='https:\/\/www.radiopiu.net\/wordpress\/dillo-a-radio-piu-come-e-possibile-che-ad-arabba\/6cfd053c-829c-4e0a-9960-22e38a414d05\/'><img loading=\"lazy\" decoding=\"async\" width=\"150\" height=\"150\" src=\"https:\/\/www.radiopiu.net\/wordpress\/wp-content\/uploads\/2023\/01\/6cfd053c-829c-4e0a-9960-22e38a414d05-150x150.jpg\" class=\"attachment-thumbnail size-thumbnail\" alt=\"\" \/><\/a>\n\t\t\t\t<\/dt><\/dl><br style=\"clear: both\" \/>\n\t\t\t<\/div>\n\n<\/div>\n<p align=\"JUSTIFY\"><strong>LIVINALLONGO<\/strong>\u00a0 In questi giorni ad Arabba, come in altre zone sciistiche, ci sono tanti turisti, anche giornalieri, che parcheggiano le proprie auto per andare a sciare. Dall\u2019altra parte troviamo poi operatori turistici, tra i quali anche i maestri di sci delle Scuole di Arabba, provenienti dal Comune o da Comuni limitrofi che hanno la necessit\u00e0 di parcheggiare le proprie auto per lo svolgimento della propria attivit\u00e0 e la conseguente accoglienza turistica. Spesso sentiamo parlare di Arabba come una localit\u00e0 turistica strategica e di punta del Comune di Livinallongo, peccato per\u00f2 che tra il dire e il fare ci sia di mezzo il mare. Com\u2019\u00e8 possibile che in una localit\u00e0 turistica come Arabba un maestro di sci (come qualsiasi altro operatore), che viene chiamato per fare delle ore di lezione nelle ore centrali della giornata, non abbia la possibilit\u00e0 di avere una zona parcheggi dedicati e sia costretto a parcheggiare \u201cfuori regola\u201d per non arrivare in ritardo o addirittura dover rinunciare alla lezione, con il Sindaco in persona che chiama il vigile urbano per fargli fare la multa? Come \u00e8 possibile che un maestro debba cercare un parcheggio molto lontano dal campo scuola o che debba pagare abbonamenti molto onerosi con un solo nominativo, quando spesso e volentieri i maestri del posto che sono anche allenatori di altri sci club fuori comune, hanno i pulmini oltre che l\u2019auto privata? (escluso sci club Arabba che ha la gratuit\u00e0) Com\u2019\u00e8 possibile che in una localit\u00e0 turistica come Arabba i parcheggi abbiano il cartello \u201cparcheggio a pagamento\u201d e il turista sia costretto a cercare invano il parchimetro che in realt\u00e0 non esiste, perch\u00e9 al momento il Comune ne \u00e8 sprovvisto? Com\u2019\u00e8 possibile che in una localit\u00e0 turistica come Arabba, siano costretti ad utilizzare lo stadio del ghiaccio come parcheggio? Il Sindaco Grones parla di accoglienza turistica e spopolamento della montagna, ma la realt\u00e0 dei fatti \u00e8 un\u2019altra, i giovani sono stufi di vivere in un contesto dove anzich\u00e9 essere aiutati li fa scappare, come in questo caso. Ricordiamoci che a mantenere un territorio e a garantire un prosieguo sono i residenti e i giovani, ma che a forza di essere trattati peggio di chi il territorio lo vive una settimana all\u2019anno, un po\u2019alla volta, sceglieranno di andarsene.<\/p>\n<p align=\"JUSTIFY\"><strong>Federico e Ivan\u00a0<\/strong><\/p>\n<p align=\"JUSTIFY\">******<\/p>\n","protected":false},"excerpt":{"rendered":"<p>LIVINALLONGO Il sindaco di Livinallongo Leandro Grones risponde alla lettera che abbiamo pubblicato nelle ultime ore riguardante i parcheggi &#8220;selvaggi&#8221; ad Arabba. Per il primo cittadino le multe fatte sono sacrosante, le auto erano parcheggiate in zone vietate. Fretta o non fretta bisogna lasciare l&#8217;auto nei parcheggi segnalati e non a bordo pista. IL SINDACO&hellip;<\/p>\n","protected":false},"author":4,"featured_media":315560,"comment_status":"closed","ping_status":"closed","sticky":false,"template":"","format":"standard","meta":{"_monsterinsights_skip_tracking":false,"_monsterinsights_sitenote_active":false,"_monsterinsights_sitenote_note":"","_monsterinsights_sitenote_category":0,"footnotes":""},"categories":[51,49],"tags":[],"class_list":["post-315558","post","type-post","status-publish","format-standard","has-post-thumbnail","hentry","category-evidenza-top","category-news-18","category-51","category-49","description-off"],"img_url":"https:\/\/www.radiopiu.net\/wordpress\/wp-content\/uploads\/2023\/01\/leandro-grones-e1744803313735.png","_links":{"self":[{"href":"https:\/\/www.radiopiu.net\/wordpress\/wp-json\/wp\/v2\/posts\/315558","targetHints":{"allow":["GET"]}}],"collection":[{"href":"https:\/\/www.radiopiu.net\/wordpress\/wp-json\/wp\/v2\/posts"}],"about":[{"href":"https:\/\/www.radiopiu.net\/wordpress\/wp-json\/wp\/v2\/types\/post"}],"author":[{"embeddable":true,"href":"https:\/\/www.radiopiu.net\/wordpress\/wp-json\/wp\/v2\/users\/4"}],"replies":[{"embeddable":true,"href":"https:\/\/www.radiopiu.net\/wordpress\/wp-json\/wp\/v2\/comments?post=315558"}],"version-history":[{"count":0,"href":"https:\/\/www.radiopiu.net\/wordpress\/wp-json\/wp\/v2\/posts\/315558\/revisions"}],"wp:featuredmedia":[{"embeddable":true,"href":"https:\/\/www.radiopiu.net\/wordpress\/wp-json\/wp\/v2\/media\/315560"}],"wp:attachment":[{"href":"https:\/\/www.radiopiu.net\/wordpress\/wp-json\/wp\/v2\/media?parent=315558"}],"wp:term":[{"taxonomy":"category","embeddable":true,"href":"https:\/\/www.radiopiu.net\/wordpress\/wp-json\/wp\/v2\/categories?post=315558"},{"taxonomy":"post_tag","embeddable":true,"href":"https:\/\/www.radiopiu.net\/wordpress\/wp-json\/wp\/v2\/tags?post=315558"}],"curies":[{"name":"wp","href":"https:\/\/api.w.org\/{rel}","templated":true}]}}