{"id":315570,"date":"2023-01-07T15:25:57","date_gmt":"2023-01-07T14:25:57","guid":{"rendered":"https:\/\/www.radiopiu.net\/wordpress\/?p=315570"},"modified":"2023-01-07T15:25:57","modified_gmt":"2023-01-07T14:25:57","slug":"buona-prova-degli-agordini-alla-pedonata-delle-befane","status":"publish","type":"post","link":"https:\/\/www.radiopiu.net\/wordpress\/buona-prova-degli-agordini-alla-pedonata-delle-befane\/","title":{"rendered":"BUONA PROVA DEGLI AGORDINI ALLA PEDONATA DELLE BEFANE"},"content":{"rendered":"<p><strong><a class=\"dt-pswp-item\" href=\"https:\/\/www.radiopiu.net\/wordpress\/wp-content\/uploads\/2023\/01\/319861947_634714801759003_3381388284307237253_n.jpg\" data-dt-img-description=\"\" data-large_image_width=\"537\" data-large_image_height=\"403\"><img loading=\"lazy\" decoding=\"async\" class=\" wp-image-315571 alignleft\" src=\"https:\/\/www.radiopiu.net\/wordpress\/wp-content\/uploads\/2023\/01\/319861947_634714801759003_3381388284307237253_n-300x225.jpg\" alt=\"\" width=\"157\" height=\"118\" srcset=\"https:\/\/www.radiopiu.net\/wordpress\/wp-content\/uploads\/2023\/01\/319861947_634714801759003_3381388284307237253_n-300x225.jpg 300w, https:\/\/www.radiopiu.net\/wordpress\/wp-content\/uploads\/2023\/01\/319861947_634714801759003_3381388284307237253_n.jpg 537w\" sizes=\"auto, (max-width: 157px) 100vw, 157px\" \/><\/a>SEDICO<\/strong> Buona prestazione degli agordini nella Pedonata Delle Befane andata in scena il giorno dell&#8217;Epifania nella cornice di Roe Alte Di Sedico. Manuela Bulf si \u00e8 imposta nella gara femminile di 8 km con il tempo di 35&#8217;16&#8221;. Sul podio anche Alessandra Da Roch che si \u00e8 piazzata in terza posizione assoluta. Nella gara maschile si \u00e8 comportato bene anche Gabriele Toffoli che ha chiuso al 10\u00b0 posto assoluto. Nella gara di 4 km prima posizione per Azzurra Deola-Thorpe che ha staccato di due secondi la diretta avversaria. (foto: podio femminile 4 km)<\/p>\n<p><strong>PER LE CLASSIFICHE <a href=\"https:\/\/www.dtiming.it\/results\/pedonata-delle-befane-2023\">CLICCA QUI<\/a><\/strong><\/p>\n<p>&nbsp;<\/p>\n<p>&nbsp;<\/p>\n<p>*******<\/p>\n","protected":false},"excerpt":{"rendered":"<p>SEDICO Buona prestazione degli agordini nella Pedonata Delle Befane andata in scena il giorno dell&#8217;Epifania nella cornice di Roe Alte Di Sedico. Manuela Bulf si \u00e8 imposta nella gara femminile di 8 km con il tempo di 35&#8217;16&#8221;. Sul podio anche Alessandra Da Roch che si \u00e8 piazzata in terza posizione assoluta. Nella gara maschile&hellip;<\/p>\n","protected":false},"author":4,"featured_media":315572,"comment_status":"closed","ping_status":"closed","sticky":false,"template":"","format":"standard","meta":{"_monsterinsights_skip_tracking":false,"_monsterinsights_sitenote_active":false,"_monsterinsights_sitenote_note":"","_monsterinsights_sitenote_category":0,"footnotes":""},"categories":[49],"tags":[],"class_list":["post-315570","post","type-post","status-publish","format-standard","has-post-thumbnail","hentry","category-news-18","category-49","description-off"],"img_url":"https:\/\/www.radiopiu.net\/wordpress\/wp-content\/uploads\/2023\/01\/Schermata-2023-01-07-alle-15.24.09.png","_links":{"self":[{"href":"https:\/\/www.radiopiu.net\/wordpress\/wp-json\/wp\/v2\/posts\/315570","targetHints":{"allow":["GET"]}}],"collection":[{"href":"https:\/\/www.radiopiu.net\/wordpress\/wp-json\/wp\/v2\/posts"}],"about":[{"href":"https:\/\/www.radiopiu.net\/wordpress\/wp-json\/wp\/v2\/types\/post"}],"author":[{"embeddable":true,"href":"https:\/\/www.radiopiu.net\/wordpress\/wp-json\/wp\/v2\/users\/4"}],"replies":[{"embeddable":true,"href":"https:\/\/www.radiopiu.net\/wordpress\/wp-json\/wp\/v2\/comments?post=315570"}],"version-history":[{"count":0,"href":"https:\/\/www.radiopiu.net\/wordpress\/wp-json\/wp\/v2\/posts\/315570\/revisions"}],"wp:featuredmedia":[{"embeddable":true,"href":"https:\/\/www.radiopiu.net\/wordpress\/wp-json\/wp\/v2\/media\/315572"}],"wp:attachment":[{"href":"https:\/\/www.radiopiu.net\/wordpress\/wp-json\/wp\/v2\/media?parent=315570"}],"wp:term":[{"taxonomy":"category","embeddable":true,"href":"https:\/\/www.radiopiu.net\/wordpress\/wp-json\/wp\/v2\/categories?post=315570"},{"taxonomy":"post_tag","embeddable":true,"href":"https:\/\/www.radiopiu.net\/wordpress\/wp-json\/wp\/v2\/tags?post=315570"}],"curies":[{"name":"wp","href":"https:\/\/api.w.org\/{rel}","templated":true}]}}