{"id":315593,"date":"2023-01-07T19:11:50","date_gmt":"2023-01-07T18:11:50","guid":{"rendered":"https:\/\/www.radiopiu.net\/wordpress\/?p=315593"},"modified":"2023-01-07T19:11:50","modified_gmt":"2023-01-07T18:11:50","slug":"escursionisti-sfiniti-dalla-stanchezza-recuperati-dal-soccorso-alpino-stavano-salendo-al-rifugio-vandelli","status":"publish","type":"post","link":"https:\/\/www.radiopiu.net\/wordpress\/escursionisti-sfiniti-dalla-stanchezza-recuperati-dal-soccorso-alpino-stavano-salendo-al-rifugio-vandelli\/","title":{"rendered":"ESCURSIONISTI SFINITI DALLA STANCHEZZA RECUPERATI DAL SOCCORSO ALPINO. STAVANO SALENDO AL RIFUGIO VANDELLI"},"content":{"rendered":"<p><strong>CORTINA<\/strong> Verso le 14.30 la Centrale del 118 \u00e8 stata allertata da quattro escursionisti veneziani e rodigini, impossibilitati a proseguire in salita verso il Rifugio Vandelli poich\u00e9 due di loro erano sfiniti dalla stanchezza. In particolare un 41enne di Cavarzere (VE) che amentava dolori a una gamba e una 32enne molto provata dalla fatica. Non appena l&#8217;elicottero del Suem di Pieve di Cadore si \u00e8 liberato da un&#8217;altra missione \u00e8 volato al Passo Tre Croci per imbarcare due soccorritori di Cortina, in quanto le due coppie avevano con s\u00e9 anche due cani, uno di piccole e uno di grandi dimensioni. Individuati gli escursionisti lungo il sentiero numero 217 che da Valbona sale al Vandelli, 300 metri circa sotto il Rifugio, l&#8217;eliambulanza ha sbarcato con un verricello di una trentina di metri il tecnico di elisoccorso e i due soccorritori. I due in difficolt\u00e0 sono quindi stati issati a bordo per poi essere lasciati al Passo Tre Croci. Gli altri due, sempre un uomo e una donna, che erano in grado di camminare, sono scesi assieme ai loro cani e ai due soccorritori di Cortina rimasti a terra per riaccompagnarli a valle.<\/p>\n<p>&nbsp;<\/p>\n<p>&nbsp;<\/p>\n<p>*****<\/p>\n","protected":false},"excerpt":{"rendered":"<p>CORTINA Verso le 14.30 la Centrale del 118 \u00e8 stata allertata da quattro escursionisti veneziani e rodigini, impossibilitati a proseguire in salita verso il Rifugio Vandelli poich\u00e9 due di loro erano sfiniti dalla stanchezza. In particolare un 41enne di Cavarzere (VE) che amentava dolori a una gamba e una 32enne molto provata dalla fatica. Non&hellip;<\/p>\n","protected":false},"author":4,"featured_media":222520,"comment_status":"closed","ping_status":"closed","sticky":false,"template":"","format":"standard","meta":{"_monsterinsights_skip_tracking":false,"_monsterinsights_sitenote_active":false,"_monsterinsights_sitenote_note":"","_monsterinsights_sitenote_category":0,"footnotes":""},"categories":[51,49],"tags":[],"class_list":["post-315593","post","type-post","status-publish","format-standard","has-post-thumbnail","hentry","category-evidenza-top","category-news-18","category-51","category-49","description-off"],"img_url":"https:\/\/www.radiopiu.net\/wordpress\/wp-content\/uploads\/2021\/07\/fb9dd0e0-d5e5-489c-a831-6502938db7ce.jpg","_links":{"self":[{"href":"https:\/\/www.radiopiu.net\/wordpress\/wp-json\/wp\/v2\/posts\/315593","targetHints":{"allow":["GET"]}}],"collection":[{"href":"https:\/\/www.radiopiu.net\/wordpress\/wp-json\/wp\/v2\/posts"}],"about":[{"href":"https:\/\/www.radiopiu.net\/wordpress\/wp-json\/wp\/v2\/types\/post"}],"author":[{"embeddable":true,"href":"https:\/\/www.radiopiu.net\/wordpress\/wp-json\/wp\/v2\/users\/4"}],"replies":[{"embeddable":true,"href":"https:\/\/www.radiopiu.net\/wordpress\/wp-json\/wp\/v2\/comments?post=315593"}],"version-history":[{"count":0,"href":"https:\/\/www.radiopiu.net\/wordpress\/wp-json\/wp\/v2\/posts\/315593\/revisions"}],"wp:featuredmedia":[{"embeddable":true,"href":"https:\/\/www.radiopiu.net\/wordpress\/wp-json\/wp\/v2\/media\/222520"}],"wp:attachment":[{"href":"https:\/\/www.radiopiu.net\/wordpress\/wp-json\/wp\/v2\/media?parent=315593"}],"wp:term":[{"taxonomy":"category","embeddable":true,"href":"https:\/\/www.radiopiu.net\/wordpress\/wp-json\/wp\/v2\/categories?post=315593"},{"taxonomy":"post_tag","embeddable":true,"href":"https:\/\/www.radiopiu.net\/wordpress\/wp-json\/wp\/v2\/tags?post=315593"}],"curies":[{"name":"wp","href":"https:\/\/api.w.org\/{rel}","templated":true}]}}