{"id":315595,"date":"2023-01-09T05:24:55","date_gmt":"2023-01-09T04:24:55","guid":{"rendered":"https:\/\/www.radiopiu.net\/wordpress\/?p=315595"},"modified":"2023-01-09T05:49:11","modified_gmt":"2023-01-09T04:49:11","slug":"lislanda-chiama-william-risponde","status":"publish","type":"post","link":"https:\/\/www.radiopiu.net\/wordpress\/lislanda-chiama-william-risponde\/","title":{"rendered":"L&#8217;ISLANDA CHIAMA&#8230;WILLIAM RISPONDE"},"content":{"rendered":"<p><strong><a class=\"dt-pswp-item\" href=\"https:\/\/www.radiopiu.net\/wordpress\/wp-content\/uploads\/2023\/01\/2b34c5e9-f256-4747-8099-e0424d08a959.jpg\" data-dt-img-description=\"\" data-large_image_width=\"1920\" data-large_image_height=\"1280\"><img loading=\"lazy\" decoding=\"async\" class=\" wp-image-315596 alignleft\" src=\"https:\/\/www.radiopiu.net\/wordpress\/wp-content\/uploads\/2023\/01\/2b34c5e9-f256-4747-8099-e0424d08a959-300x200.jpg\" alt=\"\" width=\"209\" height=\"139\" srcset=\"https:\/\/www.radiopiu.net\/wordpress\/wp-content\/uploads\/2023\/01\/2b34c5e9-f256-4747-8099-e0424d08a959-300x200.jpg 300w, https:\/\/www.radiopiu.net\/wordpress\/wp-content\/uploads\/2023\/01\/2b34c5e9-f256-4747-8099-e0424d08a959-1024x683.jpg 1024w, https:\/\/www.radiopiu.net\/wordpress\/wp-content\/uploads\/2023\/01\/2b34c5e9-f256-4747-8099-e0424d08a959-768x512.jpg 768w, https:\/\/www.radiopiu.net\/wordpress\/wp-content\/uploads\/2023\/01\/2b34c5e9-f256-4747-8099-e0424d08a959-1536x1024.jpg 1536w, https:\/\/www.radiopiu.net\/wordpress\/wp-content\/uploads\/2023\/01\/2b34c5e9-f256-4747-8099-e0424d08a959.jpg 1920w\" sizes=\"auto, (max-width: 209px) 100vw, 209px\" \/><\/a>LA VALLE<\/strong> William Da Roit sar\u00e0 fra i protagonisti della Run Iceland 2023, gara a tappe di Trail running che si correr\u00e0 nell&#8217;isola al circolo polare artico dal 4 al 10 giugno. &#8220;<em>Ho detto subito di s\u00ec alla mail inviatami dall&#8217;organizzazione, lass\u00f9 nel 2018 sono arrivato secondo assoluto. \u00c8 una gara particolare, riservata solo a 50 concorrenti, si corre in scenari unici fra ghiaccio, vulcani, deserto e oceano &#8211; dice William &#8211; Questa volta ci sar\u00e0 anche una tappa a mezzanotte visto che in giugno li il sole non tramonta mai. Dopo un mese e mezzo di stop con la corsa, dicembre dedicato alla produzione di panettoni, ho ripreso con gli allenamenti seguito da Giulia Ben, fisioterapista di Agordo, con un programma anche di potenziamento muscolare per cercare di prevenire il problema alla gamba sinistra che mi ha rallentato in questo anno difficile &#8211; continua Da Roit &#8211; \u00c8 la conseguenza di un&#8217;incidente che ho avuto quando ero nei corpi speciali dell&#8217;esercito (Paracadutisti della Folgore) problema con cui, vista anche l&#8217;et\u00e0, dovr\u00f2 imparare a convivere<\/em>&#8220;. Il calendario di avvicinamento all&#8217;Islanda prevede in marzo l&#8217;Engadina Ski Matathon, in Svizzera, con gli sci da fondo, poi la maratona di Roma, la sessantacinquesima per William, in aprile una delle gare all&#8217;ultra matathon festival di Venezia. &#8220;<em>Anche quest&#8217;anno continua a seguirmi Francesca Lavezzari, biologa e nutrizionista di Belluno specializzata in gare di endurance. <\/em><br \/>\n<em>Mai arrendersi<\/em>&#8220;.<\/p>\n<p>&nbsp;<\/p>\n<p>&nbsp;<\/p>\n<p>*******<\/p>\n","protected":false},"excerpt":{"rendered":"<p>LA VALLE William Da Roit sar\u00e0 fra i protagonisti della Run Iceland 2023, gara a tappe di Trail running che si correr\u00e0 nell&#8217;isola al circolo polare artico dal 4 al 10 giugno. &#8220;Ho detto subito di s\u00ec alla mail inviatami dall&#8217;organizzazione, lass\u00f9 nel 2018 sono arrivato secondo assoluto. \u00c8 una gara particolare, riservata solo a&hellip;<\/p>\n","protected":false},"author":4,"featured_media":315596,"comment_status":"closed","ping_status":"closed","sticky":false,"template":"","format":"standard","meta":{"_monsterinsights_skip_tracking":false,"_monsterinsights_sitenote_active":false,"_monsterinsights_sitenote_note":"","_monsterinsights_sitenote_category":0,"footnotes":""},"categories":[104,49],"tags":[],"class_list":["post-315595","post","type-post","status-publish","format-standard","has-post-thumbnail","hentry","category-evidenza_3","category-news-18","category-104","category-49","description-off"],"img_url":"https:\/\/www.radiopiu.net\/wordpress\/wp-content\/uploads\/2023\/01\/2b34c5e9-f256-4747-8099-e0424d08a959.jpg","_links":{"self":[{"href":"https:\/\/www.radiopiu.net\/wordpress\/wp-json\/wp\/v2\/posts\/315595","targetHints":{"allow":["GET"]}}],"collection":[{"href":"https:\/\/www.radiopiu.net\/wordpress\/wp-json\/wp\/v2\/posts"}],"about":[{"href":"https:\/\/www.radiopiu.net\/wordpress\/wp-json\/wp\/v2\/types\/post"}],"author":[{"embeddable":true,"href":"https:\/\/www.radiopiu.net\/wordpress\/wp-json\/wp\/v2\/users\/4"}],"replies":[{"embeddable":true,"href":"https:\/\/www.radiopiu.net\/wordpress\/wp-json\/wp\/v2\/comments?post=315595"}],"version-history":[{"count":0,"href":"https:\/\/www.radiopiu.net\/wordpress\/wp-json\/wp\/v2\/posts\/315595\/revisions"}],"wp:featuredmedia":[{"embeddable":true,"href":"https:\/\/www.radiopiu.net\/wordpress\/wp-json\/wp\/v2\/media\/315596"}],"wp:attachment":[{"href":"https:\/\/www.radiopiu.net\/wordpress\/wp-json\/wp\/v2\/media?parent=315595"}],"wp:term":[{"taxonomy":"category","embeddable":true,"href":"https:\/\/www.radiopiu.net\/wordpress\/wp-json\/wp\/v2\/categories?post=315595"},{"taxonomy":"post_tag","embeddable":true,"href":"https:\/\/www.radiopiu.net\/wordpress\/wp-json\/wp\/v2\/tags?post=315595"}],"curies":[{"name":"wp","href":"https:\/\/api.w.org\/{rel}","templated":true}]}}