{"id":315633,"date":"2023-01-09T05:25:10","date_gmt":"2023-01-09T04:25:10","guid":{"rendered":"https:\/\/www.radiopiu.net\/wordpress\/?p=315633"},"modified":"2023-01-09T05:48:56","modified_gmt":"2023-01-09T04:48:56","slug":"autostrada-a27-chiusa-per-due-notti-tra-belluno-e-fadalto","status":"publish","type":"post","link":"https:\/\/www.radiopiu.net\/wordpress\/autostrada-a27-chiusa-per-due-notti-tra-belluno-e-fadalto\/","title":{"rendered":"AUTOSTRADA A27 CHIUSA PER DUE NOTTI TRA BELLUNO E FADALTO"},"content":{"rendered":"<p><strong><a class=\"dt-pswp-item\" href=\"https:\/\/www.radiopiu.net\/wordpress\/wp-content\/uploads\/2021\/07\/AUTOSTRADA-A-27.png\" data-dt-img-description=\"\" data-large_image_width=\"1024\" data-large_image_height=\"1024\"><img loading=\"lazy\" decoding=\"async\" class=\"wp-image-221382 alignleft\" src=\"https:\/\/www.radiopiu.net\/wordpress\/wp-content\/uploads\/2021\/07\/AUTOSTRADA-A-27-300x300.png\" alt=\"\" width=\"135\" height=\"135\" srcset=\"https:\/\/www.radiopiu.net\/wordpress\/wp-content\/uploads\/2021\/07\/AUTOSTRADA-A-27-300x300.png 300w, https:\/\/www.radiopiu.net\/wordpress\/wp-content\/uploads\/2021\/07\/AUTOSTRADA-A-27-150x150.png 150w, https:\/\/www.radiopiu.net\/wordpress\/wp-content\/uploads\/2021\/07\/AUTOSTRADA-A-27-768x768.png 768w, https:\/\/www.radiopiu.net\/wordpress\/wp-content\/uploads\/2021\/07\/AUTOSTRADA-A-27.png 1024w\" sizes=\"auto, (max-width: 135px) 100vw, 135px\" \/><\/a>REDAZIONE <\/strong>Sulla A27 Mestre-Belluno, per consentire attivit\u00e0 di ispezione e manutenzione delle gallerie, sar\u00e0 chiuso il tratto compreso tra Belluno e Fadalto Lago di Santa Croce, nei seguenti giorni e con le seguenti modalit\u00e0: dalle 22:00 di luned\u00ec 9 alle 6:00 di marted\u00ec 10 gennaio, sar\u00e0 chiuso il tratto compreso tra Belluno e Fadalto Lago di Santa Croce, verso Mestre. In alternativa, si potr\u00e0 entrare alla stazione di Fadalto Lago di Santa Croce, dopo aver percorso la SS51 Alemagna; dalle 22:00 di marted\u00ec 10 alle 6:00 di mercoled\u00ec 11 gennaio, sar\u00e0 chiuso il tratto compreso tra Fadalto Lago di Santa Croce e Belluno, verso Belluno. In alternativa, dopo l&#8217;uscita obbligatoria alla stazione di Fadalto Lago di Santa Croce, proseguire sulla SS51 Alemagna verso Belluno e rientrare sulla A27 allo svincolo di Belluno-Cadola.<\/p>\n<p>&nbsp;<\/p>\n<p>&nbsp;<\/p>\n<p>******<\/p>\n","protected":false},"excerpt":{"rendered":"<p>REDAZIONE Sulla A27 Mestre-Belluno, per consentire attivit\u00e0 di ispezione e manutenzione delle gallerie, sar\u00e0 chiuso il tratto compreso tra Belluno e Fadalto Lago di Santa Croce, nei seguenti giorni e con le seguenti modalit\u00e0: dalle 22:00 di luned\u00ec 9 alle 6:00 di marted\u00ec 10 gennaio, sar\u00e0 chiuso il tratto compreso tra Belluno e Fadalto Lago&hellip;<\/p>\n","protected":false},"author":4,"featured_media":75528,"comment_status":"closed","ping_status":"closed","sticky":false,"template":"","format":"standard","meta":{"_monsterinsights_skip_tracking":false,"_monsterinsights_sitenote_active":false,"_monsterinsights_sitenote_note":"","_monsterinsights_sitenote_category":0,"footnotes":""},"categories":[104,49],"tags":[],"class_list":["post-315633","post","type-post","status-publish","format-standard","has-post-thumbnail","hentry","category-evidenza_3","category-news-18","category-104","category-49","description-off"],"img_url":"https:\/\/www.radiopiu.net\/wordpress\/wp-content\/uploads\/2019\/02\/558x312xcasello-autostrada-A27-dolomiti.jpg.pagespeed.ic_.AUYLIYSelj.jpg","_links":{"self":[{"href":"https:\/\/www.radiopiu.net\/wordpress\/wp-json\/wp\/v2\/posts\/315633","targetHints":{"allow":["GET"]}}],"collection":[{"href":"https:\/\/www.radiopiu.net\/wordpress\/wp-json\/wp\/v2\/posts"}],"about":[{"href":"https:\/\/www.radiopiu.net\/wordpress\/wp-json\/wp\/v2\/types\/post"}],"author":[{"embeddable":true,"href":"https:\/\/www.radiopiu.net\/wordpress\/wp-json\/wp\/v2\/users\/4"}],"replies":[{"embeddable":true,"href":"https:\/\/www.radiopiu.net\/wordpress\/wp-json\/wp\/v2\/comments?post=315633"}],"version-history":[{"count":0,"href":"https:\/\/www.radiopiu.net\/wordpress\/wp-json\/wp\/v2\/posts\/315633\/revisions"}],"wp:featuredmedia":[{"embeddable":true,"href":"https:\/\/www.radiopiu.net\/wordpress\/wp-json\/wp\/v2\/media\/75528"}],"wp:attachment":[{"href":"https:\/\/www.radiopiu.net\/wordpress\/wp-json\/wp\/v2\/media?parent=315633"}],"wp:term":[{"taxonomy":"category","embeddable":true,"href":"https:\/\/www.radiopiu.net\/wordpress\/wp-json\/wp\/v2\/categories?post=315633"},{"taxonomy":"post_tag","embeddable":true,"href":"https:\/\/www.radiopiu.net\/wordpress\/wp-json\/wp\/v2\/tags?post=315633"}],"curies":[{"name":"wp","href":"https:\/\/api.w.org\/{rel}","templated":true}]}}