{"id":315756,"date":"2023-01-09T05:31:00","date_gmt":"2023-01-09T04:31:00","guid":{"rendered":"https:\/\/www.radiopiu.net\/wordpress\/?p=315756"},"modified":"2023-01-09T06:25:22","modified_gmt":"2023-01-09T05:25:22","slug":"tragedia-a-trieste-muore-durante-una-gara","status":"publish","type":"post","link":"https:\/\/www.radiopiu.net\/wordpress\/tragedia-a-trieste-muore-durante-una-gara\/","title":{"rendered":"TRAGEDIA A TRIESTE, MUORE DURANTE UNA GARA \u00a0"},"content":{"rendered":"<blockquote>\n<h3><a class=\"dt-pswp-item\" href=\"https:\/\/www.radiopiu.net\/wordpress\/wp-content\/uploads\/2023\/01\/Senza-nome-17.jpg\" data-dt-img-description=\"\" data-large_image_width=\"285\" data-large_image_height=\"238\"><img loading=\"lazy\" decoding=\"async\" class=\"wp-image-315755 alignleft\" src=\"https:\/\/www.radiopiu.net\/wordpress\/wp-content\/uploads\/2023\/01\/Senza-nome-17.jpg\" alt=\"\" width=\"150\" height=\"125\" \/><\/a><\/h3>\n<\/blockquote>\n<p><strong>TRIESTE<\/strong> Manlio Millo, 56 anni di Belluno \u00e8 stramazzato al suolo a pochi metri dal traguardo della &#8220;corsa della bora&#8221;, competizione triestina. Inutili gli immediati soccorsi, l&#8217;uomo \u00e8 morto colto da infarto sotto agli aocchi della moglie Francesca, stavano camminando assieme e aveva quasi ultimato la mezza maratona da 21 chilometri. Originario di Belluno da anni svolgeva la professione di consulente farmaceutico a Mestre.\u00a0 La tragedia a Sistiana, nei pressi di Portopiccolo. Il personale in servizio per la gara ha tentato di rianimare il cinquantaseienne in ogni modo, utilizzando pi\u00f9 volte il defibrillatore. Ma purtroppo Millo non si \u00e8 mai ripreso. L&#8217;uomo \u00e8 stato trasportato all&#8217;ospedale di Udine, ritenuto raggiungibile pi\u00f9 rapidamente. Manlio lascia la moglie e il figlio Davide,\u00a0 il padre \u00e8 morto da tempo, era il professor Omero Millo, che ha insegnato sia alle elementari che alle medie che al liceo classico ed \u00e8 stato anche direttore del Centro di Orientamento scolastico.<\/p>\n<p>&nbsp;<\/p>\n<hr \/>\n<p>&nbsp;<\/p>\n","protected":false},"excerpt":{"rendered":"<p>TRIESTE Manlio Millo, 56 anni di Belluno \u00e8 stramazzato al suolo a pochi metri dal traguardo della &#8220;corsa della bora&#8221;, competizione triestina. Inutili gli immediati soccorsi, l&#8217;uomo \u00e8 morto colto da infarto sotto agli aocchi della moglie Francesca, stavano camminando assieme e aveva quasi ultimato la mezza maratona da 21 chilometri. Originario di Belluno da&hellip;<\/p>\n","protected":false},"author":4,"featured_media":315755,"comment_status":"closed","ping_status":"closed","sticky":false,"template":"","format":"standard","meta":{"_monsterinsights_skip_tracking":false,"_monsterinsights_sitenote_active":false,"_monsterinsights_sitenote_note":"","_monsterinsights_sitenote_category":0,"footnotes":""},"categories":[51,49],"tags":[],"class_list":["post-315756","post","type-post","status-publish","format-standard","has-post-thumbnail","hentry","category-evidenza-top","category-news-18","category-51","category-49","description-off"],"img_url":"https:\/\/www.radiopiu.net\/wordpress\/wp-content\/uploads\/2023\/01\/Senza-nome-17.jpg","_links":{"self":[{"href":"https:\/\/www.radiopiu.net\/wordpress\/wp-json\/wp\/v2\/posts\/315756","targetHints":{"allow":["GET"]}}],"collection":[{"href":"https:\/\/www.radiopiu.net\/wordpress\/wp-json\/wp\/v2\/posts"}],"about":[{"href":"https:\/\/www.radiopiu.net\/wordpress\/wp-json\/wp\/v2\/types\/post"}],"author":[{"embeddable":true,"href":"https:\/\/www.radiopiu.net\/wordpress\/wp-json\/wp\/v2\/users\/4"}],"replies":[{"embeddable":true,"href":"https:\/\/www.radiopiu.net\/wordpress\/wp-json\/wp\/v2\/comments?post=315756"}],"version-history":[{"count":0,"href":"https:\/\/www.radiopiu.net\/wordpress\/wp-json\/wp\/v2\/posts\/315756\/revisions"}],"wp:featuredmedia":[{"embeddable":true,"href":"https:\/\/www.radiopiu.net\/wordpress\/wp-json\/wp\/v2\/media\/315755"}],"wp:attachment":[{"href":"https:\/\/www.radiopiu.net\/wordpress\/wp-json\/wp\/v2\/media?parent=315756"}],"wp:term":[{"taxonomy":"category","embeddable":true,"href":"https:\/\/www.radiopiu.net\/wordpress\/wp-json\/wp\/v2\/categories?post=315756"},{"taxonomy":"post_tag","embeddable":true,"href":"https:\/\/www.radiopiu.net\/wordpress\/wp-json\/wp\/v2\/tags?post=315756"}],"curies":[{"name":"wp","href":"https:\/\/api.w.org\/{rel}","templated":true}]}}