{"id":315768,"date":"2023-01-09T06:20:00","date_gmt":"2023-01-09T05:20:00","guid":{"rendered":"https:\/\/www.radiopiu.net\/wordpress\/?p=315768"},"modified":"2023-01-09T06:20:00","modified_gmt":"2023-01-09T05:20:00","slug":"lappello-aiutatemi-a-trovare-i-miei-fratelli","status":"publish","type":"post","link":"https:\/\/www.radiopiu.net\/wordpress\/lappello-aiutatemi-a-trovare-i-miei-fratelli\/","title":{"rendered":"L&#8217;APPELLO &#8220;AIUTATEMI A TROVARE I MIEI FRATELLI&#8221;"},"content":{"rendered":"<p><strong>REDAZIONE<\/strong> Sulla pagina facebook\u00a0 \u00e8 comparso l&#8217;appello. Una donna, di una famiglia di sette fratelli tutti adottati \u00e8 alla ricerca dei fratelli per conoscerli. Anna Gustetti, 59 anni, nata al Lido di Venezia ha lanciato il suo appello sulla pagina Facebook &#8220;Ti cerco, appelli di persone che cercano le loro origini e i propri cari&#8221;: una storia commovente, gi\u00e0 condivisa da centinaia di persone. Anna \u00e8 stata adottata quando aveva 11 anni e ricorda i nomi e le et\u00e0 di tutti i suoi fratelli: Ernesto, il maggiore, oggi ha 60 anni e nel 1973 trov\u00f2 una nuova famiglia a Sedico (Belluno); quello stesso anno Alessandro, che oggi ha 54 anni, si trasfer\u00ec a Roma, mentre Giovanni, 50 anni, trov\u00f2 dei nuovi genitori a Treviso. Nel 1976 cambi\u00f2 il destino dei tre gemelli nati nel 1975: sono Emanuele, Daniele e Oriana, i primi due furono accolti nel Padovano a Rubano, mentre la piccola ebbe il calore di una casa a Caorle, nel Veneziano.<\/p>\n<p><a class=\"dt-pswp-item\" href=\"https:\/\/www.radiopiu.net\/wordpress\/wp-content\/uploads\/2023\/01\/323887939_1653888601774176_8295237538850810197_n.jpg\" data-dt-img-description=\"\" data-large_image_width=\"526\" data-large_image_height=\"685\"><img loading=\"lazy\" decoding=\"async\" class=\"alignnone wp-image-315769 size-full\" src=\"https:\/\/www.radiopiu.net\/wordpress\/wp-content\/uploads\/2023\/01\/323887939_1653888601774176_8295237538850810197_n.jpg\" alt=\"\" width=\"526\" height=\"685\" srcset=\"https:\/\/www.radiopiu.net\/wordpress\/wp-content\/uploads\/2023\/01\/323887939_1653888601774176_8295237538850810197_n.jpg 526w, https:\/\/www.radiopiu.net\/wordpress\/wp-content\/uploads\/2023\/01\/323887939_1653888601774176_8295237538850810197_n-230x300.jpg 230w\" sizes=\"auto, (max-width: 526px) 100vw, 526px\" \/><\/a><\/p>\n<p>&nbsp;<\/p>\n<p>___<\/p>\n","protected":false},"excerpt":{"rendered":"<p>REDAZIONE Sulla pagina facebook\u00a0 \u00e8 comparso l&#8217;appello. Una donna, di una famiglia di sette fratelli tutti adottati \u00e8 alla ricerca dei fratelli per conoscerli. Anna Gustetti, 59 anni, nata al Lido di Venezia ha lanciato il suo appello sulla pagina Facebook &#8220;Ti cerco, appelli di persone che cercano le loro origini e i propri cari&#8221;:&hellip;<\/p>\n","protected":false},"author":4,"featured_media":315769,"comment_status":"closed","ping_status":"closed","sticky":false,"template":"","format":"standard","meta":{"_monsterinsights_skip_tracking":false,"_monsterinsights_sitenote_active":false,"_monsterinsights_sitenote_note":"","_monsterinsights_sitenote_category":0,"footnotes":""},"categories":[49],"tags":[],"class_list":["post-315768","post","type-post","status-publish","format-standard","has-post-thumbnail","hentry","category-news-18","category-49","description-off"],"img_url":"https:\/\/www.radiopiu.net\/wordpress\/wp-content\/uploads\/2023\/01\/323887939_1653888601774176_8295237538850810197_n.jpg","_links":{"self":[{"href":"https:\/\/www.radiopiu.net\/wordpress\/wp-json\/wp\/v2\/posts\/315768","targetHints":{"allow":["GET"]}}],"collection":[{"href":"https:\/\/www.radiopiu.net\/wordpress\/wp-json\/wp\/v2\/posts"}],"about":[{"href":"https:\/\/www.radiopiu.net\/wordpress\/wp-json\/wp\/v2\/types\/post"}],"author":[{"embeddable":true,"href":"https:\/\/www.radiopiu.net\/wordpress\/wp-json\/wp\/v2\/users\/4"}],"replies":[{"embeddable":true,"href":"https:\/\/www.radiopiu.net\/wordpress\/wp-json\/wp\/v2\/comments?post=315768"}],"version-history":[{"count":0,"href":"https:\/\/www.radiopiu.net\/wordpress\/wp-json\/wp\/v2\/posts\/315768\/revisions"}],"wp:featuredmedia":[{"embeddable":true,"href":"https:\/\/www.radiopiu.net\/wordpress\/wp-json\/wp\/v2\/media\/315769"}],"wp:attachment":[{"href":"https:\/\/www.radiopiu.net\/wordpress\/wp-json\/wp\/v2\/media?parent=315768"}],"wp:term":[{"taxonomy":"category","embeddable":true,"href":"https:\/\/www.radiopiu.net\/wordpress\/wp-json\/wp\/v2\/categories?post=315768"},{"taxonomy":"post_tag","embeddable":true,"href":"https:\/\/www.radiopiu.net\/wordpress\/wp-json\/wp\/v2\/tags?post=315768"}],"curies":[{"name":"wp","href":"https:\/\/api.w.org\/{rel}","templated":true}]}}