{"id":315887,"date":"2023-01-09T23:59:05","date_gmt":"2023-01-09T22:59:05","guid":{"rendered":"https:\/\/www.radiopiu.net\/wordpress\/?p=315887"},"modified":"2023-01-10T12:46:16","modified_gmt":"2023-01-10T11:46:16","slug":"allora-noi-andiamo-avanti-renzo-sereni-e-agguerriti-sani-e-grazie-i-funerali-di-renzo-gavaz","status":"publish","type":"post","link":"https:\/\/www.radiopiu.net\/wordpress\/allora-noi-andiamo-avanti-renzo-sereni-e-agguerriti-sani-e-grazie-i-funerali-di-renzo-gavaz\/","title":{"rendered":"ALLORA NOI ANDIAMO AVANTI RENZO, SERENI E AGGUERRITI&#8230;SANI E GRAZIE. I FUNERALI DI RENZO GAVAZ"},"content":{"rendered":"<h3 class=\"kvgmc6g5 cxmmr5t8 oygrvhab hcukyx3x c1et5uql\"><span style=\"color: #0000ff;\"><strong>RADIO PIU INFORMAZIONE il canale su TELEGRAM informazione di prima\u00a0 <\/strong><strong>mano e in tempo reale. iscriviti ed aiutaci a farlo conoscere\u00a0 <\/strong><\/span><\/h3>\n<p><strong>L&#8217;ULTIMO SALUTO A RENZO.<\/strong><\/p>\n<p>di Mirko Mezzacasa<\/p>\n<p><a class=\"dt-pswp-item\" href=\"https:\/\/www.radiopiu.net\/wordpress\/wp-content\/uploads\/2023\/01\/888024e7-eb4b-48d8-99b7-8eec40f92ba0-e1673260900399.jpg\" data-dt-img-description=\"\" data-large_image_width=\"1600\" data-large_image_height=\"900\"><img loading=\"lazy\" decoding=\"async\" class=\"size-medium wp-image-315837 alignleft\" src=\"https:\/\/www.radiopiu.net\/wordpress\/wp-content\/uploads\/2023\/01\/888024e7-eb4b-48d8-99b7-8eec40f92ba0-e1673260900399-300x169.jpg\" alt=\"\" width=\"300\" height=\"169\" srcset=\"https:\/\/www.radiopiu.net\/wordpress\/wp-content\/uploads\/2023\/01\/888024e7-eb4b-48d8-99b7-8eec40f92ba0-e1673260900399-300x169.jpg 300w, https:\/\/www.radiopiu.net\/wordpress\/wp-content\/uploads\/2023\/01\/888024e7-eb4b-48d8-99b7-8eec40f92ba0-e1673260900399-1024x576.jpg 1024w, https:\/\/www.radiopiu.net\/wordpress\/wp-content\/uploads\/2023\/01\/888024e7-eb4b-48d8-99b7-8eec40f92ba0-e1673260900399-768x432.jpg 768w, https:\/\/www.radiopiu.net\/wordpress\/wp-content\/uploads\/2023\/01\/888024e7-eb4b-48d8-99b7-8eec40f92ba0-e1673260900399-1536x864.jpg 1536w, https:\/\/www.radiopiu.net\/wordpress\/wp-content\/uploads\/2023\/01\/888024e7-eb4b-48d8-99b7-8eec40f92ba0-e1673260900399.jpg 1600w\" sizes=\"auto, (max-width: 300px) 100vw, 300px\" \/><\/a>Ciao Renzo, quindi te ne vai e con te un grande uomo, che ha costituito un esempio per la nostra vallata, dopo una vita. La vita da Renso. La nostra presenza- hai visto quanti? &#8211; \u00e8 solo l&#8217;ultima delle attestazioni di stima di questi tristi giorni, perch\u00e9 Renzo ci hai lasciato alla vigilia dell&#8217;Epifania, nella serata della befana. Se il &#8220;capo&#8221;, per noi della RADIOPIU rimane il &#8220;capo&#8221;, oggi fosse seduto qui, assieme ai suoi storici amici ci costruirebbe subito la battuta, tra befane, bambine e gallinelle. Quelle due, tre, quattro parole espresse con sguardo profondo che non dimentichi pi\u00f9, e ogni volta ti strappano un sorriso. Allora noi andiamo avanti Renzo&#8230; &#8220;sereni e agguerriti&#8221;.<br \/>\nHai lasciato il segno nel tessuto imprenditoriale della Conca Agordina dopo gli studi nella tua universit\u00e0, dalla malga Pramper e pramperet al futuristico impianto a Le Ronche. Da &#8220;caorer&#8221; a imprenditore di Confindustria con una visione non comune, da materia di studio per i laureati di oggi. Durante la crescita, nel picco del successo, non hai mai n\u00e8 abbandonato n\u00e8 cancellato le tue origini. Per questo hai continuato ad impegnarti nella vita politico-sociale-amministrativa. I tuoi trascorsi sono noti, in questi giorni ha saputo ben delinearli Gianni Santomaso con una biografia che ti si adatta tra anedoti e ricordi di tanti compagni di viaggio. Ti ricorderemo Renzo, nel tempo, <a class=\"dt-pswp-item\" href=\"https:\/\/www.radiopiu.net\/wordpress\/wp-content\/uploads\/2023\/01\/RENZO-GAVAZ-RADIOP-PIU-1-1.jpg\" data-dt-img-description=\"\" data-large_image_width=\"1261\" data-large_image_height=\"894\"><img loading=\"lazy\" decoding=\"async\" class=\"size-medium wp-image-315674 alignright\" src=\"https:\/\/www.radiopiu.net\/wordpress\/wp-content\/uploads\/2023\/01\/RENZO-GAVAZ-RADIOP-PIU-1-1-300x213.jpg\" alt=\"\" width=\"300\" height=\"213\" srcset=\"https:\/\/www.radiopiu.net\/wordpress\/wp-content\/uploads\/2023\/01\/RENZO-GAVAZ-RADIOP-PIU-1-1-300x213.jpg 300w, https:\/\/www.radiopiu.net\/wordpress\/wp-content\/uploads\/2023\/01\/RENZO-GAVAZ-RADIOP-PIU-1-1-1024x726.jpg 1024w, https:\/\/www.radiopiu.net\/wordpress\/wp-content\/uploads\/2023\/01\/RENZO-GAVAZ-RADIOP-PIU-1-1-768x544.jpg 768w, https:\/\/www.radiopiu.net\/wordpress\/wp-content\/uploads\/2023\/01\/RENZO-GAVAZ-RADIOP-PIU-1-1.jpg 1261w\" sizes=\"auto, (max-width: 300px) 100vw, 300px\" \/><\/a>anche accanto all&#8217;amico e senatore socialista Armando Tama Da Roit e ad altri importanti sindaci che come te hanno saputo metterci del loro per la crescita socio-economico del nostro territorio. Riassume il concetto Corrado Cattadori &#8220;Persona empatica con un carattere forte ma contrassegnato da quella concretezza &#8211; scrive Chicco &#8211; che Ti ha portato ad essere un Sindaco amato&#8221;. In chiesa ci sono tanti rappresentanti di altrettante associazioni. Molte nel tempo hanno teso una mano, e non l&#8217;hanno mai ritirata vuota. A molti altri sodalizi non \u00e8 servito tendere le mano perche&#8217; tu, Renzo, ti innamoravi e &#8220;sposavi&#8221; le iniziative della comunit\u00e0, dalla Scalmanada di Rif del 1977, alla fondazione, della Radio Pi\u00f9 nel 1983. &#8220;Mi ho mes i schei&#8221;, dicevi Renzo ridendo e poi aggiungevi: &#8220;E el Pippo, Udilio Cadorin l&#8217;ha mes la testa&#8221;. E poi tanto altro. Coro Agordo Compreso. Come dice Loris Santomaso &#8220;Quest&#8217;anno, il 10 aprile, festa di S.Vincenzo, festeggerai nella gioiosa &#8220;cantina&#8221; del cielo il tuo 74 esimo compleanno, assieme al tuo grande amico Salvatore che, sono certo ti aspetta a braccia aperte intonando un canto del Coro Agordo, voglio immaginare il Signore delle Cime&#8221;.\u00a0 Faccio mio il vostro pensiero con un Grazie, per quello che Renzo ci ha dato e lasciato. Un grazie infinito dai tuoi collaboratori\/collaboratrici, che hanno lavorato al tuo fianco per piu&#8217; di 45 anni da Rif a Valcozzena, fino alla storica sede sotto alle tue tanto amate montagne. Grazie Renzo, che l&#8217;eternit\u00e0 ti renda partecipe della serenit\u00e0 che meriti. Da parte della famiglia, dai figli Stefano con Anna, Miriam con Umberto, dai nipoti Vanessa, Elisa, Simone, Francesco e Luca, dal fratello Beniamino con Ancilla, Paola e Bruna un grazie per la vostra vicinanza e partecipazione. Grazie al dottor Paolo Fadig\u00e0 e a tutto il reparto di medicina dell&#8217;ospedale di AGORDO. Vorrei infine tornare al saluto dell&#8217;amico e fedele compagno di tante avventure Corrado Chicco Cattadori. &#8220;Mancherai a tutti noi, portero&#8217; con me quel modo di essere che si concretizza bene nello slogan a te molto caro &#8220;gestire l&#8217;oggi pensando al domani&#8221; che diventer\u00e0 il motto della tua lista &#8220;gestire il presente immaginando il futuro&#8221;. la via da percorrere per il bene comune.<\/p>\n<p><em><strong>a rivederci caro Renso.<\/strong><\/em><\/p>\n<p>&nbsp;<\/p>\n<p><strong>LA DIRETTA DEI FUNERALI SUI CANALI FACEBOOK DI RADIO PIU<\/strong><\/p>\n<p>https:\/\/www.facebook.com\/marco.baghy.1\/videos\/1309472166509920<\/p>\n<p>&nbsp;<\/p>\n\n\t\t\t<style type='text\/css'>\n\t\t\t\t#gallery-1 {\n\t\t\t\t\tmargin: auto;\n\t\t\t\t}\n\t\t\t\t#gallery-1 .gallery-item {\n\t\t\t\t\tfloat: left;\n\t\t\t\t\tmargin-top: 10px;\n\t\t\t\t\ttext-align: center;\n\t\t\t\t\twidth: 33%;\n\t\t\t\t}\n\t\t\t\t#gallery-1 img {\n\t\t\t\t\tborder: 2px solid #cfcfcf;\n\t\t\t\t}\n\t\t\t\t#gallery-1 .gallery-caption {\n\t\t\t\t\tmargin-left: 0;\n\t\t\t\t}\n\t\t\t\t\/* see gallery_shortcode() in wp-includes\/media.php *\/\n\t\t\t<\/style>\n\t\t<div id='gallery-1' class='dt-gallery-container gallery galleryid-315887 gallery-columns-3 gallery-size-thumbnail'><dl class='gallery-item'>\n\t\t\t\t<dt class='gallery-icon landscape'>\n\t\t\t\t\t<a class=\"rollover rollover-zoom dt-pswp-item\" title=\"Senza nome\" data-dt-img-description=\"\" data-large_image_width=\"433\" data-large_image_height=\"290\"href='https:\/\/www.radiopiu.net\/wordpress\/wp-content\/uploads\/2023\/01\/Senza-nome-23.jpg'><img loading=\"lazy\" decoding=\"async\" width=\"150\" height=\"150\" src=\"https:\/\/www.radiopiu.net\/wordpress\/wp-content\/uploads\/2023\/01\/Senza-nome-23-150x150.jpg\" class=\"attachment-thumbnail size-thumbnail\" alt=\"\" \/><\/a>\n\t\t\t\t<\/dt><\/dl><dl class='gallery-item'>\n\t\t\t\t<dt class='gallery-icon portrait'>\n\t\t\t\t\t<a class=\"rollover rollover-zoom dt-pswp-item\" title=\"Senza nome\" data-dt-img-description=\"\" data-large_image_width=\"235\" data-large_image_height=\"238\"href='https:\/\/www.radiopiu.net\/wordpress\/wp-content\/uploads\/2023\/01\/Senza-nome-24.jpg'><img loading=\"lazy\" decoding=\"async\" width=\"150\" height=\"150\" src=\"https:\/\/www.radiopiu.net\/wordpress\/wp-content\/uploads\/2023\/01\/Senza-nome-24-150x150.jpg\" class=\"attachment-thumbnail size-thumbnail\" alt=\"\" \/><\/a>\n\t\t\t\t<\/dt><\/dl><dl class='gallery-item'>\n\t\t\t\t<dt class='gallery-icon portrait'>\n\t\t\t\t\t<a class=\"rollover rollover-zoom dt-pswp-item\" title=\"Senza nome\" data-dt-img-description=\"\" data-large_image_width=\"234\" data-large_image_height=\"236\"href='https:\/\/www.radiopiu.net\/wordpress\/wp-content\/uploads\/2023\/01\/Senza-nome-25.jpg'><img loading=\"lazy\" decoding=\"async\" width=\"150\" height=\"150\" src=\"https:\/\/www.radiopiu.net\/wordpress\/wp-content\/uploads\/2023\/01\/Senza-nome-25-150x150.jpg\" class=\"attachment-thumbnail size-thumbnail\" alt=\"\" srcset=\"https:\/\/www.radiopiu.net\/wordpress\/wp-content\/uploads\/2023\/01\/Senza-nome-25-150x150.jpg 150w, https:\/\/www.radiopiu.net\/wordpress\/wp-content\/uploads\/2023\/01\/Senza-nome-25.jpg 234w\" sizes=\"auto, (max-width: 150px) 100vw, 150px\" \/><\/a>\n\t\t\t\t<\/dt><\/dl><br style=\"clear: both\" \/>\n\t\t\t<\/div>\n\n<p>&nbsp;<\/p>\n<blockquote>\n<h3>DALLA SEZIONE AGORDINA DEL CLUB ALPINO ITALIANO<\/h3>\n<p><strong>\u00a0<\/strong><strong style=\"font-size: 14px;\">CIAO RENZO&#8230;<\/strong><\/p><\/blockquote>\n<p><span style=\"color: #000000; font-family: tahoma, verdana, segoe, sans-serif;\"><strong>La comunit\u00e0 di Agordo ha dato l&#8217;ultimo saluto a RENZO GAVAZ.\u00a0 Anche la Sezione Agordina del C.A.I. ha partecipato al lutto per sua la perdita perch\u00e9 Renzo era un suo Socio che aveva anche ricoperto importanti incarichi all&#8217;interno del Consiglio Direttivo: nei primi anni 2000, sotto la presidenza Fontanive, egli fu Vice Presidente, responsabile delle opere alpine e ispettore del Rifugio B. Carestiato; tali incarichi li ricopr\u00ec per breve tempo in quanto divenne Sindaco di Agordo e giocoforza dovette concentrare tempo ed energie per tale prestigiosa carica, rimanendo comunque\u00a0 vicino ai bisogni della Sezione. Il\u00a0Predidente ed il Consiglio Direttivo\u00a0esprimono la loro vicinanza e progono le pi\u00f9 Sentite Condoglianze ai famigliari.<\/strong><\/span><\/p>\n<p>&nbsp;<\/p>\n<p>&nbsp;<\/p>\n<p><strong><a class=\"dt-pswp-item\" href=\"https:\/\/www.radiopiu.net\/wordpress\/wp-content\/uploads\/2023\/01\/Schermata-2023-01-09-alle-18.44.07.png\" data-dt-img-description=\"\" data-large_image_width=\"1300\" data-large_image_height=\"912\"><img loading=\"lazy\" decoding=\"async\" class=\" wp-image-315890 alignleft\" src=\"https:\/\/www.radiopiu.net\/wordpress\/wp-content\/uploads\/2023\/01\/Schermata-2023-01-09-alle-18.44.07-300x210.png\" alt=\"\" width=\"216\" height=\"151\" srcset=\"https:\/\/www.radiopiu.net\/wordpress\/wp-content\/uploads\/2023\/01\/Schermata-2023-01-09-alle-18.44.07-300x210.png 300w, https:\/\/www.radiopiu.net\/wordpress\/wp-content\/uploads\/2023\/01\/Schermata-2023-01-09-alle-18.44.07-1024x718.png 1024w, https:\/\/www.radiopiu.net\/wordpress\/wp-content\/uploads\/2023\/01\/Schermata-2023-01-09-alle-18.44.07-768x539.png 768w, https:\/\/www.radiopiu.net\/wordpress\/wp-content\/uploads\/2023\/01\/Schermata-2023-01-09-alle-18.44.07.png 1300w\" sizes=\"auto, (max-width: 216px) 100vw, 216px\" \/><\/a>AGORDO<\/strong><\/p>\n<p>di Gianni Santomaso<\/p>\n<audio class=\"wp-audio-shortcode\" id=\"audio-315887-1\" preload=\"none\" style=\"width: 100%;\" controls=\"controls\"><source type=\"audio\/mpeg\" src=\"https:\/\/www.radiopiu.net\/wordpress\/wp-content\/uploads\/2023\/01\/GIANNI-FUNERALI-RENZO-GAVAZ.mp3?_=1\" \/><a href=\"https:\/\/www.radiopiu.net\/wordpress\/wp-content\/uploads\/2023\/01\/GIANNI-FUNERALI-RENZO-GAVAZ.mp3\">https:\/\/www.radiopiu.net\/wordpress\/wp-content\/uploads\/2023\/01\/GIANNI-FUNERALI-RENZO-GAVAZ.mp3<\/a><\/audio>\n<h3 class=\"kvgmc6g5 cxmmr5t8 oygrvhab hcukyx3x c1et5uql\"><span style=\"color: #0000ff;\"><strong>\u00a0<\/strong><\/span><\/h3>\n<p>&nbsp;<\/p>\n<p>&nbsp;<\/p>\n<h2><span style=\"color: #ff0000;\">ISCRIVITI AL NOSTRO CANALE YOUTUBE PER SEGUIRE IN DIRETTA I PRINCIPALI PROGRAMMI DI RADIO PIU&#8217; E LE FUTURE DIRETTE IN ESTERNA. PER ISCRIVERTI <a style=\"color: #ff0000;\" href=\"https:\/\/youtube.com\/@radiopiu1527\">CLICCA QUI<\/a> E PREMI IL TASTO &#8220;Iscriviti&#8221;\u00a0\u00a0<\/span><\/h2>\n<p>&nbsp;<\/p>\n<p>******<\/p>\n","protected":false},"excerpt":{"rendered":"<p>RADIO PIU INFORMAZIONE il canale su TELEGRAM informazione di prima\u00a0 mano e in tempo reale. iscriviti ed aiutaci a farlo conoscere\u00a0 L&#8217;ULTIMO SALUTO A RENZO. di Mirko Mezzacasa Ciao Renzo, quindi te ne vai e con te un grande uomo, che ha costituito un esempio per la nostra vallata, dopo una vita. La vita da&hellip;<\/p>\n","protected":false},"author":4,"featured_media":315890,"comment_status":"closed","ping_status":"closed","sticky":false,"template":"","format":"standard","meta":{"_monsterinsights_skip_tracking":false,"_monsterinsights_sitenote_active":false,"_monsterinsights_sitenote_note":"","_monsterinsights_sitenote_category":0,"footnotes":""},"categories":[51,49],"tags":[],"class_list":["post-315887","post","type-post","status-publish","format-standard","has-post-thumbnail","hentry","category-evidenza-top","category-news-18","category-51","category-49","description-off"],"img_url":"https:\/\/www.radiopiu.net\/wordpress\/wp-content\/uploads\/2023\/01\/Schermata-2023-01-09-alle-18.44.07.png","_links":{"self":[{"href":"https:\/\/www.radiopiu.net\/wordpress\/wp-json\/wp\/v2\/posts\/315887","targetHints":{"allow":["GET"]}}],"collection":[{"href":"https:\/\/www.radiopiu.net\/wordpress\/wp-json\/wp\/v2\/posts"}],"about":[{"href":"https:\/\/www.radiopiu.net\/wordpress\/wp-json\/wp\/v2\/types\/post"}],"author":[{"embeddable":true,"href":"https:\/\/www.radiopiu.net\/wordpress\/wp-json\/wp\/v2\/users\/4"}],"replies":[{"embeddable":true,"href":"https:\/\/www.radiopiu.net\/wordpress\/wp-json\/wp\/v2\/comments?post=315887"}],"version-history":[{"count":0,"href":"https:\/\/www.radiopiu.net\/wordpress\/wp-json\/wp\/v2\/posts\/315887\/revisions"}],"wp:featuredmedia":[{"embeddable":true,"href":"https:\/\/www.radiopiu.net\/wordpress\/wp-json\/wp\/v2\/media\/315890"}],"wp:attachment":[{"href":"https:\/\/www.radiopiu.net\/wordpress\/wp-json\/wp\/v2\/media?parent=315887"}],"wp:term":[{"taxonomy":"category","embeddable":true,"href":"https:\/\/www.radiopiu.net\/wordpress\/wp-json\/wp\/v2\/categories?post=315887"},{"taxonomy":"post_tag","embeddable":true,"href":"https:\/\/www.radiopiu.net\/wordpress\/wp-json\/wp\/v2\/tags?post=315887"}],"curies":[{"name":"wp","href":"https:\/\/api.w.org\/{rel}","templated":true}]}}