{"id":315931,"date":"2023-01-11T05:55:51","date_gmt":"2023-01-11T04:55:51","guid":{"rendered":"https:\/\/www.radiopiu.net\/wordpress\/?p=315931"},"modified":"2023-01-11T10:20:12","modified_gmt":"2023-01-11T09:20:12","slug":"giornale-radiopiu-11-gennaio-2023-direttore-mirko-mezzacasa-verso-i-40-anni-25-giugno-1983-25-giugno-2023","status":"publish","type":"post","link":"https:\/\/www.radiopiu.net\/wordpress\/giornale-radiopiu-11-gennaio-2023-direttore-mirko-mezzacasa-verso-i-40-anni-25-giugno-1983-25-giugno-2023\/","title":{"rendered":"GIORNALE RADIOPIU 11 GENNAIO 2023 DIRETTORE MIRKO MEZZACASA&#8230;verso i 40 anni 25 giugno 1983-25 giugno 2023"},"content":{"rendered":"<h3 class=\"kvgmc6g5 cxmmr5t8 oygrvhab hcukyx3x c1et5uql\"><span style=\"color: #0000ff;\"><strong>RADIO PIU INFORMAZIONE il canale su TELEGRAM informazione di prima\u00a0 <\/strong><strong>mano e in tempo reale. iscriviti ed aiutaci a farlo conoscere\u00a0\u00a0<\/strong><\/span><\/h3>\n<p><strong><span style=\"color: #ff0000;\">SERVIZI E DISSERVIZI NEL TRASPORTO PUBBLICO LOCALE<\/span><\/strong><\/p>\n<blockquote>\n<h3>DILLO A RADIO PIU<\/h3>\n<\/blockquote>\n<p><strong><a class=\"dt-pswp-item\" href=\"https:\/\/www.radiopiu.net\/wordpress\/wp-content\/uploads\/2021\/10\/9d1e264f-0772-472e-94d9-473a8e2a9cd1.jpg\" data-dt-img-description=\"\" data-large_image_width=\"1599\" data-large_image_height=\"899\"><img loading=\"lazy\" decoding=\"async\" class=\"wp-image-237484 alignleft\" src=\"https:\/\/www.radiopiu.net\/wordpress\/wp-content\/uploads\/2021\/10\/9d1e264f-0772-472e-94d9-473a8e2a9cd1-300x169.jpg\" alt=\"\" width=\"178\" height=\"100\" srcset=\"https:\/\/www.radiopiu.net\/wordpress\/wp-content\/uploads\/2021\/10\/9d1e264f-0772-472e-94d9-473a8e2a9cd1-300x169.jpg 300w, https:\/\/www.radiopiu.net\/wordpress\/wp-content\/uploads\/2021\/10\/9d1e264f-0772-472e-94d9-473a8e2a9cd1-1024x576.jpg 1024w, https:\/\/www.radiopiu.net\/wordpress\/wp-content\/uploads\/2021\/10\/9d1e264f-0772-472e-94d9-473a8e2a9cd1-768x432.jpg 768w, https:\/\/www.radiopiu.net\/wordpress\/wp-content\/uploads\/2021\/10\/9d1e264f-0772-472e-94d9-473a8e2a9cd1-1536x864.jpg 1536w, https:\/\/www.radiopiu.net\/wordpress\/wp-content\/uploads\/2021\/10\/9d1e264f-0772-472e-94d9-473a8e2a9cd1.jpg 1599w\" sizes=\"auto, (max-width: 178px) 100vw, 178px\" \/><\/a>Grazie Dolomtibus\u00a0<\/strong> Ieri\u00a0 la corsa di Falcade delle 16.30 \u00e8 stata tolta ma per Caprile invece \u00e8 rimasta. Praticamente ho preso la corriera da Agordo fino a Cencenighe e poi sono dovuta scendere e aspettare 45 minuti per la coincidenza per\u00a0 Falcade\u00a0 <em>Giacinta<\/em><\/p>\n<p><strong>Grazie Dolomitibus,<\/strong> per avermi lasciato a piedi per pochi centimetri di neve. Ieri mattina alle fermate\u00a0 di Falcade Alto e Le Frate, la corriera non \u00e8 arrivata. Alla richiesta di spiegazioni la sconcertante risposta Dolomitibus, ovvero che le strade a quell&#8217;ora erano sporche a causa della neve caduta durante la notte. Eppure il Passo San Pellegrino \u00e8 sempre rimasto percorribile come tutti gli altri valichi. Probabilmente ai nuovi autisti della Dolomitibus serve ricordare che siamo in montagna e di norma se necessario si montano le catene, ammesso che qualcuno gli abbia insegnato come fare.<\/p>\n<p>&nbsp;<\/p>\n<p>&nbsp;<\/p>\n<h2><span style=\"color: #ff0000;\">ISCRIVITI AL NOSTRO CANALE YOUTUBE PER SEGUIRE IN DIRETTA I PRINCIPALI PROGRAMMI DI RADIO PIU&#8217; E LE FUTURE DIRETTE IN ESTERNA. PER ISCRIVERTI <a style=\"color: #ff0000;\" href=\"https:\/\/youtube.com\/@radiopiu1527\">CLICCA QUI<\/a> E PREMI IL TASTO &#8220;Iscriviti&#8221;\u00a0 \u00a0<\/span><\/h2>\n<p>&nbsp;<\/p>\n<hr \/>\n<p>&nbsp;<\/p>\n<blockquote>\n<h3>DUE SCOSSE DI TERREMOTO AL CONFINE TRA LA PROVINCIA DI BELLUNO E TREVISO<\/h3>\n<\/blockquote>\n<p><strong>REDAZIONE<\/strong> La terra ieri ha tremato al confine tra la provincia di Belluno e Treviso, pi\u00f9 precisamente a Revine Lago dove alle 17:18 si \u00e8 registrata una scossa di magnitudo 1.5 sulla scala Richter. Terremoto avvenuto ad una profondit\u00e0 di 5,8 km. Pochi minuti pi\u00f9 tardi un&#8217;altro movimento \u00e8 stato registrato, nella stessa zona. Alle 17:24 con magnitudo 1.7 con una profondit\u00e0 di 6.2 km.<\/p>\n\n\t\t\t<style type='text\/css'>\n\t\t\t\t#gallery-1 {\n\t\t\t\t\tmargin: auto;\n\t\t\t\t}\n\t\t\t\t#gallery-1 .gallery-item {\n\t\t\t\t\tfloat: left;\n\t\t\t\t\tmargin-top: 10px;\n\t\t\t\t\ttext-align: center;\n\t\t\t\t\twidth: 50%;\n\t\t\t\t}\n\t\t\t\t#gallery-1 img {\n\t\t\t\t\tborder: 2px solid #cfcfcf;\n\t\t\t\t}\n\t\t\t\t#gallery-1 .gallery-caption {\n\t\t\t\t\tmargin-left: 0;\n\t\t\t\t}\n\t\t\t\t\/* see gallery_shortcode() in wp-includes\/media.php *\/\n\t\t\t<\/style>\n\t\t<div id='gallery-1' class='dt-gallery-container gallery galleryid-315931 gallery-columns-2 gallery-size-medium'><dl class='gallery-item'>\n\t\t\t\t<dt class='gallery-icon portrait'>\n\t\t\t\t\t<a class=\"rollover rollover-zoom dt-pswp-item\" title=\"f216282b-79df-4769-b636-313f75fe1f15\" data-dt-img-description=\"\" data-large_image_width=\"720\" data-large_image_height=\"1280\"href='https:\/\/www.radiopiu.net\/wordpress\/wp-content\/uploads\/2023\/01\/f216282b-79df-4769-b636-313f75fe1f15.jpg'><img loading=\"lazy\" decoding=\"async\" width=\"169\" height=\"300\" src=\"https:\/\/www.radiopiu.net\/wordpress\/wp-content\/uploads\/2023\/01\/f216282b-79df-4769-b636-313f75fe1f15-169x300.jpg\" class=\"attachment-medium size-medium\" alt=\"\" srcset=\"https:\/\/www.radiopiu.net\/wordpress\/wp-content\/uploads\/2023\/01\/f216282b-79df-4769-b636-313f75fe1f15-169x300.jpg 169w, https:\/\/www.radiopiu.net\/wordpress\/wp-content\/uploads\/2023\/01\/f216282b-79df-4769-b636-313f75fe1f15-576x1024.jpg 576w, https:\/\/www.radiopiu.net\/wordpress\/wp-content\/uploads\/2023\/01\/f216282b-79df-4769-b636-313f75fe1f15.jpg 720w\" sizes=\"auto, (max-width: 169px) 100vw, 169px\" \/><\/a>\n\t\t\t\t<\/dt><\/dl><dl class='gallery-item'>\n\t\t\t\t<dt class='gallery-icon portrait'>\n\t\t\t\t\t<a class=\"rollover rollover-zoom dt-pswp-item\" title=\"f7b03f17-0aab-4283-9928-97c8ba40bd9c\" data-dt-img-description=\"\" data-large_image_width=\"473\" data-large_image_height=\"1024\"href='https:\/\/www.radiopiu.net\/wordpress\/wp-content\/uploads\/2023\/01\/f7b03f17-0aab-4283-9928-97c8ba40bd9c.jpg'><img loading=\"lazy\" decoding=\"async\" width=\"139\" height=\"300\" src=\"https:\/\/www.radiopiu.net\/wordpress\/wp-content\/uploads\/2023\/01\/f7b03f17-0aab-4283-9928-97c8ba40bd9c-139x300.jpg\" class=\"attachment-medium size-medium\" alt=\"\" srcset=\"https:\/\/www.radiopiu.net\/wordpress\/wp-content\/uploads\/2023\/01\/f7b03f17-0aab-4283-9928-97c8ba40bd9c-139x300.jpg 139w, https:\/\/www.radiopiu.net\/wordpress\/wp-content\/uploads\/2023\/01\/f7b03f17-0aab-4283-9928-97c8ba40bd9c.jpg 473w\" sizes=\"auto, (max-width: 139px) 100vw, 139px\" \/><\/a>\n\t\t\t\t<\/dt><\/dl><br style=\"clear: both\" \/>\n\t\t\t<\/div>\n\n<p>&nbsp;<\/p>\n<hr \/>\n<p>&nbsp;<\/p>\n<blockquote>\n<h3><a class=\"dt-pswp-item\" href=\"https:\/\/www.radiopiu.net\/wordpress\/wp-content\/uploads\/2023\/01\/Senza-nome-27.jpg\" data-dt-img-description=\"\" data-large_image_width=\"446\" data-large_image_height=\"260\"><img loading=\"lazy\" decoding=\"async\" class=\" wp-image-316114 alignleft\" src=\"https:\/\/www.radiopiu.net\/wordpress\/wp-content\/uploads\/2023\/01\/Senza-nome-27-300x175.jpg\" alt=\"\" width=\"226\" height=\"132\" srcset=\"https:\/\/www.radiopiu.net\/wordpress\/wp-content\/uploads\/2023\/01\/Senza-nome-27-300x175.jpg 300w, https:\/\/www.radiopiu.net\/wordpress\/wp-content\/uploads\/2023\/01\/Senza-nome-27.jpg 446w\" sizes=\"auto, (max-width: 226px) 100vw, 226px\" \/><\/a>IL SINISTRO DI VIALE EUROPA<\/h3>\n<\/blockquote>\n<p><strong>BELLUNO<\/strong> Ha 92 anni, guida ancora l&#8217;auto una Hyunday, fino a ieri di sicuro, ma probabilmente continuer\u00e0 a farlo perch\u00e9 dall&#8217;incidente ne \u00e8 uscita illesa al punto da decidere di andare da sola a farsi medicare al Pronto Soccorso del San Martino lamentando una botta al\u00a0 ginocchio.\u00a0 L&#8217;incidente ieri nel primo pomeriggio in Viale Europa. L&#8217;auto \u00e8 stata centrata da un furgone, per una mancata precedenza. Sul posto i vigili del fuoco di Belluno. (Foto Corriere delle Alpi)<\/p>\n<p>&nbsp;<\/p>\n<hr \/>\n<p>&nbsp;<\/p>\n<blockquote>\n<h3>L&#8217;INVESTIMENTO IN VIA RIZZARDA<\/h3>\n<\/blockquote>\n<p><strong>FELTRE<\/strong>\u00a0 Un 96enne di Feltre (P.D.) in procinto di attraversare la strada in prossimit\u00e0 delle strisce pedonali \u00e8 stato investito ieri attorno alle 16. E&#8217; stato medicato in ospedale, ma non \u00e8 in pericolo di vita. Il sinistro nelle vicinanze della rotatoria delle caserme. L&#8217;uomo \u00e8 stato urtato da un&#8217;auto. Sul posto\u00a0 i carabinieri per gli accertamenti.<\/p>\n<p>&nbsp;<\/p>\n<hr \/>\n<p>&nbsp;<\/p>\n<blockquote>\n<h3>LAVASTOVIGLIE IN FUMO, LA CORSA DEI POMPIERI<\/h3>\n<\/blockquote>\n<p><strong>SEREN DEL GRAPPA<\/strong> Lavastoviglie in fiamme, intervengono i vigili del fuoco del distaccamento di Feltre, incidente domestico senza danni rilevanti\u00a0 ieri attorno all&#8217;ora di pranzo in un&#8217;abitazione nella zona delle Montegge. Un principio di incendio che ha spinto la famiglia a lanciare l&#8217;allarme ai vigili del fuoco, quando sono arrivati il focolaio si era spento autonomamente<\/p>\n<p>&nbsp;<\/p>\n<hr \/>\n<p>&nbsp;<\/p>\n<blockquote>\n<h3>TOPI D&#8217;APPARTAMENTO IN FUGA, ALPAGO IN ALLARME<\/h3>\n<\/blockquote>\n<p><strong><a href=\"https:\/\/www.radiopiu.net\/wordpress\/wp-content\/uploads\/2022\/01\/burglar-4925202__340.webp\"><img loading=\"lazy\" decoding=\"async\" class=\"wp-image-252386 alignleft\" src=\"https:\/\/www.radiopiu.net\/wordpress\/wp-content\/uploads\/2022\/01\/burglar-4925202__340-300x245.webp\" alt=\"\" width=\"164\" height=\"134\" srcset=\"https:\/\/www.radiopiu.net\/wordpress\/wp-content\/uploads\/2022\/01\/burglar-4925202__340-300x245.webp 300w, https:\/\/www.radiopiu.net\/wordpress\/wp-content\/uploads\/2022\/01\/burglar-4925202__340.webp 416w\" sizes=\"auto, (max-width: 164px) 100vw, 164px\" \/><\/a>ALPAGO<\/strong> Una coppia mentre stava guardando la televisione in casa a Sitran, l&#8217;altra notte alle 23 ha sentito rumori strani provenire dal giardino. Infatti una coppia di ladri si stava avvicinando all&#8217;abitazione ma i due maldestri sono riusciti anche ad inciampare in un grosso vaso, rovesciandolo. I proprietari dell&#8217;abitazione si sono affacciati e gli sconosciuti sono scappati. E&#8217; quindi iniziato il\u00a0 tam tam\u00a0 tra gli abitanti della frazione ed \u00e8 partito il controllo di vicinato. I due sarebbero stati visti fuggire su una station wagon scura, segnalata ai carabinieri come gi\u00e0 successo giorni fa\u00a0 a Villanova.<\/p>\n<p>&nbsp;<\/p>\n<p>&nbsp;<\/p>\n<hr \/>\n<blockquote>\n<h3><\/h3>\n<\/blockquote>\n<hr \/>\n<h3><\/h3>\n<hr \/>\n<h3><\/h3>\n<h3>I POMPIERI DI CAPRILE SUL &#8220;PEZZO&#8221;, ANZI SUL PASSO, DUE NOTTI IMPEGNATIVE<\/h3>\n<p><strong>ALLEGHE<\/strong> Negli ultimi due giorni i vigili del fuoco volontari di Caprile e Rocca Pietore sono stati allertati per quattro recuperi di\u00a0 autovettura sulla regionale tra Malga Ciapela e il Passo Fedaia. Hanno collaborato i permanenti di Agordo.<\/p>\n<p>&nbsp;<\/p>\n\n\t\t\t<style type='text\/css'>\n\t\t\t\t#gallery-2 {\n\t\t\t\t\tmargin: auto;\n\t\t\t\t}\n\t\t\t\t#gallery-2 .gallery-item {\n\t\t\t\t\tfloat: left;\n\t\t\t\t\tmargin-top: 10px;\n\t\t\t\t\ttext-align: center;\n\t\t\t\t\twidth: 50%;\n\t\t\t\t}\n\t\t\t\t#gallery-2 img {\n\t\t\t\t\tborder: 2px solid #cfcfcf;\n\t\t\t\t}\n\t\t\t\t#gallery-2 .gallery-caption {\n\t\t\t\t\tmargin-left: 0;\n\t\t\t\t}\n\t\t\t\t\/* see gallery_shortcode() in wp-includes\/media.php *\/\n\t\t\t<\/style>\n\t\t<div id='gallery-2' class='dt-gallery-container gallery galleryid-315931 gallery-columns-2 gallery-size-thumbnail'><dl class='gallery-item'>\n\t\t\t\t<dt class='gallery-icon landscape'>\n\t\t\t\t\t<a class=\"rollover rollover-zoom dt-pswp-item\" title=\"324754723_1239499556910263_6213044601053815495_n\" data-dt-img-description=\"\" data-large_image_width=\"720\" data-large_image_height=\"540\"href='https:\/\/www.radiopiu.net\/wordpress\/wp-content\/uploads\/2023\/01\/324754723_1239499556910263_6213044601053815495_n.jpg'><img loading=\"lazy\" decoding=\"async\" width=\"150\" height=\"150\" src=\"https:\/\/www.radiopiu.net\/wordpress\/wp-content\/uploads\/2023\/01\/324754723_1239499556910263_6213044601053815495_n-150x150.jpg\" class=\"attachment-thumbnail size-thumbnail\" alt=\"\" \/><\/a>\n\t\t\t\t<\/dt><\/dl><dl class='gallery-item'>\n\t\t\t\t<dt class='gallery-icon portrait'>\n\t\t\t\t\t<a class=\"rollover rollover-zoom dt-pswp-item\" title=\"324840365_1104375870259341_6523202703845884033_n\" data-dt-img-description=\"\" data-large_image_width=\"526\" data-large_image_height=\"701\"href='https:\/\/www.radiopiu.net\/wordpress\/wp-content\/uploads\/2023\/01\/324840365_1104375870259341_6523202703845884033_n.jpg'><img loading=\"lazy\" decoding=\"async\" width=\"150\" height=\"150\" src=\"https:\/\/www.radiopiu.net\/wordpress\/wp-content\/uploads\/2023\/01\/324840365_1104375870259341_6523202703845884033_n-150x150.jpg\" class=\"attachment-thumbnail size-thumbnail\" alt=\"\" \/><\/a>\n\t\t\t\t<\/dt><\/dl><br style=\"clear: both\" \/>\n\t\t\t<\/div>\n\n<p><strong><a class=\"dt-pswp-item\" href=\"https:\/\/www.radiopiu.net\/wordpress\/wp-content\/uploads\/2023\/01\/Senza-nome-28.jpg\" data-dt-img-description=\"\" data-large_image_width=\"350\" data-large_image_height=\"174\"><img loading=\"lazy\" decoding=\"async\" class=\"size-medium wp-image-316118 alignleft\" src=\"https:\/\/www.radiopiu.net\/wordpress\/wp-content\/uploads\/2023\/01\/Senza-nome-28-300x149.jpg\" alt=\"\" width=\"300\" height=\"149\" srcset=\"https:\/\/www.radiopiu.net\/wordpress\/wp-content\/uploads\/2023\/01\/Senza-nome-28-300x149.jpg 300w, https:\/\/www.radiopiu.net\/wordpress\/wp-content\/uploads\/2023\/01\/Senza-nome-28.jpg 350w\" sizes=\"auto, (max-width: 300px) 100vw, 300px\" \/><\/a>COLLE SANTA LUCIA<\/strong>\u00a0 I vigili del fuoco volontari nei giorni scorsi\u00a0 sono stati allertati dalla Sala Operativa del Comando VVF di Belluno per un incendio sterpaglie lungo la SP 251.<\/p>\n<p>&nbsp;<\/p>\n<p>&nbsp;<\/p>\n<p>&nbsp;<\/p>\n<p>&nbsp;<\/p>\n<p>&nbsp;<\/p>\n<hr \/>\n<p>&nbsp;<\/p>\n<blockquote>\n<h3>E&#8217; MORTA A 104 ANNI MARIA LUIGIA BET TONON, LA DONNA PIU&#8217; ANZIANA DI PIEVE DI CADORE<\/h3>\n<\/blockquote>\n<p><strong><a class=\"dt-pswp-item\" href=\"https:\/\/www.radiopiu.net\/wordpress\/wp-content\/uploads\/2023\/01\/Senza-nome-29.jpg\" data-dt-img-description=\"\" data-large_image_width=\"224\" data-large_image_height=\"292\"><img loading=\"lazy\" decoding=\"async\" class=\"wp-image-316123 alignleft\" src=\"https:\/\/www.radiopiu.net\/wordpress\/wp-content\/uploads\/2023\/01\/Senza-nome-29.jpg\" alt=\"\" width=\"146\" height=\"190\" \/><\/a>PIEVE DI CADORE<\/strong> Si\u00a0 \u00e8 spenta luned\u00ec sera, a 104 anni, Maria Luigia Bet Tonon,\u00a0 la \u201cnonna\u201d di Pieve di Cadore. Si chiamava Maria Luigia Bet la signora pi\u00f9 anziana del Comune di Pieve di Cadore. Se n&#8217;\u00e8 andata lasciando i figli Maurilio, Clara, Cesarina e Gilberto, la nuora, i generi, i nipoti, i pronipoti, \u00a0Era nata l\u20198 agosto 1918, quindi in piena Prima Guerra Mondiale. \u201c<em>Sono stati 104 anni veramente vissuti\u201d, spiegano i discendenti, \u201cnei quali la sua esistenza, sempre lucida e vivace, ha sempre avuto un peso importante e\u00a0 ha saputo dare ancora molto a chi la conosceva e la incontrava<\/em>\u201d. Lucidissima e pronta alla battuta ha ricordato con piacere al sindaco di Pieve, che \u00e8 andato a trovarla per farle gli auguri per il compleanno, gli anni di intensa attivit\u00e0 con tanti sacrifici ma anche con una grande soddisfazione professionale e molta gioia derivante da una famiglia che \u00e8 sempre stata unita. Da anni ormai soffriva di una cecit\u00e0 invalidante che per\u00f2 ha ridimensionato solo in parte il suo stile di vita fatto di tanti interesse, di passeggiate, di esercizi mnemonici e di curiosit\u00e0. Maria Luigia\u00a0 Bet era nata a Colle Umberto in Provincia di Treviso l&#8217;8 agosto 1918, 5^ di una famiglia di 9 figli,\u00a0 ma per un errore dell&#8217;ufficio anagrafe del Comune di Colle Umberto, distrutto da un incendio, durante la guerra, viene registrata con data di nascita diversa: 6 agosto 1918, che\u00a0 rimarr\u00e0 trascritta in tutti i registri e i documenti. I funerali si terranno domani alle ore14,30, nella chiesa parrocchiale di San Candido di Tai di Cadore.<\/p>\n<p>&nbsp;<\/p>\n<p>&nbsp;<\/p>\n<hr \/>\n<p>&nbsp;<\/p>\n<blockquote>\n<h3>30 ANNI DI PARCO NAZIONALE DELLE DOLOMITI BELLUNESI?<\/h3>\n<\/blockquote>\n<div dir=\"auto\">\n<blockquote><p><strong><em>Dal dovere di cronaca al dovere d&#8217;archivio<\/em><\/strong><\/p><\/blockquote>\n<p><strong>REDAZIONE<\/strong> Per dovere di cronaca ieri mattina abbiamo dato ampio spazio all&#8217;Ente Parco che strombazza gli eventi per il 30esimo compleanno, si risente parlare di Valle Imperina, finalmente, ci sembrava di aver capito in tempi non sospetti che era materia del Comune di Rivamonte. Ma il Parco sa benissimo che li&#8217; c&#8217;\u00e8 il centro congressi che doveva diventare fiore all&#8217;occhiello e, non solo dell&#8217;ente con sede a Feltre ma dell&#8217;intero Agordino, quella ne \u00e8 la porta che oggi \u00e8 meglio rimanga chiusa a doppia mandata. Come sia ridotto quel sito infatti \u00e8 sotto gli occhi di tutti, non dobbiamo raccontarvi nulla, basta volgere lo sguardo al di l\u00e0 del Cordevole transitando lungo la regionale 203 agordina, in entrambi i sensi di marcia. Basti dire che da Vaia in poi il centro congressi \u00e8 senza una parte del tetto. Il cantiere \u00e8 stato aperto alcuni mesi fa, forse per la data del compleanno qualche cosa si muover\u00e0&#8230;auspicabile. Nel frattempo reputiamo molto interessante l&#8217;occhiata sul sito data da\u00a0 <span class=\"xt0psk2\"><a class=\"x1i10hfl xjbqb8w x6umtig x1b1mbwd xaqea5y xav7gou x9f619 x1ypdohk xt0psk2 xe8uvvx xdj266r x11i5rnm xat24cr x1mh8g0r xexx8yu x4uap5 x18d9i69 xkhd6sd x16tdsg8 x1hl2dhg xggy1nq x1a2a7pz x1heor9g xt0b8zv\" tabindex=\"0\" role=\"link\" href=\"https:\/\/www.facebook.com\/gherardo.zaltron?comment_id=Y29tbWVudDo1NDY3NzYxNTA4MDA4NjlfNTU2NjMzOTQ5NDUyNzYz&amp;__cft__[0]=AZWh-Z0lQRp7eP_jVIMu_7wtc8gRX567zK_FiCIxjvHJlciPZlo8ESZVWEmtMy1cbHAi17PmQSRS2hi3UDQz0cHDmpKNrKeSXHsiiyrM_MoidGA8yHqq4GLmL5FsNeRBfXU4u-JNo33_A7-ltc0SQXd5O4ddKYUiiN6nY7_6XxSjXA&amp;__tn__=R]-R\" aria-hidden=\"false\"><span class=\"x3nfvp2\"><span class=\"x193iq5w xeuugli x13faqbe x1vvkbs x1xmvt09 x1lliihq x1s928wv xhkezso x1gmr53x x1cpjm7i x1fgarty x1943h6x x4zkp8e x676frb x1nxh6w3 x1sibtaa x1s688f xzsf02u\" dir=\"auto\">Gherardo Zaltron,\u00a0<\/span><\/span><\/a> <\/span>tra l&#8217;altro consigliere comunale ad Agordo.<\/p>\n<p>&nbsp;<\/p>\n<div class=\"x1lliihq xjkvuk6 x1iorvi4\">\n<div class=\"x11i5rnm xat24cr x1mh8g0r x1vvkbs xdj266r\">\n<blockquote>\n<div dir=\"auto\" style=\"text-align: left;\"><em>Venerd\u00ec scorso siamo andati in passeggiata al sito di Valle Imperina. Abbiamo lasciato la macchina nel parcheggio del vicino W Store (area 203 agordina) e poi ci siamo avviati a piedi. Da subito si vede quanto male siano stati spesi i soldi pubblici. Fai pochi metri e la ciclabile si interrompe, dopo poco riprende per altri 30 metri e poi svanisce nel nulla. Arrivi nel parcheggio (quello della locomotiva) e trovi una specie di box per la raccolta differenziata \u00a0per i turisti. Le scarse istruzioni parlano di un qr code ma non si sa nulla sul come ottenerlo. Passato il ponte si incontra quello che dovrebbe essere il punto di accoglienza per i turisti. Tutto chiuso da anni dopo gestioni fallimentari ed errori politici,\u00a0 come quello di affidare a figure diverse la gestione dell\u2019 ostello e delle visite guidate. Il sito \u00e8 un esempio emblematico di come i soldi pubblici vengano usati per costruire cattedrali nel deserto, senza nessun coordinamento a livello provinciale, regionale e nazionale. Dovremmo veramente vergognarci, noi tutti. Da un lato per lo sperpero di denaro pubblico e dall\u2019altro perch\u00e9 invece di indignarci e protestare restiamo in silenzio. Speriamo che i prossimi 30 anni vadano meglio.<\/em><\/div>\n<\/blockquote>\n<\/div>\n<\/div>\n<div dir=\"auto\"><\/div>\n<div dir=\"auto\"><span style=\"color: #ff0000;\">ARCHIVIO RADIOPIU, 24 OTTOBRE 2019 di Mirko Mezzacasa<\/span><\/div>\n<blockquote>\n<h3 dir=\"auto\">VALLE IMPERINA DEGRADATA, OGGI E&#8217; FACILE DARE LE COLPE A VAIA<\/h3>\n<\/blockquote>\n<div dir=\"auto\">\n<p><strong><a class=\"dt-pswp-item\" href=\"http:\/\/www.radiopiu.net\/wordpress\/wp-content\/uploads\/2019\/10\/download-24.jpg\" data-dt-img-description=\"\" data-large_image_width=\"290\" data-large_image_height=\"164\"><img loading=\"lazy\" decoding=\"async\" class=\"alignleft size-full wp-image-103650\" src=\"http:\/\/www.radiopiu.net\/wordpress\/wp-content\/uploads\/2019\/10\/download-24.jpg\" alt=\"\" width=\"290\" height=\"164\" \/><\/a>RIVAMONTE<\/strong> Sul sito di Valle Imperina fin dagli anni novanta ho scritto molto, ho seguito le varie inaugurazioni, proclami, promesse e progetti ma oggi quando ci sono tornato mi \u00e8 sembrato di\u00a0 fare un passo indietro di 30 anni, tre decenni fa quando si cominciavano a fare i primi progetti. Esteticamente qualche complesso \u00e8 migliorato, ci mancherebbe con la botta di milioni di lire ed euro spesi&#8230; ma alla fine il sito \u00e8 sempre quello, erba alta, poco attraente, disordinato ed ora anche con centinaia di piante a terra, in questo caso si le colpe sono di Vaia, solo in questo caso. Fin dagli anni novanta li dentro sono stati pompati fior di milioni, di lire e di euro, contributi europei, fondi interreg, soldi dall&#8217;azienda demaniale di Stato e dal Tirolo e poi anche fondi di confine. Di concreto non c&#8217;\u00e8 ancora nulla che renda giustizia all&#8217;investimento. Strutture chiuse, gallerie allagate, strade disastrate, tetti divelti e tanto fango. Sono stato fortunato perch\u00e9\u00a0 casualmente \u00e8 arrivato in zona Gabriele Caldart, oggi fuori dai giochi politici che lo hanno per\u00f2 visto protagonista per decenni. Candidato a sindaco a Rivamonte e puntualmente in minoranza, ha sempre occupato posizioni importanti nell&#8217;allora Comunit\u00e0 Montana Agordina con Floriano Pra, Elio Daur\u00f9, Rizieri Ongaro, ma anche nell&#8217;ente Parco. Gabriele conosce bene la storia del sito di Valle Imperina, il monte di soldi spesi per il recupero delle strutture, i progetti e le speranze di una rinascita e con lui ne \u00e8 nata una chiacchierata per alcuni versi interessante. Parlano comunque le immagini, oltre alle parole. Di positivo quanto fatto nelle ultime settimane dall&#8217;amministrazione comunale di Rivamonte, ovvero il recupero della strada che da Ponte Alto porta fino a Valle Imperina rimasta chiusa per quasi un anno perch\u00e9 il torrente Cordevole ne ha eroso i fianchi e non solo. La strada seppur in via provvisoria permette ora di arrivare all&#8217;Ostello comunque raggiungibile dal ponte pedonale che sovrasta il Cordevole dalla localit\u00e0 Le Campe. (mm)<\/p>\n<blockquote><p><em> <strong>Nel primo video<\/strong> la situazione al centro congressi del Parco, gi\u00e0 centrale idroelettrica dove un anno fa \u00e8 volato via il tetto e alcuni locali sono finiti sott&#8217;acqua altrimenti non si spiega tutto quel materiale pubblicitario fradicio e distrutto sparso nell&#8217;erba. <strong>Nel secondo<\/strong> una passeggiata fino alla galleria Santa Barbara tra schianti e fossi nella strada. <strong>Nel terzo<\/strong> un&#8217;esilarante chiusura.<\/em><\/p><\/blockquote>\n<h3><strong>PRIMO VIDEO<span style=\"color: #ff0000;\"> QUELLO CHE DOVEVA ESSERE IL BIGLIETTO DA VISITA FIORE ALL&#8217;OCCHIELLO, IL CENTRO CONGRESSI<\/span><\/strong><\/h3>\n<p><iframe loading=\"lazy\" title=\"VID 20191024 103214\" width=\"1200\" height=\"675\" src=\"https:\/\/www.youtube.com\/embed\/vb_f3u_nSaI?feature=oembed\" frameborder=\"0\" allow=\"accelerometer; autoplay; clipboard-write; encrypted-media; gyroscope; picture-in-picture; web-share\" allowfullscreen><\/iframe><\/p>\n<h3><strong>SECONDO VIDEO<\/strong><span style=\"color: #ff0000;\"><strong> DALL&#8217;OSTELLO ALLA GALLERIA DI SANTA BARBARA CHIACCHIERANDO CON GABRIELE CALDART GIA&#8217; AMMINISTRATORE &#8230;. DI VALLE IMPERINA.<\/strong><\/span><\/h3>\n<p><iframe loading=\"lazy\" title=\"VID 20191024 112122\" width=\"1200\" height=\"675\" src=\"https:\/\/www.youtube.com\/embed\/7irEI8ZuMuc?feature=oembed\" frameborder=\"0\" allow=\"accelerometer; autoplay; clipboard-write; encrypted-media; gyroscope; picture-in-picture; web-share\" allowfullscreen><\/iframe><\/p>\n<p>&nbsp;<\/p>\n<h3><strong>TERZO VIDEO\u00a0 <span style=\"color: #ff0000;\">\u00a0UNA &#8220;SINISTRA&#8221; CHIUSURA<\/span><\/strong><\/h3>\n<p><iframe loading=\"lazy\" title=\"VID 20191024 112707\" width=\"1200\" height=\"675\" src=\"https:\/\/www.youtube.com\/embed\/ZqIKPEjwOI4?feature=oembed\" frameborder=\"0\" allow=\"accelerometer; autoplay; clipboard-write; encrypted-media; gyroscope; picture-in-picture; web-share\" allowfullscreen><\/iframe><\/p>\n<p>&nbsp;<\/p>\n<\/div>\n<\/div>\n<div dir=\"auto\">\n<p>&nbsp;<\/p>\n<p>&nbsp;<\/p>\n<hr \/>\n<p>&nbsp;<\/p>\n<blockquote>\n<h3>PARCHEGGI AD ARABBA E LE RISPOSTE DEL SINDACO. DEL MONEGO &#8220;NON LE TOLLERO&#8221;<\/h3>\n<\/blockquote>\n<p><strong><img loading=\"lazy\" decoding=\"async\" class=\"alignleft\" src=\"https:\/\/www.radiopiu.net\/wordpress\/wp-content\/uploads\/2020\/12\/SILVIA-DE-DORIGO-DELMONEGO-300x300.jpg\" width=\"113\" height=\"113\" \/>REDAZIONE<\/strong> Una protesta dei maestri di sci, la risposta del sindaco di Livinallongo, Leandro Grones e per chiudere il cerchio la riflessione del consigliere comunale Silvia Del Monego<\/p>\n<p><strong>AUDIO<\/strong><\/p>\n<audio class=\"wp-audio-shortcode\" id=\"audio-315931-1\" preload=\"none\" style=\"width: 100%;\" controls=\"controls\"><source type=\"audio\/mpeg\" src=\"https:\/\/www.radiopiu.net\/wordpress\/wp-content\/uploads\/2023\/01\/SILVIA-DEL-MONEGO.mp3?_=1\" \/><a href=\"https:\/\/www.radiopiu.net\/wordpress\/wp-content\/uploads\/2023\/01\/SILVIA-DEL-MONEGO.mp3\">https:\/\/www.radiopiu.net\/wordpress\/wp-content\/uploads\/2023\/01\/SILVIA-DEL-MONEGO.mp3<\/a><\/audio>\n<p>&nbsp;<\/p>\n<p><strong>ARCHIVIO RADIOPIU<\/strong><\/p>\n<p>La lettera di Federico e Ivan, la risposta del sindaco Leandro Grones<\/p>\n<blockquote class=\"wp-embedded-content\" data-secret=\"UGiy3i7hVi\"><p><a href=\"https:\/\/www.radiopiu.net\/wordpress\/il-sindaco-di-livinallongo-leandro-grones-risponde-alla-lettera-sui-parcheggi-fuori-regola-le-auto-erano-parcheggiate-a-bordo-pista-in-zona-vietata\/\">IL SINDACO DI LIVINALLONGO LEANDRO GRONES RISPONDE ALLA LETTERA SUI PARCHEGGI FUORI REGOLA: &#8220;LE AUTO ERANO PARCHEGGIATE A BORDO PISTA IN ZONA VIETATA&#8221;<\/a><\/p><\/blockquote>\n<p><iframe loading=\"lazy\" class=\"wp-embedded-content\" sandbox=\"allow-scripts\" security=\"restricted\" style=\"position: absolute; clip: rect(1px, 1px, 1px, 1px);\" title=\"&#8220;IL SINDACO DI LIVINALLONGO LEANDRO GRONES RISPONDE ALLA LETTERA SUI PARCHEGGI FUORI REGOLA: &#8220;LE AUTO ERANO PARCHEGGIATE A BORDO PISTA IN ZONA VIETATA&#8221;&#8221; &#8212; Radio Pi\u00f9\" src=\"https:\/\/www.radiopiu.net\/wordpress\/il-sindaco-di-livinallongo-leandro-grones-risponde-alla-lettera-sui-parcheggi-fuori-regola-le-auto-erano-parcheggiate-a-bordo-pista-in-zona-vietata\/embed\/#?secret=aE6QPyEQha#?secret=UGiy3i7hVi\" data-secret=\"UGiy3i7hVi\" width=\"600\" height=\"338\" frameborder=\"0\" marginwidth=\"0\" marginheight=\"0\" scrolling=\"no\"><\/iframe><\/p>\n<p>&nbsp;<\/p>\n<hr \/>\n<p>&nbsp;<\/p>\n<blockquote>\n<h3>IL LUPO A LA VALLE, SBRANATA LA CERVA<\/h3>\n<\/blockquote>\n<p><strong><img loading=\"lazy\" decoding=\"async\" class=\"alignleft\" src=\"https:\/\/www.radiopiu.net\/wordpress\/wp-content\/uploads\/2023\/01\/Senza-nome-26.jpg\" width=\"214\" height=\"133\" \/>LA VALLE<\/strong> Quando ieri mattina Federico si \u00e8 imbattuto nei resti del povero animale finito e sbranato dai lupi ha avuto un solo pensiero: informare i cittadini, oltre alle autorit\u00e0 competenti, del pericolo per chi passeggia in zona con animali domestici. Il ritrovamento domenica in zona Castel\u00e9t. I resti sono di una giovane cerva giovane, vittima di un attacco di lupo. L&#8217;ipotesi \u00e8 stata confermata dopo il sopralluogo degli esperti. La predazione potrebbe essere avvenuta nella notte tra il 7 e l&#8217;8 gennaio. Si consiglia massima attenzione e prudenza nelle passeggiate con i propri cani soprattutto in \u00a0prossimit\u00e0 della presa della centralina sul Missiaga, lungo la silvo pastorale per Malga Roa, a circa 500 metri dall&#8217;innesto con la 347 del Duran dove si riscontrano numerose impronte di lupo. La stessa scena, un branco di cinque lupi ad Alleghe, anche in questo caso tra i denti del branco una giovane cerva.<\/p>\n<p>&nbsp;<\/p>\n<hr \/>\n<p>&nbsp;<\/p>\n<blockquote>\n<h3>L&#8217;AMMINISTRAZIONE COMUNALE DI ROCCA PIETORE PUBBLICA UN&#8217;INDAGINE DI MERCATO IN VISTA DEL BANDO PER LA GESTIONE DELL&#8217;UFFICIO TURISTICO<\/h3>\n<\/blockquote>\n<p><strong><a class=\"dt-pswp-item\" href=\"https:\/\/www.radiopiu.net\/wordpress\/wp-content\/uploads\/2021\/06\/8554eb80-bb6e-4752-a6d3-57aff91a2903.jpg\" data-dt-img-description=\"\" data-large_image_width=\"768\" data-large_image_height=\"1024\"><img loading=\"lazy\" decoding=\"async\" class=\" wp-image-215003 alignleft\" src=\"https:\/\/www.radiopiu.net\/wordpress\/wp-content\/uploads\/2021\/06\/8554eb80-bb6e-4752-a6d3-57aff91a2903-225x300.jpg\" alt=\"\" width=\"135\" height=\"180\" srcset=\"https:\/\/www.radiopiu.net\/wordpress\/wp-content\/uploads\/2021\/06\/8554eb80-bb6e-4752-a6d3-57aff91a2903-225x300.jpg 225w, https:\/\/www.radiopiu.net\/wordpress\/wp-content\/uploads\/2021\/06\/8554eb80-bb6e-4752-a6d3-57aff91a2903.jpg 768w\" sizes=\"auto, (max-width: 135px) 100vw, 135px\" \/><\/a>ROCCA PIETORE<\/strong><\/p>\n<p>di Gianni Santomaso<\/p>\n<audio class=\"wp-audio-shortcode\" id=\"audio-315931-2\" preload=\"none\" style=\"width: 100%;\" controls=\"controls\"><source type=\"audio\/mpeg\" src=\"https:\/\/www.radiopiu.net\/wordpress\/wp-content\/uploads\/2023\/01\/GIANNI-LAMMINISTRAZIONE-COMUNALE-DI-ROCCA-PIETORE-PUBBLICA-IL-BANDO-PER-LA-GESTIONE-DELLUFFICIO-TURISTICO.mp3?_=2\" \/><a href=\"https:\/\/www.radiopiu.net\/wordpress\/wp-content\/uploads\/2023\/01\/GIANNI-LAMMINISTRAZIONE-COMUNALE-DI-ROCCA-PIETORE-PUBBLICA-IL-BANDO-PER-LA-GESTIONE-DELLUFFICIO-TURISTICO.mp3\">https:\/\/www.radiopiu.net\/wordpress\/wp-content\/uploads\/2023\/01\/GIANNI-LAMMINISTRAZIONE-COMUNALE-DI-ROCCA-PIETORE-PUBBLICA-IL-BANDO-PER-LA-GESTIONE-DELLUFFICIO-TURISTICO.mp3<\/a><\/audio>\n<p>&nbsp;<\/p>\n<hr \/>\n<p>&nbsp;<\/p>\n<blockquote>\n<h3>AUTOVELOX DI ARSIE&#8217; NON OMOLOGATO, VERBALE CONTESTATO E ANNULLATO<\/h3>\n<\/blockquote>\n<p><strong><a class=\"dt-pswp-item\" href=\"https:\/\/www.radiopiu.net\/wordpress\/wp-content\/uploads\/2022\/12\/AUTOVELOX.jpg\" data-dt-img-description=\"\" data-large_image_width=\"1920\" data-large_image_height=\"1280\"><img loading=\"lazy\" decoding=\"async\" class=\" wp-image-310004 alignleft\" src=\"https:\/\/www.radiopiu.net\/wordpress\/wp-content\/uploads\/2022\/12\/AUTOVELOX-300x200.jpg\" alt=\"\" width=\"234\" height=\"156\" srcset=\"https:\/\/www.radiopiu.net\/wordpress\/wp-content\/uploads\/2022\/12\/AUTOVELOX-300x200.jpg 300w, https:\/\/www.radiopiu.net\/wordpress\/wp-content\/uploads\/2022\/12\/AUTOVELOX-1024x683.jpg 1024w, https:\/\/www.radiopiu.net\/wordpress\/wp-content\/uploads\/2022\/12\/AUTOVELOX-768x512.jpg 768w, https:\/\/www.radiopiu.net\/wordpress\/wp-content\/uploads\/2022\/12\/AUTOVELOX-1536x1024.jpg 1536w, https:\/\/www.radiopiu.net\/wordpress\/wp-content\/uploads\/2022\/12\/AUTOVELOX.jpg 1920w\" sizes=\"auto, (max-width: 234px) 100vw, 234px\" \/><\/a>BELLUNO <\/strong>Il 24 agosto scorso \u00e8 stata notificata ad un uomo una sanzione per il superamento della velocit\u00e0 di 12,60 Km\/h, presunta violazione rilevata dall&#8217;autovelox in uso alla Polizia Locale del Comune di Arsi\u00e8. L\u2019uomo, certo di non aver commesso l&#8217;infrazione, per altro con 30 punti sulla patente, si \u00e8 rivolto all\u2019Associazione Altvelox ed ha presentato ricorso al Giudice di Pace di Belluno per una serie di illegittimit\u00e0 riscontrate nel verbale notificato. \u00c8 stato rilevato che nel Verbale non era stato indicato alcun provvedimento Ministeriale ne relativo all&#8217;approvazione, ne alla omologazione e nessun altro dato utile per comprendere la legalit\u00e0 dell&#8217;apparecchio elettronico utilizzato. Infatti, come il crono-tachigrafo, anche lo stesso autovelox deve essere omologato dal MISE, essendo esso un misuratore di velocit\u00e0 (spazio\/tempo) cosa che dalla documentazione richiesta da Altvelox al Comune di Arsi\u00e8 \u00e8 risultato assente ovvero illegittimo poich\u00e9 la procedura non \u00e8 mai effettuata. Questa mattina il Giudice Dr. Fabrizio Schioppa, ha ritenuto valide le lamentele, mancata omologazione ed assenza di requisiti metrologici dell&#8217;autovelox e carenza \/ ilegittimit\u00e0 della prova fotografica. (Fonte: Altvelox.it)<\/p>\n<p>&nbsp;<\/p>\n<p>&nbsp;<\/p>\n<p>&nbsp;<\/p>\n<hr \/>\n<p>&nbsp;<\/p>\n<p>&nbsp;<\/p>\n<blockquote>\n<h3>INTERROTTA LA TRATTA BELLUNO &#8211; CALALZO PER UN INTERVENTO STRAORDINARIO SUL PONTE TRA OSPITALE E PERAROLO<\/h3>\n<\/blockquote>\n<p><strong><a class=\"dt-pswp-item\" href=\"https:\/\/www.radiopiu.net\/wordpress\/wp-content\/uploads\/2021\/02\/FERROVIA.jpg\" data-dt-img-description=\"\" data-large_image_width=\"1920\" data-large_image_height=\"1440\"><img loading=\"lazy\" decoding=\"async\" class=\" wp-image-191534 alignleft\" src=\"https:\/\/www.radiopiu.net\/wordpress\/wp-content\/uploads\/2021\/02\/FERROVIA-300x225.jpg\" alt=\"\" width=\"129\" height=\"97\" srcset=\"https:\/\/www.radiopiu.net\/wordpress\/wp-content\/uploads\/2021\/02\/FERROVIA-300x225.jpg 300w, https:\/\/www.radiopiu.net\/wordpress\/wp-content\/uploads\/2021\/02\/FERROVIA-1024x768.jpg 1024w, https:\/\/www.radiopiu.net\/wordpress\/wp-content\/uploads\/2021\/02\/FERROVIA-768x576.jpg 768w, https:\/\/www.radiopiu.net\/wordpress\/wp-content\/uploads\/2021\/02\/FERROVIA-1536x1152.jpg 1536w, https:\/\/www.radiopiu.net\/wordpress\/wp-content\/uploads\/2021\/02\/FERROVIA.jpg 1920w\" sizes=\"auto, (max-width: 129px) 100vw, 129px\" \/><\/a>BELLUNO <\/strong>La circolazione ferroviaria fra Calalzo e Longarone \u00e8 interrotta dal primo pomeriggio di ieri. A seguito di un sopralluogo programmato, i tecnici di Rete Ferroviaria Italiana hanno riscontrato la necessit\u00e0 di un intervento straordinario sul ponte ferroviario che collega Ospitale di Cadore e Perarolo di Cadore. I tempi e le modalit\u00e0 di intervento saranno approfondite nei prossimi giorni. Nel frattempo, per garantire la continuit\u00e0 del servizio di viaggio, sar\u00e0 attivo un servizio autosostitutivo fra le stazioni di Calalzo e Longarone.<\/p>\n<p><a class=\"dt-pswp-item\" href=\"https:\/\/www.radiopiu.net\/wordpress\/wp-content\/uploads\/2023\/01\/coper.jpg\" data-dt-img-description=\"\" data-large_image_width=\"362\" data-large_image_height=\"243\"><img loading=\"lazy\" decoding=\"async\" class=\"size-medium wp-image-316124 aligncenter\" src=\"https:\/\/www.radiopiu.net\/wordpress\/wp-content\/uploads\/2023\/01\/coper-300x201.jpg\" alt=\"\" width=\"300\" height=\"201\" srcset=\"https:\/\/www.radiopiu.net\/wordpress\/wp-content\/uploads\/2023\/01\/coper-300x201.jpg 300w, https:\/\/www.radiopiu.net\/wordpress\/wp-content\/uploads\/2023\/01\/coper.jpg 362w\" sizes=\"auto, (max-width: 300px) 100vw, 300px\" \/><\/a><\/p>\n<p>&nbsp;<\/p>\n<p>&nbsp;<\/p>\n<hr \/>\n<p>&nbsp;<\/p>\n<blockquote>\n<h3>GIOVANI, DONNE E PRECARIETA&#8217;. SONO I TEMI TRATTATI DALLA CGIL A LONGARONE<\/h3>\n<\/blockquote>\n<p><strong><a class=\"dt-pswp-item\" href=\"https:\/\/www.radiopiu.net\/wordpress\/wp-content\/uploads\/2023\/01\/16a979bc-077f-437a-9085-989422119fbc.jpg\" data-dt-img-description=\"\" data-large_image_width=\"1600\" data-large_image_height=\"1066\"><img loading=\"lazy\" decoding=\"async\" class=\" wp-image-316032 alignleft\" src=\"https:\/\/www.radiopiu.net\/wordpress\/wp-content\/uploads\/2023\/01\/16a979bc-077f-437a-9085-989422119fbc-300x200.jpg\" alt=\"\" width=\"203\" height=\"135\" srcset=\"https:\/\/www.radiopiu.net\/wordpress\/wp-content\/uploads\/2023\/01\/16a979bc-077f-437a-9085-989422119fbc-300x200.jpg 300w, https:\/\/www.radiopiu.net\/wordpress\/wp-content\/uploads\/2023\/01\/16a979bc-077f-437a-9085-989422119fbc-1024x682.jpg 1024w, https:\/\/www.radiopiu.net\/wordpress\/wp-content\/uploads\/2023\/01\/16a979bc-077f-437a-9085-989422119fbc-768x512.jpg 768w, https:\/\/www.radiopiu.net\/wordpress\/wp-content\/uploads\/2023\/01\/16a979bc-077f-437a-9085-989422119fbc-1536x1023.jpg 1536w, https:\/\/www.radiopiu.net\/wordpress\/wp-content\/uploads\/2023\/01\/16a979bc-077f-437a-9085-989422119fbc.jpg 1600w\" sizes=\"auto, (max-width: 203px) 100vw, 203px\" \/><\/a>LONGARONE<\/strong> Giovani, donne, precariet\u00e0: questi i temi della tavola rotonda che si \u00e8 tenuta nel pomeriggio a Longarone, in occasione del convegno di CGIL Belluno. Preoccupanti i dati: in vent&#8217;anni si sono persi circa 17mila attivi.<\/p>\n<p><strong>di Daniele Dalvit<\/strong><\/p>\n<audio class=\"wp-audio-shortcode\" id=\"audio-315931-3\" preload=\"none\" style=\"width: 100%;\" controls=\"controls\"><source type=\"audio\/mpeg\" src=\"https:\/\/www.radiopiu.net\/wordpress\/wp-content\/uploads\/2023\/01\/DALVIT-CGIL-LONGARONE.mp3?_=3\" \/><a href=\"https:\/\/www.radiopiu.net\/wordpress\/wp-content\/uploads\/2023\/01\/DALVIT-CGIL-LONGARONE.mp3\">https:\/\/www.radiopiu.net\/wordpress\/wp-content\/uploads\/2023\/01\/DALVIT-CGIL-LONGARONE.mp3<\/a><\/audio>\n<p>&nbsp;<\/p>\n<hr \/>\n<p>&nbsp;<\/p>\n<blockquote>\n<h3>MAURO DE CARLI (CGIL) FA IL PUNTO SU CRISI INDUSTRIALI, EX ACC E IDEL STANDARD<\/h3>\n<\/blockquote>\n<p><strong><a class=\"dt-pswp-item\" href=\"https:\/\/www.radiopiu.net\/wordpress\/wp-content\/uploads\/2020\/04\/Mauro_De_Carli_CGIL-e1606926296575.jpg\" data-dt-img-description=\"\" data-large_image_width=\"1654\" data-large_image_height=\"1102\"><img loading=\"lazy\" decoding=\"async\" class=\" wp-image-130310 alignleft\" src=\"https:\/\/www.radiopiu.net\/wordpress\/wp-content\/uploads\/2020\/04\/Mauro_De_Carli_CGIL-e1606926296575-300x200.jpg\" alt=\"\" width=\"212\" height=\"141\" srcset=\"https:\/\/www.radiopiu.net\/wordpress\/wp-content\/uploads\/2020\/04\/Mauro_De_Carli_CGIL-e1606926296575-300x200.jpg 300w, https:\/\/www.radiopiu.net\/wordpress\/wp-content\/uploads\/2020\/04\/Mauro_De_Carli_CGIL-e1606926296575-1024x682.jpg 1024w, https:\/\/www.radiopiu.net\/wordpress\/wp-content\/uploads\/2020\/04\/Mauro_De_Carli_CGIL-e1606926296575-768x512.jpg 768w, https:\/\/www.radiopiu.net\/wordpress\/wp-content\/uploads\/2020\/04\/Mauro_De_Carli_CGIL-e1606926296575-1536x1023.jpg 1536w, https:\/\/www.radiopiu.net\/wordpress\/wp-content\/uploads\/2020\/04\/Mauro_De_Carli_CGIL-e1606926296575.jpg 1654w\" sizes=\"auto, (max-width: 212px) 100vw, 212px\" \/><\/a>LONGARONE<\/strong><\/p>\n<p>di Moreno Gioli<\/p>\n<audio class=\"wp-audio-shortcode\" id=\"audio-315931-4\" preload=\"none\" style=\"width: 100%;\" controls=\"controls\"><source type=\"audio\/mpeg\" src=\"https:\/\/www.radiopiu.net\/wordpress\/wp-content\/uploads\/2023\/01\/GIOLI-DE-CARLI.mp3?_=4\" \/><a href=\"https:\/\/www.radiopiu.net\/wordpress\/wp-content\/uploads\/2023\/01\/GIOLI-DE-CARLI.mp3\">https:\/\/www.radiopiu.net\/wordpress\/wp-content\/uploads\/2023\/01\/GIOLI-DE-CARLI.mp3<\/a><\/audio>\n<p>&nbsp;<\/p>\n<hr \/>\n<p>&nbsp;<\/p>\n<\/div>\n<blockquote>\n<h3>RIAPERTA LA STRADA PER PIASENT DI RIF<\/h3>\n<\/blockquote>\n<p><strong>AGORDO<\/strong> Pur con i dovuti limiti di velocit\u00e0 e a seguito della sospensione dei lavori per la pausa invernale \u00e8 stata riaperta la strada comunale per Piasent, \u00e8 stato ripristinato il passaggio dall&#8217;incrocio in localit\u00e0 I Cadorin (direzione Framont) fino al civico 9. Alla ripresa dei lavori, a primavera, il Comune comunicher\u00e0 la nuova limitazione di transito.<\/p>\n<p>&nbsp;<\/p>\n<hr \/>\n<p>&nbsp;<\/p>\n<blockquote>\n<h3>LUCIANO GESIOT CONFERMATO ALLA GUIDA DELLA MOSTRA DALL&#8217;ARTIGIANATO<\/h3>\n<\/blockquote>\n<p><strong><a class=\"dt-pswp-item\" href=\"https:\/\/www.radiopiu.net\/wordpress\/wp-content\/uploads\/2023\/01\/L.-Gesiot.jpeg\" data-dt-img-description=\"\" data-large_image_width=\"224\" data-large_image_height=\"246\"><img loading=\"lazy\" decoding=\"async\" class=\"wp-image-315985 alignleft\" src=\"https:\/\/www.radiopiu.net\/wordpress\/wp-content\/uploads\/2023\/01\/L.-Gesiot.jpeg\" alt=\"\" width=\"152\" height=\"167\" \/><\/a>FELTRE\u00a0<\/strong> Luciano Gesiot \u00e8 stato riconfermato alla guida della Mostra dell&#8217;Artigianato Artistico e Tradizionale \u201cCitt\u00e0 di Feltre\u201d.\u00a0 \u00a0\u201cSono grata al dottor Gesiot per il lavoro svolto in questi anni e per la disponibilit\u00e0 manifestata a proseguire nella guida di una delle manifestazioni pi\u00f9 rilevanti non solo per la nostra citt\u00e0, ma per tutto il territorio bellunese e non solo&#8221; ha detto il sindaco di Feltre Viviana Fusaro.\u00a0 \u201cRaccolgo l&#8217;invito a mantenere la guida della Mostra con lo spirito di servizio e il grande amore per Feltre che ha sempre caratterizzato la mia attivit\u00e0 nell&#8217;ambito delle manifestazioni pubbliche cittadine&#8221;.\u00a0 ha\u00a0 concluso\u00a0 Gesiot. Il Comitato organizzatore si metter\u00e0 al lavoro gi\u00e0 dai prossimi giorni per allestire un&#8217;edizione che sia all&#8217;altezza delle attese e della tradizione.<\/p>\n<p>&nbsp;<\/p>\n<hr \/>\n<p>&nbsp;<\/p>\n<blockquote>\n<h3>QUANDO LA STORIA INSEGNA&#8230;MA NON LA SI APPRENDE<\/h3>\n<\/blockquote>\n<p><strong>GOSALDO<\/strong> Corrado Campedel, conoscitore del territorio ce lo ricorda. Lo ricorda come promemoria e scrive: <em>&#8220;Appena fatto era emergenza, adesso \u00e8 fortuna. Ovvero sperare che l&#8217;acqua continui ad accontentarsi di un tubino quando nel 2018 non gli bast\u00f2 il ponte \u00e8 contare sulla pura fortuna&#8221;.\u00a0<\/em><\/p>\n\n\t\t\t<style type='text\/css'>\n\t\t\t\t#gallery-3 {\n\t\t\t\t\tmargin: auto;\n\t\t\t\t}\n\t\t\t\t#gallery-3 .gallery-item {\n\t\t\t\t\tfloat: left;\n\t\t\t\t\tmargin-top: 10px;\n\t\t\t\t\ttext-align: center;\n\t\t\t\t\twidth: 50%;\n\t\t\t\t}\n\t\t\t\t#gallery-3 img {\n\t\t\t\t\tborder: 2px solid #cfcfcf;\n\t\t\t\t}\n\t\t\t\t#gallery-3 .gallery-caption {\n\t\t\t\t\tmargin-left: 0;\n\t\t\t\t}\n\t\t\t\t\/* see gallery_shortcode() in wp-includes\/media.php *\/\n\t\t\t<\/style>\n\t\t<div id='gallery-3' class='dt-gallery-container gallery galleryid-315931 gallery-columns-2 gallery-size-medium'><dl class='gallery-item'>\n\t\t\t\t<dt class='gallery-icon landscape'>\n\t\t\t\t\t<a class=\"rollover rollover-zoom dt-pswp-item\" title=\"325144720_513468324258564_5671028769664442908_n\" data-dt-img-description=\"\" data-large_image_width=\"600\" data-large_image_height=\"450\"href='https:\/\/www.radiopiu.net\/wordpress\/wp-content\/uploads\/2023\/01\/325144720_513468324258564_5671028769664442908_n.jpg'><img loading=\"lazy\" decoding=\"async\" width=\"300\" height=\"225\" src=\"https:\/\/www.radiopiu.net\/wordpress\/wp-content\/uploads\/2023\/01\/325144720_513468324258564_5671028769664442908_n-300x225.jpg\" class=\"attachment-medium size-medium\" alt=\"\" srcset=\"https:\/\/www.radiopiu.net\/wordpress\/wp-content\/uploads\/2023\/01\/325144720_513468324258564_5671028769664442908_n-300x225.jpg 300w, https:\/\/www.radiopiu.net\/wordpress\/wp-content\/uploads\/2023\/01\/325144720_513468324258564_5671028769664442908_n.jpg 600w\" sizes=\"auto, (max-width: 300px) 100vw, 300px\" \/><\/a>\n\t\t\t\t<\/dt><\/dl><dl class='gallery-item'>\n\t\t\t\t<dt class='gallery-icon landscape'>\n\t\t\t\t\t<a class=\"rollover rollover-zoom dt-pswp-item\" title=\"324559206_643988937483767_7581517481639026350_n\" data-dt-img-description=\"\" data-large_image_width=\"600\" data-large_image_height=\"450\"href='https:\/\/www.radiopiu.net\/wordpress\/wp-content\/uploads\/2023\/01\/324559206_643988937483767_7581517481639026350_n.jpg'><img loading=\"lazy\" decoding=\"async\" width=\"300\" height=\"225\" src=\"https:\/\/www.radiopiu.net\/wordpress\/wp-content\/uploads\/2023\/01\/324559206_643988937483767_7581517481639026350_n-300x225.jpg\" class=\"attachment-medium size-medium\" alt=\"\" srcset=\"https:\/\/www.radiopiu.net\/wordpress\/wp-content\/uploads\/2023\/01\/324559206_643988937483767_7581517481639026350_n-300x225.jpg 300w, https:\/\/www.radiopiu.net\/wordpress\/wp-content\/uploads\/2023\/01\/324559206_643988937483767_7581517481639026350_n.jpg 600w\" sizes=\"auto, (max-width: 300px) 100vw, 300px\" \/><\/a>\n\t\t\t\t<\/dt><\/dl><br style=\"clear: both\" \/>\n\t\t\t<\/div>\n\n<p>Il riferimento alla strada per Ren con l&#8217;attravesamento del torrente Le Eghe in localit\u00e0 El Marinel. Luogo tristemente noto per l&#8217;incidente al \u00a0mezzo dei pompieri che fortunatamente non riportarono conseguenze nel corso dell&#8217;alluvione di due anni fa.<\/p>\n<p>&nbsp;<\/p>\n<p><strong><span style=\"color: #ff0000;\">ARCHIVIO RADIOPIU 8 DICEMBRE 2020<\/span><\/strong><\/p>\n<div class=\"page-title-head hgroup\">\n<blockquote><p><strong>di GIANNI SANTOMASO CORRIERE ALPI<\/strong><\/p><\/blockquote>\n<audio class=\"wp-audio-shortcode\" id=\"audio-315931-5\" preload=\"none\" style=\"width: 100%;\" controls=\"controls\"><source type=\"audio\/mpeg\" src=\"https:\/\/www.radiopiu.net\/wordpress\/wp-content\/uploads\/2020\/12\/GIANNI-RAGAZZI.mp3?_=5\" \/><a href=\"https:\/\/www.radiopiu.net\/wordpress\/wp-content\/uploads\/2020\/12\/GIANNI-RAGAZZI.mp3\">https:\/\/www.radiopiu.net\/wordpress\/wp-content\/uploads\/2020\/12\/GIANNI-RAGAZZI.mp3<\/a><\/audio>\n<p>&nbsp;<\/p>\n<h3 class=\"entry-title\">\u00a0PATRICK, MANLIO E JACOPO: I TRE VIGILI DEL FUOCO DI GOSALDO<\/h3>\n<\/div>\n<div class=\"page-title-breadcrumbs\">\n<blockquote>\n<blockquote>\n<h2><a href=\"https:\/\/www.radiopiu.net\/wordpress\/lavoro-anche-questa-notte-piu-di-500-interventi\/d8395228-3cec-4655-8cda-20485ff105b9\/\" rel=\"attachment wp-att-177882\"><img loading=\"lazy\" decoding=\"async\" class=\" wp-image-177882 alignleft\" src=\"https:\/\/www.radiopiu.net\/wordpress\/wp-content\/uploads\/2020\/12\/d8395228-3cec-4655-8cda-20485ff105b9-300x225.jpg\" alt=\"\" width=\"266\" height=\"199\" srcset=\"https:\/\/www.radiopiu.net\/wordpress\/wp-content\/uploads\/2020\/12\/d8395228-3cec-4655-8cda-20485ff105b9-300x225.jpg 300w, https:\/\/www.radiopiu.net\/wordpress\/wp-content\/uploads\/2020\/12\/d8395228-3cec-4655-8cda-20485ff105b9-1024x768.jpg 1024w, https:\/\/www.radiopiu.net\/wordpress\/wp-content\/uploads\/2020\/12\/d8395228-3cec-4655-8cda-20485ff105b9-768x576.jpg 768w, https:\/\/www.radiopiu.net\/wordpress\/wp-content\/uploads\/2020\/12\/d8395228-3cec-4655-8cda-20485ff105b9.jpg 1280w\" sizes=\"auto, (max-width: 266px) 100vw, 266px\" \/><\/a><\/h2>\n<p><strong>GOSALDO<\/strong> Di loro si sono occupati gli organi di stampa dell&#8217;intero Paese ma anche oltre confine. Erano a bordo del &#8220;combi&#8221; finito ruote all&#8217;aria nel torrente a Ren di Gosaldo. I vigili del fuoco volontari stavano tornando da un intervento (dove erano stati indirizzati) per prendere parte ad un&#8217;altra operazione. Il ponte ha ceduto non appena il mezzo c&#8217;ha messo le ruote anteriori. &#8220;Primo salvarci e lasciare il mezzo&#8221;, lo hanno detto e fatto i tre volontari e grazie a questo istinti oggi raccontano a Radio Pi\u00f9 la loro &#8220;avventura&#8221;.<\/p><\/blockquote>\n<\/blockquote>\n<h2>L&#8217;INTERVISTA DI GIANNI SANTOMASO<\/h2>\n<p><strong>AI TRE VOLONTARI DI GOSALDO<\/strong>: da sinistra Jacopo Da Campo Jacopo , Manlio Masoch e Patrick Marcon (FOTO IN ALTO)<\/p>\n<audio class=\"wp-audio-shortcode\" id=\"audio-315931-6\" preload=\"none\" style=\"width: 100%;\" controls=\"controls\"><source type=\"audio\/mpeg\" src=\"https:\/\/www.radiopiu.net\/wordpress\/wp-content\/uploads\/2020\/12\/GIANNI-SANTOMASO.mp3?_=6\" \/><a href=\"https:\/\/www.radiopiu.net\/wordpress\/wp-content\/uploads\/2020\/12\/GIANNI-SANTOMASO.mp3\">https:\/\/www.radiopiu.net\/wordpress\/wp-content\/uploads\/2020\/12\/GIANNI-SANTOMASO.mp3<\/a><\/audio>\n<p><strong>\u00a0<\/strong><\/p>\n<blockquote>\n\t\t\t<style type='text\/css'>\n\t\t\t\t#gallery-4 {\n\t\t\t\t\tmargin: auto;\n\t\t\t\t}\n\t\t\t\t#gallery-4 .gallery-item {\n\t\t\t\t\tfloat: left;\n\t\t\t\t\tmargin-top: 10px;\n\t\t\t\t\ttext-align: center;\n\t\t\t\t\twidth: 25%;\n\t\t\t\t}\n\t\t\t\t#gallery-4 img {\n\t\t\t\t\tborder: 2px solid #cfcfcf;\n\t\t\t\t}\n\t\t\t\t#gallery-4 .gallery-caption {\n\t\t\t\t\tmargin-left: 0;\n\t\t\t\t}\n\t\t\t\t\/* see gallery_shortcode() in wp-includes\/media.php *\/\n\t\t\t<\/style>\n\t\t<div id='gallery-4' class='dt-gallery-container gallery galleryid-315931 gallery-columns-4 gallery-size-thumbnail'><dl class='gallery-item'>\n\t\t\t\t<dt class='gallery-icon landscape'>\n\t\t\t\t\t<a class=\"rollover rollover-zoom dt-pswp-item\" title=\"130081990_247948610091433_5405165051885309123_n\" data-dt-img-description=\"\" data-large_image_width=\"1152\" data-large_image_height=\"864\"href='https:\/\/www.radiopiu.net\/wordpress\/wp-content\/uploads\/2020\/12\/130081990_247948610091433_5405165051885309123_n.jpg'><img loading=\"lazy\" decoding=\"async\" width=\"150\" height=\"150\" src=\"https:\/\/www.radiopiu.net\/wordpress\/wp-content\/uploads\/2020\/12\/130081990_247948610091433_5405165051885309123_n-150x150.jpg\" class=\"attachment-thumbnail size-thumbnail\" alt=\"\" \/><\/a>\n\t\t\t\t<\/dt><\/dl><dl class='gallery-item'>\n\t\t\t\t<dt class='gallery-icon landscape'>\n\t\t\t\t\t<a class=\"rollover rollover-zoom dt-pswp-item\" title=\"130303015_1017679348729609_8492696172110846770_n\" data-dt-img-description=\"\" data-large_image_width=\"1152\" data-large_image_height=\"864\"href='https:\/\/www.radiopiu.net\/wordpress\/wp-content\/uploads\/2020\/12\/130303015_1017679348729609_8492696172110846770_n.jpg'><img loading=\"lazy\" decoding=\"async\" width=\"150\" height=\"150\" src=\"https:\/\/www.radiopiu.net\/wordpress\/wp-content\/uploads\/2020\/12\/130303015_1017679348729609_8492696172110846770_n-150x150.jpg\" class=\"attachment-thumbnail size-thumbnail\" alt=\"\" \/><\/a>\n\t\t\t\t<\/dt><\/dl><dl class='gallery-item'>\n\t\t\t\t<dt class='gallery-icon landscape'>\n\t\t\t\t\t<a class=\"rollover rollover-zoom dt-pswp-item\" title=\"130308304_2825532847688311_97742263081476358_n\" data-dt-img-description=\"\" data-large_image_width=\"1152\" data-large_image_height=\"864\"href='https:\/\/www.radiopiu.net\/wordpress\/wp-content\/uploads\/2020\/12\/130308304_2825532847688311_97742263081476358_n.jpg'><img loading=\"lazy\" decoding=\"async\" width=\"150\" height=\"150\" src=\"https:\/\/www.radiopiu.net\/wordpress\/wp-content\/uploads\/2020\/12\/130308304_2825532847688311_97742263081476358_n-150x150.jpg\" class=\"attachment-thumbnail size-thumbnail\" alt=\"\" \/><\/a>\n\t\t\t\t<\/dt><\/dl><dl class='gallery-item'>\n\t\t\t\t<dt class='gallery-icon landscape'>\n\t\t\t\t\t<a class=\"rollover rollover-zoom dt-pswp-item\" title=\"130411764_446767723388612_3233815267488605492_n\" data-dt-img-description=\"\" data-large_image_width=\"1152\" data-large_image_height=\"864\"href='https:\/\/www.radiopiu.net\/wordpress\/wp-content\/uploads\/2020\/12\/130411764_446767723388612_3233815267488605492_n.jpg'><img loading=\"lazy\" decoding=\"async\" width=\"150\" height=\"150\" src=\"https:\/\/www.radiopiu.net\/wordpress\/wp-content\/uploads\/2020\/12\/130411764_446767723388612_3233815267488605492_n-150x150.jpg\" class=\"attachment-thumbnail size-thumbnail\" alt=\"\" \/><\/a>\n\t\t\t\t<\/dt><\/dl><br style=\"clear: both\" \/>\n\t\t\t<\/div>\n\n<p>&nbsp;<\/p>\n<p>&nbsp;<\/p><\/blockquote>\n<\/div>\n<p>&nbsp;<\/p>\n<hr \/>\n<p>&nbsp;<\/p>\n<blockquote>\n<h3>LEONARDO MARIA SULLE ORME DEL PADRE, &#8220;CHE EMOZIONE&#8221;<\/h3>\n<\/blockquote>\n<p>&nbsp;<\/p>\n<p><strong>REDAZIONE<\/strong> &#8220;Che emozione, ho incrociato Francesco Milleri e Leonardo Maria Del Vecchio, nei corridoi di Luxottica mentre uscivo dalla mensa&#8221; E&#8217; la voce dell&#8217;operaio, di quell&#8217;uomo o quella donna che conosce la storia, che ricorda con commozione il padre fondatore Leonardo Del Vecchio e rivede con grande piacere, simpatia e stima uno dei figli, quel Leonardo Maria Del Vecchio** che tanto gli assomiglia. Sono le emozioni Luxottica, ancora pi\u00f9 amplificate dopo la scomparsa del &#8220;paron&#8221; che non era raro incrociare\u00a0 nei corridoi mentre si fermava a dialogare, non solo con i capi dal camice nero, ma anche con i turnisti a tempo pieno o i neo assunti interinali che con orgoglio hanno sempre portato la maglietta azzurra. Oggi \u00e8 capitato di nuovo con Leonardo Maria sulle orme del padre Leonardo, accompagnato da Francesco Milleri,\u00a0 successore di Leonardo Del Vecchio al timone dell\u2019impero Luxottica dopo la sua morte, avvenuta il 27 giugno 2022 all\u2019et\u00e0 di 87 anni. La voce dell&#8217;arrivo dei big Luxottica era stata anticipata, di buon mattino, dall&#8217;arrivo dell&#8217;elicottero atterrato con la solita precisione sulla piana dei Mogn accanto al PalaLuxottica.<\/p>\n<p><em>**Leonardo Maria Del Vecchio nasce nel 1995 a Milano da Leonardo Del Vecchio\u00a0e dalla sua seconda moglie\u00a0Nicoletta Zampillo. Quarto figlio di sei fratelli \u00e8 entrato subito nell\u2019azienda multinazionale di famiglia per seguire le orme del padre mancato a fine giugno 2022 all\u2019et\u00e0 di 87 anni. \u00a0Leonardo ha studiato Economia Aziendale e Management presso la\u00a0Bocconi\u00a0di Milano e ha viaggiato tra gli Stati Uniti e l\u2019Inghilterra per conoscere da vicino l\u2019attivit\u00e0 della sua famiglia. Dal 2017 \u00e8 tornato a vivere a Milano per occuparsi degli affari Italiani del Gruppo Luxottica.<\/em><\/p>\n\n\t\t\t<style type='text\/css'>\n\t\t\t\t#gallery-5 {\n\t\t\t\t\tmargin: auto;\n\t\t\t\t}\n\t\t\t\t#gallery-5 .gallery-item {\n\t\t\t\t\tfloat: left;\n\t\t\t\t\tmargin-top: 10px;\n\t\t\t\t\ttext-align: center;\n\t\t\t\t\twidth: 33%;\n\t\t\t\t}\n\t\t\t\t#gallery-5 img {\n\t\t\t\t\tborder: 2px solid #cfcfcf;\n\t\t\t\t}\n\t\t\t\t#gallery-5 .gallery-caption {\n\t\t\t\t\tmargin-left: 0;\n\t\t\t\t}\n\t\t\t\t\/* see gallery_shortcode() in wp-includes\/media.php *\/\n\t\t\t<\/style>\n\t\t<div id='gallery-5' class='dt-gallery-container gallery galleryid-315931 gallery-columns-3 gallery-size-thumbnail'><dl class='gallery-item'>\n\t\t\t\t<dt class='gallery-icon landscape'>\n\t\t\t\t\t<a class=\"rollover rollover-zoom dt-pswp-item\" title=\"th\" data-dt-img-description=\"\" data-large_image_width=\"474\" data-large_image_height=\"296\"href='https:\/\/www.radiopiu.net\/wordpress\/wp-content\/uploads\/2023\/01\/th-8.jpg'><img loading=\"lazy\" decoding=\"async\" width=\"150\" height=\"150\" src=\"https:\/\/www.radiopiu.net\/wordpress\/wp-content\/uploads\/2023\/01\/th-8-150x150.jpg\" class=\"attachment-thumbnail size-thumbnail\" alt=\"\" aria-describedby=\"gallery-5-316002\" \/><\/a>\n\t\t\t\t<\/dt>\n\t\t\t\t\t<dd class='wp-caption-text gallery-caption' id='gallery-5-316002'>\n\t\t\t\t\tLeonardo Maria Del Vecchio Chief Strategy Officer EssilorLuxottica\n\t\t\t\t\t<\/dd><\/dl><dl class='gallery-item'>\n\t\t\t\t<dt class='gallery-icon landscape'>\n\t\t\t\t\t<a class=\"rollover rollover-zoom dt-pswp-item\" title=\"Luxottica-Milleri-ad-1024x913\" data-dt-img-description=\"\" data-large_image_width=\"1024\" data-large_image_height=\"913\"href='https:\/\/www.radiopiu.net\/wordpress\/wp-content\/uploads\/2023\/01\/Luxottica-Milleri-ad-1024x913-1.jpg'><img loading=\"lazy\" decoding=\"async\" width=\"150\" height=\"150\" src=\"https:\/\/www.radiopiu.net\/wordpress\/wp-content\/uploads\/2023\/01\/Luxottica-Milleri-ad-1024x913-1-150x150.jpg\" class=\"attachment-thumbnail size-thumbnail\" alt=\"\" aria-describedby=\"gallery-5-316003\" \/><\/a>\n\t\t\t\t<\/dt>\n\t\t\t\t\t<dd class='wp-caption-text gallery-caption' id='gallery-5-316003'>\n\t\t\t\t\tFrancesco Milleri &#8211; Presidente e Amministrazione Delegato\n\t\t\t\t\t<\/dd><\/dl><dl class='gallery-item'>\n\t\t\t\t<dt class='gallery-icon landscape'>\n\t\t\t\t\t<a class=\"rollover rollover-zoom dt-pswp-item\" title=\"LEONARDO DEL VECCHIO\" data-dt-img-description=\"\" data-large_image_width=\"474\" data-large_image_height=\"316\"href='https:\/\/www.radiopiu.net\/wordpress\/wp-content\/uploads\/2023\/01\/th-9.jpg'><img loading=\"lazy\" decoding=\"async\" width=\"150\" height=\"150\" src=\"https:\/\/www.radiopiu.net\/wordpress\/wp-content\/uploads\/2023\/01\/th-9-150x150.jpg\" class=\"attachment-thumbnail size-thumbnail\" alt=\"\" \/><\/a>\n\t\t\t\t<\/dt><\/dl><br style=\"clear: both\" \/>\n\t\t\t<\/div>\n\n<p>&nbsp;<\/p>\n<hr \/>\n<p>&nbsp;<\/p>\n<blockquote>\n<h3>TORNA &#8220;SICURI SULLA NEVE&#8221; CON IL SOCCORSO ALPINO<\/h3>\n<\/blockquote>\n<p><strong><a class=\"dt-pswp-item\" href=\"https:\/\/www.radiopiu.net\/wordpress\/wp-content\/uploads\/2018\/08\/soccorsoalpino.jpg\" data-dt-img-description=\"\" data-large_image_width=\"1200\" data-large_image_height=\"1200\"><img loading=\"lazy\" decoding=\"async\" class=\" wp-image-59164 alignleft\" src=\"https:\/\/www.radiopiu.net\/wordpress\/wp-content\/uploads\/2018\/08\/soccorsoalpino-300x300.jpg\" alt=\"\" width=\"157\" height=\"157\" srcset=\"https:\/\/www.radiopiu.net\/wordpress\/wp-content\/uploads\/2018\/08\/soccorsoalpino-300x300.jpg 300w, https:\/\/www.radiopiu.net\/wordpress\/wp-content\/uploads\/2018\/08\/soccorsoalpino-150x150.jpg 150w, https:\/\/www.radiopiu.net\/wordpress\/wp-content\/uploads\/2018\/08\/soccorsoalpino-768x768.jpg 768w, https:\/\/www.radiopiu.net\/wordpress\/wp-content\/uploads\/2018\/08\/soccorsoalpino-1024x1024.jpg 1024w, https:\/\/www.radiopiu.net\/wordpress\/wp-content\/uploads\/2018\/08\/soccorsoalpino.jpg 1200w\" sizes=\"auto, (max-width: 157px) 100vw, 157px\" \/><\/a>MILANO <\/strong>Vivere la montagna in ragionevole sicurezza durante l\u2019inverno, consapevoli dei rischi e delle opportunit\u00e0 che questo ambiente offre: sono gli obiettivi dell\u2019iniziativa \u201cSicuri con la Neve\u201d, la tradizionale giornata organizzata dal Corpo Nazionale Soccorso Alpino e Speleologico in collaborazione con il Club Alpino Italiano per diffondere la sicurezza e la prevenzione del rischio nell\u2019ambiente montano durante la stagione invernale. Quest\u2019anno gli appuntamenti e gli incontri con il pubblico si terranno in presenza, in tutt\u2019Italia, domenica 15 gennaio. In gran parte delle regioni l\u2019organizzazione ha promosso, insieme alle strutture territoriali del Soccorso Alpino e Speleologico e del CAI, una serie di iniziative e incontri in ambiente dedicati a specifici ambiti della sicurezza. Dall\u2019utilizzo del dispositivo Artva, sonda e pala, veri \u201csalvavita\u201d in caso di valanga \u2013 da quest\u2019anno obbligatori per legge nelle attivit\u00e0 sportive effettuate ove ci sia un rischio di slavina \u2013 alle buone pratiche per affrontare i pendii innevati, lo scialpinismo, le lunghe escursioni invernali, il rischio ipotermia, le tecnologie utili alla sicurezza. Gli incontri vedranno come formatori proprio gli uomini e le donne del Soccorso Alpino, affiancati dagli istruttori del CAI e dalle Guide Alpine. Per il Soccorso Alpino e Speleologico parlare di prevenzione \u00e8 un dovere. Lo facciamo, come sempre, richiamando fortemente la responsabilit\u00e0 e la prudenza personale che vengono prima di qualsiasi competenza tecnica.\u00a0 In Veneto gli appuntamenti saranno due Il 13 e il 15 gennaio con il Soccorso alpino di Centro Cadore e Pieve di Cadore. PARTE TEORICA: Venerd\u00ec 13 gennaio in sede Soccorso alpino a Pieve di Cadore alle 20:30; sar\u00e0 possibile seguire la lezione teorica anche tramite le dirette Facebook pagina Soccorso Alpino e Speleologico Veneto e Instagram. PARTE TECNICO-PRATICA: Domenica 15 gennaio a Casera Razzo alle ore 10:00. \u00a0Per iscrizioni: <u><a href=\"mailto:pievedicadore@cnsas.veneto.it\">pievedicadore@cnsas.veneto.it<\/a><\/u><\/p>\n<p>&nbsp;<\/p>\n<p>&nbsp;<\/p>\n<hr \/>\n<p>&nbsp;<\/p>\n<blockquote>\n<h3>PNRR: 172 MILA EURO PER LA TRASFORMAZIONE DIGITALE<\/h3>\n<\/blockquote>\n<p><strong><a class=\"dt-pswp-item\" href=\"https:\/\/www.radiopiu.net\/wordpress\/wp-content\/uploads\/2023\/01\/Trasformazione-digitale.jpg\" data-dt-img-description=\"\" data-large_image_width=\"1764\" data-large_image_height=\"1214\"><img loading=\"lazy\" decoding=\"async\" class=\" wp-image-316001 alignleft\" src=\"https:\/\/www.radiopiu.net\/wordpress\/wp-content\/uploads\/2023\/01\/Trasformazione-digitale-300x206.jpg\" alt=\"\" width=\"205\" height=\"141\" srcset=\"https:\/\/www.radiopiu.net\/wordpress\/wp-content\/uploads\/2023\/01\/Trasformazione-digitale-300x206.jpg 300w, https:\/\/www.radiopiu.net\/wordpress\/wp-content\/uploads\/2023\/01\/Trasformazione-digitale-1024x705.jpg 1024w, https:\/\/www.radiopiu.net\/wordpress\/wp-content\/uploads\/2023\/01\/Trasformazione-digitale-768x529.jpg 768w, https:\/\/www.radiopiu.net\/wordpress\/wp-content\/uploads\/2023\/01\/Trasformazione-digitale-1536x1057.jpg 1536w, https:\/\/www.radiopiu.net\/wordpress\/wp-content\/uploads\/2023\/01\/Trasformazione-digitale.jpg 1764w\" sizes=\"auto, (max-width: 205px) 100vw, 205px\" \/><\/a>PONTE NELLE ALPI<\/strong> L\u2019amministrazione comunale di Ponte nelle Alpi si vede assegnare 172mila euro di contributi legati al Pnrr e dedicati alla trasformazione digitale dell\u2019ente. Due le direttive: il potenziamento dei servizi e quello della cittadinanza digitale. Le misure interessate riguardano l\u2019\u201cEsperienza del cittadino nei servizi pubblici\u201d e la \u201cPiattaforma Notifiche Digitali\u201d. La prima consente di migliorare il rapporto con l\u2019utenza. Notifiche Digitali, permette all&#8217;amministrazione di inviare alla collettivit\u00e0 notifiche a valore legale relative agli atti amministrativi. Soddisfatta la consigliera con delega all\u2019Informatizzazione, Sabrina Dassi\u00e8: <em>\u00abSemplificazione, trasparenza, velocit\u00e0 di reperibilit\u00e0 e consegna dei dati, ottimizzazione delle risorse umane, rimodulazione degli spazi e dei tempi sono alcuni aspetti che il processo di trasformazione digitale si propone di favorire. Un processo lungo e complesso, interno ed esterno all\u2019ente, che consentir\u00e0 di valorizzare il territorio attraverso quella cultura digitale destinata a creare una rete civica di servizio e di vicinanza al cittadino\u00bb. <\/em>\u00a0Sar\u00e0 tra l&#8217;altro consentito al cittadino di effettuare in modalit\u00e0 digitale la presentazione delle domande connesse ai principali procedimenti amministrativi.<\/p>\n<p>&nbsp;<\/p>\n<hr \/>\n<p>&nbsp;<\/p>\n<blockquote>\n<h2>MONGOLFIERE IN VOLO TRA PALE DI SAN LUCANO E AGNER<\/h2>\n<p>FOTO Duilio Da Campo, Gianfranco Redigonda<\/p><\/blockquote>\n\n\t\t\t<style type='text\/css'>\n\t\t\t\t#gallery-6 {\n\t\t\t\t\tmargin: auto;\n\t\t\t\t}\n\t\t\t\t#gallery-6 .gallery-item {\n\t\t\t\t\tfloat: left;\n\t\t\t\t\tmargin-top: 10px;\n\t\t\t\t\ttext-align: center;\n\t\t\t\t\twidth: 20%;\n\t\t\t\t}\n\t\t\t\t#gallery-6 img {\n\t\t\t\t\tborder: 2px solid #cfcfcf;\n\t\t\t\t}\n\t\t\t\t#gallery-6 .gallery-caption {\n\t\t\t\t\tmargin-left: 0;\n\t\t\t\t}\n\t\t\t\t\/* see gallery_shortcode() in wp-includes\/media.php *\/\n\t\t\t<\/style>\n\t\t<div id='gallery-6' class='dt-gallery-container gallery galleryid-315931 gallery-columns-5 gallery-size-thumbnail'><dl class='gallery-item'>\n\t\t\t\t<dt class='gallery-icon landscape'>\n\t\t\t\t\t<a class=\"rollover\" href='https:\/\/www.radiopiu.net\/wordpress\/giornale-radiopiu-11-gennaio-2023-direttore-mirko-mezzacasa-verso-i-40-anni-25-giugno-1983-25-giugno-2023\/ced960c4-9c85-4d90-ba02-7f197206db36\/'><img loading=\"lazy\" decoding=\"async\" width=\"150\" height=\"150\" src=\"https:\/\/www.radiopiu.net\/wordpress\/wp-content\/uploads\/2023\/01\/ced960c4-9c85-4d90-ba02-7f197206db36-150x150.jpg\" class=\"attachment-thumbnail size-thumbnail\" alt=\"\" \/><\/a>\n\t\t\t\t<\/dt><\/dl><dl class='gallery-item'>\n\t\t\t\t<dt class='gallery-icon landscape'>\n\t\t\t\t\t<a class=\"rollover\" href='https:\/\/www.radiopiu.net\/wordpress\/giornale-radiopiu-11-gennaio-2023-direttore-mirko-mezzacasa-verso-i-40-anni-25-giugno-1983-25-giugno-2023\/b0997765-9732-4d6f-bb1d-d190cc3dffa6\/'><img loading=\"lazy\" decoding=\"async\" width=\"150\" height=\"150\" src=\"https:\/\/www.radiopiu.net\/wordpress\/wp-content\/uploads\/2023\/01\/b0997765-9732-4d6f-bb1d-d190cc3dffa6-150x150.jpg\" class=\"attachment-thumbnail size-thumbnail\" alt=\"\" \/><\/a>\n\t\t\t\t<\/dt><\/dl><dl class='gallery-item'>\n\t\t\t\t<dt class='gallery-icon landscape'>\n\t\t\t\t\t<a class=\"rollover\" href='https:\/\/www.radiopiu.net\/wordpress\/giornale-radiopiu-11-gennaio-2023-direttore-mirko-mezzacasa-verso-i-40-anni-25-giugno-1983-25-giugno-2023\/c28a375c-b721-47f3-acde-157120d77ef1\/'><img loading=\"lazy\" decoding=\"async\" width=\"150\" height=\"150\" src=\"https:\/\/www.radiopiu.net\/wordpress\/wp-content\/uploads\/2023\/01\/c28a375c-b721-47f3-acde-157120d77ef1-150x150.jpg\" class=\"attachment-thumbnail size-thumbnail\" alt=\"\" \/><\/a>\n\t\t\t\t<\/dt><\/dl><dl class='gallery-item'>\n\t\t\t\t<dt class='gallery-icon landscape'>\n\t\t\t\t\t<a class=\"rollover\" href='https:\/\/www.radiopiu.net\/wordpress\/giornale-radiopiu-11-gennaio-2023-direttore-mirko-mezzacasa-verso-i-40-anni-25-giugno-1983-25-giugno-2023\/2057bc3c-b0f6-4cad-a05b-65b3dc8d0f14\/'><img loading=\"lazy\" decoding=\"async\" width=\"150\" height=\"150\" src=\"https:\/\/www.radiopiu.net\/wordpress\/wp-content\/uploads\/2023\/01\/2057bc3c-b0f6-4cad-a05b-65b3dc8d0f14-150x150.jpg\" class=\"attachment-thumbnail size-thumbnail\" alt=\"\" \/><\/a>\n\t\t\t\t<\/dt><\/dl><dl class='gallery-item'>\n\t\t\t\t<dt class='gallery-icon landscape'>\n\t\t\t\t\t<a class=\"rollover\" href='https:\/\/www.radiopiu.net\/wordpress\/giornale-radiopiu-11-gennaio-2023-direttore-mirko-mezzacasa-verso-i-40-anni-25-giugno-1983-25-giugno-2023\/c5513f42-c9a4-4f5b-ae44-380fbeb01413\/'><img loading=\"lazy\" decoding=\"async\" width=\"150\" height=\"150\" src=\"https:\/\/www.radiopiu.net\/wordpress\/wp-content\/uploads\/2023\/01\/c5513f42-c9a4-4f5b-ae44-380fbeb01413-150x150.jpg\" class=\"attachment-thumbnail size-thumbnail\" alt=\"\" \/><\/a>\n\t\t\t\t<\/dt><\/dl><br style=\"clear: both\" \/>\n\t\t\t<\/div>\n\n<p>&nbsp;<\/p>\n<p>&nbsp;<\/p>\n<hr \/>\n<p>&nbsp;<\/p>\n<p><strong>DI TIZIANO DE COL<\/strong><\/p>\n\n\t\t\t<style type='text\/css'>\n\t\t\t\t#gallery-7 {\n\t\t\t\t\tmargin: auto;\n\t\t\t\t}\n\t\t\t\t#gallery-7 .gallery-item {\n\t\t\t\t\tfloat: left;\n\t\t\t\t\tmargin-top: 10px;\n\t\t\t\t\ttext-align: center;\n\t\t\t\t\twidth: 20%;\n\t\t\t\t}\n\t\t\t\t#gallery-7 img {\n\t\t\t\t\tborder: 2px solid #cfcfcf;\n\t\t\t\t}\n\t\t\t\t#gallery-7 .gallery-caption {\n\t\t\t\t\tmargin-left: 0;\n\t\t\t\t}\n\t\t\t\t\/* see gallery_shortcode() in wp-includes\/media.php *\/\n\t\t\t<\/style>\n\t\t<div id='gallery-7' class='dt-gallery-container gallery galleryid-315931 gallery-columns-5 gallery-size-thumbnail'><dl class='gallery-item'>\n\t\t\t\t<dt class='gallery-icon landscape'>\n\t\t\t\t\t<a class=\"rollover rollover-zoom dt-pswp-item\" title=\"3ba13d15-4d42-469d-abb5-1a09e07a9b88\" data-dt-img-description=\"\" data-large_image_width=\"594\" data-large_image_height=\"365\"href='https:\/\/www.radiopiu.net\/wordpress\/wp-content\/uploads\/2023\/01\/3ba13d15-4d42-469d-abb5-1a09e07a9b88.jpg'><img loading=\"lazy\" decoding=\"async\" width=\"150\" height=\"150\" src=\"https:\/\/www.radiopiu.net\/wordpress\/wp-content\/uploads\/2023\/01\/3ba13d15-4d42-469d-abb5-1a09e07a9b88-150x150.jpg\" class=\"attachment-thumbnail size-thumbnail\" alt=\"\" \/><\/a>\n\t\t\t\t<\/dt><\/dl><dl class='gallery-item'>\n\t\t\t\t<dt class='gallery-icon landscape'>\n\t\t\t\t\t<a class=\"rollover rollover-zoom dt-pswp-item\" title=\"d09cbfdd-6404-4be5-b9b5-af040363431c\" data-dt-img-description=\"\" data-large_image_width=\"592\" data-large_image_height=\"365\"href='https:\/\/www.radiopiu.net\/wordpress\/wp-content\/uploads\/2023\/01\/d09cbfdd-6404-4be5-b9b5-af040363431c.jpg'><img loading=\"lazy\" decoding=\"async\" width=\"150\" height=\"150\" src=\"https:\/\/www.radiopiu.net\/wordpress\/wp-content\/uploads\/2023\/01\/d09cbfdd-6404-4be5-b9b5-af040363431c-150x150.jpg\" class=\"attachment-thumbnail size-thumbnail\" alt=\"\" \/><\/a>\n\t\t\t\t<\/dt><\/dl><dl class='gallery-item'>\n\t\t\t\t<dt class='gallery-icon landscape'>\n\t\t\t\t\t<a class=\"rollover rollover-zoom dt-pswp-item\" title=\"b9e30d74-02f2-4f2e-ab2b-92c5ad91ced7\" data-dt-img-description=\"\" data-large_image_width=\"610\" data-large_image_height=\"363\"href='https:\/\/www.radiopiu.net\/wordpress\/wp-content\/uploads\/2023\/01\/b9e30d74-02f2-4f2e-ab2b-92c5ad91ced7.jpg'><img loading=\"lazy\" decoding=\"async\" width=\"150\" height=\"150\" src=\"https:\/\/www.radiopiu.net\/wordpress\/wp-content\/uploads\/2023\/01\/b9e30d74-02f2-4f2e-ab2b-92c5ad91ced7-150x150.jpg\" class=\"attachment-thumbnail size-thumbnail\" alt=\"\" \/><\/a>\n\t\t\t\t<\/dt><\/dl><dl class='gallery-item'>\n\t\t\t\t<dt class='gallery-icon landscape'>\n\t\t\t\t\t<a class=\"rollover rollover-zoom dt-pswp-item\" title=\"e2aeb37f-26a5-4595-a601-69616376edce\" data-dt-img-description=\"\" data-large_image_width=\"596\" data-large_image_height=\"360\"href='https:\/\/www.radiopiu.net\/wordpress\/wp-content\/uploads\/2023\/01\/e2aeb37f-26a5-4595-a601-69616376edce.jpg'><img loading=\"lazy\" decoding=\"async\" width=\"150\" height=\"150\" src=\"https:\/\/www.radiopiu.net\/wordpress\/wp-content\/uploads\/2023\/01\/e2aeb37f-26a5-4595-a601-69616376edce-150x150.jpg\" class=\"attachment-thumbnail size-thumbnail\" alt=\"\" \/><\/a>\n\t\t\t\t<\/dt><\/dl><dl class='gallery-item'>\n\t\t\t\t<dt class='gallery-icon landscape'>\n\t\t\t\t\t<a class=\"rollover rollover-zoom dt-pswp-item\" title=\"398916c9-b03e-4f5e-8663-d07961cbdca9\" data-dt-img-description=\"\" data-large_image_width=\"616\" data-large_image_height=\"363\"href='https:\/\/www.radiopiu.net\/wordpress\/wp-content\/uploads\/2023\/01\/398916c9-b03e-4f5e-8663-d07961cbdca9.jpg'><img loading=\"lazy\" decoding=\"async\" width=\"150\" height=\"150\" src=\"https:\/\/www.radiopiu.net\/wordpress\/wp-content\/uploads\/2023\/01\/398916c9-b03e-4f5e-8663-d07961cbdca9-150x150.jpg\" class=\"attachment-thumbnail size-thumbnail\" alt=\"\" \/><\/a>\n\t\t\t\t<\/dt><\/dl><br style=\"clear: both\" \/>\n\t\t\t<\/div>\n\n<hr \/>\n<p>&nbsp;<\/p>\n<p>&nbsp;<\/p>\n<p><a class=\"dt-pswp-item\" href=\"https:\/\/www.radiopiu.net\/wordpress\/wp-content\/uploads\/2023\/01\/f357cc9c-828e-4d9b-9ff4-ec3efed24d74.jpg\" data-dt-img-description=\"\" data-large_image_width=\"724\" data-large_image_height=\"1024\"><img loading=\"lazy\" decoding=\"async\" class=\"wp-image-315069 alignleft\" src=\"https:\/\/www.radiopiu.net\/wordpress\/wp-content\/uploads\/2023\/01\/f357cc9c-828e-4d9b-9ff4-ec3efed24d74.jpg\" alt=\"\" width=\"140\" height=\"198\" srcset=\"https:\/\/www.radiopiu.net\/wordpress\/wp-content\/uploads\/2023\/01\/f357cc9c-828e-4d9b-9ff4-ec3efed24d74.jpg 724w, https:\/\/www.radiopiu.net\/wordpress\/wp-content\/uploads\/2023\/01\/f357cc9c-828e-4d9b-9ff4-ec3efed24d74-212x300.jpg 212w\" sizes=\"auto, (max-width: 140px) 100vw, 140px\" \/><\/a><\/p>\n<h1><span style=\"color: #ff00ff;\">AGORDINO IN FERMENTO&#8230;AGORDINO IN MOVIMENTO\u00a0<\/span><\/h1>\n<blockquote><p><span style=\"color: #ff0000;\"><strong>A CARNEVALE&#8230; EL CARNEVAL DE LE VAI&#8230;DA SELVA DI CADORE A CANALE D&#8217;AGORDO, DA RIVAMONTE A LASTE E SOTTOGUDA. TRADIZIONE, CULTURLA E SPETTACOLO\u00a0 L&#8217;INCONTRO ALLA RADIO CON GLI ORGANIZZATORI<\/strong><\/span><\/p><\/blockquote>\n<p>&nbsp;<\/p>\n<p>&nbsp;<\/p>\n<p><iframe loading=\"lazy\" title=\"CARNEVAI DE LE VAI L&#039;INTERVISTA AI PROTAGONISTI\" width=\"1200\" height=\"675\" src=\"https:\/\/www.youtube.com\/embed\/w-vtgGV1TuM?feature=oembed\" frameborder=\"0\" allow=\"accelerometer; autoplay; clipboard-write; encrypted-media; gyroscope; picture-in-picture; web-share\" allowfullscreen><\/iframe><\/p>\n<p>&nbsp;<\/p>\n<p>&nbsp;<\/p>\n<hr \/>\n<p>&nbsp;<\/p>\n<blockquote>\n<h3>L&#8217;ULTIMO CONCERTO IN AGORDINO DI GIORGIO FORNASIER<\/h3>\n<\/blockquote>\n<p><strong>GOSALDO<\/strong><\/p>\n<p>di Gianni Santomaso<\/p>\n<audio class=\"wp-audio-shortcode\" id=\"audio-315931-7\" preload=\"none\" style=\"width: 100%;\" controls=\"controls\"><source type=\"audio\/mpeg\" src=\"https:\/\/www.radiopiu.net\/wordpress\/wp-content\/uploads\/2023\/01\/GIANNI-LULTIMO-CONCERTO-IN-AGORDINO-DI-GIORGIO-FORNASIER.mp3?_=7\" \/><a href=\"https:\/\/www.radiopiu.net\/wordpress\/wp-content\/uploads\/2023\/01\/GIANNI-LULTIMO-CONCERTO-IN-AGORDINO-DI-GIORGIO-FORNASIER.mp3\">https:\/\/www.radiopiu.net\/wordpress\/wp-content\/uploads\/2023\/01\/GIANNI-LULTIMO-CONCERTO-IN-AGORDINO-DI-GIORGIO-FORNASIER.mp3<\/a><\/audio>\n<p>&nbsp;<\/p>\n\n\t\t\t<style type='text\/css'>\n\t\t\t\t#gallery-8 {\n\t\t\t\t\tmargin: auto;\n\t\t\t\t}\n\t\t\t\t#gallery-8 .gallery-item {\n\t\t\t\t\tfloat: left;\n\t\t\t\t\tmargin-top: 10px;\n\t\t\t\t\ttext-align: center;\n\t\t\t\t\twidth: 50%;\n\t\t\t\t}\n\t\t\t\t#gallery-8 img {\n\t\t\t\t\tborder: 2px solid #cfcfcf;\n\t\t\t\t}\n\t\t\t\t#gallery-8 .gallery-caption {\n\t\t\t\t\tmargin-left: 0;\n\t\t\t\t}\n\t\t\t\t\/* see gallery_shortcode() in wp-includes\/media.php *\/\n\t\t\t<\/style>\n\t\t<div id='gallery-8' class='dt-gallery-container gallery galleryid-315931 gallery-columns-2 gallery-size-thumbnail'><dl class='gallery-item'>\n\t\t\t\t<dt class='gallery-icon landscape'>\n\t\t\t\t\t<a class=\"rollover rollover-zoom dt-pswp-item\" title=\"9489a91c-6ea3-4246-a83f-8c585e791f0d\" data-dt-img-description=\"\" data-large_image_width=\"640\" data-large_image_height=\"352\"href='https:\/\/www.radiopiu.net\/wordpress\/wp-content\/uploads\/2023\/01\/9489a91c-6ea3-4246-a83f-8c585e791f0d.jpg'><img loading=\"lazy\" decoding=\"async\" width=\"150\" height=\"150\" src=\"https:\/\/www.radiopiu.net\/wordpress\/wp-content\/uploads\/2023\/01\/9489a91c-6ea3-4246-a83f-8c585e791f0d-150x150.jpg\" class=\"attachment-thumbnail size-thumbnail\" alt=\"\" \/><\/a>\n\t\t\t\t<\/dt><\/dl><dl class='gallery-item'>\n\t\t\t\t<dt class='gallery-icon portrait'>\n\t\t\t\t\t<a class=\"rollover rollover-zoom dt-pswp-item\" title=\"bfb13d56-d878-4c49-891d-a756a71734fb\" data-dt-img-description=\"\" data-large_image_width=\"1080\" data-large_image_height=\"1548\"href='https:\/\/www.radiopiu.net\/wordpress\/wp-content\/uploads\/2023\/01\/bfb13d56-d878-4c49-891d-a756a71734fb.jpg'><img loading=\"lazy\" decoding=\"async\" width=\"150\" height=\"150\" src=\"https:\/\/www.radiopiu.net\/wordpress\/wp-content\/uploads\/2023\/01\/bfb13d56-d878-4c49-891d-a756a71734fb-150x150.jpg\" class=\"attachment-thumbnail size-thumbnail\" alt=\"\" \/><\/a>\n\t\t\t\t<\/dt><\/dl><br style=\"clear: both\" \/>\n\t\t\t<\/div>\n\n<p>&nbsp;<\/p>\n<hr \/>\n<p>&nbsp;<\/p>\n<blockquote>\n<h3>SCAMBI BREVI DEL ROTARY CLUB BELLUNO<\/h3>\n<\/blockquote>\n<p><strong>BELLUNO<\/strong>\u00a0 C\u2019\u00e8 tempo fino al 31 gennaio per iscriversi agli \u201cScambi giovani 2023\u201d.\u00a0 Un\u2019opportunit\u00e0 offerta dal Rotary Club Belluno ai giovani, dai 15 ai 25 anni, intenzionati a vivere un\u2019esperienza \u2013 reciproca \u2013 all\u2019estero.\u00a0 Tutte le informazioni e le schede per la candidatura si trovano direttamente sul sito <a class=\"moz-txt-link-freetext\" href=\"https:\/\/www.rotarybelluno.org\/project\/rye-scambi-giovani\/\">www.rotarybelluno.org.<\/a><\/p>\n<p>&nbsp;<\/p>\n<p>&nbsp;<\/p>\n<hr \/>\n<p>&nbsp;<\/p>\n<blockquote>\n<h3>IL LIBRO DI ERMINIO MAZZUCCO<\/h3>\n<\/blockquote>\n<p><strong>LIMANA<\/strong> lI Comune\u00a0 presenta il libro\u00a0 &#8220;IL VOLTO ARTISTICO DEL POTERE&#8221; di Erminio Mazzucco. Venerdi alle 20.30 nella Sala Luigi Nocivelli di Via Ruggero Fiabane n. 3,\u00a0 ingresso dietro la Biblioteca Comunale<\/p>\n<p>&nbsp;<\/p>\n<p>&nbsp;<\/p>\n<hr \/>\n<p>&nbsp;<\/p>\n<blockquote>\n<h3>APERTE LE ISCRIZIONI PER LA SCUOLA DI CANTO DE LE MUSE E LE DOLOMITI<\/h3>\n<\/blockquote>\n<p><strong><a class=\"dt-pswp-item\" href=\"https:\/\/www.radiopiu.net\/wordpress\/wp-content\/uploads\/2022\/07\/LE-MUSE.png\" data-dt-img-description=\"\" data-large_image_width=\"750\" data-large_image_height=\"750\"><img loading=\"lazy\" decoding=\"async\" class=\" wp-image-288787 alignleft\" src=\"https:\/\/www.radiopiu.net\/wordpress\/wp-content\/uploads\/2022\/07\/LE-MUSE-300x300.png\" alt=\"\" width=\"145\" height=\"145\" srcset=\"https:\/\/www.radiopiu.net\/wordpress\/wp-content\/uploads\/2022\/07\/LE-MUSE-300x300.png 300w, https:\/\/www.radiopiu.net\/wordpress\/wp-content\/uploads\/2022\/07\/LE-MUSE-150x150.png 150w, https:\/\/www.radiopiu.net\/wordpress\/wp-content\/uploads\/2022\/07\/LE-MUSE.png 750w\" sizes=\"auto, (max-width: 145px) 100vw, 145px\" \/><\/a>FALCADE<\/strong><\/p>\n<p>di Gianni Santomaso<\/p>\n<audio class=\"wp-audio-shortcode\" id=\"audio-315931-8\" preload=\"none\" style=\"width: 100%;\" controls=\"controls\"><source type=\"audio\/mpeg\" src=\"https:\/\/www.radiopiu.net\/wordpress\/wp-content\/uploads\/2023\/01\/GIANNI-APERTE-LE-ISCRIZIONI-PER-LA-SCUOLA-DI-CANTO-DE-LE-MUSE-E-LE-DOLOMITI.mp3?_=8\" \/><a href=\"https:\/\/www.radiopiu.net\/wordpress\/wp-content\/uploads\/2023\/01\/GIANNI-APERTE-LE-ISCRIZIONI-PER-LA-SCUOLA-DI-CANTO-DE-LE-MUSE-E-LE-DOLOMITI.mp3\">https:\/\/www.radiopiu.net\/wordpress\/wp-content\/uploads\/2023\/01\/GIANNI-APERTE-LE-ISCRIZIONI-PER-LA-SCUOLA-DI-CANTO-DE-LE-MUSE-E-LE-DOLOMITI.mp3<\/a><\/audio>\n<p>&nbsp;<\/p>\n<hr \/>\n<div class=\"column\">\n<h1><span style=\"color: #ff00ff;\">\u00a0<\/span><\/h1>\n<h1><span style=\"color: #ff00ff;\">AGORDINO IN FERMENTO&#8230;AGORDINO IN MOVIMENTO\u00a0<\/span><\/h1>\n<div class=\"column\">\n<p style=\"text-align: left;\"><strong><a class=\"dt-pswp-item\" href=\"https:\/\/www.radiopiu.net\/wordpress\/wp-content\/uploads\/2023\/01\/CASPARETHA_page-0001.jpg\" data-dt-img-description=\"\" data-large_image_width=\"886\" data-large_image_height=\"632\"><img loading=\"lazy\" decoding=\"async\" class=\" wp-image-315112 alignleft\" src=\"https:\/\/www.radiopiu.net\/wordpress\/wp-content\/uploads\/2023\/01\/CASPARETHA_page-0001-300x214.jpg\" alt=\"\" width=\"243\" height=\"173\" srcset=\"https:\/\/www.radiopiu.net\/wordpress\/wp-content\/uploads\/2023\/01\/CASPARETHA_page-0001-300x214.jpg 300w, https:\/\/www.radiopiu.net\/wordpress\/wp-content\/uploads\/2023\/01\/CASPARETHA_page-0001-768x548.jpg 768w, https:\/\/www.radiopiu.net\/wordpress\/wp-content\/uploads\/2023\/01\/CASPARETHA_page-0001.jpg 886w\" sizes=\"auto, (max-width: 243px) 100vw, 243px\" \/><\/a>CANALE D&#8217;AGORDO<\/strong> Sabato 4 febbraio \u00e8 in programma la Casparetha 2023, camminata competitiva e non in notturna con racchette da neve su tracciato di circa 5 km.<\/p>\n<p><strong>di Gianni Santomaso<\/strong><\/p>\n<audio class=\"wp-audio-shortcode\" id=\"audio-315931-9\" preload=\"none\" style=\"width: 100%;\" controls=\"controls\"><source type=\"audio\/mpeg\" src=\"https:\/\/www.radiopiu.net\/wordpress\/wp-content\/uploads\/2023\/01\/GIANNI-CASPARETHA.mp3?_=9\" \/><a href=\"https:\/\/www.radiopiu.net\/wordpress\/wp-content\/uploads\/2023\/01\/GIANNI-CASPARETHA.mp3\">https:\/\/www.radiopiu.net\/wordpress\/wp-content\/uploads\/2023\/01\/GIANNI-CASPARETHA.mp3<\/a><\/audio>\n<p>&nbsp;<\/p>\n<hr \/>\n<\/div>\n<\/div>\n<h2><span style=\"color: #008080;\">\u00a0<\/span><\/h2>\n<h2><span style=\"color: #008080;\">&#8220;DINTORN E FORA VIA&#8221;\u00a0<\/span><span style=\"color: #008080;\"> IL PROGRAMMA\u00a0 <\/span><span style=\"color: #008080;\">A CURA DEL MUSLA\u00a0 IL MARTEDI E IL VENERDI ALLE 10.15 E ALLE 19 ALLA RADIO<\/span><\/h2>\n<h1 style=\"text-align: center;\"><strong><span style=\"color: #ff0000;\">SECONDO ANNO<\/span><\/strong><\/h1>\n<p>&nbsp;<\/p>\n<p>&nbsp;<\/p>\n<p style=\"text-align: left;\"><strong><a class=\"dt-pswp-item\" href=\"https:\/\/www.radiopiu.net\/wordpress\/wp-content\/uploads\/2023\/01\/54abef45-1141-441c-aa21-b238c896badd.jpg\" data-dt-img-description=\"\" data-large_image_width=\"1124\" data-large_image_height=\"318\"><img loading=\"lazy\" decoding=\"async\" class=\"wp-image-316015 alignleft\" src=\"https:\/\/www.radiopiu.net\/wordpress\/wp-content\/uploads\/2023\/01\/54abef45-1141-441c-aa21-b238c896badd-300x85.jpg\" alt=\"\" width=\"233\" height=\"66\" srcset=\"https:\/\/www.radiopiu.net\/wordpress\/wp-content\/uploads\/2023\/01\/54abef45-1141-441c-aa21-b238c896badd-300x85.jpg 300w, https:\/\/www.radiopiu.net\/wordpress\/wp-content\/uploads\/2023\/01\/54abef45-1141-441c-aa21-b238c896badd-1024x290.jpg 1024w, https:\/\/www.radiopiu.net\/wordpress\/wp-content\/uploads\/2023\/01\/54abef45-1141-441c-aa21-b238c896badd-768x217.jpg 768w, https:\/\/www.radiopiu.net\/wordpress\/wp-content\/uploads\/2023\/01\/54abef45-1141-441c-aa21-b238c896badd-350x100.jpg 350w, https:\/\/www.radiopiu.net\/wordpress\/wp-content\/uploads\/2023\/01\/54abef45-1141-441c-aa21-b238c896badd.jpg 1124w\" sizes=\"auto, (max-width: 233px) 100vw, 233px\" \/><\/a>PUNTATA DEL 10 GENNAIO MICHELA DELL&#8217;OSBEL\u00a0<\/strong><\/p>\n<p>&nbsp;<\/p>\n<p>&nbsp;<\/p>\n<audio class=\"wp-audio-shortcode\" id=\"audio-315931-10\" preload=\"none\" style=\"width: 100%;\" controls=\"controls\"><source type=\"audio\/mpeg\" src=\"https:\/\/www.radiopiu.net\/wordpress\/wp-content\/uploads\/2023\/01\/MUSLA.mp3?_=10\" \/><a href=\"https:\/\/www.radiopiu.net\/wordpress\/wp-content\/uploads\/2023\/01\/MUSLA.mp3\">https:\/\/www.radiopiu.net\/wordpress\/wp-content\/uploads\/2023\/01\/MUSLA.mp3<\/a><\/audio>\n<p><strong>\u00a0<\/strong><\/p>\n<p><strong>LA RACCOLTA COMPLETA<\/strong><\/p>\n<blockquote class=\"wp-embedded-content\" data-secret=\"HxFIthNjCJ\"><p><a href=\"https:\/\/www.radiopiu.net\/wordpress\/musla\/\">MUSLA<\/a><\/p><\/blockquote>\n<p><iframe loading=\"lazy\" class=\"wp-embedded-content\" sandbox=\"allow-scripts\" security=\"restricted\" style=\"position: absolute; clip: rect(1px, 1px, 1px, 1px);\" title=\"&#8220;MUSLA&#8221; &#8212; Radio Pi\u00f9\" src=\"https:\/\/www.radiopiu.net\/wordpress\/musla\/embed\/#?secret=HWZSOJh0gn#?secret=HxFIthNjCJ\" data-secret=\"HxFIthNjCJ\" width=\"600\" height=\"338\" frameborder=\"0\" marginwidth=\"0\" marginheight=\"0\" scrolling=\"no\"><\/iframe><\/p>\n<p>&nbsp;<\/p>\n<hr \/>\n<p>&nbsp;<\/p>\n<blockquote>\n<h2>APPUNTAMENTI &#8211; EVENTI<\/h2>\n<\/blockquote>\n\n\t\t\t<style type='text\/css'>\n\t\t\t\t#gallery-9 {\n\t\t\t\t\tmargin: auto;\n\t\t\t\t}\n\t\t\t\t#gallery-9 .gallery-item {\n\t\t\t\t\tfloat: left;\n\t\t\t\t\tmargin-top: 10px;\n\t\t\t\t\ttext-align: center;\n\t\t\t\t\twidth: 33%;\n\t\t\t\t}\n\t\t\t\t#gallery-9 img {\n\t\t\t\t\tborder: 2px solid #cfcfcf;\n\t\t\t\t}\n\t\t\t\t#gallery-9 .gallery-caption {\n\t\t\t\t\tmargin-left: 0;\n\t\t\t\t}\n\t\t\t\t\/* see gallery_shortcode() in wp-includes\/media.php *\/\n\t\t\t<\/style>\n\t\t<div id='gallery-9' class='dt-gallery-container gallery galleryid-315931 gallery-columns-3 gallery-size-thumbnail'><dl class='gallery-item'>\n\t\t\t\t<dt class='gallery-icon portrait'>\n\t\t\t\t\t<a class=\"rollover rollover-zoom dt-pswp-item\" title=\"34712c4d-1310-4db5-a620-fe6ede9a0848\" data-dt-img-description=\"\" data-large_image_width=\"1131\" data-large_image_height=\"1600\"href='https:\/\/www.radiopiu.net\/wordpress\/wp-content\/uploads\/2023\/01\/34712c4d-1310-4db5-a620-fe6ede9a0848.jpg'><img loading=\"lazy\" decoding=\"async\" width=\"150\" height=\"150\" src=\"https:\/\/www.radiopiu.net\/wordpress\/wp-content\/uploads\/2023\/01\/34712c4d-1310-4db5-a620-fe6ede9a0848-150x150.jpg\" class=\"attachment-thumbnail size-thumbnail\" alt=\"\" aria-describedby=\"gallery-9-316092\" \/><\/a>\n\t\t\t\t<\/dt>\n\t\t\t\t\t<dd class='wp-caption-text gallery-caption' id='gallery-9-316092'>\n\t\t\t\t\tDAL FARRA E BAND IN CONCERTO A LONGARONE\n\t\t\t\t\t<\/dd><\/dl><dl class='gallery-item'>\n\t\t\t\t<dt class='gallery-icon portrait'>\n\t\t\t\t\t<a class=\"rollover rollover-zoom dt-pswp-item\" title=\"323229347_2844929715651064_3411250484413883413_n\" data-dt-img-description=\"\" data-large_image_width=\"724\" data-large_image_height=\"1024\"href='https:\/\/www.radiopiu.net\/wordpress\/wp-content\/uploads\/2023\/01\/323229347_2844929715651064_3411250484413883413_n.jpg'><img loading=\"lazy\" decoding=\"async\" width=\"150\" height=\"150\" src=\"https:\/\/www.radiopiu.net\/wordpress\/wp-content\/uploads\/2023\/01\/323229347_2844929715651064_3411250484413883413_n-150x150.jpg\" class=\"attachment-thumbnail size-thumbnail\" alt=\"\" aria-describedby=\"gallery-9-316095\" \/><\/a>\n\t\t\t\t<\/dt>\n\t\t\t\t\t<dd class='wp-caption-text gallery-caption' id='gallery-9-316095'>\n\t\t\t\t\tSAN BASTIAN, PATRONO DI FALCADE\n\t\t\t\t\t<\/dd><\/dl><dl class='gallery-item'>\n\t\t\t\t<dt class='gallery-icon portrait'>\n\t\t\t\t\t<a class=\"rollover rollover-zoom dt-pswp-item\" title=\"323705541_1631039457354113_1450674556092689641_n\" data-dt-img-description=\"\" data-large_image_width=\"1546\" data-large_image_height=\"2048\"href='https:\/\/www.radiopiu.net\/wordpress\/wp-content\/uploads\/2023\/01\/323705541_1631039457354113_1450674556092689641_n-1.jpg'><img loading=\"lazy\" decoding=\"async\" width=\"150\" height=\"150\" src=\"https:\/\/www.radiopiu.net\/wordpress\/wp-content\/uploads\/2023\/01\/323705541_1631039457354113_1450674556092689641_n-1-150x150.jpg\" class=\"attachment-thumbnail size-thumbnail\" alt=\"\" aria-describedby=\"gallery-9-316096\" \/><\/a>\n\t\t\t\t<\/dt>\n\t\t\t\t\t<dd class='wp-caption-text gallery-caption' id='gallery-9-316096'>\n\t\t\t\t\tLE IMMAGINI D&#8217;EPOCA\n\t\t\t\t\t<\/dd><\/dl><br style=\"clear: both\" \/>\n\t\t\t<\/div>\n\n<p>&nbsp;<\/p>\n<hr \/>\n<p>&nbsp;<\/p>\n<blockquote>\n<h3>GRAZIE A TELEBELLUNO<\/h3>\n<\/blockquote>\n<p><iframe loading=\"lazy\" title=\"Radio Pi\u00f9 festeggia i suoi primi 40 anni di attivit\u00e0\" width=\"1200\" height=\"675\" src=\"https:\/\/www.youtube.com\/embed\/6ptB04FauBE?feature=oembed\" frameborder=\"0\" allow=\"accelerometer; autoplay; clipboard-write; encrypted-media; gyroscope; picture-in-picture; web-share\" allowfullscreen><\/iframe><\/p>\n<p>&nbsp;<\/p>\n<hr \/>\n<h1><\/h1>\n<h1><strong>LA STORIA<\/strong><\/h1>\n<p><span style=\"color: #ff0000;\">ARCHIVIO RADIO 15 MAGGIO 2004<\/span><\/p>\n<p><strong>RENZO GAVAZ RINNOVA LA SQUADRA<\/strong><\/p>\n<p><img loading=\"lazy\" decoding=\"async\" class=\"alignleft\" src=\"https:\/\/www.radiopiu.net\/wordpress\/wp-content\/uploads\/2023\/01\/GAVAZ-1.jpg\" width=\"152\" height=\"169\" \/><strong>AGORDO<\/strong> &#8211; Renzo Gavaz, consigliere di maggioranza uscente, presenta la lista &#8220;El Broi, rinnovamento agordino&#8221;. Gavaz (imprenditore) \u00e8 il capolista, candidato a sindaco. Questi invece i candidati alla carica di consigliere comunale: Corrado Cattadori (insegnante), Loris Conedera (studente), Luigi Da Rif (artigiano), Sisto Da Roit (funzionario pubblica amministrazione), Renato Da Ronch (impiegato regionale settore agricoltura), Piergiorgio De Bastiani (insegnante), Rino Farenzena (impiegato delle poste), Giorgio Farenzena (operaio), Barbara Fontanive (insegnante), Paolo Pongan (pensionato), Angelo Ramazzina (promotore finanziario), Fulvio Sagui (impiegato), Enos Schena (libero professionista con laurea in turismo ed economia), Stefano Tom\u00e8 (impiegato tecnico), Pietro Urpi (insegnante), Annalisa Zasso (insegnante).<\/p>\n<p><em>&#8220;L&#8217;abbiamo chiamata lista El Broi, rinnovamento agordino &#8211; dice Renzo Gavaz &#8211; per uscire dal solito schema, ormai da 20 anni si sono viste le solite terminologie politico-astratte. Il nome rappresenta non astrattismi, ma ha un significato storico per tutta la citt\u00e0, El Broi \u00e8 il simbolo di Agordo, lascito intoccabile per la comunit\u00e0&#8221;.<\/em><\/p>\n<p>Di Mirko Mezzacasa<\/p>\n<p><span style=\"color: #ff0000;\">ARCHIVIO RADIO 10 APRILE 2009, AUDIO<\/span><\/p>\n<audio class=\"wp-audio-shortcode\" id=\"audio-315931-11\" preload=\"none\" style=\"width: 100%;\" controls=\"controls\"><source type=\"audio\/mpeg\" src=\"https:\/\/www.radiopiu.net\/wordpress\/wp-content\/uploads\/2023\/01\/renzo-gavaz-mi-candido.mp3?_=11\" \/><a href=\"https:\/\/www.radiopiu.net\/wordpress\/wp-content\/uploads\/2023\/01\/renzo-gavaz-mi-candido.mp3\">https:\/\/www.radiopiu.net\/wordpress\/wp-content\/uploads\/2023\/01\/renzo-gavaz-mi-candido.mp3<\/a><\/audio>\n<p>&nbsp;<\/p>\n<hr \/>\n<p>&nbsp;<\/p>\n<blockquote>\n<h1>ALLA RADIO&#8230;.<\/h1>\n<\/blockquote>\n<p><iframe loading=\"lazy\" title=\"EPCENTER CON FRANCESCO ZILLIO &quot;REPONSABILITA&#039; IN CAMPO AZIENDALE PER GLI INTERVENTI ELETTRICI&quot;\" width=\"1200\" height=\"675\" src=\"https:\/\/www.youtube.com\/embed\/wUZ5N-eB_cI?feature=oembed\" frameborder=\"0\" allow=\"accelerometer; autoplay; clipboard-write; encrypted-media; gyroscope; picture-in-picture; web-share\" allowfullscreen><\/iframe><\/p>\n<p>&nbsp;<\/p>\n<p>&nbsp;<\/p>\n<hr \/>\n<h3><\/h3>\n<blockquote>\n<h3>\u201cDONNE IN PRIMA LINEA\u201d LIBRO DI MILENA CALDART: SONO TESTIMONI DELL\u2019IDENTITA&#8217; FEMMINILE VENETA<\/h3>\n<\/blockquote>\n<p><strong>di Renato Bona<\/strong><\/p>\n<p>Nel maggio del 2014 Alessandro Tarantola editore dava alle stampe con la tipografia Sommavilla, pure bellunese (che da qualche mese ha purtroppo cessato l\u2019attivit\u00e0), il libro di Milena Caldart \u201cDonne in prima linea\u201d con testimonianze \u201cdell\u2019identit\u00e0 femminile veneta: bellunesi, vicentine e trevigiane, dall\u2019annessione al ventennio\u201d. Libro che abbiamo trovato e volentieri acquistato nel \u201cmercatino dell\u2019usato\u201d che la benemerita Elisa Dalla Rossa ha allestito temporaneamente nella Piazza delle Erbe di Belluno, con l\u2019obiettivo di raccogliere fondi da devolvere in favore dell\u2019Associazione Yolandre che opera in Madagascar in particolare a sostegno delle famiglie bisognose con bambini. L\u2019autrice (nata a Belluno si \u00e8 laureata in sociologia alla \u201cSapienza\u201d di Roma ed ha conseguito il diploma di Operatore comunitario presso la Societ\u00e0 italiana per l\u2019organizzazione internazionale; ha lavorato nelle Prefetture di Belluno e Grosseto e quindi, trasferitasi nella Capitale ha avuto prestigiosi incarichi ministeriali fra l\u2019altro dirigendo il Servizio economico, finanziario e gestione del patrimonio della Direzione centrale della Polizia criminale) ha voluto dedicare il libro (merita ricordare che la dott. Caldart ha dato alle stampe anche \u201cNostalgia del Pra\u201d pure edito da Alessandro Tarantola, \u201cun documento storico ed un ritorno al tempo e alla magia di un passato di quel borgo, raccontato da tre vecchi abitanti) \u201calle coraggiose e intraprendenti donne che qui rappresentano, attraverso la loro esperienza di vita, alcuni esempi dell\u2019identit\u00e0 femminile veneta ed alle tante altre pi\u00f9 note, celebri oppure sconosciute che hanno contribuito a fare l\u2019Italia e alla crescita del Paese\u201d nasce, come si legge nel retro della copertina, dalla scoperta di una scatola di vecchie foto e documenti dai quali affiora l\u2019immagine di una donna &#8211; la madre &#8211; e la sua vita vissuta durante il regime fascista, una vita segnata da rinunce, ma anche da coraggio ed intraprendenza, caratteri che fanno parte dell\u2019identit\u00e0 della donna veneta\u201d. La ricostruzione della sua vita attraverso ricordi e documenti storici &#8211; prosegue la presentazione &#8211; ha spinto ad allargare lo sguardo sulle donne del Cadore, dove era nata e vissuta per alcuni anni, e sulla donna veneta in generale. La ricerca delle origini di questi caratteri attraverso una ricognizione storica che inizia dalla antica societ\u00e0 paleoveneta fino all\u2019Annessione del Veneto all\u2019Italia, precede alcune storie di donne non sempre note o celebri, vissute tra l\u2019Annessione ed il Ventennio, testimoni di un\u2019identit\u00e0 femminile sedimentata nel tempo anche attraverso la loro esperienza di vita\u201d. Detto che ritorneremo volentieri sul libro della Caldart, in quest\u2019occasione ci limitiamo ad esporne la suddivisione delle tre parti in cui si articola (Alla ricerca dell\u2019identit\u00e0 femminile veneta\u201d; \u201cStorie di donne: i primi passi verso l\u2019emancipazione\u201d; \u201cDonne bellunesi del ventennio\u201d), con i capitoli: \u201cLe origini\u201d; \u201c\u2018Serenissime\u2019 veneziane\u201d; \u201cLa donna nelle Regole e negli Statuti cittadini\u201d; \u201cDominazione francese e austro-ungarica: il ruolo delle donne\u201d; \u201cPatriote bellunesi\u201d; \u201cAnnessione del Veneto al Regno d\u2019Italia: l\u2019emancipazione negata\u201d; \u201cL\u2019emigrazione come problema sociale: \u2018le eroine del quotidiano\u2019\u201d; \u201cVenete alla ribalta\u201d; Anna Rech, pioniera feltrina, fondatrice di una citt\u00e0 in Brasile\u201d; \u201cGigia Bandera, pioniera vicentina che ha creato un\u2019impresa in Brasile\u201d; \u201cIda Pilotto, pedagogista bellunese: la \u2018Duse\u2019 dell\u2019educazione\u201d; \u201cRosina, imprenditrice vicentina nata dal nulla\u201d; \u201cLena, trevigiana allevatrice di conigli\u201d; \u201cCos\u2019era la donna?\u201d; \u201cPierina Boranga, educatrice e fondatrice della scuola Gabelli di Belluno\u201d; \u201cTina Merlin, giornalista e scrittrice, \u2018quella del Vajont\u2019\u201d; \u201cGiovanna Zangrandi, scrittrice, cadorina per scelta\u201d; \u201cTea Palman, eroica partigiana\u201d (cui \u00e8 dedicata la copertina del volume \u2013 ndr.); \u201cAnna Defferrari, fondatrice dell\u2019Istituto scolastico \u2018Lumen\u2019 di Falcade\u201d; \u201cElsa De Zolt Coppola, scrittrice e poetessa di Campolongo\u201d; \u201cEttorina, \u2018la ragazza di Borgo Garibaldi\u2019\u201d. Ci pare giusto, infine, rammentare che hanno validamente collaborato: Renzo De Luca, Denis Ton, Orietta Cediner, Giovanni Larese, Toni Sirena, Bepi Pellegrinon, Anna Maria De Zolt Giustina, Luca Sedda, Adriana Fattori, Celso Coppola, Amalia De Gasperi.<\/p>\n\n\t\t\t<style type='text\/css'>\n\t\t\t\t#gallery-10 {\n\t\t\t\t\tmargin: auto;\n\t\t\t\t}\n\t\t\t\t#gallery-10 .gallery-item {\n\t\t\t\t\tfloat: left;\n\t\t\t\t\tmargin-top: 10px;\n\t\t\t\t\ttext-align: center;\n\t\t\t\t\twidth: 33%;\n\t\t\t\t}\n\t\t\t\t#gallery-10 img {\n\t\t\t\t\tborder: 2px solid #cfcfcf;\n\t\t\t\t}\n\t\t\t\t#gallery-10 .gallery-caption {\n\t\t\t\t\tmargin-left: 0;\n\t\t\t\t}\n\t\t\t\t\/* see gallery_shortcode() in wp-includes\/media.php *\/\n\t\t\t<\/style>\n\t\t<div id='gallery-10' class='dt-gallery-container gallery galleryid-315931 gallery-columns-3 gallery-size-thumbnail'><dl class='gallery-item'>\n\t\t\t\t<dt class='gallery-icon portrait'>\n\t\t\t\t\t<a class=\"rollover rollover-zoom dt-pswp-item\" title=\"321959427_851634196091837_2076333873191496315_n\" data-dt-img-description=\"\" data-large_image_width=\"202\" data-large_image_height=\"300\"href='https:\/\/www.radiopiu.net\/wordpress\/wp-content\/uploads\/2023\/01\/321959427_851634196091837_2076333873191496315_n.jpg'><img loading=\"lazy\" decoding=\"async\" width=\"150\" height=\"150\" src=\"https:\/\/www.radiopiu.net\/wordpress\/wp-content\/uploads\/2023\/01\/321959427_851634196091837_2076333873191496315_n-150x150.jpg\" class=\"attachment-thumbnail size-thumbnail\" alt=\"\" \/><\/a>\n\t\t\t\t<\/dt><\/dl><dl class='gallery-item'>\n\t\t\t\t<dt class='gallery-icon portrait'>\n\t\t\t\t\t<a class=\"rollover rollover-zoom dt-pswp-item\" title=\"322564345_844870813409842_9051812944982557837_n\" data-dt-img-description=\"\" data-large_image_width=\"301\" data-large_image_height=\"417\"href='https:\/\/www.radiopiu.net\/wordpress\/wp-content\/uploads\/2023\/01\/322564345_844870813409842_9051812944982557837_n.jpg'><img loading=\"lazy\" decoding=\"async\" width=\"150\" height=\"150\" src=\"https:\/\/www.radiopiu.net\/wordpress\/wp-content\/uploads\/2023\/01\/322564345_844870813409842_9051812944982557837_n-150x150.jpg\" class=\"attachment-thumbnail size-thumbnail\" alt=\"\" \/><\/a>\n\t\t\t\t<\/dt><\/dl><dl class='gallery-item'>\n\t\t\t\t<dt class='gallery-icon portrait'>\n\t\t\t\t\t<a class=\"rollover rollover-zoom dt-pswp-item\" title=\"320796896_993876134919302_3142407849199947691_n\" data-dt-img-description=\"\" data-large_image_width=\"326\" data-large_image_height=\"403\"href='https:\/\/www.radiopiu.net\/wordpress\/wp-content\/uploads\/2023\/01\/320796896_993876134919302_3142407849199947691_n.jpg'><img loading=\"lazy\" decoding=\"async\" width=\"150\" height=\"150\" src=\"https:\/\/www.radiopiu.net\/wordpress\/wp-content\/uploads\/2023\/01\/320796896_993876134919302_3142407849199947691_n-150x150.jpg\" class=\"attachment-thumbnail size-thumbnail\" alt=\"\" \/><\/a>\n\t\t\t\t<\/dt><\/dl><br style=\"clear: both\" \/><dl class='gallery-item'>\n\t\t\t\t<dt class='gallery-icon portrait'>\n\t\t\t\t\t<a class=\"rollover rollover-zoom dt-pswp-item\" title=\"321072644_3024546117838661_5217955971059924279_n\" data-dt-img-description=\"\" data-large_image_width=\"309\" data-large_image_height=\"403\"href='https:\/\/www.radiopiu.net\/wordpress\/wp-content\/uploads\/2023\/01\/321072644_3024546117838661_5217955971059924279_n.jpg'><img loading=\"lazy\" decoding=\"async\" width=\"150\" height=\"150\" src=\"https:\/\/www.radiopiu.net\/wordpress\/wp-content\/uploads\/2023\/01\/321072644_3024546117838661_5217955971059924279_n-150x150.jpg\" class=\"attachment-thumbnail size-thumbnail\" alt=\"\" \/><\/a>\n\t\t\t\t<\/dt><\/dl><dl class='gallery-item'>\n\t\t\t\t<dt class='gallery-icon landscape'>\n\t\t\t\t\t<a class=\"rollover rollover-zoom dt-pswp-item\" title=\"321240963_884617776001121_6099891985485875327_n\" data-dt-img-description=\"\" data-large_image_width=\"569\" data-large_image_height=\"403\"href='https:\/\/www.radiopiu.net\/wordpress\/wp-content\/uploads\/2023\/01\/321240963_884617776001121_6099891985485875327_n.jpg'><img loading=\"lazy\" decoding=\"async\" width=\"150\" height=\"150\" src=\"https:\/\/www.radiopiu.net\/wordpress\/wp-content\/uploads\/2023\/01\/321240963_884617776001121_6099891985485875327_n-150x150.jpg\" class=\"attachment-thumbnail size-thumbnail\" alt=\"\" \/><\/a>\n\t\t\t\t<\/dt><\/dl><dl class='gallery-item'>\n\t\t\t\t<dt class='gallery-icon portrait'>\n\t\t\t\t\t<a class=\"rollover rollover-zoom dt-pswp-item\" title=\"321622730_448804060659591_2819523768488802375_n\" data-dt-img-description=\"\" data-large_image_width=\"320\" data-large_image_height=\"461\"href='https:\/\/www.radiopiu.net\/wordpress\/wp-content\/uploads\/2023\/01\/321622730_448804060659591_2819523768488802375_n.jpg'><img loading=\"lazy\" decoding=\"async\" width=\"150\" height=\"150\" src=\"https:\/\/www.radiopiu.net\/wordpress\/wp-content\/uploads\/2023\/01\/321622730_448804060659591_2819523768488802375_n-150x150.jpg\" class=\"attachment-thumbnail size-thumbnail\" alt=\"\" \/><\/a>\n\t\t\t\t<\/dt><\/dl><br style=\"clear: both\" \/><dl class='gallery-item'>\n\t\t\t\t<dt class='gallery-icon portrait'>\n\t\t\t\t\t<a class=\"rollover rollover-zoom dt-pswp-item\" title=\"321804064_1256478698612961_3298861098128943915_n\" data-dt-img-description=\"\" data-large_image_width=\"350\" data-large_image_height=\"401\"href='https:\/\/www.radiopiu.net\/wordpress\/wp-content\/uploads\/2023\/01\/321804064_1256478698612961_3298861098128943915_n.jpg'><img loading=\"lazy\" decoding=\"async\" width=\"150\" height=\"150\" src=\"https:\/\/www.radiopiu.net\/wordpress\/wp-content\/uploads\/2023\/01\/321804064_1256478698612961_3298861098128943915_n-150x150.jpg\" class=\"attachment-thumbnail size-thumbnail\" alt=\"\" \/><\/a>\n\t\t\t\t<\/dt><\/dl><dl class='gallery-item'>\n\t\t\t\t<dt class='gallery-icon landscape'>\n\t\t\t\t\t<a class=\"rollover rollover-zoom dt-pswp-item\" title=\"323813069_949974435967359_1390034900194951338_n\" data-dt-img-description=\"\" data-large_image_width=\"629\" data-large_image_height=\"403\"href='https:\/\/www.radiopiu.net\/wordpress\/wp-content\/uploads\/2023\/01\/323813069_949974435967359_1390034900194951338_n.jpg'><img loading=\"lazy\" decoding=\"async\" width=\"150\" height=\"150\" src=\"https:\/\/www.radiopiu.net\/wordpress\/wp-content\/uploads\/2023\/01\/323813069_949974435967359_1390034900194951338_n-150x150.jpg\" class=\"attachment-thumbnail size-thumbnail\" alt=\"\" \/><\/a>\n\t\t\t\t<\/dt><\/dl><dl class='gallery-item'>\n\t\t\t\t<dt class='gallery-icon landscape'>\n\t\t\t\t\t<a class=\"rollover rollover-zoom dt-pswp-item\" title=\"323996096_857904038763204_8140124835995159343_n\" data-dt-img-description=\"\" data-large_image_width=\"552\" data-large_image_height=\"401\"href='https:\/\/www.radiopiu.net\/wordpress\/wp-content\/uploads\/2023\/01\/323996096_857904038763204_8140124835995159343_n.jpg'><img loading=\"lazy\" decoding=\"async\" width=\"150\" height=\"150\" src=\"https:\/\/www.radiopiu.net\/wordpress\/wp-content\/uploads\/2023\/01\/323996096_857904038763204_8140124835995159343_n-150x150.jpg\" class=\"attachment-thumbnail size-thumbnail\" alt=\"\" \/><\/a>\n\t\t\t\t<\/dt><\/dl><br style=\"clear: both\" \/>\n\t\t\t<\/div>\n\n<p>&nbsp;<\/p>\n<p>NELLE FOTO (riproduzioni dal libro \u201cDonne in prima linea\u201d di Milena Caldart): la copertina, con l\u2019immagine di Tea Palman, eroica partigiana bellunese; l\u2019autrice del volume, Milena Caldart; \u201cserenissime\u201d veneziane che calzano pianelle pi\u00f9 alte di un quarto di braccio\u2026; di Catia Mancini \u201ccostumi veneziani del 700\u201d; 1848, i primi moti a Venezia in \u201cRisorgimento veneto. Il 1848-49\u201d; il primo congresso delle donne italiane a Roma; donne di Campolongo (Comelico) negli anni Venti (per concessione di Celso Coppola); donna ladina del Cadore (per concessione dell\u2019Unione ladina del Cadore de medo); acrilico su carta di Annamaria De Zolt e Donatella Fiorenzato (per concessione della Libreria Carducci di Santo Stefano di Cadore).<\/p>\n<p>&nbsp;<\/p>\n<p>&nbsp;<\/p>\n<hr \/>\n<p>&nbsp;<\/p>\n<blockquote>\n<blockquote>\n<h3>LA PROPOSTA PER I GIOVANI, UN&#8217;AULA STUDIO<\/h3>\n<\/blockquote>\n<p><a class=\"dt-pswp-item\" href=\"https:\/\/www.radiopiu.net\/wordpress\/wp-content\/uploads\/2023\/01\/3462fffa-328e-47e5-9151-2f52f4817b09.jpg\" data-dt-img-description=\"\" data-large_image_width=\"1080\" data-large_image_height=\"1433\"><img loading=\"lazy\" decoding=\"async\" class=\" wp-image-315936 alignleft\" src=\"https:\/\/www.radiopiu.net\/wordpress\/wp-content\/uploads\/2023\/01\/3462fffa-328e-47e5-9151-2f52f4817b09-226x300.jpg\" alt=\"\" width=\"127\" height=\"169\" srcset=\"https:\/\/www.radiopiu.net\/wordpress\/wp-content\/uploads\/2023\/01\/3462fffa-328e-47e5-9151-2f52f4817b09-226x300.jpg 226w, https:\/\/www.radiopiu.net\/wordpress\/wp-content\/uploads\/2023\/01\/3462fffa-328e-47e5-9151-2f52f4817b09-772x1024.jpg 772w, https:\/\/www.radiopiu.net\/wordpress\/wp-content\/uploads\/2023\/01\/3462fffa-328e-47e5-9151-2f52f4817b09-768x1019.jpg 768w, https:\/\/www.radiopiu.net\/wordpress\/wp-content\/uploads\/2023\/01\/3462fffa-328e-47e5-9151-2f52f4817b09.jpg 1080w\" sizes=\"auto, (max-width: 127px) 100vw, 127px\" \/><\/a>L&#8217;Aula Studio &#8220;Incontri in Centro &#8221;\u00a0 si \u00e8 trasferita al Centro Parrocchiale di Agordo ed \u00e8 aperta dalle 14 dal luned\u00ec al venerd\u00ec. La scelta \u00e8 stata fatta per accontentare tutte le varie richieste che ci sono giunte da ragazzi delle medie e delle superiori che vogliano trovare un luogo ampio per studiare, rilassarsi e stare in compagnia\u00a0 ma anche sperimentarsi\u00a0 con laboratori mirati. Inoltre \u00e8 pi\u00f9 semplice col tutor imparare l&#8217;inglese ,il tedesco o lo spagnolo. Gloria , Lorena e Giada rinnovano l&#8217;invito ai giovanie a partecipare.<\/p>\n<p>&nbsp;<\/p><\/blockquote>\n<p>&nbsp;<\/p>\n<hr \/>\n<p>&nbsp;<\/p>\n<div>\n<div class=\"b654a4as d2edcug0\">\n<div class=\"rq0escxv hkbzh7o3 jwdofwj8 n8tt0mok r8blr3vg hyh9befq\">\n<p><a class=\"dt-pswp-item\" href=\"https:\/\/www.radiopiu.net\/wordpress\/wp-content\/uploads\/2020\/10\/pp.jpg\" data-dt-img-description=\"\" data-large_image_width=\"640\" data-large_image_height=\"640\"><img loading=\"lazy\" decoding=\"async\" class=\"wp-image-163678 alignleft\" src=\"https:\/\/www.radiopiu.net\/wordpress\/wp-content\/uploads\/2020\/10\/pp-300x300.jpg\" alt=\"\" width=\"106\" height=\"106\" srcset=\"https:\/\/www.radiopiu.net\/wordpress\/wp-content\/uploads\/2020\/10\/pp-300x300.jpg 300w, https:\/\/www.radiopiu.net\/wordpress\/wp-content\/uploads\/2020\/10\/pp-150x150.jpg 150w, https:\/\/www.radiopiu.net\/wordpress\/wp-content\/uploads\/2020\/10\/pp-125x125.jpg 125w, https:\/\/www.radiopiu.net\/wordpress\/wp-content\/uploads\/2020\/10\/pp-200x200.jpg 200w, https:\/\/www.radiopiu.net\/wordpress\/wp-content\/uploads\/2020\/10\/pp-80x80.jpg 80w, https:\/\/www.radiopiu.net\/wordpress\/wp-content\/uploads\/2020\/10\/pp-480x480.jpg 480w, https:\/\/www.radiopiu.net\/wordpress\/wp-content\/uploads\/2020\/10\/pp.jpg 640w\" sizes=\"auto, (max-width: 106px) 100vw, 106px\" \/><\/a><\/p>\n<\/div>\n<\/div>\n<\/div>\n<div>\n<div class=\"page-title-head hgroup\">\n<div class=\"page-title-head hgroup\">\n<div class=\"b654a4as d2edcug0\">\n<div class=\"j83agx80 btwxx1t3 lhclo0ds hop8lmos nkwizq5d scwd0bx6 roh60bw9\">\n<div class=\"rq0escxv hkbzh7o3 jwdofwj8 n8tt0mok r8blr3vg hyh9befq\">\n<div class=\"do00u71z l9j0dhe7 k4urcfbm\" style=\"text-align: left;\">\n<h2><span style=\"color: #000080;\">DON CESARE, IL PENSIERO DEL GIORNO. ALLA RADIO ALLE 7 DEL MATTINO E ALLE 19.30 DELLA SERA\u00a0<\/span><\/h2>\n<audio class=\"wp-audio-shortcode\" id=\"audio-315931-12\" preload=\"none\" style=\"width: 100%;\" controls=\"controls\"><source type=\"audio\/mpeg\" src=\"https:\/\/www.radiopiu.net\/wordpress\/wp-content\/uploads\/2023\/01\/CESARE-5.mp3?_=12\" \/><a href=\"https:\/\/www.radiopiu.net\/wordpress\/wp-content\/uploads\/2023\/01\/CESARE-5.mp3\">https:\/\/www.radiopiu.net\/wordpress\/wp-content\/uploads\/2023\/01\/CESARE-5.mp3<\/a><\/audio>\n<p>&nbsp;<\/p>\n<p>&nbsp;<\/p>\n<hr \/>\n<\/div>\n<\/div>\n<\/div>\n<\/div>\n<\/div>\n<\/div>\n<\/div>\n<p>&nbsp;<\/p>\n<p>&nbsp;<\/p>\n<h2><span style=\"color: #ff00ff;\">IN VIVO VERSO\u00a0\u00a0<\/span><\/h2>\n<p>AUDIO<\/p>\n<audio class=\"wp-audio-shortcode\" id=\"audio-315931-13\" preload=\"none\" style=\"width: 100%;\" controls=\"controls\"><source type=\"audio\/mpeg\" src=\"https:\/\/www.radiopiu.net\/wordpress\/wp-content\/uploads\/2023\/01\/2-MARIA-VILLANI-ABBRACCI-LUMINOSI-1.mp3?_=13\" \/><a href=\"https:\/\/www.radiopiu.net\/wordpress\/wp-content\/uploads\/2023\/01\/2-MARIA-VILLANI-ABBRACCI-LUMINOSI-1.mp3\">https:\/\/www.radiopiu.net\/wordpress\/wp-content\/uploads\/2023\/01\/2-MARIA-VILLANI-ABBRACCI-LUMINOSI-1.mp3<\/a><\/audio>\n<div dir=\"auto\">\n<div dir=\"auto\">\n<div dir=\"auto\">\n<p>&nbsp;<\/p>\n<p>Maria Villani<br \/>\nABBRACCI LUMINOSI<\/p>\n<p><a class=\"dt-pswp-item\" href=\"https:\/\/www.radiopiu.net\/wordpress\/wp-content\/uploads\/2023\/01\/MARIA-VILLANI.jpg\" data-dt-img-description=\"\" data-large_image_width=\"921\" data-large_image_height=\"930\"><img loading=\"lazy\" decoding=\"async\" class=\"wp-image-316105 alignleft\" src=\"https:\/\/www.radiopiu.net\/wordpress\/wp-content\/uploads\/2023\/01\/MARIA-VILLANI-297x300.jpg\" alt=\"\" width=\"128\" height=\"129\" srcset=\"https:\/\/www.radiopiu.net\/wordpress\/wp-content\/uploads\/2023\/01\/MARIA-VILLANI-297x300.jpg 297w, https:\/\/www.radiopiu.net\/wordpress\/wp-content\/uploads\/2023\/01\/MARIA-VILLANI-150x150.jpg 150w, https:\/\/www.radiopiu.net\/wordpress\/wp-content\/uploads\/2023\/01\/MARIA-VILLANI-768x776.jpg 768w, https:\/\/www.radiopiu.net\/wordpress\/wp-content\/uploads\/2023\/01\/MARIA-VILLANI.jpg 921w\" sizes=\"auto, (max-width: 128px) 100vw, 128px\" \/><\/a>Sorrido ai solitari,<br \/>\nQuelli che passano<br \/>\nDi notte, senza paure!<br \/>\nFascinosi, sinceri,<br \/>\nOdiano le maschere.<br \/>\nLe hanno gettate<br \/>\nVia, nel fondo dei locali<br \/>\naffollati di fumo.<br \/>\nUna lacrima ogni tanto<br \/>\nBagna<br \/>\nI sorrisi stampati<br \/>\nSui volti.<\/p>\n<p><strong>LA RACCOLTA COMPLETA<\/strong><\/p>\n<\/div>\n<\/div>\n<\/div>\n<blockquote class=\"wp-embedded-content\" data-secret=\"o588Oo6bcI\"><p><a href=\"https:\/\/www.radiopiu.net\/wordpress\/in-vivo-verso\/\">In Vivo Verso<\/a><\/p><\/blockquote>\n<p><iframe loading=\"lazy\" class=\"wp-embedded-content\" sandbox=\"allow-scripts\" security=\"restricted\" style=\"position: absolute; clip: rect(1px, 1px, 1px, 1px);\" title=\"&#8220;In Vivo Verso&#8221; &#8212; Radio Pi\u00f9\" src=\"https:\/\/www.radiopiu.net\/wordpress\/in-vivo-verso\/embed\/#?secret=cMqiLhAw4E#?secret=o588Oo6bcI\" data-secret=\"o588Oo6bcI\" width=\"600\" height=\"338\" frameborder=\"0\" marginwidth=\"0\" marginheight=\"0\" scrolling=\"no\"><\/iframe><\/p>\n<p>&nbsp;<\/p>\n<hr \/>\n<p>&nbsp;<\/p>\n<blockquote>\n<h3>GOCCE DI FILOSOFIA PUNTATA 221 LISA DE LUCA \u2013 TERZA STAGIONE \u2013<\/h3>\n<\/blockquote>\n<p><strong>AUDIO<\/strong><\/p>\n<audio class=\"wp-audio-shortcode\" id=\"audio-315931-14\" preload=\"none\" style=\"width: 100%;\" controls=\"controls\"><source type=\"audio\/mpeg\" src=\"https:\/\/www.radiopiu.net\/wordpress\/wp-content\/uploads\/2023\/01\/FI2-1.mp3?_=14\" \/><a href=\"https:\/\/www.radiopiu.net\/wordpress\/wp-content\/uploads\/2023\/01\/FI2-1.mp3\">https:\/\/www.radiopiu.net\/wordpress\/wp-content\/uploads\/2023\/01\/FI2-1.mp3<\/a><\/audio>\n<p>&nbsp;<\/p>\n<p>LA RACCOLTA COMPLETA<\/p>\n<blockquote class=\"wp-embedded-content\" data-secret=\"NB1wNBDPcK\"><p><a href=\"https:\/\/www.radiopiu.net\/wordpress\/gocce-filosofia\/\">Gocce di filosofia,  LA TERZA STAGIONE&#8230; 2023<\/a><\/p><\/blockquote>\n<p><iframe loading=\"lazy\" class=\"wp-embedded-content\" sandbox=\"allow-scripts\" security=\"restricted\" style=\"position: absolute; clip: rect(1px, 1px, 1px, 1px);\" title=\"&#8220;Gocce di filosofia,  LA TERZA STAGIONE&#8230; 2023&#8221; &#8212; Radio Pi\u00f9\" src=\"https:\/\/www.radiopiu.net\/wordpress\/gocce-filosofia\/embed\/#?secret=SL1NsP5Ek9#?secret=NB1wNBDPcK\" data-secret=\"NB1wNBDPcK\" width=\"600\" height=\"338\" frameborder=\"0\" marginwidth=\"0\" marginheight=\"0\" scrolling=\"no\"><\/iframe><\/p>\n<p>&nbsp;<\/p>\n<hr \/>\n<p>&nbsp;<\/p>\n<div class=\"column\">\n<p><img loading=\"lazy\" decoding=\"async\" class=\"aligncenter wp-image-61954 size-full\" src=\"https:\/\/www.radiopiu.net\/wordpress\/wp-content\/uploads\/2018\/09\/viabilita.jpeg\" sizes=\"auto, (max-width: 800px) 100vw, 800px\" srcset=\"https:\/\/www.radiopiu.net\/wordpress\/wp-content\/uploads\/2018\/09\/viabilita.jpeg 800w, https:\/\/www.radiopiu.net\/wordpress\/wp-content\/uploads\/2018\/09\/viabilita-300x38.jpeg 300w, https:\/\/www.radiopiu.net\/wordpress\/wp-content\/uploads\/2018\/09\/viabilita-768x96.jpeg 768w\" alt=\"\" width=\"800\" height=\"100\" \/><\/p>\n<p>&nbsp;<\/p>\n<p>&nbsp;<\/p>\n<p><strong>AGGIORNAMENTO VENETO STRADE, AGGIORNAMENTO CONTINUO H 24<\/strong><\/p>\n<blockquote class=\"wp-embedded-content\" data-secret=\"eVVuMossiK\"><p><a href=\"https:\/\/www.radiopiu.net\/wordpress\/viabilita\/\">viabilita<\/a><\/p><\/blockquote>\n<p><iframe loading=\"lazy\" class=\"wp-embedded-content\" sandbox=\"allow-scripts\" security=\"restricted\" style=\"position: absolute; clip: rect(1px, 1px, 1px, 1px);\" title=\"&#8220;viabilita&#8221; &#8212; Radio Pi\u00f9\" src=\"https:\/\/www.radiopiu.net\/wordpress\/viabilita\/embed\/#?secret=I9KweZ2gVS#?secret=eVVuMossiK\" data-secret=\"eVVuMossiK\" width=\"600\" height=\"338\" frameborder=\"0\" marginwidth=\"0\" marginheight=\"0\" scrolling=\"no\"><\/iframe><\/p>\n<p>&nbsp;<\/p>\n<p>&nbsp;<\/p>\n<hr \/>\n<p>&nbsp;<\/p>\n<p><a class=\"dt-pswp-item\" href=\"https:\/\/www.radiopiu.net\/wordpress\/wp-content\/uploads\/2018\/09\/WhatsApp-Image-2018-09-20-at-16.04.06.jpeg\" data-dt-img-description=\"\" data-large_image_width=\"800\" data-large_image_height=\"100\"><img loading=\"lazy\" decoding=\"async\" class=\"wp-image-61378 size-full aligncenter\" src=\"https:\/\/www.radiopiu.net\/wordpress\/wp-content\/uploads\/2018\/09\/WhatsApp-Image-2018-09-20-at-16.04.06.jpeg\" alt=\"\" width=\"800\" height=\"100\" srcset=\"https:\/\/www.radiopiu.net\/wordpress\/wp-content\/uploads\/2018\/09\/WhatsApp-Image-2018-09-20-at-16.04.06.jpeg 800w, https:\/\/www.radiopiu.net\/wordpress\/wp-content\/uploads\/2018\/09\/WhatsApp-Image-2018-09-20-at-16.04.06-300x38.jpeg 300w, https:\/\/www.radiopiu.net\/wordpress\/wp-content\/uploads\/2018\/09\/WhatsApp-Image-2018-09-20-at-16.04.06-768x96.jpeg 768w\" sizes=\"auto, (max-width: 800px) 100vw, 800px\" \/><\/a><\/p>\n<p>&nbsp;<\/p>\n<p><center><\/center><b>OGGI <\/b>Estese velature in mattinata, in seguito graduale aumento della nuvolosit\u00e0 stratiforme,gi\u00e0 al pomeriggio, ma soprattutto verso sera quando il cielo sar\u00e0 coperto ovunque e il tempo peggiorer\u00e0 lievemente. Il contesto termico sar\u00e0 meno freddo, specie in quota, con probabile generale inversione termica al mattino nelle valli, anche persistente nei settori in ombra. Precipitazioni: Assenti in giornata, mentre saranno presenti alla sera con maggiore probabilit\u00e0 sulle Dolomiti rispetto alle Prealpi. Il limite neve sar\u00e0 sui 1100-1300 m sulle Dolomiti e 1300-1600 m sulle Prealpi.\u00a0<b><br \/>\n<\/b><\/p>\n<p>&nbsp;<\/p>\n<hr \/>\n<p><center><\/center><b>DOMANI <\/b>Nottetempo molte nubi con deboli o debolissimi fenomeni su buona parte della montagna veneta. Al mattino riduzione della nuvolosit\u00e0 con schiarite, pi\u00f9 ampie sulla fascia prealpina, dove ci sar\u00e0 il successivo transito nubi medie di sottovento (lee clouds). Sulle Dolomiti maggiore nuvolosit\u00e0, a tratti associata a qualche residuo fenomeno per convezione legata all&#8217;arrivo di aria un po&#8217; pi\u00f9 fredda in quota. Precipitazioni: Sulle Dolomiti centro-settentrionali tra la notte e gran parte del mattino neve burrascosa in quota, non escluso qualche fiocco nelle valli pi\u00f9 alte. Sulle stesse zone al pomeriggio eventuali piovaschi associati all&#8217;ingresso di aria fredda in quota, nevosi fino sui 1100-1300 m. Altrove generalmente assenti. Tra mercoled\u00ec sera e gioved\u00ec sono previsti apporti da 2 a 5 mm con altrettanti cm di neve sopra i 1500 m, meno alle quote pi\u00f9 basse per contributo pioggia o neve umida.<b><\/b><\/p>\n<p>&nbsp;<\/p>\n<hr \/>\n<p><center><\/center><b>VENERDI <\/b>Maggiore soleggiamento, nonostante il transito di nubi alte in grado di velare il cielo o di mascherare del tutto il sole al mattino. In seguito diradamento della nuvolosit\u00e0 ovunque. Generale rialzo termico, pi\u00f9 sensibile in quota.<\/p>\n<hr \/>\n<p><center><\/center><b>SABATO <\/b>Al mattino sole e cielo sereno, salvo locali nebbie mattutine nei fondovalle prealpini. Al pomeriggio arrivo di sottili nubi alte a partire dalle prealpini occidentali, in successiva estensione a tutta la montagna veneta. Alla sera cielo coperto per nubi medie. Temperature in generale contenuto calo, pi\u00f9 sensibile per le minime nelle valli.<\/p>\n<p>&nbsp;<\/p>\n<hr \/>\n<p>&nbsp;<\/p>\n<p><a class=\"dt-pswp-item\" href=\"https:\/\/www.radiopiu.net\/wordpress\/wp-content\/uploads\/2018\/09\/sport.jpg\" data-dt-img-description=\"\" data-large_image_width=\"800\" data-large_image_height=\"100\"><img loading=\"lazy\" decoding=\"async\" class=\"aligncenter wp-image-60761 size-full\" src=\"https:\/\/www.radiopiu.net\/wordpress\/wp-content\/uploads\/2018\/09\/sport.jpg\" alt=\"\" width=\"800\" height=\"100\" srcset=\"https:\/\/www.radiopiu.net\/wordpress\/wp-content\/uploads\/2018\/09\/sport.jpg 800w, https:\/\/www.radiopiu.net\/wordpress\/wp-content\/uploads\/2018\/09\/sport-300x38.jpg 300w, https:\/\/www.radiopiu.net\/wordpress\/wp-content\/uploads\/2018\/09\/sport-768x96.jpg 768w\" sizes=\"auto, (max-width: 800px) 100vw, 800px\" \/><\/a><\/p>\n<p>&nbsp;<\/p>\n<p><strong><span style=\"color: #0000ff;\">CALCIO<\/span><\/strong><\/p>\n<blockquote>\n<h3>DA DOMENICA INIZIA IL GIRONE DI RITORNO DELLA SECONDA CATEGORIA PER L&#8217;AGORDINA<\/h3>\n<\/blockquote>\n<p><strong><a class=\"dt-pswp-item\" href=\"https:\/\/www.radiopiu.net\/wordpress\/wp-content\/uploads\/2022\/09\/PRIMA-SQUADRA-AGORDINA-2022.jpg\" data-dt-img-description=\"\" data-large_image_width=\"2040\" data-large_image_height=\"1530\"><img loading=\"lazy\" decoding=\"async\" class=\" wp-image-297690 alignleft\" src=\"https:\/\/www.radiopiu.net\/wordpress\/wp-content\/uploads\/2022\/09\/PRIMA-SQUADRA-AGORDINA-2022-300x225.jpg\" alt=\"\" width=\"176\" height=\"132\" srcset=\"https:\/\/www.radiopiu.net\/wordpress\/wp-content\/uploads\/2022\/09\/PRIMA-SQUADRA-AGORDINA-2022-300x225.jpg 300w, https:\/\/www.radiopiu.net\/wordpress\/wp-content\/uploads\/2022\/09\/PRIMA-SQUADRA-AGORDINA-2022-1024x768.jpg 1024w, https:\/\/www.radiopiu.net\/wordpress\/wp-content\/uploads\/2022\/09\/PRIMA-SQUADRA-AGORDINA-2022-768x576.jpg 768w, https:\/\/www.radiopiu.net\/wordpress\/wp-content\/uploads\/2022\/09\/PRIMA-SQUADRA-AGORDINA-2022-1536x1152.jpg 1536w, https:\/\/www.radiopiu.net\/wordpress\/wp-content\/uploads\/2022\/09\/PRIMA-SQUADRA-AGORDINA-2022.jpg 2040w\" sizes=\"auto, (max-width: 176px) 100vw, 176px\" \/><\/a>di Marco Gaz<\/strong><\/p>\n<p><strong>REDAZIONE<\/strong> Con il recupero andato in scena domenica scorsa a Sedico, l&#8217;Agordina di Marco Lorenzi ha chiuso ufficialmente la prima parte del campionato di Seconda Categoria girone T del Veneto. Dopo le prime 13 giornate giocate, se si deve tirare i conti, la squadra di Agordo non ha brillato. Solo 11 punti in classifica, tre vittorie, due pareggi e otto sconfitte per i ragazzi di Lorenzi. Squadra che in questo momento \u00e8 in piena zona playout. Peggio dell&#8217;Agordina solo Gemelle (con un punto in meno) e l&#8217;Alpes Cesio ultimo con un solo punto. Gli agordini ora devono mettere la testa a posto pensando solo a fare i punti necessari per raggiungere la salvezza matematica il prima possibile, obbiettivo di inizio stagione della compagine del Presidente Cosmo Forcella. Da domenica prossima si inizia a fare sul serio con la prima giornata del girone di ritorno. Agordina che giocher\u00e0 in trasferta contro il fanalino di coda Alpes Cesio e i tre punti in palio devono essere d&#8217;obbligo contro una formazione che fino ad ora non ha mai vinto. Quattro mesi di tempo per la compagine di Agordo per centrare l&#8217;obbiettivo salvezza, e non sar\u00e0 sicuramente una passeggiata fare altri 20 punti in 13 partite.<\/p>\n<p>&nbsp;<\/p>\n<p>&nbsp;<\/p>\n<hr \/>\n<p>&nbsp;<\/p>\n<p><span style=\"color: #0000ff;\"><strong>SCI DI FONDO<\/strong><\/span><\/p>\n<blockquote>\n<h3>RICCARDO MUNARI, DALLO SKI COLLEGE ALLE UNIVERSIADI DI LAKE PLACID<\/h3>\n<\/blockquote>\n<p><strong><a class=\"dt-pswp-item\" href=\"https:\/\/www.radiopiu.net\/wordpress\/wp-content\/uploads\/2023\/01\/munari-ricardo.jpg\" data-dt-img-description=\"\" data-large_image_width=\"1024\" data-large_image_height=\"683\"><img loading=\"lazy\" decoding=\"async\" class=\" wp-image-316041 alignleft\" src=\"https:\/\/www.radiopiu.net\/wordpress\/wp-content\/uploads\/2023\/01\/munari-ricardo-300x200.jpg\" alt=\"\" width=\"182\" height=\"121\" srcset=\"https:\/\/www.radiopiu.net\/wordpress\/wp-content\/uploads\/2023\/01\/munari-ricardo-300x200.jpg 300w, https:\/\/www.radiopiu.net\/wordpress\/wp-content\/uploads\/2023\/01\/munari-ricardo-768x512.jpg 768w, https:\/\/www.radiopiu.net\/wordpress\/wp-content\/uploads\/2023\/01\/munari-ricardo.jpg 1024w\" sizes=\"auto, (max-width: 182px) 100vw, 182px\" \/><\/a>FALCADE <\/strong>E&#8217; partito per gli Stati Uniti, tra pochi giorni sar\u00e0 in gara alle Universiadi di Lake Placid. \u00c8 Riccardo Munari, fondista trevigiano (ma anche azzurro dello skiroll) che \u00e8 stato studente atleta dello Ski College Veneto Falcade fino a qualche mese fa, quando si \u00e8 diplomato al Liceo Scientifico Sportivo di Agordo (istituto Follador De Rossi). Un bel percorso di studio e di sport per Riccardo che ora si appresta a vivere un\u2019esperienza di altissimo livello<em>. &#8220;Il mio obiettivo\/sogno \u00e8 quello di riuscire a qualificarmi nei 30 alla sprint a skating e quindi provare ad andare pi\u00f9 avanti possibile. In ogni caso, credo sar\u00e0 una bellissima esperienza, da vivere appieno. Dopo l\u2019iscrizione all\u2019universit\u00e0, mi si \u00e8 presentata l\u2019occasione di partecipare alle Universiadi, ho fatto la domanda e fortunatamente mi hanno selezionato. Ora eccomi qui, pronto&#8221;<\/em> dice Munari alla vigilia delle gare.<\/p>\n<p>&nbsp;<\/p>\n<table class=\"templateContainer\" border=\"0\" width=\"100%\" cellspacing=\"0\" cellpadding=\"0\">\n<tbody>\n<tr>\n<td id=\"templateHeader\" valign=\"top\">\n<table class=\"mcnTextBlock\" border=\"0\" width=\"100%\" cellspacing=\"0\" cellpadding=\"0\">\n<tbody class=\"mcnTextBlockOuter\">\n<tr>\n<td class=\"mcnTextBlockInner\" valign=\"top\">\n<table class=\"mcnTextContentContainer\" border=\"0\" width=\"100%\" cellspacing=\"0\" cellpadding=\"0\" align=\"left\">\n<tbody>\n<tr>\n<td class=\"mcnTextContent\" valign=\"top\">\n<h2 class=\"null\"><strong><span style=\"color: #0000ff;\">HOCKEY<\/span><\/strong><\/h2>\n<h1 class=\"null\">Mondiali femminili U18 1^ Divisione, le Azzurrine piegano la Norvegia per 4 a 1<\/h1>\n<\/td>\n<\/tr>\n<\/tbody>\n<\/table>\n<\/td>\n<\/tr>\n<\/tbody>\n<\/table>\n<\/td>\n<\/tr>\n<tr>\n<td id=\"templateBody\" valign=\"top\">\n<table class=\"mcnTextBlock\" border=\"0\" width=\"100%\" cellspacing=\"0\" cellpadding=\"0\">\n<tbody class=\"mcnTextBlockOuter\">\n<tr>\n<td class=\"mcnTextBlockInner\" valign=\"top\">\n<table class=\"mcnTextContentContainer\" border=\"0\" width=\"100%\" cellspacing=\"0\" cellpadding=\"0\" align=\"left\">\n<tbody>\n<tr>\n<td class=\"mcnTextContent\" valign=\"top\">\n<h3 class=\"null\"><strong>Grazie alle reti di Fantin, Lobis, Heidenberger e Giuliani le Azzurrine si prendono la seconda vittoria al Mondiale e si mettono all&#8217;inseguimento della Germania.\u00a0<\/strong><\/h3>\n<\/td>\n<\/tr>\n<\/tbody>\n<\/table>\n<\/td>\n<\/tr>\n<\/tbody>\n<\/table>\n<table class=\"mcnTextBlock\" border=\"0\" width=\"100%\" cellspacing=\"0\" cellpadding=\"0\">\n<tbody class=\"mcnTextBlockOuter\">\n<tr>\n<td class=\"mcnTextBlockInner\" valign=\"top\">\n<table class=\"mcnTextContentContainer\" border=\"0\" width=\"100%\" cellspacing=\"0\" cellpadding=\"0\" align=\"left\">\n<tbody>\n<tr>\n<td class=\"mcnTextContent\" valign=\"top\">\n<h4 class=\"null\"><strong>Successo di spessore per la Nazionale femminile U18<\/strong>, che nella seconda giornata dei Mondiali di 1^ Divisione Gruppo A\u00a0<strong>piega con un netto 4 a 1 la Norvegia<\/strong>. Per le Azzurrine si tratta della seconda vittoria consecutiva, dopo la prima ottenuta in overtime all\u2019esordio contro l\u2019Austria. I tre punti permettono alle ragazze allenate da coach Max Fedrizzi di portarsi al secondo posto in classifica a quota 5 punti, uno in meno della Germania che guida a punteggio pieno.<\/p>\n<p>Il Blue Team torner\u00e0 sul ghiaccio\u00a0gioved\u00ec 12 gennaio, alle ore 16:30, contro la Francia.<\/h4>\n<\/td>\n<\/tr>\n<\/tbody>\n<\/table>\n<\/td>\n<\/tr>\n<\/tbody>\n<\/table>\n<\/td>\n<\/tr>\n<\/tbody>\n<\/table>\n<\/div>\n","protected":false},"excerpt":{"rendered":"<p>RADIO PIU INFORMAZIONE il canale su TELEGRAM informazione di prima\u00a0 mano e in tempo reale. iscriviti ed aiutaci a farlo conoscere\u00a0\u00a0 SERVIZI E DISSERVIZI NEL TRASPORTO PUBBLICO LOCALE DILLO A RADIO PIU Grazie Dolomtibus\u00a0 Ieri\u00a0 la corsa di Falcade delle 16.30 \u00e8 stata tolta ma per Caprile invece \u00e8 rimasta. Praticamente ho preso la corriera&hellip;<\/p>\n","protected":false},"author":4,"featured_media":316114,"comment_status":"closed","ping_status":"closed","sticky":false,"template":"","format":"standard","meta":{"_monsterinsights_skip_tracking":false,"_monsterinsights_sitenote_active":false,"_monsterinsights_sitenote_note":"","_monsterinsights_sitenote_category":0,"footnotes":""},"categories":[51,86,49],"tags":[],"class_list":["post-315931","post","type-post","status-publish","format-standard","has-post-thumbnail","hentry","category-evidenza-top","category-gr","category-news-18","category-51","category-86","category-49","description-off"],"img_url":"https:\/\/www.radiopiu.net\/wordpress\/wp-content\/uploads\/2023\/01\/Senza-nome-27.jpg","_links":{"self":[{"href":"https:\/\/www.radiopiu.net\/wordpress\/wp-json\/wp\/v2\/posts\/315931","targetHints":{"allow":["GET"]}}],"collection":[{"href":"https:\/\/www.radiopiu.net\/wordpress\/wp-json\/wp\/v2\/posts"}],"about":[{"href":"https:\/\/www.radiopiu.net\/wordpress\/wp-json\/wp\/v2\/types\/post"}],"author":[{"embeddable":true,"href":"https:\/\/www.radiopiu.net\/wordpress\/wp-json\/wp\/v2\/users\/4"}],"replies":[{"embeddable":true,"href":"https:\/\/www.radiopiu.net\/wordpress\/wp-json\/wp\/v2\/comments?post=315931"}],"version-history":[{"count":0,"href":"https:\/\/www.radiopiu.net\/wordpress\/wp-json\/wp\/v2\/posts\/315931\/revisions"}],"wp:featuredmedia":[{"embeddable":true,"href":"https:\/\/www.radiopiu.net\/wordpress\/wp-json\/wp\/v2\/media\/316114"}],"wp:attachment":[{"href":"https:\/\/www.radiopiu.net\/wordpress\/wp-json\/wp\/v2\/media?parent=315931"}],"wp:term":[{"taxonomy":"category","embeddable":true,"href":"https:\/\/www.radiopiu.net\/wordpress\/wp-json\/wp\/v2\/categories?post=315931"},{"taxonomy":"post_tag","embeddable":true,"href":"https:\/\/www.radiopiu.net\/wordpress\/wp-json\/wp\/v2\/tags?post=315931"}],"curies":[{"name":"wp","href":"https:\/\/api.w.org\/{rel}","templated":true}]}}