{"id":315955,"date":"2023-01-10T07:45:06","date_gmt":"2023-01-10T06:45:06","guid":{"rendered":"https:\/\/www.radiopiu.net\/wordpress\/?p=315955"},"modified":"2023-01-10T08:45:44","modified_gmt":"2023-01-10T07:45:44","slug":"da-40-anni-alle-otto-del-mattino-di-mirko-mezzacasa-la-rassegna-stampa-locale","status":"publish","type":"post","link":"https:\/\/www.radiopiu.net\/wordpress\/da-40-anni-alle-otto-del-mattino-di-mirko-mezzacasa-la-rassegna-stampa-locale\/","title":{"rendered":"DA 40 ANNI ALLE OTTO DEL MATTINO, DI MIRKO MEZZACASA &#8220;la rassegna stampa locale&#8221;"},"content":{"rendered":"<p><strong>COMELICO<\/strong> Intossicati dal monossido di carbonio, salvati da una parente che ha chiamato i soccorsi.<br \/>\n<strong>BELLUNO<\/strong> Scattano gli aumenti per i servizi domiciliari, Sersa: per coprire le spese.<br \/>\n<strong>NEVICATE<\/strong> modeste ma il pericolo di valanghe \u00e8 concreto, l&#8217;invito alla prudenza dal soccorso alpino &#8220;rinviate le uscite&#8221;.<br \/>\n<strong>AGORDO<\/strong> Ieri il commovente addio a Renzo Gavaz, giovedi alle 15 in cimitero a Prade l&#8217;ultimo saluto all&#8217;avvocato Peppino Zangrando, venerdi i funerali del bellunese Manlio Millo alle 16 nella parrocchia di Mestre.<br \/>\n<strong>LONGARONE<\/strong> Muore dopo due giorni dalla caduta dall&#8217;albero dove raccoglieva le mele. Tragedia di un &#8220;invisibile&#8221; accanto alla chiesa di Fae&#8217;.<br \/>\n<strong>COVID<\/strong> Numeri in calo, nella settimana un decesso, un terzo dei Comuni della provincia registrano nuovi casi, non in Agordino, Comelico e Cadore.<br \/>\n<strong>FELTRE<\/strong> Anche un fumetto per il palio, protagonista Paola Zugni Tauro nelle strisce disegnate da Luca Debus.<br \/>\n<strong>SEDICO<\/strong> Cerca i fratelli e su facebook trova una traccia di Ernesto, nato nel 1962, dal 1973 dopo l&#8217;adozione nel bellunese.<br \/>\n<strong>CANALE D&#8217;AGORDO<\/strong> Loris Valt da Feder si dichiara pronto a guidare una lista per le prossime elezioni comunali.<br \/>\n<strong>AGORDO<\/strong> Pur con i dovuti limiti di velocit\u00e0 e a seguito della sospensione dei lavori per la pausa invernale \u00e8 stata riaperta la strada comunale per Piasent, \u00e8 stato ripristinato il passaggio dall\u2019incrocio in localit\u00e0 I Cadorin (direzione Framont) fino al civico 9. Alla ripresa dei lavori, a primavera, il Comune comunicher\u00e0 la nuova limitazione di transito.<br \/>\n<strong>BELLUNO<\/strong> Progetto LPU \u2013 Lavori di Pubblica Utilit\u00e0: il Comune cerca partner. \u00c8 stato pubblicato nei giorni scorsi, nell\u2019albo pretorio del sito istituzionale del Comune di Belluno, l\u2019avviso per l\u2019acquisizione di manifestazioni di interesse di partner operativi interessati a collaborare con Palazzo Rosso nell\u2019avvio del progetto LPU. L\u2019obiettivo dell\u2019iniziativa \u00e8 quello di favorire l\u2019inserimento lavorativo di persone disoccupate e svantaggiate<br \/>\n<strong>FELTRE<\/strong> 1993-2023: il Parco Nazionale delle Dolomiti Bellunesi si appresta a festeggiare i 30 anni di vita con importanti cantieri, dal sentiero tra Belluno e la Schiara all\u2019apertura di Valle Imperina.<br \/>\n<strong>VENEZIA<\/strong> \u201cIl Veneto \u00e8 la prima regione a predisporre uno studio in tema di accessibilit\u00e0 e inclusivit\u00e0 in vista delle Olimpiadi di Milano Cortina 2026. Il Comitato Organizzatore ha chiesto infatti a tutti gli enti ospitanti i giochi olimpici di porre la massima attenzione e di ispirare la propria azione alle due tematiche.<br \/>\n<span style=\"color: #ff0000;\">HOCKEY SU GHIACCIO<\/span> PER LE CIVETTE NON SONO SVANITE DEL TUTTO LE SPERANZE DI UNA QUALIFICAZIONE AI PLAYOFF \/\/\/\/ IL TORNEO UNDER 9 E LA PARTITA UNDER 15 DELL\u2019ALLEGHE HOCKEY \/\/\/\/ Due punti e vittoria all\u2019esordio per le Azzurrine, che battono l\u2019Austria al termine di un match equilibrato e combattuto.<\/p>\n<p>&nbsp;<\/p>\n<p><iframe loading=\"lazy\" title=\"RASSEGNA STAMPA LOCALE\" width=\"1200\" height=\"675\" src=\"https:\/\/www.youtube.com\/embed\/MfqAKNx8ZM8?feature=oembed\" frameborder=\"0\" allow=\"accelerometer; autoplay; clipboard-write; encrypted-media; gyroscope; picture-in-picture; web-share\" allowfullscreen><\/iframe><\/p>\n<p>&nbsp;<\/p>\n<p>&nbsp;<\/p>\n<hr \/>\n<p>&nbsp;<\/p>\n","protected":false},"excerpt":{"rendered":"<p>COMELICO Intossicati dal monossido di carbonio, salvati da una parente che ha chiamato i soccorsi. BELLUNO Scattano gli aumenti per i servizi domiciliari, Sersa: per coprire le spese. NEVICATE modeste ma il pericolo di valanghe \u00e8 concreto, l&#8217;invito alla prudenza dal soccorso alpino &#8220;rinviate le uscite&#8221;. AGORDO Ieri il commovente addio a Renzo Gavaz, giovedi&hellip;<\/p>\n","protected":false},"author":4,"featured_media":315944,"comment_status":"closed","ping_status":"closed","sticky":false,"template":"","format":"standard","meta":{"_monsterinsights_skip_tracking":false,"_monsterinsights_sitenote_active":false,"_monsterinsights_sitenote_note":"","_monsterinsights_sitenote_category":0,"footnotes":""},"categories":[104,142],"tags":[],"class_list":["post-315955","post","type-post","status-publish","format-standard","has-post-thumbnail","hentry","category-evidenza_3","category-rassegna-stampa","category-104","category-142","description-off"],"img_url":"https:\/\/www.radiopiu.net\/wordpress\/wp-content\/uploads\/2023\/01\/Senza-nome-22.jpg","_links":{"self":[{"href":"https:\/\/www.radiopiu.net\/wordpress\/wp-json\/wp\/v2\/posts\/315955","targetHints":{"allow":["GET"]}}],"collection":[{"href":"https:\/\/www.radiopiu.net\/wordpress\/wp-json\/wp\/v2\/posts"}],"about":[{"href":"https:\/\/www.radiopiu.net\/wordpress\/wp-json\/wp\/v2\/types\/post"}],"author":[{"embeddable":true,"href":"https:\/\/www.radiopiu.net\/wordpress\/wp-json\/wp\/v2\/users\/4"}],"replies":[{"embeddable":true,"href":"https:\/\/www.radiopiu.net\/wordpress\/wp-json\/wp\/v2\/comments?post=315955"}],"version-history":[{"count":0,"href":"https:\/\/www.radiopiu.net\/wordpress\/wp-json\/wp\/v2\/posts\/315955\/revisions"}],"wp:featuredmedia":[{"embeddable":true,"href":"https:\/\/www.radiopiu.net\/wordpress\/wp-json\/wp\/v2\/media\/315944"}],"wp:attachment":[{"href":"https:\/\/www.radiopiu.net\/wordpress\/wp-json\/wp\/v2\/media?parent=315955"}],"wp:term":[{"taxonomy":"category","embeddable":true,"href":"https:\/\/www.radiopiu.net\/wordpress\/wp-json\/wp\/v2\/categories?post=315955"},{"taxonomy":"post_tag","embeddable":true,"href":"https:\/\/www.radiopiu.net\/wordpress\/wp-json\/wp\/v2\/tags?post=315955"}],"curies":[{"name":"wp","href":"https:\/\/api.w.org\/{rel}","templated":true}]}}