{"id":316021,"date":"2023-01-10T14:03:58","date_gmt":"2023-01-10T13:03:58","guid":{"rendered":"https:\/\/www.radiopiu.net\/wordpress\/?p=316021"},"modified":"2023-01-11T06:17:26","modified_gmt":"2023-01-11T05:17:26","slug":"autovelox-di-arsie-non-omologato-verbale-contestato-e-annullato","status":"publish","type":"post","link":"https:\/\/www.radiopiu.net\/wordpress\/autovelox-di-arsie-non-omologato-verbale-contestato-e-annullato\/","title":{"rendered":"AUTOVELOX DI ARSIE&#8217; NON OMOLOGATO, VERBALE CONTESTATO E ANNULLATO"},"content":{"rendered":"<p><strong><a class=\"dt-pswp-item\" href=\"https:\/\/www.radiopiu.net\/wordpress\/wp-content\/uploads\/2022\/12\/AUTOVELOX.jpg\" data-dt-img-description=\"\" data-large_image_width=\"1920\" data-large_image_height=\"1280\"><img loading=\"lazy\" decoding=\"async\" class=\" wp-image-310004 alignleft\" src=\"https:\/\/www.radiopiu.net\/wordpress\/wp-content\/uploads\/2022\/12\/AUTOVELOX-300x200.jpg\" alt=\"\" width=\"234\" height=\"156\" srcset=\"https:\/\/www.radiopiu.net\/wordpress\/wp-content\/uploads\/2022\/12\/AUTOVELOX-300x200.jpg 300w, https:\/\/www.radiopiu.net\/wordpress\/wp-content\/uploads\/2022\/12\/AUTOVELOX-1024x683.jpg 1024w, https:\/\/www.radiopiu.net\/wordpress\/wp-content\/uploads\/2022\/12\/AUTOVELOX-768x512.jpg 768w, https:\/\/www.radiopiu.net\/wordpress\/wp-content\/uploads\/2022\/12\/AUTOVELOX-1536x1024.jpg 1536w, https:\/\/www.radiopiu.net\/wordpress\/wp-content\/uploads\/2022\/12\/AUTOVELOX.jpg 1920w\" sizes=\"auto, (max-width: 234px) 100vw, 234px\" \/><\/a>BELLUNO <\/strong>Il 24 agosto scorso \u00e8 stata notificata ad un uomo una sanzione per il superamento della velocit\u00e0 di 12,60 Km\/h presunta violazione rilevata dall&#8217;autovelox in uso alla Polizia Locale del Comune di Arsi\u00e8. L\u2019uomo, certo di non aver commesso l&#8217;infrazione, per altro con 30 punti sulla patente, si \u00e8 rivolto all\u2019Associazione Altvelox ed ha presentato ricorso al Giudice di Pace di Belluno per una serie di illegittimit\u00e0 riscontrate nel verbale notificato. \u00c8 stato rilevato che nel Verbale non era stato indicato alcun provvedimento Ministeriale ne relativo alla approvazione e di peggio neppure alla omologazione e nessun altro dato utile per comprendere la legalit\u00e0 dell&#8217;apparecchio elettronico utilizzato. Infatti, come il crono-tachigrafo, strumento e software sono tutt&#8217;oggi omologati dal Ministero dello Sviluppo Economico, unico Ente preposto, anche lo stesso autovelox deve essere omologato dal MISE, essendo esso un misuratore di velocit\u00e0 (spazio\/tempo) cosa che dalla documentazione richiesta da Altvelox al Comune di Arsi\u00e8 \u00e8 risultato assente ovvero illegittimo poich\u00e9 la procedura non \u00e8 mai effettuata. Questa mattina il Giudice Dr. Fabrizio Schioppa, ha ritenuto valide le lamentele, mancata omologazione ed assenza di requisiti metrologici dell&#8217;autovelox e carenza \/ ilegittimit\u00e0 della prova fotografica. (Fonte: Altvelox.it)<\/p>\n<p>&nbsp;<\/p>\n<p>&nbsp;<\/p>\n<p>*******<\/p>\n","protected":false},"excerpt":{"rendered":"<p>BELLUNO Il 24 agosto scorso \u00e8 stata notificata ad un uomo una sanzione per il superamento della velocit\u00e0 di 12,60 Km\/h presunta violazione rilevata dall&#8217;autovelox in uso alla Polizia Locale del Comune di Arsi\u00e8. L\u2019uomo, certo di non aver commesso l&#8217;infrazione, per altro con 30 punti sulla patente, si \u00e8 rivolto all\u2019Associazione Altvelox ed ha&hellip;<\/p>\n","protected":false},"author":4,"featured_media":310004,"comment_status":"closed","ping_status":"closed","sticky":false,"template":"","format":"standard","meta":{"_monsterinsights_skip_tracking":false,"_monsterinsights_sitenote_active":false,"_monsterinsights_sitenote_note":"","_monsterinsights_sitenote_category":0,"footnotes":""},"categories":[104,49],"tags":[],"class_list":["post-316021","post","type-post","status-publish","format-standard","has-post-thumbnail","hentry","category-evidenza_3","category-news-18","category-104","category-49","description-off"],"img_url":"https:\/\/www.radiopiu.net\/wordpress\/wp-content\/uploads\/2022\/12\/AUTOVELOX.jpg","_links":{"self":[{"href":"https:\/\/www.radiopiu.net\/wordpress\/wp-json\/wp\/v2\/posts\/316021","targetHints":{"allow":["GET"]}}],"collection":[{"href":"https:\/\/www.radiopiu.net\/wordpress\/wp-json\/wp\/v2\/posts"}],"about":[{"href":"https:\/\/www.radiopiu.net\/wordpress\/wp-json\/wp\/v2\/types\/post"}],"author":[{"embeddable":true,"href":"https:\/\/www.radiopiu.net\/wordpress\/wp-json\/wp\/v2\/users\/4"}],"replies":[{"embeddable":true,"href":"https:\/\/www.radiopiu.net\/wordpress\/wp-json\/wp\/v2\/comments?post=316021"}],"version-history":[{"count":0,"href":"https:\/\/www.radiopiu.net\/wordpress\/wp-json\/wp\/v2\/posts\/316021\/revisions"}],"wp:featuredmedia":[{"embeddable":true,"href":"https:\/\/www.radiopiu.net\/wordpress\/wp-json\/wp\/v2\/media\/310004"}],"wp:attachment":[{"href":"https:\/\/www.radiopiu.net\/wordpress\/wp-json\/wp\/v2\/media?parent=316021"}],"wp:term":[{"taxonomy":"category","embeddable":true,"href":"https:\/\/www.radiopiu.net\/wordpress\/wp-json\/wp\/v2\/categories?post=316021"},{"taxonomy":"post_tag","embeddable":true,"href":"https:\/\/www.radiopiu.net\/wordpress\/wp-json\/wp\/v2\/tags?post=316021"}],"curies":[{"name":"wp","href":"https:\/\/api.w.org\/{rel}","templated":true}]}}