{"id":316044,"date":"2023-01-11T05:48:01","date_gmt":"2023-01-11T04:48:01","guid":{"rendered":"https:\/\/www.radiopiu.net\/wordpress\/?p=316044"},"modified":"2023-01-11T06:15:59","modified_gmt":"2023-01-11T05:15:59","slug":"e-morta-a-104-anni-maria-luigia-bet-tonon-la-donna-piu-anziana-di-pieve-di-cadore","status":"publish","type":"post","link":"https:\/\/www.radiopiu.net\/wordpress\/e-morta-a-104-anni-maria-luigia-bet-tonon-la-donna-piu-anziana-di-pieve-di-cadore\/","title":{"rendered":"E&#8217; MORTA A 104 ANNI MARIA LUIGIA BET TONON, LA DONNA PIU&#8217; ANZIANA DI PIEVE DI CADORE"},"content":{"rendered":"<p><strong><a class=\"dt-pswp-item\" href=\"https:\/\/www.radiopiu.net\/wordpress\/wp-content\/uploads\/2019\/02\/lutto-simbolo.jpg\" data-dt-img-description=\"\" data-large_image_width=\"700\" data-large_image_height=\"465\"><img loading=\"lazy\" decoding=\"async\" class=\" wp-image-75492 alignleft\" src=\"https:\/\/www.radiopiu.net\/wordpress\/wp-content\/uploads\/2019\/02\/lutto-simbolo-300x199.jpg\" alt=\"\" width=\"166\" height=\"110\" srcset=\"https:\/\/www.radiopiu.net\/wordpress\/wp-content\/uploads\/2019\/02\/lutto-simbolo-300x199.jpg 300w, https:\/\/www.radiopiu.net\/wordpress\/wp-content\/uploads\/2019\/02\/lutto-simbolo.jpg 700w\" sizes=\"auto, (max-width: 166px) 100vw, 166px\" \/><\/a>PIEVE DI CADORE<\/strong> Si\u00a0 \u00e8 spenta luned\u00ec sera, a 104 anni, Maria Luigia Bet Tonon,\u00a0 la \u201cnonna\u201d di Pieve di Cadore. Si chiamava Maria Luigia Bet la signora pi\u00f9 anziana del Comune di Pieve di Cadore. Se n&#8217;\u00e8 andata lasciando i figli Maurilio, Clara, Cesarina e Gilberto, la nuora, i generi, i nipoti, i pronipoti, \u00a0Era nata l\u20198 agosto 1918, quindi in piena Prima Guerra Mondiale. \u201c<em>Sono stati 104 anni veramente vissuti\u201d, spiegano i discendenti, \u201cnei quali la sua esistenza, sempre lucida e vivace, ha sempre avuto un peso importante e\u00a0 ha saputo dare ancora molto a chi la conosceva e la incontrava<\/em>\u201d. Lucidissima e pronta alla battuta ha ricordato con piacere al sindaco di Pieve, che \u00e8 andato a trovarla per farle gli auguri per il compleanno, gli anni di intensa attivit\u00e0 con tanti sacrifici ma anche con una grande soddisfazione professionale e molta gioia derivante da una famiglia che \u00e8 sempre stata unita. Da anni ormai soffriva di una cecit\u00e0 invalidante che per\u00f2 ha ridimensionato solo in parte il suo stile di vita fatto di tanti interesse, di passeggiate, di esercizi mnemonici e di curiosit\u00e0. Maria Luigia\u00a0 Bet era nata a Colle Umberto in Provincia di Treviso l&#8217;8 agosto 1918, 5^ di una famiglia di 9 figli,\u00a0 ma per un errore dell&#8217;ufficio anagrafe del Comune di Colle Umberto, distrutto da un incendio, durante la guerra, viene registrata con data di nascita diversa: 6 agosto 1918, che\u00a0 rimarr\u00e0 trascritta in tutti i registri e i documenti. I funerali si terranno giovedi alle ore14,30, nella chiesa parrocchiale di San Candido di Tai di Cadore.<\/p>\n<p>&nbsp;<\/p>\n<p>&nbsp;<\/p>\n<p>*****<\/p>\n","protected":false},"excerpt":{"rendered":"<p>PIEVE DI CADORE Si\u00a0 \u00e8 spenta luned\u00ec sera, a 104 anni, Maria Luigia Bet Tonon,\u00a0 la \u201cnonna\u201d di Pieve di Cadore. Si chiamava Maria Luigia Bet la signora pi\u00f9 anziana del Comune di Pieve di Cadore. Se n&#8217;\u00e8 andata lasciando i figli Maurilio, Clara, Cesarina e Gilberto, la nuora, i generi, i nipoti, i pronipoti,&hellip;<\/p>\n","protected":false},"author":4,"featured_media":75492,"comment_status":"closed","ping_status":"closed","sticky":false,"template":"","format":"standard","meta":{"_monsterinsights_skip_tracking":false,"_monsterinsights_sitenote_active":false,"_monsterinsights_sitenote_note":"","_monsterinsights_sitenote_category":0,"footnotes":""},"categories":[51,49],"tags":[],"class_list":["post-316044","post","type-post","status-publish","format-standard","has-post-thumbnail","hentry","category-evidenza-top","category-news-18","category-51","category-49","description-off"],"img_url":"https:\/\/www.radiopiu.net\/wordpress\/wp-content\/uploads\/2019\/02\/lutto-simbolo.jpg","_links":{"self":[{"href":"https:\/\/www.radiopiu.net\/wordpress\/wp-json\/wp\/v2\/posts\/316044","targetHints":{"allow":["GET"]}}],"collection":[{"href":"https:\/\/www.radiopiu.net\/wordpress\/wp-json\/wp\/v2\/posts"}],"about":[{"href":"https:\/\/www.radiopiu.net\/wordpress\/wp-json\/wp\/v2\/types\/post"}],"author":[{"embeddable":true,"href":"https:\/\/www.radiopiu.net\/wordpress\/wp-json\/wp\/v2\/users\/4"}],"replies":[{"embeddable":true,"href":"https:\/\/www.radiopiu.net\/wordpress\/wp-json\/wp\/v2\/comments?post=316044"}],"version-history":[{"count":0,"href":"https:\/\/www.radiopiu.net\/wordpress\/wp-json\/wp\/v2\/posts\/316044\/revisions"}],"wp:featuredmedia":[{"embeddable":true,"href":"https:\/\/www.radiopiu.net\/wordpress\/wp-json\/wp\/v2\/media\/75492"}],"wp:attachment":[{"href":"https:\/\/www.radiopiu.net\/wordpress\/wp-json\/wp\/v2\/media?parent=316044"}],"wp:term":[{"taxonomy":"category","embeddable":true,"href":"https:\/\/www.radiopiu.net\/wordpress\/wp-json\/wp\/v2\/categories?post=316044"},{"taxonomy":"post_tag","embeddable":true,"href":"https:\/\/www.radiopiu.net\/wordpress\/wp-json\/wp\/v2\/tags?post=316044"}],"curies":[{"name":"wp","href":"https:\/\/api.w.org\/{rel}","templated":true}]}}