{"id":316168,"date":"2023-01-12T04:00:24","date_gmt":"2023-01-12T03:00:24","guid":{"rendered":"https:\/\/www.radiopiu.net\/wordpress\/?p=316168"},"modified":"2023-01-12T05:34:09","modified_gmt":"2023-01-12T04:34:09","slug":"il-barone-mademoiselle-e-leclerc-sullarmentarola","status":"publish","type":"post","link":"https:\/\/www.radiopiu.net\/wordpress\/il-barone-mademoiselle-e-leclerc-sullarmentarola\/","title":{"rendered":"IL BARONE, MADEMOISELLE E LECLERC SULL&#8217;ARMENTAROLA"},"content":{"rendered":"<p><strong><a class=\"dt-pswp-item\" href=\"https:\/\/www.radiopiu.net\/wordpress\/wp-content\/uploads\/2023\/01\/324936373_1202976877266066_3824211991884497164_n.jpg\" data-dt-img-description=\"\" data-large_image_width=\"720\" data-large_image_height=\"540\"><img loading=\"lazy\" decoding=\"async\" class=\" wp-image-316171 alignleft\" src=\"https:\/\/www.radiopiu.net\/wordpress\/wp-content\/uploads\/2023\/01\/324936373_1202976877266066_3824211991884497164_n-300x225.jpg\" alt=\"\" width=\"256\" height=\"192\" srcset=\"https:\/\/www.radiopiu.net\/wordpress\/wp-content\/uploads\/2023\/01\/324936373_1202976877266066_3824211991884497164_n-300x225.jpg 300w, https:\/\/www.radiopiu.net\/wordpress\/wp-content\/uploads\/2023\/01\/324936373_1202976877266066_3824211991884497164_n.jpg 720w\" sizes=\"auto, (max-width: 256px) 100vw, 256px\" \/><\/a>REDAZIONE<\/strong> Quando Charles Leclerc, il pilota di formula 1 della Ferrari, lo ha notato con il suo ampio mantello nero e il cilindro sponsorizzato Val Badia in testa, \u00e8 rimasto subito incuriosito. Ci\u00f2 che pi\u00f9 lo ha colpito \u00e8 stata per\u00f2 quella gallinella &#8220;sciatrice&#8221; che Giuseppe Rudatis, al secolo il Barone, porta sempre con se sulle piste di sci. Anche oggi sull&#8217;Armentarola lungo il Giro della Grande Guerra.\u00a0 Charles ha quindi preso il telefono e ha postato il video su instragram, come dire che potenzialmente quelle immagini sono state viste da quasi 10 milioni di persone, infatti il ferrarista sul suo profilo vanta 9,7 milioni di follower interessati ai sui 1066 post, compreso l&#8217;ultimo\u00a0 del &#8220;Barone&#8221;\u00a0 alleghese e gallinella Mademoiselle.<\/p>\n<p>&nbsp;<\/p>\n<div style=\"width: 848px;\" class=\"wp-video\"><video class=\"wp-video-shortcode\" id=\"video-316168-1\" width=\"848\" height=\"480\" preload=\"metadata\" controls=\"controls\"><source type=\"video\/mp4\" src=\"https:\/\/www.radiopiu.net\/wordpress\/wp-content\/uploads\/2023\/01\/WhatsApp-Video-2023-01-11-at-14.43.42.mp4?_=1\" \/><a href=\"https:\/\/www.radiopiu.net\/wordpress\/wp-content\/uploads\/2023\/01\/WhatsApp-Video-2023-01-11-at-14.43.42.mp4\">https:\/\/www.radiopiu.net\/wordpress\/wp-content\/uploads\/2023\/01\/WhatsApp-Video-2023-01-11-at-14.43.42.mp4<\/a><\/video><\/div>\n<p>&nbsp;<\/p>\n<p><strong><a class=\"dt-pswp-item\" href=\"https:\/\/www.radiopiu.net\/wordpress\/wp-content\/uploads\/2023\/01\/Charles_Leclerc_portrait_2020.png\" data-dt-img-description=\"\" data-large_image_width=\"201\" data-large_image_height=\"300\"><img loading=\"lazy\" decoding=\"async\" class=\"wp-image-316169 alignleft\" src=\"https:\/\/www.radiopiu.net\/wordpress\/wp-content\/uploads\/2023\/01\/Charles_Leclerc_portrait_2020.png\" alt=\"\" width=\"103\" height=\"154\" \/><\/a>Charles Leclerc <\/strong>Campione della\u00a0<a title=\"GP3 Series 2016\" href=\"https:\/\/it.m.wikipedia.org\/wiki\/GP3_Series_2016\">GP3\u00a02016<\/a>\u00a0e della\u00a0<a title=\"Campionato FIA di Formula 2 2017\" href=\"https:\/\/it.m.wikipedia.org\/wiki\/Campionato_FIA_di_Formula_2_2017\">Formula 2\u00a02017<\/a>, ha fatto parte dal 2016 al 2018 della\u00a0<a title=\"Ferrari Driver Academy\" href=\"https:\/\/it.m.wikipedia.org\/wiki\/Ferrari_Driver_Academy\">Ferrari Driver Academy<\/a>\u00a0e nel\u00a0<a title=\"Campionato mondiale di Formula 1 2018\" href=\"https:\/\/it.m.wikipedia.org\/wiki\/Campionato_mondiale_di_Formula_1_2018\">2018<\/a>\u00a0ha corso in Formula 1 per la\u00a0<a title=\"Sauber F1 Team\" href=\"https:\/\/it.m.wikipedia.org\/wiki\/Sauber_F1_Team\">Sauber<\/a>, passando dal\u00a0<a title=\"Campionato mondiale di Formula 1 2019\" href=\"https:\/\/it.m.wikipedia.org\/wiki\/Campionato_mondiale_di_Formula_1_2019\">2019<\/a>\u00a0in forza alla scuderia italiana Ferrari, con la quale si \u00e8 laureato vicecampione del mondo nel\u00a0<a title=\"Campionato mondiale di Formula 1 2022\" href=\"https:\/\/it.m.wikipedia.org\/wiki\/Campionato_mondiale_di_Formula_1_2022\">2022<\/a>. \u00c8 il terzo pilota monegasco ad aver partecipato al campionato del mondo di Formula 1 dopo <a title=\"Louis Chiron\" href=\"https:\/\/it.m.wikipedia.org\/wiki\/Louis_Chiron\">Louis Chiron<\/a>\u00a0e\u00a0<a title=\"Olivier Beretta\" href=\"https:\/\/it.m.wikipedia.org\/wiki\/Olivier_Beretta\">Olivier Beretta<\/a>, nonch\u00e9 il pi\u00f9 giovane di sempre ad aver vinto un Gran Premio alla guida di una monoposto della scuderia di Maranello. Figlio di Herv\u00e9, pilota di <a title=\"Formula 3\" href=\"https:\/\/it.m.wikipedia.org\/wiki\/Formula_3\">Formula 3<\/a>\u00a0negli\u00a0<a title=\"Anni 1980\" href=\"https:\/\/it.m.wikipedia.org\/wiki\/Anni_1980\">anni &#8217;80<\/a>\u00a0e\u00a0<a title=\"Anni 1990\" href=\"https:\/\/it.m.wikipedia.org\/wiki\/Anni_1990\">&#8217;90<\/a>\u00a0del\u00a0<a title=\"XX secolo\" href=\"https:\/\/it.m.wikipedia.org\/wiki\/XX_secolo\">XX secolo<\/a>, e morto prematuramente nel 2017 all&#8217;et\u00e0 di 54 anni, dopo una lunga malattia, quattro giorni prima che Charles vincesse il\u00a0<a title=\"Campionato FIA di Formula 2 2017\" href=\"https:\/\/it.m.wikipedia.org\/wiki\/Campionato_FIA_di_Formula_2_2017\">Gran Premio<\/a><\/p>\n<p>&nbsp;<\/p>\n<p>&nbsp;<\/p>\n<hr \/>\n<section id=\"content-collapsible-block-1\" class=\"mf-section-2 collapsible-block collapsible-block-js open-block\">\u00a0<\/section>\n","protected":false},"excerpt":{"rendered":"<p>REDAZIONE Quando Charles Leclerc, il pilota di formula 1 della Ferrari, lo ha notato con il suo ampio mantello nero e il cilindro sponsorizzato Val Badia in testa, \u00e8 rimasto subito incuriosito. Ci\u00f2 che pi\u00f9 lo ha colpito \u00e8 stata per\u00f2 quella gallinella &#8220;sciatrice&#8221; che Giuseppe Rudatis, al secolo il Barone, porta sempre con se&hellip;<\/p>\n","protected":false},"author":4,"featured_media":316171,"comment_status":"closed","ping_status":"closed","sticky":false,"template":"","format":"standard","meta":{"_monsterinsights_skip_tracking":false,"_monsterinsights_sitenote_active":false,"_monsterinsights_sitenote_note":"","_monsterinsights_sitenote_category":0,"footnotes":""},"categories":[104,49],"tags":[],"class_list":["post-316168","post","type-post","status-publish","format-standard","has-post-thumbnail","hentry","category-evidenza_3","category-news-18","category-104","category-49","description-off"],"img_url":"https:\/\/www.radiopiu.net\/wordpress\/wp-content\/uploads\/2023\/01\/324936373_1202976877266066_3824211991884497164_n.jpg","_links":{"self":[{"href":"https:\/\/www.radiopiu.net\/wordpress\/wp-json\/wp\/v2\/posts\/316168","targetHints":{"allow":["GET"]}}],"collection":[{"href":"https:\/\/www.radiopiu.net\/wordpress\/wp-json\/wp\/v2\/posts"}],"about":[{"href":"https:\/\/www.radiopiu.net\/wordpress\/wp-json\/wp\/v2\/types\/post"}],"author":[{"embeddable":true,"href":"https:\/\/www.radiopiu.net\/wordpress\/wp-json\/wp\/v2\/users\/4"}],"replies":[{"embeddable":true,"href":"https:\/\/www.radiopiu.net\/wordpress\/wp-json\/wp\/v2\/comments?post=316168"}],"version-history":[{"count":0,"href":"https:\/\/www.radiopiu.net\/wordpress\/wp-json\/wp\/v2\/posts\/316168\/revisions"}],"wp:featuredmedia":[{"embeddable":true,"href":"https:\/\/www.radiopiu.net\/wordpress\/wp-json\/wp\/v2\/media\/316171"}],"wp:attachment":[{"href":"https:\/\/www.radiopiu.net\/wordpress\/wp-json\/wp\/v2\/media?parent=316168"}],"wp:term":[{"taxonomy":"category","embeddable":true,"href":"https:\/\/www.radiopiu.net\/wordpress\/wp-json\/wp\/v2\/categories?post=316168"},{"taxonomy":"post_tag","embeddable":true,"href":"https:\/\/www.radiopiu.net\/wordpress\/wp-json\/wp\/v2\/tags?post=316168"}],"curies":[{"name":"wp","href":"https:\/\/api.w.org\/{rel}","templated":true}]}}