{"id":316286,"date":"2023-01-13T05:46:09","date_gmt":"2023-01-13T04:46:09","guid":{"rendered":"https:\/\/www.radiopiu.net\/wordpress\/?p=316286"},"modified":"2023-01-13T09:14:07","modified_gmt":"2023-01-13T08:14:07","slug":"giornale-radiopiu-13-gennaio-2023-direttore-mirko-mezzacasa-verso-i-40-anni-25-giugno-1983-25-giugno-2023","status":"publish","type":"post","link":"https:\/\/www.radiopiu.net\/wordpress\/giornale-radiopiu-13-gennaio-2023-direttore-mirko-mezzacasa-verso-i-40-anni-25-giugno-1983-25-giugno-2023\/","title":{"rendered":"GIORNALE RADIOPIU 13 GENNAIO 2023 DIRETTORE MIRKO MEZZACASA&#8230;verso i 40 anni 25 giugno 1983-25 giugno 2023"},"content":{"rendered":"<h3 class=\"kvgmc6g5 cxmmr5t8 oygrvhab hcukyx3x c1et5uql\"><span style=\"color: #0000ff;\"><strong>RADIO PIU INFORMAZIONE il canale su TELEGRAM informazione di prima\u00a0 <\/strong><strong>mano e in tempo reale. iscriviti ed aiutaci a farlo conoscere\u00a0<\/strong><\/span><\/h3>\n<h2 style=\"text-align: left;\"><span style=\"color: #ff0000;\"><a class=\"dt-pswp-item\" href=\"https:\/\/www.radiopiu.net\/wordpress\/wp-content\/uploads\/2023\/01\/d20d810c-c0f2-48f5-9967-e51fdde15821.jpg\" data-dt-img-description=\"\" data-large_image_width=\"1024\" data-large_image_height=\"686\"><img loading=\"lazy\" decoding=\"async\" class=\"size-medium wp-image-316480 alignleft\" src=\"https:\/\/www.radiopiu.net\/wordpress\/wp-content\/uploads\/2023\/01\/d20d810c-c0f2-48f5-9967-e51fdde15821-300x201.jpg\" alt=\"\" width=\"300\" height=\"201\" srcset=\"https:\/\/www.radiopiu.net\/wordpress\/wp-content\/uploads\/2023\/01\/d20d810c-c0f2-48f5-9967-e51fdde15821-300x201.jpg 300w, https:\/\/www.radiopiu.net\/wordpress\/wp-content\/uploads\/2023\/01\/d20d810c-c0f2-48f5-9967-e51fdde15821-768x515.jpg 768w, https:\/\/www.radiopiu.net\/wordpress\/wp-content\/uploads\/2023\/01\/d20d810c-c0f2-48f5-9967-e51fdde15821.jpg 1024w\" sizes=\"auto, (max-width: 300px) 100vw, 300px\" \/><\/a>ISCRIVITI AL NOSTRO CANALE YOUTUBE PER SEGUIRE IN DIRETTA I PRINCIPALI PROGRAMMI DI RADIO PIU&#8217; E LE FUTURE DIRETTE IN ESTERNA. PER ISCRIVERTI <a style=\"color: #ff0000;\" href=\"https:\/\/youtube.com\/@radiopiu1527\">CLICCA QUI<\/a> E PREMI IL TASTO &#8220;Iscriviti&#8221;\u00a0 \u00a0\u00a0<\/span><\/h2>\n<p>&nbsp;<\/p>\n<p><strong>ALLA RADIO&#8230; PRESENTIAMO I CARNEVAI DE LE VAI&#8230;.SEGUI I PROGRAMMI DEI 5 EVENTI, NOTIZIE, INTERVISTE, APPUNTAMENTI IMPERDIBILI<\/strong><br \/>\n<span style=\"color: #ff0000;\"><strong>LO SPOT<\/strong><\/span><\/p>\n<audio class=\"wp-audio-shortcode\" id=\"audio-316286-1\" preload=\"none\" style=\"width: 100%;\" controls=\"controls\"><source type=\"audio\/mpeg\" src=\"https:\/\/www.radiopiu.net\/wordpress\/wp-content\/uploads\/2023\/01\/CARNEVALE-GENERALE.mp3?_=1\" \/><a href=\"https:\/\/www.radiopiu.net\/wordpress\/wp-content\/uploads\/2023\/01\/CARNEVALE-GENERALE.mp3\">https:\/\/www.radiopiu.net\/wordpress\/wp-content\/uploads\/2023\/01\/CARNEVALE-GENERALE.mp3<\/a><\/audio>\n<p>&nbsp;<\/p>\n<hr \/>\n<p>&nbsp;<\/p>\n<blockquote>\n<h3><a class=\"dt-pswp-item\" href=\"https:\/\/www.radiopiu.net\/wordpress\/wp-content\/uploads\/2023\/01\/Senza-nome-31.jpg\" data-dt-img-description=\"\" data-large_image_width=\"807\" data-large_image_height=\"497\"><img loading=\"lazy\" decoding=\"async\" class=\"size-medium wp-image-316300 alignright\" src=\"https:\/\/www.radiopiu.net\/wordpress\/wp-content\/uploads\/2023\/01\/Senza-nome-31-300x185.jpg\" alt=\"\" width=\"300\" height=\"185\" srcset=\"https:\/\/www.radiopiu.net\/wordpress\/wp-content\/uploads\/2023\/01\/Senza-nome-31-300x185.jpg 300w, https:\/\/www.radiopiu.net\/wordpress\/wp-content\/uploads\/2023\/01\/Senza-nome-31-768x473.jpg 768w, https:\/\/www.radiopiu.net\/wordpress\/wp-content\/uploads\/2023\/01\/Senza-nome-31.jpg 807w\" sizes=\"auto, (max-width: 300px) 100vw, 300px\" \/><\/a><\/h3>\n<h2>LACRIME PER GIULIA LA MAESTRA DI SCI A CORTINA<\/h2>\n<h3>Troppo gravi le ferite riportate nell\u2019incidente accaduto nel pomeriggio di mercoled\u00ec 11 gennaio sul Nuvolau a Cortina: Giulia Ramelli, 34 anni, la maestra di sci veneziana che si trovava assieme a Piero Paccagnella, \u00e8 morta nella notte in ospedale a Treviso<\/h3>\n<\/blockquote>\n<p>&nbsp;<\/p>\n<blockquote>\n<h3>VALANGA SUL NUVOLAU. TRAVOLTE DUE PERSONE<\/h3>\n<\/blockquote>\n<p><strong>CORTINA<\/strong> Pochi minuti prima delle 16 \u00e8 scattato l&#8217;allarme per una valanga caduta sotto il Rifugio Nuvolau che ha coinvolto due persone, una coppia del veneziano (foto Corriere delle Alpi). A dare l&#8217;allarme lo sciatore rimasto semisepolto, la compagna sparita alla sua vista. Sul posto si \u00e8 portato l&#8217;elicottero del Suem di Pieve di Cadore con un&#8217;unit\u00e0 cinofila e personale del Soccorso alpino e della Guardia di finanza di Cortina. I soccorritori hanno individuato la donna, rimasta sommersa sotto due metri, e l&#8217;hanno liberata dalla neve per poi prestarle le prime cure e caricarla a bordo. L&#8217;elicottero \u00e8 volato all&#8217;ospedale di Treviso. Per il secondo sciatore \u00e8 intervenuto l&#8217;elicottero dell&#8217;Aiut Alpin Dolomites di Bolzano che ha portato l&#8217;uomo al nosocomio di Cortina.<\/p>\n<p>&nbsp;<\/p>\n<p>&nbsp;<\/p>\n<hr \/>\n<p>&nbsp;<\/p>\n<blockquote>\n<h3 class=\"entry-title\">ADDIO CARO BIAGIO, IL VIANDANTE DELLA 203 AGORDINA<\/h3>\n<\/blockquote>\n<p><img loading=\"lazy\" decoding=\"async\" class=\"alignleft\" src=\"https:\/\/www.radiopiu.net\/wordpress\/wp-content\/uploads\/2023\/01\/324669576_481841650772129_4770113814045530772_n-300x300.png\" width=\"168\" height=\"168\" \/>Se n\u2019\u00e8 andato sereno, circondato dall\u2019affetto di tantissime persone che aveva incontrato per le strade che per tutta la sua esistenza ha percorso, regalando un sorriso o un abbraccio. Cos\u00ec si \u00e8 spento\u00a0 Biagio Conte, il missionario laico di 59 anni, che ha abbandonato la sua vita fatta di comfort e ricchezze per dedicarsi completamente ai pi\u00f9 poveri, agli emarginati e dare voce agli animali abbandonati e maltrattati. L\u2019uomo era da tempo gravemente malato; il\u00a0 tumore al colon non gli ha dato scampo.<\/p>\n<p>Lo ricordiamo su questa pagina perche&#8217; alcuni anni fa -il 4 luglio 2017 &#8211; Biagio passo&#8217; nell&#8217;Agordino, lo avevamo raggiunto lungo la regionale 203 agordina e accompagnato per un lungo tratto di strada. Fu un piacere immenso<\/p>\n<p><span class=\"x3nfvp2 x1j61x8r x1fcty0u xdj266r xhhsvwb xat24cr xgzva0m xxymvpz xlup9mm x1kky2od\"><img loading=\"lazy\" decoding=\"async\" src=\"https:\/\/static.xx.fbcdn.net\/images\/emoji.php\/v9\/tde\/1\/16\/1f4f8.png\" alt=\"&#x1f4f8;\" width=\"16\" height=\"16\" \/><\/span> FB: <a class=\"x1i10hfl xjbqb8w x6umtig x1b1mbwd xaqea5y xav7gou x9f619 x1ypdohk xt0psk2 xe8uvvx xdj266r x11i5rnm xat24cr x1mh8g0r xexx8yu x4uap5 x18d9i69 xkhd6sd x16tdsg8 x1hl2dhg xggy1nq x1a2a7pz xt0b8zv x1qq9wsj xo1l8bm\" tabindex=\"0\" role=\"link\" href=\"https:\/\/www.facebook.com\/pacepace.org\/?__cft__[0]=AZWpi3j10Nkk56czKw1zybXQ1mCVdkFltCeAqUDNKzMnC41CjnAVmZruzSolC0wgpGqa7OaSHu1llr-VorQpQt9uEDLiagYvjjafXpFra1yXV7iExEG4glBTjtuWXfAUWYjXW3wlVZX0PkhCdWvY-W3GrK26Sdz7uHaC3vMh62ucKg&amp;__tn__=kK-R\"><span class=\"xt0psk2\">Missione di Speranza e Carit\u00e0<\/span><\/a><\/p>\n<div style=\"width: 848px;\" class=\"wp-video\"><video class=\"wp-video-shortcode\" id=\"video-316286-1\" width=\"848\" height=\"480\" preload=\"metadata\" controls=\"controls\"><source type=\"video\/mp4\" src=\"https:\/\/www.radiopiu.net\/wordpress\/wp-content\/uploads\/2023\/01\/WhatsApp-Video-2023-01-12-at-17.12.16.mp4?_=1\" \/><a href=\"https:\/\/www.radiopiu.net\/wordpress\/wp-content\/uploads\/2023\/01\/WhatsApp-Video-2023-01-12-at-17.12.16.mp4\">https:\/\/www.radiopiu.net\/wordpress\/wp-content\/uploads\/2023\/01\/WhatsApp-Video-2023-01-12-at-17.12.16.mp4<\/a><\/video><\/div>\n<p>&nbsp;<\/p>\n<p>&nbsp;<\/p>\n<hr \/>\n<p>&nbsp;<\/p>\n<blockquote>\n<h3>INVESTIMENTO A LENTIAI, PER IL PICCOLO UNA BOTTA E TANTO SPAVENTO<\/h3>\n<\/blockquote>\n<p><strong><img loading=\"lazy\" decoding=\"async\" class=\"alignleft\" src=\"https:\/\/www.radiopiu.net\/wordpress\/wp-content\/uploads\/2023\/01\/Senza-nome-34.jpg\" width=\"248\" height=\"134\" \/>BORGO VALBELLUNA\u00a0<\/strong> Non ha subito conseguenze drammatiche il bambino di sei anni che ieri pomeriggio \u00e8 stato investito da una utilitaria davanti all&#8217;ex municipio di Lentiai.\u00a0 Il piccolo stava camminando assieme alla mamma quando, per cause che stanno accertando gli agenti della polizia stradale di Belluno, \u00e8 stato urtato da un&#8217;auto, il bambino, anche se spaventatissimo e dolorante ad una gamba, non ha perso conoscenza e, assistito da un residente che ha chiamato il 118 \u00e8 stato poi portato in ospedale<\/p>\n<p>FOTO CORRIERE DELLE ALPI, I RILIEVI DELLA POLIZIA DAVANTI AL MUNICIPIO DI LENTIAI<\/p>\n<hr \/>\n<p>&nbsp;<\/p>\n<p>&nbsp;<\/p>\n<blockquote>\n<h3>FELTRINO, SONO TORNATI I LADRI. COLPO DA 7000 EURO<\/h3>\n<\/blockquote>\n<p><strong><img loading=\"lazy\" decoding=\"async\" class=\"alignleft\" src=\"https:\/\/www.radiopiu.net\/wordpress\/wp-content\/uploads\/2023\/01\/arsie.jpg\" width=\"153\" height=\"115\" \/>ARSIE<\/strong> Nulla di improvvisato, chi ha agito nella notte sapeva bene come muoversi al bar &#8220;Il mondo di Ciorci&#8221; in centro al paese, e soprattutto che il\u00a0 colpo avrebbe fruttato migliaia d&#8217;euro, 7000 per la precisione. Sono stati rubati\u00a0 numerosi blocchetti di gratta e vinci appena consegnati. Dagli scaffali sono sparite anche\u00a0 sette stecche di sigarette e seicento euro di fondo cassa. A scoprire l&#8217;ammanco la famiglia Brandalise ieri mattina alle 4 all&#8217;apertura del bar.<\/p>\n<p><strong><span style=\"color: #ff0000;\">Lottomatica<\/span> tra l&#8217;altro non\u00a0 bloccher\u00e0 l&#8217;incasso dei gratta e vinci pur a conoscenza dei codici dei biglietti sottratti.<\/strong><\/p>\n<p>&nbsp;<\/p>\n<hr \/>\n<p>&nbsp;<\/p>\n<blockquote>\n<h3>IL SANGUE SUI VETRI, DANIEL FLORIAN DUMBRAVA E&#8217; STATO CONDANNATO PER IL FURTO<strong>\u00a0<\/strong><\/h3>\n<\/blockquote>\n<p><strong><a class=\"dt-pswp-item\" href=\"https:\/\/www.radiopiu.net\/wordpress\/wp-content\/uploads\/2022\/07\/Veduta-da-sud2_Feltre_logo-1.jpg\" data-dt-img-description=\"\" data-large_image_width=\"1920\" data-large_image_height=\"1279\"><img loading=\"lazy\" decoding=\"async\" class=\"wp-image-288650 alignleft\" src=\"https:\/\/www.radiopiu.net\/wordpress\/wp-content\/uploads\/2022\/07\/Veduta-da-sud2_Feltre_logo-1-300x200.jpg\" alt=\"\" width=\"158\" height=\"105\" srcset=\"https:\/\/www.radiopiu.net\/wordpress\/wp-content\/uploads\/2022\/07\/Veduta-da-sud2_Feltre_logo-1-300x200.jpg 300w, https:\/\/www.radiopiu.net\/wordpress\/wp-content\/uploads\/2022\/07\/Veduta-da-sud2_Feltre_logo-1-1024x682.jpg 1024w, https:\/\/www.radiopiu.net\/wordpress\/wp-content\/uploads\/2022\/07\/Veduta-da-sud2_Feltre_logo-1-768x512.jpg 768w, https:\/\/www.radiopiu.net\/wordpress\/wp-content\/uploads\/2022\/07\/Veduta-da-sud2_Feltre_logo-1-1536x1023.jpg 1536w, https:\/\/www.radiopiu.net\/wordpress\/wp-content\/uploads\/2022\/07\/Veduta-da-sud2_Feltre_logo-1.jpg 1920w\" sizes=\"auto, (max-width: 158px) 100vw, 158px\" \/><\/a>FELTRE<\/strong>\u00a0 Daniel Florian Dumbrava,\u00a0 cittadino romeno \u00e8 stato incastrato dal suo Dna trovato in una macchia di sangue dal Ris di Parma. Il pubblico ministero Sandra Rossi per il furto in appartamento (bottino 40 euro e un telefono da 80) era salita a quattro anni di reclusione e 1.000 euro di multa, mentre per il difensore d&#8217;ufficio Francesca Larese l&#8217;imputato andava assolto per insufficienza o contradditoriet\u00e0 della prova.<\/p>\n<p><strong>L&#8217;esame biologico ha evidenziato la presenza del profilo genetico di Daniel Florian Dumbrava.\u00a0 La sentenza:\u00a0 condanna a 3 anni e 2 mesi.<\/strong><\/p>\n<p>&nbsp;<\/p>\n<hr \/>\n<p>&nbsp;<\/p>\n<blockquote>\n<h3>CROLLO IN MARMOLADA LA PROCURA DI TRENTO ANNUNCIA L&#8217;ARCHIVIAZIONE <strong>\u00a0<\/strong><\/h3>\n<\/blockquote>\n<p><strong><a class=\"dt-pswp-item\" href=\"https:\/\/www.radiopiu.net\/wordpress\/wp-content\/uploads\/2022\/07\/Foto-Soccorso-Alpino-Marmolada-3.png\" data-dt-img-description=\"\" data-large_image_width=\"1600\" data-large_image_height=\"1200\"><img loading=\"lazy\" decoding=\"async\" class=\"wp-image-285053 alignleft\" src=\"https:\/\/www.radiopiu.net\/wordpress\/wp-content\/uploads\/2022\/07\/Foto-Soccorso-Alpino-Marmolada-3-300x225.png\" alt=\"\" width=\"185\" height=\"139\" srcset=\"https:\/\/www.radiopiu.net\/wordpress\/wp-content\/uploads\/2022\/07\/Foto-Soccorso-Alpino-Marmolada-3-300x225.png 300w, https:\/\/www.radiopiu.net\/wordpress\/wp-content\/uploads\/2022\/07\/Foto-Soccorso-Alpino-Marmolada-3-1024x768.png 1024w, https:\/\/www.radiopiu.net\/wordpress\/wp-content\/uploads\/2022\/07\/Foto-Soccorso-Alpino-Marmolada-3-768x576.png 768w, https:\/\/www.radiopiu.net\/wordpress\/wp-content\/uploads\/2022\/07\/Foto-Soccorso-Alpino-Marmolada-3-1536x1152.png 1536w, https:\/\/www.radiopiu.net\/wordpress\/wp-content\/uploads\/2022\/07\/Foto-Soccorso-Alpino-Marmolada-3.png 1600w\" sizes=\"auto, (max-width: 185px) 100vw, 185px\" \/><\/a>TRENTO<\/strong> La Procura di Trento ha annunciato che richieder\u00e0 l\u2019archiviazione dell\u2019inchiesta sul disastro della Marmolada del 3 luglio scorso quando il distacco della calotta sommitale del ghiacciaio aveva provocato una valanga di neve e roccia che ha ucciso 11 persone. Come gi\u00e0 emerso a met\u00e0 dicembre scorso a seguito della perizia di 60 pagine depositata dagli esperti dell\u2019Universit\u00e0 di Siena e di Trento, anche la perizia tecnica richiesta dalla Procura ha rilevato\u00a0che quanto accaduto \u00e8 stato un \u201cevento non prevedibile\u201d.<\/p>\n<p>&nbsp;<\/p>\n<p>&nbsp;<\/p>\n<p>&nbsp;<\/p>\n<hr \/>\n<p>&nbsp;<\/p>\n<blockquote>\n<h3>EMERGENZA MIGRANTI: LA PREFETTURA CONVOCA I SINDACI<\/h3>\n<\/blockquote>\n<p><strong><a class=\"dt-pswp-item\" href=\"https:\/\/www.radiopiu.net\/wordpress\/wp-content\/uploads\/2020\/04\/PREFETTURA-BELLUNO.jpeg\" data-dt-img-description=\"\" data-large_image_width=\"384\" data-large_image_height=\"384\"><img loading=\"lazy\" decoding=\"async\" class=\" wp-image-133575 alignleft\" src=\"https:\/\/www.radiopiu.net\/wordpress\/wp-content\/uploads\/2020\/04\/PREFETTURA-BELLUNO-300x300.jpeg\" alt=\"\" width=\"157\" height=\"157\" srcset=\"https:\/\/www.radiopiu.net\/wordpress\/wp-content\/uploads\/2020\/04\/PREFETTURA-BELLUNO-300x300.jpeg 300w, https:\/\/www.radiopiu.net\/wordpress\/wp-content\/uploads\/2020\/04\/PREFETTURA-BELLUNO-150x150.jpeg 150w, https:\/\/www.radiopiu.net\/wordpress\/wp-content\/uploads\/2020\/04\/PREFETTURA-BELLUNO.jpeg 384w\" sizes=\"auto, (max-width: 157px) 100vw, 157px\" \/><\/a>BELLUNO <\/strong>Le Amministrazioni di Belluno, Feltre, Borgo Valbelluna, Sedico, Ponte nelle Alpi, Santa Giustina, Alpago e Longarone sono pronte ad accogliere 19 migranti richiedenti asilo. Emerge dalla riunione\u00a0 in Prefettura\u00a0 tra i\u00a0 Sindaci dei 14 Comuni pi\u00f9 popolosi.\u00a0 Il numero sempre alto di arrivi,\u00a0 3438 solo nei primi 4 giorni del 2023, comporta\u00a0 la necessit\u00e0 di una loro distribuzione omogenea su tutto il territorio nazionale. In provincia sia le strutture del Sistema Accoglienza Integrazione (18 posti) che i Centri di Accoglienza Straordinari (127 posti) fanno registrare la completa saturazione. I molteplici tentativi messi in campo dalla Prefettura tramite avvisi pubblici con lo scopo di individuare nuovi soggetti cui affidare la gestione dei contingenti di migranti non hanno dato l\u2019esito sperato visto che le gare sono andate deserte.\u00a0 Nei prossimi giorni sar\u00e0 convocato un tavolo tecnico per la definizione dei contenuti dell\u2019accordo che andr\u00e0 a disciplinare i termini di erogazione dei servizi di accoglienza. I Sindaci hanno espresso la loro preferenza per una gestione che possa essere affidata ad operatori del Terzo settore garantendo al contempo la loro collaborazione nell\u2019individuazione di idonee nuove strutture dove alloggiare i richiedenti asilo. Dal tavolo prefettizio \u00e8 emersa altres\u00ec la volont\u00e0 degli amministratori locali che il coinvolgimento nell\u2019opera di accoglienza non sia riservato esclusivamente ai primi 14 Comuni pi\u00f9 popolosi, ma sia allargato a tutti i 61 Comuni della provincia di Belluno. Se ne riparler\u00e0 quindi in una prossima riunione allargata a tutte le amministrazioni.<\/p>\n<p>&nbsp;<\/p>\n<p>&nbsp;<\/p>\n<hr \/>\n<p>&nbsp;<\/p>\n<blockquote>\n<h3>BERTON: \u201cBUON LAVORO A DENISE CASANOVA&#8221;<\/h3>\n<\/blockquote>\n<p><strong><a class=\"dt-pswp-item\" href=\"https:\/\/www.radiopiu.net\/wordpress\/wp-content\/uploads\/2019\/10\/Lorraine_Berton-1-1.jpg\" data-dt-img-description=\"\" data-large_image_width=\"767\" data-large_image_height=\"768\"><img loading=\"lazy\" decoding=\"async\" class=\"wp-image-104566 alignleft\" src=\"https:\/\/www.radiopiu.net\/wordpress\/wp-content\/uploads\/2019\/10\/Lorraine_Berton-1-1-300x300.jpg\" alt=\"\" width=\"93\" height=\"93\" srcset=\"https:\/\/www.radiopiu.net\/wordpress\/wp-content\/uploads\/2019\/10\/Lorraine_Berton-1-1-300x300.jpg 300w, https:\/\/www.radiopiu.net\/wordpress\/wp-content\/uploads\/2019\/10\/Lorraine_Berton-1-1-150x150.jpg 150w, https:\/\/www.radiopiu.net\/wordpress\/wp-content\/uploads\/2019\/10\/Lorraine_Berton-1-1.jpg 767w\" sizes=\"auto, (max-width: 93px) 100vw, 93px\" \/><\/a>BELLUNO <\/strong><em>\u201cA Denise Casanova va il mio pi\u00f9 sincero augurio di un buon lavoro. I Corpi intermedi \u2013 ciascuno nel proprio ruolo &#8211; possono fare molto per dare voce e dignit\u00e0 alla montagna bellunese\u201d.<\/em> A dirlo \u00e8 Lorraine Berton, presidente di Confindustria Belluno Dolomiti,<em> \u201cPersonalmente credo molto nel dialogo tra sindacato e associazioni di categoria, un confronto che in questo territorio ha consentito al manifatturiero di resistere e crescere in maniera sostenibile, sviluppando punte di eccellenza innegabili e dando una visione di futuro alle nostre comunit\u00e0\u201d.<\/em><\/p>\n<p>&nbsp;<\/p>\n<blockquote>\n<h3>SCARZANELLA E LE CONGRATULAZIONI A DENISE CASANOVA<\/h3>\n<\/blockquote>\n<p><strong>BELLUNO <\/strong>\u00abMi congratulo con Denise Casanova per il nuovo impegnativo e prestigioso incarico alla guida della Cgil di Belluno. E auguro buon lavoro al sindacato\u00bb. Cos\u00ec la presidente di Confartigianato Belluno Claudia Scarzanella, all\u2019indomani del congresso provinciale Cgil.<\/p>\n<p>&nbsp;<\/p>\n<p><strong>IERI ALLA RADIO, DANIELE DAL VIT<\/strong><\/p>\n<p><strong>LONGARONE\u00a0<\/strong>\u00c8 Denise Casanova la nuova segretaria di CGIL Belluno: l&#8217;elezione nel pomeriggio di ieri, a conclusione del congresso del sindacato a Longarone.<\/p>\n<p>&nbsp;<\/p>\n<audio class=\"wp-audio-shortcode\" id=\"audio-316286-2\" preload=\"none\" style=\"width: 100%;\" controls=\"controls\"><source type=\"audio\/mpeg\" src=\"https:\/\/www.radiopiu.net\/wordpress\/wp-content\/uploads\/2023\/01\/Radio-Piu-Servizio-Casanova-segretaria-CGIL.mp3?_=2\" \/><a href=\"https:\/\/www.radiopiu.net\/wordpress\/wp-content\/uploads\/2023\/01\/Radio-Piu-Servizio-Casanova-segretaria-CGIL.mp3\">https:\/\/www.radiopiu.net\/wordpress\/wp-content\/uploads\/2023\/01\/Radio-Piu-Servizio-Casanova-segretaria-CGIL.mp3<\/a><\/audio>\n<p>&nbsp;<\/p>\n\n\t\t\t<style type='text\/css'>\n\t\t\t\t#gallery-1 {\n\t\t\t\t\tmargin: auto;\n\t\t\t\t}\n\t\t\t\t#gallery-1 .gallery-item {\n\t\t\t\t\tfloat: left;\n\t\t\t\t\tmargin-top: 10px;\n\t\t\t\t\ttext-align: center;\n\t\t\t\t\twidth: 33%;\n\t\t\t\t}\n\t\t\t\t#gallery-1 img {\n\t\t\t\t\tborder: 2px solid #cfcfcf;\n\t\t\t\t}\n\t\t\t\t#gallery-1 .gallery-caption {\n\t\t\t\t\tmargin-left: 0;\n\t\t\t\t}\n\t\t\t\t\/* see gallery_shortcode() in wp-includes\/media.php *\/\n\t\t\t<\/style>\n\t\t<div id='gallery-1' class='dt-gallery-container gallery galleryid-316286 gallery-columns-3 gallery-size-thumbnail'><dl class='gallery-item'>\n\t\t\t\t<dt class='gallery-icon landscape'>\n\t\t\t\t\t<a class=\"rollover rollover-zoom dt-pswp-item\" title=\"15d5ba03-e17c-4215-894d-93e9a6c83a05\" data-dt-img-description=\"\" data-large_image_width=\"2048\" data-large_image_height=\"1536\"href='https:\/\/www.radiopiu.net\/wordpress\/wp-content\/uploads\/2023\/01\/15d5ba03-e17c-4215-894d-93e9a6c83a05.jpg'><img loading=\"lazy\" decoding=\"async\" width=\"150\" height=\"150\" src=\"https:\/\/www.radiopiu.net\/wordpress\/wp-content\/uploads\/2023\/01\/15d5ba03-e17c-4215-894d-93e9a6c83a05-150x150.jpg\" class=\"attachment-thumbnail size-thumbnail\" alt=\"\" \/><\/a>\n\t\t\t\t<\/dt><\/dl><dl class='gallery-item'>\n\t\t\t\t<dt class='gallery-icon landscape'>\n\t\t\t\t\t<a class=\"rollover rollover-zoom dt-pswp-item\" title=\"IMG-20230111-WA0022\" data-dt-img-description=\"\" data-large_image_width=\"1600\" data-large_image_height=\"720\"href='https:\/\/www.radiopiu.net\/wordpress\/wp-content\/uploads\/2023\/01\/IMG-20230111-WA0022.jpg'><img loading=\"lazy\" decoding=\"async\" width=\"150\" height=\"150\" src=\"https:\/\/www.radiopiu.net\/wordpress\/wp-content\/uploads\/2023\/01\/IMG-20230111-WA0022-150x150.jpg\" class=\"attachment-thumbnail size-thumbnail\" alt=\"\" \/><\/a>\n\t\t\t\t<\/dt><\/dl><dl class='gallery-item'>\n\t\t\t\t<dt class='gallery-icon landscape'>\n\t\t\t\t\t<a class=\"rollover rollover-zoom dt-pswp-item\" title=\"IMG20230111180358\" data-dt-img-description=\"\" data-large_image_width=\"2560\" data-large_image_height=\"1920\"href='https:\/\/www.radiopiu.net\/wordpress\/wp-content\/uploads\/2023\/01\/IMG20230111180358-scaled.jpg'><img loading=\"lazy\" decoding=\"async\" width=\"150\" height=\"150\" src=\"https:\/\/www.radiopiu.net\/wordpress\/wp-content\/uploads\/2023\/01\/IMG20230111180358-150x150.jpg\" class=\"attachment-thumbnail size-thumbnail\" alt=\"\" \/><\/a>\n\t\t\t\t<\/dt><\/dl><br style=\"clear: both\" \/>\n\t\t\t<\/div>\n\n<p>IERI ALLA RADIO<\/p>\n<blockquote>\n<h3>IN STUDIO MARIA RITA GENTILIN<\/h3>\n<\/blockquote>\n<p><strong><img loading=\"lazy\" decoding=\"async\" class=\"alignleft\" src=\"https:\/\/www.radiopiu.net\/wordpress\/wp-content\/uploads\/2019\/02\/Logo_Spi-CGIL-800x445.jpg\" width=\"104\" height=\"58\" \/>di Mirko Mezzacasa<\/strong><\/p>\n<p><span style=\"color: #ff0000;\"><strong>PUNTATA DEL\u00a0 20 OTTOBRE 2022<\/strong><\/span><\/p>\n<audio class=\"wp-audio-shortcode\" id=\"audio-316286-3\" preload=\"none\" style=\"width: 100%;\" controls=\"controls\"><source type=\"audio\/mpeg\" src=\"https:\/\/www.radiopiu.net\/wordpress\/wp-content\/uploads\/2022\/10\/spi-cgil-20-ottobre.mp3?_=3\" \/><a href=\"https:\/\/www.radiopiu.net\/wordpress\/wp-content\/uploads\/2022\/10\/spi-cgil-20-ottobre.mp3\">https:\/\/www.radiopiu.net\/wordpress\/wp-content\/uploads\/2022\/10\/spi-cgil-20-ottobre.mp3<\/a><\/audio>\n<p><span style=\"color: #ff0000;\"><strong>\u00a0\u00a0<\/strong><\/span><\/p>\n<p>&nbsp;<\/p>\n<hr \/>\n<p>&nbsp;<\/p>\n<blockquote>\n<h3>LUXOTTICA E IL CONTRATTO INTEGRATIVO, MILENA CESCA &#8220;INFORMARE LA STAMPA, UNA GRAVE MANCANZA DI RISPETTO&#8221;<\/h3>\n<\/blockquote>\n<p>&nbsp;<\/p>\n<p><img loading=\"lazy\" decoding=\"async\" class=\"alignleft\" src=\"https:\/\/www.radiopiu.net\/wordpress\/wp-content\/uploads\/2022\/06\/LUXOTTICA-10-scaled.jpg\" width=\"226\" height=\"150\" \/><strong>REDAZIONE<\/strong> Vi proponiamo un lungo documento,\u00a0 \u00e8 la piattaforma sindacale. Ovviamente la trattativa con azienda deve ancora iniziare.<\/p>\n<p>l contesto nel quale si svolge il rinnovo dell\u2019integrativo della Luxottica mostra molti elementi di eccezionalit\u00e0 che lo rendono diverso rispetto a quello degli anni scorsi. Lo ricordava anche il Presidente Del Vecchio che definiva infatti questa fase pi\u00f9 significativa e importante di quella avviata negli anni\u201990 del secolo scorso quando, con le grandi acquisizioni di Ray Ban e delle grandi catene distributive americane, si erano creati i presupposti del grande sviluppo, in termini di crescita del fatturato e di leadership sui mercati, dell\u2019azienda negli ultimi quindici anni.<\/p>\n<p><strong><img loading=\"lazy\" decoding=\"async\" class=\"alignleft\" src=\"https:\/\/www.radiopiu.net\/wordpress\/wp-content\/uploads\/2022\/10\/Milena-Cesca-2022-1.jpeg\" width=\"212\" height=\"159\" \/><\/strong>Milena Cesca della Femca Cisl interviene e critica la &#8220;fuga di notizie&#8221; che ha portato alla pubblicazione in anteprima (su questo sito) della bozza di documento<\/p>\n<audio class=\"wp-audio-shortcode\" id=\"audio-316286-4\" preload=\"none\" style=\"width: 100%;\" controls=\"controls\"><source type=\"audio\/mpeg\" src=\"https:\/\/www.radiopiu.net\/wordpress\/wp-content\/uploads\/2023\/01\/CESCA.mp3?_=4\" \/><a href=\"https:\/\/www.radiopiu.net\/wordpress\/wp-content\/uploads\/2023\/01\/CESCA.mp3\">https:\/\/www.radiopiu.net\/wordpress\/wp-content\/uploads\/2023\/01\/CESCA.mp3<\/a><\/audio>\n<p>&nbsp;<\/p>\n<h1><strong>14 pagine<\/strong><\/h1>\n<a href=\"https:\/\/www.radiopiu.net\/wordpress\/wp-content\/uploads\/2023\/01\/230111-Fulc-9-All1-Piattaforma-rinnovo-CIA-Luxottica.pdf\" class=\"pdfemb-viewer\" style=\"\" data-width=\"max\" data-height=\"max\" data-toolbar=\"top\" data-toolbar-fixed=\"on\">230111- Fulc 9 All1 Piattaforma rinnovo CIA Luxottica<\/a>\n<p>&nbsp;<\/p>\n<p><a class=\"dt-pswp-item\" href=\"https:\/\/www.radiopiu.net\/wordpress\/wp-content\/uploads\/2023\/01\/LUX.jpg\" data-dt-img-description=\"\" data-large_image_width=\"335\" data-large_image_height=\"273\"><img loading=\"lazy\" decoding=\"async\" class=\"size-medium wp-image-316462 aligncenter\" src=\"https:\/\/www.radiopiu.net\/wordpress\/wp-content\/uploads\/2023\/01\/LUX-300x244.jpg\" alt=\"\" width=\"300\" height=\"244\" srcset=\"https:\/\/www.radiopiu.net\/wordpress\/wp-content\/uploads\/2023\/01\/LUX-300x244.jpg 300w, https:\/\/www.radiopiu.net\/wordpress\/wp-content\/uploads\/2023\/01\/LUX.jpg 335w\" sizes=\"auto, (max-width: 300px) 100vw, 300px\" \/><\/a><\/p>\n<p>&nbsp;<\/p>\n<hr \/>\n<p>&nbsp;<\/p>\n<blockquote>\n<h3>COMBUSTIONE ALL&#8217;APERTO, IL PD SI SURRISCALDA &#8220;NO AI PANEVIN&#8221;<\/h3>\n<\/blockquote>\n<p><strong><a class=\"dt-pswp-item\" href=\"https:\/\/www.radiopiu.net\/wordpress\/wp-content\/uploads\/2023\/01\/th-12.jpg\" data-dt-img-description=\"\" data-large_image_width=\"474\" data-large_image_height=\"266\"><img loading=\"lazy\" decoding=\"async\" class=\"size-medium wp-image-316348 alignleft\" src=\"https:\/\/www.radiopiu.net\/wordpress\/wp-content\/uploads\/2023\/01\/th-12-300x168.jpg\" alt=\"\" width=\"300\" height=\"168\" srcset=\"https:\/\/www.radiopiu.net\/wordpress\/wp-content\/uploads\/2023\/01\/th-12-300x168.jpg 300w, https:\/\/www.radiopiu.net\/wordpress\/wp-content\/uploads\/2023\/01\/th-12.jpg 474w\" sizes=\"auto, (max-width: 300px) 100vw, 300px\" \/><\/a>VENEZIA<\/strong>\u00a0 <em>\u201cLa vicenda legata ad una missiva dello scorso ottobre, con la quale il Comandante dei Carabinieri Forestali di Bassano del Grappa chiedeva ai 17 sindaci dei Comuni del Nordest della provincia di Vicenza di fornire il quadro delle ordinanze e dei regolamenti comunali riguardanti il divieto di combustione all\u2019aperto di residui vegetali, ha rivelato una situazione a dir poco anacronistica. Di fatto, emerge un contesto di applicazione a macchia di leopardo dei divieti regionali di combustione all\u2019aperto che rende vane le misure di contrasto all\u2019inquinamento atmosferico. Ma l\u2019inquinamento non conosce i confini amministrativi dei Comuni. E impone una regia regionale in grado di uniformare le disposizioni su tutto il territorio veneto\u201d. <\/em>A dirlo il consigliere regionale del PD Veneto, Andrea Zanoni, che sulla questione ha presentato un\u2019interrogazione rivolta agli assessori all\u2019ambiente e alla sanit\u00e0.\u00a0 <em>\u201cIl Comandante dei Carabinieri Forestali del bassanese &#8211; conclude Zanoni &#8211; richiama alle normative in vigore e ad una collaborazione fattiva sul fronte del contrasto all\u2019inquinamento. Tutto questo anche per ovviare alle procedure di infrazione che l\u2019Unione Europea intraprende verso l\u2019Italia alla luce dei costanti e ripetuti superamenti dei valori limite rilevati rispetto alle emissioni in atmosfera di polveri sottili ed agenti inquinanti. Ma, a fronte di questo quadro di applicazioni frammentato, come pensa di intervenire la Giunta regionale? L\u2019emergenza \u00e8 sotto gli occhi di tutti: ci troviamo infatti in piena allerta da polveri sottili e serve un impegno vero da parte della Regione. Non deroghe o, peggio, le passerelle di Zaia che va ad accendere i Panevin\u201d.<\/em><\/p>\n<p>&nbsp;<\/p>\n<hr \/>\n<p>&nbsp;<\/p>\n<blockquote>\n<h3>SILVIA CESTARO CONSIDERA I BACINI D&#8217;ACQUA PER INNEVAMENTO NECESSARI<\/h3>\n<\/blockquote>\n<p><strong><a class=\"dt-pswp-item\" href=\"https:\/\/www.radiopiu.net\/wordpress\/wp-content\/uploads\/2021\/11\/CESTARO-ORIZZONTALE.png\" data-dt-img-description=\"\" data-large_image_width=\"544\" data-large_image_height=\"406\"><img loading=\"lazy\" decoding=\"async\" class=\" wp-image-240773 alignleft\" src=\"https:\/\/www.radiopiu.net\/wordpress\/wp-content\/uploads\/2021\/11\/CESTARO-ORIZZONTALE-300x224.png\" alt=\"\" width=\"181\" height=\"135\" srcset=\"https:\/\/www.radiopiu.net\/wordpress\/wp-content\/uploads\/2021\/11\/CESTARO-ORIZZONTALE-300x224.png 300w, https:\/\/www.radiopiu.net\/wordpress\/wp-content\/uploads\/2021\/11\/CESTARO-ORIZZONTALE.png 544w\" sizes=\"auto, (max-width: 181px) 100vw, 181px\" \/><\/a>VENEZIA <\/strong>\u201c<em>Bacini d\u2019acqua per l\u2019innevamento? Le nostre montagne ne hanno bisogno, ogni investimento dev\u2019essere messo all\u2019interno di un programma strutturato di sviluppo<\/em>\u201d.\u00a0Sono le parole della\u00a0consigliera regionale della Lega Silvia\u00a0Cestaro\u00a0in merito alla necessit\u00e0, espressa\u00a0dall\u2019assessore al turismo della Regione Veneto Federico Caner e dagli impiantisti delle Dolomiti, di creare bacini d\u2019acqua nelle montagne bellunesi dove oggi l\u2019innevamento \u00e8 reso difficile dalla scarsit\u00e0 idrica.\u00a0 \u201c<em>Occorre mettere gli impiantisti e tutti gli operatori del turismo nella situazione di poter lavorare nel modo migliore \u2013 prosegue la consigliera -, conosciamo tutti le difficolt\u00e0 e le fatiche del vivere nelle terre alte, creare le condizioni migliori per svolgere l\u2019attivit\u00e0 significa anche supportare l\u2019economia e combattere lo spopolamento. In questo caso, l\u2019investimento andrebbe a salvaguardare l\u2019ambiente stesso perch\u00e9 renderebbe disponibili risorse idriche da utilizzare, per esempio, in occasione di incendi boschivi. Occorre ragionare in grande e con una visione proiettata al futuro, occorre inserire ogni investimento all\u2019interno di un piano strutturato di sviluppo e per fare questo servono risorse e una politica che ci crede. La mia speranza \u00e8 che l\u2019appello della montagna bellunese e della Regione Veneto venga ascoltato e valutato con la giusta considerazione a Roma, affinch\u00e9 non resti solo la richiesta di un territorio fragile ma si inizi da subito una programmazione concreta<\/em>\u201d.<\/p>\n<p>&nbsp;<\/p>\n<p>&nbsp;<\/p>\n<hr \/>\n<p>&nbsp;<\/p>\n<p><span style=\"color: #ff0000;\">LA PROMESSA DI TRENITALIA<\/span><\/p>\n<blockquote>\n<h3>FERROVIA BELLUNO-CALALZO, PROBLEMI RISOLTI MA SOLO DA META&#8217; FEBBRAIO.<\/h3>\n<\/blockquote>\n<p><strong><a class=\"dt-pswp-item\" href=\"https:\/\/www.radiopiu.net\/wordpress\/wp-content\/uploads\/2023\/01\/Senza-nome-33.jpg\" data-dt-img-description=\"\" data-large_image_width=\"475\" data-large_image_height=\"308\"><img loading=\"lazy\" decoding=\"async\" class=\" wp-image-316457 alignleft\" src=\"https:\/\/www.radiopiu.net\/wordpress\/wp-content\/uploads\/2023\/01\/Senza-nome-33-300x195.jpg\" alt=\"\" width=\"289\" height=\"188\" srcset=\"https:\/\/www.radiopiu.net\/wordpress\/wp-content\/uploads\/2023\/01\/Senza-nome-33-300x195.jpg 300w, https:\/\/www.radiopiu.net\/wordpress\/wp-content\/uploads\/2023\/01\/Senza-nome-33.jpg 475w\" sizes=\"auto, (max-width: 289px) 100vw, 289px\" \/><\/a>ROMA <\/strong>\u201cIn questi giorni, sono rimasto costantemente in contatto sia con Trenitalia che con RFI, per capire sia come intendano garantire il servizio sia per capire quale sar\u00e0 l\u2019evolversi della situazione, oltre che con l&#8217;assessore regionale ai trasporti Elisa De Berti\u201d: cos\u00ec il sindaco di Calalzo di Cadore Luca De Carlo sull\u2019interruzione del servizio ferroviario tra Belluno e Calalzo. Notizie importanti arrivano dal fronte dell&#8217;intervento: \u201cDa RFI mi rassicurano che i lavori in atto dovrebbero permettere dalla met\u00e0 di febbraio di riattivare la tratta. \u00c8 gi\u00e0 partita intanto la fase di progettazione dell&#8217;intervento che permetter\u00e0 il completo ripristino dell&#8217;infrastruttura\u201d. Il problema riscontrato lo scorso 10 gennaio dal personale di RFI interessa il timpano tra le campate 4 e 5 del viadotto Valbona, ubicato nella tratta Ospitale \u2013 Perarolo; subito \u00e8 stato realizzato un sopralluogo da parte di tecnici specializzati, che ha portato all&#8217;intervento di ripristino in atto, con l&#8217;installazione di ponteggi e di componenti in acciaio in corrispondenza del timpano e arco.<\/p>\n<p>&nbsp;<\/p>\n<p>&nbsp;<\/p>\n<hr \/>\n<p>&nbsp;<\/p>\n<blockquote>\n<h3>MINERARIO, STADIO, MENSA. PRIMAVERA DI CANTIERI<\/h3>\n<\/blockquote>\n<p><strong><a class=\"dt-pswp-item\" href=\"https:\/\/www.radiopiu.net\/wordpress\/wp-content\/uploads\/2022\/12\/MUNICIPIO-AGORDO.png\" data-dt-img-description=\"\" data-large_image_width=\"1890\" data-large_image_height=\"1210\"><img loading=\"lazy\" decoding=\"async\" class=\" wp-image-309882 alignleft\" src=\"https:\/\/www.radiopiu.net\/wordpress\/wp-content\/uploads\/2022\/12\/MUNICIPIO-AGORDO-300x192.png\" alt=\"\" width=\"170\" height=\"109\" srcset=\"https:\/\/www.radiopiu.net\/wordpress\/wp-content\/uploads\/2022\/12\/MUNICIPIO-AGORDO-300x192.png 300w, https:\/\/www.radiopiu.net\/wordpress\/wp-content\/uploads\/2022\/12\/MUNICIPIO-AGORDO-1024x656.png 1024w, https:\/\/www.radiopiu.net\/wordpress\/wp-content\/uploads\/2022\/12\/MUNICIPIO-AGORDO-768x492.png 768w, https:\/\/www.radiopiu.net\/wordpress\/wp-content\/uploads\/2022\/12\/MUNICIPIO-AGORDO-1536x983.png 1536w, https:\/\/www.radiopiu.net\/wordpress\/wp-content\/uploads\/2022\/12\/MUNICIPIO-AGORDO.png 1890w\" sizes=\"auto, (max-width: 170px) 100vw, 170px\" \/><\/a>AGORDO<\/strong><\/p>\n<p>di Gianni Santomaso<\/p>\n<audio class=\"wp-audio-shortcode\" id=\"audio-316286-5\" preload=\"none\" style=\"width: 100%;\" controls=\"controls\"><source type=\"audio\/mpeg\" src=\"https:\/\/www.radiopiu.net\/wordpress\/wp-content\/uploads\/2023\/01\/GIANNI-UNA-PRIMAVERA-PIENA-DI-CANTIERI-AD-AGORDO.mp3?_=5\" \/><a href=\"https:\/\/www.radiopiu.net\/wordpress\/wp-content\/uploads\/2023\/01\/GIANNI-UNA-PRIMAVERA-PIENA-DI-CANTIERI-AD-AGORDO.mp3\">https:\/\/www.radiopiu.net\/wordpress\/wp-content\/uploads\/2023\/01\/GIANNI-UNA-PRIMAVERA-PIENA-DI-CANTIERI-AD-AGORDO.mp3<\/a><\/audio>\n<p>&nbsp;<\/p>\n<hr \/>\n<p>&nbsp;<\/p>\n<blockquote>\n<h3>LA POLIZIA LOCALE DI BELLUNO TIRA LE SOMME DELL&#8217;ANNO APPENA TRASCORSO<\/h3>\n<\/blockquote>\n<p><strong><a class=\"dt-pswp-item\" href=\"https:\/\/www.radiopiu.net\/wordpress\/wp-content\/uploads\/2023\/01\/e4816b6d-b510-4dbb-bf17-8284db5a2e71.jpg\" data-dt-img-description=\"\" data-large_image_width=\"2048\" data-large_image_height=\"1536\"><img loading=\"lazy\" decoding=\"async\" class=\" wp-image-316386 alignleft\" src=\"https:\/\/www.radiopiu.net\/wordpress\/wp-content\/uploads\/2023\/01\/e4816b6d-b510-4dbb-bf17-8284db5a2e71-300x225.jpg\" alt=\"\" width=\"197\" height=\"148\" srcset=\"https:\/\/www.radiopiu.net\/wordpress\/wp-content\/uploads\/2023\/01\/e4816b6d-b510-4dbb-bf17-8284db5a2e71-300x225.jpg 300w, https:\/\/www.radiopiu.net\/wordpress\/wp-content\/uploads\/2023\/01\/e4816b6d-b510-4dbb-bf17-8284db5a2e71-1024x768.jpg 1024w, https:\/\/www.radiopiu.net\/wordpress\/wp-content\/uploads\/2023\/01\/e4816b6d-b510-4dbb-bf17-8284db5a2e71-768x576.jpg 768w, https:\/\/www.radiopiu.net\/wordpress\/wp-content\/uploads\/2023\/01\/e4816b6d-b510-4dbb-bf17-8284db5a2e71-1536x1152.jpg 1536w, https:\/\/www.radiopiu.net\/wordpress\/wp-content\/uploads\/2023\/01\/e4816b6d-b510-4dbb-bf17-8284db5a2e71.jpg 2048w\" sizes=\"auto, (max-width: 197px) 100vw, 197px\" \/><\/a>BELLUNO<\/strong><\/p>\n<p>di Moreno Gioli<\/p>\n<audio class=\"wp-audio-shortcode\" id=\"audio-316286-6\" preload=\"none\" style=\"width: 100%;\" controls=\"controls\"><source type=\"audio\/mpeg\" src=\"https:\/\/www.radiopiu.net\/wordpress\/wp-content\/uploads\/2023\/01\/GIOLI-bilancio-polizia-locale.mp3?_=6\" \/><a href=\"https:\/\/www.radiopiu.net\/wordpress\/wp-content\/uploads\/2023\/01\/GIOLI-bilancio-polizia-locale.mp3\">https:\/\/www.radiopiu.net\/wordpress\/wp-content\/uploads\/2023\/01\/GIOLI-bilancio-polizia-locale.mp3<\/a><\/audio>\n<p>&nbsp;<\/p>\n<hr \/>\n<p>&nbsp;<\/p>\n<blockquote>\n<h3>A BELLUNO LA SECONDA EDIZIONE DELLA FESTA REGIONALE DELLA POLIZIA LOCALE<\/h3>\n<\/blockquote>\n<p><strong><a class=\"dt-pswp-item\" href=\"https:\/\/www.radiopiu.net\/wordpress\/wp-content\/uploads\/2022\/12\/polizia-locale-belluno.jpg\" data-dt-img-description=\"\" data-large_image_width=\"733\" data-large_image_height=\"436\"><img loading=\"lazy\" decoding=\"async\" class=\" wp-image-311737 alignleft\" src=\"https:\/\/www.radiopiu.net\/wordpress\/wp-content\/uploads\/2022\/12\/polizia-locale-belluno-300x178.jpg\" alt=\"\" width=\"197\" height=\"117\" srcset=\"https:\/\/www.radiopiu.net\/wordpress\/wp-content\/uploads\/2022\/12\/polizia-locale-belluno-300x178.jpg 300w, https:\/\/www.radiopiu.net\/wordpress\/wp-content\/uploads\/2022\/12\/polizia-locale-belluno.jpg 733w\" sizes=\"auto, (max-width: 197px) 100vw, 197px\" \/><\/a>BELLUNO<\/strong><\/p>\n<p>di Moreno Gioli<\/p>\n<p>&nbsp;<\/p>\n<p><strong>Nel servizio l&#8217;intervista a Roberto Rossetti, comandante della Polizia Locale di Belluno<\/strong><\/p>\n<audio class=\"wp-audio-shortcode\" id=\"audio-316286-7\" preload=\"none\" style=\"width: 100%;\" controls=\"controls\"><source type=\"audio\/mpeg\" src=\"https:\/\/www.radiopiu.net\/wordpress\/wp-content\/uploads\/2023\/01\/GIOLI-FESTA-POLIZIA-LOCALE.mp3?_=7\" \/><a href=\"https:\/\/www.radiopiu.net\/wordpress\/wp-content\/uploads\/2023\/01\/GIOLI-FESTA-POLIZIA-LOCALE.mp3\">https:\/\/www.radiopiu.net\/wordpress\/wp-content\/uploads\/2023\/01\/GIOLI-FESTA-POLIZIA-LOCALE.mp3<\/a><\/audio>\n<p>&nbsp;<\/p>\n<hr \/>\n<p>&nbsp;<\/p>\n<blockquote>\n<h3>DOLOMITI BUS SI SCUSA PER AVER LASCIATO A PIEDI GLI UTENTI DI FALCADE ALTO E LE FRATE NELLA MATTINATA DI LUNEDI&#8217;<\/h3>\n<\/blockquote>\n<p><strong><a class=\"dt-pswp-item\" href=\"https:\/\/www.radiopiu.net\/wordpress\/wp-content\/uploads\/2020\/06\/4b299438-d3cd-4953-bb41-b739ff3291f9.jpg\" data-dt-img-description=\"\" data-large_image_width=\"2048\" data-large_image_height=\"1536\"><img loading=\"lazy\" decoding=\"async\" class=\" wp-image-144900 alignleft\" src=\"https:\/\/www.radiopiu.net\/wordpress\/wp-content\/uploads\/2020\/06\/4b299438-d3cd-4953-bb41-b739ff3291f9-300x225.jpg\" alt=\"\" width=\"195\" height=\"146\" srcset=\"https:\/\/www.radiopiu.net\/wordpress\/wp-content\/uploads\/2020\/06\/4b299438-d3cd-4953-bb41-b739ff3291f9-300x225.jpg 300w, https:\/\/www.radiopiu.net\/wordpress\/wp-content\/uploads\/2020\/06\/4b299438-d3cd-4953-bb41-b739ff3291f9-1024x768.jpg 1024w, https:\/\/www.radiopiu.net\/wordpress\/wp-content\/uploads\/2020\/06\/4b299438-d3cd-4953-bb41-b739ff3291f9-768x576.jpg 768w, https:\/\/www.radiopiu.net\/wordpress\/wp-content\/uploads\/2020\/06\/4b299438-d3cd-4953-bb41-b739ff3291f9-1536x1152.jpg 1536w, https:\/\/www.radiopiu.net\/wordpress\/wp-content\/uploads\/2020\/06\/4b299438-d3cd-4953-bb41-b739ff3291f9.jpg 2048w\" sizes=\"auto, (max-width: 195px) 100vw, 195px\" \/><\/a>REDAZIONE<\/strong> Riceviamo e pubblichiamo la risposta di Dolomiti Bus alla lettera arrivata in radio che evidenziava la mancata fermata di due fermate a Falcade nella mattinata di luned\u00ec scorso.<\/p>\n<p class=\"ContentPasted0\"><em>La sicurezza prima di tutto. Se i nostri conducenti &#8211; che hanno la professionalit\u00e0 e le competenze per analizzare le singole situazioni che si possono verificare lungo i tragitti in una giornata di neve &#8211; valutano che manchino le condizioni per portare in piena sicurezza il mezzo e i suoi passeggeri, la mancata effettuazione di un tratto di percorso non si pu\u00f2 derubricare con un generico disservizio. Ci scusiamo con gli utenti che luned\u00ec 9 gennaio 2023, sulla linea extraurbana in servizio a Falcade, non hanno potuto salire a bordo del pullman, in quanto non transitato per le fermate di Falcade Alto e Le Frate. La valutazione di evitare la salita alla parte pi\u00f9 alta del paese, \u00e8 stata presa per evitare che un\u2019eventuale difficolt\u00e0 in fase di discesa, con la strada ghiacciata, potesse compromettere l\u2019intera prosecuzione della corsa.<span class=\"Apple-converted-space ContentPasted0\">\u00a0<\/span>L\u2019azienda ha piena fiducia nell\u2019operato dei suoi conducenti.<\/em><\/p>\n<p>&nbsp;<\/p>\n<h2><span style=\"color: #ff0000;\">IERI ALLA RADIO<\/span><\/h2>\n<p><strong class=\"photoswipe-wrapper\"><a class=\"dt-pswp-item pspw-wrap-ready\" href=\"https:\/\/www.radiopiu.net\/wordpress\/wp-content\/uploads\/2021\/10\/9d1e264f-0772-472e-94d9-473a8e2a9cd1.jpg\" data-dt-img-description=\"\" data-large_image_width=\"1599\" data-large_image_height=\"899\"><img loading=\"lazy\" decoding=\"async\" class=\"wp-image-237484 alignleft\" src=\"https:\/\/www.radiopiu.net\/wordpress\/wp-content\/uploads\/2021\/10\/9d1e264f-0772-472e-94d9-473a8e2a9cd1-300x169.jpg\" sizes=\"auto, (max-width: 178px) 100vw, 178px\" srcset=\"https:\/\/www.radiopiu.net\/wordpress\/wp-content\/uploads\/2021\/10\/9d1e264f-0772-472e-94d9-473a8e2a9cd1-300x169.jpg 300w, https:\/\/www.radiopiu.net\/wordpress\/wp-content\/uploads\/2021\/10\/9d1e264f-0772-472e-94d9-473a8e2a9cd1-1024x576.jpg 1024w, https:\/\/www.radiopiu.net\/wordpress\/wp-content\/uploads\/2021\/10\/9d1e264f-0772-472e-94d9-473a8e2a9cd1-768x432.jpg 768w, https:\/\/www.radiopiu.net\/wordpress\/wp-content\/uploads\/2021\/10\/9d1e264f-0772-472e-94d9-473a8e2a9cd1-1536x864.jpg 1536w, https:\/\/www.radiopiu.net\/wordpress\/wp-content\/uploads\/2021\/10\/9d1e264f-0772-472e-94d9-473a8e2a9cd1.jpg 1599w\" alt=\"\" width=\"178\" height=\"100\" \/><\/a>Grazie Dolomtibus\u00a0<\/strong>\u00a0Ieri\u00a0 la corsa di Falcade delle 16.30 \u00e8 stata tolta ma per Caprile invece \u00e8 rimasta. Praticamente ho preso la corriera da Agordo fino a Cencenighe e poi sono dovuta scendere e aspettare 45 minuti per la coincidenza per\u00a0 Falcade\u00a0\u00a0<em>Giacinta<\/em><\/p>\n<p><strong>Grazie Dolomitibus,<\/strong>\u00a0per avermi lasciato a piedi per pochi centimetri di neve. Ieri mattina alle fermate\u00a0 di Falcade Alto e Le Frate, la corriera non \u00e8 arrivata. Alla richiesta di spiegazioni la sconcertante risposta Dolomitibus, ovvero che le strade a quell\u2019ora erano sporche a causa della neve caduta durante la notte. Eppure il Passo San Pellegrino \u00e8 sempre rimasto percorribile come tutti gli altri valichi. Probabilmente ai nuovi autisti della Dolomitibus serve ricordare che siamo in montagna e di norma se necessario si montano le catene, ammesso che qualcuno gli abbia insegnato come fare.<\/p>\n<p>&nbsp;<\/p>\n<p>&nbsp;<\/p>\n<hr \/>\n<p>&nbsp;<\/p>\n<blockquote>\n<h3>NEL 2022 REALIZZATE CINQUE DONAZIONI DI ORGANI IN ULSS DOLOMITI. VALLADA E VOLTAGO SUL PODIO DEI COMUNI CON L&#8217;INDICE PIU&#8217; ALTO DI DONAZIONI<\/h3>\n<\/blockquote>\n<p><strong><a class=\"dt-pswp-item\" href=\"https:\/\/www.radiopiu.net\/wordpress\/wp-content\/uploads\/2023\/01\/OCCHIO.jpg\" data-dt-img-description=\"\" data-large_image_width=\"1280\" data-large_image_height=\"720\"><img loading=\"lazy\" decoding=\"async\" class=\" wp-image-316407 alignleft\" src=\"https:\/\/www.radiopiu.net\/wordpress\/wp-content\/uploads\/2023\/01\/OCCHIO-300x169.jpg\" alt=\"\" width=\"176\" height=\"99\" srcset=\"https:\/\/www.radiopiu.net\/wordpress\/wp-content\/uploads\/2023\/01\/OCCHIO-300x169.jpg 300w, https:\/\/www.radiopiu.net\/wordpress\/wp-content\/uploads\/2023\/01\/OCCHIO-1024x576.jpg 1024w, https:\/\/www.radiopiu.net\/wordpress\/wp-content\/uploads\/2023\/01\/OCCHIO-768x432.jpg 768w, https:\/\/www.radiopiu.net\/wordpress\/wp-content\/uploads\/2023\/01\/OCCHIO.jpg 1280w\" sizes=\"auto, (max-width: 176px) 100vw, 176px\" \/><\/a>BELLUNO <\/strong>Con un \u201cindice del dono 2022\u201d di 69,31, la Provincia di Belluno \u00e8 la terza in Italia e la prima in Veneto in questa speciale classifica di solidariet\u00e0\u00a0 e sensibilit\u00e0. Nel 2022 le donazioni di organi in Ulss Dolomiti sono state 5. Non \u00e8 stata registrata, infatti, alcuna opposizione alla donazione. L&#8217;Indice del dono fornisce una fotografia della disponibilit\u00e0 dei cittadini a donare e dell&#8217;impegno profuso dai Comuni italiani nella gestione complessiva del servizio di registrazione della dichiarazione di volont\u00e0 sulla donazione di organi e tessuti in occasione del rilascio della carta d&#8217;identit\u00e0. L&#8217;attivit\u00e0 di donazione di organi e tessuti, su cui si fonda la possibilit\u00e0 di effettuare trapianti di organi come il cuore, i polmoni, il fegato, i reni, le cornee e molti tipi di tessuto, che nel 2022 ha conseguito i migliori risultati della storia di questa attivit\u00e0 nella Regione Veneto, \u00e8 ben consolidata e costantemente attiva dall&#8217;anno 2000 presso l&#8217;Ospedale di Belluno. Nel 2022, dopo la crisi delle attivit\u00e0 di prelievo di organi e tessuti dovuta all&#8217;impegno delle Rianimazioni nel contrastare la pandemia da COVID-19, l&#8217;attivit\u00e0 di prelievo \u00e8 ripresa con risultati soddisfacenti. Il Coordinamento aziendale per i prelievi e i trapianti di organi e tessuti della ULSS 1-Dolomiti diretto da Davide Mazzon, Direttore della UOC di Anestesia e Rianimazione di Belluno, nel 2022 ha realizzato ben 5 donazioni di organi da parte di pazienti deceduti presso la Rianimazione di Belluno,\u00a0grazie anche ad una volont\u00e0 favorevole dei potenziali donatori;\u00a0ad esse si aggiungono complessivamente 8 donazioni multitessuto e oltre 100 donazioni di cornee. La sensibilit\u00e0 della popolazione del nostro territorio ha permesso alla provincia di Belluno di attestarsi al terzo posto a livello nazionale ed al primo fra le province Venete per &#8220;indice del dono&#8221; che \u00e8 una fotografia sia dell&#8217;impegno dei Comuni alla registrazione delle volont\u00e0, sia della disponibilit\u00e0 dei cittadini a donare. Sul podio dei Comuni con l\u2019indice di dono pi\u00f9 alto in Veneto troviamo tre bellunesi: Vallada Agordina (81), Lorenzago di Cadore (79,05) e Voltago Agordino (78,46). Il Coordinamento aziendale per i prelievi e i trapianti di organi e tessuti della ULSS 1-Dolomiti\u00a0si avvale di referenti in tutti e 4 i presidi Ospedalieri della ULSS 1: Belluno, Feltre, Agordo e Pieve di Cadore.\u00a0Esso si occupa anche della formazione e dell\u2019aggiornamento del personale sanitario coinvolto, dell\u2019assistenza alla famiglia per supportare la gestione del lutto e della sensibilizzazione della popolazione anche in collaborazione con le associazioni\u00a0di volontariato come AIDO.<\/p>\n<p>&nbsp;<\/p>\n<p>&nbsp;<\/p>\n<hr \/>\n<p>&nbsp;<\/p>\n<p><strong>DI TIZIANO DE COL<\/strong><\/p>\n\n\t\t\t<style type='text\/css'>\n\t\t\t\t#gallery-2 {\n\t\t\t\t\tmargin: auto;\n\t\t\t\t}\n\t\t\t\t#gallery-2 .gallery-item {\n\t\t\t\t\tfloat: left;\n\t\t\t\t\tmargin-top: 10px;\n\t\t\t\t\ttext-align: center;\n\t\t\t\t\twidth: 20%;\n\t\t\t\t}\n\t\t\t\t#gallery-2 img {\n\t\t\t\t\tborder: 2px solid #cfcfcf;\n\t\t\t\t}\n\t\t\t\t#gallery-2 .gallery-caption {\n\t\t\t\t\tmargin-left: 0;\n\t\t\t\t}\n\t\t\t\t\/* see gallery_shortcode() in wp-includes\/media.php *\/\n\t\t\t<\/style>\n\t\t<div id='gallery-2' class='dt-gallery-container gallery galleryid-316286 gallery-columns-5 gallery-size-thumbnail'><dl class='gallery-item'>\n\t\t\t\t<dt class='gallery-icon landscape'>\n\t\t\t\t\t<a class=\"rollover\" href='https:\/\/www.radiopiu.net\/wordpress\/giornale-radiopiu-13-gennaio-2023-direttore-mirko-mezzacasa-verso-i-40-anni-25-giugno-1983-25-giugno-2023\/8c675d82-a6af-4165-acca-d9f0d3e89115\/'><img loading=\"lazy\" decoding=\"async\" width=\"150\" height=\"150\" src=\"https:\/\/www.radiopiu.net\/wordpress\/wp-content\/uploads\/2023\/01\/8c675d82-a6af-4165-acca-d9f0d3e89115-150x150.jpg\" class=\"attachment-thumbnail size-thumbnail\" alt=\"\" \/><\/a>\n\t\t\t\t<\/dt><\/dl><dl class='gallery-item'>\n\t\t\t\t<dt class='gallery-icon landscape'>\n\t\t\t\t\t<a class=\"rollover\" href='https:\/\/www.radiopiu.net\/wordpress\/giornale-radiopiu-13-gennaio-2023-direttore-mirko-mezzacasa-verso-i-40-anni-25-giugno-1983-25-giugno-2023\/648fc97f-9d7a-4825-ba69-55ece057f35d\/'><img loading=\"lazy\" decoding=\"async\" width=\"150\" height=\"150\" src=\"https:\/\/www.radiopiu.net\/wordpress\/wp-content\/uploads\/2023\/01\/648fc97f-9d7a-4825-ba69-55ece057f35d-150x150.jpg\" class=\"attachment-thumbnail size-thumbnail\" alt=\"\" \/><\/a>\n\t\t\t\t<\/dt><\/dl><dl class='gallery-item'>\n\t\t\t\t<dt class='gallery-icon landscape'>\n\t\t\t\t\t<a class=\"rollover\" href='https:\/\/www.radiopiu.net\/wordpress\/giornale-radiopiu-13-gennaio-2023-direttore-mirko-mezzacasa-verso-i-40-anni-25-giugno-1983-25-giugno-2023\/d6d39df3-9299-4327-af96-f5e0f381c07f\/'><img loading=\"lazy\" decoding=\"async\" width=\"150\" height=\"150\" src=\"https:\/\/www.radiopiu.net\/wordpress\/wp-content\/uploads\/2023\/01\/d6d39df3-9299-4327-af96-f5e0f381c07f-150x150.jpg\" class=\"attachment-thumbnail size-thumbnail\" alt=\"\" \/><\/a>\n\t\t\t\t<\/dt><\/dl><dl class='gallery-item'>\n\t\t\t\t<dt class='gallery-icon landscape'>\n\t\t\t\t\t<a class=\"rollover\" href='https:\/\/www.radiopiu.net\/wordpress\/giornale-radiopiu-13-gennaio-2023-direttore-mirko-mezzacasa-verso-i-40-anni-25-giugno-1983-25-giugno-2023\/b569bd61-659b-4cdc-83f7-86f44a3af8a1\/'><img loading=\"lazy\" decoding=\"async\" width=\"150\" height=\"150\" src=\"https:\/\/www.radiopiu.net\/wordpress\/wp-content\/uploads\/2023\/01\/b569bd61-659b-4cdc-83f7-86f44a3af8a1-150x150.jpg\" class=\"attachment-thumbnail size-thumbnail\" alt=\"\" \/><\/a>\n\t\t\t\t<\/dt><\/dl><dl class='gallery-item'>\n\t\t\t\t<dt class='gallery-icon landscape'>\n\t\t\t\t\t<a class=\"rollover\" href='https:\/\/www.radiopiu.net\/wordpress\/giornale-radiopiu-13-gennaio-2023-direttore-mirko-mezzacasa-verso-i-40-anni-25-giugno-1983-25-giugno-2023\/5d301a09-6fe8-437a-a6d5-608d274b3dc9\/'><img loading=\"lazy\" decoding=\"async\" width=\"150\" height=\"150\" src=\"https:\/\/www.radiopiu.net\/wordpress\/wp-content\/uploads\/2023\/01\/5d301a09-6fe8-437a-a6d5-608d274b3dc9-150x150.jpg\" class=\"attachment-thumbnail size-thumbnail\" alt=\"\" \/><\/a>\n\t\t\t\t<\/dt><\/dl><br style=\"clear: both\" \/>\n\t\t\t<\/div>\n\n<p>&nbsp;<\/p>\n<hr \/>\n<p>&nbsp;<\/p>\n<blockquote>\n<h3>AL VIA IL CONCORSO DI IDEE PER LA CAMPAGNA DI SENSIBILIZZAZIONE SULLA SICUREZZA STRADALE<\/h3>\n<\/blockquote>\n<p><strong><a class=\"dt-pswp-item\" href=\"https:\/\/www.radiopiu.net\/wordpress\/wp-content\/uploads\/2021\/11\/SICUREZZA-STRADALE.jpg\" data-dt-img-description=\"\" data-large_image_width=\"1920\" data-large_image_height=\"1285\"><img loading=\"lazy\" decoding=\"async\" class=\" wp-image-240563 alignleft\" src=\"https:\/\/www.radiopiu.net\/wordpress\/wp-content\/uploads\/2021\/11\/SICUREZZA-STRADALE-300x201.jpg\" alt=\"\" width=\"172\" height=\"115\" srcset=\"https:\/\/www.radiopiu.net\/wordpress\/wp-content\/uploads\/2021\/11\/SICUREZZA-STRADALE-300x201.jpg 300w, https:\/\/www.radiopiu.net\/wordpress\/wp-content\/uploads\/2021\/11\/SICUREZZA-STRADALE-1024x685.jpg 1024w, https:\/\/www.radiopiu.net\/wordpress\/wp-content\/uploads\/2021\/11\/SICUREZZA-STRADALE-768x514.jpg 768w, https:\/\/www.radiopiu.net\/wordpress\/wp-content\/uploads\/2021\/11\/SICUREZZA-STRADALE-1536x1028.jpg 1536w, https:\/\/www.radiopiu.net\/wordpress\/wp-content\/uploads\/2021\/11\/SICUREZZA-STRADALE.jpg 1920w\" sizes=\"auto, (max-width: 172px) 100vw, 172px\" \/><\/a>VENEZIA <\/strong>Apre oggi il bando per il concorso di idee per la campagna di sensibilizzazione in materia di sicurezza stradale pensato dalla Regione del Veneto e rivolto agli studenti delle scuole secondarie di secondo grado e alle Scuole di Formazione Professionale. La documentazione sar\u00e0 disponibile sia online nel sito regionale (https:\/\/bandi.regione.veneto.it\/) sia sulla specifica piattaforma pensata per l\u2019iniziativa, www.unaltrastrada.it, dove saranno pubblicate tutte le informazioni relative al concorso, alcune FAQ, il video di lancio dell\u2019iniziativa oltre al bando di concorso. Le proposte progettuali potranno essere presentate entro il 13 aprile 2023. I primi tre classificati otterranno un premio in denaro (5mila euro per il primo classificato; 3mila per il secondo e 2mila per il terzo) mentre le proposte creative presentate verranno acquisite dall\u2019amministrazione regionale, che potr\u00e0 utilizzarle anche per realizzare iniziative future, utili a migliorare la propria attivit\u00e0 di comunicazione in materia di sicurezza stradale.<\/p>\n<p>&nbsp;<\/p>\n<p>&nbsp;<\/p>\n<hr \/>\n<p>&nbsp;<\/p>\n<blockquote>\n<h3>L\u2019ALBA A RA VALLES TINGE DI ROSA LA REGINA DELLE DOLOMITI<\/h3>\n<\/blockquote>\n<p><strong><a class=\"dt-pswp-item\" href=\"https:\/\/www.radiopiu.net\/wordpress\/wp-content\/uploads\/2023\/01\/ALBA-RA-VALLES.jpg\" data-dt-img-description=\"\" data-large_image_width=\"1108\" data-large_image_height=\"406\"><img loading=\"lazy\" decoding=\"async\" class=\" wp-image-316356 alignleft\" src=\"https:\/\/www.radiopiu.net\/wordpress\/wp-content\/uploads\/2023\/01\/ALBA-RA-VALLES-300x110.jpg\" alt=\"\" width=\"199\" height=\"73\" srcset=\"https:\/\/www.radiopiu.net\/wordpress\/wp-content\/uploads\/2023\/01\/ALBA-RA-VALLES-300x110.jpg 300w, https:\/\/www.radiopiu.net\/wordpress\/wp-content\/uploads\/2023\/01\/ALBA-RA-VALLES-1024x375.jpg 1024w, https:\/\/www.radiopiu.net\/wordpress\/wp-content\/uploads\/2023\/01\/ALBA-RA-VALLES-768x281.jpg 768w, https:\/\/www.radiopiu.net\/wordpress\/wp-content\/uploads\/2023\/01\/ALBA-RA-VALLES.jpg 1108w\" sizes=\"auto, (max-width: 199px) 100vw, 199px\" \/><\/a>CORTINA <\/strong>Il 27 gennaio, l\u201911 e il 18 febbraio 2023, il sogno di raggiungere le vette Ampezzane per primi e disegnare la propria traccia sulle piste battute, diventa realt\u00e0. In collaborazione con Tofana Freccia nel Cielo \u00e8 possibile vivere uno dei momenti pi\u00f9 magici delle Dolomiti: l\u2019alba.\u00a0 La prenotazione \u00e8 obbligatoria ed \u00e8 possibile riservare il proprio posto chiamando il numero presente sul sito Tofana Freccia nel Cielo o scrivendo a <a href=\"mailto:tofanacortina@freccianelcielo.com\">tofanacortina@freccianelcielo.com<\/a>.<\/p>\n<p>&nbsp;<\/p>\n<p>&nbsp;<\/p>\n<hr \/>\n<p>&nbsp;<\/p>\n<blockquote>\n<h3>LUCIA FARENZENA DI MARMOLADA SRL CHIEDE ALLA MAGGIORANZA DEL COMUNE DI ROCCA PIETORE DI FARE DI PIU&#8217;<\/h3>\n<\/blockquote>\n<p><strong><a class=\"dt-pswp-item\" href=\"https:\/\/www.radiopiu.net\/wordpress\/wp-content\/uploads\/2022\/12\/Marmolada_sci-scaled.jpg\" data-dt-img-description=\"\" data-large_image_width=\"2560\" data-large_image_height=\"1440\"><img loading=\"lazy\" decoding=\"async\" class=\" wp-image-312435 alignleft\" src=\"https:\/\/www.radiopiu.net\/wordpress\/wp-content\/uploads\/2022\/12\/Marmolada_sci-300x169.jpg\" alt=\"\" width=\"199\" height=\"112\" srcset=\"https:\/\/www.radiopiu.net\/wordpress\/wp-content\/uploads\/2022\/12\/Marmolada_sci-300x169.jpg 300w, https:\/\/www.radiopiu.net\/wordpress\/wp-content\/uploads\/2022\/12\/Marmolada_sci-1024x576.jpg 1024w, https:\/\/www.radiopiu.net\/wordpress\/wp-content\/uploads\/2022\/12\/Marmolada_sci-768x432.jpg 768w, https:\/\/www.radiopiu.net\/wordpress\/wp-content\/uploads\/2022\/12\/Marmolada_sci-1536x864.jpg 1536w, https:\/\/www.radiopiu.net\/wordpress\/wp-content\/uploads\/2022\/12\/Marmolada_sci-2048x1152.jpg 2048w\" sizes=\"auto, (max-width: 199px) 100vw, 199px\" \/><\/a>ROCCA PIETORE<\/strong><\/p>\n<p>di Ganni Santomaso<\/p>\n<audio class=\"wp-audio-shortcode\" id=\"audio-316286-8\" preload=\"none\" style=\"width: 100%;\" controls=\"controls\"><source type=\"audio\/mpeg\" src=\"https:\/\/www.radiopiu.net\/wordpress\/wp-content\/uploads\/2023\/01\/GIANNI-LUCIA-FARENZENA-DI-MARMOLADA-SRL-CHIEDE-ALLA-MAGGIORNAZA-DEL-COMUNE-DI-ROCCA-PIETORE-DI-FARE-DI-PIU.mp3?_=8\" \/><a href=\"https:\/\/www.radiopiu.net\/wordpress\/wp-content\/uploads\/2023\/01\/GIANNI-LUCIA-FARENZENA-DI-MARMOLADA-SRL-CHIEDE-ALLA-MAGGIORNAZA-DEL-COMUNE-DI-ROCCA-PIETORE-DI-FARE-DI-PIU.mp3\">https:\/\/www.radiopiu.net\/wordpress\/wp-content\/uploads\/2023\/01\/GIANNI-LUCIA-FARENZENA-DI-MARMOLADA-SRL-CHIEDE-ALLA-MAGGIORNAZA-DEL-COMUNE-DI-ROCCA-PIETORE-DI-FARE-DI-PIU.mp3<\/a><\/audio>\n<p>&nbsp;<\/p>\n<p>&nbsp;<\/p>\n<hr \/>\n<p>&nbsp;<\/p>\n<blockquote>\n<h3>IL PROGETTO BIO COL ALP CON ORAZIO ANDRICH<\/h3>\n<\/blockquote>\n<p><strong><a class=\"dt-pswp-item\" href=\"https:\/\/www.radiopiu.net\/wordpress\/wp-content\/uploads\/2022\/12\/c0bf0125-b9c3-4d59-bfd9-bc6c56749478-1.jpg\" data-dt-img-description=\"\" data-large_image_width=\"1024\" data-large_image_height=\"577\"><img loading=\"lazy\" decoding=\"async\" class=\" wp-image-313764 alignleft\" src=\"https:\/\/www.radiopiu.net\/wordpress\/wp-content\/uploads\/2022\/12\/c0bf0125-b9c3-4d59-bfd9-bc6c56749478-1-300x169.jpg\" alt=\"\" width=\"181\" height=\"102\" srcset=\"https:\/\/www.radiopiu.net\/wordpress\/wp-content\/uploads\/2022\/12\/c0bf0125-b9c3-4d59-bfd9-bc6c56749478-1-300x169.jpg 300w, https:\/\/www.radiopiu.net\/wordpress\/wp-content\/uploads\/2022\/12\/c0bf0125-b9c3-4d59-bfd9-bc6c56749478-1-768x433.jpg 768w, https:\/\/www.radiopiu.net\/wordpress\/wp-content\/uploads\/2022\/12\/c0bf0125-b9c3-4d59-bfd9-bc6c56749478-1.jpg 1024w\" sizes=\"auto, (max-width: 181px) 100vw, 181px\" \/><\/a>di Mirko Mezzacasa<\/strong><\/p>\n<p>OSPITE: Orazio Andrich<\/p>\n<audio class=\"wp-audio-shortcode\" id=\"audio-316286-9\" preload=\"none\" style=\"width: 100%;\" controls=\"controls\"><source type=\"audio\/mpeg\" src=\"https:\/\/www.radiopiu.net\/wordpress\/wp-content\/uploads\/2022\/12\/orazio-andrich-anticipazione-servizio.mp3?_=9\" \/><a href=\"https:\/\/www.radiopiu.net\/wordpress\/wp-content\/uploads\/2022\/12\/orazio-andrich-anticipazione-servizio.mp3\">https:\/\/www.radiopiu.net\/wordpress\/wp-content\/uploads\/2022\/12\/orazio-andrich-anticipazione-servizio.mp3<\/a><\/audio>\n<p>&nbsp;<\/p>\n<p><iframe loading=\"lazy\" title=\"PREGETTO BIOCOLALP SAN TOMASO 2022\" width=\"1200\" height=\"675\" src=\"https:\/\/www.youtube.com\/embed\/4dSoaEttc7U?feature=oembed\" frameborder=\"0\" allow=\"accelerometer; autoplay; clipboard-write; encrypted-media; gyroscope; picture-in-picture; web-share\" allowfullscreen><\/iframe><\/p>\n<p>&nbsp;<\/p>\n<hr \/>\n<p>&nbsp;<\/p>\n<blockquote>\n<h3>ACCESSI IN CRESCITA ALLO IAT DI BELLUNO<\/h3>\n<\/blockquote>\n<p><strong>BELLUNO<\/strong> Archiviato con successo il mese di dicembre 2022. Le presenze allo Iat di Belluno hanno superato quelle del 2021, riavvicinandosi ai numeri pre pandemia. Sono stati infatti 432 gli accessi al punto informativo all\u2019ingresso delle scale mobili di Lambioi lato piazza Duomo, contro i 323 del 2021 e i 147 del 2020. Positivo anche l\u2019avvio del nuovo anno, tra il primo e il 10 gennaio, infatti, sono stati registrati 122 accessi con picco nella giornata di luned\u00ec 2. <em>\u201cNumeri che speriamo proseguano anche nel prossimo periodo \u2013 commenta il sindaco, Oscar De Pellegrin -, il Nevegal fa da traino, in tanti chiedono per gli skipass a dimostrazione di come la montagna dei bellunesi a pochi chilometri dal centro storico sia un\u2019attrattiva imprescindibile per chi raggiunge il nostro territorio, in ogni stagione\u201d.<\/em><\/p>\n<p><strong>L&#8217;ASSESSORE AL TURISMO PAOLO LUCIANI<\/strong><\/p>\n<p><iframe loading=\"lazy\" title=\"PAOLO LUCIANI\" width=\"1200\" height=\"675\" src=\"https:\/\/www.youtube.com\/embed\/VFnceq4B37Y?feature=oembed\" frameborder=\"0\" allow=\"accelerometer; autoplay; clipboard-write; encrypted-media; gyroscope; picture-in-picture; web-share\" allowfullscreen><\/iframe><\/p>\n<p>&nbsp;<\/p>\n<hr \/>\n<blockquote>\n<h3><\/h3>\n<h3>ANCHE A SAN VITO PROBLEMI DI CONFERIMENTO DEI RIFIUTI<\/h3>\n<\/blockquote>\n<p><strong>SAN VITO<\/strong> Il problema del conferimento rifiuti nella valle del Boite diventa un problema di immagine per la destinazione turistica Cassonetti che strabordano di sacchetti e di rifiuti, questa \u00e8 l\u2019immagine che gli ospiti di San Vito di Cadore hanno avuto durante le trascorse festivit\u00e0 natalizie. Al di l\u00e0 del disservizio dunque, legato alle difficolt\u00e0 di conferimento, si ravvisa un importante danno di immagine per la destinazione turistica. Su tutte le furie il delegato Confcommercio comunale, Andrea Fiori, che riporta:<em> \u00abSono particolarmente amareggiato, con tutti gli sforzi che gli operatori e l\u2019Amministrazione Comunale compiono e hanno compiuto nel tempo per guadagnare visibilit\u00e0, ci\u00f2 che \u00e8 accaduto in merito al mancato svuotamento e pulizia delle piazzole di conferimento dei rifiuti assimilabili agli urbani, durante le appena trascorse feste natalizie, ha indubbiamente fatto compiere svariati \u201cpassi indietro\u201d alla nostra Cittadina dal punto di vista dell\u2019attrattivit\u00e0 turistica\u00bb.<\/em><\/p>\n<p>&nbsp;<\/p>\n<p>&nbsp;<\/p>\n<hr \/>\n<p>&nbsp;<\/p>\n<blockquote>\n<h3>CRISI IN COMUNE, IL SINDACO &#8220;LA REVOCA DELL&#8217;INCARICO ALLA BORTOLIN NON A NIENTE A CHE FARE CON GLI ORARI SCOLASTICI&#8221;<\/h3>\n<\/blockquote>\n<h2><strong>L&#8217;INTERVENTO<\/strong><\/h2>\n<p><strong>di Ivan Minella, sindaco di Santa Giustina<\/strong><\/p>\n<p align=\"JUSTIFY\"><span style=\"font-family: Arial, serif;\"><strong><a class=\"dt-pswp-item\" href=\"https:\/\/www.radiopiu.net\/wordpress\/wp-content\/uploads\/2021\/06\/th-7.jpg\" data-dt-img-description=\"\" data-large_image_width=\"290\" data-large_image_height=\"163\"><img loading=\"lazy\" decoding=\"async\" class=\"size-full wp-image-215337 alignleft\" src=\"https:\/\/www.radiopiu.net\/wordpress\/wp-content\/uploads\/2021\/06\/th-7.jpg\" alt=\"\" width=\"290\" height=\"163\" \/><\/a>SANTA GIUSTINA\u00a0<\/strong> In merito al decreto di revoca dell\u2019incarico di Vicesindaco e Assessore alle Politiche sociali e Istruzione ad Angela Bortolin,\u00a0 la decisione non \u00e8 nella maniera pi\u00f9 assoluta legata ai nuovi orari scolastici dell\u2019Istituto \u201cG. Rodari\u201d di Santa Giustina, nel quale Consiglio non \u00e8 previsto alcun voto da parte del rappresentante dell\u2019Amministrazione Comunale. <\/span><span style=\"font-family: Arial, serif;\">Non vi \u00e8 infatti nessun riferimento a tale questione nel decreto: si \u00e8 arrivati a questa decisione per il \u201cvenir meno del rapporto di collaborazione e di concordia tra i componenti della Giunta Comunale\u201d che \u201crende problematico e gravoso perseguire gli obiettivi programmatici\u201d. Si ribadisce che ci\u00f2 non scalfisce l\u2019immagine della ex Vicesindaco che in tanti anni ha dimostrato impegno, competenza e forte legame con la comunit\u00e0 di Santa Giustina per la quale ha lavorato. <\/span><span style=\"font-family: Arial, serif;\">La volont\u00e0 \u00e8 quella di dare continuit\u00e0 all\u2019azione amministrativa con serenit\u00e0 e spirito di collaborazione per portare a termine il mandato dei cittadini fino alle elezioni del prossimo anno: a questo mira la nomina a Vicesindaco di Michela Colotto gi\u00e0 Assessore alla cultura e innovazione (che si occuper\u00e0 anche di istruzione) e quella ad Assessore alle Politiche sociali dell\u2019attuale Consigliere con delega all\u2019 Associazionismo culturale e Politiche giovanili, Sabrina Ebone.<\/span><\/p>\n<p>&nbsp;<\/p>\n<hr \/>\n<p>&nbsp;<\/p>\n<blockquote>\n<h3>RC AUTO, IN REGIONE I BELLUNESI SONO I PIU&#8217; PENALIZZATI<\/h3>\n<\/blockquote>\n<p><strong><a class=\"dt-pswp-item\" href=\"https:\/\/www.radiopiu.net\/wordpress\/wp-content\/uploads\/2023\/01\/Cambio-classe_c-Paolese_lr.jpg\" data-dt-img-description=\"People examining car body damages after car hit\" data-large_image_width=\"639\" data-large_image_height=\"426\"><img loading=\"lazy\" decoding=\"async\" class=\" wp-image-316338 alignleft\" src=\"https:\/\/www.radiopiu.net\/wordpress\/wp-content\/uploads\/2023\/01\/Cambio-classe_c-Paolese_lr-300x200.jpg\" alt=\"\" width=\"278\" height=\"185\" srcset=\"https:\/\/www.radiopiu.net\/wordpress\/wp-content\/uploads\/2023\/01\/Cambio-classe_c-Paolese_lr-300x200.jpg 300w, https:\/\/www.radiopiu.net\/wordpress\/wp-content\/uploads\/2023\/01\/Cambio-classe_c-Paolese_lr.jpg 639w\" sizes=\"auto, (max-width: 278px) 100vw, 278px\" \/><\/a>BELLUNO<\/strong> Per l\u2019osservatorio di <span style=\"color: #0000ff;\">Facile.it<\/span>, sono quasi 71.000 gli automobilisti veneti che nel 2023 si vedranno costretti a pagare di pi\u00f9 per la propria assicurazione auto avendo causato un sinistro con colpa nei 12 mesi precedenti. Se a livello regionale la percentuale \u00e8 pari al 2,52%, in provincia di Belluno il valore sale al 3,62%, il dato pi\u00f9 alto registrato nella regione. Analizzando il campione su base provinciale al primo posto si trova Belluno (3,62%), seguita da Vicenza (2,81%), Treviso (2,73%), Venezia (2,66%) e Verona (2,59%). Chiudono la classifica Padova (1,99%) e Rovigo, area veneta dove in percentuale sono stati denunciati alle assicurazioni meno sinistri con colpa (1,92%). Brutte notizie anche per gli automobilisti virtuosi dal momento che, negli ultimi 12 mesi, le tariffe delle polizze auto sono tornate a crescere; a dicembre 2022 per assicurare un veicolo a quattro ruote a Belluno e provincia occorrevano, in media, 327,90 euro, vale a dire l\u20191,4% in pi\u00f9 rispetto a dicembre 2021.<\/p>\n<p>&nbsp;<\/p>\n<p>&nbsp;<\/p>\n<hr \/>\n<p>&nbsp;<\/p>\n<blockquote>\n<h3>RISULTATI POSITIVI PER IL PROGETTO &#8220;DIVENTA RICCO IN POCHE ORE&#8221;<\/h3>\n<\/blockquote>\n<p><strong>BELLUNO<\/strong> Tempo di primi bilanci per l&#8217;iniziativa \u201cDiventa ricco in poche ore\u201d, promossa dal Comitato d&#8217;Intesa di Belluno per reclutare nuovi volontari per le associazioni del territorio. A poco pi\u00f9 di un mese dall&#8217;avvio della campagna, i risultati sono gi\u00e0 positivi.<\/p>\n<p><strong>di Daniele Dalvit<\/strong><\/p>\n<audio class=\"wp-audio-shortcode\" id=\"audio-316286-10\" preload=\"none\" style=\"width: 100%;\" controls=\"controls\"><source type=\"audio\/mpeg\" src=\"https:\/\/www.radiopiu.net\/wordpress\/wp-content\/uploads\/2023\/01\/DALVIT-COMITATO-DINTESA.mp3?_=10\" \/><a href=\"https:\/\/www.radiopiu.net\/wordpress\/wp-content\/uploads\/2023\/01\/DALVIT-COMITATO-DINTESA.mp3\">https:\/\/www.radiopiu.net\/wordpress\/wp-content\/uploads\/2023\/01\/DALVIT-COMITATO-DINTESA.mp3<\/a><\/audio>\n<p>&nbsp;<\/p>\n<p><strong>ELISA ROLDO, RESPONSABILE DEL PROGETTO<\/strong><\/p>\n<p><iframe loading=\"lazy\" title=\"COMITATI D&#039;INTESA &quot;DIVENTA RICCO IN POCHE ORE&quot;\" width=\"1200\" height=\"675\" src=\"https:\/\/www.youtube.com\/embed\/R0dWldALKhc?feature=oembed\" frameborder=\"0\" allow=\"accelerometer; autoplay; clipboard-write; encrypted-media; gyroscope; picture-in-picture; web-share\" allowfullscreen><\/iframe><\/p>\n<p>&nbsp;<\/p>\n<hr \/>\n<p>&nbsp;<\/p>\n<blockquote>\n<h3>ESCURSIONISMO INVERNALE, AUTOSOCCORSO IN VALANGA<\/h3>\n<\/blockquote>\n<p><img loading=\"lazy\" decoding=\"async\" class=\"alignleft\" src=\"https:\/\/www.radiopiu.net\/wordpress\/wp-content\/uploads\/2023\/01\/Immagine1.jpg\" width=\"301\" height=\"226\" \/><strong>AGORDO<\/strong> La sezione agordina del Club Alpino Italiano ha organizzato una giornata didattica base per l&#8217;escursionismo invernale con esercitazione, conoscenza e uso dell&#8217;Artva e dei materiali di autosoccorso in valanga. Sabato 14 gennaio ritrovo alle 8.30 presso la sede (Municipio), successivo spostamento sul campo di esercitazione individuato in base alle condizioni di innevamento e meteo. Pranzo al sacco. Responsabile Antonello Cibien, Dario Dell&#8217;Osbel e Anna Magro. Informazioni al 380 6983040<\/p>\n<blockquote><p><em>La recente nuova Normativa prevede nelle uscite invernali in ambiente innevato (scialpinismo\u00a0e\u00a0 racchette da neve), l\u2019uso obbligatorio di apparecchiature ARTVA a tutti i soggetti\u00a0praticanti. Cercheremo in questa giornata dedicata, di far conoscere questo importantissimo\u00a0strumento per la ricerca dei travolti in valanga, quale mezzo indispensabile ed\u00a0immediato per salvare e salvarsi la vita. Conoscere e capire \u00e8 la prerogativa fondamentale\u00a0per affrontare con consapevolezza gli itinerari spesso sottovalutati, dagli insidiosi pericoli\u00a0che la montagna pu\u00f2 celare nel periodo invernale.<\/em><\/p><\/blockquote>\n<p>&nbsp;<\/p>\n<p>&nbsp;<\/p>\n<hr \/>\n<p>&nbsp;<\/p>\n<p><a class=\"dt-pswp-item\" href=\"https:\/\/www.radiopiu.net\/wordpress\/wp-content\/uploads\/2023\/01\/f357cc9c-828e-4d9b-9ff4-ec3efed24d74.jpg\" data-dt-img-description=\"\" data-large_image_width=\"724\" data-large_image_height=\"1024\"><img loading=\"lazy\" decoding=\"async\" class=\"wp-image-315069 alignleft\" src=\"https:\/\/www.radiopiu.net\/wordpress\/wp-content\/uploads\/2023\/01\/f357cc9c-828e-4d9b-9ff4-ec3efed24d74.jpg\" alt=\"\" width=\"140\" height=\"198\" srcset=\"https:\/\/www.radiopiu.net\/wordpress\/wp-content\/uploads\/2023\/01\/f357cc9c-828e-4d9b-9ff4-ec3efed24d74.jpg 724w, https:\/\/www.radiopiu.net\/wordpress\/wp-content\/uploads\/2023\/01\/f357cc9c-828e-4d9b-9ff4-ec3efed24d74-212x300.jpg 212w\" sizes=\"auto, (max-width: 140px) 100vw, 140px\" \/><\/a><\/p>\n<h1><span style=\"color: #ff00ff;\">AGORDINO IN FERMENTO&#8230;AGORDINO IN MOVIMENTO\u00a0<\/span><\/h1>\n<blockquote><p><span style=\"color: #ff0000;\"><strong>A CARNEVALE&#8230; EL CARNEVAL DE LE VAI&#8230;DA SELVA DI CADORE A CANALE D&#8217;AGORDO, DA RIVAMONTE A LASTE E SOTTOGUDA. TRADIZIONE, CULTURLA E SPETTACOLO\u00a0 L&#8217;INCONTRO ALLA RADIO CON GLI ORGANIZZATORI<\/strong><\/span><\/p><\/blockquote>\n<p>&nbsp;<\/p>\n<p>&nbsp;<\/p>\n<p><iframe loading=\"lazy\" title=\"CARNEVAI DE LE VAI L&#039;INTERVISTA AI PROTAGONISTI\" width=\"1200\" height=\"675\" src=\"https:\/\/www.youtube.com\/embed\/w-vtgGV1TuM?feature=oembed\" frameborder=\"0\" allow=\"accelerometer; autoplay; clipboard-write; encrypted-media; gyroscope; picture-in-picture; web-share\" allowfullscreen><\/iframe><\/p>\n<p>&nbsp;<\/p>\n<hr \/>\n<p>&nbsp;<\/p>\n<blockquote>\n<h3>OPEN DAY ALLA SCUOLA DELL&#8217;INFANZIA<\/h3>\n<\/blockquote>\n<p><strong>AGORDO<\/strong> Venerdi 20 gennaio dalle 15.30 alle 17.30 sar\u00e0 possibile visitare la scuola dell&#8217;infanzia di Agordo. Info 0437 62261, www.scuolamaternaagordo.it<\/p>\n<p>&nbsp;<\/p>\n<hr \/>\n<blockquote>\n<h3><\/h3>\n<h3>BUZZATI E LIMANA<\/h3>\n<\/blockquote>\n<p><strong>LIMANA<\/strong> Martedi alle 20 in sala Nocivelli (Biblioteca comunale saranno presentate la nuove indagini d&#8217;archivio &#8220;Buzzati e il territorio di Limana&#8221; con Orazio De Toffol e Isabella Pilo<\/p>\n<p>&nbsp;<\/p>\n<p>&nbsp;<\/p>\n<hr \/>\n<p>&nbsp;<\/p>\n<blockquote>\n<h3>IL LIBRO DI ERMINIO MAZZUCCO<\/h3>\n<\/blockquote>\n<p><strong>LIMANA<\/strong> lI Comune\u00a0 presenta il libro\u00a0 &#8220;IL VOLTO ARTISTICO DEL POTERE&#8221; di Erminio Mazzucco. Oggi alle 20.30 nella Sala Luigi Nocivelli di Via Ruggero Fiabane n. 3,\u00a0 ingresso dietro la Biblioteca Comunale<\/p>\n<p>&nbsp;<\/p>\n<hr \/>\n<p>&nbsp;<\/p>\n<blockquote>\n<h3>LA SECONDA SERATA DEDICATA AI CICLOVIAGGI<\/h3>\n<\/blockquote>\n<p><strong>FELTRE <\/strong>Sabato 21 gennaio, alle ore 20.45 in Sala Bianchi a Belluno, ci sar\u00e0 la seconda serata che FIAB Belluno dedica ai cicloviaggi. Nostra ospite sar\u00e0 Raffaella Bonomi che, in solitaria e in tenda ha pedalato lungo tutta l&#8217;Italia, alla ricerca delle sue &#8220;Radici&#8221;. Oltre mille chilometri da superare in 18 giorni e tutti in bicicletta + tenda in solitaria, come se la sua due ruote fosse \u00abun pennarello\u00bb per tracciare un collegamento tra Nord e Sud, tra Lombardia e Basilicata, tra Lumezzane e Grumento Nova, in provincia di Potenza. \u00c8 la nuova avventura dalla cicloviaggiatrice Raffaella Bonomi, 32 anni, partita per raggiungere la citt\u00e0 Lucana che ha dato i natali alla madre, dove \u00e8 stata accolta con una grande festa.<\/p>\n<p>&nbsp;<\/p>\n<p>&nbsp;<\/p>\n<hr \/>\n<p>&nbsp;<\/p>\n<blockquote>\n<h3>DIALOGHI POP ALLA BIBLIOTECA DI BELLUNO<\/h3>\n<\/blockquote>\n<p><strong><a class=\"dt-pswp-item\" href=\"https:\/\/www.radiopiu.net\/wordpress\/wp-content\/uploads\/2023\/01\/Dialoghi-POP.jpg\" data-dt-img-description=\"\" data-large_image_width=\"1165\" data-large_image_height=\"780\"><img loading=\"lazy\" decoding=\"async\" class=\" wp-image-316425 alignleft\" src=\"https:\/\/www.radiopiu.net\/wordpress\/wp-content\/uploads\/2023\/01\/Dialoghi-POP-300x201.jpg\" alt=\"\" width=\"164\" height=\"110\" srcset=\"https:\/\/www.radiopiu.net\/wordpress\/wp-content\/uploads\/2023\/01\/Dialoghi-POP-300x201.jpg 300w, https:\/\/www.radiopiu.net\/wordpress\/wp-content\/uploads\/2023\/01\/Dialoghi-POP-1024x686.jpg 1024w, https:\/\/www.radiopiu.net\/wordpress\/wp-content\/uploads\/2023\/01\/Dialoghi-POP-768x514.jpg 768w, https:\/\/www.radiopiu.net\/wordpress\/wp-content\/uploads\/2023\/01\/Dialoghi-POP.jpg 1165w\" sizes=\"auto, (max-width: 164px) 100vw, 164px\" \/><\/a>BELLUNO<\/strong> La Biblioteca civica di Belluno si apre ai giovani, costituendo un gruppo di discussione, aperto alla libera partecipazione, condotto da Rachele Corcione, 23 anni, volontaria del servizio civile, e Eric Dal Piva, 23 anni, volontario. L\u2019intento e\u0300 quello di offrire uno spazio nel quale i giovani vengano stimolati a esprimere la propria opinione e ad argomentarla. La partecipazione sara\u0300 attiva, condividendo le proprie idee, fornendo cosi\u0300 ulteriori spunti di riflessione. Gli incontri sono rivolti ai giovani di eta\u0300 compresa tra i 15 e i 35 anni. Il primo incontro oggi nella sede provvisoria della Biblioteca Civica di Belluno, a palazzo Bembo dalle ore 16.00 alle ore 17.00. La partecipazione e\u0300 libera e aperta a tutti, previa prenotazione a biblioteca@comune.belluno.it o 0437913303<\/p>\n<p>&nbsp;<\/p>\n<p>&nbsp;<\/p>\n<hr \/>\n<p>&nbsp;<\/p>\n<blockquote>\n<h3>APERTE LE ISCRIZIONI PER LA SCUOLA DI CANTO DE LE MUSE E LE DOLOMITI<\/h3>\n<\/blockquote>\n<p><strong><a class=\"dt-pswp-item\" href=\"https:\/\/www.radiopiu.net\/wordpress\/wp-content\/uploads\/2022\/07\/LE-MUSE.png\" data-dt-img-description=\"\" data-large_image_width=\"750\" data-large_image_height=\"750\"><img loading=\"lazy\" decoding=\"async\" class=\" wp-image-288787 alignleft\" src=\"https:\/\/www.radiopiu.net\/wordpress\/wp-content\/uploads\/2022\/07\/LE-MUSE-300x300.png\" alt=\"\" width=\"145\" height=\"145\" srcset=\"https:\/\/www.radiopiu.net\/wordpress\/wp-content\/uploads\/2022\/07\/LE-MUSE-300x300.png 300w, https:\/\/www.radiopiu.net\/wordpress\/wp-content\/uploads\/2022\/07\/LE-MUSE-150x150.png 150w, https:\/\/www.radiopiu.net\/wordpress\/wp-content\/uploads\/2022\/07\/LE-MUSE.png 750w\" sizes=\"auto, (max-width: 145px) 100vw, 145px\" \/><\/a>FALCADE<\/strong><\/p>\n<p>di Gianni Santomaso<\/p>\n<audio class=\"wp-audio-shortcode\" id=\"audio-316286-11\" preload=\"none\" style=\"width: 100%;\" controls=\"controls\"><source type=\"audio\/mpeg\" src=\"https:\/\/www.radiopiu.net\/wordpress\/wp-content\/uploads\/2023\/01\/GIANNI-APERTE-LE-ISCRIZIONI-PER-LA-SCUOLA-DI-CANTO-DE-LE-MUSE-E-LE-DOLOMITI.mp3?_=11\" \/><a href=\"https:\/\/www.radiopiu.net\/wordpress\/wp-content\/uploads\/2023\/01\/GIANNI-APERTE-LE-ISCRIZIONI-PER-LA-SCUOLA-DI-CANTO-DE-LE-MUSE-E-LE-DOLOMITI.mp3\">https:\/\/www.radiopiu.net\/wordpress\/wp-content\/uploads\/2023\/01\/GIANNI-APERTE-LE-ISCRIZIONI-PER-LA-SCUOLA-DI-CANTO-DE-LE-MUSE-E-LE-DOLOMITI.mp3<\/a><\/audio>\n<p>&nbsp;<\/p>\n<hr \/>\n<div class=\"column\">\n<h1><span style=\"color: #ff00ff;\">\u00a0<\/span><\/h1>\n<h1><span style=\"color: #ff00ff;\">AGORDINO IN FERMENTO&#8230;AGORDINO IN MOVIMENTO\u00a0<\/span><\/h1>\n<div class=\"column\">\n<p style=\"text-align: left;\"><strong><a class=\"dt-pswp-item\" href=\"https:\/\/www.radiopiu.net\/wordpress\/wp-content\/uploads\/2023\/01\/CASPARETHA_page-0001.jpg\" data-dt-img-description=\"\" data-large_image_width=\"886\" data-large_image_height=\"632\"><img loading=\"lazy\" decoding=\"async\" class=\" wp-image-315112 alignleft\" src=\"https:\/\/www.radiopiu.net\/wordpress\/wp-content\/uploads\/2023\/01\/CASPARETHA_page-0001-300x214.jpg\" alt=\"\" width=\"243\" height=\"173\" srcset=\"https:\/\/www.radiopiu.net\/wordpress\/wp-content\/uploads\/2023\/01\/CASPARETHA_page-0001-300x214.jpg 300w, https:\/\/www.radiopiu.net\/wordpress\/wp-content\/uploads\/2023\/01\/CASPARETHA_page-0001-768x548.jpg 768w, https:\/\/www.radiopiu.net\/wordpress\/wp-content\/uploads\/2023\/01\/CASPARETHA_page-0001.jpg 886w\" sizes=\"auto, (max-width: 243px) 100vw, 243px\" \/><\/a>CANALE D&#8217;AGORDO<\/strong> Sabato 4 febbraio \u00e8 in programma la Casparetha 2023, camminata competitiva e non in notturna con racchette da neve su tracciato di circa 5 km.<\/p>\n<p><strong>di Gianni Santomaso<\/strong><\/p>\n<audio class=\"wp-audio-shortcode\" id=\"audio-316286-12\" preload=\"none\" style=\"width: 100%;\" controls=\"controls\"><source type=\"audio\/mpeg\" src=\"https:\/\/www.radiopiu.net\/wordpress\/wp-content\/uploads\/2023\/01\/GIANNI-CASPARETHA.mp3?_=12\" \/><a href=\"https:\/\/www.radiopiu.net\/wordpress\/wp-content\/uploads\/2023\/01\/GIANNI-CASPARETHA.mp3\">https:\/\/www.radiopiu.net\/wordpress\/wp-content\/uploads\/2023\/01\/GIANNI-CASPARETHA.mp3<\/a><\/audio>\n<p>&nbsp;<\/p>\n<hr \/>\n<\/div>\n<\/div>\n<p>&nbsp;<\/p>\n<blockquote>\n<h3>QUANDO IL FISICO AMERICANO WIEGAND FECE VISITA ALLA CAPANNA DEI RAGGI COSMICI AI PIEDI DELLA MARMOLADA<\/h3>\n<\/blockquote>\n<p><strong><a class=\"dt-pswp-item\" href=\"https:\/\/www.radiopiu.net\/wordpress\/wp-content\/uploads\/2023\/01\/324146698_1173682693333678_7994734374348765068_n.jpg\" data-dt-img-description=\"\" data-large_image_width=\"340\" data-large_image_height=\"234\"><img loading=\"lazy\" decoding=\"async\" class=\" wp-image-316442 alignleft\" src=\"https:\/\/www.radiopiu.net\/wordpress\/wp-content\/uploads\/2023\/01\/324146698_1173682693333678_7994734374348765068_n-300x206.jpg\" alt=\"\" width=\"183\" height=\"126\" srcset=\"https:\/\/www.radiopiu.net\/wordpress\/wp-content\/uploads\/2023\/01\/324146698_1173682693333678_7994734374348765068_n-300x206.jpg 300w, https:\/\/www.radiopiu.net\/wordpress\/wp-content\/uploads\/2023\/01\/324146698_1173682693333678_7994734374348765068_n.jpg 340w\" sizes=\"auto, (max-width: 183px) 100vw, 183px\" \/><\/a>REDAZIONE<\/strong> Pubblichiamo un post interessante tratto dalla pagina Facebook Dolomitici! dove si parla della visita al Passo Fedaia di Clyde E. Wiegand, il fisico americano che contribu\u00ec allo sviluppo della bomba atomica. Wiegand fece visita alla capanna dei raggi cosmici ai piedi della Marmolada al passo Fedaia.<\/p>\n<p><strong>IL POST DI IVANO DE PELLEGRINI<\/strong><\/p>\n<p class=\"x1e56ztr\"><span class=\"x193iq5w xeuugli x13faqbe x1vvkbs xlh3980 xvmahel x1n0sxbx x6prxxf xvq8zen xo1l8bm xzsf02u\">Oggi al passo Fedaia resiste la capanna dei raggi cosmici, costruita negli anni \u201950, che ospit\u00f2 esperimenti rilevanti per studiare le particelle elementari. Questo laboratorio dell\u2019Universit\u00e0 di Padova fu visitato da scienziati famosi di tutto il mondo, a volte in incognito. Vi lavorarono alcune promesse della fisica italiana: Pietro Bassi, Marcello Cresti, futuro rettore dell\u2019Ateneo patavino, Luciano Guerriero, primo presidente dell\u2019Agenzia Spaziale Italiana, tanto per fare alcuni nomi. Fu frequentata anche da celebri premi Nobel: Blackett, Powell e Fermi, che amava passare le vacanze nelle Dolomiti come Edoardo Amaldi e altri grandi fisici di quei tempi. Tutti si innamorano di quella capanna che di l\u00ec a qualche anno, con la costruzione degli acceleratori, sarebbe stata abbandonata per sempre. E che oggi, nel pi\u00f9 solenne silenzio, viene solo sfiorata distrattamente dai turisti, ignari di trovarsi innanzi ad un luogo in cui la scienza si \u00e8 fatta storia. <\/span><span class=\"x193iq5w xeuugli x13faqbe x1vvkbs xlh3980 xvmahel x1n0sxbx x6prxxf xvq8zen xo1l8bm xzsf02u\">Autunno 1956. \u2013<a class=\"dt-pswp-item\" href=\"https:\/\/www.radiopiu.net\/wordpress\/wp-content\/uploads\/2023\/01\/324303183_3463732553861313_5965402141103564516_n.jpg\" data-dt-img-description=\"\" data-large_image_width=\"380\" data-large_image_height=\"542\"><img loading=\"lazy\" decoding=\"async\" class=\" wp-image-316443 alignright\" src=\"https:\/\/www.radiopiu.net\/wordpress\/wp-content\/uploads\/2023\/01\/324303183_3463732553861313_5965402141103564516_n-210x300.jpg\" alt=\"\" width=\"124\" height=\"177\" srcset=\"https:\/\/www.radiopiu.net\/wordpress\/wp-content\/uploads\/2023\/01\/324303183_3463732553861313_5965402141103564516_n-210x300.jpg 210w, https:\/\/www.radiopiu.net\/wordpress\/wp-content\/uploads\/2023\/01\/324303183_3463732553861313_5965402141103564516_n.jpg 380w\" sizes=\"auto, (max-width: 124px) 100vw, 124px\" \/><\/a>\u201c\u00c8 appena tramontato il sole. Un uomo intirizzito dal freddo, dopo aver risalito i ripidi tornanti da Malga Ciapela, costeggia a piedi, ansimando, il lago artificiale dominato dai ghiacci eterni della Marmolada, la cima pi\u00f9 alta delle Dolomiti. Supera la diga ed entra al Rifugio Castiglioni per chiedere al gestore dove si trovi una certa capanna. \u00abScenda nell\u2019altro versante solo qualche centinaio di metri. Non pu\u00f2 non vederla\u00bb risponde il gestore. \u00c8 questione di qualche minuto. La scorge al limitare del bosco. Si avvicina. Bussa. All\u2019interno prendono paura: \u201cCi allarm\u00f2 un frenetico bussare alla porta: a quell\u2019ora era insolita una visita. Ma questa apparve subito straordinaria: un giramondo, certamente, per la sua bardatura. Un cappellaccio copriva parte della zazzera arricciata, la barba incolta, l\u2019aspetto truce. Era rivestito da un sudicio impermeabile che copriva a malapena una zimarra indossata su un groviglio di maglie policrome. Ci salut\u00f2 in uno stentato italiano, con voce roca seppure giovanile, chiedendo ospitalit\u00e0 per la notte. Risposi che non avevamo letti; ma lui sogghign\u00f2, scaricando a terra un mostruoso sacco a pelo. Poi, e qui il viso gi\u00e0 grinzoso approfond\u00ec le sue rughe, alluse all\u2019incarico di aver partecipato al progetto del detonatore della bomba atomica ed alla sventurata spedizione a Nagasaki, il 9 agosto di cinque anni prima. Da allora non aveva pi\u00f9 avuto pace, n\u00e9 spiritualmente n\u00e9 fisicamente (nel corpo portava le conseguenze della deflagrazione radioattiva)\u201d. <\/span><span class=\"x193iq5w xeuugli x13faqbe x1vvkbs xlh3980 xvmahel x1n0sxbx x6prxxf xvq8zen xo1l8bm xzsf02u\">Quel curioso personaggio in cerca di riparo, non era un escursionista qualsiasi. Era infatti Clyde E. Wiegand nato a Long Beach, Washington il 23 maggio del 1915 grande fisico statunitense, tra i scopritori dell\u2019antiprotone, il cui contributo per la costruzione dell\u2019atomica di Nagasaki era stato tanto decisivo quanto sconvolgente per la sua coscienza. E nemmeno quella capanna era una capanna qualsiasi. Si trattava di un vero e proprio Cern dell\u2019epoca, un laboratorio dell\u2019Universit\u00e0 di <a class=\"dt-pswp-item\" href=\"https:\/\/www.radiopiu.net\/wordpress\/wp-content\/uploads\/2023\/01\/322211575_871804947249886_6203413400114801216_n.jpg\" data-dt-img-description=\"\" data-large_image_width=\"1257\" data-large_image_height=\"960\"><img loading=\"lazy\" decoding=\"async\" class=\" wp-image-316444 alignleft\" src=\"https:\/\/www.radiopiu.net\/wordpress\/wp-content\/uploads\/2023\/01\/322211575_871804947249886_6203413400114801216_n-300x229.jpg\" alt=\"\" width=\"242\" height=\"185\" srcset=\"https:\/\/www.radiopiu.net\/wordpress\/wp-content\/uploads\/2023\/01\/322211575_871804947249886_6203413400114801216_n-300x229.jpg 300w, https:\/\/www.radiopiu.net\/wordpress\/wp-content\/uploads\/2023\/01\/322211575_871804947249886_6203413400114801216_n-1024x782.jpg 1024w, https:\/\/www.radiopiu.net\/wordpress\/wp-content\/uploads\/2023\/01\/322211575_871804947249886_6203413400114801216_n-768x587.jpg 768w, https:\/\/www.radiopiu.net\/wordpress\/wp-content\/uploads\/2023\/01\/322211575_871804947249886_6203413400114801216_n.jpg 1257w\" sizes=\"auto, (max-width: 242px) 100vw, 242px\" \/><\/a>Padova allestito per studiare uno dei pi\u00f9 affascinanti misteri dell\u2019universo: i raggi cosmici. <\/span><span class=\"x193iq5w xeuugli x13faqbe x1vvkbs xlh3980 xvmahel x1n0sxbx x6prxxf xvq8zen xo1l8bm xzsf02u\">Tra coloro che aprirono la porta a Wiegand vi era anche un giovane laureando,<b>\u00a0<\/b>Claudio Manduchi, l\u2019autore del diario da cui \u00e8 stato tratto il racconto di quella notte. Per la cronaca Wiegand, dopo essersi presentato e dopo aver interrogato con nemmeno troppa discrezione i colleghi sui risultati dei loro esperimenti, scomparve all\u2019alba dell\u2019indomani, dopo aver lasciato un biglietto con un\u2019unica parola: \u00abCrazie!\u00bb. <\/span><span class=\"x193iq5w xeuugli x13faqbe x1vvkbs xlh3980 xvmahel x1n0sxbx x6prxxf xvq8zen xo1l8bm xzsf02u\">Il laboratorio del Fedaia, la \u00abcapanna dei fisici\u00bb, venne abbandonato. Ma ancora \u00e8 testimone di un pezzo importante di storia della scienza. Speriamo che i turisti che ci passano accanto conoscano questa storia.<\/span><\/p>\n<p class=\"x1e56ztr\"><strong><span class=\"x193iq5w xeuugli x13faqbe x1vvkbs xlh3980 xvmahel x1n0sxbx x6prxxf xvq8zen xo1l8bm xzsf02u\">Testo estrapolato da Corriere di Verona 19 Luglio 2020<\/span><\/strong><\/p>\n<p class=\"x1e56ztr\"><strong><span class=\"x193iq5w xeuugli x13faqbe x1vvkbs xlh3980 xvmahel x1n0sxbx x6prxxf xvq8zen xo1l8bm xzsf02u\">di Alessandro Tortato<\/span><\/strong><\/p>\n<p>&nbsp;<\/p>\n<p>&nbsp;<\/p>\n<hr \/>\n<p>&nbsp;<\/p>\n<p><iframe loading=\"lazy\" title=\"Radio Pi\u00f9 festeggia i suoi primi 40 anni di attivit\u00e0\" width=\"1200\" height=\"675\" src=\"https:\/\/www.youtube.com\/embed\/6ptB04FauBE?feature=oembed\" frameborder=\"0\" allow=\"accelerometer; autoplay; clipboard-write; encrypted-media; gyroscope; picture-in-picture; web-share\" allowfullscreen><\/iframe><\/p>\n<p>&nbsp;<\/p>\n<p>&nbsp;<\/p>\n<p>&nbsp;<\/p>\n<hr \/>\n<p>&nbsp;<\/p>\n<blockquote>\n<h3>CLAUDIA CAGNATI E IL SUO &#8220;L&#8217;UNIVERSO TRA LE DITA&#8221;<\/h3>\n<\/blockquote>\n<p><strong>REDAZIONE<\/strong> Negli studi di Radio Pi\u00f9 ospite Claudia Cagnati per presentare il suo album &#8220;L&#8217;Universo Tra Le Dita&#8221;<\/p>\n<p><strong>LA DIRETTA RADIO PIU&#8217;<\/strong><\/p>\n<p><iframe loading=\"lazy\" title=\"CLAUDIA CAGNATI A RADIO PIU&#039;\" width=\"1200\" height=\"675\" src=\"https:\/\/www.youtube.com\/embed\/7aT7_kbxSGo?feature=oembed\" frameborder=\"0\" allow=\"accelerometer; autoplay; clipboard-write; encrypted-media; gyroscope; picture-in-picture; web-share\" allowfullscreen><\/iframe><\/p>\n<p>&nbsp;<\/p>\n<hr \/>\n<p>&nbsp;<\/p>\n<blockquote>\n<h2>APPUNTAMENTI &#8211; EVENTI<\/h2>\n<\/blockquote>\n\n\t\t\t<style type='text\/css'>\n\t\t\t\t#gallery-3 {\n\t\t\t\t\tmargin: auto;\n\t\t\t\t}\n\t\t\t\t#gallery-3 .gallery-item {\n\t\t\t\t\tfloat: left;\n\t\t\t\t\tmargin-top: 10px;\n\t\t\t\t\ttext-align: center;\n\t\t\t\t\twidth: 33%;\n\t\t\t\t}\n\t\t\t\t#gallery-3 img {\n\t\t\t\t\tborder: 2px solid #cfcfcf;\n\t\t\t\t}\n\t\t\t\t#gallery-3 .gallery-caption {\n\t\t\t\t\tmargin-left: 0;\n\t\t\t\t}\n\t\t\t\t\/* see gallery_shortcode() in wp-includes\/media.php *\/\n\t\t\t<\/style>\n\t\t<div id='gallery-3' class='dt-gallery-container gallery galleryid-316286 gallery-columns-3 gallery-size-thumbnail'><dl class='gallery-item'>\n\t\t\t\t<dt class='gallery-icon portrait'>\n\t\t\t\t\t<a class=\"rollover rollover-zoom dt-pswp-item\" title=\"34712c4d-1310-4db5-a620-fe6ede9a0848\" data-dt-img-description=\"\" data-large_image_width=\"1131\" data-large_image_height=\"1600\"href='https:\/\/www.radiopiu.net\/wordpress\/wp-content\/uploads\/2023\/01\/34712c4d-1310-4db5-a620-fe6ede9a0848.jpg'><img loading=\"lazy\" decoding=\"async\" width=\"150\" height=\"150\" src=\"https:\/\/www.radiopiu.net\/wordpress\/wp-content\/uploads\/2023\/01\/34712c4d-1310-4db5-a620-fe6ede9a0848-150x150.jpg\" class=\"attachment-thumbnail size-thumbnail\" alt=\"\" aria-describedby=\"gallery-3-316092\" \/><\/a>\n\t\t\t\t<\/dt>\n\t\t\t\t\t<dd class='wp-caption-text gallery-caption' id='gallery-3-316092'>\n\t\t\t\t\tDAL FARRA E BAND IN CONCERTO A LONGARONE\n\t\t\t\t\t<\/dd><\/dl><dl class='gallery-item'>\n\t\t\t\t<dt class='gallery-icon portrait'>\n\t\t\t\t\t<a class=\"rollover rollover-zoom dt-pswp-item\" title=\"323229347_2844929715651064_3411250484413883413_n\" data-dt-img-description=\"\" data-large_image_width=\"724\" data-large_image_height=\"1024\"href='https:\/\/www.radiopiu.net\/wordpress\/wp-content\/uploads\/2023\/01\/323229347_2844929715651064_3411250484413883413_n.jpg'><img loading=\"lazy\" decoding=\"async\" width=\"150\" height=\"150\" src=\"https:\/\/www.radiopiu.net\/wordpress\/wp-content\/uploads\/2023\/01\/323229347_2844929715651064_3411250484413883413_n-150x150.jpg\" class=\"attachment-thumbnail size-thumbnail\" alt=\"\" aria-describedby=\"gallery-3-316095\" \/><\/a>\n\t\t\t\t<\/dt>\n\t\t\t\t\t<dd class='wp-caption-text gallery-caption' id='gallery-3-316095'>\n\t\t\t\t\tSAN BASTIAN, PATRONO DI FALCADE\n\t\t\t\t\t<\/dd><\/dl><dl class='gallery-item'>\n\t\t\t\t<dt class='gallery-icon portrait'>\n\t\t\t\t\t<a class=\"rollover rollover-zoom dt-pswp-item\" title=\"323705541_1631039457354113_1450674556092689641_n\" data-dt-img-description=\"\" data-large_image_width=\"1546\" data-large_image_height=\"2048\"href='https:\/\/www.radiopiu.net\/wordpress\/wp-content\/uploads\/2023\/01\/323705541_1631039457354113_1450674556092689641_n-1.jpg'><img loading=\"lazy\" decoding=\"async\" width=\"150\" height=\"150\" src=\"https:\/\/www.radiopiu.net\/wordpress\/wp-content\/uploads\/2023\/01\/323705541_1631039457354113_1450674556092689641_n-1-150x150.jpg\" class=\"attachment-thumbnail size-thumbnail\" alt=\"\" aria-describedby=\"gallery-3-316096\" \/><\/a>\n\t\t\t\t<\/dt>\n\t\t\t\t\t<dd class='wp-caption-text gallery-caption' id='gallery-3-316096'>\n\t\t\t\t\tLE IMMAGINI D&#8217;EPOCA\n\t\t\t\t\t<\/dd><\/dl><br style=\"clear: both\" \/>\n\t\t\t<\/div>\n\n<p>&nbsp;<\/p>\n<hr \/>\n<p>&nbsp;<\/p>\n<div>\n<div class=\"b654a4as d2edcug0\">\n<div class=\"rq0escxv hkbzh7o3 jwdofwj8 n8tt0mok r8blr3vg hyh9befq\">\n<p><a class=\"dt-pswp-item\" href=\"https:\/\/www.radiopiu.net\/wordpress\/wp-content\/uploads\/2020\/10\/pp.jpg\" data-dt-img-description=\"\" data-large_image_width=\"640\" data-large_image_height=\"640\"><img loading=\"lazy\" decoding=\"async\" class=\"wp-image-163678 alignleft\" src=\"https:\/\/www.radiopiu.net\/wordpress\/wp-content\/uploads\/2020\/10\/pp-300x300.jpg\" alt=\"\" width=\"106\" height=\"106\" srcset=\"https:\/\/www.radiopiu.net\/wordpress\/wp-content\/uploads\/2020\/10\/pp-300x300.jpg 300w, https:\/\/www.radiopiu.net\/wordpress\/wp-content\/uploads\/2020\/10\/pp-150x150.jpg 150w, https:\/\/www.radiopiu.net\/wordpress\/wp-content\/uploads\/2020\/10\/pp-125x125.jpg 125w, https:\/\/www.radiopiu.net\/wordpress\/wp-content\/uploads\/2020\/10\/pp-200x200.jpg 200w, https:\/\/www.radiopiu.net\/wordpress\/wp-content\/uploads\/2020\/10\/pp-80x80.jpg 80w, https:\/\/www.radiopiu.net\/wordpress\/wp-content\/uploads\/2020\/10\/pp-480x480.jpg 480w, https:\/\/www.radiopiu.net\/wordpress\/wp-content\/uploads\/2020\/10\/pp.jpg 640w\" sizes=\"auto, (max-width: 106px) 100vw, 106px\" \/><\/a><\/p>\n<\/div>\n<\/div>\n<\/div>\n<div>\n<div class=\"page-title-head hgroup\">\n<div class=\"page-title-head hgroup\">\n<div class=\"b654a4as d2edcug0\">\n<div class=\"j83agx80 btwxx1t3 lhclo0ds hop8lmos nkwizq5d scwd0bx6 roh60bw9\">\n<div class=\"rq0escxv hkbzh7o3 jwdofwj8 n8tt0mok r8blr3vg hyh9befq\">\n<div class=\"do00u71z l9j0dhe7 k4urcfbm\" style=\"text-align: left;\">\n<h2><span style=\"color: #000080;\">DON CESARE, IL PENSIERO DEL GIORNO. ALLA RADIO ALLE 7 DEL MATTINO E ALLE 19.30 DELLA SERA\u00a0<\/span><\/h2>\n<audio class=\"wp-audio-shortcode\" id=\"audio-316286-13\" preload=\"none\" style=\"width: 100%;\" controls=\"controls\"><source type=\"audio\/mpeg\" src=\"https:\/\/www.radiopiu.net\/wordpress\/wp-content\/uploads\/2023\/01\/CESARE-7.mp3?_=13\" \/><a href=\"https:\/\/www.radiopiu.net\/wordpress\/wp-content\/uploads\/2023\/01\/CESARE-7.mp3\">https:\/\/www.radiopiu.net\/wordpress\/wp-content\/uploads\/2023\/01\/CESARE-7.mp3<\/a><\/audio>\n<p>&nbsp;<\/p>\n<p>&nbsp;<\/p>\n<hr \/>\n<\/div>\n<\/div>\n<\/div>\n<\/div>\n<\/div>\n<\/div>\n<\/div>\n<p>&nbsp;<\/p>\n<p>&nbsp;<\/p>\n<h2><span style=\"color: #ff00ff;\">IN VIVO VERSO\u00a0<\/span><\/h2>\n<div dir=\"auto\">\n<div dir=\"auto\">\n<div dir=\"auto\">\n<blockquote>\n<h3>RISVEGLIO di ALDO IORIO<\/h3>\n<\/blockquote>\n<p>AUDIO<\/p>\n<audio class=\"wp-audio-shortcode\" id=\"audio-316286-14\" preload=\"none\" style=\"width: 100%;\" controls=\"controls\"><source type=\"audio\/mpeg\" src=\"https:\/\/www.radiopiu.net\/wordpress\/wp-content\/uploads\/2023\/01\/4ALDO-IORIO-RISVEGLIO-1.mp3?_=14\" \/><a href=\"https:\/\/www.radiopiu.net\/wordpress\/wp-content\/uploads\/2023\/01\/4ALDO-IORIO-RISVEGLIO-1.mp3\">https:\/\/www.radiopiu.net\/wordpress\/wp-content\/uploads\/2023\/01\/4ALDO-IORIO-RISVEGLIO-1.mp3<\/a><\/audio>\n<p>&nbsp;<\/p>\n<p><strong>Aldo Iorio<\/strong><br \/>\n<strong>RISVEGLIO<\/strong><\/p>\n<p><a class=\"dt-pswp-item\" href=\"https:\/\/www.radiopiu.net\/wordpress\/wp-content\/uploads\/2023\/01\/ALDO-IORIO.jpg\" data-dt-img-description=\"\" data-large_image_width=\"2048\" data-large_image_height=\"1536\"><img loading=\"lazy\" decoding=\"async\" class=\"wp-image-316342 alignleft\" src=\"https:\/\/www.radiopiu.net\/wordpress\/wp-content\/uploads\/2023\/01\/ALDO-IORIO-300x225.jpg\" alt=\"\" width=\"167\" height=\"125\" srcset=\"https:\/\/www.radiopiu.net\/wordpress\/wp-content\/uploads\/2023\/01\/ALDO-IORIO-300x225.jpg 300w, https:\/\/www.radiopiu.net\/wordpress\/wp-content\/uploads\/2023\/01\/ALDO-IORIO-1024x768.jpg 1024w, https:\/\/www.radiopiu.net\/wordpress\/wp-content\/uploads\/2023\/01\/ALDO-IORIO-768x576.jpg 768w, https:\/\/www.radiopiu.net\/wordpress\/wp-content\/uploads\/2023\/01\/ALDO-IORIO-1536x1152.jpg 1536w, https:\/\/www.radiopiu.net\/wordpress\/wp-content\/uploads\/2023\/01\/ALDO-IORIO.jpg 2048w\" sizes=\"auto, (max-width: 167px) 100vw, 167px\" \/><\/a>Questa stanza gravida di pensieri,<br \/>\nquesta notte infinita,<br \/>\ncolma di dinieghi e ritrosie,<br \/>\nso ostina a straziarti<br \/>\ndi vuoti silenzi, irrespirabili!<\/p>\n<p>Spalanca la finestra!<br \/>\nE che l&#8217;aria fresca del mattino ti scuota dal lugubre torpore!<br \/>\nLa luce trapassi queste tenere ossa<br \/>\ned il filo leggero e sottile<br \/>\nriprenda a tessere la trama<br \/>\ndella vita, per accompagnarti la&#8217;<br \/>\ndove l&#8217;opera sar\u00e0 compiuta.<\/p>\n<p>LA RACCOLTA COMPLETA<\/p>\n<blockquote class=\"wp-embedded-content\" data-secret=\"pbqDFfN5Zy\"><p><a href=\"https:\/\/www.radiopiu.net\/wordpress\/in-vivo-verso\/\">In Vivo Verso<\/a><\/p><\/blockquote>\n<p><iframe loading=\"lazy\" class=\"wp-embedded-content\" sandbox=\"allow-scripts\" security=\"restricted\" style=\"position: absolute; clip: rect(1px, 1px, 1px, 1px);\" title=\"&#8220;In Vivo Verso&#8221; &#8212; Radio Pi\u00f9\" src=\"https:\/\/www.radiopiu.net\/wordpress\/in-vivo-verso\/embed\/#?secret=bkqsOEsgIu#?secret=pbqDFfN5Zy\" data-secret=\"pbqDFfN5Zy\" width=\"600\" height=\"338\" frameborder=\"0\" marginwidth=\"0\" marginheight=\"0\" scrolling=\"no\"><\/iframe><\/p>\n<hr \/>\n<p>&nbsp;<\/p>\n<blockquote>\n<h1>ALLA RADIO&#8230;.<\/h1>\n<\/blockquote>\n<p><iframe loading=\"lazy\" title=\"EPCENTER CON FRANCESCO ZILLIO &quot;REPONSABILITA&#039; IN CAMPO AZIENDALE PER GLI INTERVENTI ELETTRICI&quot;\" width=\"1200\" height=\"675\" src=\"https:\/\/www.youtube.com\/embed\/wUZ5N-eB_cI?feature=oembed\" frameborder=\"0\" allow=\"accelerometer; autoplay; clipboard-write; encrypted-media; gyroscope; picture-in-picture; web-share\" allowfullscreen><\/iframe><\/p>\n<p>&nbsp;<\/p>\n<\/div>\n<\/div>\n<\/div>\n<p>&nbsp;<\/p>\n<hr \/>\n<p>&nbsp;<\/p>\n<blockquote>\n<h3>LA DISCESA DA CRESTA DELLA MUSSAIA &#8211; IL VIDEO<\/h3>\n<\/blockquote>\n<p><strong>REDAZIONE<\/strong> Riceviamo e pubblichiamo un video che ci ha girato Mario de Marco della discesa dalla Cresta della Mussaia sopra Frassen\u00e8 con gli sci d&#8217;alpinismo. Autore del video il fratello di Mario, Fabrizio che \u00e8 maestro di sci.<\/p>\n<div style=\"width: 640px;\" class=\"wp-video\"><video class=\"wp-video-shortcode\" id=\"video-316286-2\" width=\"640\" height=\"352\" preload=\"metadata\" controls=\"controls\"><source type=\"video\/mp4\" src=\"https:\/\/www.radiopiu.net\/wordpress\/wp-content\/uploads\/2023\/01\/WhatsApp-Video-2023-01-11-at-18.15.18.mp4?_=2\" \/><a href=\"https:\/\/www.radiopiu.net\/wordpress\/wp-content\/uploads\/2023\/01\/WhatsApp-Video-2023-01-11-at-18.15.18.mp4\">https:\/\/www.radiopiu.net\/wordpress\/wp-content\/uploads\/2023\/01\/WhatsApp-Video-2023-01-11-at-18.15.18.mp4<\/a><\/video><\/div>\n<p>&nbsp;<\/p>\n<p>&nbsp;<\/p>\n<p>&nbsp;<\/p>\n<hr \/>\n<p>&nbsp;<\/p>\n<blockquote>\n<h3>GOCCE DI FILOSOFIA PUNTATA 224 LISA DE LUCA \u2013 TERZA STAGIONE \u2013<\/h3>\n<\/blockquote>\n<p><strong>AUDIO\u00a0<\/strong><\/p>\n<audio class=\"wp-audio-shortcode\" id=\"audio-316286-15\" preload=\"none\" style=\"width: 100%;\" controls=\"controls\"><source type=\"audio\/mpeg\" src=\"https:\/\/www.radiopiu.net\/wordpress\/wp-content\/uploads\/2023\/01\/FI4-1.mp3?_=15\" \/><a href=\"https:\/\/www.radiopiu.net\/wordpress\/wp-content\/uploads\/2023\/01\/FI4-1.mp3\">https:\/\/www.radiopiu.net\/wordpress\/wp-content\/uploads\/2023\/01\/FI4-1.mp3<\/a><\/audio>\n<p>LA RACCOLTA COMPLETA<\/p>\n<blockquote class=\"wp-embedded-content\" data-secret=\"VlDTiCjc3V\"><p><a href=\"https:\/\/www.radiopiu.net\/wordpress\/gocce-filosofia\/\">Gocce di filosofia,  LA TERZA STAGIONE&#8230; 2023<\/a><\/p><\/blockquote>\n<p><iframe loading=\"lazy\" class=\"wp-embedded-content\" sandbox=\"allow-scripts\" security=\"restricted\" style=\"position: absolute; clip: rect(1px, 1px, 1px, 1px);\" title=\"&#8220;Gocce di filosofia,  LA TERZA STAGIONE&#8230; 2023&#8221; &#8212; Radio Pi\u00f9\" src=\"https:\/\/www.radiopiu.net\/wordpress\/gocce-filosofia\/embed\/#?secret=RjuSFpm50z#?secret=VlDTiCjc3V\" data-secret=\"VlDTiCjc3V\" width=\"600\" height=\"338\" frameborder=\"0\" marginwidth=\"0\" marginheight=\"0\" scrolling=\"no\"><\/iframe><\/p>\n<p>&nbsp;<\/p>\n<hr \/>\n<p>&nbsp;<\/p>\n<div class=\"column\">\n<p><img loading=\"lazy\" decoding=\"async\" class=\"aligncenter wp-image-61954 size-full\" src=\"https:\/\/www.radiopiu.net\/wordpress\/wp-content\/uploads\/2018\/09\/viabilita.jpeg\" sizes=\"auto, (max-width: 800px) 100vw, 800px\" srcset=\"https:\/\/www.radiopiu.net\/wordpress\/wp-content\/uploads\/2018\/09\/viabilita.jpeg 800w, https:\/\/www.radiopiu.net\/wordpress\/wp-content\/uploads\/2018\/09\/viabilita-300x38.jpeg 300w, https:\/\/www.radiopiu.net\/wordpress\/wp-content\/uploads\/2018\/09\/viabilita-768x96.jpeg 768w\" alt=\"\" width=\"800\" height=\"100\" \/><\/p>\n<p>&nbsp;<\/p>\n<p>&nbsp;<\/p>\n<p><strong>AGGIORNAMENTO VENETO STRADE, AGGIORNAMENTO CONTINUO H 24<\/strong><\/p>\n<blockquote class=\"wp-embedded-content\" data-secret=\"wSSQRhTD7T\"><p><a href=\"https:\/\/www.radiopiu.net\/wordpress\/viabilita\/\">viabilita<\/a><\/p><\/blockquote>\n<p><iframe loading=\"lazy\" class=\"wp-embedded-content\" sandbox=\"allow-scripts\" security=\"restricted\" style=\"position: absolute; clip: rect(1px, 1px, 1px, 1px);\" title=\"&#8220;viabilita&#8221; &#8212; Radio Pi\u00f9\" src=\"https:\/\/www.radiopiu.net\/wordpress\/viabilita\/embed\/#?secret=I8xJ41cMJq#?secret=wSSQRhTD7T\" data-secret=\"wSSQRhTD7T\" width=\"600\" height=\"338\" frameborder=\"0\" marginwidth=\"0\" marginheight=\"0\" scrolling=\"no\"><\/iframe><\/p>\n<p>&nbsp;<\/p>\n<p>&nbsp;<\/p>\n<hr \/>\n<p>&nbsp;<\/p>\n<p><a class=\"dt-pswp-item\" href=\"https:\/\/www.radiopiu.net\/wordpress\/wp-content\/uploads\/2018\/09\/WhatsApp-Image-2018-09-20-at-16.04.06.jpeg\" data-dt-img-description=\"\" data-large_image_width=\"800\" data-large_image_height=\"100\"><img loading=\"lazy\" decoding=\"async\" class=\"wp-image-61378 size-full aligncenter\" src=\"https:\/\/www.radiopiu.net\/wordpress\/wp-content\/uploads\/2018\/09\/WhatsApp-Image-2018-09-20-at-16.04.06.jpeg\" alt=\"\" width=\"800\" height=\"100\" srcset=\"https:\/\/www.radiopiu.net\/wordpress\/wp-content\/uploads\/2018\/09\/WhatsApp-Image-2018-09-20-at-16.04.06.jpeg 800w, https:\/\/www.radiopiu.net\/wordpress\/wp-content\/uploads\/2018\/09\/WhatsApp-Image-2018-09-20-at-16.04.06-300x38.jpeg 300w, https:\/\/www.radiopiu.net\/wordpress\/wp-content\/uploads\/2018\/09\/WhatsApp-Image-2018-09-20-at-16.04.06-768x96.jpeg 768w\" sizes=\"auto, (max-width: 800px) 100vw, 800px\" \/><\/a><\/p>\n<p>&nbsp;<\/p>\n<p><center><\/center><center><b>OGGI<\/b><\/center><b>Tempo atteso: <\/b>Al mattino nuvoloso per transito di nubi alte in grado di velare il cielo o di mascherare del tutto il sole. Dal primo pomeriggio rasserenamenti via via pi\u00f9 ampi fino a cielo poco nuvoloso. Nuova avvezione di aria meno fredda in quota, meno avvertita nelle valli.<br \/>\n<b>Precipitazioni: <\/b>Assenti (0%), salvo qualche fiocco sulle cime dolomitiche (10%).<br \/>\n<b>Temperature: <\/b>In generale rialzo in quota, ma ci sar\u00e0 una netta diminuzione serale alle cime pi\u00f9 alte a 3000 m. Nelle valli generalmente stazionarie o in locale calo le minime.<\/p>\n<hr \/>\n<p><center><b>DOMANI<\/b><\/center><b>Tempo atteso: <\/b>Cielo da parzialmente nuvoloso a nuvoloso per nubi medio-alte pi\u00f9 presenti dalle ore centrali e nel pomeriggio. Non escluse locali nebbie mattutine nei fondovalle prealpini.<br \/>\n<b>Precipitazioni: <\/b>Assenti (0%)<br \/>\n<b>Temperature: <\/b>In generale contenuto calo, eccetto stazionariet\u00e0 delle massime nei fondovalle prealpini.<\/p>\n<hr \/>\n<p><center><b>DOMENICA<\/b><\/center>Aumento della nuvolosit\u00e0 fino a cielo coperto e graduale peggioramento del tempo a partire dai settori occidentali nelle ore centrali del giorno, in estensione a tutta la montagna veneta in serata quando aumenter\u00e0 la probabilit\u00e0 di deboli precipitazioni. Il limite pioggia\/neve sar\u00e0 sugli 800\/1000 m su Dolomiti e 900\/1100 m su Prealpi, in calo nella notte. Temperature minime in rialzo a tutte le quote e massime in diminuzione, pi\u00f9 netta nelle valli.<\/p>\n<hr \/>\n<p><center><b>LUNEDI<\/b><\/center>Nella notte e fino al primo mattino perturbato con deboli o moderate precipitazioni diffuse con limite neve in calo fino a fondovalle su Dolomiti e 600\/800 m su Prealpi. In giornata variabilit\u00e0\/instabilit\u00e0 con molte nubi e qualche irregolare e breve schiarita. Verso sera nuovo generale aumento della nuvolosit\u00e0. In questo contesto saranno possibili deboli o debolissime precipitazioni a tratti pi\u00f9 probabili verso sera con limite neve in ulteriore lieve abbassamento. Temperature in generale calo.<\/p>\n<p>&nbsp;<\/p>\n<hr \/>\n<p>&nbsp;<\/p>\n<p><a class=\"dt-pswp-item\" href=\"https:\/\/www.radiopiu.net\/wordpress\/wp-content\/uploads\/2018\/09\/sport.jpg\" data-dt-img-description=\"\" data-large_image_width=\"800\" data-large_image_height=\"100\"><img loading=\"lazy\" decoding=\"async\" class=\"aligncenter wp-image-60761 size-full\" src=\"https:\/\/www.radiopiu.net\/wordpress\/wp-content\/uploads\/2018\/09\/sport.jpg\" alt=\"\" width=\"800\" height=\"100\" srcset=\"https:\/\/www.radiopiu.net\/wordpress\/wp-content\/uploads\/2018\/09\/sport.jpg 800w, https:\/\/www.radiopiu.net\/wordpress\/wp-content\/uploads\/2018\/09\/sport-300x38.jpg 300w, https:\/\/www.radiopiu.net\/wordpress\/wp-content\/uploads\/2018\/09\/sport-768x96.jpg 768w\" sizes=\"auto, (max-width: 800px) 100vw, 800px\" \/><\/a><\/p>\n<p>&nbsp;<\/p>\n<p><strong><span style=\"color: #0000ff;\">SNOWBOARD<\/span><\/strong><\/p>\n<blockquote>\n<h3>LUCIA DALMASSO: &#8220;IN AUSTRIA POTEVA ANDARE MEGLIO&#8221;<\/h3>\n<\/blockquote>\n<p><strong><a href=\"https:\/\/www.radiopiu.net\/wordpress\/wp-content\/uploads\/2021\/12\/dalmasso-luvia-falcade-990x743-1.webp\"><img loading=\"lazy\" decoding=\"async\" class=\" wp-image-247571 alignleft\" src=\"https:\/\/www.radiopiu.net\/wordpress\/wp-content\/uploads\/2021\/12\/dalmasso-luvia-falcade-990x743-1-300x225.webp\" alt=\"\" width=\"149\" height=\"112\" srcset=\"https:\/\/www.radiopiu.net\/wordpress\/wp-content\/uploads\/2021\/12\/dalmasso-luvia-falcade-990x743-1-300x225.webp 300w, https:\/\/www.radiopiu.net\/wordpress\/wp-content\/uploads\/2021\/12\/dalmasso-luvia-falcade-990x743-1-768x576.webp 768w, https:\/\/www.radiopiu.net\/wordpress\/wp-content\/uploads\/2021\/12\/dalmasso-luvia-falcade-990x743-1.webp 990w\" sizes=\"auto, (max-width: 149px) 100vw, 149px\" \/><\/a>di Marco Gaz<\/strong><\/p>\n<p><strong>REDAZIONE <\/strong>Un tredicesimo e un quinto posto per Lucia Dalmasso nell&#8217;ultimo appuntamento in terra austriaca per la Coppa del Mondo di Snowboard. L&#8217;atleta falcadina \u00e8 stata eliminata agli ottavi di finale dello slalom parallelo. Il giorno successivo nella gara a squadre una quinta posizione assieme al suo compagno di squadra Aaron March.<\/p>\n<p><strong>LUCIA DALMASSO<\/strong><\/p>\n<audio class=\"wp-audio-shortcode\" id=\"audio-316286-16\" preload=\"none\" style=\"width: 100%;\" controls=\"controls\"><source type=\"audio\/mpeg\" src=\"https:\/\/www.radiopiu.net\/wordpress\/wp-content\/uploads\/2023\/01\/DALMASSO.mp3?_=16\" \/><a href=\"https:\/\/www.radiopiu.net\/wordpress\/wp-content\/uploads\/2023\/01\/DALMASSO.mp3\">https:\/\/www.radiopiu.net\/wordpress\/wp-content\/uploads\/2023\/01\/DALMASSO.mp3<\/a><\/audio>\n<p>&nbsp;<\/p>\n<hr \/>\n<p>&nbsp;<\/p>\n<p><span style=\"color: #0000ff;\"><strong>HOCKEY SU GHIACCIO<\/strong><\/span><\/p>\n<blockquote>\n<h3>L&#8217;ITALIA FEMMINILE UNDER 18 BATTE ANCHE LA FRANCIA<\/h3>\n<\/blockquote>\n<p class=\"null\"><a class=\"dt-pswp-item\" href=\"https:\/\/www.radiopiu.net\/wordpress\/wp-content\/uploads\/2023\/01\/1b9684ea-0030-b2bb-95ac-2745bf61a1e4.jpg\" data-dt-img-description=\"\" data-large_image_width=\"2000\" data-large_image_height=\"1261\"><img loading=\"lazy\" decoding=\"async\" class=\" wp-image-316436 alignleft\" src=\"https:\/\/www.radiopiu.net\/wordpress\/wp-content\/uploads\/2023\/01\/1b9684ea-0030-b2bb-95ac-2745bf61a1e4-300x189.jpg\" alt=\"\" width=\"180\" height=\"114\" srcset=\"https:\/\/www.radiopiu.net\/wordpress\/wp-content\/uploads\/2023\/01\/1b9684ea-0030-b2bb-95ac-2745bf61a1e4-300x189.jpg 300w, https:\/\/www.radiopiu.net\/wordpress\/wp-content\/uploads\/2023\/01\/1b9684ea-0030-b2bb-95ac-2745bf61a1e4-1024x646.jpg 1024w, https:\/\/www.radiopiu.net\/wordpress\/wp-content\/uploads\/2023\/01\/1b9684ea-0030-b2bb-95ac-2745bf61a1e4-768x484.jpg 768w, https:\/\/www.radiopiu.net\/wordpress\/wp-content\/uploads\/2023\/01\/1b9684ea-0030-b2bb-95ac-2745bf61a1e4-1536x968.jpg 1536w, https:\/\/www.radiopiu.net\/wordpress\/wp-content\/uploads\/2023\/01\/1b9684ea-0030-b2bb-95ac-2745bf61a1e4.jpg 2000w\" sizes=\"auto, (max-width: 180px) 100vw, 180px\" \/><\/a>Terza vittoria su tre partite giocate per la Nazionale femminile U18 ai Mondiali di 1^ Divisione Gruppo A. Le Azzurrine, dopo aver battuto Austria e Norvegia, superano per 2 a 0 anche la Francia, grazie alle reti in powerplay di Laura Lobis (premiata come MVP) e Manuela Heidenberger. Tra i pali shutout per Ilaria Girardi, che ferma tutti i 26 tiri delle avversarie. Con questo successo le ragazze di coach Max Fedrizzi si portano a quota 8 punti, uno in meno della Germania. Proprio oggi alle 13, andr\u00e0 in scena contro le tedesche la fondamentale sfida che vale il primo posto, in attesa poi dell&#8217;ultimo match di domenica contro l&#8217;Ungheria: in palio c&#8217;\u00e8 la promozione in Top Division, riservata alla prima piazzata del gruppo.<\/p>\n<\/div>\n","protected":false},"excerpt":{"rendered":"<p>RADIO PIU INFORMAZIONE il canale su TELEGRAM informazione di prima\u00a0 mano e in tempo reale. iscriviti ed aiutaci a farlo conoscere\u00a0 ISCRIVITI AL NOSTRO CANALE YOUTUBE PER SEGUIRE IN DIRETTA I PRINCIPALI PROGRAMMI DI RADIO PIU&#8217; E LE FUTURE DIRETTE IN ESTERNA. PER ISCRIVERTI CLICCA QUI E PREMI IL TASTO &#8220;Iscriviti&#8221;\u00a0 \u00a0\u00a0 &nbsp; ALLA RADIO&#8230;&hellip;<\/p>\n","protected":false},"author":4,"featured_media":316472,"comment_status":"closed","ping_status":"closed","sticky":false,"template":"","format":"standard","meta":{"_monsterinsights_skip_tracking":false,"_monsterinsights_sitenote_active":false,"_monsterinsights_sitenote_note":"","_monsterinsights_sitenote_category":0,"footnotes":""},"categories":[51,86,49],"tags":[],"class_list":["post-316286","post","type-post","status-publish","format-standard","has-post-thumbnail","hentry","category-evidenza-top","category-gr","category-news-18","category-51","category-86","category-49","description-off"],"img_url":"https:\/\/www.radiopiu.net\/wordpress\/wp-content\/uploads\/2023\/01\/Senza-nome-34.jpg","_links":{"self":[{"href":"https:\/\/www.radiopiu.net\/wordpress\/wp-json\/wp\/v2\/posts\/316286","targetHints":{"allow":["GET"]}}],"collection":[{"href":"https:\/\/www.radiopiu.net\/wordpress\/wp-json\/wp\/v2\/posts"}],"about":[{"href":"https:\/\/www.radiopiu.net\/wordpress\/wp-json\/wp\/v2\/types\/post"}],"author":[{"embeddable":true,"href":"https:\/\/www.radiopiu.net\/wordpress\/wp-json\/wp\/v2\/users\/4"}],"replies":[{"embeddable":true,"href":"https:\/\/www.radiopiu.net\/wordpress\/wp-json\/wp\/v2\/comments?post=316286"}],"version-history":[{"count":0,"href":"https:\/\/www.radiopiu.net\/wordpress\/wp-json\/wp\/v2\/posts\/316286\/revisions"}],"wp:featuredmedia":[{"embeddable":true,"href":"https:\/\/www.radiopiu.net\/wordpress\/wp-json\/wp\/v2\/media\/316472"}],"wp:attachment":[{"href":"https:\/\/www.radiopiu.net\/wordpress\/wp-json\/wp\/v2\/media?parent=316286"}],"wp:term":[{"taxonomy":"category","embeddable":true,"href":"https:\/\/www.radiopiu.net\/wordpress\/wp-json\/wp\/v2\/categories?post=316286"},{"taxonomy":"post_tag","embeddable":true,"href":"https:\/\/www.radiopiu.net\/wordpress\/wp-json\/wp\/v2\/tags?post=316286"}],"curies":[{"name":"wp","href":"https:\/\/api.w.org\/{rel}","templated":true}]}}