{"id":316294,"date":"2023-01-12T05:27:00","date_gmt":"2023-01-12T04:27:00","guid":{"rendered":"https:\/\/www.radiopiu.net\/wordpress\/?p=316294"},"modified":"2023-01-12T08:19:59","modified_gmt":"2023-01-12T07:19:59","slug":"accoltella-il-collega-e-tentato-omicidio","status":"publish","type":"post","link":"https:\/\/www.radiopiu.net\/wordpress\/accoltella-il-collega-e-tentato-omicidio\/","title":{"rendered":"ACCOLTELLA IL COLLEGA: E&#8217; TENTATO OMICIDIO"},"content":{"rendered":"<p><strong>CANALE D&#8217;AGORDO<\/strong><\/p>\n<p><em>OGGI SUL CORRIERE DELLE ALPI, DI GIGI SOSSO\u00a0\u00a0<\/em><\/p>\n<blockquote><p><em>Non si conosce il movente, cio\u00e8 non si capisce cosa possa aver provocato l&#8217;accoltellamento, \u00e8 stata ritrovata l&#8217;arma del delitto: un coltello a serramanico<\/em><\/p><\/blockquote>\n<p><img loading=\"lazy\" decoding=\"async\" class=\"alignleft\" src=\"https:\/\/www.radiopiu.net\/wordpress\/wp-content\/uploads\/2021\/02\/Canale-dAgordo-4.jpeg\" width=\"185\" height=\"139\" \/>Accoltella un collega in hotel a 3 stelle: \u00e8 tentato omicidio. La perizia disposta dal pm Roberta Gallego ha tolto gli ultimi dubbi: per il medico legale Antonello Cirnelli il reato da contestare al dipendente di una struttura ricettiva di Canale d&#8217;Agordo \u00e8 il pi\u00f9 grave.<\/p>\n<p>Il fendente, sferrato dal dipendente stagionale, per motivi ancora tutti da chiarire, avrebbe potuto uccidere. L&#8217;indagato \u00e8 di origine siciliana e, vista anche la gravit\u00e0 dei fatti, si \u00e8 attrezzato con un difensore di sua fiducia: Maria Mursia di Enna. Dopo i fatti del 19 agosto dell&#8217;anno scorso, l&#8217;avvocato d&#8217;ufficio per gli atti urgenti era il bellunese Marco Cason&#8230;\u00a0 La vittima (dipendente stagionale che divideva la camera con l&#8217;aggressore) \u00e8 rimasta gravemente ferita, ha rischiato di perdere la vita ed \u00e8 stata medicata all&#8217;ospedale di Agordo, ma sta meglio.<\/p>\n<p>&nbsp;<\/p>\n<p>&nbsp;<\/p>\n<p>___<\/p>\n","protected":false},"excerpt":{"rendered":"<p>CANALE D&#8217;AGORDO OGGI SUL CORRIERE DELLE ALPI, DI GIGI SOSSO\u00a0\u00a0 Non si conosce il movente, cio\u00e8 non si capisce cosa possa aver provocato l&#8217;accoltellamento, \u00e8 stata ritrovata l&#8217;arma del delitto: un coltello a serramanico Accoltella un collega in hotel a 3 stelle: \u00e8 tentato omicidio. La perizia disposta dal pm Roberta Gallego ha tolto gli&hellip;<\/p>\n","protected":false},"author":4,"featured_media":191343,"comment_status":"closed","ping_status":"closed","sticky":false,"template":"","format":"standard","meta":{"_monsterinsights_skip_tracking":false,"_monsterinsights_sitenote_active":false,"_monsterinsights_sitenote_note":"","_monsterinsights_sitenote_category":0,"footnotes":""},"categories":[51,49],"tags":[],"class_list":["post-316294","post","type-post","status-publish","format-standard","has-post-thumbnail","hentry","category-evidenza-top","category-news-18","category-51","category-49","description-off"],"img_url":"https:\/\/www.radiopiu.net\/wordpress\/wp-content\/uploads\/2021\/02\/Canale-dAgordo-4.jpeg","_links":{"self":[{"href":"https:\/\/www.radiopiu.net\/wordpress\/wp-json\/wp\/v2\/posts\/316294","targetHints":{"allow":["GET"]}}],"collection":[{"href":"https:\/\/www.radiopiu.net\/wordpress\/wp-json\/wp\/v2\/posts"}],"about":[{"href":"https:\/\/www.radiopiu.net\/wordpress\/wp-json\/wp\/v2\/types\/post"}],"author":[{"embeddable":true,"href":"https:\/\/www.radiopiu.net\/wordpress\/wp-json\/wp\/v2\/users\/4"}],"replies":[{"embeddable":true,"href":"https:\/\/www.radiopiu.net\/wordpress\/wp-json\/wp\/v2\/comments?post=316294"}],"version-history":[{"count":0,"href":"https:\/\/www.radiopiu.net\/wordpress\/wp-json\/wp\/v2\/posts\/316294\/revisions"}],"wp:featuredmedia":[{"embeddable":true,"href":"https:\/\/www.radiopiu.net\/wordpress\/wp-json\/wp\/v2\/media\/191343"}],"wp:attachment":[{"href":"https:\/\/www.radiopiu.net\/wordpress\/wp-json\/wp\/v2\/media?parent=316294"}],"wp:term":[{"taxonomy":"category","embeddable":true,"href":"https:\/\/www.radiopiu.net\/wordpress\/wp-json\/wp\/v2\/categories?post=316294"},{"taxonomy":"post_tag","embeddable":true,"href":"https:\/\/www.radiopiu.net\/wordpress\/wp-json\/wp\/v2\/tags?post=316294"}],"curies":[{"name":"wp","href":"https:\/\/api.w.org\/{rel}","templated":true}]}}