{"id":316310,"date":"2023-01-12T07:45:18","date_gmt":"2023-01-12T06:45:18","guid":{"rendered":"https:\/\/www.radiopiu.net\/wordpress\/?p=316310"},"modified":"2023-01-12T08:57:17","modified_gmt":"2023-01-12T07:57:17","slug":"ascolta-la-rassegna-stampa-locale-dal-1983-di-mirko-mezzacasa","status":"publish","type":"post","link":"https:\/\/www.radiopiu.net\/wordpress\/ascolta-la-rassegna-stampa-locale-dal-1983-di-mirko-mezzacasa\/","title":{"rendered":"ASCOLTA LA RASSEGNA STAMPA LOCALE, DAL 1983 DI MIRKO MEZZACASA"},"content":{"rendered":"<p><strong>LA VALANGA<\/strong> Ieri pomeriggio sul Nuvolau, maestra di sci sepolta da due metri di neve, ricoverata in gravi condizioni, si salva l&#8217;amico, veneziano d&#8217;origine come lei, che ha allertato i soccorsi alle 16 di ieri pomeriggio. Sul posto due elicotteri.<br \/>\n<strong>LA FERROVIA<\/strong> A complicare la gi\u00e0 difficile situazione dopo il blocco della ferrovia tra Longarone e Calalzo anche una frana dopo Ponte nelle Alpi. Intera tratta chiusa, ci sono i bus sostitutivi.<br \/>\n<strong>SANTA GIUSTINA<\/strong> E&#8217; crisi in Comune, il sindaco Ivan Minella ha mandato a casa la sua vice Angela Bortolin. Forti incomprensioni tra vice e Giunta.<br \/>\n<strong>AGORDO<\/strong> Auto, escavatori e trattori, con i tre milioni dei fondi di area vasta i Comuni si rifanno il parco mezzi.<br \/>\n<strong>SINDACATI<\/strong> Come previsto Denise Casanova \u00e8 a capo della Cgil di Belluno, una vittoria per le donne, ne parliamo alle 10.30 e 1900 con Maria Rita Gentilin in Spi Cgil Belluno, lo spazio quindicinale alla radio.<br \/>\n<strong><span style=\"color: #ff0000;\">CRONACA<\/span> <\/strong>Urta la colonnina del gas con l&#8217;auto, intervento dei vigili del fuoco a Cesiomaggiore; Viso e malleolo fratturati per il 96enne investito a Feltre, non \u00e8 in pericolo di vita; donna longaronese cade con lo snowboard sulle piste di Piancavallo, traumi alle anche; sciatore svizzero soccorso dai Carabinieri sulle piste di Arabba, gli uomini dell&#8217;Arma gli hanno salvato la vita.<br \/>\n<strong><span style=\"color: #ff0000;\">CANALE D&#8217;AGORDO<\/span><\/strong> Accoltella un collega sul posto di lavoro nel ristorante. La perizia conferma: \u00e8 tentato omicidio.<br \/>\n<strong>SEDICO<\/strong> Focolaio di covid in casa di riposo, per almeno 5 giorni struttura chiusa alle visite dei parenti.<br \/>\n<strong>VENEZIA<\/strong>\u00a0 \u201cIl 2022 \u00e8 stato per il Coordinamento Regionale Trapianti del Veneto in assoluto il miglior anno della storia della sanit\u00e0 regionale. Se si tiene conto che il sistema esce da due anni di dura pandemia che ha costretto a limitare le attivit\u00e0, i risultati ottenuti sono davvero sorprendenti<br \/>\n<strong>BELLUNO\u00a0<\/strong> \u00abSolo confusione, si sta generando solo confusione\u00bb cos\u00ec Carlo Buratto, presidente del Sindacato provinciale dei Gestori degli impianti stradali associati a Confcommercio Belluno, commenta la bagarre esplosa in questi giorni sul tema dei prezzi dei carburanti.<br \/>\n<strong>BELLUNO<\/strong> Al via\u00a0 la selezione di 88 nuovi operatori volontari di Servizio Civile Universale sul territorio bellunese. Sette i progetti presentati dall&#8217;Unione Montana Feltrina, in collaborazione con il Comitato d\u2019Intesa di Belluno e il Csv Belluno Treviso.<br \/>\n<strong>BELLUNO<\/strong> Il laboratorio artigianale artistico \u201cIl Cartiere\u201d e le progettualit\u00e0 in area ambientale e agricola a Villa Zuppani sono stati indicati tra le destinazioni per il Servizio Civile Universale 2023 nel Progetto \u00abGiovani di ieri e di oggi\u00bb dell\u2019Unione Montana Feltrina. Con Gianluca Corsetti e Sisto Da Roit ne parliamo domani nel programma &#8220;una finestra sul mondo del volontariato&#8221; alle 10.30 e 1900.<br \/>\n<strong><span style=\"color: #0000ff;\">CLAUDIA CAGNATI E IL SUO &#8220;L&#8217;UNIVERSO TRA LE DITA&#8221; <\/span><\/strong>Negli studi di Radio Pi\u00f9 ospite Claudia Cagnati per presentare il suo album &#8220;L&#8217;Universo Tra Le Dita&#8221;.L&#8217;intervista ieri sera in diretta alla radio, si puo&#8217; riascoltare in podcast.<br \/>\n<span style=\"color: #ff00ff;\">SNOWBOARD<\/span> LUCIA DALMASSO, AD UN PASSO DALLA SEMIFINALE<br \/>\n<span style=\"color: #ff00ff;\">PALLAVOLO<\/span> NEL FINE SETTIMANA LE PRIME PARTITE DEL 2023 PER IL VOLLEY CLUB AGORDINO<\/p>\n<p>&nbsp;<\/p>\n<p><iframe loading=\"lazy\" title=\"RASSEGNA STAMPA LOCALE\" width=\"1200\" height=\"675\" src=\"https:\/\/www.youtube.com\/embed\/nxjQBQJjUrc?feature=oembed\" frameborder=\"0\" allow=\"accelerometer; autoplay; clipboard-write; encrypted-media; gyroscope; picture-in-picture; web-share\" allowfullscreen><\/iframe><\/p>\n<p>&nbsp;<\/p>\n<p>&nbsp;<\/p>\n<hr \/>\n<p>&nbsp;<\/p>\n","protected":false},"excerpt":{"rendered":"<p>LA VALANGA Ieri pomeriggio sul Nuvolau, maestra di sci sepolta da due metri di neve, ricoverata in gravi condizioni, si salva l&#8217;amico, veneziano d&#8217;origine come lei, che ha allertato i soccorsi alle 16 di ieri pomeriggio. Sul posto due elicotteri. LA FERROVIA A complicare la gi\u00e0 difficile situazione dopo il blocco della ferrovia tra Longarone&hellip;<\/p>\n","protected":false},"author":4,"featured_media":316311,"comment_status":"closed","ping_status":"closed","sticky":false,"template":"","format":"standard","meta":{"_monsterinsights_skip_tracking":false,"_monsterinsights_sitenote_active":false,"_monsterinsights_sitenote_note":"","_monsterinsights_sitenote_category":0,"footnotes":""},"categories":[49,142],"tags":[],"class_list":["post-316310","post","type-post","status-publish","format-standard","has-post-thumbnail","hentry","category-news-18","category-rassegna-stampa","category-49","category-142","description-off"],"img_url":"https:\/\/www.radiopiu.net\/wordpress\/wp-content\/uploads\/2023\/01\/Senza-nome-32.jpg","_links":{"self":[{"href":"https:\/\/www.radiopiu.net\/wordpress\/wp-json\/wp\/v2\/posts\/316310","targetHints":{"allow":["GET"]}}],"collection":[{"href":"https:\/\/www.radiopiu.net\/wordpress\/wp-json\/wp\/v2\/posts"}],"about":[{"href":"https:\/\/www.radiopiu.net\/wordpress\/wp-json\/wp\/v2\/types\/post"}],"author":[{"embeddable":true,"href":"https:\/\/www.radiopiu.net\/wordpress\/wp-json\/wp\/v2\/users\/4"}],"replies":[{"embeddable":true,"href":"https:\/\/www.radiopiu.net\/wordpress\/wp-json\/wp\/v2\/comments?post=316310"}],"version-history":[{"count":0,"href":"https:\/\/www.radiopiu.net\/wordpress\/wp-json\/wp\/v2\/posts\/316310\/revisions"}],"wp:featuredmedia":[{"embeddable":true,"href":"https:\/\/www.radiopiu.net\/wordpress\/wp-json\/wp\/v2\/media\/316311"}],"wp:attachment":[{"href":"https:\/\/www.radiopiu.net\/wordpress\/wp-json\/wp\/v2\/media?parent=316310"}],"wp:term":[{"taxonomy":"category","embeddable":true,"href":"https:\/\/www.radiopiu.net\/wordpress\/wp-json\/wp\/v2\/categories?post=316310"},{"taxonomy":"post_tag","embeddable":true,"href":"https:\/\/www.radiopiu.net\/wordpress\/wp-json\/wp\/v2\/tags?post=316310"}],"curies":[{"name":"wp","href":"https:\/\/api.w.org\/{rel}","templated":true}]}}