{"id":316351,"date":"2023-01-12T14:59:58","date_gmt":"2023-01-12T13:59:58","guid":{"rendered":"https:\/\/www.radiopiu.net\/wordpress\/?p=316351"},"modified":"2023-01-13T06:55:10","modified_gmt":"2023-01-13T05:55:10","slug":"crisi-in-comune-il-sindaco-la-revoca-dellincarico-alla-bortolin-non-ha-niente-a-che-fare-con-gli-orari-scolastici","status":"publish","type":"post","link":"https:\/\/www.radiopiu.net\/wordpress\/crisi-in-comune-il-sindaco-la-revoca-dellincarico-alla-bortolin-non-ha-niente-a-che-fare-con-gli-orari-scolastici\/","title":{"rendered":"CRISI IN COMUNE, IL SINDACO &#8220;LA REVOCA DELL&#8217;INCARICO ALLA BORTOLIN NON HA NIENTE A CHE FARE CON GLI ORARI SCOLASTICI&#8221;"},"content":{"rendered":"<p>&nbsp;<\/p>\n<h2><strong>L&#8217;INTERVENTO<\/strong><\/h2>\n<p><strong>di Ivan Minella, sindaco di Santa Giustina<\/strong><\/p>\n<p align=\"JUSTIFY\"><span style=\"font-family: Arial, serif;\"><strong><a class=\"dt-pswp-item\" href=\"https:\/\/www.radiopiu.net\/wordpress\/wp-content\/uploads\/2021\/06\/th-7.jpg\" data-dt-img-description=\"\" data-large_image_width=\"290\" data-large_image_height=\"163\"><img loading=\"lazy\" decoding=\"async\" class=\"size-full wp-image-215337 alignleft\" src=\"https:\/\/www.radiopiu.net\/wordpress\/wp-content\/uploads\/2021\/06\/th-7.jpg\" alt=\"\" width=\"290\" height=\"163\" \/><\/a>SANTA GIUSTINA\u00a0<\/strong> In merito al decreto di revoca dell\u2019incarico di Vicesindaco e Assessore alle Politiche sociali e Istruzione ad Angela Bortolin,\u00a0 la decisione non \u00e8 nella maniera pi\u00f9 assoluta legata ai nuovi orari scolastici dell\u2019Istituto \u201cG. Rodari\u201d di Santa Giustina, nel quale Consiglio non \u00e8 previsto alcun voto da parte del rappresentante dell\u2019Amministrazione Comunale. <\/span><span style=\"font-family: Arial, serif;\">Non vi \u00e8 infatti nessun riferimento a tale questione nel decreto: si \u00e8 arrivati a questa decisione per il \u201cvenir meno del rapporto di collaborazione e di concordia tra i componenti della Giunta Comunale\u201d che \u201crende problematico e gravoso perseguire gli obiettivi programmatici\u201d. Si ribadisce che ci\u00f2 non scalfisce l\u2019immagine della ex Vicesindaco che in tanti anni ha dimostrato impegno, competenza e forte legame con la comunit\u00e0 di Santa Giustina per la quale ha lavorato. <\/span><span style=\"font-family: Arial, serif;\">La volont\u00e0 \u00e8 quella di dare continuit\u00e0 all\u2019azione amministrativa con serenit\u00e0 e spirito di collaborazione per portare a termine il mandato dei cittadini fino alle elezioni del prossimo anno: a questo mira la nomina a Vicesindaco di Michela Colotto gi\u00e0 Assessore alla cultura e innovazione (che si occuper\u00e0 anche di istruzione) e quella ad Assessore alle Politiche sociali dell\u2019attuale Consigliere con delega all\u2019 Associazionismo culturale e Politiche giovanili, Sabrina Ebone.<\/span><\/p>\n<hr \/>\n<p align=\"JUSTIFY\">\n","protected":false},"excerpt":{"rendered":"<p>&nbsp; L&#8217;INTERVENTO di Ivan Minella, sindaco di Santa Giustina SANTA GIUSTINA\u00a0 In merito al decreto di revoca dell\u2019incarico di Vicesindaco e Assessore alle Politiche sociali e Istruzione ad Angela Bortolin,\u00a0 la decisione non \u00e8 nella maniera pi\u00f9 assoluta legata ai nuovi orari scolastici dell\u2019Istituto \u201cG. Rodari\u201d di Santa Giustina, nel quale Consiglio non \u00e8 previsto&hellip;<\/p>\n","protected":false},"author":4,"featured_media":44829,"comment_status":"closed","ping_status":"closed","sticky":false,"template":"","format":"standard","meta":{"_monsterinsights_skip_tracking":false,"_monsterinsights_sitenote_active":false,"_monsterinsights_sitenote_note":"","_monsterinsights_sitenote_category":0,"footnotes":""},"categories":[49],"tags":[],"class_list":["post-316351","post","type-post","status-publish","format-standard","has-post-thumbnail","hentry","category-news-18","category-49","description-off"],"img_url":"https:\/\/www.radiopiu.net\/wordpress\/wp-content\/uploads\/2018\/03\/220px-Municipio_Santa_Giustina.jpg","_links":{"self":[{"href":"https:\/\/www.radiopiu.net\/wordpress\/wp-json\/wp\/v2\/posts\/316351","targetHints":{"allow":["GET"]}}],"collection":[{"href":"https:\/\/www.radiopiu.net\/wordpress\/wp-json\/wp\/v2\/posts"}],"about":[{"href":"https:\/\/www.radiopiu.net\/wordpress\/wp-json\/wp\/v2\/types\/post"}],"author":[{"embeddable":true,"href":"https:\/\/www.radiopiu.net\/wordpress\/wp-json\/wp\/v2\/users\/4"}],"replies":[{"embeddable":true,"href":"https:\/\/www.radiopiu.net\/wordpress\/wp-json\/wp\/v2\/comments?post=316351"}],"version-history":[{"count":0,"href":"https:\/\/www.radiopiu.net\/wordpress\/wp-json\/wp\/v2\/posts\/316351\/revisions"}],"wp:featuredmedia":[{"embeddable":true,"href":"https:\/\/www.radiopiu.net\/wordpress\/wp-json\/wp\/v2\/media\/44829"}],"wp:attachment":[{"href":"https:\/\/www.radiopiu.net\/wordpress\/wp-json\/wp\/v2\/media?parent=316351"}],"wp:term":[{"taxonomy":"category","embeddable":true,"href":"https:\/\/www.radiopiu.net\/wordpress\/wp-json\/wp\/v2\/categories?post=316351"},{"taxonomy":"post_tag","embeddable":true,"href":"https:\/\/www.radiopiu.net\/wordpress\/wp-json\/wp\/v2\/tags?post=316351"}],"curies":[{"name":"wp","href":"https:\/\/api.w.org\/{rel}","templated":true}]}}