{"id":316354,"date":"2023-01-12T15:34:16","date_gmt":"2023-01-12T14:34:16","guid":{"rendered":"https:\/\/www.radiopiu.net\/wordpress\/?p=316354"},"modified":"2023-01-12T15:34:16","modified_gmt":"2023-01-12T14:34:16","slug":"lalba-a-ra-valles-tinge-di-rosa-la-regina-delle-dolomiti-2","status":"publish","type":"post","link":"https:\/\/www.radiopiu.net\/wordpress\/lalba-a-ra-valles-tinge-di-rosa-la-regina-delle-dolomiti-2\/","title":{"rendered":"L\u2019ALBA A RA VALLES TINGE DI ROSA LA REGINA DELLE DOLOMITI"},"content":{"rendered":"<p><strong><a class=\"dt-pswp-item\" href=\"https:\/\/www.radiopiu.net\/wordpress\/wp-content\/uploads\/2023\/01\/ALBA-RA-VALLES.jpg\" data-dt-img-description=\"\" data-large_image_width=\"1108\" data-large_image_height=\"406\"><img loading=\"lazy\" decoding=\"async\" class=\" wp-image-316356 alignleft\" src=\"https:\/\/www.radiopiu.net\/wordpress\/wp-content\/uploads\/2023\/01\/ALBA-RA-VALLES-300x110.jpg\" alt=\"\" width=\"199\" height=\"73\" srcset=\"https:\/\/www.radiopiu.net\/wordpress\/wp-content\/uploads\/2023\/01\/ALBA-RA-VALLES-300x110.jpg 300w, https:\/\/www.radiopiu.net\/wordpress\/wp-content\/uploads\/2023\/01\/ALBA-RA-VALLES-1024x375.jpg 1024w, https:\/\/www.radiopiu.net\/wordpress\/wp-content\/uploads\/2023\/01\/ALBA-RA-VALLES-768x281.jpg 768w, https:\/\/www.radiopiu.net\/wordpress\/wp-content\/uploads\/2023\/01\/ALBA-RA-VALLES.jpg 1108w\" sizes=\"auto, (max-width: 199px) 100vw, 199px\" \/><\/a>CORTINA <\/strong>Il 27 gennaio, l\u201911 e il 18 febbraio 2023, il sogno di raggiungere le vette Ampezzane per primi e disegnare la propria traccia sulle piste battute, diventa realt\u00e0. In collaborazione con Tofana Freccia nel Cielo \u00e8 possibile vivere uno dei momenti pi\u00f9 magici delle Dolomiti: l\u2019alba. Madre Natura \u00e8 in grado di regalare attimi di autentica emozione e grazie alla collaborazione tra la Freccia nel Cielo e Capanna Ra Valles \u00e8 possibile entrare in profondo contatto con l\u2019ambiente circostante, con la magia del paesaggio invernale. Accarezzati dai primi timidi raggi di sole, si ha il privilegio di godere dell\u2019apertura degli impianti anticipata alle ore 7:30, vivere la prima sciata in solitaria a Bus Tofana e concludere l\u2019esperienza al meglio con una ricca colazione dolce e salata, a cura di Capanna Ra Valles. La prenotazione \u00e8 obbligatoria ed \u00e8 possibile riservare il proprio posto chiamando il numero presente sul sito Tofana Freccia nel Cielo o scrivendo a <a href=\"mailto:tofanacortina@freccianelcielo.com\">tofanacortina@freccianelcielo.com<\/a>.<a class=\"dt-pswp-item\" href=\"https:\/\/www.radiopiu.net\/wordpress\/wp-content\/uploads\/2023\/01\/RA-VALLES_5-scaled.jpg\" data-dt-img-description=\"\" data-large_image_width=\"2560\" data-large_image_height=\"1778\"><img loading=\"lazy\" decoding=\"async\" class=\" wp-image-316357 alignright\" src=\"https:\/\/www.radiopiu.net\/wordpress\/wp-content\/uploads\/2023\/01\/RA-VALLES_5-300x208.jpg\" alt=\"\" width=\"185\" height=\"128\" srcset=\"https:\/\/www.radiopiu.net\/wordpress\/wp-content\/uploads\/2023\/01\/RA-VALLES_5-300x208.jpg 300w, https:\/\/www.radiopiu.net\/wordpress\/wp-content\/uploads\/2023\/01\/RA-VALLES_5-1024x711.jpg 1024w, https:\/\/www.radiopiu.net\/wordpress\/wp-content\/uploads\/2023\/01\/RA-VALLES_5-768x533.jpg 768w, https:\/\/www.radiopiu.net\/wordpress\/wp-content\/uploads\/2023\/01\/RA-VALLES_5-1536x1067.jpg 1536w, https:\/\/www.radiopiu.net\/wordpress\/wp-content\/uploads\/2023\/01\/RA-VALLES_5-2048x1423.jpg 2048w\" sizes=\"auto, (max-width: 185px) 100vw, 185px\" \/><\/a> Il programma prevede la partenza da Cortina indicativamente verso le 6:00 dalla cabinovia Freccia nel Cielo in Via Stadio 12 a Cortina d\u2019Ampezzo; il costo dell\u2019evento \u00e8 di \u20ac 50 a persona e comprende la salita, la sciata e la colazione. E per chi desidera deliziare i sensi tutte le mattine, prima di vivere a tutto tondo le montagne ampezzane con gli amici o in famiglia, la novit\u00e0 della stagione invernale firmata Tofana Freccia nel Cielo \u00e8 la possibilit\u00e0 di degustare una colazione dolce e salata tutti i giorni a Ra Valles a partire dalle 08,30\u2026 Le emozioni sono incluse. Per info e prenotazioni eventi: 0436 5052 \u2013 <a href=\"mailto:tofanacortina@freccianelcielo.com\">tofanacortina@freccianelcielo.com<\/a><\/p>\n<p>&nbsp;<\/p>\n<p>&nbsp;<\/p>\n<p>*****<\/p>\n<p>&nbsp;<\/p>\n","protected":false},"excerpt":{"rendered":"<p>CORTINA Il 27 gennaio, l\u201911 e il 18 febbraio 2023, il sogno di raggiungere le vette Ampezzane per primi e disegnare la propria traccia sulle piste battute, diventa realt\u00e0. In collaborazione con Tofana Freccia nel Cielo \u00e8 possibile vivere uno dei momenti pi\u00f9 magici delle Dolomiti: l\u2019alba. Madre Natura \u00e8 in grado di regalare attimi&hellip;<\/p>\n","protected":false},"author":4,"featured_media":316356,"comment_status":"closed","ping_status":"closed","sticky":false,"template":"","format":"standard","meta":{"_monsterinsights_skip_tracking":false,"_monsterinsights_sitenote_active":false,"_monsterinsights_sitenote_note":"","_monsterinsights_sitenote_category":0,"footnotes":""},"categories":[49],"tags":[],"class_list":["post-316354","post","type-post","status-publish","format-standard","has-post-thumbnail","hentry","category-news-18","category-49","description-off"],"img_url":"https:\/\/www.radiopiu.net\/wordpress\/wp-content\/uploads\/2023\/01\/ALBA-RA-VALLES.jpg","_links":{"self":[{"href":"https:\/\/www.radiopiu.net\/wordpress\/wp-json\/wp\/v2\/posts\/316354","targetHints":{"allow":["GET"]}}],"collection":[{"href":"https:\/\/www.radiopiu.net\/wordpress\/wp-json\/wp\/v2\/posts"}],"about":[{"href":"https:\/\/www.radiopiu.net\/wordpress\/wp-json\/wp\/v2\/types\/post"}],"author":[{"embeddable":true,"href":"https:\/\/www.radiopiu.net\/wordpress\/wp-json\/wp\/v2\/users\/4"}],"replies":[{"embeddable":true,"href":"https:\/\/www.radiopiu.net\/wordpress\/wp-json\/wp\/v2\/comments?post=316354"}],"version-history":[{"count":0,"href":"https:\/\/www.radiopiu.net\/wordpress\/wp-json\/wp\/v2\/posts\/316354\/revisions"}],"wp:featuredmedia":[{"embeddable":true,"href":"https:\/\/www.radiopiu.net\/wordpress\/wp-json\/wp\/v2\/media\/316356"}],"wp:attachment":[{"href":"https:\/\/www.radiopiu.net\/wordpress\/wp-json\/wp\/v2\/media?parent=316354"}],"wp:term":[{"taxonomy":"category","embeddable":true,"href":"https:\/\/www.radiopiu.net\/wordpress\/wp-json\/wp\/v2\/categories?post=316354"},{"taxonomy":"post_tag","embeddable":true,"href":"https:\/\/www.radiopiu.net\/wordpress\/wp-json\/wp\/v2\/tags?post=316354"}],"curies":[{"name":"wp","href":"https:\/\/api.w.org\/{rel}","templated":true}]}}