{"id":316359,"date":"2023-01-13T05:10:37","date_gmt":"2023-01-13T04:10:37","guid":{"rendered":"https:\/\/www.radiopiu.net\/wordpress\/?p=316359"},"modified":"2023-01-13T05:55:15","modified_gmt":"2023-01-13T04:55:15","slug":"emergenza-migranti-la-prefettura-convoca-i-sindaci","status":"publish","type":"post","link":"https:\/\/www.radiopiu.net\/wordpress\/emergenza-migranti-la-prefettura-convoca-i-sindaci\/","title":{"rendered":"EMERGENZA MIGRANTI: LA PREFETTURA  CONVOCA I SINDACI"},"content":{"rendered":"<p><strong><a class=\"dt-pswp-item\" href=\"https:\/\/www.radiopiu.net\/wordpress\/wp-content\/uploads\/2020\/04\/PREFETTURA-BELLUNO.jpeg\" data-dt-img-description=\"\" data-large_image_width=\"384\" data-large_image_height=\"384\"><img loading=\"lazy\" decoding=\"async\" class=\" wp-image-133575 alignleft\" src=\"https:\/\/www.radiopiu.net\/wordpress\/wp-content\/uploads\/2020\/04\/PREFETTURA-BELLUNO-300x300.jpeg\" alt=\"\" width=\"157\" height=\"157\" srcset=\"https:\/\/www.radiopiu.net\/wordpress\/wp-content\/uploads\/2020\/04\/PREFETTURA-BELLUNO-300x300.jpeg 300w, https:\/\/www.radiopiu.net\/wordpress\/wp-content\/uploads\/2020\/04\/PREFETTURA-BELLUNO-150x150.jpeg 150w, https:\/\/www.radiopiu.net\/wordpress\/wp-content\/uploads\/2020\/04\/PREFETTURA-BELLUNO.jpeg 384w\" sizes=\"auto, (max-width: 157px) 100vw, 157px\" \/><\/a>BELLUNO <\/strong>Le Amministrazioni di Belluno, Feltre, Borgo Valbelluna, Sedico, Ponte nelle Alpi, Santa Giustina, Alpago e Longarone sono pronte ad accogliere 19 migranti richiedenti asilo. Emerge dalla riunione\u00a0 in Prefettura\u00a0 tra i\u00a0 Sindaci dei 14 Comuni pi\u00f9 popolosi.\u00a0 Il numero sempre alto di arrivi,\u00a0 3438 solo nei primi 4 giorni del 2023, comporta\u00a0 la necessit\u00e0 di una loro distribuzione omogenea su tutto il territorio nazionale. In provincia sia le strutture del Sistema Accoglienza Integrazione (18 posti) che i Centri di Accoglienza Straordinari (127 posti) fanno registrare la completa saturazione. I molteplici tentativi messi in campo dalla Prefettura tramite avvisi pubblici con lo scopo di individuare nuovi soggetti cui affidare la gestione dei contingenti di migranti non hanno dato l\u2019esito sperato visto che le gare sono andate deserte.\u00a0 Nei prossimi giorni sar\u00e0 convocato un tavolo tecnico per la definizione dei contenuti dell\u2019accordo che andr\u00e0 a disciplinare i termini di erogazione dei servizi di accoglienza. I Sindaci hanno espresso la loro preferenza per una gestione che possa essere affidata ad operatori del Terzo settore garantendo al contempo la loro collaborazione nell\u2019individuazione di idonee nuove strutture dove alloggiare i richiedenti asilo. Dal tavolo prefettizio \u00e8 emersa altres\u00ec la volont\u00e0 degli amministratori locali che il coinvolgimento nell\u2019opera di accoglienza non sia riservato esclusivamente ai primi 14 Comuni pi\u00f9 popolosi, ma sia allargato a tutti i 61 Comuni della provincia di Belluno. Se ne riparler\u00e0 quindi in una prossima riunione allargata a tutte le amministrazioni.<\/p>\n<p>&nbsp;<\/p>\n<p>&nbsp;<\/p>\n<p>&nbsp;<\/p>\n<p>&nbsp;<\/p>\n<p>******<\/p>\n","protected":false},"excerpt":{"rendered":"<p>BELLUNO Le Amministrazioni di Belluno, Feltre, Borgo Valbelluna, Sedico, Ponte nelle Alpi, Santa Giustina, Alpago e Longarone sono pronte ad accogliere 19 migranti richiedenti asilo. Emerge dalla riunione\u00a0 in Prefettura\u00a0 tra i\u00a0 Sindaci dei 14 Comuni pi\u00f9 popolosi.\u00a0 Il numero sempre alto di arrivi,\u00a0 3438 solo nei primi 4 giorni del 2023, comporta\u00a0 la necessit\u00e0&hellip;<\/p>\n","protected":false},"author":4,"featured_media":133575,"comment_status":"closed","ping_status":"closed","sticky":false,"template":"","format":"standard","meta":{"_monsterinsights_skip_tracking":false,"_monsterinsights_sitenote_active":false,"_monsterinsights_sitenote_note":"","_monsterinsights_sitenote_category":0,"footnotes":""},"categories":[51,49],"tags":[],"class_list":["post-316359","post","type-post","status-publish","format-standard","has-post-thumbnail","hentry","category-evidenza-top","category-news-18","category-51","category-49","description-off"],"img_url":"https:\/\/www.radiopiu.net\/wordpress\/wp-content\/uploads\/2020\/04\/PREFETTURA-BELLUNO.jpeg","_links":{"self":[{"href":"https:\/\/www.radiopiu.net\/wordpress\/wp-json\/wp\/v2\/posts\/316359","targetHints":{"allow":["GET"]}}],"collection":[{"href":"https:\/\/www.radiopiu.net\/wordpress\/wp-json\/wp\/v2\/posts"}],"about":[{"href":"https:\/\/www.radiopiu.net\/wordpress\/wp-json\/wp\/v2\/types\/post"}],"author":[{"embeddable":true,"href":"https:\/\/www.radiopiu.net\/wordpress\/wp-json\/wp\/v2\/users\/4"}],"replies":[{"embeddable":true,"href":"https:\/\/www.radiopiu.net\/wordpress\/wp-json\/wp\/v2\/comments?post=316359"}],"version-history":[{"count":0,"href":"https:\/\/www.radiopiu.net\/wordpress\/wp-json\/wp\/v2\/posts\/316359\/revisions"}],"wp:featuredmedia":[{"embeddable":true,"href":"https:\/\/www.radiopiu.net\/wordpress\/wp-json\/wp\/v2\/media\/133575"}],"wp:attachment":[{"href":"https:\/\/www.radiopiu.net\/wordpress\/wp-json\/wp\/v2\/media?parent=316359"}],"wp:term":[{"taxonomy":"category","embeddable":true,"href":"https:\/\/www.radiopiu.net\/wordpress\/wp-json\/wp\/v2\/categories?post=316359"},{"taxonomy":"post_tag","embeddable":true,"href":"https:\/\/www.radiopiu.net\/wordpress\/wp-json\/wp\/v2\/tags?post=316359"}],"curies":[{"name":"wp","href":"https:\/\/api.w.org\/{rel}","templated":true}]}}