{"id":316392,"date":"2023-01-13T05:13:50","date_gmt":"2023-01-13T04:13:50","guid":{"rendered":"https:\/\/www.radiopiu.net\/wordpress\/?p=316392"},"modified":"2023-01-13T05:52:55","modified_gmt":"2023-01-13T04:52:55","slug":"316392-2","status":"publish","type":"post","link":"https:\/\/www.radiopiu.net\/wordpress\/316392-2\/","title":{"rendered":"ADDIO CARO BIAGIO, IL VIANDANTE DELLA 203 AGORDINA"},"content":{"rendered":"<p>Se n\u2019\u00e8 andato sereno, circondato dall\u2019affetto di tantissime persone che aveva incontrato per le strade che per tutta la sua esistenza ha percorso, regalando un sorriso o un abbraccio. Cos\u00ec si \u00e8 spento qualche ora fa Biagio Conte, il missionario laico di 59 anni, che ha abbandonato la sua vita fatta di comfort e ricchezze per dedicarsi completamente ai pi\u00f9 poveri, agli emarginati e dare voce agli #animaliabbandonati e maltrattati. L\u2019uomo era da tempo gravemente malato; il #tumorealcolon non gli ha dato scampo.<\/p>\n<p>Lo ricordiamo su questa pagina perche&#8217; alcuni anni fa -il 4 luglio 2017 &#8211; Biagio passo&#8217; nell&#8217;Agordino, lo avevamo raggiunto lungo la regionale 203 agordina e accompagnato per un lungo tratto di strada. Fu un piacere immenso<\/p>\n<p><span class=\"x3nfvp2 x1j61x8r x1fcty0u xdj266r xhhsvwb xat24cr xgzva0m xxymvpz xlup9mm x1kky2od\"><img loading=\"lazy\" decoding=\"async\" src=\"https:\/\/static.xx.fbcdn.net\/images\/emoji.php\/v9\/tde\/1\/16\/1f4f8.png\" alt=\"&#x1f4f8;\" width=\"16\" height=\"16\" \/><\/span> FB: <a class=\"x1i10hfl xjbqb8w x6umtig x1b1mbwd xaqea5y xav7gou x9f619 x1ypdohk xt0psk2 xe8uvvx xdj266r x11i5rnm xat24cr x1mh8g0r xexx8yu x4uap5 x18d9i69 xkhd6sd x16tdsg8 x1hl2dhg xggy1nq x1a2a7pz xt0b8zv x1qq9wsj xo1l8bm\" tabindex=\"0\" role=\"link\" href=\"https:\/\/www.facebook.com\/pacepace.org\/?__cft__[0]=AZWpi3j10Nkk56czKw1zybXQ1mCVdkFltCeAqUDNKzMnC41CjnAVmZruzSolC0wgpGqa7OaSHu1llr-VorQpQt9uEDLiagYvjjafXpFra1yXV7iExEG4glBTjtuWXfAUWYjXW3wlVZX0PkhCdWvY-W3GrK26Sdz7uHaC3vMh62ucKg&amp;__tn__=kK-R\"><span class=\"xt0psk2\">Missione di Speranza e Carit\u00e0<\/span><\/a><\/p>\n<div style=\"width: 848px;\" class=\"wp-video\"><video class=\"wp-video-shortcode\" id=\"video-316392-1\" width=\"848\" height=\"480\" preload=\"metadata\" controls=\"controls\"><source type=\"video\/mp4\" src=\"https:\/\/www.radiopiu.net\/wordpress\/wp-content\/uploads\/2023\/01\/WhatsApp-Video-2023-01-12-at-17.12.16.mp4?_=1\" \/><a href=\"https:\/\/www.radiopiu.net\/wordpress\/wp-content\/uploads\/2023\/01\/WhatsApp-Video-2023-01-12-at-17.12.16.mp4\">https:\/\/www.radiopiu.net\/wordpress\/wp-content\/uploads\/2023\/01\/WhatsApp-Video-2023-01-12-at-17.12.16.mp4<\/a><\/video><\/div>\n<p><span style=\"color: #ff0000;\"><strong>allora scrivevo per il giornale radio principale di RADIOPIU\u00a0<\/strong><\/span><br \/>\n<img loading=\"lazy\" decoding=\"async\" class=\"alignleft\" src=\"https:\/\/www.radiopiu.net\/wordpress\/wp-content\/uploads\/2023\/01\/324669576_481841650772129_4770113814045530772_n-300x300.png\" width=\"256\" height=\"256\" \/>Avvolto in un saio ingrigito dal tempo con sulle spalle una pesante croce in legno, frate Biagio Conte sta attraversando anche la provincia di Belluno oltre al resto d&#8217;Italia. E&#8217; in cammino da un anno e quattro mesi con accanto il fidato fratello Davide, l&#8217;accompagnatore. Ieri i due frati dal longaronese hanno preso la strada per l&#8217;Agordino lungo la regionale 203 Agordina, calpestando l&#8217;asfalto lungo la\u00a0 via dei Papi,\u00a0 o i percorsi turistici tra bosco e fresco. <em>&#8220;Un cammino penitenziale &#8211; dice frate Biagio Conte &#8211; che ci ha portato anche sulla diga del Vajont, ora la m\u00e8ta e il Trentino e l&#8217;Alto Adige poi si vedr\u00e0&#8221;.<\/em><br \/>\nA piedi dunque consumando i sandali, dalla Sicilia al Trentino con la croce in spalla con quale finalit\u00e0?<em> \u201cVoglio portare un messaggio di amore e speranza\u201d.<\/em> Probabilmente ieri nel pomeriggio molti l&#8217;avranno visto con il suo cammino lento ma sicuro. Frate Biagio Conte, 54 anni, siciliano, missonario laico, a Palermo ha fondato la Missione di Speranza e Carit\u00e0 che oggi accoglie persone in difficolt\u00e0, conta varie comunit\u00e0 accogliendo in tutto pi\u00f9 di mille persone secondo i dati forniti dalla stessa missione. Il frate non \u00e8 nuovo a imprese di questo tipo: all\u2019inizio degli anni Novanta si era ritirato a vivere come eremita senza avvisare nessuno al punto che la sua famiglia ne aveva denunciato la scomparsa alla trasmissione televisiva &#8220;Chi l\u2019ha visto?&#8221;. Biagio si era fatto vivo da Assisi, dove era arrivato ovviamente a piedi. <em>&#8220;Sono da pi\u00f9 di un anno in cammino -dice Biagio Conte &#8211; ho gi\u00e0 attraversato 16 regioni, isole comprese. Vedo tutti che corrono, tutti che vanno, ma vedo anche tanta solidariet\u00e0, i cittadini ci portano l&#8217;acqua. Noi a mezzogiorno non mangiamo, perch\u00e9 facciamo penitenza. Mangiamo la sera e soprattutto non chiediamo soldi a nessuno. Comunque non \u00e8 una passeggiata&#8221;. <\/em>Anche ieri lungo la regionale 203 Agordina la gente si fermava per salutare il frate e portare un po&#8217; di incoraggiamento per il lungo viaggio. <em>&#8220;Ricostruiamo questo mondo insieme&#8221;<\/em> \u00e8 il messaggio forte che lancia il missionario laico e aggiunge:<em> &#8220;Uniamo la forza, tutti assieme, qualsiasi sia la religione, ma si unisca a noi anche chi non crede&#8221;.<\/em><br \/>\n<strong>Mirko Mezzacasa<\/strong><\/p>\n<p>&nbsp;<\/p>\n<hr \/>\n<p>&nbsp;<\/p>\n","protected":false},"excerpt":{"rendered":"<p>Se n\u2019\u00e8 andato sereno, circondato dall\u2019affetto di tantissime persone che aveva incontrato per le strade che per tutta la sua esistenza ha percorso, regalando un sorriso o un abbraccio. Cos\u00ec si \u00e8 spento qualche ora fa Biagio Conte, il missionario laico di 59 anni, che ha abbandonato la sua vita fatta di comfort e ricchezze&hellip;<\/p>\n","protected":false},"author":4,"featured_media":316393,"comment_status":"closed","ping_status":"closed","sticky":false,"template":"","format":"standard","meta":{"_monsterinsights_skip_tracking":false,"_monsterinsights_sitenote_active":false,"_monsterinsights_sitenote_note":"","_monsterinsights_sitenote_category":0,"footnotes":""},"categories":[51,49],"tags":[],"class_list":["post-316392","post","type-post","status-publish","format-standard","has-post-thumbnail","hentry","category-evidenza-top","category-news-18","category-51","category-49","description-off"],"img_url":"https:\/\/www.radiopiu.net\/wordpress\/wp-content\/uploads\/2023\/01\/324669576_481841650772129_4770113814045530772_n.png","_links":{"self":[{"href":"https:\/\/www.radiopiu.net\/wordpress\/wp-json\/wp\/v2\/posts\/316392","targetHints":{"allow":["GET"]}}],"collection":[{"href":"https:\/\/www.radiopiu.net\/wordpress\/wp-json\/wp\/v2\/posts"}],"about":[{"href":"https:\/\/www.radiopiu.net\/wordpress\/wp-json\/wp\/v2\/types\/post"}],"author":[{"embeddable":true,"href":"https:\/\/www.radiopiu.net\/wordpress\/wp-json\/wp\/v2\/users\/4"}],"replies":[{"embeddable":true,"href":"https:\/\/www.radiopiu.net\/wordpress\/wp-json\/wp\/v2\/comments?post=316392"}],"version-history":[{"count":0,"href":"https:\/\/www.radiopiu.net\/wordpress\/wp-json\/wp\/v2\/posts\/316392\/revisions"}],"wp:featuredmedia":[{"embeddable":true,"href":"https:\/\/www.radiopiu.net\/wordpress\/wp-json\/wp\/v2\/media\/316393"}],"wp:attachment":[{"href":"https:\/\/www.radiopiu.net\/wordpress\/wp-json\/wp\/v2\/media?parent=316392"}],"wp:term":[{"taxonomy":"category","embeddable":true,"href":"https:\/\/www.radiopiu.net\/wordpress\/wp-json\/wp\/v2\/categories?post=316392"},{"taxonomy":"post_tag","embeddable":true,"href":"https:\/\/www.radiopiu.net\/wordpress\/wp-json\/wp\/v2\/tags?post=316392"}],"curies":[{"name":"wp","href":"https:\/\/api.w.org\/{rel}","templated":true}]}}